{"id":9693,"date":"2011-10-24T07:03:00","date_gmt":"2011-10-24T05:03:00","guid":{"rendered":"https:\/\/gaudiumetspes-blog.pl\/index.php\/2011\/10\/24\/o-usmiercaniu-popedow-ciaa\/"},"modified":"2019-07-31T12:52:43","modified_gmt":"2019-07-31T10:52:43","slug":"o-usmiercaniu-popedow-ciaa","status":"publish","type":"post","link":"https:\/\/gaudiumetspes-blog.pl\/index.php\/2011\/10\/24\/o-usmiercaniu-popedow-ciaa\/","title":{"rendered":"O u\u015bmiercaniu pop\u0119d\u00f3w cia\u0142a&#8230;"},"content":{"rendered":"<p><\/p>\n<div class=\"MsoNormal\" style=\"text-align: justify;\">Szcz\u0119\u015b\u0107 Bo\u017ce! Witam serdecznie i pozdrawiam, \u017cycz\u0105c wszystkim udanego tygodnia. Pami\u0119tajmy o sobie w modlitwie o godzinie 20.00.<\/div>\n<div class=\"MsoNormal\" style=\"text-align: justify;\">&nbsp;&nbsp;&nbsp;&nbsp;&nbsp;&nbsp;&nbsp;&nbsp;&nbsp;&nbsp;&nbsp;&nbsp;&nbsp;&nbsp;&nbsp;&nbsp;&nbsp;&nbsp;&nbsp;&nbsp;&nbsp;&nbsp;&nbsp;&nbsp;&nbsp;&nbsp;&nbsp;&nbsp;&nbsp;&nbsp; Gaudium et spes!&nbsp; Ks. Jacek<b><br \/>\n<\/b><\/div>\n<div class=\"MsoNormal\" style=\"text-align: justify;\">\n<\/div>\n<div class=\"MsoNormal\" style=\"text-align: justify;\"><b>Poniedzia\u0142ek 30 tygodnia zwyk\u0142ego, rok I,<\/b><\/div>\n<p><b style=\"mso-bidi-font-weight: normal;\">do czyta\u0144: &nbsp;Rz 8,12\u201317;&nbsp; \u0141k 13,10\u201317<\/b>  <\/p>\n<div class=\"MsoNormal\" style=\"text-align: justify;\">\n<\/div>\n<div class=\"MsoNormal\" style=\"text-align: justify; text-indent: 35.4pt;\">Zawsze, kiedy czytam ten fragment Ewangelii, zdumiewa mnie \u2013 w sensie negatywnym oczywi\u015bcie \u2013 <b style=\"mso-bidi-font-weight: normal;\">przewrotno\u015b\u0107 i zacietrzewienie prze\u0142o\u017conych \u017cydowskich.<\/b> Oto prze\u0142o\u017cony synagogi nie zachwyci\u0142 si\u0119 faktem cudownego uzdrowienia, w\u0142a\u015bciwie cud na jego oczach dokonany <b style=\"mso-bidi-font-weight: normal;\">w og\u00f3le nie zrobi\u0142 na nim wra\u017cenia,<\/b> natomiast sta\u0142 si\u0119 argumentem do <b style=\"mso-bidi-font-weight: normal;\">kolejnego oskar\u017cenia Jezusa.<\/b> Mo\u017cemy, Kochani, tylko zdumie\u0107 si\u0119, <b style=\"mso-bidi-font-weight: normal;\">jak bardzo cz\u0142owiek mo\u017ce by\u0107 zacietrzewiony w swojej ciasnocie,<\/b> w swojej zawzi\u0119to\u015bci, w swoim z\u0142ym nastawieniu: <b style=\"mso-bidi-font-weight: normal;\">nawet cudowne uzdrowienie nie ma znaczenia!<\/b><\/div>\n<div class=\"MsoNormal\" style=\"text-align: justify; text-indent: 35.4pt;\">A Jezus, dokonuj\u0105c tego, co dokona\u0142, chcia\u0142 jasno pokaza\u0107 i przekona\u0107 nas wszystkich, \u017ce dla niego <b style=\"mso-bidi-font-weight: normal;\">dobro duchowe cz\u0142owieka jest zawsze na pierwszym miejscu. <\/b>Jakkolwiek bowiem dzisiaj jeste\u015bmy \u015bwiadkami uzdrowienia fizycznego, to jednak nie mamy w\u0105tpliwo\u015bci, \u017ce fakt owego pochylenia kobiety do ziemi, o czym m\u00f3wi Ewangelia, oznacza\u0142, \u017ce ona <b style=\"mso-bidi-font-weight: normal;\">nie tylko swym cia\u0142em by\u0142a niejako do tej ziemi przykuta,<\/b> ale ona w ten spos\u00f3b by\u0142a <b style=\"mso-bidi-font-weight: normal;\">pozbawiona jakiej\u015b szerszej perspektywy duchowej.<\/b> <\/div>\n<div class=\"MsoNormal\" style=\"text-align: justify; text-indent: 35.4pt;\">M\u00f3wi\u0105c jeszcze inaczej: to, \u017ce oczami cia\u0142a widzia\u0142a tylko ziemi\u0119, a nie widzia\u0142a nieba, w jaki\u015b spos\u00f3b powodowa\u0142, \u017ce <b style=\"mso-bidi-font-weight: normal;\">jej duch i serce tak\u017ce by\u0142y na sw\u00f3j spos\u00f3b zniewolone, przykute do ziemi.<\/b> Jezus, poprzez fakt uzdrowienia, pozwoli\u0142 jej spojrze\u0107 w Niebo, spojrze\u0107 szerzej, odetchn\u0105\u0107 pe\u0142n\u0105 piersi\u0105. I to w\u0142a\u015bnie nie spodoba\u0142o si\u0119 prze\u0142o\u017conemu synagogi a\u017c tak bardzo! <\/div>\n<div class=\"MsoNormal\" style=\"text-align: justify; text-indent: 35.4pt;\">Jezus zatem spowodowa\u0142, \u017ce niewiasta owa <b style=\"mso-bidi-font-weight: normal;\">ju\u017c nie musia\u0142a \u017cy\u0107 wed\u0142ug cia\u0142a<\/b> \u2013 przed czym dzi\u015b w pierwszym czytaniu ostrzega \u015awi\u0119ty Pawe\u0142 \u2013 zosta\u0142a ona bowiem w jaki\u015b spos\u00f3b z tej niewoli cia\u0142a wyzwolona. <b style=\"mso-bidi-font-weight: normal;\">A na tym bardzo tak\u017ce zyska\u0142 jej duch.<\/b> Natomiast prze\u0142o\u017cony synagogi <b style=\"mso-bidi-font-weight: normal;\">z pewno\u015bci\u0105 \u017cy\u0142 w strasznej niewoli cia\u0142a,<\/b> a mo\u017cemy nawet powiedzie\u0107 \u2013 pos\u0142uguj\u0105c si\u0119 sformu\u0142owaniami Aposto\u0142a Paw\u0142a \u2013 \u017ce <b style=\"mso-bidi-font-weight: normal;\">by\u0142 on ow\u0142adni\u0119ty duchem niewoli, pogr\u0105\u017caj\u0105cej go w boja\u017ani,<\/b> chocia\u017c przecie\u017c m\u00f3g\u0142 i on tak\u017ce otrzyma\u0107 ducha przybrania za syna, aby <b style=\"mso-bidi-font-weight: normal;\">wraz z uzdrowion\u0105 kobiet\u0105 i wszystkimi prawdziwie wierz\u0105cymi w Chrystusa zawo\u0142a\u0107: <i style=\"mso-bidi-font-style: normal;\">Abba<\/i>, <i style=\"mso-bidi-font-style: normal;\">Ojcze<\/i>!<\/b> Niestety, prze\u0142o\u017cony synagogi i wszyscy, my\u015bl\u0105cy podobnie do niego, <b style=\"mso-bidi-font-weight: normal;\">sami pozbawiali si\u0119 tej mo\u017cliwo\u015bci.<\/b> Kobieta za\u015b skorzysta\u0142a z niej w ca\u0142ej pe\u0142ni. <\/div>\n<div class=\"MsoNormal\" style=\"text-align: justify; text-indent: 35.4pt;\">Jak\u017ce nam bardzo trzeba czuwa\u0107, Kochani, <b style=\"mso-bidi-font-weight: normal;\">aby nam nie spowszednia\u0142y wielkie sprawy i dzie\u0142a Bo\u017ce, wielkie cuda przez Pana dokonywane,<\/b> jak chocia\u017cby cud przemiany chleba i wina w Cia\u0142o i Krew Jezusa, czy cud przebaczenia grzech\u00f3w w Sakramencie Pojednania. Jak\u017ce musimy bardzo strzec si\u0119 takiego \u2013 przepraszam za kolokwializm \u2013 <b style=\"mso-bidi-font-weight: normal;\">\u201eotrzaskania si\u0119\u201d z sacrum, takiego swoistego spowszednienia wielkich tajemnic,<\/b> wielkich rzeczy, kt\u00f3rych Pan sam dokonuje. <\/div>\n<div class=\"MsoNormal\" style=\"text-align: justify; text-indent: 35.4pt;\">W\u0142a\u015bnie my, kt\u00f3rzy interesujemy si\u0119 tymi sprawami, kt\u00f3rzy <b style=\"mso-bidi-font-weight: normal;\">cz\u0119\u015bciej mo\u017ce przybywamy na Msz\u0119 \u015awi\u0119t\u0105,<\/b> cz\u0119stszy i wi\u0119kszy kontakt mamy ze Msz\u0105 \u015awi\u0119t\u0105, z ko\u015bcio\u0142em, z modlitw\u0105, z Sakramentami \u2013 w\u0142a\u015bnie my wszyscy mamy czuwa\u0107 nad tym, aby <b style=\"mso-bidi-font-weight: normal;\">coraz bardziej rozpala\u0107 w sobie szczery zachwyt nad tymi tajemnicami,<\/b> a dzi\u0119ki ich coraz gorliwszemu i coraz pobo\u017cniejszemu prze\u017cywaniu \u2013 <b style=\"mso-bidi-font-weight: normal;\">coraz skuteczniej u\u015bmierca\u0107 w sobie pop\u0119dy cia\u0142a i \u017cy\u0107 wed\u0142ug ducha.<\/b><\/div>\n<div class=\"MsoNormal\" style=\"text-align: justify; text-indent: 35.4pt;\">W tym kontek\u015bcie pomy\u015blmy:<\/div>\n<div class=\"MsoNormal\" style=\"margin-left: 36.0pt; mso-list: l0 level1 lfo1; tab-stops: list 36.0pt; text-align: justify; text-indent: -18.0pt;\">\u00b7&nbsp;&nbsp;&nbsp;&nbsp;&nbsp;&nbsp;&nbsp; Czy do ka\u017cdej Mszy \u015awi\u0119tej przygotowuj\u0119 si\u0119 przez modlitw\u0119 i za ka\u017cd\u0105 Msz\u0119 \u015awi\u0119t\u0105 dzi\u0119kuj\u0119 Jezusowi?<\/div>\n<div class=\"MsoNormal\" style=\"margin-left: 36.0pt; mso-list: l0 level1 lfo1; tab-stops: list 36.0pt; text-align: justify; text-indent: -18.0pt;\">\u00b7&nbsp;&nbsp;&nbsp;&nbsp;&nbsp;&nbsp;&nbsp; Czy \u0142aski przebaczenia grzech\u00f3w w Sakramencie Pokuty nie traktuj\u0119 jako czego\u015b, co jest oczywiste i co mi si\u0119 nale\u017cy?<\/div>\n<div class=\"MsoNormal\" style=\"margin-left: 36.0pt; mso-list: l0 level1 lfo1; tab-stops: list 36.0pt; text-align: justify; text-indent: -18.0pt;\">\u00b7&nbsp;&nbsp;&nbsp;&nbsp;&nbsp;&nbsp;&nbsp; Czy nie zazdroszcz\u0119 innym \u0142aski Bo\u017cej, dar\u00f3w Bo\u017cych czy jakich\u015b pozytywnych do\u015bwiadcze\u0144 w ich \u017cyciu?<\/div>\n<div class=\"MsoNormal\" style=\"text-align: justify;\">\n<\/div>\n<div class=\"MsoNormal\" style=\"text-align: justify;\"><b style=\"mso-bidi-font-weight: normal;\"><i style=\"mso-bidi-font-style: normal;\">Je\u017celi b\u0119dziecie \u017cyli wed\u0142ug cia\u0142a, czeka was \u015bmier\u0107. Je\u017celi za\u015b przy pomocy ducha u\u015bmierca\u0107 b\u0119dziecie pop\u0119dy cia\u0142a, b\u0119dziecie \u017cyli<\/i><\/b>.<\/div>\n<div class=\"MsoNormal\">\n<\/div>\n","protected":false},"excerpt":{"rendered":"<p>Szcz\u0119\u015b\u0107 Bo\u017ce! Witam serdecznie i pozdrawiam, \u017cycz\u0105c wszystkim udanego tygodnia. Pami\u0119tajmy o sobie w modlitwie o godzinie 20.00. &nbsp;&nbsp;&nbsp;&nbsp;&nbsp;&nbsp;&nbsp;&nbsp;&nbsp;&nbsp;&nbsp;&nbsp;&nbsp;&nbsp;&nbsp;&nbsp;&nbsp;&nbsp;&nbsp;&nbsp;&nbsp;&nbsp;&nbsp;&nbsp;&nbsp;&nbsp;&nbsp;&nbsp;&nbsp;&nbsp; Gaudium et spes!&nbsp; Ks. Jacek Poniedzia\u0142ek 30 tygodnia zwyk\u0142ego, rok I, do czyta\u0144: &nbsp;Rz 8,12\u201317;&nbsp; \u0141k 13,10\u201317 Zawsze, kiedy czytam ten fragment Ewangelii, zdumiewa mnie \u2013 w sensie negatywnym oczywi\u015bcie \u2013 przewrotno\u015b\u0107 i zacietrzewienie prze\u0142o\u017conych \u017cydowskich. [&hellip;]<\/p>\n","protected":false},"author":1,"featured_media":0,"comment_status":"open","ping_status":"open","sticky":false,"template":"","format":"standard","meta":{"jetpack_post_was_ever_published":false,"_jetpack_newsletter_access":"","_jetpack_dont_email_post_to_subs":false,"_jetpack_newsletter_tier_id":0,"_jetpack_memberships_contains_paywalled_content":false,"_jetpack_memberships_contains_paid_content":false,"footnotes":""},"categories":[1],"tags":[],"class_list":["post-9693","post","type-post","status-publish","format-standard","hentry","category-bez-kategorii"],"yoast_head":"<!-- This site is optimized with the Yoast SEO plugin v25.1 - https:\/\/yoast.com\/wordpress\/plugins\/seo\/ -->\n<title>O u\u015bmiercaniu pop\u0119d\u00f3w cia\u0142a... - Gaudium Et Spes<\/title>\n<meta name=\"robots\" content=\"index, follow, max-snippet:-1, max-image-preview:large, max-video-preview:-1\" \/>\n<link rel=\"canonical\" href=\"https:\/\/gaudiumetspes-blog.pl\/index.php\/2011\/10\/24\/o-usmiercaniu-popedow-ciaa\/\" \/>\n<meta property=\"og:locale\" content=\"pl_PL\" \/>\n<meta property=\"og:type\" content=\"article\" \/>\n<meta property=\"og:title\" content=\"O u\u015bmiercaniu pop\u0119d\u00f3w cia\u0142a... - Gaudium Et Spes\" \/>\n<meta property=\"og:description\" content=\"Szcz\u0119\u015b\u0107 Bo\u017ce! Witam serdecznie i pozdrawiam, \u017cycz\u0105c wszystkim udanego tygodnia. Pami\u0119tajmy o sobie w modlitwie o godzinie 20.00. &nbsp;&nbsp;&nbsp;&nbsp;&nbsp;&nbsp;&nbsp;&nbsp;&nbsp;&nbsp;&nbsp;&nbsp;&nbsp;&nbsp;&nbsp;&nbsp;&nbsp;&nbsp;&nbsp;&nbsp;&nbsp;&nbsp;&nbsp;&nbsp;&nbsp;&nbsp;&nbsp;&nbsp;&nbsp;&nbsp; Gaudium et spes!&nbsp; Ks. Jacek Poniedzia\u0142ek 30 tygodnia zwyk\u0142ego, rok I, do czyta\u0144: &nbsp;Rz 8,12\u201317;&nbsp; \u0141k 13,10\u201317 Zawsze, kiedy czytam ten fragment Ewangelii, zdumiewa mnie \u2013 w sensie negatywnym oczywi\u015bcie \u2013 przewrotno\u015b\u0107 i zacietrzewienie prze\u0142o\u017conych \u017cydowskich. [&hellip;]\" \/>\n<meta property=\"og:url\" content=\"https:\/\/gaudiumetspes-blog.pl\/index.php\/2011\/10\/24\/o-usmiercaniu-popedow-ciaa\/\" \/>\n<meta property=\"og:site_name\" content=\"Gaudium Et Spes\" \/>\n<meta property=\"article:published_time\" content=\"2011-10-24T05:03:00+00:00\" \/>\n<meta property=\"article:modified_time\" content=\"2019-07-31T10:52:43+00:00\" \/>\n<meta name=\"author\" content=\"Ks. Jacek\" \/>\n<meta name=\"twitter:card\" content=\"summary_large_image\" \/>\n<meta name=\"twitter:label1\" content=\"Napisane przez\" \/>\n\t<meta name=\"twitter:data1\" content=\"Ks. Jacek\" \/>\n\t<meta name=\"twitter:label2\" content=\"Szacowany czas czytania\" \/>\n\t<meta name=\"twitter:data2\" content=\"4 minuty\" \/>\n<script type=\"application\/ld+json\" class=\"yoast-schema-graph\">{\"@context\":\"https:\/\/schema.org\",\"@graph\":[{\"@type\":\"WebPage\",\"@id\":\"https:\/\/gaudiumetspes-blog.pl\/index.php\/2011\/10\/24\/o-usmiercaniu-popedow-ciaa\/\",\"url\":\"https:\/\/gaudiumetspes-blog.pl\/index.php\/2011\/10\/24\/o-usmiercaniu-popedow-ciaa\/\",\"name\":\"O u\u015bmiercaniu pop\u0119d\u00f3w cia\u0142a... - Gaudium Et Spes\",\"isPartOf\":{\"@id\":\"https:\/\/gaudiumetspes-blog.pl\/#website\"},\"datePublished\":\"2011-10-24T05:03:00+00:00\",\"dateModified\":\"2019-07-31T10:52:43+00:00\",\"author\":{\"@id\":\"https:\/\/gaudiumetspes-blog.pl\/#\/schema\/person\/1661982992b752dea8dff0d4ed845a65\"},\"breadcrumb\":{\"@id\":\"https:\/\/gaudiumetspes-blog.pl\/index.php\/2011\/10\/24\/o-usmiercaniu-popedow-ciaa\/#breadcrumb\"},\"inLanguage\":\"pl-PL\",\"potentialAction\":[{\"@type\":\"ReadAction\",\"target\":[\"https:\/\/gaudiumetspes-blog.pl\/index.php\/2011\/10\/24\/o-usmiercaniu-popedow-ciaa\/\"]}]},{\"@type\":\"BreadcrumbList\",\"@id\":\"https:\/\/gaudiumetspes-blog.pl\/index.php\/2011\/10\/24\/o-usmiercaniu-popedow-ciaa\/#breadcrumb\",\"itemListElement\":[{\"@type\":\"ListItem\",\"position\":1,\"name\":\"Strona g\u0142\u00f3wna\",\"item\":\"https:\/\/gaudiumetspes-blog.pl\/\"},{\"@type\":\"ListItem\",\"position\":2,\"name\":\"O&nbsp;u\u015bmiercaniu pop\u0119d\u00f3w cia\u0142a&#8230;\"}]},{\"@type\":\"WebSite\",\"@id\":\"https:\/\/gaudiumetspes-blog.pl\/#website\",\"url\":\"https:\/\/gaudiumetspes-blog.pl\/\",\"name\":\"Gaudium Et Spes\",\"description\":\"Blog Ks. Jacka Ja\u015bkowskiego\",\"potentialAction\":[{\"@type\":\"SearchAction\",\"target\":{\"@type\":\"EntryPoint\",\"urlTemplate\":\"https:\/\/gaudiumetspes-blog.pl\/?s={search_term_string}\"},\"query-input\":{\"@type\":\"PropertyValueSpecification\",\"valueRequired\":true,\"valueName\":\"search_term_string\"}}],\"inLanguage\":\"pl-PL\"},{\"@type\":\"Person\",\"@id\":\"https:\/\/gaudiumetspes-blog.pl\/#\/schema\/person\/1661982992b752dea8dff0d4ed845a65\",\"name\":\"Ks. Jacek\",\"image\":{\"@type\":\"ImageObject\",\"inLanguage\":\"pl-PL\",\"@id\":\"https:\/\/gaudiumetspes-blog.pl\/#\/schema\/person\/image\/\",\"url\":\"https:\/\/gaudiumetspes-blog.pl\/wp-content\/uploads\/2019\/07\/avatar-JJ-150x150.jpg\",\"contentUrl\":\"https:\/\/gaudiumetspes-blog.pl\/wp-content\/uploads\/2019\/07\/avatar-JJ-150x150.jpg\",\"caption\":\"Ks. Jacek\"},\"description\":\"Witam serdecznie! K\u0142ania si\u0119 Ks. Jacek Ja\u015bkowski. Nie jestem ani kim\u015b wa\u017cnym, ani kim\u015b znanym. Jestem ksi\u0119dzem, kt\u00f3ry po prostu chce rozmawia\u0107. Codzienna kap\u0142a\u0144ska pos\u0142uga pokazuje mi, \u017ce temat\u00f3w do rozm\u00f3w z ksi\u0119dzem jest coraz wi\u0119cej i dzisiaj \u017caden ksi\u0105dz nie mo\u017ce od nich ucieka\u0107, ale - wprost przeciwnie - podejmowa\u0107 nowe wyzwania. To przekonanie sk\u0142oni\u0142o mnie do pr\u00f3by otwarcia tego\u017c bloga, chocia\u017c okazji do rozm\u00f3w na co dzie\u0144 - w konfesjonale i poza nim - na szcz\u0119\u015bcie nie brakuje. My\u015bl\u0119 jednak, \u017ce ten blog b\u0119dzie jeszcze jednym sposobem i przestrzeni\u0105 nawi\u0105zania kontaktu z lud\u017ami dobrej woli, otwartymi na dialog.\",\"url\":\"https:\/\/gaudiumetspes-blog.pl\/index.php\/author\/ks-jacek\/\"}]}<\/script>\n<!-- \/ Yoast SEO plugin. -->","yoast_head_json":{"title":"O u\u015bmiercaniu pop\u0119d\u00f3w cia\u0142a... - Gaudium Et Spes","robots":{"index":"index","follow":"follow","max-snippet":"max-snippet:-1","max-image-preview":"max-image-preview:large","max-video-preview":"max-video-preview:-1"},"canonical":"https:\/\/gaudiumetspes-blog.pl\/index.php\/2011\/10\/24\/o-usmiercaniu-popedow-ciaa\/","og_locale":"pl_PL","og_type":"article","og_title":"O u\u015bmiercaniu pop\u0119d\u00f3w cia\u0142a... - Gaudium Et Spes","og_description":"Szcz\u0119\u015b\u0107 Bo\u017ce! Witam serdecznie i pozdrawiam, \u017cycz\u0105c wszystkim udanego tygodnia. Pami\u0119tajmy o sobie w modlitwie o godzinie 20.00. &nbsp;&nbsp;&nbsp;&nbsp;&nbsp;&nbsp;&nbsp;&nbsp;&nbsp;&nbsp;&nbsp;&nbsp;&nbsp;&nbsp;&nbsp;&nbsp;&nbsp;&nbsp;&nbsp;&nbsp;&nbsp;&nbsp;&nbsp;&nbsp;&nbsp;&nbsp;&nbsp;&nbsp;&nbsp;&nbsp; Gaudium et spes!&nbsp; Ks. Jacek Poniedzia\u0142ek 30 tygodnia zwyk\u0142ego, rok I, do czyta\u0144: &nbsp;Rz 8,12\u201317;&nbsp; \u0141k 13,10\u201317 Zawsze, kiedy czytam ten fragment Ewangelii, zdumiewa mnie \u2013 w sensie negatywnym oczywi\u015bcie \u2013 przewrotno\u015b\u0107 i zacietrzewienie prze\u0142o\u017conych \u017cydowskich. [&hellip;]","og_url":"https:\/\/gaudiumetspes-blog.pl\/index.php\/2011\/10\/24\/o-usmiercaniu-popedow-ciaa\/","og_site_name":"Gaudium Et Spes","article_published_time":"2011-10-24T05:03:00+00:00","article_modified_time":"2019-07-31T10:52:43+00:00","author":"Ks. Jacek","twitter_card":"summary_large_image","twitter_misc":{"Napisane przez":"Ks. Jacek","Szacowany czas czytania":"4 minuty"},"schema":{"@context":"https:\/\/schema.org","@graph":[{"@type":"WebPage","@id":"https:\/\/gaudiumetspes-blog.pl\/index.php\/2011\/10\/24\/o-usmiercaniu-popedow-ciaa\/","url":"https:\/\/gaudiumetspes-blog.pl\/index.php\/2011\/10\/24\/o-usmiercaniu-popedow-ciaa\/","name":"O u\u015bmiercaniu pop\u0119d\u00f3w cia\u0142a... - Gaudium Et Spes","isPartOf":{"@id":"https:\/\/gaudiumetspes-blog.pl\/#website"},"datePublished":"2011-10-24T05:03:00+00:00","dateModified":"2019-07-31T10:52:43+00:00","author":{"@id":"https:\/\/gaudiumetspes-blog.pl\/#\/schema\/person\/1661982992b752dea8dff0d4ed845a65"},"breadcrumb":{"@id":"https:\/\/gaudiumetspes-blog.pl\/index.php\/2011\/10\/24\/o-usmiercaniu-popedow-ciaa\/#breadcrumb"},"inLanguage":"pl-PL","potentialAction":[{"@type":"ReadAction","target":["https:\/\/gaudiumetspes-blog.pl\/index.php\/2011\/10\/24\/o-usmiercaniu-popedow-ciaa\/"]}]},{"@type":"BreadcrumbList","@id":"https:\/\/gaudiumetspes-blog.pl\/index.php\/2011\/10\/24\/o-usmiercaniu-popedow-ciaa\/#breadcrumb","itemListElement":[{"@type":"ListItem","position":1,"name":"Strona g\u0142\u00f3wna","item":"https:\/\/gaudiumetspes-blog.pl\/"},{"@type":"ListItem","position":2,"name":"O&nbsp;u\u015bmiercaniu pop\u0119d\u00f3w cia\u0142a&#8230;"}]},{"@type":"WebSite","@id":"https:\/\/gaudiumetspes-blog.pl\/#website","url":"https:\/\/gaudiumetspes-blog.pl\/","name":"Gaudium Et Spes","description":"Blog Ks. Jacka Ja\u015bkowskiego","potentialAction":[{"@type":"SearchAction","target":{"@type":"EntryPoint","urlTemplate":"https:\/\/gaudiumetspes-blog.pl\/?s={search_term_string}"},"query-input":{"@type":"PropertyValueSpecification","valueRequired":true,"valueName":"search_term_string"}}],"inLanguage":"pl-PL"},{"@type":"Person","@id":"https:\/\/gaudiumetspes-blog.pl\/#\/schema\/person\/1661982992b752dea8dff0d4ed845a65","name":"Ks. Jacek","image":{"@type":"ImageObject","inLanguage":"pl-PL","@id":"https:\/\/gaudiumetspes-blog.pl\/#\/schema\/person\/image\/","url":"https:\/\/gaudiumetspes-blog.pl\/wp-content\/uploads\/2019\/07\/avatar-JJ-150x150.jpg","contentUrl":"https:\/\/gaudiumetspes-blog.pl\/wp-content\/uploads\/2019\/07\/avatar-JJ-150x150.jpg","caption":"Ks. Jacek"},"description":"Witam serdecznie! K\u0142ania si\u0119 Ks. Jacek Ja\u015bkowski. Nie jestem ani kim\u015b wa\u017cnym, ani kim\u015b znanym. Jestem ksi\u0119dzem, kt\u00f3ry po prostu chce rozmawia\u0107. Codzienna kap\u0142a\u0144ska pos\u0142uga pokazuje mi, \u017ce temat\u00f3w do rozm\u00f3w z ksi\u0119dzem jest coraz wi\u0119cej i dzisiaj \u017caden ksi\u0105dz nie mo\u017ce od nich ucieka\u0107, ale - wprost przeciwnie - podejmowa\u0107 nowe wyzwania. To przekonanie sk\u0142oni\u0142o mnie do pr\u00f3by otwarcia tego\u017c bloga, chocia\u017c okazji do rozm\u00f3w na co dzie\u0144 - w konfesjonale i poza nim - na szcz\u0119\u015bcie nie brakuje. My\u015bl\u0119 jednak, \u017ce ten blog b\u0119dzie jeszcze jednym sposobem i przestrzeni\u0105 nawi\u0105zania kontaktu z lud\u017ami dobrej woli, otwartymi na dialog.","url":"https:\/\/gaudiumetspes-blog.pl\/index.php\/author\/ks-jacek\/"}]}},"jetpack_featured_media_url":"","jetpack_sharing_enabled":true,"_links":{"self":[{"href":"https:\/\/gaudiumetspes-blog.pl\/index.php\/wp-json\/wp\/v2\/posts\/9693","targetHints":{"allow":["GET"]}}],"collection":[{"href":"https:\/\/gaudiumetspes-blog.pl\/index.php\/wp-json\/wp\/v2\/posts"}],"about":[{"href":"https:\/\/gaudiumetspes-blog.pl\/index.php\/wp-json\/wp\/v2\/types\/post"}],"author":[{"embeddable":true,"href":"https:\/\/gaudiumetspes-blog.pl\/index.php\/wp-json\/wp\/v2\/users\/1"}],"replies":[{"embeddable":true,"href":"https:\/\/gaudiumetspes-blog.pl\/index.php\/wp-json\/wp\/v2\/comments?post=9693"}],"version-history":[{"count":1,"href":"https:\/\/gaudiumetspes-blog.pl\/index.php\/wp-json\/wp\/v2\/posts\/9693\/revisions"}],"predecessor-version":[{"id":10390,"href":"https:\/\/gaudiumetspes-blog.pl\/index.php\/wp-json\/wp\/v2\/posts\/9693\/revisions\/10390"}],"wp:attachment":[{"href":"https:\/\/gaudiumetspes-blog.pl\/index.php\/wp-json\/wp\/v2\/media?parent=9693"}],"wp:term":[{"taxonomy":"category","embeddable":true,"href":"https:\/\/gaudiumetspes-blog.pl\/index.php\/wp-json\/wp\/v2\/categories?post=9693"},{"taxonomy":"post_tag","embeddable":true,"href":"https:\/\/gaudiumetspes-blog.pl\/index.php\/wp-json\/wp\/v2\/tags?post=9693"}],"curies":[{"name":"wp","href":"https:\/\/api.w.org\/{rel}","templated":true}]}}