{"id":9694,"date":"2011-10-23T04:44:00","date_gmt":"2011-10-23T02:44:00","guid":{"rendered":"https:\/\/gaudiumetspes-blog.pl\/index.php\/2011\/10\/23\/bedziesz-miowa-boga-i-blizniego\/"},"modified":"2019-07-31T12:52:43","modified_gmt":"2019-07-31T10:52:43","slug":"bedziesz-miowa-boga-i-blizniego","status":"publish","type":"post","link":"https:\/\/gaudiumetspes-blog.pl\/index.php\/2011\/10\/23\/bedziesz-miowa-boga-i-blizniego\/","title":{"rendered":"B\u0119dziesz mi\u0142owa\u0142 Boga &#8211; i bli\u017aniego&#8230;"},"content":{"rendered":"<p><\/p>\n<div class=\"MsoNormal\" style=\"text-align: justify;\">Niech b\u0119dzie pochwalony Jezus Chrystus! Kochani, ju\u017c jestem! Wczoraj wr\u00f3ci\u0142em z rekolekcji kap\u0142a\u0144skich, kt\u00f3re prze\u017cywa\u0142em w Kodniu. Zaprawd\u0119, to bardzo dobry czas. I bardzo potrzebny! Szczeg\u00f3lnie b\u0142ogos\u0142awiona by\u0142a cisza i spok\u00f3j &#8211; &#8222;towary&#8221; teraz tak bardzo deficytowe. Bardzo Wam, Kochani, dzi\u0119kuj\u0119 za modlitw\u0119 i towarzyszenie mi sercem w tym czasie. Ja tak\u017ce codziennie du\u017co rozmawia\u0142em z Panem i Jego Matk\u0105 o Was, moich Bliskich, w\u0142\u0105czaj\u0105c wszystkie Wasze sprawy w codzienn\u0105 Msz\u0119 \u015awi\u0119t\u0105, kt\u00f3r\u0105 ofiarowa\u0142em w\u0142a\u015bnie za Przyjaci\u00f3\u0142.&nbsp;<\/div>\n<div class=\"MsoNormal\" style=\"text-align: justify;\"><b>&nbsp;&nbsp;&nbsp;&nbsp;&nbsp;&nbsp;&nbsp;&nbsp; <\/b>Zauwa\u017cy\u0142em natomiast, \u017ce liczba odwiedzin na blogu w tych dniach spad\u0142a o po\u0142ow\u0119. A to ciekawe&#8230; Przeczyta\u0142em wszystkie wpisy, jakie si\u0119 pojawi\u0142y. Bardzo si\u0119 ciesz\u0119, \u017ce do\u0142\u0105czy\u0142 do nas Micha\u0142 Jaworski &#8211; dzi\u0119kuj\u0119 tak\u017ce za jego komentarz.&nbsp;<\/div>\n<div class=\"MsoNormal\" style=\"text-align: justify;\">&nbsp;&nbsp;&nbsp;&nbsp;&nbsp; Kochani, o\u015bmielam si\u0119 prosi\u0107, \u017ceby\u015bcie zechcieli &#8211; je\u017celi nie czytali\u015bcie &#8211; przeczyta\u0107 wczorajsze moje rozwa\u017canie o B\u0142ogos\u0142awionym Janie Pawle II. Nie dlatego, \u017ce moje i \u017ce takie m\u0105dre, ale dlatego, \u017ce w\u0142\u0105czy\u0142em w nie bardzo wa\u017cne tre\u015bci z Beatyfikacji naszego Rodaka: oficjalny \u017cyciorys nowego B\u0142ogos\u0142awionego i fragment fenomenalnej homilii Benedykta XVI. A tak\u017ce &#8211; fragment fantastycznej homilii Jana Paw\u0142a ze Mszy \u015awi\u0119tej inauguruj\u0105cej Pontyfikat Tysi\u0105clecia.&nbsp;<\/div>\n<div class=\"MsoNormal\" style=\"text-align: justify;\"><b>&nbsp;&nbsp;&nbsp;&nbsp;&nbsp;&nbsp; A dzisiaj, Kochani, w mojej Rodzinie wielkie \u015bwi\u0119to: za chwil\u0119 wyje\u017cd\u017cam do Bia\u0142ej Podlaskiej, mojego rodzinnego miasta, aby ochrzci\u0107 moj\u0105 Siostrzenic\u0119, Weronik\u0119, kt\u00f3r\u0105 &#8211; jak pami\u0119tacie &#8211; cieszy\u0142em si\u0119, gdy przysz\u0142a na \u015bwiat. Dzisiaj zostanie w\u0142\u0105czona do Wsp\u00f3lnoty Ko\u015bcio\u0142a. Modl\u0119 si\u0119, aby w tym Ko\u015bciele zawsze wytrwa\u0142a, a Rodzice i Chrzestni, oraz my wszyscy, jej rodzina &#8211; aby\u015bmy zawsze dawali jej przyk\u0142ad \u017cywej wiary.<\/b><\/div>\n<div class=\"MsoNormal\" style=\"text-align: justify;\"><b>&nbsp;&nbsp;&nbsp;&nbsp;&nbsp;&nbsp; <\/b>\u017bycz\u0119 wszystkim, moi Drodzy, wspania\u0142ego Dnia Pa\u0144skiego. A na jego g\u0142\u0119bokie prze\u017cywanie posy\u0142am moje kap\u0142a\u0144skie b\u0142ogos\u0142awie\u0144stwo:<b> Niech Was b\u0142ogos\u0142awi B\u00f3g Wszechmog\u0105cy: Ojciec + i Syn, i Duch \u015awi\u0119ty. Amen<\/b><\/div>\n<div class=\"MsoNormal\" style=\"text-align: justify;\"><b>&nbsp;&nbsp;&nbsp;&nbsp;&nbsp;&nbsp;&nbsp;&nbsp;&nbsp;&nbsp;&nbsp;&nbsp;&nbsp;&nbsp;&nbsp;&nbsp;&nbsp;&nbsp; <\/b>Gaudium et spes!&nbsp; Ks. Jacek<b><br \/>\n<\/b><\/div>\n<div class=\"MsoNormal\" style=\"text-align: justify;\">\n<\/div>\n<div class=\"MsoNormal\" style=\"text-align: justify;\"><b>30 Niedziela Zwyk\u0142a, A,<\/b><\/div>\n<p><b style=\"mso-bidi-font-weight: normal;\">do czyta\u0144:&nbsp; Wj 22,20\u201326;&nbsp; Tes 1,5c\u201310;&nbsp; Mt 22,34\u201340<\/b>  <\/p>\n<div class=\"MsoNormal\" style=\"text-align: justify;\">\n<\/div>\n<div class=\"MsoNormal\" style=\"text-align: justify; text-indent: 35.4pt;\">Odpowiadaj\u0105c na pytanie, postawione dzi\u015b w Ewangelii przez faryzeuszy, Jezus odwo\u0142uje si\u0119 do zapisu zawartego w Ksi\u0119dze Powt\u00f3rzonego Prawa, a <b style=\"mso-bidi-font-weight: normal;\">m\u00f3wi\u0105cego o mi\u0142o\u015bci do Boga;<\/b> oraz do s\u0142\u00f3w z Ksi\u0119gi Kap\u0142a\u0144skiej, traktuj\u0105cych <b style=\"mso-bidi-font-weight: normal;\">o mi\u0142o\u015bci bli\u017aniego.<\/b> Co ciekawe, <b style=\"mso-bidi-font-weight: normal;\">nigdzie w Starym Testamencie te przykazania nie by\u0142y ze sob\u0105 \u0142\u0105czone<\/b> \u2013 \u017cydowscy rabini zawsze przedstawiali je oddzielnie. A oto Jezus <b style=\"mso-bidi-font-weight: normal;\">po\u0142\u0105czy\u0142 je w jedno przykazanie,<\/b> jasno w ten spos\u00f3b wskazuj\u0105c, \u017ce istnieje pomi\u0119dzy nimi bardzo \u015bcis\u0142a zale\u017cno\u015b\u0107: <b style=\"mso-bidi-font-weight: normal;\">je\u017celi nie kocha si\u0119 szczerze Boga, nie mo\u017cna te\u017c kocha\u0107 cz\u0142owieka. I je\u017celi si\u0119 nie kocha cz\u0142owieka, to absolutnie nie mo\u017cna m\u00f3wi\u0107 o mi\u0142o\u015bci do Boga.<\/b> Jedno bez drugiego nie mo\u017ce istnie\u0107! <\/div>\n<div class=\"MsoNormal\" style=\"text-align: justify; text-indent: 35.4pt;\">Te dwa przykazania, uczynione przez Jezusa jednym, nieroz\u0142\u0105cznym przykazaniem, sta\u0142y si\u0119 <b style=\"mso-bidi-font-weight: normal;\">osi\u0105 i fundamentem chrze\u015bcija\u0144stwa. <\/b>Z tego przykazania \u2013 najwi\u0119kszego i streszczaj\u0105cego w sobie wszystkie inne \u2013 <b style=\"mso-bidi-font-weight: normal;\">wyrasta ca\u0142a chrze\u015bcija\u0144ska moralno\u015b\u0107.<\/b> Dla ka\u017cdego wi\u0119c z nas, uwa\u017caj\u0105cych si\u0119 za chrze\u015bcijan, przyjaci\u00f3\u0142 Chrystusa \u2013 najwi\u0119ksze przykazanie musi stanowi\u0107 <b style=\"mso-bidi-font-weight: normal;\">kryterium, wed\u0142ug kt\u00f3rego ocenia\u0107 b\u0119dziemy wszystkie nasze dzia\u0142ania,<\/b> zar\u00f3wno ju\u017c dokonane, jak i te zamierzone. <\/div>\n<div class=\"MsoNormal\" style=\"text-align: justify; text-indent: 35.4pt;\">Musi to by\u0107 zatem lampa, kt\u00f3ra <b style=\"mso-bidi-font-weight: normal;\">o\u015bwietla\u0107 b\u0119dzie nasze my\u015bli, s\u0142owa i czyny tak mocnym blaskiem,<\/b> aby ukaza\u0107 to wszystko, co w naszym post\u0119powaniu jest ciemn\u0105 plam\u0105, jest cieniem, jakim\u015b zgrzytem, dysharmoni\u0105\u2026 <b style=\"mso-bidi-font-weight: normal;\">W \u015bwietle najwa\u017cniejszego przykazania Jezusa wszystko to mo\u017cna zauwa\u017cy\u0107<\/b> \u2013 po to, aby jak najszybciej pozby\u0107 si\u0119 tego, pokona\u0107, rozja\u015bni\u0107\u2026 <\/div>\n<div class=\"MsoNormal\" style=\"text-align: justify; text-indent: 35.4pt;\">\u017beby to by\u0142o jednak mo\u017cliwe, trzeba nie tylko powy\u017csze s\u0142owa pobo\u017cnie powtarza\u0107 w codziennych pacierzach. Chodzi bowiem o to, aby przykazanie mi\u0142o\u015bci Boga i bli\u017aniego <b style=\"mso-bidi-font-weight: normal;\">nie tylko na kartach Ewangelii okre\u015blane by\u0142o mianem najwa\u017cniejszego,<\/b> ale \u017ceby ka\u017cdy z nas \u2013 osobi\u015bcie i wewn\u0119trznie \u2013 z ca\u0142ym przekonaniem, <b style=\"mso-bidi-font-weight: normal;\">naprawd\u0119 uzna\u0142 je jako fundament i g\u0142\u00f3wn\u0105 regu\u0142\u0119 \u017cycia!<\/b> Swojego \u017cycia! A to z kolei dokona si\u0119 w\u00f3wczas, kiedy odwo\u0142ywanie si\u0119 do tego\u017c przykazania b\u0119dzie <b style=\"mso-bidi-font-weight: normal;\">naturalnym i samoistnym odruchem serca, za\u015b jego realizacja \u2013 oczywisto\u015bci\u0105 i codzienno\u015bci\u0105!<\/b><\/div>\n<div class=\"MsoNormal\" style=\"text-align: justify; text-indent: 35.4pt;\">Czy jest to \u0142atwe? Nie zawsze\u2026 <b style=\"mso-bidi-font-weight: normal;\">A czy jest to mo\u017cliwe? O, z ca\u0142\u0105 pewno\u015bci\u0105!<\/b> Trzeba tylko zawsze, kiedy w duszy zalegn\u0105 ciemno\u015bci r\u00f3\u017cnych rozterek, w\u0105tpliwo\u015bci czy obaw \u2013 od razu w\u0142\u0105czy\u0107 t\u0119 lamp\u0119 i jej blaskiem rozja\u015bni\u0107 wszystkie zakamarki zbola\u0142ego serca. <b style=\"mso-bidi-font-weight: normal;\">W tym \u015bwietle wszystko naprawd\u0119 wygl\u0105da inaczej!<\/b><\/div>\n<div class=\"MsoNormal\" style=\"text-align: justify;\">&nbsp;&nbsp;&nbsp;&nbsp;&nbsp;&nbsp;&nbsp;&nbsp;&nbsp;&nbsp;&nbsp; \u0179r\u00f3d\u0142em bowiem tego \u015bwiat\u0142a jest sam B\u00f3g. <b style=\"mso-bidi-font-weight: normal;\">On pierwszy ukocha\u0142 cz\u0142owieka,<\/b> dlatego mo\u017ce oczekiwa\u0107 od niego takiej samej postawy. Oto w pierwszym czytaniu, z Ksi\u0119gi Wyj\u015bcia, s\u0142yszymy, jakich konkretnych postaw B\u00f3g domaga si\u0119 od swego ludu: poszanowania cudzoziemc\u00f3w, unikania lichwy, mi\u0142osierdzia wobec potrzebuj\u0105cych\u2026 Moi Drodzy, <b style=\"mso-bidi-font-weight: normal;\">to s\u0105 konkretne sposoby realizacji przykazania mi\u0142o\u015bci Boga i bli\u017aniego.<\/b> <\/div>\n<div class=\"MsoNormal\" style=\"text-align: justify; text-indent: 35.4pt;\">W kontek\u015bcie relacji, panuj\u0105cych mi\u0119dzy lud\u017ami <b style=\"mso-bidi-font-weight: normal;\">w samym Narodzie Wybranym,<\/b> oraz w kontek\u015bcie <b style=\"mso-bidi-font-weight: normal;\">relacji Narodu Wybranego do innych narod\u00f3w<\/b> \u2013 w\u0142a\u015bnie w tym kontek\u015bcie realizacja przykazania mi\u0142o\u015bci Boga i bli\u017aniego przybiera <b style=\"mso-bidi-font-weight: normal;\">dok\u0142adnie tak\u0105 posta\u0107.<\/b> W innym kontek\u015bcie zapewne przybra\u0142aby inn\u0105. Na przyk\u0142ad tak\u0105, jak\u0105 swoj\u0105 postaw\u0105 pokazali Tesaloniczanie, kt\u00f3rych Pawe\u0142 dzisiaj chwali za ich gorliw\u0105 wiar\u0119, gdy pisze: <b style=\"mso-bidi-font-weight: normal;\"><i style=\"mso-bidi-font-style: normal;\">A wy, przyjmuj\u0105c s\u0142owo po\u015br\u00f3d wielkiego ucisku, z rado\u015bci\u0105 Ducha \u015awi\u0119tego stali\u015bcie si\u0119 na\u015bladowcami naszymi i Pana, by okaza\u0107 si\u0119 w ten spos\u00f3b wzorem dla wszystkich wierz\u0105cych w Macedonii i Achai, ale wasza wiara w Boga wsz\u0119dzie da\u0142a si\u0119 pozna\u0107, tak \u017ce nawet nie trzeba nam o tym m\u00f3wi\u0107. Albowiem oni sami opowiadaj\u0105, jakiego przyj\u0119cia doznali\u015bmy od was<\/i><\/b>\u2026 <\/div>\n<div class=\"MsoNormal\" style=\"text-align: justify; text-indent: 35.4pt;\">W\u0142a\u015bnie, Kochani, wiara w Boga i mi\u0142o\u015b\u0107 do Niego <b style=\"mso-bidi-font-weight: normal;\">\u0142\u0105czy si\u0119 nierozerwalnie<\/b> z konkretnie wyra\u017con\u0105 mi\u0142o\u015bci\u0105 do cz\u0142owieka. Samo wznoszenie r\u0105k do nieba, cho\u0107by wielogodzinne, i pi\u0119kne s\u0142owa, wypowiadane do Boga i o Bogu \u2013 <b style=\"mso-bidi-font-weight: normal;\">nie zast\u0105pi\u0105 konkretnego czynu mi\u0142o\u015bci.<\/b> Dlatego fakt czyjego\u015b codziennego bycia na Mszy \u015awi\u0119tej wcale nie musi oznacza\u0107 przyk\u0142adnej postawy. Oto okazuje si\u0119 bowiem \u2013 i zapewne potwierdzi to wielu duszpasterzy \u2013 \u017ce niema\u0142o codziennych problem\u00f3w cz\u0119sto <b style=\"mso-bidi-font-weight: normal;\">dostarczaj\u0105 im ci w\u0142a\u015bnie, kt\u00f3rych maj\u0105 wok\u00f3\u0142 siebie: tak, w\u0142a\u015bnie ci rzekomo zaufani,<\/b> kt\u00f3rzy zwykle wi\u0119cej od innych widz\u0105 i wiedz\u0105 \u2013 bo oni z ca\u0142\u0105 pewno\u015bci\u0105 t\u0105 swoj\u0105 wiedz\u0105 <b style=\"mso-bidi-font-weight: normal;\">podziel\u0105 si\u0119 z otoczeniem,<\/b> siej\u0105c intrygi i rozprzestrzeniaj\u0105c plotki oraz niesprawdzone informacje. <\/div>\n<div class=\"MsoNormal\" style=\"text-align: justify; text-indent: 35.4pt;\">Kochani, naprawd\u0119 <b style=\"mso-bidi-font-weight: normal;\">trzeba \u0142\u0105czy\u0107 mi\u0142o\u015b\u0107 do Boga z mi\u0142o\u015bci\u0105 do cz\u0142owieka.<\/b> Naprawd\u0119, nie mo\u017cna tych dw\u00f3ch wymiar\u00f3w oddziela\u0107. Skoro Jezus <b style=\"mso-bidi-font-weight: normal;\">oba przykazania po\u0142\u0105czy\u0142 i uczyni\u0142 z nich jedno,<\/b> to naprawd\u0119 chcia\u0142 co\u015b w ten spos\u00f3b pokaza\u0107, zasygnalizowa\u0107. <b style=\"mso-bidi-font-weight: normal;\">Chcia\u0142 nam co\u015b powiedzie\u0107. Czego\u015b wa\u017cnego nauczy\u0107.<\/b> Czego? <\/div>\n<div class=\"MsoNormal\" style=\"text-align: justify; text-indent: 35.4pt;\">A w\u0142a\u015bnie tego, jak <b style=\"mso-bidi-font-weight: normal;\">mi\u0142owa\u0107 Boga z ca\u0142ych swoich si\u0142 i wszystkimi swoimi ludzkimi w\u0142adzami, a bli\u017aniego \u2013 jak samego siebie.<\/b> <\/div>\n<div class=\"MsoNormal\" style=\"text-align: justify; text-indent: 35.4pt;\">Przy tej okazji warto mo\u017ce napomkn\u0105\u0107, \u017ce <b style=\"mso-bidi-font-weight: normal;\">mi\u0142o\u015b\u0107 samego siebie \u2013 to nie znaczy od razu: egoizm.<\/b> Egoizm \u2013 to przesadna mi\u0142o\u015b\u0107 siebie, kosztem drugiego. Zreszt\u0105 \u2013 jedna z definicji grzechu, to: <b style=\"mso-bidi-font-weight: normal;\">mi\u0142o\u015b\u0107 samego siebie posuni\u0119ta a\u017c do pogardy Boga.<\/b> \u015awietna definicja, pokazuj\u0105ca, czym jest grzech i od razu \u2013 co jest jego \u017ar\u00f3d\u0142em. A co jest? Przed wszystkim \u2013 w\u0142a\u015bnie! \u2013 egoizm, zapatrzenie w siebie, <b style=\"mso-bidi-font-weight: normal;\">postawienie samego siebie na miejscu Boga.<\/b> <\/div>\n<div class=\"MsoNormal\" style=\"text-align: justify; text-indent: 35.4pt;\">Tymczasem jednak, w przykazaniu Jezusowym <b style=\"mso-bidi-font-weight: normal;\">nie o tak\u0105 mi\u0142o\u015b\u0107 samego siebie chodzi, ale o tak\u0105 normaln\u0105,<\/b> polegaj\u0105c\u0105 na trosce o swojego ducha i o swoje cia\u0142o; polegaj\u0105c\u0105 na dba\u0142o\u015bci o sw\u00f3j integralny rozw\u00f3j. <b style=\"mso-bidi-font-weight: normal;\">To jest bardzo normalna i ze wszech miar oczywista postawa zdrowo my\u015bl\u0105cego cz\u0142owieka.<\/b> Czym\u015b w\u0142a\u015bciwie nienormalnym, a w niekt\u00f3rych kontekstach nawet grzesznym jest <b style=\"mso-bidi-font-weight: normal;\">zaniedbywa\u0107 samego siebie<\/b> \u2013 na przyk\u0142ad: swoje zdrowie. <\/div>\n<div class=\"MsoNormal\" style=\"text-align: justify; text-indent: 35.4pt;\">St\u0105d te\u017c, kiedy Jezus m\u00f3wi dzi\u015b o mi\u0142o\u015bci bli\u017aniego jak siebie samego, to ma na my\u015bli <b style=\"mso-bidi-font-weight: normal;\">takie w\u0142a\u015bnie pe\u0142ne zatroskanie i dba\u0142o\u015b\u0107 o dobro drugiego.<\/b> W czym to si\u0119 jednak wyrazi konkretnie i jak\u0105 posta\u0107 przybierze \u2013 <b style=\"mso-bidi-font-weight: normal;\">a to ju\u017c jest sprawa otwarta i wymagaj\u0105ca namys\u0142u.<\/b> <\/div>\n<div class=\"MsoNormal\" style=\"text-align: justify; text-indent: 35.4pt;\">Dlatego kiedy dzisiaj s\u0142uchamy wezwania Jezusa do mi\u0142o\u015bci Boga i bli\u017aniego, i kiedy s\u0142uchamy napomnie\u0144 Boga, skierowanych do Narodu Wybranego, jak te\u017c wreszcie \u2013 stwierdze\u0144 Aposto\u0142a Paw\u0142a, to musimy jasno u\u015bwiadomi\u0107 sobie, \u017ce tak\u017ce naszym zadaniem jest <b style=\"mso-bidi-font-weight: normal;\">przek\u0142ada\u0107 to Jezusowe wezwanie, to przykazanie \u2013<\/b> <b style=\"mso-bidi-font-weight: normal;\">na realia naszego \u017cycia.<\/b> I musimy w\u0142a\u015bciwie ka\u017cdego dnia <b style=\"mso-bidi-font-weight: normal;\">poszukiwa\u0107 sposob\u00f3w<\/b> okazania mi\u0142o\u015bci Bogu i drugiemu cz\u0142owiekowi. I ka\u017cdego dnia musimy <b style=\"mso-bidi-font-weight: normal;\">zdawa\u0107 egzamin z tej mi\u0142o\u015bci.<\/b> Bo wypowiedzie\u0107 formu\u0142\u0119: <b style=\"mso-bidi-font-weight: normal;\"><i style=\"mso-bidi-font-style: normal;\">B\u0119dziesz mi\u0142owa\u0142 Pana Boga swego, z ca\u0142ego serca swego\u2026<\/i><\/b> \u2013 i tak dalej \u2013 jest stosunkowo \u0142atwo. Ale co to znaczy \u2013 w moim konkretnym przypadku, w mojej takiej, a nie innej codzienno\u015bci \u2013 <b style=\"mso-bidi-font-weight: normal;\">mi\u0142owa\u0107 Boga? I co to znaczy mi\u0142owa\u0107 cz\u0142owieka?<\/b> <\/div>\n<div class=\"MsoNormal\" style=\"text-align: justify; text-indent: 35.4pt;\"><b style=\"mso-bidi-font-weight: normal;\">Rzuca\u0107 mu si\u0119 na szyj\u0119<\/b> i m\u00f3wi\u0107, \u017ce go kocham? A mo\u017ce <b style=\"mso-bidi-font-weight: normal;\">u\u015bmiecha\u0107 si\u0119 do niego<\/b> od rana do wieczora i prawi\u0107 mu s\u0142odkie komplementy? A mo\u017ce <b style=\"mso-bidi-font-weight: normal;\">we wszystkim si\u0119 z nim zgadza\u0107,<\/b> przytakiwa\u0107, w ka\u017cdej chwili i bez wzgl\u0119du na sytuacj\u0119 ust\u0119powa\u0107? <b style=\"mso-bidi-font-weight: normal;\">To jest mi\u0142o\u015b\u0107? Tak?<\/b> <\/div>\n<div class=\"MsoNormal\" style=\"text-align: justify; text-indent: 35.4pt;\">Nawet wielkiej wiedzy teologicznej czy ascetycznej nie trzeba, \u017ceby odruchowo wr\u0119cz powiedzie\u0107: <b style=\"mso-bidi-font-weight: normal;\">Nie! To nie jest mi\u0142o\u015b\u0107! To jest naiwno\u015b\u0107 \u2013 a czasami wr\u0119cz g\u0142upota! I to bardzo szkodliwa g\u0142upota!<\/b> O ile wr\u0119cz nie grzeszna, bo widz\u0105c z\u0142o u drugiego, szczeg\u00f3lnie kogo\u015b bliskiego i nie zareagowa\u0107, a tylko si\u0119 u\u015bmiecha\u0107 i przymila\u0107 \u2013 <b style=\"mso-bidi-font-weight: normal;\">to grzech zaniedbania!<\/b> <\/div>\n<div class=\"MsoNormal\" style=\"text-align: justify; text-indent: 35.4pt;\">Kochani, my si\u0119 nieraz spowiadamy z tego, <b style=\"mso-bidi-font-weight: normal;\">\u017ce brak nam mi\u0142o\u015bci, \u017ce nie potrafimy okaza\u0107 mi\u0142o\u015bci<\/b>\u2026 Ale kiedy tak spowiednik podr\u0105\u017cy temat i zapyta, o co tak konkretnie chodzi, to nagle okazuje si\u0119, \u017ce tym nieokazaniem mi\u0142o\u015bci to by\u0142o \u2013 na przyk\u0142ad \u2013upomnienie, skierowane przez \u017con\u0119 do m\u0119\u017ca, \u017ce si\u0119 upija. <b style=\"mso-bidi-font-weight: normal;\">To jest brak mi\u0142o\u015bci? To jest w\u0142a\u015bnie ogromna mi\u0142o\u015b\u0107 i zatroskanie<\/b> o tego, z kt\u00f3rym dzieli si\u0119 \u017cycie, a kt\u00f3ry b\u0142\u0105dzi po bezdro\u017cach grzechu. <\/div>\n<div class=\"MsoNormal\" style=\"text-align: justify; text-indent: 35.4pt;\">I mogliby\u015bmy jeszcze mno\u017cy\u0107 podobne przyk\u0142ady\u2026<\/div>\n<div class=\"MsoNormal\" style=\"text-align: justify; text-indent: 35.4pt;\">Dlatego te\u017c dzisiaj musimy sobie jasno zda\u0107 spraw\u0119 z tego, \u017ce mi\u0142o\u015b\u0107 \u2013 owszem \u2013 <b style=\"mso-bidi-font-weight: normal;\">mo\u017ce wi\u0105za\u0107 si\u0119 z pi\u0119knymi s\u0142owami,<\/b> czu\u0142ymi gestami, ciep\u0142\u0105 serdeczno\u015bci\u0105, wylewn\u0105 tkliwo\u015bci\u0105 i wielu jeszcze innymi tego typu zachowaniami. Ale mo\u017ce te\u017c oznacza\u0107 \u2013 przepraszam za kolokwializm \u2013 <b style=\"mso-bidi-font-weight: normal;\">\u201ewalni\u0119cie\u201d pi\u0119\u015bci\u0105 w st\u00f3\u0142 i nazwanie po imieniu bia\u0142ego bia\u0142ym, a czarnego czarnym<\/b> (oczywi\u015bcie, bez przekle\u0144stw); mo\u017ce te\u017c oznacza\u0107 <b style=\"mso-bidi-font-weight: normal;\">odm\u00f3wienie jakiej\u015b przys\u0142ugi czy pomocy,<\/b> je\u017celi jasno wida\u0107, \u017ce nie jest ona potrzebna i do niczego dobrego nie prowadzi; mo\u017ce oznacza\u0107 <b style=\"mso-bidi-font-weight: normal;\">odm\u00f3wienie podarowania lub nawet po\u017cyczenia jakich\u015b rzeczy \u2013 na przyk\u0142ad: pieni\u0119dzy<\/b> \u2013 je\u017celi wiadomo, \u017ce zostan\u0105 one zmarnowane, \u017ale u\u017cyte\u2026 W okre\u015blonych sytuacjach mi\u0142o\u015b\u0107 \u2013 tak: mi\u0142o\u015b\u0107! \u2013 mo\u017ce nawet oznacza\u0107 <b style=\"mso-bidi-font-weight: normal;\">wezwanie policji do cz\u0142owieka, kt\u00f3ry innym zagra\u017ca swoj\u0105 agresj\u0105,<\/b> a to po to, aby jego samego chroni\u0107 przed nim samym i tym, co jeszcze gorszego mo\u017ce zrobi\u0107\u2026 <\/div>\n<div class=\"MsoNormal\" style=\"text-align: justify; text-indent: 35.4pt;\">I tutaj znowu \u2013 przyk\u0142ady mo\u017cna mno\u017cy\u0107. Wa\u017cnym jest jednak, aby\u015bmy pami\u0119tali, \u017ce <b style=\"mso-bidi-font-weight: normal;\">mi\u0142o\u015b\u0107 to sta\u0142a i konsekwentna troska o dobro drugiego<\/b> oraz aby\u015bmy <b style=\"mso-bidi-font-weight: normal;\">dla drugiego chcieli tego, czego chcemy dla siebie<\/b> i wreszcie \u2013 aby\u015bmy <b style=\"mso-bidi-font-weight: normal;\">mi\u0142o\u015b\u0107 do drugiego \u0142\u0105czyli z mi\u0142o\u015bci\u0105 do Boga i z niej wyprowadzali,<\/b> a w\u00f3wczas przekonamy si\u0119, \u017ce w konkretnych \u017cyciowych sytuacjach bez trudu <b style=\"mso-bidi-font-weight: normal;\">podejmiemy w\u0142a\u015bciwe decyzje i odpowiednie dzia\u0142anie, <\/b>okazuj\u0105c innym prawdziw\u0105, m\u0105dr\u0105, ewangeliczn\u0105 mi\u0142o\u015b\u0107\u2026 <\/div>\n<div class=\"MsoNormal\" style=\"text-align: justify; text-indent: 35.4pt;\">W tym kontek\u015bcie przez chwil\u0119 zastan\u00f3wmy si\u0119:<\/div>\n<div class=\"MsoNormal\" style=\"margin-left: 36.0pt; mso-list: l0 level1 lfo1; tab-stops: list 36.0pt; text-align: justify; text-indent: -18.0pt;\">\u00b7&nbsp;&nbsp;&nbsp;&nbsp;&nbsp;&nbsp;&nbsp; Czy poj\u0119cia \u201emi\u0142o\u015b\u0107\u201d nie sp\u0142ycam do przelotnego uczucia i zewn\u0119trznych gest\u00f3w?<\/div>\n<div class=\"MsoNormal\" style=\"margin-left: 36.0pt; mso-list: l0 level1 lfo1; tab-stops: list 36.0pt; text-align: justify; text-indent: -18.0pt;\">\u00b7&nbsp;&nbsp;&nbsp;&nbsp;&nbsp;&nbsp;&nbsp; Czy umiem okazywa\u0107 mi\u0142o\u015b\u0107 wymagaj\u0105c\u0105?<\/div>\n<div class=\"MsoNormal\" style=\"margin-left: 36.0pt; mso-list: l0 level1 lfo1; tab-stops: list 36.0pt; text-align: justify; text-indent: -18.0pt;\">\u00b7&nbsp;&nbsp;&nbsp;&nbsp;&nbsp;&nbsp;&nbsp; Czy nie rezygnuj\u0119 z okazywania mi\u0142o\u015bci, kiedy okazuje si\u0119, \u017ce ona kosztuje?<\/div>\n<div class=\"MsoNormal\" style=\"text-align: justify;\">\n<\/div>\n<div class=\"MsoNormal\" style=\"text-align: justify;\"><b style=\"mso-bidi-font-weight: normal;\"><i style=\"mso-bidi-font-style: normal;\">B\u0119dziesz mi\u0142owa\u0142 Pana Boga swego ca\u0142ym swoim sercem, ca\u0142\u0105 swoj\u0105 dusz\u0105 i ca\u0142ym swoim umys\u0142em<\/i><\/b><b style=\"mso-bidi-font-weight: normal;\">. [\u2026] <i style=\"mso-bidi-font-style: normal;\">B\u0119dziesz mi\u0142owa\u0142 bli\u017aniego jak siebie samego.<\/i><\/b><\/div>\n","protected":false},"excerpt":{"rendered":"<p>Niech b\u0119dzie pochwalony Jezus Chrystus! Kochani, ju\u017c jestem! Wczoraj wr\u00f3ci\u0142em z rekolekcji kap\u0142a\u0144skich, kt\u00f3re prze\u017cywa\u0142em w Kodniu. Zaprawd\u0119, to bardzo dobry czas. I bardzo potrzebny! Szczeg\u00f3lnie b\u0142ogos\u0142awiona by\u0142a cisza i spok\u00f3j &#8211; &#8222;towary&#8221; teraz tak bardzo deficytowe. Bardzo Wam, Kochani, dzi\u0119kuj\u0119 za modlitw\u0119 i towarzyszenie mi sercem w tym czasie. Ja tak\u017ce codziennie du\u017co rozmawia\u0142em [&hellip;]<\/p>\n","protected":false},"author":1,"featured_media":0,"comment_status":"open","ping_status":"open","sticky":false,"template":"","format":"standard","meta":{"jetpack_post_was_ever_published":false,"_jetpack_newsletter_access":"","_jetpack_dont_email_post_to_subs":false,"_jetpack_newsletter_tier_id":0,"_jetpack_memberships_contains_paywalled_content":false,"_jetpack_memberships_contains_paid_content":false,"footnotes":""},"categories":[1],"tags":[],"class_list":["post-9694","post","type-post","status-publish","format-standard","hentry","category-bez-kategorii"],"yoast_head":"<!-- This site is optimized with the Yoast SEO plugin v25.1 - https:\/\/yoast.com\/wordpress\/plugins\/seo\/ -->\n<title>B\u0119dziesz mi\u0142owa\u0142 Boga - i bli\u017aniego... - Gaudium Et Spes<\/title>\n<meta name=\"robots\" content=\"index, follow, max-snippet:-1, max-image-preview:large, max-video-preview:-1\" \/>\n<link rel=\"canonical\" href=\"https:\/\/gaudiumetspes-blog.pl\/index.php\/2011\/10\/23\/bedziesz-miowa-boga-i-blizniego\/\" \/>\n<meta property=\"og:locale\" content=\"pl_PL\" \/>\n<meta property=\"og:type\" content=\"article\" \/>\n<meta property=\"og:title\" content=\"B\u0119dziesz mi\u0142owa\u0142 Boga - i bli\u017aniego... - Gaudium Et Spes\" \/>\n<meta property=\"og:description\" content=\"Niech b\u0119dzie pochwalony Jezus Chrystus! Kochani, ju\u017c jestem! Wczoraj wr\u00f3ci\u0142em z rekolekcji kap\u0142a\u0144skich, kt\u00f3re prze\u017cywa\u0142em w Kodniu. Zaprawd\u0119, to bardzo dobry czas. I bardzo potrzebny! Szczeg\u00f3lnie b\u0142ogos\u0142awiona by\u0142a cisza i spok\u00f3j &#8211; &#8222;towary&#8221; teraz tak bardzo deficytowe. Bardzo Wam, Kochani, dzi\u0119kuj\u0119 za modlitw\u0119 i towarzyszenie mi sercem w tym czasie. Ja tak\u017ce codziennie du\u017co rozmawia\u0142em [&hellip;]\" \/>\n<meta property=\"og:url\" content=\"https:\/\/gaudiumetspes-blog.pl\/index.php\/2011\/10\/23\/bedziesz-miowa-boga-i-blizniego\/\" \/>\n<meta property=\"og:site_name\" content=\"Gaudium Et Spes\" \/>\n<meta property=\"article:published_time\" content=\"2011-10-23T02:44:00+00:00\" \/>\n<meta property=\"article:modified_time\" content=\"2019-07-31T10:52:43+00:00\" \/>\n<meta name=\"author\" content=\"Ks. Jacek\" \/>\n<meta name=\"twitter:card\" content=\"summary_large_image\" \/>\n<meta name=\"twitter:label1\" content=\"Napisane przez\" \/>\n\t<meta name=\"twitter:data1\" content=\"Ks. Jacek\" \/>\n\t<meta name=\"twitter:label2\" content=\"Szacowany czas czytania\" \/>\n\t<meta name=\"twitter:data2\" content=\"11 minut\" \/>\n<script type=\"application\/ld+json\" class=\"yoast-schema-graph\">{\"@context\":\"https:\/\/schema.org\",\"@graph\":[{\"@type\":\"WebPage\",\"@id\":\"https:\/\/gaudiumetspes-blog.pl\/index.php\/2011\/10\/23\/bedziesz-miowa-boga-i-blizniego\/\",\"url\":\"https:\/\/gaudiumetspes-blog.pl\/index.php\/2011\/10\/23\/bedziesz-miowa-boga-i-blizniego\/\",\"name\":\"B\u0119dziesz mi\u0142owa\u0142 Boga - i bli\u017aniego... - Gaudium Et Spes\",\"isPartOf\":{\"@id\":\"https:\/\/gaudiumetspes-blog.pl\/#website\"},\"datePublished\":\"2011-10-23T02:44:00+00:00\",\"dateModified\":\"2019-07-31T10:52:43+00:00\",\"author\":{\"@id\":\"https:\/\/gaudiumetspes-blog.pl\/#\/schema\/person\/1661982992b752dea8dff0d4ed845a65\"},\"breadcrumb\":{\"@id\":\"https:\/\/gaudiumetspes-blog.pl\/index.php\/2011\/10\/23\/bedziesz-miowa-boga-i-blizniego\/#breadcrumb\"},\"inLanguage\":\"pl-PL\",\"potentialAction\":[{\"@type\":\"ReadAction\",\"target\":[\"https:\/\/gaudiumetspes-blog.pl\/index.php\/2011\/10\/23\/bedziesz-miowa-boga-i-blizniego\/\"]}]},{\"@type\":\"BreadcrumbList\",\"@id\":\"https:\/\/gaudiumetspes-blog.pl\/index.php\/2011\/10\/23\/bedziesz-miowa-boga-i-blizniego\/#breadcrumb\",\"itemListElement\":[{\"@type\":\"ListItem\",\"position\":1,\"name\":\"Strona g\u0142\u00f3wna\",\"item\":\"https:\/\/gaudiumetspes-blog.pl\/\"},{\"@type\":\"ListItem\",\"position\":2,\"name\":\"B\u0119dziesz mi\u0142owa\u0142 Boga &#8211; i&nbsp;bli\u017aniego&#8230;\"}]},{\"@type\":\"WebSite\",\"@id\":\"https:\/\/gaudiumetspes-blog.pl\/#website\",\"url\":\"https:\/\/gaudiumetspes-blog.pl\/\",\"name\":\"Gaudium Et Spes\",\"description\":\"Blog Ks. Jacka Ja\u015bkowskiego\",\"potentialAction\":[{\"@type\":\"SearchAction\",\"target\":{\"@type\":\"EntryPoint\",\"urlTemplate\":\"https:\/\/gaudiumetspes-blog.pl\/?s={search_term_string}\"},\"query-input\":{\"@type\":\"PropertyValueSpecification\",\"valueRequired\":true,\"valueName\":\"search_term_string\"}}],\"inLanguage\":\"pl-PL\"},{\"@type\":\"Person\",\"@id\":\"https:\/\/gaudiumetspes-blog.pl\/#\/schema\/person\/1661982992b752dea8dff0d4ed845a65\",\"name\":\"Ks. Jacek\",\"image\":{\"@type\":\"ImageObject\",\"inLanguage\":\"pl-PL\",\"@id\":\"https:\/\/gaudiumetspes-blog.pl\/#\/schema\/person\/image\/\",\"url\":\"https:\/\/gaudiumetspes-blog.pl\/wp-content\/uploads\/2019\/07\/avatar-JJ-150x150.jpg\",\"contentUrl\":\"https:\/\/gaudiumetspes-blog.pl\/wp-content\/uploads\/2019\/07\/avatar-JJ-150x150.jpg\",\"caption\":\"Ks. Jacek\"},\"description\":\"Witam serdecznie! K\u0142ania si\u0119 Ks. Jacek Ja\u015bkowski. Nie jestem ani kim\u015b wa\u017cnym, ani kim\u015b znanym. Jestem ksi\u0119dzem, kt\u00f3ry po prostu chce rozmawia\u0107. Codzienna kap\u0142a\u0144ska pos\u0142uga pokazuje mi, \u017ce temat\u00f3w do rozm\u00f3w z ksi\u0119dzem jest coraz wi\u0119cej i dzisiaj \u017caden ksi\u0105dz nie mo\u017ce od nich ucieka\u0107, ale - wprost przeciwnie - podejmowa\u0107 nowe wyzwania. To przekonanie sk\u0142oni\u0142o mnie do pr\u00f3by otwarcia tego\u017c bloga, chocia\u017c okazji do rozm\u00f3w na co dzie\u0144 - w konfesjonale i poza nim - na szcz\u0119\u015bcie nie brakuje. My\u015bl\u0119 jednak, \u017ce ten blog b\u0119dzie jeszcze jednym sposobem i przestrzeni\u0105 nawi\u0105zania kontaktu z lud\u017ami dobrej woli, otwartymi na dialog.\",\"url\":\"https:\/\/gaudiumetspes-blog.pl\/index.php\/author\/ks-jacek\/\"}]}<\/script>\n<!-- \/ Yoast SEO plugin. -->","yoast_head_json":{"title":"B\u0119dziesz mi\u0142owa\u0142 Boga - i bli\u017aniego... - Gaudium Et Spes","robots":{"index":"index","follow":"follow","max-snippet":"max-snippet:-1","max-image-preview":"max-image-preview:large","max-video-preview":"max-video-preview:-1"},"canonical":"https:\/\/gaudiumetspes-blog.pl\/index.php\/2011\/10\/23\/bedziesz-miowa-boga-i-blizniego\/","og_locale":"pl_PL","og_type":"article","og_title":"B\u0119dziesz mi\u0142owa\u0142 Boga - i bli\u017aniego... - Gaudium Et Spes","og_description":"Niech b\u0119dzie pochwalony Jezus Chrystus! Kochani, ju\u017c jestem! Wczoraj wr\u00f3ci\u0142em z rekolekcji kap\u0142a\u0144skich, kt\u00f3re prze\u017cywa\u0142em w Kodniu. Zaprawd\u0119, to bardzo dobry czas. I bardzo potrzebny! Szczeg\u00f3lnie b\u0142ogos\u0142awiona by\u0142a cisza i spok\u00f3j &#8211; &#8222;towary&#8221; teraz tak bardzo deficytowe. Bardzo Wam, Kochani, dzi\u0119kuj\u0119 za modlitw\u0119 i towarzyszenie mi sercem w tym czasie. Ja tak\u017ce codziennie du\u017co rozmawia\u0142em [&hellip;]","og_url":"https:\/\/gaudiumetspes-blog.pl\/index.php\/2011\/10\/23\/bedziesz-miowa-boga-i-blizniego\/","og_site_name":"Gaudium Et Spes","article_published_time":"2011-10-23T02:44:00+00:00","article_modified_time":"2019-07-31T10:52:43+00:00","author":"Ks. Jacek","twitter_card":"summary_large_image","twitter_misc":{"Napisane przez":"Ks. Jacek","Szacowany czas czytania":"11 minut"},"schema":{"@context":"https:\/\/schema.org","@graph":[{"@type":"WebPage","@id":"https:\/\/gaudiumetspes-blog.pl\/index.php\/2011\/10\/23\/bedziesz-miowa-boga-i-blizniego\/","url":"https:\/\/gaudiumetspes-blog.pl\/index.php\/2011\/10\/23\/bedziesz-miowa-boga-i-blizniego\/","name":"B\u0119dziesz mi\u0142owa\u0142 Boga - i bli\u017aniego... - Gaudium Et Spes","isPartOf":{"@id":"https:\/\/gaudiumetspes-blog.pl\/#website"},"datePublished":"2011-10-23T02:44:00+00:00","dateModified":"2019-07-31T10:52:43+00:00","author":{"@id":"https:\/\/gaudiumetspes-blog.pl\/#\/schema\/person\/1661982992b752dea8dff0d4ed845a65"},"breadcrumb":{"@id":"https:\/\/gaudiumetspes-blog.pl\/index.php\/2011\/10\/23\/bedziesz-miowa-boga-i-blizniego\/#breadcrumb"},"inLanguage":"pl-PL","potentialAction":[{"@type":"ReadAction","target":["https:\/\/gaudiumetspes-blog.pl\/index.php\/2011\/10\/23\/bedziesz-miowa-boga-i-blizniego\/"]}]},{"@type":"BreadcrumbList","@id":"https:\/\/gaudiumetspes-blog.pl\/index.php\/2011\/10\/23\/bedziesz-miowa-boga-i-blizniego\/#breadcrumb","itemListElement":[{"@type":"ListItem","position":1,"name":"Strona g\u0142\u00f3wna","item":"https:\/\/gaudiumetspes-blog.pl\/"},{"@type":"ListItem","position":2,"name":"B\u0119dziesz mi\u0142owa\u0142 Boga &#8211; i&nbsp;bli\u017aniego&#8230;"}]},{"@type":"WebSite","@id":"https:\/\/gaudiumetspes-blog.pl\/#website","url":"https:\/\/gaudiumetspes-blog.pl\/","name":"Gaudium Et Spes","description":"Blog Ks. Jacka Ja\u015bkowskiego","potentialAction":[{"@type":"SearchAction","target":{"@type":"EntryPoint","urlTemplate":"https:\/\/gaudiumetspes-blog.pl\/?s={search_term_string}"},"query-input":{"@type":"PropertyValueSpecification","valueRequired":true,"valueName":"search_term_string"}}],"inLanguage":"pl-PL"},{"@type":"Person","@id":"https:\/\/gaudiumetspes-blog.pl\/#\/schema\/person\/1661982992b752dea8dff0d4ed845a65","name":"Ks. Jacek","image":{"@type":"ImageObject","inLanguage":"pl-PL","@id":"https:\/\/gaudiumetspes-blog.pl\/#\/schema\/person\/image\/","url":"https:\/\/gaudiumetspes-blog.pl\/wp-content\/uploads\/2019\/07\/avatar-JJ-150x150.jpg","contentUrl":"https:\/\/gaudiumetspes-blog.pl\/wp-content\/uploads\/2019\/07\/avatar-JJ-150x150.jpg","caption":"Ks. Jacek"},"description":"Witam serdecznie! K\u0142ania si\u0119 Ks. Jacek Ja\u015bkowski. Nie jestem ani kim\u015b wa\u017cnym, ani kim\u015b znanym. Jestem ksi\u0119dzem, kt\u00f3ry po prostu chce rozmawia\u0107. Codzienna kap\u0142a\u0144ska pos\u0142uga pokazuje mi, \u017ce temat\u00f3w do rozm\u00f3w z ksi\u0119dzem jest coraz wi\u0119cej i dzisiaj \u017caden ksi\u0105dz nie mo\u017ce od nich ucieka\u0107, ale - wprost przeciwnie - podejmowa\u0107 nowe wyzwania. To przekonanie sk\u0142oni\u0142o mnie do pr\u00f3by otwarcia tego\u017c bloga, chocia\u017c okazji do rozm\u00f3w na co dzie\u0144 - w konfesjonale i poza nim - na szcz\u0119\u015bcie nie brakuje. My\u015bl\u0119 jednak, \u017ce ten blog b\u0119dzie jeszcze jednym sposobem i przestrzeni\u0105 nawi\u0105zania kontaktu z lud\u017ami dobrej woli, otwartymi na dialog.","url":"https:\/\/gaudiumetspes-blog.pl\/index.php\/author\/ks-jacek\/"}]}},"jetpack_featured_media_url":"","jetpack_sharing_enabled":true,"_links":{"self":[{"href":"https:\/\/gaudiumetspes-blog.pl\/index.php\/wp-json\/wp\/v2\/posts\/9694","targetHints":{"allow":["GET"]}}],"collection":[{"href":"https:\/\/gaudiumetspes-blog.pl\/index.php\/wp-json\/wp\/v2\/posts"}],"about":[{"href":"https:\/\/gaudiumetspes-blog.pl\/index.php\/wp-json\/wp\/v2\/types\/post"}],"author":[{"embeddable":true,"href":"https:\/\/gaudiumetspes-blog.pl\/index.php\/wp-json\/wp\/v2\/users\/1"}],"replies":[{"embeddable":true,"href":"https:\/\/gaudiumetspes-blog.pl\/index.php\/wp-json\/wp\/v2\/comments?post=9694"}],"version-history":[{"count":1,"href":"https:\/\/gaudiumetspes-blog.pl\/index.php\/wp-json\/wp\/v2\/posts\/9694\/revisions"}],"predecessor-version":[{"id":10389,"href":"https:\/\/gaudiumetspes-blog.pl\/index.php\/wp-json\/wp\/v2\/posts\/9694\/revisions\/10389"}],"wp:attachment":[{"href":"https:\/\/gaudiumetspes-blog.pl\/index.php\/wp-json\/wp\/v2\/media?parent=9694"}],"wp:term":[{"taxonomy":"category","embeddable":true,"href":"https:\/\/gaudiumetspes-blog.pl\/index.php\/wp-json\/wp\/v2\/categories?post=9694"},{"taxonomy":"post_tag","embeddable":true,"href":"https:\/\/gaudiumetspes-blog.pl\/index.php\/wp-json\/wp\/v2\/tags?post=9694"}],"curies":[{"name":"wp","href":"https:\/\/api.w.org\/{rel}","templated":true}]}}