{"id":9695,"date":"2011-10-22T05:00:00","date_gmt":"2011-10-22T03:00:00","guid":{"rendered":"https:\/\/gaudiumetspes-blog.pl\/index.php\/2011\/10\/22\/nie-lekajcie-sie-otworzcie-na-osciez\/"},"modified":"2019-07-31T12:52:43","modified_gmt":"2019-07-31T10:52:43","slug":"nie-lekajcie-sie-otworzcie-na-osciez","status":"publish","type":"post","link":"https:\/\/gaudiumetspes-blog.pl\/index.php\/2011\/10\/22\/nie-lekajcie-sie-otworzcie-na-osciez\/","title":{"rendered":"Nie l\u0119kajcie si\u0119! Otw\u00f3rzcie na o\u015bcie\u017c drzwi Chrystusowi!"},"content":{"rendered":"<p><\/p>\n<div class=\"MsoNormal\" style=\"text-align: justify;\"><b style=\"mso-bidi-font-weight: normal;\">Wspomnienie B\u0142. Jana Paw\u0142a II,<\/b><\/div>\n<div class=\"MsoNormal\" style=\"text-align: justify;\"><b style=\"mso-bidi-font-weight: normal;\">do czyta\u0144:&nbsp; Rz 8,1\u201311;&nbsp; \u0141k 13,1\u20139<\/b><\/div>\n<div class=\"MsoNormal\" style=\"text-align: justify;\">\n<\/div>\n<div class=\"MsoNormal\" style=\"text-align: justify; text-indent: 35.4pt;\">Z najwi\u0119ksz\u0105 rado\u015bci\u0105 i w duchu wdzi\u0119czno\u015bci Bogu, prze\u017cywamy dzisiaj <b style=\"mso-bidi-font-weight: normal;\">po raz pierwszy<\/b> liturgiczne wspomnienie <b style=\"mso-bidi-font-weight: normal;\">B\u0142ogos\u0142awionego Papie\u017ca Jana Paw\u0142a II.<\/b> Jest to dla nas \u017ar\u00f3d\u0142em ogromnej wewn\u0119trznej satysfakcji, \u017ce po tak kr\u00f3tkim procesie beatyfikacyjnym zosta\u0142 on <b style=\"mso-bidi-font-weight: normal;\">w dniu 1 maja bie\u017c\u0105cego roku og\u0142oszony \u2013 przez swojego bezpo\u015bredniego nast\u0119pc\u0119, Ojca \u015awi\u0119tego Benedykta XVI \u2013 B\u0142ogos\u0142awionym Ko\u015bcio\u0142a.<\/b> <\/div>\n<div class=\"MsoNormal\" style=\"text-align: justify; text-indent: 35.4pt;\">Dobrze znamy wszyscy <b style=\"mso-bidi-font-weight: normal;\">\u017cyciow\u0105 drog\u0119 naszego Rodaka na Stolic\u0119 Piotrow\u0105.<\/b> S\u0142yszeli\u015bmy i przeczytali\u015bmy tyle biografii i innych pozycji, dotycz\u0105cych tego wielkiego Cz\u0142owieka, obejrzeli\u015bmy niejeden film. Dlatego dzisiaj, w ramach naszego rozwa\u017cania, by\u0142oby mo\u017ce stosownym przypomnie\u0107 sobie ten rys biograficzny i hagiograficzny Jana Paw\u0142a II, <b style=\"mso-bidi-font-weight: normal;\">kt\u00f3ry<\/b> <b style=\"mso-bidi-font-weight: normal;\">w swoim wyst\u0105pieniu zawar\u0142 Wikariusz Ojca \u015awi\u0119tego dla Diecezji Rzymskiej, Kardyna\u0142 Agostino Vallini,<\/b> w chwili, gdy prosi\u0142 Benedykta XVI o og\u0142oszenie Jana Paw\u0142a II B\u0142ogos\u0142awionym. Oto tre\u015b\u0107 tego \u017cyciorysu:<\/div>\n<div class=\"MsoNormal\" style=\"text-align: justify; text-indent: 35.4pt;\"><b style=\"mso-bidi-font-weight: normal;\">\u201eKarol J\u00f3zef Wojty\u0142a urodzi\u0142 si\u0119 w Wadowicach 18 maja 1920 roku,<\/b> zosta\u0142 wybrany na Stolic\u0119 Piotrow\u0105 16 pa\u017adziernika 1978 roku. Przyszed\u0142 na \u015bwiat w rodzinie Karola i Emilii z Kaczorowskich Wojty\u0142\u00f3w. <b style=\"mso-bidi-font-weight: normal;\">W wieku dziewi\u0119ciu lat straci\u0142 matk\u0119.<\/b> Starszy brat Edmund, lekarz, zmar\u0142 w roku 1932, a ojciec, oficer Wojska Polskiego, w roku 1941. <\/div>\n<div class=\"MsoNormal\" style=\"text-align: justify; text-indent: 35.4pt;\">Maj\u0105c dziewi\u0119\u0107 lat, przyj\u0105\u0142 Pierwsz\u0105 Komuni\u0119 \u015awi\u0119t\u0105, a w wieku lat osiemnastu otrzyma\u0142 Sakrament Bierzmowania. Po uko\u0144czeniu nauki w liceum wadowickim, <b style=\"mso-bidi-font-weight: normal;\">zosta\u0142 studentem Uniwersytetu Jagiello\u0144skiego w Krakowie w roku 1938.<\/b> Po zaj\u0119ciu Krakowa przez niemieckie wojska okupacyjne i zamkni\u0119ciu Uniwersytetu Jagiello\u0144skiego jesieni\u0105 1939 roku, m\u0142ody Karol, dla unikni\u0119cia deportacji do Niemiec, <b style=\"mso-bidi-font-weight: normal;\">pracowa\u0142 najpierw w kamienio\u0142omach, a potem w fabryce chemicznej Solvay w latach 1940 \u2013 1944.<\/b> <\/div>\n<div class=\"MsoNormal\" style=\"text-align: justify; text-indent: 35.4pt;\">Odpowiadaj\u0105c na rodz\u0105ce si\u0119 powo\u0142anie do kap\u0142a\u0144stwa, od 1942 roku <b style=\"mso-bidi-font-weight: normal;\">pobiera\u0142 nauk\u0119 w tajnych kursach formacyjnych przy seminarium<\/b> <b style=\"mso-bidi-font-weight: normal;\">krakowskim,<\/b> prowadzonym przez Arcybiskupa Krakowa, Kardyna\u0142a Adama Stefana Sapieh\u0119. R\u00f3wnocze\u015bnie by\u0142 jednym z organizator\u00f3w <b style=\"mso-bidi-font-weight: normal;\">tajnego \u201eTeatru Rapsodycznego\u201d.<\/b> Po wojnie kontynuowa\u0142 formacj\u0119 duchow\u0105 i intelektualn\u0105 w seminarium krakowskim i na ponownie otwartym wydziale teologicznym Uniwersytetu Jagiello\u0144skiego. <b style=\"mso-bidi-font-weight: normal;\">Otrzyma\u0142 \u015bwi\u0119cenia kap\u0142a\u0144skie w Krakowie 1 listopada 1946 roku, <\/b>a nast\u0119pnie zosta\u0142 wys\u0142any do Rzymu, gdzie w roku 1948 doko\u0144czy\u0142 studia doktoranckie z teologii, pisz\u0105c dysertacj\u0119 na temat wiary w dzie\u0142ach \u015awi\u0119tego Jana od Krzy\u017ca. <\/div>\n<div class=\"MsoNormal\" style=\"text-align: justify; text-indent: 35.4pt;\">W tym okresie, <b style=\"mso-bidi-font-weight: normal;\">w czasie wakacji, pos\u0142ugiwa\u0142 duszpastersko w\u015br\u00f3d emigrant\u00f3w polskich we Francji, Belgii i Holandii.<\/b> W roku 1948 powr\u00f3ci\u0142 do Polski i zosta\u0142 skierowany do pracy duszpasterskiej, najpierw jako <b style=\"mso-bidi-font-weight: normal;\">wikariusz w parafii Niegowi\u0107, a potem jako wsp\u00f3\u0142pracownik przy parafii \u015awi\u0119tego Floriana w Krakowie.<\/b> By\u0142 duszpasterzem akademickim do 1951 roku, kiedy to podj\u0105\u0142 ponownie studia filozoficzne i teologiczne. W roku 1953 opublikowa\u0142 na Katolickim Uniwersytecie Lubelskim prac\u0119 po\u015bwi\u0119con\u0105 systemowi etycznemu Maxa Schelera. Nast\u0119pnie <b style=\"mso-bidi-font-weight: normal;\">wyk\u0142ada\u0142 teologi\u0119 moraln\u0105 i etyk\u0119 <\/b>jako profesor seminarium krakowskiego i wydzia\u0142u teologicznego KUL. <\/div>\n<div class=\"MsoNormal\" style=\"text-align: justify; text-indent: 35.4pt;\"><b style=\"mso-bidi-font-weight: normal;\">Papie\u017c Pius XII mianowa\u0142 go, 4 lipca 1958 roku, biskupem tytularnym Ombi i pomocniczym krakowskim.<\/b> Sakr\u0119 biskupi\u0105 otrzyma\u0142 dnia 28 wrze\u015bnia 1958 roku w katedrze na Wawelu, z r\u0105k Arcybiskupa Eugeniusza Baziaka. <b style=\"mso-bidi-font-weight: normal;\">13 stycznia 1964 roku Papie\u017c Pawe\u0142 VI mianowa\u0142 go Arcybiskupem Krakowa, wynosz\u0105c go, 26 czerwca 1967 roku, do godno\u015bci kardynalskiej.<\/b> <\/div>\n<div class=\"MsoNormal\" style=\"text-align: justify; text-indent: 35.4pt;\">Jako uczestnik prac Soboru Watyka\u0144skiego II, obraduj\u0105cego w latach 1962 \u2013 1965, <b style=\"mso-bidi-font-weight: normal;\">uczestniczy\u0142 aktywnie w przygotowaniu konstytucji soborowej \u201eGaudium et spes\u201d.<\/b> W okresie poprzedzaj\u0105cym wyb\u00f3r na Stolic\u0119 Piotrow\u0105, Kardyna\u0142 Wojty\u0142a uczestniczy\u0142 w pi\u0119ciu zgromadzeniach plenarnych Synodu Biskup\u00f3w. <\/div>\n<div class=\"MsoNormal\" style=\"text-align: justify; text-indent: 35.4pt;\"><b style=\"mso-bidi-font-weight: normal;\">Zosta\u0142 wybrany Papie\u017cem 16 pa\u017adziernika 1978 roku.<\/b> Dnia 22 pa\u017adziernika tego\u017c roku odby\u0142a si\u0119 uroczysta inauguracja jego Pontyfikatu. Jan Pawe\u0142 II odby\u0142 146 wizyt duszpasterskich we W\u0142oszech, a jako Biskup Rzymu odwiedzi\u0142 317 z 332 parafii rzymskich. <b style=\"mso-bidi-font-weight: normal;\">Odby\u0142 104 podr\u00f3\u017ce apostolskie, kt\u00f3re s\u0105 przejawem jego pasterskiej troski o Ko\u015bci\u00f3\u0142 Powszechny.<\/b> Spo\u015br\u00f3d licznych dokument\u00f3w, opublikowanych za jego Pontyfikatu, nale\u017cy podkre\u015bli\u0107 14 encyklik, 15 adhortacji apostolskich, 11 konstytucji apostolskich i 45 list\u00f3w apostolskich. <b style=\"mso-bidi-font-weight: normal;\">Jako Papie\u017c napisa\u0142 5 ksi\u0105\u017cek:<\/b> \u201ePrzekroczy\u0107 pr\u00f3g nadziei\u201d \u2013 w pa\u017adzierniku 1994 roku; \u201eDar i Tajemnica\u201d \u2013 w listopadzie 1996 roku; \u201eTryptyk rzymski\u201d \u2013 w marcu 2003 roku; \u201eWsta\u0144cie! Chod\u017amy!\u201d \u2013 w maju 2004 roku i \u201ePami\u0119\u0107 i to\u017csamo\u015b\u0107\u201d \u2013 w lutym 2005 roku. <\/div>\n<div class=\"MsoNormal\" style=\"text-align: justify; text-indent: 35.4pt;\">Jan Pawe\u0142 II <b style=\"mso-bidi-font-weight: normal;\">przewodniczy\u0142 osobi\u015bcie 147 ceremoniom beatyfikacji, w czasie kt\u00f3rych og\u0142osi\u0142 1338 B\u0142ogos\u0142awionych i 51 ceremoniom kanonizacyjnym, og\u0142aszaj\u0105c 482 nowych \u015awi\u0119tych.<\/b> Zwo\u0142a\u0142 9 konsystorzy, w kt\u00f3rych mianowa\u0142 231 kardyna\u0142\u00f3w. Przewodniczy\u0142 6 zgromadzeniom plenarnym Kolegium Kardyna\u0142\u00f3w. Od roku 1978 powo\u0142a\u0142 15 zgromadze\u0144 Synodu Biskup\u00f3w [\u2026]. <\/div>\n<div class=\"MsoNormal\" style=\"text-align: justify; text-indent: 35.4pt;\"><b style=\"mso-bidi-font-weight: normal;\">W dniu 13 maja 1981 roku dokonano na Placu \u015awi\u0119tego Piotra nieudanego zamachu na jego \u017cycie.<\/b> Uratowany macierzy\u0144sk\u0105 opiek\u0105 Matki Bo\u017cej, po opuszczeniu szpitala, przebaczy\u0142 zamachowcowi i \u2013 \u015bwiadom ponownie otrzymanego daru \u017cycia \u2013 <b style=\"mso-bidi-font-weight: normal;\">ze zwi\u0119kszon\u0105 energi\u0105 powr\u00f3ci\u0142 do zaj\u0119\u0107 duszpasterskich,<\/b> po\u015bwi\u0119caj\u0105c si\u0119 im w spos\u00f3b heroiczny. <\/div>\n<div class=\"MsoNormal\" style=\"text-align: justify; text-indent: 35.4pt;\">Jego troska duszpasterska znalaz\u0142a sw\u00f3j szczeg\u00f3lny przejaw, mi\u0119dzy innymi <b style=\"mso-bidi-font-weight: normal;\">w utworzeniu licznych diecezji,<\/b> w promulgowaniu <b style=\"mso-bidi-font-weight: normal;\">Kodeks\u00f3w Prawa Kanonicznego<\/b> dla Ko\u015bcio\u0142a \u0142aci\u0144skiego i dla Ko\u015bcio\u0142\u00f3w wschodnich oraz w promulgowaniu <b style=\"mso-bidi-font-weight: normal;\">Katechizmu Ko\u015bcio\u0142a Katolickiego.<\/b> Momentami szczeg\u00f3lnie wa\u017cnymi dla pog\u0142\u0119bienia wiary Ludu Bo\u017cego by\u0142o og\u0142oszenie <b style=\"mso-bidi-font-weight: normal;\">Roku Odkupienia, Roku Maryjnego i Roku Eucharystii,<\/b> jak r\u00f3wnie\u017c og\u0142oszenie <b style=\"mso-bidi-font-weight: normal;\">Wielkiego Jubileuszu roku 2000. <\/b>Wyrazem jego \u017cywej troski apostolskiej by\u0142a propozycja zwo\u0142ywania <b style=\"mso-bidi-font-weight: normal;\">\u015awiatowych Dni M\u0142odzie\u017cy. <\/b><\/div>\n<div class=\"MsoNormal\" style=\"text-align: justify; text-indent: 35.4pt;\">\u017baden z jego poprzednik\u00f3w nie spotka\u0142 si\u0119 z tak wielk\u0105 ilo\u015bci\u0105 wiernych: w audiencjach generalnych, kt\u00f3rych odby\u0142o si\u0119 1160, uczestniczy\u0142o <b style=\"mso-bidi-font-weight: normal;\">\u0142\u0105cznie 17&nbsp;600 000 pielgrzym\u00f3w,<\/b> nie licz\u0105c tych, kt\u00f3rzy wzi\u0119li udzia\u0142 w audiencjach specjalnych i w zgromadzeniach liturgicznych oraz w spotkaniach w ramach pielgrzymek apostolskich. <b style=\"mso-bidi-font-weight: normal;\">W czasie trwania Wielkiego Jubileuszu roku 2000 Papie\u017c spotka\u0142 si\u0119 z przesz\u0142o 8 milionami wiernych.<\/b> Osobnym rozdzia\u0142em by\u0142y spotkania z przedstawicielami \u015bwiata polityki: odby\u0142o si\u0119 38 wizyt oficjalnych i 738 audiencji udzielonych g\u0142owom pa\u0144stw, oraz 246 audiencji udzielonych szefom rz\u0105d\u00f3w. <\/div>\n<div class=\"MsoNormal\" style=\"text-align: justify; text-indent: 35.4pt;\"><b style=\"mso-bidi-font-weight: normal;\">Zmar\u0142 w swoim apartamencie watyka\u0144skim, w sobot\u0119 2 kwietnia 2005 roku, o godz. 21.37, w wigili\u0119 Niedzieli Przewodniej, \u015awi\u0119ta Bo\u017cego Mi\u0142osierdzia, kt\u00f3re ustanowi\u0142.<\/b> Uroczysto\u015bci pogrzebowe odby\u0142y si\u0119 na Placu \u015awi\u0119tego Piotra 8 kwietnia.\u201d Tyle z oficjalnego \u017cyciorysu nowego B\u0142ogos\u0142awionego. Warto w tym miejscu doda\u0107, \u017ce w t\u0119 sam\u0105 Drug\u0105 Niedziel\u0119 Wielkanocn\u0105, w kt\u00f3r\u0105 Jan Pawe\u0142 II powr\u00f3ci\u0142 do Domu Ojca \u2013 tyle, \u017ce w roku 2011 \u2013 zosta\u0142 og\u0142oszony B\u0142ogos\u0142awionym.<\/div>\n<div class=\"MsoNormal\" style=\"text-align: justify; text-indent: 35.4pt;\"><b style=\"mso-bidi-font-weight: normal;\">W liturgii brewiarzowej,<\/b> spo\u015br\u00f3d tak bardzo obszernego i bogatego duchowego dorobku Jana Paw\u0142a II, wybrano <b style=\"mso-bidi-font-weight: normal;\">fragment homilii, wyg\u0142oszonej przez niego w dniu inauguracji Pontyfikatu, 22 pa\u017adziernika 1978 roku.<\/b> S\u0142owa te \u2013 z niezbadanych wyrok\u00f3w Bo\u017cych i za Bo\u017cym natchnieniem \u2013 sta\u0142y si\u0119 my\u015bl\u0105 przewodni\u0105 i wyznaczy\u0142y g\u0142\u00f3wny kierunek ca\u0142ej jego papieskiej pos\u0142ugi. <\/div>\n<div class=\"MsoNormal\" style=\"text-align: justify; text-indent: 35.4pt;\">A oto te s\u0142owa: \u201ePiotr przyby\u0142 do Rzymu! Co go skierowa\u0142o i przyprowadzi\u0142o do tego Miasta, serca Imperium Rzymskiego, <b style=\"mso-bidi-font-weight: normal;\">je\u015bli nie pos\u0142usze\u0144stwo natchnieniu otrzymanemu od Pana?<\/b> Mo\u017ce ten rybak z Galilei nie chcia\u0142by przyj\u015b\u0107 a\u017c tutaj. Mo\u017ce wola\u0142by pozosta\u0107 tam, nad brzegami jeziora Genezaret, ze swoj\u0105 \u0142odzi\u0105, ze swoimi sieciami. Ale prowadzony przez Pana, pos\u0142uszny Jego natchnieniu, przyby\u0142 tutaj! <\/div>\n<div class=\"MsoNormal\" style=\"text-align: justify; text-indent: 35.4pt;\">Wed\u0142ug dawnej tradycji, w czasie prze\u015bladowania za Nerona, Piotr chcia\u0142 opu\u015bci\u0107 Rzym. Ale wkroczy\u0142 Pan: wyszed\u0142 mu naprzeciw. Piotr zwr\u00f3ci\u0142 si\u0119 do Niego pytaj\u0105co: <b style=\"mso-bidi-font-weight: normal;\">\u201eQuo vadis Domine?\u201d \u2013 \u201eDok\u0105d idziesz, Panie?\u201d.<\/b> A Pan odpowiedzia\u0142 mu natychmiast: <b style=\"mso-bidi-font-weight: normal;\">\u201eId\u0119 do Rzymu, by Mnie ukrzy\u017cowano po raz drugi\u201d.<\/b> Piotr powr\u00f3ci\u0142 do Rzymu i pozosta\u0142 tutaj a\u017c do swego ukrzy\u017cowania. <\/div>\n<div class=\"MsoNormal\" style=\"text-align: justify; text-indent: 35.4pt;\">Nasz czas wzywa nas, sk\u0142ania nas, zobowi\u0105zuje nas do wpatrywania si\u0119 w Pana i pogr\u0105\u017cenia si\u0119 w pokornym i pobo\u017cnym rozwa\u017caniu tajemnicy najwy\u017cszej w\u0142adzy samego Chrystusa. Ten, kt\u00f3ry narodzi\u0142 si\u0119 z Dziewicy Maryi, Syn cie\u015bli \u2013 jak mniemano; Syn Boga \u017cywego \u2013 jak wyzna\u0142 Piotr, <b style=\"mso-bidi-font-weight: normal;\">przyszed\u0142, aby nas wszystkich uczyni\u0107 \u201ekr\u00f3lewskim kap\u0142a\u0144stwem\u201d.<\/b> <\/div>\n<div class=\"MsoNormal\" style=\"text-align: justify; text-indent: 35.4pt;\">Sob\u00f3r Watyka\u0144ski II przypomnia\u0142 nam tajemnic\u0119 tej w\u0142adzy i fakt, \u017ce <b style=\"mso-bidi-font-weight: normal;\">misja Chrystusa \u2013 Kap\u0142ana, Proroka (Nauczyciela) i Kr\u00f3la \u2013 trwa dalej w Ko\u015bciele.<\/b> Wszyscy, ca\u0142y lud Bo\u017cy uczestniczy w tej trojakiej misji. I mo\u017ce w przesz\u0142o\u015bci wk\u0142adano na g\u0142ow\u0119 papie\u017ca tiar\u0119, t\u0119 potr\u00f3jn\u0105 koron\u0119, aby wyrazi\u0107 przez ten symbol, \u017ce ca\u0142y hierarchiczny ustr\u00f3j Ko\u015bcio\u0142a Chrystusowego, ca\u0142a jego \u201e\u015bwi\u0119ta w\u0142adza\u201d w nim sprawowana, nie jest niczym innym jak s\u0142u\u017cb\u0105 \u2013 <b style=\"mso-bidi-font-weight: normal;\">s\u0142u\u017cb\u0105, kt\u00f3ra ma na celu tylko jedno: aby ca\u0142y lud Bo\u017cy by\u0142 uczestnikiem tej trojakiej misji Chrystusa i pozostawa\u0142 zawsze pod w\u0142adz\u0105 Pana,<\/b> kt\u00f3ra bierze sw\u00f3j pocz\u0105tek nie z mocy tego \u015bwiata, lecz od Ojca Niebieskiego oraz z tajemnicy krzy\u017ca i zmartwychwstania.<\/div>\n<div class=\"MsoNormal\" style=\"text-align: justify; text-indent: 35.4pt;\">Ta absolutna, a jednak mi\u0142a i s\u0142odka w\u0142adza Pana, odpowiada ca\u0142ej g\u0142\u0119bi cz\u0142owieka, jego najwznio\u015blejszym aspiracjom umys\u0142u, woli, serca. <b style=\"mso-bidi-font-weight: normal;\">Ona nie przemawia j\u0119zykiem si\u0142y, lecz wyra\u017ca si\u0119 w mi\u0142o\u015bci i w prawdzie. <\/b><\/div>\n<div class=\"MsoNormal\" style=\"text-align: justify; text-indent: 35.4pt;\">Nowy Nast\u0119pca Piotra na Rzymskiej Stolicy wypowiada dzisiaj gor\u0105c\u0105, pokorn\u0105, ufn\u0105 modlitw\u0119: \u201eO Chryste! Spraw, bym m\u00f3g\u0142 sta\u0107 si\u0119 i by\u0107 <b style=\"mso-bidi-font-weight: normal;\">s\u0142ug\u0105 Twojej jedynej w\u0142adzy! S\u0142ug\u0105 Twojej s\u0142odkiej w\u0142adzy! S\u0142ug\u0105 Twojej w\u0142adzy, kt\u00f3ra nie przemija!<\/b> Spraw, bym potrafi\u0142 by\u0107 s\u0142ug\u0105! Co wi\u0119cej \u2013 <b style=\"mso-bidi-font-weight: normal;\">s\u0142ug\u0105 Twoich s\u0142ug!\u201d. <\/b><\/div>\n<div class=\"MsoNormal\" style=\"text-align: justify; text-indent: 35.4pt;\">Bracia i Siostry! <b style=\"mso-bidi-font-weight: normal;\">Nie obawiajcie si\u0119 przyj\u0105\u0107 Chrystusa i zgodzi\u0107 si\u0119 na Jego w\u0142adz\u0119! Pom\u00f3\u017ccie Papie\u017cowi<\/b> i wszystkim, kt\u00f3rzy chc\u0105 s\u0142u\u017cy\u0107 Chrystusowi i przy pomocy w\u0142adzy Chrystusowej s\u0142u\u017cy\u0107 cz\u0142owiekowi i ca\u0142ej ludzko\u015bci! <\/div>\n<div class=\"MsoNormal\" style=\"text-align: justify; text-indent: 35.4pt;\"><b style=\"mso-bidi-font-weight: normal;\">NIE L\u0118KAJCIE SI\u0118! OTW\u00d3RZCIE, OTW\u00d3RZCIE NA O\u015aCIE\u017b DRZWI CHRYSTUSOWI! JEGO ZBAWCZEJ W\u0141ADZY OTW\u00d3RZCIE GRANICE PA\u0143STW, USTROJ\u00d3W EKONOMICZNYCH I POLITYCZNYCH, SZEROKICH DZIEDZIN KULTURY, CYWILIZACJI, ROZWOJU. NIE L\u0118KAJCIE SI\u0118! CHRYSTUS WIE, \u201eCO JEST W CZ\u0141OWIEKU\u201d. TYLKO ON TO WIE! <\/b><\/div>\n<div class=\"MsoNormal\" style=\"text-align: justify; text-indent: 35.4pt;\">Dzisiaj tak cz\u0119sto cz\u0142owiek nie wie, co nosi w sobie, w g\u0142\u0119bi swojej duszy, swego serca. Tak cz\u0119sto jest niepewny sensu swego \u017cycia na tej ziemi. Tak cz\u0119sto opanowuje go zw\u0105tpienie, kt\u00f3re przechodzi w rozpacz. <b style=\"mso-bidi-font-weight: normal;\">Pozw\u00f3lcie zatem \u2013 prosz\u0119 was, b\u0142agam was z pokor\u0105 i ufno\u015bci\u0105 \u2013 pozw\u00f3lcie Chrystusowi m\u00f3wi\u0107 do cz\u0142owieka. Tylko On ma s\u0142owa \u017cycia, tak, \u017cycia wiecznego!\u201d <\/b>Tyle Jan Pawe\u0142 II w swojej <b style=\"mso-bidi-font-weight: normal;\">monumentalnej homilii \u2013 mo\u017cna by rzec: przem\u00f3wieniu programowym<\/b> \u2013 na rozpocz\u0119cie Pontyfikatu.<\/div>\n<div class=\"MsoNormal\" style=\"text-align: justify; text-indent: 35.4pt;\">A jego nast\u0119pca, Benedykt XVI, ju\u017c z perspektywy zako\u0144czonego pos\u0142ugiwania swego Poprzednika, tak o nim m\u00f3wi\u0142 w homilii beatyfikacyjnej: \u201eDrodzy Bracia i Siostry! Dzi\u015b jawi si\u0119 naszym oczom, w pe\u0142nym duchowym \u015bwietle Chrystusa zmartwychwsta\u0142ego, <b style=\"mso-bidi-font-weight: normal;\">posta\u0107 umi\u0142owanego i czczonego Jana Paw\u0142a II.<\/b> Dzi\u015b jego imi\u0119 zostaje w\u0142\u0105czone <b style=\"mso-bidi-font-weight: normal;\">w poczet \u015awi\u0119tych i B\u0142ogos\u0142awionych,<\/b> kt\u00f3rych on sam takimi og\u0142osi\u0142 podczas prawie dwudziestu siedmiu lat swojego Pontyfikatu, przypominaj\u0105c z moc\u0105 o powszechnym powo\u0142aniu do wy\u017cyn \u017cycia chrze\u015bcija\u0144skiego, do \u015bwi\u0119to\u015bci. [\u2026] <\/div>\n<div class=\"MsoNormal\" style=\"text-align: justify; text-indent: 35.4pt;\">Karol Wojty\u0142a, najpierw jako biskup pomocniczy, a potem jako Arcybiskup Krakowski, uczestniczy\u0142 w Soborze Watyka\u0144skim II, i zdawa\u0142 sobie spraw\u0119, \u017ce po\u015bwi\u0119cenie Maryi ostatniego rozdzia\u0142u dokumentu o Ko\u015bciele oznacza\u0142o <b style=\"mso-bidi-font-weight: normal;\">wskazanie na Matk\u0119 Bo\u017c\u0105 jako obraz i wz\u00f3r \u015bwi\u0119to\u015bci dla ka\u017cdego chrze\u015bcijanina i ca\u0142ego Ko\u015bcio\u0142a.<\/b> T\u0119 teologiczn\u0105 wizj\u0119 B\u0142ogos\u0142awiony Jan Pawe\u0142 II <b style=\"mso-bidi-font-weight: normal;\">odkry\u0142 ju\u017c w m\u0142odo\u015bci,<\/b> a nast\u0119pnie zachowywa\u0142 i pog\u0142\u0119bia\u0142 przez ca\u0142e \u017cycie. Wizja ta streszcza si\u0119 w biblijnym obrazie Chrystusa na krzy\u017cu z Maryj\u0105, Jego Matk\u0105 u boku. <\/div>\n<div class=\"MsoNormal\" style=\"text-align: justify; text-indent: 35.4pt;\">Obraz ten, znajduj\u0105cy si\u0119 w ewangelii Jana, zosta\u0142 uj\u0119ty w biskupim, a potem papieskim herbie Karola Wojty\u0142y: <b style=\"mso-bidi-font-weight: normal;\">z\u0142oty krzy\u017c, litera \u201eM\u201d po prawej stronie u do\u0142u, i zawo\u0142anie: \u201eTotus Tuus\u201d,<\/b> kt\u00f3re odpowiada s\u0142ynnemu zdaniu \u015awi\u0119tego Ludwika Marii Grignon de Monforta, w kt\u00f3rym Karol Wojty\u0142a odnalaz\u0142 podstawow\u0105 zasad\u0119 swego \u017cycia: <b style=\"mso-bidi-font-weight: normal;\">\u201eTotus tuus ego sum et omnia mea tua sunt. Accipio Te in mea omnia. Praebe mihi cor tuum, Maria!\u201d \u2013 \u201eCa\u0142y jestem Tw\u00f3j i wszystko, co moje, Twoim jest. Odnajduj\u0119 Ci\u0119 we wszelkim moim dobru. Daj mi Twe serce o Maryjo!\u201d.<\/b> <\/div>\n<div class=\"MsoNormal\" style=\"text-align: justify; text-indent: 35.4pt;\">W swoim \u201eTestamencie\u201d nowy B\u0142ogos\u0142awiony napisa\u0142: \u201eKiedy w dniu 16 pa\u017adziernika 1978 roku konklawe kardyna\u0142\u00f3w wybra\u0142o Jana Paw\u0142a II, Prymas Polski, Kardyna\u0142 Stefan Wyszy\u0144ski, powiedzia\u0142 do mnie: <b style=\"mso-bidi-font-weight: normal;\">\u201eZadaniem nowego Papie\u017ca b\u0119dzie wprowadzi\u0107 Ko\u015bci\u00f3\u0142 w trzecie tysi\u0105clecie\u201d.<\/b> Dalej czytamy: \u201ePragn\u0119 raz jeszcze wyrazi\u0107 wdzi\u0119czno\u015b\u0107 Duchowi \u015awi\u0119temu za wielki dar Soboru Watyka\u0144skiego II, kt\u00f3rego wraz z ca\u0142ym Ko\u015bcio\u0142em \u2013 a w szczeg\u00f3lno\u015bci z ca\u0142ym episkopatem \u2013 czuj\u0119 si\u0119 d\u0142u\u017cnikiem. Jestem przekonany, \u017ce <b style=\"mso-bidi-font-weight: normal;\">d\u0142ugo jeszcze dane b\u0119dzie nowym pokoleniom czerpa\u0107 z tych bogactw, jakimi Sob\u00f3r dwudziestego wieku nas obdarowa\u0142.<\/b> Jako biskup, kt\u00f3ry uczestniczy\u0142 w soborowym wydarzeniu od pierwszego do ostatniego dnia, pragn\u0119 powierzy\u0107 to wielkie dziedzictwo wszystkim, kt\u00f3rzy do jego realizacji s\u0105 i b\u0119d\u0105 w przysz\u0142o\u015bci powo\u0142ani. Sam za\u015b dzi\u0119kuj\u0119 Wiecznemu Pasterzowi za to, \u017ce pozwoli\u0142 mi <b style=\"mso-bidi-font-weight: normal;\">tej wielkiej sprawie s\u0142u\u017cy\u0107<\/b> w ci\u0105gu wszystkich lat mego Pontyfikatu\u201d. <\/div>\n<div class=\"MsoNormal\" style=\"text-align: justify; text-indent: 35.4pt;\"><b style=\"mso-bidi-font-weight: normal;\">Ale o jak\u0105 spraw\u0119 chodzi?<\/b> Chodzi o to samo, co Jan Pawe\u0142 II wyrazi\u0142 ju\u017c podczas swej pierwszej uroczystej Mszy na Placu \u015awi\u0119tego Piotra w niezapomnianych s\u0142owach: <b style=\"mso-bidi-font-weight: normal;\">\u201eNie l\u0119kajcie si\u0119! Otw\u00f3rzcie, otw\u00f3rzcie na o\u015bcie\u017c drzwi Chrystusowi!\u201d.<\/b> To, o co nowo wybrany Papie\u017c prosi\u0142 wszystkich, sam wcze\u015bniej uczyni\u0142: <b style=\"mso-bidi-font-weight: normal;\">otworzy\u0142 dla Chrystusa spo\u0142ecze\u0144stwo, kultur\u0119, systemy polityczne i ekonomiczne, odwracaj\u0105c z si\u0142\u0105 olbrzyma \u2013 si\u0142\u0105, kt\u00f3r\u0105 czerpa\u0142 z Boga \u2013 tendencj\u0119, kt\u00f3ra wydawa\u0142a si\u0119 by\u0107 nieodwracalna.\u201d<\/b> <\/div>\n<div class=\"MsoNormal\" style=\"text-align: justify; text-indent: 35.4pt;\">Teraz Benedykt XVI przem\u00f3wi\u0142 po polsku: \u201eSwoim \u015bwiadectwem wiary, mi\u0142o\u015bci i odwagi apostolskiej, pe\u0142nym ludzkiej wra\u017cliwo\u015bci, ten <b style=\"mso-bidi-font-weight: normal;\">znakomity Syn narodu polskiego, pom\u00f3g\u0142 chrze\u015bcijanom na ca\u0142ym \u015bwiecie, by nie l\u0119kali si\u0119 by\u0107 chrze\u015bcijanami, nale\u017ce\u0107 do Ko\u015bcio\u0142a, g\u0142osi\u0107 Ewangeli\u0119.<\/b> Jednym s\u0142owem: pom\u00f3g\u0142 nam nie l\u0119ka\u0107 si\u0119 prawdy, gdy\u017c prawda jest gwarancj\u0105 wolno\u015bci.\u201d<\/div>\n<div class=\"MsoNormal\" style=\"text-align: justify; text-indent: 35.4pt;\">I dalej, ju\u017c po w\u0142osku, Papie\u017c m\u00f3wi\u0142: \u201eJeszcze dosadniej: przywr\u00f3ci\u0142 nam si\u0142\u0119 wiary w Chrystusa, gdy\u017c jest On <b style=\"mso-bidi-font-weight: normal;\">Redemptor hominis \u2013 Odkupicielem cz\u0142owieka,<\/b> co sta\u0142o si\u0119 tematem jego pierwszej encykliki i przewodnim w\u0105tkiem pozosta\u0142ych. Karol Wojty\u0142a zasiad\u0142 na Stolicy Piotrowej przynosz\u0105c ze sob\u0105 g\u0142\u0119bok\u0105 refleksj\u0119 nad konfrontacj\u0105 pomi\u0119dzy marksizmem i chrze\u015bcija\u0144stwem, skupion\u0105 na cz\u0142owieku. <b style=\"mso-bidi-font-weight: normal;\">Jego przes\u0142anie brzmia\u0142o: cz\u0142owiek jest drog\u0105 Ko\u015bcio\u0142a, a Chrystus jest drog\u0105 cz\u0142owieka.<\/b> <\/div>\n<div class=\"MsoNormal\" style=\"text-align: justify; text-indent: 35.4pt;\">Kieruj\u0105c si\u0119 tym przes\u0142aniem, b\u0119d\u0105cym wielkim dziedzictwem Soboru Watyka\u0144skiego II i jego sternika, s\u0142ugi Bo\u017cego, Papie\u017ca Paw\u0142a VI, <b style=\"mso-bidi-font-weight: normal;\">Jan Pawe\u0142 II prowadzi\u0142 Lud Bo\u017cy do przekroczenia progu trzeciego tysi\u0105clecia,<\/b> kt\u00f3ry ze wzgl\u0119du na Chrystusa m\u00f3g\u0142 nazwa\u0107 \u201eprogiem nadziei\u201d. Tak, poprzez d\u0142ug\u0105 drog\u0119 przygotowania Wielkiego Jubileuszu, <b style=\"mso-bidi-font-weight: normal;\">na nowo ukierunkowa\u0142 chrze\u015bcija\u0144stwo ku przysz\u0142o\u015bci, Bo\u017cej przysz\u0142o\u015bci,<\/b> wykraczaj\u0105cej poza histori\u0119, lecz r\u00f3wnie\u017c w niej zakorzenionej. Ten \u0142adunek nadziei, kt\u00f3ry w pewien spos\u00f3b zosta\u0142 zaw\u0142aszczony przez marksizm oraz ideologi\u0119 post\u0119pu, <b style=\"mso-bidi-font-weight: normal;\">s\u0142usznie odda\u0142 on chrze\u015bcija\u0144stwu.<\/b> W ten spos\u00f3b przywr\u00f3ci\u0142 nadziei jej autentyczne oblicze, aby m\u00f3c prze\u017cywa\u0107 nadziej\u0119 w duchu \u201eadwentu\u201d, osobistej i wsp\u00f3lnotowej egzystencji skierowanej na Chrystusa, w kt\u00f3rym wyra\u017ca si\u0119 pe\u0142nia cz\u0142owieka i spe\u0142nienie jego oczekiwa\u0144 sprawiedliwo\u015bci i pokoju.<\/div>\n<div class=\"MsoNormal\" style=\"text-align: justify; text-indent: 35.4pt;\"><b style=\"mso-bidi-font-weight: normal;\">Chcia\u0142bym na koniec podzi\u0119kowa\u0107 Bogu za osobiste do\u015bwiadczenie d\u0142ugoletniej wsp\u00f3\u0142pracy z Papie\u017cem Janem Paw\u0142em II.<\/b> Ju\u017c wcze\u015bniej mia\u0142em mo\u017cliwo\u015b\u0107 poznania i docenienia jego osoby, lecz od 1982 roku, gdy wezwa\u0142 mnie do Rzymu na Prefekta Kongregacji Nauki Wiary, <b style=\"mso-bidi-font-weight: normal;\">przez kolejne dwadzie\u015bcia trzy lata mog\u0142em by\u0107 przy nim i coraz bardziej go podziwia\u0107.<\/b> Moja pos\u0142uga by\u0142a wspierana <b style=\"mso-bidi-font-weight: normal;\">jego g\u0142\u0119bok\u0105 duchowo\u015bci\u0105 i bogactwem jego intuicji.<\/b> Zawsze uderza\u0142 mnie i budowa\u0142 przyk\u0142ad jego modlitwy: zanurza\u0142 si\u0119 w spotkaniu z Bogiem, pomimo rozlicznych trudno\u015bci jego pos\u0142ugiwania. <\/div>\n<div class=\"MsoNormal\" style=\"text-align: justify; text-indent: 35.4pt;\"><b style=\"mso-bidi-font-weight: normal;\">A potem \u015bwiadectwo jego cierpienia: Pan pozbawia\u0142 go stopniowo wszystkiego, lecz on pozostawa\u0142 ska\u0142\u0105, zgodnie z wol\u0105 Chrystusa.<\/b> Jego g\u0142\u0119boka pokora zakorzeniona w intymnym zjednoczeniu z Chrystusem, pozwoli\u0142a mu <b style=\"mso-bidi-font-weight: normal;\">dalej prowadzi\u0107 Ko\u015bci\u00f3\u0142 i dawa\u0107 \u015bwiatu jeszcze bardziej wymowne przes\u0142anie \u2013<\/b> i to w czasie, gdy topnia\u0142y jego si\u0142y fizyczne. W ten spos\u00f3b doskonale zrealizowa\u0142 on powo\u0142anie ka\u017cdego kap\u0142ana i biskupa: <b style=\"mso-bidi-font-weight: normal;\">bycia jedno z Chrystusem,<\/b> z Tym, kt\u00f3rego codziennie przyjmuje i ofiaruje w Eucharystii. <\/div>\n<div class=\"MsoNormal\" style=\"text-align: justify; text-indent: 35.4pt;\"><b style=\"mso-bidi-font-weight: normal;\">B\u0142ogos\u0142awiony jeste\u015b umi\u0142owany Papie\u017cu Janie Pawle II, poniewa\u017c uwierzy\u0142e\u015b. Prosimy, by\u015b nadal umacnia\u0142 z nieba wiar\u0119 Ludu Bo\u017cego!\u201d<\/b> Tyle z homilii Benedykta XVI.<\/div>\n<div class=\"MsoNormal\" style=\"text-align: justify; text-indent: 35.4pt;\">A my, s\u0142uchaj\u0105c Bo\u017cego S\u0142owa, przeznaczonego na dzie\u0144 dzisiejszy w Liturgii Ko\u015bcio\u0142a, w Ewangelii \u0141ukaszowej odnajdujemy <b style=\"mso-bidi-font-weight: normal;\">skierowane przez Jezusa do ka\u017cdego z nas wezwanie do nawr\u00f3cenia.<\/b> Jest to wezwanie mocne, poparte konkretnymi przyk\u0142adami dramat\u00f3w ludzi, kt\u00f3rzy trwali w swoim grzechu. Ale jednocze\u015bnie otrzymujemy bardzo wyra\u017any i jasny sygna\u0142, \u017ce <b style=\"mso-bidi-font-weight: normal;\">Pan ka\u017cdemu daje drug\u0105, trzeci\u0105 i kolejn\u0105 szans\u0119,<\/b> bo Jemu wcale nie zale\u017cy na ukaraniu cz\u0142owieka, ale w\u0142a\u015bnie na jego nawr\u00f3ceniu.<\/div>\n<div class=\"MsoNormal\" style=\"text-align: justify; text-indent: 35.4pt;\">Tak samo mocne i przekonuj\u0105ce by\u0142o \u2013 i nadal jest \u2013 <b style=\"mso-bidi-font-weight: normal;\">\u015bwiadectwo i wo\u0142anie Jana Paw\u0142a II do dzisiejszego zagubionego \u015bwiata,<\/b> aby skierowa\u0142 si\u0119 ku Bogu. Jan Pawe\u0142 II to swoje wo\u0142anie potwierdza\u0142 swoim \u017cyciem: <b style=\"mso-bidi-font-weight: normal;\">\u017cyciem nie wed\u0142ug cia\u0142a, ale wed\u0142ug ducha<\/b> \u2013 jak pi\u0119knie si\u0119 dzi\u015b wyrazi\u0142 Pawe\u0142 Aposto\u0142 w swoim Li\u015bcie, w pierwszym czytaniu, rozwijaj\u0105c zreszt\u0105 dok\u0142adniej t\u0119 my\u015bl\u2026 <\/div>\n<div class=\"MsoNormal\" style=\"text-align: justify; text-indent: 35.4pt;\"><b style=\"mso-bidi-font-weight: normal;\">Jan Pawe\u0142 II to cz\u0142owiek \u017cyj\u0105cy wed\u0142ug ducha <\/b>\u2013 nie m\u00f3g\u0142 w to w\u0105tpi\u0107 z ca\u0142\u0105 pewno\u015bci\u0105 nikt, <b style=\"mso-bidi-font-weight: normal;\">kto chocia\u017cby widzia\u0142 go w czasie modlitwy,<\/b> ale tak\u017ce ka\u017cdy, kto na spokojnie przeanalizowa\u0142 owoce jego pos\u0142ugi. <b style=\"mso-bidi-font-weight: normal;\">To by\u0142 cz\u0142owiek \u017cyj\u0105cy wed\u0142ug ducha!<\/b> <\/div>\n<div class=\"MsoNormal\" style=\"text-align: justify; text-indent: 35.4pt;\">Ale to by\u0142 te\u017c cz\u0142owiek <b style=\"mso-bidi-font-weight: normal;\">\u017cyj\u0105cy na ziemi i twardo po tej ziemi st\u0105paj\u0105cy, <\/b>rozumia\u0142 wi\u0119c ludzkie problemy, trudno\u015bci z \u017cyciem i post\u0119powaniem zgodnie z wol\u0105 Bo\u017c\u0105, zw\u0142aszcza we wsp\u00f3\u0142czesnym \u015bwiecie\u2026 <b style=\"mso-bidi-font-weight: normal;\">Dlatego on tak\u017ce dawa\u0142 nam wszystkim \u2013 w imieniu Pana \u2013 drug\u0105, trzeci\u0105 i kolejne szanse<\/b>\u2026 A my? Co my na to? Co ja na to? <\/div>\n<div class=\"MsoNormal\" style=\"text-align: justify; text-indent: 35.4pt;\">Co na to my, <b style=\"mso-bidi-font-weight: normal;\">Polacy, tak cz\u0119sto zawodz\u0105cy \u201eswojego\u201d Papie\u017ca?<\/b> Tak\u017ce ostatnio \u201epopisali\u015bmy si\u0119\u201d takimi, a nie innymi wyborami \u2013 i to w dniu papieskim; a w mie\u015bcie papieskim, Krakowie, wygrali ci kandydaci, kt\u00f3rym jako\u015b nie po drodze z nauczaniem Jana Paw\u0142a II. I bardzo, bardzo wiele naszych postaw ka\u017ce nam wyci\u0105gn\u0105\u0107 wniosek, \u017ce <b style=\"mso-bidi-font-weight: normal;\">gdy idzie o \u017cycie wed\u0142ug tego, czego on nas naucza\u0142, to jeste\u015bmy jeszcze na pocz\u0105tku drogi<\/b>\u2026 <\/div>\n<div class=\"MsoNormal\" style=\"text-align: justify; text-indent: 35.4pt;\">A otrzymali\u015bmy tak wiele! Otrzymali\u015bmy tak niezwyk\u0142ego Cz\u0142owieka, a przez niego \u2013 tak bardzo wiele tre\u015bci, dobrego przyk\u0142adu, tak wiele mi\u0142o\u015bci\u2026 C\u00f3\u017c, kiedy my tak, jak rozkapryszone dzieci \u2013 ci\u0105gle chcemy czego\u015b innego\u2026 I nie poznajemy czasu swego nawiedzenia! <b style=\"mso-bidi-font-weight: normal;\">Jak my si\u0119 z tego przed Bogiem wyt\u0142umaczymy na S\u0105dzie?<\/b>\u2026 <\/div>\n","protected":false},"excerpt":{"rendered":"<p>Wspomnienie B\u0142. Jana Paw\u0142a II, do czyta\u0144:&nbsp; Rz 8,1\u201311;&nbsp; \u0141k 13,1\u20139 Z najwi\u0119ksz\u0105 rado\u015bci\u0105 i w duchu wdzi\u0119czno\u015bci Bogu, prze\u017cywamy dzisiaj po raz pierwszy liturgiczne wspomnienie B\u0142ogos\u0142awionego Papie\u017ca Jana Paw\u0142a II. Jest to dla nas \u017ar\u00f3d\u0142em ogromnej wewn\u0119trznej satysfakcji, \u017ce po tak kr\u00f3tkim procesie beatyfikacyjnym zosta\u0142 on w dniu 1 maja bie\u017c\u0105cego roku og\u0142oszony \u2013 [&hellip;]<\/p>\n","protected":false},"author":1,"featured_media":0,"comment_status":"open","ping_status":"open","sticky":false,"template":"","format":"standard","meta":{"jetpack_post_was_ever_published":false,"_jetpack_newsletter_access":"","_jetpack_dont_email_post_to_subs":false,"_jetpack_newsletter_tier_id":0,"_jetpack_memberships_contains_paywalled_content":false,"_jetpack_memberships_contains_paid_content":false,"footnotes":""},"categories":[1],"tags":[],"class_list":["post-9695","post","type-post","status-publish","format-standard","hentry","category-bez-kategorii"],"yoast_head":"<!-- This site is optimized with the Yoast SEO plugin v25.1 - https:\/\/yoast.com\/wordpress\/plugins\/seo\/ -->\n<title>Nie l\u0119kajcie si\u0119! Otw\u00f3rzcie na o\u015bcie\u017c drzwi Chrystusowi! - Gaudium Et Spes<\/title>\n<meta name=\"robots\" content=\"index, follow, max-snippet:-1, max-image-preview:large, max-video-preview:-1\" \/>\n<link rel=\"canonical\" href=\"https:\/\/gaudiumetspes-blog.pl\/index.php\/2011\/10\/22\/nie-lekajcie-sie-otworzcie-na-osciez\/\" \/>\n<meta property=\"og:locale\" content=\"pl_PL\" \/>\n<meta property=\"og:type\" content=\"article\" \/>\n<meta property=\"og:title\" content=\"Nie l\u0119kajcie si\u0119! Otw\u00f3rzcie na o\u015bcie\u017c drzwi Chrystusowi! - Gaudium Et Spes\" \/>\n<meta property=\"og:description\" content=\"Wspomnienie B\u0142. Jana Paw\u0142a II, do czyta\u0144:&nbsp; Rz 8,1\u201311;&nbsp; \u0141k 13,1\u20139 Z najwi\u0119ksz\u0105 rado\u015bci\u0105 i w duchu wdzi\u0119czno\u015bci Bogu, prze\u017cywamy dzisiaj po raz pierwszy liturgiczne wspomnienie B\u0142ogos\u0142awionego Papie\u017ca Jana Paw\u0142a II. Jest to dla nas \u017ar\u00f3d\u0142em ogromnej wewn\u0119trznej satysfakcji, \u017ce po tak kr\u00f3tkim procesie beatyfikacyjnym zosta\u0142 on w dniu 1 maja bie\u017c\u0105cego roku og\u0142oszony \u2013 [&hellip;]\" \/>\n<meta property=\"og:url\" content=\"https:\/\/gaudiumetspes-blog.pl\/index.php\/2011\/10\/22\/nie-lekajcie-sie-otworzcie-na-osciez\/\" \/>\n<meta property=\"og:site_name\" content=\"Gaudium Et Spes\" \/>\n<meta property=\"article:published_time\" content=\"2011-10-22T03:00:00+00:00\" \/>\n<meta property=\"article:modified_time\" content=\"2019-07-31T10:52:43+00:00\" \/>\n<meta name=\"author\" content=\"Ks. Jacek\" \/>\n<meta name=\"twitter:card\" content=\"summary_large_image\" \/>\n<meta name=\"twitter:label1\" content=\"Napisane przez\" \/>\n\t<meta name=\"twitter:data1\" content=\"Ks. Jacek\" \/>\n\t<meta name=\"twitter:label2\" content=\"Szacowany czas czytania\" \/>\n\t<meta name=\"twitter:data2\" content=\"16 minut\" \/>\n<script type=\"application\/ld+json\" class=\"yoast-schema-graph\">{\"@context\":\"https:\/\/schema.org\",\"@graph\":[{\"@type\":\"WebPage\",\"@id\":\"https:\/\/gaudiumetspes-blog.pl\/index.php\/2011\/10\/22\/nie-lekajcie-sie-otworzcie-na-osciez\/\",\"url\":\"https:\/\/gaudiumetspes-blog.pl\/index.php\/2011\/10\/22\/nie-lekajcie-sie-otworzcie-na-osciez\/\",\"name\":\"Nie l\u0119kajcie si\u0119! Otw\u00f3rzcie na o\u015bcie\u017c drzwi Chrystusowi! - Gaudium Et Spes\",\"isPartOf\":{\"@id\":\"https:\/\/gaudiumetspes-blog.pl\/#website\"},\"datePublished\":\"2011-10-22T03:00:00+00:00\",\"dateModified\":\"2019-07-31T10:52:43+00:00\",\"author\":{\"@id\":\"https:\/\/gaudiumetspes-blog.pl\/#\/schema\/person\/1661982992b752dea8dff0d4ed845a65\"},\"breadcrumb\":{\"@id\":\"https:\/\/gaudiumetspes-blog.pl\/index.php\/2011\/10\/22\/nie-lekajcie-sie-otworzcie-na-osciez\/#breadcrumb\"},\"inLanguage\":\"pl-PL\",\"potentialAction\":[{\"@type\":\"ReadAction\",\"target\":[\"https:\/\/gaudiumetspes-blog.pl\/index.php\/2011\/10\/22\/nie-lekajcie-sie-otworzcie-na-osciez\/\"]}]},{\"@type\":\"BreadcrumbList\",\"@id\":\"https:\/\/gaudiumetspes-blog.pl\/index.php\/2011\/10\/22\/nie-lekajcie-sie-otworzcie-na-osciez\/#breadcrumb\",\"itemListElement\":[{\"@type\":\"ListItem\",\"position\":1,\"name\":\"Strona g\u0142\u00f3wna\",\"item\":\"https:\/\/gaudiumetspes-blog.pl\/\"},{\"@type\":\"ListItem\",\"position\":2,\"name\":\"Nie&nbsp;l\u0119kajcie si\u0119! Otw\u00f3rzcie na&nbsp;o\u015bcie\u017c drzwi Chrystusowi!\"}]},{\"@type\":\"WebSite\",\"@id\":\"https:\/\/gaudiumetspes-blog.pl\/#website\",\"url\":\"https:\/\/gaudiumetspes-blog.pl\/\",\"name\":\"Gaudium Et Spes\",\"description\":\"Blog Ks. Jacka Ja\u015bkowskiego\",\"potentialAction\":[{\"@type\":\"SearchAction\",\"target\":{\"@type\":\"EntryPoint\",\"urlTemplate\":\"https:\/\/gaudiumetspes-blog.pl\/?s={search_term_string}\"},\"query-input\":{\"@type\":\"PropertyValueSpecification\",\"valueRequired\":true,\"valueName\":\"search_term_string\"}}],\"inLanguage\":\"pl-PL\"},{\"@type\":\"Person\",\"@id\":\"https:\/\/gaudiumetspes-blog.pl\/#\/schema\/person\/1661982992b752dea8dff0d4ed845a65\",\"name\":\"Ks. Jacek\",\"image\":{\"@type\":\"ImageObject\",\"inLanguage\":\"pl-PL\",\"@id\":\"https:\/\/gaudiumetspes-blog.pl\/#\/schema\/person\/image\/\",\"url\":\"https:\/\/gaudiumetspes-blog.pl\/wp-content\/uploads\/2019\/07\/avatar-JJ-150x150.jpg\",\"contentUrl\":\"https:\/\/gaudiumetspes-blog.pl\/wp-content\/uploads\/2019\/07\/avatar-JJ-150x150.jpg\",\"caption\":\"Ks. Jacek\"},\"description\":\"Witam serdecznie! K\u0142ania si\u0119 Ks. Jacek Ja\u015bkowski. Nie jestem ani kim\u015b wa\u017cnym, ani kim\u015b znanym. Jestem ksi\u0119dzem, kt\u00f3ry po prostu chce rozmawia\u0107. Codzienna kap\u0142a\u0144ska pos\u0142uga pokazuje mi, \u017ce temat\u00f3w do rozm\u00f3w z ksi\u0119dzem jest coraz wi\u0119cej i dzisiaj \u017caden ksi\u0105dz nie mo\u017ce od nich ucieka\u0107, ale - wprost przeciwnie - podejmowa\u0107 nowe wyzwania. To przekonanie sk\u0142oni\u0142o mnie do pr\u00f3by otwarcia tego\u017c bloga, chocia\u017c okazji do rozm\u00f3w na co dzie\u0144 - w konfesjonale i poza nim - na szcz\u0119\u015bcie nie brakuje. My\u015bl\u0119 jednak, \u017ce ten blog b\u0119dzie jeszcze jednym sposobem i przestrzeni\u0105 nawi\u0105zania kontaktu z lud\u017ami dobrej woli, otwartymi na dialog.\",\"url\":\"https:\/\/gaudiumetspes-blog.pl\/index.php\/author\/ks-jacek\/\"}]}<\/script>\n<!-- \/ Yoast SEO plugin. -->","yoast_head_json":{"title":"Nie l\u0119kajcie si\u0119! Otw\u00f3rzcie na o\u015bcie\u017c drzwi Chrystusowi! - Gaudium Et Spes","robots":{"index":"index","follow":"follow","max-snippet":"max-snippet:-1","max-image-preview":"max-image-preview:large","max-video-preview":"max-video-preview:-1"},"canonical":"https:\/\/gaudiumetspes-blog.pl\/index.php\/2011\/10\/22\/nie-lekajcie-sie-otworzcie-na-osciez\/","og_locale":"pl_PL","og_type":"article","og_title":"Nie l\u0119kajcie si\u0119! Otw\u00f3rzcie na o\u015bcie\u017c drzwi Chrystusowi! - Gaudium Et Spes","og_description":"Wspomnienie B\u0142. Jana Paw\u0142a II, do czyta\u0144:&nbsp; Rz 8,1\u201311;&nbsp; \u0141k 13,1\u20139 Z najwi\u0119ksz\u0105 rado\u015bci\u0105 i w duchu wdzi\u0119czno\u015bci Bogu, prze\u017cywamy dzisiaj po raz pierwszy liturgiczne wspomnienie B\u0142ogos\u0142awionego Papie\u017ca Jana Paw\u0142a II. Jest to dla nas \u017ar\u00f3d\u0142em ogromnej wewn\u0119trznej satysfakcji, \u017ce po tak kr\u00f3tkim procesie beatyfikacyjnym zosta\u0142 on w dniu 1 maja bie\u017c\u0105cego roku og\u0142oszony \u2013 [&hellip;]","og_url":"https:\/\/gaudiumetspes-blog.pl\/index.php\/2011\/10\/22\/nie-lekajcie-sie-otworzcie-na-osciez\/","og_site_name":"Gaudium Et Spes","article_published_time":"2011-10-22T03:00:00+00:00","article_modified_time":"2019-07-31T10:52:43+00:00","author":"Ks. Jacek","twitter_card":"summary_large_image","twitter_misc":{"Napisane przez":"Ks. Jacek","Szacowany czas czytania":"16 minut"},"schema":{"@context":"https:\/\/schema.org","@graph":[{"@type":"WebPage","@id":"https:\/\/gaudiumetspes-blog.pl\/index.php\/2011\/10\/22\/nie-lekajcie-sie-otworzcie-na-osciez\/","url":"https:\/\/gaudiumetspes-blog.pl\/index.php\/2011\/10\/22\/nie-lekajcie-sie-otworzcie-na-osciez\/","name":"Nie l\u0119kajcie si\u0119! Otw\u00f3rzcie na o\u015bcie\u017c drzwi Chrystusowi! - Gaudium Et Spes","isPartOf":{"@id":"https:\/\/gaudiumetspes-blog.pl\/#website"},"datePublished":"2011-10-22T03:00:00+00:00","dateModified":"2019-07-31T10:52:43+00:00","author":{"@id":"https:\/\/gaudiumetspes-blog.pl\/#\/schema\/person\/1661982992b752dea8dff0d4ed845a65"},"breadcrumb":{"@id":"https:\/\/gaudiumetspes-blog.pl\/index.php\/2011\/10\/22\/nie-lekajcie-sie-otworzcie-na-osciez\/#breadcrumb"},"inLanguage":"pl-PL","potentialAction":[{"@type":"ReadAction","target":["https:\/\/gaudiumetspes-blog.pl\/index.php\/2011\/10\/22\/nie-lekajcie-sie-otworzcie-na-osciez\/"]}]},{"@type":"BreadcrumbList","@id":"https:\/\/gaudiumetspes-blog.pl\/index.php\/2011\/10\/22\/nie-lekajcie-sie-otworzcie-na-osciez\/#breadcrumb","itemListElement":[{"@type":"ListItem","position":1,"name":"Strona g\u0142\u00f3wna","item":"https:\/\/gaudiumetspes-blog.pl\/"},{"@type":"ListItem","position":2,"name":"Nie&nbsp;l\u0119kajcie si\u0119! Otw\u00f3rzcie na&nbsp;o\u015bcie\u017c drzwi Chrystusowi!"}]},{"@type":"WebSite","@id":"https:\/\/gaudiumetspes-blog.pl\/#website","url":"https:\/\/gaudiumetspes-blog.pl\/","name":"Gaudium Et Spes","description":"Blog Ks. Jacka Ja\u015bkowskiego","potentialAction":[{"@type":"SearchAction","target":{"@type":"EntryPoint","urlTemplate":"https:\/\/gaudiumetspes-blog.pl\/?s={search_term_string}"},"query-input":{"@type":"PropertyValueSpecification","valueRequired":true,"valueName":"search_term_string"}}],"inLanguage":"pl-PL"},{"@type":"Person","@id":"https:\/\/gaudiumetspes-blog.pl\/#\/schema\/person\/1661982992b752dea8dff0d4ed845a65","name":"Ks. Jacek","image":{"@type":"ImageObject","inLanguage":"pl-PL","@id":"https:\/\/gaudiumetspes-blog.pl\/#\/schema\/person\/image\/","url":"https:\/\/gaudiumetspes-blog.pl\/wp-content\/uploads\/2019\/07\/avatar-JJ-150x150.jpg","contentUrl":"https:\/\/gaudiumetspes-blog.pl\/wp-content\/uploads\/2019\/07\/avatar-JJ-150x150.jpg","caption":"Ks. Jacek"},"description":"Witam serdecznie! K\u0142ania si\u0119 Ks. Jacek Ja\u015bkowski. Nie jestem ani kim\u015b wa\u017cnym, ani kim\u015b znanym. Jestem ksi\u0119dzem, kt\u00f3ry po prostu chce rozmawia\u0107. Codzienna kap\u0142a\u0144ska pos\u0142uga pokazuje mi, \u017ce temat\u00f3w do rozm\u00f3w z ksi\u0119dzem jest coraz wi\u0119cej i dzisiaj \u017caden ksi\u0105dz nie mo\u017ce od nich ucieka\u0107, ale - wprost przeciwnie - podejmowa\u0107 nowe wyzwania. To przekonanie sk\u0142oni\u0142o mnie do pr\u00f3by otwarcia tego\u017c bloga, chocia\u017c okazji do rozm\u00f3w na co dzie\u0144 - w konfesjonale i poza nim - na szcz\u0119\u015bcie nie brakuje. My\u015bl\u0119 jednak, \u017ce ten blog b\u0119dzie jeszcze jednym sposobem i przestrzeni\u0105 nawi\u0105zania kontaktu z lud\u017ami dobrej woli, otwartymi na dialog.","url":"https:\/\/gaudiumetspes-blog.pl\/index.php\/author\/ks-jacek\/"}]}},"jetpack_featured_media_url":"","jetpack_sharing_enabled":true,"_links":{"self":[{"href":"https:\/\/gaudiumetspes-blog.pl\/index.php\/wp-json\/wp\/v2\/posts\/9695","targetHints":{"allow":["GET"]}}],"collection":[{"href":"https:\/\/gaudiumetspes-blog.pl\/index.php\/wp-json\/wp\/v2\/posts"}],"about":[{"href":"https:\/\/gaudiumetspes-blog.pl\/index.php\/wp-json\/wp\/v2\/types\/post"}],"author":[{"embeddable":true,"href":"https:\/\/gaudiumetspes-blog.pl\/index.php\/wp-json\/wp\/v2\/users\/1"}],"replies":[{"embeddable":true,"href":"https:\/\/gaudiumetspes-blog.pl\/index.php\/wp-json\/wp\/v2\/comments?post=9695"}],"version-history":[{"count":1,"href":"https:\/\/gaudiumetspes-blog.pl\/index.php\/wp-json\/wp\/v2\/posts\/9695\/revisions"}],"predecessor-version":[{"id":10388,"href":"https:\/\/gaudiumetspes-blog.pl\/index.php\/wp-json\/wp\/v2\/posts\/9695\/revisions\/10388"}],"wp:attachment":[{"href":"https:\/\/gaudiumetspes-blog.pl\/index.php\/wp-json\/wp\/v2\/media?parent=9695"}],"wp:term":[{"taxonomy":"category","embeddable":true,"href":"https:\/\/gaudiumetspes-blog.pl\/index.php\/wp-json\/wp\/v2\/categories?post=9695"},{"taxonomy":"post_tag","embeddable":true,"href":"https:\/\/gaudiumetspes-blog.pl\/index.php\/wp-json\/wp\/v2\/tags?post=9695"}],"curies":[{"name":"wp","href":"https:\/\/api.w.org\/{rel}","templated":true}]}}