{"id":9726,"date":"2011-09-21T04:49:00","date_gmt":"2011-09-21T02:49:00","guid":{"rendered":"https:\/\/gaudiumetspes-blog.pl\/index.php\/2011\/09\/21\/mateuszu-wyjdz-ze-swej-komory\/"},"modified":"2019-07-31T12:52:38","modified_gmt":"2019-07-31T10:52:38","slug":"mateuszu-wyjdz-ze-swej-komory","status":"publish","type":"post","link":"https:\/\/gaudiumetspes-blog.pl\/index.php\/2011\/09\/21\/mateuszu-wyjdz-ze-swej-komory\/","title":{"rendered":"Mateuszu, wyjd\u017a ze swej komory!"},"content":{"rendered":"<p><\/p>\n<div class=\"MsoNormal\" style=\"text-align: justify;\">Szcz\u0119\u015b\u0107 Bo\u017ce! Bardzo dzi\u0119kuje za Wasz, Kochani, odzew na wczorajsz\u0105 moj\u0105 informacj\u0119 o barbarzy\u0144skim zburzeniu domu Si\u00f3str Matki Teresy. Informacj\u0119 t\u0119 potwierdzi\u0142o &#8211; niestety &#8211; w ca\u0142o\u015bci Radio Watyka\u0144skie. Wasze wpisy pokazuj\u0105, jak \u017cywo reagujecie i g\u0142\u0119boko w sercach prze\u017cywacie te sprawy. Bardzo jestem ciekaw, co o tym wszystkim my\u015bli m\u00f3j Brat, Ksi\u0105dz Marek?&nbsp;<\/div>\n<div class=\"MsoNormal\" style=\"text-align: justify;\">&nbsp;&nbsp;&nbsp;&nbsp;&nbsp;&nbsp; A dzisiaj &#8211; \u015awi\u0119to Mateusza, Aposto\u0142a i Ewangelisty. A na pocz\u0105tku tkwi\u0142 w komorze celnej&#8230; C\u00f3\u017c to jednak za przeszkoda dla Jezusa?<\/div>\n<div class=\"MsoNormal\" style=\"text-align: justify;\">&nbsp;&nbsp;&nbsp;&nbsp;&nbsp;&nbsp;&nbsp;&nbsp;&nbsp;&nbsp;&nbsp;&nbsp;&nbsp;&nbsp;&nbsp;&nbsp;&nbsp;&nbsp;&nbsp;&nbsp;&nbsp; Gaudium et spes!&nbsp; Ks. Jacek<b><br \/>\n<\/b><\/div>\n<div class=\"MsoNormal\" style=\"text-align: justify;\"><b> <\/b><\/div>\n<div class=\"MsoNormal\" style=\"text-align: justify;\"><b>\u015awi\u0119to \u015awi\u0119tego Mateusza, Aposto\u0142a,<\/b><\/div>\n<div class=\"MsoNormal\" style=\"text-align: justify;\"><b style=\"mso-bidi-font-weight: normal;\">do czyta\u0144 z t. VI Lekcjonarza:&nbsp; Ef 4,1\u20137.11\u201313;&nbsp; Mt 9,9\u201313 <\/b><\/div>\n<div class=\"MsoNormal\" style=\"text-align: justify;\">\n<\/div>\n<div class=\"MsoNormal\" style=\"text-align: justify; text-indent: 35.4pt;\">Ewangeli\u015bci: Marek i \u0141ukasz, nazywaj\u0105 dzisiejszego Patrona najpierw: <b style=\"mso-bidi-font-weight: normal;\"><i style=\"mso-bidi-font-style: normal;\">Lewi, syn Alfeusza<\/i>,<\/b> dopiero p\u00f3\u017aniej z innych miejscach wymieniane jest imi\u0119 <b style=\"mso-bidi-font-weight: normal;\">Mateusz<\/b>. Prawdopodobnie Chrystus powo\u0142uj\u0105c Lewiego, nada\u0142 mu imi\u0119 Mateusz. <b style=\"mso-bidi-font-weight: normal;\">Imi\u0119 Mateusz pochodzi z hebrajskiego i oznacza: \u201edar Boga\u201d. <\/b><\/div>\n<div class=\"MsoNormal\" style=\"text-align: justify; text-indent: 35.4pt;\">Mateusz by\u0142 Galilejczykiem. Jego prac\u0105 by\u0142o pobieranie ce\u0142 i podatk\u00f3w w Kafarnaum, jednym z wi\u0119kszych handlowych miasteczek nad jeziorem Genezaret. Pobiera\u0142 tam op\u0142aty za przejazdy przez jezioro i przew\u00f3z towar\u00f3w. <b style=\"mso-bidi-font-weight: normal;\">W Palestynie pogardzano celnikami w\u0142a\u015bnie z tego powodu, \u017ce \u015bci\u0105gali op\u0142aty na rzecz Rzymian.<\/b> Ich prac\u0119 rozumiano jako wys\u0142ugiwanie si\u0119 okupantom. Celnicy s\u0142yn\u0119li r\u00f3wnie\u017c <b style=\"mso-bidi-font-weight: normal;\">z \u017c\u0105dzy zysku, nieuczciwie czerpali korzy\u015bci z zajmowanego stanowiska.<\/b> Uwa\u017cano ich za grzesznik\u00f3w i pogan. Przebywaj\u0105cy w\u015br\u00f3d celnik\u00f3w <b style=\"mso-bidi-font-weight: normal;\">stawa\u0142 si\u0119 nieczysty<\/b> i musia\u0142 poddawa\u0107 si\u0119 przepisowym obmyciom. <\/div>\n<div class=\"MsoNormal\" style=\"text-align: justify; text-indent: 35.4pt;\">Z takiego w\u0142a\u015bnie nieciekawego \u015brodowiska wywodzi\u0142 si\u0119 Mateusz. Wydaje si\u0119, \u017ce by\u0142 nawet kierownikiem i naczelnikiem celnik\u00f3w w Galilei. Chocia\u017c celnicy tak cz\u0119sto s\u0105 w Ewangelii nazywani grzesznikami, to jednak <b style=\"mso-bidi-font-weight: normal;\">Pan Jezus odnosi\u0142 si\u0119 do nich \u017cyczliwie: odwiedza\u0142 ich, nawet z nimi jada\u0142\u2026<\/b> To \u2013 bynajmniej \u2013 nie oznacza, \u017ce zach\u0119ca\u0142 ich do \u0142upienia innych! Jego delikatno\u015b\u0107 i mi\u0142osierdzie raczej pobudza\u0142y celnik\u00f3w do umiaru i nawr\u00f3cenia. Us\u0142yszeli\u015bmy w dzisiejszej Ewangelii, \u017ce na postawiony przez \u017byd\u00f3w zarzut: <b style=\"mso-bidi-font-weight: normal;\"><i style=\"mso-bidi-font-style: normal;\">Dlaczego wasz Nauczyciel jada wsp\u00f3lnie z celnikami i grzesznikami<\/i>?<\/b> \u2013 Chrystus odpowiedzia\u0142: <b style=\"mso-bidi-font-weight: normal;\"><i style=\"mso-bidi-font-style: normal;\">Nie potrzebuj\u0105 lekarza zdrowi, lecz ci, kt\u00f3rzy si\u0119 \u017ale maj\u0105<\/i>. [\u2026] <i style=\"mso-bidi-font-style: normal;\">Bo nie przyszed\u0142em powo\u0142ywa\u0107 sprawiedliwych, ale grzesznik\u00f3w<\/i>.<\/b> A warto zauwa\u017cy\u0107, i\u017c s\u0142owa te przekaza\u0142 w swojej Ewangelii w\u0142a\u015bnie dzisiejszy Patron, \u015awi\u0119ty Mateusz. <\/div>\n<div class=\"MsoNormal\" style=\"text-align: justify; text-indent: 35.4pt;\">O jego m\u0142odzie\u0144czym \u017cyciu nie wiemy praktycznie nic. Spotykamy si\u0119 z nim <b style=\"mso-bidi-font-weight: normal;\">po raz pierwszy dopiero w Kafarnaum, kiedy Chrystus zasta\u0142 go w komorze celnej i powo\u0142a\u0142 na swojego Aposto\u0142a.<\/b> To wezwanie odby\u0142o si\u0119 po cudownym uzdrowieniu paralityka, kt\u00f3rego spuszczono przez otw\u00f3r zrobiony w suficie mieszkania. O tym cudzie <b style=\"mso-bidi-font-weight: normal;\">Mateusz musia\u0142 si\u0119 dowiedzie\u0107, gdy\u017c natychmiast wie\u015b\u0107 o nim rozesz\u0142a si\u0119 mi\u0119dzy lud\u017ami.<\/b> By\u0107 mo\u017ce Mateusz s\u0142ucha\u0142 wcze\u015bniej m\u00f3w pokutnych Jana Chrzciciela. Na wezwanie Chrystusa <b style=\"mso-bidi-font-weight: normal;\">zostawi\u0142 wszystko i poszed\u0142 za Nim.<\/b> Nawr\u00f3cony, zaprosi\u0142 do swego domu Jezusa, Jego uczni\u00f3w i swoich przyjaci\u00f3\u0142 celnik\u00f3w i wsp\u00f3\u0142pracownik\u00f3w. I odt\u0105d <b style=\"mso-bidi-font-weight: normal;\">pozosta\u0142 ju\u017c w gronie Dwunastu Aposto\u0142\u00f3w. <\/b><\/div>\n<div class=\"MsoNormal\" style=\"text-align: justify; text-indent: 35.4pt;\">Po Wniebowst\u0105pieniu Chrystusa <b style=\"mso-bidi-font-weight: normal;\">Mateusz przez jaki\u015b czas dzia\u0142a\u0142 w Palestynie.<\/b> Aposto\u0142owa\u0142 w\u015br\u00f3d nawr\u00f3conych z judaizmu. Dla nich te\u017c przeznaczy\u0142 napisan\u0105 przez siebie <b style=\"mso-bidi-font-weight: normal;\">Ewangeli\u0119. Napisa\u0142 j\u0105 mi\u0119dzy 50 a 60 rokiem, najprawdopodobniej oko\u0142o roku 55.<\/b> Stara\u0142 si\u0119 w niej wykaza\u0107, \u017ce to w\u0142a\u015bnie Chrystus jest wyczekiwanym od dawna Mesjaszem, \u017ce na Nim potwierdzi\u0142y si\u0119 starotestamentalne proroctwa i zapowiedzi. <\/div>\n<div class=\"MsoNormal\" style=\"text-align: justify; text-indent: 35.4pt;\">Pierwotnie Ewangelia wed\u0142ug \u015awi\u0119tego Mateusza by\u0142a napisana w j\u0119zyku hebrajskim lub aramejskim \u2013 i nie wiadomo, kto i kiedy przet\u0142umaczy\u0142 j\u0105 na j\u0119zyk grecki. <b style=\"mso-bidi-font-weight: normal;\">Nie zachowa\u0142y si\u0119 \u017cadne \u015blady orygina\u0142u, tylko grecki przek\u0142ad.<\/b> T\u0142umacze nie mogli sobie da\u0107 rady w pewnych wypadkach i pozostawili cz\u0119\u015b\u0107 s\u0142ownictwa aramejskiego. Mateusz przekaza\u0142 <b style=\"mso-bidi-font-weight: normal;\">wiele szczeg\u00f3\u0142\u00f3w z \u017cycia i nauki Jezusa, kt\u00f3rych nie znajdziemy w innych Ewangeliach<\/b> \u2013 jak chocia\u017cby: rozbudowany tekst Kazania na G\u00f3rze, przypowie\u015b\u0107 o k\u0105kolu, o ukrytym skarbie, o drogocennej perle, o dziesi\u0119ciu pannach. On jeden napisa\u0142 o pok\u0142onie Mag\u00f3w i rzezi niewini\u0105tek, o ucieczce do Egiptu, jak te\u017c \u2013 on jeden zamie\u015bci\u0142 wizj\u0119 s\u0105du ostatecznego\u2026 <\/div>\n<div class=\"MsoNormal\" style=\"text-align: justify; text-indent: 35.4pt;\">Po zako\u0144czeniu dzia\u0142alno\u015bci w Palestynie, <b style=\"mso-bidi-font-weight: normal;\">Mateusz uda\u0142 si\u0119 do innych kraj\u00f3w,<\/b> przy czym Ojcowie Ko\u015bcio\u0142a nie s\u0105 zgodni, dok\u0105d. Wylicza si\u0119 Etiopi\u0119, Pont, Persj\u0119, Syri\u0119 i Macedoni\u0119. Najbardziej prawdopodobna jest jednak Etiopia. Powszechnie uwa\u017ca si\u0119, \u017ce <b style=\"mso-bidi-font-weight: normal;\">\u015awi\u0119ty Mateusz zako\u0144czy\u0142 swoj\u0105 apostolsk\u0105 dzia\u0142alno\u015b\u0107 \u015bmierci\u0105 m\u0119cze\u0144sk\u0105.<\/b> <\/div>\n<div class=\"MsoNormal\" style=\"text-align: justify; text-indent: 35.4pt;\">&nbsp;\u015awi\u0119ty Pawe\u0142, w dzisiejszym pierwszym czytaniu z Listu do Efezjan, zach\u0119ca chrze\u015bcijan do budowania jedno\u015bci, ale \u2013 w wymiarze szczeg\u00f3lnym: jako <b style=\"mso-bidi-font-weight: normal;\">jedno\u015bci w r\u00f3\u017cnorodno\u015bci!<\/b> A z czego to wynika? W\u0142a\u015bnie z tego, o czym Aposto\u0142 napisa\u0142, i\u017c <b style=\"mso-bidi-font-weight: normal;\"><i style=\"mso-bidi-font-style: normal;\">ka\u017cdemu<\/i> [\u2026] <i style=\"mso-bidi-font-style: normal;\">zosta\u0142a dana \u0142aska wed\u0142ug miary daru Chrystusowego. I On ustanowi\u0142 jednych aposto\u0142ami, innych prorokami, innych ewangelistami, innych pasterzami i nauczycielami \u2013 dla przysposobienia \u015bwi\u0119tych do wykonywania pos\u0142ugi, celem budowania Cia\u0142a Chrystusowego<\/i>.<\/b><\/div>\n<div class=\"MsoNormal\" style=\"text-align: justify; text-indent: 35.4pt;\">Tak, to w\u0142a\u015bnie On, Jezus Chrystus, ustanowi\u0142 celnika Mateusza \u2013 <b style=\"mso-bidi-font-weight: normal;\">swoim Aposto\u0142em i Ewangelist\u0105.<\/b> Oto prawdziwa r\u00f3\u017cnorodno\u015b\u0107 dr\u00f3g i postaw, kt\u00f3ra dzi\u0119ki \u0142asce Chrystusowego powo\u0142ania sta\u0142a si\u0119 p\u0142aszczyzn\u0105 do <b style=\"mso-bidi-font-weight: normal;\">budowania rzeczywistej jedno\u015bci powstaj\u0105cego Ko\u015bcio\u0142a.<\/b> I w\u0142a\u015bnie ten niezwyk\u0142y przyk\u0142ad powo\u0142ania dzisiejszego Patrona, oznaczaj\u0105cy <b style=\"mso-bidi-font-weight: normal;\">wyd\u017awigni\u0119cie go z poni\u017caj\u0105cej pozycji poborcy podatk\u00f3w, nakazanych przez okupanta \u2013 do wy\u017cyn urz\u0119du Aposto\u0142a i Ewangelisty \u2013<\/b> udowadnia nam wszystkim, \u017ce nigdy cz\u0142owiek nie jest na pozycji <b style=\"mso-bidi-font-weight: normal;\">tak bardzo straconej,<\/b> i\u017c Jezus ju\u017c nie jest w stanie go z niej wyd\u017awign\u0105\u0107. <\/div>\n<div class=\"MsoNormal\" style=\"text-align: justify; text-indent: 35.4pt;\">Potrzeba tylko takiego poruszenia serca w kierunku Jezusa, jak to mia\u0142o miejsce u Mateusza, a <b style=\"mso-bidi-font-weight: normal;\">dokona si\u0119 cud taki, jaki w jego \u017cyciu si\u0119 dokona\u0142.<\/b> Nie wolno nam przeto nigdy nikim pogardza\u0107, ani uwa\u017ca\u0107 kogokolwiek za bezpowrotnie straconego, bowiem <b style=\"mso-bidi-font-weight: normal;\">ka\u017cdy w ka\u017cdej chwili ma szans\u0119 otrz\u0105\u015bni\u0119cia si\u0119, wybudzenia z letargu \u2013 i powstania.<\/b> <\/div>\n<div class=\"MsoNormal\" style=\"text-align: justify; text-indent: 35.4pt;\">Zamiast wi\u0119c wypowiada\u0107 ca\u0142e masy zb\u0119dnych s\u0142\u00f3w i syci\u0107 swoje serce <b style=\"mso-bidi-font-weight: normal;\">diabelsk\u0105 satysfakcj\u0105,<\/b> \u017ce ten czy \u00f3w to \u201etaki jest i owaki\u201d, a ja na jego tle wypadam tak korzystnie \u2013 zamiast tego lepiej poda\u0107 takiemu r\u0119k\u0119 i w imieniu Jezusa powiedzie\u0107: <b style=\"mso-bidi-font-weight: normal;\">P\u00f3jd\u017a za mn\u0105! P\u00f3jd\u017a za mn\u0105 do Jezusa! Ja ci\u0119 do Niego zaprowadz\u0119!<\/b> <\/div>\n<div class=\"MsoNormal\" style=\"text-align: justify; text-indent: 35.4pt;\">Kochani, wtedy te\u017c b\u0119dzie <b style=\"mso-bidi-font-weight: normal;\">ogromna satysfakcja, tyle tylko, \u017ce ju\u017c ta dobra, to w\u0142a\u015bciwa, ta Bo\u017ca!<\/b> Satysfakcja, kt\u00f3ra zawsze towarzyszy cz\u0142owiekowi, gdy swoj\u0105 zach\u0119t\u0105, a jeszcze lepiej \u2013 przyk\u0142adem, pomo\u017ce komu\u015b wyj\u015b\u0107 z jego komory celnej i zacz\u0105\u0107 oddycha\u0107 pe\u0142n\u0105 piersi\u0105. Jaka to wtedy jest ogromna rado\u015b\u0107 \u2013 rado\u015b\u0107 bycia Aposto\u0142em! <b style=\"mso-bidi-font-weight: normal;\">Niech dzisiejszy Patron \u2013 Aposto\u0142 w\u0142a\u015bnie \u2013 podpowie nam, jak tego dokona\u0107<\/b>\u2026<\/div>\n<div class=\"MsoNormal\" style=\"text-align: justify; text-indent: 35.4pt;\">W tym kontek\u015bcie pomy\u015blmy:<\/div>\n<div class=\"MsoNormal\" style=\"margin-left: 36.0pt; mso-list: l0 level1 lfo1; tab-stops: list 36.0pt; text-align: justify; text-indent: -18.0pt;\">\u00b7&nbsp;&nbsp;&nbsp;&nbsp;&nbsp;&nbsp;&nbsp; Czy gdzie\u015b tam, w g\u0142\u0119bi serca, nie ciesz\u0119 si\u0119 z czyjego\u015b niepowodzenia, z czyjego\u015b upadku?<\/div>\n<div class=\"MsoNormal\" style=\"margin-left: 36.0pt; mso-list: l0 level1 lfo1; tab-stops: list 36.0pt; text-align: justify; text-indent: -18.0pt;\">\u00b7&nbsp;&nbsp;&nbsp;&nbsp;&nbsp;&nbsp;&nbsp; Czy ci\u0105gle poszukuj\u0119 sposobu dotarcia do ludzi zablokowanych w swoim grzechu i zamkni\u0119tych na propozycje zbawienia?<\/div>\n<div class=\"MsoNormal\" style=\"margin-left: 36.0pt; mso-list: l0 level1 lfo1; tab-stops: list 36.0pt; text-align: justify; text-indent: -18.0pt;\">\u00b7&nbsp;&nbsp;&nbsp;&nbsp;&nbsp;&nbsp;&nbsp; Czy sam czuwam nad tym, aby si\u0119 nie da\u0107 zamkn\u0105\u0107 w \u017cadnej komorze celnej?<\/div>\n<div class=\"MsoNormal\" style=\"text-align: justify;\">\n<\/div>\n<div class=\"MsoNormal\" style=\"text-align: justify;\"><b style=\"mso-bidi-font-weight: normal;\"><i style=\"mso-bidi-font-style: normal;\">Bo nie przyszed\u0142em powo\u0142a\u0107 sprawiedliwych, ale grzesznik\u00f3w<\/i><\/b>\u2026<\/div>\n","protected":false},"excerpt":{"rendered":"<p>Szcz\u0119\u015b\u0107 Bo\u017ce! Bardzo dzi\u0119kuje za Wasz, Kochani, odzew na wczorajsz\u0105 moj\u0105 informacj\u0119 o barbarzy\u0144skim zburzeniu domu Si\u00f3str Matki Teresy. Informacj\u0119 t\u0119 potwierdzi\u0142o &#8211; niestety &#8211; w ca\u0142o\u015bci Radio Watyka\u0144skie. Wasze wpisy pokazuj\u0105, jak \u017cywo reagujecie i g\u0142\u0119boko w sercach prze\u017cywacie te sprawy. Bardzo jestem ciekaw, co o tym wszystkim my\u015bli m\u00f3j Brat, Ksi\u0105dz Marek?&nbsp; &nbsp;&nbsp;&nbsp;&nbsp;&nbsp;&nbsp; [&hellip;]<\/p>\n","protected":false},"author":1,"featured_media":0,"comment_status":"open","ping_status":"open","sticky":false,"template":"","format":"standard","meta":{"jetpack_post_was_ever_published":false,"_jetpack_newsletter_access":"","_jetpack_dont_email_post_to_subs":false,"_jetpack_newsletter_tier_id":0,"_jetpack_memberships_contains_paywalled_content":false,"_jetpack_memberships_contains_paid_content":false,"footnotes":""},"categories":[1],"tags":[],"class_list":["post-9726","post","type-post","status-publish","format-standard","hentry","category-bez-kategorii"],"yoast_head":"<!-- This site is optimized with the Yoast SEO plugin v25.1 - https:\/\/yoast.com\/wordpress\/plugins\/seo\/ -->\n<title>Mateuszu, wyjd\u017a ze swej komory! - Gaudium Et Spes<\/title>\n<meta name=\"robots\" content=\"index, follow, max-snippet:-1, max-image-preview:large, max-video-preview:-1\" \/>\n<link rel=\"canonical\" href=\"https:\/\/gaudiumetspes-blog.pl\/index.php\/2011\/09\/21\/mateuszu-wyjdz-ze-swej-komory\/\" \/>\n<meta property=\"og:locale\" content=\"pl_PL\" \/>\n<meta property=\"og:type\" content=\"article\" \/>\n<meta property=\"og:title\" content=\"Mateuszu, wyjd\u017a ze swej komory! - Gaudium Et Spes\" \/>\n<meta property=\"og:description\" content=\"Szcz\u0119\u015b\u0107 Bo\u017ce! Bardzo dzi\u0119kuje za Wasz, Kochani, odzew na wczorajsz\u0105 moj\u0105 informacj\u0119 o barbarzy\u0144skim zburzeniu domu Si\u00f3str Matki Teresy. Informacj\u0119 t\u0119 potwierdzi\u0142o &#8211; niestety &#8211; w ca\u0142o\u015bci Radio Watyka\u0144skie. Wasze wpisy pokazuj\u0105, jak \u017cywo reagujecie i g\u0142\u0119boko w sercach prze\u017cywacie te sprawy. Bardzo jestem ciekaw, co o tym wszystkim my\u015bli m\u00f3j Brat, Ksi\u0105dz Marek?&nbsp; &nbsp;&nbsp;&nbsp;&nbsp;&nbsp;&nbsp; [&hellip;]\" \/>\n<meta property=\"og:url\" content=\"https:\/\/gaudiumetspes-blog.pl\/index.php\/2011\/09\/21\/mateuszu-wyjdz-ze-swej-komory\/\" \/>\n<meta property=\"og:site_name\" content=\"Gaudium Et Spes\" \/>\n<meta property=\"article:published_time\" content=\"2011-09-21T02:49:00+00:00\" \/>\n<meta property=\"article:modified_time\" content=\"2019-07-31T10:52:38+00:00\" \/>\n<meta name=\"author\" content=\"Ks. Jacek\" \/>\n<meta name=\"twitter:card\" content=\"summary_large_image\" \/>\n<meta name=\"twitter:label1\" content=\"Napisane przez\" \/>\n\t<meta name=\"twitter:data1\" content=\"Ks. Jacek\" \/>\n\t<meta name=\"twitter:label2\" content=\"Szacowany czas czytania\" \/>\n\t<meta name=\"twitter:data2\" content=\"6 minut\" \/>\n<script type=\"application\/ld+json\" class=\"yoast-schema-graph\">{\"@context\":\"https:\/\/schema.org\",\"@graph\":[{\"@type\":\"WebPage\",\"@id\":\"https:\/\/gaudiumetspes-blog.pl\/index.php\/2011\/09\/21\/mateuszu-wyjdz-ze-swej-komory\/\",\"url\":\"https:\/\/gaudiumetspes-blog.pl\/index.php\/2011\/09\/21\/mateuszu-wyjdz-ze-swej-komory\/\",\"name\":\"Mateuszu, wyjd\u017a ze swej komory! - Gaudium Et Spes\",\"isPartOf\":{\"@id\":\"https:\/\/gaudiumetspes-blog.pl\/#website\"},\"datePublished\":\"2011-09-21T02:49:00+00:00\",\"dateModified\":\"2019-07-31T10:52:38+00:00\",\"author\":{\"@id\":\"https:\/\/gaudiumetspes-blog.pl\/#\/schema\/person\/1661982992b752dea8dff0d4ed845a65\"},\"breadcrumb\":{\"@id\":\"https:\/\/gaudiumetspes-blog.pl\/index.php\/2011\/09\/21\/mateuszu-wyjdz-ze-swej-komory\/#breadcrumb\"},\"inLanguage\":\"pl-PL\",\"potentialAction\":[{\"@type\":\"ReadAction\",\"target\":[\"https:\/\/gaudiumetspes-blog.pl\/index.php\/2011\/09\/21\/mateuszu-wyjdz-ze-swej-komory\/\"]}]},{\"@type\":\"BreadcrumbList\",\"@id\":\"https:\/\/gaudiumetspes-blog.pl\/index.php\/2011\/09\/21\/mateuszu-wyjdz-ze-swej-komory\/#breadcrumb\",\"itemListElement\":[{\"@type\":\"ListItem\",\"position\":1,\"name\":\"Strona g\u0142\u00f3wna\",\"item\":\"https:\/\/gaudiumetspes-blog.pl\/\"},{\"@type\":\"ListItem\",\"position\":2,\"name\":\"Mateuszu, wyjd\u017a ze&nbsp;swej komory!\"}]},{\"@type\":\"WebSite\",\"@id\":\"https:\/\/gaudiumetspes-blog.pl\/#website\",\"url\":\"https:\/\/gaudiumetspes-blog.pl\/\",\"name\":\"Gaudium Et Spes\",\"description\":\"Blog Ks. Jacka Ja\u015bkowskiego\",\"potentialAction\":[{\"@type\":\"SearchAction\",\"target\":{\"@type\":\"EntryPoint\",\"urlTemplate\":\"https:\/\/gaudiumetspes-blog.pl\/?s={search_term_string}\"},\"query-input\":{\"@type\":\"PropertyValueSpecification\",\"valueRequired\":true,\"valueName\":\"search_term_string\"}}],\"inLanguage\":\"pl-PL\"},{\"@type\":\"Person\",\"@id\":\"https:\/\/gaudiumetspes-blog.pl\/#\/schema\/person\/1661982992b752dea8dff0d4ed845a65\",\"name\":\"Ks. Jacek\",\"image\":{\"@type\":\"ImageObject\",\"inLanguage\":\"pl-PL\",\"@id\":\"https:\/\/gaudiumetspes-blog.pl\/#\/schema\/person\/image\/\",\"url\":\"https:\/\/gaudiumetspes-blog.pl\/wp-content\/uploads\/2019\/07\/avatar-JJ-150x150.jpg\",\"contentUrl\":\"https:\/\/gaudiumetspes-blog.pl\/wp-content\/uploads\/2019\/07\/avatar-JJ-150x150.jpg\",\"caption\":\"Ks. Jacek\"},\"description\":\"Witam serdecznie! K\u0142ania si\u0119 Ks. Jacek Ja\u015bkowski. Nie jestem ani kim\u015b wa\u017cnym, ani kim\u015b znanym. Jestem ksi\u0119dzem, kt\u00f3ry po prostu chce rozmawia\u0107. Codzienna kap\u0142a\u0144ska pos\u0142uga pokazuje mi, \u017ce temat\u00f3w do rozm\u00f3w z ksi\u0119dzem jest coraz wi\u0119cej i dzisiaj \u017caden ksi\u0105dz nie mo\u017ce od nich ucieka\u0107, ale - wprost przeciwnie - podejmowa\u0107 nowe wyzwania. To przekonanie sk\u0142oni\u0142o mnie do pr\u00f3by otwarcia tego\u017c bloga, chocia\u017c okazji do rozm\u00f3w na co dzie\u0144 - w konfesjonale i poza nim - na szcz\u0119\u015bcie nie brakuje. My\u015bl\u0119 jednak, \u017ce ten blog b\u0119dzie jeszcze jednym sposobem i przestrzeni\u0105 nawi\u0105zania kontaktu z lud\u017ami dobrej woli, otwartymi na dialog.\",\"url\":\"https:\/\/gaudiumetspes-blog.pl\/index.php\/author\/ks-jacek\/\"}]}<\/script>\n<!-- \/ Yoast SEO plugin. -->","yoast_head_json":{"title":"Mateuszu, wyjd\u017a ze swej komory! - Gaudium Et Spes","robots":{"index":"index","follow":"follow","max-snippet":"max-snippet:-1","max-image-preview":"max-image-preview:large","max-video-preview":"max-video-preview:-1"},"canonical":"https:\/\/gaudiumetspes-blog.pl\/index.php\/2011\/09\/21\/mateuszu-wyjdz-ze-swej-komory\/","og_locale":"pl_PL","og_type":"article","og_title":"Mateuszu, wyjd\u017a ze swej komory! - Gaudium Et Spes","og_description":"Szcz\u0119\u015b\u0107 Bo\u017ce! Bardzo dzi\u0119kuje za Wasz, Kochani, odzew na wczorajsz\u0105 moj\u0105 informacj\u0119 o barbarzy\u0144skim zburzeniu domu Si\u00f3str Matki Teresy. Informacj\u0119 t\u0119 potwierdzi\u0142o &#8211; niestety &#8211; w ca\u0142o\u015bci Radio Watyka\u0144skie. Wasze wpisy pokazuj\u0105, jak \u017cywo reagujecie i g\u0142\u0119boko w sercach prze\u017cywacie te sprawy. Bardzo jestem ciekaw, co o tym wszystkim my\u015bli m\u00f3j Brat, Ksi\u0105dz Marek?&nbsp; &nbsp;&nbsp;&nbsp;&nbsp;&nbsp;&nbsp; [&hellip;]","og_url":"https:\/\/gaudiumetspes-blog.pl\/index.php\/2011\/09\/21\/mateuszu-wyjdz-ze-swej-komory\/","og_site_name":"Gaudium Et Spes","article_published_time":"2011-09-21T02:49:00+00:00","article_modified_time":"2019-07-31T10:52:38+00:00","author":"Ks. Jacek","twitter_card":"summary_large_image","twitter_misc":{"Napisane przez":"Ks. Jacek","Szacowany czas czytania":"6 minut"},"schema":{"@context":"https:\/\/schema.org","@graph":[{"@type":"WebPage","@id":"https:\/\/gaudiumetspes-blog.pl\/index.php\/2011\/09\/21\/mateuszu-wyjdz-ze-swej-komory\/","url":"https:\/\/gaudiumetspes-blog.pl\/index.php\/2011\/09\/21\/mateuszu-wyjdz-ze-swej-komory\/","name":"Mateuszu, wyjd\u017a ze swej komory! - Gaudium Et Spes","isPartOf":{"@id":"https:\/\/gaudiumetspes-blog.pl\/#website"},"datePublished":"2011-09-21T02:49:00+00:00","dateModified":"2019-07-31T10:52:38+00:00","author":{"@id":"https:\/\/gaudiumetspes-blog.pl\/#\/schema\/person\/1661982992b752dea8dff0d4ed845a65"},"breadcrumb":{"@id":"https:\/\/gaudiumetspes-blog.pl\/index.php\/2011\/09\/21\/mateuszu-wyjdz-ze-swej-komory\/#breadcrumb"},"inLanguage":"pl-PL","potentialAction":[{"@type":"ReadAction","target":["https:\/\/gaudiumetspes-blog.pl\/index.php\/2011\/09\/21\/mateuszu-wyjdz-ze-swej-komory\/"]}]},{"@type":"BreadcrumbList","@id":"https:\/\/gaudiumetspes-blog.pl\/index.php\/2011\/09\/21\/mateuszu-wyjdz-ze-swej-komory\/#breadcrumb","itemListElement":[{"@type":"ListItem","position":1,"name":"Strona g\u0142\u00f3wna","item":"https:\/\/gaudiumetspes-blog.pl\/"},{"@type":"ListItem","position":2,"name":"Mateuszu, wyjd\u017a ze&nbsp;swej komory!"}]},{"@type":"WebSite","@id":"https:\/\/gaudiumetspes-blog.pl\/#website","url":"https:\/\/gaudiumetspes-blog.pl\/","name":"Gaudium Et Spes","description":"Blog Ks. Jacka Ja\u015bkowskiego","potentialAction":[{"@type":"SearchAction","target":{"@type":"EntryPoint","urlTemplate":"https:\/\/gaudiumetspes-blog.pl\/?s={search_term_string}"},"query-input":{"@type":"PropertyValueSpecification","valueRequired":true,"valueName":"search_term_string"}}],"inLanguage":"pl-PL"},{"@type":"Person","@id":"https:\/\/gaudiumetspes-blog.pl\/#\/schema\/person\/1661982992b752dea8dff0d4ed845a65","name":"Ks. Jacek","image":{"@type":"ImageObject","inLanguage":"pl-PL","@id":"https:\/\/gaudiumetspes-blog.pl\/#\/schema\/person\/image\/","url":"https:\/\/gaudiumetspes-blog.pl\/wp-content\/uploads\/2019\/07\/avatar-JJ-150x150.jpg","contentUrl":"https:\/\/gaudiumetspes-blog.pl\/wp-content\/uploads\/2019\/07\/avatar-JJ-150x150.jpg","caption":"Ks. Jacek"},"description":"Witam serdecznie! K\u0142ania si\u0119 Ks. Jacek Ja\u015bkowski. Nie jestem ani kim\u015b wa\u017cnym, ani kim\u015b znanym. Jestem ksi\u0119dzem, kt\u00f3ry po prostu chce rozmawia\u0107. Codzienna kap\u0142a\u0144ska pos\u0142uga pokazuje mi, \u017ce temat\u00f3w do rozm\u00f3w z ksi\u0119dzem jest coraz wi\u0119cej i dzisiaj \u017caden ksi\u0105dz nie mo\u017ce od nich ucieka\u0107, ale - wprost przeciwnie - podejmowa\u0107 nowe wyzwania. To przekonanie sk\u0142oni\u0142o mnie do pr\u00f3by otwarcia tego\u017c bloga, chocia\u017c okazji do rozm\u00f3w na co dzie\u0144 - w konfesjonale i poza nim - na szcz\u0119\u015bcie nie brakuje. My\u015bl\u0119 jednak, \u017ce ten blog b\u0119dzie jeszcze jednym sposobem i przestrzeni\u0105 nawi\u0105zania kontaktu z lud\u017ami dobrej woli, otwartymi na dialog.","url":"https:\/\/gaudiumetspes-blog.pl\/index.php\/author\/ks-jacek\/"}]}},"jetpack_featured_media_url":"","jetpack_sharing_enabled":true,"_links":{"self":[{"href":"https:\/\/gaudiumetspes-blog.pl\/index.php\/wp-json\/wp\/v2\/posts\/9726","targetHints":{"allow":["GET"]}}],"collection":[{"href":"https:\/\/gaudiumetspes-blog.pl\/index.php\/wp-json\/wp\/v2\/posts"}],"about":[{"href":"https:\/\/gaudiumetspes-blog.pl\/index.php\/wp-json\/wp\/v2\/types\/post"}],"author":[{"embeddable":true,"href":"https:\/\/gaudiumetspes-blog.pl\/index.php\/wp-json\/wp\/v2\/users\/1"}],"replies":[{"embeddable":true,"href":"https:\/\/gaudiumetspes-blog.pl\/index.php\/wp-json\/wp\/v2\/comments?post=9726"}],"version-history":[{"count":1,"href":"https:\/\/gaudiumetspes-blog.pl\/index.php\/wp-json\/wp\/v2\/posts\/9726\/revisions"}],"predecessor-version":[{"id":10357,"href":"https:\/\/gaudiumetspes-blog.pl\/index.php\/wp-json\/wp\/v2\/posts\/9726\/revisions\/10357"}],"wp:attachment":[{"href":"https:\/\/gaudiumetspes-blog.pl\/index.php\/wp-json\/wp\/v2\/media?parent=9726"}],"wp:term":[{"taxonomy":"category","embeddable":true,"href":"https:\/\/gaudiumetspes-blog.pl\/index.php\/wp-json\/wp\/v2\/categories?post=9726"},{"taxonomy":"post_tag","embeddable":true,"href":"https:\/\/gaudiumetspes-blog.pl\/index.php\/wp-json\/wp\/v2\/tags?post=9726"}],"curies":[{"name":"wp","href":"https:\/\/api.w.org\/{rel}","templated":true}]}}