{"id":9727,"date":"2011-09-20T08:18:00","date_gmt":"2011-09-20T06:18:00","guid":{"rendered":"https:\/\/gaudiumetspes-blog.pl\/index.php\/2011\/09\/20\/o-zywym-kosciele-w-korei\/"},"modified":"2019-07-31T12:52:38","modified_gmt":"2019-07-31T10:52:38","slug":"o-zywym-kosciele-w-korei","status":"publish","type":"post","link":"https:\/\/gaudiumetspes-blog.pl\/index.php\/2011\/09\/20\/o-zywym-kosciele-w-korei\/","title":{"rendered":"O \u017cywym Ko\u015bciele w Korei&#8230;"},"content":{"rendered":"<div style=\"text-align: justify;\">Szcz\u0119\u015b\u0107 Bo\u017ce! Serdecznie pozdrawiam i dziel\u0119 si\u0119 z Wami rado\u015bci\u0105 z przepi\u0119knej uroczysto\u015bci Bierzmowania w Celestynowie. Udziela\u0142 go Biskup Kazimierz Romaniuk, Biskup Senior Warszawsko &#8211; Praski. Moj\u0105 wielk\u0105 rado\u015bci\u0105 by\u0142o na\u0142o\u017cenie M\u0142odzie\u017cy bierzmowanej pami\u0105tkowych krzy\u017cy &#8211; ju\u017c po zako\u0144czeniu uroczysto\u015bci. Ka\u017cdemu m\u00f3wi\u0142em, \u017ceby by\u0142 wierny Krzy\u017cowi, a Chrystus b\u0119dzie go (j\u0105) prowadzi\u0142. Na uwag\u0119 zas\u0142uguje bardzo solidne przygotowanie tej M\u0142odzie\u017cy, trwaj\u0105ce przez rok, a b\u0119d\u0105ce dzie\u0142em Ksi\u0119dza Proboszcza Miros\u0142awa Wasiaka. Odnios\u0142em wczoraj wra\u017cenie, \u017ce trud zar\u00f3wno Ksi\u0119dza Proboszcza, jak i M\u0142odzie\u017cy &#8211; w \u015bwiadomo\u015bci wszystkich &#8211; wczoraj zosta\u0142 nagrodzony. Oby teraz uda\u0142o si\u0119 tym m\u0142odym ludziom rozwin\u0105\u0107 w pe\u0142ni \u0142ask\u0119, otrzyman\u0105 w Sakramencie Bierzmowania!<\/div>\n<div style=\"text-align: justify;\">&nbsp;&nbsp;&nbsp;&nbsp; A w rozmowie z moim Bratem, Ksi\u0119dzem Markiem dowiedzia\u0142em si\u0119 dzisiaj, \u017ce s\u0105d w Moskwie w tych dniach nakaza\u0142 zburzenie buldo\u017cerami domu, prowadzonego przez Siostry Matki Teresy, gromadz\u0105cego bezdomnych z ca\u0142ego miasta &#8211; tylko dlatego, \u017ce kilkana\u015bcie lat temu nie dope\u0142ni\u0142y jakich\u015b papierk\u00f3w. Dosta\u0142y wi\u0119c dwa dni na uregulowanie kwestii, a kiedy chcia\u0142y to zrobi\u0107, okaza\u0142o si\u0119, \u017ce nie maj\u0105 \u017cadnych prawnych mo\u017cliwo\u015bci! I dom zosta\u0142 zburzony! Podobno protestuje przeciwko temu nawet prawos\u0142awny patriarcha Moskwy! Nasuwa mi si\u0119 jedno tylko s\u0142owo: <b>barbarzy\u0144stwo! <\/b>To znaczy, \u017ce do tego dziwnego kraju na wsch\u00f3d od Polski nie do\u015b\u0107, \u017ce nie dociera cywilizacja, to jeszcze nast\u0119puje tam jaki\u015b straszliwy regres cywilizacyjny. A nasze obecne w\u0142adze tak pr\u0105 w tamt\u0105 stron\u0119&#8230; Zach\u0119cam do modlitwy r\u00f3\u017ca\u0144cowej w intencji naszej Ojczyzny i o pok\u00f3j na \u015bwiecie!&nbsp;<\/div>\n<div style=\"text-align: justify;\">&nbsp;&nbsp;&nbsp;&nbsp;&nbsp; A tak na marginesie &#8211; nawet w kontek\u015bcie dzisiejszego wspomnienia &#8211; nasuwa si\u0119 taka my\u015bl, dlaczego chrze\u015bcija\u0144stwu zawsze towarzyszy tak ogromna nienawi\u015b\u0107 i wrogo\u015b\u0107?! Dlaczego?<\/div>\n<div style=\"text-align: justify;\">&nbsp;&nbsp;&nbsp;&nbsp;&nbsp;&nbsp;&nbsp;&nbsp;&nbsp;&nbsp;&nbsp; Gaudium et spes!&nbsp; Ks. Jacek<\/div>\n<p>\n<b>Wspomnienie \u015awi\u0119tych M\u0119czennik\u00f3w<\/b><\/p>\n<div class=\"MsoNormal\" style=\"text-align: justify;\"><b style=\"mso-bidi-font-weight: normal;\">Andrzej Kim Taegon, Kap\u0142ana, Paw\u0142a Chong Hasang i Towarzyszy,<\/b><\/div>\n<div class=\"MsoNormal\" style=\"text-align: justify;\"><b style=\"mso-bidi-font-weight: normal;\">do czyta\u0144:&nbsp; Ezd 6,7\u20138.12b.14\u201320;&nbsp; \u0141k 8,19\u201321<\/b><\/div>\n<div class=\"MsoNormal\" style=\"text-align: justify;\">\n<\/div>\n<div class=\"MsoNormal\" style=\"text-align: justify; text-indent: 35.4pt;\">Nasz dzisiejszy Patron,<b> Andrzej Kim Taegon,<\/b> by\u0142 pierwszym kap\u0142anem korea\u0144skim. <b style=\"mso-bidi-font-weight: normal;\">Urodzi\u0142 si\u0119 w 1821 roku,<\/b> w korea\u0144skiej prowincji Tcziong\u2013Czu. Jego ojciec, Ignacy, zgin\u0105\u0142 w czasie prze\u015bladowa\u0144 w roku 1839 <b style=\"mso-bidi-font-weight: normal;\">i zosta\u0142 beatyfikowany w roku 1925.<\/b> Po chrzcie, kt\u00f3ry Andrzej przyj\u0105\u0142 maj\u0105c lat pi\u0119tna\u015bcie, przeby\u0142 kilkaset kilometr\u00f3w do seminarium w Makao w Chinach. Po sze\u015bciu latach zdo\u0142a\u0142 wr\u00f3ci\u0107 do swojego kraju poprzez Mand\u017curi\u0119. <\/div>\n<div class=\"MsoNormal\" style=\"text-align: justify; text-indent: 35.4pt;\">W tym samym roku przeby\u0142 Morze \u017b\u00f3\u0142te i <b style=\"mso-bidi-font-weight: normal;\">w Szanghaju, w roku 1845, przyj\u0105\u0142 \u015bwi\u0119cenia kap\u0142a\u0144skie.<\/b> Zosta\u0142 skierowany do przygotowania <b style=\"mso-bidi-font-weight: normal;\">bezpiecznej przeprawy wodnej dla misjonarzy chrze\u015bcija\u0144skich,<\/b> tak aby uda\u0142o im si\u0119 uj\u015b\u0107 stra\u017cy granicznej. Zosta\u0142 jednak aresztowany <b style=\"mso-bidi-font-weight: normal;\">i po torturach \u015bci\u0119ty<\/b> niedaleko stolicy swojego kraju, Seulu, <b style=\"mso-bidi-font-weight: normal;\">w dniu 16 wrze\u015bnia 1846 roku. <\/b><\/div>\n<div class=\"MsoNormal\" style=\"text-align: justify; text-indent: 35.4pt;\">Z kolei drugi nasz dzisiejszy Patron,<b> Pawe\u0142 Chong Hasang,<\/b> by\u0142 wsp\u00f3\u0142pracownikiem i t\u0142umaczem kap\u0142an\u00f3w. Przez dwadzie\u015bcia lat przewodzi\u0142 wsp\u00f3lnocie chrze\u015bcija\u0144skiej w Korei. Kiedy by\u0142 klerykiem, poni\u00f3s\u0142 \u015bmier\u0107 w wieku czterdziestu czterech lat \u2013 <b style=\"mso-bidi-font-weight: normal;\">\u015bci\u0119ty mieczem w dniu 22 kwietnia 1839 roku. <\/b><\/div>\n<div class=\"MsoNormal\" style=\"text-align: justify; text-indent: 35.4pt;\">A trzeba tu jeszcze wspomnie\u0107,<b style=\"mso-bidi-font-weight: normal;\"> i\u017c chrze\u015bcija\u0144stwo dotar\u0142o do Korei podczas japo\u0144skiej inwazji w 1592 roku,<\/b> kiedy to ochrzczono zaledwie kilku Korea\u0144czyk\u00f3w, czego prawdopodobnie dokonali katoliccy \u017co\u0142nierze japo\u0144scy. <b style=\"mso-bidi-font-weight: normal;\">Ewangelizacja by\u0142a utrudniona,<\/b> poniewa\u017c Korea przez wiele dziesi\u0105tk\u00f3w lat ca\u0142kowicie izolowa\u0142a si\u0119 od innych pa\u0144stw, pozwalaj\u0105c swoim mieszka\u0144com jedynie na coroczn\u0105 wypraw\u0119 do Pekinu w celu zap\u0142acenia podatk\u00f3w. Przy okazji jednej z takich wypraw, <b style=\"mso-bidi-font-weight: normal;\">w 1777 roku, uda\u0142o si\u0119 przewie\u017a\u0107 do Korei ksi\u0105\u017cki chrze\u015bcija\u0144skie,<\/b> otrzymane od jezuit\u00f3w w Chinach. W ten spos\u00f3b zacz\u0105\u0142 si\u0119 powolny rozw\u00f3j Ko\u015bcio\u0142a w Korei. <\/div>\n<div class=\"MsoNormal\" style=\"text-align: justify; text-indent: 35.4pt;\">Kiedy dwana\u015bcie lat p\u00f3\u017aniej uda\u0142o si\u0119 na teren Korei przedosta\u0107 chi\u0144skiemu ksi\u0119dzu, <b style=\"mso-bidi-font-weight: normal;\">zasta\u0142 on tam ju\u017c oko\u0142o czterech tysi\u0119cy chrze\u015bcijan,<\/b> spo\u015br\u00f3d kt\u00f3rych \u017caden dot\u0105d jeszcze nigdy nie widzia\u0142 kap\u0142ana. Siedem lat p\u00f3\u017aniej chrze\u015bcijan w Korei by\u0142o ju\u017c prawie <b style=\"mso-bidi-font-weight: normal;\">dziesi\u0119\u0107 tysi\u0119cy.<\/b> <b style=\"mso-bidi-font-weight: normal;\">Wolno\u015b\u0107 religijn\u0105 wprowadzono dopiero w 1887 roku,<\/b> po podpisaniu traktatu z Francj\u0105. W XIX wieku ponios\u0142o \u015bmier\u0107 m\u0119cze\u0144sk\u0105 trzech biskup\u00f3w katolickich, dziesi\u0119ciu kap\u0142an\u00f3w i ponad dziesi\u0119\u0107 tysi\u0119cy wiernych. Z nich tylko cz\u0119\u015b\u0107 dost\u0105pi\u0142a chwa\u0142y o\u0142tarzy. <\/div>\n<div class=\"MsoNormal\" style=\"text-align: justify; text-indent: 35.4pt;\"><b style=\"mso-bidi-font-weight: normal;\">B\u0142ogos\u0142awiony Papie\u017c Jan Pawe\u0142 II, podczas swojej wizyty apostolskiej w Korei w 1984 roku, kanonizowa\u0142<\/b> \u2013 opr\u00f3cz Andrzeja Kim Taegon i Paw\u0142a Chong Hasang \u2013 tak\u017ce dziewi\u0119\u0107dziesi\u0119ciu o\u015bmiu Korea\u0144czyk\u00f3w i trzech misjonarzy francuskich. W ca\u0142ej tej grupie byli biskupi i ksi\u0119\u017ca, jednak <b style=\"mso-bidi-font-weight: normal;\">wi\u0119kszo\u015b\u0107 stanowili ludzie \u015bwieccy.<\/b><\/div>\n<div class=\"MsoNormal\" style=\"text-align: justify; text-indent: 35.4pt;\">W swojej <b style=\"mso-bidi-font-weight: normal;\">ostatniej zach\u0119cie,<\/b> skierowanej do wiernych, \u015awi\u0119ty Andrzeja Kim Taegon tak pisa\u0142 z wi\u0119zienia: \u201eUmi\u0142owani bracia i przyjaciele! [\u2026] <b style=\"mso-bidi-font-weight: normal;\">U Pana \u015bwiat jest rol\u0105; my, ludzie \u2013 jakby ry\u017cem, a \u0142aska wilgoci\u0105.<\/b> On to dzi\u0119ki Wcieleniu i Odkupieniu nawadnia nas krwi\u0105 swoj\u0105, aby\u015bmy mogli wzrasta\u0107 i dojrzewa\u0107. W dniu s\u0105du, gdy przyjdzie czas zbior\u00f3w, ten, kto dzi\u0119ki \u0142asce oka\u017ce si\u0119 <b style=\"mso-bidi-font-weight: normal;\">dojrza\u0142y \u2013 jako przybrane dziecko Bo\u017ce \u2013 radowa\u0107 si\u0119 b\u0119dzie kr\u00f3lestwem niebieskim;<\/b> kto za\u015b nie b\u0119dzie dojrza\u0142y, stanie si\u0119 jako nieprzyjaciel, i cho\u0107 sam by\u0142 ju\u017c przybranym dzieckiem, otrzyma sprawiedliw\u0105 kar\u0119 na wieki. <\/div>\n<div class=\"MsoNormal\" style=\"text-align: justify; text-indent: 35.4pt;\">Bracia najmilsi, to wiedzcie, \u017ce Pan nasz, Jezus, przyszed\u0142szy na \u015bwiat, przecierpia\u0142 niezliczone udr\u0119ki. Przez swoj\u0105 m\u0119k\u0119 <b style=\"mso-bidi-font-weight: normal;\">za\u0142o\u017cy\u0142 \u015bwi\u0119ty Ko\u015bci\u00f3\u0142 i pomna\u017ca go cierpieniem wiernych.<\/b> Cho\u0107 moce tego \u015bwiata uciskaj\u0105 Ko\u015bci\u00f3\u0142 i zwalczaj\u0105, to jednak <b style=\"mso-bidi-font-weight: normal;\">nigdy nie zdo\u0142aj\u0105 go pokona\u0107!<\/b> Po Wniebowst\u0105pieniu, od czas\u00f3w apostolskich a\u017c po dni obecne, Ko\u015bci\u00f3\u0142 \u015awi\u0119ty wsz\u0119dzie wzrasta po\u015br\u00f3d ucisk\u00f3w. <\/div>\n<div class=\"MsoNormal\" style=\"text-align: justify; text-indent: 35.4pt;\">Teraz za\u015b od pi\u0119\u0107dziesi\u0119ciu lub sze\u015b\u0107dziesi\u0119ciu ju\u017c lat, <b style=\"mso-bidi-font-weight: normal;\">odk\u0105d \u015bwi\u0119ty Ko\u015bci\u00f3\u0142 zacz\u0105\u0142 istnie\u0107 w naszej Korei, wierni raz po raz znosz\u0105 ucisk,<\/b> a i dzisiaj r\u00f3wnie\u017c szaleje prze\u015bladowanie. Wielu braci w tej samej wierze, po\u015br\u00f3d nich i ja, zostali\u015bmy wtr\u0105ceni do wi\u0119zienia. Tak\u017ce i wy \u017cyjecie po\u015brodku prze\u015bladowa\u0144. Poniewa\u017c wsp\u00f3lnie jedno cia\u0142o stanowimy, jak\u017ce si\u0119 nie smuci\u0107 tym szczerze? <b style=\"mso-bidi-font-weight: normal;\">Jak\u017ce nie odczuwa\u0107 po ludzku b\u00f3lu z powodu rozdzielenia? <\/b><\/div>\n<div class=\"MsoNormal\" style=\"text-align: justify; text-indent: 35.4pt;\">Jednak\u017ce, jak m\u00f3wi Pismo, B\u00f3g troszczy si\u0119 o najmniejszy w\u0142os na g\u0142owie, i to ca\u0142\u0105 swoj\u0105 wszechwiedz\u0105. Tote\u017c czy mo\u017cna widzie\u0107 w tym prze\u015bladowaniu co\u015b innego, jak rozkaz Pana, Jego nagrod\u0119 lub wreszcie Jego kar\u0119? <b style=\"mso-bidi-font-weight: normal;\">Post\u0119pujcie zatem zgodnie z Bo\u017c\u0105 wol\u0105, z ca\u0142ego serca walczcie pod wodz\u0105 Jezusa, niebia\u0144skiego przewodnika, pokonujcie moce tego \u015bwiata, zwyci\u0119\u017cone ju\u017c przez Chrystusa!<\/b> Prosz\u0119 was, nie zaniedbujcie mi\u0142o\u015bci braterskiej, ale pomagajcie sobie wzajemnie. Wytrwajcie, dop\u00f3ki Pan nie zmi\u0142uje si\u0119 nad nami i nie oddali utrapie\u0144. <\/div>\n<div class=\"MsoNormal\" style=\"text-align: justify; text-indent: 35.4pt;\">Jest nas tutaj dwudziestu, i wszyscy dzi\u0119ki Bogu trzymaj\u0105 si\u0119 dobrze. <b style=\"mso-bidi-font-weight: normal;\">Je\u015bli kto\u015b zostanie zabity, pami\u0119tajcie, prosz\u0119 was, o jego rodzinie.<\/b> Wiele mam jeszcze do powiedzenia, ale jak\u017ce to wyrazi\u0107 na pi\u015bmie? Ko\u0144cz\u0119 wi\u0119c list. Poniewa\u017c bliscy jeste\u015bmy ostatecznej walki, dlatego prosz\u0119 was, <b style=\"mso-bidi-font-weight: normal;\">aby\u015bcie post\u0119powali zgodnie z zasadami wiary,<\/b> tak aby\u015bmy dostawszy si\u0119 do nieba, wsp\u00f3lnie mogli sobie nawzajem powinszowa\u0107. Pozostawiam wam poca\u0142unek mi\u0142o\u015bci.\u201d Tyle z listu \u015awi\u0119tego Andrzeja Kim Taegon.<\/div>\n<div class=\"MsoNormal\" style=\"text-align: justify; text-indent: 35.4pt;\">A my, s\u0142uchaj\u0105c z uwag\u0105 dzisiejszych czyta\u0144 mszalnych, mo\u017cemy z najg\u0142\u0119bszym przekonaniem stwierdzi\u0107, \u017ce Jezus, m\u00f3wi\u0105c w Ewangelii: <b style=\"mso-bidi-font-weight: normal;\"><i style=\"mso-bidi-font-style: normal;\">Moj\u0105 matk\u0105 i moimi bra\u0107mi s\u0105 ci, kt\u00f3rzy s\u0142uchaj\u0105 S\u0142owa Bo\u017cego i zachowuj\u0105 je<\/i>!<\/b> \u2013 musia\u0142 z pewno\u015bci\u0105 my\u015ble\u0107 w\u0142a\u015bnie o takich ludziach, jak Andrzej, Pawe\u0142 i ich Towarzysze, M\u0119czennicy korea\u0144scy. Przecie\u017c to <b style=\"mso-bidi-font-weight: normal;\">na nich skupi\u0142a si\u0119 ca\u0142a nienawi\u015b\u0107 do Chrystusa i do Ko\u015bcio\u0142a,<\/b> jak\u0105 \u017cywili \u00f3wcze\u015bni rz\u0105dcy ich kraju. <\/div>\n<div class=\"MsoNormal\" style=\"text-align: justify; text-indent: 35.4pt;\">Oto dzisiaj, w pierwszym czytaniu s\u0142yszymy, \u017ce kr\u00f3l perski, a wi\u0119c ten, w niewoli kt\u00f3rego Izraelici przebywali, pozwala doprowadzi\u0107 do ko\u0144ca budow\u0119 \u015bwi\u0105tyni. <b style=\"mso-bidi-font-weight: normal;\">A bohaterskich M\u0119czennik\u00f3w korea\u0144skich zabijali ich rodacy, w ich w\u0142asnym kraju.<\/b> Jak\u017ce jednak wielk\u0105 okaza\u0142a si\u0119 \u0142aska Bo\u017ca i jak niezwyk\u0142e drogi dzia\u0142ania Bo\u017cego, skoro nawet <b style=\"mso-bidi-font-weight: normal;\">pomimo tyloletniego braku kap\u0142an\u00f3w chrze\u015bcija\u0144stwo tak bujnie si\u0119 rozwija\u0142o!<\/b> A potem, kiedy r\u00f3\u017cnymi tajnymi kana\u0142ami da\u0142o si\u0119 przemyci\u0107 troch\u0119 pism religijnych czy dotrze\u0107 na miejsce samym misjonarzom, <b style=\"mso-bidi-font-weight: normal;\">mo\u017cna by\u0142o to dzie\u0142o kontynuowa\u0107, pomimo tak strasznych, wr\u0119cz w\u015bciek\u0142ych prze\u015bladowa\u0144. <\/b><\/div>\n<div class=\"MsoNormal\" style=\"text-align: justify; text-indent: 35.4pt;\">A mo\u017ce w\u0142a\u015bnie \u2013 z ich powodu ten rozw\u00f3j by\u0142 tak bujny i tak intensywny?! Od dawna bowiem wyznaje si\u0119 zasad\u0119, \u017ce <b style=\"mso-bidi-font-weight: normal;\">krew m\u0119czennik\u00f3w jest posiewem chrze\u015bcijan.<\/b> Niemniej jednak, gdy si\u0119 patrzy na ten niezwyk\u0142y rozkwit wiary w dziewi\u0119tnastowiecznej Korei \u2013 pomimo wszelkich mo\u017cliwych niesprzyjaj\u0105cych warunk\u00f3w \u2013 to nasuwa si\u0119 tylko wniosek, \u017ce tak naprawd\u0119 to <b style=\"mso-bidi-font-weight: normal;\">sam Jezus dzia\u0142a w swoim Ko\u015bciele, a my mamy Mu w tym dziele jedynie pomaga\u0107 i z Nim wsp\u00f3\u0142pracowa\u0107! A przynajmniej \u2013 nie przeszkadza\u0107!<\/b><\/div>\n<div class=\"MsoNormal\" style=\"text-align: justify; text-indent: 35.4pt;\">W tym kontek\u015bcie pomy\u015blmy:<\/div>\n<div class=\"MsoNormal\" style=\"margin-left: 36.0pt; mso-list: l0 level1 lfo1; tab-stops: list 36.0pt; text-align: justify; text-indent: -18.0pt;\">\u00b7&nbsp;&nbsp;&nbsp;&nbsp;&nbsp;&nbsp;&nbsp; Czy dostrzegam dzia\u0142anie \u0142aski Bo\u017cej w swoim \u017cyciu, czy jestem przekonany, \u017ce do wszystkiego dochodz\u0119 o w\u0142asnych si\u0142ach?<\/div>\n<div class=\"MsoNormal\" style=\"margin-left: 36.0pt; mso-list: l0 level1 lfo1; tab-stops: list 36.0pt; text-align: justify; text-indent: -18.0pt;\">\u00b7&nbsp;&nbsp;&nbsp;&nbsp;&nbsp;&nbsp;&nbsp; Czy potrafi\u0119 wzbudzi\u0107 w sobie takie szczere i dzieci\u0119ce zaufanie do Jezusa, jak dzisiejsi Patronowie?<\/div>\n<div class=\"MsoNormal\" style=\"margin-left: 36.0pt; mso-list: l0 level1 lfo1; tab-stops: list 36.0pt; text-align: justify; text-indent: -18.0pt;\">\u00b7&nbsp;&nbsp;&nbsp;&nbsp;&nbsp;&nbsp;&nbsp; Czy na ich wz\u00f3r staram si\u0119 nie dopuszcza\u0107 do swego serca nienawi\u015bci wobec os\u00f3b wrogo do mnie nastawionych?<\/div>\n<div class=\"MsoNormal\" style=\"text-align: justify;\">\n<\/div>\n<div class=\"MsoNormal\" style=\"text-align: justify;\"><b style=\"mso-bidi-font-weight: normal;\"><i style=\"mso-bidi-font-style: normal;\">Moj\u0105 matk\u0105 i moimi bra\u0107mi s\u0105 ci, kt\u00f3rzy s\u0142uchaj\u0105 S\u0142owa Bo\u017cego i zachowuj\u0105 je<\/i><\/b><b style=\"mso-bidi-font-weight: normal;\">!<\/b><\/div>\n","protected":false},"excerpt":{"rendered":"<p>Szcz\u0119\u015b\u0107 Bo\u017ce! Serdecznie pozdrawiam i dziel\u0119 si\u0119 z Wami rado\u015bci\u0105 z przepi\u0119knej uroczysto\u015bci Bierzmowania w Celestynowie. Udziela\u0142 go Biskup Kazimierz Romaniuk, Biskup Senior Warszawsko &#8211; Praski. Moj\u0105 wielk\u0105 rado\u015bci\u0105 by\u0142o na\u0142o\u017cenie M\u0142odzie\u017cy bierzmowanej pami\u0105tkowych krzy\u017cy &#8211; ju\u017c po zako\u0144czeniu uroczysto\u015bci. Ka\u017cdemu m\u00f3wi\u0142em, \u017ceby by\u0142 wierny Krzy\u017cowi, a Chrystus b\u0119dzie go (j\u0105) prowadzi\u0142. Na uwag\u0119 zas\u0142uguje [&hellip;]<\/p>\n","protected":false},"author":1,"featured_media":0,"comment_status":"open","ping_status":"open","sticky":false,"template":"","format":"standard","meta":{"jetpack_post_was_ever_published":false,"_jetpack_newsletter_access":"","_jetpack_dont_email_post_to_subs":false,"_jetpack_newsletter_tier_id":0,"_jetpack_memberships_contains_paywalled_content":false,"_jetpack_memberships_contains_paid_content":false,"footnotes":""},"categories":[1],"tags":[],"class_list":["post-9727","post","type-post","status-publish","format-standard","hentry","category-bez-kategorii"],"yoast_head":"<!-- This site is optimized with the Yoast SEO plugin v25.1 - https:\/\/yoast.com\/wordpress\/plugins\/seo\/ -->\n<title>O \u017cywym Ko\u015bciele w Korei... - Gaudium Et Spes<\/title>\n<meta name=\"robots\" content=\"index, follow, max-snippet:-1, max-image-preview:large, max-video-preview:-1\" \/>\n<link rel=\"canonical\" href=\"https:\/\/gaudiumetspes-blog.pl\/index.php\/2011\/09\/20\/o-zywym-kosciele-w-korei\/\" \/>\n<meta property=\"og:locale\" content=\"pl_PL\" \/>\n<meta property=\"og:type\" content=\"article\" \/>\n<meta property=\"og:title\" content=\"O \u017cywym Ko\u015bciele w Korei... - Gaudium Et Spes\" \/>\n<meta property=\"og:description\" content=\"Szcz\u0119\u015b\u0107 Bo\u017ce! Serdecznie pozdrawiam i dziel\u0119 si\u0119 z Wami rado\u015bci\u0105 z przepi\u0119knej uroczysto\u015bci Bierzmowania w Celestynowie. Udziela\u0142 go Biskup Kazimierz Romaniuk, Biskup Senior Warszawsko &#8211; Praski. Moj\u0105 wielk\u0105 rado\u015bci\u0105 by\u0142o na\u0142o\u017cenie M\u0142odzie\u017cy bierzmowanej pami\u0105tkowych krzy\u017cy &#8211; ju\u017c po zako\u0144czeniu uroczysto\u015bci. Ka\u017cdemu m\u00f3wi\u0142em, \u017ceby by\u0142 wierny Krzy\u017cowi, a Chrystus b\u0119dzie go (j\u0105) prowadzi\u0142. Na uwag\u0119 zas\u0142uguje [&hellip;]\" \/>\n<meta property=\"og:url\" content=\"https:\/\/gaudiumetspes-blog.pl\/index.php\/2011\/09\/20\/o-zywym-kosciele-w-korei\/\" \/>\n<meta property=\"og:site_name\" content=\"Gaudium Et Spes\" \/>\n<meta property=\"article:published_time\" content=\"2011-09-20T06:18:00+00:00\" \/>\n<meta property=\"article:modified_time\" content=\"2019-07-31T10:52:38+00:00\" \/>\n<meta name=\"author\" content=\"Ks. Jacek\" \/>\n<meta name=\"twitter:card\" content=\"summary_large_image\" \/>\n<meta name=\"twitter:label1\" content=\"Napisane przez\" \/>\n\t<meta name=\"twitter:data1\" content=\"Ks. Jacek\" \/>\n\t<meta name=\"twitter:label2\" content=\"Szacowany czas czytania\" \/>\n\t<meta name=\"twitter:data2\" content=\"8 minut\" \/>\n<script type=\"application\/ld+json\" class=\"yoast-schema-graph\">{\"@context\":\"https:\/\/schema.org\",\"@graph\":[{\"@type\":\"WebPage\",\"@id\":\"https:\/\/gaudiumetspes-blog.pl\/index.php\/2011\/09\/20\/o-zywym-kosciele-w-korei\/\",\"url\":\"https:\/\/gaudiumetspes-blog.pl\/index.php\/2011\/09\/20\/o-zywym-kosciele-w-korei\/\",\"name\":\"O \u017cywym Ko\u015bciele w Korei... - Gaudium Et Spes\",\"isPartOf\":{\"@id\":\"https:\/\/gaudiumetspes-blog.pl\/#website\"},\"datePublished\":\"2011-09-20T06:18:00+00:00\",\"dateModified\":\"2019-07-31T10:52:38+00:00\",\"author\":{\"@id\":\"https:\/\/gaudiumetspes-blog.pl\/#\/schema\/person\/1661982992b752dea8dff0d4ed845a65\"},\"breadcrumb\":{\"@id\":\"https:\/\/gaudiumetspes-blog.pl\/index.php\/2011\/09\/20\/o-zywym-kosciele-w-korei\/#breadcrumb\"},\"inLanguage\":\"pl-PL\",\"potentialAction\":[{\"@type\":\"ReadAction\",\"target\":[\"https:\/\/gaudiumetspes-blog.pl\/index.php\/2011\/09\/20\/o-zywym-kosciele-w-korei\/\"]}]},{\"@type\":\"BreadcrumbList\",\"@id\":\"https:\/\/gaudiumetspes-blog.pl\/index.php\/2011\/09\/20\/o-zywym-kosciele-w-korei\/#breadcrumb\",\"itemListElement\":[{\"@type\":\"ListItem\",\"position\":1,\"name\":\"Strona g\u0142\u00f3wna\",\"item\":\"https:\/\/gaudiumetspes-blog.pl\/\"},{\"@type\":\"ListItem\",\"position\":2,\"name\":\"O&nbsp;\u017cywym Ko\u015bciele w&nbsp;Korei&#8230;\"}]},{\"@type\":\"WebSite\",\"@id\":\"https:\/\/gaudiumetspes-blog.pl\/#website\",\"url\":\"https:\/\/gaudiumetspes-blog.pl\/\",\"name\":\"Gaudium Et Spes\",\"description\":\"Blog Ks. Jacka Ja\u015bkowskiego\",\"potentialAction\":[{\"@type\":\"SearchAction\",\"target\":{\"@type\":\"EntryPoint\",\"urlTemplate\":\"https:\/\/gaudiumetspes-blog.pl\/?s={search_term_string}\"},\"query-input\":{\"@type\":\"PropertyValueSpecification\",\"valueRequired\":true,\"valueName\":\"search_term_string\"}}],\"inLanguage\":\"pl-PL\"},{\"@type\":\"Person\",\"@id\":\"https:\/\/gaudiumetspes-blog.pl\/#\/schema\/person\/1661982992b752dea8dff0d4ed845a65\",\"name\":\"Ks. Jacek\",\"image\":{\"@type\":\"ImageObject\",\"inLanguage\":\"pl-PL\",\"@id\":\"https:\/\/gaudiumetspes-blog.pl\/#\/schema\/person\/image\/\",\"url\":\"https:\/\/gaudiumetspes-blog.pl\/wp-content\/uploads\/2019\/07\/avatar-JJ-150x150.jpg\",\"contentUrl\":\"https:\/\/gaudiumetspes-blog.pl\/wp-content\/uploads\/2019\/07\/avatar-JJ-150x150.jpg\",\"caption\":\"Ks. Jacek\"},\"description\":\"Witam serdecznie! K\u0142ania si\u0119 Ks. Jacek Ja\u015bkowski. Nie jestem ani kim\u015b wa\u017cnym, ani kim\u015b znanym. Jestem ksi\u0119dzem, kt\u00f3ry po prostu chce rozmawia\u0107. Codzienna kap\u0142a\u0144ska pos\u0142uga pokazuje mi, \u017ce temat\u00f3w do rozm\u00f3w z ksi\u0119dzem jest coraz wi\u0119cej i dzisiaj \u017caden ksi\u0105dz nie mo\u017ce od nich ucieka\u0107, ale - wprost przeciwnie - podejmowa\u0107 nowe wyzwania. To przekonanie sk\u0142oni\u0142o mnie do pr\u00f3by otwarcia tego\u017c bloga, chocia\u017c okazji do rozm\u00f3w na co dzie\u0144 - w konfesjonale i poza nim - na szcz\u0119\u015bcie nie brakuje. My\u015bl\u0119 jednak, \u017ce ten blog b\u0119dzie jeszcze jednym sposobem i przestrzeni\u0105 nawi\u0105zania kontaktu z lud\u017ami dobrej woli, otwartymi na dialog.\",\"url\":\"https:\/\/gaudiumetspes-blog.pl\/index.php\/author\/ks-jacek\/\"}]}<\/script>\n<!-- \/ Yoast SEO plugin. -->","yoast_head_json":{"title":"O \u017cywym Ko\u015bciele w Korei... - Gaudium Et Spes","robots":{"index":"index","follow":"follow","max-snippet":"max-snippet:-1","max-image-preview":"max-image-preview:large","max-video-preview":"max-video-preview:-1"},"canonical":"https:\/\/gaudiumetspes-blog.pl\/index.php\/2011\/09\/20\/o-zywym-kosciele-w-korei\/","og_locale":"pl_PL","og_type":"article","og_title":"O \u017cywym Ko\u015bciele w Korei... - Gaudium Et Spes","og_description":"Szcz\u0119\u015b\u0107 Bo\u017ce! Serdecznie pozdrawiam i dziel\u0119 si\u0119 z Wami rado\u015bci\u0105 z przepi\u0119knej uroczysto\u015bci Bierzmowania w Celestynowie. Udziela\u0142 go Biskup Kazimierz Romaniuk, Biskup Senior Warszawsko &#8211; Praski. Moj\u0105 wielk\u0105 rado\u015bci\u0105 by\u0142o na\u0142o\u017cenie M\u0142odzie\u017cy bierzmowanej pami\u0105tkowych krzy\u017cy &#8211; ju\u017c po zako\u0144czeniu uroczysto\u015bci. Ka\u017cdemu m\u00f3wi\u0142em, \u017ceby by\u0142 wierny Krzy\u017cowi, a Chrystus b\u0119dzie go (j\u0105) prowadzi\u0142. Na uwag\u0119 zas\u0142uguje [&hellip;]","og_url":"https:\/\/gaudiumetspes-blog.pl\/index.php\/2011\/09\/20\/o-zywym-kosciele-w-korei\/","og_site_name":"Gaudium Et Spes","article_published_time":"2011-09-20T06:18:00+00:00","article_modified_time":"2019-07-31T10:52:38+00:00","author":"Ks. Jacek","twitter_card":"summary_large_image","twitter_misc":{"Napisane przez":"Ks. Jacek","Szacowany czas czytania":"8 minut"},"schema":{"@context":"https:\/\/schema.org","@graph":[{"@type":"WebPage","@id":"https:\/\/gaudiumetspes-blog.pl\/index.php\/2011\/09\/20\/o-zywym-kosciele-w-korei\/","url":"https:\/\/gaudiumetspes-blog.pl\/index.php\/2011\/09\/20\/o-zywym-kosciele-w-korei\/","name":"O \u017cywym Ko\u015bciele w Korei... - Gaudium Et Spes","isPartOf":{"@id":"https:\/\/gaudiumetspes-blog.pl\/#website"},"datePublished":"2011-09-20T06:18:00+00:00","dateModified":"2019-07-31T10:52:38+00:00","author":{"@id":"https:\/\/gaudiumetspes-blog.pl\/#\/schema\/person\/1661982992b752dea8dff0d4ed845a65"},"breadcrumb":{"@id":"https:\/\/gaudiumetspes-blog.pl\/index.php\/2011\/09\/20\/o-zywym-kosciele-w-korei\/#breadcrumb"},"inLanguage":"pl-PL","potentialAction":[{"@type":"ReadAction","target":["https:\/\/gaudiumetspes-blog.pl\/index.php\/2011\/09\/20\/o-zywym-kosciele-w-korei\/"]}]},{"@type":"BreadcrumbList","@id":"https:\/\/gaudiumetspes-blog.pl\/index.php\/2011\/09\/20\/o-zywym-kosciele-w-korei\/#breadcrumb","itemListElement":[{"@type":"ListItem","position":1,"name":"Strona g\u0142\u00f3wna","item":"https:\/\/gaudiumetspes-blog.pl\/"},{"@type":"ListItem","position":2,"name":"O&nbsp;\u017cywym Ko\u015bciele w&nbsp;Korei&#8230;"}]},{"@type":"WebSite","@id":"https:\/\/gaudiumetspes-blog.pl\/#website","url":"https:\/\/gaudiumetspes-blog.pl\/","name":"Gaudium Et Spes","description":"Blog Ks. Jacka Ja\u015bkowskiego","potentialAction":[{"@type":"SearchAction","target":{"@type":"EntryPoint","urlTemplate":"https:\/\/gaudiumetspes-blog.pl\/?s={search_term_string}"},"query-input":{"@type":"PropertyValueSpecification","valueRequired":true,"valueName":"search_term_string"}}],"inLanguage":"pl-PL"},{"@type":"Person","@id":"https:\/\/gaudiumetspes-blog.pl\/#\/schema\/person\/1661982992b752dea8dff0d4ed845a65","name":"Ks. Jacek","image":{"@type":"ImageObject","inLanguage":"pl-PL","@id":"https:\/\/gaudiumetspes-blog.pl\/#\/schema\/person\/image\/","url":"https:\/\/gaudiumetspes-blog.pl\/wp-content\/uploads\/2019\/07\/avatar-JJ-150x150.jpg","contentUrl":"https:\/\/gaudiumetspes-blog.pl\/wp-content\/uploads\/2019\/07\/avatar-JJ-150x150.jpg","caption":"Ks. Jacek"},"description":"Witam serdecznie! K\u0142ania si\u0119 Ks. Jacek Ja\u015bkowski. Nie jestem ani kim\u015b wa\u017cnym, ani kim\u015b znanym. Jestem ksi\u0119dzem, kt\u00f3ry po prostu chce rozmawia\u0107. Codzienna kap\u0142a\u0144ska pos\u0142uga pokazuje mi, \u017ce temat\u00f3w do rozm\u00f3w z ksi\u0119dzem jest coraz wi\u0119cej i dzisiaj \u017caden ksi\u0105dz nie mo\u017ce od nich ucieka\u0107, ale - wprost przeciwnie - podejmowa\u0107 nowe wyzwania. To przekonanie sk\u0142oni\u0142o mnie do pr\u00f3by otwarcia tego\u017c bloga, chocia\u017c okazji do rozm\u00f3w na co dzie\u0144 - w konfesjonale i poza nim - na szcz\u0119\u015bcie nie brakuje. My\u015bl\u0119 jednak, \u017ce ten blog b\u0119dzie jeszcze jednym sposobem i przestrzeni\u0105 nawi\u0105zania kontaktu z lud\u017ami dobrej woli, otwartymi na dialog.","url":"https:\/\/gaudiumetspes-blog.pl\/index.php\/author\/ks-jacek\/"}]}},"jetpack_featured_media_url":"","jetpack_sharing_enabled":true,"_links":{"self":[{"href":"https:\/\/gaudiumetspes-blog.pl\/index.php\/wp-json\/wp\/v2\/posts\/9727","targetHints":{"allow":["GET"]}}],"collection":[{"href":"https:\/\/gaudiumetspes-blog.pl\/index.php\/wp-json\/wp\/v2\/posts"}],"about":[{"href":"https:\/\/gaudiumetspes-blog.pl\/index.php\/wp-json\/wp\/v2\/types\/post"}],"author":[{"embeddable":true,"href":"https:\/\/gaudiumetspes-blog.pl\/index.php\/wp-json\/wp\/v2\/users\/1"}],"replies":[{"embeddable":true,"href":"https:\/\/gaudiumetspes-blog.pl\/index.php\/wp-json\/wp\/v2\/comments?post=9727"}],"version-history":[{"count":1,"href":"https:\/\/gaudiumetspes-blog.pl\/index.php\/wp-json\/wp\/v2\/posts\/9727\/revisions"}],"predecessor-version":[{"id":10356,"href":"https:\/\/gaudiumetspes-blog.pl\/index.php\/wp-json\/wp\/v2\/posts\/9727\/revisions\/10356"}],"wp:attachment":[{"href":"https:\/\/gaudiumetspes-blog.pl\/index.php\/wp-json\/wp\/v2\/media?parent=9727"}],"wp:term":[{"taxonomy":"category","embeddable":true,"href":"https:\/\/gaudiumetspes-blog.pl\/index.php\/wp-json\/wp\/v2\/categories?post=9727"},{"taxonomy":"post_tag","embeddable":true,"href":"https:\/\/gaudiumetspes-blog.pl\/index.php\/wp-json\/wp\/v2\/tags?post=9727"}],"curies":[{"name":"wp","href":"https:\/\/api.w.org\/{rel}","templated":true}]}}