{"id":9728,"date":"2011-09-19T07:00:00","date_gmt":"2011-09-19T05:00:00","guid":{"rendered":"https:\/\/gaudiumetspes-blog.pl\/index.php\/2011\/09\/19\/i-po-co-zapalac-lampe-jesli-ma-stac-pod\/"},"modified":"2019-07-31T12:52:38","modified_gmt":"2019-07-31T10:52:38","slug":"i-po-co-zapalac-lampe-jesli-ma-stac-pod","status":"publish","type":"post","link":"https:\/\/gaudiumetspes-blog.pl\/index.php\/2011\/09\/19\/i-po-co-zapalac-lampe-jesli-ma-stac-pod\/","title":{"rendered":"I po co zapala\u0107 lamp\u0119, je\u015bli ma sta\u0107 pod garncem?&#8230;"},"content":{"rendered":"<p><\/p>\n<div class=\"MsoNormal\" style=\"text-align: justify;\">Szcz\u0119\u015b\u0107 Bo\u017ce! Nie wiem, jak zrozumieli\u015bcie ostatnie zdanie wczorajszego wpisu Roberta, ale ja z tego finezyjnego stwierdzenia, jakie zosta\u0142o tam zawarte, wnioskuj\u0119, \u017ce<b style=\"mso-bidi-font-weight: normal;\"> Robert dzisiaj \u015bwi\u0119tuje urodziny! A zatem, Drogi Robercie &#8211; plurimos annos! A jednocze\u015bnie &#8211; bardzo dzi\u0119kuj\u0119 za sta\u0142\u0105 obecno\u015b\u0107 na blogu i tak pi\u0119kne, m\u0105dre i wywa\u017cone komentarze, trafiaj\u0105ce zawsze w sedno problemu! Do \u017cycze\u0144 do\u0142\u0105czam moj\u0105 gor\u0105c\u0105 modlitw\u0119!<\/b><\/div>\n<div class=\"MsoNormal\" style=\"text-align: justify;\"><b>&nbsp;&nbsp;&nbsp;&nbsp; <\/b>A dzisiaj, w mojej Parafii w Celestynowie, Bierzmowanie. Polecam Waszej modlitwie, Kochani, m\u0142odzie\u017c, kt\u00f3ra je przyjmie i w og\u00f3le wszystkich m\u0142odych ludzi, aby nie rezygnowali z Chrystusa i jedynie w Nim odnajdywali sens swego \u017cycia!<\/div>\n<div class=\"MsoNormal\" style=\"text-align: justify;\">&nbsp;&nbsp;&nbsp; W czytaniach za\u015b mszalnych &#8211; co\u015b o lampie schowanej pod \u0142\u00f3\u017ckiem&#8230;<\/div>\n<div class=\"MsoNormal\" style=\"text-align: justify;\">&nbsp;&nbsp;&nbsp;&nbsp;&nbsp;&nbsp;&nbsp;&nbsp;&nbsp;&nbsp;&nbsp;&nbsp; Gaudium et spes!&nbsp; Ks. Jacek<b><br \/>\n<\/b><\/div>\n<div class=\"MsoNormal\" style=\"text-align: justify;\">\n<\/div>\n<div class=\"MsoNormal\" style=\"text-align: justify;\"><b>Poniedzia\u0142ek 25 tygodnia zwyk\u0142ego, rok I,<\/b><\/div>\n<div class=\"MsoNormal\" style=\"text-align: justify;\"><b style=\"mso-bidi-font-weight: normal;\">do czyta\u0144:&nbsp; Ezd 1,1\u20136;&nbsp; \u0141k 8,16\u201318<\/b><\/div>\n<div class=\"MsoNormal\" style=\"text-align: justify;\">\n<\/div>\n<div class=\"MsoNormal\" style=\"text-align: justify; text-indent: 35.4pt;\">Wszyscy dobrze wiemy, <b style=\"mso-bidi-font-weight: normal;\">jak\u0105 moc ma \u015bwiat\u0142o.<\/b> Moc przenikania przez ka\u017cd\u0105 szczelin\u0119, moc docierania do ludzkich oczu\u2026 Kiedy \u015bwita nowy poranek, to <b style=\"mso-bidi-font-weight: normal;\">pomimo zas\u0142on, zaci\u0105gni\u0119tych na oknie, w pokoju robi si\u0119 coraz ja\u015bniej,<\/b> bo \u015bwiat\u0142o dociera wszystkimi mo\u017cliwymi drogami i rozja\u015bnia otoczenie. A w nocy, \u017ceby pokona\u0107 ciemno\u015b\u0107, zapalamy lampy, \u017car\u00f3wki. I oto <b style=\"mso-bidi-font-weight: normal;\">nawet jedna ma\u0142a \u017car\u00f3wka rozja\u015bnia ca\u0142e pomieszczenie,<\/b> dzi\u0119ki czemu wszyscy obecni mog\u0105 normalnie funkcjonowa\u0107. <\/div>\n<div class=\"MsoNormal\" style=\"text-align: justify; text-indent: 35.4pt;\">Czy jednak zdarzy\u0142o si\u0119 kiedykolwiek, \u017ceby kto\u015b umie\u015bci\u0142 \u017car\u00f3wk\u0119 <b style=\"mso-bidi-font-weight: normal;\">w zamkni\u0119tej szafce, aby tam \u015bwieci\u0142a?<\/b> Przecie\u017c to by\u0142oby bez sensu, bo w pokoju i tak panowa\u0142aby ciemno\u015b\u0107. I w\u0142a\u015bnie o takiej sytuacji m\u00f3wi dzisiaj Jezus Chrystus: <b style=\"mso-bidi-font-weight: normal;\">o takiej absurdalnej sytuacji,<\/b> w kt\u00f3rej kto\u015b zapala lamp\u0119 po to, aby zaraz przykry\u0107 j\u0105 garncem, albo postawi\u0107 pod \u0142\u00f3\u017ckiem. Takie dzia\u0142anie \u017cadnego sensu nie ma, bo \u015bwiat\u0142o jest po to, aby <b style=\"mso-bidi-font-weight: normal;\">rozja\u015bnia\u0142o jak najszerzej mroki ciemno\u015bci.<\/b> <\/div>\n<div class=\"MsoNormal\" style=\"text-align: justify; text-indent: 35.4pt;\">\u015awiat\u0142o \u2013 jako rzekli\u015bmy na pocz\u0105tku \u2013 ma i tak niezwyk\u0142\u0105 moc docierania i przenikania przez szczeliny, ale je\u017celi przykryje si\u0119 je garncem, czy gdzie\u015b g\u0142\u0119boko schowa, to <b style=\"mso-bidi-font-weight: normal;\">jednak uda si\u0119 jego blask przy\u0107mi\u0107 lub zupe\u0142nie zas\u0142oni\u0107.<\/b> Tylko \u2013 \u017ceby to jeszcze raz powt\u00f3rzy\u0107 \u2013 <b style=\"mso-bidi-font-weight: normal;\">jaki sens ma takie dzia\u0142anie?<\/b> <\/div>\n<div class=\"MsoNormal\" style=\"text-align: justify; text-indent: 35.4pt;\">Tym \u015bwiat\u0142em, o jakim dzi\u015b Jezus m\u00f3wi, jest <b style=\"mso-bidi-font-weight: normal;\">On sam i Jego nauka. <\/b>I oto podobnie, jak blask \u015bwiat\u0142a, tak i dzia\u0142anie samego Jezusa \u2013 i oddzia\u0142ywanie Jego nauki \u2013 da si\u0119 dostrzec w codzienno\u015bci, bo <b style=\"mso-bidi-font-weight: normal;\">Jezus otwarcie naucza\u0142 i czyni\u0142 znaki, niczego nigdy przed nikim nie ukrywaj\u0105c.<\/b> I nie chowa\u0142 si\u0119 ze strachu przed kimkolwiek. Dlatego zar\u00f3wno w czasie Jego ziemskiej dzia\u0142alno\u015bci, jak i dzisiaj mamy do czynienia <b style=\"mso-bidi-font-weight: normal;\">z otwartym oddzia\u0142ywaniem i bardzo czytelnym przekazem. <\/b>W tym sensie nauka Jezusa nie potrzebuje jakiego\u015b szczeg\u00f3lnego wsparcia, nie potrzebuje <b style=\"mso-bidi-font-weight: normal;\">poprawiania, dopowiadania<\/b>\u2026 <\/div>\n<div class=\"MsoNormal\" style=\"text-align: justify; text-indent: 35.4pt;\">Zgodnie ze znanym nam przys\u0142owiem, i\u017c <b style=\"mso-bidi-font-weight: normal;\">prawda zawsze obroni si\u0119 sama, <\/b>tak\u017ce ta prawda, kt\u00f3r\u0105 g\u0142osi Jezus, obroni si\u0119 sama. Bo w niej samej jest ogromna moc Bo\u017ca. Potrzeba jednak g\u0142osicieli i potrzeba \u015bwiadk\u00f3w, kt\u00f3rzy <b style=\"mso-bidi-font-weight: normal;\">poka\u017c\u0105 i udowodni\u0105 innym, \u017ce wed\u0142ug tej prawdy mo\u017cna \u017cy\u0107 i \u017ce wed\u0142ug tej prawdy warto \u017cy\u0107!<\/b> Potrzeba zatem \u015bwiadk\u00f3w, kt\u00f3rzy blask owej prawdy b\u0119d\u0105 <b style=\"mso-bidi-font-weight: normal;\">nie\u015bli i rozprzestrzeniali ca\u0142ym swoim \u017cyciem i ca\u0142ym swoim dzia\u0142aniem.<\/b> <\/div>\n<div class=\"MsoNormal\" style=\"text-align: justify; text-indent: 35.4pt;\">Wszyscy ci, kt\u00f3rzy otrzymali dar wiary i kt\u00f3rym zosta\u0142a przekazana Dobra Nowina o zbawieniu \u2013 <b style=\"mso-bidi-font-weight: normal;\">nie maj\u0105 prawa zachowa\u0107 jej tylko dla siebie!<\/b> Ta Nowina ze swej natury jest misyjna, domaga si\u0119 g\u0142oszenia, rozprzestrzeniania, \u015bwiadczenia o jej warto\u015bci i niezwyk\u0142o\u015bci! <b style=\"mso-bidi-font-weight: normal;\">Bo jest w niej ogromna si\u0142a i moc!<\/b> Dlatego nie wolno jej wycisza\u0107, nie wolno jej ukrywa\u0107, nie wolno jej przemilcza\u0107\u2026<\/div>\n<div class=\"MsoNormal\" style=\"text-align: justify; text-indent: 35.4pt;\">Zobaczmy, \u017ce ta wielka Bo\u017ca moc <b style=\"mso-bidi-font-weight: normal;\">dzia\u0142a tak\u017ce przez ludzi zupe\u0142nie dalekich od Boga.<\/b> Oto dzisiaj s\u0142yszymy w pierwszym czytaniu, \u017ce <b style=\"mso-bidi-font-weight: normal;\"><i style=\"mso-bidi-font-style: normal;\">pobudzi\u0142 Pan ducha Cyrusa, kr\u00f3la perskiego<\/i>,<\/b> aby Izraelitom \u2013 b\u0119d\u0105cym jego niewolnikami, ludem podbitym, pod jego panowaniem \u2013 <b style=\"mso-bidi-font-weight: normal;\">pozwoli\u0142 zbudowa\u0107 \u015bwi\u0105tyni\u0119.<\/b> W ten spos\u00f3b spe\u0142ni\u0142a si\u0119 obietnica Bo\u017ca, \u017ce dojdzie do takiej chwili i takiej mo\u017cliwo\u015bci, ale oto dzisiaj okazuje si\u0119, \u017ce <b style=\"mso-bidi-font-weight: normal;\">ta Bo\u017ca obietnica spe\u0142nia si\u0119 przez poga\u0144skiego w\u0142adc\u0119!<\/b> <\/div>\n<div class=\"MsoNormal\" style=\"text-align: justify; text-indent: 35.4pt;\">Naprawd\u0119 zatem \u2013 <b style=\"mso-bidi-font-weight: normal;\">dla dzia\u0142ania mocy Bo\u017cej nie ma \u017cadnych przeszk\u00f3d!<\/b> To znaczy \u2013 nie ma \u017cadnych zewn\u0119trznych przeszk\u00f3d. <b style=\"mso-bidi-font-weight: normal;\">Bo wielk\u0105 i nieprzekraczaln\u0105 przeszkod\u0105 mo\u017ce si\u0119 okaza\u0107 ludzkie serce: zimne, zablokowane, zawzi\u0119te, zazdrosne, niech\u0119tne, leniwe<\/b>\u2026 B\u00f3g, kt\u00f3ry hojnie obdarza swoimi darami, kt\u00f3ry hojnie szafuje swoim S\u0142owem i swoj\u0105 \u0142ask\u0105, <b style=\"mso-bidi-font-weight: normal;\">nie mo\u017ce zmusi\u0107 cz\u0142owieka, kt\u00f3rego przecie\u017c obdarzy\u0142 wolno\u015bci\u0105,<\/b> aby by\u0142 \u015bwiadkiem Jego mocy i Jego \u0142askawo\u015bci! B\u00f3g szanuje woln\u0105 wol\u0119 cz\u0142owieka. <\/div>\n<div class=\"MsoNormal\" style=\"text-align: justify; text-indent: 35.4pt;\">Jaki jednak po\u017cytek ma cz\u0142owiek \u2013 tak od strony zwyk\u0142ej logiki patrz\u0105c \u2013 \u017ceby trwa\u0107 w ciemno\u015bciach? <b style=\"mso-bidi-font-weight: normal;\">Jakie mo\u017ce mie\u0107 argumenty za tym, \u017ceby \u015bwiat\u0142o ukrywa\u0107 i zamyka\u0107?<\/b> <\/div>\n<div class=\"MsoNormal\" style=\"text-align: justify; text-indent: 35.4pt;\">Kochani, w dzisiejszym swoim przes\u0142aniu Jezus Chrystus chce nas po prostu przekona\u0107, \u017ce <b style=\"mso-bidi-font-weight: normal;\">by\u0107 wierz\u0105cym i nie by\u0107 \u015bwiadkiem \u2013 to nielogiczne, bezsensowne, a wr\u0119cz niemo\u017cliwe! <\/b><\/div>\n<div class=\"MsoNormal\" style=\"text-align: justify; text-indent: 35.4pt;\">W tym kontek\u015bcie zastan\u00f3wmy si\u0119:<\/div>\n<div class=\"MsoNormal\" style=\"margin-left: 36.0pt; mso-list: l0 level1 lfo1; tab-stops: list 36.0pt; text-align: justify; text-indent: -18.0pt;\">\u00b7&nbsp;&nbsp;&nbsp;&nbsp;&nbsp;&nbsp;&nbsp; Czy zawsze ch\u0119tnie i bez skr\u0119powania czyni\u0119 znak krzy\u017ca przed posi\u0142kiem i przed podr\u00f3\u017c\u0105?<\/div>\n<div class=\"MsoNormal\" style=\"margin-left: 36.0pt; mso-list: l0 level1 lfo1; tab-stops: list 36.0pt; text-align: justify; text-indent: -18.0pt;\">\u00b7&nbsp;&nbsp;&nbsp;&nbsp;&nbsp;&nbsp;&nbsp; Czy nie wstydz\u0119 si\u0119 otwarcie praktykowa\u0107 cz\u0119st\u0105 Msz\u0119 \u015awi\u0119t\u0105 i bez kompleks\u00f3w m\u00f3wi\u0119 o tym ludziom?<\/div>\n<div class=\"MsoNormal\" style=\"margin-left: 36.0pt; mso-list: l0 level1 lfo1; tab-stops: list 36.0pt; text-align: justify; text-indent: -18.0pt;\">\u00b7&nbsp;&nbsp;&nbsp;&nbsp;&nbsp;&nbsp;&nbsp; Czy bez strachu o to, \u017ce b\u0119d\u0119 oskar\u017cony o staro\u015bwiecko\u015b\u0107 &#8211; zachowuj\u0119 tradycyjne, chrze\u015bcija\u0144skie warto\u015bci?<\/div>\n<div class=\"MsoNormal\" style=\"text-align: justify;\">\n<\/div>\n<div class=\"MsoNormal\" style=\"text-align: justify;\"><b style=\"mso-bidi-font-weight: normal;\"><i style=\"mso-bidi-font-style: normal;\">Nie ma bowiem nic ukrytego, co by nie mia\u0142o by\u0107 ujawnione, ani nic tajemnego, co by nie by\u0142o poznane i na jaw nie wysz\u0142o<\/i><\/b>. <\/div>\n","protected":false},"excerpt":{"rendered":"<p>Szcz\u0119\u015b\u0107 Bo\u017ce! Nie wiem, jak zrozumieli\u015bcie ostatnie zdanie wczorajszego wpisu Roberta, ale ja z tego finezyjnego stwierdzenia, jakie zosta\u0142o tam zawarte, wnioskuj\u0119, \u017ce Robert dzisiaj \u015bwi\u0119tuje urodziny! A zatem, Drogi Robercie &#8211; plurimos annos! A jednocze\u015bnie &#8211; bardzo dzi\u0119kuj\u0119 za sta\u0142\u0105 obecno\u015b\u0107 na blogu i tak pi\u0119kne, m\u0105dre i wywa\u017cone komentarze, trafiaj\u0105ce zawsze w sedno [&hellip;]<\/p>\n","protected":false},"author":1,"featured_media":0,"comment_status":"open","ping_status":"open","sticky":false,"template":"","format":"standard","meta":{"jetpack_post_was_ever_published":false,"_jetpack_newsletter_access":"","_jetpack_dont_email_post_to_subs":false,"_jetpack_newsletter_tier_id":0,"_jetpack_memberships_contains_paywalled_content":false,"_jetpack_memberships_contains_paid_content":false,"footnotes":""},"categories":[1],"tags":[],"class_list":["post-9728","post","type-post","status-publish","format-standard","hentry","category-bez-kategorii"],"yoast_head":"<!-- This site is optimized with the Yoast SEO plugin v25.1 - https:\/\/yoast.com\/wordpress\/plugins\/seo\/ -->\n<title>I po co zapala\u0107 lamp\u0119, je\u015bli ma sta\u0107 pod garncem?... - Gaudium Et Spes<\/title>\n<meta name=\"robots\" content=\"index, follow, max-snippet:-1, max-image-preview:large, max-video-preview:-1\" \/>\n<link rel=\"canonical\" href=\"https:\/\/gaudiumetspes-blog.pl\/index.php\/2011\/09\/19\/i-po-co-zapalac-lampe-jesli-ma-stac-pod\/\" \/>\n<meta property=\"og:locale\" content=\"pl_PL\" \/>\n<meta property=\"og:type\" content=\"article\" \/>\n<meta property=\"og:title\" content=\"I po co zapala\u0107 lamp\u0119, je\u015bli ma sta\u0107 pod garncem?... - Gaudium Et Spes\" \/>\n<meta property=\"og:description\" content=\"Szcz\u0119\u015b\u0107 Bo\u017ce! Nie wiem, jak zrozumieli\u015bcie ostatnie zdanie wczorajszego wpisu Roberta, ale ja z tego finezyjnego stwierdzenia, jakie zosta\u0142o tam zawarte, wnioskuj\u0119, \u017ce Robert dzisiaj \u015bwi\u0119tuje urodziny! A zatem, Drogi Robercie &#8211; plurimos annos! A jednocze\u015bnie &#8211; bardzo dzi\u0119kuj\u0119 za sta\u0142\u0105 obecno\u015b\u0107 na blogu i tak pi\u0119kne, m\u0105dre i wywa\u017cone komentarze, trafiaj\u0105ce zawsze w sedno [&hellip;]\" \/>\n<meta property=\"og:url\" content=\"https:\/\/gaudiumetspes-blog.pl\/index.php\/2011\/09\/19\/i-po-co-zapalac-lampe-jesli-ma-stac-pod\/\" \/>\n<meta property=\"og:site_name\" content=\"Gaudium Et Spes\" \/>\n<meta property=\"article:published_time\" content=\"2011-09-19T05:00:00+00:00\" \/>\n<meta property=\"article:modified_time\" content=\"2019-07-31T10:52:38+00:00\" \/>\n<meta name=\"author\" content=\"Ks. Jacek\" \/>\n<meta name=\"twitter:card\" content=\"summary_large_image\" \/>\n<meta name=\"twitter:label1\" content=\"Napisane przez\" \/>\n\t<meta name=\"twitter:data1\" content=\"Ks. Jacek\" \/>\n\t<meta name=\"twitter:label2\" content=\"Szacowany czas czytania\" \/>\n\t<meta name=\"twitter:data2\" content=\"5 minut\" \/>\n<script type=\"application\/ld+json\" class=\"yoast-schema-graph\">{\"@context\":\"https:\/\/schema.org\",\"@graph\":[{\"@type\":\"WebPage\",\"@id\":\"https:\/\/gaudiumetspes-blog.pl\/index.php\/2011\/09\/19\/i-po-co-zapalac-lampe-jesli-ma-stac-pod\/\",\"url\":\"https:\/\/gaudiumetspes-blog.pl\/index.php\/2011\/09\/19\/i-po-co-zapalac-lampe-jesli-ma-stac-pod\/\",\"name\":\"I po co zapala\u0107 lamp\u0119, je\u015bli ma sta\u0107 pod garncem?... - Gaudium Et Spes\",\"isPartOf\":{\"@id\":\"https:\/\/gaudiumetspes-blog.pl\/#website\"},\"datePublished\":\"2011-09-19T05:00:00+00:00\",\"dateModified\":\"2019-07-31T10:52:38+00:00\",\"author\":{\"@id\":\"https:\/\/gaudiumetspes-blog.pl\/#\/schema\/person\/1661982992b752dea8dff0d4ed845a65\"},\"breadcrumb\":{\"@id\":\"https:\/\/gaudiumetspes-blog.pl\/index.php\/2011\/09\/19\/i-po-co-zapalac-lampe-jesli-ma-stac-pod\/#breadcrumb\"},\"inLanguage\":\"pl-PL\",\"potentialAction\":[{\"@type\":\"ReadAction\",\"target\":[\"https:\/\/gaudiumetspes-blog.pl\/index.php\/2011\/09\/19\/i-po-co-zapalac-lampe-jesli-ma-stac-pod\/\"]}]},{\"@type\":\"BreadcrumbList\",\"@id\":\"https:\/\/gaudiumetspes-blog.pl\/index.php\/2011\/09\/19\/i-po-co-zapalac-lampe-jesli-ma-stac-pod\/#breadcrumb\",\"itemListElement\":[{\"@type\":\"ListItem\",\"position\":1,\"name\":\"Strona g\u0142\u00f3wna\",\"item\":\"https:\/\/gaudiumetspes-blog.pl\/\"},{\"@type\":\"ListItem\",\"position\":2,\"name\":\"I&nbsp;po&nbsp;co zapala\u0107 lamp\u0119, je\u015bli ma sta\u0107 pod&nbsp;garncem?&#8230;\"}]},{\"@type\":\"WebSite\",\"@id\":\"https:\/\/gaudiumetspes-blog.pl\/#website\",\"url\":\"https:\/\/gaudiumetspes-blog.pl\/\",\"name\":\"Gaudium Et Spes\",\"description\":\"Blog Ks. Jacka Ja\u015bkowskiego\",\"potentialAction\":[{\"@type\":\"SearchAction\",\"target\":{\"@type\":\"EntryPoint\",\"urlTemplate\":\"https:\/\/gaudiumetspes-blog.pl\/?s={search_term_string}\"},\"query-input\":{\"@type\":\"PropertyValueSpecification\",\"valueRequired\":true,\"valueName\":\"search_term_string\"}}],\"inLanguage\":\"pl-PL\"},{\"@type\":\"Person\",\"@id\":\"https:\/\/gaudiumetspes-blog.pl\/#\/schema\/person\/1661982992b752dea8dff0d4ed845a65\",\"name\":\"Ks. Jacek\",\"image\":{\"@type\":\"ImageObject\",\"inLanguage\":\"pl-PL\",\"@id\":\"https:\/\/gaudiumetspes-blog.pl\/#\/schema\/person\/image\/\",\"url\":\"https:\/\/gaudiumetspes-blog.pl\/wp-content\/uploads\/2019\/07\/avatar-JJ-150x150.jpg\",\"contentUrl\":\"https:\/\/gaudiumetspes-blog.pl\/wp-content\/uploads\/2019\/07\/avatar-JJ-150x150.jpg\",\"caption\":\"Ks. Jacek\"},\"description\":\"Witam serdecznie! K\u0142ania si\u0119 Ks. Jacek Ja\u015bkowski. Nie jestem ani kim\u015b wa\u017cnym, ani kim\u015b znanym. Jestem ksi\u0119dzem, kt\u00f3ry po prostu chce rozmawia\u0107. Codzienna kap\u0142a\u0144ska pos\u0142uga pokazuje mi, \u017ce temat\u00f3w do rozm\u00f3w z ksi\u0119dzem jest coraz wi\u0119cej i dzisiaj \u017caden ksi\u0105dz nie mo\u017ce od nich ucieka\u0107, ale - wprost przeciwnie - podejmowa\u0107 nowe wyzwania. To przekonanie sk\u0142oni\u0142o mnie do pr\u00f3by otwarcia tego\u017c bloga, chocia\u017c okazji do rozm\u00f3w na co dzie\u0144 - w konfesjonale i poza nim - na szcz\u0119\u015bcie nie brakuje. My\u015bl\u0119 jednak, \u017ce ten blog b\u0119dzie jeszcze jednym sposobem i przestrzeni\u0105 nawi\u0105zania kontaktu z lud\u017ami dobrej woli, otwartymi na dialog.\",\"url\":\"https:\/\/gaudiumetspes-blog.pl\/index.php\/author\/ks-jacek\/\"}]}<\/script>\n<!-- \/ Yoast SEO plugin. -->","yoast_head_json":{"title":"I po co zapala\u0107 lamp\u0119, je\u015bli ma sta\u0107 pod garncem?... - Gaudium Et Spes","robots":{"index":"index","follow":"follow","max-snippet":"max-snippet:-1","max-image-preview":"max-image-preview:large","max-video-preview":"max-video-preview:-1"},"canonical":"https:\/\/gaudiumetspes-blog.pl\/index.php\/2011\/09\/19\/i-po-co-zapalac-lampe-jesli-ma-stac-pod\/","og_locale":"pl_PL","og_type":"article","og_title":"I po co zapala\u0107 lamp\u0119, je\u015bli ma sta\u0107 pod garncem?... - Gaudium Et Spes","og_description":"Szcz\u0119\u015b\u0107 Bo\u017ce! Nie wiem, jak zrozumieli\u015bcie ostatnie zdanie wczorajszego wpisu Roberta, ale ja z tego finezyjnego stwierdzenia, jakie zosta\u0142o tam zawarte, wnioskuj\u0119, \u017ce Robert dzisiaj \u015bwi\u0119tuje urodziny! A zatem, Drogi Robercie &#8211; plurimos annos! A jednocze\u015bnie &#8211; bardzo dzi\u0119kuj\u0119 za sta\u0142\u0105 obecno\u015b\u0107 na blogu i tak pi\u0119kne, m\u0105dre i wywa\u017cone komentarze, trafiaj\u0105ce zawsze w sedno [&hellip;]","og_url":"https:\/\/gaudiumetspes-blog.pl\/index.php\/2011\/09\/19\/i-po-co-zapalac-lampe-jesli-ma-stac-pod\/","og_site_name":"Gaudium Et Spes","article_published_time":"2011-09-19T05:00:00+00:00","article_modified_time":"2019-07-31T10:52:38+00:00","author":"Ks. Jacek","twitter_card":"summary_large_image","twitter_misc":{"Napisane przez":"Ks. Jacek","Szacowany czas czytania":"5 minut"},"schema":{"@context":"https:\/\/schema.org","@graph":[{"@type":"WebPage","@id":"https:\/\/gaudiumetspes-blog.pl\/index.php\/2011\/09\/19\/i-po-co-zapalac-lampe-jesli-ma-stac-pod\/","url":"https:\/\/gaudiumetspes-blog.pl\/index.php\/2011\/09\/19\/i-po-co-zapalac-lampe-jesli-ma-stac-pod\/","name":"I po co zapala\u0107 lamp\u0119, je\u015bli ma sta\u0107 pod garncem?... - Gaudium Et Spes","isPartOf":{"@id":"https:\/\/gaudiumetspes-blog.pl\/#website"},"datePublished":"2011-09-19T05:00:00+00:00","dateModified":"2019-07-31T10:52:38+00:00","author":{"@id":"https:\/\/gaudiumetspes-blog.pl\/#\/schema\/person\/1661982992b752dea8dff0d4ed845a65"},"breadcrumb":{"@id":"https:\/\/gaudiumetspes-blog.pl\/index.php\/2011\/09\/19\/i-po-co-zapalac-lampe-jesli-ma-stac-pod\/#breadcrumb"},"inLanguage":"pl-PL","potentialAction":[{"@type":"ReadAction","target":["https:\/\/gaudiumetspes-blog.pl\/index.php\/2011\/09\/19\/i-po-co-zapalac-lampe-jesli-ma-stac-pod\/"]}]},{"@type":"BreadcrumbList","@id":"https:\/\/gaudiumetspes-blog.pl\/index.php\/2011\/09\/19\/i-po-co-zapalac-lampe-jesli-ma-stac-pod\/#breadcrumb","itemListElement":[{"@type":"ListItem","position":1,"name":"Strona g\u0142\u00f3wna","item":"https:\/\/gaudiumetspes-blog.pl\/"},{"@type":"ListItem","position":2,"name":"I&nbsp;po&nbsp;co zapala\u0107 lamp\u0119, je\u015bli ma sta\u0107 pod&nbsp;garncem?&#8230;"}]},{"@type":"WebSite","@id":"https:\/\/gaudiumetspes-blog.pl\/#website","url":"https:\/\/gaudiumetspes-blog.pl\/","name":"Gaudium Et Spes","description":"Blog Ks. Jacka Ja\u015bkowskiego","potentialAction":[{"@type":"SearchAction","target":{"@type":"EntryPoint","urlTemplate":"https:\/\/gaudiumetspes-blog.pl\/?s={search_term_string}"},"query-input":{"@type":"PropertyValueSpecification","valueRequired":true,"valueName":"search_term_string"}}],"inLanguage":"pl-PL"},{"@type":"Person","@id":"https:\/\/gaudiumetspes-blog.pl\/#\/schema\/person\/1661982992b752dea8dff0d4ed845a65","name":"Ks. Jacek","image":{"@type":"ImageObject","inLanguage":"pl-PL","@id":"https:\/\/gaudiumetspes-blog.pl\/#\/schema\/person\/image\/","url":"https:\/\/gaudiumetspes-blog.pl\/wp-content\/uploads\/2019\/07\/avatar-JJ-150x150.jpg","contentUrl":"https:\/\/gaudiumetspes-blog.pl\/wp-content\/uploads\/2019\/07\/avatar-JJ-150x150.jpg","caption":"Ks. Jacek"},"description":"Witam serdecznie! K\u0142ania si\u0119 Ks. Jacek Ja\u015bkowski. Nie jestem ani kim\u015b wa\u017cnym, ani kim\u015b znanym. Jestem ksi\u0119dzem, kt\u00f3ry po prostu chce rozmawia\u0107. Codzienna kap\u0142a\u0144ska pos\u0142uga pokazuje mi, \u017ce temat\u00f3w do rozm\u00f3w z ksi\u0119dzem jest coraz wi\u0119cej i dzisiaj \u017caden ksi\u0105dz nie mo\u017ce od nich ucieka\u0107, ale - wprost przeciwnie - podejmowa\u0107 nowe wyzwania. To przekonanie sk\u0142oni\u0142o mnie do pr\u00f3by otwarcia tego\u017c bloga, chocia\u017c okazji do rozm\u00f3w na co dzie\u0144 - w konfesjonale i poza nim - na szcz\u0119\u015bcie nie brakuje. My\u015bl\u0119 jednak, \u017ce ten blog b\u0119dzie jeszcze jednym sposobem i przestrzeni\u0105 nawi\u0105zania kontaktu z lud\u017ami dobrej woli, otwartymi na dialog.","url":"https:\/\/gaudiumetspes-blog.pl\/index.php\/author\/ks-jacek\/"}]}},"jetpack_featured_media_url":"","jetpack_sharing_enabled":true,"_links":{"self":[{"href":"https:\/\/gaudiumetspes-blog.pl\/index.php\/wp-json\/wp\/v2\/posts\/9728","targetHints":{"allow":["GET"]}}],"collection":[{"href":"https:\/\/gaudiumetspes-blog.pl\/index.php\/wp-json\/wp\/v2\/posts"}],"about":[{"href":"https:\/\/gaudiumetspes-blog.pl\/index.php\/wp-json\/wp\/v2\/types\/post"}],"author":[{"embeddable":true,"href":"https:\/\/gaudiumetspes-blog.pl\/index.php\/wp-json\/wp\/v2\/users\/1"}],"replies":[{"embeddable":true,"href":"https:\/\/gaudiumetspes-blog.pl\/index.php\/wp-json\/wp\/v2\/comments?post=9728"}],"version-history":[{"count":1,"href":"https:\/\/gaudiumetspes-blog.pl\/index.php\/wp-json\/wp\/v2\/posts\/9728\/revisions"}],"predecessor-version":[{"id":10355,"href":"https:\/\/gaudiumetspes-blog.pl\/index.php\/wp-json\/wp\/v2\/posts\/9728\/revisions\/10355"}],"wp:attachment":[{"href":"https:\/\/gaudiumetspes-blog.pl\/index.php\/wp-json\/wp\/v2\/media?parent=9728"}],"wp:term":[{"taxonomy":"category","embeddable":true,"href":"https:\/\/gaudiumetspes-blog.pl\/index.php\/wp-json\/wp\/v2\/categories?post=9728"},{"taxonomy":"post_tag","embeddable":true,"href":"https:\/\/gaudiumetspes-blog.pl\/index.php\/wp-json\/wp\/v2\/tags?post=9728"}],"curies":[{"name":"wp","href":"https:\/\/api.w.org\/{rel}","templated":true}]}}