{"id":9729,"date":"2011-09-18T08:25:00","date_gmt":"2011-09-18T06:25:00","guid":{"rendered":"https:\/\/gaudiumetspes-blog.pl\/index.php\/2011\/09\/18\/o-jednej-dziwnej-wypacie-za-prace\/"},"modified":"2019-07-31T12:52:38","modified_gmt":"2019-07-31T10:52:38","slug":"o-jednej-dziwnej-wypacie-za-prace","status":"publish","type":"post","link":"https:\/\/gaudiumetspes-blog.pl\/index.php\/2011\/09\/18\/o-jednej-dziwnej-wypacie-za-prace\/","title":{"rendered":"O jednej dziwnej wyp\u0142acie za prac\u0119&#8230;"},"content":{"rendered":"<p><\/p>\n<div class=\"MsoNormal\" style=\"text-align: justify;\">Niech b\u0119dzie pochwalony Jezus Chrystus! Wszystkim \u017cycz\u0119 wspaniale prze\u017cytego Dnia Pa\u0144skiego. Jak zawsze, przesy\u0142am b\u0142ogos\u0142awie\u0144stwo: <b>Niech Was b\u0142ogos\u0142awi B\u00f3g Wszechmog\u0105cy: Ojciec + i Syn, i Duch \u015awi\u0119ty. Amen<\/b><\/div>\n<div class=\"MsoNormal\" style=\"text-align: justify;\">&nbsp;&nbsp;&nbsp;&nbsp;&nbsp;&nbsp;&nbsp;&nbsp;&nbsp;&nbsp;&nbsp;&nbsp;&nbsp;&nbsp;&nbsp;&nbsp; Gaudium et spes!&nbsp; Ks. Jacek<b><br \/>\n<\/b><\/div>\n<div class=\"MsoNormal\" style=\"text-align: justify;\">\n<\/div>\n<div class=\"MsoNormal\" style=\"text-align: justify;\"><b>25 Niedziela Zwyk\u0142a, A,<\/b><\/div>\n<div class=\"MsoNormal\" style=\"text-align: justify;\"><b style=\"mso-bidi-font-weight: normal;\">do czyta\u0144: &nbsp;Iz 55,6\u20139;&nbsp; Flp 1,20c\u201324.27a;&nbsp; Mt 20,1\u201316a<\/b><\/div>\n<div class=\"MsoNormal\" style=\"text-align: justify;\">\n<\/div>\n<div class=\"MsoNormal\" style=\"text-align: justify; text-indent: 35.4pt;\">My\u015bl\u0119, \u017ce je\u015bli tak chcie\u0107 ws\u0142ucha\u0107 si\u0119 w tre\u015b\u0107 dzisiejszej Ewangelii, to od razu pojawi si\u0119 w niejednym sercu w\u0105tpliwo\u015b\u0107, <b style=\"mso-bidi-font-weight: normal;\">o co w tym wszystkim chodzi?<\/b> Czy\u017cby Ewangelia promowa\u0142a niesprawiedliwo\u015b\u0107? <\/div>\n<div class=\"MsoNormal\" style=\"text-align: justify; text-indent: 35.4pt;\">Bo ju\u017c na pierwszy rzut oka <b style=\"mso-bidi-font-weight: normal;\">co\u015b tu po prostu nie gra:<\/b> robotnicy byli zapraszani do pracy <b style=\"mso-bidi-font-weight: normal;\">o r\u00f3\u017cnych porach dnia<\/b> i jakkolwiek \u2013 mo\u017cemy si\u0119 tego domy\u015bla\u0107 \u2013 pracowali porz\u0105dnie i uczciwie, to jednak <b style=\"mso-bidi-font-weight: normal;\">wynagrodzenia nie otrzymali sprawiedliwego. Bo dostali po r\u00f3wno.<\/b> A my ju\u017c od dawna wiemy, \u017ce <b style=\"mso-bidi-font-weight: normal;\">sprawiedliwie \u2013 to wcale nie znaczy r\u00f3wno.<\/b> <\/div>\n<div class=\"MsoNormal\" style=\"text-align: justify; text-indent: 35.4pt;\">\u017beby bowiem zachowa\u0107 regu\u0142y sprawiedliwo\u015bci, to trzeba uwzgl\u0119dni\u0107 wiele okoliczno\u015bci i zastrze\u017ce\u0144, wiele sytuacji takich czy innych, trzeba wzi\u0105\u0107 pod uwag\u0119 zaanga\u017cowanie w prac\u0119, ale te\u017c i potrzeby cz\u0142owieka, jego warunki rodzinne, spo\u0142eczne \u2013 i tak dalej. <b style=\"mso-bidi-font-weight: normal;\">Takie stanowisko zajmuje w tej sprawie nawet nauka Ko\u015bcio\u0142a,<\/b> a tu dzi\u015b s\u0142yszymy niespodziewanie \u2013 <b style=\"mso-bidi-font-weight: normal;\">i to w Ewangelii!<\/b> \u2013 i\u017c gospodarz winnicy wszystkich potraktowa\u0142 mechanicznie, automatycznie, podszed\u0142 do ca\u0142ej sprawy bardzo szablonowo: <b style=\"mso-bidi-font-weight: normal;\">po prostu \u2013 wszystkim da\u0142 po r\u00f3wno! <\/b><\/div>\n<div class=\"MsoNormal\" style=\"text-align: justify; text-indent: 35.4pt;\">Co prawda, o tak\u0105 kwot\u0119 ze wszystkimi si\u0119 poumawia\u0142, jednak trudno nam zaakceptowa\u0107, i\u017c bez wzgl\u0119du na to, ile kto czasu pracowa\u0142, o kt\u00f3rej porze w\u0142\u0105czy\u0142 si\u0119 do dzie\u0142a , <b style=\"mso-bidi-font-weight: normal;\">to i tak wszyscy dostali po r\u00f3wno.<\/b> Od razu \u2013 jak wspomnieli\u015bmy \u2013 <b style=\"mso-bidi-font-weight: normal;\">wyczuwamy, \u017ce co\u015b tu jest nie w porz\u0105dku. <\/b>Nawet pomimo tego, \u017ce mamy do czynienia z Ewangeli\u0105. I dlatego pytamy: <b style=\"mso-bidi-font-weight: normal;\">o co tu chodzi?<\/b> Na czym polega to dzia\u0142anie ewangelicznego gospodarza <b style=\"mso-bidi-font-weight: normal;\">i co chce nam powiedzie\u0107 Jezus w dzisiejszym S\u0142owie?<\/b> <\/div>\n<div class=\"MsoNormal\" style=\"text-align: justify; text-indent: 35.4pt;\">Pomoc\u0105 w poszukiwaniu odpowiedzi na tak postawione pytania mo\u017ce si\u0119 tu okaza\u0107 dzisiejsze pierwsze czytanie. A w nim s\u0142yszymy stwierdzenie samego Boga, kt\u00f3ry m\u00f3wi: <b style=\"mso-bidi-font-weight: normal;\"><i style=\"mso-bidi-font-style: normal;\">My\u015bli moje nie s\u0105 my\u015blami waszymi, ani wasze drogi moimi drogami, m\u00f3wi Pan. Bo jak niebiosa g\u00f3ruj\u0105 nad ziemi\u0105, tak drogi moje nad waszymi drogami i my\u015bli moje nad my\u015blami waszymi.<\/i><\/b> <\/div>\n<div class=\"MsoNormal\" style=\"text-align: justify; text-indent: 35.4pt;\">W\u0142a\u015bnie, <b style=\"mso-bidi-font-weight: normal;\">spos\u00f3b my\u015blenia Boga ca\u0142kowicie odbiega od ludzkiego sposobu my\u015blenia.<\/b> I w inny spos\u00f3b B\u00f3g patrzy na cz\u0142owieka, ni\u017c ludzie na siebie nawzajem patrz\u0105. My, ludzie, <b style=\"mso-bidi-font-weight: normal;\">na wszystko patrzymy przez pryzmat naszej, ludzkiej logiki.<\/b> I dobrze, bo wrodzone poczucie <b style=\"mso-bidi-font-weight: normal;\">domaga si\u0119 od nas stosowania zasad s\u0142uszno\u015bci i sprawiedliwo\u015bci. <\/b><\/div>\n<div class=\"MsoNormal\" style=\"text-align: justify; text-indent: 35.4pt;\">Jednak w relacjach z drugim cz\u0142owiekiem mo\u017ce si\u0119 okaza\u0107, \u017ce stosowanie prostych sposob\u00f3w my\u015blenia nie jest mo\u017cliwe, <b style=\"mso-bidi-font-weight: normal;\">bo bardzo mo\u017cna w ten spos\u00f3b tego drugiego skrzywdzi\u0107.<\/b> Ka\u017cdy cz\u0142owiek bowiem \u2013 <b style=\"mso-bidi-font-weight: normal;\">to wielka indywidualno\u015b\u0107.<\/b> Ka\u017cdy cz\u0142owiek \u2013 <b style=\"mso-bidi-font-weight: normal;\">to jaki\u015b wielki bezmiar: bezmiar prze\u017cy\u0107, bezmiar odczu\u0107\u2026 I nie ma dw\u00f3ch takich samych ludzi,<\/b> nie ma dw\u00f3ch takich samych sytuacji, nie ma dw\u00f3ch takich samych ludzkich historii, dw\u00f3ch takich samych ludzkich charakter\u00f3w i temperament\u00f3w. <\/div>\n<div class=\"MsoNormal\" style=\"text-align: justify; text-indent: 35.4pt;\">Na ka\u017cdego cz\u0142owieka trzeba nam patrze\u0107 odr\u0119bnie, indywidualnie <b style=\"mso-bidi-font-weight: normal;\">i nie ma sensu por\u00f3wnywanie sytuacji, w jakiej znajduje si\u0119 jeden cz\u0142owiek do tej, w jakiej znajduje si\u0119 drugi.<\/b> Oto bowiem okaza\u0107 si\u0119 mo\u017ce, \u017ce b\u0119d\u0105 to dwie sytuacje tak bardzo podobne, \u017ce na pierwszy rzut oka identyczne. Tymczasem jednak przy bli\u017cszym przyjrzeniu si\u0119 szybko si\u0119 okazuje, \u017ce <b style=\"mso-bidi-font-weight: normal;\">te dwie sytuacje r\u00f3\u017cni tak bardzo wiele. <\/b><\/div>\n<div class=\"MsoNormal\" style=\"text-align: justify; text-indent: 35.4pt;\">Podobnie, nieraz si\u0119 mo\u017ce wydawa\u0107, \u017ce <b style=\"mso-bidi-font-weight: normal;\">moja postawa jest dok\u0142adnie taka sama, jak tego drugiego, a oto tak inaczej uk\u0142adaj\u0105 si\u0119 drogi naszego \u017cycia. <\/b>Nie ma jednak dw\u00f3ch takich samych ludzkich postaw, nie ma dw\u00f3ch takich samych charakter\u00f3w, <b style=\"mso-bidi-font-weight: normal;\">nie ma dw\u00f3ch takich samych ludzi.<\/b> Wielkim Bo\u017cym darem \u2013 czasami mo\u017ce nawet za ma\u0142o docenianym \u2013 jest to, <b style=\"mso-bidi-font-weight: normal;\">\u017ce wszyscy jeste\u015bmy inni, \u017ce r\u00f3\u017cnimy si\u0119 mi\u0119dzy sob\u0105.<\/b> Bo jak bardzo smutny by\u0142by obraz rzeczywisto\u015bci, gdyby\u015bmy byli wszyscy tacy sami, gdyby\u015bmy byli identyczni. <b style=\"mso-bidi-font-weight: normal;\">Na szcz\u0119\u015bcie, tak nie jest! <\/b><\/div>\n<div class=\"MsoNormal\" style=\"text-align: justify; text-indent: 35.4pt;\">R\u00f3\u017cnimy si\u0119 mi\u0119dzy sob\u0105, <b style=\"mso-bidi-font-weight: normal;\">uzupe\u0142niamy si\u0119 nawzajem,<\/b> jeste\u015bmy na siebie nawzajem otwarci. <b style=\"mso-bidi-font-weight: normal;\">A Pan B\u00f3g \u2013 lepiej, ni\u017c ktokolwiek z nas \u2013 orientuje si\u0119 w tych r\u00f3\u017cnicach,<\/b> w owej r\u00f3\u017cnorodno\u015bci naszych postaw, charakter\u00f3w i sytuacji. I dlatego w inny spos\u00f3b podchodzi do ka\u017cdego z nas. My za\u015b, patrz\u0105c z boku, nie potrafimy tego zrozumie\u0107 <b style=\"mso-bidi-font-weight: normal;\">i dlatego cz\u0119sto buntujemy si\u0119 przeciwko Bogu: <\/b>dlaczego temu drugiemu powodzi si\u0119 lepiej, ni\u017c mi? Ja chodz\u0119 co niedziel\u0119 do ko\u015bcio\u0142a, a on \u2013 od przypadku do przypadku. <b style=\"mso-bidi-font-weight: normal;\">I jemu tak dobrze wiedzie si\u0119<\/b> w pracy i w domu, i wsz\u0119dzie, a mi \u2013 ci\u0105gle wiatr w oczy\u2026 <\/div>\n<div class=\"MsoNormal\" style=\"text-align: justify; text-indent: 35.4pt;\">A czemu\u017c to znowu <b style=\"mso-bidi-font-weight: normal;\">ten pijak, kt\u00f3rego codziennie z sinym nosem widzimy, tarzaj\u0105cego si\u0119 po ka\u0142u\u017cach i sypiaj\u0105cego po rowach \u2013<\/b> ci\u0105gle tarza si\u0119 po tych ka\u0142u\u017cach i sypia po tych rowach i nic mu si\u0119 nie dzieje, nie imaj\u0105 si\u0119 go \u017cadne choroby, <b style=\"mso-bidi-font-weight: normal;\">a oto umiera matka kilkorga ma\u0142ych dzieci, <\/b>czy ojciec, kt\u00f3ry utrzymywa\u0142 ca\u0142\u0105, wielodzietn\u0105 rodzin\u0119. <b style=\"mso-bidi-font-weight: normal;\">I jak tu wierzy\u0107 w Bo\u017c\u0105 sprawiedliwo\u015b\u0107?<\/b> A je\u017celi nie ma tej Bo\u017cej, to trudno m\u00f3wi\u0107 o jakiejkolwiek, bo w ludzk\u0105 sprawiedliwo\u015b\u0107 to cz\u0119sto o wiele szybciej przestajemy wierzy\u0107. <\/div>\n<div class=\"MsoNormal\" style=\"text-align: justify; text-indent: 35.4pt;\">I znowu: dlaczego w domu tego drugiego tak dobrze jest wszystko urz\u0105dzone, on ma na wszystko, dobrze zarabia, dobrze mu si\u0119 wiedzie, nie musi ka\u017cdej z\u0142ot\u00f3wki ogl\u0105da\u0107 z ka\u017cdej strony \u2013 <b style=\"mso-bidi-font-weight: normal;\">a oto ja pracuj\u0119 dniami i nocami i ju\u017c mi si\u0142 braknie,<\/b> a je\u017cd\u017c\u0119 o wiele gorszym, jakim\u015b starym samochodem <b style=\"mso-bidi-font-weight: normal;\">i w moim domu o wiele biedniej jest, ni\u017c u tamtego.<\/b> <\/div>\n<div class=\"MsoNormal\" style=\"text-align: justify; text-indent: 35.4pt;\">Kochani, takie pytania pojawiaj\u0105 si\u0119 przy wielu okazjach, a z tych pyta\u0144 <b style=\"mso-bidi-font-weight: normal;\">niejednokrotnie rodzi si\u0119 zwyk\u0142a zazdro\u015b\u0107 o to, \u017ce drugiemu jest lepiej i w og\u00f3le wsz\u0119dzie tam, gdzie nas nie ma \u2013 tam jest zawsze lepiej.<\/b> Przyznaj\u0119, \u017ce i ja wielokrotnie zadawa\u0142em sobie podobne pytania i sam stawa\u0142em w obliczu tego typu w\u0105tpliwo\u015bci. <\/div>\n<div class=\"MsoNormal\" style=\"text-align: justify; text-indent: 35.4pt;\">By\u0142o tak jednak do czasu, gdy <b style=\"mso-bidi-font-weight: normal;\">zacz\u0105\u0142em spowiada\u0107 i rozmawia\u0107 z lud\u017ami w zaufaniu <\/b>o ich osobistych problemach, kt\u00f3re \u2013 jako ksi\u0119dzu \u2013 zacz\u0119li mi powierza\u0107. A wtedy, przyznam, <b style=\"mso-bidi-font-weight: normal;\">bardzo si\u0119 zdziwi\u0142em,<\/b> bowiem ludzie, kt\u00f3rych sk\u0105din\u0105d zna\u0142em i o kt\u00f3rych my\u015bla\u0142em, \u017ce im si\u0119 tak dobrze powodzi, \u017ce im si\u0119 jak najlepiej uk\u0142ada, <b style=\"mso-bidi-font-weight: normal;\">przychodzili z takimi problemami i z takimi historiami ze swego podw\u00f3rka i swego domu, \u017ce niejednokrotnie prze\u017cy\u0142em szok.<\/b> I dopiero wtedy zda\u0142em sobie spraw\u0119, <b style=\"mso-bidi-font-weight: normal;\">jak pobie\u017cnie ocenia\u0142em tych\u017ce ludzi i ich sytuacj\u0119.<\/b> <\/div>\n<div class=\"MsoNormal\" style=\"text-align: justify; text-indent: 35.4pt;\">Cz\u0119sto zna\u0142em ich od lat i by\u0142em przekonany, \u017ce w ich domu taka sielanka. <b style=\"mso-bidi-font-weight: normal;\">Wszystko maj\u0105, niczego im nie brakuje,<\/b> pe\u0142nia szcz\u0119\u015bcia. Pi\u0119kny dom, nowy, sprawny samoch\u00f3d, a przede wszystkim \u2013 taka pozycja spo\u0142eczna. A jednak wystarczy\u0142o kilka minut bardzo szczerej rozmowy, <b style=\"mso-bidi-font-weight: normal;\">aby przekona\u0107 si\u0119, \u017ce jest zupe\u0142nie, ale to zupe\u0142nie inaczej. <\/b>Problemy, nieporozumienia, spi\u0119cia, r\u00f3\u017cne trudne sytuacje\u2026 Niczego takiego nie by\u0142o wida\u0107 na pierwszy rzut oka, a jednak\u2026 <\/div>\n<div class=\"MsoNormal\" style=\"text-align: justify; text-indent: 35.4pt;\">Dlatego, Kochani, <b style=\"mso-bidi-font-weight: normal;\">nie mo\u017cemy sobie nawzajem niczego zazdro\u015bci\u0107,<\/b> nie powinni\u015bmy jakim\u015b zawistnym okiem patrze\u0107 na drugiego. <b style=\"mso-bidi-font-weight: normal;\">Raczej dzi\u0119kujmy za to, co mamy, cieszmy si\u0119 z tego, co posiadamy, a przede wszystkim \u2013 cieszmy si\u0119 z ludzi, w\u015br\u00f3d kt\u00f3rych \u017cyjemy!<\/b> Podzi\u0119kujmy Bogu za swoj\u0105 rodzin\u0119, za swoich bliskich i dobr\u0105 atmosfer\u0119 swego domu. <\/div>\n<div class=\"MsoNormal\" style=\"text-align: justify; text-indent: 35.4pt;\">Na pewno, <b style=\"mso-bidi-font-weight: normal;\">wiele jest do poprawienia, wiele jest do zmiany na lepsze<\/b> \u2013 tak w odniesieniu do naszych ludzkich relacji wzajemnych, jak i do tej sfery materialnej naszego \u017cycia. <b style=\"mso-bidi-font-weight: normal;\">Ale wiele jest te\u017c dobra \u2013 na pewno! \u2013 w naszym w\u0142asnym domu,<\/b> w naszej rodzinie, w naszym otoczeniu, w naszym miejscu pracy. <b style=\"mso-bidi-font-weight: normal;\">Trzeba to dobro tylko dostrzec, trzeba je doceni\u0107 i Bogu za nie dzi\u0119kowa\u0107.<\/b> Nie ma natomiast czego innym zazdro\u015bci\u0107 i wylicza\u0107, \u017ce kto\u015b ma wi\u0119cej czy lepiej. <\/div>\n<div class=\"MsoNormal\" style=\"text-align: justify; text-indent: 35.4pt;\">I tak samo do Boga <b style=\"mso-bidi-font-weight: normal;\">nie powinni\u015bmy \u017cywi\u0107 \u017calu czy pretensji, \u017ce z innymi post\u0119puje inaczej, ni\u017c z nami,<\/b> czy te\u017c jednym daje to, a drugim tamto. Nie mo\u017cemy o to mie\u0107 pretensji do Boga, <b style=\"mso-bidi-font-weight: normal;\">bo On najlepiej wie, co komu z nas potrzebne jest w danym momencie<\/b> i chocia\u017c nam wydawa\u0107 si\u0119 mo\u017ce, \u017ce B\u00f3g si\u0119 pomyli\u0142 w swoich zrz\u0105dzeniach i nie tak rozs\u0105dzi\u0142 sprawy, jak by\u015bmy si\u0119 mogli spodziewa\u0107, <b style=\"mso-bidi-font-weight: normal;\">to jednak On sam wie najlepiej,<\/b> \u017ce mo\u017ce w\u0142a\u015bnie temu tarzaj\u0105cemu si\u0119 w ka\u0142u\u017cach pijakowi potrzeba jeszcze czasu na nawr\u00f3cenie <b style=\"mso-bidi-font-weight: normal;\">i B\u00f3g w\u0142a\u015bnie taki czas i tak\u0105 szans\u0119 daje,<\/b> a z kolei ten m\u0142ody ojciec rodziny, kt\u00f3rego B\u00f3g do siebie zabra\u0142 \u2013 mo\u017ce akurat w tym momencie najlepiej jest na to przej\u015bcie przygotowany, gdy\u017c je\u017celi po\u017cy\u0142by nast\u0119pnych dwadzie\u015bcia lat, to mo\u017ce sta\u0142by si\u0119 takim samym, jak ten biedny pijak\u2026 <\/div>\n<div class=\"MsoNormal\" style=\"text-align: justify; text-indent: 35.4pt;\">Nie wiemy tego, co by by\u0142o i kiedy, <b style=\"mso-bidi-font-weight: normal;\">ale B\u00f3g wie to najlepiej i patrzy nie tylko na ten moment, kt\u00f3ry jest teraz, ale patrzy daleko w przysz\u0142o\u015b\u0107<\/b> i rozpoznaje, co cz\u0142owiekowi jest potrzebne i co b\u0119dzie dla niego dobrem, a co b\u0119dzie jak\u0105\u015b szkod\u0105. <\/div>\n<div class=\"MsoNormal\" style=\"text-align: justify; text-indent: 35.4pt;\"><b style=\"mso-bidi-font-weight: normal;\"><i style=\"mso-bidi-font-style: normal;\">My\u015bli moje nie s\u0105 my\u015blami waszymi, ani wasze drogi moimi drogami, m\u00f3wi Pan. Bo jak niebiosa g\u00f3ruj\u0105 nad ziemi\u0105, tak drogi moje nad waszymi drogami i my\u015bli moje nad my\u015blami waszymi.<\/i><\/b><i style=\"mso-bidi-font-style: normal;\"> <\/i>Kochani, jakkolwiek by to paradoksalnie nie brzmia\u0142o, ale chyba musimy powiedzie\u0107: <b style=\"mso-bidi-font-weight: normal;\">I dzi\u0119ki Bogu, \u017ce tak jest! Dzi\u0119ki Bogu za to, \u017ce Jego my\u015bli nie s\u0105 naszymi i Jego drogi tak\u017ce! Dzi\u0119ki Bogu za to!<\/b> Bo na takim porz\u0105dku rzeczy to jednak my najlepiej wychodzimy. Gdyby natomiast drogi Boga i Jego my\u015bli mia\u0142y by\u0107 takie, jak nasze, to dopiero w\u00f3wczas odczuliby\u015bmy, <b style=\"mso-bidi-font-weight: normal;\">jaki to niekorzystny uk\u0142ad.<\/b> <\/div>\n<div class=\"MsoNormal\" style=\"text-align: justify; text-indent: 35.4pt;\">Dlatego, moi Drodzy, <b style=\"mso-bidi-font-weight: normal;\">zaufajmy Bogu! Zaufajmy Bogu i Jego rozstrzygni\u0119ciom! Nie poprawiajmy Boga!<\/b> Chocia\u017c by\u015bmy nawet mieli by\u0107 tak zdziwieni, <b style=\"mso-bidi-font-weight: normal;\">jak zdziwieni byli robotnicy z dzisiejszej Ewangelii,<\/b> i\u017c tak, a nie inaczej rozstrzygni\u0119ta zosta\u0142a kwestia ich wynagrodzenia, <b style=\"mso-bidi-font-weight: normal;\">to jednak zaufajmy Bogu bez reszty!<\/b> Bo\u017ca ekonomia jest inna od ludzkiej, Bo\u017ca sprawiedliwo\u015b\u0107 jest inna od ludzkiej, <b style=\"mso-bidi-font-weight: normal;\">Bo\u017ce my\u015bli g\u00f3ruj\u0105 nad ludzkimi my\u015blami i Bo\u017ce drogi nad ludzkimi drogami.<\/b> <\/div>\n<div class=\"MsoNormal\" style=\"text-align: justify; text-indent: 35.4pt;\">A chocia\u017c na pierwszy rzut oka wydawa\u0107 nam si\u0119 b\u0119dzie, \u017ce Bo\u017ce rozstrzygni\u0119cie jest niezrozumia\u0142e, a nawet niesprawiedliwe, <b style=\"mso-bidi-font-weight: normal;\">to z perspektywy czasu bardzo cz\u0119sto wida\u0107, \u017ce B\u00f3g mia\u0142 racj\u0119 i jednak dobrze rozstrzygn\u0105\u0142.<\/b> <\/div>\n<div class=\"MsoNormal\" style=\"text-align: justify; text-indent: 35.4pt;\">Ja wiem, \u017ce jest to <b style=\"mso-bidi-font-weight: normal;\">bardzo trudno przyj\u0105\u0107 i zrozumie\u0107 akurat w tym momencie, kiedy si\u0119 to dzieje<\/b> i na pewno ksi\u0119dzu na ambonie \u0142atwiej jest o tym m\u00f3wi\u0107 na kazaniu, ni\u017c prze\u017cy\u0107 \u015bmier\u0107 kogo\u015b bliskiego, czy jaki\u015b inny dramat w rodzinie. Na pewno tak jest <b style=\"mso-bidi-font-weight: normal;\">i z pokor\u0105 chyl\u0119 czo\u0142a przed wszystkimi dramatycznymi prze\u017cyciami, i przed ka\u017cd\u0105 \u0142z\u0105 b\u00f3lu, wylan\u0105 w takim trudnym momencie.<\/b><\/div>\n<div class=\"MsoNormal\" style=\"text-align: justify; text-indent: 35.4pt;\">Naprawd\u0119, bardzo szczerze wsp\u00f3\u0142czuj\u0119 takich prze\u017cy\u0107 i bardzo mocno i jasno chc\u0119 te\u017c powiedzie\u0107, \u017ce <b style=\"mso-bidi-font-weight: normal;\">w takiej chwili nie wolno wstydzi\u0107 si\u0119 \u0142ez, ani nie nale\u017cy si\u0119 obawia\u0107 postawi\u0107 Bogu bardzo konkretnych pyta\u0144:<\/b> \u201ePanie Bo\u017ce \u2013 dlaczego? Co chcia\u0142e\u015b przez to powiedzie\u0107? Dlaczego tak rozstrzygn\u0105\u0142e\u015b? Pom\u00f3\u017c mi to zrozumie\u0107!\u201d <b style=\"mso-bidi-font-weight: normal;\">Nie wolno nam si\u0119 obawia\u0107 postawi\u0107 takich pyta\u0144!<\/b> I ja dzisiaj chc\u0119 podkre\u015bli\u0107 to z ca\u0142\u0105 moc\u0105 raz jeszcze, i\u017c <b style=\"mso-bidi-font-weight: normal;\">z najwi\u0119kszym szacunkiem i pokor\u0105 odnosz\u0119 si\u0119 do wszystkich takich prze\u017cy\u0107.<\/b> <\/div>\n<div class=\"MsoNormal\" style=\"text-align: justify; text-indent: 35.4pt;\">Ale te\u017c jestem tu po to, w tym miejscu i przy tej ambonie, aby <b style=\"mso-bidi-font-weight: normal;\">w oparciu o S\u0142owo Bo\u017ce dzisiejszej niedzieli<\/b> z ca\u0142\u0105 moc\u0105 powiedzie\u0107, \u017ce nawet najci\u0119\u017csze prze\u017cycia \u2013 to jeszcze nie koniec \u015bwiata. <b style=\"mso-bidi-font-weight: normal;\">To nie jest rozpacz, to nie jest tragedia, to nie jest jaka\u015b katastrofa! Po ka\u017cdej burzy przychodzi s\u0142o\u0144ce, a po ka\u017cdej nocy \u2013 blask poranka! Po ka\u017cdej ci\u0119\u017ckiej chwili przychodzi promyk rado\u015bci, a po ka\u017cdym trudnym prze\u017cyciu \u2013 blask nadziei!<\/b> <\/div>\n<div class=\"MsoNormal\" style=\"text-align: justify; text-indent: 35.4pt;\">My ze swej strony starajmy si\u0119 natomiast wszystko odnosi\u0107 do Boga i Jemu bez reszty zaufa\u0107. Starajmy si\u0119 wype\u0142ni\u0107 to polecenie, kt\u00f3re Prorok Izajasz kieruje dzisiaj tak\u017ce do nas: <b style=\"mso-bidi-font-weight: normal;\"><i style=\"mso-bidi-font-style: normal;\">Szukajcie Pana, gdy si\u0119 pozwala znale\u017a\u0107, wzywajcie Go, dop\u00f3ki jest blisko<\/i>!<\/b><\/div>\n<div class=\"MsoNormal\" style=\"text-align: justify; text-indent: 35.4pt;\">Szukajmy Pana w ka\u017cdej sytuacji <b style=\"mso-bidi-font-weight: normal;\">i nigdy nie tra\u0107my nadziei!<\/b> Nie tra\u0107my zaufania do Boga i tego najg\u0142\u0119bszego przekonania, \u017ce <b style=\"mso-bidi-font-weight: normal;\">On zawsze wie wi\u0119cej, kocha nas najmocniej i chce dla nas jak najlepiej!<\/b><\/div>\n<div class=\"MsoNormal\" style=\"text-align: justify;\"><b style=\"mso-bidi-font-weight: normal;\">&nbsp;&nbsp;&nbsp;&nbsp;&nbsp;&nbsp;&nbsp;&nbsp;&nbsp;&nbsp;&nbsp; <\/b>W tym kontek\u015bcie pomy\u015blmy:<\/div>\n<div class=\"MsoNormal\" style=\"margin-left: 36.0pt; mso-list: l0 level1 lfo1; tab-stops: list 36.0pt; text-align: justify; text-indent: -18.0pt;\">\u00b7&nbsp;&nbsp;&nbsp;&nbsp;&nbsp;&nbsp;&nbsp; Czy sta\u0107 mnie na to, aby uwierzy\u0107, \u017ce B\u00f3g m\u0105drze kieruje losami moimi i innych?<\/div>\n<div class=\"MsoNormal\" style=\"margin-left: 36.0pt; mso-list: l0 level1 lfo1; tab-stops: list 36.0pt; text-align: justify; text-indent: -18.0pt;\">\u00b7&nbsp;&nbsp;&nbsp;&nbsp;&nbsp;&nbsp;&nbsp; Czy nie oceniam innych i ich sytuacji zbyt szybko i na podstawie pobie\u017cnej obserwacji?<\/div>\n<div class=\"MsoNormal\" style=\"margin-left: 36.0pt; mso-list: l0 level1 lfo1; tab-stops: list 36.0pt; text-align: justify; text-indent: -18.0pt;\">\u00b7&nbsp;&nbsp;&nbsp;&nbsp;&nbsp;&nbsp;&nbsp; Czy w obliczu w\u0105tpliwo\u015bci, rozterek i trudnych do\u015bwiadcze\u0144 zwracam si\u0119 z nimi do Boga, czy te\u017c od razu obra\u017cam si\u0119 na Boga?<\/div>\n<div class=\"MsoNormal\" style=\"text-align: justify;\">\n<\/div>\n<div class=\"MsoNormal\" style=\"text-align: justify;\"><b style=\"mso-bidi-font-weight: normal;\"><i style=\"mso-bidi-font-style: normal;\">Chrystus b\u0119dzie uwielbiony w moim ciele: czy to przez \u017cycie, czy przez \u015bmier\u0107<\/i><\/b><b style=\"mso-bidi-font-weight: normal;\">. [\u2026] <i style=\"mso-bidi-font-style: normal;\">Tylko sprawujcie si\u0119 w spos\u00f3b godny Ewangelii Chrystusowej<\/i>!<\/b><\/div>\n","protected":false},"excerpt":{"rendered":"<p>Niech b\u0119dzie pochwalony Jezus Chrystus! Wszystkim \u017cycz\u0119 wspaniale prze\u017cytego Dnia Pa\u0144skiego. Jak zawsze, przesy\u0142am b\u0142ogos\u0142awie\u0144stwo: Niech Was b\u0142ogos\u0142awi B\u00f3g Wszechmog\u0105cy: Ojciec + i Syn, i Duch \u015awi\u0119ty. Amen &nbsp;&nbsp;&nbsp;&nbsp;&nbsp;&nbsp;&nbsp;&nbsp;&nbsp;&nbsp;&nbsp;&nbsp;&nbsp;&nbsp;&nbsp;&nbsp; Gaudium et spes!&nbsp; Ks. Jacek 25 Niedziela Zwyk\u0142a, A, do czyta\u0144: &nbsp;Iz 55,6\u20139;&nbsp; Flp 1,20c\u201324.27a;&nbsp; Mt 20,1\u201316a My\u015bl\u0119, \u017ce je\u015bli tak chcie\u0107 ws\u0142ucha\u0107 si\u0119 w tre\u015b\u0107 [&hellip;]<\/p>\n","protected":false},"author":1,"featured_media":0,"comment_status":"open","ping_status":"open","sticky":false,"template":"","format":"standard","meta":{"jetpack_post_was_ever_published":false,"_jetpack_newsletter_access":"","_jetpack_dont_email_post_to_subs":false,"_jetpack_newsletter_tier_id":0,"_jetpack_memberships_contains_paywalled_content":false,"_jetpack_memberships_contains_paid_content":false,"footnotes":""},"categories":[1],"tags":[],"class_list":["post-9729","post","type-post","status-publish","format-standard","hentry","category-bez-kategorii"],"yoast_head":"<!-- This site is optimized with the Yoast SEO plugin v25.1 - https:\/\/yoast.com\/wordpress\/plugins\/seo\/ -->\n<title>O jednej dziwnej wyp\u0142acie za prac\u0119... - Gaudium Et Spes<\/title>\n<meta name=\"robots\" content=\"index, follow, max-snippet:-1, max-image-preview:large, max-video-preview:-1\" \/>\n<link rel=\"canonical\" href=\"https:\/\/gaudiumetspes-blog.pl\/index.php\/2011\/09\/18\/o-jednej-dziwnej-wypacie-za-prace\/\" \/>\n<meta property=\"og:locale\" content=\"pl_PL\" \/>\n<meta property=\"og:type\" content=\"article\" \/>\n<meta property=\"og:title\" content=\"O jednej dziwnej wyp\u0142acie za prac\u0119... - Gaudium Et Spes\" \/>\n<meta property=\"og:description\" content=\"Niech b\u0119dzie pochwalony Jezus Chrystus! Wszystkim \u017cycz\u0119 wspaniale prze\u017cytego Dnia Pa\u0144skiego. Jak zawsze, przesy\u0142am b\u0142ogos\u0142awie\u0144stwo: Niech Was b\u0142ogos\u0142awi B\u00f3g Wszechmog\u0105cy: Ojciec + i Syn, i Duch \u015awi\u0119ty. Amen &nbsp;&nbsp;&nbsp;&nbsp;&nbsp;&nbsp;&nbsp;&nbsp;&nbsp;&nbsp;&nbsp;&nbsp;&nbsp;&nbsp;&nbsp;&nbsp; Gaudium et spes!&nbsp; Ks. Jacek 25 Niedziela Zwyk\u0142a, A, do czyta\u0144: &nbsp;Iz 55,6\u20139;&nbsp; Flp 1,20c\u201324.27a;&nbsp; Mt 20,1\u201316a My\u015bl\u0119, \u017ce je\u015bli tak chcie\u0107 ws\u0142ucha\u0107 si\u0119 w tre\u015b\u0107 [&hellip;]\" \/>\n<meta property=\"og:url\" content=\"https:\/\/gaudiumetspes-blog.pl\/index.php\/2011\/09\/18\/o-jednej-dziwnej-wypacie-za-prace\/\" \/>\n<meta property=\"og:site_name\" content=\"Gaudium Et Spes\" \/>\n<meta property=\"article:published_time\" content=\"2011-09-18T06:25:00+00:00\" \/>\n<meta property=\"article:modified_time\" content=\"2019-07-31T10:52:38+00:00\" \/>\n<meta name=\"author\" content=\"Ks. Jacek\" \/>\n<meta name=\"twitter:card\" content=\"summary_large_image\" \/>\n<meta name=\"twitter:label1\" content=\"Napisane przez\" \/>\n\t<meta name=\"twitter:data1\" content=\"Ks. Jacek\" \/>\n\t<meta name=\"twitter:label2\" content=\"Szacowany czas czytania\" \/>\n\t<meta name=\"twitter:data2\" content=\"12 minut\" \/>\n<script type=\"application\/ld+json\" class=\"yoast-schema-graph\">{\"@context\":\"https:\/\/schema.org\",\"@graph\":[{\"@type\":\"WebPage\",\"@id\":\"https:\/\/gaudiumetspes-blog.pl\/index.php\/2011\/09\/18\/o-jednej-dziwnej-wypacie-za-prace\/\",\"url\":\"https:\/\/gaudiumetspes-blog.pl\/index.php\/2011\/09\/18\/o-jednej-dziwnej-wypacie-za-prace\/\",\"name\":\"O jednej dziwnej wyp\u0142acie za prac\u0119... - Gaudium Et Spes\",\"isPartOf\":{\"@id\":\"https:\/\/gaudiumetspes-blog.pl\/#website\"},\"datePublished\":\"2011-09-18T06:25:00+00:00\",\"dateModified\":\"2019-07-31T10:52:38+00:00\",\"author\":{\"@id\":\"https:\/\/gaudiumetspes-blog.pl\/#\/schema\/person\/1661982992b752dea8dff0d4ed845a65\"},\"breadcrumb\":{\"@id\":\"https:\/\/gaudiumetspes-blog.pl\/index.php\/2011\/09\/18\/o-jednej-dziwnej-wypacie-za-prace\/#breadcrumb\"},\"inLanguage\":\"pl-PL\",\"potentialAction\":[{\"@type\":\"ReadAction\",\"target\":[\"https:\/\/gaudiumetspes-blog.pl\/index.php\/2011\/09\/18\/o-jednej-dziwnej-wypacie-za-prace\/\"]}]},{\"@type\":\"BreadcrumbList\",\"@id\":\"https:\/\/gaudiumetspes-blog.pl\/index.php\/2011\/09\/18\/o-jednej-dziwnej-wypacie-za-prace\/#breadcrumb\",\"itemListElement\":[{\"@type\":\"ListItem\",\"position\":1,\"name\":\"Strona g\u0142\u00f3wna\",\"item\":\"https:\/\/gaudiumetspes-blog.pl\/\"},{\"@type\":\"ListItem\",\"position\":2,\"name\":\"O&nbsp;jednej dziwnej wyp\u0142acie za&nbsp;prac\u0119&#8230;\"}]},{\"@type\":\"WebSite\",\"@id\":\"https:\/\/gaudiumetspes-blog.pl\/#website\",\"url\":\"https:\/\/gaudiumetspes-blog.pl\/\",\"name\":\"Gaudium Et Spes\",\"description\":\"Blog Ks. Jacka Ja\u015bkowskiego\",\"potentialAction\":[{\"@type\":\"SearchAction\",\"target\":{\"@type\":\"EntryPoint\",\"urlTemplate\":\"https:\/\/gaudiumetspes-blog.pl\/?s={search_term_string}\"},\"query-input\":{\"@type\":\"PropertyValueSpecification\",\"valueRequired\":true,\"valueName\":\"search_term_string\"}}],\"inLanguage\":\"pl-PL\"},{\"@type\":\"Person\",\"@id\":\"https:\/\/gaudiumetspes-blog.pl\/#\/schema\/person\/1661982992b752dea8dff0d4ed845a65\",\"name\":\"Ks. Jacek\",\"image\":{\"@type\":\"ImageObject\",\"inLanguage\":\"pl-PL\",\"@id\":\"https:\/\/gaudiumetspes-blog.pl\/#\/schema\/person\/image\/\",\"url\":\"https:\/\/gaudiumetspes-blog.pl\/wp-content\/uploads\/2019\/07\/avatar-JJ-150x150.jpg\",\"contentUrl\":\"https:\/\/gaudiumetspes-blog.pl\/wp-content\/uploads\/2019\/07\/avatar-JJ-150x150.jpg\",\"caption\":\"Ks. Jacek\"},\"description\":\"Witam serdecznie! K\u0142ania si\u0119 Ks. Jacek Ja\u015bkowski. Nie jestem ani kim\u015b wa\u017cnym, ani kim\u015b znanym. Jestem ksi\u0119dzem, kt\u00f3ry po prostu chce rozmawia\u0107. Codzienna kap\u0142a\u0144ska pos\u0142uga pokazuje mi, \u017ce temat\u00f3w do rozm\u00f3w z ksi\u0119dzem jest coraz wi\u0119cej i dzisiaj \u017caden ksi\u0105dz nie mo\u017ce od nich ucieka\u0107, ale - wprost przeciwnie - podejmowa\u0107 nowe wyzwania. To przekonanie sk\u0142oni\u0142o mnie do pr\u00f3by otwarcia tego\u017c bloga, chocia\u017c okazji do rozm\u00f3w na co dzie\u0144 - w konfesjonale i poza nim - na szcz\u0119\u015bcie nie brakuje. My\u015bl\u0119 jednak, \u017ce ten blog b\u0119dzie jeszcze jednym sposobem i przestrzeni\u0105 nawi\u0105zania kontaktu z lud\u017ami dobrej woli, otwartymi na dialog.\",\"url\":\"https:\/\/gaudiumetspes-blog.pl\/index.php\/author\/ks-jacek\/\"}]}<\/script>\n<!-- \/ Yoast SEO plugin. -->","yoast_head_json":{"title":"O jednej dziwnej wyp\u0142acie za prac\u0119... - Gaudium Et Spes","robots":{"index":"index","follow":"follow","max-snippet":"max-snippet:-1","max-image-preview":"max-image-preview:large","max-video-preview":"max-video-preview:-1"},"canonical":"https:\/\/gaudiumetspes-blog.pl\/index.php\/2011\/09\/18\/o-jednej-dziwnej-wypacie-za-prace\/","og_locale":"pl_PL","og_type":"article","og_title":"O jednej dziwnej wyp\u0142acie za prac\u0119... - Gaudium Et Spes","og_description":"Niech b\u0119dzie pochwalony Jezus Chrystus! Wszystkim \u017cycz\u0119 wspaniale prze\u017cytego Dnia Pa\u0144skiego. Jak zawsze, przesy\u0142am b\u0142ogos\u0142awie\u0144stwo: Niech Was b\u0142ogos\u0142awi B\u00f3g Wszechmog\u0105cy: Ojciec + i Syn, i Duch \u015awi\u0119ty. Amen &nbsp;&nbsp;&nbsp;&nbsp;&nbsp;&nbsp;&nbsp;&nbsp;&nbsp;&nbsp;&nbsp;&nbsp;&nbsp;&nbsp;&nbsp;&nbsp; Gaudium et spes!&nbsp; Ks. Jacek 25 Niedziela Zwyk\u0142a, A, do czyta\u0144: &nbsp;Iz 55,6\u20139;&nbsp; Flp 1,20c\u201324.27a;&nbsp; Mt 20,1\u201316a My\u015bl\u0119, \u017ce je\u015bli tak chcie\u0107 ws\u0142ucha\u0107 si\u0119 w tre\u015b\u0107 [&hellip;]","og_url":"https:\/\/gaudiumetspes-blog.pl\/index.php\/2011\/09\/18\/o-jednej-dziwnej-wypacie-za-prace\/","og_site_name":"Gaudium Et Spes","article_published_time":"2011-09-18T06:25:00+00:00","article_modified_time":"2019-07-31T10:52:38+00:00","author":"Ks. Jacek","twitter_card":"summary_large_image","twitter_misc":{"Napisane przez":"Ks. Jacek","Szacowany czas czytania":"12 minut"},"schema":{"@context":"https:\/\/schema.org","@graph":[{"@type":"WebPage","@id":"https:\/\/gaudiumetspes-blog.pl\/index.php\/2011\/09\/18\/o-jednej-dziwnej-wypacie-za-prace\/","url":"https:\/\/gaudiumetspes-blog.pl\/index.php\/2011\/09\/18\/o-jednej-dziwnej-wypacie-za-prace\/","name":"O jednej dziwnej wyp\u0142acie za prac\u0119... - Gaudium Et Spes","isPartOf":{"@id":"https:\/\/gaudiumetspes-blog.pl\/#website"},"datePublished":"2011-09-18T06:25:00+00:00","dateModified":"2019-07-31T10:52:38+00:00","author":{"@id":"https:\/\/gaudiumetspes-blog.pl\/#\/schema\/person\/1661982992b752dea8dff0d4ed845a65"},"breadcrumb":{"@id":"https:\/\/gaudiumetspes-blog.pl\/index.php\/2011\/09\/18\/o-jednej-dziwnej-wypacie-za-prace\/#breadcrumb"},"inLanguage":"pl-PL","potentialAction":[{"@type":"ReadAction","target":["https:\/\/gaudiumetspes-blog.pl\/index.php\/2011\/09\/18\/o-jednej-dziwnej-wypacie-za-prace\/"]}]},{"@type":"BreadcrumbList","@id":"https:\/\/gaudiumetspes-blog.pl\/index.php\/2011\/09\/18\/o-jednej-dziwnej-wypacie-za-prace\/#breadcrumb","itemListElement":[{"@type":"ListItem","position":1,"name":"Strona g\u0142\u00f3wna","item":"https:\/\/gaudiumetspes-blog.pl\/"},{"@type":"ListItem","position":2,"name":"O&nbsp;jednej dziwnej wyp\u0142acie za&nbsp;prac\u0119&#8230;"}]},{"@type":"WebSite","@id":"https:\/\/gaudiumetspes-blog.pl\/#website","url":"https:\/\/gaudiumetspes-blog.pl\/","name":"Gaudium Et Spes","description":"Blog Ks. Jacka Ja\u015bkowskiego","potentialAction":[{"@type":"SearchAction","target":{"@type":"EntryPoint","urlTemplate":"https:\/\/gaudiumetspes-blog.pl\/?s={search_term_string}"},"query-input":{"@type":"PropertyValueSpecification","valueRequired":true,"valueName":"search_term_string"}}],"inLanguage":"pl-PL"},{"@type":"Person","@id":"https:\/\/gaudiumetspes-blog.pl\/#\/schema\/person\/1661982992b752dea8dff0d4ed845a65","name":"Ks. Jacek","image":{"@type":"ImageObject","inLanguage":"pl-PL","@id":"https:\/\/gaudiumetspes-blog.pl\/#\/schema\/person\/image\/","url":"https:\/\/gaudiumetspes-blog.pl\/wp-content\/uploads\/2019\/07\/avatar-JJ-150x150.jpg","contentUrl":"https:\/\/gaudiumetspes-blog.pl\/wp-content\/uploads\/2019\/07\/avatar-JJ-150x150.jpg","caption":"Ks. Jacek"},"description":"Witam serdecznie! K\u0142ania si\u0119 Ks. Jacek Ja\u015bkowski. Nie jestem ani kim\u015b wa\u017cnym, ani kim\u015b znanym. Jestem ksi\u0119dzem, kt\u00f3ry po prostu chce rozmawia\u0107. Codzienna kap\u0142a\u0144ska pos\u0142uga pokazuje mi, \u017ce temat\u00f3w do rozm\u00f3w z ksi\u0119dzem jest coraz wi\u0119cej i dzisiaj \u017caden ksi\u0105dz nie mo\u017ce od nich ucieka\u0107, ale - wprost przeciwnie - podejmowa\u0107 nowe wyzwania. To przekonanie sk\u0142oni\u0142o mnie do pr\u00f3by otwarcia tego\u017c bloga, chocia\u017c okazji do rozm\u00f3w na co dzie\u0144 - w konfesjonale i poza nim - na szcz\u0119\u015bcie nie brakuje. My\u015bl\u0119 jednak, \u017ce ten blog b\u0119dzie jeszcze jednym sposobem i przestrzeni\u0105 nawi\u0105zania kontaktu z lud\u017ami dobrej woli, otwartymi na dialog.","url":"https:\/\/gaudiumetspes-blog.pl\/index.php\/author\/ks-jacek\/"}]}},"jetpack_featured_media_url":"","jetpack_sharing_enabled":true,"_links":{"self":[{"href":"https:\/\/gaudiumetspes-blog.pl\/index.php\/wp-json\/wp\/v2\/posts\/9729","targetHints":{"allow":["GET"]}}],"collection":[{"href":"https:\/\/gaudiumetspes-blog.pl\/index.php\/wp-json\/wp\/v2\/posts"}],"about":[{"href":"https:\/\/gaudiumetspes-blog.pl\/index.php\/wp-json\/wp\/v2\/types\/post"}],"author":[{"embeddable":true,"href":"https:\/\/gaudiumetspes-blog.pl\/index.php\/wp-json\/wp\/v2\/users\/1"}],"replies":[{"embeddable":true,"href":"https:\/\/gaudiumetspes-blog.pl\/index.php\/wp-json\/wp\/v2\/comments?post=9729"}],"version-history":[{"count":1,"href":"https:\/\/gaudiumetspes-blog.pl\/index.php\/wp-json\/wp\/v2\/posts\/9729\/revisions"}],"predecessor-version":[{"id":10354,"href":"https:\/\/gaudiumetspes-blog.pl\/index.php\/wp-json\/wp\/v2\/posts\/9729\/revisions\/10354"}],"wp:attachment":[{"href":"https:\/\/gaudiumetspes-blog.pl\/index.php\/wp-json\/wp\/v2\/media?parent=9729"}],"wp:term":[{"taxonomy":"category","embeddable":true,"href":"https:\/\/gaudiumetspes-blog.pl\/index.php\/wp-json\/wp\/v2\/categories?post=9729"},{"taxonomy":"post_tag","embeddable":true,"href":"https:\/\/gaudiumetspes-blog.pl\/index.php\/wp-json\/wp\/v2\/tags?post=9729"}],"curies":[{"name":"wp","href":"https:\/\/api.w.org\/{rel}","templated":true}]}}