{"id":9730,"date":"2011-09-17T06:46:00","date_gmt":"2011-09-17T04:46:00","guid":{"rendered":"https:\/\/gaudiumetspes-blog.pl\/index.php\/2011\/09\/17\/gdzie-pada-ziarno-bozego-sowa\/"},"modified":"2019-07-31T12:52:38","modified_gmt":"2019-07-31T10:52:38","slug":"gdzie-pada-ziarno-bozego-sowa","status":"publish","type":"post","link":"https:\/\/gaudiumetspes-blog.pl\/index.php\/2011\/09\/17\/gdzie-pada-ziarno-bozego-sowa\/","title":{"rendered":"Gdzie pada ziarno Bo\u017cego S\u0142owa?"},"content":{"rendered":"<p><\/p>\n<div class=\"MsoNormal\" style=\"text-align: justify;\">Szcz\u0119\u015b\u0107 Bo\u017ce! Bardzo si\u0119 ciesz\u0119 z \u017cyczliwego przyj\u0119cia s\u0142\u00f3wka mojego Brata, Ksi\u0119dza Marka, jak i z tego, \u017ce On sam w\u0142\u0105czy\u0142 si\u0119 w dyskusj\u0119. Mam nadziej\u0119 &#8211; podobnie, jak i Robert &#8211; \u017ce tak ju\u017c b\u0119dzie cz\u0119\u015bciej. Zreszt\u0105 &#8211; mam tu co\u015b w tym wzgl\u0119dzie obiecane&#8230; Jest to naprawd\u0119 wspania\u0142a sprawa, \u017ce wsp\u00f3lnie tworzymy dobro, dla kt\u00f3rego nie s\u0105 \u017cadn\u0105 przeszkod\u0105 nawet tysi\u0105ce kilometr\u00f3w, jakie nas dziel\u0105. Dzi\u0119ki zdobyczom techniki mo\u017cemy jednoczy\u0107 si\u0119 dla budowania Kr\u00f3lestwa Bo\u017cego. Oczywi\u015bcie, to brzmi bardzo patetycznie, ale tak to w rzeczywisto\u015bci wygl\u0105da. Raz jeszcze wszystkim dzi\u0119kuj\u0119 &#8211; i tak trzyma\u0107!<\/div>\n<div class=\"MsoNormal\" style=\"text-align: justify;\">&nbsp;&nbsp;&nbsp;&nbsp;&nbsp;&nbsp;&nbsp;&nbsp;&nbsp;&nbsp;&nbsp; Gaudium et spes!&nbsp; Ks. Jacek<b><br \/>\n<\/b><\/div>\n<div class=\"MsoNormal\" style=\"text-align: justify;\">\n<\/div>\n<div class=\"MsoNormal\" style=\"text-align: justify;\"><b>Sobota 24 tygodnia zwyk\u0142ego, rok I,<\/b><\/div>\n<div class=\"MsoNormal\" style=\"text-align: justify;\"><b style=\"mso-bidi-font-weight: normal;\">do czyta\u0144: &nbsp;1 Tm 6,13\u201316;&nbsp; \u0141k 8,4\u201315<\/b><\/div>\n<div class=\"MsoNormal\" style=\"text-align: justify;\">\n<\/div>\n<div class=\"MsoNormal\" style=\"text-align: justify; text-indent: 35.4pt;\"><b style=\"mso-bidi-font-weight: normal;\">Dobrze znamy przypowie\u015b\u0107 o siewcy!<\/b> Tyle razy ju\u017c j\u0105 s\u0142yszeli\u015bmy \u2013 tak sam\u0105 przypowie\u015b\u0107, jak i jej wyja\u015bnienie, podane przez Jezusa. I zapewne tak\u017ce ju\u017c <b style=\"mso-bidi-font-weight: normal;\">rozr\u00f3\u017cniamy poszczeg\u00f3lne rodzaje gleby,<\/b> wiedz\u0105c, co kt\u00f3ry symbolizuje: <b style=\"mso-bidi-font-weight: normal;\">jak\u0105 postaw\u0119 cz\u0142owieka,<\/b> jaki stopie\u0144 jego otwarcia si\u0119 i gotowo\u015bci na przyj\u0119cie S\u0142owa Bo\u017cego. <\/div>\n<div class=\"MsoNormal\" style=\"text-align: justify; text-indent: 35.4pt;\">I mo\u017cemy zastanawia\u0107 si\u0119, czy to nie my jeste\u015bmy tymi, kt\u00f3rzy przyjmuj\u0105 S\u0142owo Bo\u017ce, ale <b style=\"mso-bidi-font-weight: normal;\">tylko na zasadzie chwilowego, \u201es\u0142omianego\u201d zapa\u0142u; <\/b>czy te\u017c nie jeste\u015bmy tymi, kt\u00f3rzy przyjmuj\u0105 S\u0142owo Bo\u017ce, ale <b style=\"mso-bidi-font-weight: normal;\">nie potrafi\u0105 \u201eutrzyma\u0107\u201d Go w obliczu r\u00f3\u017cnych trudnych do\u015bwiadcze\u0144 \u017cyciowych<\/b> i porzucaj\u0105 je, aby radzi\u0107 sobie w \u017cyciu na w\u0142asn\u0105 r\u0119k\u0119; czy mo\u017ce wreszcie jeste\u015bmy tymi, kt\u00f3rzy \u2013 owszem \u2013 przyjmuj\u0105 S\u0142owo Bo\u017ce z rado\u015bci\u0105, ale okazuje si\u0119 ono <b style=\"mso-bidi-font-weight: normal;\">jedn\u0105 z tysi\u0105ca propozycji dzisiejszego rozkrzyczanego i skomercjalizowanego \u015bwiata<\/b> \u2013 i w tym g\u0105szczu ginie. Kochani, czy nie odnajdujemy siebie w kt\u00f3rej\u015b z tych grup? <\/div>\n<div class=\"MsoNormal\" style=\"text-align: justify; text-indent: 35.4pt;\">Zapewne wiele razy ju\u017c nad tym zastanawiali\u015bmy si\u0119, bo nieraz s\u0142yszeli\u015bmy o tym na kazaniach\u2026 I zapewne najtrudniej by\u0142o nam zaliczy\u0107 si\u0119 do tej ostatniej grupy \u2013 a wi\u0119c do <b style=\"mso-bidi-font-weight: normal;\">grona tych, kt\u00f3rzy S\u0142owo Bo\u017ce przyjmuj\u0105 i \u017cyciem wydaj\u0105 jego owoce.<\/b> A w takim uj\u0119ciu ca\u0142ej sprawy trzeba przyzna\u0107, \u017ce jest to spojrzenie do\u015b\u0107 pesymistyczne, je\u017celi bowiem do ostatniej grupy zalicza si\u0119 tak ma\u0142o os\u00f3b, to nie rokuje to dobrze na przysz\u0142o\u015b\u0107 <b style=\"mso-bidi-font-weight: normal;\">i ka\u017ce postawi\u0107 pytanie o sens g\u0142oszenia S\u0142owa Bo\u017cego<\/b> w sytuacji, w kt\u00f3rej tak wiele os\u00f3b po prostu <b style=\"mso-bidi-font-weight: normal;\">nie jest w stanie go przyj\u0105\u0107 i wed\u0142ug niego \u017cy\u0107\u2026<\/b> <\/div>\n<div class=\"MsoNormal\" style=\"text-align: justify; text-indent: 35.4pt;\">Jednak \u2013 na szcz\u0119\u015bcie! \u2013 do\u015bwiadczenie \u017cyciowe podpowiada nam, \u017ce <b style=\"mso-bidi-font-weight: normal;\">wcale nie musi by\u0107 a\u017c tak \u017ale i tak czarno.<\/b> Oto bowiem w\u0142a\u015bnie do\u015bwiadczenie \u017cyciowe pokazuje, \u017ce \u017cadna postawa ludzi \u017cyj\u0105cych na tym \u015bwiecie \u2013 <b style=\"mso-bidi-font-weight: normal;\">nie jest postaw\u0105 ostateczn\u0105 i niezmienn\u0105!<\/b> Nawet w gronie Aposto\u0142\u00f3w, a wi\u0119c tych, kt\u00f3rzy byli <b style=\"mso-bidi-font-weight: normal;\">najbli\u017cej Jezusa<\/b> i w sercach kt\u00f3rych \u2013 jak si\u0119 mo\u017cemy domy\u015bla\u0107 \u2013 <b style=\"mso-bidi-font-weight: normal;\">s\u0142owo Mistrza brzmia\u0142o najdono\u015bniej,<\/b> by\u0142o bowiem nawet oddzielnie niejednokrotnie t\u0142umaczone: nawet w tym Gronie <b style=\"mso-bidi-font-weight: normal;\">nie zabrak\u0142o zdrajcy,<\/b> czy te\u017c takiego, kt\u00f3ry b\u0119d\u0105c pierwszym spo\u015br\u00f3d innych, <b style=\"mso-bidi-font-weight: normal;\">zapar\u0142 si\u0119 publicznie Jezusa,<\/b> chocia\u017c zapewnia\u0142, \u017ce \u017cycie za Niego odda! Owszem, odda\u0142, ale nie od razu. W decyduj\u0105cym momencie \u2013 zapar\u0142 si\u0119\u2026 Zatem, jego obietnice i jego deklarowana tak g\u0142o\u015bno gotowo\u015b\u0107, i jego pozorna odwaga \u2013 okaza\u0142y si\u0119 <b style=\"mso-bidi-font-weight: normal;\">czym\u015b zupe\u0142nie nietrwa\u0142ym w obliczu zagro\u017cenia.<\/b> Ale te\u017c stan owego zaparcia nie trwa\u0142 d\u0142ugo, Piotr bowiem zwr\u00f3ci\u0142 si\u0119 ponownie do Jezusa. <\/div>\n<div class=\"MsoNormal\" style=\"text-align: justify; text-indent: 35.4pt;\">Tak zatem, \u017cycie i postawy cz\u0142owieka <b style=\"mso-bidi-font-weight: normal;\">podlegaj\u0105 ci\u0105g\u0142ym zmianom, ci\u0105gle ewoluuj\u0105<\/b> \u2013 w t\u0119, lub inn\u0105 stron\u0119 \u2013 dlatego nigdy <b style=\"mso-bidi-font-weight: normal;\">tu na ziemi<\/b> o nikim nie mo\u017cemy powiedzie\u0107, \u017ce jest <b style=\"mso-bidi-font-weight: normal;\">cz\u0142owiekiem wy\u0142\u0105cznie dobrym i bez skazy,<\/b> ale te\u017c o nikim nie mo\u017cemy powiedzie\u0107, \u017ce jest cz\u0142owiekiem <b style=\"mso-bidi-font-weight: normal;\">do cna z\u0142ym i przegranym.<\/b> <\/div>\n<div class=\"MsoNormal\" style=\"text-align: justify; text-indent: 35.4pt;\">I w tym kontek\u015bcie, Kochani, widz\u0105c dzisiejsz\u0105 Ewangeli\u0119, mo\u017cemy stwierdzi\u0107, \u017ce te poszczeg\u00f3lne postawy, wskazane przez Jezusa, to nie tyle jaki\u015b ostateczny poziom, kt\u00f3ry si\u0119 osi\u0105gn\u0119\u0142o, ale to <b style=\"mso-bidi-font-weight: normal;\">etapy formacji!<\/b> A to oznacza w praktyce, \u017ce nawet je\u017celi odnajdujemy siebie w kt\u00f3rej\u015b z tych wcze\u015bniejszych grup, nie w tej ostatniej, <b style=\"mso-bidi-font-weight: normal;\">to nie znaczy bynajmniej, \u017ce nie mo\u017cemy dojrze\u0107 do tego, aby si\u0119 w tej ostatniej znale\u017a\u0107.<\/b> Nawet bowiem, je\u017celi teraz r\u00f3\u017cne \u017cyciowe sytuacje czy osobiste zmartwienia, czy wspomniany ju\u017c szum i ha\u0142as \u015bwiata powoduj\u0105, \u017ce <b style=\"mso-bidi-font-weight: normal;\">Bo\u017ce S\u0142owo nie mo\u017ce si\u0119 zakorzeni\u0107 na trwa\u0142e w naszych sercach,<\/b> to nie znaczy, \u017ce nauczeni tymi do\u015bwiadczeniami <b style=\"mso-bidi-font-weight: normal;\">nie zaczniemy wreszcie tego\u017c S\u0142owa uwa\u017cnie s\u0142ucha\u0107.<\/b> <\/div>\n<div class=\"MsoNormal\" style=\"text-align: justify; text-indent: 35.4pt;\">Powinni\u015bmy w\u0142a\u015bnie do tego d\u0105\u017cy\u0107, aby wci\u0105\u017c <b style=\"mso-bidi-font-weight: normal;\">doskonali\u0107 si\u0119 w sztuce s\u0142uchania i przyjmowania Bo\u017cego S\u0142owa.<\/b> Na to jednak trzeba czasu, nieco cierpliwo\u015bci, sporo wytrwa\u0142o\u015bci do zaczynania ci\u0105gle od nowa\u2026 <\/div>\n<div class=\"MsoNormal\" style=\"text-align: justify; text-indent: 35.4pt;\">A tak w og\u00f3le \u2013 to <b style=\"mso-bidi-font-weight: normal;\">trzeba mie\u0107 kontakt z tym S\u0142owem!<\/b> Naprawd\u0119, nie da si\u0119 wej\u015b\u0107 w \u017caden bliski kontakt, <b style=\"mso-bidi-font-weight: normal;\">je\u017celi si\u0119 S\u0142owa Bo\u017cego nie czyta, je\u017celi si\u0119 go nie s\u0142ucha<\/b>\u2026 To jest absolutnie pierwszy i konieczny etap wtajemniczania si\u0119 w Bo\u017ce S\u0142owo: <b style=\"mso-bidi-font-weight: normal;\">kontakt z tym S\u0142owem!<\/b> Kochani, dobrze wiemy, \u017ce w naszej polskiej rzeczywisto\u015bci, w naszym polskim katolicyzmie <b style=\"mso-bidi-font-weight: normal;\">nie jest z tym najlepiej<\/b> \u2013 m\u00f3wi\u0105c tak najogl\u0119dniej. Oczywi\u015bcie, nie wolno uog\u00f3lnia\u0107, bo dobrze wiemy, \u017ce s\u0105 tacy, kt\u00f3rzy regularnie czytaj\u0105, kt\u00f3rzy uwa\u017cnie s\u0142uchaj\u0105 Bo\u017cego S\u0142owa i naprawd\u0119 staraj\u0105 si\u0119 wed\u0142ug niego uk\u0142ada\u0107 swoj\u0105 codzienno\u015b\u0107. Ale chyba jednak <b style=\"mso-bidi-font-weight: normal;\">wi\u0119kszo\u015b\u0107 z nas ten pierwszy etap ci\u0105gle ma jeszcze przed sob\u0105.<\/b> <\/div>\n<div class=\"MsoNormal\" style=\"text-align: justify; text-indent: 35.4pt;\">A przecie\u017c, je\u017celi si\u0119 ziarna nie wsiewa w ziemi\u0119, to <b style=\"mso-bidi-font-weight: normal;\">jakim cudem ma wyrosn\u0105\u0107?! A\u017c takich cud\u00f3w nie oczekujmy od Jezusa!<\/b> Cudem \u2013 samym w sobie \u2013 jest Jego S\u0142owo i ukryta w nim wewn\u0119trzna moc! Ale <b style=\"mso-bidi-font-weight: normal;\">trzeba je czyta\u0107,<\/b> trzeba si\u0119 nad nim chocia\u017c przez chwil\u0119 zastanowi\u0107, trzeba stara\u0107 si\u0119 wed\u0142ug niego \u017cy\u0107\u2026 Je\u017celi bowiem nie posiejemy ziarna, to ono \u2013 jako rzekli\u015bmy \u2013 nie wyro\u015bnie\u2026 <b style=\"mso-bidi-font-weight: normal;\">A chwasty wyrosn\u0105 na pewno,<\/b> bo o to ju\u017c szatan zadba! I je\u017celi czyje\u015b serce jest takim polem pe\u0142nym chwastu, to <b style=\"mso-bidi-font-weight: normal;\">nie dziwmy si\u0119, \u017ce potem \u017cycie jest takie, jakie jest! <\/b><\/div>\n<div class=\"MsoNormal\" style=\"text-align: justify; text-indent: 35.4pt;\">Dlatego trzeba nam si\u0119 ws\u0142ucha\u0107 i odnie\u015b\u0107 do siebie zach\u0119t\u0119, jak\u0105 dzisiaj Pawe\u0142 kieruje do Tymoteusza, aby\u015bmy <b style=\"mso-bidi-font-weight: normal;\"><i style=\"mso-bidi-font-style: normal;\">zachowali przykazanie nieskalane, bez zarzutu a\u017c do objawienia si\u0119 naszego Pana, Jezusa Chrystusa<\/i><\/b>. M\u00f3wi\u0107 kr\u00f3tko i jasno, Kochani: <b style=\"mso-bidi-font-weight: normal;\">bierzemy si\u0119 do pracy! Najlepiej od dzisiaj!<\/b> Szukamy w domu Pisma \u015awi\u0119tego, starannie <b style=\"mso-bidi-font-weight: normal;\">odkurzamy je jak\u0105\u015b czyst\u0105 \u015bciereczk\u0105,<\/b> otwieramy \u2013 rozklejaj\u0105c strony jeszcze od nowo\u015bci sklejone, bo nie otwierane \u2013 <b style=\"mso-bidi-font-weight: normal;\">i czytamy!<\/b> Ale tak\u017ce \u2013 s\u0142uchamy uwa\u017cnie w liturgii. I uczymy si\u0119 \u2013 cierpliwie i wytrwale \u2013 coraz bardziej, coraz skuteczniej, coraz wytrwalej <b style=\"mso-bidi-font-weight: normal;\">tym S\u0142owem \u017cy\u0107, to S\u0142owo czyni\u0107 programem i drogowskazem na drogach codzienno\u015bci.<\/b> <\/div>\n<div class=\"MsoNormal\" style=\"text-align: justify; text-indent: 35.4pt;\">I w S\u0142owie tym <b style=\"mso-bidi-font-weight: normal;\">szuka\u0107 odpowiedzi na wszystkie pytania,<\/b> jakie si\u0119 w sercu rodz\u0105, na wszystkie w\u0105tpliwo\u015bci, wszystkie dylematy\u2026 Moi Drodzy, tam naprawd\u0119 <b style=\"mso-bidi-font-weight: normal;\">s\u0105 odpowiedzi na wszystkie nasze pytania i w\u0105tpliwo\u015bci,<\/b> ale trzeba czyta\u0107 i trzeba tworzy\u0107 atmosfer\u0119 ciszy, atmosfer\u0119 skupienia, trzeba <b style=\"mso-bidi-font-weight: normal;\">u\u017cy\u017ania\u0107 gleb\u0119 swego serca<\/b> przez systematyczn\u0105 Spowied\u017a i cz\u0119st\u0105 Komuni\u0119 \u015awi\u0119t\u0105, a wtedy przekonamy si\u0119, jak <b style=\"mso-bidi-font-weight: normal;\">niezwyk\u0142e rzeczy b\u0119d\u0105 si\u0119 dzia\u0142y w naszym \u017cyciu,<\/b> kiedy ziarno zacznie przynosi\u0107 plon \u2013 <b style=\"mso-bidi-font-weight: normal;\">kiedy S\u0142owo zacznie dochodzi\u0107 do g\u0142osu i zacznie nas u\u015bwi\u0119ca\u0107.<\/b> Naprawd\u0119, niezwyk\u0142e i nadzwyczajne b\u0119d\u0105 to rzeczy, ale trzeba <b style=\"mso-bidi-font-weight: normal;\">zaufa\u0107 mocy Siewcy i pozwoli\u0107 Mu dokona\u0107 siewu<\/b> na \u017cyznej glebie naszego serca.<\/div>\n<div class=\"MsoNormal\" style=\"text-align: justify; text-indent: 35.4pt;\">W tym kontek\u015bcie zastan\u00f3wmy si\u0119:<\/div>\n<div class=\"MsoNormal\" style=\"margin-left: 36.0pt; mso-list: l0 level1 lfo1; tab-stops: list 36.0pt; text-align: justify; text-indent: -18.0pt;\">\u00b7&nbsp;&nbsp;&nbsp;&nbsp;&nbsp;&nbsp;&nbsp; Gdzie w moim domu znajduje si\u0119 Pismo \u015awi\u0119te?<\/div>\n<div class=\"MsoNormal\" style=\"margin-left: 36.0pt; mso-list: l0 level1 lfo1; tab-stops: list 36.0pt; text-align: justify; text-indent: -18.0pt;\">\u00b7&nbsp;&nbsp;&nbsp;&nbsp;&nbsp;&nbsp;&nbsp; Kiedy ostatnio zajrza\u0142em do niego i czyta\u0142em \u2013 sam dla siebie, z potrzeby serca?<\/div>\n<div class=\"MsoNormal\" style=\"margin-left: 36.0pt; mso-list: l0 level1 lfo1; tab-stops: list 36.0pt; text-align: justify; text-indent: -18.0pt;\">\u00b7&nbsp;&nbsp;&nbsp;&nbsp;&nbsp;&nbsp;&nbsp; Jak cz\u0119sto bior\u0119 je pod uwag\u0119 przy podejmowaniu codziennych decyzji?<\/div>\n<div class=\"MsoNormal\" style=\"text-align: justify;\">\n<\/div>\n<div class=\"MsoNormal\" style=\"text-align: justify;\"><b style=\"mso-bidi-font-weight: normal;\"><i style=\"mso-bidi-font-style: normal;\">W ko\u0144cu ziarno w \u017cyznej ziemi oznacza tych, kt\u00f3rzy wys\u0142uchawszy S\u0142owa sercem szlachetnym i dobrym, zatrzymuj\u0105 je i wydaj\u0105 owoc przez sw\u0105 wytrwa\u0142o\u015b\u0107<\/i><\/b>.<\/div>\n","protected":false},"excerpt":{"rendered":"<p>Szcz\u0119\u015b\u0107 Bo\u017ce! Bardzo si\u0119 ciesz\u0119 z \u017cyczliwego przyj\u0119cia s\u0142\u00f3wka mojego Brata, Ksi\u0119dza Marka, jak i z tego, \u017ce On sam w\u0142\u0105czy\u0142 si\u0119 w dyskusj\u0119. Mam nadziej\u0119 &#8211; podobnie, jak i Robert &#8211; \u017ce tak ju\u017c b\u0119dzie cz\u0119\u015bciej. Zreszt\u0105 &#8211; mam tu co\u015b w tym wzgl\u0119dzie obiecane&#8230; Jest to naprawd\u0119 wspania\u0142a sprawa, \u017ce wsp\u00f3lnie tworzymy dobro, [&hellip;]<\/p>\n","protected":false},"author":1,"featured_media":0,"comment_status":"open","ping_status":"open","sticky":false,"template":"","format":"standard","meta":{"jetpack_post_was_ever_published":false,"_jetpack_newsletter_access":"","_jetpack_dont_email_post_to_subs":false,"_jetpack_newsletter_tier_id":0,"_jetpack_memberships_contains_paywalled_content":false,"_jetpack_memberships_contains_paid_content":false,"footnotes":""},"categories":[1],"tags":[],"class_list":["post-9730","post","type-post","status-publish","format-standard","hentry","category-bez-kategorii"],"yoast_head":"<!-- This site is optimized with the Yoast SEO plugin v25.1 - https:\/\/yoast.com\/wordpress\/plugins\/seo\/ -->\n<title>Gdzie pada ziarno Bo\u017cego S\u0142owa? - Gaudium Et Spes<\/title>\n<meta name=\"robots\" content=\"index, follow, max-snippet:-1, max-image-preview:large, max-video-preview:-1\" \/>\n<link rel=\"canonical\" href=\"https:\/\/gaudiumetspes-blog.pl\/index.php\/2011\/09\/17\/gdzie-pada-ziarno-bozego-sowa\/\" \/>\n<meta property=\"og:locale\" content=\"pl_PL\" \/>\n<meta property=\"og:type\" content=\"article\" \/>\n<meta property=\"og:title\" content=\"Gdzie pada ziarno Bo\u017cego S\u0142owa? - Gaudium Et Spes\" \/>\n<meta property=\"og:description\" content=\"Szcz\u0119\u015b\u0107 Bo\u017ce! Bardzo si\u0119 ciesz\u0119 z \u017cyczliwego przyj\u0119cia s\u0142\u00f3wka mojego Brata, Ksi\u0119dza Marka, jak i z tego, \u017ce On sam w\u0142\u0105czy\u0142 si\u0119 w dyskusj\u0119. Mam nadziej\u0119 &#8211; podobnie, jak i Robert &#8211; \u017ce tak ju\u017c b\u0119dzie cz\u0119\u015bciej. Zreszt\u0105 &#8211; mam tu co\u015b w tym wzgl\u0119dzie obiecane&#8230; Jest to naprawd\u0119 wspania\u0142a sprawa, \u017ce wsp\u00f3lnie tworzymy dobro, [&hellip;]\" \/>\n<meta property=\"og:url\" content=\"https:\/\/gaudiumetspes-blog.pl\/index.php\/2011\/09\/17\/gdzie-pada-ziarno-bozego-sowa\/\" \/>\n<meta property=\"og:site_name\" content=\"Gaudium Et Spes\" \/>\n<meta property=\"article:published_time\" content=\"2011-09-17T04:46:00+00:00\" \/>\n<meta property=\"article:modified_time\" content=\"2019-07-31T10:52:38+00:00\" \/>\n<meta name=\"author\" content=\"Ks. Jacek\" \/>\n<meta name=\"twitter:card\" content=\"summary_large_image\" \/>\n<meta name=\"twitter:label1\" content=\"Napisane przez\" \/>\n\t<meta name=\"twitter:data1\" content=\"Ks. Jacek\" \/>\n\t<meta name=\"twitter:label2\" content=\"Szacowany czas czytania\" \/>\n\t<meta name=\"twitter:data2\" content=\"7 minut\" \/>\n<script type=\"application\/ld+json\" class=\"yoast-schema-graph\">{\"@context\":\"https:\/\/schema.org\",\"@graph\":[{\"@type\":\"WebPage\",\"@id\":\"https:\/\/gaudiumetspes-blog.pl\/index.php\/2011\/09\/17\/gdzie-pada-ziarno-bozego-sowa\/\",\"url\":\"https:\/\/gaudiumetspes-blog.pl\/index.php\/2011\/09\/17\/gdzie-pada-ziarno-bozego-sowa\/\",\"name\":\"Gdzie pada ziarno Bo\u017cego S\u0142owa? - Gaudium Et Spes\",\"isPartOf\":{\"@id\":\"https:\/\/gaudiumetspes-blog.pl\/#website\"},\"datePublished\":\"2011-09-17T04:46:00+00:00\",\"dateModified\":\"2019-07-31T10:52:38+00:00\",\"author\":{\"@id\":\"https:\/\/gaudiumetspes-blog.pl\/#\/schema\/person\/1661982992b752dea8dff0d4ed845a65\"},\"breadcrumb\":{\"@id\":\"https:\/\/gaudiumetspes-blog.pl\/index.php\/2011\/09\/17\/gdzie-pada-ziarno-bozego-sowa\/#breadcrumb\"},\"inLanguage\":\"pl-PL\",\"potentialAction\":[{\"@type\":\"ReadAction\",\"target\":[\"https:\/\/gaudiumetspes-blog.pl\/index.php\/2011\/09\/17\/gdzie-pada-ziarno-bozego-sowa\/\"]}]},{\"@type\":\"BreadcrumbList\",\"@id\":\"https:\/\/gaudiumetspes-blog.pl\/index.php\/2011\/09\/17\/gdzie-pada-ziarno-bozego-sowa\/#breadcrumb\",\"itemListElement\":[{\"@type\":\"ListItem\",\"position\":1,\"name\":\"Strona g\u0142\u00f3wna\",\"item\":\"https:\/\/gaudiumetspes-blog.pl\/\"},{\"@type\":\"ListItem\",\"position\":2,\"name\":\"Gdzie pada ziarno Bo\u017cego S\u0142owa?\"}]},{\"@type\":\"WebSite\",\"@id\":\"https:\/\/gaudiumetspes-blog.pl\/#website\",\"url\":\"https:\/\/gaudiumetspes-blog.pl\/\",\"name\":\"Gaudium Et Spes\",\"description\":\"Blog Ks. Jacka Ja\u015bkowskiego\",\"potentialAction\":[{\"@type\":\"SearchAction\",\"target\":{\"@type\":\"EntryPoint\",\"urlTemplate\":\"https:\/\/gaudiumetspes-blog.pl\/?s={search_term_string}\"},\"query-input\":{\"@type\":\"PropertyValueSpecification\",\"valueRequired\":true,\"valueName\":\"search_term_string\"}}],\"inLanguage\":\"pl-PL\"},{\"@type\":\"Person\",\"@id\":\"https:\/\/gaudiumetspes-blog.pl\/#\/schema\/person\/1661982992b752dea8dff0d4ed845a65\",\"name\":\"Ks. Jacek\",\"image\":{\"@type\":\"ImageObject\",\"inLanguage\":\"pl-PL\",\"@id\":\"https:\/\/gaudiumetspes-blog.pl\/#\/schema\/person\/image\/\",\"url\":\"https:\/\/gaudiumetspes-blog.pl\/wp-content\/uploads\/2019\/07\/avatar-JJ-150x150.jpg\",\"contentUrl\":\"https:\/\/gaudiumetspes-blog.pl\/wp-content\/uploads\/2019\/07\/avatar-JJ-150x150.jpg\",\"caption\":\"Ks. Jacek\"},\"description\":\"Witam serdecznie! K\u0142ania si\u0119 Ks. Jacek Ja\u015bkowski. Nie jestem ani kim\u015b wa\u017cnym, ani kim\u015b znanym. Jestem ksi\u0119dzem, kt\u00f3ry po prostu chce rozmawia\u0107. Codzienna kap\u0142a\u0144ska pos\u0142uga pokazuje mi, \u017ce temat\u00f3w do rozm\u00f3w z ksi\u0119dzem jest coraz wi\u0119cej i dzisiaj \u017caden ksi\u0105dz nie mo\u017ce od nich ucieka\u0107, ale - wprost przeciwnie - podejmowa\u0107 nowe wyzwania. To przekonanie sk\u0142oni\u0142o mnie do pr\u00f3by otwarcia tego\u017c bloga, chocia\u017c okazji do rozm\u00f3w na co dzie\u0144 - w konfesjonale i poza nim - na szcz\u0119\u015bcie nie brakuje. My\u015bl\u0119 jednak, \u017ce ten blog b\u0119dzie jeszcze jednym sposobem i przestrzeni\u0105 nawi\u0105zania kontaktu z lud\u017ami dobrej woli, otwartymi na dialog.\",\"url\":\"https:\/\/gaudiumetspes-blog.pl\/index.php\/author\/ks-jacek\/\"}]}<\/script>\n<!-- \/ Yoast SEO plugin. -->","yoast_head_json":{"title":"Gdzie pada ziarno Bo\u017cego S\u0142owa? - Gaudium Et Spes","robots":{"index":"index","follow":"follow","max-snippet":"max-snippet:-1","max-image-preview":"max-image-preview:large","max-video-preview":"max-video-preview:-1"},"canonical":"https:\/\/gaudiumetspes-blog.pl\/index.php\/2011\/09\/17\/gdzie-pada-ziarno-bozego-sowa\/","og_locale":"pl_PL","og_type":"article","og_title":"Gdzie pada ziarno Bo\u017cego S\u0142owa? - Gaudium Et Spes","og_description":"Szcz\u0119\u015b\u0107 Bo\u017ce! Bardzo si\u0119 ciesz\u0119 z \u017cyczliwego przyj\u0119cia s\u0142\u00f3wka mojego Brata, Ksi\u0119dza Marka, jak i z tego, \u017ce On sam w\u0142\u0105czy\u0142 si\u0119 w dyskusj\u0119. Mam nadziej\u0119 &#8211; podobnie, jak i Robert &#8211; \u017ce tak ju\u017c b\u0119dzie cz\u0119\u015bciej. Zreszt\u0105 &#8211; mam tu co\u015b w tym wzgl\u0119dzie obiecane&#8230; Jest to naprawd\u0119 wspania\u0142a sprawa, \u017ce wsp\u00f3lnie tworzymy dobro, [&hellip;]","og_url":"https:\/\/gaudiumetspes-blog.pl\/index.php\/2011\/09\/17\/gdzie-pada-ziarno-bozego-sowa\/","og_site_name":"Gaudium Et Spes","article_published_time":"2011-09-17T04:46:00+00:00","article_modified_time":"2019-07-31T10:52:38+00:00","author":"Ks. Jacek","twitter_card":"summary_large_image","twitter_misc":{"Napisane przez":"Ks. Jacek","Szacowany czas czytania":"7 minut"},"schema":{"@context":"https:\/\/schema.org","@graph":[{"@type":"WebPage","@id":"https:\/\/gaudiumetspes-blog.pl\/index.php\/2011\/09\/17\/gdzie-pada-ziarno-bozego-sowa\/","url":"https:\/\/gaudiumetspes-blog.pl\/index.php\/2011\/09\/17\/gdzie-pada-ziarno-bozego-sowa\/","name":"Gdzie pada ziarno Bo\u017cego S\u0142owa? - Gaudium Et Spes","isPartOf":{"@id":"https:\/\/gaudiumetspes-blog.pl\/#website"},"datePublished":"2011-09-17T04:46:00+00:00","dateModified":"2019-07-31T10:52:38+00:00","author":{"@id":"https:\/\/gaudiumetspes-blog.pl\/#\/schema\/person\/1661982992b752dea8dff0d4ed845a65"},"breadcrumb":{"@id":"https:\/\/gaudiumetspes-blog.pl\/index.php\/2011\/09\/17\/gdzie-pada-ziarno-bozego-sowa\/#breadcrumb"},"inLanguage":"pl-PL","potentialAction":[{"@type":"ReadAction","target":["https:\/\/gaudiumetspes-blog.pl\/index.php\/2011\/09\/17\/gdzie-pada-ziarno-bozego-sowa\/"]}]},{"@type":"BreadcrumbList","@id":"https:\/\/gaudiumetspes-blog.pl\/index.php\/2011\/09\/17\/gdzie-pada-ziarno-bozego-sowa\/#breadcrumb","itemListElement":[{"@type":"ListItem","position":1,"name":"Strona g\u0142\u00f3wna","item":"https:\/\/gaudiumetspes-blog.pl\/"},{"@type":"ListItem","position":2,"name":"Gdzie pada ziarno Bo\u017cego S\u0142owa?"}]},{"@type":"WebSite","@id":"https:\/\/gaudiumetspes-blog.pl\/#website","url":"https:\/\/gaudiumetspes-blog.pl\/","name":"Gaudium Et Spes","description":"Blog Ks. Jacka Ja\u015bkowskiego","potentialAction":[{"@type":"SearchAction","target":{"@type":"EntryPoint","urlTemplate":"https:\/\/gaudiumetspes-blog.pl\/?s={search_term_string}"},"query-input":{"@type":"PropertyValueSpecification","valueRequired":true,"valueName":"search_term_string"}}],"inLanguage":"pl-PL"},{"@type":"Person","@id":"https:\/\/gaudiumetspes-blog.pl\/#\/schema\/person\/1661982992b752dea8dff0d4ed845a65","name":"Ks. Jacek","image":{"@type":"ImageObject","inLanguage":"pl-PL","@id":"https:\/\/gaudiumetspes-blog.pl\/#\/schema\/person\/image\/","url":"https:\/\/gaudiumetspes-blog.pl\/wp-content\/uploads\/2019\/07\/avatar-JJ-150x150.jpg","contentUrl":"https:\/\/gaudiumetspes-blog.pl\/wp-content\/uploads\/2019\/07\/avatar-JJ-150x150.jpg","caption":"Ks. Jacek"},"description":"Witam serdecznie! K\u0142ania si\u0119 Ks. Jacek Ja\u015bkowski. Nie jestem ani kim\u015b wa\u017cnym, ani kim\u015b znanym. Jestem ksi\u0119dzem, kt\u00f3ry po prostu chce rozmawia\u0107. Codzienna kap\u0142a\u0144ska pos\u0142uga pokazuje mi, \u017ce temat\u00f3w do rozm\u00f3w z ksi\u0119dzem jest coraz wi\u0119cej i dzisiaj \u017caden ksi\u0105dz nie mo\u017ce od nich ucieka\u0107, ale - wprost przeciwnie - podejmowa\u0107 nowe wyzwania. To przekonanie sk\u0142oni\u0142o mnie do pr\u00f3by otwarcia tego\u017c bloga, chocia\u017c okazji do rozm\u00f3w na co dzie\u0144 - w konfesjonale i poza nim - na szcz\u0119\u015bcie nie brakuje. My\u015bl\u0119 jednak, \u017ce ten blog b\u0119dzie jeszcze jednym sposobem i przestrzeni\u0105 nawi\u0105zania kontaktu z lud\u017ami dobrej woli, otwartymi na dialog.","url":"https:\/\/gaudiumetspes-blog.pl\/index.php\/author\/ks-jacek\/"}]}},"jetpack_featured_media_url":"","jetpack_sharing_enabled":true,"_links":{"self":[{"href":"https:\/\/gaudiumetspes-blog.pl\/index.php\/wp-json\/wp\/v2\/posts\/9730","targetHints":{"allow":["GET"]}}],"collection":[{"href":"https:\/\/gaudiumetspes-blog.pl\/index.php\/wp-json\/wp\/v2\/posts"}],"about":[{"href":"https:\/\/gaudiumetspes-blog.pl\/index.php\/wp-json\/wp\/v2\/types\/post"}],"author":[{"embeddable":true,"href":"https:\/\/gaudiumetspes-blog.pl\/index.php\/wp-json\/wp\/v2\/users\/1"}],"replies":[{"embeddable":true,"href":"https:\/\/gaudiumetspes-blog.pl\/index.php\/wp-json\/wp\/v2\/comments?post=9730"}],"version-history":[{"count":1,"href":"https:\/\/gaudiumetspes-blog.pl\/index.php\/wp-json\/wp\/v2\/posts\/9730\/revisions"}],"predecessor-version":[{"id":10353,"href":"https:\/\/gaudiumetspes-blog.pl\/index.php\/wp-json\/wp\/v2\/posts\/9730\/revisions\/10353"}],"wp:attachment":[{"href":"https:\/\/gaudiumetspes-blog.pl\/index.php\/wp-json\/wp\/v2\/media?parent=9730"}],"wp:term":[{"taxonomy":"category","embeddable":true,"href":"https:\/\/gaudiumetspes-blog.pl\/index.php\/wp-json\/wp\/v2\/categories?post=9730"},{"taxonomy":"post_tag","embeddable":true,"href":"https:\/\/gaudiumetspes-blog.pl\/index.php\/wp-json\/wp\/v2\/tags?post=9730"}],"curies":[{"name":"wp","href":"https:\/\/api.w.org\/{rel}","templated":true}]}}