{"id":9731,"date":"2011-09-16T08:23:00","date_gmt":"2011-09-16T06:23:00","guid":{"rendered":"https:\/\/gaudiumetspes-blog.pl\/index.php\/2011\/09\/16\/uwaga-niespodzianka-sowko-z-syberii\/"},"modified":"2019-07-31T12:52:38","modified_gmt":"2019-07-31T10:52:38","slug":"uwaga-niespodzianka-sowko-z-syberii","status":"publish","type":"post","link":"https:\/\/gaudiumetspes-blog.pl\/index.php\/2011\/09\/16\/uwaga-niespodzianka-sowko-z-syberii\/","title":{"rendered":"UWAGA! NIESPODZIANKA! S\u0141\u00d3WKO Z SYBERII!"},"content":{"rendered":"<p><\/p>\n<div class=\"MsoNormal\" style=\"margin-bottom: .0001pt; margin-bottom: 0cm; text-align: justify;\">Szcz\u0119\u015b\u0107 Bo\u017ce! Z wielk\u0105 rado\u015bci\u0105 zapraszam do&nbsp; refleksji nad dzisiejszym S\u0142owem Bo\u017cym, z pomoc\u0105 rozwa\u017cania, napisanego i przes\u0142anego mi dzisiaj rano z Tomska przez mojego Brata, Ksi\u0119dza Marka. Mam obietnic\u0119, \u017ce to nie jest ostatni tekst, kt\u00f3ry t\u0105 drog\u0105 i w ten spos\u00f3b dotar\u0142. Bardzo serdecznie dzi\u0119kuj\u0119 Markowi, a Was, Kochani, prosz\u0119, aby\u015bcie wpierali Jego prac\u0119 na dalekiej Syberii swoj\u0105 modlitw\u0105.<\/div>\n<div class=\"MsoNormal\" style=\"margin-bottom: 0.0001pt; text-align: justify;\">&nbsp;&nbsp;&nbsp;&nbsp;&nbsp;&nbsp;&nbsp;&nbsp;&nbsp; Gaudium et spes!&nbsp; Ks. Jacek<b><br \/>\n<\/b><\/div>\n<div class=\"MsoNormal\" style=\"margin-bottom: 0.0001pt; text-align: justify;\">\n<\/div>\n<div class=\"MsoNormal\" style=\"margin-bottom: 0.0001pt; text-align: justify;\"><b>Wspomnienie \u015awi\u0119tych M\u0119czennik\u00f3w<\/b><\/div>\n<div class=\"MsoNormal\" style=\"margin-bottom: .0001pt; margin-bottom: 0cm; text-align: justify;\"><b style=\"mso-bidi-font-weight: normal;\">Korneliusza Papie\u017ca i Cypriana Biskupa,<\/b><\/div>\n<div class=\"MsoNormal\" style=\"margin-bottom: .0001pt; margin-bottom: 0cm; text-align: justify;\"><b style=\"mso-bidi-font-weight: normal;\">do czyta\u0144:&nbsp; 1 Tm 6,2c\u201312;&nbsp; \u0141k 8,1\u20133<\/b><\/div>\n<div style=\"line-height: 115%; margin-bottom: .0001pt; margin: 0cm; text-align: justify;\">\n<\/div>\n<div style=\"line-height: 115%; margin-bottom: .0001pt; margin: 0cm; text-align: justify; text-indent: 35.4pt;\">Czasem zastanawiamy si\u0119 \u2013 co to jest Ko\u015bci\u00f3\u0142? Wielu ludzi, nawet nie zwi\u0105zanych z Ko\u015bcio\u0142em ma swoje zdanie, dyskutuje \u2013 jaki powinien by\u0107 Ko\u015bci\u00f3\u0142 i czego w Ko\u015bciele jeszcze brakuje. Dyskutuj\u0105 o celibacie ksi\u0119\u017cy, o roli papie\u017ca, o pieni\u0105dzach, sk\u0105d si\u0119 bior\u0105, po co pieni\u0105dze w Ko\u015bciele, o relacji Ko\u015bcio\u0142a i polityki\u2026 Wiele przer\u00f3\u017cnych temat\u00f3w, problem\u00f3w, pyta\u0144.<\/div>\n<div style=\"line-height: 115%; margin-bottom: .0001pt; margin: 0cm; text-align: justify; text-indent: 35.4pt;\">I w tych licznych pytaniach, problemach cz\u0119sto zapominamy o tym, co stanowi podstawowy sens Ko\u015bcio\u0142a, czym jest Ko\u015bci\u00f3\u0142 i po co jest.<\/div>\n<div style=\"line-height: 115%; margin-bottom: .0001pt; margin: 0cm; text-align: justify; text-indent: 35.4pt;\">I oto dzi\u015b czytamy kr\u00f3tki fragment Ewangelii, i tak na pierwszy rzut oka wydaje si\u0119, \u017ce nic tam si\u0119 nie dzieje. Taki b\u0142ogi spok\u00f3j. Po prostu Jezus chodzi sobie a za Nim ludzie.<\/div>\n<div style=\"line-height: 115%; margin-bottom: .0001pt; margin: 0cm; text-align: justify;\">Ale ten fragment pokazuje pi\u0119kny obraz Ko\u015bcio\u0142a, pokazuje sens Ko\u015bcio\u0142a, pokazuje to, co w Ko\u015bciele jest najwa\u017cniejsze. <\/div>\n<div style=\"line-height: 115%; margin-bottom: .0001pt; margin: 0cm; text-align: justify;\">Jezus przechodzi z jednego miejsca na drugie, jak czytamy \u2013 <b style=\"mso-bidi-font-weight: normal;\"><i style=\"mso-bidi-font-style: normal;\">Jezus w\u0119drowa\u0142 przez miasta i wsie, nauczaj\u0105c i g\u0142osz\u0105c Ewangeli\u0119 o kr\u00f3lestwie Bo\u017cym<\/i><\/b>\u2026 Ale nie chodzi\u0142 sam. Dalej czytamy \u2013 <i style=\"mso-bidi-font-style: normal;\">A by\u0142o z Nim Dwunastu oraz kilka kobiet.<\/i><\/div>\n<div style=\"line-height: 115%; margin-bottom: .0001pt; margin: 0cm; text-align: justify; text-indent: 35.4pt;\">Dwunastu i kilka kobiet\u2026 W tej ma\u0142ej wsp\u00f3lnocie kt\u00f3ra sz\u0142a za Jezusem, wszyscy mogli znale\u017a\u0107 swoje miejsce. Byli tam i Aposto\u0142owie i \u015bwieccy, i m\u0119\u017cczy\u017ani i kobiety, i prawie \u015bwi\u0119ci, i ci kt\u00f3rych uwolni\u0142 od z\u0142ych duch\u00f3w. Ka\u017cdy m\u00f3g\u0142 tam odnale\u017a\u0107 swoje miejsce. <\/div>\n<div style=\"line-height: 115%; margin-bottom: .0001pt; margin: 0cm; text-align: justify; text-indent: 35.4pt;\">Jeden warunek \u2013 i\u015b\u0107 za Jezusem. By\u0107 razem z Nim. Dok\u0105d szed\u0142 Jezus, szli i oni. Patrzyli na Jezusa, s\u0142uchali, co i jak g\u0142osi\u0142; obserwowali, jak \u017cy\u0142. <\/div>\n<div style=\"line-height: 115%; margin-bottom: .0001pt; margin: 0cm; text-align: justify; text-indent: 35.4pt;\">Oni te\u017c Jemu i Ko\u015bcio\u0142owi s\u0142u\u017cyli. Szczeg\u00f3lnie o kobietach czytamy \u2013 najpierw kilka imion \u2013 a potem: <i style=\"mso-bidi-font-style: normal;\">i wiele innych, kt\u00f3re im <b style=\"mso-bidi-font-weight: normal;\">us\u0142ugiwa\u0142y<\/b> ze swego mienia. <\/i><\/div>\n<div style=\"line-height: 115%; margin-bottom: .0001pt; margin: 0cm; text-align: justify; text-indent: 35.4pt;\">Aposto\u0142owie s\u0142u\u017cyli jak Aposto\u0142owie, kobiety jak kobiety. Ka\u017cdy mia\u0142 tam swoje miejsce, ka\u017cdy mia\u0142 swoj\u0105 rol\u0119. Ta wsp\u00f3lnota przypomina\u0142a pi\u0119kn\u0105 rodzin\u0119, w kt\u00f3rej ka\u017cdy ma swoje miejsce, swoj\u0105 rol\u0119, swoje zadania, i ka\u017cdy czuje si\u0119 w niej potrzebny i szcz\u0119\u015bliwy. <\/div>\n<div style=\"line-height: 115%; margin-bottom: .0001pt; margin: 0cm; text-align: justify; text-indent: 35.4pt;\">I to jest najwa\u017cniejsze, co mo\u017cemy powiedzie\u0107 o Ko\u015bciele \u2013 to wsp\u00f3lnota, kt\u00f3ra idzie za Jezusem, na\u015bladuje Jezusa, kt\u00f3ra zawsze jest razem z Nim. To wsp\u00f3lnota, kt\u00f3ra wskazuje na Jezusa i uczy Go na\u015bladowa\u0107. Je\u015bli nie b\u0119dziemy patrzyli na Jezusa, nie b\u0119dziemy Go s\u0142ucha\u0107, by\u0107 z Nim, s\u0142u\u017cy\u0107 Mu \u2013 Jemu, Bogu, Jezusowi Chrystusowi \u2013 Ko\u015bci\u00f3\u0142 traci sens.<\/div>\n<div style=\"line-height: 115%; margin-bottom: .0001pt; margin: 0cm; text-align: justify; text-indent: 35.4pt;\">Dlatego na Ko\u015bci\u00f3\u0142 najcz\u0119\u015bciej narzekaj\u0105 ci, kt\u00f3rzy z Ko\u015bcio\u0142em nie maj\u0105 nic wsp\u00f3lnego, albo kt\u00f3rzy s\u0142abo uczestnicz\u0105 w \u017cyciu Ko\u015bcio\u0142a, kt\u00f3rzy w Ko\u015bciele nie znale\u017ali Jezusa, albo i Go nie szukaj\u0105. <\/div>\n<div style=\"line-height: 115%; margin-bottom: .0001pt; margin: 0cm; text-align: justify; text-indent: 35.4pt;\">Oni nie znaj\u0105 najwa\u017cniejszego sensu Ko\u015bcio\u0142a, dlatego skupiaj\u0105 si\u0119 na drugoplanowych drobiazgach i pr\u00f3buj\u0105 z nich zrobi\u0107 cel. To nieporozumienie, to niezrozumienie Ko\u015bcio\u0142a.<\/div>\n<div style=\"line-height: 115%; margin-bottom: .0001pt; margin: 0cm; text-align: justify; text-indent: 35.4pt;\">Dlatego dzi\u015b w pierwszym czytaniu s\u0142yszymy: <i style=\"mso-bidi-font-style: normal;\">korzeniem wszelkiego z\u0142a jest chciwo\u015b\u0107 pieni\u0119dzy. Za nimi to uganiaj\u0105c si\u0119, niekt\u00f3rzy zab\u0142\u0105kali si\u0119 z dala od wiary i siebie samych przeszyli wielu bole\u015bciami. <b style=\"mso-bidi-font-weight: normal;\">Ty natomiast, o cz\u0142owiecze Bo\u017cy, uciekaj od tego rodzaju rzeczy<\/b>, a pod\u0105\u017caj za sprawiedliwo\u015bci\u0105, pobo\u017cno\u015bci\u0105, wiar\u0105, mi\u0142o\u015bci\u0105, wytrwa\u0142o\u015bci\u0105, \u0142agodno\u015bci\u0105! <b style=\"mso-bidi-font-weight: normal;\">Walcz w dobrych zawodach o wiar\u0119, zdob\u0105d\u017a \u017cycie wieczne<\/b>: do niego zosta\u0142e\u015b powo\u0142any i <\/i>[o nim]<i style=\"mso-bidi-font-style: normal;\"> z\u0142o\u017cy\u0142e\u015b dobre wyznanie wobec wielu \u015bwiadk\u00f3w.<\/i><\/div>\n<div style=\"line-height: 115%; margin-bottom: .0001pt; margin: 0cm; text-align: justify; text-indent: 35.4pt;\">Widzimy, \u017ce te problemy, o kt\u00f3rych dzi\u015b si\u0119 rozmawia, dotycz\u0105ce Ko\u015bcio\u0142a, by\u0142y zawsze, to nic nowego. Ju\u017c bowiem Pawe\u0142 Aposto\u0142 pisa\u0142: <b style=\"mso-bidi-font-weight: normal;\"><i style=\"mso-bidi-font-style: normal;\">Ty natomiast, o cz\u0142owiecze Bo\u017cy, uciekaj od tego rodzaju rzeczy<\/i><\/b><i style=\"mso-bidi-font-style: normal;\">,<\/i> a <i style=\"mso-bidi-font-style: normal;\">pod\u0105\u017caj za sprawiedliwo\u015bci\u0105, pobo\u017cno\u015bci\u0105, wiar\u0105, mi\u0142o\u015bci\u0105, wytrwa\u0142o\u015bci\u0105, \u0142agodno\u015bci\u0105! <b style=\"mso-bidi-font-weight: normal;\">Walcz w dobrych zawodach o wiar\u0119, zdob\u0105d\u017a \u017cycie wieczne<\/b>: do niego zosta\u0142e\u015b powo\u0142any\u2026<\/i><\/div>\n<div style=\"line-height: 115%; margin-bottom: .0001pt; margin: 0cm; text-align: justify; text-indent: 35.4pt;\">My\u015bmy w tym roku, w czasie letnich rekolekcji dla ma\u0142\u017ce\u0144stw i dla m\u0142odzie\u017cy, spogl\u0105dali na przyk\u0142ad B\u0142ogos\u0142awionego Jana Paw\u0142a II i zauwa\u017cyli\u015bmy, \u017ce on najwi\u0119cej, najd\u0142u\u017cej modli\u0142 si\u0119 rano. Najwi\u0119cej czasu na modlitw\u0119 po\u015bwi\u0119ca\u0142 rano. To tak, jakby pyta\u0142 Boga \u2013 co dzi\u015b mam robi\u0107, dok\u0105d i\u015b\u0107? On nie robi\u0142 tego, co sam chcia\u0142, ale to co chcia\u0142 B\u00f3g. I my, je\u015bli chcemy i\u015b\u0107 za Jezusem, na\u015bladowa\u0107 Go, i\u015b\u0107 jako jeden Ko\u015bci\u00f3\u0142, jak jedna rodzina, powinni\u015bmy zawsze pyta\u0107 Boga \u2013 co mam robi\u0107? Dok\u0105d i\u015b\u0107? Jaka jest Twoja wola? Powinni\u015bmy od takich pyta\u0144 zaczyna\u0107 nasz dzie\u0144, a potem ca\u0142y dzie\u0144 odpowiada\u0107 Bogu. <\/div>\n<div style=\"line-height: 115%; margin-bottom: .0001pt; margin: 0cm; text-align: justify; text-indent: 35.4pt;\">Dzi\u015b wspominamy dw\u00f3ch wielkich \u015bwi\u0119tych Korneliusza \u2013 papie\u017ca i Cypriana \u2013 biskupa, kt\u00f3rzy \u017cyli w III wieku i pi\u0119knie organizowali i jednoczyli Ko\u015bci\u00f3\u0142. Potem te\u017c oddali \u017cycie za Ko\u015bci\u00f3\u0142. Pi\u0119kne jest \u015bwiadectwo m\u0119cze\u0144stwa \u015bw. Cypriana, kt\u00f3remu przed wyrokiem \u015bmierci proponowano, \u017ceby si\u0119 zastanowi\u0142. On odpowiedzia\u0142: \u201eCzy\u0144 co ci polecono. W rzeczy tak s\u0142usznej nie potrzeba si\u0119 zastanawia\u0107\u201d. Wtedy wydano na niego wyrok. I dalej czytamy \u2013 Na wie\u015b\u0107 o wyroku, rzesza braci wo\u0142a\u0142a: \u201eI my tak\u017ce chcemy umrze\u0107 razem z nim\u201d. Powsta\u0142o zamieszanie i ca\u0142y t\u0142um ruszy\u0142 za nim.<\/div>\n<div class=\"MsoNormal\" style=\"margin-bottom: .0001pt; margin-bottom: 0cm; text-align: justify; text-indent: 35.4pt;\">Ten przyk\u0142ad zosta\u0142 wykorzystany przez Kardyna\u0142a Van Thuana w jego Rekolekcjach Watyka\u0144skich, w 2000 roku. Autor wskazuj\u0105c na ten przyk\u0142ad \u015bw. Cypriana, radzi klerykom: \u201eW moim bardzo d\u0142ugim ju\u017c i burzliwym \u017cyciu zaobserwowa\u0142em pewien fakt: je\u015bli wiernie, krok za krokiem, post\u0119puj\u0119 za Jezusem, On zawsze doprowadza mnie do celu. B\u0119dziecie w\u0119drowa\u0107 po rozmaitych, nieprzewidywalnych \u015bcie\u017ckach, czasami popl\u0105tanych, ciemnych dramatycznych, ale zawsze ufajcie: jeste\u015bcie z Jezusem! Zdajcie si\u0119 ca\u0142kowicie na Niego, z\u0142\u00f3\u017ccie na Niego wszelkie wasze troski i niepokoje. Nie martwcie si\u0119, jak przyci\u0105gn\u0105\u0107 t\u0142umy. B\u0105d\u017acie pewni: je\u015bli b\u0119dziecie szli za Jezusem, ludzie p\u00f3jd\u0105 za wami.\u201d <\/div>\n<div style=\"line-height: 115%; margin-bottom: .0001pt; margin: 0cm; text-align: justify;\">\n<\/div>\n<div style=\"line-height: 115%; margin-bottom: .0001pt; margin-bottom: 0cm; margin-left: 36.0pt; margin-right: 0cm; margin-top: 0cm; mso-list: l0 level1 lfo1; tab-stops: list 36.0pt; text-align: justify; text-indent: -18.0pt;\">\u00b7&nbsp;&nbsp;&nbsp;&nbsp;&nbsp;&nbsp;&nbsp; Jaka jest moja poranna modlitwa?<\/div>\n<div style=\"line-height: 115%; margin-bottom: .0001pt; margin-bottom: 0cm; margin-left: 36.0pt; margin-right: 0cm; margin-top: 0cm; mso-list: l0 level1 lfo1; tab-stops: list 36.0pt; text-align: justify; text-indent: -18.0pt;\">\u00b7&nbsp;&nbsp;&nbsp;&nbsp;&nbsp;&nbsp;&nbsp; Jakie jest moje miejsce w Ko\u015bciele?<\/div>\n<div style=\"line-height: 115%; margin-bottom: .0001pt; margin-bottom: 0cm; margin-left: 36.0pt; margin-right: 0cm; margin-top: 0cm; mso-list: l0 level1 lfo1; tab-stops: list 36.0pt; text-align: justify; text-indent: -18.0pt;\">\u00b7&nbsp;&nbsp;&nbsp;&nbsp;&nbsp;&nbsp;&nbsp; Jak ja s\u0142u\u017c\u0119 w Ko\u015bciele?<\/div>\n<div style=\"line-height: 115%; margin-bottom: .0001pt; margin-bottom: 0cm; margin-left: 36.0pt; margin-right: 0cm; margin-top: 0cm; mso-list: l0 level1 lfo1; tab-stops: list 36.0pt; text-align: justify; text-indent: -18.0pt;\">\u00b7&nbsp;&nbsp;&nbsp;&nbsp;&nbsp;&nbsp;&nbsp; Czy nie zapominam, \u017ce by\u0107 w Ko\u015bciele, to i\u015b\u0107 za Jezusem?<\/div>\n<div class=\"MsoNormal\" style=\"margin-bottom: .0001pt; margin-bottom: 0cm; text-align: justify;\">\n<\/div>\n","protected":false},"excerpt":{"rendered":"<p>Szcz\u0119\u015b\u0107 Bo\u017ce! Z wielk\u0105 rado\u015bci\u0105 zapraszam do&nbsp; refleksji nad dzisiejszym S\u0142owem Bo\u017cym, z pomoc\u0105 rozwa\u017cania, napisanego i przes\u0142anego mi dzisiaj rano z Tomska przez mojego Brata, Ksi\u0119dza Marka. Mam obietnic\u0119, \u017ce to nie jest ostatni tekst, kt\u00f3ry t\u0105 drog\u0105 i w ten spos\u00f3b dotar\u0142. Bardzo serdecznie dzi\u0119kuj\u0119 Markowi, a Was, Kochani, prosz\u0119, aby\u015bcie wpierali Jego [&hellip;]<\/p>\n","protected":false},"author":1,"featured_media":0,"comment_status":"open","ping_status":"open","sticky":false,"template":"","format":"standard","meta":{"jetpack_post_was_ever_published":false,"_jetpack_newsletter_access":"","_jetpack_dont_email_post_to_subs":false,"_jetpack_newsletter_tier_id":0,"_jetpack_memberships_contains_paywalled_content":false,"_jetpack_memberships_contains_paid_content":false,"footnotes":""},"categories":[1],"tags":[],"class_list":["post-9731","post","type-post","status-publish","format-standard","hentry","category-bez-kategorii"],"yoast_head":"<!-- This site is optimized with the Yoast SEO plugin v25.1 - https:\/\/yoast.com\/wordpress\/plugins\/seo\/ -->\n<title>UWAGA! NIESPODZIANKA! S\u0141\u00d3WKO Z SYBERII! - Gaudium Et Spes<\/title>\n<meta name=\"robots\" content=\"index, follow, max-snippet:-1, max-image-preview:large, max-video-preview:-1\" \/>\n<link rel=\"canonical\" href=\"https:\/\/gaudiumetspes-blog.pl\/index.php\/2011\/09\/16\/uwaga-niespodzianka-sowko-z-syberii\/\" \/>\n<meta property=\"og:locale\" content=\"pl_PL\" \/>\n<meta property=\"og:type\" content=\"article\" \/>\n<meta property=\"og:title\" content=\"UWAGA! NIESPODZIANKA! S\u0141\u00d3WKO Z SYBERII! - Gaudium Et Spes\" \/>\n<meta property=\"og:description\" content=\"Szcz\u0119\u015b\u0107 Bo\u017ce! Z wielk\u0105 rado\u015bci\u0105 zapraszam do&nbsp; refleksji nad dzisiejszym S\u0142owem Bo\u017cym, z pomoc\u0105 rozwa\u017cania, napisanego i przes\u0142anego mi dzisiaj rano z Tomska przez mojego Brata, Ksi\u0119dza Marka. Mam obietnic\u0119, \u017ce to nie jest ostatni tekst, kt\u00f3ry t\u0105 drog\u0105 i w ten spos\u00f3b dotar\u0142. Bardzo serdecznie dzi\u0119kuj\u0119 Markowi, a Was, Kochani, prosz\u0119, aby\u015bcie wpierali Jego [&hellip;]\" \/>\n<meta property=\"og:url\" content=\"https:\/\/gaudiumetspes-blog.pl\/index.php\/2011\/09\/16\/uwaga-niespodzianka-sowko-z-syberii\/\" \/>\n<meta property=\"og:site_name\" content=\"Gaudium Et Spes\" \/>\n<meta property=\"article:published_time\" content=\"2011-09-16T06:23:00+00:00\" \/>\n<meta property=\"article:modified_time\" content=\"2019-07-31T10:52:38+00:00\" \/>\n<meta name=\"author\" content=\"Ks. Jacek\" \/>\n<meta name=\"twitter:card\" content=\"summary_large_image\" \/>\n<meta name=\"twitter:label1\" content=\"Napisane przez\" \/>\n\t<meta name=\"twitter:data1\" content=\"Ks. Jacek\" \/>\n\t<meta name=\"twitter:label2\" content=\"Szacowany czas czytania\" \/>\n\t<meta name=\"twitter:data2\" content=\"6 minut\" \/>\n<script type=\"application\/ld+json\" class=\"yoast-schema-graph\">{\"@context\":\"https:\/\/schema.org\",\"@graph\":[{\"@type\":\"WebPage\",\"@id\":\"https:\/\/gaudiumetspes-blog.pl\/index.php\/2011\/09\/16\/uwaga-niespodzianka-sowko-z-syberii\/\",\"url\":\"https:\/\/gaudiumetspes-blog.pl\/index.php\/2011\/09\/16\/uwaga-niespodzianka-sowko-z-syberii\/\",\"name\":\"UWAGA! NIESPODZIANKA! S\u0141\u00d3WKO Z SYBERII! - Gaudium Et Spes\",\"isPartOf\":{\"@id\":\"https:\/\/gaudiumetspes-blog.pl\/#website\"},\"datePublished\":\"2011-09-16T06:23:00+00:00\",\"dateModified\":\"2019-07-31T10:52:38+00:00\",\"author\":{\"@id\":\"https:\/\/gaudiumetspes-blog.pl\/#\/schema\/person\/1661982992b752dea8dff0d4ed845a65\"},\"breadcrumb\":{\"@id\":\"https:\/\/gaudiumetspes-blog.pl\/index.php\/2011\/09\/16\/uwaga-niespodzianka-sowko-z-syberii\/#breadcrumb\"},\"inLanguage\":\"pl-PL\",\"potentialAction\":[{\"@type\":\"ReadAction\",\"target\":[\"https:\/\/gaudiumetspes-blog.pl\/index.php\/2011\/09\/16\/uwaga-niespodzianka-sowko-z-syberii\/\"]}]},{\"@type\":\"BreadcrumbList\",\"@id\":\"https:\/\/gaudiumetspes-blog.pl\/index.php\/2011\/09\/16\/uwaga-niespodzianka-sowko-z-syberii\/#breadcrumb\",\"itemListElement\":[{\"@type\":\"ListItem\",\"position\":1,\"name\":\"Strona g\u0142\u00f3wna\",\"item\":\"https:\/\/gaudiumetspes-blog.pl\/\"},{\"@type\":\"ListItem\",\"position\":2,\"name\":\"UWAGA! NIESPODZIANKA! S\u0141\u00d3WKO Z&nbsp;SYBERII!\"}]},{\"@type\":\"WebSite\",\"@id\":\"https:\/\/gaudiumetspes-blog.pl\/#website\",\"url\":\"https:\/\/gaudiumetspes-blog.pl\/\",\"name\":\"Gaudium Et Spes\",\"description\":\"Blog Ks. Jacka Ja\u015bkowskiego\",\"potentialAction\":[{\"@type\":\"SearchAction\",\"target\":{\"@type\":\"EntryPoint\",\"urlTemplate\":\"https:\/\/gaudiumetspes-blog.pl\/?s={search_term_string}\"},\"query-input\":{\"@type\":\"PropertyValueSpecification\",\"valueRequired\":true,\"valueName\":\"search_term_string\"}}],\"inLanguage\":\"pl-PL\"},{\"@type\":\"Person\",\"@id\":\"https:\/\/gaudiumetspes-blog.pl\/#\/schema\/person\/1661982992b752dea8dff0d4ed845a65\",\"name\":\"Ks. Jacek\",\"image\":{\"@type\":\"ImageObject\",\"inLanguage\":\"pl-PL\",\"@id\":\"https:\/\/gaudiumetspes-blog.pl\/#\/schema\/person\/image\/\",\"url\":\"https:\/\/gaudiumetspes-blog.pl\/wp-content\/uploads\/2019\/07\/avatar-JJ-150x150.jpg\",\"contentUrl\":\"https:\/\/gaudiumetspes-blog.pl\/wp-content\/uploads\/2019\/07\/avatar-JJ-150x150.jpg\",\"caption\":\"Ks. Jacek\"},\"description\":\"Witam serdecznie! K\u0142ania si\u0119 Ks. Jacek Ja\u015bkowski. Nie jestem ani kim\u015b wa\u017cnym, ani kim\u015b znanym. Jestem ksi\u0119dzem, kt\u00f3ry po prostu chce rozmawia\u0107. Codzienna kap\u0142a\u0144ska pos\u0142uga pokazuje mi, \u017ce temat\u00f3w do rozm\u00f3w z ksi\u0119dzem jest coraz wi\u0119cej i dzisiaj \u017caden ksi\u0105dz nie mo\u017ce od nich ucieka\u0107, ale - wprost przeciwnie - podejmowa\u0107 nowe wyzwania. To przekonanie sk\u0142oni\u0142o mnie do pr\u00f3by otwarcia tego\u017c bloga, chocia\u017c okazji do rozm\u00f3w na co dzie\u0144 - w konfesjonale i poza nim - na szcz\u0119\u015bcie nie brakuje. My\u015bl\u0119 jednak, \u017ce ten blog b\u0119dzie jeszcze jednym sposobem i przestrzeni\u0105 nawi\u0105zania kontaktu z lud\u017ami dobrej woli, otwartymi na dialog.\",\"url\":\"https:\/\/gaudiumetspes-blog.pl\/index.php\/author\/ks-jacek\/\"}]}<\/script>\n<!-- \/ Yoast SEO plugin. -->","yoast_head_json":{"title":"UWAGA! NIESPODZIANKA! S\u0141\u00d3WKO Z SYBERII! - Gaudium Et Spes","robots":{"index":"index","follow":"follow","max-snippet":"max-snippet:-1","max-image-preview":"max-image-preview:large","max-video-preview":"max-video-preview:-1"},"canonical":"https:\/\/gaudiumetspes-blog.pl\/index.php\/2011\/09\/16\/uwaga-niespodzianka-sowko-z-syberii\/","og_locale":"pl_PL","og_type":"article","og_title":"UWAGA! NIESPODZIANKA! S\u0141\u00d3WKO Z SYBERII! - Gaudium Et Spes","og_description":"Szcz\u0119\u015b\u0107 Bo\u017ce! Z wielk\u0105 rado\u015bci\u0105 zapraszam do&nbsp; refleksji nad dzisiejszym S\u0142owem Bo\u017cym, z pomoc\u0105 rozwa\u017cania, napisanego i przes\u0142anego mi dzisiaj rano z Tomska przez mojego Brata, Ksi\u0119dza Marka. Mam obietnic\u0119, \u017ce to nie jest ostatni tekst, kt\u00f3ry t\u0105 drog\u0105 i w ten spos\u00f3b dotar\u0142. Bardzo serdecznie dzi\u0119kuj\u0119 Markowi, a Was, Kochani, prosz\u0119, aby\u015bcie wpierali Jego [&hellip;]","og_url":"https:\/\/gaudiumetspes-blog.pl\/index.php\/2011\/09\/16\/uwaga-niespodzianka-sowko-z-syberii\/","og_site_name":"Gaudium Et Spes","article_published_time":"2011-09-16T06:23:00+00:00","article_modified_time":"2019-07-31T10:52:38+00:00","author":"Ks. Jacek","twitter_card":"summary_large_image","twitter_misc":{"Napisane przez":"Ks. Jacek","Szacowany czas czytania":"6 minut"},"schema":{"@context":"https:\/\/schema.org","@graph":[{"@type":"WebPage","@id":"https:\/\/gaudiumetspes-blog.pl\/index.php\/2011\/09\/16\/uwaga-niespodzianka-sowko-z-syberii\/","url":"https:\/\/gaudiumetspes-blog.pl\/index.php\/2011\/09\/16\/uwaga-niespodzianka-sowko-z-syberii\/","name":"UWAGA! NIESPODZIANKA! S\u0141\u00d3WKO Z SYBERII! - Gaudium Et Spes","isPartOf":{"@id":"https:\/\/gaudiumetspes-blog.pl\/#website"},"datePublished":"2011-09-16T06:23:00+00:00","dateModified":"2019-07-31T10:52:38+00:00","author":{"@id":"https:\/\/gaudiumetspes-blog.pl\/#\/schema\/person\/1661982992b752dea8dff0d4ed845a65"},"breadcrumb":{"@id":"https:\/\/gaudiumetspes-blog.pl\/index.php\/2011\/09\/16\/uwaga-niespodzianka-sowko-z-syberii\/#breadcrumb"},"inLanguage":"pl-PL","potentialAction":[{"@type":"ReadAction","target":["https:\/\/gaudiumetspes-blog.pl\/index.php\/2011\/09\/16\/uwaga-niespodzianka-sowko-z-syberii\/"]}]},{"@type":"BreadcrumbList","@id":"https:\/\/gaudiumetspes-blog.pl\/index.php\/2011\/09\/16\/uwaga-niespodzianka-sowko-z-syberii\/#breadcrumb","itemListElement":[{"@type":"ListItem","position":1,"name":"Strona g\u0142\u00f3wna","item":"https:\/\/gaudiumetspes-blog.pl\/"},{"@type":"ListItem","position":2,"name":"UWAGA! NIESPODZIANKA! S\u0141\u00d3WKO Z&nbsp;SYBERII!"}]},{"@type":"WebSite","@id":"https:\/\/gaudiumetspes-blog.pl\/#website","url":"https:\/\/gaudiumetspes-blog.pl\/","name":"Gaudium Et Spes","description":"Blog Ks. Jacka Ja\u015bkowskiego","potentialAction":[{"@type":"SearchAction","target":{"@type":"EntryPoint","urlTemplate":"https:\/\/gaudiumetspes-blog.pl\/?s={search_term_string}"},"query-input":{"@type":"PropertyValueSpecification","valueRequired":true,"valueName":"search_term_string"}}],"inLanguage":"pl-PL"},{"@type":"Person","@id":"https:\/\/gaudiumetspes-blog.pl\/#\/schema\/person\/1661982992b752dea8dff0d4ed845a65","name":"Ks. Jacek","image":{"@type":"ImageObject","inLanguage":"pl-PL","@id":"https:\/\/gaudiumetspes-blog.pl\/#\/schema\/person\/image\/","url":"https:\/\/gaudiumetspes-blog.pl\/wp-content\/uploads\/2019\/07\/avatar-JJ-150x150.jpg","contentUrl":"https:\/\/gaudiumetspes-blog.pl\/wp-content\/uploads\/2019\/07\/avatar-JJ-150x150.jpg","caption":"Ks. Jacek"},"description":"Witam serdecznie! K\u0142ania si\u0119 Ks. Jacek Ja\u015bkowski. Nie jestem ani kim\u015b wa\u017cnym, ani kim\u015b znanym. Jestem ksi\u0119dzem, kt\u00f3ry po prostu chce rozmawia\u0107. Codzienna kap\u0142a\u0144ska pos\u0142uga pokazuje mi, \u017ce temat\u00f3w do rozm\u00f3w z ksi\u0119dzem jest coraz wi\u0119cej i dzisiaj \u017caden ksi\u0105dz nie mo\u017ce od nich ucieka\u0107, ale - wprost przeciwnie - podejmowa\u0107 nowe wyzwania. To przekonanie sk\u0142oni\u0142o mnie do pr\u00f3by otwarcia tego\u017c bloga, chocia\u017c okazji do rozm\u00f3w na co dzie\u0144 - w konfesjonale i poza nim - na szcz\u0119\u015bcie nie brakuje. My\u015bl\u0119 jednak, \u017ce ten blog b\u0119dzie jeszcze jednym sposobem i przestrzeni\u0105 nawi\u0105zania kontaktu z lud\u017ami dobrej woli, otwartymi na dialog.","url":"https:\/\/gaudiumetspes-blog.pl\/index.php\/author\/ks-jacek\/"}]}},"jetpack_featured_media_url":"","jetpack_sharing_enabled":true,"_links":{"self":[{"href":"https:\/\/gaudiumetspes-blog.pl\/index.php\/wp-json\/wp\/v2\/posts\/9731","targetHints":{"allow":["GET"]}}],"collection":[{"href":"https:\/\/gaudiumetspes-blog.pl\/index.php\/wp-json\/wp\/v2\/posts"}],"about":[{"href":"https:\/\/gaudiumetspes-blog.pl\/index.php\/wp-json\/wp\/v2\/types\/post"}],"author":[{"embeddable":true,"href":"https:\/\/gaudiumetspes-blog.pl\/index.php\/wp-json\/wp\/v2\/users\/1"}],"replies":[{"embeddable":true,"href":"https:\/\/gaudiumetspes-blog.pl\/index.php\/wp-json\/wp\/v2\/comments?post=9731"}],"version-history":[{"count":1,"href":"https:\/\/gaudiumetspes-blog.pl\/index.php\/wp-json\/wp\/v2\/posts\/9731\/revisions"}],"predecessor-version":[{"id":10352,"href":"https:\/\/gaudiumetspes-blog.pl\/index.php\/wp-json\/wp\/v2\/posts\/9731\/revisions\/10352"}],"wp:attachment":[{"href":"https:\/\/gaudiumetspes-blog.pl\/index.php\/wp-json\/wp\/v2\/media?parent=9731"}],"wp:term":[{"taxonomy":"category","embeddable":true,"href":"https:\/\/gaudiumetspes-blog.pl\/index.php\/wp-json\/wp\/v2\/categories?post=9731"},{"taxonomy":"post_tag","embeddable":true,"href":"https:\/\/gaudiumetspes-blog.pl\/index.php\/wp-json\/wp\/v2\/tags?post=9731"}],"curies":[{"name":"wp","href":"https:\/\/api.w.org\/{rel}","templated":true}]}}