{"id":9734,"date":"2011-09-13T07:56:00","date_gmt":"2011-09-13T05:56:00","guid":{"rendered":"https:\/\/gaudiumetspes-blog.pl\/index.php\/2011\/09\/13\/wielki-prorok-powsta-miedzy-nami\/"},"modified":"2019-07-31T12:52:37","modified_gmt":"2019-07-31T10:52:37","slug":"wielki-prorok-powsta-miedzy-nami","status":"publish","type":"post","link":"https:\/\/gaudiumetspes-blog.pl\/index.php\/2011\/09\/13\/wielki-prorok-powsta-miedzy-nami\/","title":{"rendered":"Wielki prorok powsta\u0142 mi\u0119dzy nami!"},"content":{"rendered":"<p><\/p>\n<div class=\"MsoNormal\" style=\"text-align: justify;\">Szcz\u0119\u015b\u0107 Bo\u017ce! Dzisiaj wpatrujemy si\u0119 w przyk\u0142ad \u015bwi\u0119to\u015bci Jana Chryzostoma &#8211; czyli Z\u0142otoustego. Niech ten jego przyk\u0142ad zach\u0119ca nas do inteligentnego \u015bwiadectwa, dawanego naszej wierze w Chrystusa. Serdecznie wszystkich pozdrawiam i zapewniam o modlitwie, szczeg\u00f3lnie o godzinie 20.00!<\/div>\n<div class=\"MsoNormal\" style=\"text-align: justify;\">&nbsp;&nbsp;&nbsp;&nbsp;&nbsp;&nbsp;&nbsp;&nbsp;&nbsp; Gaudium et spes!&nbsp; Ks. Jacek<b><br \/>\n<\/b><\/div>\n<div class=\"MsoNormal\" style=\"text-align: justify;\">\n<\/div>\n<div class=\"MsoNormal\" style=\"text-align: justify;\"><b>Wspomnienie \u015aw. Jana Chryzostoma, Biskupa i Doktora Ko\u015bcio\u0142a,<\/b><\/div>\n<div class=\"MsoNormal\" style=\"text-align: justify;\"><b style=\"mso-bidi-font-weight: normal;\">do czyta\u0144:&nbsp; 1 Tm 3,1\u201313;&nbsp; \u0141k 7,11\u201317<\/b><\/div>\n<div class=\"MsoNormal\" style=\"text-align: justify;\">\n<\/div>\n<div class=\"MsoNormal\" style=\"text-align: justify; text-indent: 35.4pt;\">Patron dnia dzisiejszego, <b style=\"mso-bidi-font-weight: normal;\">Jan, urodzi\u0142 si\u0119 oko\u0142o 349 roku w Antiochii.<\/b> Pochodzi\u0142 z mo\u017cnej rodziny. Jego ojciec by\u0142 oficerem cesarskim. Jednak wcze\u015bnie zmar\u0142. Dlatego wychowaniem syna zaj\u0119\u0142a si\u0119 matka, kt\u00f3ra <b style=\"mso-bidi-font-weight: normal;\">zapewni\u0142a mu wszechstronne wykszta\u0142cenie.<\/b> U jej boku Jan rozczytywa\u0142 si\u0119 w literaturze klasycznej. Ale te\u017c \u2013 trzeba przyzna\u0107 \u2013 lubi\u0142 rozrywk\u0119 i nie gardzi\u0142 m\u0142odzie\u0144czymi figlami. <\/div>\n<div class=\"MsoNormal\" style=\"text-align: justify; text-indent: 35.4pt;\"><b style=\"mso-bidi-font-weight: normal;\">Chrzest przyj\u0105\u0142 dopiero, gdy mia\u0142 dwadzie\u015bcia lat.<\/b> To by\u0142 punkt zwrotny w jego dotychczasowym \u017cyciu. Zapragn\u0105\u0142 wst\u0105pi\u0107 do stanu duchownego. Jednak\u017ce po \u015bmierci matki, w roku 372 opu\u015bci\u0142 Antiochi\u0119 <b style=\"mso-bidi-font-weight: normal;\">i uda\u0142 si\u0119 na pustkowie, by tam prowadzi\u0107 \u017cycie ascetyczne.<\/b> W jednej z grot prze\u017cy\u0142 na modlitwie cztery lata, ale zbyt surowe \u017cycie tak dalece nadwyr\u0119\u017cy\u0142o jego zdrowie, \u017ce musia\u0142 pustyni\u0119 opu\u015bci\u0107. Powr\u00f3ci\u0142 wi\u0119c do Antiochii, gdzie <b style=\"mso-bidi-font-weight: normal;\">w 385 roku, w wieku trzydziestu sze\u015bciu lat, przyj\u0105\u0142 \u015bwi\u0119cenia kap\u0142a\u0144skie.<\/b> <\/div>\n<div class=\"MsoNormal\" style=\"text-align: justify; text-indent: 35.4pt;\">I to w Antiochii w\u0142a\u015bnie, w roku 387 uda\u0142o si\u0119 mu wyciszy\u0107 rozruchy, jakie powsta\u0142y przeciwko cesarzowi, Teodozemu. Wskutek interwencji Jana, cesarz <b style=\"mso-bidi-font-weight: normal;\">og\u0142osi\u0142 amnesti\u0119 i zakaza\u0142 swojemu namiestnikowi represji, jakie planowa\u0142 wobec ludu za wywo\u0142ane zamieszanie.<\/b> To w\u0142a\u015bnie interwencja Jana zapobieg\u0142a tym\u017ce represjom, co zjedna\u0142o naszemu Patronowi wielk\u0105 wdzi\u0119czno\u015b\u0107 ludu. <\/div>\n<div class=\"MsoNormal\" style=\"text-align: justify; text-indent: 35.4pt;\"><b style=\"mso-bidi-font-weight: normal;\">W roku 397 zmar\u0142 \u00f3wczesny patriarcha Konstantynopola.<\/b> Urz\u0105d ten cesarz ofiarowa\u0142 Janowi. Konsekrowany na biskupa, z ca\u0142ym zapa\u0142em wzi\u0105\u0142 si\u0119 nasz Patron do pracy dla swojej owczarni. Na swoim biskupim dworze <b style=\"mso-bidi-font-weight: normal;\">zni\u00f3s\u0142 wszelki przepych, jakim dot\u0105d otaczali si\u0119 jego poprzednicy.<\/b> Zach\u0119ca\u0142 swoje duchowie\u0144stwo do podobnej reformy. <\/div>\n<div class=\"MsoNormal\" style=\"text-align: justify; text-indent: 35.4pt;\">Lud uj\u0105\u0142 sobie <b style=\"mso-bidi-font-weight: normal;\">wspania\u0142ymi kazaniami, jakie regularnie wyg\u0142asza\u0142, a jakich z czasem s\u0142ucha\u0142y ju\u017c t\u0142umy.<\/b> &nbsp;Troszczy\u0142 si\u0119 te\u017c o potrzeby ludu. Pi\u0119tnowa\u0142 nadu\u017cycia, nie szcz\u0119dz\u0105c tak\u017ce dworu cesarskiego. <b style=\"mso-bidi-font-weight: normal;\">Podni\u00f3s\u0142 splendor nabo\u017ce\u0144stw liturgicznych.<\/b> Dla ubogich i bezdomnych wystawia\u0142 gospody i schroniska. U\u017cyczy\u0142 azylu nawet ministrowi cesarskiemu, kiedy ten popad\u0142 w nie\u0142ask\u0119. Wysy\u0142a\u0142 misjonarzy na obszary obj\u0119te przez Arab\u00f3w. <\/div>\n<div class=\"MsoNormal\" style=\"text-align: justify; text-indent: 35.4pt;\">Jednak \u2013 co oczywiste \u2013 po jakim\u015b czasie dali zna\u0107 o sobie <b style=\"mso-bidi-font-weight: normal;\">przeciwnicy radykalnego patriarchy.<\/b> Duchowni diecezjalni mieli mu za z\u0142e, \u017ce <b style=\"mso-bidi-font-weight: normal;\">zbyt wiele od nich wymaga\u0142;<\/b> zakonnicy \u2013 \u017ce wprowadza\u0142 w klasztorach <b style=\"mso-bidi-font-weight: normal;\">pierwotn\u0105 dyscyplin\u0119 i surowo\u015b\u0107,<\/b> a zwalcza\u0142 rozlu\u017anienie. Najwi\u0119cej k\u0142opot\u00f3w wywo\u0142a\u0142o jednak to, \u017ce Jan zaatakowa\u0142 w swoich kazaniach zbyt swobodne \u017cycie dworu cesarskiego, <b style=\"mso-bidi-font-weight: normal;\">przede wszystkim \u2013 cesarzowej Eudoksji.<\/b> I to w\u0142a\u015bnie z jej polecenia usuni\u0119to Jana z urz\u0119du patriarchy i skazano na wygnanie. &nbsp;<b style=\"mso-bidi-font-weight: normal;\">Lud jednak tak gwa\u0142townie wyst\u0105pi\u0142 w obronie swego pasterza, \u017ce cesarzowa by\u0142a zmuszona natychmiast przywr\u00f3ci\u0107 biskupowi wolno\u015b\u0107.<\/b> <\/div>\n<div class=\"MsoNormal\" style=\"text-align: justify; text-indent: 35.4pt;\">Spok\u00f3j jednak trwa\u0142 kr\u00f3tko. Oto bowiem <b style=\"mso-bidi-font-weight: normal;\">cesarzowa kaza\u0142a wystawi\u0107 sobie pomnik przed sam\u0105 katedr\u0105,<\/b> a przy pomniku tym zacz\u0119to urz\u0105dza\u0107 krzykliwe festyny i zabawy, nie licuj\u0105ce ze \u015bwi\u0119tym miejscem. <b style=\"mso-bidi-font-weight: normal;\">Jan wyst\u0105pi\u0142 w kazaniach przeciwko temu z ca\u0142\u0105 stanowczo\u015bci\u0105.<\/b> W odwecie cesarzowa zwo\u0142a\u0142a do Konstantynopola synod swoich zwolennik\u00f3w. Synod ten ponownie odwo\u0142a\u0142 Jana ze stanowiska patriarchy, a cesarzowa \u2013 <b style=\"mso-bidi-font-weight: normal;\">w roku 404 \u2013 ponownie skaza\u0142a go na wygnanie.<\/b> Musia\u0142 znie\u015b\u0107 wiele szykan i niewyg\u00f3d, do kt\u00f3rych nale\u017cy zaliczy\u0107 surow\u0105 zim\u0119, jak\u0105 przysz\u0142o mu prze\u017cy\u0107 na wygnaniu. <\/div>\n<div class=\"MsoNormal\" style=\"text-align: justify; text-indent: 35.4pt;\"><b style=\"mso-bidi-font-weight: normal;\">Nie za\u0142ama\u0142 si\u0119 jednak!<\/b> Pisywa\u0142 listy do papie\u017ca i do ludzi wiernych sobie. Papie\u017c pi\u0119knym listem pochwali\u0142 bohaterstwo Jana i wys\u0142a\u0142 legat\u00f3w w jego obronie do Konstantynopola. Dw\u00f3r cesarski jednak ich nie przyj\u0105\u0142. <b style=\"mso-bidi-font-weight: normal;\">Zmar\u0142 nasz dzisiejszy Patron w dniu 14 wrze\u015bnia 407 roku. <\/b><\/div>\n<div class=\"MsoNormal\" style=\"text-align: justify; text-indent: 35.4pt;\">Pozostawi\u0142 po sobie <b style=\"mso-bidi-font-weight: normal;\">ogromn\u0105 spu\u015bcizn\u0119 literack\u0105.<\/b> Obok wspania\u0142ych m\u00f3w i szerokiej korespondencji, zachowa\u0142y si\u0119 teologiczne traktaty o naturze boskiej i ludzkiej Jezusa, o Eucharystii, o kap\u0142a\u0144stwie\u2026 &nbsp;Jego <b style=\"mso-bidi-font-weight: normal;\">wspania\u0142e kazania, kt\u00f3re zjedna\u0142y mu tytu\u0142 Chryzostoma, czyli Z\u0142otoustego,<\/b> s\u0105 w znacznej mierze komentarzem do Pisma \u015awi\u0119tego, szczeg\u00f3lnie \u2013 pism \u015awi\u0119tego Paw\u0142a Aposto\u0142a, za znawc\u0119 kt\u00f3rych Jan powszechnie by\u0142 uwa\u017cany. <\/div>\n<div class=\"MsoNormal\" style=\"text-align: justify; text-indent: 35.4pt;\">\u015awi\u0119ty Jan Chryzostom nale\u017cy do czterech wielkich doktor\u00f3w Ko\u015bcio\u0142a Wschodniego. Papie\u017c Pius V og\u0142osi\u0142 go \u2013 w roku 1568 \u2013 <b style=\"mso-bidi-font-weight: normal;\">doktorem Ko\u015bcio\u0142a Powszechnego.<\/b> Jest nasz \u015awi\u0119ty szczeg\u00f3lnym patronem kaznodziej\u00f3w.<\/div>\n<div class=\"MsoNormal\" style=\"text-align: justify; text-indent: 35.4pt;\">S\u0142uchaj\u0105c dzisiejszych czyta\u0144 mszalnych, w Li\u015bcie Paw\u0142a Aposto\u0142a do Tymoteusza odnajdujemy <b style=\"mso-bidi-font-weight: normal;\">wskazania dotycz\u0105ce postawy, jak\u0105 powinien przyj\u0105\u0107 ten, kto pragnie obj\u0105\u0107 urz\u0105d biskupa i diakona.<\/b> Jest to o tyle znamienne, i\u017c to dzisiejsze czytanie nie by\u0142o specjalnie \u201edobierane\u201d do wspomnienia Jana Chryzostoma, ale jest przeznaczone na wtorek dwudziestego czwartego tygodnia zwyk\u0142ego. Jednak doskonale \u2013 je\u015bli tak mo\u017cna powiedzie\u0107 \u2013 <b style=\"mso-bidi-font-weight: normal;\">\u201epasuje\u201d do tego\u017c wspomnienia,<\/b> pokazuje bowiem pewien idea\u0142, do jakiego powinien d\u0105\u017cy\u0107 ka\u017cdy biskup, ka\u017cdy pasterz, podejmuj\u0105cy si\u0119 odpowiedzialno\u015bci za zbawienie powierzonego sobie ludu. <\/div>\n<div class=\"MsoNormal\" style=\"text-align: justify; text-indent: 35.4pt;\">I kiedy by\u015bmy tak przy\u0142o\u017cyli \u017cyciorys dzisiejszego Patrona do tego wzorca, jaki Pawe\u0142 zarysowa\u0142 w swoim Li\u015bcie, to zobaczymy, <b style=\"mso-bidi-font-weight: normal;\">jak bardzo jedno odpowiada drugiemu.<\/b> Jak bardzo biskup Jan zrealizowa\u0142 ten idea\u0142 swoim \u017cyciem i swoim pasterzowaniem! I tak\u0105 <b style=\"mso-bidi-font-weight: normal;\">swoj\u0105 zwyczajn\u0105, ludzk\u0105 trosk\u0105 o drugiego cz\u0142owieka,<\/b> jako \u017cywo przypominaj\u0105c\u0105 trosk\u0119 Jezusa, wyra\u017con\u0105 dzisiaj wobec ubogiej wdowy z Nain, kt\u00f3rej<b style=\"mso-bidi-font-weight: normal;\"> wskrzesi\u0142 On jedynego syna.<\/b> <\/div>\n<div class=\"MsoNormal\" style=\"text-align: justify; text-indent: 35.4pt;\">To w\u0142a\u015bnie takimi idea\u0142ami winien kierowa\u0107 si\u0119 ka\u017cdy z biskup\u00f3w, ka\u017cdy z nas kap\u0142an\u00f3w, ale tak\u017ce ka\u017cdy, <b style=\"mso-bidi-font-weight: normal;\">kto jest w jakikolwiek spos\u00f3b odpowiedzialny za zbawienie innych.<\/b> A musimy pami\u0119ta\u0107, \u017ce na mocy Chrztu \u015awi\u0119tego <b style=\"mso-bidi-font-weight: normal;\">wszyscy jeste\u015bmy odpowiedzialni za siebie nawzajem,<\/b> a ju\u017c szczeg\u00f3lnie: rodzice i dziadkowie za swoje dzieci i wnuki, nauczyciele za swoich uczni\u00f3w, prze\u0142o\u017ceni za swoich podw\u0142adnych\u2026 Ale te\u017c przyjaciel za swego przyjaciela, rodze\u0144stwo i inni cz\u0142onkowie rodziny \u2013 za siebie nawzajem\u2026 <\/div>\n<div class=\"MsoNormal\" style=\"text-align: justify; text-indent: 35.4pt;\">I to w\u0142a\u015bnie my wszyscy, realizuj\u0105c t\u0119 odpowiedzialno\u015b\u0107, powinni\u015bmy \u2013 tak jak dzisiejszy Patron \u2013 u\u017cy\u0107 wszelkich swoich <b style=\"mso-bidi-font-weight: normal;\">talent\u00f3w i uzdolnie\u0144, ca\u0142ego swego zapa\u0142u i wszystkich si\u0142,<\/b> aby innych ostrzec przed z\u0142em i w\u0142asnym, dobrym przyk\u0142adem wskaza\u0107 <b style=\"mso-bidi-font-weight: normal;\">im w\u0142a\u015bciw\u0105 drog\u0119.<\/b> Nie poprzez nachalne i niezno\u015bne moralizowanie i pouczanie, ale poprzez <b style=\"mso-bidi-font-weight: normal;\">w\u0142asny przyk\u0142ad i umiej\u0119tne, inteligentne<\/b> <b style=\"mso-bidi-font-weight: normal;\">podj\u0119cie w rozmowie tych spraw<\/b> \u2013 w taki spos\u00f3b, aby innych nimi zainteresowa\u0107 i sprowokowa\u0107 do tw\u00f3rczego my\u015blenia. <\/div>\n<div class=\"MsoNormal\" style=\"text-align: justify; text-indent: 35.4pt;\">Z pewno\u015bci\u0105 b\u0119dzie tu chodzi\u0142o o \u015bwiadectwo wynikaj\u0105ce z osobistych prze\u017cy\u0107, a do tego \u2013 <b style=\"mso-bidi-font-weight: normal;\">\u015bwiadectwo pogodne, pe\u0142ne rado\u015bci, nadziei i optymizmu!<\/b> Bo tylko takie \u015bwiadectwo mo\u017ce kogo\u015b niezdecydowanego przekona\u0107 do wiary. A na pewno nie przekona do niej marsowa, surowa mina <b style=\"mso-bidi-font-weight: normal;\">i traktowanie innych z g\u00f3ry, jako grzesznik\u00f3w, kt\u00f3rych trzeba na si\u0142\u0119 nawraca\u0107.<\/b><\/div>\n<div class=\"MsoNormal\" style=\"text-align: justify; text-indent: 35.4pt;\">W tym kontek\u015bcie pomy\u015blmy:<\/div>\n<div class=\"MsoNormal\" style=\"margin-left: 36.0pt; mso-list: l0 level1 lfo1; tab-stops: list 36.0pt; text-align: justify; text-indent: -18.0pt;\">\u00b7&nbsp;&nbsp;&nbsp;&nbsp;&nbsp;&nbsp;&nbsp; W jaki spos\u00f3b upominam innych i zach\u0119cam do praktykowania wiary?<\/div>\n<div class=\"MsoNormal\" style=\"margin-left: 36.0pt; mso-list: l0 level1 lfo1; tab-stops: list 36.0pt; text-align: justify; text-indent: -18.0pt;\">\u00b7&nbsp;&nbsp;&nbsp;&nbsp;&nbsp;&nbsp;&nbsp; Czy moja postawa jest dla innych zach\u0119t\u0105?<\/div>\n<div class=\"MsoNormal\" style=\"margin-left: 36.0pt; mso-list: l0 level1 lfo1; tab-stops: list 36.0pt; text-align: justify; text-indent: -18.0pt;\">\u00b7&nbsp;&nbsp;&nbsp;&nbsp;&nbsp;&nbsp;&nbsp; Czy pracuj\u0119 nad tym, aby moje \u015bwiadectwo by\u0142o inteligentne, szczere, pe\u0142ne rado\u015bci i optymizmu?<\/div>\n<div class=\"MsoNormal\" style=\"text-align: justify;\">\n<\/div>\n<div class=\"MsoNormal\" style=\"text-align: justify;\"><b style=\"mso-bidi-font-weight: normal;\"><i style=\"mso-bidi-font-style: normal;\">Wielki prorok powsta\u0142 w\u015br\u00f3d nas i B\u00f3g \u0142askawie nawiedzi\u0142 lud sw\u00f3j<\/i><\/b>\u2026<\/div>\n","protected":false},"excerpt":{"rendered":"<p>Szcz\u0119\u015b\u0107 Bo\u017ce! Dzisiaj wpatrujemy si\u0119 w przyk\u0142ad \u015bwi\u0119to\u015bci Jana Chryzostoma &#8211; czyli Z\u0142otoustego. Niech ten jego przyk\u0142ad zach\u0119ca nas do inteligentnego \u015bwiadectwa, dawanego naszej wierze w Chrystusa. Serdecznie wszystkich pozdrawiam i zapewniam o modlitwie, szczeg\u00f3lnie o godzinie 20.00! &nbsp;&nbsp;&nbsp;&nbsp;&nbsp;&nbsp;&nbsp;&nbsp;&nbsp; Gaudium et spes!&nbsp; Ks. Jacek Wspomnienie \u015aw. Jana Chryzostoma, Biskupa i Doktora Ko\u015bcio\u0142a, do czyta\u0144:&nbsp; 1 [&hellip;]<\/p>\n","protected":false},"author":1,"featured_media":0,"comment_status":"open","ping_status":"open","sticky":false,"template":"","format":"standard","meta":{"jetpack_post_was_ever_published":false,"_jetpack_newsletter_access":"","_jetpack_dont_email_post_to_subs":false,"_jetpack_newsletter_tier_id":0,"_jetpack_memberships_contains_paywalled_content":false,"_jetpack_memberships_contains_paid_content":false,"footnotes":""},"categories":[1],"tags":[],"class_list":["post-9734","post","type-post","status-publish","format-standard","hentry","category-bez-kategorii"],"yoast_head":"<!-- This site is optimized with the Yoast SEO plugin v25.1 - https:\/\/yoast.com\/wordpress\/plugins\/seo\/ -->\n<title>Wielki prorok powsta\u0142 mi\u0119dzy nami! - Gaudium Et Spes<\/title>\n<meta name=\"robots\" content=\"index, follow, max-snippet:-1, max-image-preview:large, max-video-preview:-1\" \/>\n<link rel=\"canonical\" href=\"https:\/\/gaudiumetspes-blog.pl\/index.php\/2011\/09\/13\/wielki-prorok-powsta-miedzy-nami\/\" \/>\n<meta property=\"og:locale\" content=\"pl_PL\" \/>\n<meta property=\"og:type\" content=\"article\" \/>\n<meta property=\"og:title\" content=\"Wielki prorok powsta\u0142 mi\u0119dzy nami! - Gaudium Et Spes\" \/>\n<meta property=\"og:description\" content=\"Szcz\u0119\u015b\u0107 Bo\u017ce! Dzisiaj wpatrujemy si\u0119 w przyk\u0142ad \u015bwi\u0119to\u015bci Jana Chryzostoma &#8211; czyli Z\u0142otoustego. Niech ten jego przyk\u0142ad zach\u0119ca nas do inteligentnego \u015bwiadectwa, dawanego naszej wierze w Chrystusa. Serdecznie wszystkich pozdrawiam i zapewniam o modlitwie, szczeg\u00f3lnie o godzinie 20.00! &nbsp;&nbsp;&nbsp;&nbsp;&nbsp;&nbsp;&nbsp;&nbsp;&nbsp; Gaudium et spes!&nbsp; Ks. Jacek Wspomnienie \u015aw. Jana Chryzostoma, Biskupa i Doktora Ko\u015bcio\u0142a, do czyta\u0144:&nbsp; 1 [&hellip;]\" \/>\n<meta property=\"og:url\" content=\"https:\/\/gaudiumetspes-blog.pl\/index.php\/2011\/09\/13\/wielki-prorok-powsta-miedzy-nami\/\" \/>\n<meta property=\"og:site_name\" content=\"Gaudium Et Spes\" \/>\n<meta property=\"article:published_time\" content=\"2011-09-13T05:56:00+00:00\" \/>\n<meta property=\"article:modified_time\" content=\"2019-07-31T10:52:37+00:00\" \/>\n<meta name=\"author\" content=\"Ks. Jacek\" \/>\n<meta name=\"twitter:card\" content=\"summary_large_image\" \/>\n<meta name=\"twitter:label1\" content=\"Napisane przez\" \/>\n\t<meta name=\"twitter:data1\" content=\"Ks. Jacek\" \/>\n\t<meta name=\"twitter:label2\" content=\"Szacowany czas czytania\" \/>\n\t<meta name=\"twitter:data2\" content=\"6 minut\" \/>\n<script type=\"application\/ld+json\" class=\"yoast-schema-graph\">{\"@context\":\"https:\/\/schema.org\",\"@graph\":[{\"@type\":\"WebPage\",\"@id\":\"https:\/\/gaudiumetspes-blog.pl\/index.php\/2011\/09\/13\/wielki-prorok-powsta-miedzy-nami\/\",\"url\":\"https:\/\/gaudiumetspes-blog.pl\/index.php\/2011\/09\/13\/wielki-prorok-powsta-miedzy-nami\/\",\"name\":\"Wielki prorok powsta\u0142 mi\u0119dzy nami! - Gaudium Et Spes\",\"isPartOf\":{\"@id\":\"https:\/\/gaudiumetspes-blog.pl\/#website\"},\"datePublished\":\"2011-09-13T05:56:00+00:00\",\"dateModified\":\"2019-07-31T10:52:37+00:00\",\"author\":{\"@id\":\"https:\/\/gaudiumetspes-blog.pl\/#\/schema\/person\/1661982992b752dea8dff0d4ed845a65\"},\"breadcrumb\":{\"@id\":\"https:\/\/gaudiumetspes-blog.pl\/index.php\/2011\/09\/13\/wielki-prorok-powsta-miedzy-nami\/#breadcrumb\"},\"inLanguage\":\"pl-PL\",\"potentialAction\":[{\"@type\":\"ReadAction\",\"target\":[\"https:\/\/gaudiumetspes-blog.pl\/index.php\/2011\/09\/13\/wielki-prorok-powsta-miedzy-nami\/\"]}]},{\"@type\":\"BreadcrumbList\",\"@id\":\"https:\/\/gaudiumetspes-blog.pl\/index.php\/2011\/09\/13\/wielki-prorok-powsta-miedzy-nami\/#breadcrumb\",\"itemListElement\":[{\"@type\":\"ListItem\",\"position\":1,\"name\":\"Strona g\u0142\u00f3wna\",\"item\":\"https:\/\/gaudiumetspes-blog.pl\/\"},{\"@type\":\"ListItem\",\"position\":2,\"name\":\"Wielki prorok powsta\u0142 mi\u0119dzy nami!\"}]},{\"@type\":\"WebSite\",\"@id\":\"https:\/\/gaudiumetspes-blog.pl\/#website\",\"url\":\"https:\/\/gaudiumetspes-blog.pl\/\",\"name\":\"Gaudium Et Spes\",\"description\":\"Blog Ks. Jacka Ja\u015bkowskiego\",\"potentialAction\":[{\"@type\":\"SearchAction\",\"target\":{\"@type\":\"EntryPoint\",\"urlTemplate\":\"https:\/\/gaudiumetspes-blog.pl\/?s={search_term_string}\"},\"query-input\":{\"@type\":\"PropertyValueSpecification\",\"valueRequired\":true,\"valueName\":\"search_term_string\"}}],\"inLanguage\":\"pl-PL\"},{\"@type\":\"Person\",\"@id\":\"https:\/\/gaudiumetspes-blog.pl\/#\/schema\/person\/1661982992b752dea8dff0d4ed845a65\",\"name\":\"Ks. Jacek\",\"image\":{\"@type\":\"ImageObject\",\"inLanguage\":\"pl-PL\",\"@id\":\"https:\/\/gaudiumetspes-blog.pl\/#\/schema\/person\/image\/\",\"url\":\"https:\/\/gaudiumetspes-blog.pl\/wp-content\/uploads\/2019\/07\/avatar-JJ-150x150.jpg\",\"contentUrl\":\"https:\/\/gaudiumetspes-blog.pl\/wp-content\/uploads\/2019\/07\/avatar-JJ-150x150.jpg\",\"caption\":\"Ks. Jacek\"},\"description\":\"Witam serdecznie! K\u0142ania si\u0119 Ks. Jacek Ja\u015bkowski. Nie jestem ani kim\u015b wa\u017cnym, ani kim\u015b znanym. Jestem ksi\u0119dzem, kt\u00f3ry po prostu chce rozmawia\u0107. Codzienna kap\u0142a\u0144ska pos\u0142uga pokazuje mi, \u017ce temat\u00f3w do rozm\u00f3w z ksi\u0119dzem jest coraz wi\u0119cej i dzisiaj \u017caden ksi\u0105dz nie mo\u017ce od nich ucieka\u0107, ale - wprost przeciwnie - podejmowa\u0107 nowe wyzwania. To przekonanie sk\u0142oni\u0142o mnie do pr\u00f3by otwarcia tego\u017c bloga, chocia\u017c okazji do rozm\u00f3w na co dzie\u0144 - w konfesjonale i poza nim - na szcz\u0119\u015bcie nie brakuje. My\u015bl\u0119 jednak, \u017ce ten blog b\u0119dzie jeszcze jednym sposobem i przestrzeni\u0105 nawi\u0105zania kontaktu z lud\u017ami dobrej woli, otwartymi na dialog.\",\"url\":\"https:\/\/gaudiumetspes-blog.pl\/index.php\/author\/ks-jacek\/\"}]}<\/script>\n<!-- \/ Yoast SEO plugin. -->","yoast_head_json":{"title":"Wielki prorok powsta\u0142 mi\u0119dzy nami! - Gaudium Et Spes","robots":{"index":"index","follow":"follow","max-snippet":"max-snippet:-1","max-image-preview":"max-image-preview:large","max-video-preview":"max-video-preview:-1"},"canonical":"https:\/\/gaudiumetspes-blog.pl\/index.php\/2011\/09\/13\/wielki-prorok-powsta-miedzy-nami\/","og_locale":"pl_PL","og_type":"article","og_title":"Wielki prorok powsta\u0142 mi\u0119dzy nami! - Gaudium Et Spes","og_description":"Szcz\u0119\u015b\u0107 Bo\u017ce! Dzisiaj wpatrujemy si\u0119 w przyk\u0142ad \u015bwi\u0119to\u015bci Jana Chryzostoma &#8211; czyli Z\u0142otoustego. Niech ten jego przyk\u0142ad zach\u0119ca nas do inteligentnego \u015bwiadectwa, dawanego naszej wierze w Chrystusa. Serdecznie wszystkich pozdrawiam i zapewniam o modlitwie, szczeg\u00f3lnie o godzinie 20.00! &nbsp;&nbsp;&nbsp;&nbsp;&nbsp;&nbsp;&nbsp;&nbsp;&nbsp; Gaudium et spes!&nbsp; Ks. Jacek Wspomnienie \u015aw. Jana Chryzostoma, Biskupa i Doktora Ko\u015bcio\u0142a, do czyta\u0144:&nbsp; 1 [&hellip;]","og_url":"https:\/\/gaudiumetspes-blog.pl\/index.php\/2011\/09\/13\/wielki-prorok-powsta-miedzy-nami\/","og_site_name":"Gaudium Et Spes","article_published_time":"2011-09-13T05:56:00+00:00","article_modified_time":"2019-07-31T10:52:37+00:00","author":"Ks. Jacek","twitter_card":"summary_large_image","twitter_misc":{"Napisane przez":"Ks. Jacek","Szacowany czas czytania":"6 minut"},"schema":{"@context":"https:\/\/schema.org","@graph":[{"@type":"WebPage","@id":"https:\/\/gaudiumetspes-blog.pl\/index.php\/2011\/09\/13\/wielki-prorok-powsta-miedzy-nami\/","url":"https:\/\/gaudiumetspes-blog.pl\/index.php\/2011\/09\/13\/wielki-prorok-powsta-miedzy-nami\/","name":"Wielki prorok powsta\u0142 mi\u0119dzy nami! - Gaudium Et Spes","isPartOf":{"@id":"https:\/\/gaudiumetspes-blog.pl\/#website"},"datePublished":"2011-09-13T05:56:00+00:00","dateModified":"2019-07-31T10:52:37+00:00","author":{"@id":"https:\/\/gaudiumetspes-blog.pl\/#\/schema\/person\/1661982992b752dea8dff0d4ed845a65"},"breadcrumb":{"@id":"https:\/\/gaudiumetspes-blog.pl\/index.php\/2011\/09\/13\/wielki-prorok-powsta-miedzy-nami\/#breadcrumb"},"inLanguage":"pl-PL","potentialAction":[{"@type":"ReadAction","target":["https:\/\/gaudiumetspes-blog.pl\/index.php\/2011\/09\/13\/wielki-prorok-powsta-miedzy-nami\/"]}]},{"@type":"BreadcrumbList","@id":"https:\/\/gaudiumetspes-blog.pl\/index.php\/2011\/09\/13\/wielki-prorok-powsta-miedzy-nami\/#breadcrumb","itemListElement":[{"@type":"ListItem","position":1,"name":"Strona g\u0142\u00f3wna","item":"https:\/\/gaudiumetspes-blog.pl\/"},{"@type":"ListItem","position":2,"name":"Wielki prorok powsta\u0142 mi\u0119dzy nami!"}]},{"@type":"WebSite","@id":"https:\/\/gaudiumetspes-blog.pl\/#website","url":"https:\/\/gaudiumetspes-blog.pl\/","name":"Gaudium Et Spes","description":"Blog Ks. Jacka Ja\u015bkowskiego","potentialAction":[{"@type":"SearchAction","target":{"@type":"EntryPoint","urlTemplate":"https:\/\/gaudiumetspes-blog.pl\/?s={search_term_string}"},"query-input":{"@type":"PropertyValueSpecification","valueRequired":true,"valueName":"search_term_string"}}],"inLanguage":"pl-PL"},{"@type":"Person","@id":"https:\/\/gaudiumetspes-blog.pl\/#\/schema\/person\/1661982992b752dea8dff0d4ed845a65","name":"Ks. Jacek","image":{"@type":"ImageObject","inLanguage":"pl-PL","@id":"https:\/\/gaudiumetspes-blog.pl\/#\/schema\/person\/image\/","url":"https:\/\/gaudiumetspes-blog.pl\/wp-content\/uploads\/2019\/07\/avatar-JJ-150x150.jpg","contentUrl":"https:\/\/gaudiumetspes-blog.pl\/wp-content\/uploads\/2019\/07\/avatar-JJ-150x150.jpg","caption":"Ks. Jacek"},"description":"Witam serdecznie! K\u0142ania si\u0119 Ks. Jacek Ja\u015bkowski. Nie jestem ani kim\u015b wa\u017cnym, ani kim\u015b znanym. Jestem ksi\u0119dzem, kt\u00f3ry po prostu chce rozmawia\u0107. Codzienna kap\u0142a\u0144ska pos\u0142uga pokazuje mi, \u017ce temat\u00f3w do rozm\u00f3w z ksi\u0119dzem jest coraz wi\u0119cej i dzisiaj \u017caden ksi\u0105dz nie mo\u017ce od nich ucieka\u0107, ale - wprost przeciwnie - podejmowa\u0107 nowe wyzwania. To przekonanie sk\u0142oni\u0142o mnie do pr\u00f3by otwarcia tego\u017c bloga, chocia\u017c okazji do rozm\u00f3w na co dzie\u0144 - w konfesjonale i poza nim - na szcz\u0119\u015bcie nie brakuje. My\u015bl\u0119 jednak, \u017ce ten blog b\u0119dzie jeszcze jednym sposobem i przestrzeni\u0105 nawi\u0105zania kontaktu z lud\u017ami dobrej woli, otwartymi na dialog.","url":"https:\/\/gaudiumetspes-blog.pl\/index.php\/author\/ks-jacek\/"}]}},"jetpack_featured_media_url":"","jetpack_sharing_enabled":true,"_links":{"self":[{"href":"https:\/\/gaudiumetspes-blog.pl\/index.php\/wp-json\/wp\/v2\/posts\/9734","targetHints":{"allow":["GET"]}}],"collection":[{"href":"https:\/\/gaudiumetspes-blog.pl\/index.php\/wp-json\/wp\/v2\/posts"}],"about":[{"href":"https:\/\/gaudiumetspes-blog.pl\/index.php\/wp-json\/wp\/v2\/types\/post"}],"author":[{"embeddable":true,"href":"https:\/\/gaudiumetspes-blog.pl\/index.php\/wp-json\/wp\/v2\/users\/1"}],"replies":[{"embeddable":true,"href":"https:\/\/gaudiumetspes-blog.pl\/index.php\/wp-json\/wp\/v2\/comments?post=9734"}],"version-history":[{"count":1,"href":"https:\/\/gaudiumetspes-blog.pl\/index.php\/wp-json\/wp\/v2\/posts\/9734\/revisions"}],"predecessor-version":[{"id":10349,"href":"https:\/\/gaudiumetspes-blog.pl\/index.php\/wp-json\/wp\/v2\/posts\/9734\/revisions\/10349"}],"wp:attachment":[{"href":"https:\/\/gaudiumetspes-blog.pl\/index.php\/wp-json\/wp\/v2\/media?parent=9734"}],"wp:term":[{"taxonomy":"category","embeddable":true,"href":"https:\/\/gaudiumetspes-blog.pl\/index.php\/wp-json\/wp\/v2\/categories?post=9734"},{"taxonomy":"post_tag","embeddable":true,"href":"https:\/\/gaudiumetspes-blog.pl\/index.php\/wp-json\/wp\/v2\/tags?post=9734"}],"curies":[{"name":"wp","href":"https:\/\/api.w.org\/{rel}","templated":true}]}}