{"id":9736,"date":"2011-09-11T06:46:00","date_gmt":"2011-09-11T04:46:00","guid":{"rendered":"https:\/\/gaudiumetspes-blog.pl\/index.php\/2011\/09\/11\/panie-ile-razy-mam-przebaczac\/"},"modified":"2019-07-31T12:52:37","modified_gmt":"2019-07-31T10:52:37","slug":"panie-ile-razy-mam-przebaczac","status":"publish","type":"post","link":"https:\/\/gaudiumetspes-blog.pl\/index.php\/2011\/09\/11\/panie-ile-razy-mam-przebaczac\/","title":{"rendered":"Panie, ile razy mam przebacza\u0107?"},"content":{"rendered":"<p><\/p>\n<div class=\"MsoNormal\" style=\"text-align: justify;\">Niech b\u0119dzie pochwalony Jezus Chrystus! Dzisiaj Niedziela &#8211; Dzie\u0144 Pa\u0144ski. Zapraszam do udzia\u0142u we Mszy \u015awi\u0119tej i do g\u0142\u0119bokiej refleksji nad Bo\u017cym S\u0142owem, kt\u00f3re dotyka znowu problemu niezwykle wa\u017cnego i dotycz\u0105cego wszystkich nas bez wyj\u0105tku &#8211; problemu przebaczenia.&nbsp;<\/div>\n<div class=\"MsoNormal\" style=\"text-align: justify;\">&nbsp;&nbsp;&nbsp;&nbsp;&nbsp; A tak na marginesie: dowiedzia\u0142em si\u0119, \u017ce nie dzia\u0142a\u0142a jaki\u015b czas prywatna poczta na blogu. Prosi\u0142em o pomoc mojego Moderatora i ju\u017c &#8211; z tego, co m\u00f3wi\u0142 &#8211; jest dobrze. Prosz\u0119 Was jednak przy tej okazji, \u017ceby je\u017celi zauwa\u017cycie jakiekolwiek usterki techniczne, dotycz\u0105ce bloga, to od razu informujcie mnie o tym albo smsem na kom\u00f3rk\u0119, albo nawet pisz\u0105c na samym blogu. B\u0119dziemy wtedy reagowa\u0107. Zastrzegam przy tym, \u017ce op\u00f3\u017anienie w pisaniu odpowiedzi to nie usterka techniczna dotycz\u0105ca bloga, a bardziej jego Autora, ale na to Moderator nic nie poradzi. Postaram si\u0119 jednak, aby usterek Autora by\u0142o jak najmniej.&nbsp;<\/div>\n<div class=\"MsoNormal\" style=\"text-align: justify;\">&nbsp;&nbsp;&nbsp;&nbsp;&nbsp; Na prze\u017cywanie Dnia Pa\u0144skiego posy\u0142am moje kap\u0142a\u0144skie b\u0142ogos\u0142awie\u0144stwo: <b>Niech Was b\u0142ogos\u0142awi B\u00f3g Wszechmog\u0105cy: Ojciec + i Syn, i Duch \u015awi\u0119ty. Amen<\/b><\/div>\n<div class=\"MsoNormal\" style=\"text-align: justify;\"><b>&nbsp;&nbsp;&nbsp;&nbsp;&nbsp;&nbsp;&nbsp;&nbsp;&nbsp;&nbsp;&nbsp;&nbsp;<\/b> Gaudium et spes!&nbsp; Ks. Jacek<\/div>\n<div class=\"MsoNormal\" style=\"text-align: justify;\">\n<\/div>\n<div class=\"MsoNormal\" style=\"text-align: justify;\"><b>&nbsp;24 Niedziela Zwyk\u0142a, A,<\/b><\/div>\n<div class=\"MsoNormal\" style=\"text-align: justify;\"><b>do czyta\u0144:&nbsp; Syr 27,30\u201328,7;&nbsp; Rz 14,7\u20139;&nbsp; Mt 18,21\u201335<\/b> <\/div>\n<div class=\"MsoNormal\" style=\"text-align: justify;\">\n<\/div>\n<div class=\"MsoNormal\" style=\"text-align: justify; text-indent: 35.4pt;\"><b style=\"mso-bidi-font-weight: normal;\">Jak\u017ce trudno jest przebaczy\u0107!<\/b> Jak\u017ce trudno jest pozby\u0107 si\u0119 z serca pragnienia zemsty, <b style=\"mso-bidi-font-weight: normal;\">jak\u017ce trudno jest nie \u017cywi\u0107 niech\u0119ci do kogo\u015b, kto nam zawini\u0142.<\/b> A jednak S\u0142owo Bo\u017ce, kt\u00f3rego wys\u0142uchali\u015bmy, jest jasne i jednoznaczne: <b style=\"mso-bidi-font-weight: normal;\">trzeba wybacza\u0107, trzeba szuka\u0107 dr\u00f3g pojednania.<\/b> <\/div>\n<div class=\"MsoNormal\" style=\"text-align: justify; text-indent: 35.4pt;\">Argument, jaki przedstawia nam B\u00f3g na potwierdzenie tego wymogu jest w\u0142a\u015bciwie jeden: nale\u017cy przebacza\u0107 ludziom \u2013 swoim bli\u017anim \u2013 <b style=\"mso-bidi-font-weight: normal;\">dlatego, \u017ce sami prosimy Boga o przebaczenie naszych grzech\u00f3w i zawsze takowe otrzymujemy.<\/b> A przecie\u017c wszyscy chyba na tyle realnie patrzymy na swoje \u017cycie, \u017ce zdajemy sobie dobrze spraw\u0119 z tego, i\u017c to przebaczenie <b style=\"mso-bidi-font-weight: normal;\">naprawd\u0119 jest nam potrzebne, bo mamy za co Boga przeprasza\u0107. <\/b><\/div>\n<div class=\"MsoNormal\" style=\"text-align: justify; text-indent: 35.4pt;\">Zatem, skoro my prosimy Boga o przebaczenie naszych grzech\u00f3w, a wi\u0119c nawet z poczucia <b style=\"mso-bidi-font-weight: normal;\">zwyk\u0142ej ludzkiej sprawiedliwo\u015bci winni\u015bmy przebacza\u0107<\/b> naszym winowajcom. <b style=\"mso-bidi-font-weight: normal;\">Pomi\u0119dzy lud\u017ami ta sprawa wygl\u0105da\u0142aby nieco inaczej: <\/b>skoro ja dzisiaj przebaczy\u0142em tobie twoje przewinienie wobec mnie, <b style=\"mso-bidi-font-weight: normal;\">to ty jutro przebaczysz mi,<\/b> gdyby si\u0119 przydarzy\u0142o \u2013 a zapewne si\u0119 przydarzy \u2013 \u017ce w jaki\u015b spos\u00f3b zawini\u0119 wobec ciebie. Gdyby takie w\u0142a\u015bnie wzajemne relacje panowa\u0142y mi\u0119dzy lud\u017ami, <b style=\"mso-bidi-font-weight: normal;\">to by\u0142oby wr\u0119cz idealnie, <\/b>bo wtedy jedni na drugich nie patrzyliby wrogo, nie nosili w sercu nienawi\u015bci <b style=\"mso-bidi-font-weight: normal;\">i nie wyci\u0105galiby ca\u0142ej g\u00f3ry pretensji przy ka\u017cdej okazji.<\/b> <\/div>\n<div class=\"MsoNormal\" style=\"text-align: justify; text-indent: 35.4pt;\">Niestety, z tym wzajemnym przebaczaniem nie jest tak prosto, bo jednak <b style=\"mso-bidi-font-weight: normal;\">ka\u017cdy umie liczy\u0107, zw\u0142aszcza, gdy idzie o dopilnowanie swego,<\/b> dlatego te\u017c ludzie szybko wylicz\u0105, \u017ce ten drugi o wiele bardziej mi zawini\u0142, ni\u017c ja jemu, dlatego <b style=\"mso-bidi-font-weight: normal;\">nie ma powodu, abym mu wybacza\u0142.<\/b> Tak zatem sytuacja wcale nie wygl\u0105da zbyt prosto i r\u00f3\u017cowo, ale <b style=\"mso-bidi-font-weight: normal;\">zasada wzajemnego wybaczania<\/b> powinna by\u0107 zachowywana i szanowana przez ludzi. <\/div>\n<div class=\"MsoNormal\" style=\"text-align: justify; text-indent: 35.4pt;\">Ta zasada jednak nie ma zastosowania do relacji cz\u0142owieka do Boga, bowiem <b style=\"mso-bidi-font-weight: normal;\">cz\u0142owiek nie ma nic do przebaczenia Panu Bogu.<\/b> Nawet, je\u017celi z pewnych wzgl\u0119d\u00f3w, w okre\u015blonych sytuacjach, <b style=\"mso-bidi-font-weight: normal;\">odczuwa jakie\u015b pretensje do Boga o takie czy inne Jego rozstrzygni\u0119cie,<\/b> o tak\u0105 czy inn\u0105 Jego decyzj\u0119, to nie znaczy, i\u017c to B\u00f3g co\u015b \u017ale zrobi\u0142, czy te\u017c zawini\u0142 wobec cz\u0142owieka. <b style=\"mso-bidi-font-weight: normal;\">B\u00f3g jest mi\u0142o\u015bci\u0105, w poj\u0119ciu i w osobie Boga w og\u00f3le nie ma miejsca na grzech, na z\u0142o; co\u015b takiego jest absolutnie sprzeczne z istot\u0105 Boga,<\/b> <b style=\"mso-bidi-font-weight: normal;\">tego nawet nie mo\u017cna pr\u00f3bowa\u0107 \u0142\u0105czy\u0107 czy jako\u015b razem kojarzy\u0107.<\/b> <\/div>\n<div class=\"MsoNormal\" style=\"text-align: justify; text-indent: 35.4pt;\">St\u0105d te\u017c nie mo\u017cemy m\u00f3wi\u0107 o winie Boga w stosunku do cz\u0142owieka \u2013 <b style=\"mso-bidi-font-weight: normal;\">B\u00f3g zawsze chce wy\u0142\u0105cznie dobra cz\u0142owieka,<\/b> zawsze Mu na cz\u0142owieku zale\u017cy. I dlatego <b style=\"mso-bidi-font-weight: normal;\">kierunek przebaczania mo\u017ce by\u0107 tylko jeden:<\/b> skoro B\u00f3g mi wybacza moje grzechy, niewierno\u015bci i zaniedbania, to <b style=\"mso-bidi-font-weight: normal;\">moj\u0105 odpowiedzi\u0105 mo\u017ce by\u0107 jedynie przebaczenie tym ludziom, kt\u00f3rzy mi zawinili,<\/b> a kt\u00f3rzy s\u0105 tak samo, jak ja, ukochani przez Boga <b style=\"mso-bidi-font-weight: normal;\">i o kt\u00f3rych B\u00f3g tak samo, jak o mnie, si\u0119 troszczy. <\/b><\/div>\n<div class=\"MsoNormal\" style=\"text-align: justify; text-indent: 35.4pt;\">Bo B\u00f3g m\u00f3wi: <i style=\"mso-bidi-font-style: normal;\">Z\u0142o\u015b\u0107 i gniew s\u0105 obrzydliwo\u015bciami, kt\u00f3rych pe\u0142en jest grzesznik. <b style=\"mso-bidi-font-weight: normal;\">Tego, kt\u00f3ry si\u0119 m\u015bci, spotka zemsta od Pana: On grzechy jego dok\u0142adnie zachowa w pami\u0119ci.<\/b> Odpu\u015b\u0107 win\u0119 bli\u017aniemu, a w\u00f3wczas, gdy b\u0142aga\u0107 b\u0119dziesz, zostan\u0105 ci odpuszczone grzechy. Gdy cz\u0142owiek \u017cywi z\u0142o\u015b\u0107 przeciw drugiemu, <b style=\"mso-bidi-font-weight: normal;\">jak\u017ce u Pana szuka\u0107 b\u0119dzie uzdrowienia?<\/b> Nie ma on mi\u0142osierdzia nad cz\u0142owiekiem do siebie podobnym, jak\u017ce b\u0142aga\u0107 b\u0119dzie o odpuszczenie swoich w\u0142asnych grzech\u00f3w?<\/i> [\u2026] <i style=\"mso-bidi-font-style: normal;\">Pami\u0119taj na przykazania <b style=\"mso-bidi-font-weight: normal;\">i nie miej w nienawi\u015bci bli\u017aniego,<\/b> na przymierze Najwy\u017cszego \u2013 <b style=\"mso-bidi-font-weight: normal;\">i daruj obraz\u0119.<\/b><\/i> Takie s\u0142owa us\u0142yszeli\u015bmy dzisiaj w pierwszym czytaniu, z Ksi\u0119gi Syracydesa. <\/div>\n<div class=\"MsoNormal\" style=\"text-align: justify; text-indent: 35.4pt;\">A Jezus w Ewangelii przedstawia histori\u0119 dw\u00f3ch ludzi: <b style=\"mso-bidi-font-weight: normal;\">jednego, kt\u00f3ry podarowa\u0142 swojemu s\u0142udze dziesi\u0119\u0107 tysi\u0119cy talent\u00f3w,<\/b> oraz drugiego, kt\u00f3ry cz\u0142owiekowi r\u00f3wnemu sobie \u2013 je\u015bli idzie o status spo\u0142eczny \u2013 nie chcia\u0142 podarowa\u0107 stu denar\u00f3w. <\/div>\n<div class=\"MsoNormal\" style=\"text-align: justify; text-indent: 35.4pt;\">Moi Drodzy! W komentarzach do tego fragmentu Ewangelii podkre\u015bla si\u0119 <b style=\"mso-bidi-font-weight: normal;\">ogromn\u0105 r\u00f3\u017cnic\u0119, ogromn\u0105 przepa\u015b\u0107, jaka istnia\u0142a pomi\u0119dzy sum\u0105 dziesi\u0119ciu tysi\u0119cy talent\u00f3w, a sum\u0105 stu denar\u00f3w.<\/b> Tych sum w\u0142a\u015bciwie nie da\u0142o si\u0119 por\u00f3wna\u0107, bo pomi\u0119dzy nimi zachodzi\u0142a <b style=\"mso-bidi-font-weight: normal;\">dysproporcja wr\u0119cz niewyobra\u017calna.<\/b> <\/div>\n<div class=\"MsoNormal\" style=\"text-align: justify; text-indent: 35.4pt;\">Talent \u2013 to w cesarstwie rzymskim jednostka monetarna o r\u00f3wnowarto\u015bci trzydziestu czterech kilogram\u00f3w z\u0142ota lub srebra. I w\u0142a\u015bnie <b>dziesi\u0119\u0107 tysi\u0119cy takich talent\u00f3w<\/b> pan podarowa\u0142 s\u0142udze. S\u0142uga \u00f3w z kolei zosta\u0142 poproszony o podarowanie d\u0142ugu w wysoko\u015bci <b>stu denar\u00f3w<\/b><b style=\"mso-bidi-font-weight: normal;\">. <\/b>A denar to w cesarstwie rzymskim, w tamtym czasie, <b>dni\u00f3wka niewykwalifikowanego robotnika<\/b><b style=\"mso-bidi-font-weight: normal;\">. <\/b>I w\u0142a\u015bnie sto takich denar\u00f3w \u00f3w s\u0142uga nie chcia\u0142 podarowa\u0107 w czasie, kiedy jego pan \u2013 jemu samemu \u2013 podarowa\u0142 d\u0142ug w wysoko\u015bci dziesi\u0119ciu tysi\u0119cy talent\u00f3w. <\/div>\n<div class=\"MsoNormal\" style=\"text-align: justify; text-indent: 35.4pt;\"><b>Kochani, tu w og\u00f3le nie ma \u017cadnego por\u00f3wnania, bo suma stu denar\u00f3w nie da si\u0119 \u2013 w rzeczy samej \u2013 por\u00f3wna\u0107 do sumy dziesi\u0119ciu tysi\u0119cy talent\u00f3w!<\/b> Swoj\u0105 drog\u0105 \u2013 trudno wyobrazi\u0107 sobie, aby jakikolwiek pan po\u017cyczy\u0142 swemu s\u0142udze tak ogromn\u0105 sum\u0119. Ale domy\u015blamy si\u0119, \u017ce Jezus celowo a\u017c tak bardzo mocno wyolbrzymi\u0142 t\u0119 r\u00f3\u017cnic\u0119 warto\u015bci, aby pokaza\u0107 <b style=\"mso-bidi-font-weight: normal;\">tak\u0105 sam\u0105 r\u00f3\u017cnic\u0119, jaka zachodzi pomi\u0119dzy tym, co my jeste\u015bmy d\u0142u\u017cni Bogu, a co nam s\u0105 d\u0142u\u017cni nasi bli\u017ani.<\/b> A z drugiej strony \u2013 jest to te\u017c r\u00f3\u017cnica pomi\u0119dzy tym, <b style=\"mso-bidi-font-weight: normal;\">co my jeste\u015bmy w stanie przebaczy\u0107, a tym, co nam przebacza B\u00f3g.<\/b> Ta r\u00f3\u017cnica jest ogromna, w\u0142a\u015bciwie nawet trudno j\u0105 jako\u015b mierzy\u0107. To jest w\u0142a\u015bnie <b style=\"mso-bidi-font-weight: normal;\">ta przepa\u015b\u0107<\/b> mi\u0119dzy dziesi\u0119cioma tysi\u0105cami talent\u00f3w, a sum\u0105 stu denar\u00f3w.<\/div>\n<div class=\"MsoNormal\" style=\"text-align: justify; text-indent: 35.4pt;\">Dlatego to potrzeba z naszej strony postawy przebaczenia. I my\u015bl\u0119, \u017ce <b style=\"mso-bidi-font-weight: normal;\">co do tego nie ma \u017cadnych w\u0105tpliwo\u015bci.<\/b> S\u0105dz\u0119, \u017ce wi\u0119kszo\u015b\u0107 z nas tutaj obecnych <b style=\"mso-bidi-font-weight: normal;\">zgodzi si\u0119 ze mn\u0105, bo przecie\u017c wszyscy jeste\u015bmy lud\u017ami wierz\u0105cymi,<\/b> co potwierdza chocia\u017cby ten fakt, \u017ce oto jeste\u015bmy tu na Mszy \u015awi\u0119tej w tak\u0105 zwyk\u0142\u0105 niedziel\u0119, a wielu innych, kt\u00f3rzy si\u0119 tak\u017ce za wierz\u0105cych uwa\u017caj\u0105, <b style=\"mso-bidi-font-weight: normal;\">przyjd\u0105 dopiero na Pasterk\u0119 albo na Rezurekcj\u0119.<\/b> <\/div>\n<div class=\"MsoNormal\" style=\"text-align: justify; text-indent: 35.4pt;\">My jednak jeste\u015bmy dzisiaj, zapewne <b style=\"mso-bidi-font-weight: normal;\">codziennie zwracamy si\u0119 do Boga w modlitwie,<\/b> przyznajemy si\u0119 do wiary i do przynale\u017cno\u015bci do Ko\u015bcio\u0142a, przeto <b style=\"mso-bidi-font-weight: normal;\">nauk\u0119 Jezusa jeste\u015bmy w stanie uzna\u0107 za wa\u017cn\u0105 dla siebie i chcemy wed\u0142ug niej \u017cy\u0107.<\/b> Tak\u017ce wi\u0119c z tym dzisiejszym nauczaniem Jezusa z pewno\u015bci\u0105 si\u0119 zgadzamy. <\/div>\n<div class=\"MsoNormal\" style=\"text-align: justify; text-indent: 35.4pt;\">A jednak przekonujemy si\u0119 \u2013 kiedy przyjdzie co do czego \u2013 \u017ce wcale to nie jest takie proste i \u0142atwe. Kiedy kto\u015b nam <b style=\"mso-bidi-font-weight: normal;\">wyra\u017anie da si\u0119 we znaki, kiedy kto\u015b nam tak totalnie uprzykrzy \u017cycie,<\/b> kiedy kto\u015b nam tak mocno zrobi na z\u0142o\u015b\u0107, wtedy <b style=\"mso-bidi-font-weight: normal;\">zazwyczaj nie my\u015blimy o tym, \u017ce B\u00f3g nam tak wiele wybaczy\u0142, wi\u0119c i my powinni\u015bmy wybacza\u0107.<\/b> W takiej sytuacji zwykle gotowi jeste\u015bmy wytoczy\u0107 najci\u0119\u017csze dzia\u0142a <b style=\"mso-bidi-font-weight: normal;\">i walczy\u0107 \u201edo upad\u0142ego\u201d o swoje. <\/b><\/div>\n<div class=\"MsoNormal\" style=\"text-align: justify; text-indent: 35.4pt;\">I nie dlatego, \u017ce lekcewa\u017cymy sobie nauczanie Jezusa. Nie! Po prostu \u2013 <b style=\"mso-bidi-font-weight: normal;\">to nerwy, to ca\u0142a trudna sytuacja<\/b> powoduje tak\u0105, a nie inn\u0105 reakcj\u0119. Tak mo\u017cemy to sobie t\u0142umaczy\u0107, bo jest to prawd\u0105. Rodzi si\u0119 jednak pytanie: <b style=\"mso-bidi-font-weight: normal;\">Czy na takim t\u0142umaczeniu mo\u017cna poprzesta\u0107?<\/b> Czy wszystko mo\u017cna wyt\u0142umaczy\u0107 zdenerwowaniem? <\/div>\n<div class=\"MsoNormal\" style=\"text-align: justify; text-indent: 35.4pt;\">I dalej: Czy w takim razie <b style=\"mso-bidi-font-weight: normal;\">Jezus, nauczaj\u0105c o przebaczeniu,<\/b> albo te\u017c Autor starotestamentalny, m\u00f3wi\u0105cy w imieniu Boga \u2013 <b style=\"mso-bidi-font-weight: normal;\">czy\u017c oni wszyscy nie byli w stanie przewidzie\u0107, jak reaguje cz\u0142owiek na wyrz\u0105dzon\u0105 sobie krzywd\u0119,<\/b> \u017ce b\u0119dzie zdenerwowany, \u017ce mo\u017ce nad sob\u0105 nie zapanowa\u0107? Czy zatem <b style=\"mso-bidi-font-weight: normal;\">nie postawili wymaga\u0144 ponad ludzkie si\u0142y?<\/b> Czy domagaj\u0105c si\u0119 trudnej sztuki przebaczenia, przypadkiem nie tworz\u0105 jakiego\u015b \u015bwiata ba\u015bni, kt\u00f3ry to \u015bwiat <b style=\"mso-bidi-font-weight: normal;\">w \u017caden spos\u00f3b nie przystaje do rzeczywisto\u015bci? Jak to jest w ko\u0144cu z tym przebaczeniem?<\/b> Czy ono naprawd\u0119 jest mo\u017cliwe? <\/div>\n<div class=\"MsoNormal\" style=\"text-align: justify; text-indent: 35.4pt;\">A mo\u017ce sko\u0144czy si\u0119 to wszystko na tym, \u017ce tu, w ko\u015bciele, na Mszy \u015awi\u0119tej, <b style=\"mso-bidi-font-weight: normal;\">pos\u0142uchamy pobo\u017cnych nauk,<\/b> tkliwych rozwa\u017ca\u0144, po czym wr\u00f3cimy do domu <b style=\"mso-bidi-font-weight: normal;\">i \u017cycie potoczy si\u0119 swoim torem? <\/b><\/div>\n<div class=\"MsoNormal\" style=\"text-align: justify; text-indent: 35.4pt;\">My\u015bl\u0119, \u017ce to pogodzenie nauki Jezusa z \u017cyciem <b style=\"mso-bidi-font-weight: normal;\">jest mo\u017cliwe. <\/b>To prawda, \u017ce <b style=\"mso-bidi-font-weight: normal;\">S\u0142owo Bo\u017ce stawia wymagania wysokie. <\/b>Ale musimy sobie te\u017c jasno u\u015bwiadomi\u0107, \u017ce Pawe\u0142 Aposto\u0142 nie tylko do Rzymian, ale i do nas wszystkich m\u00f3wi\u0142 w drugim czytaniu: <i style=\"mso-bidi-font-style: normal;\">Nikt z nas nie \u017cyje dla siebie i nikt nie umiera dla siebie: je\u017celi bowiem \u017cyjemy, \u017cyjemy dla Pana; je\u017celi za\u015b umieramy, umieramy dla Pana. <b style=\"mso-bidi-font-weight: normal;\">I w \u017cyciu wi\u0119c, i w \u015bmierci nale\u017cymy do Pana.<\/b> <\/i><b style=\"mso-bidi-font-weight: normal;\">Tak, to prawda \u2013 \u017cyjemy dla Pana.<\/b> A z tego naprawd\u0119 wyp\u0142ywaj\u0105 bardzo okre\u015blone konsekwencje. <\/div>\n<div class=\"MsoNormal\" style=\"text-align: justify; text-indent: 35.4pt;\">Nasze \u017cycie musi <b style=\"mso-bidi-font-weight: normal;\">jako\u015b r\u00f3\u017cni\u0107 si\u0119 od \u017cycia tych, kt\u00f3rzy do Boga si\u0119 nie przyznaj\u0105,<\/b> albo si\u0119 nawet przyznaj\u0105, a \u017cyj\u0105 jak niewierz\u0105cy. Sprawdzianem naszej przynale\u017cno\u015bci do Boga i naszej wiary musi by\u0107 <b style=\"mso-bidi-font-weight: normal;\">umiej\u0119tno\u015b\u0107 godzenia nauki Jezusa z naszym codziennym \u017cyciem<\/b> \u2013 z t\u0105 najbardziej szar\u0105 codzienno\u015bci\u0105. Im bardziej uda nam si\u0119 te dwie rzeczywisto\u015bci po\u0142\u0105czy\u0107, <b style=\"mso-bidi-font-weight: normal;\">tym mocniejsza jest nasza wiara, tym bardziej autentyczna.<\/b> <\/div>\n<div class=\"MsoNormal\" style=\"text-align: justify; text-indent: 35.4pt;\">C\u00f3\u017c zatem robi\u0107? Jak\u0105 postaw\u0119 przyj\u0105\u0107? <b style=\"mso-bidi-font-weight: normal;\">Przebacza\u0107?<\/b> Tak, przebacza\u0107! <b style=\"mso-bidi-font-weight: normal;\">Jak cz\u0119sto?<\/b> Zawsze, siedemdziesi\u0105t siedem razy \u2013 czyli zawsze! <b style=\"mso-bidi-font-weight: normal;\">Zapomnie\u0107 o z\u0142u, o przykro\u015bci, kt\u00f3r\u0105 nam kto\u015b uczyni\u0142?<\/b> O, z tym na pewno nie b\u0119dzie tak \u0142atwo, bo akurat zapomnienie o jakim\u015b przykrym fakcie <b style=\"mso-bidi-font-weight: normal;\">nie le\u017cy w granicach naszych mo\u017cliwo\u015bci.<\/b> Nawet staraj\u0105c si\u0119 zapomnie\u0107 o jakim\u015b przykrym wydarzeniu, <b style=\"mso-bidi-font-weight: normal;\">cz\u0119sto nie jeste\u015bmy w stanie,<\/b> bo zbyt mocno zrani\u0142o ono nasze serce, bo zbyt wiele cierpienia nas kosztowa\u0142o. <\/div>\n<div class=\"MsoNormal\" style=\"text-align: justify; text-indent: 35.4pt;\">Zapomnie\u0107 zatem mo\u017cna po jakim\u015b czasie, ale ja bym tu zaryzykowa\u0142 stwierdzenie, <b style=\"mso-bidi-font-weight: normal;\">\u017ce zapomnienie o z\u0142u nie jest a\u017c tak bardzo potrzebne.<\/b> Mo\u017ce w\u0142a\u015bnie <b>nale\u017ca\u0142oby pami\u0119ta\u0107<\/b> o jakim\u015b przykrym incydencie, aby <b style=\"mso-bidi-font-weight: normal;\">samemu si\u0119 czego\u015b podobnego ustrzec <\/b>i innych przed czym\u015b takim ostrzega\u0107. Kiedy wiem, ile mnie kosztowa\u0142a przykro\u015bci czyja\u015b z\u0142o\u015b\u0107 czy zawi\u015b\u0107, mo\u017ce <b style=\"mso-bidi-font-weight: normal;\">\u0142atwiej sam si\u0119 powstrzymam przed tym, aby komu\u015b tak\u0105 sam\u0105 przykro\u015b\u0107 sprawi\u0107.<\/b> <\/div>\n<div class=\"MsoNormal\" style=\"text-align: justify; text-indent: 35.4pt;\">Ale przebaczenie \u2013 to <b style=\"mso-bidi-font-weight: normal;\">co\u015b innego, ni\u017c zapomnienie.<\/b> Jeszcze raz podkre\u015blam: <b style=\"mso-bidi-font-weight: normal;\">zapomnienie nie zale\u017cy od nas.<\/b> My si\u0119 mo\u017cemy o to stara\u0107, ale ci\u0105gle mo\u017cemy o jakim\u015b fakcie pami\u0119ta\u0107. <b style=\"mso-bidi-font-weight: normal;\">Natomiast przebaczenie zale\u017cy od nas.<\/b> <\/div>\n<div class=\"MsoNormal\" style=\"text-align: justify; text-indent: 35.4pt;\">Przebaczenie to <b style=\"mso-bidi-font-weight: normal;\">taka postawa cz\u0142owieka,<\/b> kt\u00f3ra polega na tym, \u017ce <b style=\"mso-bidi-font-weight: normal;\">unika on zemsty i wymierzania sprawiedliwo\u015bci na w\u0142asn\u0105 r\u0119k\u0119,<\/b> ale ca\u0142\u0105 spraw\u0119 powierza Bogu, kt\u00f3ry wszystko widzi <b style=\"mso-bidi-font-weight: normal;\">i sam z pewno\u015bci\u0105 wymierzy sprawiedliwo\u015b\u0107,<\/b> uwzgl\u0119dniaj\u0105c dok\u0142adnie wszystkie okoliczno\u015bci, bo przecie\u017c wiemy, \u017ce przed Bogiem nic si\u0119 nie da ukry\u0107. <\/div>\n<div class=\"MsoNormal\" style=\"text-align: justify; text-indent: 35.4pt;\">Przebaczenie to taka postawa cz\u0142owieka, kt\u00f3ra polega na tym, \u017ce <b style=\"mso-bidi-font-weight: normal;\">nie nosi on w sercu nienawi\u015bci do tego, kto go skrzywdzi\u0142.<\/b> On mo\u017ce mie\u0107 do swego krzywdziciela \u017cal i pretensje \u2013 to bardzo zrozumia\u0142e \u2013 ale <b style=\"mso-bidi-font-weight: normal;\">nie \u017cywi w sercu nienawi\u015bci do niego, nie \u017cyczy mu \u017ale, a nawet jest w stanie pomodli\u0107 si\u0119 za niego!<\/b> Przynajmniej o jego nawr\u00f3cenie, o zmian\u0119 jego postawy. <\/div>\n<div class=\"MsoNormal\" style=\"text-align: justify; text-indent: 35.4pt;\">Dlatego te\u017c <b style=\"mso-bidi-font-weight: normal;\">mamy prawo okaza\u0107<\/b> temu, kto nas skrzywdzi\u0142 to, \u017ce czujemy si\u0119 pokrzywdzeni. Mamy prawo powiedzie\u0107 mu w oczy, \u017ce nas to boli. <b style=\"mso-bidi-font-weight: normal;\">Wi\u0119cej \u2013 powinni\u015bmy nawet to powiedzie\u0107!<\/b> Mamy prawo <b style=\"mso-bidi-font-weight: normal;\">nawet mniej \u017cyczliwo\u015bci okazywa\u0107,<\/b> na przyk\u0142ad \u2013 mniej si\u0119 odzywa\u0107, mniej \u017cartowa\u0107 z takim cz\u0142owiekiem, <b style=\"mso-bidi-font-weight: normal;\">aby pokaza\u0107, \u017ce co\u015b mi\u0119dzy nami \u201enie gra\u201d, co\u015b mi\u0119dzy nami jest nie tak, jak by\u0107 powinno.<\/b> <\/div>\n<div class=\"MsoNormal\" style=\"text-align: justify; text-indent: 35.4pt;\">Nie mo\u017cna udawa\u0107, \u017ce wszystko jest w porz\u0105dku, bo wtedy ten, kto nas skrzywdzi\u0142, <b style=\"mso-bidi-font-weight: normal;\">\u0142atwo rozgrzeszy si\u0119 ze swojego z\u0142a.<\/b> <b>A nie wolno mu na to pozwoli\u0107!<\/b> Przeto mamy prawo okaza\u0107 nasze niezadowolenie, rozczarowanie czy \u017cal. Ale nie mamy prawa <b style=\"mso-bidi-font-weight: normal;\">przekre\u015bli\u0107 tego cz\u0142owieka, pot\u0119pi\u0107 go, odrzuci\u0107 czy znienawidzi\u0107.<\/b> Mamy prawo nawet podnie\u015b\u0107 na niego g\u0142os i bardzo rzeczowo wypowiedzie\u0107 s\u0142owa krytyki, upomnienia, czy \u017calu. <b style=\"mso-bidi-font-weight: normal;\">Ale nie mamy prawa nosi\u0107 w sercu pragnienia zemsty czy pragnienia tego, aby mu si\u0119 co\u015b z\u0142ego sta\u0142o. <\/b><\/div>\n<div class=\"MsoNormal\" style=\"text-align: justify; text-indent: 35.4pt;\">Przebaczenie <b style=\"mso-bidi-font-weight: normal;\">nie musi oznacza\u0107 rzucania si\u0119 sobie na szyj\u0119<\/b> czy innych zewn\u0119trznych gest\u00f3w. Przebaczenie tak\u017ce <b style=\"mso-bidi-font-weight: normal;\">nie oznacza milczenia na widok z\u0142a.<\/b> Przebaczenie wreszcie <b style=\"mso-bidi-font-weight: normal;\">nie przekre\u015bla dochodzenia sprawiedliwo\u015bci \u2013 nawet przed s\u0105dem! <\/b>Bo przebaczenie \u2013 jeszcze raz chcia\u0142bym to podkre\u015bli\u0107 \u2013 <b style=\"mso-bidi-font-weight: normal;\">to nastawienie serca.<\/b> To takie nastawienie serca, kt\u00f3re <b style=\"mso-bidi-font-weight: normal;\">chce dobra krzywdziciela, ale te\u017c nie udaje, \u017ce nic si\u0119 nie sta\u0142o.<\/b> Owszem, sta\u0142o si\u0119 \u2013 i trzeba to naprawi\u0107. <\/div>\n<div class=\"MsoNormal\" style=\"text-align: justify; text-indent: 35.4pt;\">Dlatego na s\u0142owo: \u201ePrzepraszam\u201d, <b style=\"mso-bidi-font-weight: normal;\">nie powinno si\u0119 odpowiada\u0107: \u201eNic si\u0119 nie sta\u0142o\u201d; \u201eTo nic takiego\u201d.<\/b> Bardziej nale\u017ca\u0142oby powiedzie\u0107: <b style=\"mso-bidi-font-weight: normal;\">\u201eNie r\u00f3b tego wi\u0119cej!\u201d;<\/b> \u201ePomy\u015bl, zanim co\u015b takiego zrobisz!\u201d. <\/div>\n<div class=\"MsoNormal\" style=\"text-align: justify; text-indent: 35.4pt;\">Zobaczmy, \u017ce kiedy Jezus odpuszcza\u0142 grzechy \u2013 na przyk\u0142ad: jawnogrzesznicy \u2013 nie powiedzia\u0142: \u201eNic si\u0119 nie sta\u0142o\u201d. Owszem, powiedzia\u0142, \u017ce jej nie pot\u0119pia, ale zaraz doda\u0142: <b style=\"mso-bidi-font-weight: normal;\"><i style=\"mso-bidi-font-style: normal;\">Od tej chwili ju\u017c nie grzesz<\/i>!<\/b> I to jest w\u0142a\u015bnie postawa przebaczenia \u2013 ona <b style=\"mso-bidi-font-weight: normal;\">zawsze jest jakim\u015b krokiem do przodu, jest jakim\u015b programem pracy: tego od tej chwili ju\u017c nie czy\u0144, ale za to \u2013 czy\u0144 tamto!<\/b> Unikaj z\u0142a, zacznij czyni\u0107 dobro. <b style=\"mso-bidi-font-weight: normal;\">Wyci\u0105gnij wnioski ze swego z\u0142ego post\u0119powania,<\/b> aby\u015b ju\u017c nigdy wi\u0119cej nikogo tak nie skrzywdzi\u0142, jak mnie skrzywdzi\u0142e\u015b. <\/div>\n<div class=\"MsoNormal\" style=\"text-align: justify; text-indent: 35.4pt;\">Kochani, taka postawa przebaczenia jest mo\u017cliwa do zrealizowania. Nam si\u0119 mo\u017ce wydaje, \u017ce przebaczy\u0107 to mo\u017ce <b style=\"mso-bidi-font-weight: normal;\">albo tylko jaki\u015b wielki \u015awi\u0119ty, albo kto\u015b niesko\u0144czenie naiwny, kto da sobie wej\u015b\u0107 na g\u0142ow\u0119.<\/b> By\u0107 mo\u017ce boimy si\u0119 przebaczy\u0107, bo wydaje nam si\u0119, \u017ce b\u0119dzie tak, jak w naszej polskiej rzeczywisto\u015bci, <b style=\"mso-bidi-font-weight: normal;\">\u017ce ten, kto kradnie i oszukuje \u2013 i tak wyjdzie na swoje, a ten, kogo oszukuj\u0105 \u2013 i tak nie dojdzie swego.<\/b> <\/div>\n<div class=\"MsoNormal\" style=\"text-align: justify; text-indent: 35.4pt;\">W przypadku chrze\u015bcija\u0144skiego przebaczenia nie tak si\u0119 sprawy maj\u0105, bo tutaj <b style=\"mso-bidi-font-weight: normal;\">sam B\u00f3g bierze w opiek\u0119 pokrzywdzonego i On sam wynagrodzi krzywd\u0119,<\/b> <b style=\"mso-bidi-font-weight: normal;\">i On sam wymierzy sprawiedliwo\u015b\u0107 krzywdzicielowi.<\/b> Cz\u0119sto jeszcze za \u017cycia\u2026 <\/div>\n<div class=\"MsoNormal\" style=\"text-align: justify; text-indent: 35.4pt;\">A poza tym \u2013 jak wspomnia\u0142em \u2013 przebaczenie nie oznacza zapomnienia tego, co si\u0119 sta\u0142o. Nie oznacza te\u017c rezygnacji z dochodzenia swoich praw. <b style=\"mso-bidi-font-weight: normal;\">Oznacza nastawienie serca.<\/b> <b style=\"mso-bidi-font-weight: normal;\">I o tak\u0105 postaw\u0119 przebaczenia trzeba nam si\u0119 stara\u0107 zawsze i w ka\u017cdej sytuacji. A\u017c \u2013 siedemdziesi\u0105t siedem razy! <\/b><\/div>\n<div class=\"MsoNormal\" style=\"text-align: justify; text-indent: 35.4pt;\">W tym kontek\u015bcie pomy\u015blmy:<\/div>\n<div class=\"MsoNormal\" style=\"margin-left: 36.0pt; mso-list: l0 level1 lfo1; tab-stops: list 36.0pt; text-align: justify; text-indent: -18.0pt;\">\u00b7&nbsp;&nbsp;&nbsp;&nbsp;&nbsp;&nbsp;&nbsp; Czy staram si\u0119 wyzwala\u0107 swoje serce z nienawi\u015bci do tego, kto mnie skrzywdzi\u0142 \u2013&nbsp; czy modl\u0119 si\u0119 za swoich krzywdzicieli? <\/div>\n<div class=\"MsoNormal\" style=\"margin-left: 36.0pt; mso-list: l0 level1 lfo1; tab-stops: list 36.0pt; text-align: justify; text-indent: -18.0pt;\">\u00b7&nbsp;&nbsp;&nbsp;&nbsp;&nbsp;&nbsp;&nbsp; Czy umiem odr\u00f3\u017cni\u0107 pot\u0119pienie z\u0142a od pot\u0119pienia cz\u0142owieka?<\/div>\n<div class=\"MsoNormal\" style=\"margin-left: 36.0pt; mso-list: l0 level1 lfo1; tab-stops: list 36.0pt; text-align: justify; text-indent: -18.0pt;\">\u00b7&nbsp;&nbsp;&nbsp;&nbsp;&nbsp;&nbsp;&nbsp; Czy ci\u0105gle \u201ena si\u0142\u0119\u201d nie wracam do przykrych wydarze\u0144 ze swego \u017cycia, czy ci\u0105gle o tym nie m\u00f3wi\u0119, nie rozk\u0142adam \u201ena czynniki pierwsze\u201d \u2013 a przez to nie staj\u0119 si\u0119 zgorzknia\u0142y i zrezygnowany?<\/div>\n<div class=\"MsoNormal\" style=\"text-align: justify;\">\n<\/div>\n<div class=\"MsoNormal\" style=\"text-align: justify;\"><b style=\"mso-bidi-font-weight: normal;\"><i>Pami\u0119taj na przykazania i nie miej w nienawi\u015bci bli\u017aniego, na przymierze Najwy\u017cszego \u2013 i daruj obraz\u0119<\/i><\/b><b style=\"mso-bidi-font-weight: normal;\">!<\/b><\/div>\n","protected":false},"excerpt":{"rendered":"<p>Niech b\u0119dzie pochwalony Jezus Chrystus! Dzisiaj Niedziela &#8211; Dzie\u0144 Pa\u0144ski. Zapraszam do udzia\u0142u we Mszy \u015awi\u0119tej i do g\u0142\u0119bokiej refleksji nad Bo\u017cym S\u0142owem, kt\u00f3re dotyka znowu problemu niezwykle wa\u017cnego i dotycz\u0105cego wszystkich nas bez wyj\u0105tku &#8211; problemu przebaczenia.&nbsp; &nbsp;&nbsp;&nbsp;&nbsp;&nbsp; A tak na marginesie: dowiedzia\u0142em si\u0119, \u017ce nie dzia\u0142a\u0142a jaki\u015b czas prywatna poczta na blogu. Prosi\u0142em [&hellip;]<\/p>\n","protected":false},"author":1,"featured_media":0,"comment_status":"open","ping_status":"open","sticky":false,"template":"","format":"standard","meta":{"jetpack_post_was_ever_published":false,"_jetpack_newsletter_access":"","_jetpack_dont_email_post_to_subs":false,"_jetpack_newsletter_tier_id":0,"_jetpack_memberships_contains_paywalled_content":false,"_jetpack_memberships_contains_paid_content":false,"footnotes":""},"categories":[1],"tags":[],"class_list":["post-9736","post","type-post","status-publish","format-standard","hentry","category-bez-kategorii"],"yoast_head":"<!-- This site is optimized with the Yoast SEO plugin v25.1 - https:\/\/yoast.com\/wordpress\/plugins\/seo\/ -->\n<title>Panie, ile razy mam przebacza\u0107? - Gaudium Et Spes<\/title>\n<meta name=\"robots\" content=\"index, follow, max-snippet:-1, max-image-preview:large, max-video-preview:-1\" \/>\n<link rel=\"canonical\" href=\"https:\/\/gaudiumetspes-blog.pl\/index.php\/2011\/09\/11\/panie-ile-razy-mam-przebaczac\/\" \/>\n<meta property=\"og:locale\" content=\"pl_PL\" \/>\n<meta property=\"og:type\" content=\"article\" \/>\n<meta property=\"og:title\" content=\"Panie, ile razy mam przebacza\u0107? - Gaudium Et Spes\" \/>\n<meta property=\"og:description\" content=\"Niech b\u0119dzie pochwalony Jezus Chrystus! Dzisiaj Niedziela &#8211; Dzie\u0144 Pa\u0144ski. Zapraszam do udzia\u0142u we Mszy \u015awi\u0119tej i do g\u0142\u0119bokiej refleksji nad Bo\u017cym S\u0142owem, kt\u00f3re dotyka znowu problemu niezwykle wa\u017cnego i dotycz\u0105cego wszystkich nas bez wyj\u0105tku &#8211; problemu przebaczenia.&nbsp; &nbsp;&nbsp;&nbsp;&nbsp;&nbsp; A tak na marginesie: dowiedzia\u0142em si\u0119, \u017ce nie dzia\u0142a\u0142a jaki\u015b czas prywatna poczta na blogu. Prosi\u0142em [&hellip;]\" \/>\n<meta property=\"og:url\" content=\"https:\/\/gaudiumetspes-blog.pl\/index.php\/2011\/09\/11\/panie-ile-razy-mam-przebaczac\/\" \/>\n<meta property=\"og:site_name\" content=\"Gaudium Et Spes\" \/>\n<meta property=\"article:published_time\" content=\"2011-09-11T04:46:00+00:00\" \/>\n<meta property=\"article:modified_time\" content=\"2019-07-31T10:52:37+00:00\" \/>\n<meta name=\"author\" content=\"Ks. Jacek\" \/>\n<meta name=\"twitter:card\" content=\"summary_large_image\" \/>\n<meta name=\"twitter:label1\" content=\"Napisane przez\" \/>\n\t<meta name=\"twitter:data1\" content=\"Ks. Jacek\" \/>\n\t<meta name=\"twitter:label2\" content=\"Szacowany czas czytania\" \/>\n\t<meta name=\"twitter:data2\" content=\"14 minut\" \/>\n<script type=\"application\/ld+json\" class=\"yoast-schema-graph\">{\"@context\":\"https:\/\/schema.org\",\"@graph\":[{\"@type\":\"WebPage\",\"@id\":\"https:\/\/gaudiumetspes-blog.pl\/index.php\/2011\/09\/11\/panie-ile-razy-mam-przebaczac\/\",\"url\":\"https:\/\/gaudiumetspes-blog.pl\/index.php\/2011\/09\/11\/panie-ile-razy-mam-przebaczac\/\",\"name\":\"Panie, ile razy mam przebacza\u0107? - Gaudium Et Spes\",\"isPartOf\":{\"@id\":\"https:\/\/gaudiumetspes-blog.pl\/#website\"},\"datePublished\":\"2011-09-11T04:46:00+00:00\",\"dateModified\":\"2019-07-31T10:52:37+00:00\",\"author\":{\"@id\":\"https:\/\/gaudiumetspes-blog.pl\/#\/schema\/person\/1661982992b752dea8dff0d4ed845a65\"},\"breadcrumb\":{\"@id\":\"https:\/\/gaudiumetspes-blog.pl\/index.php\/2011\/09\/11\/panie-ile-razy-mam-przebaczac\/#breadcrumb\"},\"inLanguage\":\"pl-PL\",\"potentialAction\":[{\"@type\":\"ReadAction\",\"target\":[\"https:\/\/gaudiumetspes-blog.pl\/index.php\/2011\/09\/11\/panie-ile-razy-mam-przebaczac\/\"]}]},{\"@type\":\"BreadcrumbList\",\"@id\":\"https:\/\/gaudiumetspes-blog.pl\/index.php\/2011\/09\/11\/panie-ile-razy-mam-przebaczac\/#breadcrumb\",\"itemListElement\":[{\"@type\":\"ListItem\",\"position\":1,\"name\":\"Strona g\u0142\u00f3wna\",\"item\":\"https:\/\/gaudiumetspes-blog.pl\/\"},{\"@type\":\"ListItem\",\"position\":2,\"name\":\"Panie, ile razy mam przebacza\u0107?\"}]},{\"@type\":\"WebSite\",\"@id\":\"https:\/\/gaudiumetspes-blog.pl\/#website\",\"url\":\"https:\/\/gaudiumetspes-blog.pl\/\",\"name\":\"Gaudium Et Spes\",\"description\":\"Blog Ks. Jacka Ja\u015bkowskiego\",\"potentialAction\":[{\"@type\":\"SearchAction\",\"target\":{\"@type\":\"EntryPoint\",\"urlTemplate\":\"https:\/\/gaudiumetspes-blog.pl\/?s={search_term_string}\"},\"query-input\":{\"@type\":\"PropertyValueSpecification\",\"valueRequired\":true,\"valueName\":\"search_term_string\"}}],\"inLanguage\":\"pl-PL\"},{\"@type\":\"Person\",\"@id\":\"https:\/\/gaudiumetspes-blog.pl\/#\/schema\/person\/1661982992b752dea8dff0d4ed845a65\",\"name\":\"Ks. Jacek\",\"image\":{\"@type\":\"ImageObject\",\"inLanguage\":\"pl-PL\",\"@id\":\"https:\/\/gaudiumetspes-blog.pl\/#\/schema\/person\/image\/\",\"url\":\"https:\/\/gaudiumetspes-blog.pl\/wp-content\/uploads\/2019\/07\/avatar-JJ-150x150.jpg\",\"contentUrl\":\"https:\/\/gaudiumetspes-blog.pl\/wp-content\/uploads\/2019\/07\/avatar-JJ-150x150.jpg\",\"caption\":\"Ks. Jacek\"},\"description\":\"Witam serdecznie! K\u0142ania si\u0119 Ks. Jacek Ja\u015bkowski. Nie jestem ani kim\u015b wa\u017cnym, ani kim\u015b znanym. Jestem ksi\u0119dzem, kt\u00f3ry po prostu chce rozmawia\u0107. Codzienna kap\u0142a\u0144ska pos\u0142uga pokazuje mi, \u017ce temat\u00f3w do rozm\u00f3w z ksi\u0119dzem jest coraz wi\u0119cej i dzisiaj \u017caden ksi\u0105dz nie mo\u017ce od nich ucieka\u0107, ale - wprost przeciwnie - podejmowa\u0107 nowe wyzwania. To przekonanie sk\u0142oni\u0142o mnie do pr\u00f3by otwarcia tego\u017c bloga, chocia\u017c okazji do rozm\u00f3w na co dzie\u0144 - w konfesjonale i poza nim - na szcz\u0119\u015bcie nie brakuje. My\u015bl\u0119 jednak, \u017ce ten blog b\u0119dzie jeszcze jednym sposobem i przestrzeni\u0105 nawi\u0105zania kontaktu z lud\u017ami dobrej woli, otwartymi na dialog.\",\"url\":\"https:\/\/gaudiumetspes-blog.pl\/index.php\/author\/ks-jacek\/\"}]}<\/script>\n<!-- \/ Yoast SEO plugin. -->","yoast_head_json":{"title":"Panie, ile razy mam przebacza\u0107? - Gaudium Et Spes","robots":{"index":"index","follow":"follow","max-snippet":"max-snippet:-1","max-image-preview":"max-image-preview:large","max-video-preview":"max-video-preview:-1"},"canonical":"https:\/\/gaudiumetspes-blog.pl\/index.php\/2011\/09\/11\/panie-ile-razy-mam-przebaczac\/","og_locale":"pl_PL","og_type":"article","og_title":"Panie, ile razy mam przebacza\u0107? - Gaudium Et Spes","og_description":"Niech b\u0119dzie pochwalony Jezus Chrystus! Dzisiaj Niedziela &#8211; Dzie\u0144 Pa\u0144ski. Zapraszam do udzia\u0142u we Mszy \u015awi\u0119tej i do g\u0142\u0119bokiej refleksji nad Bo\u017cym S\u0142owem, kt\u00f3re dotyka znowu problemu niezwykle wa\u017cnego i dotycz\u0105cego wszystkich nas bez wyj\u0105tku &#8211; problemu przebaczenia.&nbsp; &nbsp;&nbsp;&nbsp;&nbsp;&nbsp; A tak na marginesie: dowiedzia\u0142em si\u0119, \u017ce nie dzia\u0142a\u0142a jaki\u015b czas prywatna poczta na blogu. Prosi\u0142em [&hellip;]","og_url":"https:\/\/gaudiumetspes-blog.pl\/index.php\/2011\/09\/11\/panie-ile-razy-mam-przebaczac\/","og_site_name":"Gaudium Et Spes","article_published_time":"2011-09-11T04:46:00+00:00","article_modified_time":"2019-07-31T10:52:37+00:00","author":"Ks. Jacek","twitter_card":"summary_large_image","twitter_misc":{"Napisane przez":"Ks. Jacek","Szacowany czas czytania":"14 minut"},"schema":{"@context":"https:\/\/schema.org","@graph":[{"@type":"WebPage","@id":"https:\/\/gaudiumetspes-blog.pl\/index.php\/2011\/09\/11\/panie-ile-razy-mam-przebaczac\/","url":"https:\/\/gaudiumetspes-blog.pl\/index.php\/2011\/09\/11\/panie-ile-razy-mam-przebaczac\/","name":"Panie, ile razy mam przebacza\u0107? - Gaudium Et Spes","isPartOf":{"@id":"https:\/\/gaudiumetspes-blog.pl\/#website"},"datePublished":"2011-09-11T04:46:00+00:00","dateModified":"2019-07-31T10:52:37+00:00","author":{"@id":"https:\/\/gaudiumetspes-blog.pl\/#\/schema\/person\/1661982992b752dea8dff0d4ed845a65"},"breadcrumb":{"@id":"https:\/\/gaudiumetspes-blog.pl\/index.php\/2011\/09\/11\/panie-ile-razy-mam-przebaczac\/#breadcrumb"},"inLanguage":"pl-PL","potentialAction":[{"@type":"ReadAction","target":["https:\/\/gaudiumetspes-blog.pl\/index.php\/2011\/09\/11\/panie-ile-razy-mam-przebaczac\/"]}]},{"@type":"BreadcrumbList","@id":"https:\/\/gaudiumetspes-blog.pl\/index.php\/2011\/09\/11\/panie-ile-razy-mam-przebaczac\/#breadcrumb","itemListElement":[{"@type":"ListItem","position":1,"name":"Strona g\u0142\u00f3wna","item":"https:\/\/gaudiumetspes-blog.pl\/"},{"@type":"ListItem","position":2,"name":"Panie, ile razy mam przebacza\u0107?"}]},{"@type":"WebSite","@id":"https:\/\/gaudiumetspes-blog.pl\/#website","url":"https:\/\/gaudiumetspes-blog.pl\/","name":"Gaudium Et Spes","description":"Blog Ks. Jacka Ja\u015bkowskiego","potentialAction":[{"@type":"SearchAction","target":{"@type":"EntryPoint","urlTemplate":"https:\/\/gaudiumetspes-blog.pl\/?s={search_term_string}"},"query-input":{"@type":"PropertyValueSpecification","valueRequired":true,"valueName":"search_term_string"}}],"inLanguage":"pl-PL"},{"@type":"Person","@id":"https:\/\/gaudiumetspes-blog.pl\/#\/schema\/person\/1661982992b752dea8dff0d4ed845a65","name":"Ks. Jacek","image":{"@type":"ImageObject","inLanguage":"pl-PL","@id":"https:\/\/gaudiumetspes-blog.pl\/#\/schema\/person\/image\/","url":"https:\/\/gaudiumetspes-blog.pl\/wp-content\/uploads\/2019\/07\/avatar-JJ-150x150.jpg","contentUrl":"https:\/\/gaudiumetspes-blog.pl\/wp-content\/uploads\/2019\/07\/avatar-JJ-150x150.jpg","caption":"Ks. Jacek"},"description":"Witam serdecznie! K\u0142ania si\u0119 Ks. Jacek Ja\u015bkowski. Nie jestem ani kim\u015b wa\u017cnym, ani kim\u015b znanym. Jestem ksi\u0119dzem, kt\u00f3ry po prostu chce rozmawia\u0107. Codzienna kap\u0142a\u0144ska pos\u0142uga pokazuje mi, \u017ce temat\u00f3w do rozm\u00f3w z ksi\u0119dzem jest coraz wi\u0119cej i dzisiaj \u017caden ksi\u0105dz nie mo\u017ce od nich ucieka\u0107, ale - wprost przeciwnie - podejmowa\u0107 nowe wyzwania. To przekonanie sk\u0142oni\u0142o mnie do pr\u00f3by otwarcia tego\u017c bloga, chocia\u017c okazji do rozm\u00f3w na co dzie\u0144 - w konfesjonale i poza nim - na szcz\u0119\u015bcie nie brakuje. My\u015bl\u0119 jednak, \u017ce ten blog b\u0119dzie jeszcze jednym sposobem i przestrzeni\u0105 nawi\u0105zania kontaktu z lud\u017ami dobrej woli, otwartymi na dialog.","url":"https:\/\/gaudiumetspes-blog.pl\/index.php\/author\/ks-jacek\/"}]}},"jetpack_featured_media_url":"","jetpack_sharing_enabled":true,"_links":{"self":[{"href":"https:\/\/gaudiumetspes-blog.pl\/index.php\/wp-json\/wp\/v2\/posts\/9736","targetHints":{"allow":["GET"]}}],"collection":[{"href":"https:\/\/gaudiumetspes-blog.pl\/index.php\/wp-json\/wp\/v2\/posts"}],"about":[{"href":"https:\/\/gaudiumetspes-blog.pl\/index.php\/wp-json\/wp\/v2\/types\/post"}],"author":[{"embeddable":true,"href":"https:\/\/gaudiumetspes-blog.pl\/index.php\/wp-json\/wp\/v2\/users\/1"}],"replies":[{"embeddable":true,"href":"https:\/\/gaudiumetspes-blog.pl\/index.php\/wp-json\/wp\/v2\/comments?post=9736"}],"version-history":[{"count":1,"href":"https:\/\/gaudiumetspes-blog.pl\/index.php\/wp-json\/wp\/v2\/posts\/9736\/revisions"}],"predecessor-version":[{"id":10347,"href":"https:\/\/gaudiumetspes-blog.pl\/index.php\/wp-json\/wp\/v2\/posts\/9736\/revisions\/10347"}],"wp:attachment":[{"href":"https:\/\/gaudiumetspes-blog.pl\/index.php\/wp-json\/wp\/v2\/media?parent=9736"}],"wp:term":[{"taxonomy":"category","embeddable":true,"href":"https:\/\/gaudiumetspes-blog.pl\/index.php\/wp-json\/wp\/v2\/categories?post=9736"},{"taxonomy":"post_tag","embeddable":true,"href":"https:\/\/gaudiumetspes-blog.pl\/index.php\/wp-json\/wp\/v2\/tags?post=9736"}],"curies":[{"name":"wp","href":"https:\/\/api.w.org\/{rel}","templated":true}]}}