{"id":9745,"date":"2011-09-02T06:59:00","date_gmt":"2011-09-02T04:59:00","guid":{"rendered":"https:\/\/gaudiumetspes-blog.pl\/index.php\/2011\/09\/02\/dlaczego-twoi-uczniowie-nie-poszcza\/"},"modified":"2019-07-31T12:52:35","modified_gmt":"2019-07-31T10:52:35","slug":"dlaczego-twoi-uczniowie-nie-poszcza","status":"publish","type":"post","link":"https:\/\/gaudiumetspes-blog.pl\/index.php\/2011\/09\/02\/dlaczego-twoi-uczniowie-nie-poszcza\/","title":{"rendered":"Dlaczego Twoi Uczniowie nie poszcz\u0105?&#8230;"},"content":{"rendered":"<p><\/p>\n<div class=\"MsoNormal\" style=\"text-align: justify;\">Szcz\u0119\u015b\u0107 Bo\u017ce! Witam i pozdrawiam w pierwszy pi\u0105tek miesi\u0105ca. Powoli wchodz\u0119 w rytm pracy w Parafii w Celestynowie. Za chwil\u0119 ruszam do Chorych z pos\u0142ug\u0105 sakramentaln\u0105. A dzisiaj wieczorem zaplanowa\u0142em spokojne poczytanie ostatnich wpis\u00f3w i odpisanie. Dobrego dnia!<\/div>\n<div class=\"MsoNormal\" style=\"text-align: justify;\">&nbsp;&nbsp;&nbsp;&nbsp;&nbsp;&nbsp;&nbsp;&nbsp; Gaudium et spes!&nbsp; Ks. Jacek<b><br \/>\n<\/b><\/div>\n<div class=\"MsoNormal\" style=\"text-align: justify;\">\n<\/div>\n<div class=\"MsoNormal\" style=\"text-align: justify;\"><b>Pi\u0105tek 22 tygodnia zwyk\u0142ego, rok I,<\/b><\/div>\n<div class=\"MsoNormal\" style=\"text-align: justify;\"><b style=\"mso-bidi-font-weight: normal;\">do czyta\u0144: &nbsp;Kol 1,15\u201320; &nbsp;\u0141k 5,33\u201339<\/b><\/div>\n<div class=\"MsoNormal\" style=\"text-align: justify;\">\n<\/div>\n<div class=\"MsoNormal\" style=\"text-align: justify; text-indent: 35.4pt;\">Jako\u015b tak bardzo szczeg\u00f3lnie s\u0142owa dzisiejszej Ewangelii brzmi\u0105 w pi\u0105tek \u2013 a do tego: <b style=\"mso-bidi-font-weight: normal;\">w pierwszy pi\u0105tek miesi\u0105ca.<\/b> Oto bowiem faryzeusze i uczeni w Pi\u015bmie zwr\u00f3cili si\u0119 do Jezusa z pytaniem, <b style=\"mso-bidi-font-weight: normal;\">dlaczeg\u00f3\u017c to Jego Uczniowie nie poszcz\u0105, kiedy inni poszcz\u0105.<\/b> Naturalnie, nie mamy w\u0105tpliwo\u015bci, \u017ce pytanie to i zawarty w nim zarzut bynajmniej nie dotyczy\u0142 uczni\u00f3w jako uczni\u00f3w, <b style=\"mso-bidi-font-weight: normal;\">ale samego Jezusa, bo to On przecie\u017c ustali\u0142 zasady,<\/b> kt\u00f3rych przestrzegaj\u0105 Jego Uczniowie. <\/div>\n<div class=\"MsoNormal\" style=\"text-align: justify; text-indent: 35.4pt;\">I dlatego to w\u0142a\u015bnie Jezus na zarzut ten odpowiada, wskazuj\u0105c <b style=\"mso-bidi-font-weight: normal;\">na g\u0142\u0119boki sens postu jako takiego<\/b> \u2013 i\u017c nie jest on praktyk\u0105 dla samej praktyki, ale \u017ce <b style=\"mso-bidi-font-weight: normal;\">ma g\u0142\u0119bokie znaczenie dla kszta\u0142towania relacji cz\u0142owieka do Boga!<\/b> Jezus m\u00f3wi wyra\u017anie, \u017ce post nie mo\u017ce by\u0107 zachowywany niejako niezale\u017cnie od Boga. Post ma mie\u0107 <b style=\"mso-bidi-font-weight: normal;\">bezpo\u015brednie odniesienie<\/b> do \u017cycia duchowego, \u017cycia wewn\u0119trznego cz\u0142owieka! Zatem post, kt\u00f3ry jest tylko zewn\u0119trzn\u0105 praktyk\u0105, oderwan\u0105 od swego g\u0142\u0119bokiego znaczenia \u2013 <b style=\"mso-bidi-font-weight: normal;\">w og\u00f3le nie ma sensu!<\/b><\/div>\n<div class=\"MsoNormal\" style=\"text-align: justify; text-indent: 35.4pt;\">Post po to bowiem jest, aby <b style=\"mso-bidi-font-weight: normal;\">cz\u0142owieka nauczy\u0107 my\u015ble\u0107 o Bogu,<\/b> aby pom\u00f3c cz\u0142owiekowi oderwa\u0107 wzrok od spraw doczesnych, a skierowa\u0107 go ku Bogu! Aby te\u017c pom\u00f3c cz\u0142owiekowi jego serce oraz wszystkie jego pragnienia i d\u0105\u017cenia <b style=\"mso-bidi-font-weight: normal;\">kierowa\u0107 ku sprawom duchowym i sprawom Kr\u00f3lestwa Bo\u017cego.<\/b> Przeto post oznacza <b style=\"mso-bidi-font-weight: normal;\">rezygnacj\u0119 z czego\u015b, aby zyska\u0107 co\u015b,<\/b> przy tym to drugie \u201eco\u015b\u201d ma znaczenie niepor\u00f3wnywalnie wi\u0119ksze od tego pierwszego. To pierwsze bowiem oznacza jakie\u015b warto\u015bci, bogactwa, dobra doczesne, wymierne, ludzkie\u2026 <b style=\"mso-bidi-font-weight: normal;\">To drugie \u2013 oznacza samego Boga.<\/b> I blisk\u0105 z Nim relacj\u0119. I Jego obecno\u015b\u0107 w \u017cyciu. <\/div>\n<div class=\"MsoNormal\" style=\"text-align: justify; text-indent: 35.4pt;\">I st\u0105d te\u017c Uczniowie Jezusa, kt\u00f3rzy pozostawali w bezpo\u015bredniej z Nim blisko\u015bci, nie mogli po\u015bci\u0107 \u2013 w\u0142a\u015bnie dlatego, \u017ce byli <b style=\"mso-bidi-font-weight: normal;\">najbli\u017cej Boga jak tylko mogli by\u0107!<\/b> Z czasem jednak i oni potrzebowali owego odnawiania tej blisko\u015bci \u2013 kiedy Jezus ju\u017c wst\u0105pi\u0142 do Nieba, a oni pozostali, by kontynuowa\u0107 Jego dzie\u0142o: wtedy <b style=\"mso-bidi-font-weight: normal;\">nieraz musieli wraca\u0107 sercem i pami\u0119ci\u0105 do tych w\u0142a\u015bnie dni,<\/b> kiedy byli razem \u2013 i wtedy te\u017c nieraz z pewno\u015bci\u0105 musieli <b style=\"mso-bidi-font-weight: normal;\">zatrzyma\u0107 si\u0119 biegu swoich codziennych spraw, <\/b>aby skierowa\u0107 serce ku Bogu, aby niejako odnawia\u0107 swoj\u0105 duchow\u0105 wi\u0119\u017a z Mistrzem. <b style=\"mso-bidi-font-weight: normal;\">A na tym dok\u0142adnie polega post! <\/b><\/div>\n<div class=\"MsoNormal\" style=\"text-align: justify; text-indent: 35.4pt;\">Dlatego w czasie, kiedy byli przy Jezusie <b style=\"mso-bidi-font-weight: normal;\">i ch\u0142on\u0119li Jego obecno\u015b\u0107, Jego nauk\u0119 \u2013 post nie by\u0142 im potrzebny.<\/b> Przyda\u0142by si\u0119 za to <b style=\"mso-bidi-font-weight: normal;\">przewrotnym faryzeuszom,<\/b> kt\u00f3rzy zasklepieni w swoim schematycznym my\u015bleniu, a w dodatku jeszcze negatywnie nastawieni \u2013 <b style=\"mso-bidi-font-weight: normal;\">nie chcieli dostrzec nowo\u015bci tego przes\u0142ania, kt\u00f3re przyni\u00f3s\u0142 Jezus.<\/b> I dlatego cho\u0107 zachowywali wiernie wszystkie przykazane Prawem praktyki pokutne i postne, w rzeczywisto\u015bci <b style=\"mso-bidi-font-weight: normal;\">wcale nie zbli\u017cali si\u0119 do Boga,<\/b> wcale nie odnawiali swego \u017cycia wewn\u0119trznego. Pozostali lud\u017ami <b style=\"mso-bidi-font-weight: normal;\">zamkni\u0119tymi, zimnymi, fa\u0142szywymi do szpiku ko\u015bci<\/b> \u2013 chocia\u017c rzeczywi\u015bcie zachowywali wszystkie przepisy postne. <\/div>\n<div class=\"MsoNormal\" style=\"text-align: justify; text-indent: 35.4pt;\">W ich wydaniu post i pokuta by\u0142y tylko zewn\u0119trznymi praktykami, nie powoduj\u0105cymi \u017cadnej zmiany my\u015blenia, \u017cadnej zmiany wewn\u0119trznej. A to w\u0142a\u015bnie <b style=\"mso-bidi-font-weight: normal;\">w tym tkwi istota postu i pokuty.<\/b> Je\u017celi to odejdzie \u2013 to wszelkie praktyki mo\u017cna ju\u017c sobie podarowa\u0107, bo one <b style=\"mso-bidi-font-weight: normal;\">i tak nie maj\u0105 sensu,<\/b> i oznaczaj\u0105 jedynie przyszywanie \u0142aty z nowego materia\u0142u do starego ubrania, albo wlewanie m\u0142odego wina do starych buk\u0142ak\u00f3w. Trzeba odnowi\u0107 serce, aby przyj\u0105\u0107 nauk\u0119 Jezusa i ni\u0105 \u017cy\u0107 \u2013 <b style=\"mso-bidi-font-weight: normal;\">po to w\u0142a\u015bnie jest post!<\/b> <\/div>\n<div class=\"MsoNormal\" style=\"text-align: justify; text-indent: 35.4pt;\">Przeto o wiele lepszym postem, ni\u017c to, \u017ce tyle czy tyle zjem, jest to, \u017ce <b style=\"mso-bidi-font-weight: normal;\">przestan\u0119 wreszcie obmawia\u0107 drugiego, czy gniewa\u0107 si\u0119 na niego;<\/b> \u017ce zaczn\u0119 do ludzi m\u00f3wi\u0107 ludzkim g\u0142osem, a nie tylko b\u0119d\u0119 \u201ewarcze\u0107\u201d i patrze\u0107 na nich z g\u00f3ry\u2026 Tak\u017ce \u2013 \u017ce zaczn\u0119 zachowywa\u0107 zasady <b style=\"mso-bidi-font-weight: normal;\">uczciwo\u015bci, punktualno\u015bci, dok\u0142adno\u015bci w tym, co robi\u0119<\/b>\u2026 Je\u017celi moje posty i pobo\u017cne praktyki do tego mnie prowadz\u0105, \u017ce <b style=\"mso-bidi-font-weight: normal;\">te w\u0142a\u015bnie postawy w sobie ci\u0105gle odnawiam,<\/b> to wszystko jest na swoim miejscu i ma sens. <\/div>\n<div class=\"MsoNormal\" style=\"text-align: justify; text-indent: 35.4pt;\">Ale je\u017celi zachowuj\u0119 wszystkie mo\u017cliwe posty, chodz\u0119 codziennie do ko\u015bci\u00f3\u0142ka i pierwsze pi\u0105tki odprawiam, i wszystkie modlitewki z ksi\u0105\u017ceczki odmawiam, <b style=\"mso-bidi-font-weight: normal;\">a nie chc\u0119 nic zmieni\u0107 w swoim \u017cyciu, w swoim traktowaniu drugiego cz\u0142owieka<\/b> \u2013 szczeg\u00f3lnie w rodzinie \u2013 i w og\u00f3le w swoim my\u015bleniu, to mo\u017cna sobie \u015bmia\u0142o <b style=\"mso-bidi-font-weight: normal;\">odpu\u015bci\u0107 i te pierwsze pi\u0105tki, i te wszystkie paciorki<\/b>\u2026 Bo nie maj\u0105 one sensu. <\/div>\n<div class=\"MsoNormal\" style=\"text-align: justify; text-indent: 35.4pt;\">Post i wszystkie zewn\u0119trzne praktyki musz\u0105 mie\u0107 <b style=\"mso-bidi-font-weight: normal;\">jak najmocniejszy i jak najbli\u017cszy zwi\u0105zek z wn\u0119trzem, z sercem, z moj\u0105 postaw\u0105 i moim my\u015bleniem!<\/b> I musz\u0105 prowadzi\u0107 do ponownego okrycia wielko\u015bci i \u015bwi\u0119to\u015bci Jezusa, o kt\u00f3rym tak pi\u0119knie i z takim zachwytem Aposto\u0142 Pawe\u0142 pisa\u0142 w Li\u015bcie do Kolosan, a my us\u0142yszeli\u015bmy to w pierwszym czytaniu: <b style=\"mso-bidi-font-weight: normal;\"><i style=\"mso-bidi-font-style: normal;\">Chrystus Jezus jest obrazem Boga niewidzialnego, pierworodnym wobec ka\u017cdego stworzenia, bo w Nim zosta\u0142o wszystko stworzone.<\/i> [\u2026] <i style=\"mso-bidi-font-style: normal;\">Zechcia\u0142 bowiem B\u00f3g, aby w Nim zamieszka\u0142a ca\u0142a Pe\u0142nia i aby przez Niego i dla Niego zn\u00f3w pojedna\u0107 wszystko ze sob\u0105: i to, co na ziemi, i to, co w niebiosach, wprowadziwszy pok\u00f3j przez krew Jego krzy\u017ca<\/i>.<\/b><\/div>\n<div class=\"MsoNormal\" style=\"text-align: justify; text-indent: 35.4pt;\">W tym duchu pomy\u015blmy:<\/div>\n<div class=\"MsoNormal\" style=\"margin-left: 36.0pt; mso-list: l0 level1 lfo1; tab-stops: list 36.0pt; text-align: justify; text-indent: -18.0pt;\">\u00b7&nbsp;&nbsp;&nbsp;&nbsp;&nbsp;&nbsp;&nbsp; Czy ka\u017cda moja Spowied\u017a wi\u0105\u017ce si\u0119 z jakim\u015b konkretnym postanowieniem, kt\u00f3re staram si\u0119 realizowa\u0107 do nast\u0119pnej Spowiedzi?<\/div>\n<div class=\"MsoNormal\" style=\"margin-left: 36.0pt; mso-list: l0 level1 lfo1; tab-stops: list 36.0pt; text-align: justify; text-indent: -18.0pt;\">\u00b7&nbsp;&nbsp;&nbsp;&nbsp;&nbsp;&nbsp;&nbsp; Czy po prze\u017cyciu pierwszego pi\u0105tku miesi\u0105ca odnajduj\u0119 w sobie si\u0142y do jeszcze lepszego \u2013 ni\u017c dotychczas \u2013 \u017cycia?<\/div>\n<div class=\"MsoNormal\" style=\"margin-left: 36.0pt; mso-list: l0 level1 lfo1; tab-stops: list 36.0pt; text-align: justify; text-indent: -18.0pt;\">\u00b7&nbsp;&nbsp;&nbsp;&nbsp;&nbsp;&nbsp;&nbsp; Czy o mojej wierze \u2013 w takim samym stopniu, jak spe\u0142niane praktyki \u2013 \u015bwiadcz\u0105 moje czyny?<\/div>\n<div class=\"MsoNormal\" style=\"text-align: justify;\">\n<\/div>\n<div class=\"MsoNormal\" style=\"text-align: justify;\"><b style=\"mso-bidi-font-weight: normal;\"><i style=\"mso-bidi-font-style: normal;\">On jest przed wszystkim i wszystko w Nim ma istnienie<\/i><\/b><b style=\"mso-bidi-font-weight: normal;\">!<\/b><\/div>\n","protected":false},"excerpt":{"rendered":"<p>Szcz\u0119\u015b\u0107 Bo\u017ce! Witam i pozdrawiam w pierwszy pi\u0105tek miesi\u0105ca. Powoli wchodz\u0119 w rytm pracy w Parafii w Celestynowie. Za chwil\u0119 ruszam do Chorych z pos\u0142ug\u0105 sakramentaln\u0105. A dzisiaj wieczorem zaplanowa\u0142em spokojne poczytanie ostatnich wpis\u00f3w i odpisanie. Dobrego dnia! &nbsp;&nbsp;&nbsp;&nbsp;&nbsp;&nbsp;&nbsp;&nbsp; Gaudium et spes!&nbsp; Ks. Jacek Pi\u0105tek 22 tygodnia zwyk\u0142ego, rok I, do czyta\u0144: &nbsp;Kol 1,15\u201320; &nbsp;\u0141k [&hellip;]<\/p>\n","protected":false},"author":1,"featured_media":0,"comment_status":"open","ping_status":"open","sticky":false,"template":"","format":"standard","meta":{"jetpack_post_was_ever_published":false,"_jetpack_newsletter_access":"","_jetpack_dont_email_post_to_subs":false,"_jetpack_newsletter_tier_id":0,"_jetpack_memberships_contains_paywalled_content":false,"_jetpack_memberships_contains_paid_content":false,"footnotes":""},"categories":[1],"tags":[],"class_list":["post-9745","post","type-post","status-publish","format-standard","hentry","category-bez-kategorii"],"yoast_head":"<!-- This site is optimized with the Yoast SEO plugin v25.1 - https:\/\/yoast.com\/wordpress\/plugins\/seo\/ -->\n<title>Dlaczego Twoi Uczniowie nie poszcz\u0105?... - Gaudium Et Spes<\/title>\n<meta name=\"robots\" content=\"index, follow, max-snippet:-1, max-image-preview:large, max-video-preview:-1\" \/>\n<link rel=\"canonical\" href=\"https:\/\/gaudiumetspes-blog.pl\/index.php\/2011\/09\/02\/dlaczego-twoi-uczniowie-nie-poszcza\/\" \/>\n<meta property=\"og:locale\" content=\"pl_PL\" \/>\n<meta property=\"og:type\" content=\"article\" \/>\n<meta property=\"og:title\" content=\"Dlaczego Twoi Uczniowie nie poszcz\u0105?... - Gaudium Et Spes\" \/>\n<meta property=\"og:description\" content=\"Szcz\u0119\u015b\u0107 Bo\u017ce! Witam i pozdrawiam w pierwszy pi\u0105tek miesi\u0105ca. Powoli wchodz\u0119 w rytm pracy w Parafii w Celestynowie. Za chwil\u0119 ruszam do Chorych z pos\u0142ug\u0105 sakramentaln\u0105. A dzisiaj wieczorem zaplanowa\u0142em spokojne poczytanie ostatnich wpis\u00f3w i odpisanie. Dobrego dnia! &nbsp;&nbsp;&nbsp;&nbsp;&nbsp;&nbsp;&nbsp;&nbsp; Gaudium et spes!&nbsp; Ks. Jacek Pi\u0105tek 22 tygodnia zwyk\u0142ego, rok I, do czyta\u0144: &nbsp;Kol 1,15\u201320; &nbsp;\u0141k [&hellip;]\" \/>\n<meta property=\"og:url\" content=\"https:\/\/gaudiumetspes-blog.pl\/index.php\/2011\/09\/02\/dlaczego-twoi-uczniowie-nie-poszcza\/\" \/>\n<meta property=\"og:site_name\" content=\"Gaudium Et Spes\" \/>\n<meta property=\"article:published_time\" content=\"2011-09-02T04:59:00+00:00\" \/>\n<meta property=\"article:modified_time\" content=\"2019-07-31T10:52:35+00:00\" \/>\n<meta name=\"author\" content=\"Ks. Jacek\" \/>\n<meta name=\"twitter:card\" content=\"summary_large_image\" \/>\n<meta name=\"twitter:label1\" content=\"Napisane przez\" \/>\n\t<meta name=\"twitter:data1\" content=\"Ks. Jacek\" \/>\n\t<meta name=\"twitter:label2\" content=\"Szacowany czas czytania\" \/>\n\t<meta name=\"twitter:data2\" content=\"5 minut\" \/>\n<script type=\"application\/ld+json\" class=\"yoast-schema-graph\">{\"@context\":\"https:\/\/schema.org\",\"@graph\":[{\"@type\":\"WebPage\",\"@id\":\"https:\/\/gaudiumetspes-blog.pl\/index.php\/2011\/09\/02\/dlaczego-twoi-uczniowie-nie-poszcza\/\",\"url\":\"https:\/\/gaudiumetspes-blog.pl\/index.php\/2011\/09\/02\/dlaczego-twoi-uczniowie-nie-poszcza\/\",\"name\":\"Dlaczego Twoi Uczniowie nie poszcz\u0105?... - Gaudium Et Spes\",\"isPartOf\":{\"@id\":\"https:\/\/gaudiumetspes-blog.pl\/#website\"},\"datePublished\":\"2011-09-02T04:59:00+00:00\",\"dateModified\":\"2019-07-31T10:52:35+00:00\",\"author\":{\"@id\":\"https:\/\/gaudiumetspes-blog.pl\/#\/schema\/person\/1661982992b752dea8dff0d4ed845a65\"},\"breadcrumb\":{\"@id\":\"https:\/\/gaudiumetspes-blog.pl\/index.php\/2011\/09\/02\/dlaczego-twoi-uczniowie-nie-poszcza\/#breadcrumb\"},\"inLanguage\":\"pl-PL\",\"potentialAction\":[{\"@type\":\"ReadAction\",\"target\":[\"https:\/\/gaudiumetspes-blog.pl\/index.php\/2011\/09\/02\/dlaczego-twoi-uczniowie-nie-poszcza\/\"]}]},{\"@type\":\"BreadcrumbList\",\"@id\":\"https:\/\/gaudiumetspes-blog.pl\/index.php\/2011\/09\/02\/dlaczego-twoi-uczniowie-nie-poszcza\/#breadcrumb\",\"itemListElement\":[{\"@type\":\"ListItem\",\"position\":1,\"name\":\"Strona g\u0142\u00f3wna\",\"item\":\"https:\/\/gaudiumetspes-blog.pl\/\"},{\"@type\":\"ListItem\",\"position\":2,\"name\":\"Dlaczego Twoi Uczniowie nie&nbsp;poszcz\u0105?&#8230;\"}]},{\"@type\":\"WebSite\",\"@id\":\"https:\/\/gaudiumetspes-blog.pl\/#website\",\"url\":\"https:\/\/gaudiumetspes-blog.pl\/\",\"name\":\"Gaudium Et Spes\",\"description\":\"Blog Ks. Jacka Ja\u015bkowskiego\",\"potentialAction\":[{\"@type\":\"SearchAction\",\"target\":{\"@type\":\"EntryPoint\",\"urlTemplate\":\"https:\/\/gaudiumetspes-blog.pl\/?s={search_term_string}\"},\"query-input\":{\"@type\":\"PropertyValueSpecification\",\"valueRequired\":true,\"valueName\":\"search_term_string\"}}],\"inLanguage\":\"pl-PL\"},{\"@type\":\"Person\",\"@id\":\"https:\/\/gaudiumetspes-blog.pl\/#\/schema\/person\/1661982992b752dea8dff0d4ed845a65\",\"name\":\"Ks. Jacek\",\"image\":{\"@type\":\"ImageObject\",\"inLanguage\":\"pl-PL\",\"@id\":\"https:\/\/gaudiumetspes-blog.pl\/#\/schema\/person\/image\/\",\"url\":\"https:\/\/gaudiumetspes-blog.pl\/wp-content\/uploads\/2019\/07\/avatar-JJ-150x150.jpg\",\"contentUrl\":\"https:\/\/gaudiumetspes-blog.pl\/wp-content\/uploads\/2019\/07\/avatar-JJ-150x150.jpg\",\"caption\":\"Ks. Jacek\"},\"description\":\"Witam serdecznie! K\u0142ania si\u0119 Ks. Jacek Ja\u015bkowski. Nie jestem ani kim\u015b wa\u017cnym, ani kim\u015b znanym. Jestem ksi\u0119dzem, kt\u00f3ry po prostu chce rozmawia\u0107. Codzienna kap\u0142a\u0144ska pos\u0142uga pokazuje mi, \u017ce temat\u00f3w do rozm\u00f3w z ksi\u0119dzem jest coraz wi\u0119cej i dzisiaj \u017caden ksi\u0105dz nie mo\u017ce od nich ucieka\u0107, ale - wprost przeciwnie - podejmowa\u0107 nowe wyzwania. To przekonanie sk\u0142oni\u0142o mnie do pr\u00f3by otwarcia tego\u017c bloga, chocia\u017c okazji do rozm\u00f3w na co dzie\u0144 - w konfesjonale i poza nim - na szcz\u0119\u015bcie nie brakuje. My\u015bl\u0119 jednak, \u017ce ten blog b\u0119dzie jeszcze jednym sposobem i przestrzeni\u0105 nawi\u0105zania kontaktu z lud\u017ami dobrej woli, otwartymi na dialog.\",\"url\":\"https:\/\/gaudiumetspes-blog.pl\/index.php\/author\/ks-jacek\/\"}]}<\/script>\n<!-- \/ Yoast SEO plugin. -->","yoast_head_json":{"title":"Dlaczego Twoi Uczniowie nie poszcz\u0105?... - Gaudium Et Spes","robots":{"index":"index","follow":"follow","max-snippet":"max-snippet:-1","max-image-preview":"max-image-preview:large","max-video-preview":"max-video-preview:-1"},"canonical":"https:\/\/gaudiumetspes-blog.pl\/index.php\/2011\/09\/02\/dlaczego-twoi-uczniowie-nie-poszcza\/","og_locale":"pl_PL","og_type":"article","og_title":"Dlaczego Twoi Uczniowie nie poszcz\u0105?... - Gaudium Et Spes","og_description":"Szcz\u0119\u015b\u0107 Bo\u017ce! Witam i pozdrawiam w pierwszy pi\u0105tek miesi\u0105ca. Powoli wchodz\u0119 w rytm pracy w Parafii w Celestynowie. Za chwil\u0119 ruszam do Chorych z pos\u0142ug\u0105 sakramentaln\u0105. A dzisiaj wieczorem zaplanowa\u0142em spokojne poczytanie ostatnich wpis\u00f3w i odpisanie. Dobrego dnia! &nbsp;&nbsp;&nbsp;&nbsp;&nbsp;&nbsp;&nbsp;&nbsp; Gaudium et spes!&nbsp; Ks. Jacek Pi\u0105tek 22 tygodnia zwyk\u0142ego, rok I, do czyta\u0144: &nbsp;Kol 1,15\u201320; &nbsp;\u0141k [&hellip;]","og_url":"https:\/\/gaudiumetspes-blog.pl\/index.php\/2011\/09\/02\/dlaczego-twoi-uczniowie-nie-poszcza\/","og_site_name":"Gaudium Et Spes","article_published_time":"2011-09-02T04:59:00+00:00","article_modified_time":"2019-07-31T10:52:35+00:00","author":"Ks. Jacek","twitter_card":"summary_large_image","twitter_misc":{"Napisane przez":"Ks. Jacek","Szacowany czas czytania":"5 minut"},"schema":{"@context":"https:\/\/schema.org","@graph":[{"@type":"WebPage","@id":"https:\/\/gaudiumetspes-blog.pl\/index.php\/2011\/09\/02\/dlaczego-twoi-uczniowie-nie-poszcza\/","url":"https:\/\/gaudiumetspes-blog.pl\/index.php\/2011\/09\/02\/dlaczego-twoi-uczniowie-nie-poszcza\/","name":"Dlaczego Twoi Uczniowie nie poszcz\u0105?... - Gaudium Et Spes","isPartOf":{"@id":"https:\/\/gaudiumetspes-blog.pl\/#website"},"datePublished":"2011-09-02T04:59:00+00:00","dateModified":"2019-07-31T10:52:35+00:00","author":{"@id":"https:\/\/gaudiumetspes-blog.pl\/#\/schema\/person\/1661982992b752dea8dff0d4ed845a65"},"breadcrumb":{"@id":"https:\/\/gaudiumetspes-blog.pl\/index.php\/2011\/09\/02\/dlaczego-twoi-uczniowie-nie-poszcza\/#breadcrumb"},"inLanguage":"pl-PL","potentialAction":[{"@type":"ReadAction","target":["https:\/\/gaudiumetspes-blog.pl\/index.php\/2011\/09\/02\/dlaczego-twoi-uczniowie-nie-poszcza\/"]}]},{"@type":"BreadcrumbList","@id":"https:\/\/gaudiumetspes-blog.pl\/index.php\/2011\/09\/02\/dlaczego-twoi-uczniowie-nie-poszcza\/#breadcrumb","itemListElement":[{"@type":"ListItem","position":1,"name":"Strona g\u0142\u00f3wna","item":"https:\/\/gaudiumetspes-blog.pl\/"},{"@type":"ListItem","position":2,"name":"Dlaczego Twoi Uczniowie nie&nbsp;poszcz\u0105?&#8230;"}]},{"@type":"WebSite","@id":"https:\/\/gaudiumetspes-blog.pl\/#website","url":"https:\/\/gaudiumetspes-blog.pl\/","name":"Gaudium Et Spes","description":"Blog Ks. Jacka Ja\u015bkowskiego","potentialAction":[{"@type":"SearchAction","target":{"@type":"EntryPoint","urlTemplate":"https:\/\/gaudiumetspes-blog.pl\/?s={search_term_string}"},"query-input":{"@type":"PropertyValueSpecification","valueRequired":true,"valueName":"search_term_string"}}],"inLanguage":"pl-PL"},{"@type":"Person","@id":"https:\/\/gaudiumetspes-blog.pl\/#\/schema\/person\/1661982992b752dea8dff0d4ed845a65","name":"Ks. Jacek","image":{"@type":"ImageObject","inLanguage":"pl-PL","@id":"https:\/\/gaudiumetspes-blog.pl\/#\/schema\/person\/image\/","url":"https:\/\/gaudiumetspes-blog.pl\/wp-content\/uploads\/2019\/07\/avatar-JJ-150x150.jpg","contentUrl":"https:\/\/gaudiumetspes-blog.pl\/wp-content\/uploads\/2019\/07\/avatar-JJ-150x150.jpg","caption":"Ks. Jacek"},"description":"Witam serdecznie! K\u0142ania si\u0119 Ks. Jacek Ja\u015bkowski. Nie jestem ani kim\u015b wa\u017cnym, ani kim\u015b znanym. Jestem ksi\u0119dzem, kt\u00f3ry po prostu chce rozmawia\u0107. Codzienna kap\u0142a\u0144ska pos\u0142uga pokazuje mi, \u017ce temat\u00f3w do rozm\u00f3w z ksi\u0119dzem jest coraz wi\u0119cej i dzisiaj \u017caden ksi\u0105dz nie mo\u017ce od nich ucieka\u0107, ale - wprost przeciwnie - podejmowa\u0107 nowe wyzwania. To przekonanie sk\u0142oni\u0142o mnie do pr\u00f3by otwarcia tego\u017c bloga, chocia\u017c okazji do rozm\u00f3w na co dzie\u0144 - w konfesjonale i poza nim - na szcz\u0119\u015bcie nie brakuje. My\u015bl\u0119 jednak, \u017ce ten blog b\u0119dzie jeszcze jednym sposobem i przestrzeni\u0105 nawi\u0105zania kontaktu z lud\u017ami dobrej woli, otwartymi na dialog.","url":"https:\/\/gaudiumetspes-blog.pl\/index.php\/author\/ks-jacek\/"}]}},"jetpack_featured_media_url":"","jetpack_sharing_enabled":true,"_links":{"self":[{"href":"https:\/\/gaudiumetspes-blog.pl\/index.php\/wp-json\/wp\/v2\/posts\/9745","targetHints":{"allow":["GET"]}}],"collection":[{"href":"https:\/\/gaudiumetspes-blog.pl\/index.php\/wp-json\/wp\/v2\/posts"}],"about":[{"href":"https:\/\/gaudiumetspes-blog.pl\/index.php\/wp-json\/wp\/v2\/types\/post"}],"author":[{"embeddable":true,"href":"https:\/\/gaudiumetspes-blog.pl\/index.php\/wp-json\/wp\/v2\/users\/1"}],"replies":[{"embeddable":true,"href":"https:\/\/gaudiumetspes-blog.pl\/index.php\/wp-json\/wp\/v2\/comments?post=9745"}],"version-history":[{"count":1,"href":"https:\/\/gaudiumetspes-blog.pl\/index.php\/wp-json\/wp\/v2\/posts\/9745\/revisions"}],"predecessor-version":[{"id":10338,"href":"https:\/\/gaudiumetspes-blog.pl\/index.php\/wp-json\/wp\/v2\/posts\/9745\/revisions\/10338"}],"wp:attachment":[{"href":"https:\/\/gaudiumetspes-blog.pl\/index.php\/wp-json\/wp\/v2\/media?parent=9745"}],"wp:term":[{"taxonomy":"category","embeddable":true,"href":"https:\/\/gaudiumetspes-blog.pl\/index.php\/wp-json\/wp\/v2\/categories?post=9745"},{"taxonomy":"post_tag","embeddable":true,"href":"https:\/\/gaudiumetspes-blog.pl\/index.php\/wp-json\/wp\/v2\/tags?post=9745"}],"curies":[{"name":"wp","href":"https:\/\/api.w.org\/{rel}","templated":true}]}}