{"id":9746,"date":"2011-09-01T11:58:00","date_gmt":"2011-09-01T09:58:00","guid":{"rendered":"https:\/\/gaudiumetspes-blog.pl\/index.php\/2011\/09\/01\/o-madrej-poboznosci-i-poboznej-madrosci\/"},"modified":"2019-07-31T12:52:35","modified_gmt":"2019-07-31T10:52:35","slug":"o-madrej-poboznosci-i-poboznej-madrosci","status":"publish","type":"post","link":"https:\/\/gaudiumetspes-blog.pl\/index.php\/2011\/09\/01\/o-madrej-poboznosci-i-poboznej-madrosci\/","title":{"rendered":"O m\u0105drej pobo\u017cno\u015bci i pobo\u017cnej m\u0105dro\u015bci&#8230;"},"content":{"rendered":"<p><\/p>\n<div class=\"MsoNormal\" style=\"text-align: justify;\"><b>&nbsp;<\/b>Szcz\u0119\u015b\u0107 Bo\u017ce! Z du\u017cym op\u00f3\u017anieniem, spowodowanym powrotem o 4.00 ze sp\u0142ywu kajakowego i od rana &#8211; obowi\u0105zkami w Parafii, zamieszczam dzisiejszy wpis. Dzi\u0119kuj\u0119 Bogu za te trzy ostatnie dni, w trakcie kt\u00f3rych z grupk\u0105 Przyjaci\u00f3\u0142 przemierzali\u015bmy szlak Czarnej Ha\u0144czy. By\u0142 to na tyle wyj\u0105tkowy czas, \u017ce do ostatniej chwili nie spad\u0142a ani kropla deszczu, ale te\u017c nie by\u0142o gor\u0105co. Pogoda by\u0142a &#8222;w sam raz&#8221;! A opr\u00f3cz tego &#8211; od pocz\u0105tku do ko\u0144ca nie spotkali\u015bmy na szlaku nikogo poza nami &#8211; ani jednego &#8222;\u017cywego kajaka&#8221;! To si\u0119 jeszcze nigdy nie zdarzy\u0142o! Taki spok\u00f3j&#8230;<\/div>\n<div class=\"MsoNormal\" style=\"text-align: justify;\">&nbsp; I wreszcie &#8211; jeszcze jedna, a w\u0142a\u015bciwie najwi\u0119ksza rado\u015b\u0107 w tych dniach: <b>w poniedzia\u0142ek zosta\u0142em wujkiem. Moja Siostra, Ani i Szwagier Kamil doczekali si\u0119 przepi\u0119knej Weroniki!<\/b> Chc\u0119 si\u0119 z Wami podzieli\u0107 t\u0105 rado\u015bci\u0105 i polecaj\u0105c moj\u0105 ma\u0142\u0105 Siostrzenic\u0119 i Jej Rodzic\u00f3w Waszym modlitwom, prosz\u0119 tak\u017ce o to, aby\u015bmy stale modlili si\u0119 o tak\u0105 atmosfer\u0119 dla ka\u017cdych narodzin dziecka, jaka panuje w ma\u0142\u017ce\u0144stwie Ani i Kamila.&nbsp;<\/div>\n<div class=\"MsoNormal\" style=\"text-align: justify;\">&nbsp;&nbsp;&nbsp;&nbsp;&nbsp;&nbsp;&nbsp;&nbsp;&nbsp; Gaudium et spes!&nbsp; Ks. Jacek<b><br \/>\n<\/b><\/div>\n<div class=\"MsoNormal\" style=\"text-align: justify;\">\n<\/div>\n<div class=\"MsoNormal\" style=\"text-align: justify;\"><b>Wspomnienie B\u0142. Bronis\u0142awy, Dziewicy,<\/b><\/div>\n<div class=\"MsoNormal\" style=\"text-align: justify;\"><b style=\"mso-bidi-font-weight: normal;\">do czyta\u0144: &nbsp;Kol 1,9\u201314;&nbsp; \u0141k 5,1\u201311<\/b><\/div>\n<div class=\"MsoNormal\" style=\"text-align: justify;\">\n<\/div>\n<div class=\"MsoNormal\" style=\"text-align: justify; text-indent: 35.4pt;\">Patronka dnia dzisiejszego, <b style=\"mso-bidi-font-weight: normal;\">Bronis\u0142awa, urodzi\u0142a si\u0119 oko\u0142o 1200 roku w Kamieniu \u015al\u0105skim,<\/b> w zamo\u017cnej rodzinie Odrow\u0105\u017c\u00f3w. Jej kuzynami byli \u015awi\u0119ty Jacek i B\u0142ogos\u0142awiony Czes\u0142aw, a jej stryj Iwo piastowa\u0142 godno\u015b\u0107 biskupa krakowskiego. <b style=\"mso-bidi-font-weight: normal;\">Bronis\u0142awa zosta\u0142a wychowana w \u015brodowisku \u017cywej wiary, szlachetno\u015bci i pobo\u017cno\u015bci.<\/b> Wiara w Boga by\u0142a urzeczywistniana w s\u0142u\u017cbie bli\u017aniemu. Maj\u0105c lat szesna\u015bcie, <b style=\"mso-bidi-font-weight: normal;\">wst\u0105pi\u0142a do klasztoru norbertanek w Krakowie.<\/b> Zakon ten by\u0142 w owym czasie bardzo pr\u0119\u017cny i cho\u0107 dzia\u0142a\u0142 od niedawna \u2013 odgrywa\u0142 ju\u017c jednak znacz\u0105ca rol\u0119. <\/div>\n<div class=\"MsoNormal\" style=\"text-align: justify; text-indent: 35.4pt;\">W m\u0142odym wieku nasza Patronka <b style=\"mso-bidi-font-weight: normal;\">zosta\u0142a jego prze\u0142o\u017con\u0105.<\/b> W czasie zarazy w 1224 roku z wielkim zaanga\u017cowaniem <b style=\"mso-bidi-font-weight: normal;\">s\u0142u\u017cy\u0142a chorym, rozdawa\u0142a leki i ubrania, karmi\u0142a g\u0142odnych.<\/b> W tamtym czasie w krakowskim klasztorze przebywa\u0142o <b style=\"mso-bidi-font-weight: normal;\">kilkaset si\u00f3str,<\/b> Bronis\u0142awa musia\u0142a posiada\u0107 zatem <b style=\"mso-bidi-font-weight: normal;\">niezwyk\u0142y talent organizacyjny.<\/b><\/div>\n<div class=\"MsoNormal\" style=\"text-align: justify; text-indent: 35.4pt;\">Warto te\u017c zauwa\u017cy\u0107, \u017ce jej \u017cycie przypad\u0142o na <b style=\"mso-bidi-font-weight: normal;\">okres niezwykle bogaty w r\u00f3\u017cne wydarzenia historyczne.<\/b> Wtedy to w\u0142a\u015bnie toczy\u0142y si\u0119 <b style=\"mso-bidi-font-weight: normal;\">walki o Krak\u00f3w<\/b> mi\u0119dzy Konradem Mazowieckim a Henrykiem Brodatym \u2013 klasztor norbertanek by\u0142 \u015bwiadkiem tych bratob\u00f3jczych walk, a do tego jeszcze by\u0142 <b style=\"mso-bidi-font-weight: normal;\">wielokrotnie zajmowany przez zwalczaj\u0105ce si\u0119 armie,<\/b> w wyniku czego siostry musia\u0142y chroni\u0107 si\u0119 w pobliskich lasach. Najbardziej dramatycznym wydarzeniem w dziejach klasztoru by\u0142 <b style=\"mso-bidi-font-weight: normal;\">najazd tatarski w 1241 roku.<\/b> Siostry ukry\u0142y si\u0119 w\u00f3wczas w\u015br\u00f3d zalesionych ska\u0142, kt\u00f3re dot\u0105d nosz\u0105 nazw\u0119 Ska\u0142 Panie\u0144skich, klasztor za\u015b zosta\u0142 spl\u0105drowany i spalony. <b style=\"mso-bidi-font-weight: normal;\">Same siostry, z Bronis\u0142aw\u0105 na czele, nios\u0142y pomoc ofiarom wojny.<\/b> <\/div>\n<div class=\"MsoNormal\" style=\"text-align: justify; text-indent: 35.4pt;\">Wszystkie \u017cywoty dzisiejszej naszej Patronki akcentuj\u0105 <b style=\"mso-bidi-font-weight: normal;\">jej wielkie nabo\u017ce\u0144stwo do M\u0119ki Pa\u0144skiej.<\/b> To w\u0142a\u015bnie rozwa\u017canie wznios\u0142o j\u0105 na najwy\u017csze szczyty kontemplacji. Celem przypodobania si\u0119 Chrystusowi <b style=\"mso-bidi-font-weight: normal;\">podejmowa\u0142a r\u00f3\u017cne pokuty i umartwienia.<\/b> Umia\u0142a te\u017c na r\u00f3\u017cne dramatyczne wydarzenia, towarzysz\u0105ce jej \u017cyciu,<b style=\"mso-bidi-font-weight: normal;\"> spojrze\u0107 z perspektywy wiary.<\/b> W swoim czasie otrzyma\u0142a widzenie, w kt\u00f3rym Chrystus obieca\u0142 jej: \u201eBronis\u0142awo, krzy\u017c M\u00f3j jest twoim, lecz i chwa\u0142a Moja twoj\u0105 b\u0119dzie\u201d. <\/div>\n<div class=\"MsoNormal\" style=\"text-align: justify; text-indent: 35.4pt;\"><b style=\"mso-bidi-font-weight: normal;\">Ci\u0105gle utrzymywa\u0142a kontakt ze \u015awi\u0119tym Jackiem i biskupem Iwonem.<\/b> Od Jacka nauczy\u0142a si\u0119 modlitwy r\u00f3\u017ca\u0144cowej, kt\u00f3r\u0105 wzbogaci\u0142a duchowo\u015b\u0107 swojego zakonu. Gdy za\u015b \u015awi\u0119ty Jacek umiera\u0142, Bronis\u0142awa dozna\u0142a <b style=\"mso-bidi-font-weight: normal;\">wizji tryumfalnego wprowadzenia go przez Matk\u0119 Bo\u017c\u0105 do nieba. <\/b>Ona za\u015b sama umar\u0142a <b style=\"mso-bidi-font-weight: normal;\">29 sierpnia 1259 roku.<\/b> Jej kult rozpocz\u0105\u0142 si\u0119 bardzo wcze\u015bnie, wkr\u00f3tce po jej \u015bmierci \u2013 i zawsze wzmaga\u0142 si\u0119, gdy nast\u0119powa\u0142y czasy trudne dla Krakowa lub Ojczyzny. <\/div>\n<div class=\"MsoNormal\" style=\"text-align: justify; text-indent: 35.4pt;\"><b style=\"mso-bidi-font-weight: normal;\">Papie\u017c Grzegorz XVI, dekretem z dnia 23 sierpnia 1839 roku, zatwierdzi\u0142 ten\u017ce pradawny kult oddawany Bronis\u0142awie.<\/b> A 5 maja 1840 roku zatwierdzi\u0142 tak\u017ce miejsce jej kultu w Krakowie w ko\u015bciele zwierzynieckim jako B\u0142ogos\u0142awionej, za\u015b 31 sierpnia tego samego roku zezwoli\u0142 na jej kult w ca\u0142ym zakonie norbertanek i w diecezji krakowskiej. <\/div>\n<div class=\"MsoNormal\" style=\"text-align: justify; text-indent: 35.4pt;\">A my, s\u0142uchaj\u0105c z uwag\u0105 dzisiejszych czyta\u0144 mszalnych, razem ze \u015awi\u0119tym Paw\u0142em, pisz\u0105cym do Kolosan \u2013 i z B\u0142ogos\u0142awion\u0105 Bronis\u0142aw\u0105 \u2013 <b style=\"mso-bidi-font-weight: normal;\"><i style=\"mso-bidi-font-style: normal;\">z rado\u015bci\u0105 dzi\u0119kujemy Ojcu, kt\u00f3ry nas uzdolni\u0142 do uczestnictwa w dziale \u015bwi\u0119tych w \u015bwiat\u0142o\u015bci. On uwolni\u0142 nas spod w\u0142adzy ciemno\u015bci i przeni\u00f3s\u0142 do Kr\u00f3lestwa swego umi\u0142owanego Syna, w kt\u00f3rym mamy odkupienie, odpuszczenie grzech\u00f3w<\/i><\/b>. I aby m\u00f3c \u2013 jak pisa\u0142 Pawe\u0142 nieco wcze\u015bniej \u2013 wydawa\u0107 <b style=\"mso-bidi-font-weight: normal;\"><i style=\"mso-bidi-font-style: normal;\">owoce wszelkich dobrych czyn\u00f3w<\/i><\/b>, trzeba nam wyp\u0142yn\u0105\u0107 na g\u0142\u0119bi\u0119 \u2013 jak z kolei sam Chrystus zach\u0119ci\u0142 dzi\u015b Piotra, na co Aposto\u0142 odpowiedzia\u0142 ca\u0142kowitym zaufaniem, kt\u00f3re zaprocentowa\u0142o obfitym po\u0142owem. <\/div>\n<div class=\"MsoNormal\" style=\"text-align: justify; text-indent: 35.4pt;\">B\u0142ogos\u0142awiona Bronis\u0142awa przekonuje nas swoim \u017cyciem i przyk\u0142adem, \u017ce \u015bwi\u0119to\u015b\u0107 polega w\u0142a\u015bnie na tym, i\u017c <b style=\"mso-bidi-font-weight: normal;\">bardziej przekonujemy si\u0119 do Chrystusa i Jego m\u0105dro\u015bci, ni\u017c do naszych skromnych umiej\u0119tno\u015bci ludzkich.<\/b> A im bardziej Jezusowi ufamy, tym wi\u0119ksze owoce przynosi nasze \u017cycie, my sami za\u015b stajemy si\u0119 coraz doskonalsi. Chocia\u017c na pocz\u0105tku wszystko wydaje si\u0119 takie niewiarygodne, wr\u0119cz zaprzeczaj\u0105ce ludzkiej logice. <\/div>\n<div class=\"MsoNormal\" style=\"text-align: justify; text-indent: 35.4pt;\">Pokorna, pobo\u017cna, a jednocze\u015bnie dobrze wewn\u0119trznie zorganizowana i m\u0105drze organizuj\u0105ca prac\u0119 swego klasztoru \u2013 B\u0142ogos\u0142awiona Bronis\u0142awa uczy nas <b style=\"mso-bidi-font-weight: normal;\">m\u0105drej pobo\u017cno\u015bci i pobo\u017cnej m\u0105dro\u015bci,<\/b> w duchu ca\u0142kowitego i bezgranicznego zaufania do Jezusa, wbrew zasadom tylko ludzkiej logiki.<\/div>\n<div class=\"MsoNormal\" style=\"text-align: justify; text-indent: 35.4pt;\">W tym kontek\u015bcie pomy\u015blmy:<\/div>\n<div class=\"MsoNormal\" style=\"margin-left: 36.0pt; mso-list: l0 level1 lfo1; tab-stops: list 36.0pt; text-align: justify; text-indent: -18.0pt;\">\u00b7&nbsp;&nbsp;&nbsp;&nbsp;&nbsp;&nbsp;&nbsp; Czy w organizacji mojego dnia panuje porz\u0105dek?<\/div>\n<div class=\"MsoNormal\" style=\"margin-left: 36.0pt; mso-list: l0 level1 lfo1; tab-stops: list 36.0pt; text-align: justify; text-indent: -18.0pt;\">\u00b7&nbsp;&nbsp;&nbsp;&nbsp;&nbsp;&nbsp;&nbsp; Czy moja pobo\u017cno\u015b\u0107 jest w jaki\u015b spos\u00f3b uporz\u0105dkowana, czy zdana wy\u0142\u0105cznie na \u0142ask\u0119 i nie\u0142ask\u0119 nastroju i humoru?<\/div>\n<div class=\"MsoNormal\" style=\"margin-left: 36.0pt; mso-list: l0 level1 lfo1; tab-stops: list 36.0pt; text-align: justify; text-indent: -18.0pt;\">\u00b7&nbsp;&nbsp;&nbsp;&nbsp;&nbsp;&nbsp;&nbsp; Czy ju\u017c wypracowa\u0142em jaki\u015b w\u0142asny styl pobo\u017cno\u015bci, jaki\u015b jej rys charakterystyczny, w\u0142a\u015bciwy dla mnie?<\/div>\n<div class=\"MsoNormal\" style=\"text-align: justify;\">\n<\/div>\n<div class=\"MsoNormal\" style=\"text-align: justify;\"><b style=\"mso-bidi-font-weight: normal;\"><i style=\"mso-bidi-font-style: normal;\">Aby\u015bcie doszli do pe\u0142nego poznania Jego woli, w ca\u0142ej m\u0105dro\u015bci i duchowym zrozumieniu<\/i><\/b>\u2026<\/div>\n","protected":false},"excerpt":{"rendered":"<p>&nbsp;Szcz\u0119\u015b\u0107 Bo\u017ce! Z du\u017cym op\u00f3\u017anieniem, spowodowanym powrotem o 4.00 ze sp\u0142ywu kajakowego i od rana &#8211; obowi\u0105zkami w Parafii, zamieszczam dzisiejszy wpis. Dzi\u0119kuj\u0119 Bogu za te trzy ostatnie dni, w trakcie kt\u00f3rych z grupk\u0105 Przyjaci\u00f3\u0142 przemierzali\u015bmy szlak Czarnej Ha\u0144czy. By\u0142 to na tyle wyj\u0105tkowy czas, \u017ce do ostatniej chwili nie spad\u0142a ani kropla deszczu, ale [&hellip;]<\/p>\n","protected":false},"author":1,"featured_media":0,"comment_status":"open","ping_status":"open","sticky":false,"template":"","format":"standard","meta":{"jetpack_post_was_ever_published":false,"_jetpack_newsletter_access":"","_jetpack_dont_email_post_to_subs":false,"_jetpack_newsletter_tier_id":0,"_jetpack_memberships_contains_paywalled_content":false,"_jetpack_memberships_contains_paid_content":false,"footnotes":""},"categories":[1],"tags":[],"class_list":["post-9746","post","type-post","status-publish","format-standard","hentry","category-bez-kategorii"],"yoast_head":"<!-- This site is optimized with the Yoast SEO plugin v25.1 - https:\/\/yoast.com\/wordpress\/plugins\/seo\/ -->\n<title>O m\u0105drej pobo\u017cno\u015bci i pobo\u017cnej m\u0105dro\u015bci... - Gaudium Et Spes<\/title>\n<meta name=\"robots\" content=\"index, follow, max-snippet:-1, max-image-preview:large, max-video-preview:-1\" \/>\n<link rel=\"canonical\" href=\"https:\/\/gaudiumetspes-blog.pl\/index.php\/2011\/09\/01\/o-madrej-poboznosci-i-poboznej-madrosci\/\" \/>\n<meta property=\"og:locale\" content=\"pl_PL\" \/>\n<meta property=\"og:type\" content=\"article\" \/>\n<meta property=\"og:title\" content=\"O m\u0105drej pobo\u017cno\u015bci i pobo\u017cnej m\u0105dro\u015bci... - Gaudium Et Spes\" \/>\n<meta property=\"og:description\" content=\"&nbsp;Szcz\u0119\u015b\u0107 Bo\u017ce! Z du\u017cym op\u00f3\u017anieniem, spowodowanym powrotem o 4.00 ze sp\u0142ywu kajakowego i od rana &#8211; obowi\u0105zkami w Parafii, zamieszczam dzisiejszy wpis. Dzi\u0119kuj\u0119 Bogu za te trzy ostatnie dni, w trakcie kt\u00f3rych z grupk\u0105 Przyjaci\u00f3\u0142 przemierzali\u015bmy szlak Czarnej Ha\u0144czy. By\u0142 to na tyle wyj\u0105tkowy czas, \u017ce do ostatniej chwili nie spad\u0142a ani kropla deszczu, ale [&hellip;]\" \/>\n<meta property=\"og:url\" content=\"https:\/\/gaudiumetspes-blog.pl\/index.php\/2011\/09\/01\/o-madrej-poboznosci-i-poboznej-madrosci\/\" \/>\n<meta property=\"og:site_name\" content=\"Gaudium Et Spes\" \/>\n<meta property=\"article:published_time\" content=\"2011-09-01T09:58:00+00:00\" \/>\n<meta property=\"article:modified_time\" content=\"2019-07-31T10:52:35+00:00\" \/>\n<meta name=\"author\" content=\"Ks. Jacek\" \/>\n<meta name=\"twitter:card\" content=\"summary_large_image\" \/>\n<meta name=\"twitter:label1\" content=\"Napisane przez\" \/>\n\t<meta name=\"twitter:data1\" content=\"Ks. Jacek\" \/>\n\t<meta name=\"twitter:label2\" content=\"Szacowany czas czytania\" \/>\n\t<meta name=\"twitter:data2\" content=\"5 minut\" \/>\n<script type=\"application\/ld+json\" class=\"yoast-schema-graph\">{\"@context\":\"https:\/\/schema.org\",\"@graph\":[{\"@type\":\"WebPage\",\"@id\":\"https:\/\/gaudiumetspes-blog.pl\/index.php\/2011\/09\/01\/o-madrej-poboznosci-i-poboznej-madrosci\/\",\"url\":\"https:\/\/gaudiumetspes-blog.pl\/index.php\/2011\/09\/01\/o-madrej-poboznosci-i-poboznej-madrosci\/\",\"name\":\"O m\u0105drej pobo\u017cno\u015bci i pobo\u017cnej m\u0105dro\u015bci... - Gaudium Et Spes\",\"isPartOf\":{\"@id\":\"https:\/\/gaudiumetspes-blog.pl\/#website\"},\"datePublished\":\"2011-09-01T09:58:00+00:00\",\"dateModified\":\"2019-07-31T10:52:35+00:00\",\"author\":{\"@id\":\"https:\/\/gaudiumetspes-blog.pl\/#\/schema\/person\/1661982992b752dea8dff0d4ed845a65\"},\"breadcrumb\":{\"@id\":\"https:\/\/gaudiumetspes-blog.pl\/index.php\/2011\/09\/01\/o-madrej-poboznosci-i-poboznej-madrosci\/#breadcrumb\"},\"inLanguage\":\"pl-PL\",\"potentialAction\":[{\"@type\":\"ReadAction\",\"target\":[\"https:\/\/gaudiumetspes-blog.pl\/index.php\/2011\/09\/01\/o-madrej-poboznosci-i-poboznej-madrosci\/\"]}]},{\"@type\":\"BreadcrumbList\",\"@id\":\"https:\/\/gaudiumetspes-blog.pl\/index.php\/2011\/09\/01\/o-madrej-poboznosci-i-poboznej-madrosci\/#breadcrumb\",\"itemListElement\":[{\"@type\":\"ListItem\",\"position\":1,\"name\":\"Strona g\u0142\u00f3wna\",\"item\":\"https:\/\/gaudiumetspes-blog.pl\/\"},{\"@type\":\"ListItem\",\"position\":2,\"name\":\"O&nbsp;m\u0105drej pobo\u017cno\u015bci i&nbsp;pobo\u017cnej m\u0105dro\u015bci&#8230;\"}]},{\"@type\":\"WebSite\",\"@id\":\"https:\/\/gaudiumetspes-blog.pl\/#website\",\"url\":\"https:\/\/gaudiumetspes-blog.pl\/\",\"name\":\"Gaudium Et Spes\",\"description\":\"Blog Ks. Jacka Ja\u015bkowskiego\",\"potentialAction\":[{\"@type\":\"SearchAction\",\"target\":{\"@type\":\"EntryPoint\",\"urlTemplate\":\"https:\/\/gaudiumetspes-blog.pl\/?s={search_term_string}\"},\"query-input\":{\"@type\":\"PropertyValueSpecification\",\"valueRequired\":true,\"valueName\":\"search_term_string\"}}],\"inLanguage\":\"pl-PL\"},{\"@type\":\"Person\",\"@id\":\"https:\/\/gaudiumetspes-blog.pl\/#\/schema\/person\/1661982992b752dea8dff0d4ed845a65\",\"name\":\"Ks. Jacek\",\"image\":{\"@type\":\"ImageObject\",\"inLanguage\":\"pl-PL\",\"@id\":\"https:\/\/gaudiumetspes-blog.pl\/#\/schema\/person\/image\/\",\"url\":\"https:\/\/gaudiumetspes-blog.pl\/wp-content\/uploads\/2019\/07\/avatar-JJ-150x150.jpg\",\"contentUrl\":\"https:\/\/gaudiumetspes-blog.pl\/wp-content\/uploads\/2019\/07\/avatar-JJ-150x150.jpg\",\"caption\":\"Ks. Jacek\"},\"description\":\"Witam serdecznie! K\u0142ania si\u0119 Ks. Jacek Ja\u015bkowski. Nie jestem ani kim\u015b wa\u017cnym, ani kim\u015b znanym. Jestem ksi\u0119dzem, kt\u00f3ry po prostu chce rozmawia\u0107. Codzienna kap\u0142a\u0144ska pos\u0142uga pokazuje mi, \u017ce temat\u00f3w do rozm\u00f3w z ksi\u0119dzem jest coraz wi\u0119cej i dzisiaj \u017caden ksi\u0105dz nie mo\u017ce od nich ucieka\u0107, ale - wprost przeciwnie - podejmowa\u0107 nowe wyzwania. To przekonanie sk\u0142oni\u0142o mnie do pr\u00f3by otwarcia tego\u017c bloga, chocia\u017c okazji do rozm\u00f3w na co dzie\u0144 - w konfesjonale i poza nim - na szcz\u0119\u015bcie nie brakuje. My\u015bl\u0119 jednak, \u017ce ten blog b\u0119dzie jeszcze jednym sposobem i przestrzeni\u0105 nawi\u0105zania kontaktu z lud\u017ami dobrej woli, otwartymi na dialog.\",\"url\":\"https:\/\/gaudiumetspes-blog.pl\/index.php\/author\/ks-jacek\/\"}]}<\/script>\n<!-- \/ Yoast SEO plugin. -->","yoast_head_json":{"title":"O m\u0105drej pobo\u017cno\u015bci i pobo\u017cnej m\u0105dro\u015bci... - Gaudium Et Spes","robots":{"index":"index","follow":"follow","max-snippet":"max-snippet:-1","max-image-preview":"max-image-preview:large","max-video-preview":"max-video-preview:-1"},"canonical":"https:\/\/gaudiumetspes-blog.pl\/index.php\/2011\/09\/01\/o-madrej-poboznosci-i-poboznej-madrosci\/","og_locale":"pl_PL","og_type":"article","og_title":"O m\u0105drej pobo\u017cno\u015bci i pobo\u017cnej m\u0105dro\u015bci... - Gaudium Et Spes","og_description":"&nbsp;Szcz\u0119\u015b\u0107 Bo\u017ce! Z du\u017cym op\u00f3\u017anieniem, spowodowanym powrotem o 4.00 ze sp\u0142ywu kajakowego i od rana &#8211; obowi\u0105zkami w Parafii, zamieszczam dzisiejszy wpis. Dzi\u0119kuj\u0119 Bogu za te trzy ostatnie dni, w trakcie kt\u00f3rych z grupk\u0105 Przyjaci\u00f3\u0142 przemierzali\u015bmy szlak Czarnej Ha\u0144czy. By\u0142 to na tyle wyj\u0105tkowy czas, \u017ce do ostatniej chwili nie spad\u0142a ani kropla deszczu, ale [&hellip;]","og_url":"https:\/\/gaudiumetspes-blog.pl\/index.php\/2011\/09\/01\/o-madrej-poboznosci-i-poboznej-madrosci\/","og_site_name":"Gaudium Et Spes","article_published_time":"2011-09-01T09:58:00+00:00","article_modified_time":"2019-07-31T10:52:35+00:00","author":"Ks. Jacek","twitter_card":"summary_large_image","twitter_misc":{"Napisane przez":"Ks. Jacek","Szacowany czas czytania":"5 minut"},"schema":{"@context":"https:\/\/schema.org","@graph":[{"@type":"WebPage","@id":"https:\/\/gaudiumetspes-blog.pl\/index.php\/2011\/09\/01\/o-madrej-poboznosci-i-poboznej-madrosci\/","url":"https:\/\/gaudiumetspes-blog.pl\/index.php\/2011\/09\/01\/o-madrej-poboznosci-i-poboznej-madrosci\/","name":"O m\u0105drej pobo\u017cno\u015bci i pobo\u017cnej m\u0105dro\u015bci... - Gaudium Et Spes","isPartOf":{"@id":"https:\/\/gaudiumetspes-blog.pl\/#website"},"datePublished":"2011-09-01T09:58:00+00:00","dateModified":"2019-07-31T10:52:35+00:00","author":{"@id":"https:\/\/gaudiumetspes-blog.pl\/#\/schema\/person\/1661982992b752dea8dff0d4ed845a65"},"breadcrumb":{"@id":"https:\/\/gaudiumetspes-blog.pl\/index.php\/2011\/09\/01\/o-madrej-poboznosci-i-poboznej-madrosci\/#breadcrumb"},"inLanguage":"pl-PL","potentialAction":[{"@type":"ReadAction","target":["https:\/\/gaudiumetspes-blog.pl\/index.php\/2011\/09\/01\/o-madrej-poboznosci-i-poboznej-madrosci\/"]}]},{"@type":"BreadcrumbList","@id":"https:\/\/gaudiumetspes-blog.pl\/index.php\/2011\/09\/01\/o-madrej-poboznosci-i-poboznej-madrosci\/#breadcrumb","itemListElement":[{"@type":"ListItem","position":1,"name":"Strona g\u0142\u00f3wna","item":"https:\/\/gaudiumetspes-blog.pl\/"},{"@type":"ListItem","position":2,"name":"O&nbsp;m\u0105drej pobo\u017cno\u015bci i&nbsp;pobo\u017cnej m\u0105dro\u015bci&#8230;"}]},{"@type":"WebSite","@id":"https:\/\/gaudiumetspes-blog.pl\/#website","url":"https:\/\/gaudiumetspes-blog.pl\/","name":"Gaudium Et Spes","description":"Blog Ks. Jacka Ja\u015bkowskiego","potentialAction":[{"@type":"SearchAction","target":{"@type":"EntryPoint","urlTemplate":"https:\/\/gaudiumetspes-blog.pl\/?s={search_term_string}"},"query-input":{"@type":"PropertyValueSpecification","valueRequired":true,"valueName":"search_term_string"}}],"inLanguage":"pl-PL"},{"@type":"Person","@id":"https:\/\/gaudiumetspes-blog.pl\/#\/schema\/person\/1661982992b752dea8dff0d4ed845a65","name":"Ks. Jacek","image":{"@type":"ImageObject","inLanguage":"pl-PL","@id":"https:\/\/gaudiumetspes-blog.pl\/#\/schema\/person\/image\/","url":"https:\/\/gaudiumetspes-blog.pl\/wp-content\/uploads\/2019\/07\/avatar-JJ-150x150.jpg","contentUrl":"https:\/\/gaudiumetspes-blog.pl\/wp-content\/uploads\/2019\/07\/avatar-JJ-150x150.jpg","caption":"Ks. Jacek"},"description":"Witam serdecznie! K\u0142ania si\u0119 Ks. Jacek Ja\u015bkowski. Nie jestem ani kim\u015b wa\u017cnym, ani kim\u015b znanym. Jestem ksi\u0119dzem, kt\u00f3ry po prostu chce rozmawia\u0107. Codzienna kap\u0142a\u0144ska pos\u0142uga pokazuje mi, \u017ce temat\u00f3w do rozm\u00f3w z ksi\u0119dzem jest coraz wi\u0119cej i dzisiaj \u017caden ksi\u0105dz nie mo\u017ce od nich ucieka\u0107, ale - wprost przeciwnie - podejmowa\u0107 nowe wyzwania. To przekonanie sk\u0142oni\u0142o mnie do pr\u00f3by otwarcia tego\u017c bloga, chocia\u017c okazji do rozm\u00f3w na co dzie\u0144 - w konfesjonale i poza nim - na szcz\u0119\u015bcie nie brakuje. My\u015bl\u0119 jednak, \u017ce ten blog b\u0119dzie jeszcze jednym sposobem i przestrzeni\u0105 nawi\u0105zania kontaktu z lud\u017ami dobrej woli, otwartymi na dialog.","url":"https:\/\/gaudiumetspes-blog.pl\/index.php\/author\/ks-jacek\/"}]}},"jetpack_featured_media_url":"","jetpack_sharing_enabled":true,"_links":{"self":[{"href":"https:\/\/gaudiumetspes-blog.pl\/index.php\/wp-json\/wp\/v2\/posts\/9746","targetHints":{"allow":["GET"]}}],"collection":[{"href":"https:\/\/gaudiumetspes-blog.pl\/index.php\/wp-json\/wp\/v2\/posts"}],"about":[{"href":"https:\/\/gaudiumetspes-blog.pl\/index.php\/wp-json\/wp\/v2\/types\/post"}],"author":[{"embeddable":true,"href":"https:\/\/gaudiumetspes-blog.pl\/index.php\/wp-json\/wp\/v2\/users\/1"}],"replies":[{"embeddable":true,"href":"https:\/\/gaudiumetspes-blog.pl\/index.php\/wp-json\/wp\/v2\/comments?post=9746"}],"version-history":[{"count":1,"href":"https:\/\/gaudiumetspes-blog.pl\/index.php\/wp-json\/wp\/v2\/posts\/9746\/revisions"}],"predecessor-version":[{"id":10337,"href":"https:\/\/gaudiumetspes-blog.pl\/index.php\/wp-json\/wp\/v2\/posts\/9746\/revisions\/10337"}],"wp:attachment":[{"href":"https:\/\/gaudiumetspes-blog.pl\/index.php\/wp-json\/wp\/v2\/media?parent=9746"}],"wp:term":[{"taxonomy":"category","embeddable":true,"href":"https:\/\/gaudiumetspes-blog.pl\/index.php\/wp-json\/wp\/v2\/categories?post=9746"},{"taxonomy":"post_tag","embeddable":true,"href":"https:\/\/gaudiumetspes-blog.pl\/index.php\/wp-json\/wp\/v2\/tags?post=9746"}],"curies":[{"name":"wp","href":"https:\/\/api.w.org\/{rel}","templated":true}]}}