{"id":9747,"date":"2011-08-31T04:45:00","date_gmt":"2011-08-31T02:45:00","guid":{"rendered":"https:\/\/gaudiumetspes-blog.pl\/index.php\/2011\/08\/31\/o-sprawnej-i-zdrowej-piotrowej\/"},"modified":"2019-07-31T12:52:35","modified_gmt":"2019-07-31T10:52:35","slug":"o-sprawnej-i-zdrowej-piotrowej","status":"publish","type":"post","link":"https:\/\/gaudiumetspes-blog.pl\/index.php\/2011\/08\/31\/o-sprawnej-i-zdrowej-piotrowej\/","title":{"rendered":"O sprawnej i zdrowej &#8211; Piotrowej te\u015bciowej!"},"content":{"rendered":"<p><\/p>\n<div class=\"MsoNormal\" style=\"text-align: justify;\">Niech b\u0119dzie pochwalony Jezus Chrystus! Serdecznie pozdrawiam z miejscowo\u015bci Fr\u0105cki, z noclegu na polu namiotowym u go\u015bcinnych Pa\u0144stwa Milewskich, u kt\u00f3rych ju\u017c nieraz zatrzymywali\u015bmy si\u0119 na nocleg, kiedy w poprzednich latach p\u0142yn\u0119li\u015bmy t\u0119dy kajakami. Dzisiaj dop\u0142ywamy do miejsca, z kt\u00f3rego w poniedzia\u0142ek wyruszyli\u015bmy, a wi\u0119c do miejscowo\u015bci P\u0142aska, gdzie znajduje si\u0119 nasza baza &#8211; w stanicy wodnej Pa\u0144stwa Izabeli i Jaros\u0142awa Szcz\u0119snych. I dzisiaj w nocy wracamy do domu. Raz jeszcze serdecznie pozdrawiam w imieniu ca\u0142ej mojej Ekipy. I zapewniam o modlitwie we wszystkich Waszych sprawach!<\/div>\n<div class=\"MsoNormal\" style=\"text-align: justify;\">&nbsp;&nbsp;&nbsp;&nbsp;&nbsp;&nbsp;&nbsp;&nbsp;&nbsp;&nbsp;&nbsp;&nbsp;&nbsp;&nbsp; Gaudium et spes!&nbsp; Ks. Jacek<b><br \/>\n<\/b><\/div>\n<div class=\"MsoNormal\" style=\"text-align: justify;\">\n<\/div>\n<div class=\"MsoNormal\" style=\"text-align: justify;\"><b>\u015aroda 22 tygodnia zwyk\u0142ego, rok I,<\/b><\/div>\n<div class=\"MsoNormal\" style=\"text-align: justify;\"><b style=\"mso-bidi-font-weight: normal;\">do czyta\u0144: &nbsp;Kol 1,1\u20138;&nbsp; \u0141k 4,38\u201344<\/b><\/div>\n<div class=\"MsoNormal\" style=\"text-align: justify;\">\n<\/div>\n<div class=\"MsoNormal\" style=\"text-align: justify; text-indent: 35.4pt;\">Pomijaj\u0105c wszelkie humorystyczne interpretacje dzisiejszego fragmentu Ewangelii, wed\u0142ug kt\u00f3rych p\u00f3\u017aniejsze zaparcie si\u0119 Piotra by\u0142o wynikiem zemsty za to, \u017ce Jezus uzdrowi\u0142 mu te\u015bciow\u0105, musimy zauwa\u017cy\u0107, \u017ce wskutek dokonanego uzdrowienia <b style=\"mso-bidi-font-weight: normal;\">kobieta owa sta\u0142a si\u0119 zdolna znowu pe\u0142ni\u0107 swoj\u0105 s\u0142u\u017cb\u0119.<\/b> Mog\u0142a zatem <b style=\"mso-bidi-font-weight: normal;\">ponownie<\/b> \u2013 zgodnie ze swoim powo\u0142aniem \u2013 <b style=\"mso-bidi-font-weight: normal;\">czyni\u0107 dobro innym!<\/b> A s\u0142u\u017cba przecie\u017c jest istot\u0105 misji Jezusa. Wszyscy zatem, kt\u00f3rzy w Niego wierz\u0105, <b style=\"mso-bidi-font-weight: normal;\">maj\u0105 Go w tej postawie na\u015bladowa\u0107.<\/b> Szczeg\u00f3lnie za\u015b ci, kt\u00f3rzy uwolnieni zostali z mocy z\u0142a, z mocy choroby. <\/div>\n<div class=\"MsoNormal\" style=\"text-align: justify; text-indent: 35.4pt;\">Wszelkie bowiem cuda Jezusa, a ju\u017c szczeg\u00f3lnie uzdrowienia, maj\u0105 za cel <b style=\"mso-bidi-font-weight: normal;\">przywr\u00f3ci\u0107 stworzeniu jego pierwotny stan,<\/b> zniszczony uprzednio przez chorob\u0119, przez z\u0142o\u2026 Tym, co przywraca cz\u0142owiekowi wolno\u015b\u0107, si\u0142y, nadziej\u0119 \u2013 jest <b style=\"mso-bidi-font-weight: normal;\">S\u0142owo Jezusa! Przyjmuj\u0105c z wiar\u0105 to S\u0142owo, cz\u0142owiek odzyskuje pe\u0142ni\u0119 \u017cycia, pe\u0142ni\u0119 si\u0142.<\/b> I mo\u017ce znowu podj\u0105\u0107 swoje normalne zadania, swoj\u0105 s\u0142u\u017cb\u0119 wobec innych ludzi. <\/div>\n<div class=\"MsoNormal\" style=\"text-align: justify; text-indent: 35.4pt;\">A oto w pierwszym czytaniu, z Listu do Kolosan, Pawe\u0142 Aposto\u0142 wychwala Boga i dzi\u0119ki Mu czyni za wiar\u0119 swoich uczni\u00f3w. I jakkolwiek ze s\u0142\u00f3w Aposto\u0142a mo\u017cna by wyprowadzi\u0107 przekonanie, \u017ce t\u0105 swoj\u0105 postaw\u0105 Kolosanie <b style=\"mso-bidi-font-weight: normal;\">dokonuj\u0105 czego\u015b niezwyk\u0142ego,<\/b> \u017ce ta ich wiara <b style=\"mso-bidi-font-weight: normal;\">jest czym\u015b nadzwyczajnym,<\/b> to jednak nie mo\u017cemy straci\u0107 sprzed oczu \u015bwiadomo\u015bci, \u017ce <b style=\"mso-bidi-font-weight: normal;\">tak naprawd\u0119 m\u00f3wimy o czym\u015b najzupe\u0142niej normalnym. <\/b><\/div>\n<div class=\"MsoNormal\" style=\"text-align: justify; text-indent: 35.4pt;\">Bo to w\u0142a\u015bnie taka postawa jest <b style=\"mso-bidi-font-weight: normal;\">czym\u015b normalnym,<\/b> czym\u015b zwyczajnym \u2013 <b style=\"mso-bidi-font-weight: normal;\">postawa wiary, postawa zaufania do Boga, otwarcie si\u0119 na Niego.<\/b> A z\u0142o, grzech, s\u0142abo\u015b\u0107 \u2013 to stan nienormalny, to jakie\u015b zak\u0142\u00f3cenie, dysharmonia! Wydaje si\u0119 jednak, \u017ce <b style=\"mso-bidi-font-weight: normal;\">dzisiaj wielu chrze\u015bcijan, wielu katolik\u00f3w widzi to dok\u0142adnie odwrotnie.<\/b> <\/div>\n<div class=\"MsoNormal\" style=\"text-align: justify; text-indent: 35.4pt;\">Zauwa\u017cmy, jak wielu <b style=\"mso-bidi-font-weight: normal;\">nie przyst\u0119puje systematycznie do Komunii \u015awi\u0119tej.<\/b> Na pytanie, dlaczego tak jest, odpowiadaj\u0105, \u017ce nie s\u0105 w odpowiednim duchowym stanie, a wi\u0119c nie s\u0105 w stanie \u0142aski u\u015bwi\u0119caj\u0105cej, \u017ce musz\u0105 i\u015b\u0107 do Spowiedzi\u2026 Czemu zatem nie id\u0105 do Spowiedzi i w og\u00f3le <b style=\"mso-bidi-font-weight: normal;\">czemu nie dbaj\u0105 o sta\u0142y stan \u0142aski u\u015bwi\u0119caj\u0105cej?<\/b> A w\u0142a\u015bnie \u2013 dlatego, \u017ce <b style=\"mso-bidi-font-weight: normal;\">uwa\u017caj\u0105 to za co\u015b nadzwyczajnego, <\/b>za co\u015b wyj\u0105tkowego. <\/div>\n<div class=\"MsoNormal\" style=\"text-align: justify; text-indent: 35.4pt;\">Trzeba zatem, Kochani, pewnego <b style=\"mso-bidi-font-weight: normal;\">przewarto\u015bciowania naszego spojrzenia,<\/b> pewnego ponownego uporz\u0105dkowania tych spraw i przywr\u00f3cenia w\u0142a\u015bciwego porz\u0105dku rzeczy, aby to, co <b style=\"mso-bidi-font-weight: normal;\">powinno by\u0107 sta\u0142ym i oczywistym pragnieniem naszego serca i naszej duszy,<\/b> a wi\u0119c stan przyja\u017ani z Bogiem i dobro, czynione Jego moc\u0105, nie by\u0142o przez nas pojmowane jako rzeczywisto\u015b\u0107 <b style=\"mso-bidi-font-weight: normal;\">wyj\u0105tkowa, nadzwyczajna, a przez to \u2013 rzadka.<\/b> <\/div>\n<div class=\"MsoNormal\" style=\"text-align: justify; text-indent: 35.4pt;\">W tym sensie mo\u017cemy powiedzie\u0107, \u017ce zanim nast\u0105pi jakiekolwiek inne uzdrowienie, dokonane moc\u0105 Jezusa, potrzeba <b style=\"mso-bidi-font-weight: normal;\">uzdrowienia naszego my\u015blenia<\/b> i doprowadzenia do takiego w\u0142a\u015bciwego, normalnego pojmowania naszej przyja\u017ani z Bogiem jako <b style=\"mso-bidi-font-weight: normal;\">stanu, kt\u00f3ry zawsze powinien mie\u0107 miejsce,<\/b> za\u015b stan nieprzyja\u017ani, jakiego\u015b \u201ezawirowania\u201d na linii naszego odniesienia do Boga \u2013 winien by\u0107 <b style=\"mso-bidi-font-weight: normal;\">jak najszybciej zmieniony na ten stan w\u0142a\u015bciwy.<\/b> Nad takim ukszta\u0142towaniem naszego my\u015blenia \u2013 i my\u015blenia naszych bliskich \u2013 trzeba nam ci\u0105gle pracowa\u0107!<\/div>\n<div class=\"MsoNormal\" style=\"text-align: justify; text-indent: 35.4pt;\">W tym kontek\u015bcie pomy\u015blmy:<\/div>\n<div class=\"MsoNormal\" style=\"margin-left: 36.0pt; mso-list: l0 level1 lfo1; tab-stops: list 36.0pt; text-align: justify; text-indent: -18.0pt;\">\u00b7&nbsp;&nbsp;&nbsp;&nbsp;&nbsp;&nbsp;&nbsp; Czy stan \u0142aski u\u015bwi\u0119caj\u0105cej pojmuj\u0119 jako stan normalny w moim \u017cyciu?<\/div>\n<div class=\"MsoNormal\" style=\"margin-left: 36.0pt; mso-list: l0 level1 lfo1; tab-stops: list 36.0pt; text-align: justify; text-indent: -18.0pt;\">\u00b7&nbsp;&nbsp;&nbsp;&nbsp;&nbsp;&nbsp;&nbsp; Czy przyst\u0119puj\u0105c do Spowiedzi i Komunii \u015awi\u0119tej, mam \u015bwiadomo\u015b\u0107, \u017ce to ja dost\u0119puj\u0119 \u0142aski Bo\u017cej, a nie robi\u0119 \u0142ask\u0119 Bogu?<\/div>\n<div class=\"MsoNormal\" style=\"margin-left: 36.0pt; mso-list: l0 level1 lfo1; tab-stops: list 36.0pt; text-align: justify; text-indent: -18.0pt;\">\u00b7&nbsp;&nbsp;&nbsp;&nbsp;&nbsp;&nbsp;&nbsp; Czy dost\u0119puj\u0105c \u0142aski uzdrowienia z grzechu, czy innych \u0142ask od Jezusa, mam \u015bwiadomo\u015b\u0107, \u017ce zobowi\u0105zuje mnie to do jeszcze aktywniejszej chrze\u015bcija\u0144skiej postawy?<\/div>\n<div class=\"MsoNormal\" style=\"text-align: justify;\">\n<\/div>\n<div class=\"MsoNormal\" style=\"text-align: justify;\"><b style=\"mso-bidi-font-weight: normal;\"><i style=\"mso-bidi-font-style: normal;\">On za\u015b na ka\u017cdego z nich k\u0142ad\u0142 r\u0119ce i uzdrawia\u0142 ich<\/i><\/b>\u2026<\/div>\n","protected":false},"excerpt":{"rendered":"<p>Niech b\u0119dzie pochwalony Jezus Chrystus! Serdecznie pozdrawiam z miejscowo\u015bci Fr\u0105cki, z noclegu na polu namiotowym u go\u015bcinnych Pa\u0144stwa Milewskich, u kt\u00f3rych ju\u017c nieraz zatrzymywali\u015bmy si\u0119 na nocleg, kiedy w poprzednich latach p\u0142yn\u0119li\u015bmy t\u0119dy kajakami. Dzisiaj dop\u0142ywamy do miejsca, z kt\u00f3rego w poniedzia\u0142ek wyruszyli\u015bmy, a wi\u0119c do miejscowo\u015bci P\u0142aska, gdzie znajduje si\u0119 nasza baza &#8211; w [&hellip;]<\/p>\n","protected":false},"author":1,"featured_media":0,"comment_status":"open","ping_status":"open","sticky":false,"template":"","format":"standard","meta":{"jetpack_post_was_ever_published":false,"_jetpack_newsletter_access":"","_jetpack_dont_email_post_to_subs":false,"_jetpack_newsletter_tier_id":0,"_jetpack_memberships_contains_paywalled_content":false,"_jetpack_memberships_contains_paid_content":false,"footnotes":""},"categories":[1],"tags":[],"class_list":["post-9747","post","type-post","status-publish","format-standard","hentry","category-bez-kategorii"],"yoast_head":"<!-- This site is optimized with the Yoast SEO plugin v25.1 - https:\/\/yoast.com\/wordpress\/plugins\/seo\/ -->\n<title>O sprawnej i zdrowej - Piotrowej te\u015bciowej! - Gaudium Et Spes<\/title>\n<meta name=\"robots\" content=\"index, follow, max-snippet:-1, max-image-preview:large, max-video-preview:-1\" \/>\n<link rel=\"canonical\" href=\"https:\/\/gaudiumetspes-blog.pl\/index.php\/2011\/08\/31\/o-sprawnej-i-zdrowej-piotrowej\/\" \/>\n<meta property=\"og:locale\" content=\"pl_PL\" \/>\n<meta property=\"og:type\" content=\"article\" \/>\n<meta property=\"og:title\" content=\"O sprawnej i zdrowej - Piotrowej te\u015bciowej! - Gaudium Et Spes\" \/>\n<meta property=\"og:description\" content=\"Niech b\u0119dzie pochwalony Jezus Chrystus! Serdecznie pozdrawiam z miejscowo\u015bci Fr\u0105cki, z noclegu na polu namiotowym u go\u015bcinnych Pa\u0144stwa Milewskich, u kt\u00f3rych ju\u017c nieraz zatrzymywali\u015bmy si\u0119 na nocleg, kiedy w poprzednich latach p\u0142yn\u0119li\u015bmy t\u0119dy kajakami. Dzisiaj dop\u0142ywamy do miejsca, z kt\u00f3rego w poniedzia\u0142ek wyruszyli\u015bmy, a wi\u0119c do miejscowo\u015bci P\u0142aska, gdzie znajduje si\u0119 nasza baza &#8211; w [&hellip;]\" \/>\n<meta property=\"og:url\" content=\"https:\/\/gaudiumetspes-blog.pl\/index.php\/2011\/08\/31\/o-sprawnej-i-zdrowej-piotrowej\/\" \/>\n<meta property=\"og:site_name\" content=\"Gaudium Et Spes\" \/>\n<meta property=\"article:published_time\" content=\"2011-08-31T02:45:00+00:00\" \/>\n<meta property=\"article:modified_time\" content=\"2019-07-31T10:52:35+00:00\" \/>\n<meta name=\"author\" content=\"Ks. Jacek\" \/>\n<meta name=\"twitter:card\" content=\"summary_large_image\" \/>\n<meta name=\"twitter:label1\" content=\"Napisane przez\" \/>\n\t<meta name=\"twitter:data1\" content=\"Ks. Jacek\" \/>\n\t<meta name=\"twitter:label2\" content=\"Szacowany czas czytania\" \/>\n\t<meta name=\"twitter:data2\" content=\"4 minuty\" \/>\n<script type=\"application\/ld+json\" class=\"yoast-schema-graph\">{\"@context\":\"https:\/\/schema.org\",\"@graph\":[{\"@type\":\"WebPage\",\"@id\":\"https:\/\/gaudiumetspes-blog.pl\/index.php\/2011\/08\/31\/o-sprawnej-i-zdrowej-piotrowej\/\",\"url\":\"https:\/\/gaudiumetspes-blog.pl\/index.php\/2011\/08\/31\/o-sprawnej-i-zdrowej-piotrowej\/\",\"name\":\"O sprawnej i zdrowej - Piotrowej te\u015bciowej! - Gaudium Et Spes\",\"isPartOf\":{\"@id\":\"https:\/\/gaudiumetspes-blog.pl\/#website\"},\"datePublished\":\"2011-08-31T02:45:00+00:00\",\"dateModified\":\"2019-07-31T10:52:35+00:00\",\"author\":{\"@id\":\"https:\/\/gaudiumetspes-blog.pl\/#\/schema\/person\/1661982992b752dea8dff0d4ed845a65\"},\"breadcrumb\":{\"@id\":\"https:\/\/gaudiumetspes-blog.pl\/index.php\/2011\/08\/31\/o-sprawnej-i-zdrowej-piotrowej\/#breadcrumb\"},\"inLanguage\":\"pl-PL\",\"potentialAction\":[{\"@type\":\"ReadAction\",\"target\":[\"https:\/\/gaudiumetspes-blog.pl\/index.php\/2011\/08\/31\/o-sprawnej-i-zdrowej-piotrowej\/\"]}]},{\"@type\":\"BreadcrumbList\",\"@id\":\"https:\/\/gaudiumetspes-blog.pl\/index.php\/2011\/08\/31\/o-sprawnej-i-zdrowej-piotrowej\/#breadcrumb\",\"itemListElement\":[{\"@type\":\"ListItem\",\"position\":1,\"name\":\"Strona g\u0142\u00f3wna\",\"item\":\"https:\/\/gaudiumetspes-blog.pl\/\"},{\"@type\":\"ListItem\",\"position\":2,\"name\":\"O&nbsp;sprawnej i&nbsp;zdrowej &#8211; Piotrowej te\u015bciowej!\"}]},{\"@type\":\"WebSite\",\"@id\":\"https:\/\/gaudiumetspes-blog.pl\/#website\",\"url\":\"https:\/\/gaudiumetspes-blog.pl\/\",\"name\":\"Gaudium Et Spes\",\"description\":\"Blog Ks. Jacka Ja\u015bkowskiego\",\"potentialAction\":[{\"@type\":\"SearchAction\",\"target\":{\"@type\":\"EntryPoint\",\"urlTemplate\":\"https:\/\/gaudiumetspes-blog.pl\/?s={search_term_string}\"},\"query-input\":{\"@type\":\"PropertyValueSpecification\",\"valueRequired\":true,\"valueName\":\"search_term_string\"}}],\"inLanguage\":\"pl-PL\"},{\"@type\":\"Person\",\"@id\":\"https:\/\/gaudiumetspes-blog.pl\/#\/schema\/person\/1661982992b752dea8dff0d4ed845a65\",\"name\":\"Ks. Jacek\",\"image\":{\"@type\":\"ImageObject\",\"inLanguage\":\"pl-PL\",\"@id\":\"https:\/\/gaudiumetspes-blog.pl\/#\/schema\/person\/image\/\",\"url\":\"https:\/\/gaudiumetspes-blog.pl\/wp-content\/uploads\/2019\/07\/avatar-JJ-150x150.jpg\",\"contentUrl\":\"https:\/\/gaudiumetspes-blog.pl\/wp-content\/uploads\/2019\/07\/avatar-JJ-150x150.jpg\",\"caption\":\"Ks. Jacek\"},\"description\":\"Witam serdecznie! K\u0142ania si\u0119 Ks. Jacek Ja\u015bkowski. Nie jestem ani kim\u015b wa\u017cnym, ani kim\u015b znanym. Jestem ksi\u0119dzem, kt\u00f3ry po prostu chce rozmawia\u0107. Codzienna kap\u0142a\u0144ska pos\u0142uga pokazuje mi, \u017ce temat\u00f3w do rozm\u00f3w z ksi\u0119dzem jest coraz wi\u0119cej i dzisiaj \u017caden ksi\u0105dz nie mo\u017ce od nich ucieka\u0107, ale - wprost przeciwnie - podejmowa\u0107 nowe wyzwania. To przekonanie sk\u0142oni\u0142o mnie do pr\u00f3by otwarcia tego\u017c bloga, chocia\u017c okazji do rozm\u00f3w na co dzie\u0144 - w konfesjonale i poza nim - na szcz\u0119\u015bcie nie brakuje. My\u015bl\u0119 jednak, \u017ce ten blog b\u0119dzie jeszcze jednym sposobem i przestrzeni\u0105 nawi\u0105zania kontaktu z lud\u017ami dobrej woli, otwartymi na dialog.\",\"url\":\"https:\/\/gaudiumetspes-blog.pl\/index.php\/author\/ks-jacek\/\"}]}<\/script>\n<!-- \/ Yoast SEO plugin. -->","yoast_head_json":{"title":"O sprawnej i zdrowej - Piotrowej te\u015bciowej! - Gaudium Et Spes","robots":{"index":"index","follow":"follow","max-snippet":"max-snippet:-1","max-image-preview":"max-image-preview:large","max-video-preview":"max-video-preview:-1"},"canonical":"https:\/\/gaudiumetspes-blog.pl\/index.php\/2011\/08\/31\/o-sprawnej-i-zdrowej-piotrowej\/","og_locale":"pl_PL","og_type":"article","og_title":"O sprawnej i zdrowej - Piotrowej te\u015bciowej! - Gaudium Et Spes","og_description":"Niech b\u0119dzie pochwalony Jezus Chrystus! Serdecznie pozdrawiam z miejscowo\u015bci Fr\u0105cki, z noclegu na polu namiotowym u go\u015bcinnych Pa\u0144stwa Milewskich, u kt\u00f3rych ju\u017c nieraz zatrzymywali\u015bmy si\u0119 na nocleg, kiedy w poprzednich latach p\u0142yn\u0119li\u015bmy t\u0119dy kajakami. Dzisiaj dop\u0142ywamy do miejsca, z kt\u00f3rego w poniedzia\u0142ek wyruszyli\u015bmy, a wi\u0119c do miejscowo\u015bci P\u0142aska, gdzie znajduje si\u0119 nasza baza &#8211; w [&hellip;]","og_url":"https:\/\/gaudiumetspes-blog.pl\/index.php\/2011\/08\/31\/o-sprawnej-i-zdrowej-piotrowej\/","og_site_name":"Gaudium Et Spes","article_published_time":"2011-08-31T02:45:00+00:00","article_modified_time":"2019-07-31T10:52:35+00:00","author":"Ks. Jacek","twitter_card":"summary_large_image","twitter_misc":{"Napisane przez":"Ks. Jacek","Szacowany czas czytania":"4 minuty"},"schema":{"@context":"https:\/\/schema.org","@graph":[{"@type":"WebPage","@id":"https:\/\/gaudiumetspes-blog.pl\/index.php\/2011\/08\/31\/o-sprawnej-i-zdrowej-piotrowej\/","url":"https:\/\/gaudiumetspes-blog.pl\/index.php\/2011\/08\/31\/o-sprawnej-i-zdrowej-piotrowej\/","name":"O sprawnej i zdrowej - Piotrowej te\u015bciowej! - Gaudium Et Spes","isPartOf":{"@id":"https:\/\/gaudiumetspes-blog.pl\/#website"},"datePublished":"2011-08-31T02:45:00+00:00","dateModified":"2019-07-31T10:52:35+00:00","author":{"@id":"https:\/\/gaudiumetspes-blog.pl\/#\/schema\/person\/1661982992b752dea8dff0d4ed845a65"},"breadcrumb":{"@id":"https:\/\/gaudiumetspes-blog.pl\/index.php\/2011\/08\/31\/o-sprawnej-i-zdrowej-piotrowej\/#breadcrumb"},"inLanguage":"pl-PL","potentialAction":[{"@type":"ReadAction","target":["https:\/\/gaudiumetspes-blog.pl\/index.php\/2011\/08\/31\/o-sprawnej-i-zdrowej-piotrowej\/"]}]},{"@type":"BreadcrumbList","@id":"https:\/\/gaudiumetspes-blog.pl\/index.php\/2011\/08\/31\/o-sprawnej-i-zdrowej-piotrowej\/#breadcrumb","itemListElement":[{"@type":"ListItem","position":1,"name":"Strona g\u0142\u00f3wna","item":"https:\/\/gaudiumetspes-blog.pl\/"},{"@type":"ListItem","position":2,"name":"O&nbsp;sprawnej i&nbsp;zdrowej &#8211; Piotrowej te\u015bciowej!"}]},{"@type":"WebSite","@id":"https:\/\/gaudiumetspes-blog.pl\/#website","url":"https:\/\/gaudiumetspes-blog.pl\/","name":"Gaudium Et Spes","description":"Blog Ks. Jacka Ja\u015bkowskiego","potentialAction":[{"@type":"SearchAction","target":{"@type":"EntryPoint","urlTemplate":"https:\/\/gaudiumetspes-blog.pl\/?s={search_term_string}"},"query-input":{"@type":"PropertyValueSpecification","valueRequired":true,"valueName":"search_term_string"}}],"inLanguage":"pl-PL"},{"@type":"Person","@id":"https:\/\/gaudiumetspes-blog.pl\/#\/schema\/person\/1661982992b752dea8dff0d4ed845a65","name":"Ks. Jacek","image":{"@type":"ImageObject","inLanguage":"pl-PL","@id":"https:\/\/gaudiumetspes-blog.pl\/#\/schema\/person\/image\/","url":"https:\/\/gaudiumetspes-blog.pl\/wp-content\/uploads\/2019\/07\/avatar-JJ-150x150.jpg","contentUrl":"https:\/\/gaudiumetspes-blog.pl\/wp-content\/uploads\/2019\/07\/avatar-JJ-150x150.jpg","caption":"Ks. Jacek"},"description":"Witam serdecznie! K\u0142ania si\u0119 Ks. Jacek Ja\u015bkowski. Nie jestem ani kim\u015b wa\u017cnym, ani kim\u015b znanym. Jestem ksi\u0119dzem, kt\u00f3ry po prostu chce rozmawia\u0107. Codzienna kap\u0142a\u0144ska pos\u0142uga pokazuje mi, \u017ce temat\u00f3w do rozm\u00f3w z ksi\u0119dzem jest coraz wi\u0119cej i dzisiaj \u017caden ksi\u0105dz nie mo\u017ce od nich ucieka\u0107, ale - wprost przeciwnie - podejmowa\u0107 nowe wyzwania. To przekonanie sk\u0142oni\u0142o mnie do pr\u00f3by otwarcia tego\u017c bloga, chocia\u017c okazji do rozm\u00f3w na co dzie\u0144 - w konfesjonale i poza nim - na szcz\u0119\u015bcie nie brakuje. My\u015bl\u0119 jednak, \u017ce ten blog b\u0119dzie jeszcze jednym sposobem i przestrzeni\u0105 nawi\u0105zania kontaktu z lud\u017ami dobrej woli, otwartymi na dialog.","url":"https:\/\/gaudiumetspes-blog.pl\/index.php\/author\/ks-jacek\/"}]}},"jetpack_featured_media_url":"","jetpack_sharing_enabled":true,"_links":{"self":[{"href":"https:\/\/gaudiumetspes-blog.pl\/index.php\/wp-json\/wp\/v2\/posts\/9747","targetHints":{"allow":["GET"]}}],"collection":[{"href":"https:\/\/gaudiumetspes-blog.pl\/index.php\/wp-json\/wp\/v2\/posts"}],"about":[{"href":"https:\/\/gaudiumetspes-blog.pl\/index.php\/wp-json\/wp\/v2\/types\/post"}],"author":[{"embeddable":true,"href":"https:\/\/gaudiumetspes-blog.pl\/index.php\/wp-json\/wp\/v2\/users\/1"}],"replies":[{"embeddable":true,"href":"https:\/\/gaudiumetspes-blog.pl\/index.php\/wp-json\/wp\/v2\/comments?post=9747"}],"version-history":[{"count":1,"href":"https:\/\/gaudiumetspes-blog.pl\/index.php\/wp-json\/wp\/v2\/posts\/9747\/revisions"}],"predecessor-version":[{"id":10336,"href":"https:\/\/gaudiumetspes-blog.pl\/index.php\/wp-json\/wp\/v2\/posts\/9747\/revisions\/10336"}],"wp:attachment":[{"href":"https:\/\/gaudiumetspes-blog.pl\/index.php\/wp-json\/wp\/v2\/media?parent=9747"}],"wp:term":[{"taxonomy":"category","embeddable":true,"href":"https:\/\/gaudiumetspes-blog.pl\/index.php\/wp-json\/wp\/v2\/categories?post=9747"},{"taxonomy":"post_tag","embeddable":true,"href":"https:\/\/gaudiumetspes-blog.pl\/index.php\/wp-json\/wp\/v2\/tags?post=9747"}],"curies":[{"name":"wp","href":"https:\/\/api.w.org\/{rel}","templated":true}]}}