{"id":9748,"date":"2011-08-30T04:30:00","date_gmt":"2011-08-30T02:30:00","guid":{"rendered":"https:\/\/gaudiumetspes-blog.pl\/index.php\/2011\/08\/30\/o-uzdrawiajacej-potedze-jezusa\/"},"modified":"2019-07-31T12:52:35","modified_gmt":"2019-07-31T10:52:35","slug":"o-uzdrawiajacej-potedze-jezusa","status":"publish","type":"post","link":"https:\/\/gaudiumetspes-blog.pl\/index.php\/2011\/08\/30\/o-uzdrawiajacej-potedze-jezusa\/","title":{"rendered":"O uzdrawiaj\u0105cej pot\u0119dze Jezusa&#8230;"},"content":{"rendered":"<p><\/p>\n<div class=\"MsoNormal\" style=\"text-align: justify;\">Szcz\u0119\u015b\u0107 Bo\u017ce! Pozdrawiam z Wigier, gdzie pod wie\u017cami klasztoru pokamedulskiego mieli\u015bmy nocleg, po przep\u0142yni\u0119ciu wczoraj stosunkowo nied\u0142ugiego odcinka z miejscowo\u015bci P\u0142aska do miejsca &#8222;jakiego\u015btam&#8221;, sk\u0105d kajaki zosta\u0142y przewiezione w\u0142a\u015bnie nad Wigry. Pogoda \u015bwietna, atmosfera &#8211; te\u017c. Dzisiaj ca\u0142y dzie\u0144 w kajaku &#8211; Czarn\u0105 Ha\u0144cz\u0105! Pami\u0119tam o Was w modlitwie!<\/div>\n<div class=\"MsoNormal\" style=\"text-align: justify;\">&nbsp;&nbsp;&nbsp;&nbsp;&nbsp;&nbsp;&nbsp;&nbsp;&nbsp;&nbsp;&nbsp;&nbsp;&nbsp;&nbsp;&nbsp; Gaudium et spes!&nbsp; Ks. Jacek<b><br \/>\n<\/b><\/div>\n<div class=\"MsoNormal\" style=\"text-align: justify;\">\n<\/div>\n<div class=\"MsoNormal\" style=\"text-align: justify;\"><b>Wtorek 22 tygodnia zwyk\u0142ego, rok I,<\/b><\/div>\n<div class=\"MsoNormal\" style=\"text-align: justify;\"><b style=\"mso-bidi-font-weight: normal;\">do czyta\u0144: 1 Tes 5,1\u20136.9\u201311;&nbsp; \u0141k 4,31\u201337<\/b><\/div>\n<div class=\"MsoNormal\" style=\"text-align: justify;\">\n<\/div>\n<div class=\"MsoNormal\" style=\"text-align: justify; text-indent: 35.4pt;\">Opisany dzisiaj cud <b style=\"mso-bidi-font-weight: normal;\">dokona\u0142 si\u0119 w szabat,<\/b> a wi\u0119c dzie\u0144 po\u015bwi\u0119cony Bogu \u2013 i <b style=\"mso-bidi-font-weight: normal;\">dzie\u0144 odpoczynku.<\/b> Jezus zostaje nazwany <b style=\"mso-bidi-font-weight: normal;\">\u015awi\u0119tym Bo\u017cym<\/b>. A cud dotyczy uwolnienia cz\u0142owieka od ducha nieczystego. Wszystkie te elementy, sk\u0142adaj\u0105ce si\u0119 na kszta\u0142t przedstawionego wydarzenia, maj\u0105 znaczenie. <\/div>\n<div class=\"MsoNormal\" style=\"text-align: justify; text-indent: 35.4pt;\">W szabat bowiem <b style=\"mso-bidi-font-weight: normal;\">Jezus dokona\u0142 wielu swoich cud\u00f3w<\/b> \u2013 z pewno\u015bci\u0105 po to, aby pokaza\u0107, \u017ce jest <b style=\"mso-bidi-font-weight: normal;\">Panem szabatu,<\/b> mo\u017ce wi\u0119c swobodnie dzia\u0142a\u0107 w ten dzie\u0144, przez Boga ustanowiony i Bogu po\u015bwi\u0119cony. Poza tym, cz\u0142owiek op\u0119tany, uwolniony w tym dniu od mocy z\u0142ego ducha, <b style=\"mso-bidi-font-weight: normal;\">m\u00f3g\u0142 prawdziwie odpocz\u0105\u0107,<\/b> gdy \u015awi\u0119ty Bo\u017cy okaza\u0142 swoj\u0105 pot\u0119g\u0119. <\/div>\n<div class=\"MsoNormal\" style=\"text-align: justify; text-indent: 35.4pt;\">A ta pot\u0119ga jest prawdziwie wielka: nie do\u015b\u0107 bowiem, \u017ce Jezus <b style=\"mso-bidi-font-weight: normal;\">wyrzuci\u0142 z\u0142ego ducha,<\/b> to jeszcze dodatkowo <b style=\"mso-bidi-font-weight: normal;\">nie pozwoli\u0142 mu objawia\u0107 prawdy o tym, kim Jezus jest.<\/b> Jakkolwiek bowiem z\u0142y duch rzeczywi\u015bcie wypowiedzia\u0142 s\u0142owa prawdy, to jednak Jezus nakaza\u0142 mu milczenie. Prawdy bowiem <b style=\"mso-bidi-font-weight: normal;\">nie powinien g\u0142osi\u0107 ten, kto permanentnie \u017cyje w k\u0142amstwie<\/b> i k\u0142amstwem zara\u017ca wszystkich wok\u00f3\u0142. To nie z\u0142y duch b\u0119dzie tym, kt\u00f3ry objawi prawd\u0119 o Synu Bo\u017cym, a <b style=\"mso-bidi-font-weight: normal;\">uczyni to On sam, Jezus Chrystus,<\/b> poprzez swoje Zmartwychwstanie, a wcze\u015bniej \u2013 poprzez takie cuda i znaki, jak w\u0142a\u015bnie ten opisany. <\/div>\n<div class=\"MsoNormal\" style=\"text-align: justify; text-indent: 35.4pt;\">Jak zatem wida\u0107, szatan <b style=\"mso-bidi-font-weight: normal;\">poni\u00f3s\u0142 w ca\u0142ym tym wydarzeniu totaln\u0105, bezwarunkow\u0105 kl\u0119sk\u0119<\/b> \u2013 przegra\u0142 na ca\u0142ej linii. A Jezus z wielk\u0105 moc\u0105 objawi\u0142 swoj\u0105 Bosk\u0105 moc i pot\u0119g\u0119. A jak zaznacza \u015awi\u0119ty Pawe\u0142 w swoim Pierwszym Li\u015bcie do Tesaloniczan \u2013 kt\u00f3rego fragmentu wys\u0142uchali\u015bmy w pierwszym czytaniu \u2013 <b style=\"mso-bidi-font-weight: normal;\">ta pot\u0119ga ci\u0105gle daje o sobie zna\u0107,<\/b> za\u015b jej wyrazem pe\u0142nym i ostatecznym b\u0119dzie nastanie dnia Pa\u0144skiego. <\/div>\n<div class=\"MsoNormal\" style=\"text-align: justify; text-indent: 35.4pt;\">Dzie\u0144 ten <b style=\"mso-bidi-font-weight: normal;\">przyjdzie<\/b> <b style=\"mso-bidi-font-weight: normal;\">niespodziewanie<\/b>, jest on bowiem w absolutnej gestii Boga i nastanie w\u00f3wczas, gdy Pan tak b\u0119dzie chcia\u0142. Nastanie owego dnia b\u0119dzie <b style=\"mso-bidi-font-weight: normal;\">bardzo przykr\u0105 niespodziank\u0105 dla tych, kt\u00f3rzy pozostaj\u0105 w ciemno\u015bciach.<\/b> Dla tych za\u015b, kt\u00f3rzy s\u0105 <b style=\"mso-bidi-font-weight: normal;\"><i style=\"mso-bidi-font-style: normal;\">synami \u015bwiat\u0142o\u015bci i synami dnia<\/i>,<\/b> dzie\u0144 ten b\u0119dzie radosny i wspania\u0142y, bowiem moce ciemno\u015bci w\u00f3wczas ostatecznie zostan\u0105 zwyci\u0119\u017cone. <\/div>\n<div class=\"MsoNormal\" style=\"text-align: justify; text-indent: 35.4pt;\">Pro\u015bmy wi\u0119c Pana, aby i w naszym \u017cyciu ci\u0105gle dokonywa\u0142 swego zwyci\u0119stwa \u2013 aby pomaga\u0142 nam <b style=\"mso-bidi-font-weight: normal;\">ostatecznie i absolutnie rozprawia\u0107 si\u0119 ze z\u0142ym duchem,<\/b> kt\u00f3ry bardzo chcia\u0142by i nas mie\u0107 w swojej niewoli. I ro\u015bci sobie nieuzasadnione pretensje do naszego \u017cycia, chc\u0105c zak\u0142\u00f3ci\u0107 nasze odniesienie do Jezusa i prawdy o Nim. Niech zatem i w naszym \u017cyciu zwyci\u0119stwo nad z\u0142ym duchem <b style=\"mso-bidi-font-weight: normal;\">ci\u0105gle si\u0119 dokonuje, a\u017c przyjdzie to zwyci\u0119stwo ostateczne, ca\u0142kowite i bezapelacyjne. <\/b><\/div>\n<div class=\"MsoNormal\" style=\"text-align: justify; text-indent: 35.4pt;\">W tym kontek\u015bcie pomy\u015blmy:<\/div>\n<div class=\"MsoNormal\" style=\"margin-left: 36.0pt; mso-list: l0 level1 lfo1; tab-stops: list 36.0pt; text-align: justify; text-indent: -18.0pt;\">\u00b7&nbsp;&nbsp;&nbsp;&nbsp;&nbsp;&nbsp;&nbsp; Na ile staram si\u0119 nie wchodzi\u0107 w \u017cadne, nawet najmniejsze uk\u0142ady z szatanem?<\/div>\n<div class=\"MsoNormal\" style=\"margin-left: 36.0pt; mso-list: l0 level1 lfo1; tab-stops: list 36.0pt; text-align: justify; text-indent: -18.0pt;\">\u00b7&nbsp;&nbsp;&nbsp;&nbsp;&nbsp;&nbsp;&nbsp; Czy podejmuj\u0105c walk\u0119 ze swymi grzechami, na\u0142ogami, intensywnie wzywam pomocy Bo\u017cej, czy walcz\u0119 jedynie swoimi si\u0142ami?<\/div>\n<div class=\"MsoNormal\" style=\"margin-left: 36.0pt; mso-list: l0 level1 lfo1; tab-stops: list 36.0pt; text-align: justify; text-indent: -18.0pt;\">\u00b7&nbsp;&nbsp;&nbsp;&nbsp;&nbsp;&nbsp;&nbsp; Czy mam \u015bwiadomo\u015b\u0107, \u017ce z\u0142y duch jest inteligentny, przeto nie mog\u0119 mierzy\u0107 si\u0119 z nim, tylko przekaza\u0107 inicjatyw\u0119 Jezusowi w Jego sakramentach?<\/div>\n<div class=\"MsoNormal\" style=\"text-align: justify;\">\n<\/div>\n<div class=\"MsoNormal\" style=\"text-align: justify;\"><b style=\"mso-bidi-font-weight: normal;\"><i style=\"mso-bidi-font-style: normal;\">C\u00f3\u017c to za s\u0142owo<\/i><\/b><b style=\"mso-bidi-font-weight: normal;\">? <i style=\"mso-bidi-font-style: normal;\">Z w\u0142adz\u0105 i moc\u0105 rozkazuje nawet duchom nieczystym i wychodz\u0105.<\/i> <\/b><\/div>\n","protected":false},"excerpt":{"rendered":"<p>Szcz\u0119\u015b\u0107 Bo\u017ce! Pozdrawiam z Wigier, gdzie pod wie\u017cami klasztoru pokamedulskiego mieli\u015bmy nocleg, po przep\u0142yni\u0119ciu wczoraj stosunkowo nied\u0142ugiego odcinka z miejscowo\u015bci P\u0142aska do miejsca &#8222;jakiego\u015btam&#8221;, sk\u0105d kajaki zosta\u0142y przewiezione w\u0142a\u015bnie nad Wigry. Pogoda \u015bwietna, atmosfera &#8211; te\u017c. Dzisiaj ca\u0142y dzie\u0144 w kajaku &#8211; Czarn\u0105 Ha\u0144cz\u0105! Pami\u0119tam o Was w modlitwie! &nbsp;&nbsp;&nbsp;&nbsp;&nbsp;&nbsp;&nbsp;&nbsp;&nbsp;&nbsp;&nbsp;&nbsp;&nbsp;&nbsp;&nbsp; Gaudium et spes!&nbsp; Ks. Jacek [&hellip;]<\/p>\n","protected":false},"author":1,"featured_media":0,"comment_status":"open","ping_status":"open","sticky":false,"template":"","format":"standard","meta":{"jetpack_post_was_ever_published":false,"_jetpack_newsletter_access":"","_jetpack_dont_email_post_to_subs":false,"_jetpack_newsletter_tier_id":0,"_jetpack_memberships_contains_paywalled_content":false,"_jetpack_memberships_contains_paid_content":false,"footnotes":""},"categories":[1],"tags":[],"class_list":["post-9748","post","type-post","status-publish","format-standard","hentry","category-bez-kategorii"],"yoast_head":"<!-- This site is optimized with the Yoast SEO plugin v25.1 - https:\/\/yoast.com\/wordpress\/plugins\/seo\/ -->\n<title>O uzdrawiaj\u0105cej pot\u0119dze Jezusa... - Gaudium Et Spes<\/title>\n<meta name=\"robots\" content=\"index, follow, max-snippet:-1, max-image-preview:large, max-video-preview:-1\" \/>\n<link rel=\"canonical\" href=\"https:\/\/gaudiumetspes-blog.pl\/index.php\/2011\/08\/30\/o-uzdrawiajacej-potedze-jezusa\/\" \/>\n<meta property=\"og:locale\" content=\"pl_PL\" \/>\n<meta property=\"og:type\" content=\"article\" \/>\n<meta property=\"og:title\" content=\"O uzdrawiaj\u0105cej pot\u0119dze Jezusa... - Gaudium Et Spes\" \/>\n<meta property=\"og:description\" content=\"Szcz\u0119\u015b\u0107 Bo\u017ce! Pozdrawiam z Wigier, gdzie pod wie\u017cami klasztoru pokamedulskiego mieli\u015bmy nocleg, po przep\u0142yni\u0119ciu wczoraj stosunkowo nied\u0142ugiego odcinka z miejscowo\u015bci P\u0142aska do miejsca &#8222;jakiego\u015btam&#8221;, sk\u0105d kajaki zosta\u0142y przewiezione w\u0142a\u015bnie nad Wigry. Pogoda \u015bwietna, atmosfera &#8211; te\u017c. Dzisiaj ca\u0142y dzie\u0144 w kajaku &#8211; Czarn\u0105 Ha\u0144cz\u0105! Pami\u0119tam o Was w modlitwie! &nbsp;&nbsp;&nbsp;&nbsp;&nbsp;&nbsp;&nbsp;&nbsp;&nbsp;&nbsp;&nbsp;&nbsp;&nbsp;&nbsp;&nbsp; Gaudium et spes!&nbsp; Ks. Jacek [&hellip;]\" \/>\n<meta property=\"og:url\" content=\"https:\/\/gaudiumetspes-blog.pl\/index.php\/2011\/08\/30\/o-uzdrawiajacej-potedze-jezusa\/\" \/>\n<meta property=\"og:site_name\" content=\"Gaudium Et Spes\" \/>\n<meta property=\"article:published_time\" content=\"2011-08-30T02:30:00+00:00\" \/>\n<meta property=\"article:modified_time\" content=\"2019-07-31T10:52:35+00:00\" \/>\n<meta name=\"author\" content=\"Ks. Jacek\" \/>\n<meta name=\"twitter:card\" content=\"summary_large_image\" \/>\n<meta name=\"twitter:label1\" content=\"Napisane przez\" \/>\n\t<meta name=\"twitter:data1\" content=\"Ks. Jacek\" \/>\n\t<meta name=\"twitter:label2\" content=\"Szacowany czas czytania\" \/>\n\t<meta name=\"twitter:data2\" content=\"3 minuty\" \/>\n<script type=\"application\/ld+json\" class=\"yoast-schema-graph\">{\"@context\":\"https:\/\/schema.org\",\"@graph\":[{\"@type\":\"WebPage\",\"@id\":\"https:\/\/gaudiumetspes-blog.pl\/index.php\/2011\/08\/30\/o-uzdrawiajacej-potedze-jezusa\/\",\"url\":\"https:\/\/gaudiumetspes-blog.pl\/index.php\/2011\/08\/30\/o-uzdrawiajacej-potedze-jezusa\/\",\"name\":\"O uzdrawiaj\u0105cej pot\u0119dze Jezusa... - Gaudium Et Spes\",\"isPartOf\":{\"@id\":\"https:\/\/gaudiumetspes-blog.pl\/#website\"},\"datePublished\":\"2011-08-30T02:30:00+00:00\",\"dateModified\":\"2019-07-31T10:52:35+00:00\",\"author\":{\"@id\":\"https:\/\/gaudiumetspes-blog.pl\/#\/schema\/person\/1661982992b752dea8dff0d4ed845a65\"},\"breadcrumb\":{\"@id\":\"https:\/\/gaudiumetspes-blog.pl\/index.php\/2011\/08\/30\/o-uzdrawiajacej-potedze-jezusa\/#breadcrumb\"},\"inLanguage\":\"pl-PL\",\"potentialAction\":[{\"@type\":\"ReadAction\",\"target\":[\"https:\/\/gaudiumetspes-blog.pl\/index.php\/2011\/08\/30\/o-uzdrawiajacej-potedze-jezusa\/\"]}]},{\"@type\":\"BreadcrumbList\",\"@id\":\"https:\/\/gaudiumetspes-blog.pl\/index.php\/2011\/08\/30\/o-uzdrawiajacej-potedze-jezusa\/#breadcrumb\",\"itemListElement\":[{\"@type\":\"ListItem\",\"position\":1,\"name\":\"Strona g\u0142\u00f3wna\",\"item\":\"https:\/\/gaudiumetspes-blog.pl\/\"},{\"@type\":\"ListItem\",\"position\":2,\"name\":\"O&nbsp;uzdrawiaj\u0105cej pot\u0119dze Jezusa&#8230;\"}]},{\"@type\":\"WebSite\",\"@id\":\"https:\/\/gaudiumetspes-blog.pl\/#website\",\"url\":\"https:\/\/gaudiumetspes-blog.pl\/\",\"name\":\"Gaudium Et Spes\",\"description\":\"Blog Ks. Jacka Ja\u015bkowskiego\",\"potentialAction\":[{\"@type\":\"SearchAction\",\"target\":{\"@type\":\"EntryPoint\",\"urlTemplate\":\"https:\/\/gaudiumetspes-blog.pl\/?s={search_term_string}\"},\"query-input\":{\"@type\":\"PropertyValueSpecification\",\"valueRequired\":true,\"valueName\":\"search_term_string\"}}],\"inLanguage\":\"pl-PL\"},{\"@type\":\"Person\",\"@id\":\"https:\/\/gaudiumetspes-blog.pl\/#\/schema\/person\/1661982992b752dea8dff0d4ed845a65\",\"name\":\"Ks. Jacek\",\"image\":{\"@type\":\"ImageObject\",\"inLanguage\":\"pl-PL\",\"@id\":\"https:\/\/gaudiumetspes-blog.pl\/#\/schema\/person\/image\/\",\"url\":\"https:\/\/gaudiumetspes-blog.pl\/wp-content\/uploads\/2019\/07\/avatar-JJ-150x150.jpg\",\"contentUrl\":\"https:\/\/gaudiumetspes-blog.pl\/wp-content\/uploads\/2019\/07\/avatar-JJ-150x150.jpg\",\"caption\":\"Ks. Jacek\"},\"description\":\"Witam serdecznie! K\u0142ania si\u0119 Ks. Jacek Ja\u015bkowski. Nie jestem ani kim\u015b wa\u017cnym, ani kim\u015b znanym. Jestem ksi\u0119dzem, kt\u00f3ry po prostu chce rozmawia\u0107. Codzienna kap\u0142a\u0144ska pos\u0142uga pokazuje mi, \u017ce temat\u00f3w do rozm\u00f3w z ksi\u0119dzem jest coraz wi\u0119cej i dzisiaj \u017caden ksi\u0105dz nie mo\u017ce od nich ucieka\u0107, ale - wprost przeciwnie - podejmowa\u0107 nowe wyzwania. To przekonanie sk\u0142oni\u0142o mnie do pr\u00f3by otwarcia tego\u017c bloga, chocia\u017c okazji do rozm\u00f3w na co dzie\u0144 - w konfesjonale i poza nim - na szcz\u0119\u015bcie nie brakuje. My\u015bl\u0119 jednak, \u017ce ten blog b\u0119dzie jeszcze jednym sposobem i przestrzeni\u0105 nawi\u0105zania kontaktu z lud\u017ami dobrej woli, otwartymi na dialog.\",\"url\":\"https:\/\/gaudiumetspes-blog.pl\/index.php\/author\/ks-jacek\/\"}]}<\/script>\n<!-- \/ Yoast SEO plugin. -->","yoast_head_json":{"title":"O uzdrawiaj\u0105cej pot\u0119dze Jezusa... - Gaudium Et Spes","robots":{"index":"index","follow":"follow","max-snippet":"max-snippet:-1","max-image-preview":"max-image-preview:large","max-video-preview":"max-video-preview:-1"},"canonical":"https:\/\/gaudiumetspes-blog.pl\/index.php\/2011\/08\/30\/o-uzdrawiajacej-potedze-jezusa\/","og_locale":"pl_PL","og_type":"article","og_title":"O uzdrawiaj\u0105cej pot\u0119dze Jezusa... - Gaudium Et Spes","og_description":"Szcz\u0119\u015b\u0107 Bo\u017ce! Pozdrawiam z Wigier, gdzie pod wie\u017cami klasztoru pokamedulskiego mieli\u015bmy nocleg, po przep\u0142yni\u0119ciu wczoraj stosunkowo nied\u0142ugiego odcinka z miejscowo\u015bci P\u0142aska do miejsca &#8222;jakiego\u015btam&#8221;, sk\u0105d kajaki zosta\u0142y przewiezione w\u0142a\u015bnie nad Wigry. Pogoda \u015bwietna, atmosfera &#8211; te\u017c. Dzisiaj ca\u0142y dzie\u0144 w kajaku &#8211; Czarn\u0105 Ha\u0144cz\u0105! Pami\u0119tam o Was w modlitwie! &nbsp;&nbsp;&nbsp;&nbsp;&nbsp;&nbsp;&nbsp;&nbsp;&nbsp;&nbsp;&nbsp;&nbsp;&nbsp;&nbsp;&nbsp; Gaudium et spes!&nbsp; Ks. Jacek [&hellip;]","og_url":"https:\/\/gaudiumetspes-blog.pl\/index.php\/2011\/08\/30\/o-uzdrawiajacej-potedze-jezusa\/","og_site_name":"Gaudium Et Spes","article_published_time":"2011-08-30T02:30:00+00:00","article_modified_time":"2019-07-31T10:52:35+00:00","author":"Ks. Jacek","twitter_card":"summary_large_image","twitter_misc":{"Napisane przez":"Ks. Jacek","Szacowany czas czytania":"3 minuty"},"schema":{"@context":"https:\/\/schema.org","@graph":[{"@type":"WebPage","@id":"https:\/\/gaudiumetspes-blog.pl\/index.php\/2011\/08\/30\/o-uzdrawiajacej-potedze-jezusa\/","url":"https:\/\/gaudiumetspes-blog.pl\/index.php\/2011\/08\/30\/o-uzdrawiajacej-potedze-jezusa\/","name":"O uzdrawiaj\u0105cej pot\u0119dze Jezusa... - Gaudium Et Spes","isPartOf":{"@id":"https:\/\/gaudiumetspes-blog.pl\/#website"},"datePublished":"2011-08-30T02:30:00+00:00","dateModified":"2019-07-31T10:52:35+00:00","author":{"@id":"https:\/\/gaudiumetspes-blog.pl\/#\/schema\/person\/1661982992b752dea8dff0d4ed845a65"},"breadcrumb":{"@id":"https:\/\/gaudiumetspes-blog.pl\/index.php\/2011\/08\/30\/o-uzdrawiajacej-potedze-jezusa\/#breadcrumb"},"inLanguage":"pl-PL","potentialAction":[{"@type":"ReadAction","target":["https:\/\/gaudiumetspes-blog.pl\/index.php\/2011\/08\/30\/o-uzdrawiajacej-potedze-jezusa\/"]}]},{"@type":"BreadcrumbList","@id":"https:\/\/gaudiumetspes-blog.pl\/index.php\/2011\/08\/30\/o-uzdrawiajacej-potedze-jezusa\/#breadcrumb","itemListElement":[{"@type":"ListItem","position":1,"name":"Strona g\u0142\u00f3wna","item":"https:\/\/gaudiumetspes-blog.pl\/"},{"@type":"ListItem","position":2,"name":"O&nbsp;uzdrawiaj\u0105cej pot\u0119dze Jezusa&#8230;"}]},{"@type":"WebSite","@id":"https:\/\/gaudiumetspes-blog.pl\/#website","url":"https:\/\/gaudiumetspes-blog.pl\/","name":"Gaudium Et Spes","description":"Blog Ks. Jacka Ja\u015bkowskiego","potentialAction":[{"@type":"SearchAction","target":{"@type":"EntryPoint","urlTemplate":"https:\/\/gaudiumetspes-blog.pl\/?s={search_term_string}"},"query-input":{"@type":"PropertyValueSpecification","valueRequired":true,"valueName":"search_term_string"}}],"inLanguage":"pl-PL"},{"@type":"Person","@id":"https:\/\/gaudiumetspes-blog.pl\/#\/schema\/person\/1661982992b752dea8dff0d4ed845a65","name":"Ks. Jacek","image":{"@type":"ImageObject","inLanguage":"pl-PL","@id":"https:\/\/gaudiumetspes-blog.pl\/#\/schema\/person\/image\/","url":"https:\/\/gaudiumetspes-blog.pl\/wp-content\/uploads\/2019\/07\/avatar-JJ-150x150.jpg","contentUrl":"https:\/\/gaudiumetspes-blog.pl\/wp-content\/uploads\/2019\/07\/avatar-JJ-150x150.jpg","caption":"Ks. Jacek"},"description":"Witam serdecznie! K\u0142ania si\u0119 Ks. Jacek Ja\u015bkowski. Nie jestem ani kim\u015b wa\u017cnym, ani kim\u015b znanym. Jestem ksi\u0119dzem, kt\u00f3ry po prostu chce rozmawia\u0107. Codzienna kap\u0142a\u0144ska pos\u0142uga pokazuje mi, \u017ce temat\u00f3w do rozm\u00f3w z ksi\u0119dzem jest coraz wi\u0119cej i dzisiaj \u017caden ksi\u0105dz nie mo\u017ce od nich ucieka\u0107, ale - wprost przeciwnie - podejmowa\u0107 nowe wyzwania. To przekonanie sk\u0142oni\u0142o mnie do pr\u00f3by otwarcia tego\u017c bloga, chocia\u017c okazji do rozm\u00f3w na co dzie\u0144 - w konfesjonale i poza nim - na szcz\u0119\u015bcie nie brakuje. My\u015bl\u0119 jednak, \u017ce ten blog b\u0119dzie jeszcze jednym sposobem i przestrzeni\u0105 nawi\u0105zania kontaktu z lud\u017ami dobrej woli, otwartymi na dialog.","url":"https:\/\/gaudiumetspes-blog.pl\/index.php\/author\/ks-jacek\/"}]}},"jetpack_featured_media_url":"","jetpack_sharing_enabled":true,"_links":{"self":[{"href":"https:\/\/gaudiumetspes-blog.pl\/index.php\/wp-json\/wp\/v2\/posts\/9748","targetHints":{"allow":["GET"]}}],"collection":[{"href":"https:\/\/gaudiumetspes-blog.pl\/index.php\/wp-json\/wp\/v2\/posts"}],"about":[{"href":"https:\/\/gaudiumetspes-blog.pl\/index.php\/wp-json\/wp\/v2\/types\/post"}],"author":[{"embeddable":true,"href":"https:\/\/gaudiumetspes-blog.pl\/index.php\/wp-json\/wp\/v2\/users\/1"}],"replies":[{"embeddable":true,"href":"https:\/\/gaudiumetspes-blog.pl\/index.php\/wp-json\/wp\/v2\/comments?post=9748"}],"version-history":[{"count":1,"href":"https:\/\/gaudiumetspes-blog.pl\/index.php\/wp-json\/wp\/v2\/posts\/9748\/revisions"}],"predecessor-version":[{"id":10335,"href":"https:\/\/gaudiumetspes-blog.pl\/index.php\/wp-json\/wp\/v2\/posts\/9748\/revisions\/10335"}],"wp:attachment":[{"href":"https:\/\/gaudiumetspes-blog.pl\/index.php\/wp-json\/wp\/v2\/media?parent=9748"}],"wp:term":[{"taxonomy":"category","embeddable":true,"href":"https:\/\/gaudiumetspes-blog.pl\/index.php\/wp-json\/wp\/v2\/categories?post=9748"},{"taxonomy":"post_tag","embeddable":true,"href":"https:\/\/gaudiumetspes-blog.pl\/index.php\/wp-json\/wp\/v2\/tags?post=9748"}],"curies":[{"name":"wp","href":"https:\/\/api.w.org\/{rel}","templated":true}]}}