{"id":9789,"date":"2011-07-20T06:29:00","date_gmt":"2011-07-20T04:29:00","guid":{"rendered":"https:\/\/gaudiumetspes-blog.pl\/index.php\/2011\/07\/20\/o-tym-jak-czesaw-obrona-wrocawia\/"},"modified":"2019-07-31T12:52:29","modified_gmt":"2019-07-31T10:52:29","slug":"o-tym-jak-czesaw-obrona-wrocawia","status":"publish","type":"post","link":"https:\/\/gaudiumetspes-blog.pl\/index.php\/2011\/07\/20\/o-tym-jak-czesaw-obrona-wrocawia\/","title":{"rendered":"O tym, jak Czes\u0142aw obron\u0105 Wroc\u0142awia dowodzi\u0142&#8230;"},"content":{"rendered":"<div class=\"MsoNormal\" style=\"text-align: justify;\">Szcz\u0119\u015b\u0107 Bo\u017ce! Dzisiaj patronuje nam B\u0142ogos\u0142awiony Czes\u0142aw, kt\u00f3ry tym zas\u0142yn\u0105\u0142, \u017ce&#8230; robi\u0142 swoje. Ale &#8211; jak robi\u0142! A do tego jeszcze wspominaj\u0105, \u017ce obroni\u0142 Wroc\u0142aw! Niech nas czego\u015b nauczy &#8211; zw\u0142aszcza na odcinku \u015bwi\u0119to\u015bci w codzienno\u015bci!<\/div>\n<div class=\"MsoNormal\" style=\"text-align: justify;\">&nbsp; &nbsp; &nbsp; &nbsp; &nbsp; &nbsp; Gaudium et spes!&nbsp; Ks. Jacek <b style=\"mso-bidi-font-weight: normal;\"><br \/>\n<\/b><\/div>\n<div class=\"MsoNormal\" style=\"text-align: justify;\"><b> <\/b><\/div>\n<div class=\"MsoNormal\" style=\"text-align: justify;\"><b>Wspomnienie B\u0142. Czes\u0142awa, Kap\u0142ana,<\/b><\/div>\n<div class=\"MsoNormal\" style=\"text-align: justify;\"><b style=\"mso-bidi-font-weight: normal;\">do czyta\u0144:&nbsp; Wj 16,1\u20135.9\u201315;&nbsp; Mt 13,1\u20139<\/b><\/div>\n<div class=\"MsoNormal\" style=\"text-align: justify;\">\n<\/div>\n<div class=\"MsoNormal\" style=\"text-align: justify; text-indent: 35.4pt;\">Patron dnia dzisiejszego, <b style=\"mso-bidi-font-weight: normal;\">Czes\u0142aw, urodzi\u0142 si\u0119 oko\u0142o roku 1180<\/b> w Kamieniu Opolskim. Mia\u0142 by\u0107 krewnym \u015awi\u0119tego Jacka. &nbsp;Nic konkretnego nie wiadomo o jego studiach. Wiemy natomiast, \u017ce nale\u017ca\u0142 \u2013 obok \u015awi\u0119tego Jacka Odrow\u0105\u017ca \u2013 do grona ksi\u0119\u017cy, stanowi\u0105cych <b style=\"mso-bidi-font-weight: normal;\">otoczenie biskupa krakowskiego, Iwona Odrow\u0105\u017ca.<\/b> Mia\u0142 te\u017c zajmowa\u0107 stanowisko <b style=\"mso-bidi-font-weight: normal;\">kustosza kolegiaty sandomierskiej, <\/b>a to<b style=\"mso-bidi-font-weight: normal;\"> <\/b>wskazywa\u0142oby na jego szlacheckie pochodzenie, gdy\u017c w\u00f3wczas tylko takich przyjmowano do kapitu\u0142y. <\/div>\n<div class=\"MsoNormal\" style=\"text-align: justify; text-indent: 35.4pt;\">Jako kap\u0142an diecezjalny, w 1220 lub 1221 roku <b style=\"mso-bidi-font-weight: normal;\">wst\u0105pi\u0142 do dominikan\u00f3w.<\/b> Habit otrzyma\u0142 z r\u0105k samego \u015awi\u0119tego Dominika. W roku 1222 roku <b style=\"mso-bidi-font-weight: normal;\">przyby\u0142 z innymi wsp\u00f3\u0142bra\u0107mi,<\/b> w tym tak\u017ce \u2013 ze \u015awi\u0119tym Jackiem Odrow\u0105\u017cem, <b style=\"mso-bidi-font-weight: normal;\">do Krakowa.<\/b> Tam przyj\u0105\u0142 ich uroczy\u015bcie Iwo Odrow\u0105\u017c w otoczeniu duchowie\u0144stwa i ludu. <\/div>\n<div class=\"MsoNormal\" style=\"text-align: justify; text-indent: 35.4pt;\">Pierwsi dominikanie zamieszkali w Krakowie, oddaj\u0105c si\u0119 <b style=\"mso-bidi-font-weight: normal;\">pracy kaznodziejskiej i duszpasterskiej.<\/b> Jednak ju\u017c w roku 1225 biskup Pragi zaprosi\u0142 ich do stolicy Czech. Wys\u0142ano tam zatem w\u0142a\u015bnie Czes\u0142awa i kilku zakonnik\u00f3w. Po za\u0142o\u017ceniu klasztoru w Pradze, <b style=\"mso-bidi-font-weight: normal;\">uda\u0142 si\u0119 Czes\u0142aw w roku 1225 do Wroc\u0142awia.<\/b> Tamtejszy biskup, Wawrzyniec, powita\u0142 go niemniej ciep\u0142o, jak wcze\u015bniej biskup krakowski. We Wroc\u0142awiu Czes\u0142aw pozosta\u0142 jako przeor <b style=\"mso-bidi-font-weight: normal;\">do roku 1231, kiedy to zosta\u0142 przez kapitu\u0142\u0119 wybrany na prowincja\u0142a.<\/b> By\u0142 nim przez trzy lata, po czym znowu zosta\u0142 przeorem w klasztorze wroc\u0142awskim, piastuj\u0105c ten urz\u0105d a\u017c do \u015bmierci. <\/div>\n<div class=\"MsoNormal\" style=\"text-align: justify; text-indent: 35.4pt;\">Jan D\u0142ugosz przytacza barwn\u0105 legend\u0119, jak to Czes\u0142aw swoj\u0105 modlitw\u0105 <b style=\"mso-bidi-font-weight: normal;\">uratowa\u0142 Wroc\u0142aw od najazdu Tatar\u00f3w<\/b> i ca\u0142kowitego zniszczenia w roku 1241. Kiedy miasto zosta\u0142o zaj\u0119te przez naje\u017ad\u017ac\u00f3w, cz\u0119\u015b\u0107 wroc\u0142awian postanowi\u0142a broni\u0107 si\u0119 poza murami obronnego grodu. <b style=\"mso-bidi-font-weight: normal;\">Czes\u0142aw by\u0142 duchowym przyw\u00f3dc\u0105 ca\u0142ej obrony: modli\u0142 si\u0119 o ocalenie miasta, wychodz\u0105c cz\u0119sto na jego wa\u0142y i zach\u0119caj\u0105c dzielnych obro\u0144c\u00f3w do oporu.<\/b> Gdy Wroc\u0142aw wyszed\u0142 obronn\u0105 r\u0119k\u0105 z tej wojennej zawieruchy, mieszka\u0144cy przypisywali ratunek <b style=\"mso-bidi-font-weight: normal;\">modlitwom i wstawiennictwu Czes\u0142awa, <\/b>kt\u00f3rego wiara z\u0142ama\u0142a si\u0142y nieprzyjacielskie. Nale\u017cy to w pewnej mierze uwa\u017ca\u0107 za legend\u0119, gdy\u017c Wroc\u0142aw zosta\u0142 powa\u017cnie spalony w\u0142a\u015bnie w 1241 roku przez Tatar\u00f3w, niemniej jednak Czes\u0142aw odegra\u0142 w ca\u0142ym wydarzeniu swoj\u0105 znacz\u0105c\u0105 rol\u0119.<\/div>\n<div class=\"MsoNormal\" style=\"text-align: justify; text-indent: 35.4pt;\">Za dat\u0119 \u015bmierci naszego Patrona uwa\u017ca si\u0119 dzie\u0144 <b style=\"mso-bidi-font-weight: normal;\">15 lipca 1242 roku.<\/b> Od tego dnia zacz\u0105\u0142 on odbiera\u0107 cze\u015b\u0107 jako \u015bwi\u0119ty. Nad jego grobem \u2013 w ko\u015bciele dominikan\u00f3w we Wroc\u0142awiu \u2013 wystawiono niebawem o\u0142tarz. Oddawan\u0105 mu powszechnie cze\u015b\u0107 <b style=\"mso-bidi-font-weight: normal;\">uroczy\u015bcie zatwierdzi\u0142 Papie\u017c Klemens XI w dniu 18 pa\u017adziernika 1713 roku.<\/b> <\/div>\n<div class=\"MsoNormal\" style=\"text-align: justify; text-indent: 35.4pt;\">A oto \u015bwiadectwo o \u017cyciu i \u015bwi\u0119to\u015bci naszego dzisiejszego Patrona, zapisane w dziele \u201eTutelaris Silesiae\u201d: \u201ePodobnie jak z oceanu, jak powiadaj\u0105, wychodzi s\u0142o\u0144ce, tak <b style=\"mso-bidi-font-weight: normal;\">Czes\u0142aw na kszta\u0142t ja\u015bniej\u0105cej gwiazdy przyszed\u0142 z Polski,<\/b> aby zaja\u015bnie\u0107 nie tylko nad Wroc\u0142awiem, ale nad ca\u0142ym \u015al\u0105skiem. <b style=\"mso-bidi-font-weight: normal;\">Swoim nieskalanym i niebia\u0144skim \u017cyciem poci\u0105gn\u0105\u0142 zagubionych ludzi<\/b> do godziwych i dobrych obyczaj\u00f3w, uczciwych za\u015b i zacnych zagrzewa\u0142 kazaniami. Swoimi modlitwami wy\u015bwiadczy\u0142 Wroc\u0142awiowi wiele dobra. <\/div>\n<div class=\"MsoNormal\" style=\"text-align: justify; text-indent: 35.4pt;\">Jest on przyk\u0142adem wszelkich cn\u00f3t. <b style=\"mso-bidi-font-weight: normal;\">Zacno\u015bci\u0105 swego \u017cycia i g\u0142oszeniem Ewangelii<\/b> odwr\u00f3ci\u0142 od nieprawo\u015bci i zbrodni niema\u0142o ludzi wyst\u0119pnych i niegodziwych, <b style=\"mso-bidi-font-weight: normal;\">a sk\u0142oni\u0142 ich ku mi\u0142owaniu Chrystusa i gorliwo\u015bci w pobo\u017cnym \u017cyciu.<\/b> Wielu r\u00f3wnie\u017c poci\u0105gn\u0105\u0142 do \u017cycia zakonnego. Kiedy napomina\u0142, jego s\u0142owa tchn\u0119\u0142y \u0142agodno\u015bci\u0105. A kiedy s\u0142awi\u0142 cnoty, <b style=\"mso-bidi-font-weight: normal;\">z jego ust promieniowa\u0142a wielka m\u0105dro\u015b\u0107 i dar wymowy.<\/b> St\u0105d te\u017c nie tylko pracowa\u0142 skutecznie dla w\u0142asnego zbawienia, ale r\u00f3wnie\u017c \u2013 dzi\u0119ki swoim s\u0142owom i przyk\u0142adom \u2013 dla zbawienia niema\u0142ej liczby innych ludzi. <b style=\"mso-bidi-font-weight: normal;\">On jest heroldem zbawienia i \u015bwiadkiem Chrystusa!<\/b> <\/div>\n<div class=\"MsoNormal\" style=\"text-align: justify; text-indent: 35.4pt;\">Je\u017celi przysta\u0142o zakonnikowi odznacza\u0107 si\u0119 cnot\u0105, dojrza\u0142ymi uczynkami i \u0142ask\u0105 z niebios, <b style=\"mso-bidi-font-weight: normal;\">to wszystko znale\u017a\u0107 mo\u017cna u b\u0142ogos\u0142awionego Czes\u0142awa,<\/b> kt\u00f3ry w samej rzeczy jest godny wielkiej s\u0142awy. Wszechpot\u0119\u017cny B\u00f3g nie przestaje go przyozdabia\u0107 wielkimi cudami, kt\u00f3rych z dnia na dzie\u0144 przybywa coraz to wi\u0119cej.\u201d Tyle ze \u015bwiadectwa, uwiecznionego we wspomnianym dziele.<\/div>\n<div class=\"MsoNormal\" style=\"text-align: justify; text-indent: 35.4pt;\">A my, s\u0142uchaj\u0105c dzisiejszego S\u0142owa Bo\u017cego, otrzymujemy <b style=\"mso-bidi-font-weight: normal;\">\u015bwiadectwo wielkiej dobroci Boga,<\/b> kt\u00f3ry obdarza cz\u0142owieka zar\u00f3wno pokarmem cielesnym, jak i tym duchowym. Ziarnista manna i przepi\u00f3rki, pokrywaj\u0105ce ob\u00f3z Izraelit\u00f3w, w\u0119druj\u0105cych przez pustyni\u0119 \u2013 <b style=\"mso-bidi-font-weight: normal;\">to pokarm dla cia\u0142a.<\/b> Ziarno, o kt\u00f3rym m\u00f3wi Jezus w Ewangelii \u2013 <b style=\"mso-bidi-font-weight: normal;\">to Jego S\u0142owo, kt\u00f3rym karmi On nasze dusze.<\/b> I jeden, i drugi pokarm dany jest <b style=\"mso-bidi-font-weight: normal;\">w wielkiej obfito\u015bci,<\/b> przewy\u017cszaj\u0105cej znacznie nawet najwi\u0119ksze potrzeby cz\u0142owieka. Ale B\u00f3g tak w\u0142a\u015bnie dzia\u0142a: <b style=\"mso-bidi-font-weight: normal;\">daje cz\u0142owiekowi zawsze hojn\u0105 r\u0119k\u0105. <\/b><\/div>\n<div class=\"MsoNormal\" style=\"text-align: justify; text-indent: 35.4pt;\">A pos\u0142uguje si\u0119 w tym dziele konkretnymi lud\u017ami, kt\u00f3rych czyni swoimi wys\u0142annikami. Takim to wys\u0142annikiem Boga by\u0142 \u2013 mi\u0119dzy innymi \u2013 tak\u017ce dzisiejszy Patron. Jak s\u0142yszymy z przytoczonych \u015bwiadectw, <b style=\"mso-bidi-font-weight: normal;\">hojnie sia\u0142 on ziarno Bo\u017cego S\u0142owa, ale te\u017c by\u0142 z powierzonymi swojej pieczy w chwilach \u2013 tak po ludzku patrz\u0105c \u2013 najtrudniejszych.<\/b> I na tym polega\u0142a jego \u015bwi\u0119to\u015b\u0107: on najlepiej, jak potrafi\u0142, realizowa\u0142 swoje powo\u0142anie: <b style=\"mso-bidi-font-weight: normal;\">g\u0142osi\u0142 Bo\u017ce S\u0142owo, sprawowa\u0142 Sakramenty, modli\u0142 si\u0119 za sw\u00f3j lud i ze swoim ludem, trwa\u0142 na swoim posterunku<\/b>\u2026 A B\u00f3g przez niego dokonywa\u0142 <b style=\"mso-bidi-font-weight: normal;\">rzeczy niezwyk\u0142ych. <\/b><\/div>\n<div class=\"MsoNormal\" style=\"text-align: justify; text-indent: 35.4pt;\">Niech i nas zatem dzisiejszy Patron nauczy tej <b style=\"mso-bidi-font-weight: normal;\">nadzwyczajnej<\/b> sztuki bycia\u2026 takimi <b style=\"mso-bidi-font-weight: normal;\">zwyczajnymi<\/b> \u015bwi\u0119tymi\u2026<\/div>\n<div class=\"MsoNormal\" style=\"text-align: justify; text-indent: 35.4pt;\">W tym duchu pomy\u015blmy:<\/div>\n<div class=\"MsoNormal\" style=\"margin-left: 36.0pt; mso-list: l0 level1 lfo1; tab-stops: list 36.0pt; text-align: justify; text-indent: -18.0pt;\">\u00b7&nbsp;&nbsp;&nbsp;&nbsp;&nbsp;&nbsp;&nbsp; Czy \u015bwiadectwo, jakie swoj\u0105 postaw\u0105 daj\u0119 innym, tchnie takim entuzjazmem i zapa\u0142em, jak \u015bwiadectwo B\u0142ogos\u0142awionego Czes\u0142awa?<\/div>\n<div class=\"MsoNormal\" style=\"margin-left: 36.0pt; mso-list: l0 level1 lfo1; tab-stops: list 36.0pt; text-align: justify; text-indent: -18.0pt;\">\u00b7&nbsp;&nbsp;&nbsp;&nbsp;&nbsp;&nbsp;&nbsp; Jak sobie radz\u0119 z problemem znu\u017cenia codzienno\u015bci\u0105?<\/div>\n<div class=\"MsoNormal\" style=\"margin-left: 36.0pt; mso-list: l0 level1 lfo1; tab-stops: list 36.0pt; text-align: justify; text-indent: -18.0pt;\">\u00b7&nbsp;&nbsp;&nbsp;&nbsp;&nbsp;&nbsp;&nbsp; Co robi\u0119, aby swoj\u0105 codzienno\u015b\u0107 czyni\u0107 pi\u0119kn\u0105 i tw\u00f3rcz\u0105?<\/div>\n<div class=\"MsoNormal\" style=\"text-align: justify;\">\n<\/div>\n<div class=\"MsoNormal\" style=\"text-align: justify;\"><b style=\"mso-bidi-font-weight: normal;\"><i style=\"mso-bidi-font-style: normal;\">To jest chleb, kt\u00f3ry daje wam Pan na pokarm<\/i><\/b>.<\/div>\n","protected":false},"excerpt":{"rendered":"<p>Szcz\u0119\u015b\u0107 Bo\u017ce! Dzisiaj patronuje nam B\u0142ogos\u0142awiony Czes\u0142aw, kt\u00f3ry tym zas\u0142yn\u0105\u0142, \u017ce&#8230; robi\u0142 swoje. Ale &#8211; jak robi\u0142! A do tego jeszcze wspominaj\u0105, \u017ce obroni\u0142 Wroc\u0142aw! Niech nas czego\u015b nauczy &#8211; zw\u0142aszcza na odcinku \u015bwi\u0119to\u015bci w codzienno\u015bci! &nbsp; &nbsp; &nbsp; &nbsp; &nbsp; &nbsp; Gaudium et spes!&nbsp; Ks. Jacek Wspomnienie B\u0142. Czes\u0142awa, Kap\u0142ana, do czyta\u0144:&nbsp; Wj 16,1\u20135.9\u201315;&nbsp; [&hellip;]<\/p>\n","protected":false},"author":1,"featured_media":0,"comment_status":"open","ping_status":"open","sticky":false,"template":"","format":"standard","meta":{"jetpack_post_was_ever_published":false,"_jetpack_newsletter_access":"","_jetpack_dont_email_post_to_subs":false,"_jetpack_newsletter_tier_id":0,"_jetpack_memberships_contains_paywalled_content":false,"_jetpack_memberships_contains_paid_content":false,"footnotes":""},"categories":[1],"tags":[],"class_list":["post-9789","post","type-post","status-publish","format-standard","hentry","category-bez-kategorii"],"yoast_head":"<!-- This site is optimized with the Yoast SEO plugin v25.1 - https:\/\/yoast.com\/wordpress\/plugins\/seo\/ -->\n<title>O tym, jak Czes\u0142aw obron\u0105 Wroc\u0142awia dowodzi\u0142... - Gaudium Et Spes<\/title>\n<meta name=\"robots\" content=\"index, follow, max-snippet:-1, max-image-preview:large, max-video-preview:-1\" \/>\n<link rel=\"canonical\" href=\"https:\/\/gaudiumetspes-blog.pl\/index.php\/2011\/07\/20\/o-tym-jak-czesaw-obrona-wrocawia\/\" \/>\n<meta property=\"og:locale\" content=\"pl_PL\" \/>\n<meta property=\"og:type\" content=\"article\" \/>\n<meta property=\"og:title\" content=\"O tym, jak Czes\u0142aw obron\u0105 Wroc\u0142awia dowodzi\u0142... - Gaudium Et Spes\" \/>\n<meta property=\"og:description\" content=\"Szcz\u0119\u015b\u0107 Bo\u017ce! Dzisiaj patronuje nam B\u0142ogos\u0142awiony Czes\u0142aw, kt\u00f3ry tym zas\u0142yn\u0105\u0142, \u017ce&#8230; robi\u0142 swoje. Ale &#8211; jak robi\u0142! A do tego jeszcze wspominaj\u0105, \u017ce obroni\u0142 Wroc\u0142aw! Niech nas czego\u015b nauczy &#8211; zw\u0142aszcza na odcinku \u015bwi\u0119to\u015bci w codzienno\u015bci! &nbsp; &nbsp; &nbsp; &nbsp; &nbsp; &nbsp; Gaudium et spes!&nbsp; Ks. Jacek Wspomnienie B\u0142. Czes\u0142awa, Kap\u0142ana, do czyta\u0144:&nbsp; Wj 16,1\u20135.9\u201315;&nbsp; [&hellip;]\" \/>\n<meta property=\"og:url\" content=\"https:\/\/gaudiumetspes-blog.pl\/index.php\/2011\/07\/20\/o-tym-jak-czesaw-obrona-wrocawia\/\" \/>\n<meta property=\"og:site_name\" content=\"Gaudium Et Spes\" \/>\n<meta property=\"article:published_time\" content=\"2011-07-20T04:29:00+00:00\" \/>\n<meta property=\"article:modified_time\" content=\"2019-07-31T10:52:29+00:00\" \/>\n<meta name=\"author\" content=\"Ks. Jacek\" \/>\n<meta name=\"twitter:card\" content=\"summary_large_image\" \/>\n<meta name=\"twitter:label1\" content=\"Napisane przez\" \/>\n\t<meta name=\"twitter:data1\" content=\"Ks. Jacek\" \/>\n\t<meta name=\"twitter:label2\" content=\"Szacowany czas czytania\" \/>\n\t<meta name=\"twitter:data2\" content=\"5 minut\" \/>\n<script type=\"application\/ld+json\" class=\"yoast-schema-graph\">{\"@context\":\"https:\/\/schema.org\",\"@graph\":[{\"@type\":\"WebPage\",\"@id\":\"https:\/\/gaudiumetspes-blog.pl\/index.php\/2011\/07\/20\/o-tym-jak-czesaw-obrona-wrocawia\/\",\"url\":\"https:\/\/gaudiumetspes-blog.pl\/index.php\/2011\/07\/20\/o-tym-jak-czesaw-obrona-wrocawia\/\",\"name\":\"O tym, jak Czes\u0142aw obron\u0105 Wroc\u0142awia dowodzi\u0142... - Gaudium Et Spes\",\"isPartOf\":{\"@id\":\"https:\/\/gaudiumetspes-blog.pl\/#website\"},\"datePublished\":\"2011-07-20T04:29:00+00:00\",\"dateModified\":\"2019-07-31T10:52:29+00:00\",\"author\":{\"@id\":\"https:\/\/gaudiumetspes-blog.pl\/#\/schema\/person\/1661982992b752dea8dff0d4ed845a65\"},\"breadcrumb\":{\"@id\":\"https:\/\/gaudiumetspes-blog.pl\/index.php\/2011\/07\/20\/o-tym-jak-czesaw-obrona-wrocawia\/#breadcrumb\"},\"inLanguage\":\"pl-PL\",\"potentialAction\":[{\"@type\":\"ReadAction\",\"target\":[\"https:\/\/gaudiumetspes-blog.pl\/index.php\/2011\/07\/20\/o-tym-jak-czesaw-obrona-wrocawia\/\"]}]},{\"@type\":\"BreadcrumbList\",\"@id\":\"https:\/\/gaudiumetspes-blog.pl\/index.php\/2011\/07\/20\/o-tym-jak-czesaw-obrona-wrocawia\/#breadcrumb\",\"itemListElement\":[{\"@type\":\"ListItem\",\"position\":1,\"name\":\"Strona g\u0142\u00f3wna\",\"item\":\"https:\/\/gaudiumetspes-blog.pl\/\"},{\"@type\":\"ListItem\",\"position\":2,\"name\":\"O&nbsp;tym, jak Czes\u0142aw obron\u0105 Wroc\u0142awia dowodzi\u0142&#8230;\"}]},{\"@type\":\"WebSite\",\"@id\":\"https:\/\/gaudiumetspes-blog.pl\/#website\",\"url\":\"https:\/\/gaudiumetspes-blog.pl\/\",\"name\":\"Gaudium Et Spes\",\"description\":\"Blog Ks. Jacka Ja\u015bkowskiego\",\"potentialAction\":[{\"@type\":\"SearchAction\",\"target\":{\"@type\":\"EntryPoint\",\"urlTemplate\":\"https:\/\/gaudiumetspes-blog.pl\/?s={search_term_string}\"},\"query-input\":{\"@type\":\"PropertyValueSpecification\",\"valueRequired\":true,\"valueName\":\"search_term_string\"}}],\"inLanguage\":\"pl-PL\"},{\"@type\":\"Person\",\"@id\":\"https:\/\/gaudiumetspes-blog.pl\/#\/schema\/person\/1661982992b752dea8dff0d4ed845a65\",\"name\":\"Ks. Jacek\",\"image\":{\"@type\":\"ImageObject\",\"inLanguage\":\"pl-PL\",\"@id\":\"https:\/\/gaudiumetspes-blog.pl\/#\/schema\/person\/image\/\",\"url\":\"https:\/\/gaudiumetspes-blog.pl\/wp-content\/uploads\/2019\/07\/avatar-JJ-150x150.jpg\",\"contentUrl\":\"https:\/\/gaudiumetspes-blog.pl\/wp-content\/uploads\/2019\/07\/avatar-JJ-150x150.jpg\",\"caption\":\"Ks. Jacek\"},\"description\":\"Witam serdecznie! K\u0142ania si\u0119 Ks. Jacek Ja\u015bkowski. Nie jestem ani kim\u015b wa\u017cnym, ani kim\u015b znanym. Jestem ksi\u0119dzem, kt\u00f3ry po prostu chce rozmawia\u0107. Codzienna kap\u0142a\u0144ska pos\u0142uga pokazuje mi, \u017ce temat\u00f3w do rozm\u00f3w z ksi\u0119dzem jest coraz wi\u0119cej i dzisiaj \u017caden ksi\u0105dz nie mo\u017ce od nich ucieka\u0107, ale - wprost przeciwnie - podejmowa\u0107 nowe wyzwania. To przekonanie sk\u0142oni\u0142o mnie do pr\u00f3by otwarcia tego\u017c bloga, chocia\u017c okazji do rozm\u00f3w na co dzie\u0144 - w konfesjonale i poza nim - na szcz\u0119\u015bcie nie brakuje. My\u015bl\u0119 jednak, \u017ce ten blog b\u0119dzie jeszcze jednym sposobem i przestrzeni\u0105 nawi\u0105zania kontaktu z lud\u017ami dobrej woli, otwartymi na dialog.\",\"url\":\"https:\/\/gaudiumetspes-blog.pl\/index.php\/author\/ks-jacek\/\"}]}<\/script>\n<!-- \/ Yoast SEO plugin. -->","yoast_head_json":{"title":"O tym, jak Czes\u0142aw obron\u0105 Wroc\u0142awia dowodzi\u0142... - Gaudium Et Spes","robots":{"index":"index","follow":"follow","max-snippet":"max-snippet:-1","max-image-preview":"max-image-preview:large","max-video-preview":"max-video-preview:-1"},"canonical":"https:\/\/gaudiumetspes-blog.pl\/index.php\/2011\/07\/20\/o-tym-jak-czesaw-obrona-wrocawia\/","og_locale":"pl_PL","og_type":"article","og_title":"O tym, jak Czes\u0142aw obron\u0105 Wroc\u0142awia dowodzi\u0142... - Gaudium Et Spes","og_description":"Szcz\u0119\u015b\u0107 Bo\u017ce! Dzisiaj patronuje nam B\u0142ogos\u0142awiony Czes\u0142aw, kt\u00f3ry tym zas\u0142yn\u0105\u0142, \u017ce&#8230; robi\u0142 swoje. Ale &#8211; jak robi\u0142! A do tego jeszcze wspominaj\u0105, \u017ce obroni\u0142 Wroc\u0142aw! Niech nas czego\u015b nauczy &#8211; zw\u0142aszcza na odcinku \u015bwi\u0119to\u015bci w codzienno\u015bci! &nbsp; &nbsp; &nbsp; &nbsp; &nbsp; &nbsp; Gaudium et spes!&nbsp; Ks. Jacek Wspomnienie B\u0142. Czes\u0142awa, Kap\u0142ana, do czyta\u0144:&nbsp; Wj 16,1\u20135.9\u201315;&nbsp; [&hellip;]","og_url":"https:\/\/gaudiumetspes-blog.pl\/index.php\/2011\/07\/20\/o-tym-jak-czesaw-obrona-wrocawia\/","og_site_name":"Gaudium Et Spes","article_published_time":"2011-07-20T04:29:00+00:00","article_modified_time":"2019-07-31T10:52:29+00:00","author":"Ks. Jacek","twitter_card":"summary_large_image","twitter_misc":{"Napisane przez":"Ks. Jacek","Szacowany czas czytania":"5 minut"},"schema":{"@context":"https:\/\/schema.org","@graph":[{"@type":"WebPage","@id":"https:\/\/gaudiumetspes-blog.pl\/index.php\/2011\/07\/20\/o-tym-jak-czesaw-obrona-wrocawia\/","url":"https:\/\/gaudiumetspes-blog.pl\/index.php\/2011\/07\/20\/o-tym-jak-czesaw-obrona-wrocawia\/","name":"O tym, jak Czes\u0142aw obron\u0105 Wroc\u0142awia dowodzi\u0142... - Gaudium Et Spes","isPartOf":{"@id":"https:\/\/gaudiumetspes-blog.pl\/#website"},"datePublished":"2011-07-20T04:29:00+00:00","dateModified":"2019-07-31T10:52:29+00:00","author":{"@id":"https:\/\/gaudiumetspes-blog.pl\/#\/schema\/person\/1661982992b752dea8dff0d4ed845a65"},"breadcrumb":{"@id":"https:\/\/gaudiumetspes-blog.pl\/index.php\/2011\/07\/20\/o-tym-jak-czesaw-obrona-wrocawia\/#breadcrumb"},"inLanguage":"pl-PL","potentialAction":[{"@type":"ReadAction","target":["https:\/\/gaudiumetspes-blog.pl\/index.php\/2011\/07\/20\/o-tym-jak-czesaw-obrona-wrocawia\/"]}]},{"@type":"BreadcrumbList","@id":"https:\/\/gaudiumetspes-blog.pl\/index.php\/2011\/07\/20\/o-tym-jak-czesaw-obrona-wrocawia\/#breadcrumb","itemListElement":[{"@type":"ListItem","position":1,"name":"Strona g\u0142\u00f3wna","item":"https:\/\/gaudiumetspes-blog.pl\/"},{"@type":"ListItem","position":2,"name":"O&nbsp;tym, jak Czes\u0142aw obron\u0105 Wroc\u0142awia dowodzi\u0142&#8230;"}]},{"@type":"WebSite","@id":"https:\/\/gaudiumetspes-blog.pl\/#website","url":"https:\/\/gaudiumetspes-blog.pl\/","name":"Gaudium Et Spes","description":"Blog Ks. Jacka Ja\u015bkowskiego","potentialAction":[{"@type":"SearchAction","target":{"@type":"EntryPoint","urlTemplate":"https:\/\/gaudiumetspes-blog.pl\/?s={search_term_string}"},"query-input":{"@type":"PropertyValueSpecification","valueRequired":true,"valueName":"search_term_string"}}],"inLanguage":"pl-PL"},{"@type":"Person","@id":"https:\/\/gaudiumetspes-blog.pl\/#\/schema\/person\/1661982992b752dea8dff0d4ed845a65","name":"Ks. Jacek","image":{"@type":"ImageObject","inLanguage":"pl-PL","@id":"https:\/\/gaudiumetspes-blog.pl\/#\/schema\/person\/image\/","url":"https:\/\/gaudiumetspes-blog.pl\/wp-content\/uploads\/2019\/07\/avatar-JJ-150x150.jpg","contentUrl":"https:\/\/gaudiumetspes-blog.pl\/wp-content\/uploads\/2019\/07\/avatar-JJ-150x150.jpg","caption":"Ks. Jacek"},"description":"Witam serdecznie! K\u0142ania si\u0119 Ks. Jacek Ja\u015bkowski. Nie jestem ani kim\u015b wa\u017cnym, ani kim\u015b znanym. Jestem ksi\u0119dzem, kt\u00f3ry po prostu chce rozmawia\u0107. Codzienna kap\u0142a\u0144ska pos\u0142uga pokazuje mi, \u017ce temat\u00f3w do rozm\u00f3w z ksi\u0119dzem jest coraz wi\u0119cej i dzisiaj \u017caden ksi\u0105dz nie mo\u017ce od nich ucieka\u0107, ale - wprost przeciwnie - podejmowa\u0107 nowe wyzwania. To przekonanie sk\u0142oni\u0142o mnie do pr\u00f3by otwarcia tego\u017c bloga, chocia\u017c okazji do rozm\u00f3w na co dzie\u0144 - w konfesjonale i poza nim - na szcz\u0119\u015bcie nie brakuje. My\u015bl\u0119 jednak, \u017ce ten blog b\u0119dzie jeszcze jednym sposobem i przestrzeni\u0105 nawi\u0105zania kontaktu z lud\u017ami dobrej woli, otwartymi na dialog.","url":"https:\/\/gaudiumetspes-blog.pl\/index.php\/author\/ks-jacek\/"}]}},"jetpack_featured_media_url":"","jetpack_sharing_enabled":true,"_links":{"self":[{"href":"https:\/\/gaudiumetspes-blog.pl\/index.php\/wp-json\/wp\/v2\/posts\/9789","targetHints":{"allow":["GET"]}}],"collection":[{"href":"https:\/\/gaudiumetspes-blog.pl\/index.php\/wp-json\/wp\/v2\/posts"}],"about":[{"href":"https:\/\/gaudiumetspes-blog.pl\/index.php\/wp-json\/wp\/v2\/types\/post"}],"author":[{"embeddable":true,"href":"https:\/\/gaudiumetspes-blog.pl\/index.php\/wp-json\/wp\/v2\/users\/1"}],"replies":[{"embeddable":true,"href":"https:\/\/gaudiumetspes-blog.pl\/index.php\/wp-json\/wp\/v2\/comments?post=9789"}],"version-history":[{"count":1,"href":"https:\/\/gaudiumetspes-blog.pl\/index.php\/wp-json\/wp\/v2\/posts\/9789\/revisions"}],"predecessor-version":[{"id":10294,"href":"https:\/\/gaudiumetspes-blog.pl\/index.php\/wp-json\/wp\/v2\/posts\/9789\/revisions\/10294"}],"wp:attachment":[{"href":"https:\/\/gaudiumetspes-blog.pl\/index.php\/wp-json\/wp\/v2\/media?parent=9789"}],"wp:term":[{"taxonomy":"category","embeddable":true,"href":"https:\/\/gaudiumetspes-blog.pl\/index.php\/wp-json\/wp\/v2\/categories?post=9789"},{"taxonomy":"post_tag","embeddable":true,"href":"https:\/\/gaudiumetspes-blog.pl\/index.php\/wp-json\/wp\/v2\/tags?post=9789"}],"curies":[{"name":"wp","href":"https:\/\/api.w.org\/{rel}","templated":true}]}}