{"id":9790,"date":"2011-07-19T14:45:00","date_gmt":"2011-07-19T12:45:00","guid":{"rendered":"https:\/\/gaudiumetspes-blog.pl\/index.php\/2011\/07\/19\/normal-0-21-false-false-false\/"},"modified":"2019-07-31T12:52:29","modified_gmt":"2019-07-31T10:52:29","slug":"normal-0-21-false-false-false","status":"publish","type":"post","link":"https:\/\/gaudiumetspes-blog.pl\/index.php\/2011\/07\/19\/normal-0-21-false-false-false\/","title":{"rendered":"W drodze przez Morze Czerwone&#8230;"},"content":{"rendered":"<p>Szcz\u0119\u015b\u0107 Bo\u017ce! Witam w nowym dniu! Ciesz\u0119 si\u0119 bardzo z Waszych dobrych recenzji tego nowego miejsca naszych spotka\u0144. Ca\u0142y czas trwa jeszcze &#8222;gor\u0105ca linia&#8221; z Moderatorem i szlifujemy pewne drobiazgi, zw\u0142aszcza na poczcie &#8222;prywatnej&#8221;, ale sam widz\u0119, o ile \u0142atwiej i szybciej zamieszcza\u0107 tutaj wpisy i czyta\u0107 Wasze komentarze oraz na nie odpisywa\u0107.&nbsp;&nbsp;<\/p>\n<div class=\"MsoNormal\" style=\"text-align: justify;\">&nbsp;&nbsp;&nbsp;&nbsp;&nbsp;&nbsp; Zapraszam do refleksji nad naszych wychodzeniem z niewoli grzechu.<\/div>\n<div class=\"MsoNormal\" style=\"text-align: justify;\">&nbsp;&nbsp;&nbsp;&nbsp;&nbsp;&nbsp;&nbsp;&nbsp;&nbsp;&nbsp;&nbsp;&nbsp;&nbsp;&nbsp;&nbsp; Gaudium et spes!&nbsp; Ks. Jacek<b><br \/>\n<\/b><\/div>\n<div class=\"MsoNormal\" style=\"text-align: justify;\">\n<\/div>\n<div class=\"MsoNormal\" style=\"text-align: justify;\"><b>Wtorek 16 tygodnia zwyk\u0142ego, rok I,<\/b><\/div>\n<div class=\"MsoNormal\" style=\"text-align: justify;\"><b style=\"mso-bidi-font-weight: normal;\">do czyta\u0144:&nbsp; Wj 14,21\u201315,1;&nbsp; Mt 12,46\u201350<\/b><\/div>\n<div class=\"MsoNormal\" style=\"text-align: justify;\">\n<\/div>\n<div class=\"MsoNormal\" style=\"text-align: justify; text-indent: 35.4pt;\">S\u0142uchaj\u0105c dzisiejszego pierwszego czytania, jeste\u015bmy \u015bwiadkami <b style=\"mso-bidi-font-weight: normal;\">nadzwyczajnej interwencji Bo\u017cej w dzieje Narodu Wybranego:<\/b> przeprowadzenia go such\u0105 nog\u0105 przez wody Morza Czerwonego. Wydarzenie to mia\u0142o i do dzi\u015b ma ogromne znaczenie w dziejach Izraela, a tak\u017ce <b style=\"mso-bidi-font-weight: normal;\">dla nas, chrze\u015bcijan, staje si\u0119 faktem bardzo znacz\u0105cym i g\u0142\u0119boko symbolicznym.<\/b> <\/div>\n<div class=\"MsoNormal\" style=\"text-align: justify; text-indent: 35.4pt;\">Na us\u0142yszany dzi\u015b przez nas opis faktycznie <b style=\"mso-bidi-font-weight: normal;\">z\u0142o\u017cy\u0142y si\u0119 dwie tradycje, dwa przekazy: <\/b>wed\u0142ug jednego \u2013 Egipcjanie uciekali, bo Pan wzbudzi\u0142 w nich strach przed sob\u0105 i w czasie ucieczki zala\u0142o ich morze; wed\u0142ug drugiej \u2013 post\u0119powali oni ca\u0142y czas za Izraelitami i wtedy, po wyci\u0105gni\u0119ciu przez Moj\u017cesza laski nad morzem, to zala\u0142o p\u0119dz\u0105cych za Izraelitami \u017co\u0142nierzy. Przedstawiony dzi\u015b opis <b style=\"mso-bidi-font-weight: normal;\">po\u0142\u0105czy\u0142 obie te tradycje,<\/b> ale nie dociekania historyczne czy szczeg\u00f3\u0142y redakcyjne s\u0105 tu najwa\u017cniejsze. <\/div>\n<div class=\"MsoNormal\" style=\"text-align: justify; text-indent: 35.4pt;\">Najwa\u017cniejszy jest przekaz duchowy, a ten jest jednoznaczny: <b style=\"mso-bidi-font-weight: normal;\">B\u00f3g chcia\u0142 przekona\u0107 ostatecznie Nar\u00f3d Wybrany do siebie,<\/b> objawi\u0142 mu w ca\u0142ej pe\u0142ni swoj\u0105 pot\u0119g\u0119, <b style=\"mso-bidi-font-weight: normal;\">wzbudzaj\u0105c w sercach ludzi boja\u017a\u0144 przed sob\u0105<\/b> i pragnienie ostatecznego <b style=\"mso-bidi-font-weight: normal;\">religijnego okre\u015blenia si\u0119,<\/b> \u017ce wierz\u0105 w\u0142a\u015bnie w Boga Jahwe i Jemu \u2013 <b style=\"mso-bidi-font-weight: normal;\">tylko Jemu \u2013 bezgranicznie ufaj\u0105!<\/b> Ju\u017c wiele wydarze\u0144 w Egipcie, \u0142\u0105cznie z ca\u0142\u0105 seri\u0105 tak zwanych plag egipskich, mia\u0142o przygotowa\u0107 w \u015bwiadomo\u015bci Izraelit\u00f3w grunt pod takie otwarcie si\u0119 na Boga, natomiast owo nadzwyczajne i wyj\u0105tkowe wydarzenie <b style=\"mso-bidi-font-weight: normal;\">proces ten mia\u0142o przypiecz\u0119towa\u0107. <\/b><\/div>\n<div class=\"MsoNormal\" style=\"text-align: justify; text-indent: 35.4pt;\">I rzeczywi\u015bcie \u2013 s\u0142yszymy, \u017ce Izraelici tak to w\u0142a\u015bnie odebrali, tak to prze\u017cyli, chocia\u017c potem jeszcze <b style=\"mso-bidi-font-weight: normal;\">wiele razy b\u0119d\u0105 si\u0119 zachowywali tak, jakby niczego wielkiego nie do\u015bwiadczyli.<\/b> Niemniej jednak, fakt ten z ca\u0142\u0105 pewno\u015bci\u0105 stanowi\u0142 wyraz <b style=\"mso-bidi-font-weight: normal;\">niesamowitej troski Boga o sw\u00f3j Nar\u00f3d,<\/b> a jednocze\u015bnie \u2013 w wymiarach duchowych \u2013 <b style=\"mso-bidi-font-weight: normal;\">zacie\u015bni\u0142a si\u0119 wi\u0119\u017a ludu ze swoim Bogiem.<\/b> Przej\u015bcie zatem przez Morze Czerwone by\u0142o nie tylko ucieczk\u0105 przed Egipcjanami, wej\u015bciem w jak\u0105\u015b stref\u0119 bezpieczn\u0105, ale <b style=\"mso-bidi-font-weight: normal;\">stanowi\u0142o te\u017c przekroczenie pewnej symbolicznej granicy.<\/b> Sta\u0142o si\u0119 bowiem swoistym przej\u015bciem <b style=\"mso-bidi-font-weight: normal;\">ze stanu niepewno\u015bci, zal\u0119knienia, oddzia\u0142ywania realnego z\u0142a<\/b> \u2013 czego symbolem by\u0142a niewola egipska \u2013 <b style=\"mso-bidi-font-weight: normal;\">do stanu wolno\u015bci pod bezpo\u015bredni\u0105 opiek\u0105 Boga.<\/b> <\/div>\n<div class=\"MsoNormal\" style=\"text-align: justify; text-indent: 35.4pt;\">I je\u015bli wzi\u0105\u0107 pod uwag\u0119 tak\u0105 symbolik\u0119 dzisiejszego wydarzenia, a wi\u0119c <b style=\"mso-bidi-font-weight: normal;\">zawi\u0105zanie wi\u0119zi duchowej z Bogiem,<\/b> to na pewno nie dziwimy si\u0119, \u017ce \u015awi\u0119ty Pawe\u0142 w Pierwszym Li\u015bcie do Koryntian owo przej\u015bcie przez wody Morza Czerwonego ze stanu niewoli do wolno\u015bci \u2013 <b style=\"mso-bidi-font-weight: normal;\">por\u00f3wna\u0142 do Chrztu,<\/b> w kt\u00f3rym za pomoc\u0105 wody dokonuje si\u0119 <b style=\"mso-bidi-font-weight: normal;\">przej\u015bcie ze stanu niewoli grzechu do wolno\u015bci dzieci Bo\u017cych.<\/b> <\/div>\n<div class=\"MsoNormal\" style=\"text-align: justify; text-indent: 35.4pt;\">A dodatkowo \u2013 zawi\u0105zuje si\u0119 <b style=\"mso-bidi-font-weight: normal;\">duchowa wsp\u00f3lnota z samym Chrystusem i pomi\u0119dzy ochrzczonymi.<\/b> Wsp\u00f3lnota tak silna, \u017ce dzisiaj Jezus w Ewangelii wyra\u017anie wskaza\u0142, \u017ce jest ona <b style=\"mso-bidi-font-weight: normal;\">mocniejsza nawet od wi\u0119z\u00f3w rodzinnych.<\/b> W stwierdzeniu, kt\u00f3re us\u0142yszeli\u015bmy w czytaniu ewangelicznym, Jezus oczywi\u015bcie w \u017caden spos\u00f3b <b style=\"mso-bidi-font-weight: normal;\">nie umniejszy\u0142 znaczenia wi\u0119z\u00f3w rodzinnych i absolutnie nie zlekcewa\u017cy\u0142 swoich wi\u0119z\u00f3w z Matk\u0105 i dalszymi krewnymi,<\/b> podkre\u015bli\u0142 jedynie, <b style=\"mso-bidi-font-weight: normal;\">jak bardzo silne wi\u0119zi duchowe \u0142\u0105cz\u0105 Go z tymi, kt\u00f3rzy w Niego wierz\u0105,<\/b> ufaj\u0105 Mu i bezgranicznie Go kochaj\u0105. A zawi\u0105zaniem tej wi\u0119zi jest Chrzest \u015awi\u0119ty. <\/div>\n<div class=\"MsoNormal\" style=\"text-align: justify; text-indent: 35.4pt;\">Niech dzisiejsze S\u0142owo Bo\u017ce, Kochani, pomo\u017ce nam u\u015bwiadomi\u0107 sobie na nowo, jak bardzo jeste\u015bmy <b style=\"mso-bidi-font-weight: normal;\">obdarowani przez Boga i jak bardzo przeze\u0144 zaszczyceni, i\u017c stali\u015bmy si\u0119 Bo\u017c\u0105 rodzin\u0105, a nawet kim\u015b bli\u017cszym, ni\u017c rodzina.<\/b> Poprzez Chrzest wyzwoleni zostali\u015bmy z wi\u0119z\u00f3w grzechu i wezwani do chwa\u0142y dzieci Bo\u017cych. Jak\u017ce zatem potrzeba z naszej strony prawdziwej boja\u017ani Bo\u017cej, mi\u0142o\u015bci i wdzi\u0119czno\u015bci, kt\u00f3re sprawi\u0105, \u017ce <b style=\"mso-bidi-font-weight: normal;\">tego Bo\u017cego zaufania do nas nie zmarnujemy,<\/b> a wszystkie po\u0142o\u017cone w nas nadzieje i wszystkie ofiarowane nam duchowe dary \u2013 <b style=\"mso-bidi-font-weight: normal;\">w ca\u0142ej pe\u0142ni rozwiniemy!<\/b><\/div>\n<div class=\"MsoNormal\" style=\"text-align: justify; text-indent: 35.4pt;\">W tym kontek\u015bcie zastan\u00f3wmy si\u0119:<\/div>\n<div class=\"MsoNormal\" style=\"margin-left: 36.0pt; mso-list: l0 level1 lfo1; tab-stops: list 36.0pt; text-align: justify; text-indent: -18.0pt;\">\u00b7&nbsp;&nbsp;&nbsp;&nbsp;&nbsp;&nbsp;&nbsp; Czy cz\u0119sto \u2013 czy zawsze \u2013 nosz\u0119 w sercu t\u0119 g\u0142\u0119bok\u0105 \u015bwiadomo\u015b\u0107, \u017ce jestem bardzo silnie zwi\u0105zany duchowo z Chrystusem i \u017ce On naprawd\u0119 jest przy mnie, a wr\u0119cz \u2013 \u017cyje we mnie?<\/div>\n<div class=\"MsoNormal\" style=\"margin-left: 36.0pt; mso-list: l0 level1 lfo1; tab-stops: list 36.0pt; text-align: justify; text-indent: -18.0pt;\">\u00b7&nbsp;&nbsp;&nbsp;&nbsp;&nbsp;&nbsp;&nbsp; Czy \u015bwiadomo\u015b\u0107 tej wi\u0119zi jest dla mnie argumentem w walce z pokus\u0105 do grzechu?<\/div>\n<div class=\"MsoNormal\" style=\"margin-left: 36.0pt; mso-list: l0 level1 lfo1; tab-stops: list 36.0pt; text-align: justify; text-indent: -18.0pt;\">\u00b7&nbsp;&nbsp;&nbsp;&nbsp;&nbsp;&nbsp;&nbsp; Czy po przej\u015bciu swojego Morza Czerwonego nie mam czasami ochoty zawr\u00f3ci\u0107?<\/div>\n<div class=\"MsoNormal\" style=\"text-align: justify;\"><b style=\"mso-bidi-font-weight: normal;\"><i style=\"mso-bidi-font-style: normal;\">Bo kto pe\u0142ni wol\u0119 Ojca mojego, kt\u00f3ry jest w niebie, ten mi jest bratem siostr\u0105 i matk\u0105<\/i><\/b><b style=\"mso-bidi-font-weight: normal;\">!<\/b><\/div>\n","protected":false},"excerpt":{"rendered":"<p>Szcz\u0119\u015b\u0107 Bo\u017ce! Witam w nowym dniu! Ciesz\u0119 si\u0119 bardzo z Waszych dobrych recenzji tego nowego miejsca naszych spotka\u0144. Ca\u0142y czas trwa jeszcze &#8222;gor\u0105ca linia&#8221; z Moderatorem i szlifujemy pewne drobiazgi, zw\u0142aszcza na poczcie &#8222;prywatnej&#8221;, ale sam widz\u0119, o ile \u0142atwiej i szybciej zamieszcza\u0107 tutaj wpisy i czyta\u0107 Wasze komentarze oraz na nie odpisywa\u0107.&nbsp;&nbsp; &nbsp;&nbsp;&nbsp;&nbsp;&nbsp;&nbsp; Zapraszam [&hellip;]<\/p>\n","protected":false},"author":1,"featured_media":0,"comment_status":"open","ping_status":"open","sticky":false,"template":"","format":"standard","meta":{"jetpack_post_was_ever_published":false,"_jetpack_newsletter_access":"","_jetpack_dont_email_post_to_subs":false,"_jetpack_newsletter_tier_id":0,"_jetpack_memberships_contains_paywalled_content":false,"_jetpack_memberships_contains_paid_content":false,"footnotes":""},"categories":[1],"tags":[],"class_list":["post-9790","post","type-post","status-publish","format-standard","hentry","category-bez-kategorii"],"yoast_head":"<!-- This site is optimized with the Yoast SEO plugin v25.1 - https:\/\/yoast.com\/wordpress\/plugins\/seo\/ -->\n<title>W drodze przez Morze Czerwone... - Gaudium Et Spes<\/title>\n<meta name=\"robots\" content=\"index, follow, max-snippet:-1, max-image-preview:large, max-video-preview:-1\" \/>\n<link rel=\"canonical\" href=\"https:\/\/gaudiumetspes-blog.pl\/index.php\/2011\/07\/19\/normal-0-21-false-false-false\/\" \/>\n<meta property=\"og:locale\" content=\"pl_PL\" \/>\n<meta property=\"og:type\" content=\"article\" \/>\n<meta property=\"og:title\" content=\"W drodze przez Morze Czerwone... - Gaudium Et Spes\" \/>\n<meta property=\"og:description\" content=\"Szcz\u0119\u015b\u0107 Bo\u017ce! Witam w nowym dniu! Ciesz\u0119 si\u0119 bardzo z Waszych dobrych recenzji tego nowego miejsca naszych spotka\u0144. Ca\u0142y czas trwa jeszcze &#8222;gor\u0105ca linia&#8221; z Moderatorem i szlifujemy pewne drobiazgi, zw\u0142aszcza na poczcie &#8222;prywatnej&#8221;, ale sam widz\u0119, o ile \u0142atwiej i szybciej zamieszcza\u0107 tutaj wpisy i czyta\u0107 Wasze komentarze oraz na nie odpisywa\u0107.&nbsp;&nbsp; &nbsp;&nbsp;&nbsp;&nbsp;&nbsp;&nbsp; Zapraszam [&hellip;]\" \/>\n<meta property=\"og:url\" content=\"https:\/\/gaudiumetspes-blog.pl\/index.php\/2011\/07\/19\/normal-0-21-false-false-false\/\" \/>\n<meta property=\"og:site_name\" content=\"Gaudium Et Spes\" \/>\n<meta property=\"article:published_time\" content=\"2011-07-19T12:45:00+00:00\" \/>\n<meta property=\"article:modified_time\" content=\"2019-07-31T10:52:29+00:00\" \/>\n<meta name=\"author\" content=\"Ks. Jacek\" \/>\n<meta name=\"twitter:card\" content=\"summary_large_image\" \/>\n<meta name=\"twitter:label1\" content=\"Napisane przez\" \/>\n\t<meta name=\"twitter:data1\" content=\"Ks. Jacek\" \/>\n\t<meta name=\"twitter:label2\" content=\"Szacowany czas czytania\" \/>\n\t<meta name=\"twitter:data2\" content=\"4 minuty\" \/>\n<script type=\"application\/ld+json\" class=\"yoast-schema-graph\">{\"@context\":\"https:\/\/schema.org\",\"@graph\":[{\"@type\":\"WebPage\",\"@id\":\"https:\/\/gaudiumetspes-blog.pl\/index.php\/2011\/07\/19\/normal-0-21-false-false-false\/\",\"url\":\"https:\/\/gaudiumetspes-blog.pl\/index.php\/2011\/07\/19\/normal-0-21-false-false-false\/\",\"name\":\"W drodze przez Morze Czerwone... - Gaudium Et Spes\",\"isPartOf\":{\"@id\":\"https:\/\/gaudiumetspes-blog.pl\/#website\"},\"datePublished\":\"2011-07-19T12:45:00+00:00\",\"dateModified\":\"2019-07-31T10:52:29+00:00\",\"author\":{\"@id\":\"https:\/\/gaudiumetspes-blog.pl\/#\/schema\/person\/1661982992b752dea8dff0d4ed845a65\"},\"breadcrumb\":{\"@id\":\"https:\/\/gaudiumetspes-blog.pl\/index.php\/2011\/07\/19\/normal-0-21-false-false-false\/#breadcrumb\"},\"inLanguage\":\"pl-PL\",\"potentialAction\":[{\"@type\":\"ReadAction\",\"target\":[\"https:\/\/gaudiumetspes-blog.pl\/index.php\/2011\/07\/19\/normal-0-21-false-false-false\/\"]}]},{\"@type\":\"BreadcrumbList\",\"@id\":\"https:\/\/gaudiumetspes-blog.pl\/index.php\/2011\/07\/19\/normal-0-21-false-false-false\/#breadcrumb\",\"itemListElement\":[{\"@type\":\"ListItem\",\"position\":1,\"name\":\"Strona g\u0142\u00f3wna\",\"item\":\"https:\/\/gaudiumetspes-blog.pl\/\"},{\"@type\":\"ListItem\",\"position\":2,\"name\":\"W&nbsp;drodze przez&nbsp;Morze Czerwone&#8230;\"}]},{\"@type\":\"WebSite\",\"@id\":\"https:\/\/gaudiumetspes-blog.pl\/#website\",\"url\":\"https:\/\/gaudiumetspes-blog.pl\/\",\"name\":\"Gaudium Et Spes\",\"description\":\"Blog Ks. Jacka Ja\u015bkowskiego\",\"potentialAction\":[{\"@type\":\"SearchAction\",\"target\":{\"@type\":\"EntryPoint\",\"urlTemplate\":\"https:\/\/gaudiumetspes-blog.pl\/?s={search_term_string}\"},\"query-input\":{\"@type\":\"PropertyValueSpecification\",\"valueRequired\":true,\"valueName\":\"search_term_string\"}}],\"inLanguage\":\"pl-PL\"},{\"@type\":\"Person\",\"@id\":\"https:\/\/gaudiumetspes-blog.pl\/#\/schema\/person\/1661982992b752dea8dff0d4ed845a65\",\"name\":\"Ks. Jacek\",\"image\":{\"@type\":\"ImageObject\",\"inLanguage\":\"pl-PL\",\"@id\":\"https:\/\/gaudiumetspes-blog.pl\/#\/schema\/person\/image\/\",\"url\":\"https:\/\/gaudiumetspes-blog.pl\/wp-content\/uploads\/2019\/07\/avatar-JJ-150x150.jpg\",\"contentUrl\":\"https:\/\/gaudiumetspes-blog.pl\/wp-content\/uploads\/2019\/07\/avatar-JJ-150x150.jpg\",\"caption\":\"Ks. Jacek\"},\"description\":\"Witam serdecznie! K\u0142ania si\u0119 Ks. Jacek Ja\u015bkowski. Nie jestem ani kim\u015b wa\u017cnym, ani kim\u015b znanym. Jestem ksi\u0119dzem, kt\u00f3ry po prostu chce rozmawia\u0107. Codzienna kap\u0142a\u0144ska pos\u0142uga pokazuje mi, \u017ce temat\u00f3w do rozm\u00f3w z ksi\u0119dzem jest coraz wi\u0119cej i dzisiaj \u017caden ksi\u0105dz nie mo\u017ce od nich ucieka\u0107, ale - wprost przeciwnie - podejmowa\u0107 nowe wyzwania. To przekonanie sk\u0142oni\u0142o mnie do pr\u00f3by otwarcia tego\u017c bloga, chocia\u017c okazji do rozm\u00f3w na co dzie\u0144 - w konfesjonale i poza nim - na szcz\u0119\u015bcie nie brakuje. My\u015bl\u0119 jednak, \u017ce ten blog b\u0119dzie jeszcze jednym sposobem i przestrzeni\u0105 nawi\u0105zania kontaktu z lud\u017ami dobrej woli, otwartymi na dialog.\",\"url\":\"https:\/\/gaudiumetspes-blog.pl\/index.php\/author\/ks-jacek\/\"}]}<\/script>\n<!-- \/ Yoast SEO plugin. -->","yoast_head_json":{"title":"W drodze przez Morze Czerwone... - Gaudium Et Spes","robots":{"index":"index","follow":"follow","max-snippet":"max-snippet:-1","max-image-preview":"max-image-preview:large","max-video-preview":"max-video-preview:-1"},"canonical":"https:\/\/gaudiumetspes-blog.pl\/index.php\/2011\/07\/19\/normal-0-21-false-false-false\/","og_locale":"pl_PL","og_type":"article","og_title":"W drodze przez Morze Czerwone... - Gaudium Et Spes","og_description":"Szcz\u0119\u015b\u0107 Bo\u017ce! Witam w nowym dniu! Ciesz\u0119 si\u0119 bardzo z Waszych dobrych recenzji tego nowego miejsca naszych spotka\u0144. Ca\u0142y czas trwa jeszcze &#8222;gor\u0105ca linia&#8221; z Moderatorem i szlifujemy pewne drobiazgi, zw\u0142aszcza na poczcie &#8222;prywatnej&#8221;, ale sam widz\u0119, o ile \u0142atwiej i szybciej zamieszcza\u0107 tutaj wpisy i czyta\u0107 Wasze komentarze oraz na nie odpisywa\u0107.&nbsp;&nbsp; &nbsp;&nbsp;&nbsp;&nbsp;&nbsp;&nbsp; Zapraszam [&hellip;]","og_url":"https:\/\/gaudiumetspes-blog.pl\/index.php\/2011\/07\/19\/normal-0-21-false-false-false\/","og_site_name":"Gaudium Et Spes","article_published_time":"2011-07-19T12:45:00+00:00","article_modified_time":"2019-07-31T10:52:29+00:00","author":"Ks. Jacek","twitter_card":"summary_large_image","twitter_misc":{"Napisane przez":"Ks. Jacek","Szacowany czas czytania":"4 minuty"},"schema":{"@context":"https:\/\/schema.org","@graph":[{"@type":"WebPage","@id":"https:\/\/gaudiumetspes-blog.pl\/index.php\/2011\/07\/19\/normal-0-21-false-false-false\/","url":"https:\/\/gaudiumetspes-blog.pl\/index.php\/2011\/07\/19\/normal-0-21-false-false-false\/","name":"W drodze przez Morze Czerwone... - Gaudium Et Spes","isPartOf":{"@id":"https:\/\/gaudiumetspes-blog.pl\/#website"},"datePublished":"2011-07-19T12:45:00+00:00","dateModified":"2019-07-31T10:52:29+00:00","author":{"@id":"https:\/\/gaudiumetspes-blog.pl\/#\/schema\/person\/1661982992b752dea8dff0d4ed845a65"},"breadcrumb":{"@id":"https:\/\/gaudiumetspes-blog.pl\/index.php\/2011\/07\/19\/normal-0-21-false-false-false\/#breadcrumb"},"inLanguage":"pl-PL","potentialAction":[{"@type":"ReadAction","target":["https:\/\/gaudiumetspes-blog.pl\/index.php\/2011\/07\/19\/normal-0-21-false-false-false\/"]}]},{"@type":"BreadcrumbList","@id":"https:\/\/gaudiumetspes-blog.pl\/index.php\/2011\/07\/19\/normal-0-21-false-false-false\/#breadcrumb","itemListElement":[{"@type":"ListItem","position":1,"name":"Strona g\u0142\u00f3wna","item":"https:\/\/gaudiumetspes-blog.pl\/"},{"@type":"ListItem","position":2,"name":"W&nbsp;drodze przez&nbsp;Morze Czerwone&#8230;"}]},{"@type":"WebSite","@id":"https:\/\/gaudiumetspes-blog.pl\/#website","url":"https:\/\/gaudiumetspes-blog.pl\/","name":"Gaudium Et Spes","description":"Blog Ks. Jacka Ja\u015bkowskiego","potentialAction":[{"@type":"SearchAction","target":{"@type":"EntryPoint","urlTemplate":"https:\/\/gaudiumetspes-blog.pl\/?s={search_term_string}"},"query-input":{"@type":"PropertyValueSpecification","valueRequired":true,"valueName":"search_term_string"}}],"inLanguage":"pl-PL"},{"@type":"Person","@id":"https:\/\/gaudiumetspes-blog.pl\/#\/schema\/person\/1661982992b752dea8dff0d4ed845a65","name":"Ks. Jacek","image":{"@type":"ImageObject","inLanguage":"pl-PL","@id":"https:\/\/gaudiumetspes-blog.pl\/#\/schema\/person\/image\/","url":"https:\/\/gaudiumetspes-blog.pl\/wp-content\/uploads\/2019\/07\/avatar-JJ-150x150.jpg","contentUrl":"https:\/\/gaudiumetspes-blog.pl\/wp-content\/uploads\/2019\/07\/avatar-JJ-150x150.jpg","caption":"Ks. Jacek"},"description":"Witam serdecznie! K\u0142ania si\u0119 Ks. Jacek Ja\u015bkowski. Nie jestem ani kim\u015b wa\u017cnym, ani kim\u015b znanym. Jestem ksi\u0119dzem, kt\u00f3ry po prostu chce rozmawia\u0107. Codzienna kap\u0142a\u0144ska pos\u0142uga pokazuje mi, \u017ce temat\u00f3w do rozm\u00f3w z ksi\u0119dzem jest coraz wi\u0119cej i dzisiaj \u017caden ksi\u0105dz nie mo\u017ce od nich ucieka\u0107, ale - wprost przeciwnie - podejmowa\u0107 nowe wyzwania. To przekonanie sk\u0142oni\u0142o mnie do pr\u00f3by otwarcia tego\u017c bloga, chocia\u017c okazji do rozm\u00f3w na co dzie\u0144 - w konfesjonale i poza nim - na szcz\u0119\u015bcie nie brakuje. My\u015bl\u0119 jednak, \u017ce ten blog b\u0119dzie jeszcze jednym sposobem i przestrzeni\u0105 nawi\u0105zania kontaktu z lud\u017ami dobrej woli, otwartymi na dialog.","url":"https:\/\/gaudiumetspes-blog.pl\/index.php\/author\/ks-jacek\/"}]}},"jetpack_featured_media_url":"","jetpack_sharing_enabled":true,"_links":{"self":[{"href":"https:\/\/gaudiumetspes-blog.pl\/index.php\/wp-json\/wp\/v2\/posts\/9790","targetHints":{"allow":["GET"]}}],"collection":[{"href":"https:\/\/gaudiumetspes-blog.pl\/index.php\/wp-json\/wp\/v2\/posts"}],"about":[{"href":"https:\/\/gaudiumetspes-blog.pl\/index.php\/wp-json\/wp\/v2\/types\/post"}],"author":[{"embeddable":true,"href":"https:\/\/gaudiumetspes-blog.pl\/index.php\/wp-json\/wp\/v2\/users\/1"}],"replies":[{"embeddable":true,"href":"https:\/\/gaudiumetspes-blog.pl\/index.php\/wp-json\/wp\/v2\/comments?post=9790"}],"version-history":[{"count":1,"href":"https:\/\/gaudiumetspes-blog.pl\/index.php\/wp-json\/wp\/v2\/posts\/9790\/revisions"}],"predecessor-version":[{"id":10293,"href":"https:\/\/gaudiumetspes-blog.pl\/index.php\/wp-json\/wp\/v2\/posts\/9790\/revisions\/10293"}],"wp:attachment":[{"href":"https:\/\/gaudiumetspes-blog.pl\/index.php\/wp-json\/wp\/v2\/media?parent=9790"}],"wp:term":[{"taxonomy":"category","embeddable":true,"href":"https:\/\/gaudiumetspes-blog.pl\/index.php\/wp-json\/wp\/v2\/categories?post=9790"},{"taxonomy":"post_tag","embeddable":true,"href":"https:\/\/gaudiumetspes-blog.pl\/index.php\/wp-json\/wp\/v2\/tags?post=9790"}],"curies":[{"name":"wp","href":"https:\/\/api.w.org\/{rel}","templated":true}]}}