{"id":9791,"date":"2011-07-18T07:30:00","date_gmt":"2011-07-18T05:30:00","guid":{"rendered":"https:\/\/gaudiumetspes-blog.pl\/index.php\/2011\/07\/18\/wolnosc-jest-trudem-wielkosci\/"},"modified":"2019-07-31T12:52:29","modified_gmt":"2019-07-31T10:52:29","slug":"wolnosc-jest-trudem-wielkosci","status":"publish","type":"post","link":"https:\/\/gaudiumetspes-blog.pl\/index.php\/2011\/07\/18\/wolnosc-jest-trudem-wielkosci\/","title":{"rendered":"Wolno\u015b\u0107 jest trudem wielko\u015bci!"},"content":{"rendered":"<div class=\"MsoNormal\" style=\"text-align: justify;\">Witam bardzo serdecznie &#8211; Szcz\u0119\u015b\u0107 Bo\u017ce!&nbsp;<\/div>\n<div class=\"MsoNormal\" style=\"text-align: justify;\">&nbsp;&nbsp;&nbsp;&nbsp;&nbsp;&nbsp;&nbsp;&nbsp;&nbsp;&nbsp; Jak sobie radzimy w nowym &#8222;mieszkanku&#8221;? Ja si\u0119 jeszcze ucz\u0119&#8230; Ale ju\u017c widz\u0119, \u017ce \u0142atwiej b\u0119dzie zamieszcza\u0107 wpisy, nie wymaga to bowiem tyle drobiazgowej pracy edytorskiej, gdy za ka\u017cdym razem trzeba by\u0142o rozdziela\u0107 \u0142\u0105cz\u0105ce si\u0119 &#8211; nie wiadomo dlaczego &#8211; wyrazy i wprowadza\u0107 inne poprawki przed publikacj\u0105. Teraz wystarczy tylko wklei\u0107 tekst, napisa\u0107 komentarz wst\u0119pny &#8211; i ju\u017c. Mo\u017ce zatem uda si\u0119 unikn\u0105\u0107 op\u00f3\u017anie\u0144 z pojawianiem si\u0119 nowych wpis\u00f3w, kt\u00f3rych nie uda\u0142o si\u0119 unikn\u0105\u0107 na tamtym blogu, kiedy by\u0142o &#8211; na przyk\u0142ad &#8211; pi\u0119tna\u015bcie minut, tekst ju\u017c by\u0142, ale nie da\u0142o si\u0119 zd\u0105\u017cy\u0107 z t\u0105 wspomnian\u0105 prac\u0105 edytorsk\u0105, wynikiem czego publikacja pojawia\u0142a si\u0119 p\u00f3\u017aniej, dopiero gdy &#8211; na przyk\u0142ad &#8211; wr\u00f3ci\u0142em ze szko\u0142y. Teraz proces zamieszczania na stronie b\u0119dzie du\u017co szybszy.&nbsp;<\/div>\n<div class=\"MsoNormal\" style=\"text-align: justify;\">&nbsp;&nbsp;&nbsp;&nbsp;&nbsp;&nbsp;&nbsp;&nbsp; Raz jeszcze dzi\u0119kuj\u0119 Moderatorowi mojego bloga, Krzysiowi Fabisiakowi, za prac\u0119, kt\u00f3r\u0105 wykona\u0142 i za to, \u017ce ci\u0105gle jest pod telefonem, gdy tylko co\u015b si\u0119 dzieje. Ponawiam pro\u015bb\u0119, aby\u015bcie zg\u0142aszali swoje uwagi i obserwacje, tak\u017ce propozycje. Ja wszystko to b\u0119d\u0119 konsultowa\u0142 z Moderatorem.<\/div>\n<div class=\"MsoNormal\" style=\"text-align: justify;\">&nbsp;&nbsp;&nbsp;&nbsp;&nbsp;&nbsp;&nbsp;&nbsp;&nbsp;&nbsp;<b> A dzisiaj chcia\u0142bym powierzy\u0107 Waszym modlitwom mojego Szwagra (gdyby kto\u015b nie wiedzia\u0142, co znaczy s\u0142owo: &#8222;szwagier&#8221;, to chodzi o m\u0119\u017ca mojej Siostry) KAMILA NIED\u0179WIEDZKIEGO, kt\u00f3ry dzisiaj prze\u017cywa imieniny. Z ca\u0142ego serca \u017cycz\u0119 Mu, aby nigdy nie traci\u0142 swego fantastycznego poczucia humoru, zawsze pokornie s\u0142ucha\u0142 \u017bony, a opieka Bo\u017cej Opatrzno\u015bci towarzyszy\u0142a Mu we wszystkich poczynaniach. I aby m\u00f3g\u0142 &#8211; daj Bo\u017ce, ju\u017c nied\u0142ugo &#8211; cieszy\u0107 si\u0119 powo\u0142aniem ojcowskim!<\/b><\/div>\n<div class=\"MsoNormal\" style=\"text-align: justify;\">&nbsp;&nbsp;&nbsp;&nbsp;&nbsp;&nbsp;&nbsp;&nbsp;&nbsp;&nbsp; Zapraszam do refleksji nad Bo\u017cym S\u0142owem, kt\u00f3re dzisiaj wprost podpowiada kilka s\u0142\u00f3w troski o nasz\u0105 Ojczyzn\u0119&#8230;<\/div>\n<div class=\"MsoNormal\" style=\"text-align: justify;\">&nbsp;&nbsp;&nbsp;&nbsp;&nbsp;&nbsp;&nbsp;&nbsp;&nbsp;&nbsp; Gaudium et spes!&nbsp; Ks. Jacek<\/div>\n<div class=\"MsoNormal\" style=\"text-align: justify;\">\n<\/div>\n<div class=\"MsoNormal\" style=\"text-align: justify;\"><b>Poniedzia\u0142ek 16 tygodnia zwyk\u0142ego, rok I,<\/b><\/div>\n<div class=\"MsoNormal\" style=\"text-align: justify;\"><b style=\"mso-bidi-font-weight: normal;\">do czyta\u0144: &nbsp;Wj 14,5\u20139a.10\u201318;&nbsp; Mt 12,38\u201342<\/b><\/div>\n<div class=\"MsoNormal\" style=\"text-align: justify;\">\n<\/div>\n<div class=\"MsoNormal\" style=\"text-align: justify; text-indent: 35.4pt;\">Kiedy Izraelici wyszli z niewoli egipskiej, okaza\u0142o si\u0119, \u017ce <b style=\"mso-bidi-font-weight: normal;\">jeszcze nie sko\u0144czy\u0142y si\u0119 wszystkie ich problemy.<\/b> Oto bowiem po ich odej\u015bciu faraon <b style=\"mso-bidi-font-weight: normal;\">zmieni\u0142 nastawienie i niejako po\u017ca\u0142owa\u0142 decyzji o ich wypuszczeniu.<\/b> Ruszy\u0142 zatem za nimi w po\u015bcig, co w\u0119druj\u0105cy Izraelici szybko zauwa\u017cyli. I w\u0142a\u015bnie w tym momencie pad\u0142y z ich ust s\u0142owa, kt\u00f3re \u2013 jakkolwiek mo\u017ce i da si\u0119 wyt\u0142umaczy\u0107 przera\u017ceniem \u2013 to jednak <b style=\"mso-bidi-font-weight: normal;\">nie powinny by\u0142y w og\u00f3le pa\u015b\u0107,<\/b> gdy\u017c tchn\u0105 one jakim\u015b <b style=\"mso-bidi-font-weight: normal;\">totalnym brakiem zaufania do Boga i niewdzi\u0119czno\u015bci\u0105 wobec Jego dzia\u0142ania.<\/b> <\/div>\n<div class=\"MsoNormal\" style=\"text-align: justify; text-indent: 35.4pt;\">Oto bowiem Moj\u017cesz us\u0142ysza\u0142 z ich strony takie stwierdzenia: <i style=\"mso-bidi-font-style: normal;\">Czy\u017c brakowa\u0142o grob\u00f3w w Egipcie, \u017ce nas tu przyprowadzi\u0142e\u015b, aby\u015bmy pomarli na pustyni<\/i>? <b style=\"mso-bidi-font-weight: normal;\"><i style=\"mso-bidi-font-style: normal;\">C\u00f3\u017c za us\u0142ug\u0119 wy\u015bwiadczy\u0142e\u015b nam przez to, \u017ce wyprowadzi\u0142e\u015b nas z Egiptu<\/i>?<\/b> <i style=\"mso-bidi-font-style: normal;\">Czy\u017c nie m\u00f3wili\u015bmy ci wyra\u017anie w Egipcie: <b style=\"mso-bidi-font-weight: normal;\">Zostaw nas w spokoju, chcemy s\u0142u\u017cy\u0107 Egipcjanom<\/b><\/i><b style=\"mso-bidi-font-weight: normal;\">?<\/b> <i style=\"mso-bidi-font-style: normal;\">Lepiej bowiem na by\u0142o s\u0142u\u017cy\u0107 im, ni\u017c umiera\u0107 na tej pustyni.<\/i> Ot\u00f3\u017c w\u0142a\u015bnie, <b style=\"mso-bidi-font-weight: normal;\">lepiej by\u0142o<\/b> <b style=\"mso-bidi-font-weight: normal;\">gni\u0107 w b\u0142ocie niewoli<\/b> \u2013 to nic, \u017ce parszywym i odra\u017caj\u0105cym, ale oznaczaj\u0105cym w danym momencie jak\u0105\u015b stabilizacj\u0119 \u2013 <b style=\"mso-bidi-font-weight: normal;\">ani\u017celi podj\u0105\u0107 trud osi\u0105gania wolno\u015bci!<\/b> <\/div>\n<div class=\"MsoNormal\" style=\"text-align: justify; text-indent: 35.4pt;\">Kochani, <b style=\"mso-bidi-font-weight: normal;\">czy my w Polsce przypadkiem nie zaprezentowali\u015bmy takiej postawy?<\/b> Czy my kilka razy w ci\u0105gu tych dwudziestu ostatnich lat nie <b style=\"mso-bidi-font-weight: normal;\">powiedzieli\u015bmy samemu Bogu, oraz Moj\u017ceszowi,<\/b> kt\u00f3rego wys\u0142a\u0142, aby nas wyzwoli\u0107 \u2013 czyli Janowi Paw\u0142owi II \u2013 \u017ce lepiej nam by\u0142o w kraju niewoli, bo chocia\u017c \u201etaplaj\u0105c si\u0119 w b\u0142otku\u201d, ale <b style=\"mso-bidi-font-weight: normal;\">mieli\u015bmy taki spok\u00f3j, i nie musieli\u015bmy podejmowa\u0107 trudu zdobywania wolno\u015bci i jej zagospodarowania, bo inni za nas my\u015bleli i pokazywali nam \u201ejedynie s\u0142uszn\u0105 drog\u0119\u201d?<\/b> <\/div>\n<div class=\"MsoNormal\" style=\"text-align: justify; text-indent: 35.4pt;\">Kochani, czy nasze wybory \u2013 tak\u017ce te polityczne \u2013 i nasze postawy <b style=\"mso-bidi-font-weight: normal;\">nie by\u0142y \u015bwiadectwem takiego w\u0142a\u015bnie stanowiska?<\/b> I czy z czym\u015b takim <b style=\"mso-bidi-font-weight: normal;\">nie mamy znowu do czynienia?<\/b> <\/div>\n<div class=\"MsoNormal\" style=\"text-align: justify; text-indent: 35.4pt;\">Izraelit\u00f3w w tamtym momencie mo\u017cna t\u0142umaczy\u0107 \u2013 do pewnego stopnia \u2013 tym, &nbsp;\u017ce <b style=\"mso-bidi-font-weight: normal;\">jeszcze nie do\u015bwiadczyli ewidentnego dzia\u0142ania Boga,<\/b> wyra\u017caj\u0105cego si\u0119 w przeprowadzeniu ich przez wody Morza Czerwonego. Ale <b style=\"mso-bidi-font-weight: normal;\">czy mo\u017cna w ten sam spos\u00f3b t\u0142umaczy\u0107 ich po cudownym i niezwyk\u0142ym jego przej\u015bciu,<\/b> gdy na pustyni \u017c\u0105dali od Moj\u017cesza pokarmu, wysuwaj\u0105c ten sam, co dzisiaj argument, \u017ce w Egipcie to zasiadali <b style=\"mso-bidi-font-weight: normal;\">nad pe\u0142nymi misami jedzenia (a\u017c chce si\u0119 powiedzie\u0107: \u017carcia!),<\/b> <b style=\"mso-bidi-font-weight: normal;\">a tu s\u0105 nara\u017ceni na takie niewygody?!<\/b> <\/div>\n<div class=\"MsoNormal\" style=\"text-align: justify; text-indent: 35.4pt;\">A czy mo\u017cna t\u0142umaczy\u0107 uczonych w Pi\u015bmie i faryzeuszy, kt\u00f3rzy \u2013 jak s\u0142yszymy w Ewangelii \u2013 <b style=\"mso-bidi-font-weight: normal;\">domagaj\u0105 si\u0119 od Jezusa jakiego\u015b spektakularnego znaku, <\/b>chocia\u017c ju\u017c tyle si\u0119 ich dokona\u0142o i oni sami tyle widzieli? Ale oni chcieliby jeszcze co\u015b zobaczy\u0107, aby zaspokoi\u0107 swoj\u0105 pr\u00f3\u017cno\u015b\u0107! <b style=\"mso-bidi-font-weight: normal;\">Jak jednak d\u0142ugo i jak bardzo mo\u017cna Boga wystawia\u0107 na pr\u00f3b\u0119? Do jakiego stopnia mo\u017cna lekcewa\u017cy\u0107 Bo\u017c\u0105 dobro\u0107 i Bo\u017c\u0105 cierpliwo\u015b\u0107?<\/b> <\/div>\n<div class=\"MsoNormal\" style=\"text-align: justify; text-indent: 35.4pt;\">Kochani, ta postawa Izraelit\u00f3w, jak i uczonych w Pi\u015bmie i faryzeuszy, jest <b style=\"mso-bidi-font-weight: normal;\">bardzo wyra\u017anym ostrze\u017ceniem dla nas<\/b> \u2013 dla nas, s\u0142uchaj\u0105cych dzisiaj Bo\u017cego S\u0142owa i w og\u00f3le \u2013 <b style=\"mso-bidi-font-weight: normal;\">dla nas, Polak\u00f3w<\/b>\u2026 Zauwa\u017cmy bowiem, \u017ce B\u00f3g naprawd\u0119 dzia\u0142a i my sami <b style=\"mso-bidi-font-weight: normal;\">do\u015bwiadczamy Jego cudownej mocy w czasie ka\u017cdej Mszy \u015awi\u0119tej, w czasie Spowiedzi, na modlitwie<\/b>\u2026 R\u00f3wnie\u017c w historii naszego Narodu tak wiele by\u0142o <b style=\"mso-bidi-font-weight: normal;\">nadzwyczajnych interwencji Bo\u017cych.<\/b> A czy\u017c \u017cycie, \u015bwi\u0119to\u015b\u0107 i nauczanie Jana Paw\u0142a II <b style=\"mso-bidi-font-weight: normal;\">nie jest powszechnie uwa\u017cane za taki w\u0142a\u015bnie cud Bo\u017cy?<\/b> <\/div>\n<div class=\"MsoNormal\" style=\"text-align: justify; text-indent: 35.4pt;\"><b style=\"mso-bidi-font-weight: normal;\">To dlaczego w takim razie w naszej Ojczy\u017anie tak ma\u0142o jest poszanowania dla Bo\u017cego Prawa i Bo\u017cej nauki, g\u0142oszonej przez Ko\u015bci\u00f3\u0142?<\/b> To prawda, \u017ce wiele os\u00f3b \u017cyje t\u0105 nauk\u0105 i \u017ce g\u0142osicieli innych, przewrotnych, niemoralnych teorii nie jest a\u017c tak du\u017co. <b style=\"mso-bidi-font-weight: normal;\">Ale dochodz\u0105 oni do g\u0142osu i na tyle dobrze si\u0119 maj\u0105, i\u017c wydaje si\u0119, \u017ce jest ich wi\u0119cej!<\/b> Niestety, s\u0105 te\u017c oni wybierani do pe\u0142nienia w\u0142adzy, dlatego trudno si\u0119 dziwi\u0107, \u017ce i w prawodawstwie, i w mediach <b style=\"mso-bidi-font-weight: normal;\">tak wprost lekcewa\u017cy si\u0119 Boga i Jego Prawo!<\/b> <\/div>\n<div class=\"MsoNormal\" style=\"text-align: justify; text-indent: 35.4pt;\">A to wszystko dzieje si\u0119 przy <b style=\"mso-bidi-font-weight: normal;\">biernym przygl\u0105daniu si\u0119<\/b> ze strony nas \u2013 <b style=\"mso-bidi-font-weight: normal;\">nas, kt\u00f3rzy widzimy i rozumiemy, co si\u0119 dzieje, ale wolimy nie wychyla\u0107 si\u0119,<\/b> nie zabiera\u0107 g\u0142osu, bo wydaje si\u0119 nam, \u017ce i tak nic z tego nie b\u0119dzie. A tymczasem \u2013 to nieprawda! <\/div>\n<div class=\"MsoNormal\" style=\"text-align: justify; text-indent: 35.4pt;\">I dlatego <b style=\"mso-bidi-font-weight: normal;\">to w\u0142a\u015bnie my,<\/b> kt\u00f3rzy cz\u0119stszy od innych mamy kontakt z Bo\u017cym S\u0142owem, cz\u0119\u015bciej mo\u017ce prze\u017cywamy Msz\u0119 \u015awi\u0119t\u0105 i bardziej zale\u017cy nam na sprawach Bo\u017cych \u2013 to my w\u0142a\u015bnie mamy za zadanie <b style=\"mso-bidi-font-weight: normal;\">przypomina\u0107 i pokazywa\u0107 innym, \u017ce B\u00f3g da\u0142 nam tak wiele, <\/b>nie mo\u017cna wi\u0119c marnowa\u0107 Jego dar\u00f3w, nie mo\u017cna \u017c\u0105da\u0107 wci\u0105\u017c wi\u0119cej i wi\u0119cej, nie mo\u017cna \u017c\u0105da\u0107 spe\u0142niania nowych zachcianek, <b style=\"mso-bidi-font-weight: normal;\">podczas gdy zapomina si\u0119 i pomija to, co da\u0142<\/b> \u2013 i to da\u0142 w obfito\u015bci! <\/div>\n<div class=\"MsoNormal\" style=\"text-align: justify; text-indent: 35.4pt;\">Kochani, <b style=\"mso-bidi-font-weight: normal;\">to w\u0142a\u015bnie na nas ci\u0105\u017cy obowi\u0105zek zagospodarowywania odzyskanej wolno\u015bci<\/b> i u\u015bwiadamiania innym, \u017ce nie jest ona jedynie wygod\u0105 i komfortem, ale \u2013 jak pisa\u0142 poeta \u2013 <b style=\"mso-bidi-font-weight: normal;\">jest \u201etrudem wielko\u015bci\u201d!<\/b> Dlatego trzeba podj\u0105\u0107 ten trud, podj\u0105\u0107 systematyczn\u0105 prac\u0119, konieczne wyrzeczenia, i \u2013 doceniaj\u0105c wszystko, co B\u00f3g uczyni\u0142 i jak wiele uczyni\u0142 \u2013 pocz\u0105wszy od swego w\u0142asnego podw\u00f3rka, <b style=\"mso-bidi-font-weight: normal;\">porz\u0105dkowa\u0107 to nasze polskie podw\u00f3rko, w duchu prawdziwej i odpowiedzialnej wolno\u015bci!<\/b><\/div>\n<div class=\"MsoNormal\" style=\"text-align: justify; text-indent: 35.4pt;\">W tym kontek\u015bcie pomy\u015blmy:<\/div>\n<div class=\"MsoNormal\" style=\"margin-left: 36.0pt; mso-list: l0 level1 lfo1; tab-stops: list 36.0pt; text-align: justify; text-indent: -18.0pt;\">\u00b7&nbsp;&nbsp;&nbsp;&nbsp;&nbsp;&nbsp;&nbsp; Czy potrafi\u0119 precyzyjnie wskaza\u0107 znaki dzia\u0142ania Bo\u017cego w moim \u017cyciu \u2013 i za nie podzi\u0119kowa\u0107?<\/div>\n<div class=\"MsoNormal\" style=\"margin-left: 36.0pt; mso-list: l0 level1 lfo1; tab-stops: list 36.0pt; text-align: justify; text-indent: -18.0pt;\">\u00b7&nbsp;&nbsp;&nbsp;&nbsp;&nbsp;&nbsp;&nbsp; Czy dostrzegam \u2013 i innym pomagam dostrzec \u2013 dzia\u0142anie Bo\u017ce w naszej Ojczy\u017anie?<\/div>\n<div class=\"MsoNormal\" style=\"margin-left: 36.0pt; mso-list: l0 level1 lfo1; tab-stops: list 36.0pt; text-align: justify; text-indent: -18.0pt;\">\u00b7&nbsp;&nbsp;&nbsp;&nbsp;&nbsp;&nbsp;&nbsp; Czy pami\u0119tam, \u017ce ka\u017cdy taki dar od Boga jest jednocze\u015bnie zadaniem?<\/div>\n<div class=\"MsoNormal\" style=\"text-align: justify;\"><b style=\"mso-bidi-font-weight: normal;\"><i style=\"mso-bidi-font-style: normal;\">Plemi\u0119 przewrotne i wiaro\u0142omne \u017c\u0105da znaku, ale \u017caden znak nie b\u0119dzie mu dany, pr\u00f3cz znaku Proroka Jonasza<\/i><\/b>. <\/div>\n","protected":false},"excerpt":{"rendered":"<p>Witam bardzo serdecznie &#8211; Szcz\u0119\u015b\u0107 Bo\u017ce!&nbsp; &nbsp;&nbsp;&nbsp;&nbsp;&nbsp;&nbsp;&nbsp;&nbsp;&nbsp;&nbsp; Jak sobie radzimy w nowym &#8222;mieszkanku&#8221;? Ja si\u0119 jeszcze ucz\u0119&#8230; Ale ju\u017c widz\u0119, \u017ce \u0142atwiej b\u0119dzie zamieszcza\u0107 wpisy, nie wymaga to bowiem tyle drobiazgowej pracy edytorskiej, gdy za ka\u017cdym razem trzeba by\u0142o rozdziela\u0107 \u0142\u0105cz\u0105ce si\u0119 &#8211; nie wiadomo dlaczego &#8211; wyrazy i wprowadza\u0107 inne poprawki przed publikacj\u0105. Teraz [&hellip;]<\/p>\n","protected":false},"author":1,"featured_media":0,"comment_status":"open","ping_status":"open","sticky":false,"template":"","format":"standard","meta":{"jetpack_post_was_ever_published":false,"_jetpack_newsletter_access":"","_jetpack_dont_email_post_to_subs":false,"_jetpack_newsletter_tier_id":0,"_jetpack_memberships_contains_paywalled_content":false,"_jetpack_memberships_contains_paid_content":false,"footnotes":""},"categories":[1],"tags":[],"class_list":["post-9791","post","type-post","status-publish","format-standard","hentry","category-bez-kategorii"],"yoast_head":"<!-- This site is optimized with the Yoast SEO plugin v25.1 - https:\/\/yoast.com\/wordpress\/plugins\/seo\/ -->\n<title>Wolno\u015b\u0107 jest trudem wielko\u015bci! - Gaudium Et Spes<\/title>\n<meta name=\"robots\" content=\"index, follow, max-snippet:-1, max-image-preview:large, max-video-preview:-1\" \/>\n<link rel=\"canonical\" href=\"https:\/\/gaudiumetspes-blog.pl\/index.php\/2011\/07\/18\/wolnosc-jest-trudem-wielkosci\/\" \/>\n<meta property=\"og:locale\" content=\"pl_PL\" \/>\n<meta property=\"og:type\" content=\"article\" \/>\n<meta property=\"og:title\" content=\"Wolno\u015b\u0107 jest trudem wielko\u015bci! - Gaudium Et Spes\" \/>\n<meta property=\"og:description\" content=\"Witam bardzo serdecznie &#8211; Szcz\u0119\u015b\u0107 Bo\u017ce!&nbsp; &nbsp;&nbsp;&nbsp;&nbsp;&nbsp;&nbsp;&nbsp;&nbsp;&nbsp;&nbsp; Jak sobie radzimy w nowym &#8222;mieszkanku&#8221;? Ja si\u0119 jeszcze ucz\u0119&#8230; Ale ju\u017c widz\u0119, \u017ce \u0142atwiej b\u0119dzie zamieszcza\u0107 wpisy, nie wymaga to bowiem tyle drobiazgowej pracy edytorskiej, gdy za ka\u017cdym razem trzeba by\u0142o rozdziela\u0107 \u0142\u0105cz\u0105ce si\u0119 &#8211; nie wiadomo dlaczego &#8211; wyrazy i wprowadza\u0107 inne poprawki przed publikacj\u0105. Teraz [&hellip;]\" \/>\n<meta property=\"og:url\" content=\"https:\/\/gaudiumetspes-blog.pl\/index.php\/2011\/07\/18\/wolnosc-jest-trudem-wielkosci\/\" \/>\n<meta property=\"og:site_name\" content=\"Gaudium Et Spes\" \/>\n<meta property=\"article:published_time\" content=\"2011-07-18T05:30:00+00:00\" \/>\n<meta property=\"article:modified_time\" content=\"2019-07-31T10:52:29+00:00\" \/>\n<meta name=\"author\" content=\"Ks. Jacek\" \/>\n<meta name=\"twitter:card\" content=\"summary_large_image\" \/>\n<meta name=\"twitter:label1\" content=\"Napisane przez\" \/>\n\t<meta name=\"twitter:data1\" content=\"Ks. Jacek\" \/>\n\t<meta name=\"twitter:label2\" content=\"Szacowany czas czytania\" \/>\n\t<meta name=\"twitter:data2\" content=\"7 minut\" \/>\n<script type=\"application\/ld+json\" class=\"yoast-schema-graph\">{\"@context\":\"https:\/\/schema.org\",\"@graph\":[{\"@type\":\"WebPage\",\"@id\":\"https:\/\/gaudiumetspes-blog.pl\/index.php\/2011\/07\/18\/wolnosc-jest-trudem-wielkosci\/\",\"url\":\"https:\/\/gaudiumetspes-blog.pl\/index.php\/2011\/07\/18\/wolnosc-jest-trudem-wielkosci\/\",\"name\":\"Wolno\u015b\u0107 jest trudem wielko\u015bci! - Gaudium Et Spes\",\"isPartOf\":{\"@id\":\"https:\/\/gaudiumetspes-blog.pl\/#website\"},\"datePublished\":\"2011-07-18T05:30:00+00:00\",\"dateModified\":\"2019-07-31T10:52:29+00:00\",\"author\":{\"@id\":\"https:\/\/gaudiumetspes-blog.pl\/#\/schema\/person\/1661982992b752dea8dff0d4ed845a65\"},\"breadcrumb\":{\"@id\":\"https:\/\/gaudiumetspes-blog.pl\/index.php\/2011\/07\/18\/wolnosc-jest-trudem-wielkosci\/#breadcrumb\"},\"inLanguage\":\"pl-PL\",\"potentialAction\":[{\"@type\":\"ReadAction\",\"target\":[\"https:\/\/gaudiumetspes-blog.pl\/index.php\/2011\/07\/18\/wolnosc-jest-trudem-wielkosci\/\"]}]},{\"@type\":\"BreadcrumbList\",\"@id\":\"https:\/\/gaudiumetspes-blog.pl\/index.php\/2011\/07\/18\/wolnosc-jest-trudem-wielkosci\/#breadcrumb\",\"itemListElement\":[{\"@type\":\"ListItem\",\"position\":1,\"name\":\"Strona g\u0142\u00f3wna\",\"item\":\"https:\/\/gaudiumetspes-blog.pl\/\"},{\"@type\":\"ListItem\",\"position\":2,\"name\":\"Wolno\u015b\u0107 jest trudem wielko\u015bci!\"}]},{\"@type\":\"WebSite\",\"@id\":\"https:\/\/gaudiumetspes-blog.pl\/#website\",\"url\":\"https:\/\/gaudiumetspes-blog.pl\/\",\"name\":\"Gaudium Et Spes\",\"description\":\"Blog Ks. Jacka Ja\u015bkowskiego\",\"potentialAction\":[{\"@type\":\"SearchAction\",\"target\":{\"@type\":\"EntryPoint\",\"urlTemplate\":\"https:\/\/gaudiumetspes-blog.pl\/?s={search_term_string}\"},\"query-input\":{\"@type\":\"PropertyValueSpecification\",\"valueRequired\":true,\"valueName\":\"search_term_string\"}}],\"inLanguage\":\"pl-PL\"},{\"@type\":\"Person\",\"@id\":\"https:\/\/gaudiumetspes-blog.pl\/#\/schema\/person\/1661982992b752dea8dff0d4ed845a65\",\"name\":\"Ks. Jacek\",\"image\":{\"@type\":\"ImageObject\",\"inLanguage\":\"pl-PL\",\"@id\":\"https:\/\/gaudiumetspes-blog.pl\/#\/schema\/person\/image\/\",\"url\":\"https:\/\/gaudiumetspes-blog.pl\/wp-content\/uploads\/2019\/07\/avatar-JJ-150x150.jpg\",\"contentUrl\":\"https:\/\/gaudiumetspes-blog.pl\/wp-content\/uploads\/2019\/07\/avatar-JJ-150x150.jpg\",\"caption\":\"Ks. Jacek\"},\"description\":\"Witam serdecznie! K\u0142ania si\u0119 Ks. Jacek Ja\u015bkowski. Nie jestem ani kim\u015b wa\u017cnym, ani kim\u015b znanym. Jestem ksi\u0119dzem, kt\u00f3ry po prostu chce rozmawia\u0107. Codzienna kap\u0142a\u0144ska pos\u0142uga pokazuje mi, \u017ce temat\u00f3w do rozm\u00f3w z ksi\u0119dzem jest coraz wi\u0119cej i dzisiaj \u017caden ksi\u0105dz nie mo\u017ce od nich ucieka\u0107, ale - wprost przeciwnie - podejmowa\u0107 nowe wyzwania. To przekonanie sk\u0142oni\u0142o mnie do pr\u00f3by otwarcia tego\u017c bloga, chocia\u017c okazji do rozm\u00f3w na co dzie\u0144 - w konfesjonale i poza nim - na szcz\u0119\u015bcie nie brakuje. My\u015bl\u0119 jednak, \u017ce ten blog b\u0119dzie jeszcze jednym sposobem i przestrzeni\u0105 nawi\u0105zania kontaktu z lud\u017ami dobrej woli, otwartymi na dialog.\",\"url\":\"https:\/\/gaudiumetspes-blog.pl\/index.php\/author\/ks-jacek\/\"}]}<\/script>\n<!-- \/ Yoast SEO plugin. -->","yoast_head_json":{"title":"Wolno\u015b\u0107 jest trudem wielko\u015bci! - Gaudium Et Spes","robots":{"index":"index","follow":"follow","max-snippet":"max-snippet:-1","max-image-preview":"max-image-preview:large","max-video-preview":"max-video-preview:-1"},"canonical":"https:\/\/gaudiumetspes-blog.pl\/index.php\/2011\/07\/18\/wolnosc-jest-trudem-wielkosci\/","og_locale":"pl_PL","og_type":"article","og_title":"Wolno\u015b\u0107 jest trudem wielko\u015bci! - Gaudium Et Spes","og_description":"Witam bardzo serdecznie &#8211; Szcz\u0119\u015b\u0107 Bo\u017ce!&nbsp; &nbsp;&nbsp;&nbsp;&nbsp;&nbsp;&nbsp;&nbsp;&nbsp;&nbsp;&nbsp; Jak sobie radzimy w nowym &#8222;mieszkanku&#8221;? Ja si\u0119 jeszcze ucz\u0119&#8230; Ale ju\u017c widz\u0119, \u017ce \u0142atwiej b\u0119dzie zamieszcza\u0107 wpisy, nie wymaga to bowiem tyle drobiazgowej pracy edytorskiej, gdy za ka\u017cdym razem trzeba by\u0142o rozdziela\u0107 \u0142\u0105cz\u0105ce si\u0119 &#8211; nie wiadomo dlaczego &#8211; wyrazy i wprowadza\u0107 inne poprawki przed publikacj\u0105. Teraz [&hellip;]","og_url":"https:\/\/gaudiumetspes-blog.pl\/index.php\/2011\/07\/18\/wolnosc-jest-trudem-wielkosci\/","og_site_name":"Gaudium Et Spes","article_published_time":"2011-07-18T05:30:00+00:00","article_modified_time":"2019-07-31T10:52:29+00:00","author":"Ks. Jacek","twitter_card":"summary_large_image","twitter_misc":{"Napisane przez":"Ks. Jacek","Szacowany czas czytania":"7 minut"},"schema":{"@context":"https:\/\/schema.org","@graph":[{"@type":"WebPage","@id":"https:\/\/gaudiumetspes-blog.pl\/index.php\/2011\/07\/18\/wolnosc-jest-trudem-wielkosci\/","url":"https:\/\/gaudiumetspes-blog.pl\/index.php\/2011\/07\/18\/wolnosc-jest-trudem-wielkosci\/","name":"Wolno\u015b\u0107 jest trudem wielko\u015bci! - Gaudium Et Spes","isPartOf":{"@id":"https:\/\/gaudiumetspes-blog.pl\/#website"},"datePublished":"2011-07-18T05:30:00+00:00","dateModified":"2019-07-31T10:52:29+00:00","author":{"@id":"https:\/\/gaudiumetspes-blog.pl\/#\/schema\/person\/1661982992b752dea8dff0d4ed845a65"},"breadcrumb":{"@id":"https:\/\/gaudiumetspes-blog.pl\/index.php\/2011\/07\/18\/wolnosc-jest-trudem-wielkosci\/#breadcrumb"},"inLanguage":"pl-PL","potentialAction":[{"@type":"ReadAction","target":["https:\/\/gaudiumetspes-blog.pl\/index.php\/2011\/07\/18\/wolnosc-jest-trudem-wielkosci\/"]}]},{"@type":"BreadcrumbList","@id":"https:\/\/gaudiumetspes-blog.pl\/index.php\/2011\/07\/18\/wolnosc-jest-trudem-wielkosci\/#breadcrumb","itemListElement":[{"@type":"ListItem","position":1,"name":"Strona g\u0142\u00f3wna","item":"https:\/\/gaudiumetspes-blog.pl\/"},{"@type":"ListItem","position":2,"name":"Wolno\u015b\u0107 jest trudem wielko\u015bci!"}]},{"@type":"WebSite","@id":"https:\/\/gaudiumetspes-blog.pl\/#website","url":"https:\/\/gaudiumetspes-blog.pl\/","name":"Gaudium Et Spes","description":"Blog Ks. Jacka Ja\u015bkowskiego","potentialAction":[{"@type":"SearchAction","target":{"@type":"EntryPoint","urlTemplate":"https:\/\/gaudiumetspes-blog.pl\/?s={search_term_string}"},"query-input":{"@type":"PropertyValueSpecification","valueRequired":true,"valueName":"search_term_string"}}],"inLanguage":"pl-PL"},{"@type":"Person","@id":"https:\/\/gaudiumetspes-blog.pl\/#\/schema\/person\/1661982992b752dea8dff0d4ed845a65","name":"Ks. Jacek","image":{"@type":"ImageObject","inLanguage":"pl-PL","@id":"https:\/\/gaudiumetspes-blog.pl\/#\/schema\/person\/image\/","url":"https:\/\/gaudiumetspes-blog.pl\/wp-content\/uploads\/2019\/07\/avatar-JJ-150x150.jpg","contentUrl":"https:\/\/gaudiumetspes-blog.pl\/wp-content\/uploads\/2019\/07\/avatar-JJ-150x150.jpg","caption":"Ks. Jacek"},"description":"Witam serdecznie! K\u0142ania si\u0119 Ks. Jacek Ja\u015bkowski. Nie jestem ani kim\u015b wa\u017cnym, ani kim\u015b znanym. Jestem ksi\u0119dzem, kt\u00f3ry po prostu chce rozmawia\u0107. Codzienna kap\u0142a\u0144ska pos\u0142uga pokazuje mi, \u017ce temat\u00f3w do rozm\u00f3w z ksi\u0119dzem jest coraz wi\u0119cej i dzisiaj \u017caden ksi\u0105dz nie mo\u017ce od nich ucieka\u0107, ale - wprost przeciwnie - podejmowa\u0107 nowe wyzwania. To przekonanie sk\u0142oni\u0142o mnie do pr\u00f3by otwarcia tego\u017c bloga, chocia\u017c okazji do rozm\u00f3w na co dzie\u0144 - w konfesjonale i poza nim - na szcz\u0119\u015bcie nie brakuje. My\u015bl\u0119 jednak, \u017ce ten blog b\u0119dzie jeszcze jednym sposobem i przestrzeni\u0105 nawi\u0105zania kontaktu z lud\u017ami dobrej woli, otwartymi na dialog.","url":"https:\/\/gaudiumetspes-blog.pl\/index.php\/author\/ks-jacek\/"}]}},"jetpack_featured_media_url":"","jetpack_sharing_enabled":true,"_links":{"self":[{"href":"https:\/\/gaudiumetspes-blog.pl\/index.php\/wp-json\/wp\/v2\/posts\/9791","targetHints":{"allow":["GET"]}}],"collection":[{"href":"https:\/\/gaudiumetspes-blog.pl\/index.php\/wp-json\/wp\/v2\/posts"}],"about":[{"href":"https:\/\/gaudiumetspes-blog.pl\/index.php\/wp-json\/wp\/v2\/types\/post"}],"author":[{"embeddable":true,"href":"https:\/\/gaudiumetspes-blog.pl\/index.php\/wp-json\/wp\/v2\/users\/1"}],"replies":[{"embeddable":true,"href":"https:\/\/gaudiumetspes-blog.pl\/index.php\/wp-json\/wp\/v2\/comments?post=9791"}],"version-history":[{"count":1,"href":"https:\/\/gaudiumetspes-blog.pl\/index.php\/wp-json\/wp\/v2\/posts\/9791\/revisions"}],"predecessor-version":[{"id":10292,"href":"https:\/\/gaudiumetspes-blog.pl\/index.php\/wp-json\/wp\/v2\/posts\/9791\/revisions\/10292"}],"wp:attachment":[{"href":"https:\/\/gaudiumetspes-blog.pl\/index.php\/wp-json\/wp\/v2\/media?parent=9791"}],"wp:term":[{"taxonomy":"category","embeddable":true,"href":"https:\/\/gaudiumetspes-blog.pl\/index.php\/wp-json\/wp\/v2\/categories?post=9791"},{"taxonomy":"post_tag","embeddable":true,"href":"https:\/\/gaudiumetspes-blog.pl\/index.php\/wp-json\/wp\/v2\/tags?post=9791"}],"curies":[{"name":"wp","href":"https:\/\/api.w.org\/{rel}","templated":true}]}}