{"id":9807,"date":"2011-07-02T16:38:00","date_gmt":"2011-07-02T14:38:00","guid":{"rendered":"https:\/\/gaudiumetspes-blog.pl\/index.php\/2011\/07\/02\/niepokalane-serce-maryi-czuwaj-nad-nami\/"},"modified":"2019-07-31T12:52:26","modified_gmt":"2019-07-31T10:52:26","slug":"niepokalane-serce-maryi-czuwaj-nad-nami","status":"publish","type":"post","link":"https:\/\/gaudiumetspes-blog.pl\/index.php\/2011\/07\/02\/niepokalane-serce-maryi-czuwaj-nad-nami\/","title":{"rendered":"Niepokalane Serce Maryi &#8211; czuwaj nad nami!"},"content":{"rendered":"<p>Szcz\u0119\u015b\u0107 Bo\u017ce! Pozdrawiam po raz ostatni &#8211; w tych dniach &#8211; ze Szklarskiej Por\u0119by. Dzisiaj ju\u017c wracamy. Wczoraj, z powodu nie najlepszej pogody na g\u00f3rskie wyprawy, wyjechali\u015bmy na wycieczk\u0119 do Pragi czeskiej, a wracali\u015bmy przez Niemcy, dok\u0142adnie &#8211; przez Drezno. Dzisiaj przed nami d\u0142uga droga powrotna do Warszawy. Niepokalanemu Sercu Maryi powierzam wszystkie Wasze sprawy, dzi\u0119kuj\u0105c jednocze\u015bnie za wypowiedzi, na kt\u00f3re jutro postaram si\u0119 poodpisywa\u0107.&nbsp;<br style=\"font-family: 'Times New Roman';\" \/>&nbsp;&nbsp;&nbsp;&nbsp;&nbsp;&nbsp;&nbsp;&nbsp;&nbsp;&nbsp;&nbsp;&nbsp; Gaudium et spes! Ks. Jacek<\/p>\n<div class=\"MsoNormal\" style=\"color: #0f0f0f; font-family: 'Times New Roman'; font-size: 14px; margin-bottom: 0px; margin-left: 0px; margin-right: 0px; margin-top: 0.4em; text-align: justify;\"><b>Wspomnienie Niepokalanego Serca Naj\u015bwi\u0119tszej Maryi Panny,<\/b><\/div>\n<div class=\"MsoNormal\" style=\"color: #0f0f0f; font-family: 'Times New Roman'; font-size: 14px; margin-bottom: 0px; margin-left: 0px; margin-right: 0px; margin-top: 0.4em; text-align: justify;\"><b>do czyta\u0144:&nbsp;&nbsp;Iz 61,9\u201311;&nbsp;&nbsp;\u0141k 2,41\u201351<\/b><\/div>\n<div class=\"MsoNormal\" style=\"color: #0f0f0f; font-family: 'Times New Roman'; font-size: 14px; margin-bottom: 0px; margin-left: 0px; margin-right: 0px; margin-top: 0.4em; text-align: justify; text-indent: 35.4pt;\">Dwa razy dzisiaj w Ewangelii s\u0142yszymy&nbsp;<b>o sercu Maryi.<\/b>Pierwszy raz, to w tym momencie, kiedy Ona sama uczyni\u0142a Synowi niejaki wyrzut, \u017ce oto wraz z J\u00f3zefem&nbsp;<b><i>z b\u00f3lem serca<\/i><\/b>Go szukali. A drugi raz, to ju\u017c po tym, jak Jezus udzieli\u0142 Maryi do\u015b\u0107 zaskakuj\u0105cej i \u2013 co tu du\u017co m\u00f3wi\u0107 \u2013 niezbyt zrozumia\u0142ej odpowiedzi, kt\u00f3r\u0105 Ona jednak zachowa\u0142a i rozwa\u017ca\u0142a w\u0142a\u015bnie&nbsp;<b><i>w swym sercu<\/i><\/b>. Zreszt\u0105, nie tylko to wydarzenie, ale i inne, tak\u017ce nie za bardzo zrozumia\u0142e.<\/div>\n<div class=\"MsoNormal\" style=\"color: #0f0f0f; font-family: 'Times New Roman'; font-size: 14px; margin-bottom: 0px; margin-left: 0px; margin-right: 0px; margin-top: 0.4em; text-align: justify; text-indent: 35.4pt;\">Zatem, serce Maryi \u2013 mi\u0142uj\u0105ce i niepokalane \u2013 by\u0142o i jest<b>sercem czujnym, zawsze blisko bij\u0105cym serca Jezusa.<\/b>Blisko\u015b\u0107 t\u0119 podkre\u015bla nawet liturgia Ko\u015bcio\u0142a, umieszczaj\u0105c wspomnienie Niepokalanego Serca Naj\u015bwi\u0119tszej Maryi Panny<b>bezpo\u015brednio po Uroczysto\u015bci Naj\u015bwi\u0119tszego Serca Jezusa. To nie przypadek!<\/b>&nbsp;To jest dobitne podkre\u015blenie i wyakcentowanego tego, o czym m\u00f3wi cho\u0107by wspomniana dzisiejsza Ewangelia:&nbsp;<b>serce Matki zawsze jest przy sercu Syna.<\/b><\/div>\n<div class=\"MsoNormal\" style=\"color: #0f0f0f; font-family: 'Times New Roman'; font-size: 14px; margin-bottom: 0px; margin-left: 0px; margin-right: 0px; margin-top: 0.4em; text-align: justify; text-indent: 35.4pt;\">I kiedy ten Syn na jaki\u015b czas znika z pola widzenia, to<b>serce Matki boleje, krwawi<\/b>\u2026 A kiedy Syn dokonuje rzeczy niezwyk\u0142ych i m\u00f3wi o sprawach najwa\u017cniejszych, to cho\u0107 rozum tego nie ogarnia i nie spos\u00f3b zrozumie\u0107 wszystkiego \u2013 przynajmniej w tym momencie \u2013 to jednak Matka&nbsp;<b>g\u0142\u0119boko w sercu to rozwa\u017ca.<\/b>&nbsp;A zatem jest to serce \u2013 jako rzekli\u015bmy \u2013<b>wyczulone, serce czuwaj\u0105ce, serce delikatne, zawsze w pe\u0142nej gotowo\u015bci!<\/b>&nbsp;Takie jest serce ka\u017cdej dobrej, kochaj\u0105cej matki, a c\u00f3\u017c dopiero, kiedy m\u00f3wimy o nieskalanym \u017cadnym grzechem sercu tej jedynej Matki\u2026<\/div>\n<div class=\"MsoNormal\" style=\"color: #0f0f0f; font-family: 'Times New Roman'; font-size: 14px; margin-bottom: 0px; margin-left: 0px; margin-right: 0px; margin-top: 0.4em; text-align: justify; text-indent: 35.4pt;\">Zw\u0142aszcza w sytuacji, w kt\u00f3rej Jezus, jej Syn, by\u0142 dla Niej niejednokrotnie&nbsp;<b>naprawd\u0119 nie\u0142atwym Rozm\u00f3wc\u0105 i bardzo wymagaj\u0105cym Nauczycielem!<\/b>&nbsp;A w momencie, w kt\u00f3rym zawis\u0142 na krzy\u017cu, to chyba r\u00f3wnie wysoko, jak ramiona tego\u017c krzy\u017ca,&nbsp;<b>umie\u015bci\u0142 poprzeczk\u0119 oczekiwa\u0144 i wymaga\u0144 wobec swojej Matki.<\/b>&nbsp;Ale tak\u017ce wtedy Jej serce nie zawiod\u0142o! A dlaczego?<\/div>\n<div class=\"MsoNormal\" style=\"color: #0f0f0f; font-family: 'Times New Roman'; font-size: 14px; margin-bottom: 0px; margin-left: 0px; margin-right: 0px; margin-top: 0.4em; text-align: justify; text-indent: 35.4pt;\">A mo\u017ce w\u0142a\u015bnie dlatego, \u017ce pod ci\u0105g\u0142ym \u2013 je\u015bli tak mo\u017cna rzec \u2013&nbsp;<b>promieniowaniem serca Syna serce Jego Matki naprawd\u0119 dojrza\u0142o<\/b>&nbsp;<b>do rzeczy wielkich i spraw najwa\u017cniejszych,<\/b>&nbsp;chocia\u017c \u2013 bynajmniej \u2013 nie naj\u0142atwiejszych! I dlatego wiele trud\u00f3w i przeciwno\u015bci by\u0142o w stanie znie\u015b\u0107, przetrzyma\u0107\u2026 I ci\u0105gle, ci\u0105gle czuwa\u0142o przy sercu Jezusa.<\/div>\n<div class=\"MsoNormal\" style=\"color: #0f0f0f; font-family: 'Times New Roman'; font-size: 14px; margin-bottom: 0px; margin-left: 0px; margin-right: 0px; margin-top: 0.4em; text-align: justify; text-indent: 35.4pt;\">My dzisiaj, prze\u017cywaj\u0105c liturgiczne wspomnienie tego\u017c w\u0142a\u015bnie niezwyk\u0142ego serca, kt\u00f3re to wspomnienie&nbsp;<b>w rzeczywisto\u015bci oznacza rozwa\u017canie mi\u0142o\u015bci i oddania Maryi Jezusowi i Jego Ko\u015bcio\u0142owi<\/b>&nbsp;\u2013 my dzisiaj niejako przypisujemy Maryi s\u0142owa, zapisane przez Proroka Izajasza w pierwszym czytaniu:<i>&nbsp;Ogromnie wesel\u0119 si\u0119 w Panu, dusza moja raduje si\u0119 w Bogu moim,&nbsp;<b>bo mnie przyodzia\u0142 w szaty zbawienia, okry\u0142 mnie p\u0142aszczem sprawiedliwo\u015bci,<\/b>&nbsp;jak oblubie\u0144ca, kt\u00f3ry wk\u0142ada zaw\u00f3j; jak oblubienic\u0119 stroj\u0105 w swe klejnoty<\/i>. Tak B\u00f3g obdarowa\u0142 swoje Miasto \u015awi\u0119te \u2013 Jerozolim\u0119, i to w\u0142a\u015bnie Prorok wychwala.<\/div>\n<div class=\"MsoNormal\" style=\"color: #0f0f0f; font-family: 'Times New Roman'; font-size: 14px; margin-bottom: 0px; margin-left: 0px; margin-right: 0px; margin-top: 0.4em; text-align: justify; text-indent: 35.4pt;\">Ale to Bo\u017ce obdarowanie w ci\u0105gu historii zbawienia wielokrotnie b\u0119dzie&nbsp;<b>wr\u0119cz zaskakiwa\u0142o cz\u0142owieka swoj\u0105 hojno\u015bci\u0105 i swoj\u0105 \u0142askawo\u015bci\u0105.&nbsp;<\/b>I w\u0142a\u015bnie tak&nbsp;<b>bardzo obdarowan\u0105 zawsze czu\u0142a si\u0119 Maryja,<\/b>&nbsp;Matka Boga Cz\u0142owieka, Jezusa Chrystusa \u2013 chocia\u017cby przez przywilej niepokalanego pocz\u0119cia. I poprzez to szczeg\u00f3lne wybranie do roli<b>&nbsp;Matki Zbawiciela. I przebywania w Jego bezpo\u015bredniej blisko\u015bci.<\/b><\/div>\n<div class=\"MsoNormal\" style=\"color: #0f0f0f; font-family: 'Times New Roman'; font-size: 14px; margin-bottom: 0px; margin-left: 0px; margin-right: 0px; margin-top: 0.4em; text-align: justify; text-indent: 35.4pt;\">Wszystkie te przywileje Maryja uzna\u0142a z jednej strony za wielki zaszczyt, z drugiej jednak \u2013 za&nbsp;<b>bardzo wa\u017cne zadanie,<\/b>aby swego Syna&nbsp;<b>ochrania\u0107, czuwa\u0107 nad Nim, tak\u017ce: bardzo uwa\u017cnie Go s\u0142ucha\u0107 i \u017cy\u0107 wed\u0142ug tego, czego naucza\u0142,<\/b>&nbsp;a wreszcie: czuwa\u0107&nbsp;<b>nad<\/b>&nbsp;Ko\u015bcio\u0142em i czuwa\u0107&nbsp;<b>z&nbsp;<\/b>Ko\u015bcio\u0142em. W to w\u0142a\u015bnie Maryja zaanga\u017cowa\u0142a swoje serce. Dlatego to Jej serce nigdy, ani na moment,&nbsp;<b>nie sta\u0142o si\u0119 sercem wynios\u0142ym, pysznym, zarozumia\u0142ym, ale tym bardziej&nbsp;<\/b><b>jeszcze&nbsp;<\/b><b>sercem cichym i pokornym, sercem kochaj\u0105cym i s\u0142u\u017c\u0105cym, sercem czuwaj\u0105cym i gotowym \u2013 jak serce Jej Syna.<\/b><\/div>\n<div class=\"MsoNormal\" style=\"color: #0f0f0f; font-family: 'Times New Roman'; font-size: 14px; margin-bottom: 0px; margin-left: 0px; margin-right: 0px; margin-top: 0.4em; text-align: justify; text-indent: 35.4pt;\">Kochani, dla nas musi to by\u0107 r\u00f3wnie\u017c jaki\u015b&nbsp;<b>czytelny sygna\u0142 i jakie\u015b konkretne wskazanie&nbsp;<\/b>w sytuacji, gdy my tak\u017ce zostali\u015bmy wybrani do wielkiej godno\u015bci dzieci Bo\u017cych, a do tego obdarowani tak licznymi darami duchowymi \u2013 r\u00f3wnie\u017c materialnymi \u2013 oraz talentami. I w\u0142a\u015bnie w obliczu tego obdarowania musimy zrobi\u0107 wszystko, co w naszej mocy, aby<b>jeszcze bardziej nak\u0142oni\u0107 swoje serce do wdzi\u0119czno\u015bci Bogu<\/b>za wszelkie Jego dary, a tak\u017ce zmobilizowa\u0107 to swoje serce&nbsp;<b>do pracy na chwa\u0142\u0119 Boga i po\u017cytek ludzi,<\/b>&nbsp;a nie dopu\u015bci\u0107 \u017cadn\u0105 miar\u0105 do tego, aby w tym naszym sercu&nbsp;<b>zal\u0119g\u0142a si\u0119 cho\u0107by odrobina pychy i wynios\u0142o\u015bci.<\/b>&nbsp;Niech serce Maryi, tak bliskie sercu Jezusa \u2013 czuwa nad nami!<\/div>\n<div class=\"MsoNormal\" style=\"color: #0f0f0f; font-family: 'Times New Roman'; font-size: 14px; margin-bottom: 0px; margin-left: 0px; margin-right: 0px; margin-top: 0.4em; text-align: justify; text-indent: 35.4pt;\">W tym duchu pomy\u015blmy:<\/div>\n<ul style=\"color: #0f0f0f; font-family: 'Times New Roman'; font-size: 14px; margin-top: 0cm;\" type=\"disc\">\n<li class=\"MsoNormal\" style=\"text-align: justify;\">Jak walcz\u0119 ze zbyt du\u017cym mniemaniem o sobie i przecenianiem samego siebie?<\/li>\n<li class=\"MsoNormal\" style=\"text-align: justify;\">Czy potrafi\u0119 g\u0142\u0119boko w sercu \u2013 jak Maryja \u2013 rozwa\u017ca\u0107 s\u0142owa i znaki Bo\u017ce?<\/li>\n<li class=\"MsoNormal\" style=\"text-align: justify;\">Czy przez systematyczn\u0105 Spowied\u017a dbam o sta\u0142\u0105 czysto\u015b\u0107 serca?<\/li>\n<\/ul>\n<div class=\"MsoNormal\" style=\"color: #0f0f0f; font-family: 'Times New Roman'; font-size: 14px; margin-bottom: 0px; margin-left: 0px; margin-right: 0px; margin-top: 0.4em; text-align: justify;\"><b><i>A Matka Jego chowa\u0142a wiernie te wspomnienia w swym sercu<\/i><\/b>\u2026<\/div>\n<div>\n<\/div>\n","protected":false},"excerpt":{"rendered":"<p>Szcz\u0119\u015b\u0107 Bo\u017ce! Pozdrawiam po raz ostatni &#8211; w tych dniach &#8211; ze Szklarskiej Por\u0119by. Dzisiaj ju\u017c wracamy. Wczoraj, z powodu nie najlepszej pogody na g\u00f3rskie wyprawy, wyjechali\u015bmy na wycieczk\u0119 do Pragi czeskiej, a wracali\u015bmy przez Niemcy, dok\u0142adnie &#8211; przez Drezno. Dzisiaj przed nami d\u0142uga droga powrotna do Warszawy. Niepokalanemu Sercu Maryi powierzam wszystkie Wasze sprawy, [&hellip;]<\/p>\n","protected":false},"author":1,"featured_media":0,"comment_status":"open","ping_status":"open","sticky":false,"template":"","format":"standard","meta":{"jetpack_post_was_ever_published":false,"_jetpack_newsletter_access":"","_jetpack_dont_email_post_to_subs":false,"_jetpack_newsletter_tier_id":0,"_jetpack_memberships_contains_paywalled_content":false,"_jetpack_memberships_contains_paid_content":false,"footnotes":""},"categories":[1],"tags":[],"class_list":["post-9807","post","type-post","status-publish","format-standard","hentry","category-bez-kategorii"],"yoast_head":"<!-- This site is optimized with the Yoast SEO plugin v25.1 - https:\/\/yoast.com\/wordpress\/plugins\/seo\/ -->\n<title>Niepokalane Serce Maryi - czuwaj nad nami! - Gaudium Et Spes<\/title>\n<meta name=\"robots\" content=\"index, follow, max-snippet:-1, max-image-preview:large, max-video-preview:-1\" \/>\n<link rel=\"canonical\" href=\"https:\/\/gaudiumetspes-blog.pl\/index.php\/2011\/07\/02\/niepokalane-serce-maryi-czuwaj-nad-nami\/\" \/>\n<meta property=\"og:locale\" content=\"pl_PL\" \/>\n<meta property=\"og:type\" content=\"article\" \/>\n<meta property=\"og:title\" content=\"Niepokalane Serce Maryi - czuwaj nad nami! - Gaudium Et Spes\" \/>\n<meta property=\"og:description\" content=\"Szcz\u0119\u015b\u0107 Bo\u017ce! Pozdrawiam po raz ostatni &#8211; w tych dniach &#8211; ze Szklarskiej Por\u0119by. Dzisiaj ju\u017c wracamy. Wczoraj, z powodu nie najlepszej pogody na g\u00f3rskie wyprawy, wyjechali\u015bmy na wycieczk\u0119 do Pragi czeskiej, a wracali\u015bmy przez Niemcy, dok\u0142adnie &#8211; przez Drezno. Dzisiaj przed nami d\u0142uga droga powrotna do Warszawy. Niepokalanemu Sercu Maryi powierzam wszystkie Wasze sprawy, [&hellip;]\" \/>\n<meta property=\"og:url\" content=\"https:\/\/gaudiumetspes-blog.pl\/index.php\/2011\/07\/02\/niepokalane-serce-maryi-czuwaj-nad-nami\/\" \/>\n<meta property=\"og:site_name\" content=\"Gaudium Et Spes\" \/>\n<meta property=\"article:published_time\" content=\"2011-07-02T14:38:00+00:00\" \/>\n<meta property=\"article:modified_time\" content=\"2019-07-31T10:52:26+00:00\" \/>\n<meta name=\"author\" content=\"Ks. Jacek\" \/>\n<meta name=\"twitter:card\" content=\"summary_large_image\" \/>\n<meta name=\"twitter:label1\" content=\"Napisane przez\" \/>\n\t<meta name=\"twitter:data1\" content=\"Ks. Jacek\" \/>\n\t<meta name=\"twitter:label2\" content=\"Szacowany czas czytania\" \/>\n\t<meta name=\"twitter:data2\" content=\"5 minut\" \/>\n<script type=\"application\/ld+json\" class=\"yoast-schema-graph\">{\"@context\":\"https:\/\/schema.org\",\"@graph\":[{\"@type\":\"WebPage\",\"@id\":\"https:\/\/gaudiumetspes-blog.pl\/index.php\/2011\/07\/02\/niepokalane-serce-maryi-czuwaj-nad-nami\/\",\"url\":\"https:\/\/gaudiumetspes-blog.pl\/index.php\/2011\/07\/02\/niepokalane-serce-maryi-czuwaj-nad-nami\/\",\"name\":\"Niepokalane Serce Maryi - czuwaj nad nami! - Gaudium Et Spes\",\"isPartOf\":{\"@id\":\"https:\/\/gaudiumetspes-blog.pl\/#website\"},\"datePublished\":\"2011-07-02T14:38:00+00:00\",\"dateModified\":\"2019-07-31T10:52:26+00:00\",\"author\":{\"@id\":\"https:\/\/gaudiumetspes-blog.pl\/#\/schema\/person\/1661982992b752dea8dff0d4ed845a65\"},\"breadcrumb\":{\"@id\":\"https:\/\/gaudiumetspes-blog.pl\/index.php\/2011\/07\/02\/niepokalane-serce-maryi-czuwaj-nad-nami\/#breadcrumb\"},\"inLanguage\":\"pl-PL\",\"potentialAction\":[{\"@type\":\"ReadAction\",\"target\":[\"https:\/\/gaudiumetspes-blog.pl\/index.php\/2011\/07\/02\/niepokalane-serce-maryi-czuwaj-nad-nami\/\"]}]},{\"@type\":\"BreadcrumbList\",\"@id\":\"https:\/\/gaudiumetspes-blog.pl\/index.php\/2011\/07\/02\/niepokalane-serce-maryi-czuwaj-nad-nami\/#breadcrumb\",\"itemListElement\":[{\"@type\":\"ListItem\",\"position\":1,\"name\":\"Strona g\u0142\u00f3wna\",\"item\":\"https:\/\/gaudiumetspes-blog.pl\/\"},{\"@type\":\"ListItem\",\"position\":2,\"name\":\"Niepokalane Serce Maryi &#8211; czuwaj nad&nbsp;nami!\"}]},{\"@type\":\"WebSite\",\"@id\":\"https:\/\/gaudiumetspes-blog.pl\/#website\",\"url\":\"https:\/\/gaudiumetspes-blog.pl\/\",\"name\":\"Gaudium Et Spes\",\"description\":\"Blog Ks. Jacka Ja\u015bkowskiego\",\"potentialAction\":[{\"@type\":\"SearchAction\",\"target\":{\"@type\":\"EntryPoint\",\"urlTemplate\":\"https:\/\/gaudiumetspes-blog.pl\/?s={search_term_string}\"},\"query-input\":{\"@type\":\"PropertyValueSpecification\",\"valueRequired\":true,\"valueName\":\"search_term_string\"}}],\"inLanguage\":\"pl-PL\"},{\"@type\":\"Person\",\"@id\":\"https:\/\/gaudiumetspes-blog.pl\/#\/schema\/person\/1661982992b752dea8dff0d4ed845a65\",\"name\":\"Ks. Jacek\",\"image\":{\"@type\":\"ImageObject\",\"inLanguage\":\"pl-PL\",\"@id\":\"https:\/\/gaudiumetspes-blog.pl\/#\/schema\/person\/image\/\",\"url\":\"https:\/\/gaudiumetspes-blog.pl\/wp-content\/uploads\/2019\/07\/avatar-JJ-150x150.jpg\",\"contentUrl\":\"https:\/\/gaudiumetspes-blog.pl\/wp-content\/uploads\/2019\/07\/avatar-JJ-150x150.jpg\",\"caption\":\"Ks. Jacek\"},\"description\":\"Witam serdecznie! K\u0142ania si\u0119 Ks. Jacek Ja\u015bkowski. Nie jestem ani kim\u015b wa\u017cnym, ani kim\u015b znanym. Jestem ksi\u0119dzem, kt\u00f3ry po prostu chce rozmawia\u0107. Codzienna kap\u0142a\u0144ska pos\u0142uga pokazuje mi, \u017ce temat\u00f3w do rozm\u00f3w z ksi\u0119dzem jest coraz wi\u0119cej i dzisiaj \u017caden ksi\u0105dz nie mo\u017ce od nich ucieka\u0107, ale - wprost przeciwnie - podejmowa\u0107 nowe wyzwania. To przekonanie sk\u0142oni\u0142o mnie do pr\u00f3by otwarcia tego\u017c bloga, chocia\u017c okazji do rozm\u00f3w na co dzie\u0144 - w konfesjonale i poza nim - na szcz\u0119\u015bcie nie brakuje. My\u015bl\u0119 jednak, \u017ce ten blog b\u0119dzie jeszcze jednym sposobem i przestrzeni\u0105 nawi\u0105zania kontaktu z lud\u017ami dobrej woli, otwartymi na dialog.\",\"url\":\"https:\/\/gaudiumetspes-blog.pl\/index.php\/author\/ks-jacek\/\"}]}<\/script>\n<!-- \/ Yoast SEO plugin. -->","yoast_head_json":{"title":"Niepokalane Serce Maryi - czuwaj nad nami! - Gaudium Et Spes","robots":{"index":"index","follow":"follow","max-snippet":"max-snippet:-1","max-image-preview":"max-image-preview:large","max-video-preview":"max-video-preview:-1"},"canonical":"https:\/\/gaudiumetspes-blog.pl\/index.php\/2011\/07\/02\/niepokalane-serce-maryi-czuwaj-nad-nami\/","og_locale":"pl_PL","og_type":"article","og_title":"Niepokalane Serce Maryi - czuwaj nad nami! - Gaudium Et Spes","og_description":"Szcz\u0119\u015b\u0107 Bo\u017ce! Pozdrawiam po raz ostatni &#8211; w tych dniach &#8211; ze Szklarskiej Por\u0119by. Dzisiaj ju\u017c wracamy. Wczoraj, z powodu nie najlepszej pogody na g\u00f3rskie wyprawy, wyjechali\u015bmy na wycieczk\u0119 do Pragi czeskiej, a wracali\u015bmy przez Niemcy, dok\u0142adnie &#8211; przez Drezno. Dzisiaj przed nami d\u0142uga droga powrotna do Warszawy. Niepokalanemu Sercu Maryi powierzam wszystkie Wasze sprawy, [&hellip;]","og_url":"https:\/\/gaudiumetspes-blog.pl\/index.php\/2011\/07\/02\/niepokalane-serce-maryi-czuwaj-nad-nami\/","og_site_name":"Gaudium Et Spes","article_published_time":"2011-07-02T14:38:00+00:00","article_modified_time":"2019-07-31T10:52:26+00:00","author":"Ks. Jacek","twitter_card":"summary_large_image","twitter_misc":{"Napisane przez":"Ks. Jacek","Szacowany czas czytania":"5 minut"},"schema":{"@context":"https:\/\/schema.org","@graph":[{"@type":"WebPage","@id":"https:\/\/gaudiumetspes-blog.pl\/index.php\/2011\/07\/02\/niepokalane-serce-maryi-czuwaj-nad-nami\/","url":"https:\/\/gaudiumetspes-blog.pl\/index.php\/2011\/07\/02\/niepokalane-serce-maryi-czuwaj-nad-nami\/","name":"Niepokalane Serce Maryi - czuwaj nad nami! - Gaudium Et Spes","isPartOf":{"@id":"https:\/\/gaudiumetspes-blog.pl\/#website"},"datePublished":"2011-07-02T14:38:00+00:00","dateModified":"2019-07-31T10:52:26+00:00","author":{"@id":"https:\/\/gaudiumetspes-blog.pl\/#\/schema\/person\/1661982992b752dea8dff0d4ed845a65"},"breadcrumb":{"@id":"https:\/\/gaudiumetspes-blog.pl\/index.php\/2011\/07\/02\/niepokalane-serce-maryi-czuwaj-nad-nami\/#breadcrumb"},"inLanguage":"pl-PL","potentialAction":[{"@type":"ReadAction","target":["https:\/\/gaudiumetspes-blog.pl\/index.php\/2011\/07\/02\/niepokalane-serce-maryi-czuwaj-nad-nami\/"]}]},{"@type":"BreadcrumbList","@id":"https:\/\/gaudiumetspes-blog.pl\/index.php\/2011\/07\/02\/niepokalane-serce-maryi-czuwaj-nad-nami\/#breadcrumb","itemListElement":[{"@type":"ListItem","position":1,"name":"Strona g\u0142\u00f3wna","item":"https:\/\/gaudiumetspes-blog.pl\/"},{"@type":"ListItem","position":2,"name":"Niepokalane Serce Maryi &#8211; czuwaj nad&nbsp;nami!"}]},{"@type":"WebSite","@id":"https:\/\/gaudiumetspes-blog.pl\/#website","url":"https:\/\/gaudiumetspes-blog.pl\/","name":"Gaudium Et Spes","description":"Blog Ks. Jacka Ja\u015bkowskiego","potentialAction":[{"@type":"SearchAction","target":{"@type":"EntryPoint","urlTemplate":"https:\/\/gaudiumetspes-blog.pl\/?s={search_term_string}"},"query-input":{"@type":"PropertyValueSpecification","valueRequired":true,"valueName":"search_term_string"}}],"inLanguage":"pl-PL"},{"@type":"Person","@id":"https:\/\/gaudiumetspes-blog.pl\/#\/schema\/person\/1661982992b752dea8dff0d4ed845a65","name":"Ks. Jacek","image":{"@type":"ImageObject","inLanguage":"pl-PL","@id":"https:\/\/gaudiumetspes-blog.pl\/#\/schema\/person\/image\/","url":"https:\/\/gaudiumetspes-blog.pl\/wp-content\/uploads\/2019\/07\/avatar-JJ-150x150.jpg","contentUrl":"https:\/\/gaudiumetspes-blog.pl\/wp-content\/uploads\/2019\/07\/avatar-JJ-150x150.jpg","caption":"Ks. Jacek"},"description":"Witam serdecznie! K\u0142ania si\u0119 Ks. Jacek Ja\u015bkowski. Nie jestem ani kim\u015b wa\u017cnym, ani kim\u015b znanym. Jestem ksi\u0119dzem, kt\u00f3ry po prostu chce rozmawia\u0107. Codzienna kap\u0142a\u0144ska pos\u0142uga pokazuje mi, \u017ce temat\u00f3w do rozm\u00f3w z ksi\u0119dzem jest coraz wi\u0119cej i dzisiaj \u017caden ksi\u0105dz nie mo\u017ce od nich ucieka\u0107, ale - wprost przeciwnie - podejmowa\u0107 nowe wyzwania. To przekonanie sk\u0142oni\u0142o mnie do pr\u00f3by otwarcia tego\u017c bloga, chocia\u017c okazji do rozm\u00f3w na co dzie\u0144 - w konfesjonale i poza nim - na szcz\u0119\u015bcie nie brakuje. My\u015bl\u0119 jednak, \u017ce ten blog b\u0119dzie jeszcze jednym sposobem i przestrzeni\u0105 nawi\u0105zania kontaktu z lud\u017ami dobrej woli, otwartymi na dialog.","url":"https:\/\/gaudiumetspes-blog.pl\/index.php\/author\/ks-jacek\/"}]}},"jetpack_featured_media_url":"","jetpack_sharing_enabled":true,"_links":{"self":[{"href":"https:\/\/gaudiumetspes-blog.pl\/index.php\/wp-json\/wp\/v2\/posts\/9807","targetHints":{"allow":["GET"]}}],"collection":[{"href":"https:\/\/gaudiumetspes-blog.pl\/index.php\/wp-json\/wp\/v2\/posts"}],"about":[{"href":"https:\/\/gaudiumetspes-blog.pl\/index.php\/wp-json\/wp\/v2\/types\/post"}],"author":[{"embeddable":true,"href":"https:\/\/gaudiumetspes-blog.pl\/index.php\/wp-json\/wp\/v2\/users\/1"}],"replies":[{"embeddable":true,"href":"https:\/\/gaudiumetspes-blog.pl\/index.php\/wp-json\/wp\/v2\/comments?post=9807"}],"version-history":[{"count":1,"href":"https:\/\/gaudiumetspes-blog.pl\/index.php\/wp-json\/wp\/v2\/posts\/9807\/revisions"}],"predecessor-version":[{"id":10276,"href":"https:\/\/gaudiumetspes-blog.pl\/index.php\/wp-json\/wp\/v2\/posts\/9807\/revisions\/10276"}],"wp:attachment":[{"href":"https:\/\/gaudiumetspes-blog.pl\/index.php\/wp-json\/wp\/v2\/media?parent=9807"}],"wp:term":[{"taxonomy":"category","embeddable":true,"href":"https:\/\/gaudiumetspes-blog.pl\/index.php\/wp-json\/wp\/v2\/categories?post=9807"},{"taxonomy":"post_tag","embeddable":true,"href":"https:\/\/gaudiumetspes-blog.pl\/index.php\/wp-json\/wp\/v2\/tags?post=9807"}],"curies":[{"name":"wp","href":"https:\/\/api.w.org\/{rel}","templated":true}]}}