{"id":9808,"date":"2011-07-01T16:38:00","date_gmt":"2011-07-01T14:38:00","guid":{"rendered":"https:\/\/gaudiumetspes-blog.pl\/index.php\/2011\/07\/01\/serce-jezusa-dobroci-i-miosci-pene\/"},"modified":"2019-07-31T12:52:26","modified_gmt":"2019-07-31T10:52:26","slug":"serce-jezusa-dobroci-i-miosci-pene","status":"publish","type":"post","link":"https:\/\/gaudiumetspes-blog.pl\/index.php\/2011\/07\/01\/serce-jezusa-dobroci-i-miosci-pene\/","title":{"rendered":"Serce Jezusa, dobroci i mi\u0142o\u015bci pe\u0142ne &#8211; zmi\u0142uj si\u0119 nad nami!"},"content":{"rendered":"<p>Szcz\u0119\u015b\u0107 Bo\u017ce! Dzisiaj Uroczysto\u015b\u0107 Serca Jezusa. Przy okazji przypominam, \u017ce nie obowi\u0105zuje pi\u0105tkowa wstrzemi\u0119\u017aliwo\u015b\u0107 od pokarm\u00f3w mi\u0119snych &#8211; w\u0142a\u015bnie ze wzgl\u0119du na uroczysto\u015b\u0107 liturgiczn\u0105. A w Szklarskiej &#8211; ch\u0142odno! To znaczy &#8211; za oknami, bo w sercach zupe\u0142nie inna atmosfera. Wszystkich Was, Kochani, ogarniam modlitw\u0105, aby\u015bmy nasze serca uczynili wed\u0142ug serca Jezusa!<br style=\"font-family: 'Times New Roman';\" \/>&nbsp;&nbsp;&nbsp;&nbsp;&nbsp;&nbsp;&nbsp;&nbsp;&nbsp;&nbsp;&nbsp;&nbsp;&nbsp;&nbsp; Gaudium et spes! Ks. Jacek<\/p>\n<div class=\"MsoNormal\" style=\"color: #0f0f0f; font-family: 'Times New Roman'; font-size: 14px; margin-bottom: 0px; margin-left: 0px; margin-right: 0px; margin-top: 0.4em; text-align: justify;\"><b>Uroczysto\u015b\u0107 Naj\u015bwi\u0119tszego Serca Pana Jezusa, A,<\/b><\/div>\n<div class=\"MsoNormal\" style=\"color: #0f0f0f; font-family: 'Times New Roman'; font-size: 14px; margin-bottom: 0px; margin-left: 0px; margin-right: 0px; margin-top: 0.4em; text-align: justify;\"><b>do czyta\u0144:&nbsp;&nbsp;Pwt 7,6\u201311;&nbsp;&nbsp;1 J 4,7\u201316;&nbsp;&nbsp;Mt 11,25\u201330<\/b><\/div>\n<div class=\"MsoNormal\" style=\"color: #0f0f0f; font-family: 'Times New Roman'; font-size: 14px; margin-bottom: 0px; margin-left: 0px; margin-right: 0px; margin-top: 0.4em; text-align: justify; text-indent: 35.4pt;\">Kiedy uwa\u017cnie s\u0142uchamy dzisiejszych czyta\u0144 mszalnych, kt\u00f3re liturgia Ko\u015bcio\u0142a podaje nam w Uroczysto\u015b\u0107 Naj\u015bwi\u0119tszego Serca Jezusa, to zauwa\u017camy, \u017ce&nbsp;<b>tylko jeden raz, w Ewangelii, pojawia si\u0119 s\u0142owo: \u201eserce\u201d,<\/b>&nbsp;natomiast ca\u0142a tre\u015b\u0107 wszystkich trzech tekst\u00f3w dotyczy wprost&nbsp;<b>mi\u0142o\u015bci<\/b>. W\u0142a\u015bnie \u2013 dzisiejsza uroczysto\u015b\u0107&nbsp;<b>nie jest po to, aby wychwala\u0107 serce jako takie, ale mi\u0142o\u015b\u0107 Boga do cz\u0142owieka,<\/b>kt\u00f3rej to serce jest symbolem.<\/div>\n<div class=\"MsoNormal\" style=\"color: #0f0f0f; font-family: 'Times New Roman'; font-size: 14px; margin-bottom: 0px; margin-left: 0px; margin-right: 0px; margin-top: 0.4em; text-align: justify; text-indent: 35.4pt;\">Z dzisiejszych czyta\u0144 mszalnych wynika, \u017ce ta mi\u0142o\u015b\u0107 jest&nbsp;<b>odwieczna i niezmienna.<\/b>&nbsp;Od pocz\u0105tku historii cz\u0142owieka, B\u00f3g obdarza go mi\u0142o\u015bci\u0105 i&nbsp;<b>nie zmienia tego nastawienia,<\/b>chocia\u017c cz\u0142owiek wielokrotnie dawa\u0142 i wci\u0105\u017c daje ku temu powody\u2026 A dlaczego obdarza go t\u0105 mi\u0142o\u015bci\u0105? Dlaczego wybra\u0142 sobie jeden nar\u00f3d, kt\u00f3ry uczyni\u0142 swoj\u0105 szczeg\u00f3ln\u0105 w\u0142asno\u015bci\u0105? Nie wiemy!<\/div>\n<div class=\"MsoNormal\" style=\"color: #0f0f0f; font-family: 'Times New Roman'; font-size: 14px; margin-bottom: 0px; margin-left: 0px; margin-right: 0px; margin-top: 0.4em; text-align: justify; text-indent: 35.4pt;\">Pierwsze czytanie, z Ksi\u0119gi Powt\u00f3rzonego Prawa, nie daje nam na to odpowiedzi. S\u0142yszymy jedynie s\u0142owa Moj\u017cesza, skierowane do Narodu Wybranego:&nbsp;<i>Ciebie wybra\u0142 tw\u00f3j Pan B\u00f3g, by\u015b spo\u015br\u00f3d wszystkich narod\u00f3w , kt\u00f3re s\u0105 na powierzchni ziemi,&nbsp;<b>by\u0142 ludem b\u0119d\u0105cym jego szczeg\u00f3ln\u0105 w\u0142asno\u015bci\u0105<\/b><\/i>. I \u2013 co ciekawe \u2013 wyb\u00f3r Pana Boga nie by\u0142 spowodowany jakimikolwiek szczeg\u00f3lnymi zas\u0142ugami tego w\u0142a\u015bnie Narodu. Moj\u017cesz m\u00f3wi bowiem:&nbsp;<i>Pan wybra\u0142 was i znalaz\u0142 upodobanie w was&nbsp;<b>nie dlatego, \u017ce liczebnie przewy\u017cszacie wszystkie narody,<\/b>&nbsp;gdy\u017c ze wszystkich narod\u00f3w jeste\u015bcie najmniejszym, lecz&nbsp;<b>dlatego, \u017ce Pan was umi\u0142owa\u0142<\/b><\/i>. Tak po prostu!&nbsp;<b><i>Pan was umi\u0142owa\u0142<\/i>!<\/b>&nbsp;Trudno o bardziej lapidarn\u0105, a jednocze\u015bnie jasn\u0105 i konkretn\u0105 odpowied\u017a.<\/div>\n<div class=\"MsoNormal\" style=\"color: #0f0f0f; font-family: 'Times New Roman'; font-size: 14px; margin-bottom: 0px; margin-left: 0px; margin-right: 0px; margin-top: 0.4em; text-align: justify; text-indent: 35.4pt;\">Ale przecie\u017c to samo m\u00f3wi Aposto\u0142 Jan w drugim dzisiejszym czytaniu, gdy stwierdza:&nbsp;<i>W tym przejawia si\u0119 mi\u0142o\u015b\u0107, \u017ce&nbsp;<b>nie my umi\u0142owali\u015bmy Boga, ale \u017ce On nas umi\u0142owa\u0142 i pos\u0142a\u0142 swojego Syna jako ofiar\u0119 przeb\u0142agaln\u0105 za nasze grzechy<\/b><\/i><b>.<\/b>&nbsp;I wreszcie s\u0142owa samego Jezusa, kt\u00f3ry wychwala Ojca Niebieskiego za to, \u017ce wielkie sprawy Bo\u017ce<b>objawi\u0142 prostaczkom, a wi\u0119c ludziom cichym i pokornym.<\/b><\/div>\n<div class=\"MsoNormal\" style=\"color: #0f0f0f; font-family: 'Times New Roman'; font-size: 14px; margin-bottom: 0px; margin-left: 0px; margin-right: 0px; margin-top: 0.4em; text-align: justify; text-indent: 35.4pt;\">Zatem, mi\u0142o\u015b\u0107 Boga do cz\u0142owieka jest&nbsp;<b>mi\u0142o\u015bci\u0105 darmow\u0105, jest mi\u0142o\u015bci\u0105 pe\u0142n\u0105, bezgraniczn\u0105, ofiarn\u0105.<\/b>&nbsp;Nie rozr\u00f3\u017cnia ona ludzi na bogatych i biednych, na wa\u017cnych i mniej wa\u017cnych, a je\u017celi nawet, to po to, aby&nbsp;<b>wesprze\u0107 bardziej w\u0142a\u015bnie tych s\u0142abszych i mniej wa\u017cnych,<\/b>&nbsp;tak jak Nar\u00f3d Wybrany by\u0142 ludem najmniejszym ze wszystkich. Taka jest jednak mi\u0142o\u015b\u0107 Boga do cz\u0142owieka.<\/div>\n<div class=\"MsoNormal\" style=\"color: #0f0f0f; font-family: 'Times New Roman'; font-size: 14px; margin-bottom: 0px; margin-left: 0px; margin-right: 0px; margin-top: 0.4em; text-align: justify; text-indent: 35.4pt;\">Ale \u2013 uwaga! Koniecznie musimy doda\u0107 jeszcze jedno, niezwykle wa\u017cne stwierdzenie! A wynika ono tak\u017ce z dzisiejszych czyta\u0144:&nbsp;<b>mi\u0142o\u015b\u0107 Boga do cz\u0142owieka jest konkretna! Wyra\u017ca si\u0119 w bardzo konkretnych czynach!<\/b>&nbsp;I takiej samej, bardzo konkretnej odpowiedzi ze strony cz\u0142owieka, mi\u0142o\u015b\u0107 ta si\u0119 domaga!<\/div>\n<div class=\"MsoNormal\" style=\"color: #0f0f0f; font-family: 'Times New Roman'; font-size: 14px; margin-bottom: 0px; margin-left: 0px; margin-right: 0px; margin-top: 0.4em; text-align: justify; text-indent: 35.4pt;\">W pierwszym czytaniu Moj\u017cesz przypomina, \u017ce&nbsp;<b>B\u00f3g dochowuje przymierza,<\/b>&nbsp;zawartego ju\u017c z przodkami, czego dowodem jest chocia\u017cby wyprowadzenie Izraelit\u00f3w z niewoli egipskiej. Jednak ten, kto sprzeciwia si\u0119 Bogu i nienawidzi Go, mo\u017ce spodziewa\u0107 si\u0119 s\u0142usznej kary. Dlatego Moj\u017cesz wzywa:<b><i>Strze\u017c przeto polece\u0144, praw i nakaz\u00f3w, kt\u00f3re ja tobie polecam dzisiaj pe\u0142ni\u0107<\/i><\/b>.<\/div>\n<div class=\"MsoNormal\" style=\"color: #0f0f0f; font-family: 'Times New Roman'; font-size: 14px; margin-bottom: 0px; margin-left: 0px; margin-right: 0px; margin-top: 0.4em; text-align: justify; text-indent: 35.4pt;\">Tak\u017ce \u015awi\u0119ty Jan m\u00f3wi w drugim czytaniu:&nbsp;<i>Umi\u0142owani, je\u017celi B\u00f3g tak nas umi\u0142owa\u0142,&nbsp;<b>to i my winni\u015bmy mi\u0142owa\u0107 si\u0119 wzajemnie<\/b><\/i>. [\u2026]&nbsp;<b><i>B\u00f3g jest mi\u0142o\u015bci\u0105: kto trwa w mi\u0142o\u015bci, trwa w Bogu, a B\u00f3g trwa w nim<\/i><\/b>. I wreszcie s\u0142owa Jezusa, kt\u00f3ry m\u00f3wi:&nbsp;<b><i>We\u017amijcie moje jarzmo na siebie i uczcie si\u0119 ode Mnie, bo jestem cichy i pokorny sercem, a znajdziecie ukojenie dla dusz waszych.&nbsp;<\/i><\/b><i>Albowiem jarzmo moje jest s\u0142odkie, a moje brzemi\u0119 \u2013 lekkie<\/i>.<\/div>\n<div class=\"MsoNormal\" style=\"color: #0f0f0f; font-family: 'Times New Roman'; font-size: 14px; margin-bottom: 0px; margin-left: 0px; margin-right: 0px; margin-top: 0.4em; text-align: justify; text-indent: 35.4pt;\">A zatem, nie jaka\u015b b\u0142oga bezczynno\u015b\u0107, ale w\u0142a\u015bnie podj\u0119cie jarzma obowi\u0105zk\u00f3w i \u017cyciowych zmaga\u0144 \u2013 w imi\u0119 i w blasku mi\u0142o\u015bci Chrystusa,&nbsp;<b>w duchu tej mi\u0142o\u015bci.&nbsp;<\/b>Dlaczego o tym wszystkim m\u00f3wimy, dlaczego na ten aspekt tak bardzo mocno zwracamy uwag\u0119?<\/div>\n<div class=\"MsoNormal\" style=\"color: #0f0f0f; font-family: 'Times New Roman'; font-size: 14px; margin-bottom: 0px; margin-left: 0px; margin-right: 0px; margin-top: 0.4em; text-align: justify; text-indent: 35.4pt;\">Bo s\u0142owo \u201emi\u0142o\u015b\u0107\u201d dla tak wielu ludzi&nbsp;<b>kojarzy si\u0119 ze zwyk\u0142ym, przelotnym uczuciem.&nbsp;<\/b>Wystarczy tylko pos\u0142ucha\u0107 piosenek, emitowanych we wszystkich po kolei mediach. Bardzo cz\u0119sto \u2013 niestety \u2013&nbsp;<b>mi\u0142o\u015b\u0107 sprowadzana jest do seksualnego wsp\u00f3\u0142\u017cycia.<\/b>&nbsp;Ale nawet je\u017celi nie a\u017c tak jest pojmowana, to z ca\u0142\u0105 pewno\u015bci\u0105&nbsp;<b>nazbyt&nbsp;<\/b><b>cz\u0119sto widziana jest pobie\u017cnie i ma\u0142o odpowiedzialnie.<\/b>&nbsp;Niestety, musimy przyzna\u0107, \u017ce takie pojmowanie sprawy prezentuj\u0105&nbsp;<b>tak\u017ce ludzie zaanga\u017cowani we wsp\u00f3lnoty religijne,<\/b>&nbsp;zw\u0142aszcza m\u0142odzie\u017cowe. Kiedy pos\u0142ucha si\u0119 niekt\u00f3rych rozwa\u017ca\u0144 i \u015bpiew\u00f3w, jakie wykonuj\u0105 oni w trakcie r\u00f3\u017cnego rodzaju nabo\u017ce\u0144stw, adoracji czy czuwa\u0144, to dochodzimy do wniosku, \u017ce ta&nbsp;<b>mi\u0142o\u015b\u0107 Bo\u017ca to naprawd\u0119 taki \u201es\u0142odki cukierek\u201d,<\/b>&nbsp;kt\u00f3ry mo\u017cna sobie bez niczego wzi\u0105\u0107 i zje\u015b\u0107 \u2013 i zachwyca\u0107 si\u0119, jaki jest s\u0142odki.<\/div>\n<div class=\"MsoNormal\" style=\"color: #0f0f0f; font-family: 'Times New Roman'; font-size: 14px; margin-bottom: 0px; margin-left: 0px; margin-right: 0px; margin-top: 0.4em; text-align: justify; text-indent: 35.4pt;\">Oczywi\u015bcie, ja bym nie chcia\u0142 tutaj powiedzie\u0107, \u017ce tak jest w ka\u017cdym przypadku, bo wielokrotnie mamy te\u017c do czynienia z w\u0142a\u015bciwym rozumieniem Bo\u017cej mi\u0142o\u015bci, jednak \u2013 niestety \u2013&nbsp;<b>nie brakuje takiego \u201es\u0142odkiego gl\u0119dzenia\u201d,<\/b>&nbsp;w kt\u00f3rym s\u0142owo \u201emi\u0142o\u015b\u0107\u201d odmieniana jest przez wszystkie przypadki, ale tak naprawd\u0119&nbsp;<b>nic z tego nie wynika i na pewno nie ma \u017cadnego prze\u0142o\u017cenia na \u017cycie.<\/b><\/div>\n<div class=\"MsoNormal\" style=\"color: #0f0f0f; font-family: 'Times New Roman'; font-size: 14px; margin-bottom: 0px; margin-left: 0px; margin-right: 0px; margin-top: 0.4em; text-align: justify; text-indent: 35.4pt;\">A tymczasem \u2013&nbsp;<b>mi\u0142o\u015b\u0107 domaga si\u0119 konkretu! Bardzo konkretnej postawy! Mi\u0142o\u015b\u0107 domaga si\u0119 czyn\u00f3w! I domaga si\u0119 konsekwencji!<\/b>&nbsp;A je\u017celi m\u00f3wimy o konsekwencji, to nie unikniemy tematu trudno\u015bci, walki ze s\u0142abo\u015bciami, walki z samym sob\u0105\u2026 I&nbsp;<b>przeciwno\u015bci, z jakimi na co dzie\u0144 przychodzi si\u0119 zmaga\u0107,<\/b>&nbsp;gdy chcemy \u017cy\u0107 prawdziw\u0105 mi\u0142o\u015bci\u0105.<\/div>\n<div class=\"MsoNormal\" style=\"color: #0f0f0f; font-family: 'Times New Roman'; font-size: 14px; margin-bottom: 0px; margin-left: 0px; margin-right: 0px; margin-top: 0.4em; text-align: justify; text-indent: 35.4pt;\">Dlatego mi\u0142o\u015b\u0107 niejednokrotnie&nbsp;<b>b\u0119dzie oznacza\u0142a sytuacje trudne,<\/b>&nbsp;sytuacje wymagaj\u0105ce i wyczerpuj\u0105ce, czasami b\u0119dzie wi\u0105za\u0142a si\u0119 z konieczno\u015bci\u0105 \u2013 na przyk\u0142ad \u2013<b>zwr\u00f3cenia komu\u015b uwagi, upomnienia go,<\/b>&nbsp;a to z kolei poci\u0105ga za sob\u0105 mo\u017cliwo\u015b\u0107 utracenia kontaktu z tym, czy innym cz\u0142owiekiem\u2026 Nieraz konsekwentna postawa mi\u0142o\u015bci b\u0119dzie oznacza\u0142a&nbsp;<b>utrat\u0119 popularno\u015bci w swoim otoczeniu,<\/b>&nbsp;bo konsekwencja i jednoznaczno\u015b\u0107 zwykle nie przysparzaj\u0105 popularno\u015bci u ludzi.<\/div>\n<div class=\"MsoNormal\" style=\"color: #0f0f0f; font-family: 'Times New Roman'; font-size: 14px; margin-bottom: 0px; margin-left: 0px; margin-right: 0px; margin-top: 0.4em; text-align: justify; text-indent: 35.4pt;\">Jednak mi\u0142o\u015b\u0107 do Boga, b\u0119d\u0105c\u0105 odpowiedzi\u0105 na Jego mi\u0142o\u015b\u0107 do cz\u0142owieka,&nbsp;<b>musi polega\u0107 na wype\u0142nianiu Jego przykaza\u0144, w tym tego najwa\u017cniejszego \u2013 przykazania mi\u0142o\u015bci w\u0142a\u015bnie!<\/b>&nbsp;A to nie zawsze bywa \u0142atwe. Tymczasem musimy jasno sobie powiedzie\u0107, \u017ce&nbsp;<b>nie ma innej drogi przez \u017cycie \u2013 m\u00f3wimy o jakiej\u015b drodze sensownej! \u2013 jak tylko w\u0142a\u015bnie ta droga: droga tak rozumianej mi\u0142o\u015bci!<\/b><\/div>\n<div class=\"MsoNormal\" style=\"color: #0f0f0f; font-family: 'Times New Roman'; font-size: 14px; margin-bottom: 0px; margin-left: 0px; margin-right: 0px; margin-top: 0.4em; text-align: justify; text-indent: 35.4pt;\">I nie mo\u017cna innego stylu \u017cycia opatrzy\u0107 tytu\u0142em: \u201emi\u0142o\u015b\u0107\u201d, jak w\u0142a\u015bnie ten, kt\u00f3ry polega na&nbsp;<b>konsekwencji, a czasami te\u017c \u2013 wyrzeczeniu, ale zawsze: na konkretnym i solidnym wype\u0142nianiu Bo\u017cych<\/b>&nbsp;<b>przykaza\u0144! Nie ma innej, jakoby \u0142atwiejszej drogi!<\/b>&nbsp;Nie ma, chocia\u017c ludziom wydaje si\u0119, \u017ce jest i takiej ci\u0105gle poszukuj\u0105!<\/div>\n<div class=\"MsoNormal\" style=\"color: #0f0f0f; font-family: 'Times New Roman'; font-size: 14px; margin-bottom: 0px; margin-left: 0px; margin-right: 0px; margin-top: 0.4em; text-align: justify; text-indent: 35.4pt;\">Dlatego&nbsp;<b>id\u0105 na moralne kompromisy, ci\u0105gle otwieraj\u0105 sobie przer\u00f3\u017cne \u201efurtki\u201d,<\/b>&nbsp;prze\u0142amuj\u0105 kolejne moralne granice, wytyczaj\u0105 nowe szlaki, kt\u00f3re bardzo szybko okazuj\u0105 si\u0119 bezdro\u017cami\u2026 Naprawd\u0119,&nbsp;<b>nie ma innego sposobu na m\u0105dre i sensowne \u017cycie,<\/b>&nbsp;nie ma innego sposobu na to, aby si\u0119 w\u015br\u00f3d tylu \u017cyciowych meandr\u00f3w nie pogubi\u0107, jak w\u0142a\u015bnie&nbsp;<b>wierne kroczenie drogami Bo\u017cymi,<\/b>&nbsp;polegaj\u0105ce na s\u0142uchaniu Boga i wype\u0142nianiu Jego przykaza\u0144. Kto proponuje inne drogi, inne rozwi\u0105zania, inne sposoby na \u017cycie \u2013&nbsp;<b>jest k\u0142amc\u0105, \u017ceruj\u0105cym na ludzkiej naiwno\u015bci, a nieraz tak\u017ce: na ludzkim zagubieniu!<\/b><\/div>\n<div class=\"MsoNormal\" style=\"color: #0f0f0f; font-family: 'Times New Roman'; font-size: 14px; margin-bottom: 0px; margin-left: 0px; margin-right: 0px; margin-top: 0.4em; text-align: justify; text-indent: 35.4pt;\">Je\u017celi dzisiaj modlimy si\u0119:&nbsp;<b>\u201eJezu cichy i pokornego serca, uczy\u0144 serca nasze wed\u0142ug serca Twego!\u201d,<\/b>&nbsp;to nie co innego mamy na my\u015bli, jak w\u0142a\u015bnie pro\u015bb\u0119&nbsp;<b>o ukszta\u0142towanie w nas postawy jednoznacznej i bezkompromisowej,<\/b>&nbsp;kt\u00f3ra b\u0119dzie odpowiedzi\u0105 na bezkompromisow\u0105 i jednoznaczn\u0105 mi\u0142o\u015b\u0107 Boga do nas \u2013&nbsp;<b>mi\u0142o\u015b\u0107 najbardziej chyba czytelnie wyra\u017con\u0105 w Ofierze Krzy\u017cowej Chrystusa!<\/b>&nbsp;A to by\u0142 bardzo mocny konkret!<\/div>\n<div class=\"MsoNormal\" style=\"color: #0f0f0f; font-family: 'Times New Roman'; font-size: 14px; margin-bottom: 0px; margin-left: 0px; margin-right: 0px; margin-top: 0.4em; text-align: justify; text-indent: 35.4pt;\">I w\u0142a\u015bnie o nasz\u0105 mi\u0142o\u015b\u0107, wyra\u017con\u0105 w konkrecie codzienno\u015bci, dzisiaj przede wszystkim chodzi! Wtedy b\u0119dziemy mogli pi\u0119knie i poetycko stwierdzi\u0107, \u017ce&nbsp;<b>nasze serca przy\u0142o\u017cyli\u015bmy do serca Jezusa i uzgodnili\u015bmy rytm naszych serc z Jego sercem.<\/b>&nbsp;W\u0142a\u015bnie wtedy b\u0119dzie to prawd\u0105, kiedy potwierdz\u0105 to konkretne czyny!<\/div>\n<div class=\"MsoNormal\" style=\"color: #0f0f0f; font-family: 'Times New Roman'; font-size: 14px; margin-bottom: 0px; margin-left: 0px; margin-right: 0px; margin-top: 0.4em; text-align: justify; text-indent: 35.4pt;\">W tym duchu zastan\u00f3wmy si\u0119:<\/div>\n<ul style=\"color: #0f0f0f; font-family: 'Times New Roman'; font-size: 14px; margin-top: 0cm;\" type=\"disc\">\n<li class=\"MsoNormal\" style=\"text-align: justify;\">Czy moje chrze\u015bcija\u0144stwo nie sprowadza si\u0119 do pi\u0119knie brzmi\u0105cych, ale pustych s\u0142\u00f3w i obietnic?<\/li>\n<li class=\"MsoNormal\" style=\"text-align: justify;\">Jak ja tak naprawd\u0119 pojmuj\u0119 mi\u0142o\u015b\u0107?<\/li>\n<li class=\"MsoNormal\" style=\"text-align: justify;\">Co ja tak naprawd\u0119 uwa\u017cam za sw\u00f3j najwa\u017cniejszy cel w \u017cyciu?<\/li>\n<\/ul>\n<div class=\"MsoNormal\" style=\"color: #0f0f0f; font-family: 'Times New Roman'; font-size: 14px; margin-bottom: 0px; margin-left: 0px; margin-right: 0px; margin-top: 0.4em; text-align: justify;\"><b><i>Przyjd\u017acie do Mnie wszyscy, kt\u00f3rzy utrudzeni i obci\u0105\u017ceni jeste\u015bcie, a Ja was pokrzepi\u0119<\/i><\/b>.<\/div>\n","protected":false},"excerpt":{"rendered":"<p>Szcz\u0119\u015b\u0107 Bo\u017ce! Dzisiaj Uroczysto\u015b\u0107 Serca Jezusa. Przy okazji przypominam, \u017ce nie obowi\u0105zuje pi\u0105tkowa wstrzemi\u0119\u017aliwo\u015b\u0107 od pokarm\u00f3w mi\u0119snych &#8211; w\u0142a\u015bnie ze wzgl\u0119du na uroczysto\u015b\u0107 liturgiczn\u0105. A w Szklarskiej &#8211; ch\u0142odno! To znaczy &#8211; za oknami, bo w sercach zupe\u0142nie inna atmosfera. Wszystkich Was, Kochani, ogarniam modlitw\u0105, aby\u015bmy nasze serca uczynili wed\u0142ug serca Jezusa!&nbsp;&nbsp;&nbsp;&nbsp;&nbsp;&nbsp;&nbsp;&nbsp;&nbsp;&nbsp;&nbsp;&nbsp;&nbsp;&nbsp; Gaudium et spes! [&hellip;]<\/p>\n","protected":false},"author":1,"featured_media":0,"comment_status":"open","ping_status":"open","sticky":false,"template":"","format":"standard","meta":{"jetpack_post_was_ever_published":false,"_jetpack_newsletter_access":"","_jetpack_dont_email_post_to_subs":false,"_jetpack_newsletter_tier_id":0,"_jetpack_memberships_contains_paywalled_content":false,"_jetpack_memberships_contains_paid_content":false,"footnotes":""},"categories":[1],"tags":[],"class_list":["post-9808","post","type-post","status-publish","format-standard","hentry","category-bez-kategorii"],"yoast_head":"<!-- This site is optimized with the Yoast SEO plugin v25.1 - https:\/\/yoast.com\/wordpress\/plugins\/seo\/ -->\n<title>Serce Jezusa, dobroci i mi\u0142o\u015bci pe\u0142ne - zmi\u0142uj si\u0119 nad nami! - Gaudium Et Spes<\/title>\n<meta name=\"robots\" content=\"index, follow, max-snippet:-1, max-image-preview:large, max-video-preview:-1\" \/>\n<link rel=\"canonical\" href=\"https:\/\/gaudiumetspes-blog.pl\/index.php\/2011\/07\/01\/serce-jezusa-dobroci-i-miosci-pene\/\" \/>\n<meta property=\"og:locale\" content=\"pl_PL\" \/>\n<meta property=\"og:type\" content=\"article\" \/>\n<meta property=\"og:title\" content=\"Serce Jezusa, dobroci i mi\u0142o\u015bci pe\u0142ne - zmi\u0142uj si\u0119 nad nami! - Gaudium Et Spes\" \/>\n<meta property=\"og:description\" content=\"Szcz\u0119\u015b\u0107 Bo\u017ce! Dzisiaj Uroczysto\u015b\u0107 Serca Jezusa. Przy okazji przypominam, \u017ce nie obowi\u0105zuje pi\u0105tkowa wstrzemi\u0119\u017aliwo\u015b\u0107 od pokarm\u00f3w mi\u0119snych &#8211; w\u0142a\u015bnie ze wzgl\u0119du na uroczysto\u015b\u0107 liturgiczn\u0105. A w Szklarskiej &#8211; ch\u0142odno! To znaczy &#8211; za oknami, bo w sercach zupe\u0142nie inna atmosfera. Wszystkich Was, Kochani, ogarniam modlitw\u0105, aby\u015bmy nasze serca uczynili wed\u0142ug serca Jezusa!&nbsp;&nbsp;&nbsp;&nbsp;&nbsp;&nbsp;&nbsp;&nbsp;&nbsp;&nbsp;&nbsp;&nbsp;&nbsp;&nbsp; Gaudium et spes! [&hellip;]\" \/>\n<meta property=\"og:url\" content=\"https:\/\/gaudiumetspes-blog.pl\/index.php\/2011\/07\/01\/serce-jezusa-dobroci-i-miosci-pene\/\" \/>\n<meta property=\"og:site_name\" content=\"Gaudium Et Spes\" \/>\n<meta property=\"article:published_time\" content=\"2011-07-01T14:38:00+00:00\" \/>\n<meta property=\"article:modified_time\" content=\"2019-07-31T10:52:26+00:00\" \/>\n<meta name=\"author\" content=\"Ks. Jacek\" \/>\n<meta name=\"twitter:card\" content=\"summary_large_image\" \/>\n<meta name=\"twitter:label1\" content=\"Napisane przez\" \/>\n\t<meta name=\"twitter:data1\" content=\"Ks. Jacek\" \/>\n\t<meta name=\"twitter:label2\" content=\"Szacowany czas czytania\" \/>\n\t<meta name=\"twitter:data2\" content=\"8 minut\" \/>\n<script type=\"application\/ld+json\" class=\"yoast-schema-graph\">{\"@context\":\"https:\/\/schema.org\",\"@graph\":[{\"@type\":\"WebPage\",\"@id\":\"https:\/\/gaudiumetspes-blog.pl\/index.php\/2011\/07\/01\/serce-jezusa-dobroci-i-miosci-pene\/\",\"url\":\"https:\/\/gaudiumetspes-blog.pl\/index.php\/2011\/07\/01\/serce-jezusa-dobroci-i-miosci-pene\/\",\"name\":\"Serce Jezusa, dobroci i mi\u0142o\u015bci pe\u0142ne - zmi\u0142uj si\u0119 nad nami! - Gaudium Et Spes\",\"isPartOf\":{\"@id\":\"https:\/\/gaudiumetspes-blog.pl\/#website\"},\"datePublished\":\"2011-07-01T14:38:00+00:00\",\"dateModified\":\"2019-07-31T10:52:26+00:00\",\"author\":{\"@id\":\"https:\/\/gaudiumetspes-blog.pl\/#\/schema\/person\/1661982992b752dea8dff0d4ed845a65\"},\"breadcrumb\":{\"@id\":\"https:\/\/gaudiumetspes-blog.pl\/index.php\/2011\/07\/01\/serce-jezusa-dobroci-i-miosci-pene\/#breadcrumb\"},\"inLanguage\":\"pl-PL\",\"potentialAction\":[{\"@type\":\"ReadAction\",\"target\":[\"https:\/\/gaudiumetspes-blog.pl\/index.php\/2011\/07\/01\/serce-jezusa-dobroci-i-miosci-pene\/\"]}]},{\"@type\":\"BreadcrumbList\",\"@id\":\"https:\/\/gaudiumetspes-blog.pl\/index.php\/2011\/07\/01\/serce-jezusa-dobroci-i-miosci-pene\/#breadcrumb\",\"itemListElement\":[{\"@type\":\"ListItem\",\"position\":1,\"name\":\"Strona g\u0142\u00f3wna\",\"item\":\"https:\/\/gaudiumetspes-blog.pl\/\"},{\"@type\":\"ListItem\",\"position\":2,\"name\":\"Serce Jezusa, dobroci i&nbsp;mi\u0142o\u015bci pe\u0142ne &#8211; zmi\u0142uj si\u0119 nad&nbsp;nami!\"}]},{\"@type\":\"WebSite\",\"@id\":\"https:\/\/gaudiumetspes-blog.pl\/#website\",\"url\":\"https:\/\/gaudiumetspes-blog.pl\/\",\"name\":\"Gaudium Et Spes\",\"description\":\"Blog Ks. Jacka Ja\u015bkowskiego\",\"potentialAction\":[{\"@type\":\"SearchAction\",\"target\":{\"@type\":\"EntryPoint\",\"urlTemplate\":\"https:\/\/gaudiumetspes-blog.pl\/?s={search_term_string}\"},\"query-input\":{\"@type\":\"PropertyValueSpecification\",\"valueRequired\":true,\"valueName\":\"search_term_string\"}}],\"inLanguage\":\"pl-PL\"},{\"@type\":\"Person\",\"@id\":\"https:\/\/gaudiumetspes-blog.pl\/#\/schema\/person\/1661982992b752dea8dff0d4ed845a65\",\"name\":\"Ks. Jacek\",\"image\":{\"@type\":\"ImageObject\",\"inLanguage\":\"pl-PL\",\"@id\":\"https:\/\/gaudiumetspes-blog.pl\/#\/schema\/person\/image\/\",\"url\":\"https:\/\/gaudiumetspes-blog.pl\/wp-content\/uploads\/2019\/07\/avatar-JJ-150x150.jpg\",\"contentUrl\":\"https:\/\/gaudiumetspes-blog.pl\/wp-content\/uploads\/2019\/07\/avatar-JJ-150x150.jpg\",\"caption\":\"Ks. Jacek\"},\"description\":\"Witam serdecznie! K\u0142ania si\u0119 Ks. Jacek Ja\u015bkowski. Nie jestem ani kim\u015b wa\u017cnym, ani kim\u015b znanym. Jestem ksi\u0119dzem, kt\u00f3ry po prostu chce rozmawia\u0107. Codzienna kap\u0142a\u0144ska pos\u0142uga pokazuje mi, \u017ce temat\u00f3w do rozm\u00f3w z ksi\u0119dzem jest coraz wi\u0119cej i dzisiaj \u017caden ksi\u0105dz nie mo\u017ce od nich ucieka\u0107, ale - wprost przeciwnie - podejmowa\u0107 nowe wyzwania. To przekonanie sk\u0142oni\u0142o mnie do pr\u00f3by otwarcia tego\u017c bloga, chocia\u017c okazji do rozm\u00f3w na co dzie\u0144 - w konfesjonale i poza nim - na szcz\u0119\u015bcie nie brakuje. My\u015bl\u0119 jednak, \u017ce ten blog b\u0119dzie jeszcze jednym sposobem i przestrzeni\u0105 nawi\u0105zania kontaktu z lud\u017ami dobrej woli, otwartymi na dialog.\",\"url\":\"https:\/\/gaudiumetspes-blog.pl\/index.php\/author\/ks-jacek\/\"}]}<\/script>\n<!-- \/ Yoast SEO plugin. -->","yoast_head_json":{"title":"Serce Jezusa, dobroci i mi\u0142o\u015bci pe\u0142ne - zmi\u0142uj si\u0119 nad nami! - Gaudium Et Spes","robots":{"index":"index","follow":"follow","max-snippet":"max-snippet:-1","max-image-preview":"max-image-preview:large","max-video-preview":"max-video-preview:-1"},"canonical":"https:\/\/gaudiumetspes-blog.pl\/index.php\/2011\/07\/01\/serce-jezusa-dobroci-i-miosci-pene\/","og_locale":"pl_PL","og_type":"article","og_title":"Serce Jezusa, dobroci i mi\u0142o\u015bci pe\u0142ne - zmi\u0142uj si\u0119 nad nami! - Gaudium Et Spes","og_description":"Szcz\u0119\u015b\u0107 Bo\u017ce! Dzisiaj Uroczysto\u015b\u0107 Serca Jezusa. Przy okazji przypominam, \u017ce nie obowi\u0105zuje pi\u0105tkowa wstrzemi\u0119\u017aliwo\u015b\u0107 od pokarm\u00f3w mi\u0119snych &#8211; w\u0142a\u015bnie ze wzgl\u0119du na uroczysto\u015b\u0107 liturgiczn\u0105. A w Szklarskiej &#8211; ch\u0142odno! To znaczy &#8211; za oknami, bo w sercach zupe\u0142nie inna atmosfera. Wszystkich Was, Kochani, ogarniam modlitw\u0105, aby\u015bmy nasze serca uczynili wed\u0142ug serca Jezusa!&nbsp;&nbsp;&nbsp;&nbsp;&nbsp;&nbsp;&nbsp;&nbsp;&nbsp;&nbsp;&nbsp;&nbsp;&nbsp;&nbsp; Gaudium et spes! [&hellip;]","og_url":"https:\/\/gaudiumetspes-blog.pl\/index.php\/2011\/07\/01\/serce-jezusa-dobroci-i-miosci-pene\/","og_site_name":"Gaudium Et Spes","article_published_time":"2011-07-01T14:38:00+00:00","article_modified_time":"2019-07-31T10:52:26+00:00","author":"Ks. Jacek","twitter_card":"summary_large_image","twitter_misc":{"Napisane przez":"Ks. Jacek","Szacowany czas czytania":"8 minut"},"schema":{"@context":"https:\/\/schema.org","@graph":[{"@type":"WebPage","@id":"https:\/\/gaudiumetspes-blog.pl\/index.php\/2011\/07\/01\/serce-jezusa-dobroci-i-miosci-pene\/","url":"https:\/\/gaudiumetspes-blog.pl\/index.php\/2011\/07\/01\/serce-jezusa-dobroci-i-miosci-pene\/","name":"Serce Jezusa, dobroci i mi\u0142o\u015bci pe\u0142ne - zmi\u0142uj si\u0119 nad nami! - Gaudium Et Spes","isPartOf":{"@id":"https:\/\/gaudiumetspes-blog.pl\/#website"},"datePublished":"2011-07-01T14:38:00+00:00","dateModified":"2019-07-31T10:52:26+00:00","author":{"@id":"https:\/\/gaudiumetspes-blog.pl\/#\/schema\/person\/1661982992b752dea8dff0d4ed845a65"},"breadcrumb":{"@id":"https:\/\/gaudiumetspes-blog.pl\/index.php\/2011\/07\/01\/serce-jezusa-dobroci-i-miosci-pene\/#breadcrumb"},"inLanguage":"pl-PL","potentialAction":[{"@type":"ReadAction","target":["https:\/\/gaudiumetspes-blog.pl\/index.php\/2011\/07\/01\/serce-jezusa-dobroci-i-miosci-pene\/"]}]},{"@type":"BreadcrumbList","@id":"https:\/\/gaudiumetspes-blog.pl\/index.php\/2011\/07\/01\/serce-jezusa-dobroci-i-miosci-pene\/#breadcrumb","itemListElement":[{"@type":"ListItem","position":1,"name":"Strona g\u0142\u00f3wna","item":"https:\/\/gaudiumetspes-blog.pl\/"},{"@type":"ListItem","position":2,"name":"Serce Jezusa, dobroci i&nbsp;mi\u0142o\u015bci pe\u0142ne &#8211; zmi\u0142uj si\u0119 nad&nbsp;nami!"}]},{"@type":"WebSite","@id":"https:\/\/gaudiumetspes-blog.pl\/#website","url":"https:\/\/gaudiumetspes-blog.pl\/","name":"Gaudium Et Spes","description":"Blog Ks. Jacka Ja\u015bkowskiego","potentialAction":[{"@type":"SearchAction","target":{"@type":"EntryPoint","urlTemplate":"https:\/\/gaudiumetspes-blog.pl\/?s={search_term_string}"},"query-input":{"@type":"PropertyValueSpecification","valueRequired":true,"valueName":"search_term_string"}}],"inLanguage":"pl-PL"},{"@type":"Person","@id":"https:\/\/gaudiumetspes-blog.pl\/#\/schema\/person\/1661982992b752dea8dff0d4ed845a65","name":"Ks. Jacek","image":{"@type":"ImageObject","inLanguage":"pl-PL","@id":"https:\/\/gaudiumetspes-blog.pl\/#\/schema\/person\/image\/","url":"https:\/\/gaudiumetspes-blog.pl\/wp-content\/uploads\/2019\/07\/avatar-JJ-150x150.jpg","contentUrl":"https:\/\/gaudiumetspes-blog.pl\/wp-content\/uploads\/2019\/07\/avatar-JJ-150x150.jpg","caption":"Ks. Jacek"},"description":"Witam serdecznie! K\u0142ania si\u0119 Ks. Jacek Ja\u015bkowski. Nie jestem ani kim\u015b wa\u017cnym, ani kim\u015b znanym. Jestem ksi\u0119dzem, kt\u00f3ry po prostu chce rozmawia\u0107. Codzienna kap\u0142a\u0144ska pos\u0142uga pokazuje mi, \u017ce temat\u00f3w do rozm\u00f3w z ksi\u0119dzem jest coraz wi\u0119cej i dzisiaj \u017caden ksi\u0105dz nie mo\u017ce od nich ucieka\u0107, ale - wprost przeciwnie - podejmowa\u0107 nowe wyzwania. To przekonanie sk\u0142oni\u0142o mnie do pr\u00f3by otwarcia tego\u017c bloga, chocia\u017c okazji do rozm\u00f3w na co dzie\u0144 - w konfesjonale i poza nim - na szcz\u0119\u015bcie nie brakuje. My\u015bl\u0119 jednak, \u017ce ten blog b\u0119dzie jeszcze jednym sposobem i przestrzeni\u0105 nawi\u0105zania kontaktu z lud\u017ami dobrej woli, otwartymi na dialog.","url":"https:\/\/gaudiumetspes-blog.pl\/index.php\/author\/ks-jacek\/"}]}},"jetpack_featured_media_url":"","jetpack_sharing_enabled":true,"_links":{"self":[{"href":"https:\/\/gaudiumetspes-blog.pl\/index.php\/wp-json\/wp\/v2\/posts\/9808","targetHints":{"allow":["GET"]}}],"collection":[{"href":"https:\/\/gaudiumetspes-blog.pl\/index.php\/wp-json\/wp\/v2\/posts"}],"about":[{"href":"https:\/\/gaudiumetspes-blog.pl\/index.php\/wp-json\/wp\/v2\/types\/post"}],"author":[{"embeddable":true,"href":"https:\/\/gaudiumetspes-blog.pl\/index.php\/wp-json\/wp\/v2\/users\/1"}],"replies":[{"embeddable":true,"href":"https:\/\/gaudiumetspes-blog.pl\/index.php\/wp-json\/wp\/v2\/comments?post=9808"}],"version-history":[{"count":1,"href":"https:\/\/gaudiumetspes-blog.pl\/index.php\/wp-json\/wp\/v2\/posts\/9808\/revisions"}],"predecessor-version":[{"id":10275,"href":"https:\/\/gaudiumetspes-blog.pl\/index.php\/wp-json\/wp\/v2\/posts\/9808\/revisions\/10275"}],"wp:attachment":[{"href":"https:\/\/gaudiumetspes-blog.pl\/index.php\/wp-json\/wp\/v2\/media?parent=9808"}],"wp:term":[{"taxonomy":"category","embeddable":true,"href":"https:\/\/gaudiumetspes-blog.pl\/index.php\/wp-json\/wp\/v2\/categories?post=9808"},{"taxonomy":"post_tag","embeddable":true,"href":"https:\/\/gaudiumetspes-blog.pl\/index.php\/wp-json\/wp\/v2\/tags?post=9808"}],"curies":[{"name":"wp","href":"https:\/\/api.w.org\/{rel}","templated":true}]}}