{"id":9809,"date":"2011-06-30T16:37:00","date_gmt":"2011-06-30T14:37:00","guid":{"rendered":"https:\/\/gaudiumetspes-blog.pl\/index.php\/2011\/06\/30\/abrahamie-zoz-swego-syna-w-ofierze\/"},"modified":"2019-07-31T12:52:26","modified_gmt":"2019-07-31T10:52:26","slug":"abrahamie-zoz-swego-syna-w-ofierze","status":"publish","type":"post","link":"https:\/\/gaudiumetspes-blog.pl\/index.php\/2011\/06\/30\/abrahamie-zoz-swego-syna-w-ofierze\/","title":{"rendered":"Abrahamie, z\u0142\u00f3\u017c swego syna w ofierze!"},"content":{"rendered":"<p>Szcz\u0119\u015b\u0107 Bo\u017ce! Witam i pozdrawiam ze Szklarskiej Por\u0119by. Dzisiaj dzie\u0144 do\u015b\u0107 \u0142adny i jasny, ale szczyt Szrenicy &#8211; we mgle! I wiatr nieco silniejszy. Chyba pogoda zaczyna si\u0119 zmienia\u0107. W \u017caden to jednak spos\u00f3b nie wp\u0142ywa na og\u00f3lny nastr\u00f3j mojej Ekipy, tak wi\u0119c bardzo gor\u0105co &#8211; w imieniu nas wszystkich &#8211; pozdrawiam Was wszystkich i \u017cycz\u0119 na dzisiaj pogody ducha, a na ca\u0142e \u017cycie &#8211; wiary Abrahama!<br style=\"font-family: 'Times New Roman';\" \/>&nbsp;&nbsp;&nbsp;&nbsp;&nbsp;&nbsp;&nbsp;&nbsp;&nbsp;&nbsp;&nbsp;&nbsp;&nbsp;&nbsp;&nbsp; Gaudium et spes!&nbsp; Ks. Jacek<\/p>\n<div class=\"MsoNormal\" style=\"color: #0f0f0f; font-family: 'Times New Roman'; font-size: 14px; margin-bottom: 0px; margin-left: 0px; margin-right: 0px; margin-top: 0.4em; text-align: justify;\"><b>Czwartek 13 tygodnia zwyk\u0142ego, rok I,<\/b><\/div>\n<div class=\"MsoNormal\" style=\"color: #0f0f0f; font-family: 'Times New Roman'; font-size: 14px; margin-bottom: 0px; margin-left: 0px; margin-right: 0px; margin-top: 0.4em; text-align: justify;\"><b>do czyta\u0144:&nbsp;&nbsp;Rdz 22,1\u201319;&nbsp;&nbsp;Mt 9,1\u20138<\/b><\/div>\n<div class=\"MsoNormal\" style=\"color: #0f0f0f; font-family: 'Times New Roman'; font-size: 14px; margin-bottom: 0px; margin-left: 0px; margin-right: 0px; margin-top: 0.4em; text-align: justify; text-indent: 35.4pt;\">\u017b\u0105danie, z jakim B\u00f3g zwr\u00f3ci\u0142 si\u0119 do Abrahama, by\u0142o&nbsp;<b>wr\u0119cz niewiarygodne.<\/b>&nbsp;Oto Abraham mia\u0142 z\u0142o\u017cy\u0107 w ofierze swego jedynego syna Izaaka. Tak, tego w\u0142a\u015bnie<b>&nbsp;wyczekanego, wymodlonego, wyt\u0119sknionego,<\/b>a co w tym wszystkim najbardziej szokuj\u0105ce \u2013&nbsp;<b>obiecanego przez Boga syna!<\/b>&nbsp;I c\u00f3\u017c na to Abraham?<\/div>\n<div class=\"MsoNormal\" style=\"color: #0f0f0f; font-family: 'Times New Roman'; font-size: 14px; margin-bottom: 0px; margin-left: 0px; margin-right: 0px; margin-top: 0.4em; text-align: justify; text-indent: 35.4pt;\">Mimo grozy ca\u0142ej sytuacji, nie podejmuje z Bogiem \u017cadnej dyskusji \u2013 chocia\u017c wcze\u015bniej czyni\u0142 to kilka razy.&nbsp;<b>Nie oczekuje wyja\u015bnie\u0144, nie szuka sposobu, aby uratowa\u0107 syna.<\/b>&nbsp;A przecie\u017c musia\u0142 mie\u0107 \u015bwiadomo\u015b\u0107, i\u017c wraz ze \u015bmierci\u0105 Izaaka przepadnie nadzieja na potomstwo, kt\u00f3re \u2013 wed\u0142ug zapowiedzi nie kogo innego, jak samego Boga \u2013 mia\u0142o by\u0107&nbsp;<b>tak liczne, jak gwiazdy na niebie!<\/b><\/div>\n<div class=\"MsoNormal\" style=\"color: #0f0f0f; font-family: 'Times New Roman'; font-size: 14px; margin-bottom: 0px; margin-left: 0px; margin-right: 0px; margin-top: 0.4em; text-align: justify; text-indent: 35.4pt;\">Pomimo jednak tego wszystkiego, Abraham decyduje si\u0119 spe\u0142ni\u0107 polecenie Boga. Wykazuj\u0105c si\u0119&nbsp;<b>ogromn\u0105 dojrza\u0142o\u015bci\u0105 duchow\u0105,<\/b>&nbsp;a tak\u017ce bezgraniczn\u0105 ufno\u015bci\u0105 w Bo\u017c\u0105 m\u0105dro\u015b\u0107 i dobro\u0107, zgadza si\u0119 wype\u0142ni\u0107<b>nakaz, kt\u00f3rego z ca\u0142\u0105 pewno\u015bci\u0105 ani troch\u0119 nie rozumie!<\/b><\/div>\n<div class=\"MsoNormal\" style=\"color: #0f0f0f; font-family: 'Times New Roman'; font-size: 14px; margin-bottom: 0px; margin-left: 0px; margin-right: 0px; margin-top: 0.4em; text-align: justify; text-indent: 35.4pt;\">I kiedy ju\u017c wszystko zamierza ku temu, aby ofiara zosta\u0142a z\u0142o\u017cona, B\u00f3g&nbsp;<b>interweniuje i powstrzymuje Abrahama,<\/b>&nbsp;jednocze\u015bnie sk\u0142adaj\u0105c mu nowe obietnice i udzielaj\u0105c swego b\u0142ogos\u0142awie\u0144stwa za to, \u017ce ten by\u0142 w stanie z\u0142o\u017cy\u0107 nie tylko swego syna, ale \u2013 w o wiele wi\u0119kszym stopniu \u2013<b>samego siebie: swoje pragnienia, nadzieje, plany, a nade wszystko: swoje ojcostwo!<\/b>&nbsp;Abraham jednak dojrza\u0142 do podj\u0119cia wyzwania, jakie B\u00f3g mu postawi\u0142.<\/div>\n<div class=\"MsoNormal\" style=\"color: #0f0f0f; font-family: 'Times New Roman'; font-size: 14px; margin-bottom: 0px; margin-left: 0px; margin-right: 0px; margin-top: 0.4em; text-align: justify; text-indent: 35.4pt;\">A B\u00f3g w ten spos\u00f3b zdecydowanie potwierdzi\u0142&nbsp;<b>zakaz sk\u0142adania w ofierze ca\u0142opalnej ludzi,<\/b>&nbsp;kt\u00f3ry to zwyczaj w\u00f3wczas by\u0142 niekiedy praktykowany. Zamiast tego, mia\u0142a by\u0107 sk\u0142adana&nbsp;<b>ofiara zast\u0119pcza,<\/b>&nbsp;czego symbolem by\u0142 \u00f3w baran, kt\u00f3rego Abraham znalaz\u0142 w zaro\u015blach i z\u0142o\u017cy\u0142 w ofierze. I jakkolwiek ka\u017cde pierworodne dziecko mia\u0142o by\u0107 po\u015bwi\u0119cone i oddane Panu, to jednak&nbsp;<b>nie w formie ofiary ca\u0142opalnej,&nbsp;<\/b>bo na t\u0119 ofiar\u0119 sk\u0142adano w zast\u0119pstwie w\u0142a\u015bnie jakie\u015b zwierz\u0119. Zwyczaj ten znany by\u0142 jeszcze w czasach Jezusa.<\/div>\n<div class=\"MsoNormal\" style=\"color: #0f0f0f; font-family: 'Times New Roman'; font-size: 14px; margin-bottom: 0px; margin-left: 0px; margin-right: 0px; margin-top: 0.4em; text-align: justify; text-indent: 35.4pt;\">Co jednak koniecznie jeszcze musimy zauwa\u017cy\u0107, to fakt, i\u017c&nbsp;<b>B\u00f3g oszcz\u0119dzi\u0142 syna Abrahama, a nie oszcz\u0119dzi\u0142 swojego w\u0142asnego Syna,<\/b>kt\u00f3ry z\u0142o\u017cy\u0142 za ludzi krwaw\u0105 Ofiar\u0119 ze swego \u017cycia. Dzisiejsze wydarzenie jest w pewnym sensie zapowiedzi\u0105 w\u0142a\u015bnie tej Ofiary.<\/div>\n<div class=\"MsoNormal\" style=\"color: #0f0f0f; font-family: 'Times New Roman'; font-size: 14px; margin-bottom: 0px; margin-left: 0px; margin-right: 0px; margin-top: 0.4em; text-align: justify; text-indent: 35.4pt;\">A to wszystko tylko potwierdza prawd\u0119 przecie\u017c nam wszystkim tak dobrze znan\u0105, \u017ce B\u00f3g rzeczywi\u015bcie&nbsp;<b>kocha cz\u0142owieka i robi wszystko, aby mu pom\u00f3c, aby go ratowa\u0107.<\/b>&nbsp;Kieruje jego \u017cyciem doczesnym tak, aby ostatecznie doprowadzi\u0107 go do \u017cycia wiecznego. Ze strony cz\u0142owieka potrzeba jednak&nbsp;<b>totalnego<\/b>&nbsp;zaufania wobec Boga.&nbsp;<b>Totalnego<\/b>&nbsp;\u2013 to s\u0142owo chyba dobrze oddaje wiar\u0119 Abrahama! Ale te\u017c w jakim\u015b sensie \u2013&nbsp;<b>wiar\u0119 tych ludzi, kt\u00f3rzy przynie\u015bli paralityka,&nbsp;<\/b>o czym s\u0142yszymy w dzisiejszej Ewangelii.<\/div>\n<div class=\"MsoNormal\" style=\"color: #0f0f0f; font-family: 'Times New Roman'; font-size: 14px; margin-bottom: 0px; margin-left: 0px; margin-right: 0px; margin-top: 0.4em; text-align: justify; text-indent: 35.4pt;\">Jezus widz\u0105c t\u0119 wiar\u0119, postanowi\u0142&nbsp;<b>uzdrowi\u0107 chorego, jednak \u2013 wed\u0142ug w\u0142a\u015bciwego porz\u0105dku: najpierw dusz\u0119, potem cia\u0142o.<\/b>&nbsp;Najpierw chorob\u0119 duchow\u0105, a wi\u0119c grzech, a potem niemoc fizyczn\u0105. W ten spos\u00f3b chcia\u0142 Jezus da\u0107 nam wszystkim do zrozumienia, \u017ce&nbsp;<b>obie te sfery naprawd\u0119 s\u0105 ze sob\u0105 bardzo silnie powi\u0105zane.<\/b>&nbsp;Wyra\u017ca to zreszt\u0105 pytanie, skierowane do wzburzonych uczonych w Pi\u015bmie:&nbsp;<b><i>C\u00f3\u017c jest \u0142atwiej powiedzie\u0107: \u201eOdpuszczaj\u0105 ci si\u0119 twoje grzechy\u201d, czy: \u201eWsta\u0144 i chod\u017a\u201d<\/i>?<\/b><\/div>\n<div class=\"MsoNormal\" style=\"color: #0f0f0f; font-family: 'Times New Roman'; font-size: 14px; margin-bottom: 0px; margin-left: 0px; margin-right: 0px; margin-top: 0.4em; text-align: justify; text-indent: 35.4pt;\">Oczywi\u015bcie, \u017ce&nbsp;<b>\u0142atwo powiedzie\u0107 jest i jedno, i drugie,<\/b>&nbsp;ale dokona\u0107 jednego, czy drugiego, mo\u017ce tylko ten, kto ma tak\u0105 w\u0142adz\u0119. A Jezus j\u0105 w\u0142a\u015bnie ma, dlatego uzdrawiaj\u0105c cz\u0142owieka z choroby fizycznej, udowadnia,&nbsp;<b>\u017ce tak\u017ce duchowo go uzdrawia,<\/b>&nbsp;czego na zewn\u0105trz w \u017caden spos\u00f3b nie da si\u0119 dostrzec. Nie mie\u015bci\u0142o si\u0119 to w g\u0142owach uczonych w Pi\u015bmie, tak jak trudno by\u0142o Abrahamowi ogarn\u0105\u0107 umys\u0142em to, czego B\u00f3g od niego za\u017c\u0105da\u0142. Jednak&nbsp;<b>zaufanie Abrahama, podobnie jak zaufanie cz\u0142owieka sparali\u017cowanego oraz tych, kt\u00f3rzy go przynie\u015bli, da\u0142o jak\u017ce bogate owoce!<\/b><\/div>\n<div class=\"MsoNormal\" style=\"color: #0f0f0f; font-family: 'Times New Roman'; font-size: 14px; margin-bottom: 0px; margin-left: 0px; margin-right: 0px; margin-top: 0.4em; text-align: justify; text-indent: 35.4pt;\">Kochani, to dzisiejsze S\u0142owo Bo\u017ce jest dla nas wszystkim&nbsp;<b>wyra\u017an\u0105 i czyteln\u0105 zach\u0119t\u0105,<\/b>&nbsp;aby\u015bmy w ca\u0142ej pe\u0142ni ufali Bogu, nawet&nbsp;<b>wbrew ludzkiej logice i ludzkiemu sposobowi postrzegania spraw.<\/b>&nbsp;Nawet w sytuacjach, kt\u00f3re \u2013 patrz\u0105c z naszej perspektywy \u2013&nbsp;<b>wydaj\u0105 si\u0119 beznadziejne, czy zupe\u0142nie przes\u0105dzone.<\/b>&nbsp;Bo\u017ca logika jest inna, ona przekracza t\u0119 ludzk\u0105 \u2013 tak jak&nbsp;<b>bezgranicznie Bo\u017ca moc przekracza nasze ludzkie mo\u017cliwo\u015bci.<\/b>Dlatego dla cz\u0142owieka prawdziwie wierz\u0105cego&nbsp;<b>nigdy nie ma sytuacji beznadziejnej, nie ma sytuacji bez wyj\u015bcia,<\/b>&nbsp;o ile tylko naprawd\u0119 i<b>totalnie<\/b>&nbsp;zaufa Bogu, a nie \u2013&nbsp;<b>ewentualnie<\/b>&nbsp;Mu zaufa!<\/div>\n<div class=\"MsoNormal\" style=\"color: #0f0f0f; font-family: 'Times New Roman'; font-size: 14px; margin-bottom: 0px; margin-left: 0px; margin-right: 0px; margin-top: 0.4em; text-align: justify; text-indent: 35.4pt;\">Takiego totalnego zaufania potrzeba \u2013 nawet je\u017celi nie wszystko i nie od razu si\u0119 rozumie z tego, co si\u0119 w naszym \u017cyciu dokonuje!&nbsp;<b>B\u00f3g to jednak wie \u2013 i On wszystkim m\u0105drze pokieruje! Uwierzmy w to!<\/b><\/div>\n<div class=\"MsoNormal\" style=\"color: #0f0f0f; font-family: 'Times New Roman'; font-size: 14px; margin-bottom: 0px; margin-left: 0px; margin-right: 0px; margin-top: 0.4em; text-align: justify; text-indent: 35.4pt;\">W tym kontek\u015bcie zastan\u00f3wmy si\u0119:<\/div>\n<ul style=\"color: #0f0f0f; font-family: 'Times New Roman'; font-size: 14px; margin-top: 0cm;\" type=\"disc\">\n<li class=\"MsoNormal\" style=\"text-align: justify;\">Czy moje zaufanie do Boga jest ca\u0142kowite, czy pe\u0142ne zastrze\u017ce\u0144?<\/li>\n<li class=\"MsoNormal\" style=\"text-align: justify;\">Czy zawsze jest pewien, i\u017c B\u00f3g mo\u017ce rozwi\u0105za\u0107 ka\u017cd\u0105 trudn\u0105 spraw\u0119, nawet tak\u0105, kt\u00f3ra wed\u0142ug mojego rozeznania jest nie do rozwi\u0105zania?<\/li>\n<li class=\"MsoNormal\" style=\"text-align: justify;\">Ile jestem w stanie z siebie da\u0107 Bogu?<\/li>\n<\/ul>\n<div class=\"MsoNormal\" style=\"color: #0f0f0f; font-family: 'Times New Roman'; font-size: 14px; margin-bottom: 0px; margin-left: 0px; margin-right: 0px; margin-top: 0.4em; text-align: justify;\"><b><i>Dlaczego z\u0142e my\u015bli nurtuj\u0105 w waszych sercach<\/i><\/b><b>?<\/b><\/div>\n<div><b><br \/>\n<\/b><\/div>\n","protected":false},"excerpt":{"rendered":"<p>Szcz\u0119\u015b\u0107 Bo\u017ce! Witam i pozdrawiam ze Szklarskiej Por\u0119by. Dzisiaj dzie\u0144 do\u015b\u0107 \u0142adny i jasny, ale szczyt Szrenicy &#8211; we mgle! I wiatr nieco silniejszy. Chyba pogoda zaczyna si\u0119 zmienia\u0107. W \u017caden to jednak spos\u00f3b nie wp\u0142ywa na og\u00f3lny nastr\u00f3j mojej Ekipy, tak wi\u0119c bardzo gor\u0105co &#8211; w imieniu nas wszystkich &#8211; pozdrawiam Was wszystkich i [&hellip;]<\/p>\n","protected":false},"author":1,"featured_media":0,"comment_status":"open","ping_status":"open","sticky":false,"template":"","format":"standard","meta":{"jetpack_post_was_ever_published":false,"_jetpack_newsletter_access":"","_jetpack_dont_email_post_to_subs":false,"_jetpack_newsletter_tier_id":0,"_jetpack_memberships_contains_paywalled_content":false,"_jetpack_memberships_contains_paid_content":false,"footnotes":""},"categories":[1],"tags":[],"class_list":["post-9809","post","type-post","status-publish","format-standard","hentry","category-bez-kategorii"],"yoast_head":"<!-- This site is optimized with the Yoast SEO plugin v25.1 - https:\/\/yoast.com\/wordpress\/plugins\/seo\/ -->\n<title>Abrahamie, z\u0142\u00f3\u017c swego syna w ofierze! - Gaudium Et Spes<\/title>\n<meta name=\"robots\" content=\"index, follow, max-snippet:-1, max-image-preview:large, max-video-preview:-1\" \/>\n<link rel=\"canonical\" href=\"https:\/\/gaudiumetspes-blog.pl\/index.php\/2011\/06\/30\/abrahamie-zoz-swego-syna-w-ofierze\/\" \/>\n<meta property=\"og:locale\" content=\"pl_PL\" \/>\n<meta property=\"og:type\" content=\"article\" \/>\n<meta property=\"og:title\" content=\"Abrahamie, z\u0142\u00f3\u017c swego syna w ofierze! - Gaudium Et Spes\" \/>\n<meta property=\"og:description\" content=\"Szcz\u0119\u015b\u0107 Bo\u017ce! Witam i pozdrawiam ze Szklarskiej Por\u0119by. Dzisiaj dzie\u0144 do\u015b\u0107 \u0142adny i jasny, ale szczyt Szrenicy &#8211; we mgle! I wiatr nieco silniejszy. Chyba pogoda zaczyna si\u0119 zmienia\u0107. W \u017caden to jednak spos\u00f3b nie wp\u0142ywa na og\u00f3lny nastr\u00f3j mojej Ekipy, tak wi\u0119c bardzo gor\u0105co &#8211; w imieniu nas wszystkich &#8211; pozdrawiam Was wszystkich i [&hellip;]\" \/>\n<meta property=\"og:url\" content=\"https:\/\/gaudiumetspes-blog.pl\/index.php\/2011\/06\/30\/abrahamie-zoz-swego-syna-w-ofierze\/\" \/>\n<meta property=\"og:site_name\" content=\"Gaudium Et Spes\" \/>\n<meta property=\"article:published_time\" content=\"2011-06-30T14:37:00+00:00\" \/>\n<meta property=\"article:modified_time\" content=\"2019-07-31T10:52:26+00:00\" \/>\n<meta name=\"author\" content=\"Ks. Jacek\" \/>\n<meta name=\"twitter:card\" content=\"summary_large_image\" \/>\n<meta name=\"twitter:label1\" content=\"Napisane przez\" \/>\n\t<meta name=\"twitter:data1\" content=\"Ks. Jacek\" \/>\n\t<meta name=\"twitter:label2\" content=\"Szacowany czas czytania\" \/>\n\t<meta name=\"twitter:data2\" content=\"5 minut\" \/>\n<script type=\"application\/ld+json\" class=\"yoast-schema-graph\">{\"@context\":\"https:\/\/schema.org\",\"@graph\":[{\"@type\":\"WebPage\",\"@id\":\"https:\/\/gaudiumetspes-blog.pl\/index.php\/2011\/06\/30\/abrahamie-zoz-swego-syna-w-ofierze\/\",\"url\":\"https:\/\/gaudiumetspes-blog.pl\/index.php\/2011\/06\/30\/abrahamie-zoz-swego-syna-w-ofierze\/\",\"name\":\"Abrahamie, z\u0142\u00f3\u017c swego syna w ofierze! - Gaudium Et Spes\",\"isPartOf\":{\"@id\":\"https:\/\/gaudiumetspes-blog.pl\/#website\"},\"datePublished\":\"2011-06-30T14:37:00+00:00\",\"dateModified\":\"2019-07-31T10:52:26+00:00\",\"author\":{\"@id\":\"https:\/\/gaudiumetspes-blog.pl\/#\/schema\/person\/1661982992b752dea8dff0d4ed845a65\"},\"breadcrumb\":{\"@id\":\"https:\/\/gaudiumetspes-blog.pl\/index.php\/2011\/06\/30\/abrahamie-zoz-swego-syna-w-ofierze\/#breadcrumb\"},\"inLanguage\":\"pl-PL\",\"potentialAction\":[{\"@type\":\"ReadAction\",\"target\":[\"https:\/\/gaudiumetspes-blog.pl\/index.php\/2011\/06\/30\/abrahamie-zoz-swego-syna-w-ofierze\/\"]}]},{\"@type\":\"BreadcrumbList\",\"@id\":\"https:\/\/gaudiumetspes-blog.pl\/index.php\/2011\/06\/30\/abrahamie-zoz-swego-syna-w-ofierze\/#breadcrumb\",\"itemListElement\":[{\"@type\":\"ListItem\",\"position\":1,\"name\":\"Strona g\u0142\u00f3wna\",\"item\":\"https:\/\/gaudiumetspes-blog.pl\/\"},{\"@type\":\"ListItem\",\"position\":2,\"name\":\"Abrahamie, z\u0142\u00f3\u017c swego syna w&nbsp;ofierze!\"}]},{\"@type\":\"WebSite\",\"@id\":\"https:\/\/gaudiumetspes-blog.pl\/#website\",\"url\":\"https:\/\/gaudiumetspes-blog.pl\/\",\"name\":\"Gaudium Et Spes\",\"description\":\"Blog Ks. Jacka Ja\u015bkowskiego\",\"potentialAction\":[{\"@type\":\"SearchAction\",\"target\":{\"@type\":\"EntryPoint\",\"urlTemplate\":\"https:\/\/gaudiumetspes-blog.pl\/?s={search_term_string}\"},\"query-input\":{\"@type\":\"PropertyValueSpecification\",\"valueRequired\":true,\"valueName\":\"search_term_string\"}}],\"inLanguage\":\"pl-PL\"},{\"@type\":\"Person\",\"@id\":\"https:\/\/gaudiumetspes-blog.pl\/#\/schema\/person\/1661982992b752dea8dff0d4ed845a65\",\"name\":\"Ks. Jacek\",\"image\":{\"@type\":\"ImageObject\",\"inLanguage\":\"pl-PL\",\"@id\":\"https:\/\/gaudiumetspes-blog.pl\/#\/schema\/person\/image\/\",\"url\":\"https:\/\/gaudiumetspes-blog.pl\/wp-content\/uploads\/2019\/07\/avatar-JJ-150x150.jpg\",\"contentUrl\":\"https:\/\/gaudiumetspes-blog.pl\/wp-content\/uploads\/2019\/07\/avatar-JJ-150x150.jpg\",\"caption\":\"Ks. Jacek\"},\"description\":\"Witam serdecznie! K\u0142ania si\u0119 Ks. Jacek Ja\u015bkowski. Nie jestem ani kim\u015b wa\u017cnym, ani kim\u015b znanym. Jestem ksi\u0119dzem, kt\u00f3ry po prostu chce rozmawia\u0107. Codzienna kap\u0142a\u0144ska pos\u0142uga pokazuje mi, \u017ce temat\u00f3w do rozm\u00f3w z ksi\u0119dzem jest coraz wi\u0119cej i dzisiaj \u017caden ksi\u0105dz nie mo\u017ce od nich ucieka\u0107, ale - wprost przeciwnie - podejmowa\u0107 nowe wyzwania. To przekonanie sk\u0142oni\u0142o mnie do pr\u00f3by otwarcia tego\u017c bloga, chocia\u017c okazji do rozm\u00f3w na co dzie\u0144 - w konfesjonale i poza nim - na szcz\u0119\u015bcie nie brakuje. My\u015bl\u0119 jednak, \u017ce ten blog b\u0119dzie jeszcze jednym sposobem i przestrzeni\u0105 nawi\u0105zania kontaktu z lud\u017ami dobrej woli, otwartymi na dialog.\",\"url\":\"https:\/\/gaudiumetspes-blog.pl\/index.php\/author\/ks-jacek\/\"}]}<\/script>\n<!-- \/ Yoast SEO plugin. -->","yoast_head_json":{"title":"Abrahamie, z\u0142\u00f3\u017c swego syna w ofierze! - Gaudium Et Spes","robots":{"index":"index","follow":"follow","max-snippet":"max-snippet:-1","max-image-preview":"max-image-preview:large","max-video-preview":"max-video-preview:-1"},"canonical":"https:\/\/gaudiumetspes-blog.pl\/index.php\/2011\/06\/30\/abrahamie-zoz-swego-syna-w-ofierze\/","og_locale":"pl_PL","og_type":"article","og_title":"Abrahamie, z\u0142\u00f3\u017c swego syna w ofierze! - Gaudium Et Spes","og_description":"Szcz\u0119\u015b\u0107 Bo\u017ce! Witam i pozdrawiam ze Szklarskiej Por\u0119by. Dzisiaj dzie\u0144 do\u015b\u0107 \u0142adny i jasny, ale szczyt Szrenicy &#8211; we mgle! I wiatr nieco silniejszy. Chyba pogoda zaczyna si\u0119 zmienia\u0107. W \u017caden to jednak spos\u00f3b nie wp\u0142ywa na og\u00f3lny nastr\u00f3j mojej Ekipy, tak wi\u0119c bardzo gor\u0105co &#8211; w imieniu nas wszystkich &#8211; pozdrawiam Was wszystkich i [&hellip;]","og_url":"https:\/\/gaudiumetspes-blog.pl\/index.php\/2011\/06\/30\/abrahamie-zoz-swego-syna-w-ofierze\/","og_site_name":"Gaudium Et Spes","article_published_time":"2011-06-30T14:37:00+00:00","article_modified_time":"2019-07-31T10:52:26+00:00","author":"Ks. Jacek","twitter_card":"summary_large_image","twitter_misc":{"Napisane przez":"Ks. Jacek","Szacowany czas czytania":"5 minut"},"schema":{"@context":"https:\/\/schema.org","@graph":[{"@type":"WebPage","@id":"https:\/\/gaudiumetspes-blog.pl\/index.php\/2011\/06\/30\/abrahamie-zoz-swego-syna-w-ofierze\/","url":"https:\/\/gaudiumetspes-blog.pl\/index.php\/2011\/06\/30\/abrahamie-zoz-swego-syna-w-ofierze\/","name":"Abrahamie, z\u0142\u00f3\u017c swego syna w ofierze! - Gaudium Et Spes","isPartOf":{"@id":"https:\/\/gaudiumetspes-blog.pl\/#website"},"datePublished":"2011-06-30T14:37:00+00:00","dateModified":"2019-07-31T10:52:26+00:00","author":{"@id":"https:\/\/gaudiumetspes-blog.pl\/#\/schema\/person\/1661982992b752dea8dff0d4ed845a65"},"breadcrumb":{"@id":"https:\/\/gaudiumetspes-blog.pl\/index.php\/2011\/06\/30\/abrahamie-zoz-swego-syna-w-ofierze\/#breadcrumb"},"inLanguage":"pl-PL","potentialAction":[{"@type":"ReadAction","target":["https:\/\/gaudiumetspes-blog.pl\/index.php\/2011\/06\/30\/abrahamie-zoz-swego-syna-w-ofierze\/"]}]},{"@type":"BreadcrumbList","@id":"https:\/\/gaudiumetspes-blog.pl\/index.php\/2011\/06\/30\/abrahamie-zoz-swego-syna-w-ofierze\/#breadcrumb","itemListElement":[{"@type":"ListItem","position":1,"name":"Strona g\u0142\u00f3wna","item":"https:\/\/gaudiumetspes-blog.pl\/"},{"@type":"ListItem","position":2,"name":"Abrahamie, z\u0142\u00f3\u017c swego syna w&nbsp;ofierze!"}]},{"@type":"WebSite","@id":"https:\/\/gaudiumetspes-blog.pl\/#website","url":"https:\/\/gaudiumetspes-blog.pl\/","name":"Gaudium Et Spes","description":"Blog Ks. Jacka Ja\u015bkowskiego","potentialAction":[{"@type":"SearchAction","target":{"@type":"EntryPoint","urlTemplate":"https:\/\/gaudiumetspes-blog.pl\/?s={search_term_string}"},"query-input":{"@type":"PropertyValueSpecification","valueRequired":true,"valueName":"search_term_string"}}],"inLanguage":"pl-PL"},{"@type":"Person","@id":"https:\/\/gaudiumetspes-blog.pl\/#\/schema\/person\/1661982992b752dea8dff0d4ed845a65","name":"Ks. Jacek","image":{"@type":"ImageObject","inLanguage":"pl-PL","@id":"https:\/\/gaudiumetspes-blog.pl\/#\/schema\/person\/image\/","url":"https:\/\/gaudiumetspes-blog.pl\/wp-content\/uploads\/2019\/07\/avatar-JJ-150x150.jpg","contentUrl":"https:\/\/gaudiumetspes-blog.pl\/wp-content\/uploads\/2019\/07\/avatar-JJ-150x150.jpg","caption":"Ks. Jacek"},"description":"Witam serdecznie! K\u0142ania si\u0119 Ks. Jacek Ja\u015bkowski. Nie jestem ani kim\u015b wa\u017cnym, ani kim\u015b znanym. Jestem ksi\u0119dzem, kt\u00f3ry po prostu chce rozmawia\u0107. Codzienna kap\u0142a\u0144ska pos\u0142uga pokazuje mi, \u017ce temat\u00f3w do rozm\u00f3w z ksi\u0119dzem jest coraz wi\u0119cej i dzisiaj \u017caden ksi\u0105dz nie mo\u017ce od nich ucieka\u0107, ale - wprost przeciwnie - podejmowa\u0107 nowe wyzwania. To przekonanie sk\u0142oni\u0142o mnie do pr\u00f3by otwarcia tego\u017c bloga, chocia\u017c okazji do rozm\u00f3w na co dzie\u0144 - w konfesjonale i poza nim - na szcz\u0119\u015bcie nie brakuje. My\u015bl\u0119 jednak, \u017ce ten blog b\u0119dzie jeszcze jednym sposobem i przestrzeni\u0105 nawi\u0105zania kontaktu z lud\u017ami dobrej woli, otwartymi na dialog.","url":"https:\/\/gaudiumetspes-blog.pl\/index.php\/author\/ks-jacek\/"}]}},"jetpack_featured_media_url":"","jetpack_sharing_enabled":true,"_links":{"self":[{"href":"https:\/\/gaudiumetspes-blog.pl\/index.php\/wp-json\/wp\/v2\/posts\/9809","targetHints":{"allow":["GET"]}}],"collection":[{"href":"https:\/\/gaudiumetspes-blog.pl\/index.php\/wp-json\/wp\/v2\/posts"}],"about":[{"href":"https:\/\/gaudiumetspes-blog.pl\/index.php\/wp-json\/wp\/v2\/types\/post"}],"author":[{"embeddable":true,"href":"https:\/\/gaudiumetspes-blog.pl\/index.php\/wp-json\/wp\/v2\/users\/1"}],"replies":[{"embeddable":true,"href":"https:\/\/gaudiumetspes-blog.pl\/index.php\/wp-json\/wp\/v2\/comments?post=9809"}],"version-history":[{"count":1,"href":"https:\/\/gaudiumetspes-blog.pl\/index.php\/wp-json\/wp\/v2\/posts\/9809\/revisions"}],"predecessor-version":[{"id":10274,"href":"https:\/\/gaudiumetspes-blog.pl\/index.php\/wp-json\/wp\/v2\/posts\/9809\/revisions\/10274"}],"wp:attachment":[{"href":"https:\/\/gaudiumetspes-blog.pl\/index.php\/wp-json\/wp\/v2\/media?parent=9809"}],"wp:term":[{"taxonomy":"category","embeddable":true,"href":"https:\/\/gaudiumetspes-blog.pl\/index.php\/wp-json\/wp\/v2\/categories?post=9809"},{"taxonomy":"post_tag","embeddable":true,"href":"https:\/\/gaudiumetspes-blog.pl\/index.php\/wp-json\/wp\/v2\/tags?post=9809"}],"curies":[{"name":"wp","href":"https:\/\/api.w.org\/{rel}","templated":true}]}}