{"id":9810,"date":"2011-06-29T16:37:00","date_gmt":"2011-06-29T14:37:00","guid":{"rendered":"https:\/\/gaudiumetspes-blog.pl\/index.php\/2011\/06\/29\/ty-jestes-piotr-opoka-2\/"},"modified":"2019-07-31T12:52:26","modified_gmt":"2019-07-31T10:52:26","slug":"ty-jestes-piotr-opoka-2","status":"publish","type":"post","link":"https:\/\/gaudiumetspes-blog.pl\/index.php\/2011\/06\/29\/ty-jestes-piotr-opoka-2\/","title":{"rendered":"Ty jeste\u015b Piotr &#8211; Opoka!"},"content":{"rendered":"<p>Szcz\u0119\u015b\u0107 Bo\u017ce! Bardzo serdecznie pozdrawiam ze s\u0142onecznej Szklarskiej Por\u0119by i dzi\u0119kuj\u0119 za tyle dobrych s\u0142\u00f3w, \u017cycze\u0144 i pozdrowie\u0144, jakie r\u00f3\u017cnymi drogami do mnie docieraj\u0105. Pozdrawiam w imieniu ca\u0142ej mojej Rodziny &#8211; Ekipy turystycznej, zapewniaj\u0105c o pami\u0119ci w modlitwie!<br style=\"font-family: 'Times New Roman';\" \/>&nbsp;&nbsp;&nbsp;&nbsp;&nbsp;&nbsp;&nbsp;&nbsp;&nbsp;&nbsp; Gaudium et spes! Ks. Jacek<\/p>\n<div class=\"MsoNormal\" style=\"color: #0f0f0f; font-family: 'Times New Roman'; font-size: 14px; margin-bottom: 0px; margin-left: 0px; margin-right: 0px; margin-top: 0.4em; text-align: justify;\"><b>Uroczysto\u015b\u0107 \u015awi\u0119tych Aposto\u0142\u00f3w Piotra i Paw\u0142a<\/b><\/div>\n<div class=\"MsoNormal\" style=\"color: #0f0f0f; font-family: 'Times New Roman'; font-size: 14px; margin-bottom: 0px; margin-left: 0px; margin-right: 0px; margin-top: 0.4em; text-align: justify;\"><b>do czyta\u0144:&nbsp;&nbsp;Dz 12,1\u201311;&nbsp;&nbsp;2 Tm 4,6\u20139;17\u201318;&nbsp;&nbsp;Mt 16,13\u201319<\/b><\/div>\n<div class=\"MsoNormal\" style=\"color: #0f0f0f; font-family: 'Times New Roman'; font-size: 14px; margin-bottom: 0px; margin-left: 0px; margin-right: 0px; margin-top: 0.4em; text-align: justify; text-indent: 35.4pt;\">W\u0142a\u015bciwe imi\u0119&nbsp;<b>Piotra,&nbsp;<\/b>a wi\u0119c pierwszego z dzisiejszych Patron\u00f3w,to&nbsp;<b>Szymon lub Symeon.<\/b>&nbsp;Pan Jezus zmieni\u0142 mu imi\u0119 na \u201ePiotr\u201d przy pierwszym spotkaniu, co mia\u0142o symbolizowa\u0107 podj\u0119cie przez niego nowych zada\u0144.<\/div>\n<div class=\"MsoNormal\" style=\"color: #0f0f0f; font-family: 'Times New Roman'; font-size: 14px; margin-bottom: 0px; margin-left: 0px; margin-right: 0px; margin-top: 0.4em; text-align: justify; text-indent: 35.4pt;\">Piotr Pochodzi\u0142 z Betsaidy, miejscowo\u015bci po\u0142o\u017conej nad Jeziorem Genezaret, czyli Galilejskim. By\u0142 bratem \u015awi\u0119tego Andrzeja Aposto\u0142a, kt\u00f3ry to&nbsp;<b>Andrzej zreszt\u0105 przyprowadzi\u0142 go do Pana Jezusa&nbsp;<\/b>nied\u0142ugo po chrzcie w rzece Jordan, jaki Chrystus Pan otrzyma\u0142 z r\u0105k Jana Chrzciciela. Fakt, \u017ce Chrystus Pan zetkn\u0105\u0142 si\u0119 z Andrzejem i Szymonem w pobli\u017cu rzeki Jordan, wskazywa\u0142by, \u017ce&nbsp;<b>obaj bracia byli wcze\u015bniej uczniami \u015awi\u0119tego Jana.<\/b><\/div>\n<div class=\"MsoNormal\" style=\"color: #0f0f0f; font-family: 'Times New Roman'; font-size: 14px; margin-bottom: 0px; margin-left: 0px; margin-right: 0px; margin-top: 0.4em; text-align: justify; text-indent: 35.4pt;\">Kiedy Jezus w\u0142\u0105czy\u0142 Piotra do grona swoich uczni\u00f3w, ten&nbsp;<b>nie od razu do Niego przysta\u0142, ale nadal trudni\u0142 si\u0119 zawodem rybaka.<\/b>&nbsp;Dopiero po cudownym po\u0142owie ryb definitywnie \u2013 wraz z bratem Andrzejem \u2013 zosta\u0142 przy Chrystusie jako Jego ucze\u0144. Kiedy Piotr przyst\u0105pi\u0142 do grona uczni\u00f3w Jezusa,&nbsp;<b>by\u0142 ju\u017c cz\u0142owiekiem \u017conatym<\/b>&nbsp;i mieszka\u0142 w Kafarnaum u te\u015bciowej,kt\u00f3r\u0105 zreszt\u0105 Pan Jezus uzdrowi\u0142. Nie jest pewne, czy Piotr mia\u0142 dzieci.<\/div>\n<div class=\"MsoNormal\" style=\"color: #0f0f0f; font-family: 'Times New Roman'; font-size: 14px; margin-bottom: 0px; margin-left: 0px; margin-right: 0px; margin-top: 0.4em; text-align: justify; text-indent: 35.4pt;\">Jezus bardzo wyra\u017anie&nbsp;<b>wyr\u00f3\u017cnia\u0142 Piotra spo\u015br\u00f3d Aposto\u0142\u00f3w.<\/b>&nbsp;To przecie\u017c w\u0142a\u015bnie Piotr by\u0142 \u015bwiadkiem \u2013 wraz z Janem i Jakubem \u2013 wskrzeszenia c\u00f3rki Jaira, Przemienienia na g\u00f3rze Tabor i krwawego potu Jezusa w Getsemani. Kiedy Jezus zapyta\u0142 Aposto\u0142\u00f3w \u2013 o czy s\u0142yszymy dzisiaj w ewangelii \u2013&nbsp;<b>za kogo uwa\u017caj\u0105 Go ludzie,<\/b>&nbsp;otrzyma\u0142 na to r\u00f3\u017cne odpowiedzi. Kiedy za\u015b samych Aposto\u0142\u00f3w zapyta\u0142, za kogo oni Go uwa\u017caj\u0105, otrzyma\u0142 odpowied\u017a w\u0142a\u015bnie od Piotra:<b><i>&nbsp;Ty jeste\u015b Mesjasz, Syn Boga \u017bywego<\/i>.<\/b>&nbsp;Za to, niejako w nagrod\u0119, Jezus z\u0142o\u017cy\u0142 mu obietnic\u0119 prymatu nad swoim Ko\u015bcio\u0142em.<\/div>\n<div class=\"MsoNormal\" style=\"color: #0f0f0f; font-family: 'Times New Roman'; font-size: 14px; margin-bottom: 0px; margin-left: 0px; margin-right: 0px; margin-top: 0.4em; text-align: justify; text-indent: 35.4pt;\">W\u015br\u00f3d wspomnianych&nbsp;<b>wyr\u00f3\u017cnie\u0144 Piotra przez Jezusa, mo\u017cna by\u0142oby wymieni\u0107 jeszcze inne wypadki.<\/b>&nbsp;Jezus ratuje Piotra, kiedy ten zdaje si\u0119 ton\u0105\u0107 w Jeziorze Galilejskim. Piotr p\u0142aci podatek za Jezusa i za siebie monet\u0105, wydobyt\u0105 z pyszczka ryby. Od Piotra Pan Jezus zaczyna mycie n\u00f3g Aposto\u0142om przy Ostatniej Wieczerzy.<\/div>\n<div class=\"MsoNormal\" style=\"color: #0f0f0f; font-family: 'Times New Roman'; font-size: 14px; margin-bottom: 0px; margin-left: 0px; margin-right: 0px; margin-top: 0.4em; text-align: justify; text-indent: 35.4pt;\">Przed pojmaniem Mistrza, Piotr&nbsp;<b>zapewnia Go o swojej dla Niego wierno\u015bci<\/b>. W Getsemani wyst\u0119puje w obronie Jezusa i ucina ucho s\u0142udze arcykap\u0142ana, Malchusowi. On jeden, wraz z Janem,&nbsp;<b>idzie za Chrystusem a\u017c na podw\u00f3rze arcykap\u0142ana.<\/b>&nbsp;Tu jednak \u2013 niestety \u2013 rozpoznany przez s\u0142u\u017c\u0105c\u0105, wyrzeka si\u0119 ze strachu Jezusa i trzykrotnie potwierdza zaparcie si\u0119 przysi\u0119g\u0105. S\u0142ysz\u0105c pianie koguta, Piotr&nbsp;<b>przypomina sobie przepowiedni\u0119 Chrystusa i gorzko p\u0142acze.<\/b><\/div>\n<div class=\"MsoNormal\" style=\"color: #0f0f0f; font-family: 'Times New Roman'; font-size: 14px; margin-bottom: 0px; margin-left: 0px; margin-right: 0px; margin-top: 0.4em; text-align: justify; text-indent: 35.4pt;\">Przed odej\u015bciem do nieba,&nbsp;<b>Pan Jezus zleci\u0142 Piotrowi najwy\u017csz\u0105 w\u0142adz\u0119 pasterzowania nad Jego wiernymi wyznawcami i pozosta\u0142ymi Aposto\u0142ami<\/b>. Aposto\u0142owie od pocz\u0105tku podj\u0119li te s\u0142owa i uznali w Piotrze pierwszego spo\u015br\u00f3d siebie. We wszystkich wykazach apostolskich Piotr jest zawsze stawiany na pierwszym miejscu. Pisma Nowego Testamentu<b>wymieniaj\u0105 go sto pi\u0119\u0107dziesi\u0105t razy.<\/b><\/div>\n<div class=\"MsoNormal\" style=\"color: #0f0f0f; font-family: 'Times New Roman'; font-size: 14px; margin-bottom: 0px; margin-left: 0px; margin-right: 0px; margin-top: 0.4em; text-align: justify; text-indent: 35.4pt;\">To w\u0142a\u015bnie Piotr proponuje Aposto\u0142om przy\u0142\u0105czenie do ich grona jeszcze jednego w miejsce Judasza.&nbsp;<b>Piotr pierwszy przemawia do t\u0142umu w dzie\u0144 Zes\u0142ania Ducha \u015awi\u0119tego i pozyskuje spor\u0105 liczb\u0119 wyznawc\u00f3w.<\/b>Uzdrawia chromego od urodzenia i nawraca kilka tysi\u0119cy ludzi. Zak\u0142ada<b>pierwsz\u0105 gmin\u0119 chrze\u015bcija\u0144sk\u0105 w Jerozolimie, sprawuje nad ni\u0105 w\u0142adz\u0119 s\u0105downicz\u0105<\/b>&nbsp;i proponuje wyb\u00f3r siedmiu diakon\u00f3w dla zast\u0105pienia Aposto\u0142\u00f3w w rozdzielaniu ja\u0142mu\u017cny ubogim Ko\u015bcio\u0142a. To jego Chrystus poucza w tajemniczym widzeniu, \u017ce ma tak\u017ce przyjmowa\u0107 pogan i nakazuje mu uda\u0107 si\u0119 do domu oficera rzymskiego, Korneliusza.<\/div>\n<div class=\"MsoNormal\" style=\"color: #0f0f0f; font-family: 'Times New Roman'; font-size: 14px; margin-bottom: 0px; margin-left: 0px; margin-right: 0px; margin-top: 0.4em; text-align: justify; text-indent: 35.4pt;\"><b>Na pierwszym w dziejach Soborze Apostolskim w Jerozolimie, Piotr przemawia<\/b>&nbsp;i decyduje, \u017ce nale\u017cy i\u015b\u0107 tak\u017ce do pogan, a od nawr\u00f3conych z poga\u0144stwa nie nale\u017cy \u017c\u0105da\u0107 wype\u0142niania nakaz\u00f3w, obowi\u0105zuj\u0105cych \u017byd\u00f3w. Niestety tak\u017ce \u2013 to w\u0142a\u015bnie Piotr staje si\u0119<b>g\u0142\u00f3wnym przedmiotem nienawi\u015bci i pierwszym obiektem prze\u015bladowa\u0144.<\/b>&nbsp;Zosta\u0142 nawet pojmany i mia\u0142 by\u0107 wydany przez kr\u00f3la Heroda Agrypp\u0119 I \u017bydom na stracenie. Jednak Anio\u0142 Pa\u0144ski \u2013 o czym m\u00f3wi nam dzisiejsze pierwsze czytanie \u2013&nbsp;<b>wybawi\u0142 go cudownie od niechybnej \u015bmierci.<\/b><\/div>\n<div class=\"MsoNormal\" style=\"color: #0f0f0f; font-family: 'Times New Roman'; font-size: 14px; margin-bottom: 0px; margin-left: 0px; margin-right: 0px; margin-top: 0.4em; text-align: justify; text-indent: 35.4pt;\">Po uwolnieniu, Piotr niezw\u0142ocznie uda\u0142 si\u0119 do Antiochii, gdzie za\u0142o\u017cy\u0142 swoj\u0105 stolic\u0119. Stamt\u0105d uda\u0142 si\u0119 do Ma\u0142ej Azji, aby&nbsp;<b>wreszcie osi\u0105\u015b\u0107 na sta\u0142e w Rzymie.<\/b>&nbsp;Tu tak\u017ce poni\u00f3s\u0142&nbsp;<b>\u015bmier\u0107 m\u0119cze\u0144sk\u0105 zapanowania cesarza Nerona, oko\u0142o roku 64 roku.<\/b>&nbsp;Zgodnie z przepowiedni\u0105 Jezusa, by\u0142a to \u015bmier\u0107 na krzy\u017cu, a dokona\u0142a si\u0119 ona na wzg\u00f3rzu watyka\u0144skim. Wed\u0142ug \u015bwiadectwa Orygenesa,&nbsp;<b>Piotr mia\u0142 by\u0107 ukrzy\u017cowany g\u0142ow\u0105 w d\u00f3\u0142<\/b>&nbsp;\u2013 na w\u0142asn\u0105 pro\u015bb\u0119, gdy\u017c czu\u0142 si\u0119 niegodnym umiera\u0107 na krzy\u017cu jak Chrystus.<\/div>\n<div class=\"MsoNormal\" style=\"color: #0f0f0f; font-family: 'Times New Roman'; font-size: 14px; margin-bottom: 0px; margin-left: 0px; margin-right: 0px; margin-top: 0.4em; text-align: justify; text-indent: 35.4pt;\">Nasz dzisiejszy Patron zostawi\u0142&nbsp;<b>dwa Listy, kt\u00f3re nale\u017c\u0105 do kanonu Pisma \u015awi\u0119tego Nowego Testamentu.<\/b>&nbsp;Dyktowa\u0142 je uczniowi swojemu Sylwanowi. Wyr\u00f3\u017cniaj\u0105 si\u0119 one niezwyk\u0142\u0105 plastyk\u0105 i ekspresj\u0105. O wielkiej popularno\u015bci \u015awi\u0119tego Piotra \u015bwiadcz\u0105 tak\u017ce liczne apokryfy.<\/div>\n<div class=\"MsoNormal\" style=\"color: #0f0f0f; font-family: 'Times New Roman'; font-size: 14px; margin-bottom: 0px; margin-left: 0px; margin-right: 0px; margin-top: 0.4em; text-align: justify; text-indent: 35.4pt;\">Cesarz Konstantyn Wielki wystawi\u0142 ku czci \u015awi\u0119tego Piotra nad jego grobem Bazylik\u0119. W obecnym swym kszta\u0142cie, Bazylika \u015awi\u0119tego Piotra w Rzymie by\u0142a budowana w latach 1506 \u2013 1629. W czasie prac archeologicznych, przeprowadzonych w jej podziemiach w latach 1940 \u2013 1949,&nbsp;<b>znaleziono pod Konfesj\u0105, czyli g\u0142\u00f3wnym o\u0142tarzem, gr\u00f3b Aposto\u0142a.<\/b><\/div>\n<div class=\"MsoNormal\" style=\"color: #0f0f0f; font-family: 'Times New Roman'; font-size: 14px; margin-bottom: 0px; margin-left: 0px; margin-right: 0px; margin-top: 0.4em; text-align: justify; text-indent: 35.4pt;\">Z kolei drugi z dzisiejszych Patron\u00f3w,&nbsp;<b>\u015awi\u0119ty<\/b>&nbsp;<b>Pawe\u0142,<\/b>&nbsp;pochodzi\u0142 z Tarsu w Cylicji, Ma\u0142ej Azji.&nbsp;<b>Urodzi\u0142 si\u0119 jako obywatel rzymski,<\/b>&nbsp;co dawa\u0142o mu pewne wyr\u00f3\u017cnienia i przywileje, z kt\u00f3rych zreszt\u0105 skrz\u0119tnie korzysta\u0142. Nie wiemy, jak\u0105 drog\u0105 Pawe\u0142 to obywatelstwo otrzyma\u0142.<\/div>\n<div class=\"MsoNormal\" style=\"color: #0f0f0f; font-family: 'Times New Roman'; font-size: 14px; margin-bottom: 0px; margin-left: 0px; margin-right: 0px; margin-top: 0.4em; text-align: justify; text-indent: 35.4pt;\">Szawe\u0142 \u2013 bo tak mia\u0142 na pocz\u0105tku na imi\u0119 \u2013 urodzi\u0142 si\u0119&nbsp;<b>w Tarsie oko\u0142o 8 roku po narodzeniu Chrystusa.<\/b>&nbsp;Jego rodzina chlubi\u0142a si\u0119 tym, i\u017c pochodzi\u0142a z rodu Beniamina, co tak\u017ce i sam Aposto\u0142&nbsp;&nbsp;podkre\u015bla\u0142 z dum\u0105. Dlatego w\u0142a\u015bnie otrzyma\u0142 imi\u0119 Szawe\u0142 \u2013 spolszczone Saul \u2013 od pierwszego i jedynego kr\u00f3la Izraela z tego rodu.&nbsp;<b>Rodzina Szaw\u0142a nale\u017ca\u0142a do faryzeusz\u00f3w \u2013 najgorliwszych patriot\u00f3w i wykonawc\u00f3w prawa moj\u017ceszowego<\/b>.<\/div>\n<div class=\"MsoNormal\" style=\"color: #0f0f0f; font-family: 'Times New Roman'; font-size: 14px; margin-bottom: 0px; margin-left: 0px; margin-right: 0px; margin-top: 0.4em; text-align: justify; text-indent: 35.4pt;\">Sam za\u015b Szawe\u0142 uczy\u0142 si\u0119 rzemios\u0142a \u2013 tkania p\u0142\u00f3tna namiotowego. Po uko\u0144czeniu miejscowych szk\u00f3\u0142 \u2013 a trzeba przyzna\u0107, \u017ce zdradza\u0142 do\u015b\u0107 du\u017ce oczytanie \u2013 w wieku oko\u0142o dwudziestu lat uda\u0142 si\u0119 do Palestyny, aby&nbsp;<b>w Jerozolimie, w szkole Gamaliela, pog\u0142\u0119bia\u0107 swoj\u0105 wiedz\u0119 skrypturystyczn\u0105 i rabinistyczn\u0105.<\/b>&nbsp;Nie zna\u0142 Jezusa. Wiedzia\u0142 jednak&nbsp;<b>o chrze\u015bcijanach i serdecznie ich nienawidzi\u0142, uwa\u017caj\u0105c ich za odst\u0119pc\u00f3w i odszczepie\u0144c\u00f3w.<\/b>&nbsp;Dlatego z ca\u0142\u0105 satysfakcj\u0105 asystowa\u0142 przy m\u0119cze\u0144skiej \u015bmierci Diakona Szczepana. Nie maj\u0105c jednak pe\u0142nych trzydziestu lat, nie m\u00f3g\u0142 sam wykonywa\u0107 wyroku \u015bmierci. Pilnowa\u0142 wi\u0119c szat oprawc\u00f3w.<\/div>\n<div class=\"MsoNormal\" style=\"color: #0f0f0f; font-family: 'Times New Roman'; font-size: 14px; margin-bottom: 0px; margin-left: 0px; margin-right: 0px; margin-top: 0.4em; text-align: justify; text-indent: 35.4pt;\">Kiedy tylko doszed\u0142 do wymaganej pe\u0142noletno\u015bci, uda\u0142 si\u0119 do najwy\u017cszych kap\u0142an\u00f3w i Sanhedrynu,&nbsp;<b>aby otrzyma\u0107 listy polecaj\u0105ce do Damaszku.<\/b>&nbsp;Dowiedzia\u0142 si\u0119 bowiem, \u017ce uciek\u0142a tam spora liczba chrze\u015bcijan, chroni\u0105c si\u0119 przed prze\u015bladowaniem, jakie wybuch\u0142o w Jerozolimie. I oto, gdy ju\u017c by\u0142&nbsp;<b>blisko mur\u00f3w Damaszku, spotka\u0142 go Chrystus i \u2013 powalaj\u0105c na ziemi\u0119 \u2013 fizycznie o\u015blepi\u0142, ale duchowo o\u015bwieci\u0142<\/b>&nbsp;i u\u015bwiadomi\u0142 m\u0142odego faryzeusza, \u017ce jest w b\u0142\u0119dzie, bowiem nauka, kt\u00f3r\u0105 tak zaciekle zwalcza\u0142,&nbsp;<b>jest prawdziw\u0105,<\/b>&nbsp;a chrze\u015bcija\u0144stwo jest wype\u0142nieniem obietnic Starego Przymierza, sam za\u015b Chrystus nie jest bynajmniej zwodzicielem, ale w\u0142a\u015bnie&nbsp;<b>tak d\u0142ugo oczekiwanym i zapowiadanym Mesjaszem.<\/b><\/div>\n<div class=\"MsoNormal\" style=\"color: #0f0f0f; font-family: 'Times New Roman'; font-size: 14px; margin-bottom: 0px; margin-left: 0px; margin-right: 0px; margin-top: 0.4em; text-align: justify; text-indent: 35.4pt;\">Po swoim nawr\u00f3ceniu \u2013 a by\u0142o to oko\u0142o 35 roku po narodzeniu Chrystusa \u2013&nbsp;<b>Szawe\u0142 rozpoczyna now\u0105 er\u0119 \u017cycia: g\u0142osi niestrudzenie Jezusa Chrystusa.<\/b>&nbsp;Zawiedzeni \u017bydzi postanawiaj\u0105 zem\u015bci\u0107 si\u0119 na nim i czyhaj\u0105 na jego zgub\u0119. Za\u017c\u0105dali wi\u0119c od kr\u00f3la Damaszku Aretasa, by im go wyda\u0142, Szawe\u0142 jednak&nbsp;<b>uciek\u0142 w koszu spuszczonym z okna pewnej kamienicy, przylegaj\u0105cej do muru miasta.<\/b>&nbsp;Uda\u0142 si\u0119 na pustkowie, gdzie przebywa\u0142 oko\u0142o trzech lat. Tam Chrystus bezpo\u015brednio wtajemniczy\u0142 go w swoj\u0105 nauk\u0119. Pawe\u0142 przestudiowa\u0142 i przeanalizowa\u0142 na nowo Stare Przymierze.<\/div>\n<div class=\"MsoNormal\" style=\"color: #0f0f0f; font-family: 'Times New Roman'; font-size: 14px; margin-bottom: 0px; margin-left: 0px; margin-right: 0px; margin-top: 0.4em; text-align: justify; text-indent: 35.4pt;\">Nast\u0119pnie uda\u0142 si\u0119 do Jerozolimy&nbsp;<b>i przedstawi\u0142 si\u0119 Aposto\u0142om. Powitano go ze zrozumia\u0142\u0105 rezerw\u0105.<\/b>&nbsp;Tylko dzi\u0119ki interwencji Barnaby, kt\u00f3ry w\u015br\u00f3d Aposto\u0142\u00f3w za\u017cywa\u0142 wielkiej powagi,&nbsp;<b>uda\u0142o si\u0119 przychylnie nastawi\u0107 Aposto\u0142\u00f3w do Paw\u0142a.<\/b>&nbsp;Poniewa\u017c jednak tak\u017ce w Jerozolimie przygotowywano na Aposto\u0142a zasadzki, musia\u0142 chroni\u0107 si\u0119 ucieczk\u0105 do rodzinnego Tarsu.<\/div>\n<div class=\"MsoNormal\" style=\"color: #0f0f0f; font-family: 'Times New Roman'; font-size: 14px; margin-bottom: 0px; margin-left: 0px; margin-right: 0px; margin-top: 0.4em; text-align: justify; text-indent: 35.4pt;\">Stamt\u0105d wraz z Barnab\u0105 uda\u0142 si\u0119 do Antiochii, gdzie chrze\u015bcija\u0144stwo zapu\u015bci\u0142o ju\u017c korzenie. Obaj Aposto\u0142owie tamtejszej gminie<b>&nbsp;nadali niezwyk\u0142y rozw\u00f3j&nbsp;<\/b>przez to, \u017ce kiedy wzgardzili nimi \u017bydzi,&nbsp;<b>ci udali si\u0119 do pogan,&nbsp;<\/b>kt\u00f3rzy z rado\u015bci\u0105 przyjmowali Ewangeli\u0119 \u2013 tym ch\u0119tniej, \u017ce Pawe\u0142 i Barnaba zwalniali ich od obrzezania i prawa \u017cydowskiego, a \u017c\u0105dali&nbsp;<b>jedynie wiary w Chrystusa i odpowiednich obyczaj\u00f3w.<\/b><\/div>\n<div class=\"MsoNormal\" style=\"color: #0f0f0f; font-family: 'Times New Roman'; font-size: 14px; margin-bottom: 0px; margin-left: 0px; margin-right: 0px; margin-top: 0.4em; text-align: justify; text-indent: 35.4pt;\">Niestety, na tym tle dosz\u0142o do konfliktu, gdy\u017c nie brak\u0142o zwolennik\u00f3w tradycyjnej drogi, polegaj\u0105cej na konieczno\u015bci zachowywania prawa \u017cydowskiego i obrzezania.&nbsp;<b>Obie strony i tendencje mia\u0142y licznych zwolennik\u00f3w.<\/b>&nbsp;Zachodzi\u0142a obawa, \u017ce Aposto\u0142owie w Jerozolimie przychyl\u0105 si\u0119 raczej do zdania konserwatyst\u00f3w. Sami przecie\u017c pochodzili z narodu \u017cydowskiego i skrupulatnie zachowywali prawo moj\u017ceszowe. Jednak na wspomnianym ju\u017c&nbsp;<b>Soborze Apostolskim sprawa zosta\u0142a rozstrzygni\u0119ta na korzy\u015b\u0107 stanowiska Paw\u0142a i Barnaby.<\/b>&nbsp;By\u0142o to ich wielkie zwyci\u0119stwo.<\/div>\n<div class=\"MsoNormal\" style=\"color: #0f0f0f; font-family: 'Times New Roman'; font-size: 14px; margin-bottom: 0px; margin-left: 0px; margin-right: 0px; margin-top: 0.4em; text-align: justify; text-indent: 35.4pt;\">Od tej pory Pawe\u0142&nbsp;<b>rozpoczyna swoje cztery wielkie podr\u00f3\u017ce.<\/b>W\u015br\u00f3d nies\u0142ychanych przeszk\u00f3d tak natury fizycznej, jak i moralnej, prze\u015bladowany i m\u0119czony, przemierza obszary Syrii, Ma\u0142ej Azji, Grecji, Macedonii, Italii i prawdopodobnie Hiszpanii,&nbsp;<b>zak\u0142adaj\u0105c wsz\u0119dzie gminy chrze\u015bcija\u0144skie i wyznaczaj\u0105c w nich swoich zast\u0119pc\u00f3w.<\/b>&nbsp;Oblicza si\u0119, \u017ce w czterech swoich podr\u00f3\u017cach, w\u00f3wczas tak bardzo wyczerpuj\u0105cych i niebezpiecznych, Pawe\u0142 pokona\u0142 oko\u0142o dziesi\u0119ciu tysi\u0119cy kilometr\u00f3w \u2013 drogami tak morskimi, jak i l\u0105dowymi.<\/div>\n<div class=\"MsoNormal\" style=\"color: #0f0f0f; font-family: 'Times New Roman'; font-size: 14px; margin-bottom: 0px; margin-left: 0px; margin-right: 0px; margin-top: 0.4em; text-align: justify; text-indent: 35.4pt;\">Aresztowany zosta\u0142 w Jerozolimie w 60 roku. Kiedy namiestnik zamierza\u0142 wyda\u0107 go \u017bydom,&nbsp;<b>ten odwo\u0142a\u0142 si\u0119 do cesarza.<\/b>&nbsp;Przebywa\u0142 jednak w wi\u0119zieniu w Cezarei Palesty\u0144skiej ponad dwa lata, g\u0142osz\u0105c i tam Chrystusa. W Rzymie tak\u017ce jaki\u015b czas sp\u0119dzi\u0142 jako wi\u0119zie\u0144, a\u017c z powodu<b>braku dowod\u00f3w winy, zosta\u0142 wypuszczony na wolno\u015b\u0107.<\/b>&nbsp;Ze swojego wi\u0119zienia w Rzymie Pawe\u0142 wys\u0142a\u0142 szereg list\u00f3w do poszczeg\u00f3lnych gmin i os\u00f3b. Po wypuszczeniu na wolno\u015b\u0107, zapewne uda\u0142 si\u0119 do Hiszpanii, a stamt\u0105d powr\u00f3ci\u0142 do Achai. Nie wiemy, gdzie zosta\u0142 ponownie aresztowany. Jednak&nbsp;<b>sam fakt, \u017ce go tak pilnie poszukiwano, wskazuje, jak wielk\u0105 powag\u0105 si\u0119 cieszy\u0142.<\/b><\/div>\n<div class=\"MsoNormal\" style=\"color: #0f0f0f; font-family: 'Times New Roman'; font-size: 14px; margin-bottom: 0px; margin-left: 0px; margin-right: 0px; margin-top: 0.4em; text-align: justify; text-indent: 35.4pt;\"><b>Oko\u0142o67 roku Pawe\u0142 poni\u00f3s\u0142 \u015bmier\u0107 m\u0119cze\u0144sk\u0105. Wed\u0142ug bardzo staro\u017cytnego podania, zosta\u0142 \u015bci\u0119ty mieczem.<\/b>&nbsp;Nie jest znany dzie\u0144 jego \u015bmierci. Po edykcie cesarza Konstantyna Wielkiego, a wi\u0119c po roku 313, cia\u0142o \u015awi\u0119tego Piotra przeniesiono do Watykanu, a cia\u0142o \u015awi\u0119tego Paw\u0142a \u2013 na miejsce jego m\u0119cze\u0144stwa, gdzie cesarz wystawi\u0142 ku jego czci&nbsp;<b>Bazylik\u0119 pod wezwaniem Aposto\u0142a.<\/b><\/div>\n<div class=\"MsoNormal\" style=\"color: #0f0f0f; font-family: 'Times New Roman'; font-size: 14px; margin-bottom: 0px; margin-left: 0px; margin-right: 0px; margin-top: 0.4em; text-align: justify; text-indent: 35.4pt;\">Pawe\u0142 jest autorem&nbsp;<b>trzynastu list\u00f3w do gmin chrze\u015bcija\u0144skich,<\/b>w\u0142\u0105czonych do kanonu ksi\u0105g Nowego Testamentu.<\/div>\n<div class=\"MsoNormal\" style=\"color: #0f0f0f; font-family: 'Times New Roman'; font-size: 14px; margin-bottom: 0px; margin-left: 0px; margin-right: 0px; margin-top: 0.4em; text-align: justify; text-indent: 35.4pt;\">Ko\u015bci\u00f3\u0142 umieszcza w jednym dniu uroczysto\u015b\u0107 \u015awi\u0119tego Paw\u0142a wraz ze \u015awi\u0119tym Piotrem&nbsp;<b>nie dlatego, aby r\u00f3wna\u0142 go w prymacie z pierwszym Nast\u0119pc\u0105 Chrystusa.<\/b>&nbsp;Chodzi\u0142o jedynie o podkre\u015blenie, \u017ce obaj Aposto\u0142owie byli&nbsp;<b>wsp\u00f3\u0142za\u0142o\u017cycielami gminy chrze\u015bcija\u0144skiej w Rzymie,<\/b>\u017ce obaj w tym mie\u015bcie oddali dla Chrystusa swoje \u017cycie oraz \u017ce w Rzymie s\u0105 ich relikwie i sanktuaria. Najbardziej jednak zawa\u017cy\u0142a na po\u0142\u0105czeniu pami\u0105tki obu Aposto\u0142\u00f3w w jednym dniu&nbsp;<b>opinia, dzisiaj uznawana za myln\u0105, \u017ce obaj Aposto\u0142owie ponie\u015bli \u015bmier\u0107 m\u0119cze\u0144sk\u0105 w jednym dniu i roku.&nbsp;<\/b>Ju\u017c w roku 258 obchodzono \u015bwi\u0119to obu Aposto\u0142\u00f3w razem dnia 29 czerwca, tak na Zachodzie, jak te\u017c i na Wschodzie, co by wskazywa\u0142o na powszechne przekonanie, i\u017c to by\u0142 w\u0142a\u015bnie dzie\u0144 \u015bmierci obu Aposto\u0142\u00f3w.<\/div>\n<div class=\"MsoNormal\" style=\"color: #0f0f0f; font-family: 'Times New Roman'; font-size: 14px; margin-bottom: 0px; margin-left: 0px; margin-right: 0px; margin-top: 0.4em; text-align: justify; text-indent: 35.4pt;\">Z kolei&nbsp;<b>\u015awi\u0119ty Augustyn, w swoim kazaniu,<\/b>&nbsp;tak wypowiada si\u0119 na temat po\u0142\u0105czenia wspomnie\u0144 Aposto\u0142\u00f3w: \u201eW jednym i tym samym dniu czcimy m\u0119cze\u0144stwo dw\u00f3ch Aposto\u0142\u00f3w.&nbsp;<b>Oni tak\u017ce stanowili jedno. Chocia\u017c cierpieli w r\u00f3\u017cnych dniach, stanowili jedno.<\/b>&nbsp;Piotr wyruszy\u0142 pierwszy. Za nim pod\u0105\u017cy\u0142 Pawe\u0142. Obchodzimy dzi\u015b uroczysto\u015b\u0107 Aposto\u0142\u00f3w, u\u015bwi\u0119con\u0105 ich w\u0142asn\u0105 krwi\u0105.&nbsp;<b>Umi\u0142ujmy zatem ich wiar\u0119, \u017cycie, trudy, cierpienie, \u015bwiadectwo i nauk\u0119.\u201d<\/b><\/div>\n<div class=\"MsoNormal\" style=\"color: #0f0f0f; font-family: 'Times New Roman'; font-size: 14px; margin-bottom: 0px; margin-left: 0px; margin-right: 0px; margin-top: 0.4em; text-align: justify; text-indent: 35.4pt;\">A w prefacji mszalnej, w dniu dzisiejszym wyg\u0142aszanej, Ko\u015bci\u00f3\u0142 stwierdza: \u201eTy nam pozwalasz z rado\u015bci\u0105 oddawa\u0107 cze\u015b\u0107 \u015bwi\u0119tym Aposto\u0142om&nbsp;&nbsp;Piotrowi i Paw\u0142owi. Piotr pierwszy wyzna\u0142 wiar\u0119 w Chrystusa i z nawr\u00f3conych Izraelit\u00f3w za\u0142o\u017cy\u0142 pierwszy Ko\u015bci\u00f3\u0142. Pawe\u0142 otrzyma\u0142 \u0142ask\u0119 jasnego rozumienia prawd wiary i sta\u0142 si\u0119 nauczycielem narod\u00f3w poga\u0144skich.&nbsp;<b>Obdarzeni r\u00f3\u017cnymi darami zgromadzili w jednym Ko\u015bciele wyznawc\u00f3w Chrystusa i zjednoczeni w chwale niebieskiej, wsp\u00f3lnie odbieraj\u0105 cze\u015b\u0107 na ziemi.\u201d<\/b><\/div>\n<div class=\"MsoNormal\" style=\"color: #0f0f0f; font-family: 'Times New Roman'; font-size: 14px; margin-bottom: 0px; margin-left: 0px; margin-right: 0px; margin-top: 0.4em; text-align: justify; text-indent: 35.4pt;\">My tak\u017ce dzisiaj, oddaj\u0105c im obu cze\u015b\u0107 i wpatruj\u0105c si\u0119 w ich przyk\u0142ad, chcemy&nbsp;<b>odnowi\u0107 nasz\u0105 \u015bwiadomo\u015b\u0107 Ko\u015bcio\u0142a,<\/b>&nbsp;a wi\u0119c \u2013 \u015bwiadomo\u015b\u0107&nbsp;<b>przynale\u017cno\u015bci do Ko\u015bcio\u0142a,<\/b>&nbsp;pos\u0142usze\u0144stwa Ko\u015bcio\u0142owi,<b>odpowiedzialno\u015bci za Ko\u015bci\u00f3\u0142;<\/b>&nbsp;swoje bycie na bie\u017c\u0105co w sprawach Ko\u015bcio\u0142a, korzystanie z d\u00f3br duchowych, szafowanych w Ko\u015bciele,a w spos\u00f3b szczeg\u00f3lny \u2013 nasz\u0105&nbsp;<b>duchow\u0105 \u0142\u0105czno\u015b\u0107 ze Stolic\u0105 Apostolsk\u0105 i osob\u0105 Ojca \u015awi\u0119tego.<\/b><\/div>\n<div class=\"MsoNormal\" style=\"color: #0f0f0f; font-family: 'Times New Roman'; font-size: 14px; margin-bottom: 0px; margin-left: 0px; margin-right: 0px; margin-top: 0.4em; text-align: justify; text-indent: 35.4pt;\">W tym duchu pomy\u015blmy:<\/div>\n<ul style=\"color: #0f0f0f; font-family: 'Times New Roman'; font-size: 14px; margin-top: 0cm;\" type=\"disc\">\n<li class=\"MsoNormal\" style=\"text-align: justify;\">Jak cz\u0119sto modl\u0119 si\u0119 za Ojca \u015awi\u0119tego i kieruj\u0119 si\u0119 Jego nauczaniem?<\/li>\n<li class=\"MsoNormal\" style=\"text-align: justify;\">Czy wiem, czym aktualnie \u017cyje Ko\u015bci\u00f3\u0142 i czy na bie\u017c\u0105co jestem w jego sprawach?<\/li>\n<li class=\"MsoNormal\" style=\"text-align: justify;\">Czy jestem aktywnym aposto\u0142em Chrystusa w swoim otoczeniu?<\/li>\n<\/ul>\n<div class=\"MsoNormal\" style=\"color: #0f0f0f; font-family: 'Times New Roman'; font-size: 14px; margin-bottom: 0px; margin-left: 0px; margin-right: 0px; margin-top: 0.4em; text-align: justify; text-indent: 18pt;\"><b><i>Ty jeste\u015b Piotr \u2013 Opoka, i na tej opoce zbuduj\u0119 m\u00f3j Ko\u015bci\u00f3\u0142, a bramy piekielne go nie przemog\u0105<\/i><\/b>.<\/div>\n<div>\n<\/div>\n","protected":false},"excerpt":{"rendered":"<p>Szcz\u0119\u015b\u0107 Bo\u017ce! Bardzo serdecznie pozdrawiam ze s\u0142onecznej Szklarskiej Por\u0119by i dzi\u0119kuj\u0119 za tyle dobrych s\u0142\u00f3w, \u017cycze\u0144 i pozdrowie\u0144, jakie r\u00f3\u017cnymi drogami do mnie docieraj\u0105. Pozdrawiam w imieniu ca\u0142ej mojej Rodziny &#8211; Ekipy turystycznej, zapewniaj\u0105c o pami\u0119ci w modlitwie!&nbsp;&nbsp;&nbsp;&nbsp;&nbsp;&nbsp;&nbsp;&nbsp;&nbsp;&nbsp; Gaudium et spes! Ks. Jacek Uroczysto\u015b\u0107 \u015awi\u0119tych Aposto\u0142\u00f3w Piotra i Paw\u0142a do czyta\u0144:&nbsp;&nbsp;Dz 12,1\u201311;&nbsp;&nbsp;2 Tm 4,6\u20139;17\u201318;&nbsp;&nbsp;Mt 16,13\u201319 [&hellip;]<\/p>\n","protected":false},"author":1,"featured_media":0,"comment_status":"open","ping_status":"open","sticky":false,"template":"","format":"standard","meta":{"jetpack_post_was_ever_published":false,"_jetpack_newsletter_access":"","_jetpack_dont_email_post_to_subs":false,"_jetpack_newsletter_tier_id":0,"_jetpack_memberships_contains_paywalled_content":false,"_jetpack_memberships_contains_paid_content":false,"footnotes":""},"categories":[1],"tags":[],"class_list":["post-9810","post","type-post","status-publish","format-standard","hentry","category-bez-kategorii"],"yoast_head":"<!-- This site is optimized with the Yoast SEO plugin v25.1 - https:\/\/yoast.com\/wordpress\/plugins\/seo\/ -->\n<title>Ty jeste\u015b Piotr - Opoka! - Gaudium Et Spes<\/title>\n<meta name=\"robots\" content=\"index, follow, max-snippet:-1, max-image-preview:large, max-video-preview:-1\" \/>\n<link rel=\"canonical\" href=\"https:\/\/gaudiumetspes-blog.pl\/index.php\/2011\/06\/29\/ty-jestes-piotr-opoka-2\/\" \/>\n<meta property=\"og:locale\" content=\"pl_PL\" \/>\n<meta property=\"og:type\" content=\"article\" \/>\n<meta property=\"og:title\" content=\"Ty jeste\u015b Piotr - Opoka! - Gaudium Et Spes\" \/>\n<meta property=\"og:description\" content=\"Szcz\u0119\u015b\u0107 Bo\u017ce! Bardzo serdecznie pozdrawiam ze s\u0142onecznej Szklarskiej Por\u0119by i dzi\u0119kuj\u0119 za tyle dobrych s\u0142\u00f3w, \u017cycze\u0144 i pozdrowie\u0144, jakie r\u00f3\u017cnymi drogami do mnie docieraj\u0105. Pozdrawiam w imieniu ca\u0142ej mojej Rodziny &#8211; Ekipy turystycznej, zapewniaj\u0105c o pami\u0119ci w modlitwie!&nbsp;&nbsp;&nbsp;&nbsp;&nbsp;&nbsp;&nbsp;&nbsp;&nbsp;&nbsp; Gaudium et spes! Ks. Jacek Uroczysto\u015b\u0107 \u015awi\u0119tych Aposto\u0142\u00f3w Piotra i Paw\u0142a do czyta\u0144:&nbsp;&nbsp;Dz 12,1\u201311;&nbsp;&nbsp;2 Tm 4,6\u20139;17\u201318;&nbsp;&nbsp;Mt 16,13\u201319 [&hellip;]\" \/>\n<meta property=\"og:url\" content=\"https:\/\/gaudiumetspes-blog.pl\/index.php\/2011\/06\/29\/ty-jestes-piotr-opoka-2\/\" \/>\n<meta property=\"og:site_name\" content=\"Gaudium Et Spes\" \/>\n<meta property=\"article:published_time\" content=\"2011-06-29T14:37:00+00:00\" \/>\n<meta property=\"article:modified_time\" content=\"2019-07-31T10:52:26+00:00\" \/>\n<meta name=\"author\" content=\"Ks. Jacek\" \/>\n<meta name=\"twitter:card\" content=\"summary_large_image\" \/>\n<meta name=\"twitter:label1\" content=\"Napisane przez\" \/>\n\t<meta name=\"twitter:data1\" content=\"Ks. Jacek\" \/>\n\t<meta name=\"twitter:label2\" content=\"Szacowany czas czytania\" \/>\n\t<meta name=\"twitter:data2\" content=\"12 minut\" \/>\n<script type=\"application\/ld+json\" class=\"yoast-schema-graph\">{\"@context\":\"https:\/\/schema.org\",\"@graph\":[{\"@type\":\"WebPage\",\"@id\":\"https:\/\/gaudiumetspes-blog.pl\/index.php\/2011\/06\/29\/ty-jestes-piotr-opoka-2\/\",\"url\":\"https:\/\/gaudiumetspes-blog.pl\/index.php\/2011\/06\/29\/ty-jestes-piotr-opoka-2\/\",\"name\":\"Ty jeste\u015b Piotr - Opoka! - Gaudium Et Spes\",\"isPartOf\":{\"@id\":\"https:\/\/gaudiumetspes-blog.pl\/#website\"},\"datePublished\":\"2011-06-29T14:37:00+00:00\",\"dateModified\":\"2019-07-31T10:52:26+00:00\",\"author\":{\"@id\":\"https:\/\/gaudiumetspes-blog.pl\/#\/schema\/person\/1661982992b752dea8dff0d4ed845a65\"},\"breadcrumb\":{\"@id\":\"https:\/\/gaudiumetspes-blog.pl\/index.php\/2011\/06\/29\/ty-jestes-piotr-opoka-2\/#breadcrumb\"},\"inLanguage\":\"pl-PL\",\"potentialAction\":[{\"@type\":\"ReadAction\",\"target\":[\"https:\/\/gaudiumetspes-blog.pl\/index.php\/2011\/06\/29\/ty-jestes-piotr-opoka-2\/\"]}]},{\"@type\":\"BreadcrumbList\",\"@id\":\"https:\/\/gaudiumetspes-blog.pl\/index.php\/2011\/06\/29\/ty-jestes-piotr-opoka-2\/#breadcrumb\",\"itemListElement\":[{\"@type\":\"ListItem\",\"position\":1,\"name\":\"Strona g\u0142\u00f3wna\",\"item\":\"https:\/\/gaudiumetspes-blog.pl\/\"},{\"@type\":\"ListItem\",\"position\":2,\"name\":\"Ty jeste\u015b Piotr &#8211; Opoka!\"}]},{\"@type\":\"WebSite\",\"@id\":\"https:\/\/gaudiumetspes-blog.pl\/#website\",\"url\":\"https:\/\/gaudiumetspes-blog.pl\/\",\"name\":\"Gaudium Et Spes\",\"description\":\"Blog Ks. Jacka Ja\u015bkowskiego\",\"potentialAction\":[{\"@type\":\"SearchAction\",\"target\":{\"@type\":\"EntryPoint\",\"urlTemplate\":\"https:\/\/gaudiumetspes-blog.pl\/?s={search_term_string}\"},\"query-input\":{\"@type\":\"PropertyValueSpecification\",\"valueRequired\":true,\"valueName\":\"search_term_string\"}}],\"inLanguage\":\"pl-PL\"},{\"@type\":\"Person\",\"@id\":\"https:\/\/gaudiumetspes-blog.pl\/#\/schema\/person\/1661982992b752dea8dff0d4ed845a65\",\"name\":\"Ks. Jacek\",\"image\":{\"@type\":\"ImageObject\",\"inLanguage\":\"pl-PL\",\"@id\":\"https:\/\/gaudiumetspes-blog.pl\/#\/schema\/person\/image\/\",\"url\":\"https:\/\/gaudiumetspes-blog.pl\/wp-content\/uploads\/2019\/07\/avatar-JJ-150x150.jpg\",\"contentUrl\":\"https:\/\/gaudiumetspes-blog.pl\/wp-content\/uploads\/2019\/07\/avatar-JJ-150x150.jpg\",\"caption\":\"Ks. Jacek\"},\"description\":\"Witam serdecznie! K\u0142ania si\u0119 Ks. Jacek Ja\u015bkowski. Nie jestem ani kim\u015b wa\u017cnym, ani kim\u015b znanym. Jestem ksi\u0119dzem, kt\u00f3ry po prostu chce rozmawia\u0107. Codzienna kap\u0142a\u0144ska pos\u0142uga pokazuje mi, \u017ce temat\u00f3w do rozm\u00f3w z ksi\u0119dzem jest coraz wi\u0119cej i dzisiaj \u017caden ksi\u0105dz nie mo\u017ce od nich ucieka\u0107, ale - wprost przeciwnie - podejmowa\u0107 nowe wyzwania. To przekonanie sk\u0142oni\u0142o mnie do pr\u00f3by otwarcia tego\u017c bloga, chocia\u017c okazji do rozm\u00f3w na co dzie\u0144 - w konfesjonale i poza nim - na szcz\u0119\u015bcie nie brakuje. My\u015bl\u0119 jednak, \u017ce ten blog b\u0119dzie jeszcze jednym sposobem i przestrzeni\u0105 nawi\u0105zania kontaktu z lud\u017ami dobrej woli, otwartymi na dialog.\",\"url\":\"https:\/\/gaudiumetspes-blog.pl\/index.php\/author\/ks-jacek\/\"}]}<\/script>\n<!-- \/ Yoast SEO plugin. -->","yoast_head_json":{"title":"Ty jeste\u015b Piotr - Opoka! - Gaudium Et Spes","robots":{"index":"index","follow":"follow","max-snippet":"max-snippet:-1","max-image-preview":"max-image-preview:large","max-video-preview":"max-video-preview:-1"},"canonical":"https:\/\/gaudiumetspes-blog.pl\/index.php\/2011\/06\/29\/ty-jestes-piotr-opoka-2\/","og_locale":"pl_PL","og_type":"article","og_title":"Ty jeste\u015b Piotr - Opoka! - Gaudium Et Spes","og_description":"Szcz\u0119\u015b\u0107 Bo\u017ce! Bardzo serdecznie pozdrawiam ze s\u0142onecznej Szklarskiej Por\u0119by i dzi\u0119kuj\u0119 za tyle dobrych s\u0142\u00f3w, \u017cycze\u0144 i pozdrowie\u0144, jakie r\u00f3\u017cnymi drogami do mnie docieraj\u0105. Pozdrawiam w imieniu ca\u0142ej mojej Rodziny &#8211; Ekipy turystycznej, zapewniaj\u0105c o pami\u0119ci w modlitwie!&nbsp;&nbsp;&nbsp;&nbsp;&nbsp;&nbsp;&nbsp;&nbsp;&nbsp;&nbsp; Gaudium et spes! Ks. Jacek Uroczysto\u015b\u0107 \u015awi\u0119tych Aposto\u0142\u00f3w Piotra i Paw\u0142a do czyta\u0144:&nbsp;&nbsp;Dz 12,1\u201311;&nbsp;&nbsp;2 Tm 4,6\u20139;17\u201318;&nbsp;&nbsp;Mt 16,13\u201319 [&hellip;]","og_url":"https:\/\/gaudiumetspes-blog.pl\/index.php\/2011\/06\/29\/ty-jestes-piotr-opoka-2\/","og_site_name":"Gaudium Et Spes","article_published_time":"2011-06-29T14:37:00+00:00","article_modified_time":"2019-07-31T10:52:26+00:00","author":"Ks. Jacek","twitter_card":"summary_large_image","twitter_misc":{"Napisane przez":"Ks. Jacek","Szacowany czas czytania":"12 minut"},"schema":{"@context":"https:\/\/schema.org","@graph":[{"@type":"WebPage","@id":"https:\/\/gaudiumetspes-blog.pl\/index.php\/2011\/06\/29\/ty-jestes-piotr-opoka-2\/","url":"https:\/\/gaudiumetspes-blog.pl\/index.php\/2011\/06\/29\/ty-jestes-piotr-opoka-2\/","name":"Ty jeste\u015b Piotr - Opoka! - Gaudium Et Spes","isPartOf":{"@id":"https:\/\/gaudiumetspes-blog.pl\/#website"},"datePublished":"2011-06-29T14:37:00+00:00","dateModified":"2019-07-31T10:52:26+00:00","author":{"@id":"https:\/\/gaudiumetspes-blog.pl\/#\/schema\/person\/1661982992b752dea8dff0d4ed845a65"},"breadcrumb":{"@id":"https:\/\/gaudiumetspes-blog.pl\/index.php\/2011\/06\/29\/ty-jestes-piotr-opoka-2\/#breadcrumb"},"inLanguage":"pl-PL","potentialAction":[{"@type":"ReadAction","target":["https:\/\/gaudiumetspes-blog.pl\/index.php\/2011\/06\/29\/ty-jestes-piotr-opoka-2\/"]}]},{"@type":"BreadcrumbList","@id":"https:\/\/gaudiumetspes-blog.pl\/index.php\/2011\/06\/29\/ty-jestes-piotr-opoka-2\/#breadcrumb","itemListElement":[{"@type":"ListItem","position":1,"name":"Strona g\u0142\u00f3wna","item":"https:\/\/gaudiumetspes-blog.pl\/"},{"@type":"ListItem","position":2,"name":"Ty jeste\u015b Piotr &#8211; Opoka!"}]},{"@type":"WebSite","@id":"https:\/\/gaudiumetspes-blog.pl\/#website","url":"https:\/\/gaudiumetspes-blog.pl\/","name":"Gaudium Et Spes","description":"Blog Ks. Jacka Ja\u015bkowskiego","potentialAction":[{"@type":"SearchAction","target":{"@type":"EntryPoint","urlTemplate":"https:\/\/gaudiumetspes-blog.pl\/?s={search_term_string}"},"query-input":{"@type":"PropertyValueSpecification","valueRequired":true,"valueName":"search_term_string"}}],"inLanguage":"pl-PL"},{"@type":"Person","@id":"https:\/\/gaudiumetspes-blog.pl\/#\/schema\/person\/1661982992b752dea8dff0d4ed845a65","name":"Ks. Jacek","image":{"@type":"ImageObject","inLanguage":"pl-PL","@id":"https:\/\/gaudiumetspes-blog.pl\/#\/schema\/person\/image\/","url":"https:\/\/gaudiumetspes-blog.pl\/wp-content\/uploads\/2019\/07\/avatar-JJ-150x150.jpg","contentUrl":"https:\/\/gaudiumetspes-blog.pl\/wp-content\/uploads\/2019\/07\/avatar-JJ-150x150.jpg","caption":"Ks. Jacek"},"description":"Witam serdecznie! K\u0142ania si\u0119 Ks. Jacek Ja\u015bkowski. Nie jestem ani kim\u015b wa\u017cnym, ani kim\u015b znanym. Jestem ksi\u0119dzem, kt\u00f3ry po prostu chce rozmawia\u0107. Codzienna kap\u0142a\u0144ska pos\u0142uga pokazuje mi, \u017ce temat\u00f3w do rozm\u00f3w z ksi\u0119dzem jest coraz wi\u0119cej i dzisiaj \u017caden ksi\u0105dz nie mo\u017ce od nich ucieka\u0107, ale - wprost przeciwnie - podejmowa\u0107 nowe wyzwania. To przekonanie sk\u0142oni\u0142o mnie do pr\u00f3by otwarcia tego\u017c bloga, chocia\u017c okazji do rozm\u00f3w na co dzie\u0144 - w konfesjonale i poza nim - na szcz\u0119\u015bcie nie brakuje. My\u015bl\u0119 jednak, \u017ce ten blog b\u0119dzie jeszcze jednym sposobem i przestrzeni\u0105 nawi\u0105zania kontaktu z lud\u017ami dobrej woli, otwartymi na dialog.","url":"https:\/\/gaudiumetspes-blog.pl\/index.php\/author\/ks-jacek\/"}]}},"jetpack_featured_media_url":"","jetpack_sharing_enabled":true,"_links":{"self":[{"href":"https:\/\/gaudiumetspes-blog.pl\/index.php\/wp-json\/wp\/v2\/posts\/9810","targetHints":{"allow":["GET"]}}],"collection":[{"href":"https:\/\/gaudiumetspes-blog.pl\/index.php\/wp-json\/wp\/v2\/posts"}],"about":[{"href":"https:\/\/gaudiumetspes-blog.pl\/index.php\/wp-json\/wp\/v2\/types\/post"}],"author":[{"embeddable":true,"href":"https:\/\/gaudiumetspes-blog.pl\/index.php\/wp-json\/wp\/v2\/users\/1"}],"replies":[{"embeddable":true,"href":"https:\/\/gaudiumetspes-blog.pl\/index.php\/wp-json\/wp\/v2\/comments?post=9810"}],"version-history":[{"count":1,"href":"https:\/\/gaudiumetspes-blog.pl\/index.php\/wp-json\/wp\/v2\/posts\/9810\/revisions"}],"predecessor-version":[{"id":10273,"href":"https:\/\/gaudiumetspes-blog.pl\/index.php\/wp-json\/wp\/v2\/posts\/9810\/revisions\/10273"}],"wp:attachment":[{"href":"https:\/\/gaudiumetspes-blog.pl\/index.php\/wp-json\/wp\/v2\/media?parent=9810"}],"wp:term":[{"taxonomy":"category","embeddable":true,"href":"https:\/\/gaudiumetspes-blog.pl\/index.php\/wp-json\/wp\/v2\/categories?post=9810"},{"taxonomy":"post_tag","embeddable":true,"href":"https:\/\/gaudiumetspes-blog.pl\/index.php\/wp-json\/wp\/v2\/tags?post=9810"}],"curies":[{"name":"wp","href":"https:\/\/api.w.org\/{rel}","templated":true}]}}