{"id":9812,"date":"2011-06-27T16:35:00","date_gmt":"2011-06-27T14:35:00","guid":{"rendered":"https:\/\/gaudiumetspes-blog.pl\/index.php\/2011\/06\/27\/pojdz-za-mna-radykalnie\/"},"modified":"2019-07-31T12:52:25","modified_gmt":"2019-07-31T10:52:25","slug":"pojdz-za-mna-radykalnie","status":"publish","type":"post","link":"https:\/\/gaudiumetspes-blog.pl\/index.php\/2011\/06\/27\/pojdz-za-mna-radykalnie\/","title":{"rendered":"P\u00f3jd\u017a za Mn\u0105 &#8211; radykalnie!"},"content":{"rendered":"<p>Szcz\u0119\u015b\u0107 Bo\u017ce! Bardzo serdecznie witam i pozdrawiam w pierwszym tygodniu wakacji. Dzisiaj, wraz z Rodzicami i Bratem Markiem, kt\u00f3ry jeszcze jest w Polsce, udajemy si\u0119 do Szklarskiej Por\u0119by na kilka dni takiego rodzinnego odpoczynku. Okazja do tego nie zdarza si\u0119 zbyt cz\u0119sto &#8211; a to ze wzgl\u0119du na prac\u0119 Marka na Syberii. Dlatego bardzo si\u0119 ciesz\u0119 z tego wyjazdu i w\u0142a\u015bnie ze Szklarskiej Por\u0119by b\u0119d\u0119 przysy\u0142a\u0142 kolejne wpisy &#8211; o ile nie b\u0119dzie problem\u00f3w z internetem. Serdecznie pozdrawiam i zapraszam do refleksji nad radykalizmem naszego chrze\u015bcija\u0144skiej postawy!<br style=\"font-family: 'Times New Roman';\" \/>&nbsp;&nbsp;&nbsp;&nbsp;&nbsp;&nbsp;&nbsp;&nbsp;&nbsp; Gaudium et spes! Ks. Jacek<\/p>\n<div class=\"MsoNormal\" style=\"color: #0f0f0f; font-family: 'Times New Roman'; font-size: 14px; margin-bottom: 0px; margin-left: 0px; margin-right: 0px; margin-top: 0.4em; text-align: justify;\"><b>Poniedzia\u0142ek 13 tygodnia zwyk\u0142ego, rok I,<\/b><\/div>\n<div class=\"MsoNormal\" style=\"color: #0f0f0f; font-family: 'Times New Roman'; font-size: 14px; margin-bottom: 0px; margin-left: 0px; margin-right: 0px; margin-top: 0.4em; text-align: justify;\"><b>do czyta\u0144:&nbsp;&nbsp;Rdz 18,16\u201333;&nbsp;&nbsp;Mt 8,18\u201322<\/b><\/div>\n<div class=\"MsoNormal\" style=\"color: #0f0f0f; font-family: 'Times New Roman'; font-size: 14px; margin-bottom: 0px; margin-left: 0px; margin-right: 0px; margin-top: 0.4em; text-align: justify; text-indent: 35.4pt;\">Trzej wys\u0142annicy Bo\u017cy, kt\u00f3rzy wcze\u015bniej byli u Abrahama i zapowiedzieli, \u017ce b\u0119dzie mia\u0142 potomka \u2013 ku wielkiemu niedowierzaniu Sary \u2013 w\u0142a\u015bnie ci tajemniczy m\u0119\u017cowie, po po\u017cegnaniu si\u0119 z Abrahamem i odprowadzeniu przez niego,&nbsp;<b>udali si\u0119 do Sodomy.<\/b>&nbsp;A dlaczego akurat tam si\u0119 udali? Dowiadujemy si\u0119 o tym z dzisiejszego pierwszego czytania. Sam B\u00f3g informuje Abrahama, m\u00f3wi\u0105c:&nbsp;<i>Skarga na Sodom\u0119 i Gomor\u0119 g\u0142o\u015bno si\u0119 rozlega,&nbsp;<b>bo wyst\u0119pki ich mieszka\u0144c\u00f3w s\u0105 bardzo ci\u0119\u017ckie.<\/b>&nbsp;Chc\u0119 wi\u0119c i\u015b\u0107 i zobaczy\u0107,&nbsp;<b>czy post\u0119puj\u0105 tak, jak g\u0142osi oskar\u017cenie,<\/b>&nbsp;kt\u00f3re do Mnie dosz\u0142o, czy nie \u2013 dowiem si\u0119<\/i>.<\/div>\n<div class=\"MsoNormal\" style=\"color: #0f0f0f; font-family: 'Times New Roman'; font-size: 14px; margin-bottom: 0px; margin-left: 0px; margin-right: 0px; margin-top: 0.4em; text-align: justify; text-indent: 35.4pt;\">Jak s\u0142yszymy, w\u0142a\u015bnie w tym momencie tajemniczy m\u0119\u017cowie wyruszyli w kierunku wskazanych miast, podczas gdy Abraham zosta\u0142 przed Panem&nbsp;<b>i wda\u0142 si\u0119 z Nim w rozmow\u0119. Bardzo dziwn\u0105 rozmow\u0119! Niezwyk\u0142\u0105 \u2013 pod ka\u017cdym wzgl\u0119dem!<\/b><\/div>\n<div class=\"MsoNormal\" style=\"color: #0f0f0f; font-family: 'Times New Roman'; font-size: 14px; margin-bottom: 0px; margin-left: 0px; margin-right: 0px; margin-top: 0.4em; text-align: justify; text-indent: 35.4pt;\">Oto bowiem kiedy Abraham dowiedzia\u0142 si\u0119, w czym rzecz, zacz\u0105\u0142<b>dos\u0142ownie targowa\u0107 si\u0119 z Bogiem o ocalenie obu miast.<\/b>&nbsp;To prawda, \u017ce targowanie si\u0119 jest czym\u015b bardzo znamiennym i charakterystycznym dla ludzi Wschodu, niemniej jednak ta rozmowa musi nas zadziwia\u0107. I w sumie, to nawet nie wiadomo, co bardziej<b>: czy \u015bmia\u0142o\u015b\u0107 Abrahama, czy cierpliwo\u015b\u0107 Boga,<\/b>&nbsp;kt\u00f3ry niczym nie zra\u017cony, odpowiada\u0142 na kolejne pytania i&nbsp;<b>nie z\u0142o\u015bci\u0142 si\u0119,<\/b>&nbsp;gdy Abraham coraz bardziej obni\u017ca\u0142 liczb\u0119 sprawiedliwych, konieczn\u0105 do ocalenia miasta.<\/div>\n<div class=\"MsoNormal\" style=\"color: #0f0f0f; font-family: 'Times New Roman'; font-size: 14px; margin-bottom: 0px; margin-left: 0px; margin-right: 0px; margin-top: 0.4em; text-align: justify; text-indent: 35.4pt;\">Naprawd\u0119, mo\u017cemy podziwia\u0107 \u0142askawo\u015b\u0107 i mi\u0142osierdzie Boga, a jednocze\u015bnie przekonujemy si\u0119, \u017ce B\u00f3g, nawet kiedy zsy\u0142ana ludzi kar\u0119, to<b>nie po to, aby si\u0119 zem\u015bci\u0107, czy odegra\u0107, ale po to, by przestrzec, napomnie\u0107<\/b>&nbsp;\u2013 nieraz nawet w spos\u00f3b bardzo ostry \u2013 a&nbsp;<b>w ostateczno\u015bci jednak zbawi\u0107 cz\u0142owieka.<\/b>&nbsp;Dlatego zanim kara obu miastom zosta\u0142a wymierzona, B\u00f3g \u2013 po pierwsze \u2013 przez pos\u0142a\u0144c\u00f3w chcia\u0142 si\u0119&nbsp;<b>przekona\u0107 o prawdziwo\u015bci oskar\u017cenia,<\/b>&nbsp;a po drugie: dopu\u015bci\u0142 tak\u0105 rozmow\u0119, jak ta z Abrahamem, aby przekona\u0107 ludzi, \u017ce&nbsp;<b>chce im da\u0107 szans\u0119 i daje mo\u017cliwo\u015b\u0107 nawr\u00f3cenia.<\/b><\/div>\n<div class=\"MsoNormal\" style=\"color: #0f0f0f; font-family: 'Times New Roman'; font-size: 14px; margin-bottom: 0px; margin-left: 0px; margin-right: 0px; margin-top: 0.4em; text-align: justify; text-indent: 35.4pt;\">Oczywi\u015bcie, i jeden, i drugi gest ze strony Boga ma znaczenia symboliczne, bo przecie\u017c&nbsp;<b>B\u00f3g doskonale wiedzia\u0142, co si\u0119 dzieje w obu miastach<\/b>&nbsp;i to targowanie z Abrahamem to tak\u017ce nie jaka\u015b k\u0142\u00f3tnia z Bogiem. Wszystko to jednak po to, aby&nbsp;<b>pokaza\u0107 spos\u00f3b my\u015blenia i post\u0119powania Pana Boga:<\/b>&nbsp;<b>B\u00f3g bezgranicznie kocha cz\u0142owieka i zawsze daje mu szans\u0119.&nbsp;<\/b>Zale\u017cy Mu na cz\u0142owieku i robi, co mo\u017ce, aby go ratowa\u0107.<\/div>\n<div class=\"MsoNormal\" style=\"color: #0f0f0f; font-family: 'Times New Roman'; font-size: 14px; margin-bottom: 0px; margin-left: 0px; margin-right: 0px; margin-top: 0.4em; text-align: justify; text-indent: 35.4pt;\">Jednak taka postawa Boga domaga si\u0119 r\u00f3wnie\u017c podobnej postawy ze strony cz\u0142owieka! Cz\u0142owiek, kt\u00f3ry chce wej\u015b\u0107 w pe\u0142ne zjednoczenie z Bogiem, powinien&nbsp;<b>odda\u0107 si\u0119 Mu i zaufa\u0107 ca\u0142kowicie!<\/b>&nbsp;Jasno m\u00f3wi o tym dzisiejsza Ewangelia.<\/div>\n<div class=\"MsoNormal\" style=\"color: #0f0f0f; font-family: 'Times New Roman'; font-size: 14px; margin-bottom: 0px; margin-left: 0px; margin-right: 0px; margin-top: 0.4em; text-align: justify; text-indent: 35.4pt;\">Uczony w Pi\u015bmie, gdy wyrazi\u0142 pragnienie p\u00f3j\u015bcia za Jezusem, dok\u0105dkolwiek tylko si\u0119 On uda, us\u0142ysza\u0142, \u017ce&nbsp;<b>Jezus nie ma na tej ziemi nawet swojego sta\u0142ego miejsca zamieszkania.<\/b>&nbsp;Zatem chc\u0105c by\u0107 Jego uczniem, trzeba dzieli\u0107 los Mistrza, a wi\u0119c&nbsp;<b>wyrzec si\u0119 wszystkiego, nawet przywi\u0105zania do konkretnego miejsca na ziemi.<\/b><\/div>\n<div class=\"MsoNormal\" style=\"color: #0f0f0f; font-family: 'Times New Roman'; font-size: 14px; margin-bottom: 0px; margin-left: 0px; margin-right: 0px; margin-top: 0.4em; text-align: justify; text-indent: 35.4pt;\">Z kolei drugi chcia\u0142 p\u00f3j\u015b\u0107 za Jezusem, ale najpierw pragn\u0105\u0142 pogrzeba\u0107 swego ojca. Dodajmy, \u017ce pochowanie zmar\u0142ego ojca by\u0142o u \u017byd\u00f3w traktowane jako&nbsp;<b>niezwykle wa\u017cny obowi\u0105zek.&nbsp;<\/b>Jednak i on us\u0142ysza\u0142 bardzo znamienne i twarde s\u0142owa:&nbsp;<b><i>P\u00f3jd\u017a za Mn\u0105, a zostaw umar\u0142ym grzebanie ich umar\u0142ych<\/i>!<\/b>&nbsp;To na pewno nie znaczy, \u017ceby zaniedba\u0107 obowi\u0105zek wobec zmar\u0142ego ojca. Ale w ten w\u0142a\u015bciwy dla siebie spos\u00f3b Jezus radykalnie poucza, \u017ce&nbsp;<b>najpierw trzeba by\u0107 Jego uczniem, \u017ce Jego trzeba postawi\u0107 na pierwszym miejscu,<\/b>&nbsp;a wtedy wszystko z pewno\u015bci\u0105 b\u0119dzie&nbsp;<b>na swoim w\u0142a\u015bciwym miejscu.<\/b><\/div>\n<div class=\"MsoNormal\" style=\"color: #0f0f0f; font-family: 'Times New Roman'; font-size: 14px; margin-bottom: 0px; margin-left: 0px; margin-right: 0px; margin-top: 0.4em; text-align: justify; text-indent: 35.4pt;\">Kochani, pouczenie, jakie p\u0142ynie z dzisiejszego S\u0142owa jest jasne i konkretne:&nbsp;<b>nasze oddanie Bogu i zaufanie do Niego winno by\u0107 ca\u0142kowite, jednoznaczne i radykalne,<\/b>&nbsp;bez \u017cadnej po\u0142owiczno\u015bci i z wykluczeniem jakiegokolwiek minimalizmu. A dlaczego tak ma ono wygl\u0105da\u0107?&nbsp;<b>Bo B\u00f3g pierwszy nas ukocha\u0142 \u2013 i to w\u0142a\u015bnie mi\u0142o\u015bci\u0105 radykaln\u0105, ca\u0142kowit\u0105 i bezgraniczn\u0105!<\/b>&nbsp;Dlatego w\u0142a\u015bnie w chrze\u015bcija\u0144stwie<b>nie ma miejsca na przeci\u0119tno\u015b\u0107, minimalizm i miernot\u0119!<\/b><\/div>\n<div class=\"MsoNormal\" style=\"color: #0f0f0f; font-family: 'Times New Roman'; font-size: 14px; margin-bottom: 0px; margin-left: 0px; margin-right: 0px; margin-top: 0.4em; text-align: justify; text-indent: 35.4pt;\">W tym duchu zastan\u00f3wmy si\u0119:<\/div>\n<ul style=\"color: #0f0f0f; font-family: 'Times New Roman'; font-size: 14px; margin-top: 0cm;\" type=\"disc\">\n<li class=\"MsoNormal\" style=\"text-align: justify;\">Czy zawsze daj\u0119 z siebie \u201ewi\u0119cej\u201d i daj\u0119 z mi\u0142o\u015bci\u0105: tak Bogu, jak i drugiemu cz\u0142owiekowi?<\/li>\n<li class=\"MsoNormal\" style=\"text-align: justify;\">Jak walcz\u0119 z przeci\u0119tno\u015bci\u0105 i miernot\u0105 w swoim chrze\u015bcija\u0144skim \u017cyciu?<\/li>\n<li class=\"MsoNormal\" style=\"text-align: justify;\">Na ile wytrwa\u0142a i szczera jest moja modlitwa do Boga?<\/li>\n<\/ul>\n<div class=\"MsoNormal\" style=\"color: #0f0f0f; font-family: 'Times New Roman'; font-size: 14px; margin-bottom: 0px; margin-left: 0px; margin-right: 0px; margin-top: 0.4em; text-align: justify; text-indent: 18pt;\"><b><i>P\u00f3jd\u017a za Mn\u0105, a zostaw umar\u0142ym grzebanie ich umar\u0142ych<\/i><\/b><b>!<\/b><\/div>\n<div><b><br \/>\n<\/b><\/div>\n","protected":false},"excerpt":{"rendered":"<p>Szcz\u0119\u015b\u0107 Bo\u017ce! Bardzo serdecznie witam i pozdrawiam w pierwszym tygodniu wakacji. Dzisiaj, wraz z Rodzicami i Bratem Markiem, kt\u00f3ry jeszcze jest w Polsce, udajemy si\u0119 do Szklarskiej Por\u0119by na kilka dni takiego rodzinnego odpoczynku. Okazja do tego nie zdarza si\u0119 zbyt cz\u0119sto &#8211; a to ze wzgl\u0119du na prac\u0119 Marka na Syberii. Dlatego bardzo si\u0119 [&hellip;]<\/p>\n","protected":false},"author":1,"featured_media":0,"comment_status":"open","ping_status":"open","sticky":false,"template":"","format":"standard","meta":{"jetpack_post_was_ever_published":false,"_jetpack_newsletter_access":"","_jetpack_dont_email_post_to_subs":false,"_jetpack_newsletter_tier_id":0,"_jetpack_memberships_contains_paywalled_content":false,"_jetpack_memberships_contains_paid_content":false,"footnotes":""},"categories":[1],"tags":[],"class_list":["post-9812","post","type-post","status-publish","format-standard","hentry","category-bez-kategorii"],"yoast_head":"<!-- This site is optimized with the Yoast SEO plugin v25.1 - https:\/\/yoast.com\/wordpress\/plugins\/seo\/ -->\n<title>P\u00f3jd\u017a za Mn\u0105 - radykalnie! - Gaudium Et Spes<\/title>\n<meta name=\"robots\" content=\"index, follow, max-snippet:-1, max-image-preview:large, max-video-preview:-1\" \/>\n<link rel=\"canonical\" href=\"https:\/\/gaudiumetspes-blog.pl\/index.php\/2011\/06\/27\/pojdz-za-mna-radykalnie\/\" \/>\n<meta property=\"og:locale\" content=\"pl_PL\" \/>\n<meta property=\"og:type\" content=\"article\" \/>\n<meta property=\"og:title\" content=\"P\u00f3jd\u017a za Mn\u0105 - radykalnie! - Gaudium Et Spes\" \/>\n<meta property=\"og:description\" content=\"Szcz\u0119\u015b\u0107 Bo\u017ce! Bardzo serdecznie witam i pozdrawiam w pierwszym tygodniu wakacji. Dzisiaj, wraz z Rodzicami i Bratem Markiem, kt\u00f3ry jeszcze jest w Polsce, udajemy si\u0119 do Szklarskiej Por\u0119by na kilka dni takiego rodzinnego odpoczynku. Okazja do tego nie zdarza si\u0119 zbyt cz\u0119sto &#8211; a to ze wzgl\u0119du na prac\u0119 Marka na Syberii. Dlatego bardzo si\u0119 [&hellip;]\" \/>\n<meta property=\"og:url\" content=\"https:\/\/gaudiumetspes-blog.pl\/index.php\/2011\/06\/27\/pojdz-za-mna-radykalnie\/\" \/>\n<meta property=\"og:site_name\" content=\"Gaudium Et Spes\" \/>\n<meta property=\"article:published_time\" content=\"2011-06-27T14:35:00+00:00\" \/>\n<meta property=\"article:modified_time\" content=\"2019-07-31T10:52:25+00:00\" \/>\n<meta name=\"author\" content=\"Ks. Jacek\" \/>\n<meta name=\"twitter:card\" content=\"summary_large_image\" \/>\n<meta name=\"twitter:label1\" content=\"Napisane przez\" \/>\n\t<meta name=\"twitter:data1\" content=\"Ks. Jacek\" \/>\n\t<meta name=\"twitter:label2\" content=\"Szacowany czas czytania\" \/>\n\t<meta name=\"twitter:data2\" content=\"5 minut\" \/>\n<script type=\"application\/ld+json\" class=\"yoast-schema-graph\">{\"@context\":\"https:\/\/schema.org\",\"@graph\":[{\"@type\":\"WebPage\",\"@id\":\"https:\/\/gaudiumetspes-blog.pl\/index.php\/2011\/06\/27\/pojdz-za-mna-radykalnie\/\",\"url\":\"https:\/\/gaudiumetspes-blog.pl\/index.php\/2011\/06\/27\/pojdz-za-mna-radykalnie\/\",\"name\":\"P\u00f3jd\u017a za Mn\u0105 - radykalnie! - Gaudium Et Spes\",\"isPartOf\":{\"@id\":\"https:\/\/gaudiumetspes-blog.pl\/#website\"},\"datePublished\":\"2011-06-27T14:35:00+00:00\",\"dateModified\":\"2019-07-31T10:52:25+00:00\",\"author\":{\"@id\":\"https:\/\/gaudiumetspes-blog.pl\/#\/schema\/person\/1661982992b752dea8dff0d4ed845a65\"},\"breadcrumb\":{\"@id\":\"https:\/\/gaudiumetspes-blog.pl\/index.php\/2011\/06\/27\/pojdz-za-mna-radykalnie\/#breadcrumb\"},\"inLanguage\":\"pl-PL\",\"potentialAction\":[{\"@type\":\"ReadAction\",\"target\":[\"https:\/\/gaudiumetspes-blog.pl\/index.php\/2011\/06\/27\/pojdz-za-mna-radykalnie\/\"]}]},{\"@type\":\"BreadcrumbList\",\"@id\":\"https:\/\/gaudiumetspes-blog.pl\/index.php\/2011\/06\/27\/pojdz-za-mna-radykalnie\/#breadcrumb\",\"itemListElement\":[{\"@type\":\"ListItem\",\"position\":1,\"name\":\"Strona g\u0142\u00f3wna\",\"item\":\"https:\/\/gaudiumetspes-blog.pl\/\"},{\"@type\":\"ListItem\",\"position\":2,\"name\":\"P\u00f3jd\u017a za&nbsp;Mn\u0105 &#8211; radykalnie!\"}]},{\"@type\":\"WebSite\",\"@id\":\"https:\/\/gaudiumetspes-blog.pl\/#website\",\"url\":\"https:\/\/gaudiumetspes-blog.pl\/\",\"name\":\"Gaudium Et Spes\",\"description\":\"Blog Ks. Jacka Ja\u015bkowskiego\",\"potentialAction\":[{\"@type\":\"SearchAction\",\"target\":{\"@type\":\"EntryPoint\",\"urlTemplate\":\"https:\/\/gaudiumetspes-blog.pl\/?s={search_term_string}\"},\"query-input\":{\"@type\":\"PropertyValueSpecification\",\"valueRequired\":true,\"valueName\":\"search_term_string\"}}],\"inLanguage\":\"pl-PL\"},{\"@type\":\"Person\",\"@id\":\"https:\/\/gaudiumetspes-blog.pl\/#\/schema\/person\/1661982992b752dea8dff0d4ed845a65\",\"name\":\"Ks. Jacek\",\"image\":{\"@type\":\"ImageObject\",\"inLanguage\":\"pl-PL\",\"@id\":\"https:\/\/gaudiumetspes-blog.pl\/#\/schema\/person\/image\/\",\"url\":\"https:\/\/gaudiumetspes-blog.pl\/wp-content\/uploads\/2019\/07\/avatar-JJ-150x150.jpg\",\"contentUrl\":\"https:\/\/gaudiumetspes-blog.pl\/wp-content\/uploads\/2019\/07\/avatar-JJ-150x150.jpg\",\"caption\":\"Ks. Jacek\"},\"description\":\"Witam serdecznie! K\u0142ania si\u0119 Ks. Jacek Ja\u015bkowski. Nie jestem ani kim\u015b wa\u017cnym, ani kim\u015b znanym. Jestem ksi\u0119dzem, kt\u00f3ry po prostu chce rozmawia\u0107. Codzienna kap\u0142a\u0144ska pos\u0142uga pokazuje mi, \u017ce temat\u00f3w do rozm\u00f3w z ksi\u0119dzem jest coraz wi\u0119cej i dzisiaj \u017caden ksi\u0105dz nie mo\u017ce od nich ucieka\u0107, ale - wprost przeciwnie - podejmowa\u0107 nowe wyzwania. To przekonanie sk\u0142oni\u0142o mnie do pr\u00f3by otwarcia tego\u017c bloga, chocia\u017c okazji do rozm\u00f3w na co dzie\u0144 - w konfesjonale i poza nim - na szcz\u0119\u015bcie nie brakuje. My\u015bl\u0119 jednak, \u017ce ten blog b\u0119dzie jeszcze jednym sposobem i przestrzeni\u0105 nawi\u0105zania kontaktu z lud\u017ami dobrej woli, otwartymi na dialog.\",\"url\":\"https:\/\/gaudiumetspes-blog.pl\/index.php\/author\/ks-jacek\/\"}]}<\/script>\n<!-- \/ Yoast SEO plugin. -->","yoast_head_json":{"title":"P\u00f3jd\u017a za Mn\u0105 - radykalnie! - Gaudium Et Spes","robots":{"index":"index","follow":"follow","max-snippet":"max-snippet:-1","max-image-preview":"max-image-preview:large","max-video-preview":"max-video-preview:-1"},"canonical":"https:\/\/gaudiumetspes-blog.pl\/index.php\/2011\/06\/27\/pojdz-za-mna-radykalnie\/","og_locale":"pl_PL","og_type":"article","og_title":"P\u00f3jd\u017a za Mn\u0105 - radykalnie! - Gaudium Et Spes","og_description":"Szcz\u0119\u015b\u0107 Bo\u017ce! Bardzo serdecznie witam i pozdrawiam w pierwszym tygodniu wakacji. Dzisiaj, wraz z Rodzicami i Bratem Markiem, kt\u00f3ry jeszcze jest w Polsce, udajemy si\u0119 do Szklarskiej Por\u0119by na kilka dni takiego rodzinnego odpoczynku. Okazja do tego nie zdarza si\u0119 zbyt cz\u0119sto &#8211; a to ze wzgl\u0119du na prac\u0119 Marka na Syberii. Dlatego bardzo si\u0119 [&hellip;]","og_url":"https:\/\/gaudiumetspes-blog.pl\/index.php\/2011\/06\/27\/pojdz-za-mna-radykalnie\/","og_site_name":"Gaudium Et Spes","article_published_time":"2011-06-27T14:35:00+00:00","article_modified_time":"2019-07-31T10:52:25+00:00","author":"Ks. Jacek","twitter_card":"summary_large_image","twitter_misc":{"Napisane przez":"Ks. Jacek","Szacowany czas czytania":"5 minut"},"schema":{"@context":"https:\/\/schema.org","@graph":[{"@type":"WebPage","@id":"https:\/\/gaudiumetspes-blog.pl\/index.php\/2011\/06\/27\/pojdz-za-mna-radykalnie\/","url":"https:\/\/gaudiumetspes-blog.pl\/index.php\/2011\/06\/27\/pojdz-za-mna-radykalnie\/","name":"P\u00f3jd\u017a za Mn\u0105 - radykalnie! - Gaudium Et Spes","isPartOf":{"@id":"https:\/\/gaudiumetspes-blog.pl\/#website"},"datePublished":"2011-06-27T14:35:00+00:00","dateModified":"2019-07-31T10:52:25+00:00","author":{"@id":"https:\/\/gaudiumetspes-blog.pl\/#\/schema\/person\/1661982992b752dea8dff0d4ed845a65"},"breadcrumb":{"@id":"https:\/\/gaudiumetspes-blog.pl\/index.php\/2011\/06\/27\/pojdz-za-mna-radykalnie\/#breadcrumb"},"inLanguage":"pl-PL","potentialAction":[{"@type":"ReadAction","target":["https:\/\/gaudiumetspes-blog.pl\/index.php\/2011\/06\/27\/pojdz-za-mna-radykalnie\/"]}]},{"@type":"BreadcrumbList","@id":"https:\/\/gaudiumetspes-blog.pl\/index.php\/2011\/06\/27\/pojdz-za-mna-radykalnie\/#breadcrumb","itemListElement":[{"@type":"ListItem","position":1,"name":"Strona g\u0142\u00f3wna","item":"https:\/\/gaudiumetspes-blog.pl\/"},{"@type":"ListItem","position":2,"name":"P\u00f3jd\u017a za&nbsp;Mn\u0105 &#8211; radykalnie!"}]},{"@type":"WebSite","@id":"https:\/\/gaudiumetspes-blog.pl\/#website","url":"https:\/\/gaudiumetspes-blog.pl\/","name":"Gaudium Et Spes","description":"Blog Ks. Jacka Ja\u015bkowskiego","potentialAction":[{"@type":"SearchAction","target":{"@type":"EntryPoint","urlTemplate":"https:\/\/gaudiumetspes-blog.pl\/?s={search_term_string}"},"query-input":{"@type":"PropertyValueSpecification","valueRequired":true,"valueName":"search_term_string"}}],"inLanguage":"pl-PL"},{"@type":"Person","@id":"https:\/\/gaudiumetspes-blog.pl\/#\/schema\/person\/1661982992b752dea8dff0d4ed845a65","name":"Ks. Jacek","image":{"@type":"ImageObject","inLanguage":"pl-PL","@id":"https:\/\/gaudiumetspes-blog.pl\/#\/schema\/person\/image\/","url":"https:\/\/gaudiumetspes-blog.pl\/wp-content\/uploads\/2019\/07\/avatar-JJ-150x150.jpg","contentUrl":"https:\/\/gaudiumetspes-blog.pl\/wp-content\/uploads\/2019\/07\/avatar-JJ-150x150.jpg","caption":"Ks. Jacek"},"description":"Witam serdecznie! K\u0142ania si\u0119 Ks. Jacek Ja\u015bkowski. Nie jestem ani kim\u015b wa\u017cnym, ani kim\u015b znanym. Jestem ksi\u0119dzem, kt\u00f3ry po prostu chce rozmawia\u0107. Codzienna kap\u0142a\u0144ska pos\u0142uga pokazuje mi, \u017ce temat\u00f3w do rozm\u00f3w z ksi\u0119dzem jest coraz wi\u0119cej i dzisiaj \u017caden ksi\u0105dz nie mo\u017ce od nich ucieka\u0107, ale - wprost przeciwnie - podejmowa\u0107 nowe wyzwania. To przekonanie sk\u0142oni\u0142o mnie do pr\u00f3by otwarcia tego\u017c bloga, chocia\u017c okazji do rozm\u00f3w na co dzie\u0144 - w konfesjonale i poza nim - na szcz\u0119\u015bcie nie brakuje. My\u015bl\u0119 jednak, \u017ce ten blog b\u0119dzie jeszcze jednym sposobem i przestrzeni\u0105 nawi\u0105zania kontaktu z lud\u017ami dobrej woli, otwartymi na dialog.","url":"https:\/\/gaudiumetspes-blog.pl\/index.php\/author\/ks-jacek\/"}]}},"jetpack_featured_media_url":"","jetpack_sharing_enabled":true,"_links":{"self":[{"href":"https:\/\/gaudiumetspes-blog.pl\/index.php\/wp-json\/wp\/v2\/posts\/9812","targetHints":{"allow":["GET"]}}],"collection":[{"href":"https:\/\/gaudiumetspes-blog.pl\/index.php\/wp-json\/wp\/v2\/posts"}],"about":[{"href":"https:\/\/gaudiumetspes-blog.pl\/index.php\/wp-json\/wp\/v2\/types\/post"}],"author":[{"embeddable":true,"href":"https:\/\/gaudiumetspes-blog.pl\/index.php\/wp-json\/wp\/v2\/users\/1"}],"replies":[{"embeddable":true,"href":"https:\/\/gaudiumetspes-blog.pl\/index.php\/wp-json\/wp\/v2\/comments?post=9812"}],"version-history":[{"count":1,"href":"https:\/\/gaudiumetspes-blog.pl\/index.php\/wp-json\/wp\/v2\/posts\/9812\/revisions"}],"predecessor-version":[{"id":10271,"href":"https:\/\/gaudiumetspes-blog.pl\/index.php\/wp-json\/wp\/v2\/posts\/9812\/revisions\/10271"}],"wp:attachment":[{"href":"https:\/\/gaudiumetspes-blog.pl\/index.php\/wp-json\/wp\/v2\/media?parent=9812"}],"wp:term":[{"taxonomy":"category","embeddable":true,"href":"https:\/\/gaudiumetspes-blog.pl\/index.php\/wp-json\/wp\/v2\/categories?post=9812"},{"taxonomy":"post_tag","embeddable":true,"href":"https:\/\/gaudiumetspes-blog.pl\/index.php\/wp-json\/wp\/v2\/tags?post=9812"}],"curies":[{"name":"wp","href":"https:\/\/api.w.org\/{rel}","templated":true}]}}