{"id":9894,"date":"2011-04-08T15:47:00","date_gmt":"2011-04-08T13:47:00","guid":{"rendered":"https:\/\/gaudiumetspes-blog.pl\/index.php\/2011\/04\/08\/o-zamiarach-szczerych-i-nieszczeryc\/"},"modified":"2019-07-31T12:52:13","modified_gmt":"2019-07-31T10:52:13","slug":"o-zamiarach-szczerych-i-nieszczeryc","status":"publish","type":"post","link":"https:\/\/gaudiumetspes-blog.pl\/index.php\/2011\/04\/08\/o-zamiarach-szczerych-i-nieszczeryc\/","title":{"rendered":"O zamiarach szczerych i nieszczerych&#8230;"},"content":{"rendered":"<p>Bardzo serdecznie witam! Zapraszam do refleksji nad kwesti\u0105 dobrych i z\u0142ych zamiar\u00f3w, kryj\u0105cych si\u0119 w sercu cz\u0142owieka. A ju\u017c nied\u0142ugo, Kochani, rocznica Dramatu Smole\u0144skiego! Chcia\u0142bym si\u0119 z Wami, przy tej okazji, podzieli\u0107 kilkoma refleksjami. Ale to w niedziel\u0119. Dzisiaj natomiast prosz\u0119 Was, aby\u015bcie w modlitwie przedstawiali Bogu sprawy naszej Ojczyzny. Bo nie ma w\u0105tpliwo\u015bci, \u017ce tej modlitwy bardzo, naprawd\u0119 bardzo potrzeba&#8230; Zach\u0119cam do \u0142\u0105czno\u015bci modlitewnej o 20.00! Czy udaje si\u0119 Wam o tym pami\u0119ta\u0107? I raz jeszcze polecam przedwczorajszy wpis Jarka!<br style=\"font-family: 'Times New Roman';\" \/>&nbsp;&nbsp;&nbsp;&nbsp;&nbsp;&nbsp;&nbsp;&nbsp;&nbsp;&nbsp;&nbsp;&nbsp;&nbsp;&nbsp;&nbsp;&nbsp; Gaudium et spes! Ks. Jacek<\/p>\n<div class=\"MsoNormal\" style=\"color: #0f0f0f; font-family: 'Times New Roman'; font-size: 14px; margin-bottom: 0px; margin-left: 0px; margin-right: 0px; margin-top: 0.4em; text-align: justify;\"><b>Pi\u0105tek 4 tygodnia Wielkiego Postu,<\/b><\/div>\n<div class=\"MsoNormal\" style=\"color: #0f0f0f; font-family: 'Times New Roman'; font-size: 14px; margin-bottom: 0px; margin-left: 0px; margin-right: 0px; margin-top: 0.4em; text-align: justify;\"><b>do czyta\u0144:&nbsp;&nbsp;Mdr 2,1a.12\u201322;&nbsp;&nbsp;J 7,1\u20132.10.25\u201330<\/b><\/div>\n<div class=\"MsoNormal\" style=\"color: #0f0f0f; font-family: 'Times New Roman'; font-size: 14px; margin-bottom: 0px; margin-left: 0px; margin-right: 0px; margin-top: 0.4em; text-align: justify; text-indent: 35.4pt;\">Chyba od pocz\u0105tku \u015bwiata \u2013 i dzisiaj tak\u017ce \u2013&nbsp;<b>aktualne s\u0105 s\u0142owa z Ksi\u0119gi M\u0105dro\u015bci,<\/b>&nbsp;proklamowane przed chwil\u0105, w pierwszym czytaniu. Histeryczne i pe\u0142ne \u015blepej nienawi\u015bci zabiegi<i>&nbsp;bezbo\u017cnych<\/i>, aby zaszkodzi\u0107&nbsp;<i>sprawiedliwemu<\/i>, aby mu si\u0119 sprzeciwi\u0107,&nbsp;<b>a w ostatecznym zamiarze tak\u017ce wyeliminowa\u0107&nbsp;<\/b>\u2013 nie od dzisiaj s\u0105 znane, nie od dzisiaj s\u0105 stosowane. Jak bowiem \u015bwiat d\u0142ugi i szeroki, widzimy to i s\u0142yszymy, a mo\u017ce nieraz i na sobie samych do\u015bwiadczamy, \u017ce ci, kt\u00f3rzy \u017cyj\u0105 po Bo\u017cemu, kt\u00f3rzy Boga s\u0142uchaj\u0105, kt\u00f3rzy Boga kochaj\u0105 i zgodnie z zamys\u0142em Jego \u017cycie swoje kszta\u0142tuj\u0105 \u2013<b>tacy ludzie po prostu s\u0105 niewygodni, gdy\u017c stanowi\u0105 wyrzut sumienia:<\/b>&nbsp;bolesny wyrzut sumienia dla tych, kt\u00f3rym wygodniej jest \u017cy\u0107 dok\u0142adnie odwrotnie.&nbsp;<\/div>\n<div class=\"MsoNormal\" style=\"color: #0f0f0f; font-family: 'Times New Roman'; font-size: 14px; margin-bottom: 0px; margin-left: 0px; margin-right: 0px; margin-top: 0.4em; text-align: justify; text-indent: 35.4pt;\">Autor Ksi\u0119gi M\u0105dro\u015bci wprost i bez ogr\u00f3dek wk\u0142ada w usta owych&nbsp;<i>bezbo\u017cnych<\/i>&nbsp;s\u0142owa demaskuj\u0105ce ich prawdziwe zamiary:&nbsp;<b><i>Zr\u00f3bmy zasadzk\u0119 na sprawiedliwego, bo nam niewygodny:<\/i><\/b><i>&nbsp;sprzeciwia si\u0119 naszym sprawom, zarzuca nam \u0142amanie prawa, wypomina nam b\u0142\u0119dy naszych obyczaj\u00f3w. Che\u0142pi si\u0119, \u017ce zna Boga, zwie siebie dzieckiem Pa\u0144skim! Jest pot\u0119pieniem naszych zamys\u0142\u00f3w,&nbsp;<b>sam widok jego jest dla nas przykry, bo \u017cycie jego niepodobne do innych i drogi jego odmienne.<\/b><\/i><\/div>\n<div class=\"MsoNormal\" style=\"color: #0f0f0f; font-family: 'Times New Roman'; font-size: 14px; margin-bottom: 0px; margin-left: 0px; margin-right: 0px; margin-top: 0.4em; text-align: justify; text-indent: 35.4pt;\">I jakie\u017c to wyj\u015bcie widz\u0105 dla siebie&nbsp;<i>bezbo\u017cni<\/i>&nbsp;wobec takiej postawy&nbsp;<i>sprawiedliwego<\/i>? Naturalnie,&nbsp;<b>najlepiej by\u0142oby dopasowa\u0107 swoj\u0105 postaw\u0119 do jego postawy,&nbsp;<\/b>a zatem nawr\u00f3ci\u0107 si\u0119 i wej\u015b\u0107 na drogi Bo\u017ce. Ale mo\u017cna i tak oto, jak dzi\u015b s\u0142yszymy:&nbsp;<b><i>Dotknijmy go obelg\u0105 i katusz\u0105, by pozna\u0107 jego \u0142agodno\u015b\u0107 i do\u015bwiadczy\u0107 jego cierpliwo\u015bci.<\/i><\/b><i>&nbsp;Zas\u0105d\u017amy go na \u015bmier\u0107 haniebn\u0105, bo \u2013 jak m\u00f3wi\u0142 \u2013 b\u0119dzie ocalony.<\/i><\/div>\n<div class=\"MsoNormal\" style=\"color: #0f0f0f; font-family: 'Times New Roman'; font-size: 14px; margin-bottom: 0px; margin-left: 0px; margin-right: 0px; margin-top: 0.4em; text-align: justify; text-indent: 35.4pt;\">Oczywi\u015bcie, tak jest najpro\u015bciej, najszybciej\u2026 Bo po co si\u0119 zmienia\u0107? Po co przyznawa\u0107 si\u0119 do b\u0142\u0119du? Po co robi\u0107 rozrachunek ze swoim \u017cyciem?&nbsp;<b>Czy nie pro\u015bciej powiedzie\u0107, \u017ce to ten drugi zwariowa\u0142, \u017ce to on nie ma racji? A wyrzuty sumienia?<\/b>&nbsp;No c\u00f3\u017c, z tym te\u017c mo\u017cna sobie poradzi\u0107\u2026<\/div>\n<div class=\"MsoNormal\" style=\"color: #0f0f0f; font-family: 'Times New Roman'; font-size: 14px; margin-bottom: 0px; margin-left: 0px; margin-right: 0px; margin-top: 0.4em; text-align: justify; text-indent: 35.4pt;\">S\u0142yszymy jednak opini\u0119 Autora biblijnego o tych ich pokr\u0119tnych zamiarach \u2013 opini\u0119 wyra\u017cony w s\u0142owach:&nbsp;<b><i>Tak pomy\u015bleli i pob\u0142\u0105dzili, bo w\u0142asna z\u0142o\u015b\u0107 ich za\u015blepi\u0142a.<\/i><\/b><i>&nbsp;<b>Nie poj\u0119li tajemnic Bo\u017cych, nie spodziewali si\u0119 nagrody za prawo\u015b\u0107 i nie docenili odp\u0142aty dusz czystych.<\/b><\/i>&nbsp;W og\u00f3le, Kochani, ci biedni, za\u015blepieni nienawi\u015bci\u0105 ludzie&nbsp;<b>zupe\u0142nie pogubili si\u0119 w swoich dywagacjach,<\/b>&nbsp;w swoich podst\u0119pnych zamiarach.&nbsp;<\/div>\n<div class=\"MsoNormal\" style=\"color: #0f0f0f; font-family: 'Times New Roman'; font-size: 14px; margin-bottom: 0px; margin-left: 0px; margin-right: 0px; margin-top: 0.4em; text-align: justify; text-indent: 35.4pt;\">Tak samo zreszt\u0105, jak przeciwnicy Jezusa, o kt\u00f3rych s\u0142yszymy w dzisiejszej Ewangelii. Ile\u017c to oni inwencji \u2013 nazwijmy to \u2013 \u201etw\u00f3rczej\u201d zaanga\u017cowali, aby&nbsp;<b>pojma\u0107 Jezusa, zaszkodzi\u0107 Mu, uciszy\u0107, a wreszcie \u2013 zg\u0142adzi\u0107!<\/b>&nbsp;Dzisiaj s\u0142yszymy tylko o jednym takim wydarzeniu, ale im bardziej zbli\u017ca\u0142 si\u0119 czas dokonania si\u0119 Ofiary Zbawczej Jezusa,&nbsp;<b>tym bardziej intensyfikowa\u0142y si\u0119 usi\u0142owania Jego przeciwnik\u00f3w.<\/b>Dlatego wydarze\u0144 podobnych do dzisiejszego by\u0142o znacznie wi\u0119cej, co czym Ewangelie w r\u00f3\u017cnych miejscach wspominaj\u0105.<\/div>\n<div class=\"MsoNormal\" style=\"color: #0f0f0f; font-family: 'Times New Roman'; font-size: 14px; margin-bottom: 0px; margin-left: 0px; margin-right: 0px; margin-top: 0.4em; text-align: justify; text-indent: 35.4pt;\">A jednak \u2013 i to musimy zauwa\u017cy\u0107 \u2013 s\u0142yszymy dzisiaj znamienne stwierdzenie:&nbsp;<i>Zamierzali wi\u0119c Go pojma\u0107, jednak\u017ce nikt nie podni\u00f3s\u0142 na Niego r\u0119ki,&nbsp;<b>poniewa\u017c godzina Jego jeszcze nie nadesz\u0142a.<\/b><\/i>&nbsp;Jak to rozumie\u0107, Kochani? A tak w\u0142a\u015bnie, \u017ce to&nbsp;<b>nie przeciwnicy Jezusa mieli nad Nim w\u0142adz\u0119!<\/b>&nbsp;To On sam, w spos\u00f3b absolutnie wolny, w czasie przez siebie samego wybranym&nbsp;<b>podda\u0142 si\u0119 ich dzia\u0142aniu, odda\u0142 si\u0119 w ich r\u0119ce, aby dokona\u0107 zbawienia \u015bwiata. A zatem \u2013 to Jezus przez ca\u0142y czas by\u0142 absolutnym Panem sytuacji!<\/b><\/div>\n<div class=\"MsoNormal\" style=\"color: #0f0f0f; font-family: 'Times New Roman'; font-size: 14px; margin-bottom: 0px; margin-left: 0px; margin-right: 0px; margin-top: 0.4em; text-align: justify; text-indent: 35.4pt;\">Widzimy to tak\u017ce w Ogrodzie Oliwnym, gdzie nawet&nbsp;<b>na twarz padli przed Nim prze\u015bladowcy,<\/b>&nbsp;kiedy us\u0142yszeli, \u017ce to On jest tym, kt\u00f3rego szukaj\u0105, \u017ce On jest Panem\u2026 A o czym\u017ce mo\u017ce \u015bwiadczy\u0107 \u2013 tam w\u0142a\u015bnie w Ogrodzie Getsemani \u2013&nbsp;<b>fakt uzdrowienia ucha, kt\u00f3re Piotr odci\u0105\u0142 jednemu z \u017co\u0142nierzy?<\/b>Tak swoj\u0105 drog\u0105 \u2013 ciekawe, jak ten \u017co\u0142nierz potem si\u0119 czu\u0142, zadaj\u0105c katusze Jezusowi, przez kt\u00f3rego zosta\u0142 tak wyra\u017anie uzdrowiony? Nie wiemy, ale teraz nie b\u0119dziemy tego dochodzi\u0107, natomiast widzimy, \u017ce&nbsp;<b>Jezus ca\u0142kowicie panuje nad wydarzeniami i sam niejako decyduje o tym, kiedy rozegraj\u0105 si\u0119 wydarzenia zbawcze,<\/b>&nbsp;kiedy Jego przeciwnicy \u2013 niejako \u2013 uzyskaj\u0105 nad Nim w\u0142adz\u0119.<\/div>\n<div class=\"MsoNormal\" style=\"color: #0f0f0f; font-family: 'Times New Roman'; font-size: 14px; margin-bottom: 0px; margin-left: 0px; margin-right: 0px; margin-top: 0.4em; text-align: justify; text-indent: 35.4pt;\">Nawet o momencie \u015bmierci na krzy\u017cu m\u00f3wi si\u0119, \u017ce Jezus w sensie \u015bcis\u0142ym nie tyle umar\u0142, co&nbsp;<b>odda\u0142 \u017cycie<\/b>&nbsp;\u2013 w czasie, kt\u00f3ry sam wybra\u0142, w spos\u00f3b absolutnie wolny. A zatem, wszyscy ci, kt\u00f3rzy na Jego \u017cycie nastawali, kt\u00f3rzy z Nim ostatecznie&nbsp;<b>pozornie wygrali<\/b>&nbsp;\u2013 w rzeczywisto\u015bci nie mieli nad Nim&nbsp;<b>ani przez chwil\u0119 \u017cadnej w\u0142adzy,<\/b>&nbsp;co ostatecznie potwierdzi\u0142o si\u0119 w momencie zmartwychwstania.<\/div>\n<div class=\"MsoNormal\" style=\"color: #0f0f0f; font-family: 'Times New Roman'; font-size: 14px; margin-bottom: 0px; margin-left: 0px; margin-right: 0px; margin-top: 0.4em; text-align: justify; text-indent: 35.4pt;\">Dla nas, Kochani, ca\u0142a ta sytuacja to pow\u00f3d do wielkiej rado\u015bci i nadziei, \u017ce&nbsp;<b>pomimo, i\u017c spotykamy si\u0119 z tyloma przeciwno\u015bciami<\/b>&nbsp;ze strony os\u00f3b nam bliskich, czy innych; \u017ce do\u015bwiadczamy tylu sytuacji&nbsp;<b>niesprawiedliwego traktowania, krzywdz\u0105cych opinii,<\/b>&nbsp;pom\u00f3wie\u0144, oskar\u017ce\u0144, nieuzasadnionych pretensji; pomimo, \u017ce nieraz znajdujemy si\u0119 w sytuacji, w kt\u00f3rej jakby wszystko si\u0119 przeciwko nam zwr\u00f3ci\u0142o i wszyscy przeciwko nam si\u0119 zm\u00f3wili \u2013 to<b>&nbsp;jednak nasza moc jest w Jezusie, a zatem nale\u017cy Mu w ca\u0142ej pe\u0142ni zaufa\u0107 i pozwoli\u0107 Mu zwyci\u0119\u017cy\u0107 w ca\u0142ej tej trudnej sytuacji!<\/b>&nbsp;<\/div>\n<div class=\"MsoNormal\" style=\"color: #0f0f0f; font-family: 'Times New Roman'; font-size: 14px; margin-bottom: 0px; margin-left: 0px; margin-right: 0px; margin-top: 0.4em; text-align: justify; text-indent: 35.4pt;\">Najgorzej tylko, gdyby si\u0119 okaza\u0142o, \u017ce znajdujemy si\u0119 nie tyle po stronie tych niesprawiedliwie prze\u015bladowanych,&nbsp;<b>ile \u2013 niestety \u2013 po stronie prze\u015bladowc\u00f3w<\/b>\u2026<\/div>\n<div class=\"MsoNormal\" style=\"color: #0f0f0f; font-family: 'Times New Roman'; font-size: 14px; margin-bottom: 0px; margin-left: 0px; margin-right: 0px; margin-top: 0.4em; text-align: justify; text-indent: 35.4pt;\">W tym kontek\u015bcie pomy\u015blmy:<\/div>\n<ul style=\"color: #0f0f0f; font-family: 'Times New Roman'; font-size: 14px; margin-top: 0cm;\" type=\"disc\">\n<li class=\"MsoNormal\" style=\"text-align: justify;\">Jak reaguj\u0119 na spotykaj\u0105ce mnie przejawy niesprawiedliwego, krzywdz\u0105cego traktowania ze strony innych?<\/li>\n<li class=\"MsoNormal\" style=\"text-align: justify;\">Czy nigdy nie znalaz\u0142em si\u0119 w gronie tych, kt\u00f3rzy niesprawiedliwie krzywdz\u0105 innych \u2013 chocia\u017cby przez obmow\u0119?<\/li>\n<li class=\"MsoNormal\" style=\"text-align: justify;\">Czy wszystkie moje zamiary zawsze s\u0105 szczere i dobre?<\/li>\n<\/ul>\n<div class=\"MsoNormal\" style=\"color: #0f0f0f; font-family: 'Times New Roman'; font-size: 14px; margin-bottom: 0px; margin-left: 0px; margin-right: 0px; margin-top: 0.4em; text-align: justify; text-indent: 18pt;\"><b><i>I Mnie znacie, i wiecie, sk\u0105d jestem. Ja jednak nie przyszed\u0142em sam od siebie, lecz prawdziwy jest tylko Ten, kt\u00f3ry Mnie pos\u0142a\u0142<\/i><\/b><b>!<\/b><\/div>\n","protected":false},"excerpt":{"rendered":"<p>Bardzo serdecznie witam! Zapraszam do refleksji nad kwesti\u0105 dobrych i z\u0142ych zamiar\u00f3w, kryj\u0105cych si\u0119 w sercu cz\u0142owieka. A ju\u017c nied\u0142ugo, Kochani, rocznica Dramatu Smole\u0144skiego! Chcia\u0142bym si\u0119 z Wami, przy tej okazji, podzieli\u0107 kilkoma refleksjami. Ale to w niedziel\u0119. Dzisiaj natomiast prosz\u0119 Was, aby\u015bcie w modlitwie przedstawiali Bogu sprawy naszej Ojczyzny. Bo nie ma w\u0105tpliwo\u015bci, \u017ce [&hellip;]<\/p>\n","protected":false},"author":1,"featured_media":0,"comment_status":"open","ping_status":"open","sticky":false,"template":"","format":"standard","meta":{"jetpack_post_was_ever_published":false,"_jetpack_newsletter_access":"","_jetpack_dont_email_post_to_subs":false,"_jetpack_newsletter_tier_id":0,"_jetpack_memberships_contains_paywalled_content":false,"_jetpack_memberships_contains_paid_content":false,"footnotes":""},"categories":[1],"tags":[],"class_list":["post-9894","post","type-post","status-publish","format-standard","hentry","category-bez-kategorii"],"yoast_head":"<!-- This site is optimized with the Yoast SEO plugin v25.1 - https:\/\/yoast.com\/wordpress\/plugins\/seo\/ -->\n<title>O zamiarach szczerych i nieszczerych... - Gaudium Et Spes<\/title>\n<meta name=\"robots\" content=\"index, follow, max-snippet:-1, max-image-preview:large, max-video-preview:-1\" \/>\n<link rel=\"canonical\" href=\"https:\/\/gaudiumetspes-blog.pl\/index.php\/2011\/04\/08\/o-zamiarach-szczerych-i-nieszczeryc\/\" \/>\n<meta property=\"og:locale\" content=\"pl_PL\" \/>\n<meta property=\"og:type\" content=\"article\" \/>\n<meta property=\"og:title\" content=\"O zamiarach szczerych i nieszczerych... - Gaudium Et Spes\" \/>\n<meta property=\"og:description\" content=\"Bardzo serdecznie witam! Zapraszam do refleksji nad kwesti\u0105 dobrych i z\u0142ych zamiar\u00f3w, kryj\u0105cych si\u0119 w sercu cz\u0142owieka. A ju\u017c nied\u0142ugo, Kochani, rocznica Dramatu Smole\u0144skiego! Chcia\u0142bym si\u0119 z Wami, przy tej okazji, podzieli\u0107 kilkoma refleksjami. Ale to w niedziel\u0119. Dzisiaj natomiast prosz\u0119 Was, aby\u015bcie w modlitwie przedstawiali Bogu sprawy naszej Ojczyzny. Bo nie ma w\u0105tpliwo\u015bci, \u017ce [&hellip;]\" \/>\n<meta property=\"og:url\" content=\"https:\/\/gaudiumetspes-blog.pl\/index.php\/2011\/04\/08\/o-zamiarach-szczerych-i-nieszczeryc\/\" \/>\n<meta property=\"og:site_name\" content=\"Gaudium Et Spes\" \/>\n<meta property=\"article:published_time\" content=\"2011-04-08T13:47:00+00:00\" \/>\n<meta property=\"article:modified_time\" content=\"2019-07-31T10:52:13+00:00\" \/>\n<meta name=\"author\" content=\"Ks. Jacek\" \/>\n<meta name=\"twitter:card\" content=\"summary_large_image\" \/>\n<meta name=\"twitter:label1\" content=\"Napisane przez\" \/>\n\t<meta name=\"twitter:data1\" content=\"Ks. Jacek\" \/>\n\t<meta name=\"twitter:label2\" content=\"Szacowany czas czytania\" \/>\n\t<meta name=\"twitter:data2\" content=\"6 minut\" \/>\n<script type=\"application\/ld+json\" class=\"yoast-schema-graph\">{\"@context\":\"https:\/\/schema.org\",\"@graph\":[{\"@type\":\"WebPage\",\"@id\":\"https:\/\/gaudiumetspes-blog.pl\/index.php\/2011\/04\/08\/o-zamiarach-szczerych-i-nieszczeryc\/\",\"url\":\"https:\/\/gaudiumetspes-blog.pl\/index.php\/2011\/04\/08\/o-zamiarach-szczerych-i-nieszczeryc\/\",\"name\":\"O zamiarach szczerych i nieszczerych... - Gaudium Et Spes\",\"isPartOf\":{\"@id\":\"https:\/\/gaudiumetspes-blog.pl\/#website\"},\"datePublished\":\"2011-04-08T13:47:00+00:00\",\"dateModified\":\"2019-07-31T10:52:13+00:00\",\"author\":{\"@id\":\"https:\/\/gaudiumetspes-blog.pl\/#\/schema\/person\/1661982992b752dea8dff0d4ed845a65\"},\"breadcrumb\":{\"@id\":\"https:\/\/gaudiumetspes-blog.pl\/index.php\/2011\/04\/08\/o-zamiarach-szczerych-i-nieszczeryc\/#breadcrumb\"},\"inLanguage\":\"pl-PL\",\"potentialAction\":[{\"@type\":\"ReadAction\",\"target\":[\"https:\/\/gaudiumetspes-blog.pl\/index.php\/2011\/04\/08\/o-zamiarach-szczerych-i-nieszczeryc\/\"]}]},{\"@type\":\"BreadcrumbList\",\"@id\":\"https:\/\/gaudiumetspes-blog.pl\/index.php\/2011\/04\/08\/o-zamiarach-szczerych-i-nieszczeryc\/#breadcrumb\",\"itemListElement\":[{\"@type\":\"ListItem\",\"position\":1,\"name\":\"Strona g\u0142\u00f3wna\",\"item\":\"https:\/\/gaudiumetspes-blog.pl\/\"},{\"@type\":\"ListItem\",\"position\":2,\"name\":\"O&nbsp;zamiarach szczerych i&nbsp;nieszczerych&#8230;\"}]},{\"@type\":\"WebSite\",\"@id\":\"https:\/\/gaudiumetspes-blog.pl\/#website\",\"url\":\"https:\/\/gaudiumetspes-blog.pl\/\",\"name\":\"Gaudium Et Spes\",\"description\":\"Blog Ks. Jacka Ja\u015bkowskiego\",\"potentialAction\":[{\"@type\":\"SearchAction\",\"target\":{\"@type\":\"EntryPoint\",\"urlTemplate\":\"https:\/\/gaudiumetspes-blog.pl\/?s={search_term_string}\"},\"query-input\":{\"@type\":\"PropertyValueSpecification\",\"valueRequired\":true,\"valueName\":\"search_term_string\"}}],\"inLanguage\":\"pl-PL\"},{\"@type\":\"Person\",\"@id\":\"https:\/\/gaudiumetspes-blog.pl\/#\/schema\/person\/1661982992b752dea8dff0d4ed845a65\",\"name\":\"Ks. Jacek\",\"image\":{\"@type\":\"ImageObject\",\"inLanguage\":\"pl-PL\",\"@id\":\"https:\/\/gaudiumetspes-blog.pl\/#\/schema\/person\/image\/\",\"url\":\"https:\/\/gaudiumetspes-blog.pl\/wp-content\/uploads\/2019\/07\/avatar-JJ-150x150.jpg\",\"contentUrl\":\"https:\/\/gaudiumetspes-blog.pl\/wp-content\/uploads\/2019\/07\/avatar-JJ-150x150.jpg\",\"caption\":\"Ks. Jacek\"},\"description\":\"Witam serdecznie! K\u0142ania si\u0119 Ks. Jacek Ja\u015bkowski. Nie jestem ani kim\u015b wa\u017cnym, ani kim\u015b znanym. Jestem ksi\u0119dzem, kt\u00f3ry po prostu chce rozmawia\u0107. Codzienna kap\u0142a\u0144ska pos\u0142uga pokazuje mi, \u017ce temat\u00f3w do rozm\u00f3w z ksi\u0119dzem jest coraz wi\u0119cej i dzisiaj \u017caden ksi\u0105dz nie mo\u017ce od nich ucieka\u0107, ale - wprost przeciwnie - podejmowa\u0107 nowe wyzwania. To przekonanie sk\u0142oni\u0142o mnie do pr\u00f3by otwarcia tego\u017c bloga, chocia\u017c okazji do rozm\u00f3w na co dzie\u0144 - w konfesjonale i poza nim - na szcz\u0119\u015bcie nie brakuje. My\u015bl\u0119 jednak, \u017ce ten blog b\u0119dzie jeszcze jednym sposobem i przestrzeni\u0105 nawi\u0105zania kontaktu z lud\u017ami dobrej woli, otwartymi na dialog.\",\"url\":\"https:\/\/gaudiumetspes-blog.pl\/index.php\/author\/ks-jacek\/\"}]}<\/script>\n<!-- \/ Yoast SEO plugin. -->","yoast_head_json":{"title":"O zamiarach szczerych i nieszczerych... - Gaudium Et Spes","robots":{"index":"index","follow":"follow","max-snippet":"max-snippet:-1","max-image-preview":"max-image-preview:large","max-video-preview":"max-video-preview:-1"},"canonical":"https:\/\/gaudiumetspes-blog.pl\/index.php\/2011\/04\/08\/o-zamiarach-szczerych-i-nieszczeryc\/","og_locale":"pl_PL","og_type":"article","og_title":"O zamiarach szczerych i nieszczerych... - Gaudium Et Spes","og_description":"Bardzo serdecznie witam! Zapraszam do refleksji nad kwesti\u0105 dobrych i z\u0142ych zamiar\u00f3w, kryj\u0105cych si\u0119 w sercu cz\u0142owieka. A ju\u017c nied\u0142ugo, Kochani, rocznica Dramatu Smole\u0144skiego! Chcia\u0142bym si\u0119 z Wami, przy tej okazji, podzieli\u0107 kilkoma refleksjami. Ale to w niedziel\u0119. Dzisiaj natomiast prosz\u0119 Was, aby\u015bcie w modlitwie przedstawiali Bogu sprawy naszej Ojczyzny. Bo nie ma w\u0105tpliwo\u015bci, \u017ce [&hellip;]","og_url":"https:\/\/gaudiumetspes-blog.pl\/index.php\/2011\/04\/08\/o-zamiarach-szczerych-i-nieszczeryc\/","og_site_name":"Gaudium Et Spes","article_published_time":"2011-04-08T13:47:00+00:00","article_modified_time":"2019-07-31T10:52:13+00:00","author":"Ks. Jacek","twitter_card":"summary_large_image","twitter_misc":{"Napisane przez":"Ks. Jacek","Szacowany czas czytania":"6 minut"},"schema":{"@context":"https:\/\/schema.org","@graph":[{"@type":"WebPage","@id":"https:\/\/gaudiumetspes-blog.pl\/index.php\/2011\/04\/08\/o-zamiarach-szczerych-i-nieszczeryc\/","url":"https:\/\/gaudiumetspes-blog.pl\/index.php\/2011\/04\/08\/o-zamiarach-szczerych-i-nieszczeryc\/","name":"O zamiarach szczerych i nieszczerych... - Gaudium Et Spes","isPartOf":{"@id":"https:\/\/gaudiumetspes-blog.pl\/#website"},"datePublished":"2011-04-08T13:47:00+00:00","dateModified":"2019-07-31T10:52:13+00:00","author":{"@id":"https:\/\/gaudiumetspes-blog.pl\/#\/schema\/person\/1661982992b752dea8dff0d4ed845a65"},"breadcrumb":{"@id":"https:\/\/gaudiumetspes-blog.pl\/index.php\/2011\/04\/08\/o-zamiarach-szczerych-i-nieszczeryc\/#breadcrumb"},"inLanguage":"pl-PL","potentialAction":[{"@type":"ReadAction","target":["https:\/\/gaudiumetspes-blog.pl\/index.php\/2011\/04\/08\/o-zamiarach-szczerych-i-nieszczeryc\/"]}]},{"@type":"BreadcrumbList","@id":"https:\/\/gaudiumetspes-blog.pl\/index.php\/2011\/04\/08\/o-zamiarach-szczerych-i-nieszczeryc\/#breadcrumb","itemListElement":[{"@type":"ListItem","position":1,"name":"Strona g\u0142\u00f3wna","item":"https:\/\/gaudiumetspes-blog.pl\/"},{"@type":"ListItem","position":2,"name":"O&nbsp;zamiarach szczerych i&nbsp;nieszczerych&#8230;"}]},{"@type":"WebSite","@id":"https:\/\/gaudiumetspes-blog.pl\/#website","url":"https:\/\/gaudiumetspes-blog.pl\/","name":"Gaudium Et Spes","description":"Blog Ks. Jacka Ja\u015bkowskiego","potentialAction":[{"@type":"SearchAction","target":{"@type":"EntryPoint","urlTemplate":"https:\/\/gaudiumetspes-blog.pl\/?s={search_term_string}"},"query-input":{"@type":"PropertyValueSpecification","valueRequired":true,"valueName":"search_term_string"}}],"inLanguage":"pl-PL"},{"@type":"Person","@id":"https:\/\/gaudiumetspes-blog.pl\/#\/schema\/person\/1661982992b752dea8dff0d4ed845a65","name":"Ks. Jacek","image":{"@type":"ImageObject","inLanguage":"pl-PL","@id":"https:\/\/gaudiumetspes-blog.pl\/#\/schema\/person\/image\/","url":"https:\/\/gaudiumetspes-blog.pl\/wp-content\/uploads\/2019\/07\/avatar-JJ-150x150.jpg","contentUrl":"https:\/\/gaudiumetspes-blog.pl\/wp-content\/uploads\/2019\/07\/avatar-JJ-150x150.jpg","caption":"Ks. Jacek"},"description":"Witam serdecznie! K\u0142ania si\u0119 Ks. Jacek Ja\u015bkowski. Nie jestem ani kim\u015b wa\u017cnym, ani kim\u015b znanym. Jestem ksi\u0119dzem, kt\u00f3ry po prostu chce rozmawia\u0107. Codzienna kap\u0142a\u0144ska pos\u0142uga pokazuje mi, \u017ce temat\u00f3w do rozm\u00f3w z ksi\u0119dzem jest coraz wi\u0119cej i dzisiaj \u017caden ksi\u0105dz nie mo\u017ce od nich ucieka\u0107, ale - wprost przeciwnie - podejmowa\u0107 nowe wyzwania. To przekonanie sk\u0142oni\u0142o mnie do pr\u00f3by otwarcia tego\u017c bloga, chocia\u017c okazji do rozm\u00f3w na co dzie\u0144 - w konfesjonale i poza nim - na szcz\u0119\u015bcie nie brakuje. My\u015bl\u0119 jednak, \u017ce ten blog b\u0119dzie jeszcze jednym sposobem i przestrzeni\u0105 nawi\u0105zania kontaktu z lud\u017ami dobrej woli, otwartymi na dialog.","url":"https:\/\/gaudiumetspes-blog.pl\/index.php\/author\/ks-jacek\/"}]}},"jetpack_featured_media_url":"","jetpack_sharing_enabled":true,"_links":{"self":[{"href":"https:\/\/gaudiumetspes-blog.pl\/index.php\/wp-json\/wp\/v2\/posts\/9894","targetHints":{"allow":["GET"]}}],"collection":[{"href":"https:\/\/gaudiumetspes-blog.pl\/index.php\/wp-json\/wp\/v2\/posts"}],"about":[{"href":"https:\/\/gaudiumetspes-blog.pl\/index.php\/wp-json\/wp\/v2\/types\/post"}],"author":[{"embeddable":true,"href":"https:\/\/gaudiumetspes-blog.pl\/index.php\/wp-json\/wp\/v2\/users\/1"}],"replies":[{"embeddable":true,"href":"https:\/\/gaudiumetspes-blog.pl\/index.php\/wp-json\/wp\/v2\/comments?post=9894"}],"version-history":[{"count":1,"href":"https:\/\/gaudiumetspes-blog.pl\/index.php\/wp-json\/wp\/v2\/posts\/9894\/revisions"}],"predecessor-version":[{"id":10189,"href":"https:\/\/gaudiumetspes-blog.pl\/index.php\/wp-json\/wp\/v2\/posts\/9894\/revisions\/10189"}],"wp:attachment":[{"href":"https:\/\/gaudiumetspes-blog.pl\/index.php\/wp-json\/wp\/v2\/media?parent=9894"}],"wp:term":[{"taxonomy":"category","embeddable":true,"href":"https:\/\/gaudiumetspes-blog.pl\/index.php\/wp-json\/wp\/v2\/categories?post=9894"},{"taxonomy":"post_tag","embeddable":true,"href":"https:\/\/gaudiumetspes-blog.pl\/index.php\/wp-json\/wp\/v2\/tags?post=9894"}],"curies":[{"name":"wp","href":"https:\/\/api.w.org\/{rel}","templated":true}]}}