{"id":9895,"date":"2011-04-07T15:47:00","date_gmt":"2011-04-07T13:47:00","guid":{"rendered":"https:\/\/gaudiumetspes-blog.pl\/index.php\/2011\/04\/07\/o-sercach-otwartych-i-zamknietyc\/"},"modified":"2019-07-31T12:52:13","modified_gmt":"2019-07-31T10:52:13","slug":"o-sercach-otwartych-i-zamknietyc","status":"publish","type":"post","link":"https:\/\/gaudiumetspes-blog.pl\/index.php\/2011\/04\/07\/o-sercach-otwartych-i-zamknietyc\/","title":{"rendered":"O sercach otwartych i zamkni\u0119tych&#8230;"},"content":{"rendered":"<p>Szcz\u0119\u015b\u0107 Bo\u017ce! Bardzo serdecznie witam i od razu polecam Waszej uwadze wczorajszy wpis Jarka. Bardzo popieram t\u0119 inicjatyw\u0119 i zapraszam do wsp\u00f3lnoty modlitewnej. Raz jeszcze proponuj\u0119 \u0142\u0105czno\u015b\u0107 o 20.00 i wszystkie inne formy modlitwy za siebie nawzajem. A na dzisiaj zapraszam do refleksji nad problemem serca otwartego lub zamkni\u0119tego &#8211; na g\u0142os Bo\u017cy oczywi\u015bcie!<br style=\"font-family: 'Times New Roman';\" \/>&nbsp;&nbsp;&nbsp;&nbsp;&nbsp;&nbsp;&nbsp;&nbsp;&nbsp;&nbsp;&nbsp;&nbsp;&nbsp; Gaudium et spes! Ks. Jacek<\/p>\n<div class=\"MsoNormal\" style=\"color: #0f0f0f; font-family: 'Times New Roman'; font-size: 14px; margin-bottom: 0px; margin-left: 0px; margin-right: 0px; margin-top: 0.4em; text-align: justify;\"><b>Czwartek 4 tygodnia Wielkiego Postu,<\/b><\/div>\n<div class=\"MsoNormal\" style=\"color: #0f0f0f; font-family: 'Times New Roman'; font-size: 14px; margin-bottom: 0px; margin-left: 0px; margin-right: 0px; margin-top: 0.4em; text-align: justify;\"><b>do czyta\u0144:&nbsp;&nbsp;Wj 32,7\u201314;&nbsp;&nbsp;J 5,31\u201347<\/b><\/div>\n<div class=\"MsoNormal\" style=\"color: #0f0f0f; font-family: 'Times New Roman'; font-size: 14px; margin-bottom: 0px; margin-left: 0px; margin-right: 0px; margin-top: 0.4em; text-align: justify; text-indent: 35.4pt;\">Oto dzisiaj, s\u0142uchaj\u0105c pierwszego czytania, widzimy Moj\u017cesza, kt\u00f3ry okazuje si\u0119 by\u0107&nbsp;<b>mediatorem pomi\u0119dzy Bogiem a Izraelitami.<\/b>&nbsp;Co wi\u0119cej \u2013 B\u00f3g&nbsp;<b>faktycznie wys\u0142uchuje jego pro\u015bby<\/b>&nbsp;i pomimo ewidentnego sprzeniewierzenia si\u0119 ludu i grzechu, za kt\u00f3ry powinien ponie\u015b\u0107 on kar\u0119, B\u00f3g powstrzymuje si\u0119 przed jej wymierzeniem.<b>W\u0142a\u015bnie na s\u0142owo Moj\u017cesza!<\/b><\/div>\n<div class=\"MsoNormal\" style=\"color: #0f0f0f; font-family: 'Times New Roman'; font-size: 14px; margin-bottom: 0px; margin-left: 0px; margin-right: 0px; margin-top: 0.4em; text-align: justify; text-indent: 35.4pt;\">A zatem \u2013 cz\u0142owiek ten ma&nbsp;<b>w planach Bo\u017cych wyj\u0105tkow\u0105 rol\u0119 do spe\u0142nienia,<\/b>&nbsp;skoro B\u00f3g tak mocno i jednoznacznie na nim polega. Tak\u017ce dla Izraelit\u00f3w powinien on by\u0107 autorytetem i powinni go oni s\u0142ucha\u0107, poniewa\u017c&nbsp;<b>przez niego B\u00f3g objawia swoj\u0105 wol\u0119<\/b>&nbsp;i tak\u017ce \u2013 jak tego jeste\u015bmy dzi\u015b \u015bwiadkami \u2013&nbsp;<b>przez niego okazuje ludowi mi\u0142osierdzie i przebaczenie.<\/b><b>Przez niego i \u2013 w jakim\u015b sensie \u2013 dzi\u0119ki niemu!<\/b><\/div>\n<div class=\"MsoNormal\" style=\"color: #0f0f0f; font-family: 'Times New Roman'; font-size: 14px; margin-bottom: 0px; margin-left: 0px; margin-right: 0px; margin-top: 0.4em; text-align: justify; text-indent: 35.4pt;\">Powinien zatem rzeczywi\u015bcie by\u0107 owym autorytetem \u2013 i tak raczej jest, bo&nbsp;<b>Pi\u0119cioksi\u0105g,<\/b>&nbsp;czyli pi\u0119\u0107 pierwszych Ksi\u0105g Pisma \u015awi\u0119tego, przypisywanych w tradycji autorstwu Moj\u017cesza,&nbsp;<b>cieszy\u0142 si\u0119 i nadal si\u0119 cieszy w\u015br\u00f3d \u017byd\u00f3w najwy\u017cszym znaczeniem.<\/b>&nbsp;A jednak, w ca\u0142ej historii \u017cycia i dzia\u0142alno\u015bci Moj\u017cesza wiele widzieli\u015bmy sytuacji, w kt\u00f3rych lud<b>sprzeciwia\u0142 si\u0119 temu, co \u00f3w niezwyk\u0142y cz\u0142owiek w imieniu Boga poleca\u0142, czy zabrania\u0142.<\/b><\/div>\n<div class=\"MsoNormal\" style=\"color: #0f0f0f; font-family: 'Times New Roman'; font-size: 14px; margin-bottom: 0px; margin-left: 0px; margin-right: 0px; margin-top: 0.4em; text-align: justify; text-indent: 35.4pt;\">Tak\u017ce Jezus w Ewangelii m\u00f3wi dzi\u015b, \u017ce gdyby \u017bydzi ws\u0142uchali si\u0119 dok\u0142adnie i uwierzyli w to, czego naucza\u0142 Moj\u017cesz, to&nbsp;<b>uwierzyliby tak\u017ce i w Niego, jako Syna Bo\u017cego i Zbawiciela.<\/b>&nbsp;Niestety, i za czas\u00f3w Moj\u017cesza, i za czas\u00f3w Jezusa&nbsp;<b>op\u00f3r ludzki ci\u0105gle stawa\u0142 na przeszkodzie&nbsp;<\/b>w uznaniu w ca\u0142ej pe\u0142ni dzia\u0142ania Bo\u017cego w \u015bwiecie i poddania si\u0119 temu dzia\u0142aniu. I tak, jak by\u0142y&nbsp;<b>problemy z pe\u0142nym przyj\u0119ciem i wype\u0142nieniem polece\u0144 Moj\u017cesza<\/b>&nbsp;i jego \u015bwiadectwa o Bogu, tak samo trudno by\u0142o przyj\u0105\u0107 \u015bwiadectwo zawarte w Pismach, jak r\u00f3wnie\u017c \u015bwiadectwo Jana o Jezusie, i wreszcie tak\u017ce \u2013<b>\u015bwiadectwo samego Jezusa!<\/b>&nbsp;Jaka\u015b wielka tajemnica ludzkiej nieprawo\u015bci,&nbsp;<b>zamkni\u0119tych serc, opornych umys\u0142\u00f3w<\/b>\u2026<\/div>\n<div class=\"MsoNormal\" style=\"color: #0f0f0f; font-family: 'Times New Roman'; font-size: 14px; margin-bottom: 0px; margin-left: 0px; margin-right: 0px; margin-top: 0.4em; text-align: justify; text-indent: 35.4pt;\">I jakkolwiek B\u00f3g okazuje mi\u0142osierdzie owej ludzkiej s\u0142abo\u015bci i przebacza j\u0105 \u2013 tak, jak dzisiaj uczyni\u0142 to na pro\u015bb\u0119 Moj\u017cesza, i tak, jak przyj\u0105\u0142 zbawcza ofiar\u0119 Jezusa \u2013 to jednak musimy sobie wyra\u017anie i mocno u\u015bwiadomi\u0107, \u017ce tego ostatniego elementu na drodze do Boga,&nbsp;<b>jakim jest otwarcie w\u0142asnego serca, nikt za nas nie zrobi!<\/b>&nbsp;Jezus z\u0142o\u017cy\u0142 za cz\u0142owieka ofiar\u0119 swego \u017cycia, otworzy\u0142 mu drog\u0119 do Nieba,&nbsp;<b>ale nic nie poradzi na to, \u017ce cz\u0142owiek nie chce na t\u0119 drog\u0119 wej\u015b\u0107!<\/b><\/div>\n<div class=\"MsoNormal\" style=\"color: #0f0f0f; font-family: 'Times New Roman'; font-size: 14px; margin-bottom: 0px; margin-left: 0px; margin-right: 0px; margin-top: 0.4em; text-align: justify; text-indent: 35.4pt;\">Dlatego ten \u2013 nazwijmy go tak raz jeszcze \u2013 ostatni element ca\u0142ego procesu jednania si\u0119 z Bogiem&nbsp;<b>nale\u017cy do nas i to my sami musimy krok w kierunku Boga dobrowolnie zrobi\u0107.&nbsp;<\/b>Inaczej trzeba nam b\u0119dzie odnie\u015b\u0107 do siebie ostatnie s\u0142owa dzisiejszej Ewangelii:&nbsp;<b><i>Nie mniemajcie, \u017ce to Ja was oskar\u017c\u0119 przed Ojcem<\/i><\/b><i>. Waszym oskar\u017cycielem b\u0119dzie Moj\u017cesz, w kt\u00f3rym wy pok\u0142adacie nadziej\u0119<\/i>. [\u2026]&nbsp;<b><i>Je\u017celi jednak jego pismom nie wierzycie, jak\u017ce moim s\u0142owom b\u0119dziecie wierzyli<\/i>?<\/b>&nbsp;<\/div>\n<div class=\"MsoNormal\" style=\"color: #0f0f0f; font-family: 'Times New Roman'; font-size: 14px; margin-bottom: 0px; margin-left: 0px; margin-right: 0px; margin-top: 0.4em; text-align: justify; text-indent: 35.4pt;\">W\u0142a\u015bnie, je\u017celi nie uwierzymy s\u0142owom Jezusa, je\u017celi nie uwierzymy wyra\u017anym znakom Jego dzia\u0142ania,&nbsp;<b>to co jeszcze mo\u017cna uczyni\u0107, aby\u015bmy jednak uwierzyli?<\/b>&nbsp;Dlatego na zbawcze dzia\u0142anie Boga musimy,&nbsp;<b>naprawd\u0119 musimy odpowiedzie\u0107 otwartymi i gotowymi do wsp\u00f3\u0142pracy sercami!<\/b><\/div>\n<div class=\"MsoNormal\" style=\"color: #0f0f0f; font-family: 'Times New Roman'; font-size: 14px; margin-bottom: 0px; margin-left: 0px; margin-right: 0px; margin-top: 0.4em; text-align: justify; text-indent: 35.4pt;\">W tym kontek\u015bcie zastan\u00f3wmy si\u0119:<\/div>\n<ul style=\"color: #0f0f0f; font-family: 'Times New Roman'; font-size: 14px; margin-top: 0cm;\" type=\"disc\">\n<li class=\"MsoNormal\" style=\"text-align: justify;\">Czy nie trwam z uporem w jakim\u015b ci\u0105g\u0142ym grzechu, z kt\u00f3rego nie pr\u00f3buj\u0119, albo zbyt s\u0142abo pr\u00f3buj\u0119 si\u0119 uwolni\u0107?<\/li>\n<li class=\"MsoNormal\" style=\"text-align: justify;\">Czy pokonywanie w sobie z\u0142a zaczynam od najci\u0119\u017cszych, najbardziej bolesnych s\u0142abo\u015bci i grzech\u00f3w?<\/li>\n<li class=\"MsoNormal\" style=\"text-align: justify;\">Czy nie ma we mnie ci\u0105gle takiej pokusy, aby Jezusowe wezwanie do nawr\u00f3cenia odnosi\u0107 do innych, rzekomo ode mnie gorszych ludzi, a nie bezpo\u015brednio do siebie?<\/li>\n<\/ul>\n<div class=\"MsoNormal\" style=\"color: #0f0f0f; font-family: 'Times New Roman'; font-size: 14px; margin-bottom: 0px; margin-left: 0px; margin-right: 0px; margin-top: 0.4em; text-align: justify; text-indent: 18pt;\"><b><i>Dzie\u0142a, kt\u00f3re czyni\u0119, \u015bwiadcz\u0105 o Mnie, \u017ce Ojciec Mnie pos\u0142a\u0142<\/i><\/b><b>!<\/b><\/div>\n<div><b><br \/>\n<\/b><\/div>\n","protected":false},"excerpt":{"rendered":"<p>Szcz\u0119\u015b\u0107 Bo\u017ce! Bardzo serdecznie witam i od razu polecam Waszej uwadze wczorajszy wpis Jarka. Bardzo popieram t\u0119 inicjatyw\u0119 i zapraszam do wsp\u00f3lnoty modlitewnej. Raz jeszcze proponuj\u0119 \u0142\u0105czno\u015b\u0107 o 20.00 i wszystkie inne formy modlitwy za siebie nawzajem. A na dzisiaj zapraszam do refleksji nad problemem serca otwartego lub zamkni\u0119tego &#8211; na g\u0142os Bo\u017cy oczywi\u015bcie!&nbsp;&nbsp;&nbsp;&nbsp;&nbsp;&nbsp;&nbsp;&nbsp;&nbsp;&nbsp;&nbsp;&nbsp;&nbsp; Gaudium [&hellip;]<\/p>\n","protected":false},"author":1,"featured_media":0,"comment_status":"open","ping_status":"open","sticky":false,"template":"","format":"standard","meta":{"jetpack_post_was_ever_published":false,"_jetpack_newsletter_access":"","_jetpack_dont_email_post_to_subs":false,"_jetpack_newsletter_tier_id":0,"_jetpack_memberships_contains_paywalled_content":false,"_jetpack_memberships_contains_paid_content":false,"footnotes":""},"categories":[1],"tags":[],"class_list":["post-9895","post","type-post","status-publish","format-standard","hentry","category-bez-kategorii"],"yoast_head":"<!-- This site is optimized with the Yoast SEO plugin v25.1 - https:\/\/yoast.com\/wordpress\/plugins\/seo\/ -->\n<title>O sercach otwartych i zamkni\u0119tych... - Gaudium Et Spes<\/title>\n<meta name=\"robots\" content=\"index, follow, max-snippet:-1, max-image-preview:large, max-video-preview:-1\" \/>\n<link rel=\"canonical\" href=\"https:\/\/gaudiumetspes-blog.pl\/index.php\/2011\/04\/07\/o-sercach-otwartych-i-zamknietyc\/\" \/>\n<meta property=\"og:locale\" content=\"pl_PL\" \/>\n<meta property=\"og:type\" content=\"article\" \/>\n<meta property=\"og:title\" content=\"O sercach otwartych i zamkni\u0119tych... - Gaudium Et Spes\" \/>\n<meta property=\"og:description\" content=\"Szcz\u0119\u015b\u0107 Bo\u017ce! Bardzo serdecznie witam i od razu polecam Waszej uwadze wczorajszy wpis Jarka. Bardzo popieram t\u0119 inicjatyw\u0119 i zapraszam do wsp\u00f3lnoty modlitewnej. Raz jeszcze proponuj\u0119 \u0142\u0105czno\u015b\u0107 o 20.00 i wszystkie inne formy modlitwy za siebie nawzajem. A na dzisiaj zapraszam do refleksji nad problemem serca otwartego lub zamkni\u0119tego &#8211; na g\u0142os Bo\u017cy oczywi\u015bcie!&nbsp;&nbsp;&nbsp;&nbsp;&nbsp;&nbsp;&nbsp;&nbsp;&nbsp;&nbsp;&nbsp;&nbsp;&nbsp; Gaudium [&hellip;]\" \/>\n<meta property=\"og:url\" content=\"https:\/\/gaudiumetspes-blog.pl\/index.php\/2011\/04\/07\/o-sercach-otwartych-i-zamknietyc\/\" \/>\n<meta property=\"og:site_name\" content=\"Gaudium Et Spes\" \/>\n<meta property=\"article:published_time\" content=\"2011-04-07T13:47:00+00:00\" \/>\n<meta property=\"article:modified_time\" content=\"2019-07-31T10:52:13+00:00\" \/>\n<meta name=\"author\" content=\"Ks. Jacek\" \/>\n<meta name=\"twitter:card\" content=\"summary_large_image\" \/>\n<meta name=\"twitter:label1\" content=\"Napisane przez\" \/>\n\t<meta name=\"twitter:data1\" content=\"Ks. Jacek\" \/>\n\t<meta name=\"twitter:label2\" content=\"Szacowany czas czytania\" \/>\n\t<meta name=\"twitter:data2\" content=\"4 minuty\" \/>\n<script type=\"application\/ld+json\" class=\"yoast-schema-graph\">{\"@context\":\"https:\/\/schema.org\",\"@graph\":[{\"@type\":\"WebPage\",\"@id\":\"https:\/\/gaudiumetspes-blog.pl\/index.php\/2011\/04\/07\/o-sercach-otwartych-i-zamknietyc\/\",\"url\":\"https:\/\/gaudiumetspes-blog.pl\/index.php\/2011\/04\/07\/o-sercach-otwartych-i-zamknietyc\/\",\"name\":\"O sercach otwartych i zamkni\u0119tych... - Gaudium Et Spes\",\"isPartOf\":{\"@id\":\"https:\/\/gaudiumetspes-blog.pl\/#website\"},\"datePublished\":\"2011-04-07T13:47:00+00:00\",\"dateModified\":\"2019-07-31T10:52:13+00:00\",\"author\":{\"@id\":\"https:\/\/gaudiumetspes-blog.pl\/#\/schema\/person\/1661982992b752dea8dff0d4ed845a65\"},\"breadcrumb\":{\"@id\":\"https:\/\/gaudiumetspes-blog.pl\/index.php\/2011\/04\/07\/o-sercach-otwartych-i-zamknietyc\/#breadcrumb\"},\"inLanguage\":\"pl-PL\",\"potentialAction\":[{\"@type\":\"ReadAction\",\"target\":[\"https:\/\/gaudiumetspes-blog.pl\/index.php\/2011\/04\/07\/o-sercach-otwartych-i-zamknietyc\/\"]}]},{\"@type\":\"BreadcrumbList\",\"@id\":\"https:\/\/gaudiumetspes-blog.pl\/index.php\/2011\/04\/07\/o-sercach-otwartych-i-zamknietyc\/#breadcrumb\",\"itemListElement\":[{\"@type\":\"ListItem\",\"position\":1,\"name\":\"Strona g\u0142\u00f3wna\",\"item\":\"https:\/\/gaudiumetspes-blog.pl\/\"},{\"@type\":\"ListItem\",\"position\":2,\"name\":\"O&nbsp;sercach otwartych i&nbsp;zamkni\u0119tych&#8230;\"}]},{\"@type\":\"WebSite\",\"@id\":\"https:\/\/gaudiumetspes-blog.pl\/#website\",\"url\":\"https:\/\/gaudiumetspes-blog.pl\/\",\"name\":\"Gaudium Et Spes\",\"description\":\"Blog Ks. Jacka Ja\u015bkowskiego\",\"potentialAction\":[{\"@type\":\"SearchAction\",\"target\":{\"@type\":\"EntryPoint\",\"urlTemplate\":\"https:\/\/gaudiumetspes-blog.pl\/?s={search_term_string}\"},\"query-input\":{\"@type\":\"PropertyValueSpecification\",\"valueRequired\":true,\"valueName\":\"search_term_string\"}}],\"inLanguage\":\"pl-PL\"},{\"@type\":\"Person\",\"@id\":\"https:\/\/gaudiumetspes-blog.pl\/#\/schema\/person\/1661982992b752dea8dff0d4ed845a65\",\"name\":\"Ks. Jacek\",\"image\":{\"@type\":\"ImageObject\",\"inLanguage\":\"pl-PL\",\"@id\":\"https:\/\/gaudiumetspes-blog.pl\/#\/schema\/person\/image\/\",\"url\":\"https:\/\/gaudiumetspes-blog.pl\/wp-content\/uploads\/2019\/07\/avatar-JJ-150x150.jpg\",\"contentUrl\":\"https:\/\/gaudiumetspes-blog.pl\/wp-content\/uploads\/2019\/07\/avatar-JJ-150x150.jpg\",\"caption\":\"Ks. Jacek\"},\"description\":\"Witam serdecznie! K\u0142ania si\u0119 Ks. Jacek Ja\u015bkowski. Nie jestem ani kim\u015b wa\u017cnym, ani kim\u015b znanym. Jestem ksi\u0119dzem, kt\u00f3ry po prostu chce rozmawia\u0107. Codzienna kap\u0142a\u0144ska pos\u0142uga pokazuje mi, \u017ce temat\u00f3w do rozm\u00f3w z ksi\u0119dzem jest coraz wi\u0119cej i dzisiaj \u017caden ksi\u0105dz nie mo\u017ce od nich ucieka\u0107, ale - wprost przeciwnie - podejmowa\u0107 nowe wyzwania. To przekonanie sk\u0142oni\u0142o mnie do pr\u00f3by otwarcia tego\u017c bloga, chocia\u017c okazji do rozm\u00f3w na co dzie\u0144 - w konfesjonale i poza nim - na szcz\u0119\u015bcie nie brakuje. My\u015bl\u0119 jednak, \u017ce ten blog b\u0119dzie jeszcze jednym sposobem i przestrzeni\u0105 nawi\u0105zania kontaktu z lud\u017ami dobrej woli, otwartymi na dialog.\",\"url\":\"https:\/\/gaudiumetspes-blog.pl\/index.php\/author\/ks-jacek\/\"}]}<\/script>\n<!-- \/ Yoast SEO plugin. -->","yoast_head_json":{"title":"O sercach otwartych i zamkni\u0119tych... - Gaudium Et Spes","robots":{"index":"index","follow":"follow","max-snippet":"max-snippet:-1","max-image-preview":"max-image-preview:large","max-video-preview":"max-video-preview:-1"},"canonical":"https:\/\/gaudiumetspes-blog.pl\/index.php\/2011\/04\/07\/o-sercach-otwartych-i-zamknietyc\/","og_locale":"pl_PL","og_type":"article","og_title":"O sercach otwartych i zamkni\u0119tych... - Gaudium Et Spes","og_description":"Szcz\u0119\u015b\u0107 Bo\u017ce! Bardzo serdecznie witam i od razu polecam Waszej uwadze wczorajszy wpis Jarka. Bardzo popieram t\u0119 inicjatyw\u0119 i zapraszam do wsp\u00f3lnoty modlitewnej. Raz jeszcze proponuj\u0119 \u0142\u0105czno\u015b\u0107 o 20.00 i wszystkie inne formy modlitwy za siebie nawzajem. A na dzisiaj zapraszam do refleksji nad problemem serca otwartego lub zamkni\u0119tego &#8211; na g\u0142os Bo\u017cy oczywi\u015bcie!&nbsp;&nbsp;&nbsp;&nbsp;&nbsp;&nbsp;&nbsp;&nbsp;&nbsp;&nbsp;&nbsp;&nbsp;&nbsp; Gaudium [&hellip;]","og_url":"https:\/\/gaudiumetspes-blog.pl\/index.php\/2011\/04\/07\/o-sercach-otwartych-i-zamknietyc\/","og_site_name":"Gaudium Et Spes","article_published_time":"2011-04-07T13:47:00+00:00","article_modified_time":"2019-07-31T10:52:13+00:00","author":"Ks. Jacek","twitter_card":"summary_large_image","twitter_misc":{"Napisane przez":"Ks. Jacek","Szacowany czas czytania":"4 minuty"},"schema":{"@context":"https:\/\/schema.org","@graph":[{"@type":"WebPage","@id":"https:\/\/gaudiumetspes-blog.pl\/index.php\/2011\/04\/07\/o-sercach-otwartych-i-zamknietyc\/","url":"https:\/\/gaudiumetspes-blog.pl\/index.php\/2011\/04\/07\/o-sercach-otwartych-i-zamknietyc\/","name":"O sercach otwartych i zamkni\u0119tych... - Gaudium Et Spes","isPartOf":{"@id":"https:\/\/gaudiumetspes-blog.pl\/#website"},"datePublished":"2011-04-07T13:47:00+00:00","dateModified":"2019-07-31T10:52:13+00:00","author":{"@id":"https:\/\/gaudiumetspes-blog.pl\/#\/schema\/person\/1661982992b752dea8dff0d4ed845a65"},"breadcrumb":{"@id":"https:\/\/gaudiumetspes-blog.pl\/index.php\/2011\/04\/07\/o-sercach-otwartych-i-zamknietyc\/#breadcrumb"},"inLanguage":"pl-PL","potentialAction":[{"@type":"ReadAction","target":["https:\/\/gaudiumetspes-blog.pl\/index.php\/2011\/04\/07\/o-sercach-otwartych-i-zamknietyc\/"]}]},{"@type":"BreadcrumbList","@id":"https:\/\/gaudiumetspes-blog.pl\/index.php\/2011\/04\/07\/o-sercach-otwartych-i-zamknietyc\/#breadcrumb","itemListElement":[{"@type":"ListItem","position":1,"name":"Strona g\u0142\u00f3wna","item":"https:\/\/gaudiumetspes-blog.pl\/"},{"@type":"ListItem","position":2,"name":"O&nbsp;sercach otwartych i&nbsp;zamkni\u0119tych&#8230;"}]},{"@type":"WebSite","@id":"https:\/\/gaudiumetspes-blog.pl\/#website","url":"https:\/\/gaudiumetspes-blog.pl\/","name":"Gaudium Et Spes","description":"Blog Ks. Jacka Ja\u015bkowskiego","potentialAction":[{"@type":"SearchAction","target":{"@type":"EntryPoint","urlTemplate":"https:\/\/gaudiumetspes-blog.pl\/?s={search_term_string}"},"query-input":{"@type":"PropertyValueSpecification","valueRequired":true,"valueName":"search_term_string"}}],"inLanguage":"pl-PL"},{"@type":"Person","@id":"https:\/\/gaudiumetspes-blog.pl\/#\/schema\/person\/1661982992b752dea8dff0d4ed845a65","name":"Ks. Jacek","image":{"@type":"ImageObject","inLanguage":"pl-PL","@id":"https:\/\/gaudiumetspes-blog.pl\/#\/schema\/person\/image\/","url":"https:\/\/gaudiumetspes-blog.pl\/wp-content\/uploads\/2019\/07\/avatar-JJ-150x150.jpg","contentUrl":"https:\/\/gaudiumetspes-blog.pl\/wp-content\/uploads\/2019\/07\/avatar-JJ-150x150.jpg","caption":"Ks. Jacek"},"description":"Witam serdecznie! K\u0142ania si\u0119 Ks. Jacek Ja\u015bkowski. Nie jestem ani kim\u015b wa\u017cnym, ani kim\u015b znanym. Jestem ksi\u0119dzem, kt\u00f3ry po prostu chce rozmawia\u0107. Codzienna kap\u0142a\u0144ska pos\u0142uga pokazuje mi, \u017ce temat\u00f3w do rozm\u00f3w z ksi\u0119dzem jest coraz wi\u0119cej i dzisiaj \u017caden ksi\u0105dz nie mo\u017ce od nich ucieka\u0107, ale - wprost przeciwnie - podejmowa\u0107 nowe wyzwania. To przekonanie sk\u0142oni\u0142o mnie do pr\u00f3by otwarcia tego\u017c bloga, chocia\u017c okazji do rozm\u00f3w na co dzie\u0144 - w konfesjonale i poza nim - na szcz\u0119\u015bcie nie brakuje. My\u015bl\u0119 jednak, \u017ce ten blog b\u0119dzie jeszcze jednym sposobem i przestrzeni\u0105 nawi\u0105zania kontaktu z lud\u017ami dobrej woli, otwartymi na dialog.","url":"https:\/\/gaudiumetspes-blog.pl\/index.php\/author\/ks-jacek\/"}]}},"jetpack_featured_media_url":"","jetpack_sharing_enabled":true,"_links":{"self":[{"href":"https:\/\/gaudiumetspes-blog.pl\/index.php\/wp-json\/wp\/v2\/posts\/9895","targetHints":{"allow":["GET"]}}],"collection":[{"href":"https:\/\/gaudiumetspes-blog.pl\/index.php\/wp-json\/wp\/v2\/posts"}],"about":[{"href":"https:\/\/gaudiumetspes-blog.pl\/index.php\/wp-json\/wp\/v2\/types\/post"}],"author":[{"embeddable":true,"href":"https:\/\/gaudiumetspes-blog.pl\/index.php\/wp-json\/wp\/v2\/users\/1"}],"replies":[{"embeddable":true,"href":"https:\/\/gaudiumetspes-blog.pl\/index.php\/wp-json\/wp\/v2\/comments?post=9895"}],"version-history":[{"count":1,"href":"https:\/\/gaudiumetspes-blog.pl\/index.php\/wp-json\/wp\/v2\/posts\/9895\/revisions"}],"predecessor-version":[{"id":10188,"href":"https:\/\/gaudiumetspes-blog.pl\/index.php\/wp-json\/wp\/v2\/posts\/9895\/revisions\/10188"}],"wp:attachment":[{"href":"https:\/\/gaudiumetspes-blog.pl\/index.php\/wp-json\/wp\/v2\/media?parent=9895"}],"wp:term":[{"taxonomy":"category","embeddable":true,"href":"https:\/\/gaudiumetspes-blog.pl\/index.php\/wp-json\/wp\/v2\/categories?post=9895"},{"taxonomy":"post_tag","embeddable":true,"href":"https:\/\/gaudiumetspes-blog.pl\/index.php\/wp-json\/wp\/v2\/tags?post=9895"}],"curies":[{"name":"wp","href":"https:\/\/api.w.org\/{rel}","templated":true}]}}