{"id":9896,"date":"2011-04-06T15:46:00","date_gmt":"2011-04-06T13:46:00","guid":{"rendered":"https:\/\/gaudiumetspes-blog.pl\/index.php\/2011\/04\/06\/syn-dziaa-razem-z-ojce\/"},"modified":"2019-07-31T12:52:13","modified_gmt":"2019-07-31T10:52:13","slug":"syn-dziaa-razem-z-ojce","status":"publish","type":"post","link":"https:\/\/gaudiumetspes-blog.pl\/index.php\/2011\/04\/06\/syn-dziaa-razem-z-ojce\/","title":{"rendered":"Syn dzia\u0142a razem z Ojcem&#8230;"},"content":{"rendered":"<p>Witam bardzo serdecznie! Dzi\u0119kuj\u0119 za odwiedziny na blogu! Wczoraj uda\u0142o mi si\u0119 raz jeszcze przeczyta\u0107 wszystkie nowe wpisy i odnie\u015b\u0107 si\u0119 do nich. Zapraszam do sta\u0142ej dyskusji, a tym, kt\u00f3rzy czyni\u0105 to systematycznie &#8211; bardzo gor\u0105co dzi\u0119kuj\u0119! Jednocze\u015bnie zach\u0119cam do \u0142\u0105czno\u015bci modlitewnej o 20.00 &#8211; nie zapominajmy o tej inicjatywie: niech nas jednoczy wzajemna modlitwa za siebie i we wszystkich naszych sprawach!<br style=\"font-family: 'Times New Roman';\" \/>&nbsp;&nbsp;&nbsp;&nbsp;&nbsp;&nbsp;&nbsp;&nbsp;&nbsp;&nbsp;&nbsp;&nbsp;&nbsp; Gaudium et spes! Ks. Jacek<\/p>\n<div class=\"MsoNormal\" style=\"color: #0f0f0f; font-family: 'Times New Roman'; font-size: 14px; margin-bottom: 0px; margin-left: 0px; margin-right: 0px; margin-top: 0.4em; text-align: justify;\"><b>\u015aroda 4 tygodnia Wielkiego Postu,<\/b><\/div>\n<div class=\"MsoNormal\" style=\"color: #0f0f0f; font-family: 'Times New Roman'; font-size: 14px; margin-bottom: 0px; margin-left: 0px; margin-right: 0px; margin-top: 0.4em; text-align: justify;\"><b>do czyta\u0144:&nbsp;&nbsp;Iz 49,8\u201315;&nbsp;&nbsp;J 5,17\u201330<\/b><\/div>\n<div class=\"MsoNormal\" style=\"color: #0f0f0f; font-family: 'Times New Roman'; font-size: 14px; margin-bottom: 0px; margin-left: 0px; margin-right: 0px; margin-top: 0.4em; text-align: justify; text-indent: 35.4pt;\">W atmosferze polemiki z uczonymi w Pi\u015bmie i faryzeuszami, po dokonaniu uzdrowienia nad sadzawk\u0105 Betesda, Jezus wyja\u015bnia,&nbsp;<b>jakie relacje \u0142\u0105cz\u0105 Go z Ojcem,<\/b>wskazuj\u0105c, \u017ce ma&nbsp;<b>r\u00f3wn\u0105 Ojcu chwa\u0142\u0119 i w jednakowy spos\u00f3b posiada \u017cycie w sobie.<\/b>&nbsp;Ojciec przekaza\u0142 Mu tak\u017ce ca\u0142\u0105 w\u0142adz\u0119 s\u0105downicz\u0105. A zatem Jezus ma&nbsp;<b>wszystkie atrybuty Boskie,<\/b>dlatego te\u017c Jego dzia\u0142anie na \u015bwiecie polega na&nbsp;<b>przywracaniu \u017cycia i sprawowaniu s\u0105du.<\/b>&nbsp;&nbsp;<\/div>\n<div class=\"MsoNormal\" style=\"color: #0f0f0f; font-family: 'Times New Roman'; font-size: 14px; margin-bottom: 0px; margin-left: 0px; margin-right: 0px; margin-top: 0.4em; text-align: justify; text-indent: 35.4pt;\">I m\u00f3wi to bardzo otwarcie, chocia\u017c nie musia\u0142by w og\u00f3le m\u00f3wi\u0107, bo przecie\u017c najbardziej o tym, kim jest i jaka jest Jego w\u0142adza \u2013&nbsp;<b>\u015bwiadcz\u0105 czyny, kt\u00f3rych dokonuje<\/b>\u2026 A jednak \u2013 jak s\u0142yszymy dzisiaj \u2013 ca\u0142a rozmowa dokonuje si\u0119 w atmosferze<b>sprzeciwu \u017byd\u00f3w, a nawet nastawania na \u017cycie Jezusa!<\/b>&nbsp;To znaczy, \u017ce prawda ta nie by\u0142a \u0142atwa do przyj\u0119cia. Szczeg\u00f3lnie dla tych, kt\u00f3rzy przyj\u0105\u0107 jej nie chcieli! Pomimo tego Jezus, nie zwa\u017caj\u0105c na to zupe\u0142nie,&nbsp;<b>daje pe\u0142ne \u015bwiadectwo prawdzie.<\/b><\/div>\n<div class=\"MsoNormal\" style=\"color: #0f0f0f; font-family: 'Times New Roman'; font-size: 14px; margin-bottom: 0px; margin-left: 0px; margin-right: 0px; margin-top: 0.4em; text-align: justify; text-indent: 35.4pt;\">Relacje, jakie \u0142\u0105cz\u0105 poszczeg\u00f3lne Osoby Tr\u00f3jcy \u015awi\u0119tej, przek\u0142adaj\u0105 si\u0119 na pe\u0142ne mi\u0142o\u015bci relacje, \u0142\u0105cz\u0105ce Boga z Jego ludem. W pierwszym czytaniu s\u0142yszymy dzi\u015b&nbsp;<b>zapowied\u017a zmi\u0142owania si\u0119 Boga nad swoim narodem i przyprowadzenia go z powrotem, z wygnania, do swojej ziemi.<\/b>&nbsp;A obrazu tego dope\u0142nia wspania\u0142a metafora, por\u00f3wnuj\u0105ca relacje \u0142\u0105cz\u0105ce Boga i Jego lud do relacji \u0142\u0105cz\u0105cych matk\u0119 z dzieckiem, a nawet<b>&nbsp;ukazuj\u0105ca mi\u0142o\u015b\u0107 Boga jako o wiele silniejsz\u0105 od mi\u0142o\u015bci matki do dziecka,<\/b>&nbsp;bo gdyby matce zdarzy\u0142o si\u0119 o dziecku zapomnie\u0107 \u2013 cho\u0107 to sytuacja wyj\u0105tkowo dramatyczna \u2013&nbsp;<b>to Bogu si\u0119 to nie mo\u017ce nigdy przydarzy\u0107!<\/b><\/div>\n<div class=\"MsoNormal\" style=\"color: #0f0f0f; font-family: 'Times New Roman'; font-size: 14px; margin-bottom: 0px; margin-left: 0px; margin-right: 0px; margin-top: 0.4em; text-align: justify; text-indent: 35.4pt;\">A zatem, B\u00f3g z pe\u0142n\u0105 mi\u0142o\u015bci\u0105 odnosi si\u0119 do cz\u0142owieka, przywraca mu \u017cycie, ratuje go i pociesza, odnawia w nim rado\u015b\u0107 i sens jego w\u0119dr\u00f3wki przez ziemi\u0119. Je\u015bli mo\u017cna zaryzykowa\u0107 takie stwierdzenie, to mi\u0142o\u015b\u0107 Boga do cz\u0142owieka jest tak wielka, \u017ce&nbsp;<b>niejako na us\u0142ugi cz\u0142owieka, do jego dyspozycji B\u00f3g oddaje ca\u0142\u0105 t\u0119 mi\u0142o\u015b\u0107 i te relacje,<\/b>&nbsp;<b>jakie \u0142\u0105cz\u0105 poszczeg\u00f3lne Osoby Tr\u00f3jcy \u015awi\u0119tej.<\/b>&nbsp;Oczywi\u015bcie, te relacje istnia\u0142y od zawsze, zanim jeszcze zaistnia\u0142 cz\u0142owiek, ale B\u00f3g w swojej ogromnej mi\u0142o\u015bci i \u0142askawo\u015bci zechcia\u0142 zni\u017cy\u0107 ca\u0142y sw\u00f3j majestat&nbsp;<b>i ca\u0142\u0105 swoj\u0105 pot\u0119g\u0105 \u2013 ca\u0142\u0105 pot\u0119g\u0105 swojej mi\u0142o\u015bci \u2013 zaanga\u017cowa\u0107 si\u0119 dla dobra cz\u0142owieka!<\/b><\/div>\n<div class=\"MsoNormal\" style=\"color: #0f0f0f; font-family: 'Times New Roman'; font-size: 14px; margin-bottom: 0px; margin-left: 0px; margin-right: 0px; margin-top: 0.4em; text-align: justify; text-indent: 35.4pt;\">Kochani, mo\u017ce nie zawsze my o tym pami\u0119tamy\u2026 Mo\u017ce nie zawsze w pe\u0142ni zdajemy sobie z tego spraw\u0119\u2026 Mo\u017ce w sytuacjach, w kt\u00f3rych jest nam ci\u0119\u017cko, powtarzamy za bohaterami pierwszego czytania:&nbsp;<b><i>Pan mnie opu\u015bci\u0142, Pan o mnie zapomnia\u0142<\/i><\/b>\u2026 Ale wtedy B\u00f3g odpowie nam tak, jak odpowiedzia\u0142 owym w\u0105tpi\u0105cym:&nbsp;<b><i>Czy\u017c mo\u017ce niewiasta zapomnie\u0107 o swym niemowl\u0119ciu<\/i>? [\u2026]&nbsp;<i>A nawet gdyby ona zapomnia\u0142a, Ja nie zapomn\u0119 o tobie<\/i>.<\/b><\/div>\n<div class=\"MsoNormal\" style=\"color: #0f0f0f; font-family: 'Times New Roman'; font-size: 14px; margin-bottom: 0px; margin-left: 0px; margin-right: 0px; margin-top: 0.4em; text-align: justify; text-indent: 35.4pt;\">Trzeba jednak, aby\u015bmy w to uwierzyli i nie zamykali oczu na ewidentne dzia\u0142anie Boga w \u017cyciu naszym i naszego otoczenia. Trzeba nam te\u017c wyzwoli\u0107 si\u0119 z&nbsp;<b>najmniejszych cho\u0107by element\u00f3w tego uporu i niedowierzania,<\/b>&nbsp;jakiego przyk\u0142ad daj\u0105 dzi\u015b \u017bydzi w Ewangelii, a&nbsp;<b>wej\u015b\u0107 w jak najg\u0142\u0119bsz\u0105 relacj\u0119 z Bogiem i pozwoli\u0107 Mu swobodnie dzia\u0142a\u0107 w naszym \u017cyciu:&nbsp;<\/b>podda\u0107 si\u0119 Jego sprawiedliwo\u015bci, Jego Prawu, Jego mocy o\u017cywiaj\u0105cej i uzdrawiaj\u0105cej.<\/div>\n<div class=\"MsoNormal\" style=\"color: #0f0f0f; font-family: 'Times New Roman'; font-size: 14px; margin-bottom: 0px; margin-left: 0px; margin-right: 0px; margin-top: 0.4em; text-align: justify; text-indent: 35.4pt;\">W tym duchu zastan\u00f3wmy si\u0119:<\/div>\n<ul style=\"color: #0f0f0f; font-family: 'Times New Roman'; font-size: 14px; margin-top: 0cm;\" type=\"disc\">\n<li class=\"MsoNormal\" style=\"text-align: justify;\">Czy staram si\u0119 o intensywn\u0105 wi\u0119\u017a z Jezusem poprzez porz\u0105dne i systematyczne prze\u017cywanie Spowiedzi \u015awi\u0119tej i Komunii \u015awi\u0119tej?<\/li>\n<li class=\"MsoNormal\" style=\"text-align: justify;\">Czy rzeczywi\u015bcie poddaj\u0119 si\u0119 Prawu Bo\u017cemu i Bo\u017cej sprawiedliwo\u015bci poprzez systematyczn\u0105 lektur\u0119 Pisma \u015awi\u0119tego?<\/li>\n<li class=\"MsoNormal\" style=\"text-align: justify;\">Jak wygl\u0105da realizacja mojego wielkopostnego postanowienia?<\/li>\n<\/ul>\n<div class=\"MsoNormal\" style=\"color: #0f0f0f; font-family: 'Times New Roman'; font-size: 14px; margin-bottom: 0px; margin-left: 0px; margin-right: 0px; margin-top: 0.4em; text-align: justify; text-indent: 18pt;\"><b><i>Albowiem jak Ojciec wskrzesza umar\u0142ych i o\u017cywia, tak r\u00f3wnie\u017c i Syn o\u017cywia tych, kt\u00f3rych chce.<\/i><\/b><\/div>\n","protected":false},"excerpt":{"rendered":"<p>Witam bardzo serdecznie! Dzi\u0119kuj\u0119 za odwiedziny na blogu! Wczoraj uda\u0142o mi si\u0119 raz jeszcze przeczyta\u0107 wszystkie nowe wpisy i odnie\u015b\u0107 si\u0119 do nich. Zapraszam do sta\u0142ej dyskusji, a tym, kt\u00f3rzy czyni\u0105 to systematycznie &#8211; bardzo gor\u0105co dzi\u0119kuj\u0119! Jednocze\u015bnie zach\u0119cam do \u0142\u0105czno\u015bci modlitewnej o 20.00 &#8211; nie zapominajmy o tej inicjatywie: niech nas jednoczy wzajemna modlitwa [&hellip;]<\/p>\n","protected":false},"author":1,"featured_media":0,"comment_status":"open","ping_status":"open","sticky":false,"template":"","format":"standard","meta":{"jetpack_post_was_ever_published":false,"_jetpack_newsletter_access":"","_jetpack_dont_email_post_to_subs":false,"_jetpack_newsletter_tier_id":0,"_jetpack_memberships_contains_paywalled_content":false,"_jetpack_memberships_contains_paid_content":false,"footnotes":""},"categories":[1],"tags":[],"class_list":["post-9896","post","type-post","status-publish","format-standard","hentry","category-bez-kategorii"],"yoast_head":"<!-- This site is optimized with the Yoast SEO plugin v25.1 - https:\/\/yoast.com\/wordpress\/plugins\/seo\/ -->\n<title>Syn dzia\u0142a razem z Ojcem... - Gaudium Et Spes<\/title>\n<meta name=\"robots\" content=\"index, follow, max-snippet:-1, max-image-preview:large, max-video-preview:-1\" \/>\n<link rel=\"canonical\" href=\"https:\/\/gaudiumetspes-blog.pl\/index.php\/2011\/04\/06\/syn-dziaa-razem-z-ojce\/\" \/>\n<meta property=\"og:locale\" content=\"pl_PL\" \/>\n<meta property=\"og:type\" content=\"article\" \/>\n<meta property=\"og:title\" content=\"Syn dzia\u0142a razem z Ojcem... - Gaudium Et Spes\" \/>\n<meta property=\"og:description\" content=\"Witam bardzo serdecznie! Dzi\u0119kuj\u0119 za odwiedziny na blogu! Wczoraj uda\u0142o mi si\u0119 raz jeszcze przeczyta\u0107 wszystkie nowe wpisy i odnie\u015b\u0107 si\u0119 do nich. Zapraszam do sta\u0142ej dyskusji, a tym, kt\u00f3rzy czyni\u0105 to systematycznie &#8211; bardzo gor\u0105co dzi\u0119kuj\u0119! Jednocze\u015bnie zach\u0119cam do \u0142\u0105czno\u015bci modlitewnej o 20.00 &#8211; nie zapominajmy o tej inicjatywie: niech nas jednoczy wzajemna modlitwa [&hellip;]\" \/>\n<meta property=\"og:url\" content=\"https:\/\/gaudiumetspes-blog.pl\/index.php\/2011\/04\/06\/syn-dziaa-razem-z-ojce\/\" \/>\n<meta property=\"og:site_name\" content=\"Gaudium Et Spes\" \/>\n<meta property=\"article:published_time\" content=\"2011-04-06T13:46:00+00:00\" \/>\n<meta property=\"article:modified_time\" content=\"2019-07-31T10:52:13+00:00\" \/>\n<meta name=\"author\" content=\"Ks. Jacek\" \/>\n<meta name=\"twitter:card\" content=\"summary_large_image\" \/>\n<meta name=\"twitter:label1\" content=\"Napisane przez\" \/>\n\t<meta name=\"twitter:data1\" content=\"Ks. Jacek\" \/>\n\t<meta name=\"twitter:label2\" content=\"Szacowany czas czytania\" \/>\n\t<meta name=\"twitter:data2\" content=\"4 minuty\" \/>\n<script type=\"application\/ld+json\" class=\"yoast-schema-graph\">{\"@context\":\"https:\/\/schema.org\",\"@graph\":[{\"@type\":\"WebPage\",\"@id\":\"https:\/\/gaudiumetspes-blog.pl\/index.php\/2011\/04\/06\/syn-dziaa-razem-z-ojce\/\",\"url\":\"https:\/\/gaudiumetspes-blog.pl\/index.php\/2011\/04\/06\/syn-dziaa-razem-z-ojce\/\",\"name\":\"Syn dzia\u0142a razem z Ojcem... - Gaudium Et Spes\",\"isPartOf\":{\"@id\":\"https:\/\/gaudiumetspes-blog.pl\/#website\"},\"datePublished\":\"2011-04-06T13:46:00+00:00\",\"dateModified\":\"2019-07-31T10:52:13+00:00\",\"author\":{\"@id\":\"https:\/\/gaudiumetspes-blog.pl\/#\/schema\/person\/1661982992b752dea8dff0d4ed845a65\"},\"breadcrumb\":{\"@id\":\"https:\/\/gaudiumetspes-blog.pl\/index.php\/2011\/04\/06\/syn-dziaa-razem-z-ojce\/#breadcrumb\"},\"inLanguage\":\"pl-PL\",\"potentialAction\":[{\"@type\":\"ReadAction\",\"target\":[\"https:\/\/gaudiumetspes-blog.pl\/index.php\/2011\/04\/06\/syn-dziaa-razem-z-ojce\/\"]}]},{\"@type\":\"BreadcrumbList\",\"@id\":\"https:\/\/gaudiumetspes-blog.pl\/index.php\/2011\/04\/06\/syn-dziaa-razem-z-ojce\/#breadcrumb\",\"itemListElement\":[{\"@type\":\"ListItem\",\"position\":1,\"name\":\"Strona g\u0142\u00f3wna\",\"item\":\"https:\/\/gaudiumetspes-blog.pl\/\"},{\"@type\":\"ListItem\",\"position\":2,\"name\":\"Syn dzia\u0142a razem z&nbsp;Ojcem&#8230;\"}]},{\"@type\":\"WebSite\",\"@id\":\"https:\/\/gaudiumetspes-blog.pl\/#website\",\"url\":\"https:\/\/gaudiumetspes-blog.pl\/\",\"name\":\"Gaudium Et Spes\",\"description\":\"Blog Ks. Jacka Ja\u015bkowskiego\",\"potentialAction\":[{\"@type\":\"SearchAction\",\"target\":{\"@type\":\"EntryPoint\",\"urlTemplate\":\"https:\/\/gaudiumetspes-blog.pl\/?s={search_term_string}\"},\"query-input\":{\"@type\":\"PropertyValueSpecification\",\"valueRequired\":true,\"valueName\":\"search_term_string\"}}],\"inLanguage\":\"pl-PL\"},{\"@type\":\"Person\",\"@id\":\"https:\/\/gaudiumetspes-blog.pl\/#\/schema\/person\/1661982992b752dea8dff0d4ed845a65\",\"name\":\"Ks. Jacek\",\"image\":{\"@type\":\"ImageObject\",\"inLanguage\":\"pl-PL\",\"@id\":\"https:\/\/gaudiumetspes-blog.pl\/#\/schema\/person\/image\/\",\"url\":\"https:\/\/gaudiumetspes-blog.pl\/wp-content\/uploads\/2019\/07\/avatar-JJ-150x150.jpg\",\"contentUrl\":\"https:\/\/gaudiumetspes-blog.pl\/wp-content\/uploads\/2019\/07\/avatar-JJ-150x150.jpg\",\"caption\":\"Ks. Jacek\"},\"description\":\"Witam serdecznie! K\u0142ania si\u0119 Ks. Jacek Ja\u015bkowski. Nie jestem ani kim\u015b wa\u017cnym, ani kim\u015b znanym. Jestem ksi\u0119dzem, kt\u00f3ry po prostu chce rozmawia\u0107. Codzienna kap\u0142a\u0144ska pos\u0142uga pokazuje mi, \u017ce temat\u00f3w do rozm\u00f3w z ksi\u0119dzem jest coraz wi\u0119cej i dzisiaj \u017caden ksi\u0105dz nie mo\u017ce od nich ucieka\u0107, ale - wprost przeciwnie - podejmowa\u0107 nowe wyzwania. To przekonanie sk\u0142oni\u0142o mnie do pr\u00f3by otwarcia tego\u017c bloga, chocia\u017c okazji do rozm\u00f3w na co dzie\u0144 - w konfesjonale i poza nim - na szcz\u0119\u015bcie nie brakuje. My\u015bl\u0119 jednak, \u017ce ten blog b\u0119dzie jeszcze jednym sposobem i przestrzeni\u0105 nawi\u0105zania kontaktu z lud\u017ami dobrej woli, otwartymi na dialog.\",\"url\":\"https:\/\/gaudiumetspes-blog.pl\/index.php\/author\/ks-jacek\/\"}]}<\/script>\n<!-- \/ Yoast SEO plugin. -->","yoast_head_json":{"title":"Syn dzia\u0142a razem z Ojcem... - Gaudium Et Spes","robots":{"index":"index","follow":"follow","max-snippet":"max-snippet:-1","max-image-preview":"max-image-preview:large","max-video-preview":"max-video-preview:-1"},"canonical":"https:\/\/gaudiumetspes-blog.pl\/index.php\/2011\/04\/06\/syn-dziaa-razem-z-ojce\/","og_locale":"pl_PL","og_type":"article","og_title":"Syn dzia\u0142a razem z Ojcem... - Gaudium Et Spes","og_description":"Witam bardzo serdecznie! Dzi\u0119kuj\u0119 za odwiedziny na blogu! Wczoraj uda\u0142o mi si\u0119 raz jeszcze przeczyta\u0107 wszystkie nowe wpisy i odnie\u015b\u0107 si\u0119 do nich. Zapraszam do sta\u0142ej dyskusji, a tym, kt\u00f3rzy czyni\u0105 to systematycznie &#8211; bardzo gor\u0105co dzi\u0119kuj\u0119! Jednocze\u015bnie zach\u0119cam do \u0142\u0105czno\u015bci modlitewnej o 20.00 &#8211; nie zapominajmy o tej inicjatywie: niech nas jednoczy wzajemna modlitwa [&hellip;]","og_url":"https:\/\/gaudiumetspes-blog.pl\/index.php\/2011\/04\/06\/syn-dziaa-razem-z-ojce\/","og_site_name":"Gaudium Et Spes","article_published_time":"2011-04-06T13:46:00+00:00","article_modified_time":"2019-07-31T10:52:13+00:00","author":"Ks. Jacek","twitter_card":"summary_large_image","twitter_misc":{"Napisane przez":"Ks. Jacek","Szacowany czas czytania":"4 minuty"},"schema":{"@context":"https:\/\/schema.org","@graph":[{"@type":"WebPage","@id":"https:\/\/gaudiumetspes-blog.pl\/index.php\/2011\/04\/06\/syn-dziaa-razem-z-ojce\/","url":"https:\/\/gaudiumetspes-blog.pl\/index.php\/2011\/04\/06\/syn-dziaa-razem-z-ojce\/","name":"Syn dzia\u0142a razem z Ojcem... - Gaudium Et Spes","isPartOf":{"@id":"https:\/\/gaudiumetspes-blog.pl\/#website"},"datePublished":"2011-04-06T13:46:00+00:00","dateModified":"2019-07-31T10:52:13+00:00","author":{"@id":"https:\/\/gaudiumetspes-blog.pl\/#\/schema\/person\/1661982992b752dea8dff0d4ed845a65"},"breadcrumb":{"@id":"https:\/\/gaudiumetspes-blog.pl\/index.php\/2011\/04\/06\/syn-dziaa-razem-z-ojce\/#breadcrumb"},"inLanguage":"pl-PL","potentialAction":[{"@type":"ReadAction","target":["https:\/\/gaudiumetspes-blog.pl\/index.php\/2011\/04\/06\/syn-dziaa-razem-z-ojce\/"]}]},{"@type":"BreadcrumbList","@id":"https:\/\/gaudiumetspes-blog.pl\/index.php\/2011\/04\/06\/syn-dziaa-razem-z-ojce\/#breadcrumb","itemListElement":[{"@type":"ListItem","position":1,"name":"Strona g\u0142\u00f3wna","item":"https:\/\/gaudiumetspes-blog.pl\/"},{"@type":"ListItem","position":2,"name":"Syn dzia\u0142a razem z&nbsp;Ojcem&#8230;"}]},{"@type":"WebSite","@id":"https:\/\/gaudiumetspes-blog.pl\/#website","url":"https:\/\/gaudiumetspes-blog.pl\/","name":"Gaudium Et Spes","description":"Blog Ks. Jacka Ja\u015bkowskiego","potentialAction":[{"@type":"SearchAction","target":{"@type":"EntryPoint","urlTemplate":"https:\/\/gaudiumetspes-blog.pl\/?s={search_term_string}"},"query-input":{"@type":"PropertyValueSpecification","valueRequired":true,"valueName":"search_term_string"}}],"inLanguage":"pl-PL"},{"@type":"Person","@id":"https:\/\/gaudiumetspes-blog.pl\/#\/schema\/person\/1661982992b752dea8dff0d4ed845a65","name":"Ks. Jacek","image":{"@type":"ImageObject","inLanguage":"pl-PL","@id":"https:\/\/gaudiumetspes-blog.pl\/#\/schema\/person\/image\/","url":"https:\/\/gaudiumetspes-blog.pl\/wp-content\/uploads\/2019\/07\/avatar-JJ-150x150.jpg","contentUrl":"https:\/\/gaudiumetspes-blog.pl\/wp-content\/uploads\/2019\/07\/avatar-JJ-150x150.jpg","caption":"Ks. Jacek"},"description":"Witam serdecznie! K\u0142ania si\u0119 Ks. Jacek Ja\u015bkowski. Nie jestem ani kim\u015b wa\u017cnym, ani kim\u015b znanym. Jestem ksi\u0119dzem, kt\u00f3ry po prostu chce rozmawia\u0107. Codzienna kap\u0142a\u0144ska pos\u0142uga pokazuje mi, \u017ce temat\u00f3w do rozm\u00f3w z ksi\u0119dzem jest coraz wi\u0119cej i dzisiaj \u017caden ksi\u0105dz nie mo\u017ce od nich ucieka\u0107, ale - wprost przeciwnie - podejmowa\u0107 nowe wyzwania. To przekonanie sk\u0142oni\u0142o mnie do pr\u00f3by otwarcia tego\u017c bloga, chocia\u017c okazji do rozm\u00f3w na co dzie\u0144 - w konfesjonale i poza nim - na szcz\u0119\u015bcie nie brakuje. My\u015bl\u0119 jednak, \u017ce ten blog b\u0119dzie jeszcze jednym sposobem i przestrzeni\u0105 nawi\u0105zania kontaktu z lud\u017ami dobrej woli, otwartymi na dialog.","url":"https:\/\/gaudiumetspes-blog.pl\/index.php\/author\/ks-jacek\/"}]}},"jetpack_featured_media_url":"","jetpack_sharing_enabled":true,"_links":{"self":[{"href":"https:\/\/gaudiumetspes-blog.pl\/index.php\/wp-json\/wp\/v2\/posts\/9896","targetHints":{"allow":["GET"]}}],"collection":[{"href":"https:\/\/gaudiumetspes-blog.pl\/index.php\/wp-json\/wp\/v2\/posts"}],"about":[{"href":"https:\/\/gaudiumetspes-blog.pl\/index.php\/wp-json\/wp\/v2\/types\/post"}],"author":[{"embeddable":true,"href":"https:\/\/gaudiumetspes-blog.pl\/index.php\/wp-json\/wp\/v2\/users\/1"}],"replies":[{"embeddable":true,"href":"https:\/\/gaudiumetspes-blog.pl\/index.php\/wp-json\/wp\/v2\/comments?post=9896"}],"version-history":[{"count":1,"href":"https:\/\/gaudiumetspes-blog.pl\/index.php\/wp-json\/wp\/v2\/posts\/9896\/revisions"}],"predecessor-version":[{"id":10187,"href":"https:\/\/gaudiumetspes-blog.pl\/index.php\/wp-json\/wp\/v2\/posts\/9896\/revisions\/10187"}],"wp:attachment":[{"href":"https:\/\/gaudiumetspes-blog.pl\/index.php\/wp-json\/wp\/v2\/media?parent=9896"}],"wp:term":[{"taxonomy":"category","embeddable":true,"href":"https:\/\/gaudiumetspes-blog.pl\/index.php\/wp-json\/wp\/v2\/categories?post=9896"},{"taxonomy":"post_tag","embeddable":true,"href":"https:\/\/gaudiumetspes-blog.pl\/index.php\/wp-json\/wp\/v2\/tags?post=9896"}],"curies":[{"name":"wp","href":"https:\/\/api.w.org\/{rel}","templated":true}]}}