{"id":9902,"date":"2011-03-31T09:48:00","date_gmt":"2011-03-31T07:48:00","guid":{"rendered":"https:\/\/gaudiumetspes-blog.pl\/index.php\/2011\/03\/31\/zadoscuczynienie-bogu-i-blizniemu-2\/"},"modified":"2019-07-31T12:52:12","modified_gmt":"2019-07-31T10:52:12","slug":"zadoscuczynienie-bogu-i-blizniemu-2","status":"publish","type":"post","link":"https:\/\/gaudiumetspes-blog.pl\/index.php\/2011\/03\/31\/zadoscuczynienie-bogu-i-blizniemu-2\/","title":{"rendered":"Zado\u015b\u0107uczynienie Bogu i bli\u017aniemu&#8230;"},"content":{"rendered":"<p>Niech b\u0119dzie pochwalony Jezus Chrystus! Bardzo serdecznie witam! Dzisiaj ko\u0144cz\u0119 Rekolekcje w Mi\u0119dzylesiu. Wspania\u0142e prze\u017cycie &#8211; wielka \u017cyczliwo\u015b\u0107 i zas\u0142uchanie ludzi. Podobnie, chocia\u017c jako\u015b inaczej, by\u0142o w Przesmykach. Tam te\u017c wielkie skupienie, ale to prawda, co m\u00f3wi\u0105 starsi ksi\u0119\u017ca, \u017ce ka\u017cda Parafia ma swoj\u0105 specyfik\u0119, swoj\u0105 atmosfer\u0119. W sobot\u0119 i niedziel\u0119 b\u0119d\u0119 Was pozdrawia\u0142 z Kodnia, tam te\u017c b\u0119d\u0119 Was poleca\u0142 Bogu przez wstawiennictwo Matki Bo\u017cej &#8211; z okazji rekolekcyjnego skupienia Domowego Ko\u015bcio\u0142a z Parafii Ojca Pio. Licz\u0119 tam jednak na niejaki odpoczynek. Jutro te\u017c postaram si\u0119 odpisa\u0107 na Wasze wpisy. Prosz\u0119 o cierpliwo\u015b\u0107. I o komentarze dotycz\u0105ce warunk\u00f3w Sakramentu Pokuty! \u0141\u0105czmy si\u0119 o 20.00 we wsp\u00f3lnej modlitwie &#8211; zwracam uwag\u0119 na pro\u015bb\u0119 Mirki z Jej wpisu! I prosz\u0119 tak\u017ce o modlitw\u0119 za tych, w\u015br\u00f3d kt\u00f3rych prowadz\u0119 Rekolekcje. Ich tak\u017ce prosz\u0119 o modlitw\u0119 za Was &#8211; dow\u00f3d na to znajdziecie w rozwa\u017caniu!<br style=\"font-family: 'Times New Roman';\" \/>&nbsp;&nbsp;&nbsp;&nbsp;&nbsp;&nbsp;&nbsp;&nbsp;&nbsp;&nbsp;&nbsp;&nbsp;&nbsp;&nbsp;&nbsp;&nbsp; Gaudium et spes! Ks. Jacek&nbsp;<\/p>\n<div class=\"MsoNormal\" style=\"color: #0f0f0f; font-family: 'Times New Roman'; font-size: 14px; margin-bottom: 0px; margin-left: 0px; margin-right: 0px; margin-top: 0.4em; text-align: justify;\"><b>REKOLEKCJE WIELKOPOSTNE \u2013 dzie\u0144 4<\/b><\/div>\n<div class=\"MsoNormal\" style=\"color: #0f0f0f; font-family: 'Times New Roman'; font-size: 14px; margin-bottom: 0px; margin-left: 0px; margin-right: 0px; margin-top: 0.4em; text-align: justify;\"><b>w czwartek 3 tygodnia Wielkiego Postu,&nbsp;<\/b><\/div>\n<div class=\"MsoNormal\" style=\"color: #0f0f0f; font-family: 'Times New Roman'; font-size: 14px; margin-bottom: 0px; margin-left: 0px; margin-right: 0px; margin-top: 0.4em; text-align: justify;\"><b>Par. Imienia Naj\u015bw. Maryi Panny w Warszawie \u2013 Mi\u0119dzylesiu,<\/b><\/div>\n<div class=\"MsoNormal\" style=\"color: #0f0f0f; font-family: 'Times New Roman'; font-size: 14px; margin-bottom: 0px; margin-left: 0px; margin-right: 0px; margin-top: 0.4em; text-align: justify;\"><b>do czyta\u0144:&nbsp;&nbsp;Jr 7,23\u201328;&nbsp;&nbsp;\u0141k 11,14\u201323<\/b><\/div>\n<div class=\"MsoNormal\" style=\"color: #0f0f0f; font-family: 'Times New Roman'; font-size: 14px; margin-bottom: 0px; margin-left: 0px; margin-right: 0px; margin-top: 0.4em; text-align: justify; text-indent: 35.4pt;\">I tak oto, Kochani, ko\u0144czymy&nbsp;<b>dobry i \u015bwi\u0119ty czas Rekolekcji wielkopostnych,<\/b>&nbsp;co \u2013 bynajmniej \u2013 nie oznacza, \u017ce ko\u0144czymy nasz\u0105 duchow\u0105 prac\u0119 nad sob\u0105. Nie! Tak, jak wierzymy, od dzisiaj ruszy ona z jeszcze wi\u0119kszym zapa\u0142em i z jeszcze wi\u0119ksz\u0105 skuteczno\u015bci\u0105.<\/div>\n<div class=\"MsoNormal\" style=\"color: #0f0f0f; font-family: 'Times New Roman'; font-size: 14px; margin-bottom: 0px; margin-left: 0px; margin-right: 0px; margin-top: 0.4em; text-align: justify; text-indent: 35.4pt;\">Z ca\u0142\u0105 pewno\u015bci\u0105, b\u0119dzie jej s\u0142u\u017cy\u0142a&nbsp;<b>dobrze przeprowadzona i g\u0142\u0119boko prze\u017cyta Spowied\u017a,<\/b>&nbsp;do kt\u00f3rej bardzo serdecznie zach\u0119cam. Ksi\u0119\u017ca chc\u0105 nam s\u0142u\u017cy\u0107 w konfesjona\u0142ach \u2013 korzystajmy z ich obecno\u015bci i przyst\u0119pujmy do Sakramentu Pojednania! Nie odk\u0142adajmy tego na p\u00f3\u017aniej, starajmy si\u0119 nie tylko \u015awi\u0119ta, ale i ca\u0142y Wielki Post, i czas po \u015awi\u0119tach&nbsp;<b>prze\u017cywa\u0107 w nieustannej blisko\u015bci Boga.&nbsp;<\/b>Nie obawiajmy si\u0119,&nbsp;<b>Bogu cz\u0142owiek si\u0119 nigdy nie znudzi<\/b>&nbsp;i to, \u017ce b\u0119dziemy zawsze blisko Niego, nie jest \u017cadnym narzucaniem si\u0119. Wr\u0119cz przeciwnie!&nbsp;<b>Bogu bardzo zale\u017cy na tym, aby cz\u0142owiek zawsze by\u0142 z Nim, by\u0142 tu\u017c przy Nim.<\/b>&nbsp;Dlatego sprawmy t\u0119 rado\u015b\u0107 Bogu i zadbajmy o sta\u0142y stan \u0142aski u\u015bwi\u0119caj\u0105cej.<\/div>\n<div class=\"MsoNormal\" style=\"color: #0f0f0f; font-family: 'Times New Roman'; font-size: 14px; margin-bottom: 0px; margin-left: 0px; margin-right: 0px; margin-top: 0.4em; text-align: justify; text-indent: 35.4pt;\">A przy okazji \u2013&nbsp;<b>pom\u00f3dlmy si\u0119 za Ksi\u0119\u017cy Spowiednik\u00f3w,<\/b>&nbsp;kt\u00f3rzy nas z Bogiem jednaj\u0105; pom\u00f3dlmy si\u0119 za<b>Duszpasterzy naszej Parafii<\/b>&nbsp;i wreszcie \u2013&nbsp;<b>pom\u00f3dlmy si\u0119 za siebie nawzajem,<\/b>&nbsp;aby te Rekolekcje jeszcze bardziej odnowi\u0142y oblicze duchowe naszej Parafialnej Rodziny, aby wla\u0142y w nasze serca nowy zapa\u0142 do codziennego budowania dobra.<\/div>\n<div class=\"MsoNormal\" style=\"color: #0f0f0f; font-family: 'Times New Roman'; font-size: 14px; margin-bottom: 0px; margin-left: 0px; margin-right: 0px; margin-top: 0.4em; text-align: justify; text-indent: 35.4pt;\">Pami\u0119tajmy jednocze\u015bnie o tych cz\u0142onkach naszej Parafii \u2013 i w og\u00f3le tych naszych bliskich \u2013 kt\u00f3rzy&nbsp;<b>\u0142\u0105cz\u0105 si\u0119 z nami na \u0142o\u017cu choroby, na w\u00f3zku inwalidzkim, w domu lub szpitalu,<\/b>gdzie d\u017awigaj\u0105 codziennie,&nbsp;<b>z podziwu godn\u0105 cierpliwo\u015bci\u0105,<\/b>krzy\u017c swego do\u015bwiadczenia. M\u00f3dlmy si\u0119 za nich bardzo gor\u0105co, aby nigdy nie stracili nadziei, a swoje cierpienia&nbsp;<b>zawsze \u0142\u0105czyli z krzy\u017cem Chrystusa za zbawienie \u015bwiata,<\/b>&nbsp;ofiaruj\u0105c je w r\u00f3\u017cnych intencjach, tak\u017ce \u2013 przynajmniej w jakiej\u015b cz\u0105stce \u2013<b>w intencji tych Rekolekcji.<\/b>&nbsp;Nie zaniedbujmy tak\u017ce obecno\u015bci przy takich osobach i tak bardzo koniecznej im pomocy, a jednocze\u015bnie przypominajmy im, \u017ce&nbsp;<b>my wszyscy tutaj wspieramy ich sercem,&nbsp;<\/b>uwa\u017caj\u0105c ich za pe\u0142noprawnych, bardzo szczeg\u00f3lnych uczestnik\u00f3w tych\u017ce Rekolekcji.<\/div>\n<div class=\"MsoNormal\" style=\"color: #0f0f0f; font-family: 'Times New Roman'; font-size: 14px; margin-bottom: 0px; margin-left: 0px; margin-right: 0px; margin-top: 0.4em; text-align: justify; text-indent: 35.4pt;\">Pami\u0119tajmy ponadto w naszych modlitwach o tych, kt\u00f3rzy&nbsp;<b>nie skorzystali z tego czasu<\/b>&nbsp;\u2013 nie po raz pierwszy zapewne \u2013 dla kt\u00f3rych sprawy Bo\u017ce nie stanowi\u0105 jakiego\u015b tematu istotnego, aby jak najszybciej&nbsp;<b>wpisali Boga w swoje \u017cyciowe plany i pozwolili Mu dzia\u0142a\u0107 w swoich sercach.<\/b>Kochani, za tych ludzi \u2013 jak wspominali\u015bmy sobie wczoraj \u2013<b>zawsze, nie tylko w czasie Rekolekcji powinni\u015bmy si\u0119 modli\u0107,<\/b>&nbsp;staraj\u0105c si\u0119 jednocze\u015bnie by\u0107 dla nich dobrym przyk\u0142adem, i\u017c mo\u017cna na co dzie\u0144 \u017cy\u0107 Ewangeli\u0105 i \u017ce takie \u017cycie r\u00f3wnie\u017c dzisiaj&nbsp;<b>ma sens i jest mo\u017cliwe.<\/b><\/div>\n<div class=\"MsoNormal\" style=\"color: #0f0f0f; font-family: 'Times New Roman'; font-size: 14px; margin-bottom: 0px; margin-left: 0px; margin-right: 0px; margin-top: 0.4em; text-align: justify; text-indent: 35.4pt;\">I wreszcie \u2013 ogarnijmy modlitw\u0105&nbsp;<b>Internaut\u00f3w,<\/b>&nbsp;\u0142\u0105cz\u0105cych si\u0119 z nami, jak r\u00f3wnie\u017c&nbsp;<b>wszystkie nasze intencje i sprawy&nbsp;<\/b>tak osobiste, jak i rodzinne, zawodowe, s\u0105siedzkie\u2026<\/div>\n<div class=\"MsoNormal\" style=\"color: #0f0f0f; font-family: 'Times New Roman'; font-size: 14px; margin-bottom: 0px; margin-left: 0px; margin-right: 0px; margin-top: 0.4em; text-align: justify; text-indent: 35.4pt;\">W tych wszystkich intencjach modlimy si\u0119&nbsp;<b>na ka\u017cdej Mszy \u015awi\u0119tej,<\/b>&nbsp;w tych wszystkich intencjach modlimy si\u0119&nbsp;<b>na wsp\u00f3lnych Adoracjach Naj\u015bwi\u0119tszego Sakramentu<\/b>&nbsp;\u2013 Adoracjach tak wytrwale i tak fantastycznie prowadzonych przez Ksi\u0119dza Mariusza po Mszy \u015awi\u0119tej o godzinie osiemnastej; w tych wszystkich intencjach modlimy si\u0119&nbsp;<b>w trakcie osobistej rozmowy z Bogiem tu, w \u015bwi\u0105tyni.<\/b><\/div>\n<div class=\"MsoNormal\" style=\"color: #0f0f0f; font-family: 'Times New Roman'; font-size: 14px; margin-bottom: 0px; margin-left: 0px; margin-right: 0px; margin-top: 0.4em; text-align: justify; text-indent: 35.4pt;\">Ale te\u017c&nbsp;<b>modlimy si\u0119 w domu,<\/b>&nbsp;zanosz\u0105c do Tronu Bo\u017cego b\u0142aganie w takiej formie&nbsp;<b>i w taki spos\u00f3b, jaki wszystkim najbardziej odpowiada,<\/b>&nbsp;jakiego ka\u017cdy si\u0119 nauczy\u0142 i wypracowa\u0142. Dla podkre\u015blenia jednak duchowej \u0142\u0105czno\u015bci mi\u0119dzy nami \u2013 pomi\u0119dzy cz\u0142onkami naszej Parafialnej Rodziny \u2013 oraz dla zawi\u0105zania rekolekcyjnej wsp\u00f3lnoty, codziennie, w ci\u0105gu jednego dnia,&nbsp;<b>wszyscy \u0142\u0105czymy si\u0119 poprzez odm\u00f3wienie takiej samej modlitwy.<\/b><\/div>\n<div class=\"MsoNormal\" style=\"color: #0f0f0f; font-family: 'Times New Roman'; font-size: 14px; margin-bottom: 0px; margin-left: 0px; margin-right: 0px; margin-top: 0.4em; text-align: justify; text-indent: 35.4pt;\">A jest to \u2013 ka\u017cdorazowo \u2013 dziesi\u0105tek R\u00f3\u017ca\u0144ca \u015awi\u0119tego, kolejna tajemnica cz\u0119\u015bci \u015bwiat\u0142a, oraz wybrana Litania. Dzisiaj wypada nam dope\u0142ni\u0107 tego dzie\u0142a i&nbsp;<b>odm\u00f3wi\u0107 dwa dziesi\u0105tki: tajemnic\u0119 czwart\u0105 \u2013 Przemienienie Jezusa na G\u00f3rze Tabor; oraz pi\u0105t\u0105 \u2013 Ustanowienia Eucharystii, a tak\u017ce \u2013 Litani\u0119 Loreta\u0144sk\u0105 do Matki Bo\u017cej.<\/b><\/div>\n<div class=\"MsoNormal\" style=\"color: #0f0f0f; font-family: 'Times New Roman'; font-size: 14px; margin-bottom: 0px; margin-left: 0px; margin-right: 0px; margin-top: 0.4em; text-align: justify; text-indent: 35.4pt;\">Jednocze\u015bnie bardzo serdecznie dzi\u0119kuj\u0119 tym, kt\u00f3rzy przez kolejne trzy dni&nbsp;<b>w\u0142\u0105czali si\u0119 w t\u0119 inicjatyw\u0119,<\/b>&nbsp;buduj\u0105c w ten spos\u00f3b rekolekcyjn\u0105 atmosfer\u0119 w swoich domach, a nam wszystkim wypraszaj\u0105c liczne \u0142aski Bo\u017ce. Gdyby jednak kto\u015b tego nie czyni\u0142, a chcia\u0142by si\u0119 jeszcze w\u0142\u0105czy\u0107, albo z jakiego\u015b powodu zaniedba\u0142 kt\u00f3rego\u015b dnia odm\u00f3wienie kolejnych modlitw, to mo\u017ce&nbsp;<b>dzisiaj \u201enadrobi\u0107 zaleg\u0142o\u015bci\u201d.&nbsp;<\/b>Przypomn\u0119, \u017ce odmawiali\u015bmy w tych dniach pierwsz\u0105, drug\u0105 i trzeci\u0105 tajemnic\u0119 \u015bwiat\u0142a oraz Litani\u0119 do Imienia, do Krwi i do Serca Pana Jezusa.&nbsp;<b>Dzisiaj natomiast tajemnica czwarta i pi\u0105ta \u015bwiat\u0142a, oraz Litania Loreta\u0144ska do Matki Bo\u017cej.<\/b><\/div>\n<div class=\"MsoNormal\" style=\"color: #0f0f0f; font-family: 'Times New Roman'; font-size: 14px; margin-bottom: 0px; margin-left: 0px; margin-right: 0px; margin-top: 0.4em; text-align: justify; text-indent: 35.4pt;\">Wszystkie te modlitwy, jakie do Boga zanosimy, maj\u0105 nas wesprze\u0107 duchowo w naszej pracy, jak\u0105 prowadzimy wsp\u00f3lnie, w duchu has\u0142a:&nbsp;<b>DAJ MI POZNA\u0106 TWOJE DROGI, PANIE, NAUCZ MNIE CHODZI\u0106 TWOIMI \u015aCIE\u017bKAMI!,&nbsp;<\/b>kt\u00f3re wyprowadzili\u015bmy sobie z wtorkowego Psalmu responsoryjnego, a kt\u00f3re przy\u015bwieca naszemu pod\u0105\u017caniu drog\u0105 do Boga, drog\u0105 do pe\u0142nego z Nim zjednoczenia. Na tej drodze wyznaczamy sobie&nbsp;<b>kolejne etapy, kolejne kroki, kt\u00f3rymi s\u0105 warunki Sakramentu Pokuty.<\/b><\/div>\n<div class=\"MsoNormal\" style=\"color: #0f0f0f; font-family: 'Times New Roman'; font-size: 14px; margin-bottom: 0px; margin-left: 0px; margin-right: 0px; margin-top: 0.4em; text-align: justify; text-indent: 35.4pt;\">I tak, w poniedzia\u0142ek m\u00f3wili\u015bmy sobie&nbsp;<b>o rachunku sumienia,<\/b>&nbsp;jako takim w\u0142a\u015bnie rozrachunku mi\u0119dzy dobrem a z\u0142em \u2013 rozrachunku, kt\u00f3ry nale\u017cy uczyni\u0107 spokojnie i rzetelnie, dok\u0142adnie i odwa\u017cnie,&nbsp;<b>jasno zauwa\u017caj\u0105c, co jest dobrem w naszym \u017cyciu, a co z\u0142em.<\/b>&nbsp;Pomoc\u0105 winny nam s\u0142u\u017cy\u0107 pytania, kt\u00f3re \u0142atwo odnajdziemy w ka\u017cdym modlitewniku lub innych wydaniach, natomiast efektem widzialnym tej\u017ce pracy powinno by\u0107 zapisanie wynik\u00f3w naszej refleksji.<\/div>\n<div class=\"MsoNormal\" style=\"color: #0f0f0f; font-family: 'Times New Roman'; font-size: 14px; margin-bottom: 0px; margin-left: 0px; margin-right: 0px; margin-top: 0.4em; text-align: justify; text-indent: 35.4pt;\">We wtorek m\u00f3wili\u015bmy sobie&nbsp;<b>o \u017calu za grzechy,<\/b>b\u0119d\u0105cym wyrazem naszego \u015bwiadomego odrzucenia z\u0142a; naszej osobistej, bardzo konkretnej decyzji, kt\u00f3rej celem jest wewn\u0119trzne opowiedzenie si\u0119 po stronie dobra. Nie ma natomiast \u017cal za grzechy&nbsp;<b>zbyt wiele wsp\u00f3lnego z emocjonalnymi zachowaniami zewn\u0119trznymi.<\/b>&nbsp;Z nale\u017cycie pojmowanego \u017calu za grzechy wynika \u2013 jako jego prosta i oczywista konsekwencja \u2013&nbsp;<b>mocne postanowienie poprawy,<\/b>kt\u00f3re winno by\u0107 konkretne i szczeg\u00f3\u0142owe, a dotyczy\u0107 powinno jednego,&nbsp;<b>najbardziej dolegliwego i bolesnego grzechu,<\/b>rzutuj\u0105cego na ca\u0142\u0105 nasz\u0105 postaw\u0119. Rzeczywista i skuteczna poprawa z tego jednego grzechu poci\u0105ga za sob\u0105 d\u017awiganie si\u0119 z innych grzech\u00f3w.<\/div>\n<div class=\"MsoNormal\" style=\"color: #0f0f0f; font-family: 'Times New Roman'; font-size: 14px; margin-bottom: 0px; margin-left: 0px; margin-right: 0px; margin-top: 0.4em; text-align: justify; text-indent: 35.4pt;\">I wreszcie wczoraj analizowali\u015bmy sobie&nbsp;<b>przebieg samej Spowiedzi,<\/b>&nbsp;zaznaczaj\u0105c, \u017ce w jej trakcie winni\u015bmy m\u00f3wi\u0107 to wszystko, co naprawd\u0119 jest wa\u017cne i konieczne, a pomija\u0107 ca\u0142\u0105 \u2013 przepraszam za wyra\u017cenie \u2013 \u201epaplanin\u0119\u201d, kt\u00f3ra nic nie wnosi, a tylko niepotrzebnie wyd\u0142u\u017ca Spowied\u017a i ca\u0142o\u015b\u0107 czyni ma\u0142o przejrzyst\u0105.<\/div>\n<div class=\"MsoNormal\" style=\"color: #0f0f0f; font-family: 'Times New Roman'; font-size: 14px; margin-bottom: 0px; margin-left: 0px; margin-right: 0px; margin-top: 0.4em; text-align: justify; text-indent: 35.4pt;\">W tym kontek\u015bcie m\u00f3wili\u015bmy sobie, \u017ce Spowied\u017a powinna sk\u0142ada\u0107 si\u0119 z takich oto element\u00f3w: poprzedzaj\u0105ca j\u0105<b>modlitwa do Ducha \u015awi\u0119tego, nast\u0119pnie: znak krzy\u017ca, pozdrowienie chrze\u015bcija\u0144skie, informacje wst\u0119pne:<\/b>&nbsp;kim jestem, kiedy by\u0142em u Spowiedzi i czy wype\u0142ni\u0142em zadan\u0105 pokut\u0119.&nbsp;<b>Potem \u2013 wyznanie grzech\u00f3w<\/b>, pocz\u0105wszy od ci\u0119\u017ckich, kt\u00f3re wymieniamy co do liczby i okoliczno\u015bci, potem, w spos\u00f3b og\u00f3lny, powszednie. Ko\u0144czymy stwierdzeniem: \u201ewi\u0119cej grzech\u00f3w nie pami\u0119tam, \u017ca\u0142uj\u0119 za nie, chc\u0119 si\u0119 poprawi\u0107, prosz\u0119 kap\u0142ana o rozgrzeszenie i pokut\u0119\u201d.&nbsp;<b>S\u0142ucham pouczenia, przyjmuj\u0119 pokut\u0119, otrzymuj\u0119 rozgrzeszenie,<\/b>&nbsp;ewentualnie odpowiadam na wezwania ko\u0144cowe ksi\u0119dza.&nbsp;<b>Ko\u0144cz\u0119 osobist\u0105 modlitw\u0105 dzi\u0119kczynn\u0105.&nbsp;<\/b>O tym rozwa\u017cali\u015bmy wczoraj.<\/div>\n<div class=\"MsoNormal\" style=\"color: #0f0f0f; font-family: 'Times New Roman'; font-size: 14px; margin-bottom: 0px; margin-left: 0px; margin-right: 0px; margin-top: 0.4em; text-align: justify; text-indent: 35.4pt;\">I oto dzisiaj dochodzimy do ostatniego warunku nale\u017cytego pojednania z Bogiem, czyli do&nbsp;<b>zado\u015b\u0107uczynienia temu\u017c Bogu i bli\u017aniemu.&nbsp;<\/b>Efektem ca\u0142ej naszej rekolekcyjnej refleksji,wspartej modlitw\u0105, b\u0119dzie&nbsp;<b>konkretne postanowienie,<\/b>kt\u00f3re na koniec rozwa\u017cania podejmiemy sobie. Jednocze\u015bnie przypomn\u0119, \u017ce wyrazem przek\u0142adania prowadzonych refleksji na realia naszego \u017cycia by\u0142y&nbsp;<b>codzienne prace domowe.<\/b><\/div>\n<div class=\"MsoNormal\" style=\"color: #0f0f0f; font-family: 'Times New Roman'; font-size: 14px; margin-bottom: 0px; margin-left: 0px; margin-right: 0px; margin-top: 0.4em; text-align: justify; text-indent: 35.4pt;\">W poniedzia\u0142ek \u2013 przeprowadzenie z kartk\u0105 i d\u0142ugopisem w r\u0119ku&nbsp;<b>osobistego, porz\u0105dnego rachunku sumienia;<\/b>&nbsp;we wtorek \u2013&nbsp;<b>kontakt z osob\u0105 blisk\u0105,<\/b>&nbsp;z kt\u00f3r\u0105 nie najlepiej ostatnio nam si\u0119 uk\u0142ada\u0142o; wczoraj \u2013&nbsp;<b>osobista spokojna refleksja<\/b>&nbsp;<b>nad sposobem, w jaki ka\u017cdy z nas si\u0119 spowiada,<\/b>&nbsp;w celu wyci\u0105gni\u0119cia wniosk\u00f3w na przysz\u0142o\u015b\u0107 i ewentualnego dopracowania tej\u017ce swojej Spowiedzi.<\/div>\n<div class=\"MsoNormal\" style=\"color: #0f0f0f; font-family: 'Times New Roman'; font-size: 14px; margin-bottom: 0px; margin-left: 0px; margin-right: 0px; margin-top: 0.4em; text-align: justify; text-indent: 35.4pt;\"><b>Bardzo serdecznie dzi\u0119kuj\u0119, Kochani, tym wszystkim, kt\u00f3rzy wykonywali kolejne prace domowe,<\/b>&nbsp;w ten spos\u00f3b realizuj\u0105c postulat przenoszenia Rekolekcji na obszar swego codziennego \u017cycia, na przestrze\u0144 swojego domu. Je\u017celi kto\u015b ma na tym odcinku jakie\u015b&nbsp;<b>zaleg\u0142o\u015bci, to mo\u017ce je \u2013 jak najbardziej \u2013 nadrobi\u0107,<\/b>&nbsp;dzisiaj, czy nawet w nast\u0119pnych dniach, przy czym dzisiaj tak\u017ce b\u0119dzie kolejna, ju\u017c ostatnia rekolekcyjna praca domowa.<\/div>\n<div class=\"MsoNormal\" style=\"color: #0f0f0f; font-family: 'Times New Roman'; font-size: 14px; margin-bottom: 0px; margin-left: 0px; margin-right: 0px; margin-top: 0.4em; text-align: justify; text-indent: 35.4pt;\">Tak zatem,&nbsp;<b>DAJ MI POZNA\u0106 TWOJE DROGI, PANIE, NAUCZ MNIE CHODZI\u0106 TWOIMI \u015aCIE\u017bKAMI! \u2013&nbsp;<\/b>zwracamy si\u0119 do Pana s\u0142owami naszego has\u0142a, stawiaj\u0105c ju\u017c&nbsp;<b>ostatni krok na szlaku rekolekcyjnej refleksji,<\/b>a wi\u0119c \u2013 podejmuj\u0105c rozwa\u017canie kwestii zado\u015b\u0107uczynienia Panu Bogu i bli\u017aniemu.<\/div>\n<div class=\"MsoNormal\" style=\"color: #0f0f0f; font-family: 'Times New Roman'; font-size: 14px; margin-bottom: 0px; margin-left: 0px; margin-right: 0px; margin-top: 0.4em; text-align: justify; text-indent: 35.4pt;\">S\u0142uchaj\u0105c dzisiejszych czyta\u0144 mszalnych, zauwa\u017camy, z jakim b\u00f3lem, z jakim rozczarowaniem B\u00f3g przez Proroka Jeremiasza m\u00f3wi o niewierno\u015bci swego ludu. Tego ludu, kt\u00f3ry obdarzy\u0142 tyloma rozlicznymi darami. S\u0142yszymy oto takie s\u0142owa:<b><i>Uczynili twardym sw\u00f3j kark, stali si\u0119 gorszymi, ni\u017c ich przodkowie<\/i><\/b><i>.Powiesz im wszystkie te s\u0142owa, ale ci\u0119 nie us\u0142uchaj\u0105, b\u0119dziesz wo\u0142a\u0142 do nich, lecz nie dadz\u0105 ci odpowiedzi.<\/i><\/div>\n<div class=\"MsoNormal\" style=\"color: #0f0f0f; font-family: 'Times New Roman'; font-size: 14px; margin-bottom: 0px; margin-left: 0px; margin-right: 0px; margin-top: 0.4em; text-align: justify; text-indent: 35.4pt;\">W\u0142a\u015bnie w kontek\u015bcie tego \u017calu, tego rozczarowania Boga postaw\u0105 swego ludu, Jezus&nbsp;<b>tak\u017ce pi\u0119tnuje z\u0142\u0105 wol\u0119 w nastawieniu cz\u0142owieka<\/b>&nbsp;\u2013 z\u0142\u0105 wol\u0119, kt\u00f3ra popycha cz\u0142owieka do tego, aby zawsze rzuca\u0142 Bogu i drugiemu cz\u0142owiekowi \u201ek\u0142ody pod nogi\u201d&nbsp;<b>i wsz\u0119dzie widzia\u0142 z\u0142o, tak\u017ce w dzia\u0142aniu ewidentnie dobrym,<\/b>&nbsp;a wr\u0119cz niezwyk\u0142ym, jakim jest wyrzucanie z\u0142ych duch\u00f3w. Dlatego Jezus jednoznacznie stwierdza na koniec dzisiejszego pouczenia:&nbsp;<b><i>Kto nie jest ze Mn\u0105, jest przeciwko Mnie; a kto nie zbiera ze Mn\u0105, rozprasza<\/i><\/b>.&nbsp;<b>Jasno i konkretnie!<\/b><\/div>\n<div class=\"MsoNormal\" style=\"color: #0f0f0f; font-family: 'Times New Roman'; font-size: 14px; margin-bottom: 0px; margin-left: 0px; margin-right: 0px; margin-top: 0.4em; text-align: justify; text-indent: 35.4pt;\">Mo\u017cna powiedzie\u0107, \u017ce akt zado\u015b\u0107uczynienia \u2013 zar\u00f3wno Bogu, jak i bli\u017aniemu \u2013 jest pr\u00f3b\u0105 takiego&nbsp;<b>\u201epozbierania\u201d tego, co zosta\u0142o rozrzucone, zniszczone, utracone przez grzech<\/b>\u2026 Jest wysi\u0142kiem w celu naprawienia tego\u017c z\u0142a! Jest form\u0105 przekonania Boga, \u017ce nie musi si\u0119 czu\u0107 taki rozczarowany \u2013 przynajmniej nasz\u0105 postaw\u0105\u2026&nbsp;<b>Czym\u017ce zatem jest owo zado\u015b\u0107uczynienie?<\/b><\/div>\n<div class=\"MsoNormal\" style=\"color: #0f0f0f; font-family: 'Times New Roman'; font-size: 14px; margin-bottom: 0px; margin-left: 0px; margin-right: 0px; margin-top: 0.4em; text-align: justify; text-indent: 35.4pt;\">Jest ono oczywi\u015bcie tym, co wyra\u017ca nazwa tej czynno\u015bci, a wi\u0119c&nbsp;<b>uczynieniem zado\u015b\u0107 Bo\u017cej i ludzkiej sprawiedliwo\u015bci;<\/b>jest staraniem si\u0119 o odp\u0142acenie si\u0119 za z\u0142o, za krzywd\u0119, za szkod\u0119, jak\u0105 spowodowali\u015bmy swoim post\u0119powaniem. Trzeba jednak koniecznie zastrzec, \u017ce&nbsp;<b>w odniesieniu do Boga absolutnie nie mo\u017cemy m\u00f3wi\u0107 o pe\u0142nym zado\u015b\u0107uczynieniu, o faktycznymi pe\u0142nym wyp\u0142aceniu si\u0119 Bo\u017cej sprawiedliwo\u015bci.<\/b>&nbsp;Absolutnie \u2013 nie mo\u017cemy nawet tak my\u015ble\u0107!<\/div>\n<div class=\"MsoNormal\" style=\"color: #0f0f0f; font-family: 'Times New Roman'; font-size: 14px; margin-bottom: 0px; margin-left: 0px; margin-right: 0px; margin-top: 0.4em; text-align: justify; text-indent: 35.4pt;\">Trzeba nam bowiem najpierw u\u015bwiadomi\u0107 sobie,<b>&nbsp;kim jest B\u00f3g \u2013 a kim my jeste\u015bmy.<\/b>&nbsp;Potem, zda\u0107 sobie spraw\u0119 z wagi naszych grzech\u00f3w i \u2013 w\u0142a\u015bnie \u2013 komu tak naprawd\u0119 si\u0119 sprzeciwiamy,&nbsp;<b>jak wielki jest majestat i pot\u0119ga Tego, od kt\u00f3rego my odwracamy si\u0119 plecami.<\/b>&nbsp;A w zwi\u0105zku z tym \u2013 jak bardzo surowa kara powinna spotka\u0107 kogo\u015b, kto zniewa\u017ca taki majestat, tak\u0105 pot\u0119g\u0119, kogo\u015b tak znacz\u0105cego.&nbsp;<b>Spr\u00f3bujmy to sobie chocia\u017c w przybli\u017ceniu wyobrazi\u0107 w relacjach ludzkich<\/b>&nbsp;\u2013 przecie\u017c taki winowajca, po pierwszym przest\u0119pstwie, zapewne zgin\u0105\u0142by marnie i s\u0142uch o nim szybko by przepad\u0142 bezpowrotnie!&nbsp;<\/div>\n<div class=\"MsoNormal\" style=\"color: #0f0f0f; font-family: 'Times New Roman'; font-size: 14px; margin-bottom: 0px; margin-left: 0px; margin-right: 0px; margin-top: 0.4em; text-align: justify; text-indent: 35.4pt;\">Tymczasem B\u00f3g nie do\u015b\u0107, \u017ce tego nie czyni, to jeszcze<b>posy\u0142a swego Jedynego Syna,<\/b><b>&nbsp;aby to On wzi\u0105\u0142 na siebie grzechy cz\u0142owieka i to On za nie odpokutowa\u0142,<\/b>&nbsp;cz\u0142owiekowi zostawiaj\u0105c tylko najmniejsz\u0105 cz\u0105stk\u0119, jakby ostatni element, bardzo drobny i minimalny \u2013 tego\u017c wynagradzania Bogu. Musimy zatem pami\u0119ta\u0107, \u017ce to, co okre\u015blamy mianem pokuty, zadanej na Spowiedzi, a wi\u0119c modlitwa, czy dobry uczynek \u2013 to&nbsp;<b>bardzo minimalny, drobny, symboliczny wr\u0119cz gest z naszej strony.<\/b>&nbsp;On w \u017caden spos\u00f3b nie jest w stanie w pe\u0142ni wynagrodzi\u0107 Bogu za nasze grzechy. Jest natomiast sygna\u0142em, wys\u0142anym do Boga, \u017ce nam&nbsp;<b>zale\u017cy na odzyskaniu pe\u0142nej z Nim jedno\u015bci i na powrocie do Niego.<\/b><\/div>\n<div class=\"MsoNormal\" style=\"color: #0f0f0f; font-family: 'Times New Roman'; font-size: 14px; margin-bottom: 0px; margin-left: 0px; margin-right: 0px; margin-top: 0.4em; text-align: justify; text-indent: 35.4pt;\">Dlatego trzeba, Kochani, aby\u015bmy zadan\u0105 pokut\u0119, zadane zado\u015b\u0107uczynienie,&nbsp;<b>wype\u0142niali zawsze, wype\u0142niali dok\u0142adnie,<\/b>ze szczerym zaanga\u017cowaniem serca i najlepiej \u2013&nbsp;<b>jak najszybciej po Spowiedzi.&nbsp;<\/b>Je\u017celi nie odprawili\u015bmy zadanej pokuty, powinni\u015bmy to powiedzie\u0107 w ramach informacji wst\u0119pnych, na pocz\u0105tku nast\u0119pnej Spowiedzi. Je\u017celi kap\u0142an nie odniesie si\u0119 do tego, to nale\u017cy&nbsp;<b>odprawi\u0107 potem i t\u0119 zadan\u0105 aktualnie pokut\u0119, i t\u0119 zaleg\u0142\u0105.<\/b>&nbsp;By\u0107 mo\u017ce jednak, spowiednik zamieni tamt\u0105 pokut\u0119 na inn\u0105, albo zaproponuje inne rozwi\u0105zanie.<\/div>\n<div class=\"MsoNormal\" style=\"color: #0f0f0f; font-family: 'Times New Roman'; font-size: 14px; margin-bottom: 0px; margin-left: 0px; margin-right: 0px; margin-top: 0.4em; text-align: justify; text-indent: 35.4pt;\">Trzeba zatem zg\u0142osi\u0107 to na pocz\u0105tku, jakkolwiek \u2013 m\u00f3wi\u0105c szczerze \u2013&nbsp;<b>trudno mi sobie wyobrazi\u0107 racjonaln\u0105 przyczyn\u0119, dla kt\u00f3rej kto\u015b pokuty tej nie spe\u0142ni\u0142.&nbsp;<\/b>Przecie\u017c, je\u017celi zapomnieli\u015bmy, co by\u0142o zadane, albo stwierdzili\u015bmy w domu, po powrocie ze Spowiedzi, \u017ce jednak tej lub innej modlitwy nie mamy w ksi\u0105\u017ceczce i jej nie znamy, to mo\u017cemy<b>wybra\u0107 inn\u0105 modlitw\u0119 i t\u0119 inn\u0105 odm\u00f3wi\u0107,<\/b>&nbsp;informuj\u0105c potem tylko spowiednika o takiej zamianie.<\/div>\n<div class=\"MsoNormal\" style=\"color: #0f0f0f; font-family: 'Times New Roman'; font-size: 14px; margin-bottom: 0px; margin-left: 0px; margin-right: 0px; margin-top: 0.4em; text-align: justify; text-indent: 35.4pt;\">Podobnie, kiedy z powodu do\u015b\u0107 d\u0142ugiego czasu od ostatniej Spowiedzi zwyczajnie nie pami\u0119tamy, czy odm\u00f3wili\u015bmy zadane zado\u015b\u0107uczynienie, to naprawd\u0119 jednak&nbsp;<b>nie zaszkodzi co\u015b wype\u0142ni\u0107, odm\u00f3wi\u0107 jak\u0105\u015b modlitw\u0119.<\/b>&nbsp;Nawet, gdyby si\u0119 okaza\u0142o, \u017ce jednak ta kiedy\u015b zadana pokuta zosta\u0142a wype\u0142niona. Czy\u017c bowiem po tak d\u0142ugim czasie od ostatniej Spowiedzi, kiedy ju\u017c zdecydowali\u015bmy si\u0119 przyj\u015b\u0107 do nast\u0119pnej \u2013&nbsp;<b>nie powinno nam zale\u017ce\u0107 na tym, \u017ceby przekona\u0107 Boga, i\u017c naprawd\u0119 chcemy si\u0119 z Nim pojedna\u0107?<\/b>&nbsp;Chocia\u017cby z tego powodu powinni\u015bmy odm\u00f3wi\u0107 nawet niejedn\u0105 modlitw\u0119, czy podj\u0105\u0107 jakie\u015b inne dobro\u2026<\/div>\n<div class=\"MsoNormal\" style=\"color: #0f0f0f; font-family: 'Times New Roman'; font-size: 14px; margin-bottom: 0px; margin-left: 0px; margin-right: 0px; margin-top: 0.4em; text-align: justify; text-indent: 35.4pt;\">Tymczasem niekiedy odnosi si\u0119 wra\u017cenie, \u017ce niekt\u00f3rzy<b>to ju\u017c tak temu Bogu wyliczaj\u0105 te \u201emodlitewki\u201d,<\/b>&nbsp;\u017ceby si\u0119 tylko przypadkiem nie przem\u0119czy\u0107 i nie za du\u017co odm\u00f3wi\u0107.<b>Szkoda, \u017ce kiedy grzesz\u0105, to nie stosuj\u0105 takiej minimalnej taryfy, tylko wtedy anga\u017cuj\u0105 si\u0119 ca\u0142ym sob\u0105.&nbsp;<\/b>Troch\u0119 si\u0119 tu przypomina film Jacka Bromskiego \u201eU Pana Boga za piecem\u201d i historia z \u201epagierami\u201d, kiedy to proboszcz, z tak\u0105 nut\u0105 pewnego roz\u017calenia, pyta Naj\u015bwi\u0119tsz\u0105 Panienk\u0119, jak to jest, \u017ce ludzie, kiedy grzesz\u0105, to&nbsp;&nbsp;robi\u0105 to dok\u0142adnie, z namys\u0142em, starannie, a jak przyjdzie pokutowa\u0107 \u2013 to tylko tak szybko, byle jak, \u201epo \u0142ebkach\u201d?&nbsp;<b>W\u0142a\u015bnie, jak to jest?<\/b>\u2026<\/div>\n<div class=\"MsoNormal\" style=\"color: #0f0f0f; font-family: 'Times New Roman'; font-size: 14px; margin-bottom: 0px; margin-left: 0px; margin-right: 0px; margin-top: 0.4em; text-align: justify; text-indent: 35.4pt;\">Dlatego mo\u017ce by tak, Kochani,&nbsp;<b>nie ogranicza\u0107 si\u0119 tylko do tej symbolicznej formy zado\u015b\u0107uczynienia,<\/b>&nbsp;jak\u0105 ksi\u0105dz zada\u0142 na Spowiedzi, ale podejmowa\u0107 te\u017c inne, w\u0142asne formy \u2013 z dobrej woli, ze szczerego serca?\u2026 A mo\u017ce&nbsp;<b>w tej intencji ofiarowa\u0107 swoje cierpienia, niedogodno\u015bci, \u017cyciowe przeciwno\u015bci<\/b>&nbsp;\u2013 zamiast przeklina\u0107 \u015bwiat i ludzi, \u017ce tak fatalnie nam si\u0119 \u017cycie uk\u0142ada?\u2026 Mo\u017ce by tak da\u0107 Bogu co\u015b wi\u0119cej z siebie \u2013 w tej w\u0142a\u015bnie intencji?&nbsp;<b>Nie obawiajmy si\u0119, nigdy tego nie b\u0119dzie za du\u017co!<\/b><\/div>\n<div class=\"MsoNormal\" style=\"color: #0f0f0f; font-family: 'Times New Roman'; font-size: 14px; margin-bottom: 0px; margin-left: 0px; margin-right: 0px; margin-top: 0.4em; text-align: justify; text-indent: 35.4pt;\">Z zado\u015b\u0107uczynieniem Bogu&nbsp;<b>nierozerwalnie \u0142\u0105czy si\u0119 zado\u015b\u0107uczynienie bli\u017aniemu,<\/b>&nbsp;o kt\u00f3rym \u2013 powiedzmy to ju\u017c od razu \u2013 zwykle zapominamy. O ile bowiem&nbsp;<b>pami\u0119tamy, \u017ceby odm\u00f3wi\u0107 zadan\u0105 pokut\u0119&nbsp;<\/b>i chocia\u017c w ten symboliczny spos\u00f3b zado\u015b\u0107uczyni\u0107 Bogu, o tyle jako\u015b tak nam trudno u\u015bwiadomi\u0107 sobie i wzi\u0105\u0107 sobie do serca, \u017ce nie wystarczy \u2013 na przyk\u0142ad \u2013 wyspowiada\u0107 si\u0119 z kradzie\u017cy, ale&nbsp;<b>trzeba jeszcze odda\u0107 rzecz ukradzion\u0105, oraz korzy\u015bci,<\/b>&nbsp;jakie si\u0119 zyska\u0142o z jej u\u017cywania, a kt\u00f3rych to korzy\u015bci pozbawiony by\u0142 w\u0142a\u015bciciel.<\/div>\n<div class=\"MsoNormal\" style=\"color: #0f0f0f; font-family: 'Times New Roman'; font-size: 14px; margin-bottom: 0px; margin-left: 0px; margin-right: 0px; margin-top: 0.4em; text-align: justify; text-indent: 35.4pt;\">I nie wystarczy wyspowiada\u0107 si\u0119 z k\u0142amstwa \u2013&nbsp;<b>trzeba je jeszcze odwo\u0142a\u0107, a da\u0107 \u015bwiadectwo prawdzie.<\/b>&nbsp;I nie wystarczy wyspowiada\u0107 si\u0119 z obm\u00f3w i oszczerstw \u2013 trzeba jeszcze<b>odbudowa\u0107 nadszarpni\u0119t\u0105 komu\u015b opini\u0119<\/b>\u2026 I nie wystarczy wyspowiada\u0107 si\u0119 z k\u0142\u00f3tni, wyzwisk i poni\u017cania drugiego \u2013<b>trzeba go za to przeprosi\u0107,<\/b>&nbsp;tak\u017ce publicznie, je\u017celi publicznie si\u0119 go zniewa\u017cy\u0142o\u2026 I tak dalej, i tak dalej\u2026<\/div>\n<div class=\"MsoNormal\" style=\"color: #0f0f0f; font-family: 'Times New Roman'; font-size: 14px; margin-bottom: 0px; margin-left: 0px; margin-right: 0px; margin-top: 0.4em; text-align: justify; text-indent: 35.4pt;\"><b>Kochani, czy my o tym zawsze pami\u0119tamy? Oj, chyba zdajemy sobie spraw\u0119, \u017ce nie,<\/b>&nbsp;a tymczasem jest to obowi\u0105zkowe dope\u0142nienie \u0142aski przebaczenia, jak\u0105 za darmo, z Bo\u017cej mi\u0142o\u015bci, otrzymujemy w Sakramencie Pojednania. Jednocze\u015bnie powiedzmy tu sobie \u2013 by\u0107 mo\u017ce dla pewnego u\u0142atwienia sprawy \u2013 \u017ce&nbsp;<b>nie zawsze musimy wprost wypowiada\u0107 s\u0142owo: \u201eprzepraszam\u201d,<\/b>&nbsp;nie musimy wykonywa\u0107 \u017cadnych teatralnych gest\u00f3w upokarzania i uni\u017cania si\u0119.<\/div>\n<div class=\"MsoNormal\" style=\"color: #0f0f0f; font-family: 'Times New Roman'; font-size: 14px; margin-bottom: 0px; margin-left: 0px; margin-right: 0px; margin-top: 0.4em; text-align: justify; text-indent: 35.4pt;\">Nauka Ko\u015bcio\u0142a dopuszcza&nbsp;<b>tak zwane gesty r\u00f3wnowa\u017cne,<\/b>&nbsp;a wi\u0119c zamiast s\u0142owa \u201eprzepraszam\u201d \u2013 faktyczne zadzia\u0142anie w kierunku pojednania przez chocia\u017cby jakie\u015b ciep\u0142e s\u0142owo, jaki\u015b \u017carcik, rzucony ot, tak sobie \u2013 tylko nie taki, kt\u00f3ry jeszcze pogorszy ca\u0142\u0105 spraw\u0119 i b\u0119dzie tylko dolaniem \u201eoliwy do ognia\u201d\u2026 To mo\u017ce by\u0107 tak\u017ce&nbsp;<b>dyskretna pomoc,<\/b>&nbsp;albo propozycja pomocy przy jakiej\u015b pracy\u2026 To mo\u017ce by\u0107 \u2013 tak najzwyczajniej \u2013&nbsp;<b>nawi\u0105zanie rozmowy,&nbsp;<\/b>bez wyja\u015bniania od razu wszystkich trudno\u015bci i zawi\u0142o\u015bci. To znaczy \u2013 w ko\u0144cu<b>b\u0119dzie musia\u0142o do\u015b\u0107 do bardzo spokojnego, ale rzeczowego wyja\u015bnienia,<\/b>&nbsp;co zasz\u0142o, co si\u0119 sta\u0142o i dlaczego si\u0119 sta\u0142o. Natomiast nie musi to nast\u0105pi\u0107 od razu! Na pocz\u0105tek \u2013 jakie\u015b delikatne zagadanie, pr\u00f3ba prze\u0142amania lod\u00f3w\u2026 To jest naprawd\u0119 dobra droga do pojednania i do&nbsp;<b>wyra\u017anego pokazania temu drugiemu, \u017ce \u017ca\u0142ujemy za z\u0142o<\/b>&nbsp;i zdajemy sobie spraw\u0119 z tego, co\u015bmy zrobili \u2013 i chcemy to jako\u015b naprawi\u0107.<\/div>\n<div class=\"MsoNormal\" style=\"color: #0f0f0f; font-family: 'Times New Roman'; font-size: 14px; margin-bottom: 0px; margin-left: 0px; margin-right: 0px; margin-top: 0.4em; text-align: justify; text-indent: 35.4pt;\">Ponadto,&nbsp;<b>rzecz ukradzion\u0105 te\u017c mo\u017cna odda\u0107 dyskretnie.<\/b>&nbsp;Po prostu \u2013 od\u0142o\u017cy\u0107 j\u0105 po cichu na miejsce, z kt\u00f3rego zosta\u0142a nieprawnie zabrana. Kochani, skoro Spowied\u017a odbywa si\u0119 w wielkiej dyskrecji i nie musimy si\u0119 publicznie przyznawa\u0107 do z\u0142a, a robimy to w atmosferze bardzo surowo pojmowanej i strze\u017conej tajemnicy,&nbsp;<b>to i naprawienie z\u0142a mo\u017ce si\u0119 tak dokona\u0107.<\/b><\/div>\n<div class=\"MsoNormal\" style=\"color: #0f0f0f; font-family: 'Times New Roman'; font-size: 14px; margin-bottom: 0px; margin-left: 0px; margin-right: 0px; margin-top: 0.4em; text-align: justify; text-indent: 35.4pt;\">Dlatego nie musimy paradowa\u0107 przez ca\u0142e osiedle&nbsp;<b>z zawieszon\u0105 na szyi tabliczk\u0105 z napisem \u2013 na przyk\u0142ad \u2013 \u201eskruszony z\u0142odziej\u201d i nie\u015b\u0107 na tacy dw\u00f3ch jogurt\u00f3w,<\/b>&nbsp;kt\u00f3re po uroczystym wniesieniu do sklepu, zostan\u0105 w asy\u015bcie personelu i ochrony ustawione na p\u00f3\u0142ce! Mo\u017cna to zrobi\u0107 dyskretnie i po cichu&nbsp;<b>postawi\u0107 na p\u00f3\u0142ce tak\u0105 sam\u0105 rzecz \u2013 oczywi\u015bcie kupion\u0105 w innym sklepie.<\/b>&nbsp;Je\u017celi zabrali\u015bmy komu\u015b jak\u0105\u015b rzecz, to po cichu, dyskretnie, powinni\u015bmy&nbsp;<b>odda\u0107 tak\u0105 sam\u0105 &#8211; tyle, \u017ce now\u0105,<\/b>&nbsp;bo tamta by\u0142a jednak przez nas u\u017cywana.<\/div>\n<div class=\"MsoNormal\" style=\"color: #0f0f0f; font-family: 'Times New Roman'; font-size: 14px; margin-bottom: 0px; margin-left: 0px; margin-right: 0px; margin-top: 0.4em; text-align: justify; text-indent: 35.4pt;\">Je\u017celi co\u015b wynosili\u015bmy z pracy czy zaniedbywali\u015bmy obowi\u0105zki poprzez sp\u00f3\u017anianie si\u0119, czy wychodzenie przed czasem, to dobrze by\u0142oby&nbsp;<b>z raz czy dwa zosta\u0107 po godzinach i w tej intencji popracowa\u0107 d\u0142u\u017cej.<\/b>&nbsp;Ja wiem, \u017ce wiele os\u00f3b w tej chwili zaprotestuje, m\u00f3wi\u0105c, \u017ce i tak o wiele ci\u0119\u017cej pracuj\u0105, ni\u017c s\u0105 wynagradzani \u2013 i to w wielu przypadkach jest prawd\u0105! Jednak wszystkich&nbsp;<b>b\u0119dzie s\u0105dzi\u0142 B\u00f3g, kt\u00f3ry na szcz\u0119\u015bcie widzi i t\u0119 nasz\u0105 krzywd\u0119,<\/b>&nbsp;my jednak nie mo\u017cemy z\u0142a zwalcza\u0107 z\u0142em, ale \u2013 jak uczy\u0142 B\u0142ogos\u0142awiony Ksi\u0105dz Jerzy, powtarzaj\u0105c za \u015awi\u0119tym Paw\u0142em \u2013&nbsp;<b>powinni\u015bmy z\u0142o zwyci\u0119\u017ca\u0107 dobrem.<\/b>Dlatego nawet mimo poczucia krzywdy,&nbsp;<b>\u017ceby samemu by\u0107 w sumieniu spokojnym,&nbsp;<\/b>w\u0142a\u015bnie z intencj\u0105 wynagrodzenia za swoje zaniedbania, mogliby\u015bmy w\u0142a\u015bnie troch\u0119 d\u0142u\u017cej popracowa\u0107.<\/div>\n<div class=\"MsoNormal\" style=\"color: #0f0f0f; font-family: 'Times New Roman'; font-size: 14px; margin-bottom: 0px; margin-left: 0px; margin-right: 0px; margin-top: 0.4em; text-align: justify; text-indent: 35.4pt;\">Z kolei, na grzech obmawiania, plotkowania powinni\u015bmy zareagowa\u0107 w ten spos\u00f3b, \u017ce od nast\u0119pnego razu przy ka\u017cdej rozmowie&nbsp;<b>postaramy si\u0119 naprowadza\u0107 rozm\u00f3wc\u00f3w na dobro,<\/b>&nbsp;podsuwa\u0107 im pozytywne opinie o tej osobie, o kt\u00f3rej mowa; stara\u0107 si\u0119 konsekwentnie tworzy\u0107 dobry obraz tej \u201eobmawianej\u201d osoby\u2026<\/div>\n<div class=\"MsoNormal\" style=\"color: #0f0f0f; font-family: 'Times New Roman'; font-size: 14px; margin-bottom: 0px; margin-left: 0px; margin-right: 0px; margin-top: 0.4em; text-align: justify; text-indent: 35.4pt;\">Je\u017celi natomiast okaza\u0142oby si\u0119, \u017ce&nbsp;<b>nie mamy mo\u017cliwo\u015bci wynagrodzenia<\/b>&nbsp;\u2013 czy to materialnego, czy moralnego \u2013&nbsp;<b>samej skrzywdzonej osobie, bo ju\u017c nie \u017cyje,<\/b>&nbsp;czy mo\u017ce by\u0142o to bardzo dawno, a my przypomnieli\u015bmy sobie, \u017ce mamy jaki\u015b d\u0142ug wobec niej, to w ka\u017cdej takiej sytuacji powinni\u015bmy wynagrodzi\u0107 pope\u0142nione z\u0142o w ten spos\u00f3b, \u017ce&nbsp;<b>wesprzemy osoby aktualnie potrzebuj\u0105ce, chore, samotne \u2013 na przyk\u0142ad, poprzez datek na Caritas.&nbsp;<\/b>Pami\u0119tajmy, \u017ce wszystkie nasze drogi&nbsp;<b>i tak ostatecznie schodz\u0105 si\u0119 u Boga,<\/b>wi\u0119c to&nbsp;<b>On wyr\u00f3wna wszystkie rachunki,<\/b>&nbsp;gdy\u017c On sam b\u0119dzie ju\u017c wiedzia\u0142, jak to zrobi\u0107 najlepiej i najskuteczniej.<\/div>\n<div class=\"MsoNormal\" style=\"color: #0f0f0f; font-family: 'Times New Roman'; font-size: 14px; margin-bottom: 0px; margin-left: 0px; margin-right: 0px; margin-top: 0.4em; text-align: justify; text-indent: 35.4pt;\">Moi Drodzy,&nbsp;<b>starajmy si\u0119 zawsze poszukiwa\u0107 sposob\u00f3w nale\u017cytego zado\u015b\u0107uczynienia bli\u017aniemu!<\/b>Pami\u0119tajmy, \u017ce nigdy nie mo\u017cemy poprzesta\u0107 tylko na samym wyznaniu grzech\u00f3w \u2013&nbsp;<b>z\u0142o trzeba naprawi\u0107!<\/b>&nbsp;W razie w\u0105tpliwo\u015bci, jak w danej sytuacji zrobi\u0107 to najlepiej, skonsultujmy spraw\u0119 ze spowiednikiem. Ale jestem przekonany, \u017ce&nbsp;<b>raczej nie zabraknie nam w tej kwestii inwencji i pomys\u0142owo\u015bci.<\/b><\/div>\n<div class=\"MsoNormal\" style=\"color: #0f0f0f; font-family: 'Times New Roman'; font-size: 14px; margin-bottom: 0px; margin-left: 0px; margin-right: 0px; margin-top: 0.4em; text-align: justify; text-indent: 35.4pt;\">A prac\u0105 domow\u0105 na dzisiaj \u2013 mo\u017ce mniej zwi\u0105zan\u0105 z omawianym tematem, a bardziej z faktem zako\u0144czenia Rekolekcji \u2013 niech b\u0119dzie&nbsp;<b>wieczorna wsp\u00f3lna kolacja, albo wsp\u00f3lna kawa ca\u0142ej rodziny, wszystkich domownik\u00f3w \u2013 i spokojna rozmowa, przy wy\u0142\u0105czonym telewizorze.<\/b>&nbsp;Takie uroczyste zako\u0144czenie Rekolekcji! Oderwijmy si\u0119 na godzink\u0119 chocia\u017c od swoich zaj\u0119\u0107, odejd\u017amy od swoich komputer\u00f3w czy warsztat\u00f3w i si\u0105d\u017amy sobie razem do kolacji, \u017ceby&nbsp;<b>poby\u0107 ze sob\u0105, spokojnie porozmawia\u0107, odpocz\u0105\u0107<\/b>\u2026 Mo\u017cna zaprosi\u0107 s\u0105siad\u00f3w lub znajomych. Ja my\u015bl\u0119, \u017ce akurat ta praca domowa b\u0119dzie \u0142atwo wykonalna. Zach\u0119cam!<\/div>\n<div class=\"MsoNormal\" style=\"color: #0f0f0f; font-family: 'Times New Roman'; font-size: 14px; margin-bottom: 0px; margin-left: 0px; margin-right: 0px; margin-top: 0.4em; text-align: justify; text-indent: 35.4pt;\">A przypominam tylko, \u017ce dzisiaj odmawiamy czwart\u0105 i pi\u0105t\u0105 tajemnic\u0119 \u015bwiat\u0142a oraz Litani\u0119 Loreta\u0144sk\u0105 do Matki Bo\u017cej.<\/div>\n<div class=\"MsoNormal\" style=\"color: #0f0f0f; font-family: 'Times New Roman'; font-size: 14px; margin-bottom: 0px; margin-left: 0px; margin-right: 0px; margin-top: 0.4em; text-align: justify; text-indent: 35.4pt;\">A teraz zastan\u00f3wmy si\u0119 przez chwil\u0119 w ciszy:<\/div>\n<ul style=\"color: #0f0f0f; font-family: 'Times New Roman'; font-size: 14px; margin-top: 0cm;\" type=\"disc\">\n<li class=\"MsoNormal\" style=\"text-align: justify;\">Czy zawsze dok\u0142adnie i od razu po Spowiedzi wype\u0142niam zadan\u0105 pokut\u0119?<\/li>\n<li class=\"MsoNormal\" style=\"text-align: justify;\">Czy pr\u00f3buj\u0119 stosowa\u0107 jakie\u015b dodatkowe, dobrowolne formy zado\u015b\u0107uczynienia Bogu?<\/li>\n<li class=\"MsoNormal\" style=\"text-align: justify;\">Czy zawsze pami\u0119tam o naprawieniu krzywdy, wyrz\u0105dzonej bli\u017aniemu?<\/li>\n<\/ul>\n<div class=\"MsoNormal\" style=\"color: #0f0f0f; font-family: 'Times New Roman'; font-size: 14px; margin-bottom: 0px; margin-left: 0px; margin-right: 0px; margin-top: 0.4em; text-align: justify; text-indent: 18pt;\">I ostatnie pytanie \u2013 zapowiadane od trzech dni pytanie o postanowienie. Kochani, zechciejmy podj\u0105\u0107 jakie\u015b<b>postanowienie konkretne,<\/b>&nbsp;odnosz\u0105ce si\u0119 bezpo\u015brednio do naszego \u017cycia i naszej postawy. Niech to b\u0119dzie zabranie si\u0119 do pracy nad tym elementem naszego post\u0119powania, kt\u00f3ry&nbsp;<b>i nam samym, i naszemu otoczeniu najbardziej przeszkadza.<\/b>Niech to b\u0119dzie zaplanowanie konkretnego jakiego\u015b dzia\u0142ania, kt\u00f3re b\u0119dziemy si\u0119 starali wykonywa\u0107 systematycznie, po zako\u0144czeniu Rekolekcji, przez jaki\u015b d\u0142u\u017cszy czas.<\/div>\n<div class=\"MsoNormal\" style=\"color: #0f0f0f; font-family: 'Times New Roman'; font-size: 14px; margin-bottom: 0px; margin-left: 0px; margin-right: 0px; margin-top: 0.4em; text-align: justify; text-indent: 18pt;\">Niech to&nbsp;<b>nie b\u0119dzie postanowienie zbyt trudne,<\/b>&nbsp;bo tylko zniech\u0119cimy si\u0119 do pracy i nic z tego nie b\u0119dzie.&nbsp;<b>Nie mo\u017ce by\u0107 ono tak\u017ce zbyt \u0142atwe,<\/b>&nbsp;bo wtedy niczego w\u0142a\u015bciwie w naszym \u017cyciu nie zmieni. Musi nas ono troch\u0119 trudu kosztowa\u0107! I pami\u0119tajmy, \u017ceby rozlicza\u0107 si\u0119 z jego realizacji na kolejnych Spowiedziach.<\/div>\n<div class=\"MsoNormal\" style=\"color: #0f0f0f; font-family: 'Times New Roman'; font-size: 14px; margin-bottom: 0px; margin-left: 0px; margin-right: 0px; margin-top: 0.4em; text-align: justify; text-indent: 18pt;\">A zatem, w ciszy naszych serc, odpowiedzmy sobie i Bogu:<\/div>\n<ul style=\"color: #0f0f0f; font-family: 'Times New Roman'; font-size: 14px; margin-top: 0cm;\" type=\"disc\">\n<li class=\"MsoNormal\" style=\"text-align: justify;\"><b>Jakie b\u0119dzie moje, bardzo konkretne, dobre i mocne postanowienie z tych Rekolekcji?<\/b><\/li>\n<\/ul>\n<div class=\"MsoNormal\" style=\"color: #0f0f0f; font-family: 'Times New Roman'; font-size: 14px; margin-bottom: 0px; margin-left: 0px; margin-right: 0px; margin-top: 0.4em; text-align: justify; text-indent: 35.4pt;\"><b>DAJ MI POZNA\u0106 TWOJE DROGI, PANIE, NAUCZ MNIE CHODZI\u0106 TWOIMI \u015aCIE\u017bKAMI! Pom\u00f3\u017c mi, Panie, raz jeszcze doceni\u0107 Spowied\u017a i raz jeszcze odkry\u0107 jej pi\u0119kno! I pom\u00f3\u017c mi raz<\/b>&nbsp;<b>jeszcze u\u015bwiadomi\u0107 sobie, \u017ce kiedy b\u0119d\u0119 si\u0119 bra\u0142 za ratowanie swego \u017cycia i poszukiwanie sensu i szcz\u0119\u015bcia w \u017cyciu, to zanim zaczn\u0119 szuka\u0107 cudownych i magicznych sposob\u00f3w, powinienem zacz\u0105\u0107 od porz\u0105dnego prze\u017cywania ka\u017cdej jednej Spowiedzi \u015awi\u0119tej! A wtedy Ty sam, Panie, poprowadzisz mnie pewn\u0105 i w\u0142a\u015bciw\u0105 drog\u0105.<\/b><\/div>\n<div class=\"MsoNormal\" style=\"color: #0f0f0f; font-family: 'Times New Roman'; font-size: 14px; margin-bottom: 0px; margin-left: 0px; margin-right: 0px; margin-top: 0.4em; text-align: justify; text-indent: 35.4pt;\"><b>Dlatego raz jeszcze prosz\u0119 Ci\u0119:<\/b>&nbsp;<b>DAJ MI POZNA\u0106 TWOJE DROGI, PANIE, NAUCZ MNIE CHODZI\u0106 TWOIMI \u015aCIE\u017bKAMI!<\/b><\/div>\n<div align=\"right\" class=\"MsoNormal\" style=\"color: #0f0f0f; font-family: 'Times New Roman'; font-size: 14px; margin-bottom: 0px; margin-left: 0px; margin-right: 0px; margin-top: 0.4em; text-align: right;\"><b>Amen<\/b><\/div>\n","protected":false},"excerpt":{"rendered":"<p>Niech b\u0119dzie pochwalony Jezus Chrystus! Bardzo serdecznie witam! Dzisiaj ko\u0144cz\u0119 Rekolekcje w Mi\u0119dzylesiu. Wspania\u0142e prze\u017cycie &#8211; wielka \u017cyczliwo\u015b\u0107 i zas\u0142uchanie ludzi. Podobnie, chocia\u017c jako\u015b inaczej, by\u0142o w Przesmykach. Tam te\u017c wielkie skupienie, ale to prawda, co m\u00f3wi\u0105 starsi ksi\u0119\u017ca, \u017ce ka\u017cda Parafia ma swoj\u0105 specyfik\u0119, swoj\u0105 atmosfer\u0119. W sobot\u0119 i niedziel\u0119 b\u0119d\u0119 Was pozdrawia\u0142 z [&hellip;]<\/p>\n","protected":false},"author":1,"featured_media":0,"comment_status":"open","ping_status":"open","sticky":false,"template":"","format":"standard","meta":{"jetpack_post_was_ever_published":false,"_jetpack_newsletter_access":"","_jetpack_dont_email_post_to_subs":false,"_jetpack_newsletter_tier_id":0,"_jetpack_memberships_contains_paywalled_content":false,"_jetpack_memberships_contains_paid_content":false,"footnotes":""},"categories":[1],"tags":[],"class_list":["post-9902","post","type-post","status-publish","format-standard","hentry","category-bez-kategorii"],"yoast_head":"<!-- This site is optimized with the Yoast SEO plugin v25.1 - https:\/\/yoast.com\/wordpress\/plugins\/seo\/ -->\n<title>Zado\u015b\u0107uczynienie Bogu i bli\u017aniemu... - Gaudium Et Spes<\/title>\n<meta name=\"robots\" content=\"index, follow, max-snippet:-1, max-image-preview:large, max-video-preview:-1\" \/>\n<link rel=\"canonical\" href=\"https:\/\/gaudiumetspes-blog.pl\/index.php\/2011\/03\/31\/zadoscuczynienie-bogu-i-blizniemu-2\/\" \/>\n<meta property=\"og:locale\" content=\"pl_PL\" \/>\n<meta property=\"og:type\" content=\"article\" \/>\n<meta property=\"og:title\" content=\"Zado\u015b\u0107uczynienie Bogu i bli\u017aniemu... - Gaudium Et Spes\" \/>\n<meta property=\"og:description\" content=\"Niech b\u0119dzie pochwalony Jezus Chrystus! Bardzo serdecznie witam! Dzisiaj ko\u0144cz\u0119 Rekolekcje w Mi\u0119dzylesiu. Wspania\u0142e prze\u017cycie &#8211; wielka \u017cyczliwo\u015b\u0107 i zas\u0142uchanie ludzi. Podobnie, chocia\u017c jako\u015b inaczej, by\u0142o w Przesmykach. Tam te\u017c wielkie skupienie, ale to prawda, co m\u00f3wi\u0105 starsi ksi\u0119\u017ca, \u017ce ka\u017cda Parafia ma swoj\u0105 specyfik\u0119, swoj\u0105 atmosfer\u0119. W sobot\u0119 i niedziel\u0119 b\u0119d\u0119 Was pozdrawia\u0142 z [&hellip;]\" \/>\n<meta property=\"og:url\" content=\"https:\/\/gaudiumetspes-blog.pl\/index.php\/2011\/03\/31\/zadoscuczynienie-bogu-i-blizniemu-2\/\" \/>\n<meta property=\"og:site_name\" content=\"Gaudium Et Spes\" \/>\n<meta property=\"article:published_time\" content=\"2011-03-31T07:48:00+00:00\" \/>\n<meta property=\"article:modified_time\" content=\"2019-07-31T10:52:12+00:00\" \/>\n<meta name=\"author\" content=\"Ks. Jacek\" \/>\n<meta name=\"twitter:card\" content=\"summary_large_image\" \/>\n<meta name=\"twitter:label1\" content=\"Napisane przez\" \/>\n\t<meta name=\"twitter:data1\" content=\"Ks. Jacek\" \/>\n\t<meta name=\"twitter:label2\" content=\"Szacowany czas czytania\" \/>\n\t<meta name=\"twitter:data2\" content=\"21 minut\" \/>\n<script type=\"application\/ld+json\" class=\"yoast-schema-graph\">{\"@context\":\"https:\/\/schema.org\",\"@graph\":[{\"@type\":\"WebPage\",\"@id\":\"https:\/\/gaudiumetspes-blog.pl\/index.php\/2011\/03\/31\/zadoscuczynienie-bogu-i-blizniemu-2\/\",\"url\":\"https:\/\/gaudiumetspes-blog.pl\/index.php\/2011\/03\/31\/zadoscuczynienie-bogu-i-blizniemu-2\/\",\"name\":\"Zado\u015b\u0107uczynienie Bogu i bli\u017aniemu... - Gaudium Et Spes\",\"isPartOf\":{\"@id\":\"https:\/\/gaudiumetspes-blog.pl\/#website\"},\"datePublished\":\"2011-03-31T07:48:00+00:00\",\"dateModified\":\"2019-07-31T10:52:12+00:00\",\"author\":{\"@id\":\"https:\/\/gaudiumetspes-blog.pl\/#\/schema\/person\/1661982992b752dea8dff0d4ed845a65\"},\"breadcrumb\":{\"@id\":\"https:\/\/gaudiumetspes-blog.pl\/index.php\/2011\/03\/31\/zadoscuczynienie-bogu-i-blizniemu-2\/#breadcrumb\"},\"inLanguage\":\"pl-PL\",\"potentialAction\":[{\"@type\":\"ReadAction\",\"target\":[\"https:\/\/gaudiumetspes-blog.pl\/index.php\/2011\/03\/31\/zadoscuczynienie-bogu-i-blizniemu-2\/\"]}]},{\"@type\":\"BreadcrumbList\",\"@id\":\"https:\/\/gaudiumetspes-blog.pl\/index.php\/2011\/03\/31\/zadoscuczynienie-bogu-i-blizniemu-2\/#breadcrumb\",\"itemListElement\":[{\"@type\":\"ListItem\",\"position\":1,\"name\":\"Strona g\u0142\u00f3wna\",\"item\":\"https:\/\/gaudiumetspes-blog.pl\/\"},{\"@type\":\"ListItem\",\"position\":2,\"name\":\"Zado\u015b\u0107uczynienie Bogu i&nbsp;bli\u017aniemu&#8230;\"}]},{\"@type\":\"WebSite\",\"@id\":\"https:\/\/gaudiumetspes-blog.pl\/#website\",\"url\":\"https:\/\/gaudiumetspes-blog.pl\/\",\"name\":\"Gaudium Et Spes\",\"description\":\"Blog Ks. Jacka Ja\u015bkowskiego\",\"potentialAction\":[{\"@type\":\"SearchAction\",\"target\":{\"@type\":\"EntryPoint\",\"urlTemplate\":\"https:\/\/gaudiumetspes-blog.pl\/?s={search_term_string}\"},\"query-input\":{\"@type\":\"PropertyValueSpecification\",\"valueRequired\":true,\"valueName\":\"search_term_string\"}}],\"inLanguage\":\"pl-PL\"},{\"@type\":\"Person\",\"@id\":\"https:\/\/gaudiumetspes-blog.pl\/#\/schema\/person\/1661982992b752dea8dff0d4ed845a65\",\"name\":\"Ks. Jacek\",\"image\":{\"@type\":\"ImageObject\",\"inLanguage\":\"pl-PL\",\"@id\":\"https:\/\/gaudiumetspes-blog.pl\/#\/schema\/person\/image\/\",\"url\":\"https:\/\/gaudiumetspes-blog.pl\/wp-content\/uploads\/2019\/07\/avatar-JJ-150x150.jpg\",\"contentUrl\":\"https:\/\/gaudiumetspes-blog.pl\/wp-content\/uploads\/2019\/07\/avatar-JJ-150x150.jpg\",\"caption\":\"Ks. Jacek\"},\"description\":\"Witam serdecznie! K\u0142ania si\u0119 Ks. Jacek Ja\u015bkowski. Nie jestem ani kim\u015b wa\u017cnym, ani kim\u015b znanym. Jestem ksi\u0119dzem, kt\u00f3ry po prostu chce rozmawia\u0107. Codzienna kap\u0142a\u0144ska pos\u0142uga pokazuje mi, \u017ce temat\u00f3w do rozm\u00f3w z ksi\u0119dzem jest coraz wi\u0119cej i dzisiaj \u017caden ksi\u0105dz nie mo\u017ce od nich ucieka\u0107, ale - wprost przeciwnie - podejmowa\u0107 nowe wyzwania. To przekonanie sk\u0142oni\u0142o mnie do pr\u00f3by otwarcia tego\u017c bloga, chocia\u017c okazji do rozm\u00f3w na co dzie\u0144 - w konfesjonale i poza nim - na szcz\u0119\u015bcie nie brakuje. My\u015bl\u0119 jednak, \u017ce ten blog b\u0119dzie jeszcze jednym sposobem i przestrzeni\u0105 nawi\u0105zania kontaktu z lud\u017ami dobrej woli, otwartymi na dialog.\",\"url\":\"https:\/\/gaudiumetspes-blog.pl\/index.php\/author\/ks-jacek\/\"}]}<\/script>\n<!-- \/ Yoast SEO plugin. -->","yoast_head_json":{"title":"Zado\u015b\u0107uczynienie Bogu i bli\u017aniemu... - Gaudium Et Spes","robots":{"index":"index","follow":"follow","max-snippet":"max-snippet:-1","max-image-preview":"max-image-preview:large","max-video-preview":"max-video-preview:-1"},"canonical":"https:\/\/gaudiumetspes-blog.pl\/index.php\/2011\/03\/31\/zadoscuczynienie-bogu-i-blizniemu-2\/","og_locale":"pl_PL","og_type":"article","og_title":"Zado\u015b\u0107uczynienie Bogu i bli\u017aniemu... - Gaudium Et Spes","og_description":"Niech b\u0119dzie pochwalony Jezus Chrystus! Bardzo serdecznie witam! Dzisiaj ko\u0144cz\u0119 Rekolekcje w Mi\u0119dzylesiu. Wspania\u0142e prze\u017cycie &#8211; wielka \u017cyczliwo\u015b\u0107 i zas\u0142uchanie ludzi. Podobnie, chocia\u017c jako\u015b inaczej, by\u0142o w Przesmykach. Tam te\u017c wielkie skupienie, ale to prawda, co m\u00f3wi\u0105 starsi ksi\u0119\u017ca, \u017ce ka\u017cda Parafia ma swoj\u0105 specyfik\u0119, swoj\u0105 atmosfer\u0119. W sobot\u0119 i niedziel\u0119 b\u0119d\u0119 Was pozdrawia\u0142 z [&hellip;]","og_url":"https:\/\/gaudiumetspes-blog.pl\/index.php\/2011\/03\/31\/zadoscuczynienie-bogu-i-blizniemu-2\/","og_site_name":"Gaudium Et Spes","article_published_time":"2011-03-31T07:48:00+00:00","article_modified_time":"2019-07-31T10:52:12+00:00","author":"Ks. Jacek","twitter_card":"summary_large_image","twitter_misc":{"Napisane przez":"Ks. Jacek","Szacowany czas czytania":"21 minut"},"schema":{"@context":"https:\/\/schema.org","@graph":[{"@type":"WebPage","@id":"https:\/\/gaudiumetspes-blog.pl\/index.php\/2011\/03\/31\/zadoscuczynienie-bogu-i-blizniemu-2\/","url":"https:\/\/gaudiumetspes-blog.pl\/index.php\/2011\/03\/31\/zadoscuczynienie-bogu-i-blizniemu-2\/","name":"Zado\u015b\u0107uczynienie Bogu i bli\u017aniemu... - Gaudium Et Spes","isPartOf":{"@id":"https:\/\/gaudiumetspes-blog.pl\/#website"},"datePublished":"2011-03-31T07:48:00+00:00","dateModified":"2019-07-31T10:52:12+00:00","author":{"@id":"https:\/\/gaudiumetspes-blog.pl\/#\/schema\/person\/1661982992b752dea8dff0d4ed845a65"},"breadcrumb":{"@id":"https:\/\/gaudiumetspes-blog.pl\/index.php\/2011\/03\/31\/zadoscuczynienie-bogu-i-blizniemu-2\/#breadcrumb"},"inLanguage":"pl-PL","potentialAction":[{"@type":"ReadAction","target":["https:\/\/gaudiumetspes-blog.pl\/index.php\/2011\/03\/31\/zadoscuczynienie-bogu-i-blizniemu-2\/"]}]},{"@type":"BreadcrumbList","@id":"https:\/\/gaudiumetspes-blog.pl\/index.php\/2011\/03\/31\/zadoscuczynienie-bogu-i-blizniemu-2\/#breadcrumb","itemListElement":[{"@type":"ListItem","position":1,"name":"Strona g\u0142\u00f3wna","item":"https:\/\/gaudiumetspes-blog.pl\/"},{"@type":"ListItem","position":2,"name":"Zado\u015b\u0107uczynienie Bogu i&nbsp;bli\u017aniemu&#8230;"}]},{"@type":"WebSite","@id":"https:\/\/gaudiumetspes-blog.pl\/#website","url":"https:\/\/gaudiumetspes-blog.pl\/","name":"Gaudium Et Spes","description":"Blog Ks. Jacka Ja\u015bkowskiego","potentialAction":[{"@type":"SearchAction","target":{"@type":"EntryPoint","urlTemplate":"https:\/\/gaudiumetspes-blog.pl\/?s={search_term_string}"},"query-input":{"@type":"PropertyValueSpecification","valueRequired":true,"valueName":"search_term_string"}}],"inLanguage":"pl-PL"},{"@type":"Person","@id":"https:\/\/gaudiumetspes-blog.pl\/#\/schema\/person\/1661982992b752dea8dff0d4ed845a65","name":"Ks. Jacek","image":{"@type":"ImageObject","inLanguage":"pl-PL","@id":"https:\/\/gaudiumetspes-blog.pl\/#\/schema\/person\/image\/","url":"https:\/\/gaudiumetspes-blog.pl\/wp-content\/uploads\/2019\/07\/avatar-JJ-150x150.jpg","contentUrl":"https:\/\/gaudiumetspes-blog.pl\/wp-content\/uploads\/2019\/07\/avatar-JJ-150x150.jpg","caption":"Ks. Jacek"},"description":"Witam serdecznie! K\u0142ania si\u0119 Ks. Jacek Ja\u015bkowski. Nie jestem ani kim\u015b wa\u017cnym, ani kim\u015b znanym. Jestem ksi\u0119dzem, kt\u00f3ry po prostu chce rozmawia\u0107. Codzienna kap\u0142a\u0144ska pos\u0142uga pokazuje mi, \u017ce temat\u00f3w do rozm\u00f3w z ksi\u0119dzem jest coraz wi\u0119cej i dzisiaj \u017caden ksi\u0105dz nie mo\u017ce od nich ucieka\u0107, ale - wprost przeciwnie - podejmowa\u0107 nowe wyzwania. To przekonanie sk\u0142oni\u0142o mnie do pr\u00f3by otwarcia tego\u017c bloga, chocia\u017c okazji do rozm\u00f3w na co dzie\u0144 - w konfesjonale i poza nim - na szcz\u0119\u015bcie nie brakuje. My\u015bl\u0119 jednak, \u017ce ten blog b\u0119dzie jeszcze jednym sposobem i przestrzeni\u0105 nawi\u0105zania kontaktu z lud\u017ami dobrej woli, otwartymi na dialog.","url":"https:\/\/gaudiumetspes-blog.pl\/index.php\/author\/ks-jacek\/"}]}},"jetpack_featured_media_url":"","jetpack_sharing_enabled":true,"_links":{"self":[{"href":"https:\/\/gaudiumetspes-blog.pl\/index.php\/wp-json\/wp\/v2\/posts\/9902","targetHints":{"allow":["GET"]}}],"collection":[{"href":"https:\/\/gaudiumetspes-blog.pl\/index.php\/wp-json\/wp\/v2\/posts"}],"about":[{"href":"https:\/\/gaudiumetspes-blog.pl\/index.php\/wp-json\/wp\/v2\/types\/post"}],"author":[{"embeddable":true,"href":"https:\/\/gaudiumetspes-blog.pl\/index.php\/wp-json\/wp\/v2\/users\/1"}],"replies":[{"embeddable":true,"href":"https:\/\/gaudiumetspes-blog.pl\/index.php\/wp-json\/wp\/v2\/comments?post=9902"}],"version-history":[{"count":1,"href":"https:\/\/gaudiumetspes-blog.pl\/index.php\/wp-json\/wp\/v2\/posts\/9902\/revisions"}],"predecessor-version":[{"id":10181,"href":"https:\/\/gaudiumetspes-blog.pl\/index.php\/wp-json\/wp\/v2\/posts\/9902\/revisions\/10181"}],"wp:attachment":[{"href":"https:\/\/gaudiumetspes-blog.pl\/index.php\/wp-json\/wp\/v2\/media?parent=9902"}],"wp:term":[{"taxonomy":"category","embeddable":true,"href":"https:\/\/gaudiumetspes-blog.pl\/index.php\/wp-json\/wp\/v2\/categories?post=9902"},{"taxonomy":"post_tag","embeddable":true,"href":"https:\/\/gaudiumetspes-blog.pl\/index.php\/wp-json\/wp\/v2\/tags?post=9902"}],"curies":[{"name":"wp","href":"https:\/\/api.w.org\/{rel}","templated":true}]}}