{"id":9904,"date":"2011-03-29T09:47:00","date_gmt":"2011-03-29T07:47:00","guid":{"rendered":"https:\/\/gaudiumetspes-blog.pl\/index.php\/2011\/03\/29\/rachunek-sumienia-i-zal-za-grzechy\/"},"modified":"2019-07-31T12:52:12","modified_gmt":"2019-07-31T10:52:12","slug":"rachunek-sumienia-i-zal-za-grzechy","status":"publish","type":"post","link":"https:\/\/gaudiumetspes-blog.pl\/index.php\/2011\/03\/29\/rachunek-sumienia-i-zal-za-grzechy\/","title":{"rendered":"Rachunek sumienia i \u017cal za grzechy"},"content":{"rendered":"<p>Niech b\u0119dzie pochwalony Jezus Chrystus! Bardzo serdecznie witam Was, Kochani, i prosz\u0119 o cierpliwo\u015b\u0107 tych, kt\u00f3rzy zamie\u015bcili wpisy &#8211; na pewno na nie odpisz\u0119, ale niech tylko minie ten &#8222;szalony&#8221; czas, jaki teraz prze\u017cywam. Natomiast dzisiaj zapraszam do refleksji nad kolejnymi warunkami Sakramentu Pokuty. Jednocze\u015bnie prosz\u0119 o modlitw\u0119 w intencji Rekolekcji, kt\u00f3re prowadz\u0119 i ludzi, w\u015br\u00f3d kt\u00f3rych obecnie jestem. Jak doczytacie si\u0119 w rozwa\u017caniu, ich tak\u017ce prosz\u0119 o modlitw\u0119 za Was. Zach\u0119cam szczeg\u00f3lnie do \u0142\u0105czno\u015bci modlitewnej o godzinie 20.00. Bardzo jestem ciekaw, co Wy na to &#8211; na takie uj\u0119cie tematu i na propozycj\u0119 &#8222;blogowych&#8221; Rekolekcji, na zasadach, o jakich pisa\u0142em. Zechciejcie si\u0119 wypowiedzie\u0107!<br style=\"font-family: 'Times New Roman';\" \/>&nbsp;&nbsp;&nbsp;&nbsp;&nbsp;&nbsp;&nbsp;&nbsp;&nbsp;&nbsp;&nbsp;&nbsp;&nbsp;&nbsp;&nbsp;&nbsp;&nbsp;&nbsp; Gaudium et spes! Ks. Jacek<\/p>\n<div class=\"MsoNormal\" style=\"color: #0f0f0f; font-family: 'Times New Roman'; font-size: 14px; margin-bottom: 0px; margin-left: 0px; margin-right: 0px; margin-top: 0.4em; text-align: justify;\"><b>REKOLEKCJE WIELKOPOSTNE \u2013 dzie\u0144 2<\/b><\/div>\n<div class=\"MsoNormal\" style=\"color: #0f0f0f; font-family: 'Times New Roman'; font-size: 14px; margin-bottom: 0px; margin-left: 0px; margin-right: 0px; margin-top: 0.4em; text-align: justify;\"><b>we wtorek 3 tygodnia Wielkiego Postu,<\/b><\/div>\n<div class=\"MsoNormal\" style=\"color: #0f0f0f; font-family: 'Times New Roman'; font-size: 14px; margin-bottom: 0px; margin-left: 0px; margin-right: 0px; margin-top: 0.4em; text-align: justify;\"><b>Par. Imienia Naj\u015bw. Maryi Panny w Warszawie \u2013 Mi\u0119dzylesiu,<\/b><\/div>\n<div class=\"MsoNormal\" style=\"color: #0f0f0f; font-family: 'Times New Roman'; font-size: 14px; margin-bottom: 0px; margin-left: 0px; margin-right: 0px; margin-top: 0.4em; text-align: justify;\"><b>do czyta\u0144:&nbsp;&nbsp;Dn 3,25.34\u201343;&nbsp;&nbsp;Mt 18,21\u201335<\/b><\/div>\n<div class=\"MsoNormal\" style=\"color: #0f0f0f; font-family: 'Times New Roman'; font-size: 14px; margin-bottom: 0px; margin-left: 0px; margin-right: 0px; margin-top: 0.4em; text-align: justify; text-indent: 35.4pt;\"><b>DAJ MI POZNA\u0106 TWOJE DROGI, PANIE, NAUCZ MNIE CHODZI\u0106 TWOIMI \u015aCIE\u017bKAMI!&nbsp;<\/b>\u2013 s\u0142owa wy\u015bpiewane w pierwszej zwrotce dzisiejszego Psalmu responsoryjnego stanowi\u0105&nbsp;<b>osnow\u0119 wszystkich naszych refleksji,<\/b>&nbsp;jakie podejmujemy w \u015bwi\u0119tym czasie Rekolekcji wielkopostnych. Droga, po kt\u00f3rej w tych dniach kroczymy, sk\u0142ada si\u0119 z pi\u0119ciu krok\u00f3w, kt\u00f3rymi s\u0105&nbsp;<b>warunki Sakramentu Pokuty.<\/b><\/div>\n<div class=\"MsoNormal\" style=\"color: #0f0f0f; font-family: 'Times New Roman'; font-size: 14px; margin-bottom: 0px; margin-left: 0px; margin-right: 0px; margin-top: 0.4em; text-align: justify; text-indent: 35.4pt;\">Wczoraj rozwa\u017cali\u015bmy sobie na temat&nbsp;<b>rachunku sumienia,<\/b>&nbsp;co do kt\u00f3rego m\u00f3wili\u015bmy sobie, \u017ce winien by\u0107 on czyniony jak najcz\u0119\u015bciej,&nbsp;<b>ale koniecznie przed ka\u017cd\u0105 Spowiedzi\u0105 \u015awi\u0119t\u0105;<\/b>&nbsp;\u017ce nale\u017cy go poprzedzi\u0107 modlitw\u0105 do Ducha \u015awi\u0119tego, \u017ce dobrze jest przeprowadzi\u0107 go&nbsp;<b>z pomoc\u0105 pyta\u0144, zawartych w ksi\u0105\u017ceczkach do nabo\u017ce\u0144stwa,<\/b>&nbsp;albo innych, tego typu wydaniach; \u017ce nale\u017cy przeprowadzi\u0107 go rzetelnie, uczciwie i szczerze, nie unikaj\u0105c tak\u017ce tej&nbsp;<b>trudnej prawdy, kt\u00f3ra o nas samych mo\u017ce wynikn\u0105\u0107,<\/b>&nbsp;ale zacz\u0105\u0107 zawsze nale\u017cy od tej prawdy dobrej, bo przecie\u017c dobra nigdy nie brakuje w naszej postawie, w naszej codzienno\u015bci\u2026 Praktyczn\u0105 rad\u0105 dotycz\u0105c\u0105 rachunku sumienia jest jego<b>zapisywanie na kartce,<\/b>&nbsp;aby w ten spos\u00f3b ukonkretni\u0107 niejako i unaoczni\u0107 sobie wyniki g\u0142\u0119bokiej refleksji.<\/div>\n<div class=\"MsoNormal\" style=\"color: #0f0f0f; font-family: 'Times New Roman'; font-size: 14px; margin-bottom: 0px; margin-left: 0px; margin-right: 0px; margin-top: 0.4em; text-align: justify; text-indent: 35.4pt;\">Dzisiaj w naszych rozwa\u017caniach uczynimy nast\u0119pny krok, zatrzymuj\u0105c si\u0119 przez chwil\u0119 nad spraw\u0105&nbsp;<b>\u017calu za grzechy i mocnego postanowienia poprawy,<\/b>&nbsp;jutro pomy\u015blimy nad sam\u0105 Spowiedzi\u0105, aby w czwartek dope\u0142ni\u0107 ca\u0142ej refleksji rozwa\u017caniem na temat zado\u015b\u0107uczynienia Panu Bogu i bli\u017aniemu. Konkretnym wyrazem wprowadzania w \u017cycie tych wszystkich my\u015bli i postulat\u00f3w, dotycz\u0105cych analizowanych wczoraj tre\u015bci, by\u0142a&nbsp;<b>realizacja pracy domowej.<\/b><\/div>\n<div class=\"MsoNormal\" style=\"color: #0f0f0f; font-family: 'Times New Roman'; font-size: 14px; margin-bottom: 0px; margin-left: 0px; margin-right: 0px; margin-top: 0.4em; text-align: justify; text-indent: 35.4pt;\">Przypomn\u0119, \u017ce prosi\u0142em o przeprowadzenie przez ka\u017cdego z nas indywidualnie \u2013 tak dla samego siebie \u2013<b>solidnego<\/b>&nbsp;<b>rachunku sumienia,<\/b>&nbsp;kt\u00f3rego wyniki zapiszemy na kartce, aby poprzez to \u0107wiczenie duchowe u\u015bwiadomi\u0107 sobie raz jeszcze \u2013 w\u0142a\u015bnie w \u015bwi\u0119tym czasie rekolekcyjnym \u2013&nbsp;<b>jacy tak naprawd\u0119 jeste\u015bmy,<\/b>&nbsp;ale te\u017c po to, aby nabra\u0107&nbsp;<b>swoistej wprawy<\/b>&nbsp;do przeprowadzania takich rachunk\u00f3w sumienia na przysz\u0142o\u015b\u0107, przed ka\u017cd\u0105 nast\u0119pn\u0105 Spowiedzi\u0105.<\/div>\n<div class=\"MsoNormal\" style=\"color: #0f0f0f; font-family: 'Times New Roman'; font-size: 14px; margin-bottom: 0px; margin-left: 0px; margin-right: 0px; margin-top: 0.4em; text-align: justify; text-indent: 35.4pt;\"><b>Z ca\u0142ego serca dzi\u0119kuj\u0119, Kochani, tym wszystkim, kt\u00f3rzy wykonali prac\u0119 domow\u0105,<\/b>&nbsp;wierz\u0105c g\u0142\u0119boko, \u017ce sami przekonali si\u0119, jak bardzo po\u017cytecznym okaza\u0142o si\u0119 takie dzia\u0142anie&nbsp;<b>i jak du\u017co raz jeszcze dowiedzieli si\u0119 o sobie samych.<\/b>&nbsp;Gdyby kto\u015b nie zd\u0105\u017cy\u0142 uczyni\u0107 tego wczoraj, a chcia\u0142 dzisiaj, to te\u017c mo\u017cna. Tyle tylko, \u017ce dzisiaj b\u0119dzie ju\u017c nast\u0119pna praca domowa.<\/div>\n<div class=\"MsoNormal\" style=\"color: #0f0f0f; font-family: 'Times New Roman'; font-size: 14px; margin-bottom: 0px; margin-left: 0px; margin-right: 0px; margin-top: 0.4em; text-align: justify; text-indent: 35.4pt;\">Te wszystkie nasze dobre dzia\u0142ania, moi Drodzy, prowadzimy&nbsp;<b>w atmosferze serdecznej i gor\u0105cej modlitwy wszystkich za wszystkich,<\/b>&nbsp;a modlimy si\u0119 nade wszystko&nbsp;<b>o liczne i dobre owoce duchowe tego czasu,<\/b>&nbsp;o podj\u0119cie na zako\u0144czenie Rekolekcji&nbsp;<b>konkretnych i mocnych postanowie\u0144<\/b>oraz o ich pe\u0142n\u0105 i rzeteln\u0105 realizacj\u0119; modlimy si\u0119&nbsp;<b>o odwag\u0119 poznawania prawdy osobie samych<\/b>&nbsp;i wyci\u0105gania z tego m\u0105drych wniosk\u00f3w na przysz\u0142o\u015b\u0107.<\/div>\n<div class=\"MsoNormal\" style=\"color: #0f0f0f; font-family: 'Times New Roman'; font-size: 14px; margin-bottom: 0px; margin-left: 0px; margin-right: 0px; margin-top: 0.4em; text-align: justify; text-indent: 35.4pt;\">Ale tak\u017ce czynimy tematem naszej modlitwy wszystkie te osoby, kt\u00f3re&nbsp;<b>jakkolwiek bardzo chcia\u0142yby z&nbsp;&nbsp;nami uczestniczy\u0107 we wsp\u00f3lnych spotkaniach, to jednak nie mog\u0105 z powodu choroby lub wieku,<\/b>&nbsp;lub innych nieprzekraczalnych ludzkimi si\u0142ami przeszk\u00f3d\u2026 Prosimy ich, aby zechcieli<b>&nbsp;chocia\u017c cz\u0105stk\u0119 cierpienia, kt\u00f3re tak wytrwale znosz\u0105, ofiarowa\u0107 w intencji tych Rekolekcji<\/b>&nbsp;i ich owoc\u00f3w w \u017cyciu nas wszystkich.<\/div>\n<div class=\"MsoNormal\" style=\"color: #0f0f0f; font-family: 'Times New Roman'; font-size: 14px; margin-bottom: 0px; margin-left: 0px; margin-right: 0px; margin-top: 0.4em; text-align: justify; text-indent: 35.4pt;\">Ja za\u015b prosz\u0119 raz jeszcze tych, kt\u00f3rzy maj\u0105 kontakt z takimi chorymi osobami, aby&nbsp;<b>koniecznie przekazali im nasze pozdrowienie,<\/b>&nbsp;nasze wyrazy duchowej \u0142\u0105czno\u015bci oraz zapewnienie o modlitwie. Przeka\u017ccie im, Kochani, \u017ce&nbsp;<b>my naprawd\u0119 uwa\u017camy ich za pe\u0142noprawnych uczestnik\u00f3w naszych Rekolekcji,<\/b>&nbsp;a wr\u0119cz \u2013&nbsp;<b>za wyj\u0105tkowych uczestnik\u00f3w,<\/b>bo przecie\u017c ich udzia\u0142 w tej wsp\u00f3lnej duchowej pracy jest wyj\u0105tkowy.<\/div>\n<div class=\"MsoNormal\" style=\"color: #0f0f0f; font-family: 'Times New Roman'; font-size: 14px; margin-bottom: 0px; margin-left: 0px; margin-right: 0px; margin-top: 0.4em; text-align: justify; text-indent: 35.4pt;\">Za wszystkie te osoby, moi Drodzy, gor\u0105co si\u0119 modlimy, w ich intencji&nbsp;<b>wczoraj, o godzinie osiemnastej by\u0142a sprawowana Msza \u015awi\u0119ta,<\/b>&nbsp;po\u0142\u0105czona z adoracj\u0105 Naj\u015bwi\u0119tszego Sakramentu \u2013 z racji czwartego poniedzia\u0142ku w miesi\u0105cu. Ta Msza \u015awi\u0119ta za chorych to&nbsp;<b>przepi\u0119kny zwyczaj, jaki istnieje w Waszej Parafii.<\/b>&nbsp;Oby by\u0142 zawsze podtrzymywany.<\/div>\n<div class=\"MsoNormal\" style=\"color: #0f0f0f; font-family: 'Times New Roman'; font-size: 14px; margin-bottom: 0px; margin-left: 0px; margin-right: 0px; margin-top: 0.4em; text-align: justify; text-indent: 35.4pt;\">My za\u015b, w swoich modlitwach, nie zapominajmy tak\u017ce o tych osobach, kt\u00f3re&nbsp;<b>jakkolwiek mog\u0142yby uczestniczy\u0107 w Rekolekcjach, to jednak nie chc\u0105 \u2013 z r\u00f3\u017cnych powod\u00f3w.<\/b>Dla nich modlimy si\u0119 o \u0142ask\u0119 zrozumienia, \u017ce Jezus bardzo gor\u0105co tak\u017ce ich zaprasza \u2013 ju\u017c dzisiaj, a nie kiedy\u015b tam, w odleg\u0142ej przysz\u0142o\u015bci, kiedy ju\u017c \u201enaciesz\u0105 si\u0119 \u017cyciem\u201d\u2026<b>Prawdziwa rado\u015b\u0107 \u017cycia p\u0142ynie z blisko\u015bci z Chrystusem!<\/b>M\u00f3dlmy si\u0119, moi Drodzy, aby wszyscy ci ludzie jak najszybciej to zrozumieli.<\/div>\n<div class=\"MsoNormal\" style=\"color: #0f0f0f; font-family: 'Times New Roman'; font-size: 14px; margin-bottom: 0px; margin-left: 0px; margin-right: 0px; margin-top: 0.4em; text-align: justify; text-indent: 35.4pt;\">I jeszcze do\u0142\u0105czmy do naszych intencji serdeczn\u0105 modlitw\u0119 za&nbsp;<b>Duszpasterzy naszej Parafii&nbsp;<\/b>oraz&nbsp;<b>za Ksi\u0119\u017cy Spowiednik\u00f3w,<\/b>&nbsp;kt\u00f3rzy tak wytrwale s\u0142u\u017c\u0105 nam w Sakramencie Pojednania. A przy okazji \u2013&nbsp;<b>zach\u0119cam do korzystania z ich pos\u0142ugi, aby nie odk\u0142ada\u0107 Spowiedzi<\/b>&nbsp;na ostatnie dwa lub trzy dni przed \u015awi\u0119tami, bo to przecie\u017c nie o to chodzi, aby na \u015awi\u0119ta tak \u201efajnie\u201d zaprezentowa\u0107 si\u0119 przed Panem Bogiem, a poza \u015awi\u0119tami to \u017cy\u0107 takim \u201eswoim\u201d \u017cyciem, ale&nbsp;<b>\u017ceby zawsze by\u0107 blisko Boga.<\/b>&nbsp;Dlatego \u2013 po nale\u017cytym przygotowaniu oczywi\u015bcie \u2013&nbsp;<b>przyst\u0119pujmy do tego Sakramentu!<\/b><\/div>\n<div class=\"MsoNormal\" style=\"color: #0f0f0f; font-family: 'Times New Roman'; font-size: 14px; margin-bottom: 0px; margin-left: 0px; margin-right: 0px; margin-top: 0.4em; text-align: justify; text-indent: 35.4pt;\">Moi Drodzy, chc\u0119 tu jeszcze poinformowa\u0107, \u017ce nasz\u0105 modlitewn\u0105, duchow\u0105 wsp\u00f3lnot\u0119&nbsp;<b>poszerzaj\u0105 tak\u017ce Internauci \u2013 Czytelnicy bloga,<\/b>&nbsp;jaki pr\u00f3buj\u0119 od kilku miesi\u0119cy prowadzi\u0107, ci\u0105gle jeszcze ucz\u0105c si\u0119 tego\u2026 Tam w\u0142a\u015bnie zamieszczam codzienne nasze rozwa\u017cania,&nbsp;<b>prosz\u0105c jednocze\u015bnie wszystkich odwiedzaj\u0105cych, aby w\u0142\u0105czyli si\u0119 do naszej wsp\u00f3lnej modlitwy,<\/b>&nbsp;a Was, Kochani, tak\u017ce prosz\u0119, aby\u015bcie i te osoby \u2013 czasami mieszkaj\u0105ce bardzo daleko od nas \u2013&nbsp;<b>otoczyli swoimi modlitwami!<\/b><\/div>\n<div class=\"MsoNormal\" style=\"color: #0f0f0f; font-family: 'Times New Roman'; font-size: 14px; margin-bottom: 0px; margin-left: 0px; margin-right: 0px; margin-top: 0.4em; text-align: justify; text-indent: 35.4pt;\">W tych wszystkich wymienionych tu intencjach zwracamy si\u0119 do Boga w spos\u00f3b, jaki ka\u017cdy uznaje za najlepszy i do jakiego ka\u017cdy z nas jest najbardziej przekonany, natomiast&nbsp;<b>form\u0105 wsp\u00f3lnej modlitwy, jednocz\u0105cej nas jako Rodzin\u0119 Parafialn\u0105<\/b>&nbsp;\u2013 wsp\u00f3lnot\u0119 rekolekcyjn\u0105 \u2013 jest odmawianie w swoich domach codziennie&nbsp;<b>jednej, takiej samej modlitwy.<\/b>&nbsp;Przypomn\u0119, \u017ce prosi\u0142em wczoraj o odm\u00f3wienie \u2013 najlepiej w jakim\u015b wi\u0119kszym gronie, na przyk\u0142ad: w gronie rodzinnym \u2013 dziesi\u0105tka R\u00f3\u017ca\u0144ca \u015awi\u0119tego, pierwszej tajemnicy \u015bwiat\u0142a: Chrzest Jezusa w Jordanie oraz Litanii do Imienia<b><\/b>Jezus.&nbsp;<b>Bardzo serdecznie dzi\u0119kuj\u0119 tym, kt\u00f3rzy zechcieli to uczyni\u0107, w\u0142\u0105czaj\u0105c si\u0119 w ten spos\u00f3b do naszej wsp\u00f3lnoty i wypraszaj\u0105c wiele dobrych dar\u00f3w nam wszystkim!<\/b><\/div>\n<div class=\"MsoNormal\" style=\"color: #0f0f0f; font-family: 'Times New Roman'; font-size: 14px; margin-bottom: 0px; margin-left: 0px; margin-right: 0px; margin-top: 0.4em; text-align: justify; text-indent: 35.4pt;\">Prosz\u0119, aby\u015bmy to dzie\u0142o dalej rozwijali, dlatego dzisiaj, w naszych domach, najlepiej wsp\u00f3lnie z rodzin\u0105, odmawiamy<b>drug\u0105 tajemnic\u0119 \u015bwiat\u0142a: objawienie przez Jezusa swojej chwa\u0142y na weselu w Kanie Galilejskiej oraz Litani\u0119 do Krwi Pana Jezusa.&nbsp;<\/b>Bardzo zach\u0119cam do wsp\u00f3lnej modlitwy, bardzo zach\u0119cam do zanoszenia wszystkich innych modlitw, jakie zwykli\u015bmy do Boga kierowa\u0107,&nbsp;<b>ja tak\u017ce zapewniam o w\u0142\u0105czeniu si\u0119 w to dzie\u0142o.<\/b><\/div>\n<div class=\"MsoNormal\" style=\"color: #0f0f0f; font-family: 'Times New Roman'; font-size: 14px; margin-bottom: 0px; margin-left: 0px; margin-right: 0px; margin-top: 0.4em; text-align: justify; text-indent: 35.4pt;\">A czynimy to nie tutaj wsp\u00f3lnie, a w domu \u2013 w\u0142a\u015bnie dlatego, \u017ce&nbsp;<b>miejscem, w kt\u00f3rym rozgrywa si\u0119 akcja Rekolekcji,<\/b>&nbsp;powinny by\u0107 przede wszystkim nasze domy, a tak jeszcze precyzyjniej:&nbsp;<b>nasze serca,<\/b>&nbsp;nie mo\u017ce si\u0119 wszystko natomiast ograniczy\u0107 tylko do mur\u00f3w \u015bwi\u0105tyni. Dlatego&nbsp;<b>w naszych domach tak\u017ce staramy si\u0119 wprowadza\u0107 dobr\u0105, rekolekcyjn\u0105 atmosfer\u0119<\/b>&nbsp;\u2013 i temu te\u017c ma s\u0142u\u017cy\u0107 wspomniana modlitwa. Przypomn\u0119 jeszcze, \u017ce&nbsp;<b>w czwartek b\u0119dzie czas na podj\u0119cie dobrych postanowie\u0144 z Rekolekcji,<\/b>&nbsp;zechciejmy zatem my\u015ble\u0107 ju\u017c nad tym i przygotowywa\u0107 si\u0119 do tego.<\/div>\n<div class=\"MsoNormal\" style=\"color: #0f0f0f; font-family: 'Times New Roman'; font-size: 14px; margin-bottom: 0px; margin-left: 0px; margin-right: 0px; margin-top: 0.4em; text-align: justify; text-indent: 35.4pt;\">A my, w duchu has\u0142a:&nbsp;<b>DAJ MI POZNA\u0106 TWOJE DROGI, PANIE, NAUCZ MNIE CHODZI\u0106 TWOIMI \u015aCIE\u017bKAMI!&nbsp;<\/b>\u2013 zastanawiamy si\u0119 dzisiaj nad spraw\u0105 \u017calu za grzechy i mocnego postanowienia poprawy. Przyczynkiem do tych naszych rozwa\u017ca\u0144 mo\u017ce si\u0119 sta\u0107&nbsp;<b>przepi\u0119kna modlitwa Azariasza,&nbsp;<\/b>zapisana w Ksi\u0119dze Daniela,<b>&nbsp;<\/b>a odczytana przed chwil\u0105. Modlitwa ta sk\u0142ada si\u0119 z pokornego uznania swoich win, ale potem tak\u017ce \u2013&nbsp;<b>ze s\u0142\u00f3w nadziei, \u017ce B\u00f3g potrafi wyprowadzi\u0107 cz\u0142owieka z czelu\u015bci z\u0142a i wprowadzi\u0107 go na dobr\u0105 drog\u0119.<\/b>&nbsp;I o to w\u0142a\u015bnie Azariasz b\u0142aga Boga.<\/div>\n<div class=\"MsoNormal\" style=\"color: #0f0f0f; font-family: 'Times New Roman'; font-size: 14px; margin-bottom: 0px; margin-left: 0px; margin-right: 0px; margin-top: 0.4em; text-align: justify; text-indent: 35.4pt;\">S\u0142yszymy takie oto s\u0142owa:&nbsp;<i>Bo ci, co pok\u0142adaj\u0105 ufno\u015b\u0107 w Tobie, nie zaznaj\u0105 wstydu.&nbsp;<b>Teraz za\u015b post\u0119pujemy za Tob\u0105 z ca\u0142ego serca, odczuwamy l\u0119k przed Tob\u0105 i szukamy Twego oblicza.<\/b>&nbsp;Nie zawstydzaj nas, lecz post\u0119puj z nami wed\u0142ug swej \u0142agodno\u015bci i wed\u0142ug wielkiego swego mi\u0142osierdzia<\/i>.<\/div>\n<div class=\"MsoNormal\" style=\"color: #0f0f0f; font-family: 'Times New Roman'; font-size: 14px; margin-bottom: 0px; margin-left: 0px; margin-right: 0px; margin-top: 0.4em; text-align: justify; text-indent: 35.4pt;\">Jezus idzie jeszcze dalej w tej refleksji i s\u0142owami przypowie\u015bci o nielito\u015bciwym d\u0142u\u017cniku u\u015bwiadamia nam prawd\u0119, \u017ce&nbsp;<b>naszej pro\u015bbie o przebaczenie przez Boga grzech\u00f3w winno towarzyszy\u0107<\/b>&nbsp;<b>mi\u0142osierdzie<\/b>, jakie okazywa\u0107 b\u0119dziemy tym, kt\u00f3rzy wobec nas zawinili, bo przecie\u017c ich winy wobec nas s\u0105 o wiele mniejsze, ni\u017c nasze wobec Boga.<\/div>\n<div class=\"MsoNormal\" style=\"color: #0f0f0f; font-family: 'Times New Roman'; font-size: 14px; margin-bottom: 0px; margin-left: 0px; margin-right: 0px; margin-top: 0.4em; text-align: justify; text-indent: 35.4pt;\">Przeto Jezus domaga si\u0119 od ka\u017cdej i ka\u017cdego z nas konkretu: \u017cal za grzechy, pro\u015bba o przebaczenie grzech\u00f3w, musi by\u0107 poparta, a wr\u0119cz \u2013&nbsp;<b>musi si\u0119 wyra\u017ca\u0107 \u2013 w konkretnej postawie, w konkretnej przemianie my\u015blenia cz\u0142owieka!<\/b>Wtedy dopiero \u2013 o ile tak mo\u017cna powiedzie\u0107 \u2013 ma on&nbsp;<b>\u201eprawo\u201d prosi\u0107 Boga o przebaczenie swoich w\u0142asnych grzech\u00f3w.<\/b><\/div>\n<div class=\"MsoNormal\" style=\"color: #0f0f0f; font-family: 'Times New Roman'; font-size: 14px; margin-bottom: 0px; margin-left: 0px; margin-right: 0px; margin-top: 0.4em; text-align: justify; text-indent: 35.4pt;\">St\u0105d nasza pro\u015bba w Modlitwie Pa\u0144skiej:&nbsp;<b><i>i odpu\u015b\u0107 nam nasze winy, jako i my odpuszczamy naszym winowajcom<\/i><\/b>. Wiele razy ju\u017c, w r\u00f3\u017cnych miejscach i przy r\u00f3\u017cnych okazjach wyra\u017ca\u0142em przekonanie, \u017ce mo\u017ce lepiej, \u017ceby B\u00f3g tak do ko\u0144ca nie wys\u0142uchiwa\u0142 tej naszej pro\u015bby. Bo je\u017celi rzeczywi\u015bcie b\u0119dzie On nam odpuszcza\u0142 tak,&nbsp;<b>jako i my odpuszczamy,&nbsp;<\/b>to mo\u017ce si\u0119 okaza\u0107, \u017ce b\u0119dziemy mieli du\u017cy problem\u2026 Na szcz\u0119\u015bcie, B\u00f3g jest&nbsp;<b>o wiele bardziej mi\u0142osierny,<\/b>&nbsp;co jednak nie zwalnia nas z przyj\u0119cia w\u0142a\u015bciwej postawy. W\u0142a\u015bnie \u2013 postawy nale\u017cycie rozumianego \u017calu za grzechy.<\/div>\n<div class=\"MsoNormal\" style=\"color: #0f0f0f; font-family: 'Times New Roman'; font-size: 14px; margin-bottom: 0px; margin-left: 0px; margin-right: 0px; margin-top: 0.4em; text-align: justify; text-indent: 35.4pt;\"><b>Czym\u017ce jest ten \u017cal?<\/b>&nbsp;Niekt\u00f3rzy uwa\u017caj\u0105, \u017ce wtedy dobrze i w\u0142a\u015bciwie \u017ca\u0142uj\u0105 za grzechy, kiedy&nbsp;<b>chodz\u0105 pos\u0119pni i ze spuszczon\u0105 g\u0142ow\u0105<\/b>&nbsp;przed Spowiedzi\u0105 i po niej, inni \u017cal za grzechy&nbsp;<b>kojarz\u0105 z wylewaniem potoku \u0142ez<\/b>\u2026 A tymczasem, nie o to chodzi!<\/div>\n<div class=\"MsoNormal\" style=\"color: #0f0f0f; font-family: 'Times New Roman'; font-size: 14px; margin-bottom: 0px; margin-left: 0px; margin-right: 0px; margin-top: 0.4em; text-align: justify; text-indent: 35.4pt;\">Owszem, mo\u017ce si\u0119 zdarzy\u0107, \u017ce kto\u015b&nbsp;<b>tak g\u0142\u0119boko i autentycznie prze\u017cywa swoje post\u0119powanie,<\/b>&nbsp;\u017ce szczerze p\u0142acze, bo u\u015bwiadamia sobie, ile czasu i \u0142aski Bo\u017cej zmarnowa\u0142 i jest ju\u017c zm\u0119czony \u017cyciem, jakie prowadzi\u0142. Je\u017celi zatem kto\u015b<b>naprawd\u0119 i w pe\u0142ni szczerze prze\u017cywa tak swoje nawracanie si\u0119,<\/b>&nbsp;\u017ce b\u0119dzie przy tym p\u0142aka\u0142, to jest to&nbsp;<b>pi\u0119kne \u015bwiadectwo wielkich rzeczy,&nbsp;<\/b>jakie w jego sercu si\u0119 dokonuj\u0105.<\/div>\n<div class=\"MsoNormal\" style=\"color: #0f0f0f; font-family: 'Times New Roman'; font-size: 14px; margin-bottom: 0px; margin-left: 0px; margin-right: 0px; margin-top: 0.4em; text-align: justify; text-indent: 35.4pt;\">Jednak\u017ce nie mo\u017ce to nas prowadzi\u0107 do wniosku, \u017ce je\u017celi kto\u015b nie p\u0142acze przy konfesjonale, to nie \u017ca\u0142uje za grzechy! Nie, tak nie mo\u017cemy my\u015ble\u0107. Bo \u017cal za grzechy to&nbsp;<b>nie jaki\u015b wybuch emocji, to nie szloch i histeryczne zawodzenie,<\/b>&nbsp;czasami rzeczywi\u015bcie czynione przez niekt\u00f3rych ludzi na pokaz, dla dowarto\u015bciowania siebie, albo&nbsp;<b>zwr\u00f3cenia na siebie uwagi,<\/b>&nbsp;albo zademonstrowania przed innymi swojej rzekomo wielkiej pobo\u017cno\u015bci. W tych wszystkich sytuacjach, o kt\u00f3rych tu sobie m\u00f3wimy, najcz\u0119\u015bciej&nbsp;<b>nie ma \u017cadnego \u017calu, a jest tylko jaka\u015b potworna pycha,<\/b>&nbsp;kt\u00f3ra ka\u017ce cz\u0142owiekowi wszystko zrobi\u0107, byle tylko by\u0107 w centrum uwagi i sta\u0107 si\u0119 obiektem powszechnego podziwu.<\/div>\n<div class=\"MsoNormal\" style=\"color: #0f0f0f; font-family: 'Times New Roman'; font-size: 14px; margin-bottom: 0px; margin-left: 0px; margin-right: 0px; margin-top: 0.4em; text-align: justify; text-indent: 35.4pt;\">Nie na tym jednak polega rzeczywisty \u017cal za grzechy. W og\u00f3le, Kochani, zechciejmy jako\u015b tak mocno wzi\u0105\u0107 sobie do serca t\u0119 prawd\u0119, \u017ce&nbsp;<b>wiara, modlitwa, szeroko rozumiana pobo\u017cno\u015b\u0107 \u2013 to nie emocje!<\/b>&nbsp;Emocje spe\u0142niaj\u0105 w tym wszystkim&nbsp;<b>rol\u0119 pomocnicz\u0105,<\/b>&nbsp;dodatkow\u0105, one mog\u0105<b>wzmacnia\u0107 nasze postanowienia,<\/b>&nbsp;nasze dzia\u0142ania, mog\u0105 je jako\u015b mocniej wyra\u017ca\u0107. Ale wiara, modlitwa, w og\u00f3le \u2013 pobo\u017cno\u015b\u0107 jako taka \u2013&nbsp;<b>nie mo\u017ce si\u0119 sprowadza\u0107 jedynie do emocji! I tak\u017ce \u017cal za grzechy nie mo\u017ce si\u0119 sprowadza\u0107 do emocji!<\/b><\/div>\n<div class=\"MsoNormal\" style=\"color: #0f0f0f; font-family: 'Times New Roman'; font-size: 14px; margin-bottom: 0px; margin-left: 0px; margin-right: 0px; margin-top: 0.4em; text-align: justify; text-indent: 35.4pt;\">Przeto \u017cal za grzechy \u2013 \u017ceby to jeszcze raz mocno i jasno u\u015bwiadomi\u0107 sobie \u2013 to nie histeryczne zawodzenie i p\u0142acz na pokaz, ale to&nbsp;<b>wewn\u0119trzne, g\u0142\u0119boko w sercu i umy\u015ble podtrzymywane przekonanie, \u017ce mi jest \u017ale z grzechem, kt\u00f3ry pope\u0142niam.<\/b>&nbsp;To jest \u2013 innymi s\u0142owy m\u00f3wi\u0105c \u2013 bardzo \u015bwiadome, zdecydowane&nbsp;<b>nieakceptowanie grzechu w sobie<\/b>. To jest bardzo \u015bwiadome i zdecydowane pragnienie&nbsp;<b>zerwania z grzechem!<\/b>&nbsp;Zerwania jednoznacznego i absolutnego!<\/div>\n<div class=\"MsoNormal\" style=\"color: #0f0f0f; font-family: 'Times New Roman'; font-size: 14px; margin-bottom: 0px; margin-left: 0px; margin-right: 0px; margin-top: 0.4em; text-align: justify; text-indent: 35.4pt;\">A zatem \u2013 \u017cal za grzechy to&nbsp;<b>nie jaki\u015b wybuch emocji, ale wynik refleksji,<\/b>&nbsp;to \u015bwiadoma decyzja mojego umys\u0142u, to jest&nbsp;<b>bardzo mocne przekonanie, \u017ce grzech jest z\u0142y, \u017ce ja go nie chc\u0119, \u017ce go nie akceptuj\u0119 nawet w najmniejszym wymiarze, \u017ce chc\u0119 z nim zerwa\u0107 ca\u0142kowicie!&nbsp;<\/b>Wiemy, Kochani, \u017ce to wcale nie jest taka prosta sprawa, bo chyba wszyscy musimy sobie jasno tu powiedzie\u0107, \u017ce nam niekiedy&nbsp;<b>z naszymi grzeszkami \u2013 przynajmniej niekt\u00f3rymi \u2013 jest niestety dobrze<\/b>&nbsp;i jako\u015b tak wcale do ko\u0144ca nie chcemy z nimi zrywa\u0107\u2026 Niby m\u00f3wimy, \u017ce chcemy, ale tam g\u0142\u0119boko w sercu ukrywa si\u0119 takie prze\u015bwiadczenie, \u017ce je\u017celi nadarzy si\u0119 okazja, to a\u017c tak bardzo nie b\u0119dziemy si\u0119 broni\u0107\u2026<\/div>\n<div class=\"MsoNormal\" style=\"color: #0f0f0f; font-family: 'Times New Roman'; font-size: 14px; margin-bottom: 0px; margin-left: 0px; margin-right: 0px; margin-top: 0.4em; text-align: justify; text-indent: 35.4pt;\">Tymczasem jednak \u017cal za grzechy zak\u0142ada&nbsp;<b>ca\u0142kowite zerwanie z ka\u017cdym z\u0142em, z ka\u017cdym grzechem i \u2013 uwaga! \u2013 z przywi\u0105zaniem do jakiegokolwiek, nawet najmniejszego grzechu!<\/b>&nbsp;Jest to wi\u0119c w o wiele wi\u0119kszym stopniu&nbsp;<b>\u015bwiadomie, na trze\u017awo i wr\u0119cz na ch\u0142odno podj\u0119ta decyzja,<\/b>&nbsp;\u017ce ju\u017c nie chc\u0119 grzeszy\u0107, ni\u017c jakie\u015b emocjonalne manifestacje.<\/div>\n<div class=\"MsoNormal\" style=\"color: #0f0f0f; font-family: 'Times New Roman'; font-size: 14px; margin-bottom: 0px; margin-left: 0px; margin-right: 0px; margin-top: 0.4em; text-align: justify; text-indent: 35.4pt;\">Tak na marginesie, warto przypomnie\u0107 katechizmow\u0105 prawd\u0119, \u017ce&nbsp;<b>\u017cal za grzechy dzielimy na doskona\u0142y i niedoskona\u0142y (albo lepiej: mniej doskona\u0142y), a kryterium rozr\u00f3\u017cnienia stanowi motyw, dla kt\u00f3rego \u017ca\u0142ujemy za z\u0142o.<\/b>Je\u017celi \u017ca\u0142ujemy z mi\u0142o\u015bci do Boga \u2013 mi\u0142o\u015bci, na kt\u00f3r\u0105 odpowiedzieli\u015bmy tak\u0105 niewdzi\u0119czno\u015bci\u0105 i tak\u0105 niew\u0142a\u015bciw\u0105 postaw\u0105 \u2013 to mamy do czynienia&nbsp;<b>z \u017calem doskona\u0142ym.<\/b>&nbsp;Jest to bowiem&nbsp;<b>bardzo wysoka motywacja,<\/b>&nbsp;dla kt\u00f3rej chcemy zerwa\u0107 ze z\u0142em. Je\u017celi natomiast&nbsp;<b>\u017ca\u0142ujemy jedynie ze strachu przed kar\u0105 Bo\u017c\u0105,<\/b>&nbsp;kt\u00f3ra spotka nas, gdyby\u015bmy nie \u017ca\u0142owali \u2013 wtedy mamy do czynienia&nbsp;<b>z ni\u017csz\u0105 motywacj\u0105<\/b>&nbsp;i \u017calem mniej doskona\u0142ym.<\/div>\n<div class=\"MsoNormal\" style=\"color: #0f0f0f; font-family: 'Times New Roman'; font-size: 14px; margin-bottom: 0px; margin-left: 0px; margin-right: 0px; margin-top: 0.4em; text-align: justify; text-indent: 35.4pt;\">Przypomn\u0119 w tym momencie, \u017ce&nbsp;<b>akt \u017calu doskona\u0142ego,<\/b>a wi\u0119c tego podj\u0119tego z wy\u017cszej motywacji,&nbsp;<b>w przypadku obiektywnej niemo\u017cliwo\u015bci przyst\u0105pienia do Sakramentu Pokuty w niebezpiecze\u0144stwie \u015bmierci \u2013 zast\u0119puje ten Sakrament i g\u0142adzi nasze grzechy.<\/b>&nbsp;Naturalnie, po ustaniu niebezpiecze\u0144stwa \u015bmierci, trzeba jednak do Spowiedzi przyst\u0105pi\u0107, ale w takiej sytuacji ekstremalnej nale\u017cy z mo\u017cliwo\u015bci tej skorzysta\u0107.<\/div>\n<div class=\"MsoNormal\" style=\"color: #0f0f0f; font-family: 'Times New Roman'; font-size: 14px; margin-bottom: 0px; margin-left: 0px; margin-right: 0px; margin-top: 0.4em; text-align: justify; text-indent: 35.4pt;\">Z w\u0142a\u015bciwie pojmowanego \u017calu za grzechy&nbsp;<b>musi, podkre\u015blam: musi wynika\u0107 \u2013 jako jego prosta konsekwencja \u2013 mocne postanowienie poprawy.<\/b>&nbsp;Kochani, zawsze starajmy si\u0119 o to,&nbsp;<b>aby by\u0142o ono konkretne,<\/b>&nbsp;bo tylko wtedy b\u0119dzie ono prawdziwe i tylko wtedy uda si\u0119 je zrealizowa\u0107. Nie mo\u017ce si\u0119 ono zatem wyra\u017ca\u0107 w s\u0142owach: \u201eb\u0119d\u0119 lepszy\u201d, \u201epoprawi\u0119 si\u0119\u201d, \u201eco\u015b tam w\u017cyciu trzeba by zmieni\u0107\u201d\u2026 Z takich postanowie\u0144&nbsp;<b>nic nie wynika<\/b>&nbsp;i o \u017cadnej poprawie nawet nie ma co my\u015ble\u0107. Podobnie,&nbsp;<b>kiedy chcemy bra\u0107 si\u0119 za wszystko naraz,<\/b>&nbsp;za wszystkie swoje grzechy i s\u0142abo\u015bci i wszystkie chcie\u0107 bardzo intensywnie pokonywa\u0107 \u2013<b>te\u017c nic z tego nie b\u0119dzie, bo jest to dzia\u0142anie ponad nasze si\u0142y.<\/b><\/div>\n<div class=\"MsoNormal\" style=\"color: #0f0f0f; font-family: 'Times New Roman'; font-size: 14px; margin-bottom: 0px; margin-left: 0px; margin-right: 0px; margin-top: 0.4em; text-align: justify; text-indent: 35.4pt;\">Kochani, postanowienie poprawy musi by\u0107&nbsp;<b>konkretne i szczeg\u00f3\u0142owe!<\/b>&nbsp;Po Spowiedzi powinni\u015bmy wzi\u0105\u0107 si\u0119 do pracy \u2013 takiej intensywnej pracy \u2013&nbsp;<b>nad jednym, wybranym grzechem.<\/b>Oczywi\u015bcie, nad innymi sprawami zachowujemy takie og\u00f3lne czuwanie, ale&nbsp;<b>intensywnie pracujemy nad jednym grzechem.<\/b>Powinni\u015bmy wybra\u0107 ten spo\u015br\u00f3d naszych grzech\u00f3w, kt\u00f3ry jest<b>\u017ar\u00f3d\u0142em innych,<\/b>&nbsp;albo kt\u00f3ry jako\u015b tak&nbsp;<b>szczeg\u00f3lnie dotkliwie ci\u0105\u017cy nam na sumieniu,<\/b>&nbsp;albo ten, kt\u00f3ry jako\u015b tak&nbsp;<b>najbardziej bole\u015bnie wewn\u0119trznie nas \u201erozbija\u201d<\/b>\u2026 Nie bierzmy si\u0119 zatem za co\u015b mniej istotnego, zostawiaj\u0105c na \u015bwi\u0119te: \u201ep\u00f3\u017aniej\u201d, sakramentalne: \u201ekiedy\u015b tam\u201d, rozwi\u0105zywanie najci\u0119\u017cszych problem\u00f3w. Nie!&nbsp;<b>We\u017amy si\u0119 w\u0142a\u015bnie za ten grzech najci\u0119\u017cszy, najbardziej bolesny, rzutuj\u0105cy na ca\u0142\u0105 nasz\u0105 postaw\u0119 \u2013 i nad tym grzechem, nad jego pokonywaniem, cierpliwie pracujmy!<\/b><\/div>\n<div class=\"MsoNormal\" style=\"color: #0f0f0f; font-family: 'Times New Roman'; font-size: 14px; margin-bottom: 0px; margin-left: 0px; margin-right: 0px; margin-top: 0.4em; text-align: justify; text-indent: 35.4pt;\">Niekiedy Spowiednicy pod koniec wyznawania przez penitenta grzech\u00f3w, pytaj\u0105,&nbsp;<b>z kt\u00f3rego grzechu chce si\u0119 on szczeg\u00f3lnie poprawi\u0107.<\/b>&nbsp;To w\u0142a\u015bnie o to chodzi:&nbsp;<b>konkretna poprawa z jednego grzechu powoduje stopniowe d\u017awiganie si\u0119 tak\u017ce z innych.<\/b>&nbsp;Natomiast taka og\u00f3lna deklaracja poprawy, bez ukonkretnienia,&nbsp;<b>zwykle nie ko\u0144czy si\u0119 niczym.<\/b><\/div>\n<div class=\"MsoNormal\" style=\"color: #0f0f0f; font-family: 'Times New Roman'; font-size: 14px; margin-bottom: 0px; margin-left: 0px; margin-right: 0px; margin-top: 0.4em; text-align: justify; text-indent: 35.4pt;\">I jeszcze jedna, bardzo istotna uwaga. Niekiedy skar\u017cycie si\u0119, Kochani, przy konfesjonale, \u017ce w\u0142a\u015bciwie<b>spowiadacie si\u0119 ci\u0105gle z tych samych grzech\u00f3w, \u017ce ci\u0105gle te same s\u0142abo\u015bci jako\u015b tak powracaj\u0105.<\/b>&nbsp;To prawda, ale my\u015bl\u0119, \u017ce do takiego stanu rzeczy to chyba ka\u017cdy z nas musia\u0142by si\u0119 przyzna\u0107. Ja te\u017c\u2026 Bo przecie\u017c ju\u017c tacy jeste\u015bmy, \u017ce z pewnymi sprawami radzimy sobie dobrze,<b>&nbsp;a z innymi gorzej \u2013 i z tych drugich zwykle si\u0119 spowiadamy.<\/b>&nbsp;Natomiast, moi Drodzy, musimy tutaj \u2013 zgodnie z pouczeniem Jana Paw\u0142a II, zawartym w adhortacji o Sakramencie Pokuty \u2013 bardzo zdecydowanie i jasno rozr\u00f3\u017cni\u0107:&nbsp;<b>czym innym jest \u015bwiadomo\u015b\u0107, \u017ce dany grzech mo\u017ce mi si\u0119 znowu przytrafi\u0107, a czym innym jest to, \u017ce ja go chc\u0119 pope\u0142ni\u0107!<\/b>&nbsp;To jest zasadnicza r\u00f3\u017cnica!<\/div>\n<div class=\"MsoNormal\" style=\"color: #0f0f0f; font-family: 'Times New Roman'; font-size: 14px; margin-bottom: 0px; margin-left: 0px; margin-right: 0px; margin-top: 0.4em; text-align: justify; text-indent: 35.4pt;\">W pierwszym przypadku \u2013 jest to wynik naszego \u017cyciowego do\u015bwiadczenia: u\u015bwiadamiamy sobie po prostu, \u017ce z tym i owym&nbsp;<b>mamy problem i prawdopodobnie \u2013 niestety! \u2013 znowu nam si\u0119 to przydarzy.<\/b>&nbsp;Jednak ta sytuacja wcale nie przekre\u015bla \u017calu za grzechy. Wr\u0119cz przeciwnie, cz\u0142owiek maj\u0105cy tak\u0105 \u015bwiadomo\u015b\u0107&nbsp;<b>bardzo cz\u0119sto chce si\u0119 pozby\u0107 tego grzechu, ale nie od razu mu wychodzi.<\/b>&nbsp;Natomiast w drugim przypadku \u2013 nie ma \u017calu za grzechy ani prawdziwej ch\u0119ci poprawy!<\/div>\n<div class=\"MsoNormal\" style=\"color: #0f0f0f; font-family: 'Times New Roman'; font-size: 14px; margin-bottom: 0px; margin-left: 0px; margin-right: 0px; margin-top: 0.4em; text-align: justify; text-indent: 35.4pt;\">Dlatego&nbsp;<b>rozr\u00f3\u017cniajmy obie te sytuacje i nie za\u0142amujmy si\u0119<\/b>&nbsp;z tego powodu, \u017ce nie od razu udaje si\u0119 nam pokona\u0107 z\u0142o w sobie, \u017ce ono wraca.&nbsp;<b>Tylko cierpliw\u0105 prac\u0105, wspart\u0105 modlitw\u0105, mo\u017cna co\u015b w tych sprawach osi\u0105gn\u0105\u0107!<\/b>Niecierpliwo\u015b\u0107 natomiast jest wrogiem wszelkiej naszej pracy duchowej, stanowi za to&nbsp;<b>wielk\u0105 rado\u015b\u0107 i satysfakcj\u0119 dla szatana,<\/b>&nbsp;kt\u00f3remu zale\u017cy na tym, aby nas przekona\u0107 do tego, i\u017c nie ma sensu si\u0119 wysila\u0107, nie ma sensu dalej si\u0119 zmaga\u0107, \u017ce to jest trud bezowocny\u2026&nbsp;<b>Nie uwierzmy nigdy szatanowi w te sugestie i nie rezygnujmy z pracy duchowej!<\/b>&nbsp;Cierpliwy trud, konkretna praca nad sob\u0105, wsparta modlitw\u0105 \u2013&nbsp;<b>musi&nbsp;<\/b>przynie\u015b\u0107 owoce.&nbsp;<\/div>\n<div class=\"MsoNormal\" style=\"color: #0f0f0f; font-family: 'Times New Roman'; font-size: 14px; margin-bottom: 0px; margin-left: 0px; margin-right: 0px; margin-top: 0.4em; text-align: justify; text-indent: 35.4pt;\">Natomiast&nbsp;<b>brak \u017calu za grzechy i zwi\u0105zanego z nim postanowienia poprawy,<\/b>&nbsp;stwierdzony przy Spowiedzi, stanowi<b>przeszkod\u0119 do udzielenia penitentowi rozgrzeszenia.<\/b>&nbsp;A nawet, gdyby wskutek jakiego\u015b oszustwa rozgrzeszenie takowe zosta\u0142o udzielone,&nbsp;<b>b\u0119dzie ono niewa\u017cne, a Spowied\u017a \u2013 \u015bwi\u0119tokradzka!<\/b>&nbsp;<\/div>\n<div class=\"MsoNormal\" style=\"color: #0f0f0f; font-family: 'Times New Roman'; font-size: 14px; margin-bottom: 0px; margin-left: 0px; margin-right: 0px; margin-top: 0.4em; text-align: justify; text-indent: 35.4pt;\">A oto praca domowa na dzisiaj: w ramach konkretnego pokonywania z\u0142a i wprowadzania dobra, pomy\u015blmy dzisiaj o jakiej\u015b&nbsp;<b>bliskiej nam osobie, z kt\u00f3r\u0105 jednak w ostatnim czasie nie najlepiej si\u0119 nam uk\u0142ada,<\/b>&nbsp;przez co kontakt z ni\u0105 jest ograniczony, sporadyczny, bardzo rzadki, albo wr\u0119cz w og\u00f3le go nie ma. By\u0107 mo\u017ce jest to kt\u00f3re\u015b z naszych dzieci, a mo\u017ce kto\u015b z rodze\u0144stwa, a mo\u017ce kt\u00f3re\u015b z rodzic\u00f3w, a mo\u017ce jeszcze kto\u015b inny.&nbsp;<b>Zechciejmy pomy\u015ble\u0107 o tej osobie i spr\u00f3bujmy si\u0119 z ni\u0105 skontaktowa\u0107!<\/b>&nbsp;Zadzwo\u0144my do niej, \u017ceby \u2013 ot, tak \u2013 chwil\u0119 porozmawia\u0107, na zasadzie: \u201ejak \u017cyjesz, co s\u0142ycha\u0107, co porabiasz\u201d?<\/div>\n<div class=\"MsoNormal\" style=\"color: #0f0f0f; font-family: 'Times New Roman'; font-size: 14px; margin-bottom: 0px; margin-left: 0px; margin-right: 0px; margin-top: 0.4em; text-align: justify; text-indent: 35.4pt;\">Nie musimy od razu podejmowa\u0107 ostrej dyskusji, kt\u00f3ra zaraz zako\u0144czy si\u0119 k\u0142\u00f3tni\u0105, tylko powiedzie\u0107 kilka prostych zda\u0144\u2026&nbsp;<b>Mo\u017cna wspomnie\u0107, \u017ce prze\u017cywamy Rekolekcje, w trakcie kt\u00f3rych modlimy si\u0119 za t\u0119 osob\u0119,<\/b>&nbsp;a mo\u017cna nic nie m\u00f3wi\u0107, tylko tak zwyczajnie zapyta\u0107, co s\u0142ycha\u0107\u2026 Mo\u017ce kto\u015b nawet przymierza\u0142 si\u0119, \u017ceby si\u0119 prze\u0142ama\u0107 i wykona\u0107 taki telefon \u2013 to dzisiaj ma okazj\u0119.&nbsp;<b>Je\u017celi b\u0119dzie trudno zadzwoni\u0107, to napiszmy list, albo maila, albo smsa<\/b>\u2026 Je\u017celi i to b\u0119dzie za trudne \u2013 ale tylko wtedy! \u2013 to mo\u017cna poprzesta\u0107 na modlitwie za t\u0119 osob\u0119. Ale to tylko w sytuacji najwi\u0119kszych trudno\u015bci.&nbsp;<b>W pierwszym rz\u0119dzie jednak \u2013 jaka\u015b forma kontaktu, jak najbardziej po\u0142\u0105czonego te\u017c z modlitw\u0105.<\/b>&nbsp;I przypominam, \u017ce modlitw\u0105 wspieramy wszystkie nasze rekolekcyjne dzia\u0142ania: dzisiaj druga tajemnica \u015bwiat\u0142a i Litania do Krwi Pana Jezusa.<\/div>\n<div class=\"MsoNormal\" style=\"color: #0f0f0f; font-family: 'Times New Roman'; font-size: 14px; margin-bottom: 0px; margin-left: 0px; margin-right: 0px; margin-top: 0.4em; text-align: justify; text-indent: 35.4pt;\">A oto teraz zastan\u00f3wmy si\u0119 w chwili ciszy:<\/div>\n<ul style=\"color: #0f0f0f; font-family: 'Times New Roman'; font-size: 14px; margin-top: 0cm;\" type=\"disc\">\n<li class=\"MsoNormal\" style=\"text-align: justify;\">Czy g\u0142\u0119boko w sercu nie ukrywam przywi\u0105zania do jakiego\u015b, cho\u0107by ma\u0142ego grzechu?<\/li>\n<li class=\"MsoNormal\" style=\"text-align: justify;\">Czy moje postanowienie poprawy zawsze jest konkretne?<\/li>\n<li class=\"MsoNormal\" style=\"text-align: justify;\">Czy w jego realizacji nie zniech\u0119cam si\u0119 zbyt szybko, gdy nie od razu wszystko mi wychodzi?<\/li>\n<\/ul>\n<div class=\"MsoNormal\" style=\"color: #0f0f0f; font-family: 'Times New Roman'; font-size: 14px; margin-bottom: 0px; margin-left: 0px; margin-right: 0px; margin-top: 0.4em; text-align: justify; text-indent: 18pt;\"><b>DAJ MI POZNA\u0106 TWOJE DROGI, PANIE, NAUCZ MNIE CHODZI\u0106 TWOIMI \u015aCIE\u017bKAMI! Udziel mi, Panie, \u0142aski szczerego \u017calu za grzechy, pom\u00f3\u017c mi podj\u0105\u0107 m\u0105dre i konkretne postanowienie poprawy i daj si\u0142y do jego pe\u0142nej realizacji!<\/b><\/div>\n<div><b><br \/>\n<\/b><\/div>\n","protected":false},"excerpt":{"rendered":"<p>Niech b\u0119dzie pochwalony Jezus Chrystus! Bardzo serdecznie witam Was, Kochani, i prosz\u0119 o cierpliwo\u015b\u0107 tych, kt\u00f3rzy zamie\u015bcili wpisy &#8211; na pewno na nie odpisz\u0119, ale niech tylko minie ten &#8222;szalony&#8221; czas, jaki teraz prze\u017cywam. Natomiast dzisiaj zapraszam do refleksji nad kolejnymi warunkami Sakramentu Pokuty. Jednocze\u015bnie prosz\u0119 o modlitw\u0119 w intencji Rekolekcji, kt\u00f3re prowadz\u0119 i ludzi, [&hellip;]<\/p>\n","protected":false},"author":1,"featured_media":0,"comment_status":"open","ping_status":"open","sticky":false,"template":"","format":"standard","meta":{"jetpack_post_was_ever_published":false,"_jetpack_newsletter_access":"","_jetpack_dont_email_post_to_subs":false,"_jetpack_newsletter_tier_id":0,"_jetpack_memberships_contains_paywalled_content":false,"_jetpack_memberships_contains_paid_content":false,"footnotes":""},"categories":[1],"tags":[],"class_list":["post-9904","post","type-post","status-publish","format-standard","hentry","category-bez-kategorii"],"yoast_head":"<!-- This site is optimized with the Yoast SEO plugin v25.1 - https:\/\/yoast.com\/wordpress\/plugins\/seo\/ -->\n<title>Rachunek sumienia i \u017cal za grzechy - Gaudium Et Spes<\/title>\n<meta name=\"robots\" content=\"index, follow, max-snippet:-1, max-image-preview:large, max-video-preview:-1\" \/>\n<link rel=\"canonical\" href=\"https:\/\/gaudiumetspes-blog.pl\/index.php\/2011\/03\/29\/rachunek-sumienia-i-zal-za-grzechy\/\" \/>\n<meta property=\"og:locale\" content=\"pl_PL\" \/>\n<meta property=\"og:type\" content=\"article\" \/>\n<meta property=\"og:title\" content=\"Rachunek sumienia i \u017cal za grzechy - Gaudium Et Spes\" \/>\n<meta property=\"og:description\" content=\"Niech b\u0119dzie pochwalony Jezus Chrystus! Bardzo serdecznie witam Was, Kochani, i prosz\u0119 o cierpliwo\u015b\u0107 tych, kt\u00f3rzy zamie\u015bcili wpisy &#8211; na pewno na nie odpisz\u0119, ale niech tylko minie ten &#8222;szalony&#8221; czas, jaki teraz prze\u017cywam. Natomiast dzisiaj zapraszam do refleksji nad kolejnymi warunkami Sakramentu Pokuty. Jednocze\u015bnie prosz\u0119 o modlitw\u0119 w intencji Rekolekcji, kt\u00f3re prowadz\u0119 i ludzi, [&hellip;]\" \/>\n<meta property=\"og:url\" content=\"https:\/\/gaudiumetspes-blog.pl\/index.php\/2011\/03\/29\/rachunek-sumienia-i-zal-za-grzechy\/\" \/>\n<meta property=\"og:site_name\" content=\"Gaudium Et Spes\" \/>\n<meta property=\"article:published_time\" content=\"2011-03-29T07:47:00+00:00\" \/>\n<meta property=\"article:modified_time\" content=\"2019-07-31T10:52:12+00:00\" \/>\n<meta name=\"author\" content=\"Ks. Jacek\" \/>\n<meta name=\"twitter:card\" content=\"summary_large_image\" \/>\n<meta name=\"twitter:label1\" content=\"Napisane przez\" \/>\n\t<meta name=\"twitter:data1\" content=\"Ks. Jacek\" \/>\n\t<meta name=\"twitter:label2\" content=\"Szacowany czas czytania\" \/>\n\t<meta name=\"twitter:data2\" content=\"19 minut\" \/>\n<script type=\"application\/ld+json\" class=\"yoast-schema-graph\">{\"@context\":\"https:\/\/schema.org\",\"@graph\":[{\"@type\":\"WebPage\",\"@id\":\"https:\/\/gaudiumetspes-blog.pl\/index.php\/2011\/03\/29\/rachunek-sumienia-i-zal-za-grzechy\/\",\"url\":\"https:\/\/gaudiumetspes-blog.pl\/index.php\/2011\/03\/29\/rachunek-sumienia-i-zal-za-grzechy\/\",\"name\":\"Rachunek sumienia i \u017cal za grzechy - Gaudium Et Spes\",\"isPartOf\":{\"@id\":\"https:\/\/gaudiumetspes-blog.pl\/#website\"},\"datePublished\":\"2011-03-29T07:47:00+00:00\",\"dateModified\":\"2019-07-31T10:52:12+00:00\",\"author\":{\"@id\":\"https:\/\/gaudiumetspes-blog.pl\/#\/schema\/person\/1661982992b752dea8dff0d4ed845a65\"},\"breadcrumb\":{\"@id\":\"https:\/\/gaudiumetspes-blog.pl\/index.php\/2011\/03\/29\/rachunek-sumienia-i-zal-za-grzechy\/#breadcrumb\"},\"inLanguage\":\"pl-PL\",\"potentialAction\":[{\"@type\":\"ReadAction\",\"target\":[\"https:\/\/gaudiumetspes-blog.pl\/index.php\/2011\/03\/29\/rachunek-sumienia-i-zal-za-grzechy\/\"]}]},{\"@type\":\"BreadcrumbList\",\"@id\":\"https:\/\/gaudiumetspes-blog.pl\/index.php\/2011\/03\/29\/rachunek-sumienia-i-zal-za-grzechy\/#breadcrumb\",\"itemListElement\":[{\"@type\":\"ListItem\",\"position\":1,\"name\":\"Strona g\u0142\u00f3wna\",\"item\":\"https:\/\/gaudiumetspes-blog.pl\/\"},{\"@type\":\"ListItem\",\"position\":2,\"name\":\"Rachunek sumienia i&nbsp;\u017cal za&nbsp;grzechy\"}]},{\"@type\":\"WebSite\",\"@id\":\"https:\/\/gaudiumetspes-blog.pl\/#website\",\"url\":\"https:\/\/gaudiumetspes-blog.pl\/\",\"name\":\"Gaudium Et Spes\",\"description\":\"Blog Ks. Jacka Ja\u015bkowskiego\",\"potentialAction\":[{\"@type\":\"SearchAction\",\"target\":{\"@type\":\"EntryPoint\",\"urlTemplate\":\"https:\/\/gaudiumetspes-blog.pl\/?s={search_term_string}\"},\"query-input\":{\"@type\":\"PropertyValueSpecification\",\"valueRequired\":true,\"valueName\":\"search_term_string\"}}],\"inLanguage\":\"pl-PL\"},{\"@type\":\"Person\",\"@id\":\"https:\/\/gaudiumetspes-blog.pl\/#\/schema\/person\/1661982992b752dea8dff0d4ed845a65\",\"name\":\"Ks. Jacek\",\"image\":{\"@type\":\"ImageObject\",\"inLanguage\":\"pl-PL\",\"@id\":\"https:\/\/gaudiumetspes-blog.pl\/#\/schema\/person\/image\/\",\"url\":\"https:\/\/gaudiumetspes-blog.pl\/wp-content\/uploads\/2019\/07\/avatar-JJ-150x150.jpg\",\"contentUrl\":\"https:\/\/gaudiumetspes-blog.pl\/wp-content\/uploads\/2019\/07\/avatar-JJ-150x150.jpg\",\"caption\":\"Ks. Jacek\"},\"description\":\"Witam serdecznie! K\u0142ania si\u0119 Ks. Jacek Ja\u015bkowski. Nie jestem ani kim\u015b wa\u017cnym, ani kim\u015b znanym. Jestem ksi\u0119dzem, kt\u00f3ry po prostu chce rozmawia\u0107. Codzienna kap\u0142a\u0144ska pos\u0142uga pokazuje mi, \u017ce temat\u00f3w do rozm\u00f3w z ksi\u0119dzem jest coraz wi\u0119cej i dzisiaj \u017caden ksi\u0105dz nie mo\u017ce od nich ucieka\u0107, ale - wprost przeciwnie - podejmowa\u0107 nowe wyzwania. To przekonanie sk\u0142oni\u0142o mnie do pr\u00f3by otwarcia tego\u017c bloga, chocia\u017c okazji do rozm\u00f3w na co dzie\u0144 - w konfesjonale i poza nim - na szcz\u0119\u015bcie nie brakuje. My\u015bl\u0119 jednak, \u017ce ten blog b\u0119dzie jeszcze jednym sposobem i przestrzeni\u0105 nawi\u0105zania kontaktu z lud\u017ami dobrej woli, otwartymi na dialog.\",\"url\":\"https:\/\/gaudiumetspes-blog.pl\/index.php\/author\/ks-jacek\/\"}]}<\/script>\n<!-- \/ Yoast SEO plugin. -->","yoast_head_json":{"title":"Rachunek sumienia i \u017cal za grzechy - Gaudium Et Spes","robots":{"index":"index","follow":"follow","max-snippet":"max-snippet:-1","max-image-preview":"max-image-preview:large","max-video-preview":"max-video-preview:-1"},"canonical":"https:\/\/gaudiumetspes-blog.pl\/index.php\/2011\/03\/29\/rachunek-sumienia-i-zal-za-grzechy\/","og_locale":"pl_PL","og_type":"article","og_title":"Rachunek sumienia i \u017cal za grzechy - Gaudium Et Spes","og_description":"Niech b\u0119dzie pochwalony Jezus Chrystus! Bardzo serdecznie witam Was, Kochani, i prosz\u0119 o cierpliwo\u015b\u0107 tych, kt\u00f3rzy zamie\u015bcili wpisy &#8211; na pewno na nie odpisz\u0119, ale niech tylko minie ten &#8222;szalony&#8221; czas, jaki teraz prze\u017cywam. Natomiast dzisiaj zapraszam do refleksji nad kolejnymi warunkami Sakramentu Pokuty. Jednocze\u015bnie prosz\u0119 o modlitw\u0119 w intencji Rekolekcji, kt\u00f3re prowadz\u0119 i ludzi, [&hellip;]","og_url":"https:\/\/gaudiumetspes-blog.pl\/index.php\/2011\/03\/29\/rachunek-sumienia-i-zal-za-grzechy\/","og_site_name":"Gaudium Et Spes","article_published_time":"2011-03-29T07:47:00+00:00","article_modified_time":"2019-07-31T10:52:12+00:00","author":"Ks. Jacek","twitter_card":"summary_large_image","twitter_misc":{"Napisane przez":"Ks. Jacek","Szacowany czas czytania":"19 minut"},"schema":{"@context":"https:\/\/schema.org","@graph":[{"@type":"WebPage","@id":"https:\/\/gaudiumetspes-blog.pl\/index.php\/2011\/03\/29\/rachunek-sumienia-i-zal-za-grzechy\/","url":"https:\/\/gaudiumetspes-blog.pl\/index.php\/2011\/03\/29\/rachunek-sumienia-i-zal-za-grzechy\/","name":"Rachunek sumienia i \u017cal za grzechy - Gaudium Et Spes","isPartOf":{"@id":"https:\/\/gaudiumetspes-blog.pl\/#website"},"datePublished":"2011-03-29T07:47:00+00:00","dateModified":"2019-07-31T10:52:12+00:00","author":{"@id":"https:\/\/gaudiumetspes-blog.pl\/#\/schema\/person\/1661982992b752dea8dff0d4ed845a65"},"breadcrumb":{"@id":"https:\/\/gaudiumetspes-blog.pl\/index.php\/2011\/03\/29\/rachunek-sumienia-i-zal-za-grzechy\/#breadcrumb"},"inLanguage":"pl-PL","potentialAction":[{"@type":"ReadAction","target":["https:\/\/gaudiumetspes-blog.pl\/index.php\/2011\/03\/29\/rachunek-sumienia-i-zal-za-grzechy\/"]}]},{"@type":"BreadcrumbList","@id":"https:\/\/gaudiumetspes-blog.pl\/index.php\/2011\/03\/29\/rachunek-sumienia-i-zal-za-grzechy\/#breadcrumb","itemListElement":[{"@type":"ListItem","position":1,"name":"Strona g\u0142\u00f3wna","item":"https:\/\/gaudiumetspes-blog.pl\/"},{"@type":"ListItem","position":2,"name":"Rachunek sumienia i&nbsp;\u017cal za&nbsp;grzechy"}]},{"@type":"WebSite","@id":"https:\/\/gaudiumetspes-blog.pl\/#website","url":"https:\/\/gaudiumetspes-blog.pl\/","name":"Gaudium Et Spes","description":"Blog Ks. Jacka Ja\u015bkowskiego","potentialAction":[{"@type":"SearchAction","target":{"@type":"EntryPoint","urlTemplate":"https:\/\/gaudiumetspes-blog.pl\/?s={search_term_string}"},"query-input":{"@type":"PropertyValueSpecification","valueRequired":true,"valueName":"search_term_string"}}],"inLanguage":"pl-PL"},{"@type":"Person","@id":"https:\/\/gaudiumetspes-blog.pl\/#\/schema\/person\/1661982992b752dea8dff0d4ed845a65","name":"Ks. Jacek","image":{"@type":"ImageObject","inLanguage":"pl-PL","@id":"https:\/\/gaudiumetspes-blog.pl\/#\/schema\/person\/image\/","url":"https:\/\/gaudiumetspes-blog.pl\/wp-content\/uploads\/2019\/07\/avatar-JJ-150x150.jpg","contentUrl":"https:\/\/gaudiumetspes-blog.pl\/wp-content\/uploads\/2019\/07\/avatar-JJ-150x150.jpg","caption":"Ks. Jacek"},"description":"Witam serdecznie! K\u0142ania si\u0119 Ks. Jacek Ja\u015bkowski. Nie jestem ani kim\u015b wa\u017cnym, ani kim\u015b znanym. Jestem ksi\u0119dzem, kt\u00f3ry po prostu chce rozmawia\u0107. Codzienna kap\u0142a\u0144ska pos\u0142uga pokazuje mi, \u017ce temat\u00f3w do rozm\u00f3w z ksi\u0119dzem jest coraz wi\u0119cej i dzisiaj \u017caden ksi\u0105dz nie mo\u017ce od nich ucieka\u0107, ale - wprost przeciwnie - podejmowa\u0107 nowe wyzwania. To przekonanie sk\u0142oni\u0142o mnie do pr\u00f3by otwarcia tego\u017c bloga, chocia\u017c okazji do rozm\u00f3w na co dzie\u0144 - w konfesjonale i poza nim - na szcz\u0119\u015bcie nie brakuje. My\u015bl\u0119 jednak, \u017ce ten blog b\u0119dzie jeszcze jednym sposobem i przestrzeni\u0105 nawi\u0105zania kontaktu z lud\u017ami dobrej woli, otwartymi na dialog.","url":"https:\/\/gaudiumetspes-blog.pl\/index.php\/author\/ks-jacek\/"}]}},"jetpack_featured_media_url":"","jetpack_sharing_enabled":true,"_links":{"self":[{"href":"https:\/\/gaudiumetspes-blog.pl\/index.php\/wp-json\/wp\/v2\/posts\/9904","targetHints":{"allow":["GET"]}}],"collection":[{"href":"https:\/\/gaudiumetspes-blog.pl\/index.php\/wp-json\/wp\/v2\/posts"}],"about":[{"href":"https:\/\/gaudiumetspes-blog.pl\/index.php\/wp-json\/wp\/v2\/types\/post"}],"author":[{"embeddable":true,"href":"https:\/\/gaudiumetspes-blog.pl\/index.php\/wp-json\/wp\/v2\/users\/1"}],"replies":[{"embeddable":true,"href":"https:\/\/gaudiumetspes-blog.pl\/index.php\/wp-json\/wp\/v2\/comments?post=9904"}],"version-history":[{"count":1,"href":"https:\/\/gaudiumetspes-blog.pl\/index.php\/wp-json\/wp\/v2\/posts\/9904\/revisions"}],"predecessor-version":[{"id":10179,"href":"https:\/\/gaudiumetspes-blog.pl\/index.php\/wp-json\/wp\/v2\/posts\/9904\/revisions\/10179"}],"wp:attachment":[{"href":"https:\/\/gaudiumetspes-blog.pl\/index.php\/wp-json\/wp\/v2\/media?parent=9904"}],"wp:term":[{"taxonomy":"category","embeddable":true,"href":"https:\/\/gaudiumetspes-blog.pl\/index.php\/wp-json\/wp\/v2\/categories?post=9904"},{"taxonomy":"post_tag","embeddable":true,"href":"https:\/\/gaudiumetspes-blog.pl\/index.php\/wp-json\/wp\/v2\/tags?post=9904"}],"curies":[{"name":"wp","href":"https:\/\/api.w.org\/{rel}","templated":true}]}}