{"id":9905,"date":"2011-03-28T09:46:00","date_gmt":"2011-03-28T07:46:00","guid":{"rendered":"https:\/\/gaudiumetspes-blog.pl\/index.php\/2011\/03\/28\/o-rachunku-sumienia\/"},"modified":"2019-07-31T12:52:12","modified_gmt":"2019-07-31T10:52:12","slug":"o-rachunku-sumienia","status":"publish","type":"post","link":"https:\/\/gaudiumetspes-blog.pl\/index.php\/2011\/03\/28\/o-rachunku-sumienia\/","title":{"rendered":"O rachunku sumienia&#8230;"},"content":{"rendered":"<p>Kochani, bardzo serdecznie witam! Z pewnym op\u00f3\u017anieniem czasowym, wynikaj\u0105cym z ostrego tempa mojej pracy w ostatnich dniach, zamieszczam rozwa\u017canie z drugich Rekolekcji, kt\u00f3re dzi\u015b rozpoczynam. Pocz\u0105tkowo zamierza\u0142em umie\u015bci\u0107 na blogu tylko tre\u015b\u0107 pierwszych Rekolekcji, a drugich &#8211; ju\u017c nie, a zwyczajne rozwa\u017cania. Natomiast, w ostatnich dniach zaistnia\u0142y jakie\u015b trudno\u015bci techniczne, przez co rozwa\u017cania rekolekcyjne mog\u0142y by\u0107 w sobot\u0119 i niedziel\u0119 trudne do odczytania. St\u0105d pomys\u0142, \u017ceby te drugie Rekolekcje te\u017c tu umie\u015bci\u0107, tym bardziej, \u017ce w ich trakcie chcia\u0142bym om\u00f3wi\u0107 pi\u0119\u0107 warunk\u00f3w Sakramentu Pokuty, a wydaje mi si\u0119, \u017ce to mo\u017ce by\u0107 istotne dla wielu z Was. Zechciejcie zatem przyj\u0105\u0107 refleksje podejmowane w ramach Rekolekcji prowadzonych w Warszawie &#8211; Mi\u0119dzylesiu, ze szczeg\u00f3lnym akcentem na warunki pojednania z Bogiem. Przy okazji &#8211; serdecznie dzi\u0119kuj\u0119 Moderatorowi mojej strony, Krzysiowi Fabisiakowi, za to, \u017ce ci\u0105gle cierpliwie zmaga si\u0119 z r\u00f3\u017cnymi trudno\u015bciami i &#8222;niespodziankami&#8221; technicznymi, kt\u00f3rych coraz wi\u0119cej si\u0119 jako\u015b przydarza. Miejmy nadziej\u0119, \u017ce teraz b\u0119dzie lepiej. Dzi\u0119kuj\u0119 za wszystkie wpisy, na kt\u00f3re w najbli\u017cszym czasie b\u0119d\u0119 odpowiada\u0142. Prosz\u0119 o nast\u0119pne!<br \/>\n\u017bycz\u0119 owocnego Wielkiego Postu i prosz\u0119, aby\u015bcie starali si\u0119 osobi\u015bcie uczestniczy\u0107 w Rekolekcjach, nie poprzestaj\u0105c tylko na tych internetowych, gdy\u017c one &#8211; jak ju\u017c wspomina\u0142em &#8211; mog\u0105 spe\u0142nia\u0107 tylko rol\u0119 pomocnicz\u0105.<br \/>\n&nbsp;&nbsp;&nbsp;&nbsp;&nbsp;&nbsp;&nbsp;&nbsp;&nbsp;&nbsp; Gaudium et spes!&nbsp; Ks. Jacek<\/p>\n<div class=\"MsoNormal\" style=\"color: #0f0f0f; font-family: 'Times New Roman'; font-size: 14px; margin-bottom: 0px; margin-left: 0px; margin-right: 0px; margin-top: 0.4em; text-align: justify;\"><b>REKOLEKCJE WIELKOPOSTNE \u2013 dzie\u0144 1<\/b><\/div>\n<div class=\"MsoNormal\" style=\"color: #0f0f0f; font-family: 'Times New Roman'; font-size: 14px; margin-bottom: 0px; margin-left: 0px; margin-right: 0px; margin-top: 0.4em; text-align: justify;\"><b>w poniedzia\u0142ek 3 tygodnia Wielkiego Postu,<\/b><\/div>\n<div class=\"MsoNormal\" style=\"color: #0f0f0f; font-family: 'Times New Roman'; font-size: 14px; margin-bottom: 0px; margin-left: 0px; margin-right: 0px; margin-top: 0.4em; text-align: justify;\"><b>Par. Imienia Naj\u015bw. Maryi Panny w Warszawie \u2013 Mi\u0119dzylesiu<\/b><\/div>\n<div class=\"MsoNormal\" style=\"color: #0f0f0f; font-family: 'Times New Roman'; font-size: 14px; margin-bottom: 0px; margin-left: 0px; margin-right: 0px; margin-top: 0.4em; text-align: justify;\"><b>do czyta\u0144:&nbsp;&nbsp;2 Krl 5,1\u201315a;&nbsp;&nbsp;\u0141k 4,24\u201330<\/b><\/div>\n<div class=\"MsoNormal\" style=\"color: #0f0f0f; font-family: 'Times New Roman'; font-size: 14px; margin-bottom: 0px; margin-left: 0px; margin-right: 0px; margin-top: 0.4em; text-align: justify; text-indent: 35.4pt;\">B\u00f3g w Tr\u00f3jcy Jedyny niech b\u0119dzie uwielbiony i pochwalony za swoje niezmierzone mi\u0142osierdzie, kt\u00f3ry okazuje wszystkim, zwracaj\u0105cym si\u0119 szczerze do Niego. Niech b\u0119dzie uwielbiony&nbsp;<b>za ten \u015bwi\u0119ty czas, w kt\u00f3rym pozwala nam g\u0142\u0119biej wej\u015b\u0107 w tajemnic\u0119 swego mi\u0142osierdzia&nbsp;<\/b>i w kt\u00f3rym wspiera nasze ludzkie si\u0142y, kiedy my podejmujemy&nbsp;<b>zmaganie si\u0119 ze swoimi s\u0142abo\u015bciami i powracamy na drogi Bo\u017ce.&nbsp;<\/b>Tym czasem wyj\u0105tkowym i \u015bwi\u0119tym jest oczywi\u015bcie Wielki Post, a w jego trakcie znaczenie szczeg\u00f3lne zyskuje&nbsp;<b>czas Rekolekcji wielkopostnych.<\/b>&nbsp;I w\u0142a\u015bnie taki wyj\u0105tkowy czas \u2013 czas g\u0142\u0119bokiej refleksji i intensywnej wsp\u00f3lnej pracy \u2013 dzisiaj rozpoczynamy.<\/div>\n<div class=\"MsoNormal\" style=\"color: #0f0f0f; font-family: 'Times New Roman'; font-size: 14px; margin-bottom: 0px; margin-left: 0px; margin-right: 0px; margin-top: 0.4em; text-align: justify; text-indent: 35.4pt;\">Ja z wielk\u0105 rado\u015bci\u0105, u progu tego czasu, pragn\u0119&nbsp;<b>powita\u0107 ca\u0142\u0105 rodzin\u0119 Parafialn\u0105 pod wezwaniem Imienia Naj\u015bwi\u0119tszej Maryi Panny w Warszawie \u2013 Mi\u0119dzylesiu, na czele z jej Proboszczem, Ksi\u0119dzem Pra\u0142atem Jerzym Banakiem,<\/b>&nbsp;kt\u00f3remu ju\u017c dzi\u015b dzi\u0119kuj\u0119 za zaproszenie do przeprowadzenia tych\u017ce Rekolekcji i do prze\u017cycia tych czterech wyj\u0105tkowych dni w Waszej Wsp\u00f3lnocie. Gor\u0105co witam tak\u017ce<b>Ksi\u0119dza Mariusza,<\/b>&nbsp;kt\u00f3ry pochodzi z tej samej, co ja, diecezji siedleckiej \u2013 dlatego te\u017c mam przyjemno\u015b\u0107 zna\u0107 go od kilkunastu lat i bardzo si\u0119 ciesz\u0119, \u017ce przez te cztery dni b\u0119d\u0119 m\u00f3g\u0142 tak\u017ce z Nim wsp\u00f3\u0142pracowa\u0107.<\/div>\n<div class=\"MsoNormal\" style=\"color: #0f0f0f; font-family: 'Times New Roman'; font-size: 14px; margin-bottom: 0px; margin-left: 0px; margin-right: 0px; margin-top: 0.4em; text-align: justify; text-indent: 35.4pt;\">Z ca\u0142ego serca witam&nbsp;<b>wszystkich Ksi\u0119\u017cy wspieraj\u0105cych miejscowych Duszpasterzy w pracy,<\/b>&nbsp;witam wielce Czcigodne Siostry, witam i pozdrawiam&nbsp;<b>Grupy i Wsp\u00f3lnoty, dzia\u0142aj\u0105ce w tej Parafii,<\/b>&nbsp;wszystkie osoby szczeg\u00f3lnie zaanga\u017cowane dla jej dobra, a wreszcie \u2013 najserdeczniej, jak potrafi\u0119,&nbsp;<b>witam Was wszystkich, Kochani, kt\u00f3rzy stanowicie t\u0119 Parafialn\u0105 Rodzin\u0119.<\/b>&nbsp;Witam i zapraszam do wsp\u00f3lnej rekolekcyjnej pracy!<\/div>\n<div class=\"MsoNormal\" style=\"color: #0f0f0f; font-family: 'Times New Roman'; font-size: 14px; margin-bottom: 0px; margin-left: 0px; margin-right: 0px; margin-top: 0.4em; text-align: justify; text-indent: 35.4pt;\">Tak, w\u0142a\u015bnie na tej&nbsp;<b>wsp\u00f3lnej pracy bardzo by mi zale\u017ca\u0142o,<\/b>&nbsp;bowiem chcia\u0142bym ju\u017c na samym pocz\u0105tku podkre\u015bli\u0107, \u017ce Rekolekcje to&nbsp;<b>nie jest tylko taki czas, kiedy do Parafii przyje\u017cd\u017ca jaki\u015b obcy<\/b>&nbsp;<b>ksi\u0105dz, wyg\u0142osi kilka kaza\u0144<\/b>&nbsp;\u2013 ciekawych lub mniej ciekawych \u2013 my ich pos\u0142uchamy, po czym wr\u00f3cimy do domu&nbsp;<b>i wszystko znowu b\u0119dzie jak by\u0142o.<\/b>&nbsp;No, mo\u017ce jeszcze przyst\u0105pimy do Spowiedzi \u015awi\u0119tej, przyjmiemy Komuni\u0119 \u015awi\u0119t\u0105 \u2013 i ju\u017c! Ot\u00f3\u017c, nie chcia\u0142bym, \u017ceby wszystko tylko do tego si\u0119 sprowadzi\u0142o.<\/div>\n<div class=\"MsoNormal\" style=\"color: #0f0f0f; font-family: 'Times New Roman'; font-size: 14px; margin-bottom: 0px; margin-left: 0px; margin-right: 0px; margin-top: 0.4em; text-align: justify; text-indent: 35.4pt;\">Chcia\u0142bym, aby nasze spotkania, kt\u00f3re rzeczywi\u015bcie b\u0119d\u0105 si\u0119 w ko\u015bciele odbywa\u0142y, by\u0142y&nbsp;<b>tylko takim przyczynkiem i mobilizacj\u0105 do osobistej pracy,<\/b>&nbsp;jak\u0105 wszyscy w tych dniach podejmiemy nie tylko w ko\u015bciele, ale tak\u017ce \u2013 a mo\u017ce przede wszystkim \u2013 w domu, traktuj\u0105c&nbsp;<b>spotkania w ko\u015bciele tylko jako pewne ukierunkowanie, duchowe wsparcie, swoist\u0105 zach\u0119t\u0119<\/b>\u2026 I w\u0142a\u015bnie dlatego chcia\u0142bym zaproponowa\u0107, aby naszym codziennym spotkaniom towarzyszy\u0142a&nbsp;<b>szczera i serdeczna modlitwa \u2013 wszystkich za wszystkich.<\/b><\/div>\n<div class=\"MsoNormal\" style=\"color: #0f0f0f; font-family: 'Times New Roman'; font-size: 14px; margin-bottom: 0px; margin-left: 0px; margin-right: 0px; margin-top: 0.4em; text-align: justify; text-indent: 35.4pt;\">Zechciejmy prosi\u0107 Boga w\u0142a\u015bnie&nbsp;<b>za siebie nawzajem: o dobre duchowe owoce tego czasu.<\/b>&nbsp;O dobre i mocne postanowienia na przysz\u0142o\u015b\u0107. O prawdziw\u0105 popraw\u0119 z tego, co nam nie wychodzi. Kochani, w\u0142a\u015bnie o to wszystko dla siebie nawzajem zechciejmy si\u0119 modli\u0107.<\/div>\n<div class=\"MsoNormal\" style=\"color: #0f0f0f; font-family: 'Times New Roman'; font-size: 14px; margin-bottom: 0px; margin-left: 0px; margin-right: 0px; margin-top: 0.4em; text-align: justify; text-indent: 35.4pt;\">Ale te\u017c pami\u0119tajmy przed Bogiem o tych osobach, kt\u00f3re<b>bardzo chcia\u0142yby tutaj by\u0107 z nami, lecz nie mog\u0105:<\/b>&nbsp;a to z powodu choroby, a to z powodu staro\u015bci, mo\u017ce niedo\u0142\u0119stwa, a wreszcie tak\u017ce \u2013 z powodu pracy, kt\u00f3ra&nbsp;<b>naprawd\u0119<\/b>uniemo\u017cliwia im prze\u017cycie ca\u0142ych Rekolekcji. Naturalnie, w tym ostatnim przypadku mamy na my\u015bli tych, kt\u00f3rzy<b>autentycznie<\/b>&nbsp;nie mog\u0105 sobie pozwoli\u0107 na prze\u017cycie ca\u0142ych Rekolekcji,<b>&nbsp;chocia\u017c bardzo by chcieli.<\/b><\/div>\n<div class=\"MsoNormal\" style=\"color: #0f0f0f; font-family: 'Times New Roman'; font-size: 14px; margin-bottom: 0px; margin-left: 0px; margin-right: 0px; margin-top: 0.4em; text-align: justify; text-indent: 35.4pt;\">Za te wszystkie osoby zechciejmy, Kochani, pomodli\u0107 si\u0119, aby w miejscu swego przebywania \u0142\u0105czy\u0142y si\u0119 z nami i razem z nami&nbsp;<b>podejmowa\u0142y dzie\u0142o pracy nad sob\u0105.<\/b>&nbsp;Dlatego przeka\u017ccie im nasze pozdrowienie i s\u0142owa duchowej \u0142\u0105czno\u015bci, a jednocze\u015bnie&nbsp;<b>popro\u015bcie \u2013 szczeg\u00f3lnie chorych i cierpi\u0105cych \u2013 aby chocia\u017c cz\u0105stk\u0119 swego cierpienia i tego krzy\u017ca, kt\u00f3ry d\u017awigaj\u0105, zechcieli ofiarowa\u0107 w intencji tych Rekolekcji.<\/b>&nbsp;A my b\u0119dziemy im si\u0119 odwdzi\u0119czali nasz\u0105 modlitw\u0105. Jednocze\u015bnie tak\u017ce powiedzcie im, moi Drodzy, \u017ce&nbsp;<b>s\u0105 oni dla nas kim\u015b bardzo wa\u017cnym<\/b>&nbsp;i z ca\u0142\u0105 pewno\u015bci\u0105 powinni czu\u0107 si\u0119&nbsp;<b>w pe\u0142ni uczestnikami naszych Rekolekcji.<\/b><\/div>\n<div class=\"MsoNormal\" style=\"color: #0f0f0f; font-family: 'Times New Roman'; font-size: 14px; margin-bottom: 0px; margin-left: 0px; margin-right: 0px; margin-top: 0.4em; text-align: justify; text-indent: 35.4pt;\">My za\u015b swoimi modlitwami b\u0119dziemy ogarniali tak\u017ce tych, kt\u00f3rzy&nbsp;<b>jakkolwiek mogliby w Rekolekcjach uczestniczy\u0107, to jednak nie chc\u0105,&nbsp;<\/b>bo uwa\u017caj\u0105, \u017ce nie jest to konieczne albo potrzebne, albo te\u017c uwa\u017caj\u0105, \u017ce na te sprawy to oni&nbsp;<b>jeszcze \u201emaj\u0105 czas\u201d!<\/b>&nbsp;Pom\u00f3dlmy si\u0119 dla nich, Kochani, o \u0142ask\u0119 zrozumienia, \u017ce&nbsp;<b>czas jest kr\u00f3tki,<\/b>&nbsp;a Pan ju\u017c teraz wzywa ich i zaprasza.<\/div>\n<div class=\"MsoNormal\" style=\"color: #0f0f0f; font-family: 'Times New Roman'; font-size: 14px; margin-bottom: 0px; margin-left: 0px; margin-right: 0px; margin-top: 0.4em; text-align: justify; text-indent: 35.4pt;\">W tym wszystkich intencjach b\u0119dziemy si\u0119 przez te cztery dni razem modli\u0107 \u2013 zar\u00f3wno tu, w ko\u015bciele, jak i w swoich domach. Ka\u017cdy b\u0119dzie czyni\u0142 to tak, jak potrafi i lubi si\u0119 modli\u0107, bo przecie\u017c ka\u017cdy z nas ma&nbsp;<b>jak\u0105\u015b wyrobion\u0105 form\u0119 rozmowy z Bogiem.<\/b>&nbsp;I tak w\u0142a\u015bnie zechciejmy si\u0119 do Boga zwraca\u0107 \u2013 jak kto lubi i potrafi.<\/div>\n<div class=\"MsoNormal\" style=\"color: #0f0f0f; font-family: 'Times New Roman'; font-size: 14px; margin-bottom: 0px; margin-left: 0px; margin-right: 0px; margin-top: 0.4em; text-align: justify; text-indent: 35.4pt;\">Natomiast ja chcia\u0142bym tutaj zaproponowa\u0107 pewn\u0105 form\u0119 duchowej \u0142\u0105czno\u015bci w modlitwie nas wszystkich, a polega\u0142oby to na tym, \u017ce&nbsp;<b>wszyscy codziennie, w swoich domach<\/b>&nbsp;\u2013 oboj\u0119tnie, o jakiej porze, ale w ci\u0105gu tego danego dnia \u2013 b\u0119dziemy odmawiali&nbsp;<b>jedn\u0105, tak\u0105 sam\u0105, tutaj ustalon\u0105 modlitw\u0119.<\/b>&nbsp;Wyobra\u017cam to sobie w ten spos\u00f3b, \u017ce ta modlitwa \u2013 jedna i taka sama, odmawiana w ci\u0105gu tego konkretnego dnia \u2013 b\u0119dzie&nbsp;<b>w\u0142a\u015bnie znakiem duchowej jedno\u015bci pomi\u0119dzy nami.<\/b>A jednocze\u015bnie zale\u017cy mi na tym, \u017ceby to by\u0142a modlitwa odmawiana&nbsp;<b>w domu, nie tu, w ko\u015bciele.<\/b>&nbsp;Dlaczego?<\/div>\n<div class=\"MsoNormal\" style=\"color: #0f0f0f; font-family: 'Times New Roman'; font-size: 14px; margin-bottom: 0px; margin-left: 0px; margin-right: 0px; margin-top: 0.4em; text-align: justify; text-indent: 35.4pt;\">Dlatego, \u017ce w ten spos\u00f3b zaniesiemy do naszych dom\u00f3w<b>chocia\u017c odrobin\u0119 tej dobrej, rekolekcyjnej atmosfery, jak\u0105 tu w ko\u015bciele wsp\u00f3lnie b\u0119dziemy tworzyli.<\/b>&nbsp;Nasze Rekolekcje w ten spos\u00f3b b\u0119d\u0105 odbywa\u0142y si\u0119 tak\u017ce w domach, a nie tylko w ko\u015bciele. St\u0105d te\u017c, by\u0142oby bardzo dobrze, gdyby uda\u0142o si\u0119&nbsp;<b>t\u0119 jedn\u0105 modlitw\u0119 odm\u00f3wi\u0107 wsp\u00f3lnie, w gronie rodziny,<\/b>&nbsp;czy razem z s\u0105siadk\u0105, razem kim\u015b bliskim. Taka wsp\u00f3lna modlitwa w domu by\u0142aby naprawd\u0119 wspania\u0142ym znakiem naszego rekolekcyjnego skupienia.<\/div>\n<div class=\"MsoNormal\" style=\"color: #0f0f0f; font-family: 'Times New Roman'; font-size: 14px; margin-bottom: 0px; margin-left: 0px; margin-right: 0px; margin-top: 0.4em; text-align: justify; text-indent: 35.4pt;\">I tak oto proponuj\u0119, aby\u015bmy ka\u017cdego dnia \u2013 w ten w\u0142a\u015bnie spos\u00f3b \u2013 odmawiali&nbsp;<b>kolejne tajemnice cz\u0119\u015bci \u015bwiat\u0142a R\u00f3\u017ca\u0144ca \u015awi\u0119tego,<\/b>&nbsp;tej nowej cz\u0119\u015bci, wprowadzonej przez Jana Paw\u0142a II, a tak\u017ce \u2013 aby\u015bmy do tego&nbsp;<b>dodali jedn\u0105 z litanii.<\/b>Dzisiaj zatem prosz\u0119 o odm\u00f3wienie&nbsp;<b>tajemnicy pierwszej: Chrzest Jezusa w Jordanie, oraz litanii do Imienia Jezus.<\/b>To b\u0119dzie form\u0105 nawi\u0105zania duchowej jedno\u015bci nas wszystkich w pierwszym dniu Rekolekcji. Oczywi\u015bcie,&nbsp;<b>nie zaniedbujemy innych form modlitwy w\u0142asnej,<\/b>&nbsp;ale t\u0119 jedn\u0105 ustalamy jako tak\u0105&nbsp;<b>form\u0119 wsp\u00f3ln\u0105 na dzisiaj.<\/b>&nbsp;Ja tak\u017ce obiecuj\u0119 si\u0119 w to w\u0142\u0105czy\u0107. Modlimy si\u0119 we wszystkich intencjach wcze\u015bniej wskazanych \u2013 oraz we wszystkich&nbsp;<b>swoich, osobistych intencjach.<\/b><\/div>\n<div class=\"MsoNormal\" style=\"color: #0f0f0f; font-family: 'Times New Roman'; font-size: 14px; margin-bottom: 0px; margin-left: 0px; margin-right: 0px; margin-top: 0.4em; text-align: justify; text-indent: 35.4pt;\">\u017beby za\u015b nasze refleksje, kt\u00f3re b\u0119dziemy w tych dniach podejmowali, by\u0142y jako\u015b&nbsp;<b>skoncentrowane wok\u00f3\u0142 jednej my\u015bli przewodniej,<\/b>&nbsp;zechcemy okre\u015bli\u0107 t\u0119 my\u015bl, takie&nbsp;<b>g\u0142\u00f3wne has\u0142o naszych Rekolekcji.<\/b>&nbsp;Chcia\u0142bym zaproponowa\u0107, aby tak\u0105 my\u015bl\u0105 przewodni\u0105 by\u0142o nasze&nbsp;<b>wsp\u00f3lne pod\u0105\u017canie do Boga drog\u0105, kt\u00f3r\u0105 On sam wska\u017ce, kt\u00f3rej On sam nas nauczy.<\/b>&nbsp;I dlatego has\u0142em, my\u015bl\u0105 zasadnicz\u0105 naszych Rekolekcji zechciejmy uczyni\u0107 s\u0142owa wyj\u0119te z jutrzejszego Psalmu responsoryjnego:<b>&nbsp;DAJ MI POZNA\u0106 TWOJE DROGI, PANIE, NAUCZ MNIE CHODZI\u0106 TWOIMI \u015aCIE\u017bKAMI.<\/b><\/div>\n<div class=\"MsoNormal\" style=\"color: #0f0f0f; font-family: 'Times New Roman'; font-size: 14px; margin-bottom: 0px; margin-left: 0px; margin-right: 0px; margin-top: 0.4em; text-align: justify; text-indent: 35.4pt;\">W\u0142a\u015bnie te s\u0142owa b\u0119d\u0105 nam przy\u015bwieca\u0107, a&nbsp;<b>kolejnymi etapami tej\u017ce drogi zechciejmy, Kochani, uczyni\u0107 te pi\u0119\u0107 krok\u00f3w,<\/b>&nbsp;kt\u00f3re Ko\u015bci\u00f3\u0142 okre\u015bli\u0142 jako konieczne do uczynienia na drodze do pe\u0142nej jedno\u015bci z Bogiem, a nazwa\u0142 je&nbsp;<b>pi\u0119cioma warunkami Sakramentu Pokuty.<\/b>&nbsp;S\u0105 to \u2013 jak wiemy:<b>rachunek sumienia, \u017cal za grzechy, mocne postanowienie poprawy, szczera Spowied\u017a oraz zado\u015b\u0107uczynienie Panu Bogu i bli\u017aniemu.<\/b><\/div>\n<div class=\"MsoNormal\" style=\"color: #0f0f0f; font-family: 'Times New Roman'; font-size: 14px; margin-bottom: 0px; margin-left: 0px; margin-right: 0px; margin-top: 0.4em; text-align: justify; text-indent: 35.4pt;\">I tak oto dzisiaj zajmiemy si\u0119 rachunkiem sumienia, jutro po\u0142\u0105czymy \u017cal za grzechy z mocnym postanowieniem poprawy,<b>w \u015brod\u0119 powiemy sobie o Spowiedzi,<\/b>&nbsp;aby w czwartek zatrzyma\u0107 si\u0119 kr\u00f3tko nad zado\u015b\u0107uczynieniem Panu Bogu i bli\u017aniemu. W czwartek te\u017c, na zako\u0144czenie ostatniego rozwa\u017cania, w chwili ciszy b\u0119dziemy mogli podj\u0105\u0107&nbsp;<b>konkretne postanowienia z tych Rekolekcji.&nbsp;<\/b>Zechciejmy ju\u017c dzisiaj zacz\u0105\u0107 si\u0119 zastanawia\u0107 nad jakim\u015b osobistym postanowieniem \u2013<b>konkretnym<\/b>&nbsp;i adekwatnym do naszej postawy, b\u0119d\u0105cym wyrazem naszej dalszej pracy nad sob\u0105. Ale to w czwartek.<\/div>\n<div class=\"MsoNormal\" style=\"color: #0f0f0f; font-family: 'Times New Roman'; font-size: 14px; margin-bottom: 0px; margin-left: 0px; margin-right: 0px; margin-top: 0.4em; text-align: justify; text-indent: 35.4pt;\">Dzisiaj natomiast kr\u00f3tko zastanowimy si\u0119 nad<b>pierwszym warunkiem Sakramentu Pokuty, jakim jest rachunek sumienia.<\/b>&nbsp;Chcia\u0142bym tu wyja\u015bni\u0107, moi Drodzy, \u017ce to, i\u017c tak do\u015b\u0107 obszernie omawiam pewne sprawy \u2013 nazwijmy je \u2013 organizacyjne, porz\u0105dkowe: co mamy robi\u0107, jak i za kogo mamy si\u0119 modli\u0107, to nie dlatego, \u017ce si\u0119 rozgada\u0142em, czy zapomnia\u0142em\u2026 Jest to celowe i zamierzone, bo raz jeszcze&nbsp;<b>z moc\u0105 podkre\u015blam, i\u017c Rekolekcje to czas naszej osobistej pracy \u2013 i na ni\u0105 b\u0119dziemy przez te cztery dni k\u0142adli nacisk&nbsp;<\/b>\u2013 a nie na przemowy Ksi\u0119dza\u2026 Rozwa\u017cania prowadzone tu, z tego miejsca, maj\u0105 zadanie&nbsp;<b>tylko i wy\u0142\u0105cznie pom\u00f3c<\/b>&nbsp;nam w naszej refleksji i w naszej osobistej pracy,&nbsp;<b>a ta praca stanowi sedno i ca\u0142\u0105 istot\u0119 Rekolekcji.<\/b>&nbsp;Gdyby ten \u015bwi\u0119ty czas mia\u0142 si\u0119 ograniczy\u0107 jedynie do przemawiania Rekolekcjonisty, to mo\u017cemy go uzna\u0107 za zupe\u0142nie zmarnowany.<\/div>\n<div class=\"MsoNormal\" style=\"color: #0f0f0f; font-family: 'Times New Roman'; font-size: 14px; margin-bottom: 0px; margin-left: 0px; margin-right: 0px; margin-top: 0.4em; text-align: justify; text-indent: 35.4pt;\">Tak zatem, w duchu has\u0142a:&nbsp;<b>DAJ MI POZNA\u0106 TWOJE DROGI, PANIE, NAUCZ MNIE CHODZI\u0106 TWOIMI \u015aCIE\u017bKAMI,<\/b>&nbsp;podejmujemy refleksj\u0119 nad rachunkiem sumienia. Jest on&nbsp;<b>wyrazem i sposobem naszego stani\u0119cia w prawdzie przed Bogiem i drog\u0105 do u\u015bwiadomienia sobie ca\u0142ej prawdy osobie.<\/b>&nbsp;Oto dzisiaj w pierwszym czytaniu s\u0142yszymy histori\u0119 uzdrowienia z tr\u0105du wodza syryjskiego, Naamana, w wodach Jordanu. S\u0142yszeli\u015bmy, \u017ce wykonanie tej prostej czynno\u015bci, jak\u0105 by\u0142o zanurzenie si\u0119 siedem razy,<b>stanowi\u0142o dla tego dumnego wodza nie lada problem.<\/b>Dlaczego? Czy dlatego, \u017ce ta woda by\u0142a za gor\u0105ca lub za zimna, albo mo\u017ce nios\u0142a dla niego jakie\u015b zagro\u017cenie infekcj\u0105?<\/div>\n<div class=\"MsoNormal\" style=\"color: #0f0f0f; font-family: 'Times New Roman'; font-size: 14px; margin-bottom: 0px; margin-left: 0px; margin-right: 0px; margin-top: 0.4em; text-align: justify; text-indent: 35.4pt;\">Nie! Chodzi\u0142o natomiast&nbsp;<b>o akt uni\u017cenia, o u\u015bwiadomienie sobie swojej s\u0142abo\u015bci, choroby,<\/b>&nbsp;a wi\u0119c o uznanie prawdy o sobie i o swojej n\u0119dzy\u2026 A kiedy to si\u0119 dokona\u0142o&nbsp;<b>i dumny w\u00f3dz pochyli\u0142 czo\u0142a przed Prorokiem Bo\u017cym,<\/b>&nbsp;dozna\u0142 oczyszczenia. I oto okazuje si\u0119, \u017ce t\u0119 jego postaw\u0119 Jezus pochwala dzisiaj w Ewangelii,&nbsp;<b>daj\u0105c j\u0105 za przyk\u0142ad swoim rodakom,<\/b>&nbsp;kt\u00f3rych nie by\u0142o sta\u0107 na to, aby w Nim \u2013 w Jezusie \u2013 uzna\u0107 Proroka, Syna Bo\u017cego, Bo\u017cego wys\u0142annika\u2026<\/div>\n<div class=\"MsoNormal\" style=\"color: #0f0f0f; font-family: 'Times New Roman'; font-size: 14px; margin-bottom: 0px; margin-left: 0px; margin-right: 0px; margin-top: 0.4em; text-align: justify; text-indent: 35.4pt;\">&nbsp;Jak\u017ce zatem koniecznym jest, Kochani, aby\u015bmy&nbsp;<b>d\u0105\u017cyli do poznania prawdy o sobie!<\/b>&nbsp;Szatan r\u00f3\u017cnymi sposobami pr\u00f3buje j\u0105 zakamuflowa\u0107, zakry\u0107 j\u0105 przed naszymi w\u0142asnymi oczami. My jednak nie mo\u017cemy muna to pozwoli\u0107. Dlatego trzeba, \u017ceby\u015bmy starali si\u0119&nbsp;<b>cz\u0119sto \u2013 nawet codziennie \u2013 czyni\u0107 chocia\u017c kr\u00f3tki rachunek sumienia. Nawet codziennie!<\/b>&nbsp;To nie \u017cadna przesada. To autentyczna droga do u\u015bwiadomienia sobie pe\u0142nej prawdy o swoim \u017cyciu i post\u0119powaniu.<\/div>\n<div class=\"MsoNormal\" style=\"color: #0f0f0f; font-family: 'Times New Roman'; font-size: 14px; margin-bottom: 0px; margin-left: 0px; margin-right: 0px; margin-top: 0.4em; text-align: justify; text-indent: 35.4pt;\">A ju\u017c&nbsp;<b>koniecznie \u2013 przed ka\u017cd\u0105 Spowiedzi\u0105! To jest wr\u0119cz obowi\u0105zkowe!<\/b>&nbsp;Kochani, nigdy nie podchod\u017amy do Spowiedzi na zasadzie: \u201eA co\u015b si\u0119 tam powie\u2026\u201d. Bo potem faktycznie tak jest:&nbsp;<b>\u201eco\u015b tam\u201d si\u0119 m\u00f3wi<\/b>\u2026 Nie o to jednak chodzi, \u017ceby \u201eco\u015b tam\u201d powiedzie\u0107, albo \u017ceby po p\u00f3\u0142rocznej przerwie od ostatniej Spowiedzi doj\u015b\u0107 do przekonania, \u017ce\u2026 w\u0142a\u015bciwie to&nbsp;<b>nie ma si\u0119 z czego spowiada\u0107 \u2013&nbsp;<\/b>tylko \u017ceby oczy\u015bci\u0107 si\u0119 z grzechu i wej\u015b\u0107 na drogi Bo\u017ce. Dlatego<b>koniecznie, przed ka\u017cd\u0105 Spowiedzi\u0105, czynimy rachunek sumienia.<\/b>&nbsp;A w jaki spos\u00f3b?<\/div>\n<div class=\"MsoNormal\" style=\"color: #0f0f0f; font-family: 'Times New Roman'; font-size: 14px; margin-bottom: 0px; margin-left: 0px; margin-right: 0px; margin-top: 0.4em; text-align: justify; text-indent: 35.4pt;\">Dobrze jest zawsze pos\u0142u\u017cy\u0107 si\u0119&nbsp;<b>jak\u0105\u015b pomoc\u0105, jakim\u015b schematem \u2013 nie b\u00f3jmy si\u0119 tego s\u0142owa w tym momencie!&nbsp;<\/b>\u2013 jakim\u015b planem\u2026 Zwykle w ka\u017cdej ksi\u0105\u017ceczce do nabo\u017ce\u0144stwa znajdziemy propozycj\u0119 takiego rachunku sumienia, a wi\u0119c pytania, na kt\u00f3re trzeba odpowiedzie\u0107. Najcz\u0119\u015bciej s\u0105 one<b>u\u0142o\u017cone wed\u0142ug Dekalogu, dziesi\u0119ciu Bo\u017cych przykaza\u0144,<\/b>&nbsp;a w ten spos\u00f3b naprawd\u0119 dotykaj\u0105&nbsp;<b>wszystkich dziedzin naszego \u017cycia.<\/b><\/div>\n<div class=\"MsoNormal\" style=\"color: #0f0f0f; font-family: 'Times New Roman'; font-size: 14px; margin-bottom: 0px; margin-left: 0px; margin-right: 0px; margin-top: 0.4em; text-align: justify; text-indent: 35.4pt;\">Czasami s\u0105 one u\u0142o\u017cone wed\u0142ug takiego oto planu:&nbsp;<b>moje odniesienie do Boga, moje odniesienie do ca\u0142ego otaczaj\u0105cego \u015bwiata, moje odniesienie do drugiego cz\u0142owieka \u2013 i ostatecznie: moje odniesienie do samego siebie.<\/b>&nbsp;Albo te\u017c \u2013 u\u0142o\u017cone s\u0105 wed\u0142ug tego schematu mszalnego, wyra\u017conego s\u0142owami:&nbsp;<b>\u201ezgrzeszy\u0142em my\u015bl\u0105, mow\u0105, uczynkiem i zaniedbaniem\u201d<\/b>&nbsp;\u2013 i tutaj nast\u0119puje analiza my\u015bli, s\u0142\u00f3w, konkretnych czyn\u00f3w, ale w\u0142a\u015bnie:&nbsp;<b>tak\u017ce zaniedbania,<\/b>&nbsp;z kt\u00f3rego jako\u015b tak najrzadziej si\u0119 spowiadamy.<\/div>\n<div class=\"MsoNormal\" style=\"color: #0f0f0f; font-family: 'Times New Roman'; font-size: 14px; margin-bottom: 0px; margin-left: 0px; margin-right: 0px; margin-top: 0.4em; text-align: justify; text-indent: 35.4pt;\">Moi Drodzy, taki rachunek sumienia, przeprowadzony wed\u0142ug tych\u017ce pyta\u0144, pozwoli nam u\u015bwiadomi\u0107 sobie&nbsp;<b>pewne rzeczy, z kt\u00f3rych w og\u00f3le nie zdawali\u015bmy sobie sprawy,<\/b>kiedy \u2013 jak my to okre\u015blamy \u2013 tak \u201eog\u00f3lnie\u201d zastanawiamy si\u0119 nad sob\u0105. Postawienie konkretnych pyta\u0144 pomo\u017ce nam u\u015bwiadomi\u0107 sobie \u2013&nbsp;<b>nieraz z niema\u0142ym zdziwieniem! \u2013 \u017ce oto jeszcze tego nie robi\u0119 w\u0142a\u015bciwie, i tego, i tamtego<\/b>\u2026 St\u0105d te\u017c bardzo wa\u017cnym jest, aby taki solidny rachunek sumienia przeprowadzi\u0107, aby mie\u0107 na to spokojny czas, a zatem&nbsp;<b>nigdy nie wolno czyni\u0107 tego w po\u015bpiechu, w biegu, w ci\u0105gu pi\u0119ciu minut przed Spowiedzi\u0105<\/b>\u2026<\/div>\n<div class=\"MsoNormal\" style=\"color: #0f0f0f; font-family: 'Times New Roman'; font-size: 14px; margin-bottom: 0px; margin-left: 0px; margin-right: 0px; margin-top: 0.4em; text-align: justify; text-indent: 35.4pt;\">I zawsze nale\u017cy poprzedzi\u0107 go&nbsp;<b>modlitw\u0105 do Ducha \u015awi\u0119tego o \u015bwiat\u0142o,<\/b>&nbsp;o w\u0142a\u015bciwe rozeznanie, a przede wszystkim \u2013 co jest mo\u017ce najtrudniejsze \u2013 o odwag\u0119 u\u015bwiadomienia sobie,&nbsp;<b>\u017ce taki w\u0142a\u015bnie jestem,<\/b>&nbsp;\u017ce tyle to a tyle rzeczy&nbsp;<b>jeszcze mi nie wychodzi! Ale te\u017c<\/b>&nbsp;\u2013&nbsp;<b>tyle rzeczy mi wychodzi!<\/b>&nbsp;Rachunek sumienia to nie jest tylko u\u015bwiadamianie sobie z\u0142a! On musi si\u0119&nbsp;<b>rozpocz\u0105\u0107 od uznania dobra w sobie,<\/b>u\u015bwiadomienia sobie tego\u017c dobra i podzi\u0119kowania za nie Bogu!<\/div>\n<div class=\"MsoNormal\" style=\"color: #0f0f0f; font-family: 'Times New Roman'; font-size: 14px; margin-bottom: 0px; margin-left: 0px; margin-right: 0px; margin-top: 0.4em; text-align: justify; text-indent: 35.4pt;\">Moi Drodzy, to ma by\u0107 \u2013 jak sama nazwa wskazuje \u2013 rachunek,&nbsp;<b>rozrachunek mi\u0119dzy dobrem, a z\u0142em!<\/b>&nbsp;Dlatego nie mo\u017ce prowadzi\u0107 do tego, \u017ce&nbsp;<b>tylko z\u0142o w sobie b\u0119dziemy widzieli,<\/b>&nbsp;bo to nie jest prawd\u0105, ale te\u017c nie mo\u017ce nas utwierdzi\u0107<b>w jakim\u015b zachwycie nad samym sob\u0105 i w\u0142asn\u0105 doskona\u0142o\u015bci\u0105,<\/b>&nbsp;bo to te\u017c nie b\u0119dzie prawd\u0105! A w rachunku sumienia nade wszystko w\u0142a\u015bnie \u2013&nbsp;<b>chodzi o prawd\u0119! O ca\u0142\u0105 prawd\u0119 o sobie!<\/b><\/div>\n<div class=\"MsoNormal\" style=\"color: #0f0f0f; font-family: 'Times New Roman'; font-size: 14px; margin-bottom: 0px; margin-left: 0px; margin-right: 0px; margin-top: 0.4em; text-align: justify; text-indent: 35.4pt;\"><b>Nie b\u00f3jmy si\u0119 tej prawdy! Nie ukrywajmy jej przed swoimi w\u0142asnymi oczami!<\/b>&nbsp;Nie udawajmy, \u017ce jeste\u015bmy inni, ni\u017c jeste\u015bmy naprawd\u0119! To w niczym nie pomo\u017ce, a tylko utrudni nasz\u0105 dalsz\u0105 prac\u0119 nad sob\u0105.&nbsp;<b>Dlatego odkrywajmy pe\u0142n\u0105 prawd\u0119 o sobie samych!<\/b><\/div>\n<div class=\"MsoNormal\" style=\"color: #0f0f0f; font-family: 'Times New Roman'; font-size: 14px; margin-bottom: 0px; margin-left: 0px; margin-right: 0px; margin-top: 0.4em; text-align: justify; text-indent: 35.4pt;\">Niech nam w tym pomo\u017ce takie spokojne, sumaryczne<b>zapisanie wyniku naszej refleksji na kartce.&nbsp;<\/b>Bardzo bym to poleca\u0142, \u017ceby rachunek sumienia robi\u0107&nbsp;<b>z kartk\u0105 i d\u0142ugopisem w r\u0119ku.<\/b>&nbsp;I czy p\u00f3\u017aniej z tej kartki skorzystamy na Spowiedzi, czy nie \u2013 to ju\u017c jest mniej wa\u017cne. Ale je\u017celi ja mam przed oczami wypisane wyniki mojej refleksji \u2013&nbsp;<b>to ju\u017c jest jaki\u015b konkret!<\/b>&nbsp;To mo\u017ce bardziej nawet przemawia\u0107 do mojej wyobra\u017ani\u2026<\/div>\n<div class=\"MsoNormal\" style=\"color: #0f0f0f; font-family: 'Times New Roman'; font-size: 14px; margin-bottom: 0px; margin-left: 0px; margin-right: 0px; margin-top: 0.4em; text-align: justify; text-indent: 35.4pt;\">I teraz, moi Drodzy, pozw\u00f3lcie, \u017ce zadam prac\u0119 domow\u0105. Ka\u017cdego dnia takowa praca b\u0119dzie zadawana. Spr\u00f3bujmy dzisiaj \u2013 ka\u017cda i ka\u017cdy z nas indywidualnie \u2013<b>uczyni\u0107 taki osobisty rachunek sumienia.<\/b>&nbsp;Po\u015bwi\u0119\u0107my na to przynajmniej pi\u0119tna\u015bcie, dwadzie\u015bcia minut, we\u017amy kartk\u0119 i d\u0142ugopis, otw\u00f3rzmy ksi\u0105\u017ceczk\u0119 w tym miejscu, gdzie s\u0105 zamieszczone pytania do rachunku sumienia&nbsp;<b>i taki jeden wzorcowy, porz\u0105dny rachunek sumienia sobie zr\u00f3bmy!<\/b>&nbsp;Bez wzgl\u0119du na to, czy byli\u015bmy ju\u017c u Spowiedzi ostatnio, czy jeszcze nie!&nbsp;<b>Nawet tak na przysz\u0142o\u015b\u0107 b\u0119dzie to dobre i po\u017cyteczne.<\/b><\/div>\n<div class=\"MsoNormal\" style=\"color: #0f0f0f; font-family: 'Times New Roman'; font-size: 14px; margin-bottom: 0px; margin-left: 0px; margin-right: 0px; margin-top: 0.4em; text-align: justify; text-indent: 35.4pt;\">Spr\u00f3bujmy zrobi\u0107 to dzisiaj, albo jutro rano, w ka\u017cdym razie \u2013&nbsp;<b>przed jutrzejsz\u0105 Msz\u0105 \u015awi\u0119t\u0105, na kt\u00f3r\u0105 si\u0119 wybieramy,<\/b>&nbsp;bowiem jutro b\u0119dzie nowa praca domowa. I przypominam raz jeszcze \u2013 dzisiaj odmawiamy w naszych domach pierwsz\u0105 tajemnic\u0119 \u015bwiat\u0142a R\u00f3\u017ca\u0144ca \u015awi\u0119tego i Litani\u0119 do Imienia Jezus!<\/div>\n<div class=\"MsoNormal\" style=\"color: #0f0f0f; font-family: 'Times New Roman'; font-size: 14px; margin-bottom: 0px; margin-left: 0px; margin-right: 0px; margin-top: 0.4em; text-align: justify; text-indent: 35.4pt;\">A oto teraz, w chwili ciszy, zastan\u00f3wmy si\u0119:<\/div>\n<ul style=\"color: #0f0f0f; font-family: 'Times New Roman'; font-size: 14px; margin-top: 0cm;\" type=\"disc\">\n<li class=\"MsoNormal\" style=\"text-align: justify;\">Czy przed ka\u017cd\u0105 Spowiedzi\u0105 robi\u0119 porz\u0105dny rachunek sumienia, czy jednak go zaniedbuj\u0119?<\/li>\n<li class=\"MsoNormal\" style=\"text-align: justify;\">Czy na si\u0142\u0119 nie wmawiam sobie, \u017ce jestem idealny i w\u0142a\u015bciwie nie mam z czego si\u0119 spowiada\u0107?<\/li>\n<li class=\"MsoNormal\" style=\"text-align: justify;\">Czy \u2013 odwrotnie \u2013 nie wmawiam sobie wy\u0142\u0105cznie z\u0142a i grzechu, nie dostrzegaj\u0105c zupe\u0142nie dobra w sobie?<\/li>\n<\/ul>\n<div class=\"MsoNormal\" style=\"color: #0f0f0f; font-family: 'Times New Roman'; font-size: 14px; margin-bottom: 0px; margin-left: 0px; margin-right: 0px; margin-top: 0.4em; text-align: justify; text-indent: 18pt;\"><b>DAJ MI POZNA\u0106 TWOJE DROGI, PANIE, NAUCZ MNIE CHODZI\u0106 TWOIMI \u015aCIE\u017bKAMI! Prosz\u0119 Ci\u0119, Panie, pom\u00f3\u017c mi poprzez dok\u0142adny rachunek sumienia \u2013 uzna\u0107 ca\u0142\u0105 prawd\u0119 o sobie samym!<\/b><\/div>\n","protected":false},"excerpt":{"rendered":"<p>Kochani, bardzo serdecznie witam! Z pewnym op\u00f3\u017anieniem czasowym, wynikaj\u0105cym z ostrego tempa mojej pracy w ostatnich dniach, zamieszczam rozwa\u017canie z drugich Rekolekcji, kt\u00f3re dzi\u015b rozpoczynam. Pocz\u0105tkowo zamierza\u0142em umie\u015bci\u0107 na blogu tylko tre\u015b\u0107 pierwszych Rekolekcji, a drugich &#8211; ju\u017c nie, a zwyczajne rozwa\u017cania. Natomiast, w ostatnich dniach zaistnia\u0142y jakie\u015b trudno\u015bci techniczne, przez co rozwa\u017cania rekolekcyjne mog\u0142y [&hellip;]<\/p>\n","protected":false},"author":1,"featured_media":0,"comment_status":"open","ping_status":"open","sticky":false,"template":"","format":"standard","meta":{"jetpack_post_was_ever_published":false,"_jetpack_newsletter_access":"","_jetpack_dont_email_post_to_subs":false,"_jetpack_newsletter_tier_id":0,"_jetpack_memberships_contains_paywalled_content":false,"_jetpack_memberships_contains_paid_content":false,"footnotes":""},"categories":[1],"tags":[],"class_list":["post-9905","post","type-post","status-publish","format-standard","hentry","category-bez-kategorii"],"yoast_head":"<!-- This site is optimized with the Yoast SEO plugin v25.1 - https:\/\/yoast.com\/wordpress\/plugins\/seo\/ -->\n<title>O rachunku sumienia... - Gaudium Et Spes<\/title>\n<meta name=\"robots\" content=\"index, follow, max-snippet:-1, max-image-preview:large, max-video-preview:-1\" \/>\n<link rel=\"canonical\" href=\"https:\/\/gaudiumetspes-blog.pl\/index.php\/2011\/03\/28\/o-rachunku-sumienia\/\" \/>\n<meta property=\"og:locale\" content=\"pl_PL\" \/>\n<meta property=\"og:type\" content=\"article\" \/>\n<meta property=\"og:title\" content=\"O rachunku sumienia... - Gaudium Et Spes\" \/>\n<meta property=\"og:description\" content=\"Kochani, bardzo serdecznie witam! Z pewnym op\u00f3\u017anieniem czasowym, wynikaj\u0105cym z ostrego tempa mojej pracy w ostatnich dniach, zamieszczam rozwa\u017canie z drugich Rekolekcji, kt\u00f3re dzi\u015b rozpoczynam. Pocz\u0105tkowo zamierza\u0142em umie\u015bci\u0107 na blogu tylko tre\u015b\u0107 pierwszych Rekolekcji, a drugich &#8211; ju\u017c nie, a zwyczajne rozwa\u017cania. Natomiast, w ostatnich dniach zaistnia\u0142y jakie\u015b trudno\u015bci techniczne, przez co rozwa\u017cania rekolekcyjne mog\u0142y [&hellip;]\" \/>\n<meta property=\"og:url\" content=\"https:\/\/gaudiumetspes-blog.pl\/index.php\/2011\/03\/28\/o-rachunku-sumienia\/\" \/>\n<meta property=\"og:site_name\" content=\"Gaudium Et Spes\" \/>\n<meta property=\"article:published_time\" content=\"2011-03-28T07:46:00+00:00\" \/>\n<meta property=\"article:modified_time\" content=\"2019-07-31T10:52:12+00:00\" \/>\n<meta name=\"author\" content=\"Ks. Jacek\" \/>\n<meta name=\"twitter:card\" content=\"summary_large_image\" \/>\n<meta name=\"twitter:label1\" content=\"Napisane przez\" \/>\n\t<meta name=\"twitter:data1\" content=\"Ks. Jacek\" \/>\n\t<meta name=\"twitter:label2\" content=\"Szacowany czas czytania\" \/>\n\t<meta name=\"twitter:data2\" content=\"16 minut\" \/>\n<script type=\"application\/ld+json\" class=\"yoast-schema-graph\">{\"@context\":\"https:\/\/schema.org\",\"@graph\":[{\"@type\":\"WebPage\",\"@id\":\"https:\/\/gaudiumetspes-blog.pl\/index.php\/2011\/03\/28\/o-rachunku-sumienia\/\",\"url\":\"https:\/\/gaudiumetspes-blog.pl\/index.php\/2011\/03\/28\/o-rachunku-sumienia\/\",\"name\":\"O rachunku sumienia... - Gaudium Et Spes\",\"isPartOf\":{\"@id\":\"https:\/\/gaudiumetspes-blog.pl\/#website\"},\"datePublished\":\"2011-03-28T07:46:00+00:00\",\"dateModified\":\"2019-07-31T10:52:12+00:00\",\"author\":{\"@id\":\"https:\/\/gaudiumetspes-blog.pl\/#\/schema\/person\/1661982992b752dea8dff0d4ed845a65\"},\"breadcrumb\":{\"@id\":\"https:\/\/gaudiumetspes-blog.pl\/index.php\/2011\/03\/28\/o-rachunku-sumienia\/#breadcrumb\"},\"inLanguage\":\"pl-PL\",\"potentialAction\":[{\"@type\":\"ReadAction\",\"target\":[\"https:\/\/gaudiumetspes-blog.pl\/index.php\/2011\/03\/28\/o-rachunku-sumienia\/\"]}]},{\"@type\":\"BreadcrumbList\",\"@id\":\"https:\/\/gaudiumetspes-blog.pl\/index.php\/2011\/03\/28\/o-rachunku-sumienia\/#breadcrumb\",\"itemListElement\":[{\"@type\":\"ListItem\",\"position\":1,\"name\":\"Strona g\u0142\u00f3wna\",\"item\":\"https:\/\/gaudiumetspes-blog.pl\/\"},{\"@type\":\"ListItem\",\"position\":2,\"name\":\"O&nbsp;rachunku sumienia&#8230;\"}]},{\"@type\":\"WebSite\",\"@id\":\"https:\/\/gaudiumetspes-blog.pl\/#website\",\"url\":\"https:\/\/gaudiumetspes-blog.pl\/\",\"name\":\"Gaudium Et Spes\",\"description\":\"Blog Ks. Jacka Ja\u015bkowskiego\",\"potentialAction\":[{\"@type\":\"SearchAction\",\"target\":{\"@type\":\"EntryPoint\",\"urlTemplate\":\"https:\/\/gaudiumetspes-blog.pl\/?s={search_term_string}\"},\"query-input\":{\"@type\":\"PropertyValueSpecification\",\"valueRequired\":true,\"valueName\":\"search_term_string\"}}],\"inLanguage\":\"pl-PL\"},{\"@type\":\"Person\",\"@id\":\"https:\/\/gaudiumetspes-blog.pl\/#\/schema\/person\/1661982992b752dea8dff0d4ed845a65\",\"name\":\"Ks. Jacek\",\"image\":{\"@type\":\"ImageObject\",\"inLanguage\":\"pl-PL\",\"@id\":\"https:\/\/gaudiumetspes-blog.pl\/#\/schema\/person\/image\/\",\"url\":\"https:\/\/gaudiumetspes-blog.pl\/wp-content\/uploads\/2019\/07\/avatar-JJ-150x150.jpg\",\"contentUrl\":\"https:\/\/gaudiumetspes-blog.pl\/wp-content\/uploads\/2019\/07\/avatar-JJ-150x150.jpg\",\"caption\":\"Ks. Jacek\"},\"description\":\"Witam serdecznie! K\u0142ania si\u0119 Ks. Jacek Ja\u015bkowski. Nie jestem ani kim\u015b wa\u017cnym, ani kim\u015b znanym. Jestem ksi\u0119dzem, kt\u00f3ry po prostu chce rozmawia\u0107. Codzienna kap\u0142a\u0144ska pos\u0142uga pokazuje mi, \u017ce temat\u00f3w do rozm\u00f3w z ksi\u0119dzem jest coraz wi\u0119cej i dzisiaj \u017caden ksi\u0105dz nie mo\u017ce od nich ucieka\u0107, ale - wprost przeciwnie - podejmowa\u0107 nowe wyzwania. To przekonanie sk\u0142oni\u0142o mnie do pr\u00f3by otwarcia tego\u017c bloga, chocia\u017c okazji do rozm\u00f3w na co dzie\u0144 - w konfesjonale i poza nim - na szcz\u0119\u015bcie nie brakuje. My\u015bl\u0119 jednak, \u017ce ten blog b\u0119dzie jeszcze jednym sposobem i przestrzeni\u0105 nawi\u0105zania kontaktu z lud\u017ami dobrej woli, otwartymi na dialog.\",\"url\":\"https:\/\/gaudiumetspes-blog.pl\/index.php\/author\/ks-jacek\/\"}]}<\/script>\n<!-- \/ Yoast SEO plugin. -->","yoast_head_json":{"title":"O rachunku sumienia... - Gaudium Et Spes","robots":{"index":"index","follow":"follow","max-snippet":"max-snippet:-1","max-image-preview":"max-image-preview:large","max-video-preview":"max-video-preview:-1"},"canonical":"https:\/\/gaudiumetspes-blog.pl\/index.php\/2011\/03\/28\/o-rachunku-sumienia\/","og_locale":"pl_PL","og_type":"article","og_title":"O rachunku sumienia... - Gaudium Et Spes","og_description":"Kochani, bardzo serdecznie witam! Z pewnym op\u00f3\u017anieniem czasowym, wynikaj\u0105cym z ostrego tempa mojej pracy w ostatnich dniach, zamieszczam rozwa\u017canie z drugich Rekolekcji, kt\u00f3re dzi\u015b rozpoczynam. Pocz\u0105tkowo zamierza\u0142em umie\u015bci\u0107 na blogu tylko tre\u015b\u0107 pierwszych Rekolekcji, a drugich &#8211; ju\u017c nie, a zwyczajne rozwa\u017cania. Natomiast, w ostatnich dniach zaistnia\u0142y jakie\u015b trudno\u015bci techniczne, przez co rozwa\u017cania rekolekcyjne mog\u0142y [&hellip;]","og_url":"https:\/\/gaudiumetspes-blog.pl\/index.php\/2011\/03\/28\/o-rachunku-sumienia\/","og_site_name":"Gaudium Et Spes","article_published_time":"2011-03-28T07:46:00+00:00","article_modified_time":"2019-07-31T10:52:12+00:00","author":"Ks. Jacek","twitter_card":"summary_large_image","twitter_misc":{"Napisane przez":"Ks. Jacek","Szacowany czas czytania":"16 minut"},"schema":{"@context":"https:\/\/schema.org","@graph":[{"@type":"WebPage","@id":"https:\/\/gaudiumetspes-blog.pl\/index.php\/2011\/03\/28\/o-rachunku-sumienia\/","url":"https:\/\/gaudiumetspes-blog.pl\/index.php\/2011\/03\/28\/o-rachunku-sumienia\/","name":"O rachunku sumienia... - Gaudium Et Spes","isPartOf":{"@id":"https:\/\/gaudiumetspes-blog.pl\/#website"},"datePublished":"2011-03-28T07:46:00+00:00","dateModified":"2019-07-31T10:52:12+00:00","author":{"@id":"https:\/\/gaudiumetspes-blog.pl\/#\/schema\/person\/1661982992b752dea8dff0d4ed845a65"},"breadcrumb":{"@id":"https:\/\/gaudiumetspes-blog.pl\/index.php\/2011\/03\/28\/o-rachunku-sumienia\/#breadcrumb"},"inLanguage":"pl-PL","potentialAction":[{"@type":"ReadAction","target":["https:\/\/gaudiumetspes-blog.pl\/index.php\/2011\/03\/28\/o-rachunku-sumienia\/"]}]},{"@type":"BreadcrumbList","@id":"https:\/\/gaudiumetspes-blog.pl\/index.php\/2011\/03\/28\/o-rachunku-sumienia\/#breadcrumb","itemListElement":[{"@type":"ListItem","position":1,"name":"Strona g\u0142\u00f3wna","item":"https:\/\/gaudiumetspes-blog.pl\/"},{"@type":"ListItem","position":2,"name":"O&nbsp;rachunku sumienia&#8230;"}]},{"@type":"WebSite","@id":"https:\/\/gaudiumetspes-blog.pl\/#website","url":"https:\/\/gaudiumetspes-blog.pl\/","name":"Gaudium Et Spes","description":"Blog Ks. Jacka Ja\u015bkowskiego","potentialAction":[{"@type":"SearchAction","target":{"@type":"EntryPoint","urlTemplate":"https:\/\/gaudiumetspes-blog.pl\/?s={search_term_string}"},"query-input":{"@type":"PropertyValueSpecification","valueRequired":true,"valueName":"search_term_string"}}],"inLanguage":"pl-PL"},{"@type":"Person","@id":"https:\/\/gaudiumetspes-blog.pl\/#\/schema\/person\/1661982992b752dea8dff0d4ed845a65","name":"Ks. Jacek","image":{"@type":"ImageObject","inLanguage":"pl-PL","@id":"https:\/\/gaudiumetspes-blog.pl\/#\/schema\/person\/image\/","url":"https:\/\/gaudiumetspes-blog.pl\/wp-content\/uploads\/2019\/07\/avatar-JJ-150x150.jpg","contentUrl":"https:\/\/gaudiumetspes-blog.pl\/wp-content\/uploads\/2019\/07\/avatar-JJ-150x150.jpg","caption":"Ks. Jacek"},"description":"Witam serdecznie! K\u0142ania si\u0119 Ks. Jacek Ja\u015bkowski. Nie jestem ani kim\u015b wa\u017cnym, ani kim\u015b znanym. Jestem ksi\u0119dzem, kt\u00f3ry po prostu chce rozmawia\u0107. Codzienna kap\u0142a\u0144ska pos\u0142uga pokazuje mi, \u017ce temat\u00f3w do rozm\u00f3w z ksi\u0119dzem jest coraz wi\u0119cej i dzisiaj \u017caden ksi\u0105dz nie mo\u017ce od nich ucieka\u0107, ale - wprost przeciwnie - podejmowa\u0107 nowe wyzwania. To przekonanie sk\u0142oni\u0142o mnie do pr\u00f3by otwarcia tego\u017c bloga, chocia\u017c okazji do rozm\u00f3w na co dzie\u0144 - w konfesjonale i poza nim - na szcz\u0119\u015bcie nie brakuje. My\u015bl\u0119 jednak, \u017ce ten blog b\u0119dzie jeszcze jednym sposobem i przestrzeni\u0105 nawi\u0105zania kontaktu z lud\u017ami dobrej woli, otwartymi na dialog.","url":"https:\/\/gaudiumetspes-blog.pl\/index.php\/author\/ks-jacek\/"}]}},"jetpack_featured_media_url":"","jetpack_sharing_enabled":true,"_links":{"self":[{"href":"https:\/\/gaudiumetspes-blog.pl\/index.php\/wp-json\/wp\/v2\/posts\/9905","targetHints":{"allow":["GET"]}}],"collection":[{"href":"https:\/\/gaudiumetspes-blog.pl\/index.php\/wp-json\/wp\/v2\/posts"}],"about":[{"href":"https:\/\/gaudiumetspes-blog.pl\/index.php\/wp-json\/wp\/v2\/types\/post"}],"author":[{"embeddable":true,"href":"https:\/\/gaudiumetspes-blog.pl\/index.php\/wp-json\/wp\/v2\/users\/1"}],"replies":[{"embeddable":true,"href":"https:\/\/gaudiumetspes-blog.pl\/index.php\/wp-json\/wp\/v2\/comments?post=9905"}],"version-history":[{"count":1,"href":"https:\/\/gaudiumetspes-blog.pl\/index.php\/wp-json\/wp\/v2\/posts\/9905\/revisions"}],"predecessor-version":[{"id":10178,"href":"https:\/\/gaudiumetspes-blog.pl\/index.php\/wp-json\/wp\/v2\/posts\/9905\/revisions\/10178"}],"wp:attachment":[{"href":"https:\/\/gaudiumetspes-blog.pl\/index.php\/wp-json\/wp\/v2\/media?parent=9905"}],"wp:term":[{"taxonomy":"category","embeddable":true,"href":"https:\/\/gaudiumetspes-blog.pl\/index.php\/wp-json\/wp\/v2\/categories?post=9905"},{"taxonomy":"post_tag","embeddable":true,"href":"https:\/\/gaudiumetspes-blog.pl\/index.php\/wp-json\/wp\/v2\/tags?post=9905"}],"curies":[{"name":"wp","href":"https:\/\/api.w.org\/{rel}","templated":true}]}}