{"id":9907,"date":"2011-03-26T09:46:00","date_gmt":"2011-03-26T08:46:00","guid":{"rendered":"https:\/\/gaudiumetspes-blog.pl\/index.php\/2011\/03\/26\/rekolekcji-dzien-2\/"},"modified":"2019-07-31T12:52:12","modified_gmt":"2019-07-31T10:52:12","slug":"rekolekcji-dzien-2","status":"publish","type":"post","link":"https:\/\/gaudiumetspes-blog.pl\/index.php\/2011\/03\/26\/rekolekcji-dzien-2\/","title":{"rendered":"Rekolekcji dzie\u0144 2"},"content":{"rendered":"<p>Szcz\u0119\u015b\u0107 Bo\u017ce! Bardzo serdecznie witam w drugim dniu naszych Rekolekcji. Zapraszam do refleksji nad sprawami Bo\u017cymi w naszym \u017cyciu. W miar\u0119 mo\u017cliwo\u015bci &#8211; zach\u0119cam do wype\u0142niania rekolekcyjnych zada\u0144 oraz do wsp\u00f3lnej modlitwy. Bardzo jestem ciekaw &#8211; nawet tak na przysz\u0142o\u015b\u0107 &#8211; co my\u015blicie o takiej formie pracy rekolekcyjnej? Napiszcie! A ja raz jeszcze przepraszam za wczorajsze problemy techniczne i t\u0119 ostatni\u0105 stacj\u0119 oddzielnie zamieszczon\u0105 &#8211; mam nadziej\u0119, \u017ce j\u0105 znale\u017ali\u015bcie! Szcz\u0119\u015b\u0107 Bo\u017ce!<br style=\"font-family: 'Times New Roman';\" \/>&nbsp;&nbsp;&nbsp;&nbsp;&nbsp;&nbsp;&nbsp;&nbsp;&nbsp;&nbsp;&nbsp;&nbsp;&nbsp;&nbsp;&nbsp;&nbsp;&nbsp;&nbsp;&nbsp;&nbsp;&nbsp;&nbsp;&nbsp;&nbsp;&nbsp;&nbsp;&nbsp;&nbsp;&nbsp;&nbsp;&nbsp;&nbsp;&nbsp; Gaudium et spes! Ks. Jacek<\/p>\n<div class=\"MsoNormal\" style=\"color: #0f0f0f; font-family: 'Times New Roman'; font-size: 14px; margin-bottom: 0px; margin-left: 0px; margin-right: 0px; margin-top: 0.4em; text-align: justify;\"><b>REKOLEKCJE WIELKOPOSTNE \u2013 DZIE\u0143 2<\/b><\/div>\n<div class=\"MsoNormal\" style=\"color: #0f0f0f; font-family: 'Times New Roman'; font-size: 14px; margin-bottom: 0px; margin-left: 0px; margin-right: 0px; margin-top: 0.4em; text-align: justify;\"><b>w sobot\u0119 2 tygodnia Wielkiego Postu,<\/b><\/div>\n<div class=\"MsoNormal\" style=\"color: #0f0f0f; font-family: 'Times New Roman'; font-size: 14px; margin-bottom: 0px; margin-left: 0px; margin-right: 0px; margin-top: 0.4em; text-align: justify;\"><b>26 marca 2011., Par. \u015aw. Jakuba Aposto\u0142a w Przesmykach,<\/b><\/div>\n<div class=\"MsoNormal\" style=\"color: #0f0f0f; font-family: 'Times New Roman'; font-size: 14px; margin-bottom: 0px; margin-left: 0px; margin-right: 0px; margin-top: 0.4em; text-align: justify;\"><b>do czyta\u0144: Mi 7, 14 \u201315. 18 \u2013 20;&nbsp;&nbsp;\u0141k 15, 1 \u2013 3. 11 \u2013 32<\/b><\/div>\n<div class=\"MsoNormal\" style=\"color: #0f0f0f; font-family: 'Times New Roman'; font-size: 14px; margin-bottom: 0px; margin-left: 0px; margin-right: 0px; margin-top: 0.4em; text-align: justify; text-indent: 35.4pt;\">Drugi dzie\u0144 naszych parafialnych Rekolekcji jest jednocze\u015bnie&nbsp;<b>drugim dniem Spowiedzi.<\/b>&nbsp;Kochani, skorzystajmy z obecno\u015bci Ksi\u0119\u017cy Spowiednik\u00f3w i przyst\u0119pujmy do Sakramentu Pojednania, aby&nbsp;<b>nie odk\u0142ada\u0107 tego na ostatnie dni przed \u015awi\u0119tami,<\/b>&nbsp;kiedy to i d\u0142ugie kolejki i nerwowe wyczekiwanie nie b\u0119dzie z ca\u0142\u0105 pewno\u015bci\u0105 s\u0142u\u017cy\u0142o w\u0142a\u015bciwemu prze\u017cywaniu tego Sakramentu. Teraz mamy mo\u017cliwo\u015b\u0107 przyst\u0105pienia do niego w spos\u00f3b spokojny, zechciejmy zatem z tej mo\u017cliwo\u015bci skorzysta\u0107.<\/div>\n<div class=\"MsoNormal\" style=\"color: #0f0f0f; font-family: 'Times New Roman'; font-size: 14px; margin-bottom: 0px; margin-left: 0px; margin-right: 0px; margin-top: 0.4em; text-align: justify; text-indent: 35.4pt;\">A przy okazji \u2013&nbsp;<b>bardzo serdecznie dzi\u0119kuj\u0119 Ksi\u0119\u017com Spowiednikom, naszym Go\u015bciom, za ofiarn\u0105 pos\u0142ug\u0119 wczoraj i dzisiaj.<\/b>&nbsp;T\u0119 ich pos\u0142ug\u0119&nbsp;oraz ich samych&nbsp;<b>w\u0142\u0105czamy do naszych modlitw,<\/b>&nbsp;kt\u00f3re od wczoraj serdecznie i ofiarnie zanosimy jako wsp\u00f3lnota parafialna \u2013 wsp\u00f3lnota rekolekcyjna. W tej to wsp\u00f3lnocie modlimy si\u0119&nbsp;<b>za siebie nawzajem \u2013 o dobre prze\u017cycie tego czasu,&nbsp;<\/b>o jego konkretne duchowe owoce w \u017cyciu nas wszystkich;&nbsp;<b>o solidn\u0105, dobrze przygotowan\u0105 Spowied\u017a rekolekcyjn\u0105,<\/b>&nbsp;o dobre i mocne postanowienia, kt\u00f3rymi zako\u0144czymy Rekolekcje.<\/div>\n<div class=\"MsoNormal\" style=\"color: #0f0f0f; font-family: 'Times New Roman'; font-size: 14px; margin-bottom: 0px; margin-left: 0px; margin-right: 0px; margin-top: 0.4em; text-align: justify; text-indent: 35.4pt;\">Ale te\u017c otaczamy modlitwa tych wszystkich, kt\u00f3rzy<b>chocia\u017c bardzo by chcieli, to jednak nie mog\u0105 z nami uczestniczy\u0107 w spotkaniach<\/b>&nbsp;z powodu wieku, choroby, niedo\u0142\u0119stwa\u2026 Zechciejcie raz jeszcze przekaza\u0107 wszystkim tym osobom nasze pozdrowienie i zapewnienie o duchowej blisko\u015bci. Przeka\u017ccie im te\u017c, \u017ce&nbsp;<b>s\u0105 oni dla nas bardzo wa\u017cni,<\/b>bo ich modlitwa i cierpienie, w intencji Rekolekcji prze\u017cywane, stanowi\u0105 prawdziwe duchowe zaplecze tego wszystkiego, co tu podejmujemy.<\/div>\n<div class=\"MsoNormal\" style=\"color: #0f0f0f; font-family: 'Times New Roman'; font-size: 14px; margin-bottom: 0px; margin-left: 0px; margin-right: 0px; margin-top: 0.4em; text-align: justify; text-indent: 35.4pt;\">I m\u00f3dlmy si\u0119 tak\u017ce za tych, kt\u00f3rzy chocia\u017c&nbsp;<b>mogliby uczestniczy\u0107 w naszych spotkaniach, to jednak nie chc\u0105 tego czyni\u0107<\/b>&nbsp;\u2013 z wielu przer\u00f3\u017cnych powod\u00f3w. M\u00f3dlmy si\u0119 za nich o otwarte serca, aby us\u0142yszeli subtelny, ale konkretny g\u0142os Jezusa, zapraszaj\u0105cy ich na spotkanie.<\/div>\n<div class=\"MsoNormal\" style=\"color: #0f0f0f; font-family: 'Times New Roman'; font-size: 14px; margin-bottom: 0px; margin-left: 0px; margin-right: 0px; margin-top: 0.4em; text-align: justify; text-indent: 35.4pt;\">W tych to wszystkich intencjach zanosimy do Boga modlitw\u0119 w taki spos\u00f3b i w takiej formie, jaka ka\u017cdej i ka\u017cdemu z nas najbardziej odpowiada, natomiast&nbsp;<b>jako wsp\u00f3lnota rekolekcyjna \u0142\u0105czymy si\u0119 w odmawianiu ka\u017cdego dnia jednej, takiej samej modlitwy.<\/b>&nbsp;Przypomn\u0119, \u017ce s\u0105 ni\u0105 kolejne dziesi\u0105tki cz\u0119\u015bci \u015bwiat\u0142a R\u00f3\u017ca\u0144ca \u015awi\u0119tego.<b>Wczoraj odm\u00f3wili\u015bmy sobie \u2013 mam nadziej\u0119! \u2013 tajemnic\u0105 pierwsz\u0105 i drug\u0105,<\/b>&nbsp;a wi\u0119c: Chrzest Jezusa w Jordanie i Objawienie si\u0119 chwa\u0142y Jezusa na weselu w Kanie Galilejskiej.<b>Bardzo dzi\u0119kuj\u0119 tym wszystkim, kt\u00f3rzy w t\u0119 modlitw\u0119 zechcieli si\u0119 w\u0142\u0105czy\u0107!<\/b>&nbsp;Bardzo dzi\u0119kuj\u0119 tym, kt\u00f3rym uda\u0142o si\u0119 zorganizowa\u0107&nbsp;<b>wsp\u00f3lne odmawianie w gronie rodziny,<\/b>przyjaci\u00f3\u0142, s\u0105siad\u00f3w.&nbsp;<\/div>\n<div class=\"MsoNormal\" style=\"color: #0f0f0f; font-family: 'Times New Roman'; font-size: 14px; margin-bottom: 0px; margin-left: 0px; margin-right: 0px; margin-top: 0.4em; text-align: justify; text-indent: 35.4pt;\">Je\u017celi kto\u015b z jakiego\u015b powodu tego nie uczyni\u0142 wczoraj, a chce duchowo wspiera\u0107 ca\u0142e dobre dzie\u0142o naszej pracy rekolekcyjnej,&nbsp;<b>niech dzisiaj te dwa dziesi\u0105tki odm\u00f3wi.<\/b>&nbsp;Oraz dwa nast\u0119pne, bowiem my wszyscy \u2013 i ja tak\u017ce \u2013&nbsp;<b>dzisiaj odm\u00f3wimy ju\u017c nast\u0119pne dwie tajemnice, a wi\u0119c: Nauczanie o Kr\u00f3lestwie Bo\u017cym i wzywanie do nawr\u00f3cenia, jak r\u00f3wnie\u017c: Przemienienie na G\u00f3rze Tabor.<\/b><\/div>\n<div class=\"MsoNormal\" style=\"color: #0f0f0f; font-family: 'Times New Roman'; font-size: 14px; margin-bottom: 0px; margin-left: 0px; margin-right: 0px; margin-top: 0.4em; text-align: justify; text-indent: 35.4pt;\">Zechciejmy z\u0142\u0105czy\u0107 si\u0119 dzisiaj we wsp\u00f3lnym odmawianiu tych dw\u00f3ch tajemnic, przy czym \u2013 przypominam \u2013&nbsp;<b>nie czynimy tego w ko\u015bciele, w czasie naszych spotka\u0144 rekolekcyjnych, a w\u0142a\u015bnie w domu,<\/b>&nbsp;a to z tego powodu, \u017ce w ten spos\u00f3b tam, do domu, chcemy zanie\u015b\u0107&nbsp;<b>jak najwi\u0119cej dobrej, rekolekcyjnej atmosfery, kt\u00f3r\u0105 wsp\u00f3lnie sobie tutaj tworzymy.<\/b><\/div>\n<div class=\"MsoNormal\" style=\"color: #0f0f0f; font-family: 'Times New Roman'; font-size: 14px; margin-bottom: 0px; margin-left: 0px; margin-right: 0px; margin-top: 0.4em; text-align: justify; text-indent: 35.4pt;\">Temu celowi s\u0142u\u017cy r\u00f3wnie\u017c wype\u0142nianie konkretnej pracy domowej, zadanej na zako\u0144czenie rozwa\u017cania. Przypomn\u0119, \u017ce wczoraj prosi\u0142em&nbsp;<b>o zrealizowanie jakiego\u015b dobrego uczynku, takiego jednak, kt\u00f3ry wykonamy spontanicznie, z potrzeby serca, na zasadzie niespodzianki, uczynionej naszym domownikom.<\/b>&nbsp;Wierz\u0119 g\u0142\u0119boko, \u017ce uda\u0142o si\u0119 to zrobi\u0107 i \u017ce ka\u017cdy postara\u0142 si\u0119 o to, aby co\u015b drobnego, ale konkretnego uczyni\u0107. Bardzo za to serdecznie dzi\u0119kuj\u0119! Dzisiaj b\u0119dzie kolejna praca domowa. Ale to za chwil\u0119\u2026<\/div>\n<div class=\"MsoNormal\" style=\"color: #0f0f0f; font-family: 'Times New Roman'; font-size: 14px; margin-bottom: 0px; margin-left: 0px; margin-right: 0px; margin-top: 0.4em; text-align: justify; text-indent: 35.4pt;\">Teraz natomiast chcia\u0142bym przypomnie\u0107 jeszcze, \u017ce ca\u0142e nasze rekolekcyjne skupienie&nbsp;<b>pr\u00f3bujemy koncentrowa\u0107 wok\u00f3\u0142 has\u0142a, takiej jednej, wsp\u00f3lnej my\u015bli<\/b>&nbsp;\u2013 my\u015bli przewodniej \u2013 kt\u00f3r\u0105 s\u0105 s\u0142owa, zaczerpni\u0119te z wczorajszej Ewangelii; s\u0142owa stanowi\u0105ce odpowied\u017a Maryi na wezwanie, jakie B\u00f3g skierowa\u0142 do Niej przez Archanio\u0142a Gabriela. Na to wyj\u0105tkowe i nadzwyczajne zaproszenie Maryja odpowiedzia\u0142a pe\u0142n\u0105 gotowo\u015bci\u0105, m\u00f3wi\u0105c:&nbsp;<b>OTO JA, S\u0141U\u017bEBNICA PA\u0143SKA, NIECH MI SI\u0118 STANIE WED\u0141UG S\u0141OWA TWEGO.<\/b><\/div>\n<div class=\"MsoNormal\" style=\"color: #0f0f0f; font-family: 'Times New Roman'; font-size: 14px; margin-bottom: 0px; margin-left: 0px; margin-right: 0px; margin-top: 0.4em; text-align: justify; text-indent: 35.4pt;\">I ta odpowied\u017a Maryi stanowi has\u0142o naszych rekolekcyjnych rozwa\u017ca\u0144 i refleksji, przy czym wczoraj zastanawiali\u015bmy si\u0119 nad pierwsz\u0105 cz\u0119\u015bci\u0105 tego has\u0142a, a wi\u0119c nad s\u0142owami:&nbsp;<b>OTO JA \u2013 S\u0141U\u017bEBNICA PA\u0143SKA; OTO JA \u2013 S\u0141UGA PA\u0143SKI,<\/b>&nbsp;podejmuj\u0105c temat naszej gotowo\u015bci do podj\u0119cia zada\u0144, wyznaczonych nam przez Pana; naszej gotowo\u015bci do pe\u0142nienia woli Bo\u017cej i do wyj\u015bcia naprzeciw drugiego cz\u0142owieka. A dzisiaj rozwa\u017cymy drug\u0105 cz\u0119\u015b\u0107 tego has\u0142a:&nbsp;<b>NIECH MI SI\u0118 STANIE,<\/b>&nbsp;\u017ceby jutro doj\u015b\u0107 do jego ostatniego elementu:&nbsp;<b>WED\u0141UG S\u0141OWA TWEGO.<\/b><\/div>\n<div class=\"MsoNormal\" style=\"color: #0f0f0f; font-family: 'Times New Roman'; font-size: 14px; margin-bottom: 0px; margin-left: 0px; margin-right: 0px; margin-top: 0.4em; text-align: justify; text-indent: 35.4pt;\">Przypominam, \u017ce wszystkie rozwa\u017cania ko\u0144czymy<b>trzema kr\u00f3tkimi pytaniami,<\/b>&nbsp;kt\u00f3re bezpo\u015brednio dotycz\u0105 tego, o czym tu sobie m\u00f3wimy, a kt\u00f3re stawiane s\u0105 po to, aby<b>wybrzmia\u0142y mocno w naszych sercach<\/b>&nbsp;i aby\u015bmy potem, w domu, do tych pyta\u0144 mogli sobie na spokojnie wraca\u0107, raz jeszcze podejmuj\u0105c refleksje o sprawach, kt\u00f3re rozwa\u017camy w tym \u015bwi\u0119tym czasie.&nbsp;<\/div>\n<div class=\"MsoNormal\" style=\"color: #0f0f0f; font-family: 'Times New Roman'; font-size: 14px; margin-bottom: 0px; margin-left: 0px; margin-right: 0px; margin-top: 0.4em; text-align: justify; text-indent: 35.4pt;\"><b>Ostatnie pytanie po ostatnim rozwa\u017caniu, czyli jutro, b\u0119dzie dotyczy\u0142o bardzo konkretnego naszego postanowienia z tego czasu.<\/b>&nbsp;Zechciejmy ju\u017c dzisiaj zastanawia\u0107 si\u0119, jakie to postanowienie b\u0119dzie, aby jutro m\u00f3c ju\u017c co\u015b konkretnego naszemu Panu w ciszy swego serca powiedzie\u0107.<\/div>\n<div class=\"MsoNormal\" style=\"color: #0f0f0f; font-family: 'Times New Roman'; font-size: 14px; margin-bottom: 0px; margin-left: 0px; margin-right: 0px; margin-top: 0.4em; text-align: justify; text-indent: 35.4pt;\">Tak zatem, pochylamy si\u0119 nad s\u0142owami Maryi, kt\u00f3re te\u017c czynimy naszymi s\u0142owami<b>: OTO JA, S\u0141U\u017bEBNICA PA\u0143SKA, NIECH MI SI\u0118 STANIE WED\u0141UG TWEGO S\u0141OWA,&nbsp;<\/b>koncentruj\u0105c si\u0119 dzisiaj tak wyra\u017anie na s\u0142owach:<b>NIECH MI SI\u0118 STANIE.<\/b>&nbsp;Oto Maryja \u2013 jak s\u0142yszeli\u015bmy wczoraj \u2013 zgodzi\u0142a si\u0119 na to, aby B\u00f3g m\u00f3g\u0142 w jej \u017cyciu zadzia\u0142a\u0107 bardzo konkretnie, aby m\u00f3g\u0142 w Jej \u017cyciu realizowa\u0107 swoje plany.&nbsp;<b>A jakie s\u0105 te plany? Czego B\u00f3g chce dla cz\u0142owieka?<\/b>&nbsp;<\/div>\n<div class=\"MsoNormal\" style=\"color: #0f0f0f; font-family: 'Times New Roman'; font-size: 14px; margin-bottom: 0px; margin-left: 0px; margin-right: 0px; margin-top: 0.4em; text-align: justify; text-indent: 35.4pt;\">Oto w dzisiejszej Liturgii S\u0142owa spotykamy Boga, kt\u00f3ry niesamowicie lituje si\u0119 nad cz\u0142owiekiem. W Proroctwie Micheasza s\u0142yszymy nadzwyczajne s\u0142owa:&nbsp;<i>Kt\u00f3ry\u017c B\u00f3g podobny Tobie, kt\u00f3ry oddalasz nieprawo\u015b\u0107, odpuszczasz wyst\u0119pek Reszcie dziedzictwa Twego?&nbsp;<b>Nie \u017cywi On gniewu na zawsze, bo upodoba\u0142 sobie mi\u0142osierdzie<\/b><\/i>. Rzeczywi\u015bcie, upodoba\u0142 sobie mi\u0142osierdzie, skoro \u2013 jak&nbsp;<b>\u00f3w mi\u0142osierny i lito\u015bciwy ojciec z przypowie\u015bci Jezusa,<\/b>&nbsp;odczytanej dzisiaj w Ewangelii \u015awi\u0119tego \u0141ukasza \u2013 wypatruje powrotu swego dziecka, czekaj\u0105c, a\u017c ten do\u015bwiadczy na sobie wszystkich urok\u00f3w po swojemu rozumianej wolno\u015bci&nbsp;<b>i skruszony przyjdzie, prosz\u0105c o pomoc.<\/b>&nbsp;A kiedy przyjdzie, st\u0119skniony ojciec nie b\u0119dzie czyni\u0142 mu wyrzut\u00f3w, ale z wielk\u0105 mi\u0142o\u015bci\u0105 przygarnie do siebie;&nbsp;<b>raz jeszcze, na nowo, obdarzy go pe\u0142ni\u0105 ojcowskiej mi\u0142o\u015bci i ojcowskiego zaufania,<\/b>&nbsp;przywr\u00f3ci do dawnej, tak lekkomy\u015blnie przez samego syna&nbsp;<b>utraconej godno\u015bci,<\/b>&nbsp;da mu szans\u0119 prowadzenia nowego, ju\u017c m\u0105drzejszego \u017cycia.<\/div>\n<div class=\"MsoNormal\" style=\"color: #0f0f0f; font-family: 'Times New Roman'; font-size: 14px; margin-bottom: 0px; margin-left: 0px; margin-right: 0px; margin-top: 0.4em; text-align: justify; text-indent: 35.4pt;\">Jak\u017ce to dzia\u0142anie ojca trudne by\u0142o do zrozumienia przez drugiego syna. Ten, jakkolwiek rzeczywi\u015bcie oddany pracy dla domu i ca\u0142kowicie zaanga\u017cowany w sprawy ojca, w sprawy rodziny, w tym jednak momencie, kiedy do\u015bwiadcza sposobu, w jaki ojciec potraktowa\u0142 jego marnotrawnego brata,&nbsp;<b>nie potrafi tego zaakceptowa\u0107,<\/b>&nbsp;nie potrafi w og\u00f3le tego zrozumie\u0107 \u2013&nbsp;<b>nie chce tego zaakceptowa\u0107 ani zrozumie\u0107!<\/b>&nbsp;Dla niego tego wszystkiego by\u0142o po prostu za wiele!<\/div>\n<div class=\"MsoNormal\" style=\"color: #0f0f0f; font-family: 'Times New Roman'; font-size: 14px; margin-bottom: 0px; margin-left: 0px; margin-right: 0px; margin-top: 0.4em; text-align: justify; text-indent: 35.4pt;\">Dobro\u0107 i mi\u0142osierdzie ojca by\u0142o w jego rozumieniu zwyk\u0142\u0105 przesad\u0105! Nie by\u0142o w\u0142a\u015bciwe. S\u0142uchaj\u0105c jednak odpowiedzi ojca na jego zarzuty, zauwa\u017camy, \u017ce i w tej sytuacji&nbsp;<b>ojciec zdaje egzamin z mi\u0142o\u015bci i w\u0142a\u015bciwej postawy,<\/b>bowiem i do niego zwraca si\u0119 w spos\u00f3b, kt\u00f3ry znamionuje<b>wielki szacunek dla jego wierno\u015bci, dla jego solidno\u015bci<\/b>\u2026 Natomiast w stanowisku ojca pobrzmiewa takie nie wyra\u017cone wprost, ale zauwa\u017calne wezwanie, skierowane do owego starszego syna, aby&nbsp;<b>odwa\u017cy\u0142 si\u0119 wyj\u015b\u0107 poza schemat swojej poprawno\u015bci,<\/b>&nbsp;poza ramki swojej wizji \u015bwiata \u2013&nbsp;<b>i dostrzeg\u0142 szerokie perspektywy mi\u0142o\u015bci i dobra.<\/b><\/div>\n<div class=\"MsoNormal\" style=\"color: #0f0f0f; font-family: 'Times New Roman'; font-size: 14px; margin-bottom: 0px; margin-left: 0px; margin-right: 0px; margin-top: 0.4em; text-align: justify; text-indent: 35.4pt;\">Wydaje si\u0119, \u017ce na ten moment zadanie to przekroczy\u0142o jednak mo\u017cliwo\u015bci owego starszego syna. Mo\u017ce z czasem to zrozumia\u0142?\u2026 My natomiast zauwa\u017camy, \u017ce nawet&nbsp;<b>pomimo jego protest\u00f3w i jego oporu, mi\u0142osierny ojciec ani na jot\u0119 nie zmieni\u0142 swego postanowienia, nie odepchn\u0105\u0142 m\u0142odszego, marnotrawnego syna,<\/b>&nbsp;nie odebra\u0142 mu zaufania. Nie! Postanowienie ojcowskie by\u0142o nieodwo\u0142alne, decyzja o przebaczeniu synowi by\u0142a ostateczna.<\/div>\n<div class=\"MsoNormal\" style=\"color: #0f0f0f; font-family: 'Times New Roman'; font-size: 14px; margin-bottom: 0px; margin-left: 0px; margin-right: 0px; margin-top: 0.4em; text-align: justify; text-indent: 35.4pt;\">Kochani, my dzisiaj, kiedy wyra\u017camy pragnienie, wyra\u017cone s\u0142owami Maryi&nbsp;<b>NIECH MI SI\u0118 STANIE,<\/b>&nbsp;a wi\u0119c pragnienie tego, by B\u00f3g dzia\u0142a\u0142 w naszym \u017cyciu, musimy w pe\u0142ni zdawa\u0107 sobie spraw\u0119 z tego, \u017ce to&nbsp;<b>Bo\u017ce dzia\u0142anie mo\u017ce i nas wielorako zaskoczy\u0107, zdziwi\u0107<\/b>\u2026 Musimy bowiem pami\u0119ta\u0107, \u017ce B\u00f3g b\u0119dzie dzia\u0142a\u0142 nie po naszej my\u015bli \u2013 to nie b\u0119dzie na tej zasadzie, \u017ce B\u00f3g b\u0119dzie realizowa\u0142&nbsp;<b>nasze scenariusze, kt\u00f3ry my sobie wcze\u015bniej opracujemy i jedynie tylko przedstawimy Bogu do akceptacji.<\/b>&nbsp;B\u00f3g, kiedy podejmuje dzia\u0142anie w \u017cyciu konkretnego cz\u0142owieka,&nbsp;<b>realizuje sw\u00f3j scenariusz.<\/b>&nbsp;Jaki?<\/div>\n<div class=\"MsoNormal\" style=\"color: #0f0f0f; font-family: 'Times New Roman'; font-size: 14px; margin-bottom: 0px; margin-left: 0px; margin-right: 0px; margin-top: 0.4em; text-align: justify; text-indent: 35.4pt;\">R\u00f3\u017cny! Za ka\u017cdym razem inny \u2013 za ka\u017cdym razem jednak taki, kt\u00f3rego&nbsp;<b>celem ostatecznym jest prawdziwe dobro cz\u0142owieka: prawdziwe dobro nas samych oraz tych, w\u015br\u00f3d kt\u00f3rych \u017cyjemy.<\/b>&nbsp;Zauwa\u017cmy, Kochani, \u017ce gdyby ojciec z dzisiejszej przypowie\u015bci post\u0119powa\u0142 tak, jak by si\u0119 tego spodziewa\u0142 starszy syn, czyli tak, jak by to&nbsp;<b>mia\u0142o odpowiada\u0107 przeci\u0119tnemu poczuciu przyzwoito\u015bci i sprawiedliwo\u015bci,<\/b>&nbsp;<b>to m\u0142odszy syn nie mia\u0142by \u017cadnych szans: zosta\u0142by odrzucony!<\/b>&nbsp;Nie otrzyma\u0142by \u017cadnej mo\u017cliwo\u015bci stani\u0119cia na nogi! Okaza\u0142by si\u0119 ostatecznie i zupe\u0142nie przegrany!<\/div>\n<div class=\"MsoNormal\" style=\"color: #0f0f0f; font-family: 'Times New Roman'; font-size: 14px; margin-bottom: 0px; margin-left: 0px; margin-right: 0px; margin-top: 0.4em; text-align: justify; text-indent: 35.4pt;\">To, \u017ce tak si\u0119 nie sta\u0142o, zawdzi\u0119cza\u0142 on tylko temu w\u0142a\u015bnie, \u017ce jego ojciec nie zatrzyma\u0142 si\u0119 na takim przeci\u0119tnym pojmowaniu sprawiedliwo\u015bci, ale&nbsp;<b>poszed\u0142 dalej, przekroczy\u0142 bariery, pozwoli\u0142 zadzia\u0142a\u0107 mi\u0142osierdziu, pozwoli\u0142 sobie na mi\u0142o\u015b\u0107 do syna<\/b>&nbsp;\u2013 m\u00f3wi\u0105c ju\u017c tak zupe\u0142nie wprost. To wszystko w\u0142a\u015bnie sprawi\u0142o, \u017ce syn zosta\u0142 uratowany, zosta\u0142 \u2013 je\u015bli tak mo\u017cna uj\u0105\u0107 \u2013&nbsp;<b>odzyskany dla dobra.<\/b>&nbsp;I tak te\u017c B\u00f3g dzia\u0142a w naszym \u017cyciu.<\/div>\n<div class=\"MsoNormal\" style=\"color: #0f0f0f; font-family: 'Times New Roman'; font-size: 14px; margin-bottom: 0px; margin-left: 0px; margin-right: 0px; margin-top: 0.4em; text-align: justify; text-indent: 35.4pt;\">Dlatego modl\u0105c si\u0119 do Niego w r\u00f3\u017cnych sprawach i prosz\u0105c, aby dzia\u0142a\u0142 w naszym \u017cyciu, musimy, Kochani, zawsze z pe\u0142n\u0105 \u015bwiadomo\u015bci\u0105 wypowiada\u0107 te s\u0142owa w Modlitwie Pa\u0144skiej:&nbsp;<b><i>b\u0105d\u017a wola Twoja, jako w niebie, tak i na ziemi.<\/i><\/b>Niech zatem B\u00f3g dzia\u0142a zgodnie ze swoj\u0105 wol\u0105!&nbsp;<b>Niech dzia\u0142a w naszym \u017cyciu tak, jak On sam zaplanowa\u0142!<\/b><\/div>\n<div class=\"MsoNormal\" style=\"color: #0f0f0f; font-family: 'Times New Roman'; font-size: 14px; margin-bottom: 0px; margin-left: 0px; margin-right: 0px; margin-top: 0.4em; text-align: justify; text-indent: 35.4pt;\">Naturalnie, to si\u0119 tak dobrze m\u00f3wi na kazaniu, to si\u0119 tak dobrze m\u00f3wi, jak wszystko uk\u0142ada si\u0119 po naszej my\u015bli. Ale kiedy to Bo\u017ce dzia\u0142anie staje si\u0119 tak niezrozumia\u0142e, jak chocia\u017cby w sytuacji, w kt\u00f3rej Maryja odpowiedzia\u0142a Bogu<b>FIAT \u2013 NIECH MI SI\u0118<\/b>&nbsp;<b>STANIE \u2013<\/b>&nbsp;wtedy do takiej odpowiedzi nie od razu jeste\u015bmy zdolni. A jednak, trzeba w sobie kszta\u0142towa\u0107&nbsp;<b>postaw\u0119 otwarcia i gotowo\u015bci na przyj\u0119cie ka\u017cdego Bo\u017cego dzia\u0142ania.<\/b>&nbsp;Trzeba nam kszta\u0142towa\u0107 w sobie<b>pe\u0142ne i prawdziwe zaufanie do Boga<\/b>&nbsp;\u2013 takie zaufanie, kt\u00f3re podpowie nam, \u017ce jakkolwiek B\u00f3g inaczej zrealizowa\u0142 moj\u0105 pro\u015bb\u0119, inaczej odpowiedzia\u0142 na moje modlitwy,&nbsp;<b>to jednak On wie, co robi \u2013 i On naprawd\u0119 chce mojego dobra.&nbsp;<\/b>Mojego \u2013 i moich najbli\u017cszych.<\/div>\n<div class=\"MsoNormal\" style=\"color: #0f0f0f; font-family: 'Times New Roman'; font-size: 14px; margin-bottom: 0px; margin-left: 0px; margin-right: 0px; margin-top: 0.4em; text-align: justify; text-indent: 35.4pt;\">Bo On wie i widzi wi\u0119cej, On wie, co jest dla mnie tak naprawd\u0119 dobre, a co mo\u017ce w dalszej perspektywie wcale nie oka\u017ce si\u0119 dla mnie po\u017cyteczne, chocia\u017c ja uwa\u017cam inaczej i akurat o to prosz\u0119, a nie o co innego \u2013&nbsp;<b>i jeszcze b\u0119d\u0119 si\u0119 z Bogiem o to k\u0142\u00f3ci\u0107.<\/b>&nbsp;Jak najbardziej, mo\u017cna i tak,&nbsp;<b>B\u00f3g nie obrazi si\u0119 na nas za to, tak jak mi\u0142osierny ojciec nie obrazi\u0142 si\u0119 na cierpkie uwagi starszego syna,<\/b>&nbsp;tylko spokojnie t\u0142umaczy\u0142 mu, o co chodzi i dlaczego akurat tak, a nie inaczej post\u0105pi\u0142. I nam tak\u017ce&nbsp;<b>B\u00f3g b\u0119dzie bardzo spokojnie pokazywa\u0142 i t\u0142umaczy\u0142,<\/b>&nbsp;dlaczego tak, a nie inaczej post\u0105pi\u0142, a w\u0142a\u015bciwie \u2013 dlaczego inaczej post\u0105pi\u0142, ni\u017c by\u015bmy chcieli, czy oczekiwali.<\/div>\n<div class=\"MsoNormal\" style=\"color: #0f0f0f; font-family: 'Times New Roman'; font-size: 14px; margin-bottom: 0px; margin-left: 0px; margin-right: 0px; margin-top: 0.4em; text-align: justify; text-indent: 35.4pt;\">Wa\u017cnym jest jednak, aby\u015bmy spieraj\u0105c si\u0119 nawet z Bogiem i&nbsp;<b>zadaj\u0105c Mu odwa\u017cne pytania \u2013 co naprawd\u0119 nie jest niczym z\u0142ym, a wr\u0119cz jest czym\u015b po\u017c\u0105danym i wskazany<\/b>m \u2013 aby\u015bmy jednak nie rezygnowali z Boga, nie obra\u017cali si\u0119 na Niego,&nbsp;<b>nie odchodzili od Niego oburzeni,<\/b>&nbsp;\u017ce \u015bmia\u0142 nas nie pos\u0142ucha\u0107 i inaczej pokierowa\u0107 naszym \u017cyciem! Nie! To nie tak!<\/div>\n<div class=\"MsoNormal\" style=\"color: #0f0f0f; font-family: 'Times New Roman'; font-size: 14px; margin-bottom: 0px; margin-left: 0px; margin-right: 0px; margin-top: 0.4em; text-align: justify; text-indent: 35.4pt;\">Owszem, spierajmy si\u0119 \u2013 \u017ceby to jeszcze raz powt\u00f3rzy\u0107 \u2013 dyskutujmy, dopytujmy, starajmy si\u0119 jak najwi\u0119cej zrozumie\u0107,&nbsp;<b>starajmy si\u0119 poszukiwa\u0107 odpowiedzi na nasze pytania,<\/b>&nbsp;starajmy si\u0119 jak najbardziej zaufa\u0107 \u2013 ale nie odchod\u017amy od Boga, nie rezygnujmy z Niego, nie buntujmy si\u0119 przeciwko Niemu!<b>&nbsp;Starajmy si\u0119 Mu bardziej zaufa\u0107, \u017ce On naprawd\u0119 wie, co jest dla nas dobre i czego nam potrzeba,<\/b>co w dalszej perspektywie oka\u017ce si\u0119 dla nas naprawd\u0119 po\u017cyteczne.&nbsp;<\/div>\n<div class=\"MsoNormal\" style=\"color: #0f0f0f; font-family: 'Times New Roman'; font-size: 14px; margin-bottom: 0px; margin-left: 0px; margin-right: 0px; margin-top: 0.4em; text-align: justify; text-indent: 35.4pt;\">Niech praktycznym wyrazem takiej naszej postawy b\u0119dzie realizacja dzisiejszej rekolekcyjnej pracy domowej. A oto dzisiaj zechciejmy&nbsp;<b>wyj\u015b\u0107 z dobrym s\u0142owem i dobrym czynem poza kr\u0105g naszej rodziny, naszego najbli\u017cszego otoczenia.<\/b>&nbsp;Zechciejmy dzisiaj nawi\u0105za\u0107&nbsp;<b>kontakt z tymi naszymi bliskimi, kt\u00f3rzy mieszkaj\u0105 nieco dalej, z kt\u00f3rymi ten kontakt jest rzadki, a mo\u017ce te\u017c \u2013 nie zawsze najlepiej si\u0119 dogadujemy.<\/b>&nbsp;Zechciejmy zatem do nich zadzwoni\u0107 \u2013 na zasadzie: \u201eco s\u0142ycha\u0107?\u201d; a mo\u017ce napisa\u0107 list \u2013 je\u017celi jeszcze kto\u015b pisze listy \u2013 albo maila z pozdrowieniami. Mo\u017cna nawet napisa\u0107 smsa, ale lepiej by\u0142oby porozmawia\u0107, czy jaki\u015b taki pe\u0142niejszy kontakt nawi\u0105za\u0107.&nbsp;<b>Jeszcze raz zaznaczam: chodzi o osoby nie z naszego najbli\u017cszego otoczenia, ale \u017cyj\u0105ce dalej, z kt\u00f3rymi kontakt mamy rzadki, albo te\u017c czasami jeste\u015bmy o co\u015b sk\u0142\u00f3ceni, czy obra\u017ceni.<\/b>&nbsp;I chodzi dos\u0142ownie o kilka zda\u0144 takiej prostej rozmowy, proste pozdrowienia, pytanie, jak \u017cyj\u0105, jak sobie radz\u0105\u2026<\/div>\n<div class=\"MsoNormal\" style=\"color: #0f0f0f; font-family: 'Times New Roman'; font-size: 14px; margin-bottom: 0px; margin-left: 0px; margin-right: 0px; margin-top: 0.4em; text-align: justify; text-indent: 35.4pt;\">W ten spos\u00f3b sami dzi\u015b zrealizujemy postaw\u0119 mi\u0142osiernego ojca, a dla tych ludzi staniemy si\u0119&nbsp;<b>znakiem dzia\u0142aj\u0105cego w ich \u017cyciu Boga.<\/b>&nbsp;Bo z pewno\u015bci\u0105, taki niespodziewany telefon, czy list b\u0119dzie dla nich bardzo mi\u0142ym darem. Oczywi\u015bcie,&nbsp;<b>najbardziej znacz\u0105cym by\u0142by ten uczynek, gdyby\u015bmy go wykonali wobec os\u00f3b, z kt\u00f3rymi si\u0119 nie odzywamy, gniewamy, z kt\u00f3rymi w og\u00f3le kontakt jest zerwany.<\/b>&nbsp;Gdyby to si\u0119 komu\u015b uda\u0142o, to by\u0142by naprawd\u0119 wspania\u0142y dar dla Pana Boga. Ale mo\u017cemy zacz\u0105\u0107 od czego\u015b prostszego.<\/div>\n<div class=\"MsoNormal\" style=\"color: #0f0f0f; font-family: 'Times New Roman'; font-size: 14px; margin-bottom: 0px; margin-left: 0px; margin-right: 0px; margin-top: 0.4em; text-align: justify; text-indent: 35.4pt;\">Spr\u00f3bujmy dzisiaj wykona\u0107 tak\u0105 prac\u0119 domow\u0105, \u0142\u0105cz\u0105c j\u0105 z odm\u00f3wieniem trzeciej i czwartej tajemnicy \u015bwiat\u0142a R\u00f3\u017ca\u0144ca \u015awi\u0119tego \u2013 i wszystkimi innymi formami modlitwy.<\/div>\n<div class=\"MsoNormal\" style=\"color: #0f0f0f; font-family: 'Times New Roman'; font-size: 14px; margin-bottom: 0px; margin-left: 0px; margin-right: 0px; margin-top: 0.4em; text-align: justify; text-indent: 35.4pt;\">A teraz zechciejmy pomy\u015ble\u0107:<\/div>\n<ul style=\"color: #0f0f0f; font-family: 'Times New Roman'; font-size: 14px; margin-top: 0cm;\" type=\"disc\">\n<li class=\"MsoNormal\" style=\"text-align: justify;\">Jak wygl\u0105daj\u0105 moje rozmowy z Bogiem, kiedy si\u0119 okazuje, \u017ce B\u00f3g inaczej dzia\u0142a, ni\u017c ja Go prosz\u0119?<\/li>\n<li class=\"MsoNormal\" style=\"text-align: justify;\">Czy nikomu nie zazdroszcz\u0119 Bo\u017cej \u0142aski i Bo\u017cej pomocy \u2013 czy staram si\u0119 dzi\u0119kowa\u0107 za to, co ja sam od Boga otrzymuj\u0119?<\/li>\n<li class=\"MsoNormal\" style=\"text-align: justify;\">Czy wobec trudnych os\u00f3b z mojej rodziny, z mojego otoczenia przyjmuj\u0119 postaw\u0119 mi\u0142osiernego ojca, czy zbuntowanego starszego syna?<\/li>\n<\/ul>\n<div class=\"MsoNormal\" style=\"color: #0f0f0f; font-family: 'Times New Roman'; font-size: 14px; margin-bottom: 0px; margin-left: 0px; margin-right: 0px; margin-top: 0.4em; text-align: justify; text-indent: 18pt;\"><b>OTO JA, S\u0141U\u017bEBNICA PA\u0143SKA, NIECH MI SI\u0118 STANIE WED\u0141UG S\u0141OWA TWEGO. Tak, Panie Bo\u017ce \u2013 NIECH MI SI\u0118 STANIE! Dzia\u0142aj w moim \u017cyciu!<\/b><\/div>\n","protected":false},"excerpt":{"rendered":"<p>Szcz\u0119\u015b\u0107 Bo\u017ce! Bardzo serdecznie witam w drugim dniu naszych Rekolekcji. Zapraszam do refleksji nad sprawami Bo\u017cymi w naszym \u017cyciu. W miar\u0119 mo\u017cliwo\u015bci &#8211; zach\u0119cam do wype\u0142niania rekolekcyjnych zada\u0144 oraz do wsp\u00f3lnej modlitwy. Bardzo jestem ciekaw &#8211; nawet tak na przysz\u0142o\u015b\u0107 &#8211; co my\u015blicie o takiej formie pracy rekolekcyjnej? Napiszcie! A ja raz jeszcze przepraszam za [&hellip;]<\/p>\n","protected":false},"author":1,"featured_media":0,"comment_status":"open","ping_status":"open","sticky":false,"template":"","format":"standard","meta":{"jetpack_post_was_ever_published":false,"_jetpack_newsletter_access":"","_jetpack_dont_email_post_to_subs":false,"_jetpack_newsletter_tier_id":0,"_jetpack_memberships_contains_paywalled_content":false,"_jetpack_memberships_contains_paid_content":false,"footnotes":""},"categories":[1],"tags":[],"class_list":["post-9907","post","type-post","status-publish","format-standard","hentry","category-bez-kategorii"],"yoast_head":"<!-- This site is optimized with the Yoast SEO plugin v25.1 - https:\/\/yoast.com\/wordpress\/plugins\/seo\/ -->\n<title>Rekolekcji dzie\u0144 2 - Gaudium Et Spes<\/title>\n<meta name=\"robots\" content=\"index, follow, max-snippet:-1, max-image-preview:large, max-video-preview:-1\" \/>\n<link rel=\"canonical\" href=\"https:\/\/gaudiumetspes-blog.pl\/index.php\/2011\/03\/26\/rekolekcji-dzien-2\/\" \/>\n<meta property=\"og:locale\" content=\"pl_PL\" \/>\n<meta property=\"og:type\" content=\"article\" \/>\n<meta property=\"og:title\" content=\"Rekolekcji dzie\u0144 2 - Gaudium Et Spes\" \/>\n<meta property=\"og:description\" content=\"Szcz\u0119\u015b\u0107 Bo\u017ce! Bardzo serdecznie witam w drugim dniu naszych Rekolekcji. Zapraszam do refleksji nad sprawami Bo\u017cymi w naszym \u017cyciu. W miar\u0119 mo\u017cliwo\u015bci &#8211; zach\u0119cam do wype\u0142niania rekolekcyjnych zada\u0144 oraz do wsp\u00f3lnej modlitwy. Bardzo jestem ciekaw &#8211; nawet tak na przysz\u0142o\u015b\u0107 &#8211; co my\u015blicie o takiej formie pracy rekolekcyjnej? Napiszcie! A ja raz jeszcze przepraszam za [&hellip;]\" \/>\n<meta property=\"og:url\" content=\"https:\/\/gaudiumetspes-blog.pl\/index.php\/2011\/03\/26\/rekolekcji-dzien-2\/\" \/>\n<meta property=\"og:site_name\" content=\"Gaudium Et Spes\" \/>\n<meta property=\"article:published_time\" content=\"2011-03-26T08:46:00+00:00\" \/>\n<meta property=\"article:modified_time\" content=\"2019-07-31T10:52:12+00:00\" \/>\n<meta name=\"author\" content=\"Ks. Jacek\" \/>\n<meta name=\"twitter:card\" content=\"summary_large_image\" \/>\n<meta name=\"twitter:label1\" content=\"Napisane przez\" \/>\n\t<meta name=\"twitter:data1\" content=\"Ks. Jacek\" \/>\n\t<meta name=\"twitter:label2\" content=\"Szacowany czas czytania\" \/>\n\t<meta name=\"twitter:data2\" content=\"14 minut\" \/>\n<script type=\"application\/ld+json\" class=\"yoast-schema-graph\">{\"@context\":\"https:\/\/schema.org\",\"@graph\":[{\"@type\":\"WebPage\",\"@id\":\"https:\/\/gaudiumetspes-blog.pl\/index.php\/2011\/03\/26\/rekolekcji-dzien-2\/\",\"url\":\"https:\/\/gaudiumetspes-blog.pl\/index.php\/2011\/03\/26\/rekolekcji-dzien-2\/\",\"name\":\"Rekolekcji dzie\u0144 2 - Gaudium Et Spes\",\"isPartOf\":{\"@id\":\"https:\/\/gaudiumetspes-blog.pl\/#website\"},\"datePublished\":\"2011-03-26T08:46:00+00:00\",\"dateModified\":\"2019-07-31T10:52:12+00:00\",\"author\":{\"@id\":\"https:\/\/gaudiumetspes-blog.pl\/#\/schema\/person\/1661982992b752dea8dff0d4ed845a65\"},\"breadcrumb\":{\"@id\":\"https:\/\/gaudiumetspes-blog.pl\/index.php\/2011\/03\/26\/rekolekcji-dzien-2\/#breadcrumb\"},\"inLanguage\":\"pl-PL\",\"potentialAction\":[{\"@type\":\"ReadAction\",\"target\":[\"https:\/\/gaudiumetspes-blog.pl\/index.php\/2011\/03\/26\/rekolekcji-dzien-2\/\"]}]},{\"@type\":\"BreadcrumbList\",\"@id\":\"https:\/\/gaudiumetspes-blog.pl\/index.php\/2011\/03\/26\/rekolekcji-dzien-2\/#breadcrumb\",\"itemListElement\":[{\"@type\":\"ListItem\",\"position\":1,\"name\":\"Strona g\u0142\u00f3wna\",\"item\":\"https:\/\/gaudiumetspes-blog.pl\/\"},{\"@type\":\"ListItem\",\"position\":2,\"name\":\"Rekolekcji dzie\u0144 2\"}]},{\"@type\":\"WebSite\",\"@id\":\"https:\/\/gaudiumetspes-blog.pl\/#website\",\"url\":\"https:\/\/gaudiumetspes-blog.pl\/\",\"name\":\"Gaudium Et Spes\",\"description\":\"Blog Ks. Jacka Ja\u015bkowskiego\",\"potentialAction\":[{\"@type\":\"SearchAction\",\"target\":{\"@type\":\"EntryPoint\",\"urlTemplate\":\"https:\/\/gaudiumetspes-blog.pl\/?s={search_term_string}\"},\"query-input\":{\"@type\":\"PropertyValueSpecification\",\"valueRequired\":true,\"valueName\":\"search_term_string\"}}],\"inLanguage\":\"pl-PL\"},{\"@type\":\"Person\",\"@id\":\"https:\/\/gaudiumetspes-blog.pl\/#\/schema\/person\/1661982992b752dea8dff0d4ed845a65\",\"name\":\"Ks. Jacek\",\"image\":{\"@type\":\"ImageObject\",\"inLanguage\":\"pl-PL\",\"@id\":\"https:\/\/gaudiumetspes-blog.pl\/#\/schema\/person\/image\/\",\"url\":\"https:\/\/gaudiumetspes-blog.pl\/wp-content\/uploads\/2019\/07\/avatar-JJ-150x150.jpg\",\"contentUrl\":\"https:\/\/gaudiumetspes-blog.pl\/wp-content\/uploads\/2019\/07\/avatar-JJ-150x150.jpg\",\"caption\":\"Ks. Jacek\"},\"description\":\"Witam serdecznie! K\u0142ania si\u0119 Ks. Jacek Ja\u015bkowski. Nie jestem ani kim\u015b wa\u017cnym, ani kim\u015b znanym. Jestem ksi\u0119dzem, kt\u00f3ry po prostu chce rozmawia\u0107. Codzienna kap\u0142a\u0144ska pos\u0142uga pokazuje mi, \u017ce temat\u00f3w do rozm\u00f3w z ksi\u0119dzem jest coraz wi\u0119cej i dzisiaj \u017caden ksi\u0105dz nie mo\u017ce od nich ucieka\u0107, ale - wprost przeciwnie - podejmowa\u0107 nowe wyzwania. To przekonanie sk\u0142oni\u0142o mnie do pr\u00f3by otwarcia tego\u017c bloga, chocia\u017c okazji do rozm\u00f3w na co dzie\u0144 - w konfesjonale i poza nim - na szcz\u0119\u015bcie nie brakuje. My\u015bl\u0119 jednak, \u017ce ten blog b\u0119dzie jeszcze jednym sposobem i przestrzeni\u0105 nawi\u0105zania kontaktu z lud\u017ami dobrej woli, otwartymi na dialog.\",\"url\":\"https:\/\/gaudiumetspes-blog.pl\/index.php\/author\/ks-jacek\/\"}]}<\/script>\n<!-- \/ Yoast SEO plugin. -->","yoast_head_json":{"title":"Rekolekcji dzie\u0144 2 - Gaudium Et Spes","robots":{"index":"index","follow":"follow","max-snippet":"max-snippet:-1","max-image-preview":"max-image-preview:large","max-video-preview":"max-video-preview:-1"},"canonical":"https:\/\/gaudiumetspes-blog.pl\/index.php\/2011\/03\/26\/rekolekcji-dzien-2\/","og_locale":"pl_PL","og_type":"article","og_title":"Rekolekcji dzie\u0144 2 - Gaudium Et Spes","og_description":"Szcz\u0119\u015b\u0107 Bo\u017ce! Bardzo serdecznie witam w drugim dniu naszych Rekolekcji. Zapraszam do refleksji nad sprawami Bo\u017cymi w naszym \u017cyciu. W miar\u0119 mo\u017cliwo\u015bci &#8211; zach\u0119cam do wype\u0142niania rekolekcyjnych zada\u0144 oraz do wsp\u00f3lnej modlitwy. Bardzo jestem ciekaw &#8211; nawet tak na przysz\u0142o\u015b\u0107 &#8211; co my\u015blicie o takiej formie pracy rekolekcyjnej? Napiszcie! A ja raz jeszcze przepraszam za [&hellip;]","og_url":"https:\/\/gaudiumetspes-blog.pl\/index.php\/2011\/03\/26\/rekolekcji-dzien-2\/","og_site_name":"Gaudium Et Spes","article_published_time":"2011-03-26T08:46:00+00:00","article_modified_time":"2019-07-31T10:52:12+00:00","author":"Ks. Jacek","twitter_card":"summary_large_image","twitter_misc":{"Napisane przez":"Ks. Jacek","Szacowany czas czytania":"14 minut"},"schema":{"@context":"https:\/\/schema.org","@graph":[{"@type":"WebPage","@id":"https:\/\/gaudiumetspes-blog.pl\/index.php\/2011\/03\/26\/rekolekcji-dzien-2\/","url":"https:\/\/gaudiumetspes-blog.pl\/index.php\/2011\/03\/26\/rekolekcji-dzien-2\/","name":"Rekolekcji dzie\u0144 2 - Gaudium Et Spes","isPartOf":{"@id":"https:\/\/gaudiumetspes-blog.pl\/#website"},"datePublished":"2011-03-26T08:46:00+00:00","dateModified":"2019-07-31T10:52:12+00:00","author":{"@id":"https:\/\/gaudiumetspes-blog.pl\/#\/schema\/person\/1661982992b752dea8dff0d4ed845a65"},"breadcrumb":{"@id":"https:\/\/gaudiumetspes-blog.pl\/index.php\/2011\/03\/26\/rekolekcji-dzien-2\/#breadcrumb"},"inLanguage":"pl-PL","potentialAction":[{"@type":"ReadAction","target":["https:\/\/gaudiumetspes-blog.pl\/index.php\/2011\/03\/26\/rekolekcji-dzien-2\/"]}]},{"@type":"BreadcrumbList","@id":"https:\/\/gaudiumetspes-blog.pl\/index.php\/2011\/03\/26\/rekolekcji-dzien-2\/#breadcrumb","itemListElement":[{"@type":"ListItem","position":1,"name":"Strona g\u0142\u00f3wna","item":"https:\/\/gaudiumetspes-blog.pl\/"},{"@type":"ListItem","position":2,"name":"Rekolekcji dzie\u0144 2"}]},{"@type":"WebSite","@id":"https:\/\/gaudiumetspes-blog.pl\/#website","url":"https:\/\/gaudiumetspes-blog.pl\/","name":"Gaudium Et Spes","description":"Blog Ks. Jacka Ja\u015bkowskiego","potentialAction":[{"@type":"SearchAction","target":{"@type":"EntryPoint","urlTemplate":"https:\/\/gaudiumetspes-blog.pl\/?s={search_term_string}"},"query-input":{"@type":"PropertyValueSpecification","valueRequired":true,"valueName":"search_term_string"}}],"inLanguage":"pl-PL"},{"@type":"Person","@id":"https:\/\/gaudiumetspes-blog.pl\/#\/schema\/person\/1661982992b752dea8dff0d4ed845a65","name":"Ks. Jacek","image":{"@type":"ImageObject","inLanguage":"pl-PL","@id":"https:\/\/gaudiumetspes-blog.pl\/#\/schema\/person\/image\/","url":"https:\/\/gaudiumetspes-blog.pl\/wp-content\/uploads\/2019\/07\/avatar-JJ-150x150.jpg","contentUrl":"https:\/\/gaudiumetspes-blog.pl\/wp-content\/uploads\/2019\/07\/avatar-JJ-150x150.jpg","caption":"Ks. Jacek"},"description":"Witam serdecznie! K\u0142ania si\u0119 Ks. Jacek Ja\u015bkowski. Nie jestem ani kim\u015b wa\u017cnym, ani kim\u015b znanym. Jestem ksi\u0119dzem, kt\u00f3ry po prostu chce rozmawia\u0107. Codzienna kap\u0142a\u0144ska pos\u0142uga pokazuje mi, \u017ce temat\u00f3w do rozm\u00f3w z ksi\u0119dzem jest coraz wi\u0119cej i dzisiaj \u017caden ksi\u0105dz nie mo\u017ce od nich ucieka\u0107, ale - wprost przeciwnie - podejmowa\u0107 nowe wyzwania. To przekonanie sk\u0142oni\u0142o mnie do pr\u00f3by otwarcia tego\u017c bloga, chocia\u017c okazji do rozm\u00f3w na co dzie\u0144 - w konfesjonale i poza nim - na szcz\u0119\u015bcie nie brakuje. My\u015bl\u0119 jednak, \u017ce ten blog b\u0119dzie jeszcze jednym sposobem i przestrzeni\u0105 nawi\u0105zania kontaktu z lud\u017ami dobrej woli, otwartymi na dialog.","url":"https:\/\/gaudiumetspes-blog.pl\/index.php\/author\/ks-jacek\/"}]}},"jetpack_featured_media_url":"","jetpack_sharing_enabled":true,"_links":{"self":[{"href":"https:\/\/gaudiumetspes-blog.pl\/index.php\/wp-json\/wp\/v2\/posts\/9907","targetHints":{"allow":["GET"]}}],"collection":[{"href":"https:\/\/gaudiumetspes-blog.pl\/index.php\/wp-json\/wp\/v2\/posts"}],"about":[{"href":"https:\/\/gaudiumetspes-blog.pl\/index.php\/wp-json\/wp\/v2\/types\/post"}],"author":[{"embeddable":true,"href":"https:\/\/gaudiumetspes-blog.pl\/index.php\/wp-json\/wp\/v2\/users\/1"}],"replies":[{"embeddable":true,"href":"https:\/\/gaudiumetspes-blog.pl\/index.php\/wp-json\/wp\/v2\/comments?post=9907"}],"version-history":[{"count":1,"href":"https:\/\/gaudiumetspes-blog.pl\/index.php\/wp-json\/wp\/v2\/posts\/9907\/revisions"}],"predecessor-version":[{"id":10176,"href":"https:\/\/gaudiumetspes-blog.pl\/index.php\/wp-json\/wp\/v2\/posts\/9907\/revisions\/10176"}],"wp:attachment":[{"href":"https:\/\/gaudiumetspes-blog.pl\/index.php\/wp-json\/wp\/v2\/media?parent=9907"}],"wp:term":[{"taxonomy":"category","embeddable":true,"href":"https:\/\/gaudiumetspes-blog.pl\/index.php\/wp-json\/wp\/v2\/categories?post=9907"},{"taxonomy":"post_tag","embeddable":true,"href":"https:\/\/gaudiumetspes-blog.pl\/index.php\/wp-json\/wp\/v2\/tags?post=9907"}],"curies":[{"name":"wp","href":"https:\/\/api.w.org\/{rel}","templated":true}]}}