{"id":9908,"date":"2011-03-25T09:45:00","date_gmt":"2011-03-25T08:45:00","guid":{"rendered":"https:\/\/gaudiumetspes-blog.pl\/index.php\/2011\/03\/25\/rekolekcji-dzien-1\/"},"modified":"2019-07-31T12:52:11","modified_gmt":"2019-07-31T10:52:11","slug":"rekolekcji-dzien-1","status":"publish","type":"post","link":"https:\/\/gaudiumetspes-blog.pl\/index.php\/2011\/03\/25\/rekolekcji-dzien-1\/","title":{"rendered":"Rekolekcji dzie\u0144 1"},"content":{"rendered":"<p>Witam w pierwszym dniu Rekolekcji wielkopostnych, jakie prowadz\u0119 w Parafii w Przesmykach, w diecezji siedleckiej. Zapraszam do wsp\u00f3lnej refleksji, do wsp\u00f3lnoty modlitwy i do podj\u0119cia rekolekcyjnych zada\u0144, zaznaczaj\u0105c, \u017ce zasadniczo ta forma nie zast\u0119puje osobistego udzia\u0142u w Rekolekcjach. Prosz\u0119, potraktujcie to jako dopowiedzenie do Rekolekcji osobi\u015bcie prze\u017cywanych, a ta forma mog\u0142aby wystarczy\u0107 tym, kt\u00f3rzy z przyczyn obiektywnych nie b\u0119d\u0105 mogli uczestniczy\u0107 osobi\u015bcie. \u0141\u0105czmy si\u0119 zatem sercem i modlitw\u0105!<br style=\"font-family: 'Times New Roman';\" \/>Dzisiaj zapraszam do lektury rozwa\u017cania i Drogi Krzy\u017cowej, kt\u00f3rej jednak stacja 14 i zako\u0144czenie znajd\u0105 si\u0119 w oddzielnym wpisie &#8211; ze wzgl\u0119du na techniczne trudno\u015bci.<br style=\"font-family: 'Times New Roman';\" \/>&nbsp;&nbsp;&nbsp;&nbsp;&nbsp;&nbsp;&nbsp;&nbsp;&nbsp;&nbsp;&nbsp;&nbsp;&nbsp;&nbsp;&nbsp;&nbsp;&nbsp;&nbsp;&nbsp;&nbsp;&nbsp;&nbsp;&nbsp;&nbsp; Gaudium et spes!&nbsp; Ks. Jacek&nbsp;<\/p>\n<div class=\"MsoNormal\" style=\"color: #0f0f0f; font-family: 'Times New Roman'; font-size: 14px; margin-bottom: 0px; margin-left: 0px; margin-right: 0px; margin-top: 0.4em; text-align: justify;\"><b>REKOLEKCJE WIELKOPOSTNE \u2013 DZIE\u0143 1<\/b><\/div>\n<div class=\"MsoNormal\" style=\"color: #0f0f0f; font-family: 'Times New Roman'; font-size: 14px; margin-bottom: 0px; margin-left: 0px; margin-right: 0px; margin-top: 0.4em; text-align: justify;\"><b>w Uroczysto\u015b\u0107 Zwiastowania Naj\u015bwi\u0119tszej Maryi Panny,<\/b><\/div>\n<div class=\"MsoNormal\" style=\"color: #0f0f0f; font-family: 'Times New Roman'; font-size: 14px; margin-bottom: 0px; margin-left: 0px; margin-right: 0px; margin-top: 0.4em; text-align: justify;\"><b>25 marca 2011., Par. \u015aw.Jakuba Aposto\u0142a w Przesmykach,<\/b><\/div>\n<div class=\"MsoNormal\" style=\"color: #0f0f0f; font-family: 'Times New Roman'; font-size: 14px; margin-bottom: 0px; margin-left: 0px; margin-right: 0px; margin-top: 0.4em; text-align: justify;\"><b>do czyta\u0144 z t. VI Lekcjonarza:Iz 7,10\u201314;&nbsp;&nbsp;Hbr 10,4\u201310;&nbsp;\u0141k 1,26\u201338<\/b><\/div>\n<div class=\"MsoNormal\" style=\"color: #0f0f0f; font-family: 'Times New Roman'; font-size: 14px; margin-bottom: 0px; margin-left: 0px; margin-right: 0px; margin-top: 0.4em; text-align: justify; text-indent: 35.4pt;\">Bogu Najwy\u017cszemu i Tr\u00f3jjedynemu niech b\u0119dzie cze\u015b\u0107 i uwielbienie, za wielkie Jego mi\u0142osierdzie, jakie nam nieustannie okazuje. Mi\u0142osierdzie to przejawia si\u0119 na wiele sposob\u00f3w i w ka\u017cdym czasie, jednak jako\u015b tak szczeg\u00f3lnie wyra\u017anie wszyscy do\u015bwiadczamy go&nbsp;<b>w zbawiennym dla nas czasie Wielkiego Postu, a w jego trakcie \u2013 w czasie Rekolekcji parafialnych.<\/b>Jest to naprawd\u0119 czas bardzo wyj\u0105tkowy \u2013 jest to czas \u015bwi\u0119ty \u2013 czas, w kt\u00f3rym dokonujemy jakiego\u015b g\u0142\u0119bokiego rozrachunku z \u017cyciem po to, aby podj\u0105\u0107 mocne i dobre postanowienia na przysz\u0142o\u015b\u0107.<\/div>\n<div class=\"MsoNormal\" style=\"color: #0f0f0f; font-family: 'Times New Roman'; font-size: 14px; margin-bottom: 0px; margin-left: 0px; margin-right: 0px; margin-top: 0.4em; text-align: justify; text-indent: 35.4pt;\">U progu tego czasu&nbsp;<b>bardzo serdecznie witam ca\u0142\u0105 Rodzin\u0119 Parafialn\u0105 pod wezwaniem \u015awi\u0119tego Jakuba Aposto\u0142a w Przesmykach,<\/b>&nbsp;a w niej \u2013 wszystkie grupy i wsp\u00f3lnoty, wszystkie osoby, szczeg\u00f3lnie zaanga\u017cowane w jej dzia\u0142alno\u015b\u0107. A to powitanie i pozdrowienie<b>&nbsp;sk\u0142adam na r\u0119ce Czcigodnych Duszpasterzy: Ksi\u0119dza Proboszcza,&nbsp;<\/b>kt\u00f3remu ju\u017c dzisiaj dzi\u0119kuje za zaproszenie do przeprowadzenia tych\u017ce Rekolekcji,&nbsp;<b>Ksi\u0119dza Kanonika, oraz Ksi\u0119dza Mariusza<\/b>&nbsp;\u2013 mojego serdecznego Przyjaciela jeszcze od czas\u00f3w k\u00f3\u0142ka ministranckiego, poprzez nauk\u0119 w jednej szkole podstawowej i \u015bredniej, a potem \u2013 tak\u017ce prac\u0119 na jednej Parafii. Dzisiaj<b>dzi\u0119kuj\u0119 Ksi\u0119dzu Mariuszowi za wieloletni\u0105 wiern\u0105 przyja\u017a\u0144,<\/b>&nbsp;wyra\u017cam te\u017c ogromn\u0105 rado\u015b\u0107, \u017ce w tym Zespole Duszpasterskim, w Waszej rozmodlonej Wsp\u00f3lnocie, b\u0119d\u0119 m\u00f3g\u0142 tak\u017ce prze\u017cywa\u0107 swoje osobiste Rekolekcje wielkopostne.<\/div>\n<div class=\"MsoNormal\" style=\"color: #0f0f0f; font-family: 'Times New Roman'; font-size: 14px; margin-bottom: 0px; margin-left: 0px; margin-right: 0px; margin-top: 0.4em; text-align: justify; text-indent: 35.4pt;\">Chcia\u0142bym tu jednocze\u015bnie nadmieni\u0107, \u017ce do prze\u017cywania tego \u015bwi\u0119tego czasu&nbsp;<b>pozwoli\u0142em sobie zaprosi\u0107 Internaut\u00f3w, Czytelnik\u00f3w prowadzonego przeze mnie od jakiego\u015b czasu bloga.<\/b>&nbsp;W\u0142a\u015bnie tam umieszczam teksty kolejnych rozwa\u017ca\u0144, zapraszaj\u0105c moich Czytelnik\u00f3w zar\u00f3wno<b>do wsp\u00f3lnej modlitwy z nami i za nas<\/b>&nbsp;\u2013 my b\u0119dziemy modli\u0107 si\u0119 za nich \u2013 jak te\u017c&nbsp;<b>do wsp\u00f3lnej pracy,<\/b>&nbsp;kt\u00f3r\u0105 chcia\u0142bym tutaj sobie oraz Wam zaproponowa\u0107.<\/div>\n<div class=\"MsoNormal\" style=\"color: #0f0f0f; font-family: 'Times New Roman'; font-size: 14px; margin-bottom: 0px; margin-left: 0px; margin-right: 0px; margin-top: 0.4em; text-align: justify; text-indent: 35.4pt;\">A tak\u0105 moj\u0105 pierwsz\u0105 propozycj\u0105 jest zaproszenie do wsp\u00f3lnej modlitwy w tym \u015bwi\u0119tym czasie. Naturalnie, ka\u017cdy b\u0119dzie modli\u0142 si\u0119 tak, jak chce i potrafi, ale ja zwykle, prowadz\u0105c Rekolekcje, zapraszam do w\u0142\u0105czenia si\u0119&nbsp;<b>w jak\u0105\u015b jedn\u0105, wsp\u00f3ln\u0105 form\u0119 modlitwy<\/b>&nbsp;\u2013 obok tych swoich ulubionych. Chodzi o to, aby\u015bmy wszyscy razem \u2013 ja te\u017c \u2013 ka\u017cdego dnia odmawiali<b>&nbsp;<\/b><b>jedn\u0105, tak\u0105 sam\u0105 modlitw\u0119,&nbsp;<\/b>aby to nas mog\u0142o jeszcze \u015bci\u015blej \u0142\u0105czy\u0107 we wsp\u00f3lnocie rekolekcyjnej.&nbsp;<\/div>\n<div class=\"MsoNormal\" style=\"color: #0f0f0f; font-family: 'Times New Roman'; font-size: 14px; margin-bottom: 0px; margin-left: 0px; margin-right: 0px; margin-top: 0.4em; text-align: justify; text-indent: 35.4pt;\">Proponuj\u0119 aby\u015bmy dzisiaj odm\u00f3wili&nbsp;<b>dwa pierwsze dziesi\u0105tki cz\u0119\u015bci \u015bwiat\u0142a R\u00f3\u017ca\u0144ca \u015awi\u0119tego: Chrzest Jezusa w Jordanie, oraz: Objawienie swej chwa\u0142y przez Jezusa na weselu w Kanie Galilejskiej.<\/b>&nbsp;W\u0142a\u015bnie te dwa dziesi\u0105tki dzisiaj odm\u00f3wimy \u2013 ale nie tutaj razem, chocia\u017c to by\u0142oby mo\u017ce najprostsze i naj\u0142atwiejsze do szybkiego wykonania. Ja jednak chcia\u0142bym prosi\u0107, aby\u015bmy&nbsp;<b>uczynili to w naszych domach,&nbsp;<\/b>a to z tego wzgl\u0119du, \u017ce w ten spos\u00f3b tak\u017ce w naszych domach wprowadzimy&nbsp;<b>chocia\u017c troch\u0119 tej cudownej, rekolekcyjnej atmosfery, kt\u00f3r\u0105 tutaj b\u0119dziemy tworzyli.<\/b><\/div>\n<div class=\"MsoNormal\" style=\"color: #0f0f0f; font-family: 'Times New Roman'; font-size: 14px; margin-bottom: 0px; margin-left: 0px; margin-right: 0px; margin-top: 0.4em; text-align: justify; text-indent: 35.4pt;\">Bardzo mile by\u0142aby widziana&nbsp;<b>wsp\u00f3lna modlitwa \u2013 w gronie rodziny,<\/b>&nbsp;lub s\u0105siad\u00f3w, a mo\u017ce w gronie przyjaci\u00f3\u0142:<b>gor\u0105co do tego zach\u0119cam!<\/b>&nbsp;Oczywi\u015bcie \u2013 je\u017celi kto\u015b nie b\u0119dzie m\u00f3g\u0142 uczyni\u0107 to w jakiej\u015b wsp\u00f3lnocie, niech si\u0119 modli indywidualnie.&nbsp;<b>A w jakich intencjach b\u0119dziemy si\u0119 modli\u0107?<\/b><\/div>\n<div class=\"MsoNormal\" style=\"color: #0f0f0f; font-family: 'Times New Roman'; font-size: 14px; margin-bottom: 0px; margin-left: 0px; margin-right: 0px; margin-top: 0.4em; text-align: justify; text-indent: 35.4pt;\">Przede wszystkim \u2013&nbsp;<b>za siebie nawzajem:<\/b>&nbsp;<b>o dobre i konkretne owoce tego czasu w \u017cyciu nas wszystkich.<\/b>&nbsp;Nas \u2013 tutaj obecnych i tych, kt\u00f3rzy b\u0119d\u0105 w Internecie \u015bledzi\u0107 nasze poczynania i towarzyszy\u0107 nam modlitw\u0105. M\u00f3dlmy si\u0119 dla siebie nawzajem&nbsp;<b>o dobr\u0105 Spowied\u017a,&nbsp;<\/b>kt\u00f3rej \u2013 to taka pro\u015bba przy okazji \u2013 nie odk\u0142adajmy na ostatnie dni przed \u015awi\u0119tami, na zasadzie wyrzucenia kosza ze \u015bmieciami po to, aby po \u015awi\u0119tach m\u00f3c tam od nowa wrzuca\u0107 \u015bmieci. Nie takie jest znaczenie Spowiedzi \u2013<b>naprawd\u0119 trzeba, aby\u015bmy z czystymi sercami prze\u017cywali tak\u017ce Wielki Post i ca\u0142e nasze \u017cycie, a nie tylko dwa dni \u015bwi\u0105teczne.<\/b>&nbsp;<\/div>\n<div class=\"MsoNormal\" style=\"color: #0f0f0f; font-family: 'Times New Roman'; font-size: 14px; margin-bottom: 0px; margin-left: 0px; margin-right: 0px; margin-top: 0.4em; text-align: justify; text-indent: 35.4pt;\">Tak zatem, o t\u0119 dobr\u0105 Spowied\u017a zechciejmy si\u0119 modli\u0107! I m\u00f3dlmy si\u0119 za tych, kt\u00f3rzy chocia\u017c&nbsp;<b>bardzo chc\u0105 uczestniczy\u0107 z nami w Rekolekcjach, to jednak nie mog\u0105<\/b>&nbsp;z powodu wieku lub choroby. Powiedzcie im, Kochani, \u017ce traktujemy ich jako obecnych w\u015br\u00f3d nas, bo doceniamy ich modlitw\u0119 za nas&nbsp;<b>i ofiarowanie w intencji tych Rekolekcji cierpie\u0144, za co te\u017c bardzo im dzi\u0119kujemy.<\/b>&nbsp;I \u2013 w\u0142a\u015bnie \u2013 otaczamy ich nasz\u0105 modlitw\u0105.<\/div>\n<div class=\"MsoNormal\" style=\"color: #0f0f0f; font-family: 'Times New Roman'; font-size: 14px; margin-bottom: 0px; margin-left: 0px; margin-right: 0px; margin-top: 0.4em; text-align: justify; text-indent: 35.4pt;\">Ale te\u017c pami\u0119ta\u0107 b\u0119dziemy o tych, kt\u00f3rzy&nbsp;<b>chocia\u017c mog\u0105, to jednak nie chc\u0105 by\u0107 tutaj z nami,<\/b>&nbsp;bo mo\u017ce nie uwa\u017caj\u0105 tego za wa\u017cne, a mo\u017ce kiedy\u015b czym\u015b si\u0119 zrazili i ju\u017c dawno nie byli w ko\u015bciele, na Mszy \u015awi\u0119tej, u Komunii \u015awi\u0119tej\u2026 Za nich pom\u00f3dlmy si\u0119,&nbsp;<b>aby i oni skorzystali z zaproszenia, jakie kieruje do nich Pan.<\/b><\/div>\n<div class=\"MsoNormal\" style=\"color: #0f0f0f; font-family: 'Times New Roman'; font-size: 14px; margin-bottom: 0px; margin-left: 0px; margin-right: 0px; margin-top: 0.4em; text-align: justify; text-indent: 35.4pt;\">W tych to w\u0142a\u015bnie intencjach b\u0119dziemy si\u0119 modli\u0107 w taki spos\u00f3b, jaki kto uznaje i lubi, a jako Wsp\u00f3lnota \u2013 odmawiaj\u0105c w domach, w rodzinach&nbsp;<b>dwie pierwsze tajemnice cz\u0119\u015bci \u015bwiat\u0142a R\u00f3\u017ca\u0144ca \u015awi\u0119tego.<\/b>&nbsp;Jutro b\u0119d\u0105 dwie nast\u0119pne tajemnice, a w niedziel\u0119 \u2013 ostatnia tajemnica i Litania Loreta\u0144ska do Matki Bo\u017cej.<\/div>\n<div class=\"MsoNormal\" style=\"color: #0f0f0f; font-family: 'Times New Roman'; font-size: 14px; margin-bottom: 0px; margin-left: 0px; margin-right: 0px; margin-top: 0.4em; text-align: justify; text-indent: 35.4pt;\">W\u0142a\u015bnie wstawiennictwa Maryi przyzywa\u0107 b\u0119dziemy, bo to przecie\u017c w Uroczysto\u015b\u0107 jej Zwiastowania rozpoczynamy czas duchowej pracy. B\u0119dziemy si\u0119 zatem w Ni\u0105 wpatrywa\u0107, a Jej s\u0142owa uczynimy&nbsp;<b>g\u0142\u00f3wnym has\u0142em, g\u0142\u00f3wn\u0105 my\u015bl\u0105 wszystkich naszych wsp\u00f3lnych rozwa\u017ca\u0144.<\/b>&nbsp;To w\u0142a\u015bnie chcia\u0142bym zaproponowa\u0107, aby\u015bmy skoncentrowali ca\u0142\u0105 duchow\u0105 prac\u0119, jak\u0105 podejmujemy dzisiaj, wok\u00f3\u0142 s\u0142\u00f3w Maryi:<b>OTO JA, S\u0141U\u017bEBNICA PA\u0143SKA, NIECH MI SI\u0118 STANIE WED\u0141UG S\u0141OWA TWEGO!<\/b><\/div>\n<div class=\"MsoNormal\" style=\"color: #0f0f0f; font-family: 'Times New Roman'; font-size: 14px; margin-bottom: 0px; margin-left: 0px; margin-right: 0px; margin-top: 0.4em; text-align: justify; text-indent: 35.4pt;\">To b\u0119dzie g\u0142\u00f3wne has\u0142o naszych Rekolekcji, przy czym dzisiaj zastanowimy si\u0119 nad jego pierwsz\u0105 cz\u0119\u015bci\u0105:&nbsp;<b>OTO JA \u2013 S\u0141U\u017bEBNICA PA\u0143SKA, OTO JA \u2013 S\u0141UGA PA\u0143SKI,<\/b>&nbsp;a wi\u0119c nad problemem gotowo\u015bci na wezwanie Pana; jutro na warsztat naszej pracy we\u017amiemy s\u0142owa:&nbsp;<b>NIECH MI SI\u0118 STANIE<\/b>&nbsp;\u2013 zastanawiaj\u0105c si\u0119 nad dzia\u0142aniem Boga w naszym \u017cyciu; w niedziel\u0119 za\u015b \u2013&nbsp;<b>WED\u0141UG S\u0141OWA TWEGO,<\/b>&nbsp;z refleksj\u0105 o przemawianiu Boga do nas i o wskaz\u00f3wkach, jakich nam udziela.<\/div>\n<div class=\"MsoNormal\" style=\"color: #0f0f0f; font-family: 'Times New Roman'; font-size: 14px; margin-bottom: 0px; margin-left: 0px; margin-right: 0px; margin-top: 0.4em; text-align: justify; text-indent: 35.4pt;\">Ka\u017cd\u0105 z codziennych refleksji b\u0119d\u0119 ko\u0144czy\u0142&nbsp;<b>kilkoma pytaniami,&nbsp;<\/b>a po ka\u017cdym z nich nast\u0105pi chwila ciszy. Nie b\u0119dzie to czas wystarczaj\u0105cy na to, aby udzieli\u0107 sobie kompletnej i pe\u0142nej odpowiedzi na dane pytanie, chodzi natomiast o to, aby&nbsp;<b>pytania te mocno wybrzmia\u0142y w naszych sercach<\/b>&nbsp;i aby\u015bmy mogli do nich tak\u017ce w domu wraca\u0107. Ostatnim pytaniem, ostatniego dnia, a wi\u0119c w niedziel\u0119 \u2013<b>b\u0119dzie pytanie o postanowienie: o konkretne postanowienie<\/b><b>z tych Rekolekcji.<\/b>&nbsp;Zechciejmy si\u0119 ju\u017c dzisiaj nad tym zastanawia\u0107, aby gdy pojawi si\u0119 ono, nie by\u0142o dla nikogo z nas jakim\u015b zaskoczeniem.<\/div>\n<div class=\"MsoNormal\" style=\"color: #0f0f0f; font-family: 'Times New Roman'; font-size: 14px; margin-bottom: 0px; margin-left: 0px; margin-right: 0px; margin-top: 0.4em; text-align: justify; text-indent: 35.4pt;\">Kochani, zapewne zauwa\u017cyli\u015bcie, \u017ce wyd\u0142u\u017cam wypowied\u017a o sprawach \u2013 nazwaliby\u015bmy \u2013 organizacyjnych, m\u00f3wi\u0105c, co mamy razem robi\u0107, za kogo i jak mamy si\u0119 modli\u0107\u2026 Zapewniam, \u017ce to nie z tego powodu, \u017ce si\u0119 zagapi\u0142em czy rozgada\u0142em.&nbsp;<b>Jest to celowe, zamierzone,<\/b>bowiem \u2013 wed\u0142ug mojego najg\u0142\u0119bszego przekonania \u2013 Rekolekcje to nie czas jakiego\u015b artystycznego, krasom\u00f3wczego prezentowania m\u0105dro\u015bci przez przyjezdnego kap\u0142ana,&nbsp;<b>ale to czas intensywnej pracy ka\u017cdej i ka\u017cdego z nas indywidualnie, wspartej tylko pewnymi prostymi refleksjami, wynikaj\u0105cymi z Bo\u017cego S\u0142owa.<\/b>&nbsp;Dlatego nie \u017ca\u0142ujmy czasu i energii na modlitw\u0119 \u2013 tak\u017ce t\u0119 wsp\u00f3lnie odmawian\u0105 \u2013 oraz na wype\u0142nienie pracy domowej, kt\u00f3ra pod koniec ka\u017cdego rozwa\u017cania b\u0119dzie zadana, a wreszcie \u2013 zechciejmy tak\u017ce rozmawia\u0107 o sprawach Bo\u017cych w naszych rodzinach.<\/div>\n<div class=\"MsoNormal\" style=\"color: #0f0f0f; font-family: 'Times New Roman'; font-size: 14px; margin-bottom: 0px; margin-left: 0px; margin-right: 0px; margin-top: 0.4em; text-align: justify; text-indent: 35.4pt;\">Tak zatem rozwa\u017camy has\u0142o:&nbsp;<b>OTO JA, S\u0141U\u017bEBNICA PA\u0143SKA, NIECH MI SI\u0118 STANIE WED\u0141UG S\u0141OWA TWEGO!,&nbsp;<\/b>dzisiaj szczeg\u00f3lnie jego pierwsz\u0105 cz\u0119\u015b\u0107:&nbsp;<b>OTO JA \u2013 S\u0141U\u017bEBNICA PA\u0143SKA, OTO JA \u2013 S\u0141UGA PA\u0143SKI<\/b>\u2026 Doskona\u0142y wz\u00f3r takiej postawy odnajdujemy w dyspozycyjno\u015bci Maryi, kt\u00f3ra \u2013 jakkolwiek zaskoczona, czy nawet zaszokowana Bo\u017c\u0105 propozycj\u0105 \u2013&nbsp;<b>jednak odpowiada pe\u0142n\u0105 gotowo\u015bci\u0105.<\/b>&nbsp;Naturalnie, zada\u0142a pytanie, chcia\u0142a wiedzie\u0107 chocia\u017c odrobin\u0119 wi\u0119cej o tym, co zaproponowa\u0142 Jej B\u00f3g przez Anio\u0142a Gabriela. Ale \u2013 nie oszukujmy si\u0119! \u2013&nbsp;<b>to, co us\u0142ysza\u0142a, na pewno nie wyja\u015bni\u0142o Jej wszystkich w\u0105tpliwo\u015bci.<\/b>&nbsp;Na pewno nie sprawi\u0142o, \u017ce ju\u017c wszystko dog\u0142\u0119bnie \u201eprze\u015bwietli\u0142a\u201d swoim intelektem.<\/div>\n<div class=\"MsoNormal\" style=\"color: #0f0f0f; font-family: 'Times New Roman'; font-size: 14px; margin-bottom: 0px; margin-left: 0px; margin-right: 0px; margin-top: 0.4em; text-align: justify; text-indent: 35.4pt;\">Ja my\u015bl\u0119, \u017ce chyba mo\u017cna zaryzykowa\u0107 stwierdzenie, i\u017c po tym wyja\u015bnieniu Anio\u0142a to&nbsp;<b>mniej jeszcze wiedzia\u0142a, co si\u0119 dzieje, ni\u017c przed, bo dopiero wtedy u\u015bwiadomi\u0142a sobie, z jak niesamowitym dzia\u0142aniem Bo\u017cym ma do czynienia!<\/b>&nbsp;Jak bardzo wiele zmieni si\u0119 w Jej \u017cyciu \u2013 w\u0142a\u015bciwie wszystko si\u0119 zmieni. I \u017ce&nbsp;<b>Niebo dotknie<\/b>&nbsp;jej zwyczajnej, tak zwanej \u201eszarej\u201d codzienno\u015bci! Tak, Niebo dotknie, bo jak inaczej wyrazi\u0107 to, \u017ce Jezus zamieszka w Jej \u0142onie, \u017ce przez Jej cz\u0142owiecze\u0144stwo i macierzy\u0144stwo stanie si\u0119 On cz\u0142owiekiem\u2026 W dodatku \u2013 pocz\u0119cie ma si\u0119 dokona\u0107 za spraw\u0105 Ducha \u015awi\u0119tego. Same pytania, bezmiar tajemnicy, a jednak Maryja m\u00f3wi:&nbsp;<b>OTO JA, S\u0141U\u017bEBNICA PA\u0143SKA<\/b>\u2026<\/div>\n<div class=\"MsoNormal\" style=\"color: #0f0f0f; font-family: 'Times New Roman'; font-size: 14px; margin-bottom: 0px; margin-left: 0px; margin-right: 0px; margin-top: 0.4em; text-align: justify; text-indent: 35.4pt;\">Ta Jej postawa wpisuje si\u0119 w postaw\u0119 Jej Syna, Jezusa Chrystusa, kt\u00f3ry ca\u0142ym swoim \u017cyciem nie czego innego uczy\u0142 nas, jak w\u0142a\u015bnie tego, \u017ce&nbsp;<b>i my winni\u015bmy \u2013 tak, jak On sam \u2013 potwierdza\u0107 konkretnymi czynami te w\u0142a\u015bnie s\u0142owa,<\/b>zapisane w dzisiejszym drugim czytaniu:&nbsp;<b><i>Oto id\u0119, abym spe\u0142nia\u0142 Twoj\u0105 wol\u0119<\/i><\/b>. S\u0142owa te, kt\u00f3ra Autor Listu do Hebrajczyk\u00f3w przedstawia nam jako s\u0142owa Jezusa, znacz\u0105 w sumie to samo, co w ustach Maryi:&nbsp;<b>OTO JA, S\u0141U\u017bEBNICA PA\u0143SKA.<\/b>&nbsp;Czyli \u2013 co znacz\u0105?<\/div>\n<div class=\"MsoNormal\" style=\"color: #0f0f0f; font-family: 'Times New Roman'; font-size: 14px; margin-bottom: 0px; margin-left: 0px; margin-right: 0px; margin-top: 0.4em; text-align: justify; text-indent: 35.4pt;\">A na pewno to, \u017ce staj\u0105c przed Bogiem, wybieraj\u0105c Boga, decyduj\u0105c si\u0119 na Boga,&nbsp;<b>nie mo\u017cna przyj\u0105\u0107 postawy \u201ep\u00f3\u0142 na p\u00f3\u0142\u201d, postawy letniej, postawy wyczekiwania na lepsz\u0105 okazj\u0119, postawy tak dzisiaj modnego \u201enieprzem\u0119czania si\u0119\u201d!<\/b>&nbsp;Nie mo\u017cna w tej spos\u00f3b podchodzi\u0107 do Boga i Jego spraw! Innymi s\u0142owy, oznacza to, \u017ce na wezwanie Bo\u017ce&nbsp;<b>nie odpowiada si\u0119: \u201eby\u0107 mo\u017ce\u2026\u201d, \u201echyba tak\u2026\u201d, \u201ezobacz\u0119, co si\u0119 da zrobi\u0107\u2026\u201d, \u201ea to zale\u017cy\u2026\u201d. Nie!<\/b>B\u00f3g nie akceptuje takich odpowiedzi!<\/div>\n<div class=\"MsoNormal\" style=\"color: #0f0f0f; font-family: 'Times New Roman'; font-size: 14px; margin-bottom: 0px; margin-left: 0px; margin-right: 0px; margin-top: 0.4em; text-align: justify; text-indent: 35.4pt;\">Bogu mo\u017cna odpowiedzie\u0107 tylko w dwojaki spos\u00f3b:&nbsp;<b>albo tak, albo nie! I nie ma \u017cadnych rozwi\u0105za\u0144 po\u015brednich.<\/b>&nbsp;Bogu mo\u017cna zatem powiedzie\u0107 albo tylko, \u017ce si\u0119 nie b\u0119dzie Mu zupe\u0142nie s\u0142u\u017cy\u0107, albo powiedzie\u0107 \u2013 i tak powinni\u015bmy zawsze post\u0119powa\u0107 \u2013&nbsp;<b>OTO JA, S\u0141U\u017bEBNICA PA\u0143SKA\u2026, OTO JA, S\u0141UGA PA\u0143SKI!<\/b><\/div>\n<div class=\"MsoNormal\" style=\"color: #0f0f0f; font-family: 'Times New Roman'; font-size: 14px; margin-bottom: 0px; margin-left: 0px; margin-right: 0px; margin-top: 0.4em; text-align: justify; text-indent: 35.4pt;\">A je\u017celi tak, to znaczy, \u017ce chc\u0119 w stu procentach s\u0142u\u017cy\u0107 Panu:&nbsp;<b><i>Oto id\u0119, abym spe\u0142nia\u0142 wol\u0119 Twoj\u0105<\/i>!<\/b>&nbsp;<b>OTO JA \u2013 S\u0141UGA! Oto ja \u2013 id\u0119!<\/b>&nbsp;Ju\u017c id\u0119! Teraz id\u0119 \u2013 nie: kiedy\u015b tam! Teraz! Ju\u017c!&nbsp;<b>Ju\u017c jestem do dyspozycji Boga, gotowy na Jego wezwanie! OTO JA \u2013 S\u0141UGA, OTO JA \u2013 S\u0141U\u017bEBNICA\u2026<\/b><\/div>\n<div class=\"MsoNormal\" style=\"color: #0f0f0f; font-family: 'Times New Roman'; font-size: 14px; margin-bottom: 0px; margin-left: 0px; margin-right: 0px; margin-top: 0.4em; text-align: justify; text-indent: 35.4pt;\">Oto ja \u2013 id\u0119, aby spotka\u0107 si\u0119 z moim Zbawicielem na Mszy \u015awi\u0119tej. Nie poprzestaj\u0119 tylko na wys\u0142uchaniu w radiu, albo obejrzeniu w telewizji, nie!&nbsp;<b>Oto id\u0119, aby da\u0107 sw\u00f3j czas, aby da\u0107 swoj\u0105 obecno\u015b\u0107 \u2013 na Mszy \u015awi\u0119tej, na rekolekcjach, przy konfesjonale<\/b>\u2026 Tu wsz\u0119dzie potrzebna jest moja nie tylko duchowa, ale fizyczna, osobista gotowo\u015b\u0107;<b>moja prawdziwa obecno\u015b\u0107<\/b>&nbsp;\u2013 o ile nie jestem chory, czy nie mam innych, ale prawdziwych przeszk\u00f3d! Je\u017celi jestem zdrowy i w pe\u0142ni si\u0142, to nie mog\u0119 postawi\u0107 na r\u00f3wni osobistego prze\u017cycia Mszy \u015awi\u0119tej z obejrzeniem jej transmisji w telewizji\u2026 Nie mog\u0119&nbsp;<b>na r\u00f3wni potraktowa\u0107 Spowiedzi z jakim\u015b mglistym u\u015bwiadomieniem sobie grzechu i rzekomym wewn\u0119trznym ma\u0142o konkretnym \u201e\u017ca\u0142owaniem\u201d za niego!<\/b><\/div>\n<div class=\"MsoNormal\" style=\"color: #0f0f0f; font-family: 'Times New Roman'; font-size: 14px; margin-bottom: 0px; margin-left: 0px; margin-right: 0px; margin-top: 0.4em; text-align: justify; text-indent: 35.4pt;\">I nie mog\u0119 w og\u00f3le ani Pana Boga, ani drugiego cz\u0142owieka traktowa\u0107 \u201eod niechcenia\u201d, na \u201edoczepk\u0119\u201d\u2026&nbsp;<b>OTO JA, S\u0141U\u017bEBNICA PA\u0143SKA, OTO JA \u2013 S\u0141UGA PA\u0143SKI<\/b>oznacza, \u017ce wszystkie swoje obowi\u0105zki wobec Boga i drugiego cz\u0142owieka spe\u0142niam&nbsp;<b>z najwy\u017cszym zaanga\u017cowaniem, spe\u0142niam ca\u0142ym sercem, anga\u017cuj\u0119 si\u0119 najlepiej, jak mog\u0119; daj\u0119 z siebie wszystko i jeszcze wi\u0119cej! Jakby od tego zale\u017ca\u0142o zbawienie ca\u0142ego \u015bwiata!<\/b>&nbsp;Bo \u2013 w jakim\u015b sensie \u2013 zale\u017cy!<\/div>\n<div class=\"MsoNormal\" style=\"color: #0f0f0f; font-family: 'Times New Roman'; font-size: 14px; margin-bottom: 0px; margin-left: 0px; margin-right: 0px; margin-top: 0.4em; text-align: justify; text-indent: 35.4pt;\">Dlatego nie wolno mi nigdy lekcewa\u017cy\u0107 Boga! Nie wolno mi nigdy lekcewa\u017cy\u0107 cz\u0142owieka!&nbsp;<b>Nigdy \u2013 nikogo!<\/b>&nbsp;Pod \u017cadnym pozorem, dla jakiegokolwiek powodu! Zawsze do ka\u017cdego z najwi\u0119ksz\u0105 mi\u0142o\u015bci\u0105, zawsze z gotowo\u015bci\u0105 wys\u0142uchania go i gotowo\u015bci\u0105 pomocy! A do Boga \u2013 z pe\u0142n\u0105 gotowo\u015bci\u0105 wype\u0142nienia ca\u0142ej Jego woli!&nbsp;<b>Panie, oto ja! Jestem got\u00f3w! Tu i teraz! Ca\u0142kowicie do Twojej dyspozycji!<\/b>&nbsp;I ca\u0142kowicie do dyspozycji mojej rodziny, moich przyjaci\u00f3\u0142, koleg\u00f3w i kole\u017canek z pracy i szko\u0142y \u2013&nbsp;<b>ca\u0142kowicie do dyspozycji drugiego, konkretnego cz\u0142owieka!&nbsp;<\/b>Tego, kt\u00f3ry teraz jest przy mnie! Tak\u017ce tego trudnego!<\/div>\n<div class=\"MsoNormal\" style=\"color: #0f0f0f; font-family: 'Times New Roman'; font-size: 14px; margin-bottom: 0px; margin-left: 0px; margin-right: 0px; margin-top: 0.4em; text-align: justify; text-indent: 35.4pt;\">Konkretnego \u2013 a wi\u0119c nie ca\u0142ej ludzko\u015bci,&nbsp;<b>bo wielcy przyjaciele i \u201ezbawiciele\u201d ca\u0142ej ludzko\u015bci, zwykle wcale nie s\u0105 przyjaci\u00f3\u0142mi konkretnego cz\u0142owieka!<\/b>&nbsp;Wi\u0119c ja dzisiaj wyra\u017cam gotowo\u015b\u0107, wyra\u017cam swoj\u0105 otwarto\u015b\u0107!&nbsp;<b>OTO JA \u2013 S\u0141UGA PA\u0143SKI; OTO JA \u2013 S\u0141U\u017bEBNICA PA\u0143SKA! Dysponuj mn\u0105, Panie \u2013 dla dobra Twego Ko\u015bcio\u0142a, dla dobra drugiego, konkretnego cz\u0142owieka<\/b>\u2026 Dla mojego w\u0142asnego dobra!<\/div>\n<div class=\"MsoNormal\" style=\"color: #0f0f0f; font-family: 'Times New Roman'; font-size: 14px; margin-bottom: 0px; margin-left: 0px; margin-right: 0px; margin-top: 0.4em; text-align: justify; text-indent: 35.4pt;\">O to chc\u0119 si\u0119 modli\u0107, odmawiaj\u0105c dzisiaj pierwsz\u0105 i drug\u0105 tajemnic\u0119 \u015bwiat\u0142a R\u00f3\u017ca\u0144ca \u015awi\u0119tego, w tym duchu tak\u017ce wykonam rekolekcyjn\u0105 prac\u0119 domow\u0105, a b\u0119dzie ni\u0105:&nbsp;<b>spe\u0142nienie jakiego\u015b dobrego uczynku dla dobra swojej rodziny, swoich najbli\u017cszych.&nbsp;<\/b>Jakiego\u015b drobnego, ale konkretnego. Ale uwaga! \u2013 tak, \u017ceby mnie nikt o to nie zd\u0105\u017cy\u0142 poprosi\u0107! To ma by\u0107 uczynek p\u0142yn\u0105cy ze szczerego serca, spontaniczny,&nbsp;<b>mo\u017ce drobny, ale konkretny!<\/b>&nbsp;Mo\u017ce doko\u0144czenie jakiej\u015b pracy, kt\u00f3rej do tej pory nie mog\u0142em doko\u0144czy\u0107: mo\u017ce posprz\u0105tanie jakiego\u015b k\u0105ta w domu, a mo\u017ce powieszenie jakiej\u015b szafki, kt\u00f3ra czeka na \u201ezmi\u0142owanie\u201d od p\u00f3\u0142 roku, a mo\u017ce przygotowanie jakiego\u015b smacznego deseru \u2013 niespodzianki\u2026 A mo\u017ce odwiedziny kogo\u015b starszego, samotnego\u2026<\/div>\n<div class=\"MsoNormal\" style=\"color: #0f0f0f; font-family: 'Times New Roman'; font-size: 14px; margin-bottom: 0px; margin-left: 0px; margin-right: 0px; margin-top: 0.4em; text-align: justify; text-indent: 35.4pt;\">Ja my\u015bl\u0119, \u017ce pomys\u0142\u00f3w nam nie zabraknie.&nbsp;<b>Mamy na to czas do jutra,<\/b>&nbsp;bo jutro \u2013 nowe refleksje i kolejna praca domowa! Zatem \u2013 do dzie\u0142a! Poka\u017cmy dzisiaj sobie samym i swoim najbli\u017cszym, a przez to \u2013 Jezusowi, \u017ce dobrze rozumiemy s\u0142owa:&nbsp;<b>OTO JA \u2013 S\u0141U\u017bEBNICA PA\u0143SKA; OTO JA \u2013 S\u0141UGA PA\u0143SKI!<\/b>&nbsp;<b>Oto ja \u2013 jestem gotowy!<\/b>Poka\u017cmy to konkretnie, wspieraj\u0105c dzia\u0142anie nasze modlitw\u0105.<\/div>\n<div class=\"MsoNormal\" style=\"color: #0f0f0f; font-family: 'Times New Roman'; font-size: 14px; margin-bottom: 0px; margin-left: 0px; margin-right: 0px; margin-top: 0.4em; text-align: justify; text-indent: 35.4pt;\">A teraz zastan\u00f3wmy si\u0119:<\/div>\n<ul style=\"color: #0f0f0f; font-family: 'Times New Roman'; font-size: 14px; margin-top: 0cm;\" type=\"disc\">\n<li class=\"MsoNormal\" style=\"text-align: justify;\">Czy na Msz\u0119 \u015awi\u0119t\u0105, do Spowiedzi, do Komunii \u015awi\u0119tej i na modlitw\u0119 id\u0119 z potrzeby serca, z pragnieniem spotkania si\u0119 z Bogiem, czy dlatego, \u017ce tak trzeba i tak wypada?<\/li>\n<li class=\"MsoNormal\" style=\"text-align: justify;\">Czy ca\u0142ym sercem przyk\u0142adam si\u0119 do budowania dobrej atmosfery w swoim domu, czy jestem kapry\u015bny, leniwy i czekam tylko, \u017ceby to domownicy wszystko dla mnie i za mnie robili?<\/li>\n<li class=\"MsoNormal\" style=\"text-align: justify;\">Czy umiem samo sobie stawia\u0107 wysokie wymagania, czy te\u017c patrz\u0119 tylko, jakby si\u0119 nie przem\u0119czy\u0107, nie przepracowa\u0107, p\u00f3j\u015b\u0107 po linii najmniejszego oporu?<\/li>\n<\/ul>\n<div class=\"MsoNormal\" style=\"color: #0f0f0f; font-family: 'Times New Roman'; font-size: 14px; margin-bottom: 0px; margin-left: 0px; margin-right: 0px; margin-top: 0.4em; text-align: justify; text-indent: 18pt;\"><b>OTO JA, S\u0141U\u017bEBNICA PA\u0143SKA, NIECH MI SI\u0118 STANIE WED\u0141UG S\u0141OWA TWEGO! Oto ja\u2026&nbsp;<i>Oto id\u0119, abym spe\u0142nia\u0142 wol\u0119 Twoj\u0105<\/i>!<\/b><\/div>\n<p><br style=\"font-family: 'Times New Roman';\" \/><\/p>\n<h1 style=\"color: #0f0f0f; font-family: 'Times New Roman'; font-size: 14px;\"><b>DROGA KRZY\u017bOWA<\/b><\/h1>\n<div class=\"MsoNormal\" style=\"color: #0f0f0f; font-family: 'Times New Roman'; font-size: 14px; margin-bottom: 0px; margin-left: 0px; margin-right: 0px; margin-top: 0.4em; text-align: justify; text-indent: 35.4pt;\">W pierwszym dniu naszych parafialnych Rekolekcji wielkopostnych chcemy wzmocni\u0107 nasz\u0105 refleksj\u0119 i prac\u0119 duchow\u0105, jak\u0105 podejmiemy, serdecznym i g\u0142\u0119bokim prze\u017cyciem Twojej, Panie, krzy\u017cowej drogi. Niech my\u015bl\u0105 przewodni\u0105 tego nabo\u017ce\u0144stwa, tego naszego pod\u0105\u017cania Twoimi \u015bladami na Kalwari\u0119 b\u0119d\u0105 s\u0142owa Twojej Matki, dzisiaj w Ewangelii wypowiedziane \u2013 s\u0142owa, kt\u00f3re b\u0119d\u0105 has\u0142em tych rozpoczynaj\u0105cych si\u0119 dzi\u015b Rekolekcji:&nbsp;<b>OTO JA, S\u0141U\u017bEBNICA PA\u0143SKA, NIECH MI SI\u0118 STANIE WED\u0141UG S\u0141OWA TWEGO!&nbsp;<\/b>W ich duchu chcemy teraz pod\u0105\u017ca\u0107 za Tob\u0105, prosz\u0105c o liczne duchowe \u0142aski dla nas wszystkich, \u015bwi\u0119ty ten czas prze\u017cywaj\u0105cych, a odpusty przywi\u0105zane do nabo\u017ce\u0144stwa Drogi Krzy\u017cowej ofiarowa\u0107 b\u0119dziemy za naszych zmar\u0142ych.<\/div>\n<div class=\"MsoNormal\" style=\"color: #0f0f0f; font-family: 'Times New Roman'; font-size: 14px; margin-bottom: 0px; margin-left: 0px; margin-right: 0px; margin-top: 0.4em; text-align: justify;\"><b>Kt\u00f3ry\u015b za nas cierpia\u0142 rany \u2013 Jezu Chryste, zmi\u0142uj si\u0119 nad nami!<\/b><\/div>\n<div class=\"MsoNormal\" style=\"color: #0f0f0f; font-family: 'Times New Roman'; font-size: 14px; margin-bottom: 0px; margin-left: 0px; margin-right: 0px; margin-top: 0.4em; text-align: justify;\"><b>I Ty, kt\u00f3ra\u015b wsp\u00f3\u0142cierpia\u0142a \u2013 Matko Bolesna, przyczy\u0144 si\u0119 za nami!<\/b><\/div>\n<p><br clear=\"all\" style=\"page-break-before: always;\" \/><\/p>\n<div align=\"center\" class=\"MsoNormal\" style=\"color: #0f0f0f; font-family: 'Times New Roman'; font-size: 14px; margin-bottom: 0px; margin-left: 0px; margin-right: 0px; margin-top: 0.4em; text-align: center;\"><b>Stacja 1<\/b><\/div>\n<div align=\"center\" class=\"MsoNormal\" style=\"color: #0f0f0f; font-family: 'Times New Roman'; font-size: 14px; margin-bottom: 0px; margin-left: 0px; margin-right: 0px; margin-top: 0.4em; text-align: center;\"><b>Jezus skazany na \u015bmier\u0107<\/b><\/div>\n<div class=\"MsoNormal\" style=\"color: #0f0f0f; font-family: 'Times New Roman'; font-size: 14px; margin-bottom: 0px; margin-left: 0px; margin-right: 0px; margin-top: 0.4em; text-align: justify;\"><b>&#8211; K\u0142aniamy Ci si\u0119, Panie Jezu Chryste i b\u0142ogos\u0142awimy Tobie \u2013<\/b><\/div>\n<div class=\"MsoNormal\" style=\"color: #0f0f0f; font-family: 'Times New Roman'; font-size: 14px; margin-bottom: 0px; margin-left: 0px; margin-right: 0px; margin-top: 0.4em; text-align: justify;\"><b>&#8211; \u017be\u015b przez Krzy\u017c i M\u0119k\u0119 swoj\u0105 \u015bwiat odkupi\u0107 raczy\u0142!<\/b><\/div>\n<div class=\"MsoNormal\" style=\"color: #0f0f0f; font-family: 'Times New Roman'; font-size: 14px; margin-bottom: 0px; margin-left: 0px; margin-right: 0px; margin-top: 0.4em; text-align: justify;\">\n<\/div>\n<div class=\"MsoNormal\" style=\"color: #0f0f0f; font-family: 'Times New Roman'; font-size: 14px; margin-bottom: 0px; margin-left: 0px; margin-right: 0px; margin-top: 0.4em; text-align: justify; text-indent: 35.4pt;\">Wydawanie wyroku na Ciebie, Panie, ci\u0105gle si\u0119 dokonuje! To nie by\u0142o tylko wtedy, na pocz\u0105tku tamtej, pami\u0119tnej i jedynej Drogi Krzy\u017cowej\u2026 To si\u0119 dokonuje ci\u0105gle, na ca\u0142ej mojej \u017cyciowej drodze\u2026 Ci\u0105gle wydaj\u0119 tyle os\u0105d\u00f3w, wypowiadam tyle opinii o innych \u2013 opinii tak cz\u0119sto krytycznych, z\u0142o\u015bliwych, nieraz nawet nieprawdziwych\u2026 Tak du\u017co w mojej mowie plotek, obm\u00f3w, oszczerstw, k\u0142amstwa, oczerniania drugiego\u2026 Przecie\u017c to wszystko jest os\u0105dzaniem i oskar\u017caniem Ciebie samego, Panie Jezu!<\/div>\n<div class=\"MsoNormal\" style=\"color: #0f0f0f; font-family: 'Times New Roman'; font-size: 14px; margin-bottom: 0px; margin-left: 0px; margin-right: 0px; margin-top: 0.4em; text-align: justify;\">&nbsp;&nbsp;&nbsp;&nbsp;&nbsp;&nbsp;&nbsp;&nbsp;&nbsp;&nbsp;&nbsp;&nbsp;<b>OTO JA, S\u0141U\u017bEBNICA PA\u0143SKA, NIECH MI SI\u0118 STANIE WED\u0141UG S\u0141OWA TWEGO! \u2013<\/b>&nbsp;m\u00f3wi dzi\u015b Twoja Matka, Panie. A ja, prze\u017cywaj\u0105c w duchu tych s\u0142\u00f3w tegoroczne Rekolekcje wielkopostne prosz\u0119 Ci\u0119, by\u015b mi pom\u00f3g\u0142 zapanowa\u0107 nad ca\u0142\u0105 sfer\u0105 j\u0119zyka i nie pozwoli\u0142 mi ju\u017c nigdy skazywa\u0107 i os\u0105dza\u0107 Ciebie \u2013 w drugim cz\u0142owieku!<\/div>\n<div class=\"MsoNormal\" style=\"color: #0f0f0f; font-family: 'Times New Roman'; font-size: 14px; margin-bottom: 0px; margin-left: 0px; margin-right: 0px; margin-top: 0.4em; text-align: justify;\"><b>Kt\u00f3ry\u015b za nas cierpia\u0142 rany \u2013 Jezu Chryste, zmi\u0142uj si\u0119 nad nami!<\/b><\/div>\n<div class=\"MsoNormal\" style=\"color: #0f0f0f; font-family: 'Times New Roman'; font-size: 14px; margin-bottom: 0px; margin-left: 0px; margin-right: 0px; margin-top: 0.4em; text-align: justify;\"><b>I Ty, kt\u00f3ra\u015b wsp\u00f3\u0142cierpia\u0142a \u2013 Matko Bolesna, przyczy\u0144 si\u0119 za nami!<\/b><\/div>\n<p><b style=\"font-family: 'Times New Roman';\"><br clear=\"all\" style=\"page-break-before: always;\" \/><\/b><\/p>\n<div align=\"center\" class=\"MsoNormal\" style=\"color: #0f0f0f; font-family: 'Times New Roman'; font-size: 14px; margin-bottom: 0px; margin-left: 0px; margin-right: 0px; margin-top: 0.4em; text-align: center;\"><b>Stacja 2<\/b><\/div>\n<div align=\"center\" class=\"MsoNormal\" style=\"color: #0f0f0f; font-family: 'Times New Roman'; font-size: 14px; margin-bottom: 0px; margin-left: 0px; margin-right: 0px; margin-top: 0.4em; text-align: center;\"><b>Jezus bierze Krzy\u017c na ramiona<\/b><\/div>\n<div class=\"MsoNormal\" style=\"color: #0f0f0f; font-family: 'Times New Roman'; font-size: 14px; margin-bottom: 0px; margin-left: 0px; margin-right: 0px; margin-top: 0.4em; text-align: justify;\"><b>&#8211; K\u0142aniamy Ci si\u0119, Panie Jezu Chryste i b\u0142ogos\u0142awimy Tobie \u2013<\/b><\/div>\n<div class=\"MsoNormal\" style=\"color: #0f0f0f; font-family: 'Times New Roman'; font-size: 14px; margin-bottom: 0px; margin-left: 0px; margin-right: 0px; margin-top: 0.4em; text-align: justify;\"><b>&#8211; \u017be\u015b przez Krzy\u017c i M\u0119k\u0119 swoj\u0105 \u015bwiat odkupi\u0107 raczy\u0142!<\/b><\/div>\n<div class=\"MsoNormal\" style=\"color: #0f0f0f; font-family: 'Times New Roman'; font-size: 14px; margin-bottom: 0px; margin-left: 0px; margin-right: 0px; margin-top: 0.4em; text-align: justify;\">\n<\/div>\n<div class=\"MsoNormal\" style=\"color: #0f0f0f; font-family: 'Times New Roman'; font-size: 14px; margin-bottom: 0px; margin-left: 0px; margin-right: 0px; margin-top: 0.4em; text-align: justify; text-indent: 35.4pt;\">Ty wzi\u0105\u0142e\u015b na barki ci\u0119\u017cki krzy\u017c od razu, nie pytaj\u0105c, po co i dlaczego taki ci\u0119\u017cki. Ja tymczasem bardzo ch\u0119tnie nie bra\u0142bym tego swego krzy\u017ca. Poczeka\u0142bym, a\u017c wezm\u0105 go inni \u2013 mo\u017ce to akurat oni powinni si\u0119 nim zaj\u0105\u0107? A dlaczego ja? A co ja z tego b\u0119d\u0119 mia\u0142? Czy nie do\u015b\u0107 si\u0119 ju\u017c w \u017cyciu napracowa\u0142em, \u017ceby znowu si\u0119 szarpa\u0107 z tak ci\u0119\u017ckimi obowi\u0105zkami, z tak\u0105 prac\u0105, z kolejnymi wyrzeczeniami? Czy nie da\u0142oby si\u0119 poczeka\u0107, a\u017c przyjd\u0105 lepsze czasy, albo kto\u015b jednak zdecyduje si\u0119 wzi\u0105\u0107 to za mnie?<\/div>\n<div class=\"MsoNormal\" style=\"color: #0f0f0f; font-family: 'Times New Roman'; font-size: 14px; margin-bottom: 0px; margin-left: 0px; margin-right: 0px; margin-top: 0.4em; text-align: justify; text-indent: 35.4pt;\"><b>OTO JA, S\u0141U\u017bEBNICA PA\u0143SKA, NIECH MI SI\u0118 STANIE WED\u0141UG S\u0141OWA TWEGO! \u2013&nbsp;<\/b>m\u00f3wi dzi\u015b Twoja Matka, Panie. A ja, prze\u017cywaj\u0105c w duchu tych s\u0142\u00f3w tegoroczne Rekolekcje wielkopostne prosz\u0119 Ci\u0119, by\u015b mnie nauczy\u0142 od razu i bez zastrze\u017ce\u0144 podejmowa\u0107 krzy\u017c swoich codziennych obowi\u0105zk\u00f3w. I nie marudzi\u0107, i nie narzeka\u0107, ale Tobie bezgranicznie zaufa\u0107!<\/div>\n<div class=\"MsoNormal\" style=\"color: #0f0f0f; font-family: 'Times New Roman'; font-size: 14px; margin-bottom: 0px; margin-left: 0px; margin-right: 0px; margin-top: 0.4em; text-align: justify;\"><b>Kt\u00f3ry\u015b za nas cierpia\u0142 rany \u2013 Jezu Chryste, zmi\u0142uj si\u0119 nad nami!<\/b><\/div>\n<div class=\"MsoNormal\" style=\"color: #0f0f0f; font-family: 'Times New Roman'; font-size: 14px; margin-bottom: 0px; margin-left: 0px; margin-right: 0px; margin-top: 0.4em; text-align: justify;\"><b>I Ty, kt\u00f3ra\u015b wsp\u00f3\u0142cierpia\u0142a \u2013 Matko Bolesna, przyczy\u0144 si\u0119 za nami!<\/b><\/div>\n<div class=\"MsoNormal\" style=\"color: #0f0f0f; font-family: 'Times New Roman'; font-size: 14px; margin-bottom: 0px; margin-left: 0px; margin-right: 0px; margin-top: 0.4em; text-align: justify;\">\n<\/div>\n<p><\/p>\n<div align=\"center\" class=\"MsoNormal\" style=\"color: #0f0f0f; font-family: 'Times New Roman'; font-size: 14px; margin-bottom: 0px; margin-left: 0px; margin-right: 0px; margin-top: 0.4em; text-align: center;\"><b>Stacja 3<\/b><\/div>\n<div align=\"center\" class=\"MsoNormal\" style=\"color: #0f0f0f; font-family: 'Times New Roman'; font-size: 14px; margin-bottom: 0px; margin-left: 0px; margin-right: 0px; margin-top: 0.4em; text-align: center;\"><b>Pierwszy upadek Jezusa pod ci\u0119\u017carem Krzy\u017ca<\/b><\/div>\n<div class=\"MsoNormal\" style=\"color: #0f0f0f; font-family: 'Times New Roman'; font-size: 14px; margin-bottom: 0px; margin-left: 0px; margin-right: 0px; margin-top: 0.4em; text-align: justify;\"><b>&#8211; K\u0142aniamy Ci si\u0119, Panie Jezu Chryste i b\u0142ogos\u0142awimy Tobie \u2013<\/b><\/div>\n<div class=\"MsoNormal\" style=\"color: #0f0f0f; font-family: 'Times New Roman'; font-size: 14px; margin-bottom: 0px; margin-left: 0px; margin-right: 0px; margin-top: 0.4em; text-align: justify;\"><b>&#8211; \u017be\u015b przez Krzy\u017c i M\u0119k\u0119 swoj\u0105 \u015bwiat odkupi\u0107 raczy\u0142!<\/b><\/div>\n<div class=\"MsoNormal\" style=\"color: #0f0f0f; font-family: 'Times New Roman'; font-size: 14px; margin-bottom: 0px; margin-left: 0px; margin-right: 0px; margin-top: 0.4em; text-align: justify;\">\n<\/div>\n<div class=\"MsoNormal\" style=\"color: #0f0f0f; font-family: 'Times New Roman'; font-size: 14px; margin-bottom: 0px; margin-left: 0px; margin-right: 0px; margin-top: 0.4em; text-align: justify; text-indent: 35.4pt;\">&nbsp;Upad\u0142e\u015b \u2013 ale powsta\u0142e\u015b! A mi nie zawsze si\u0119 to udaje. Cz\u0119sto upadam w grzechy, ale nie od razu chce mi si\u0119 powstawa\u0107. Nie zawsze piel\u0119gnuj\u0119 w swoim sercu stan \u0142aski u\u015bwi\u0119caj\u0105cej\u2026 Zdarza si\u0119, \u017ce i kilka miesi\u0119cy nie przyst\u0119puj\u0119 do Komunii \u015awi\u0119tej! Jako\u015b tak mi dobrze trwa\u0107 w upadku\u2026 Czy to w og\u00f3le mo\u017cliwe? Kiedy wypowiadam te s\u0142owa, to s\u0142ysz\u0119, jak szokuj\u0105co one brzmi\u0105! A jednak \u2013 taka jest prawda: przyzwolenie na stan grzechu w swoim sumieniu to przyzwolenie na trwanie w upadku! To jakie\u015b dziwne upodobanie w le\u017ceniu w b\u0142ocie! Co\u015b strasznego!<\/div>\n<div class=\"MsoNormal\" style=\"color: #0f0f0f; font-family: 'Times New Roman'; font-size: 14px; margin-bottom: 0px; margin-left: 0px; margin-right: 0px; margin-top: 0.4em; text-align: justify; text-indent: 35.4pt;\"><b>OTO JA, S\u0141U\u017bEBNICA PA\u0143SKA, NIECH MI SI\u0118 STANIE WED\u0141UG S\u0141OWA TWEGO! \u2013&nbsp;<\/b>m\u00f3wi dzi\u015b Twoja Matka, Panie. A ja, prze\u017cywaj\u0105c w duchu tych s\u0142\u00f3w tegoroczne Rekolekcje wielkopostne prosz\u0119 Ci\u0119, by\u015b mnie nauczy\u0142 od razu powstawa\u0107 z ka\u017cdego grzechu, a w razie grzechu ci\u0119\u017ckiego \u2013 od razu przyst\u0119powa\u0107 do Spowiedzi \u015awi\u0119tej, aby zawsze by\u0107 w stanie \u0142aski u\u015bwi\u0119caj\u0105cej!<\/div>\n<div class=\"MsoNormal\" style=\"color: #0f0f0f; font-family: 'Times New Roman'; font-size: 14px; margin-bottom: 0px; margin-left: 0px; margin-right: 0px; margin-top: 0.4em; text-align: justify;\"><b>Kt\u00f3ry\u015b za nas cierpia\u0142 rany \u2013 Jezu Chryste, zmi\u0142uj si\u0119 nad nami!<\/b><\/div>\n<div class=\"MsoNormal\" style=\"color: #0f0f0f; font-family: 'Times New Roman'; font-size: 14px; margin-bottom: 0px; margin-left: 0px; margin-right: 0px; margin-top: 0.4em; text-align: justify;\"><b>I Ty, kt\u00f3ra\u015b wsp\u00f3\u0142cierpia\u0142a \u2013 Matko Bolesna, przyczy\u0144 si\u0119 za nami!<\/b><\/div>\n<div class=\"MsoNormal\" style=\"color: #0f0f0f; font-family: 'Times New Roman'; font-size: 14px; margin-bottom: 0px; margin-left: 0px; margin-right: 0px; margin-top: 0.4em; text-align: justify;\">\n<\/div>\n<p><\/p>\n<div align=\"center\" class=\"MsoNormal\" style=\"color: #0f0f0f; font-family: 'Times New Roman'; font-size: 14px; margin-bottom: 0px; margin-left: 0px; margin-right: 0px; margin-top: 0.4em; text-align: center;\"><b>Stacja 4<\/b><\/div>\n<div align=\"center\" class=\"MsoNormal\" style=\"color: #0f0f0f; font-family: 'Times New Roman'; font-size: 14px; margin-bottom: 0px; margin-left: 0px; margin-right: 0px; margin-top: 0.4em; text-align: center;\"><b>Jezus spotyka swoj\u0105 Matk\u0119<\/b><\/div>\n<div class=\"MsoNormal\" style=\"color: #0f0f0f; font-family: 'Times New Roman'; font-size: 14px; margin-bottom: 0px; margin-left: 0px; margin-right: 0px; margin-top: 0.4em; text-align: justify;\"><b>&#8211; K\u0142aniamy Ci si\u0119, Panie Jezu Chryste i b\u0142ogos\u0142awimy Tobie \u2013<\/b><\/div>\n<div class=\"MsoNormal\" style=\"color: #0f0f0f; font-family: 'Times New Roman'; font-size: 14px; margin-bottom: 0px; margin-left: 0px; margin-right: 0px; margin-top: 0.4em; text-align: justify;\"><b>&#8211; \u017be\u015b przez Krzy\u017c i M\u0119k\u0119 swoj\u0105 \u015bwiat odkupi\u0107 raczy\u0142!<\/b><\/div>\n<div class=\"MsoNormal\" style=\"color: #0f0f0f; font-family: 'Times New Roman'; font-size: 14px; margin-bottom: 0px; margin-left: 0px; margin-right: 0px; margin-top: 0.4em; text-align: justify;\">\n<\/div>\n<div class=\"MsoNormal\" style=\"color: #0f0f0f; font-family: 'Times New Roman'; font-size: 14px; margin-bottom: 0px; margin-left: 0px; margin-right: 0px; margin-top: 0.4em; text-align: justify; text-indent: 35.4pt;\">Twoje spotkanie z Matk\u0105, Panie Jezu, przenikni\u0119te by\u0142o bezgraniczn\u0105 mi\u0142o\u015bci\u0105! Chocia\u017c \u2013 nie powiedzieli\u015bcie do siebie ani jednego s\u0142owa. Nie by\u0142o takiej potrzeby! Wasze oczy, Wasze serca \u2013 m\u00f3wi\u0142y wszystko\u2026 A w naszych rodzinach, w naszych relacjach ma\u0142\u017ce\u0144skich, rodzinnych, tak cz\u0119sto te\u017c nie ma s\u0142\u00f3w, ale \u2013 bynajmniej \u2013 z innego powodu! Z tego, \u017ce przecie\u017c trudno powiedzie\u0107 jakie\u015b s\u0142owo przez zaci\u015bni\u0119te z w\u015bciek\u0142o\u015bci z\u0119by! Jak cz\u0119sto nasze rodziny i panuj\u0105ce w nich relacje s\u0105 absolutnym przeciwie\u0144stwem tego, co Ty, Panie, pokaza\u0142e\u015b swoim przyk\u0142adem tam, na Krzy\u017cowej Drodze, ale tak\u017ce w ci\u0105gu ca\u0142ego swego \u017cycia ziemskiego, kiedy tak bezgraniczn\u0105 mi\u0142o\u015bci\u0105 otacza\u0142e\u015b sw\u0105 Matk\u0119 i przybranego Ojca\u2026<\/div>\n<div class=\"MsoNormal\" style=\"color: #0f0f0f; font-family: 'Times New Roman'; font-size: 14px; margin-bottom: 0px; margin-left: 0px; margin-right: 0px; margin-top: 0.4em; text-align: justify; text-indent: 35.4pt;\"><b>OTO JA, S\u0141U\u017bEBNICA PA\u0143SKA, NIECH MI SI\u0118 STANIE WED\u0141UG S\u0141OWA TWEGO! \u2013&nbsp;<\/b>m\u00f3wi dzi\u015b Twoja Matka, Panie. A ja, prze\u017cywaj\u0105c w duchu tych s\u0142\u00f3w tegoroczne Rekolekcje wielkopostne prosz\u0119 Ci\u0119, by\u015b mi pom\u00f3g\u0142 uczyni\u0107 wszystko, ale to naprawd\u0119 wszystko, co w mojej mocy, aby budowa\u0107 jak najlepsze i jak najzdrowsze relacje w mojej rodzinie!<\/div>\n<div class=\"MsoNormal\" style=\"color: #0f0f0f; font-family: 'Times New Roman'; font-size: 14px; margin-bottom: 0px; margin-left: 0px; margin-right: 0px; margin-top: 0.4em; text-align: justify;\"><b>Kt\u00f3ry\u015b za nas cierpia\u0142 rany \u2013 Jezu Chryste, zmi\u0142uj si\u0119 nad nami!<\/b><\/div>\n<div class=\"MsoNormal\" style=\"color: #0f0f0f; font-family: 'Times New Roman'; font-size: 14px; margin-bottom: 0px; margin-left: 0px; margin-right: 0px; margin-top: 0.4em; text-align: justify;\"><b>I Ty, kt\u00f3ra\u015b wsp\u00f3\u0142cierpia\u0142a \u2013 Matko Bolesna, przyczy\u0144 si\u0119 za nami!<\/b><\/div>\n<div class=\"MsoNormal\" style=\"color: #0f0f0f; font-family: 'Times New Roman'; font-size: 14px; margin-bottom: 0px; margin-left: 0px; margin-right: 0px; margin-top: 0.4em; text-align: justify;\">\n<\/div>\n<p><\/p>\n<div align=\"center\" class=\"MsoNormal\" style=\"color: #0f0f0f; font-family: 'Times New Roman'; font-size: 14px; margin-bottom: 0px; margin-left: 0px; margin-right: 0px; margin-top: 0.4em; text-align: center;\"><b>Stacja 5<\/b><\/div>\n<div align=\"center\" class=\"MsoNormal\" style=\"color: #0f0f0f; font-family: 'Times New Roman'; font-size: 14px; margin-bottom: 0px; margin-left: 0px; margin-right: 0px; margin-top: 0.4em; text-align: center;\"><b>Szymon z Cyreny pomaga nie\u015b\u0107 Krzy\u017c Jezusowi<\/b><\/div>\n<div class=\"MsoNormal\" style=\"color: #0f0f0f; font-family: 'Times New Roman'; font-size: 14px; margin-bottom: 0px; margin-left: 0px; margin-right: 0px; margin-top: 0.4em; text-align: justify;\"><b>&#8211; K\u0142aniamy Ci si\u0119, Panie Jezu Chryste i b\u0142ogos\u0142awimy Tobie \u2013<\/b><\/div>\n<div class=\"MsoNormal\" style=\"color: #0f0f0f; font-family: 'Times New Roman'; font-size: 14px; margin-bottom: 0px; margin-left: 0px; margin-right: 0px; margin-top: 0.4em; text-align: justify;\"><b>&#8211; \u017be\u015b przez Krzy\u017c i M\u0119k\u0119 swoj\u0105 \u015bwiat odkupi\u0107 raczy\u0142!<\/b><\/div>\n<div class=\"MsoNormal\" style=\"color: #0f0f0f; font-family: 'Times New Roman'; font-size: 14px; margin-bottom: 0px; margin-left: 0px; margin-right: 0px; margin-top: 0.4em; text-align: justify;\">\n<\/div>\n<div class=\"MsoNormal\" style=\"color: #0f0f0f; font-family: 'Times New Roman'; font-size: 14px; margin-bottom: 0px; margin-left: 0px; margin-right: 0px; margin-top: 0.4em; text-align: justify; text-indent: 35.4pt;\">Akurat tutaj podobie\u0144stwa postawy, jak\u0105 przyj\u0105\u0142 bohater tej sytuacji do naszej postawy nie trzeba d\u0142ugo szuka\u0107! Przymuszony do niesienia krzy\u017ca, bardzo przypomina nas, kt\u00f3rzy z przymusu, z poczucia powinno\u015bci lub przyzwoito\u015bci, z powodu czyjego\u015b polecenia lub wypominania \u2013 podejmujemy niech\u0119tnie takie, czy inne dobro. Czasami udaje nam si\u0119 zmieni\u0107 \u2013 tak jak uda\u0142o si\u0119, wed\u0142ug tradycji, Szymonowi \u2013 to negatywne nastawienie i jednak czyni\u0107 owo dobro z potrzeby ch\u0119tnego serca. A czasami, niestety, nie udaje si\u0119 to\u2026 I wykonujemy to dobro, ale jest ono \u2013 m\u00f3wi\u0105c brutalnie \u2013 odarte ze wspania\u0142omy\u015blno\u015bci, bo wykonywane pod przymusem\u2026 Szkoda! Tyle zmarnowanych zas\u0142ug przed Bogiem!<\/div>\n<div class=\"MsoNormal\" style=\"color: #0f0f0f; font-family: 'Times New Roman'; font-size: 14px; margin-bottom: 0px; margin-left: 0px; margin-right: 0px; margin-top: 0.4em; text-align: justify; text-indent: 35.4pt;\"><b>OTO JA, S\u0141U\u017bEBNICA PA\u0143SKA, NIECH MI SI\u0118 STANIE WED\u0141UG S\u0141OWA TWEGO! \u2013&nbsp;<\/b>m\u00f3wi dzi\u015b Twoja Matka, Panie. A ja, prze\u017cywaj\u0105c w duchu tych s\u0142\u00f3w tegoroczne Rekolekcje wielkopostne prosz\u0119 Ci\u0119, by\u015b mnie nauczy\u0142 dawa\u0107 zawsze ch\u0119tnie, zawsze wi\u0119cej z siebie, zawsze jako pierwszemu \u2013 i zawsze z mi\u0142o\u015bci\u0105!<\/div>\n<div class=\"MsoNormal\" style=\"color: #0f0f0f; font-family: 'Times New Roman'; font-size: 14px; margin-bottom: 0px; margin-left: 0px; margin-right: 0px; margin-top: 0.4em; text-align: justify;\"><b>Kt\u00f3ry\u015b za nas cierpia\u0142 rany \u2013 Jezu Chryste, zmi\u0142uj si\u0119 nad nami!<\/b><\/div>\n<div class=\"MsoNormal\" style=\"color: #0f0f0f; font-family: 'Times New Roman'; font-size: 14px; margin-bottom: 0px; margin-left: 0px; margin-right: 0px; margin-top: 0.4em; text-align: justify;\"><b>I Ty, kt\u00f3ra\u015b wsp\u00f3\u0142cierpia\u0142a \u2013 Matko Bolesna, przyczy\u0144 si\u0119 za nami!<\/b><\/div>\n<div class=\"MsoNormal\" style=\"color: #0f0f0f; font-family: 'Times New Roman'; font-size: 14px; margin-bottom: 0px; margin-left: 0px; margin-right: 0px; margin-top: 0.4em; text-align: justify;\">\n<\/div>\n<p><\/p>\n<div align=\"center\" class=\"MsoNormal\" style=\"color: #0f0f0f; font-family: 'Times New Roman'; font-size: 14px; margin-bottom: 0px; margin-left: 0px; margin-right: 0px; margin-top: 0.4em; text-align: center;\"><b>Stacja 6<\/b><\/div>\n<div align=\"center\" class=\"MsoNormal\" style=\"color: #0f0f0f; font-family: 'Times New Roman'; font-size: 14px; margin-bottom: 0px; margin-left: 0px; margin-right: 0px; margin-top: 0.4em; text-align: center;\"><b>Weronika ociera twarz Jezusowi<\/b><\/div>\n<div class=\"MsoNormal\" style=\"color: #0f0f0f; font-family: 'Times New Roman'; font-size: 14px; margin-bottom: 0px; margin-left: 0px; margin-right: 0px; margin-top: 0.4em; text-align: justify;\"><b>&#8211; K\u0142aniamy Ci si\u0119, Panie Jezu Chryste i b\u0142ogos\u0142awimy Tobie \u2013<\/b><\/div>\n<div class=\"MsoNormal\" style=\"color: #0f0f0f; font-family: 'Times New Roman'; font-size: 14px; margin-bottom: 0px; margin-left: 0px; margin-right: 0px; margin-top: 0.4em; text-align: justify;\"><b>&#8211; \u017be\u015b przez Krzy\u017c i M\u0119k\u0119 swoj\u0105 \u015bwiat odkupi\u0107 raczy\u0142!<\/b><\/div>\n<div class=\"MsoNormal\" style=\"color: #0f0f0f; font-family: 'Times New Roman'; font-size: 14px; margin-bottom: 0px; margin-left: 0px; margin-right: 0px; margin-top: 0.4em; text-align: justify;\">\n<\/div>\n<div class=\"MsoNormal\" style=\"color: #0f0f0f; font-family: 'Times New Roman'; font-size: 14px; margin-bottom: 0px; margin-left: 0px; margin-right: 0px; margin-top: 0.4em; text-align: justify; text-indent: 35.4pt;\">Odwa\u017cna ta dziewczyna nie zastanawia\u0142a si\u0119 zapewne nad tym, co powiedz\u0105 inni, czy wr\u0119cz nawet j\u0105 wy\u015bmiej\u0105. Nie obawia\u0142a si\u0119 ich spojrze\u0144, ani krytyki. Po prostu \u2013 przedar\u0142a si\u0119 jako\u015b, podesz\u0142a blisko \u2013 i otar\u0142a Twoj\u0105 twarz, Panie\u2026 Pi\u0119kna tradycja m\u00f3wi, \u017ce nagrodzi\u0142e\u015b j\u0105 tym, i\u017c pozostawi\u0142e\u015b na chu\u015bcie swoje Oblicze. I gdyby si\u0119 nawet okaza\u0142o, \u017ce nie tak dok\u0142adnie by\u0142o, to na pewno to Twoje Oblicze pozosta\u0142o w jej sercu \u2013 na zawsze. Bo ona podbieg\u0142a, aby pom\u00f3c skaza\u0144cowi, a okaza\u0142o si\u0119, \u017ce pomaga Bogu samemu! Najpierw zobaczy\u0142a oblicze cierpi\u0105cego cz\u0142owieka, potem \u2013 w tym obliczu \u2013 zobaczy\u0142a oblicze Boga\u2026 Twoje Oblicze, Panie Jezu\u2026 Ona \u2013 dostrzeg\u0142a, ja \u2013 tak cz\u0119sto nie dostrzegam! Nie dostrzegam Twojego Oblicza w drugim cz\u0142owieku\u2026<\/div>\n<div class=\"MsoNormal\" style=\"color: #0f0f0f; font-family: 'Times New Roman'; font-size: 14px; margin-bottom: 0px; margin-left: 0px; margin-right: 0px; margin-top: 0.4em; text-align: justify; text-indent: 35.4pt;\"><b>OTO JA, S\u0141U\u017bEBNICA PA\u0143SKA, NIECH MI SI\u0118 STANIE WED\u0141UG S\u0141OWA TWEGO! \u2013<\/b>&nbsp;m\u00f3wi dzi\u015b Twoja Matka, Panie. A ja, prze\u017cywaj\u0105c w duchu tych s\u0142\u00f3w tegoroczne Rekolekcje wielkopostne prosz\u0119 Ci\u0119, by\u015b mi zawsze przypomina\u0142, \u017ce cokolwiek uczyni\u0119 jednemu z moich bli\u017anich, to przecie\u017c czyni\u0119 Tobie!<\/div>\n<div class=\"MsoNormal\" style=\"color: #0f0f0f; font-family: 'Times New Roman'; font-size: 14px; margin-bottom: 0px; margin-left: 0px; margin-right: 0px; margin-top: 0.4em; text-align: justify;\"><b>Kt\u00f3ry\u015b za nas cierpia\u0142 rany \u2013 Jezu Chryste, zmi\u0142uj si\u0119 nad nami!<\/b><\/div>\n<div class=\"MsoNormal\" style=\"color: #0f0f0f; font-family: 'Times New Roman'; font-size: 14px; margin-bottom: 0px; margin-left: 0px; margin-right: 0px; margin-top: 0.4em; text-align: justify;\"><b>I Ty, kt\u00f3ra\u015b wsp\u00f3\u0142cierpia\u0142a \u2013 Matko Bolesna, przyczy\u0144 si\u0119 za nami!<\/b><\/div>\n<div class=\"MsoNormal\" style=\"color: #0f0f0f; font-family: 'Times New Roman'; font-size: 14px; margin-bottom: 0px; margin-left: 0px; margin-right: 0px; margin-top: 0.4em; text-align: justify;\">\n<\/div>\n<p><b style=\"font-family: 'Times New Roman';\"><\/b><\/p>\n<div align=\"center\" class=\"MsoNormal\" style=\"color: #0f0f0f; font-family: 'Times New Roman'; font-size: 14px; margin-bottom: 0px; margin-left: 0px; margin-right: 0px; margin-top: 0.4em; text-align: center;\"><b>Stacja 7<\/b><\/div>\n<div align=\"center\" class=\"MsoNormal\" style=\"color: #0f0f0f; font-family: 'Times New Roman'; font-size: 14px; margin-bottom: 0px; margin-left: 0px; margin-right: 0px; margin-top: 0.4em; text-align: center;\"><b>Drugi upadek Jezusa pod Krzy\u017cem<\/b><\/div>\n<div class=\"MsoNormal\" style=\"color: #0f0f0f; font-family: 'Times New Roman'; font-size: 14px; margin-bottom: 0px; margin-left: 0px; margin-right: 0px; margin-top: 0.4em; text-align: justify;\"><b>&#8211; K\u0142aniamy Ci si\u0119, Panie Jezu Chryste i b\u0142ogos\u0142awimy Tobie \u2013<\/b><\/div>\n<div class=\"MsoNormal\" style=\"color: #0f0f0f; font-family: 'Times New Roman'; font-size: 14px; margin-bottom: 0px; margin-left: 0px; margin-right: 0px; margin-top: 0.4em; text-align: justify;\"><b>&#8211; \u017be\u015b przez Krzy\u017c i M\u0119k\u0119 swoj\u0105 \u015bwiat odkupi\u0107 raczy\u0142!<\/b><\/div>\n<div class=\"MsoNormal\" style=\"color: #0f0f0f; font-family: 'Times New Roman'; font-size: 14px; margin-bottom: 0px; margin-left: 0px; margin-right: 0px; margin-top: 0.4em; text-align: justify;\">\n<\/div>\n<div class=\"MsoNormal\" style=\"color: #0f0f0f; font-family: 'Times New Roman'; font-size: 14px; margin-bottom: 0px; margin-left: 0px; margin-right: 0px; margin-top: 0.4em; text-align: justify; text-indent: 35.4pt;\">Na pewno z drugiego upadku ci\u0119\u017cej powsta\u0107, ni\u017c z pierwszego! Bo przecie\u017c ju\u017c i wyczerpanie wi\u0119ksze, i trudy drogi coraz bardziej odczuwalne\u2026 A jednak \u2013 i z tego bolesnego upadku powsta\u0142e\u015b! A mi \u2013 nie zawsze si\u0119 to udaje! Zw\u0142aszcza, kiedy upadam w pewne grzechy cz\u0119\u015bciej, ni\u017c w inne, kiedy pewne grzechy sta\u0142y si\u0119 jakim\u015b moim z\u0142ym przyzwyczajeniem, mo\u017ce wr\u0119cz na\u0142ogiem\u2026 Trudno si\u0119 z tego powstaje, bo ci\u0105gle i ci\u0105gle si\u0119 w tej grzech upada\u2026 I nawet Spowied\u017a jakby niewiele daje, bo z tego grzechu za ka\u017cdym razem si\u0119 spowiadam, a tu \u2013 nic\u2026<\/div>\n<div class=\"MsoNormal\" style=\"color: #0f0f0f; font-family: 'Times New Roman'; font-size: 14px; margin-bottom: 0px; margin-left: 0px; margin-right: 0px; margin-top: 0.4em; text-align: justify; text-indent: 35.4pt;\"><b>OTO JA, S\u0141U\u017bEBNICA PA\u0143SKA, NIECH MI SI\u0118 STANIE WED\u0141UG S\u0141OWA TWEGO! \u2013<\/b>&nbsp;m\u00f3wi dzi\u015b Twoja Matka, Panie. A ja, prze\u017cywaj\u0105c w duchu tych s\u0142\u00f3w tegoroczne Rekolekcje wielkopostne prosz\u0119 Ci\u0119, by\u015b mnie nauczy\u0142 cierpliwo\u015bci w powstawaniu z tych upadk\u00f3w, kt\u00f3re szczeg\u00f3lnie cz\u0119sto mi si\u0119 zdarzaj\u0105 i ci\u0105gle powtarzaj\u0105. I aby\u015b nie pozwoli\u0142 mi zniech\u0119ci\u0107 si\u0119 do tego wysi\u0142ku!<\/div>\n<div class=\"MsoNormal\" style=\"color: #0f0f0f; font-family: 'Times New Roman'; font-size: 14px; margin-bottom: 0px; margin-left: 0px; margin-right: 0px; margin-top: 0.4em; text-align: justify;\"><b>Kt\u00f3ry\u015b za nas cierpia\u0142 rany \u2013 Jezu Chryste, zmi\u0142uj si\u0119 nad nami!<\/b><\/div>\n<div class=\"MsoNormal\" style=\"color: #0f0f0f; font-family: 'Times New Roman'; font-size: 14px; margin-bottom: 0px; margin-left: 0px; margin-right: 0px; margin-top: 0.4em; text-align: justify;\"><b>I Ty, kt\u00f3ra\u015b wsp\u00f3\u0142cierpia\u0142a \u2013 Matko Bolesna, przyczy\u0144 si\u0119 za nami!<\/b><\/div>\n<div class=\"MsoNormal\" style=\"color: #0f0f0f; font-family: 'Times New Roman'; font-size: 14px; margin-bottom: 0px; margin-left: 0px; margin-right: 0px; margin-top: 0.4em; text-align: justify;\">\n<\/div>\n<p><b style=\"font-family: 'Times New Roman';\"><\/b><\/p>\n<div align=\"center\" class=\"MsoNormal\" style=\"color: #0f0f0f; font-family: 'Times New Roman'; font-size: 14px; margin-bottom: 0px; margin-left: 0px; margin-right: 0px; margin-top: 0.4em; text-align: center;\"><b>Stacja 8<\/b><\/div>\n<div align=\"center\" class=\"MsoNormal\" style=\"color: #0f0f0f; font-family: 'Times New Roman'; font-size: 14px; margin-bottom: 0px; margin-left: 0px; margin-right: 0px; margin-top: 0.4em; text-align: center;\"><b>Jezus napomina p\u0142acz\u0105ce niewiasty<\/b><\/div>\n<div class=\"MsoNormal\" style=\"color: #0f0f0f; font-family: 'Times New Roman'; font-size: 14px; margin-bottom: 0px; margin-left: 0px; margin-right: 0px; margin-top: 0.4em; text-align: justify;\"><b>&#8211; K\u0142aniamy Ci si\u0119, Panie Jezu Chryste i b\u0142ogos\u0142awimy Tobie \u2013<\/b><\/div>\n<div class=\"MsoNormal\" style=\"color: #0f0f0f; font-family: 'Times New Roman'; font-size: 14px; margin-bottom: 0px; margin-left: 0px; margin-right: 0px; margin-top: 0.4em; text-align: justify;\"><b>&#8211; \u017be\u015b przez Krzy\u017c i M\u0119k\u0119 swoj\u0105 \u015bwiat odkupi\u0107 raczy\u0142!<\/b><\/div>\n<div class=\"MsoNormal\" style=\"color: #0f0f0f; font-family: 'Times New Roman'; font-size: 14px; margin-bottom: 0px; margin-left: 0px; margin-right: 0px; margin-top: 0.4em; text-align: justify;\">\n<\/div>\n<div class=\"MsoNormal\" style=\"color: #0f0f0f; font-family: 'Times New Roman'; font-size: 14px; margin-bottom: 0px; margin-left: 0px; margin-right: 0px; margin-top: 0.4em; text-align: justify; text-indent: 35.4pt;\">Chyba trzeba powiedzie\u0107, \u017ce p\u0142aka\u0142y szczerze\u2026 One naprawd\u0119 wyra\u017ca\u0142y swoje wsp\u00f3\u0142czucie\u2026 \u017bal im by\u0142o tego biednego skaza\u0144ca\u2026 A mo\u017ce nawet kojarzy\u0142y, \u017ce to Ten, kt\u00f3ry tyle dobra innym czyni\u0142, a teraz tak zosta\u0142 potraktowany! Tak wi\u0119c, nie mo\u017cemy stawia\u0107 zarzutu, \u017ce nieszczerze p\u0142aka\u0142y\u2026 Zreszt\u0105 \u2013 i Ty, Panie, tego nie zasugerowa\u0142e\u015b. Nie powiedzia\u0142e\u015b, \u017ceby nie p\u0142aka\u0142y, \u017ceby nie udawa\u0142y\u2026 Nie! Prosi\u0142e\u015b tylko, \u017ceby nie p\u0142aka\u0142y nad Tob\u0105, bo te \u0142zy wcale nie przynosi\u0142y Ci ulgi w cierpieniu, natomiast ich \u017cyciowa przemiana, czy te\u017c \u2013 przemiana post\u0119powania ich najbli\u017cszych \u2013 owszem! Dlatego chcia\u0142e\u015b, aby zamiast wylewania potoku \u0142ez, podj\u0119\u0142y refleksj\u0119 nad swoim \u017cyciem. Niestety, ja tak\u017ce cz\u0119\u015bciej swoje wsp\u00f3\u0142czucie wyra\u017cam s\u0142owami, gestami, czy wr\u0119cz \u0142zami, ni\u017c konkretnymi czynami m\u0105drej pomocy.<\/div>\n<div class=\"MsoNormal\" style=\"color: #0f0f0f; font-family: 'Times New Roman'; font-size: 14px; margin-bottom: 0px; margin-left: 0px; margin-right: 0px; margin-top: 0.4em; text-align: justify; text-indent: 35.4pt;\"><b>OTO JA, S\u0141U\u017bEBNICA PA\u0143SKA, NIECH MI SI\u0118 STANIE WED\u0141UG S\u0141OWA TWEGO! \u2013&nbsp;<\/b>m\u00f3wi dzi\u015b Twoja Matka, Panie. A ja, prze\u017cywaj\u0105c w duchu tych s\u0142\u00f3w tegoroczne Rekolekcje wielkopostne prosz\u0119 Ci\u0119, by\u015b mnie nauczy\u0142 zamienia\u0107 s\u0142owo w czyn! I konkretnymi dobrymi uczynkami, a nie tanimi i s\u0142odkimi s\u0142\u00f3wkami \u015bwiadczy\u0107 o swojej mi\u0142o\u015bci do Ciebie i bli\u017anich.&nbsp;&nbsp;<\/div>\n<div class=\"MsoNormal\" style=\"color: #0f0f0f; font-family: 'Times New Roman'; font-size: 14px; margin-bottom: 0px; margin-left: 0px; margin-right: 0px; margin-top: 0.4em; text-align: justify;\"><b>Kt\u00f3ry\u015b za nas cierpia\u0142 rany \u2013 Jezu Chryste, zmi\u0142uj si\u0119 nad nami!<\/b><\/div>\n<div class=\"MsoNormal\" style=\"color: #0f0f0f; font-family: 'Times New Roman'; font-size: 14px; margin-bottom: 0px; margin-left: 0px; margin-right: 0px; margin-top: 0.4em; text-align: justify;\"><b>I Ty, kt\u00f3ra\u015b wsp\u00f3\u0142cierpia\u0142a \u2013 Matko Bolesna, przyczy\u0144 si\u0119 za nami!<\/b><\/div>\n<div class=\"MsoNormal\" style=\"color: #0f0f0f; font-family: 'Times New Roman'; font-size: 14px; margin-bottom: 0px; margin-left: 0px; margin-right: 0px; margin-top: 0.4em; text-align: justify;\">\n<\/div>\n<p><\/p>\n<div align=\"center\" class=\"MsoNormal\" style=\"color: #0f0f0f; font-family: 'Times New Roman'; font-size: 14px; margin-bottom: 0px; margin-left: 0px; margin-right: 0px; margin-top: 0.4em; text-align: center;\"><b>Stacja 9<\/b><\/div>\n<div align=\"center\" class=\"MsoNormal\" style=\"color: #0f0f0f; font-family: 'Times New Roman'; font-size: 14px; margin-bottom: 0px; margin-left: 0px; margin-right: 0px; margin-top: 0.4em; text-align: center;\"><b>Trzeci upadek Jezusa pod Krzy\u017cem<\/b><\/div>\n<div class=\"MsoNormal\" style=\"color: #0f0f0f; font-family: 'Times New Roman'; font-size: 14px; margin-bottom: 0px; margin-left: 0px; margin-right: 0px; margin-top: 0.4em; text-align: justify;\"><b>&#8211; K\u0142aniamy Ci si\u0119, Panie Jezu Chryste i b\u0142ogos\u0142awimy Tobie \u2013<\/b><\/div>\n<div class=\"MsoNormal\" style=\"color: #0f0f0f; font-family: 'Times New Roman'; font-size: 14px; margin-bottom: 0px; margin-left: 0px; margin-right: 0px; margin-top: 0.4em; text-align: justify;\"><b>&#8211; \u017be\u015b przez Krzy\u017c i M\u0119k\u0119 swoj\u0105 \u015bwiat odkupi\u0107 raczy\u0142!<\/b><\/div>\n<div class=\"MsoNormal\" style=\"color: #0f0f0f; font-family: 'Times New Roman'; font-size: 14px; margin-bottom: 0px; margin-left: 0px; margin-right: 0px; margin-top: 0.4em; text-align: justify;\">\n<\/div>\n<div class=\"MsoNormal\" style=\"color: #0f0f0f; font-family: 'Times New Roman'; font-size: 14px; margin-bottom: 0px; margin-left: 0px; margin-right: 0px; margin-top: 0.4em; text-align: justify; text-indent: 35.4pt;\">Ten upadek oznacza naprawd\u0119 jaki\u015b dramat. Jest on symbolem jakiego\u015b tragicznego stanu rzeczy, jakiego\u015b totalnego wyczerpania, rezygnacji z walki, ca\u0142kowitego poddania si\u0119\u2026 Ile\u017c to razy, Panie Jezu, ja w ci\u0105gu swojego \u017cycia \u2013 d\u0142u\u017cszego czy kr\u00f3tszego \u2013 znajdowa\u0142em si\u0119 w sytuacji, w kt\u00f3rej ju\u017c \u017cy\u0107 si\u0119 nie chcia\u0142o, w kt\u00f3rej ju\u017c wydawa\u0142o si\u0119, \u017ce zabrak\u0142o nadziei, \u017ce dalsza walka nie ma sensu, \u017ce nie ma sensu kolejne powstawanie\u2026 Tylko rezygnacja, narzekanie, czarna rozpacz, poczucie przegranej\u2026<\/div>\n<div class=\"MsoNormal\" style=\"color: #0f0f0f; font-family: 'Times New Roman'; font-size: 14px; margin-bottom: 0px; margin-left: 0px; margin-right: 0px; margin-top: 0.4em; text-align: justify; text-indent: 35.4pt;\"><b>OTO JA, S\u0141U\u017bEBNICA PA\u0143SKA, NIECH MI SI\u0118 STANIE WED\u0141UG S\u0141OWA TWEGO! \u2013&nbsp;<\/b>m\u00f3wi dzi\u015b Twoja Matka, Panie. A ja, prze\u017cywaj\u0105c w duchu tych s\u0142\u00f3w tegoroczne Rekolekcje wielkopostne prosz\u0119 Ci\u0119, by\u015b mi nigdy nie pozwoli\u0142 utraci\u0107 rado\u015bci i nadziei, aby\u015b dodawa\u0142 mi si\u0142 do powstawania tak\u017ce z tych trzecich, najbardziej dramatycznych upadk\u00f3w\u2026<\/div>\n<div class=\"MsoNormal\" style=\"color: #0f0f0f; font-family: 'Times New Roman'; font-size: 14px; margin-bottom: 0px; margin-left: 0px; margin-right: 0px; margin-top: 0.4em; text-align: justify;\"><b>Kt\u00f3ry\u015b za nas cierpia\u0142 rany \u2013 Jezu Chryste, zmi\u0142uj si\u0119 nad nami!<\/b><\/div>\n<div class=\"MsoNormal\" style=\"color: #0f0f0f; font-family: 'Times New Roman'; font-size: 14px; margin-bottom: 0px; margin-left: 0px; margin-right: 0px; margin-top: 0.4em; text-align: justify;\"><b>I Ty, kt\u00f3ra\u015b wsp\u00f3\u0142cierpia\u0142a \u2013 Matko Bolesna, przyczy\u0144 si\u0119 za nami!<\/b><\/div>\n<div class=\"MsoNormal\" style=\"color: #0f0f0f; font-family: 'Times New Roman'; font-size: 14px; margin-bottom: 0px; margin-left: 0px; margin-right: 0px; margin-top: 0.4em; text-align: justify;\">\n<\/div>\n<p><\/p>\n<div align=\"center\" class=\"MsoNormal\" style=\"color: #0f0f0f; font-family: 'Times New Roman'; font-size: 14px; margin-bottom: 0px; margin-left: 0px; margin-right: 0px; margin-top: 0.4em; text-align: center;\"><b>Stacja 10<\/b><\/div>\n<div align=\"center\" class=\"MsoNormal\" style=\"color: #0f0f0f; font-family: 'Times New Roman'; font-size: 14px; margin-bottom: 0px; margin-left: 0px; margin-right: 0px; margin-top: 0.4em; text-align: center;\"><b>Jezus z szat odarty<\/b><\/div>\n<div class=\"MsoNormal\" style=\"color: #0f0f0f; font-family: 'Times New Roman'; font-size: 14px; margin-bottom: 0px; margin-left: 0px; margin-right: 0px; margin-top: 0.4em; text-align: justify;\"><b>&#8211; K\u0142aniamy Ci si\u0119, Panie Jezu Chryste i b\u0142ogos\u0142awimy Tobie \u2013<\/b><\/div>\n<div class=\"MsoNormal\" style=\"color: #0f0f0f; font-family: 'Times New Roman'; font-size: 14px; margin-bottom: 0px; margin-left: 0px; margin-right: 0px; margin-top: 0.4em; text-align: justify;\"><b>&#8211; \u017be\u015b przez Krzy\u017c i M\u0119k\u0119 swoj\u0105 \u015bwiat odkupi\u0107 raczy\u0142!<\/b><\/div>\n<div class=\"MsoNormal\" style=\"color: #0f0f0f; font-family: 'Times New Roman'; font-size: 14px; margin-bottom: 0px; margin-left: 0px; margin-right: 0px; margin-top: 0.4em; text-align: justify;\">\n<\/div>\n<div class=\"MsoNormal\" style=\"color: #0f0f0f; font-family: 'Times New Roman'; font-size: 14px; margin-bottom: 0px; margin-left: 0px; margin-right: 0px; margin-top: 0.4em; text-align: justify; text-indent: 35.4pt;\">To by\u0142o co\u015b strasznego! Zosta\u0142e\u015b ca\u0142kowicie odarty z szat na oczach tylu gapi\u00f3w. Jakby Ci ma\u0142o jeszcze by\u0142o cierpienia, poni\u017cenia i b\u00f3lu \u2013 jeszcze i to\u2026 Znie\u015b\u0107 spojrzenia tylu bezwstydnych oczu, syc\u0105cych si\u0119 cierpieniem drugiego i jego obna\u017ceniem\u2026 Tyle z\u0142a, tyle przewrotno\u015bci w tych zawistnych, po\u017c\u0105dliwych oczach! Niestety, mi\u0119dzy tymi z\u0142ymi oczami nieraz dostrzegasz, Panie, tak\u017ce i moje! Ze wstydem i b\u00f3lem musz\u0119 si\u0119 dzi\u015b przyzna\u0107 do tak wielu grzech\u00f3w nieczystych: my\u015bli, wyobra\u017ce\u0144, spojrze\u0144, s\u0142\u00f3w, dotyk\u00f3w, czy konkretnych uczynk\u00f3w\u2026<\/div>\n<div class=\"MsoNormal\" style=\"color: #0f0f0f; font-family: 'Times New Roman'; font-size: 14px; margin-bottom: 0px; margin-left: 0px; margin-right: 0px; margin-top: 0.4em; text-align: justify; text-indent: 35.4pt;\"><b>OTO JA, S\u0141U\u017bEBNICA PA\u0143SKA, NIECH MI SI\u0118 STANIE WED\u0141UG S\u0141OWA TWEGO! \u2013<\/b>&nbsp;m\u00f3wi dzi\u015b Twoja Matka, Panie. A ja, prze\u017cywaj\u0105c w duchu tych s\u0142\u00f3w tegoroczne Rekolekcje wielkopostne prosz\u0119 Ci\u0119, by\u015b mi pom\u00f3g\u0142 opanowa\u0107 tak\u017ce t\u0119 sfer\u0119 mojego \u017cycia i kszta\u0142towa\u0107 w swym sercu prawdziw\u0105 czysto\u015b\u0107 i wewn\u0119trzne, duchowe pi\u0119kno\u2026<\/div>\n<div class=\"MsoNormal\" style=\"color: #0f0f0f; font-family: 'Times New Roman'; font-size: 14px; margin-bottom: 0px; margin-left: 0px; margin-right: 0px; margin-top: 0.4em; text-align: justify;\"><b>Kt\u00f3ry\u015b za nas cierpia\u0142 rany \u2013 Jezu Chryste, zmi\u0142uj si\u0119 nad nami!<\/b><\/div>\n<div class=\"MsoNormal\" style=\"color: #0f0f0f; font-family: 'Times New Roman'; font-size: 14px; margin-bottom: 0px; margin-left: 0px; margin-right: 0px; margin-top: 0.4em; text-align: justify;\"><b>I Ty, kt\u00f3ra\u015b wsp\u00f3\u0142cierpia\u0142a \u2013 Matko Bolesna, przyczy\u0144 si\u0119 za nami!<\/b><\/div>\n<div align=\"center\" class=\"MsoNormal\" style=\"color: #0f0f0f; font-family: 'Times New Roman'; font-size: 14px; margin-bottom: 0px; margin-left: 0px; margin-right: 0px; margin-top: 0.4em; text-align: center;\">&nbsp;<b>&nbsp;<\/b><\/div>\n<p><b style=\"font-family: 'Times New Roman';\"><\/b><\/p>\n<div align=\"center\" class=\"MsoNormal\" style=\"color: #0f0f0f; font-family: 'Times New Roman'; font-size: 14px; margin-bottom: 0px; margin-left: 0px; margin-right: 0px; margin-top: 0.4em; text-align: center;\"><b>Stacja 11<\/b><\/div>\n<div align=\"center\" class=\"MsoNormal\" style=\"color: #0f0f0f; font-family: 'Times New Roman'; font-size: 14px; margin-bottom: 0px; margin-left: 0px; margin-right: 0px; margin-top: 0.4em; text-align: center;\"><b>Jezus przybity do Krzy\u017ca<\/b><\/div>\n<div class=\"MsoNormal\" style=\"color: #0f0f0f; font-family: 'Times New Roman'; font-size: 14px; margin-bottom: 0px; margin-left: 0px; margin-right: 0px; margin-top: 0.4em; text-align: justify;\"><b>&#8211; K\u0142aniamy Ci si\u0119, Panie Jezu Chryste i b\u0142ogos\u0142awimy Tobie \u2013<\/b><\/div>\n<div class=\"MsoNormal\" style=\"color: #0f0f0f; font-family: 'Times New Roman'; font-size: 14px; margin-bottom: 0px; margin-left: 0px; margin-right: 0px; margin-top: 0.4em; text-align: justify;\"><b>&#8211; \u017be\u015b przez Krzy\u017c i M\u0119k\u0119 swoj\u0105 \u015bwiat odkupi\u0107 raczy\u0142!<\/b><\/div>\n<div class=\"MsoNormal\" style=\"color: #0f0f0f; font-family: 'Times New Roman'; font-size: 14px; margin-bottom: 0px; margin-left: 0px; margin-right: 0px; margin-top: 0.4em; text-align: justify;\">\n<\/div>\n<div class=\"MsoNormal\" style=\"color: #0f0f0f; font-family: 'Times New Roman'; font-size: 14px; margin-bottom: 0px; margin-left: 0px; margin-right: 0px; margin-top: 0.4em; text-align: justify; text-indent: 35.4pt;\">To, \u017ce pozwoli\u0142e\u015b si\u0119 przybi\u0107 do krzy\u017ca, wyra\u017anie oznacza, \u017ce potraktowa\u0142e\u015b go bardzo powa\u017cnie\u2026 Bo chcia\u0142e\u015b si\u0119 z nim a\u017c tak bardzo zjednoczy\u0107! Pozwoli\u0142e\u015b si\u0119 przybi\u0107! To tylko pokazuje, \u017ce fakt wzi\u0119cia go na ramiona w drugiej stacji tej\u017ce Drogi Krzy\u017cowej \u2013 to nie by\u0142 tylko chwilowy kaprys, ale decyzja, w kt\u00f3rej konsekwentnie trwa\u0142e\u015b i kt\u00f3r\u0105 teraz raz jeszcze potwierdzi\u0142e\u015b\u2026 Niestety, konsekwencja zwykle nie jest moj\u0105 mocn\u0105 stron\u0105, bo w \u201es\u0142omianym\u201d zapale jestem w stanie wszystko Ci obieca\u0107 i wszelkie dobro sobie postanowi\u0107, ale gdy przyjdzie co do czego, to ju\u017c mi si\u0119 nie chce, albo zapominam, albo nie mam si\u0142, albo co\u015b tam zrobi\u0119 jutro, pojutrze\u2026<\/div>\n<div class=\"MsoNormal\" style=\"color: #0f0f0f; font-family: 'Times New Roman'; font-size: 14px; margin-bottom: 0px; margin-left: 0px; margin-right: 0px; margin-top: 0.4em; text-align: justify; text-indent: 35.4pt;\"><b>OTO JA, S\u0141U\u017bEBNICA PA\u0143SKA, NIECH MI SI\u0118 STANIE WED\u0141UG S\u0141OWA TWEGO! \u2013&nbsp;<\/b>m\u00f3wi dzi\u015b Twoja Matka, Panie. A ja, prze\u017cywaj\u0105c w duchu tych s\u0142\u00f3w tegoroczne Rekolekcje wielkopostne prosz\u0119 Ci\u0119, by\u015b mnie nauczy\u0142, Panie, chocia\u017c odrobiny Twojej konsekwencji, Twojego zdecydowania, jednoznaczno\u015bci, Twojego zapa\u0142u i wytrwa\u0142o\u015bci w podejmowaniu i realizowaniu dobra!<\/div>\n<div class=\"MsoNormal\" style=\"color: #0f0f0f; font-family: 'Times New Roman'; font-size: 14px; margin-bottom: 0px; margin-left: 0px; margin-right: 0px; margin-top: 0.4em; text-align: justify;\"><b>Kt\u00f3ry\u015b za nas cierpia\u0142 rany \u2013 Jezu Chryste, zmi\u0142uj si\u0119 nad nami!<\/b><\/div>\n<div class=\"MsoNormal\" style=\"color: #0f0f0f; font-family: 'Times New Roman'; font-size: 14px; margin-bottom: 0px; margin-left: 0px; margin-right: 0px; margin-top: 0.4em; text-align: justify;\"><b>I Ty, kt\u00f3ra\u015b wsp\u00f3\u0142cierpia\u0142a \u2013 Matko Bolesna, przyczy\u0144 si\u0119 za nami!<\/b><\/div>\n<div class=\"MsoNormal\" style=\"color: #0f0f0f; font-family: 'Times New Roman'; font-size: 14px; margin-bottom: 0px; margin-left: 0px; margin-right: 0px; margin-top: 0.4em; text-align: justify;\">\n<\/div>\n<div align=\"center\" class=\"MsoNormal\" style=\"color: #0f0f0f; font-family: 'Times New Roman'; font-size: 14px; margin-bottom: 0px; margin-left: 0px; margin-right: 0px; margin-top: 0.4em; text-align: center;\"><b>Stacja 12<\/b><\/div>\n<div align=\"center\" class=\"MsoNormal\" style=\"color: #0f0f0f; font-family: 'Times New Roman'; font-size: 14px; margin-bottom: 0px; margin-left: 0px; margin-right: 0px; margin-top: 0.4em; text-align: center;\"><b>Jezus umiera na Krzy\u017cu<\/b><\/div>\n<div class=\"MsoNormal\" style=\"color: #0f0f0f; font-family: 'Times New Roman'; font-size: 14px; margin-bottom: 0px; margin-left: 0px; margin-right: 0px; margin-top: 0.4em; text-align: justify;\"><b>&#8211; K\u0142aniamy Ci si\u0119, Panie Jezu Chryste i b\u0142ogos\u0142awimy Tobie \u2013<\/b><\/div>\n<div class=\"MsoNormal\" style=\"color: #0f0f0f; font-family: 'Times New Roman'; font-size: 14px; margin-bottom: 0px; margin-left: 0px; margin-right: 0px; margin-top: 0.4em; text-align: justify;\"><b>&#8211; \u017be\u015b przez Krzy\u017c i M\u0119k\u0119 swoj\u0105 \u015bwiat odkupi\u0107 raczy\u0142!<\/b><\/div>\n<div class=\"MsoNormal\" style=\"color: #0f0f0f; font-family: 'Times New Roman'; font-size: 14px; margin-bottom: 0px; margin-left: 0px; margin-right: 0px; margin-top: 0.4em; text-align: justify;\">\n<\/div>\n<div class=\"MsoNormal\" style=\"color: #0f0f0f; font-family: 'Times New Roman'; font-size: 14px; margin-bottom: 0px; margin-left: 0px; margin-right: 0px; margin-top: 0.4em; text-align: justify; text-indent: 35.4pt;\">Przy tej stacji to w\u0142a\u015bciwie trudno cokolwiek m\u00f3wi\u0107 \u2013 poza jakim\u015b wielkim zachwytem nad tak przeogromn\u0105 mi\u0142o\u015bci\u0105! Bardzo du\u017co da\u0142e\u015b nam z siebie, Panie Jezu\u2026W\u0142a\u015bciwie \u2013 to odda\u0142e\u015b wszystko! Samego siebie i ca\u0142ego siebie! Bo odda\u0107 \u017cycie za kogo\u015b \u2013 to odda\u0107 wszytko! To najwi\u0119kszy dow\u00f3d mi\u0142o\u015bci! To znak, \u017ce dla tej mi\u0142o\u015bci jeste\u015b w stanie postawi\u0107 sobie bardzo wysok\u0105 poprzeczk\u0119 osobistych cel\u00f3w i wymaga\u0144. Ja ze wstydem musz\u0119 przyzna\u0107, \u017ce swoj\u0105 ma\u0142\u0105 mi\u0142o\u015b\u0107 wyliczam Tobie, Panie, oraz moim bli\u017anim bardzo skrupulatnie, \u017ce z aptekarsk\u0105 dok\u0142adno\u015bci\u0105 rachuje ka\u017cdy jej dekagram \u2013 \u017ceby chocia\u017c nie za du\u017co, \u017ceby nie przesadzi\u0107, \u017ceby nie okaza\u0107 si\u0119 jakim\u015b \u201efrajerem\u201d, czy kim\u015b do gruntu naiwnym\u2026<\/div>\n<div class=\"MsoNormal\" style=\"color: #0f0f0f; font-family: 'Times New Roman'; font-size: 14px; margin-bottom: 0px; margin-left: 0px; margin-right: 0px; margin-top: 0.4em; text-align: justify; text-indent: 35.4pt;\"><b>OTO JA, S\u0141U\u017bEBNICA PA\u0143SKA, NIECH MI SI\u0118 STANIE WED\u0141UG S\u0141OWA TWEGO! \u2013&nbsp;<\/b>m\u00f3wi dzi\u015b Twoja Matka, Panie. A ja, prze\u017cywaj\u0105c w duchu tych s\u0142\u00f3w tegoroczne Rekolekcje wielkopostne prosz\u0119 Ci\u0119, by\u015b mnie nauczy\u0142, Panie, wymaga\u0107 od samego siebie \u2013 jak m\u00f3wi\u0142 Jan Pawe\u0142 II \u2013 nawet gdyby inni ode mnie nie wymagali. I abym nikomu nigdy nie wylicza\u0142 i nie \u017ca\u0142owa\u0142 \u2013 mi\u0142o\u015bci\u2026<\/div>\n<div class=\"MsoNormal\" style=\"color: #0f0f0f; font-family: 'Times New Roman'; font-size: 14px; margin-bottom: 0px; margin-left: 0px; margin-right: 0px; margin-top: 0.4em; text-align: justify;\"><b>Kt\u00f3ry\u015b za nas cierpia\u0142 rany \u2013 Jezu Chryste, zmi\u0142uj si\u0119 nad nami!<\/b><\/div>\n<div class=\"MsoBodyText\" style=\"color: #0f0f0f; font-family: 'Times New Roman'; font-size: 14px; margin-bottom: 0px; margin-left: 0px; margin-right: 0px; margin-top: 0.4em;\"><b>I Ty, kt\u00f3ra\u015b wsp\u00f3\u0142cierpia\u0142a \u2013 Matko Bolesna, przyczy\u0144 si\u0119 za nami!<\/b><\/div>\n<div class=\"MsoBodyText\" style=\"color: #0f0f0f; font-family: 'Times New Roman'; font-size: 14px; margin-bottom: 0px; margin-left: 0px; margin-right: 0px; margin-top: 0.4em;\">\n<\/div>\n<p><\/p>\n<div align=\"center\" class=\"MsoNormal\" style=\"color: #0f0f0f; font-family: 'Times New Roman'; font-size: 14px; margin-bottom: 0px; margin-left: 0px; margin-right: 0px; margin-top: 0.4em; text-align: center;\"><b>Stacja 13<\/b><\/div>\n<div align=\"center\" class=\"MsoNormal\" style=\"color: #0f0f0f; font-family: 'Times New Roman'; font-size: 14px; margin-bottom: 0px; margin-left: 0px; margin-right: 0px; margin-top: 0.4em; text-align: center;\"><b>Cia\u0142o Jezusa zdj\u0119te z Krzy\u017ca i z\u0142o\u017cone w ramiona Matki<\/b><\/div>\n<div class=\"MsoNormal\" style=\"color: #0f0f0f; font-family: 'Times New Roman'; font-size: 14px; margin-bottom: 0px; margin-left: 0px; margin-right: 0px; margin-top: 0.4em; text-align: justify;\"><b>&#8211; K\u0142aniamy Ci si\u0119, Panie Jezu Chryste i b\u0142ogos\u0142awimy Tobie \u2013<\/b><\/div>\n<div class=\"MsoNormal\" style=\"color: #0f0f0f; font-family: 'Times New Roman'; font-size: 14px; margin-bottom: 0px; margin-left: 0px; margin-right: 0px; margin-top: 0.4em; text-align: justify;\"><b>&#8211; \u017be\u015b przez Krzy\u017c i M\u0119k\u0119 swoj\u0105 \u015bwiat odkupi\u0107 raczy\u0142!<\/b><\/div>\n<div class=\"MsoNormal\" style=\"color: #0f0f0f; font-family: 'Times New Roman'; font-size: 14px; margin-bottom: 0px; margin-left: 0px; margin-right: 0px; margin-top: 0.4em; text-align: justify;\">\n<\/div>\n<div class=\"MsoNormal\" style=\"color: #0f0f0f; font-family: 'Times New Roman'; font-size: 14px; margin-bottom: 0px; margin-left: 0px; margin-right: 0px; margin-top: 0.4em; text-align: justify; text-indent: 35.4pt;\">Sytuacja zupe\u0142nie dramatyczna i \u2013 zda si\u0119 \u2013 beznadziejna\u2026 Matka trzymaj\u0105ca w ramionach martwe Cia\u0142o Syna\u2026 Przecie\u017c to od Niej Cia\u0142o otrzyma\u0142, to Ona da\u0142a Mu \u017cycie \u2013 tu, na ziemi\u2026 Dzisiaj wr\u00f3ci\u0142 do Niej \u2013 zdruzgotany, zabity, zda si\u0119, \u017ce przegrany\u2026 W takim momencie dostrzega\u0107 promyki nadziei \u2013 to albo heroizm, albo pomieszanie zmys\u0142\u00f3w! A jednak Maryja nie straci\u0142a nadziei \u2013 i wygra\u0142a! Okaza\u0142o si\u0119, \u017ce mia\u0142a racj\u0119, bo Jezus zmartwychwsta\u0142, zwyci\u0119\u017cy\u0142, przyznaj\u0105c w ten spos\u00f3b racj\u0119 tym, kt\u00f3rzy w Niego ani na moment nie zw\u0105tpili. A ja ze wstydem musz\u0119 przyzna\u0107, Panie Jezu, \u017ce nawet w obliczu o wiele mniejszych do\u015bwiadcze\u0144, kiedy wszystko nie uk\u0142ada si\u0119 tak, jakbym chcia\u0142, od razu si\u0119 za\u0142amuje i \u0142atwo si\u0119 poddaj\u0119\u2026<\/div>\n<div class=\"MsoNormal\" style=\"color: #0f0f0f; font-family: 'Times New Roman'; font-size: 14px; margin-bottom: 0px; margin-left: 0px; margin-right: 0px; margin-top: 0.4em; text-align: justify; text-indent: 35.4pt;\"><b>OTO JA, S\u0141U\u017bEBNICA PA\u0143SKA, NIECH MI SI\u0118 STANIE WED\u0141UG S\u0141OWA TWEGO! \u2013&nbsp;<\/b>m\u00f3wi dzi\u015b Twoja Matka, Panie. A ja, prze\u017cywaj\u0105c w duchu tych s\u0142\u00f3w tegoroczne Rekolekcje wielkopostne prosz\u0119 Ci\u0119, by\u015b raz jeszcze u\u015bwiadomi\u0142 mi, Panie, \u017ce chrze\u015bcijanin to cz\u0142owiek nadziei, przeto dla prawdziwego chrze\u015bcijanina nigdy, naprawd\u0119 nigdy nie ma sytuacji bez wyj\u015bcia!<\/div>\n<div class=\"MsoNormal\" style=\"color: #0f0f0f; font-family: 'Times New Roman'; font-size: 14px; margin-bottom: 0px; margin-left: 0px; margin-right: 0px; margin-top: 0.4em; text-align: justify;\"><b>Kt\u00f3ry\u015b za nas cierpia\u0142 rany \u2013 Jezu Chryste, zmi\u0142uj si\u0119 nad nami!<\/b><\/div>\n<div class=\"MsoNormal\" style=\"color: #0f0f0f; font-family: 'Times New Roman'; font-size: 14px; margin-bottom: 0px; margin-left: 0px; margin-right: 0px; margin-top: 0.4em; text-align: justify;\"><b>I Ty, kt\u00f3ra\u015b wsp\u00f3\u0142cierpia\u0142a \u2013 Matko Bolesna, przyczy\u0144 si\u0119 za nami!<\/b><\/div>\n","protected":false},"excerpt":{"rendered":"<p>Witam w pierwszym dniu Rekolekcji wielkopostnych, jakie prowadz\u0119 w Parafii w Przesmykach, w diecezji siedleckiej. Zapraszam do wsp\u00f3lnej refleksji, do wsp\u00f3lnoty modlitwy i do podj\u0119cia rekolekcyjnych zada\u0144, zaznaczaj\u0105c, \u017ce zasadniczo ta forma nie zast\u0119puje osobistego udzia\u0142u w Rekolekcjach. Prosz\u0119, potraktujcie to jako dopowiedzenie do Rekolekcji osobi\u015bcie prze\u017cywanych, a ta forma mog\u0142aby wystarczy\u0107 tym, kt\u00f3rzy z [&hellip;]<\/p>\n","protected":false},"author":1,"featured_media":0,"comment_status":"open","ping_status":"open","sticky":false,"template":"","format":"standard","meta":{"jetpack_post_was_ever_published":false,"_jetpack_newsletter_access":"","_jetpack_dont_email_post_to_subs":false,"_jetpack_newsletter_tier_id":0,"_jetpack_memberships_contains_paywalled_content":false,"_jetpack_memberships_contains_paid_content":false,"footnotes":""},"categories":[1],"tags":[],"class_list":["post-9908","post","type-post","status-publish","format-standard","hentry","category-bez-kategorii"],"yoast_head":"<!-- This site is optimized with the Yoast SEO plugin v25.1 - https:\/\/yoast.com\/wordpress\/plugins\/seo\/ -->\n<title>Rekolekcji dzie\u0144 1 - Gaudium Et Spes<\/title>\n<meta name=\"robots\" content=\"index, follow, max-snippet:-1, max-image-preview:large, max-video-preview:-1\" \/>\n<link rel=\"canonical\" href=\"https:\/\/gaudiumetspes-blog.pl\/index.php\/2011\/03\/25\/rekolekcji-dzien-1\/\" \/>\n<meta property=\"og:locale\" content=\"pl_PL\" \/>\n<meta property=\"og:type\" content=\"article\" \/>\n<meta property=\"og:title\" content=\"Rekolekcji dzie\u0144 1 - Gaudium Et Spes\" \/>\n<meta property=\"og:description\" content=\"Witam w pierwszym dniu Rekolekcji wielkopostnych, jakie prowadz\u0119 w Parafii w Przesmykach, w diecezji siedleckiej. Zapraszam do wsp\u00f3lnej refleksji, do wsp\u00f3lnoty modlitwy i do podj\u0119cia rekolekcyjnych zada\u0144, zaznaczaj\u0105c, \u017ce zasadniczo ta forma nie zast\u0119puje osobistego udzia\u0142u w Rekolekcjach. Prosz\u0119, potraktujcie to jako dopowiedzenie do Rekolekcji osobi\u015bcie prze\u017cywanych, a ta forma mog\u0142aby wystarczy\u0107 tym, kt\u00f3rzy z [&hellip;]\" \/>\n<meta property=\"og:url\" content=\"https:\/\/gaudiumetspes-blog.pl\/index.php\/2011\/03\/25\/rekolekcji-dzien-1\/\" \/>\n<meta property=\"og:site_name\" content=\"Gaudium Et Spes\" \/>\n<meta property=\"article:published_time\" content=\"2011-03-25T08:45:00+00:00\" \/>\n<meta property=\"article:modified_time\" content=\"2019-07-31T10:52:11+00:00\" \/>\n<meta name=\"author\" content=\"Ks. Jacek\" \/>\n<meta name=\"twitter:card\" content=\"summary_large_image\" \/>\n<meta name=\"twitter:label1\" content=\"Napisane przez\" \/>\n\t<meta name=\"twitter:data1\" content=\"Ks. Jacek\" \/>\n\t<meta name=\"twitter:label2\" content=\"Szacowany czas czytania\" \/>\n\t<meta name=\"twitter:data2\" content=\"30 minut\" \/>\n<script type=\"application\/ld+json\" class=\"yoast-schema-graph\">{\"@context\":\"https:\/\/schema.org\",\"@graph\":[{\"@type\":\"WebPage\",\"@id\":\"https:\/\/gaudiumetspes-blog.pl\/index.php\/2011\/03\/25\/rekolekcji-dzien-1\/\",\"url\":\"https:\/\/gaudiumetspes-blog.pl\/index.php\/2011\/03\/25\/rekolekcji-dzien-1\/\",\"name\":\"Rekolekcji dzie\u0144 1 - Gaudium Et Spes\",\"isPartOf\":{\"@id\":\"https:\/\/gaudiumetspes-blog.pl\/#website\"},\"datePublished\":\"2011-03-25T08:45:00+00:00\",\"dateModified\":\"2019-07-31T10:52:11+00:00\",\"author\":{\"@id\":\"https:\/\/gaudiumetspes-blog.pl\/#\/schema\/person\/1661982992b752dea8dff0d4ed845a65\"},\"breadcrumb\":{\"@id\":\"https:\/\/gaudiumetspes-blog.pl\/index.php\/2011\/03\/25\/rekolekcji-dzien-1\/#breadcrumb\"},\"inLanguage\":\"pl-PL\",\"potentialAction\":[{\"@type\":\"ReadAction\",\"target\":[\"https:\/\/gaudiumetspes-blog.pl\/index.php\/2011\/03\/25\/rekolekcji-dzien-1\/\"]}]},{\"@type\":\"BreadcrumbList\",\"@id\":\"https:\/\/gaudiumetspes-blog.pl\/index.php\/2011\/03\/25\/rekolekcji-dzien-1\/#breadcrumb\",\"itemListElement\":[{\"@type\":\"ListItem\",\"position\":1,\"name\":\"Strona g\u0142\u00f3wna\",\"item\":\"https:\/\/gaudiumetspes-blog.pl\/\"},{\"@type\":\"ListItem\",\"position\":2,\"name\":\"Rekolekcji dzie\u0144 1\"}]},{\"@type\":\"WebSite\",\"@id\":\"https:\/\/gaudiumetspes-blog.pl\/#website\",\"url\":\"https:\/\/gaudiumetspes-blog.pl\/\",\"name\":\"Gaudium Et Spes\",\"description\":\"Blog Ks. Jacka Ja\u015bkowskiego\",\"potentialAction\":[{\"@type\":\"SearchAction\",\"target\":{\"@type\":\"EntryPoint\",\"urlTemplate\":\"https:\/\/gaudiumetspes-blog.pl\/?s={search_term_string}\"},\"query-input\":{\"@type\":\"PropertyValueSpecification\",\"valueRequired\":true,\"valueName\":\"search_term_string\"}}],\"inLanguage\":\"pl-PL\"},{\"@type\":\"Person\",\"@id\":\"https:\/\/gaudiumetspes-blog.pl\/#\/schema\/person\/1661982992b752dea8dff0d4ed845a65\",\"name\":\"Ks. Jacek\",\"image\":{\"@type\":\"ImageObject\",\"inLanguage\":\"pl-PL\",\"@id\":\"https:\/\/gaudiumetspes-blog.pl\/#\/schema\/person\/image\/\",\"url\":\"https:\/\/gaudiumetspes-blog.pl\/wp-content\/uploads\/2019\/07\/avatar-JJ-150x150.jpg\",\"contentUrl\":\"https:\/\/gaudiumetspes-blog.pl\/wp-content\/uploads\/2019\/07\/avatar-JJ-150x150.jpg\",\"caption\":\"Ks. Jacek\"},\"description\":\"Witam serdecznie! K\u0142ania si\u0119 Ks. Jacek Ja\u015bkowski. Nie jestem ani kim\u015b wa\u017cnym, ani kim\u015b znanym. Jestem ksi\u0119dzem, kt\u00f3ry po prostu chce rozmawia\u0107. Codzienna kap\u0142a\u0144ska pos\u0142uga pokazuje mi, \u017ce temat\u00f3w do rozm\u00f3w z ksi\u0119dzem jest coraz wi\u0119cej i dzisiaj \u017caden ksi\u0105dz nie mo\u017ce od nich ucieka\u0107, ale - wprost przeciwnie - podejmowa\u0107 nowe wyzwania. To przekonanie sk\u0142oni\u0142o mnie do pr\u00f3by otwarcia tego\u017c bloga, chocia\u017c okazji do rozm\u00f3w na co dzie\u0144 - w konfesjonale i poza nim - na szcz\u0119\u015bcie nie brakuje. My\u015bl\u0119 jednak, \u017ce ten blog b\u0119dzie jeszcze jednym sposobem i przestrzeni\u0105 nawi\u0105zania kontaktu z lud\u017ami dobrej woli, otwartymi na dialog.\",\"url\":\"https:\/\/gaudiumetspes-blog.pl\/index.php\/author\/ks-jacek\/\"}]}<\/script>\n<!-- \/ Yoast SEO plugin. -->","yoast_head_json":{"title":"Rekolekcji dzie\u0144 1 - Gaudium Et Spes","robots":{"index":"index","follow":"follow","max-snippet":"max-snippet:-1","max-image-preview":"max-image-preview:large","max-video-preview":"max-video-preview:-1"},"canonical":"https:\/\/gaudiumetspes-blog.pl\/index.php\/2011\/03\/25\/rekolekcji-dzien-1\/","og_locale":"pl_PL","og_type":"article","og_title":"Rekolekcji dzie\u0144 1 - Gaudium Et Spes","og_description":"Witam w pierwszym dniu Rekolekcji wielkopostnych, jakie prowadz\u0119 w Parafii w Przesmykach, w diecezji siedleckiej. Zapraszam do wsp\u00f3lnej refleksji, do wsp\u00f3lnoty modlitwy i do podj\u0119cia rekolekcyjnych zada\u0144, zaznaczaj\u0105c, \u017ce zasadniczo ta forma nie zast\u0119puje osobistego udzia\u0142u w Rekolekcjach. Prosz\u0119, potraktujcie to jako dopowiedzenie do Rekolekcji osobi\u015bcie prze\u017cywanych, a ta forma mog\u0142aby wystarczy\u0107 tym, kt\u00f3rzy z [&hellip;]","og_url":"https:\/\/gaudiumetspes-blog.pl\/index.php\/2011\/03\/25\/rekolekcji-dzien-1\/","og_site_name":"Gaudium Et Spes","article_published_time":"2011-03-25T08:45:00+00:00","article_modified_time":"2019-07-31T10:52:11+00:00","author":"Ks. Jacek","twitter_card":"summary_large_image","twitter_misc":{"Napisane przez":"Ks. Jacek","Szacowany czas czytania":"30 minut"},"schema":{"@context":"https:\/\/schema.org","@graph":[{"@type":"WebPage","@id":"https:\/\/gaudiumetspes-blog.pl\/index.php\/2011\/03\/25\/rekolekcji-dzien-1\/","url":"https:\/\/gaudiumetspes-blog.pl\/index.php\/2011\/03\/25\/rekolekcji-dzien-1\/","name":"Rekolekcji dzie\u0144 1 - Gaudium Et Spes","isPartOf":{"@id":"https:\/\/gaudiumetspes-blog.pl\/#website"},"datePublished":"2011-03-25T08:45:00+00:00","dateModified":"2019-07-31T10:52:11+00:00","author":{"@id":"https:\/\/gaudiumetspes-blog.pl\/#\/schema\/person\/1661982992b752dea8dff0d4ed845a65"},"breadcrumb":{"@id":"https:\/\/gaudiumetspes-blog.pl\/index.php\/2011\/03\/25\/rekolekcji-dzien-1\/#breadcrumb"},"inLanguage":"pl-PL","potentialAction":[{"@type":"ReadAction","target":["https:\/\/gaudiumetspes-blog.pl\/index.php\/2011\/03\/25\/rekolekcji-dzien-1\/"]}]},{"@type":"BreadcrumbList","@id":"https:\/\/gaudiumetspes-blog.pl\/index.php\/2011\/03\/25\/rekolekcji-dzien-1\/#breadcrumb","itemListElement":[{"@type":"ListItem","position":1,"name":"Strona g\u0142\u00f3wna","item":"https:\/\/gaudiumetspes-blog.pl\/"},{"@type":"ListItem","position":2,"name":"Rekolekcji dzie\u0144 1"}]},{"@type":"WebSite","@id":"https:\/\/gaudiumetspes-blog.pl\/#website","url":"https:\/\/gaudiumetspes-blog.pl\/","name":"Gaudium Et Spes","description":"Blog Ks. Jacka Ja\u015bkowskiego","potentialAction":[{"@type":"SearchAction","target":{"@type":"EntryPoint","urlTemplate":"https:\/\/gaudiumetspes-blog.pl\/?s={search_term_string}"},"query-input":{"@type":"PropertyValueSpecification","valueRequired":true,"valueName":"search_term_string"}}],"inLanguage":"pl-PL"},{"@type":"Person","@id":"https:\/\/gaudiumetspes-blog.pl\/#\/schema\/person\/1661982992b752dea8dff0d4ed845a65","name":"Ks. Jacek","image":{"@type":"ImageObject","inLanguage":"pl-PL","@id":"https:\/\/gaudiumetspes-blog.pl\/#\/schema\/person\/image\/","url":"https:\/\/gaudiumetspes-blog.pl\/wp-content\/uploads\/2019\/07\/avatar-JJ-150x150.jpg","contentUrl":"https:\/\/gaudiumetspes-blog.pl\/wp-content\/uploads\/2019\/07\/avatar-JJ-150x150.jpg","caption":"Ks. Jacek"},"description":"Witam serdecznie! K\u0142ania si\u0119 Ks. Jacek Ja\u015bkowski. Nie jestem ani kim\u015b wa\u017cnym, ani kim\u015b znanym. Jestem ksi\u0119dzem, kt\u00f3ry po prostu chce rozmawia\u0107. Codzienna kap\u0142a\u0144ska pos\u0142uga pokazuje mi, \u017ce temat\u00f3w do rozm\u00f3w z ksi\u0119dzem jest coraz wi\u0119cej i dzisiaj \u017caden ksi\u0105dz nie mo\u017ce od nich ucieka\u0107, ale - wprost przeciwnie - podejmowa\u0107 nowe wyzwania. To przekonanie sk\u0142oni\u0142o mnie do pr\u00f3by otwarcia tego\u017c bloga, chocia\u017c okazji do rozm\u00f3w na co dzie\u0144 - w konfesjonale i poza nim - na szcz\u0119\u015bcie nie brakuje. My\u015bl\u0119 jednak, \u017ce ten blog b\u0119dzie jeszcze jednym sposobem i przestrzeni\u0105 nawi\u0105zania kontaktu z lud\u017ami dobrej woli, otwartymi na dialog.","url":"https:\/\/gaudiumetspes-blog.pl\/index.php\/author\/ks-jacek\/"}]}},"jetpack_featured_media_url":"","jetpack_sharing_enabled":true,"_links":{"self":[{"href":"https:\/\/gaudiumetspes-blog.pl\/index.php\/wp-json\/wp\/v2\/posts\/9908","targetHints":{"allow":["GET"]}}],"collection":[{"href":"https:\/\/gaudiumetspes-blog.pl\/index.php\/wp-json\/wp\/v2\/posts"}],"about":[{"href":"https:\/\/gaudiumetspes-blog.pl\/index.php\/wp-json\/wp\/v2\/types\/post"}],"author":[{"embeddable":true,"href":"https:\/\/gaudiumetspes-blog.pl\/index.php\/wp-json\/wp\/v2\/users\/1"}],"replies":[{"embeddable":true,"href":"https:\/\/gaudiumetspes-blog.pl\/index.php\/wp-json\/wp\/v2\/comments?post=9908"}],"version-history":[{"count":1,"href":"https:\/\/gaudiumetspes-blog.pl\/index.php\/wp-json\/wp\/v2\/posts\/9908\/revisions"}],"predecessor-version":[{"id":10174,"href":"https:\/\/gaudiumetspes-blog.pl\/index.php\/wp-json\/wp\/v2\/posts\/9908\/revisions\/10174"}],"wp:attachment":[{"href":"https:\/\/gaudiumetspes-blog.pl\/index.php\/wp-json\/wp\/v2\/media?parent=9908"}],"wp:term":[{"taxonomy":"category","embeddable":true,"href":"https:\/\/gaudiumetspes-blog.pl\/index.php\/wp-json\/wp\/v2\/categories?post=9908"},{"taxonomy":"post_tag","embeddable":true,"href":"https:\/\/gaudiumetspes-blog.pl\/index.php\/wp-json\/wp\/v2\/tags?post=9908"}],"curies":[{"name":"wp","href":"https:\/\/api.w.org\/{rel}","templated":true}]}}