{"id":9909,"date":"2011-03-25T09:45:00","date_gmt":"2011-03-25T08:45:00","guid":{"rendered":"https:\/\/gaudiumetspes-blog.pl\/index.php\/2011\/03\/25\/dodatek-stacja-14\/"},"modified":"2019-07-31T12:52:12","modified_gmt":"2019-07-31T10:52:12","slug":"dodatek-stacja-14","status":"publish","type":"post","link":"https:\/\/gaudiumetspes-blog.pl\/index.php\/2011\/03\/25\/dodatek-stacja-14\/","title":{"rendered":"Dodatek &#8211; stacja 14"},"content":{"rendered":"<div align=\"center\" class=\"MsoNormal\" style=\"color: #0f0f0f; font-family: 'Times New Roman'; font-size: 14px; margin-bottom: 0px; margin-left: 0px; margin-right: 0px; margin-top: 0.4em; text-align: center;\"><b>Stacja 14<\/b><\/div>\n<div align=\"center\" class=\"MsoNormal\" style=\"color: #0f0f0f; font-family: 'Times New Roman'; font-size: 14px; margin-bottom: 0px; margin-left: 0px; margin-right: 0px; margin-top: 0.4em; text-align: center;\"><b>Cia\u0142o Jezusa z\u0142o\u017cone do grobu<\/b><\/div>\n<div class=\"MsoNormal\" style=\"color: #0f0f0f; font-family: 'Times New Roman'; font-size: 14px; margin-bottom: 0px; margin-left: 0px; margin-right: 0px; margin-top: 0.4em; text-align: justify;\">\n<\/div>\n<div class=\"MsoNormal\" style=\"color: #0f0f0f; font-family: 'Times New Roman'; font-size: 14px; margin-bottom: 0px; margin-left: 0px; margin-right: 0px; margin-top: 0.4em; text-align: justify;\"><b>&#8211; K\u0142aniamy Ci si\u0119, Panie Jezu Chryste i b\u0142ogos\u0142awimy Tobie \u2013<\/b><\/div>\n<div class=\"MsoNormal\" style=\"color: #0f0f0f; font-family: 'Times New Roman'; font-size: 14px; margin-bottom: 0px; margin-left: 0px; margin-right: 0px; margin-top: 0.4em; text-align: justify;\"><b>&#8211; \u017be\u015b przez Krzy\u017c i M\u0119k\u0119 swoj\u0105 \u015bwiat odkupi\u0107 raczy\u0142!<\/b><\/div>\n<div class=\"MsoNormal\" style=\"color: #0f0f0f; font-family: 'Times New Roman'; font-size: 14px; margin-bottom: 0px; margin-left: 0px; margin-right: 0px; margin-top: 0.4em; text-align: justify;\">\n<\/div>\n<div class=\"MsoNormal\" style=\"color: #0f0f0f; font-family: 'Times New Roman'; font-size: 14px; margin-bottom: 0px; margin-left: 0px; margin-right: 0px; margin-top: 0.4em; text-align: justify; text-indent: 35.4pt;\">Ten gr\u00f3b, kt\u00f3ry mia\u0142 ostatecznie rozstrzygn\u0105\u0107 i zamkn\u0105\u0107 spraw\u0119 Jezusa z Nazaretu, kt\u00f3ry mia\u0142 ostatecznie przypiecz\u0119towa\u0107 zwyci\u0119stwo nad Nim Jego przeciwnik\u00f3w \u2013 ten w\u0142a\u015bnie gr\u00f3b okaza\u0142 si\u0119 pocz\u0105tkiem, zal\u0105\u017ckiem wielkiego zwyci\u0119stwa, zmartwychwstania. To jedyny chyba na \u015bwiecie gr\u00f3b, kt\u00f3ry tak naprawd\u0119 nie kojarzy si\u0119 ze \u015bmierci\u0105, a je\u017celi ze \u015bmierci\u0105 \u2013 to tylko zwyci\u0119\u017con\u0105, ostatecznie pokonan\u0105! Ja tak cz\u0119sto, kiedy staj\u0119 nad grobami moich bliskich, przychodz\u0119 tam z modlitw\u0105, mo\u017ce ze smutkiem, ale nie chc\u0119 my\u015ble\u0107 o moim grobie, nie chc\u0119 my\u015ble\u0107 o przysz\u0142ym \u017cyciu, wol\u0119 koncentrowa\u0107 uwag\u0119 na tym, co teraz, co w tej chwili, co doczesne.<\/div>\n<div class=\"MsoNormal\" style=\"color: #0f0f0f; font-family: 'Times New Roman'; font-size: 14px; margin-bottom: 0px; margin-left: 0px; margin-right: 0px; margin-top: 0.4em; text-align: justify; text-indent: 35.4pt;\"><b>OTO JA, S\u0141U\u017bEBNICA PA\u0143SKA, NIECH MI SI\u0118 STANIE WED\u0141UG S\u0141OWA TWEGO! \u2013<\/b>&nbsp;m\u00f3wi dzi\u015b Twoja Matka, Panie. A ja, prze\u017cywaj\u0105c w duchu tych s\u0142\u00f3w tegoroczne Rekolekcje wielkopostne prosz\u0119 Ci\u0119, by\u015b raz jeszcze pouczy\u0142 mnie i przekona\u0142, \u017ce \u017cycie ludzkie nie zamyka si\u0119 tylko w tym, co doczesne, oraz \u017ce \u017cycie wiernych Tobie \u2013 jak m\u00f3wi Prefacja we Mszy za zmar\u0142ych \u2013 \u201ezmienia si\u0119, ale si\u0119 nie ko\u0144czy i gdy rozpadnie si\u0119 dom doczesnej pielgrzymki, znajd\u0105 przygotowane w Niebie wieczne mieszkanie\u2026\u201d.<\/div>\n<div class=\"MsoNormal\" style=\"color: #0f0f0f; font-family: 'Times New Roman'; font-size: 14px; margin-bottom: 0px; margin-left: 0px; margin-right: 0px; margin-top: 0.4em; text-align: justify;\"><b>Kt\u00f3ry\u015b za nas cierpia\u0142 rany \u2013 Jezu Chryste, zmi\u0142uj si\u0119 nad nami!<\/b><\/div>\n<div class=\"MsoNormal\" style=\"color: #0f0f0f; font-family: 'Times New Roman'; font-size: 14px; margin-bottom: 0px; margin-left: 0px; margin-right: 0px; margin-top: 0.4em; text-align: justify;\"><b>I Ty,kt\u00f3ra\u015b wsp\u00f3\u0142cierpia\u0142a \u2013 Matko Bolesna, przyczy\u0144 si\u0119 za nami!<\/b><\/div>\n<div class=\"MsoNormal\" style=\"color: #0f0f0f; font-family: 'Times New Roman'; font-size: 14px; margin-bottom: 0px; margin-left: 0px; margin-right: 0px; margin-top: 0.4em; text-align: justify;\">\n<\/div>\n<p><br clear=\"all\" style=\"page-break-before: always;\" \/><\/p>\n<div align=\"center\" class=\"MsoNormal\" style=\"color: #0f0f0f; font-family: 'Times New Roman'; font-size: 14px; margin-bottom: 0px; margin-left: 0px; margin-right: 0px; margin-top: 0.4em; text-align: center;\"><b>Zako\u0144czenie<\/b><\/div>\n<div class=\"MsoNormal\" style=\"color: #0f0f0f; font-family: 'Times New Roman'; font-size: 14px; margin-bottom: 0px; margin-left: 0px; margin-right: 0px; margin-top: 0.4em; text-align: justify;\">\n<\/div>\n<div class=\"MsoNormal\" style=\"color: #0f0f0f; font-family: 'Times New Roman'; font-size: 14px; margin-bottom: 0px; margin-left: 0px; margin-right: 0px; margin-top: 0.4em; text-align: justify; text-indent: 35.4pt;\">Dzi\u0119kuj\u0119 Ci, o Panie, \u017ce pozwoli\u0142e\u015b mi raz jeszcze przej\u015b\u0107 szlakiem Twojej krzy\u017cowej mi\u0142o\u015bci\u2026 Prosz\u0119 Ci\u0119 o dobre i liczne owoce tegorocznych Rekolekcji wielkopostnych dla mnie i wszystkich, kt\u00f3rzy wraz ze mn\u0105 je prze\u017cywaj\u0105.<\/div>\n<div class=\"MsoNormal\" style=\"color: #0f0f0f; font-family: 'Times New Roman'; font-size: 14px; margin-bottom: 0px; margin-left: 0px; margin-right: 0px; margin-top: 0.4em; text-align: justify; text-indent: 35.4pt;\">A w celu uzyskania odpustu, przywi\u0105zanego do tego nabo\u017ce\u0144stwa, wzbudz\u0119 w sobie intencj\u0119 jego otrzymania, wyzb\u0119d\u0119 si\u0119 przywi\u0105zania do jakiegokolwiek grzechu i b\u0119d\u0105c w stanie \u0142aski u\u015bwi\u0119caj\u0105cej \u2013 pomodl\u0119 si\u0119 w intencjach Ojca \u015awi\u0119tego i Ko\u015bcio\u0142a:<\/div>\n<div class=\"MsoNormal\" style=\"color: #0f0f0f; font-family: 'Times New Roman'; font-size: 14px; margin-bottom: 0px; margin-left: 0px; margin-right: 0px; margin-top: 0.4em; text-align: justify;\">\n<\/div>\n<div class=\"MsoNormal\" style=\"color: #0f0f0f; font-family: 'Times New Roman'; font-size: 14px; margin-bottom: 0px; margin-left: 0px; margin-right: 0px; margin-top: 0.4em; text-align: justify;\"><b>Ojcze nasz\u2026<\/b><\/div>\n<div class=\"MsoNormal\" style=\"color: #0f0f0f; font-family: 'Times New Roman'; font-size: 14px; margin-bottom: 0px; margin-left: 0px; margin-right: 0px; margin-top: 0.4em; text-align: justify;\"><b>Zdrowa\u015b Maryjo\u2026<\/b><\/div>\n<div class=\"MsoNormal\" style=\"color: #0f0f0f; font-family: 'Times New Roman'; font-size: 14px; margin-bottom: 0px; margin-left: 0px; margin-right: 0px; margin-top: 0.4em; text-align: justify;\"><b>Wierz\u0119 w Boga\u2026<\/b><\/div>\n<div class=\"MsoNormal\" style=\"color: #0f0f0f; font-family: 'Times New Roman'; font-size: 14px; margin-bottom: 0px; margin-left: 0px; margin-right: 0px; margin-top: 0.4em; text-align: justify;\">\n<\/div>\n<div class=\"MsoNormal\" style=\"color: #0f0f0f; font-family: 'Times New Roman'; font-size: 14px; margin-bottom: 0px; margin-left: 0px; margin-right: 0px; margin-top: 0.4em; text-align: justify;\"><b>Kt\u00f3ry\u015b za nas cierpia\u0142 rany \u2013 Jezu Chryste, zmi\u0142uj si\u0119 nad nami!<\/b><\/div>\n<div class=\"MsoNormal\" style=\"color: #0f0f0f; font-family: 'Times New Roman'; font-size: 14px; margin-bottom: 0px; margin-left: 0px; margin-right: 0px; margin-top: 0.4em; text-align: justify;\"><b>I Ty,kt\u00f3ra\u015b wsp\u00f3\u0142cierpia\u0142a \u2013 Matko Bolesna, przyczy\u0144 si\u0119 za nami!<\/b><\/div>\n","protected":false},"excerpt":{"rendered":"<p>Stacja 14 Cia\u0142o Jezusa z\u0142o\u017cone do grobu &#8211; K\u0142aniamy Ci si\u0119, Panie Jezu Chryste i b\u0142ogos\u0142awimy Tobie \u2013 &#8211; \u017be\u015b przez Krzy\u017c i M\u0119k\u0119 swoj\u0105 \u015bwiat odkupi\u0107 raczy\u0142! Ten gr\u00f3b, kt\u00f3ry mia\u0142 ostatecznie rozstrzygn\u0105\u0107 i zamkn\u0105\u0107 spraw\u0119 Jezusa z Nazaretu, kt\u00f3ry mia\u0142 ostatecznie przypiecz\u0119towa\u0107 zwyci\u0119stwo nad Nim Jego przeciwnik\u00f3w \u2013 ten w\u0142a\u015bnie gr\u00f3b okaza\u0142 si\u0119 [&hellip;]<\/p>\n","protected":false},"author":1,"featured_media":0,"comment_status":"open","ping_status":"open","sticky":false,"template":"","format":"standard","meta":{"jetpack_post_was_ever_published":false,"_jetpack_newsletter_access":"","_jetpack_dont_email_post_to_subs":false,"_jetpack_newsletter_tier_id":0,"_jetpack_memberships_contains_paywalled_content":false,"_jetpack_memberships_contains_paid_content":false,"footnotes":""},"categories":[1],"tags":[],"class_list":["post-9909","post","type-post","status-publish","format-standard","hentry","category-bez-kategorii"],"yoast_head":"<!-- This site is optimized with the Yoast SEO plugin v25.1 - https:\/\/yoast.com\/wordpress\/plugins\/seo\/ -->\n<title>Dodatek - stacja 14 - Gaudium Et Spes<\/title>\n<meta name=\"robots\" content=\"index, follow, max-snippet:-1, max-image-preview:large, max-video-preview:-1\" \/>\n<link rel=\"canonical\" href=\"https:\/\/gaudiumetspes-blog.pl\/index.php\/2011\/03\/25\/dodatek-stacja-14\/\" \/>\n<meta property=\"og:locale\" content=\"pl_PL\" \/>\n<meta property=\"og:type\" content=\"article\" \/>\n<meta property=\"og:title\" content=\"Dodatek - stacja 14 - Gaudium Et Spes\" \/>\n<meta property=\"og:description\" content=\"Stacja 14 Cia\u0142o Jezusa z\u0142o\u017cone do grobu &#8211; K\u0142aniamy Ci si\u0119, Panie Jezu Chryste i b\u0142ogos\u0142awimy Tobie \u2013 &#8211; \u017be\u015b przez Krzy\u017c i M\u0119k\u0119 swoj\u0105 \u015bwiat odkupi\u0107 raczy\u0142! Ten gr\u00f3b, kt\u00f3ry mia\u0142 ostatecznie rozstrzygn\u0105\u0107 i zamkn\u0105\u0107 spraw\u0119 Jezusa z Nazaretu, kt\u00f3ry mia\u0142 ostatecznie przypiecz\u0119towa\u0107 zwyci\u0119stwo nad Nim Jego przeciwnik\u00f3w \u2013 ten w\u0142a\u015bnie gr\u00f3b okaza\u0142 si\u0119 [&hellip;]\" \/>\n<meta property=\"og:url\" content=\"https:\/\/gaudiumetspes-blog.pl\/index.php\/2011\/03\/25\/dodatek-stacja-14\/\" \/>\n<meta property=\"og:site_name\" content=\"Gaudium Et Spes\" \/>\n<meta property=\"article:published_time\" content=\"2011-03-25T08:45:00+00:00\" \/>\n<meta property=\"article:modified_time\" content=\"2019-07-31T10:52:12+00:00\" \/>\n<meta name=\"author\" content=\"Ks. Jacek\" \/>\n<meta name=\"twitter:card\" content=\"summary_large_image\" \/>\n<meta name=\"twitter:label1\" content=\"Napisane przez\" \/>\n\t<meta name=\"twitter:data1\" content=\"Ks. Jacek\" \/>\n\t<meta name=\"twitter:label2\" content=\"Szacowany czas czytania\" \/>\n\t<meta name=\"twitter:data2\" content=\"2 minuty\" \/>\n<script type=\"application\/ld+json\" class=\"yoast-schema-graph\">{\"@context\":\"https:\/\/schema.org\",\"@graph\":[{\"@type\":\"WebPage\",\"@id\":\"https:\/\/gaudiumetspes-blog.pl\/index.php\/2011\/03\/25\/dodatek-stacja-14\/\",\"url\":\"https:\/\/gaudiumetspes-blog.pl\/index.php\/2011\/03\/25\/dodatek-stacja-14\/\",\"name\":\"Dodatek - stacja 14 - Gaudium Et Spes\",\"isPartOf\":{\"@id\":\"https:\/\/gaudiumetspes-blog.pl\/#website\"},\"datePublished\":\"2011-03-25T08:45:00+00:00\",\"dateModified\":\"2019-07-31T10:52:12+00:00\",\"author\":{\"@id\":\"https:\/\/gaudiumetspes-blog.pl\/#\/schema\/person\/1661982992b752dea8dff0d4ed845a65\"},\"breadcrumb\":{\"@id\":\"https:\/\/gaudiumetspes-blog.pl\/index.php\/2011\/03\/25\/dodatek-stacja-14\/#breadcrumb\"},\"inLanguage\":\"pl-PL\",\"potentialAction\":[{\"@type\":\"ReadAction\",\"target\":[\"https:\/\/gaudiumetspes-blog.pl\/index.php\/2011\/03\/25\/dodatek-stacja-14\/\"]}]},{\"@type\":\"BreadcrumbList\",\"@id\":\"https:\/\/gaudiumetspes-blog.pl\/index.php\/2011\/03\/25\/dodatek-stacja-14\/#breadcrumb\",\"itemListElement\":[{\"@type\":\"ListItem\",\"position\":1,\"name\":\"Strona g\u0142\u00f3wna\",\"item\":\"https:\/\/gaudiumetspes-blog.pl\/\"},{\"@type\":\"ListItem\",\"position\":2,\"name\":\"Dodatek &#8211; stacja 14\"}]},{\"@type\":\"WebSite\",\"@id\":\"https:\/\/gaudiumetspes-blog.pl\/#website\",\"url\":\"https:\/\/gaudiumetspes-blog.pl\/\",\"name\":\"Gaudium Et Spes\",\"description\":\"Blog Ks. Jacka Ja\u015bkowskiego\",\"potentialAction\":[{\"@type\":\"SearchAction\",\"target\":{\"@type\":\"EntryPoint\",\"urlTemplate\":\"https:\/\/gaudiumetspes-blog.pl\/?s={search_term_string}\"},\"query-input\":{\"@type\":\"PropertyValueSpecification\",\"valueRequired\":true,\"valueName\":\"search_term_string\"}}],\"inLanguage\":\"pl-PL\"},{\"@type\":\"Person\",\"@id\":\"https:\/\/gaudiumetspes-blog.pl\/#\/schema\/person\/1661982992b752dea8dff0d4ed845a65\",\"name\":\"Ks. Jacek\",\"image\":{\"@type\":\"ImageObject\",\"inLanguage\":\"pl-PL\",\"@id\":\"https:\/\/gaudiumetspes-blog.pl\/#\/schema\/person\/image\/\",\"url\":\"https:\/\/gaudiumetspes-blog.pl\/wp-content\/uploads\/2019\/07\/avatar-JJ-150x150.jpg\",\"contentUrl\":\"https:\/\/gaudiumetspes-blog.pl\/wp-content\/uploads\/2019\/07\/avatar-JJ-150x150.jpg\",\"caption\":\"Ks. Jacek\"},\"description\":\"Witam serdecznie! K\u0142ania si\u0119 Ks. Jacek Ja\u015bkowski. Nie jestem ani kim\u015b wa\u017cnym, ani kim\u015b znanym. Jestem ksi\u0119dzem, kt\u00f3ry po prostu chce rozmawia\u0107. Codzienna kap\u0142a\u0144ska pos\u0142uga pokazuje mi, \u017ce temat\u00f3w do rozm\u00f3w z ksi\u0119dzem jest coraz wi\u0119cej i dzisiaj \u017caden ksi\u0105dz nie mo\u017ce od nich ucieka\u0107, ale - wprost przeciwnie - podejmowa\u0107 nowe wyzwania. To przekonanie sk\u0142oni\u0142o mnie do pr\u00f3by otwarcia tego\u017c bloga, chocia\u017c okazji do rozm\u00f3w na co dzie\u0144 - w konfesjonale i poza nim - na szcz\u0119\u015bcie nie brakuje. My\u015bl\u0119 jednak, \u017ce ten blog b\u0119dzie jeszcze jednym sposobem i przestrzeni\u0105 nawi\u0105zania kontaktu z lud\u017ami dobrej woli, otwartymi na dialog.\",\"url\":\"https:\/\/gaudiumetspes-blog.pl\/index.php\/author\/ks-jacek\/\"}]}<\/script>\n<!-- \/ Yoast SEO plugin. -->","yoast_head_json":{"title":"Dodatek - stacja 14 - Gaudium Et Spes","robots":{"index":"index","follow":"follow","max-snippet":"max-snippet:-1","max-image-preview":"max-image-preview:large","max-video-preview":"max-video-preview:-1"},"canonical":"https:\/\/gaudiumetspes-blog.pl\/index.php\/2011\/03\/25\/dodatek-stacja-14\/","og_locale":"pl_PL","og_type":"article","og_title":"Dodatek - stacja 14 - Gaudium Et Spes","og_description":"Stacja 14 Cia\u0142o Jezusa z\u0142o\u017cone do grobu &#8211; K\u0142aniamy Ci si\u0119, Panie Jezu Chryste i b\u0142ogos\u0142awimy Tobie \u2013 &#8211; \u017be\u015b przez Krzy\u017c i M\u0119k\u0119 swoj\u0105 \u015bwiat odkupi\u0107 raczy\u0142! Ten gr\u00f3b, kt\u00f3ry mia\u0142 ostatecznie rozstrzygn\u0105\u0107 i zamkn\u0105\u0107 spraw\u0119 Jezusa z Nazaretu, kt\u00f3ry mia\u0142 ostatecznie przypiecz\u0119towa\u0107 zwyci\u0119stwo nad Nim Jego przeciwnik\u00f3w \u2013 ten w\u0142a\u015bnie gr\u00f3b okaza\u0142 si\u0119 [&hellip;]","og_url":"https:\/\/gaudiumetspes-blog.pl\/index.php\/2011\/03\/25\/dodatek-stacja-14\/","og_site_name":"Gaudium Et Spes","article_published_time":"2011-03-25T08:45:00+00:00","article_modified_time":"2019-07-31T10:52:12+00:00","author":"Ks. Jacek","twitter_card":"summary_large_image","twitter_misc":{"Napisane przez":"Ks. Jacek","Szacowany czas czytania":"2 minuty"},"schema":{"@context":"https:\/\/schema.org","@graph":[{"@type":"WebPage","@id":"https:\/\/gaudiumetspes-blog.pl\/index.php\/2011\/03\/25\/dodatek-stacja-14\/","url":"https:\/\/gaudiumetspes-blog.pl\/index.php\/2011\/03\/25\/dodatek-stacja-14\/","name":"Dodatek - stacja 14 - Gaudium Et Spes","isPartOf":{"@id":"https:\/\/gaudiumetspes-blog.pl\/#website"},"datePublished":"2011-03-25T08:45:00+00:00","dateModified":"2019-07-31T10:52:12+00:00","author":{"@id":"https:\/\/gaudiumetspes-blog.pl\/#\/schema\/person\/1661982992b752dea8dff0d4ed845a65"},"breadcrumb":{"@id":"https:\/\/gaudiumetspes-blog.pl\/index.php\/2011\/03\/25\/dodatek-stacja-14\/#breadcrumb"},"inLanguage":"pl-PL","potentialAction":[{"@type":"ReadAction","target":["https:\/\/gaudiumetspes-blog.pl\/index.php\/2011\/03\/25\/dodatek-stacja-14\/"]}]},{"@type":"BreadcrumbList","@id":"https:\/\/gaudiumetspes-blog.pl\/index.php\/2011\/03\/25\/dodatek-stacja-14\/#breadcrumb","itemListElement":[{"@type":"ListItem","position":1,"name":"Strona g\u0142\u00f3wna","item":"https:\/\/gaudiumetspes-blog.pl\/"},{"@type":"ListItem","position":2,"name":"Dodatek &#8211; stacja 14"}]},{"@type":"WebSite","@id":"https:\/\/gaudiumetspes-blog.pl\/#website","url":"https:\/\/gaudiumetspes-blog.pl\/","name":"Gaudium Et Spes","description":"Blog Ks. Jacka Ja\u015bkowskiego","potentialAction":[{"@type":"SearchAction","target":{"@type":"EntryPoint","urlTemplate":"https:\/\/gaudiumetspes-blog.pl\/?s={search_term_string}"},"query-input":{"@type":"PropertyValueSpecification","valueRequired":true,"valueName":"search_term_string"}}],"inLanguage":"pl-PL"},{"@type":"Person","@id":"https:\/\/gaudiumetspes-blog.pl\/#\/schema\/person\/1661982992b752dea8dff0d4ed845a65","name":"Ks. Jacek","image":{"@type":"ImageObject","inLanguage":"pl-PL","@id":"https:\/\/gaudiumetspes-blog.pl\/#\/schema\/person\/image\/","url":"https:\/\/gaudiumetspes-blog.pl\/wp-content\/uploads\/2019\/07\/avatar-JJ-150x150.jpg","contentUrl":"https:\/\/gaudiumetspes-blog.pl\/wp-content\/uploads\/2019\/07\/avatar-JJ-150x150.jpg","caption":"Ks. Jacek"},"description":"Witam serdecznie! K\u0142ania si\u0119 Ks. Jacek Ja\u015bkowski. Nie jestem ani kim\u015b wa\u017cnym, ani kim\u015b znanym. Jestem ksi\u0119dzem, kt\u00f3ry po prostu chce rozmawia\u0107. Codzienna kap\u0142a\u0144ska pos\u0142uga pokazuje mi, \u017ce temat\u00f3w do rozm\u00f3w z ksi\u0119dzem jest coraz wi\u0119cej i dzisiaj \u017caden ksi\u0105dz nie mo\u017ce od nich ucieka\u0107, ale - wprost przeciwnie - podejmowa\u0107 nowe wyzwania. To przekonanie sk\u0142oni\u0142o mnie do pr\u00f3by otwarcia tego\u017c bloga, chocia\u017c okazji do rozm\u00f3w na co dzie\u0144 - w konfesjonale i poza nim - na szcz\u0119\u015bcie nie brakuje. My\u015bl\u0119 jednak, \u017ce ten blog b\u0119dzie jeszcze jednym sposobem i przestrzeni\u0105 nawi\u0105zania kontaktu z lud\u017ami dobrej woli, otwartymi na dialog.","url":"https:\/\/gaudiumetspes-blog.pl\/index.php\/author\/ks-jacek\/"}]}},"jetpack_featured_media_url":"","jetpack_sharing_enabled":true,"_links":{"self":[{"href":"https:\/\/gaudiumetspes-blog.pl\/index.php\/wp-json\/wp\/v2\/posts\/9909","targetHints":{"allow":["GET"]}}],"collection":[{"href":"https:\/\/gaudiumetspes-blog.pl\/index.php\/wp-json\/wp\/v2\/posts"}],"about":[{"href":"https:\/\/gaudiumetspes-blog.pl\/index.php\/wp-json\/wp\/v2\/types\/post"}],"author":[{"embeddable":true,"href":"https:\/\/gaudiumetspes-blog.pl\/index.php\/wp-json\/wp\/v2\/users\/1"}],"replies":[{"embeddable":true,"href":"https:\/\/gaudiumetspes-blog.pl\/index.php\/wp-json\/wp\/v2\/comments?post=9909"}],"version-history":[{"count":1,"href":"https:\/\/gaudiumetspes-blog.pl\/index.php\/wp-json\/wp\/v2\/posts\/9909\/revisions"}],"predecessor-version":[{"id":10175,"href":"https:\/\/gaudiumetspes-blog.pl\/index.php\/wp-json\/wp\/v2\/posts\/9909\/revisions\/10175"}],"wp:attachment":[{"href":"https:\/\/gaudiumetspes-blog.pl\/index.php\/wp-json\/wp\/v2\/media?parent=9909"}],"wp:term":[{"taxonomy":"category","embeddable":true,"href":"https:\/\/gaudiumetspes-blog.pl\/index.php\/wp-json\/wp\/v2\/categories?post=9909"},{"taxonomy":"post_tag","embeddable":true,"href":"https:\/\/gaudiumetspes-blog.pl\/index.php\/wp-json\/wp\/v2\/tags?post=9909"}],"curies":[{"name":"wp","href":"https:\/\/api.w.org\/{rel}","templated":true}]}}