{"id":9911,"date":"2011-03-23T09:44:00","date_gmt":"2011-03-23T08:44:00","guid":{"rendered":"https:\/\/gaudiumetspes-blog.pl\/index.php\/2011\/03\/23\/czy-dzisiaj-jeszcze-da-sie-suzyc\/"},"modified":"2019-07-31T12:52:11","modified_gmt":"2019-07-31T10:52:11","slug":"czy-dzisiaj-jeszcze-da-sie-suzyc","status":"publish","type":"post","link":"https:\/\/gaudiumetspes-blog.pl\/index.php\/2011\/03\/23\/czy-dzisiaj-jeszcze-da-sie-suzyc\/","title":{"rendered":"Czy dzisiaj jeszcze da si\u0119 s\u0142u\u017cy\u0107?"},"content":{"rendered":"<p>Szcz\u0119\u015b\u0107 Bo\u017ce! Witam bardzo serdecznie i zapraszam do refleksji nad w\u0142a\u015bciwym pojmowaniem s\u0142u\u017cby i zaszczytu &#8211; w Kr\u00f3lestwie Jezusa. I raz jeszcze prosz\u0119 Was, Kochani, o modlitw\u0119 za Marcina &#8211; o co prosi\u0142em Was wczoraj. \u017bycz\u0119 wszystkich owocnego Wielkiego Postu!<br style=\"font-family: 'Times New Roman';\" \/>&nbsp;&nbsp;&nbsp;&nbsp;&nbsp;&nbsp;&nbsp;&nbsp;&nbsp;&nbsp;&nbsp;&nbsp;&nbsp;&nbsp;&nbsp;&nbsp; Gaudium et spes!&nbsp; Ks. Jacek&nbsp;<\/p>\n<div class=\"MsoNormal\" style=\"color: #0f0f0f; font-family: 'Times New Roman'; font-size: 14px; margin-bottom: 0px; margin-left: 0px; margin-right: 0px; margin-top: 0.4em; text-align: justify;\"><b>\u015aroda 2 tygodnia Wielkiego Postu,<\/b><\/div>\n<div class=\"MsoNormal\" style=\"color: #0f0f0f; font-family: 'Times New Roman'; font-size: 14px; margin-bottom: 0px; margin-left: 0px; margin-right: 0px; margin-top: 0.4em; text-align: justify;\"><b>do czyta\u0144:&nbsp;&nbsp;Jr 18,18\u201320;&nbsp;&nbsp;Mt 20,17\u201328<\/b><\/div>\n<div class=\"MsoNormal\" style=\"color: #0f0f0f; font-family: 'Times New Roman'; font-size: 14px; margin-bottom: 0px; margin-left: 0px; margin-right: 0px; margin-top: 0.4em; text-align: justify; text-indent: 35.4pt;\">Jako\u015b tak&nbsp;<b>wyj\u0105tkowo szokuj\u0105co<\/b>&nbsp;brzmi zestawienie zapowiedzi Jezusa, dotycz\u0105cej Jego&nbsp;<b>M\u0119ki, \u015amierci i Zmartwychwstania&nbsp;<\/b>\u2013 a by\u0142a to ju\u017c trzecia taka zapowied\u017a \u2013 z pro\u015bb\u0105 matki Jakuba i Jana, aby synowie jej&nbsp;<b>otrzymali zaszczytne miejsca w Kr\u00f3lestwie Jezusa.<\/b>&nbsp;Z jednej strony \u2013 powiedzieliby\u015bmy, \u017ce to dobrze, i\u017c matka chce powodzenia dla swoich dzieci. Z drugiej jednak\u017ce strony trzeba te\u017c u\u015bwiadomi\u0107 sobie, \u017ce to&nbsp;<b>nie ona sama z siebie wyst\u0105pi\u0142a z tak\u0105 inicjatyw\u0105,<\/b>&nbsp;ale owo dziwne pragnienie, owa niezdrowa ambicja mocno przenika\u0142a serca jej syn\u00f3w. Ona zatem by\u0142a jedynie wyrazicielk\u0105 tego, co oni my\u015bleli. A mo\u017ce dok\u0142adniej \u2013 tego, jak<b>nie my\u015bleli po Bo\u017cemu, a bardzo, bardzo po ludzku i przyziemnie!<\/b><\/div>\n<div class=\"MsoNormal\" style=\"color: #0f0f0f; font-family: 'Times New Roman'; font-size: 14px; margin-bottom: 0px; margin-left: 0px; margin-right: 0px; margin-top: 0.4em; text-align: justify; text-indent: 35.4pt;\">Oto Jezus m\u00f3wi im o swojej Ofierze z \u017cycia, o ca\u0142kowitym po\u015bwi\u0119ceniu,&nbsp;<b>a oni m\u00f3wi\u0105 o zaszczytach!<\/b>&nbsp;I tu nie tylko Janowi i Jakubowi nale\u017ca\u0142oby postawi\u0107 ten zarzut,&nbsp;<b>ale ca\u0142ej Dwunastce<\/b>&nbsp;\u2013 zw\u0142aszcza, je\u015bli zwa\u017cy si\u0119 na \u201e\u015bwi\u0119te\u201d oburzenie, z jakim zareagowali na pro\u015bb\u0119 dw\u00f3ch braci. Przecie\u017c to ka\u017cdy z nich widzia\u0142 siebie na tym zaszczytnym miejscu, a nie akurat Jakuba, czy Jana.&nbsp;<b>A Jezus \u2013 co na to?<\/b><\/div>\n<div class=\"MsoNormal\" style=\"color: #0f0f0f; font-family: 'Times New Roman'; font-size: 14px; margin-bottom: 0px; margin-left: 0px; margin-right: 0px; margin-top: 0.4em; text-align: justify; text-indent: 35.4pt;\">Jezus \u2013 tak jak zawsze zreszt\u0105 \u2013 nie gniewa si\u0119 na nich, nie oburza, nie gromi ich dziwacznych oczekiwa\u0144, ale<b>spokojnie t\u0142umaczy,<\/b>&nbsp;\u017ce relacje wzajemne pomi\u0119dzy Aposto\u0142ami maj\u0105 si\u0119 uk\u0142ada\u0107&nbsp;<b>inaczej, ni\u017c pomi\u0119dzy w\u0142adcami narod\u00f3w i \u201ewielkimi\u201d tego \u015bwiata.<\/b>&nbsp;Bo \u201ezaszczyty\u201d w Jego Kr\u00f3lestwie polegaj\u0105 w pierwszym rz\u0119dzie na piciu Jego kielicha, a wi\u0119c&nbsp;<b>na podj\u0119ciu wyrzecze\u0144, nawet cierpienia \u2013 w duchu s\u0142u\u017cby,<\/b>&nbsp;a nie w atmosferze wywy\u017cszania si\u0119 nad innych.<\/div>\n<div class=\"MsoNormal\" style=\"color: #0f0f0f; font-family: 'Times New Roman'; font-size: 14px; margin-bottom: 0px; margin-left: 0px; margin-right: 0px; margin-top: 0.4em; text-align: justify; text-indent: 35.4pt;\">W jakim\u015b sensie to, o czym m\u00f3wi Jezus, wyra\u017ca dzisiaj tak\u017ce Jeremiasz w swoim Proroctwie, kt\u00f3rego wys\u0142uchali\u015bmy w pierwszym czytaniu. Oto bowiem&nbsp;<b>uskar\u017ca si\u0119 on przed Bogiem na prze\u015bladowania i niesprawiedliwe traktowanie,<\/b>jakie spotyka go ze strony ludzi niegodziwych. Ca\u0142\u0105 swoj\u0105 spraw\u0119 oddaje on w r\u0119ce Boga, prosz\u0105c Go o rozstrzygni\u0119cie tej sytuacji. Ale to w\u0142a\u015bnie t\u0105 drog\u0105 krocz\u0105 wszyscy, kt\u00f3rzy pod\u0105\u017caj\u0105 za Bogiem:&nbsp;<b>drog\u0105 wyrzeczenia, drog\u0105 ofiary, nieraz niestety tak\u017ce prze\u015bladowa\u0144.<\/b><\/div>\n<div class=\"MsoNormal\" style=\"color: #0f0f0f; font-family: 'Times New Roman'; font-size: 14px; margin-bottom: 0px; margin-left: 0px; margin-right: 0px; margin-top: 0.4em; text-align: justify; text-indent: 35.4pt;\">Pozostaje to w wyra\u017anej sprzeczno\u015bci z tym, czego chce i co promuje \u015bwiat. Tak\u017ce ten \u015bwiat wsp\u00f3\u0142czesny Jezusowi: przecie\u017c&nbsp;<b>m\u00f3wienie o s\u0142u\u017cbie wprost sprzeciwia\u0142o si\u0119 idea\u0142om tak \u00f3wcze\u015bnie rozpowszechnionej kultury greckiej!<\/b>\u00d3wczesny Grek nie dopuszcza\u0142 do siebie my\u015bli o tym, \u017ce mia\u0142by by\u0107 czyim\u015b s\u0142ug\u0105 \u2013 to ogranicza\u0142o jego wolno\u015b\u0107! Nawet, gdyby tym kim\u015b mia\u0142by by\u0107 B\u00f3g!<\/div>\n<div class=\"MsoNormal\" style=\"color: #0f0f0f; font-family: 'Times New Roman'; font-size: 14px; margin-bottom: 0px; margin-left: 0px; margin-right: 0px; margin-top: 0.4em; text-align: justify; text-indent: 35.4pt;\"><b>Jezus natomiast promuj\u0119 w\u0142a\u015bnie postaw\u0119 s\u0142u\u017cby, pos\u0142usze\u0144stwa, po\u015bwi\u0119cenia, ofiary<\/b>\u2026 I tego uczy Jakuba i Jana, tego uczy pozosta\u0142ych Aposto\u0142\u00f3w, tego uczy nas wszystkich \u2013 nas, kt\u00f3rzy tak\u017ce \u017cyjemy wczasach, kiedy&nbsp;<b>s\u0142u\u017cba, po\u015bwi\u0119cenie, ofiara nie s\u0105 poj\u0119ciami modnymi i ch\u0119tnie przyjmowanymi!<\/b><\/div>\n<div class=\"MsoNormal\" style=\"color: #0f0f0f; font-family: 'Times New Roman'; font-size: 14px; margin-bottom: 0px; margin-left: 0px; margin-right: 0px; margin-top: 0.4em; text-align: justify; text-indent: 35.4pt;\">Kochani, czy pr\u00f3bowali\u015bmy sobie wyobrazi\u0107, \u017ce w miejscu pracy, w szkole, w urz\u0119dzie, w polskim Sejmie, albo chocia\u017cby w tramwaju, poci\u0105gu, ale nade wszystko: w ma\u0142\u017ce\u0144stwie, w rodzinie, w gronie najbli\u017cszych \u2013&nbsp;<b>wzajemne relacje uk\u0142adaj\u0105 si\u0119 po my\u015bli Jezusa, wyra\u017conej w dzisiejszej Ewangelii?<\/b>&nbsp;Relacje polegaj\u0105ce na tym, \u017ce jeden na drugiego nie czyha po to, aby go w przys\u0142owiowej \u201e\u0142y\u017cce wody utopi\u0107\u201d, nie chce mu zrobi\u0107 na z\u0142o\u015b\u0107 i zaj\u0105\u0107 jego stanowisko,<b>nie jest dla niego konkurentem, ale bratem i przyjacielem, kt\u00f3ry w razie czego s\u0142u\u017cy pomoc\u0105?<\/b>\u2026&nbsp;<b>W\u0142a\u015bnie \u2013 s\u0142u\u017cy<\/b>\u2026 Czy to jest mo\u017cliwe?<\/div>\n<div class=\"MsoNormal\" style=\"color: #0f0f0f; font-family: 'Times New Roman'; font-size: 14px; margin-bottom: 0px; margin-left: 0px; margin-right: 0px; margin-top: 0.4em; text-align: justify; text-indent: 35.4pt;\">Tak, to jest mo\u017cliwe, je\u015bli razem z Aposto\u0142ami zas\u0142uchamy si\u0119 w to, co Jezus dzisiaj m\u00f3wi w Ewangelii i z Jego pomoc\u0105&nbsp;<b>postaramy si\u0119 wyzby\u0107 chorobliwych ambicji, jakimi \u201eb\u0142ysn\u0119li\u201d dzi\u015b Jakub i Jan, oraz ca\u0142a reszta.<\/b>&nbsp;Niech mo\u017ce w\u0142a\u015bnie w tym kierunku \u2013 w kierunku kszta\u0142towania ducha s\u0142u\u017cby we wzajemnych naszych codziennych relacjach \u2013<b>p\u00f3jdzie tegoroczna osobista praca wielkopostna ka\u017cdej i ka\u017cdego z nas?<\/b><\/div>\n<div class=\"MsoNormal\" style=\"color: #0f0f0f; font-family: 'Times New Roman'; font-size: 14px; margin-bottom: 0px; margin-left: 0px; margin-right: 0px; margin-top: 0.4em; text-align: justify; text-indent: 35.4pt;\">W tym duchu zastan\u00f3wmy si\u0119:<\/div>\n<ul style=\"color: #0f0f0f; font-family: 'Times New Roman'; font-size: 14px; margin-top: 0cm;\" type=\"disc\">\n<li class=\"MsoNormal\" style=\"text-align: justify;\">Czy w miejscu pracy, nauki \u2013 wprowadzam atmosfer\u0119 \u017cyczliwo\u015bci i pomocy, czy jestem przyczyn\u0105 konflikt\u00f3w?<\/li>\n<li class=\"MsoNormal\" style=\"text-align: justify;\">Czy nie chc\u0119 za wszelk\u0105 cen\u0119 \u201eb\u0142yszcze\u0107\u201d przed innymi?<\/li>\n<li class=\"MsoNormal\" style=\"text-align: justify;\">Czy do innych odnosz\u0119 si\u0119 \u017cyczliwie zawsze, czy tylko wtedy, kiedy s\u0105 mi potrzebni do zrealizowania moich ambicji i oczekiwa\u0144?<\/li>\n<\/ul>\n<div class=\"MsoNormal\" style=\"color: #0f0f0f; font-family: 'Times New Roman'; font-size: 14px; margin-bottom: 0px; margin-left: 0px; margin-right: 0px; margin-top: 0.4em; text-align: justify; text-indent: 18pt;\"><b><i>Nie tak b\u0119dzie u was. Lecz kto by mi\u0119dzy wami chcia\u0142 sta\u0107 si\u0119 wielkim, niech b\u0119dzie waszym s\u0142ug\u0105<\/i><\/b>\u2026<\/div>\n","protected":false},"excerpt":{"rendered":"<p>Szcz\u0119\u015b\u0107 Bo\u017ce! Witam bardzo serdecznie i zapraszam do refleksji nad w\u0142a\u015bciwym pojmowaniem s\u0142u\u017cby i zaszczytu &#8211; w Kr\u00f3lestwie Jezusa. I raz jeszcze prosz\u0119 Was, Kochani, o modlitw\u0119 za Marcina &#8211; o co prosi\u0142em Was wczoraj. \u017bycz\u0119 wszystkich owocnego Wielkiego Postu!&nbsp;&nbsp;&nbsp;&nbsp;&nbsp;&nbsp;&nbsp;&nbsp;&nbsp;&nbsp;&nbsp;&nbsp;&nbsp;&nbsp;&nbsp;&nbsp; Gaudium et spes!&nbsp; Ks. Jacek&nbsp; \u015aroda 2 tygodnia Wielkiego Postu, do czyta\u0144:&nbsp;&nbsp;Jr 18,18\u201320;&nbsp;&nbsp;Mt 20,17\u201328 Jako\u015b [&hellip;]<\/p>\n","protected":false},"author":1,"featured_media":0,"comment_status":"open","ping_status":"open","sticky":false,"template":"","format":"standard","meta":{"jetpack_post_was_ever_published":false,"_jetpack_newsletter_access":"","_jetpack_dont_email_post_to_subs":false,"_jetpack_newsletter_tier_id":0,"_jetpack_memberships_contains_paywalled_content":false,"_jetpack_memberships_contains_paid_content":false,"footnotes":""},"categories":[1],"tags":[],"class_list":["post-9911","post","type-post","status-publish","format-standard","hentry","category-bez-kategorii"],"yoast_head":"<!-- This site is optimized with the Yoast SEO plugin v25.1 - https:\/\/yoast.com\/wordpress\/plugins\/seo\/ -->\n<title>Czy dzisiaj jeszcze da si\u0119 s\u0142u\u017cy\u0107? - Gaudium Et Spes<\/title>\n<meta name=\"robots\" content=\"index, follow, max-snippet:-1, max-image-preview:large, max-video-preview:-1\" \/>\n<link rel=\"canonical\" href=\"https:\/\/gaudiumetspes-blog.pl\/index.php\/2011\/03\/23\/czy-dzisiaj-jeszcze-da-sie-suzyc\/\" \/>\n<meta property=\"og:locale\" content=\"pl_PL\" \/>\n<meta property=\"og:type\" content=\"article\" \/>\n<meta property=\"og:title\" content=\"Czy dzisiaj jeszcze da si\u0119 s\u0142u\u017cy\u0107? - Gaudium Et Spes\" \/>\n<meta property=\"og:description\" content=\"Szcz\u0119\u015b\u0107 Bo\u017ce! Witam bardzo serdecznie i zapraszam do refleksji nad w\u0142a\u015bciwym pojmowaniem s\u0142u\u017cby i zaszczytu &#8211; w Kr\u00f3lestwie Jezusa. I raz jeszcze prosz\u0119 Was, Kochani, o modlitw\u0119 za Marcina &#8211; o co prosi\u0142em Was wczoraj. \u017bycz\u0119 wszystkich owocnego Wielkiego Postu!&nbsp;&nbsp;&nbsp;&nbsp;&nbsp;&nbsp;&nbsp;&nbsp;&nbsp;&nbsp;&nbsp;&nbsp;&nbsp;&nbsp;&nbsp;&nbsp; Gaudium et spes!&nbsp; Ks. Jacek&nbsp; \u015aroda 2 tygodnia Wielkiego Postu, do czyta\u0144:&nbsp;&nbsp;Jr 18,18\u201320;&nbsp;&nbsp;Mt 20,17\u201328 Jako\u015b [&hellip;]\" \/>\n<meta property=\"og:url\" content=\"https:\/\/gaudiumetspes-blog.pl\/index.php\/2011\/03\/23\/czy-dzisiaj-jeszcze-da-sie-suzyc\/\" \/>\n<meta property=\"og:site_name\" content=\"Gaudium Et Spes\" \/>\n<meta property=\"article:published_time\" content=\"2011-03-23T08:44:00+00:00\" \/>\n<meta property=\"article:modified_time\" content=\"2019-07-31T10:52:11+00:00\" \/>\n<meta name=\"author\" content=\"Ks. Jacek\" \/>\n<meta name=\"twitter:card\" content=\"summary_large_image\" \/>\n<meta name=\"twitter:label1\" content=\"Napisane przez\" \/>\n\t<meta name=\"twitter:data1\" content=\"Ks. Jacek\" \/>\n\t<meta name=\"twitter:label2\" content=\"Szacowany czas czytania\" \/>\n\t<meta name=\"twitter:data2\" content=\"4 minuty\" \/>\n<script type=\"application\/ld+json\" class=\"yoast-schema-graph\">{\"@context\":\"https:\/\/schema.org\",\"@graph\":[{\"@type\":\"WebPage\",\"@id\":\"https:\/\/gaudiumetspes-blog.pl\/index.php\/2011\/03\/23\/czy-dzisiaj-jeszcze-da-sie-suzyc\/\",\"url\":\"https:\/\/gaudiumetspes-blog.pl\/index.php\/2011\/03\/23\/czy-dzisiaj-jeszcze-da-sie-suzyc\/\",\"name\":\"Czy dzisiaj jeszcze da si\u0119 s\u0142u\u017cy\u0107? - Gaudium Et Spes\",\"isPartOf\":{\"@id\":\"https:\/\/gaudiumetspes-blog.pl\/#website\"},\"datePublished\":\"2011-03-23T08:44:00+00:00\",\"dateModified\":\"2019-07-31T10:52:11+00:00\",\"author\":{\"@id\":\"https:\/\/gaudiumetspes-blog.pl\/#\/schema\/person\/1661982992b752dea8dff0d4ed845a65\"},\"breadcrumb\":{\"@id\":\"https:\/\/gaudiumetspes-blog.pl\/index.php\/2011\/03\/23\/czy-dzisiaj-jeszcze-da-sie-suzyc\/#breadcrumb\"},\"inLanguage\":\"pl-PL\",\"potentialAction\":[{\"@type\":\"ReadAction\",\"target\":[\"https:\/\/gaudiumetspes-blog.pl\/index.php\/2011\/03\/23\/czy-dzisiaj-jeszcze-da-sie-suzyc\/\"]}]},{\"@type\":\"BreadcrumbList\",\"@id\":\"https:\/\/gaudiumetspes-blog.pl\/index.php\/2011\/03\/23\/czy-dzisiaj-jeszcze-da-sie-suzyc\/#breadcrumb\",\"itemListElement\":[{\"@type\":\"ListItem\",\"position\":1,\"name\":\"Strona g\u0142\u00f3wna\",\"item\":\"https:\/\/gaudiumetspes-blog.pl\/\"},{\"@type\":\"ListItem\",\"position\":2,\"name\":\"Czy&nbsp;dzisiaj jeszcze da si\u0119 s\u0142u\u017cy\u0107?\"}]},{\"@type\":\"WebSite\",\"@id\":\"https:\/\/gaudiumetspes-blog.pl\/#website\",\"url\":\"https:\/\/gaudiumetspes-blog.pl\/\",\"name\":\"Gaudium Et Spes\",\"description\":\"Blog Ks. Jacka Ja\u015bkowskiego\",\"potentialAction\":[{\"@type\":\"SearchAction\",\"target\":{\"@type\":\"EntryPoint\",\"urlTemplate\":\"https:\/\/gaudiumetspes-blog.pl\/?s={search_term_string}\"},\"query-input\":{\"@type\":\"PropertyValueSpecification\",\"valueRequired\":true,\"valueName\":\"search_term_string\"}}],\"inLanguage\":\"pl-PL\"},{\"@type\":\"Person\",\"@id\":\"https:\/\/gaudiumetspes-blog.pl\/#\/schema\/person\/1661982992b752dea8dff0d4ed845a65\",\"name\":\"Ks. Jacek\",\"image\":{\"@type\":\"ImageObject\",\"inLanguage\":\"pl-PL\",\"@id\":\"https:\/\/gaudiumetspes-blog.pl\/#\/schema\/person\/image\/\",\"url\":\"https:\/\/gaudiumetspes-blog.pl\/wp-content\/uploads\/2019\/07\/avatar-JJ-150x150.jpg\",\"contentUrl\":\"https:\/\/gaudiumetspes-blog.pl\/wp-content\/uploads\/2019\/07\/avatar-JJ-150x150.jpg\",\"caption\":\"Ks. Jacek\"},\"description\":\"Witam serdecznie! K\u0142ania si\u0119 Ks. Jacek Ja\u015bkowski. Nie jestem ani kim\u015b wa\u017cnym, ani kim\u015b znanym. Jestem ksi\u0119dzem, kt\u00f3ry po prostu chce rozmawia\u0107. Codzienna kap\u0142a\u0144ska pos\u0142uga pokazuje mi, \u017ce temat\u00f3w do rozm\u00f3w z ksi\u0119dzem jest coraz wi\u0119cej i dzisiaj \u017caden ksi\u0105dz nie mo\u017ce od nich ucieka\u0107, ale - wprost przeciwnie - podejmowa\u0107 nowe wyzwania. To przekonanie sk\u0142oni\u0142o mnie do pr\u00f3by otwarcia tego\u017c bloga, chocia\u017c okazji do rozm\u00f3w na co dzie\u0144 - w konfesjonale i poza nim - na szcz\u0119\u015bcie nie brakuje. My\u015bl\u0119 jednak, \u017ce ten blog b\u0119dzie jeszcze jednym sposobem i przestrzeni\u0105 nawi\u0105zania kontaktu z lud\u017ami dobrej woli, otwartymi na dialog.\",\"url\":\"https:\/\/gaudiumetspes-blog.pl\/index.php\/author\/ks-jacek\/\"}]}<\/script>\n<!-- \/ Yoast SEO plugin. -->","yoast_head_json":{"title":"Czy dzisiaj jeszcze da si\u0119 s\u0142u\u017cy\u0107? - Gaudium Et Spes","robots":{"index":"index","follow":"follow","max-snippet":"max-snippet:-1","max-image-preview":"max-image-preview:large","max-video-preview":"max-video-preview:-1"},"canonical":"https:\/\/gaudiumetspes-blog.pl\/index.php\/2011\/03\/23\/czy-dzisiaj-jeszcze-da-sie-suzyc\/","og_locale":"pl_PL","og_type":"article","og_title":"Czy dzisiaj jeszcze da si\u0119 s\u0142u\u017cy\u0107? - Gaudium Et Spes","og_description":"Szcz\u0119\u015b\u0107 Bo\u017ce! Witam bardzo serdecznie i zapraszam do refleksji nad w\u0142a\u015bciwym pojmowaniem s\u0142u\u017cby i zaszczytu &#8211; w Kr\u00f3lestwie Jezusa. I raz jeszcze prosz\u0119 Was, Kochani, o modlitw\u0119 za Marcina &#8211; o co prosi\u0142em Was wczoraj. \u017bycz\u0119 wszystkich owocnego Wielkiego Postu!&nbsp;&nbsp;&nbsp;&nbsp;&nbsp;&nbsp;&nbsp;&nbsp;&nbsp;&nbsp;&nbsp;&nbsp;&nbsp;&nbsp;&nbsp;&nbsp; Gaudium et spes!&nbsp; Ks. Jacek&nbsp; \u015aroda 2 tygodnia Wielkiego Postu, do czyta\u0144:&nbsp;&nbsp;Jr 18,18\u201320;&nbsp;&nbsp;Mt 20,17\u201328 Jako\u015b [&hellip;]","og_url":"https:\/\/gaudiumetspes-blog.pl\/index.php\/2011\/03\/23\/czy-dzisiaj-jeszcze-da-sie-suzyc\/","og_site_name":"Gaudium Et Spes","article_published_time":"2011-03-23T08:44:00+00:00","article_modified_time":"2019-07-31T10:52:11+00:00","author":"Ks. Jacek","twitter_card":"summary_large_image","twitter_misc":{"Napisane przez":"Ks. Jacek","Szacowany czas czytania":"4 minuty"},"schema":{"@context":"https:\/\/schema.org","@graph":[{"@type":"WebPage","@id":"https:\/\/gaudiumetspes-blog.pl\/index.php\/2011\/03\/23\/czy-dzisiaj-jeszcze-da-sie-suzyc\/","url":"https:\/\/gaudiumetspes-blog.pl\/index.php\/2011\/03\/23\/czy-dzisiaj-jeszcze-da-sie-suzyc\/","name":"Czy dzisiaj jeszcze da si\u0119 s\u0142u\u017cy\u0107? - Gaudium Et Spes","isPartOf":{"@id":"https:\/\/gaudiumetspes-blog.pl\/#website"},"datePublished":"2011-03-23T08:44:00+00:00","dateModified":"2019-07-31T10:52:11+00:00","author":{"@id":"https:\/\/gaudiumetspes-blog.pl\/#\/schema\/person\/1661982992b752dea8dff0d4ed845a65"},"breadcrumb":{"@id":"https:\/\/gaudiumetspes-blog.pl\/index.php\/2011\/03\/23\/czy-dzisiaj-jeszcze-da-sie-suzyc\/#breadcrumb"},"inLanguage":"pl-PL","potentialAction":[{"@type":"ReadAction","target":["https:\/\/gaudiumetspes-blog.pl\/index.php\/2011\/03\/23\/czy-dzisiaj-jeszcze-da-sie-suzyc\/"]}]},{"@type":"BreadcrumbList","@id":"https:\/\/gaudiumetspes-blog.pl\/index.php\/2011\/03\/23\/czy-dzisiaj-jeszcze-da-sie-suzyc\/#breadcrumb","itemListElement":[{"@type":"ListItem","position":1,"name":"Strona g\u0142\u00f3wna","item":"https:\/\/gaudiumetspes-blog.pl\/"},{"@type":"ListItem","position":2,"name":"Czy&nbsp;dzisiaj jeszcze da si\u0119 s\u0142u\u017cy\u0107?"}]},{"@type":"WebSite","@id":"https:\/\/gaudiumetspes-blog.pl\/#website","url":"https:\/\/gaudiumetspes-blog.pl\/","name":"Gaudium Et Spes","description":"Blog Ks. Jacka Ja\u015bkowskiego","potentialAction":[{"@type":"SearchAction","target":{"@type":"EntryPoint","urlTemplate":"https:\/\/gaudiumetspes-blog.pl\/?s={search_term_string}"},"query-input":{"@type":"PropertyValueSpecification","valueRequired":true,"valueName":"search_term_string"}}],"inLanguage":"pl-PL"},{"@type":"Person","@id":"https:\/\/gaudiumetspes-blog.pl\/#\/schema\/person\/1661982992b752dea8dff0d4ed845a65","name":"Ks. Jacek","image":{"@type":"ImageObject","inLanguage":"pl-PL","@id":"https:\/\/gaudiumetspes-blog.pl\/#\/schema\/person\/image\/","url":"https:\/\/gaudiumetspes-blog.pl\/wp-content\/uploads\/2019\/07\/avatar-JJ-150x150.jpg","contentUrl":"https:\/\/gaudiumetspes-blog.pl\/wp-content\/uploads\/2019\/07\/avatar-JJ-150x150.jpg","caption":"Ks. Jacek"},"description":"Witam serdecznie! K\u0142ania si\u0119 Ks. Jacek Ja\u015bkowski. Nie jestem ani kim\u015b wa\u017cnym, ani kim\u015b znanym. Jestem ksi\u0119dzem, kt\u00f3ry po prostu chce rozmawia\u0107. Codzienna kap\u0142a\u0144ska pos\u0142uga pokazuje mi, \u017ce temat\u00f3w do rozm\u00f3w z ksi\u0119dzem jest coraz wi\u0119cej i dzisiaj \u017caden ksi\u0105dz nie mo\u017ce od nich ucieka\u0107, ale - wprost przeciwnie - podejmowa\u0107 nowe wyzwania. To przekonanie sk\u0142oni\u0142o mnie do pr\u00f3by otwarcia tego\u017c bloga, chocia\u017c okazji do rozm\u00f3w na co dzie\u0144 - w konfesjonale i poza nim - na szcz\u0119\u015bcie nie brakuje. My\u015bl\u0119 jednak, \u017ce ten blog b\u0119dzie jeszcze jednym sposobem i przestrzeni\u0105 nawi\u0105zania kontaktu z lud\u017ami dobrej woli, otwartymi na dialog.","url":"https:\/\/gaudiumetspes-blog.pl\/index.php\/author\/ks-jacek\/"}]}},"jetpack_featured_media_url":"","jetpack_sharing_enabled":true,"_links":{"self":[{"href":"https:\/\/gaudiumetspes-blog.pl\/index.php\/wp-json\/wp\/v2\/posts\/9911","targetHints":{"allow":["GET"]}}],"collection":[{"href":"https:\/\/gaudiumetspes-blog.pl\/index.php\/wp-json\/wp\/v2\/posts"}],"about":[{"href":"https:\/\/gaudiumetspes-blog.pl\/index.php\/wp-json\/wp\/v2\/types\/post"}],"author":[{"embeddable":true,"href":"https:\/\/gaudiumetspes-blog.pl\/index.php\/wp-json\/wp\/v2\/users\/1"}],"replies":[{"embeddable":true,"href":"https:\/\/gaudiumetspes-blog.pl\/index.php\/wp-json\/wp\/v2\/comments?post=9911"}],"version-history":[{"count":1,"href":"https:\/\/gaudiumetspes-blog.pl\/index.php\/wp-json\/wp\/v2\/posts\/9911\/revisions"}],"predecessor-version":[{"id":10172,"href":"https:\/\/gaudiumetspes-blog.pl\/index.php\/wp-json\/wp\/v2\/posts\/9911\/revisions\/10172"}],"wp:attachment":[{"href":"https:\/\/gaudiumetspes-blog.pl\/index.php\/wp-json\/wp\/v2\/media?parent=9911"}],"wp:term":[{"taxonomy":"category","embeddable":true,"href":"https:\/\/gaudiumetspes-blog.pl\/index.php\/wp-json\/wp\/v2\/categories?post=9911"},{"taxonomy":"post_tag","embeddable":true,"href":"https:\/\/gaudiumetspes-blog.pl\/index.php\/wp-json\/wp\/v2\/tags?post=9911"}],"curies":[{"name":"wp","href":"https:\/\/api.w.org\/{rel}","templated":true}]}}