{"id":9912,"date":"2011-03-22T09:44:00","date_gmt":"2011-03-22T08:44:00","guid":{"rendered":"https:\/\/gaudiumetspes-blog.pl\/index.php\/2011\/03\/22\/suchajcie-ich-ale-uczynkow-nie\/"},"modified":"2019-07-31T12:52:10","modified_gmt":"2019-07-31T10:52:10","slug":"suchajcie-ich-ale-uczynkow-nie","status":"publish","type":"post","link":"https:\/\/gaudiumetspes-blog.pl\/index.php\/2011\/03\/22\/suchajcie-ich-ale-uczynkow-nie\/","title":{"rendered":"S\u0142uchajcie ich, ale uczynk\u00f3w nie na\u015bladujcie!"},"content":{"rendered":"<p>Witam bardzo serdecznie. I zapraszam do refleksji nad kolejnymi wskazaniami Jezusa, dotycz\u0105cymi naszej osobistej, wielkopostnej pracy nad sob\u0105.<br \/>\n&nbsp;&nbsp;&nbsp;&nbsp; Jednocze\u015bnie z ca\u0142ego serca prosz\u0119, aby\u015bcie zechcieli do swoich modlitw &#8211; o godzinie 20.00 i innych &#8211; do\u0142\u0105czy\u0107&nbsp;pro\u015bb\u0119 w intencji Marcina: o to, aby jak najszybciej zawr\u00f3ci\u0142 ze z\u0142ej drogi, na kt\u00f3r\u0105 ostatnio wkroczy\u0142.&nbsp;Prosz\u0119 Was o to bardzo gor\u0105co, bo jest to sprawa, na kt\u00f3rej mi ogromnie zale\u017cy. Sprawa bardzo pilna! I ju\u017c teraz dzi\u0119kuj\u0119 za modlitewn\u0105 \u0142\u0105czno\u015b\u0107!<br style=\"font-family: 'Times New Roman';\" \/>&nbsp;&nbsp;&nbsp;&nbsp;&nbsp;&nbsp;&nbsp;&nbsp;&nbsp;&nbsp;&nbsp;&nbsp;&nbsp;&nbsp;&nbsp;&nbsp;&nbsp;&nbsp; Gaudium et spes!&nbsp; Ks. Jacek<\/p>\n<div class=\"MsoNormal\" style=\"color: #0f0f0f; font-family: 'Times New Roman'; font-size: 14px; margin-bottom: 0px; margin-left: 0px; margin-right: 0px; margin-top: 0.4em; text-align: justify;\"><b>Wtorek 2 tygodnia Wielkiego Postu,<\/b><\/div>\n<div class=\"MsoNormal\" style=\"color: #0f0f0f; font-family: 'Times New Roman'; font-size: 14px; margin-bottom: 0px; margin-left: 0px; margin-right: 0px; margin-top: 0.4em; text-align: justify;\"><b>do czyta\u0144:&nbsp;&nbsp;Iz 1,10.16\u201320;&nbsp;&nbsp;Mt 23,1\u201312<\/b><\/div>\n<div class=\"MsoNormal\" style=\"color: #0f0f0f; font-family: 'Times New Roman'; font-size: 14px; margin-bottom: 0px; margin-left: 0px; margin-right: 0px; margin-top: 0.4em; text-align: justify; text-indent: 35.4pt;\">S\u0142owa Jezusa, jakie dzisiaj us\u0142yszeli\u015bmy w Ewangelii, zosta\u0142y przeze\u0144 skierowane do s\u0142uchaj\u0105cych Go t\u0142um\u00f3w, ale w wi\u0119kszym zapewne stopniu \u2013&nbsp;<b>do uczni\u00f3w,<\/b>&nbsp;kt\u00f3rzy w rodz\u0105cej si\u0119 Wsp\u00f3lnocie Ko\u015bcio\u0142a b\u0119d\u0105 pe\u0142ni\u0107 zadania podobne do tych, jakie wype\u0142niali w Narodzie Wybranym nauczyciele Pisma i faryzeusze,&nbsp;<b>jednak w inny spos\u00f3b.<\/b><\/div>\n<div class=\"MsoNormal\" style=\"color: #0f0f0f; font-family: 'Times New Roman'; font-size: 14px; margin-bottom: 0px; margin-left: 0px; margin-right: 0px; margin-top: 0.4em; text-align: justify; text-indent: 35.4pt;\">Nauczyciele Pisma byli bowiem&nbsp;<b>urz\u0119dowymi komentatorami i obro\u0144cami Prawa Bo\u017cego i teoretykami moralno\u015bci.<\/b>&nbsp;Uwa\u017cali, \u017ce jedynie oni znaj\u0105 i og\u0142aszaj\u0105 prawdziwy sens Pisma \u015awi\u0119tego. Drobiazgowo okre\u015blali obowi\u0105zki Izraelit\u00f3w, tworz\u0105c ca\u0142e setki szczeg\u00f3\u0142owych i trudnych do zachowania przepis\u00f3w,&nbsp;<b>wykrzywiaj\u0105cych, czy wprost zmieniaj\u0105cych zapisy Prawa Bo\u017cego.<\/b>&nbsp;I tym w\u0142a\u015bnie swoim \u201edopowiedzeniom\u201d nadawali autorytet r\u00f3wny Prawu Moj\u017ceszowemu,&nbsp;<b>chocia\u017c sami zawsze znale\u017ali spos\u00f3b omini\u0119cia ich.<\/b><\/div>\n<div class=\"MsoNormal\" style=\"color: #0f0f0f; font-family: 'Times New Roman'; font-size: 14px; margin-bottom: 0px; margin-left: 0px; margin-right: 0px; margin-top: 0.4em; text-align: justify; text-indent: 35.4pt;\">Jezus niezwykle surowo krytykowa\u0142 t\u0119 ich postaw\u0119, jednocze\u015bnie demaskuj\u0105c b\u0142\u0119dn\u0105 interpretacj\u0119 Pisma \u015awi\u0119tego. Krytykowa\u0142 tak\u017ce&nbsp;<b>stosowanie przez nich zewn\u0119trznych oznak pobo\u017cno\u015bci oraz stroj\u00f3w,<\/b>&nbsp;kt\u00f3rymi starali si\u0119 oni wzbudzi\u0107 podziw u ludzi.&nbsp;&nbsp;Przed takim w\u0142a\u015bnie post\u0119powaniem przestrzega\u0142 swoich uczni\u00f3w. Osoby, kt\u00f3re stan\u0105 na czele wsp\u00f3lnoty chrze\u015bcijan,<b>&nbsp;powinny traktowa\u0107 swoj\u0105 misj\u0119 jako s\u0142u\u017cb\u0119, a swoje wywy\u017cszenie pozostawi\u0107 Bogu.<\/b><\/div>\n<div class=\"MsoNormal\" style=\"color: #0f0f0f; font-family: 'Times New Roman'; font-size: 14px; margin-bottom: 0px; margin-left: 0px; margin-right: 0px; margin-top: 0.4em; text-align: justify; text-indent: 35.4pt;\">Podobny ton pobrzmiewa tak\u017ce w dzisiejszym pierwszym czytaniu. Oto Izajasz wzywa Jerozolim\u0119 do nawr\u00f3cenia. Przyr\u00f3wnuj\u0105c j\u0105 do Sodomy i Gomory ostrzega, \u017ce je\u015bli jej mieszka\u0144cy i przyw\u00f3dcy nie nawr\u00f3c\u0105 si\u0119, to&nbsp;<b>czeka ich ten los, jaki spotka\u0142 tamte grzeszne miasta.<\/b>&nbsp;Jednak nawr\u00f3cenie ma polega\u0107 przede wszystkim na zmianie my\u015blenia i post\u0119powania,&nbsp;<b>a nie na zachowywaniu tylko samych rytualnych czynno\u015bci i gest\u00f3w<\/b>&nbsp;\u2013 chocia\u017c akurat tego ostatniego pouczenia nie znajdziemy w dzisiejszym czytaniu, jest ono natomiast zapisane w pobliskich wersach Ksi\u0119gi Izajasza.<\/div>\n<div class=\"MsoNormal\" style=\"color: #0f0f0f; font-family: 'Times New Roman'; font-size: 14px; margin-bottom: 0px; margin-left: 0px; margin-right: 0px; margin-top: 0.4em; text-align: justify; text-indent: 35.4pt;\">Tak zatem, Kochani,&nbsp;<b>nie zewn\u0119trzne znaki, nie rytua\u0142y dla samych rytua\u0142\u00f3w i praktyki dla samych praktyk,<\/b>po\u0142\u0105czone dodatkowo z obnoszeniem si\u0119 ze swoj\u0105 pozorn\u0105, karykaturaln\u0105 cz\u0119sto \u201epobo\u017cno\u015bci\u0105\u201d i wierno\u015bci\u0105 swoi\u015bcie rozumianemu i dla swoich potrzeb naci\u0105ganemu Prawu Bo\u017cemu, ale&nbsp;<b>autentyczne oparcie si\u0119 na Prawie Bo\u017cym, dog\u0142\u0119bnie rozumianym, i wynikaj\u0105ca st\u0105d szczera i autentyczna postawa:<\/b>&nbsp;postawa nawr\u00f3cenia, zmiany my\u015blenia, przewarto\u015bciowania ca\u0142ego swego \u017cycia \u2013&nbsp;<b>oto jest w\u0142a\u015bciwe \u015bwiadectwo uczni\u00f3w Chrystusa!<\/b><\/div>\n<div class=\"MsoNormal\" style=\"color: #0f0f0f; font-family: 'Times New Roman'; font-size: 14px; margin-bottom: 0px; margin-left: 0px; margin-right: 0px; margin-top: 0.4em; text-align: justify; text-indent: 35.4pt;\">Prze\u017cywajmy zatem czas Wielkiego Postu w taki spos\u00f3b, aby Jezus nie musia\u0142 nikogo przed nasz\u0105 postaw\u0105 ostrzega\u0107 s\u0142owami:<b><i>&nbsp;Czy\u0144cie wi\u0119c i zachowujcie wszystko, co wam polec\u0105, ale uczynk\u00f3w ich nie na\u015bladujcie<\/i>!<\/b>&nbsp;Oby\u015bmy wybronili si\u0119 przed tak\u0105 dwulicowo\u015bci\u0105 i tak\u0105 ob\u0142ud\u0105! Oby mi\u0119dzy naszymi czynami a s\u0142owami nie by\u0142o nawet najmniejszego rozr\u00f3\u017cnienia \u2013 ani centymetra odleg\u0142o\u015bci!<\/div>\n<div class=\"MsoNormal\" style=\"color: #0f0f0f; font-family: 'Times New Roman'; font-size: 14px; margin-bottom: 0px; margin-left: 0px; margin-right: 0px; margin-top: 0.4em; text-align: justify; text-indent: 35.4pt;\">W tym duchu zastan\u00f3wmy si\u0119:<\/div>\n<ul style=\"color: #0f0f0f; font-family: 'Times New Roman'; font-size: 14px; margin-top: 0cm;\" type=\"disc\">\n<li class=\"MsoNormal\" style=\"text-align: justify;\">Czy przestrzegam wszystkich przykaza\u0144 Bo\u017cych, czy tylko wybranych \u2013 \u0142atwych i ma\u0142o wymagaj\u0105cych?<\/li>\n<li class=\"MsoNormal\" style=\"text-align: justify;\">Czy w mojej pobo\u017cno\u015bci nie ma ani cienia ob\u0142udy i postawy \u201ena pokaz\u201d?<\/li>\n<li class=\"MsoNormal\" style=\"text-align: justify;\">Czy nie przypisuj\u0119 sobie prawa do pouczania i napominania innych, chocia\u017c sam cz\u0119sto nie jestem lepszy?<\/li>\n<\/ul>\n<div class=\"MsoNormal\" style=\"color: #0f0f0f; font-family: 'Times New Roman'; font-size: 14px; margin-bottom: 0px; margin-left: 0px; margin-right: 0px; margin-top: 0.4em; text-align: justify; text-indent: 18pt;\"><b><i>Najwi\u0119kszy z was niech b\u0119dzie waszym s\u0142ug\u0105. Kto si\u0119 wywy\u017csza, b\u0119dzie poni\u017cony, a kto si\u0119 poni\u017ca, b\u0119dzie wywy\u017cszony<\/i><\/b><b>!<\/b><\/div>\n<div><b><br \/>\n<\/b><\/div>\n","protected":false},"excerpt":{"rendered":"<p>Witam bardzo serdecznie. I zapraszam do refleksji nad kolejnymi wskazaniami Jezusa, dotycz\u0105cymi naszej osobistej, wielkopostnej pracy nad sob\u0105. &nbsp;&nbsp;&nbsp;&nbsp; Jednocze\u015bnie z ca\u0142ego serca prosz\u0119, aby\u015bcie zechcieli do swoich modlitw &#8211; o godzinie 20.00 i innych &#8211; do\u0142\u0105czy\u0107&nbsp;pro\u015bb\u0119 w intencji Marcina: o to, aby jak najszybciej zawr\u00f3ci\u0142 ze z\u0142ej drogi, na kt\u00f3r\u0105 ostatnio wkroczy\u0142.&nbsp;Prosz\u0119 Was o [&hellip;]<\/p>\n","protected":false},"author":1,"featured_media":0,"comment_status":"open","ping_status":"open","sticky":false,"template":"","format":"standard","meta":{"jetpack_post_was_ever_published":false,"_jetpack_newsletter_access":"","_jetpack_dont_email_post_to_subs":false,"_jetpack_newsletter_tier_id":0,"_jetpack_memberships_contains_paywalled_content":false,"_jetpack_memberships_contains_paid_content":false,"footnotes":""},"categories":[1],"tags":[],"class_list":["post-9912","post","type-post","status-publish","format-standard","hentry","category-bez-kategorii"],"yoast_head":"<!-- This site is optimized with the Yoast SEO plugin v25.1 - https:\/\/yoast.com\/wordpress\/plugins\/seo\/ -->\n<title>S\u0142uchajcie ich, ale uczynk\u00f3w nie na\u015bladujcie! - Gaudium Et Spes<\/title>\n<meta name=\"robots\" content=\"index, follow, max-snippet:-1, max-image-preview:large, max-video-preview:-1\" \/>\n<link rel=\"canonical\" href=\"https:\/\/gaudiumetspes-blog.pl\/index.php\/2011\/03\/22\/suchajcie-ich-ale-uczynkow-nie\/\" \/>\n<meta property=\"og:locale\" content=\"pl_PL\" \/>\n<meta property=\"og:type\" content=\"article\" \/>\n<meta property=\"og:title\" content=\"S\u0142uchajcie ich, ale uczynk\u00f3w nie na\u015bladujcie! - Gaudium Et Spes\" \/>\n<meta property=\"og:description\" content=\"Witam bardzo serdecznie. I zapraszam do refleksji nad kolejnymi wskazaniami Jezusa, dotycz\u0105cymi naszej osobistej, wielkopostnej pracy nad sob\u0105. &nbsp;&nbsp;&nbsp;&nbsp; Jednocze\u015bnie z ca\u0142ego serca prosz\u0119, aby\u015bcie zechcieli do swoich modlitw &#8211; o godzinie 20.00 i innych &#8211; do\u0142\u0105czy\u0107&nbsp;pro\u015bb\u0119 w intencji Marcina: o to, aby jak najszybciej zawr\u00f3ci\u0142 ze z\u0142ej drogi, na kt\u00f3r\u0105 ostatnio wkroczy\u0142.&nbsp;Prosz\u0119 Was o [&hellip;]\" \/>\n<meta property=\"og:url\" content=\"https:\/\/gaudiumetspes-blog.pl\/index.php\/2011\/03\/22\/suchajcie-ich-ale-uczynkow-nie\/\" \/>\n<meta property=\"og:site_name\" content=\"Gaudium Et Spes\" \/>\n<meta property=\"article:published_time\" content=\"2011-03-22T08:44:00+00:00\" \/>\n<meta property=\"article:modified_time\" content=\"2019-07-31T10:52:10+00:00\" \/>\n<meta name=\"author\" content=\"Ks. Jacek\" \/>\n<meta name=\"twitter:card\" content=\"summary_large_image\" \/>\n<meta name=\"twitter:label1\" content=\"Napisane przez\" \/>\n\t<meta name=\"twitter:data1\" content=\"Ks. Jacek\" \/>\n\t<meta name=\"twitter:label2\" content=\"Szacowany czas czytania\" \/>\n\t<meta name=\"twitter:data2\" content=\"4 minuty\" \/>\n<script type=\"application\/ld+json\" class=\"yoast-schema-graph\">{\"@context\":\"https:\/\/schema.org\",\"@graph\":[{\"@type\":\"WebPage\",\"@id\":\"https:\/\/gaudiumetspes-blog.pl\/index.php\/2011\/03\/22\/suchajcie-ich-ale-uczynkow-nie\/\",\"url\":\"https:\/\/gaudiumetspes-blog.pl\/index.php\/2011\/03\/22\/suchajcie-ich-ale-uczynkow-nie\/\",\"name\":\"S\u0142uchajcie ich, ale uczynk\u00f3w nie na\u015bladujcie! - Gaudium Et Spes\",\"isPartOf\":{\"@id\":\"https:\/\/gaudiumetspes-blog.pl\/#website\"},\"datePublished\":\"2011-03-22T08:44:00+00:00\",\"dateModified\":\"2019-07-31T10:52:10+00:00\",\"author\":{\"@id\":\"https:\/\/gaudiumetspes-blog.pl\/#\/schema\/person\/1661982992b752dea8dff0d4ed845a65\"},\"breadcrumb\":{\"@id\":\"https:\/\/gaudiumetspes-blog.pl\/index.php\/2011\/03\/22\/suchajcie-ich-ale-uczynkow-nie\/#breadcrumb\"},\"inLanguage\":\"pl-PL\",\"potentialAction\":[{\"@type\":\"ReadAction\",\"target\":[\"https:\/\/gaudiumetspes-blog.pl\/index.php\/2011\/03\/22\/suchajcie-ich-ale-uczynkow-nie\/\"]}]},{\"@type\":\"BreadcrumbList\",\"@id\":\"https:\/\/gaudiumetspes-blog.pl\/index.php\/2011\/03\/22\/suchajcie-ich-ale-uczynkow-nie\/#breadcrumb\",\"itemListElement\":[{\"@type\":\"ListItem\",\"position\":1,\"name\":\"Strona g\u0142\u00f3wna\",\"item\":\"https:\/\/gaudiumetspes-blog.pl\/\"},{\"@type\":\"ListItem\",\"position\":2,\"name\":\"S\u0142uchajcie ich, ale&nbsp;uczynk\u00f3w nie&nbsp;na\u015bladujcie!\"}]},{\"@type\":\"WebSite\",\"@id\":\"https:\/\/gaudiumetspes-blog.pl\/#website\",\"url\":\"https:\/\/gaudiumetspes-blog.pl\/\",\"name\":\"Gaudium Et Spes\",\"description\":\"Blog Ks. Jacka Ja\u015bkowskiego\",\"potentialAction\":[{\"@type\":\"SearchAction\",\"target\":{\"@type\":\"EntryPoint\",\"urlTemplate\":\"https:\/\/gaudiumetspes-blog.pl\/?s={search_term_string}\"},\"query-input\":{\"@type\":\"PropertyValueSpecification\",\"valueRequired\":true,\"valueName\":\"search_term_string\"}}],\"inLanguage\":\"pl-PL\"},{\"@type\":\"Person\",\"@id\":\"https:\/\/gaudiumetspes-blog.pl\/#\/schema\/person\/1661982992b752dea8dff0d4ed845a65\",\"name\":\"Ks. Jacek\",\"image\":{\"@type\":\"ImageObject\",\"inLanguage\":\"pl-PL\",\"@id\":\"https:\/\/gaudiumetspes-blog.pl\/#\/schema\/person\/image\/\",\"url\":\"https:\/\/gaudiumetspes-blog.pl\/wp-content\/uploads\/2019\/07\/avatar-JJ-150x150.jpg\",\"contentUrl\":\"https:\/\/gaudiumetspes-blog.pl\/wp-content\/uploads\/2019\/07\/avatar-JJ-150x150.jpg\",\"caption\":\"Ks. Jacek\"},\"description\":\"Witam serdecznie! K\u0142ania si\u0119 Ks. Jacek Ja\u015bkowski. Nie jestem ani kim\u015b wa\u017cnym, ani kim\u015b znanym. Jestem ksi\u0119dzem, kt\u00f3ry po prostu chce rozmawia\u0107. Codzienna kap\u0142a\u0144ska pos\u0142uga pokazuje mi, \u017ce temat\u00f3w do rozm\u00f3w z ksi\u0119dzem jest coraz wi\u0119cej i dzisiaj \u017caden ksi\u0105dz nie mo\u017ce od nich ucieka\u0107, ale - wprost przeciwnie - podejmowa\u0107 nowe wyzwania. To przekonanie sk\u0142oni\u0142o mnie do pr\u00f3by otwarcia tego\u017c bloga, chocia\u017c okazji do rozm\u00f3w na co dzie\u0144 - w konfesjonale i poza nim - na szcz\u0119\u015bcie nie brakuje. My\u015bl\u0119 jednak, \u017ce ten blog b\u0119dzie jeszcze jednym sposobem i przestrzeni\u0105 nawi\u0105zania kontaktu z lud\u017ami dobrej woli, otwartymi na dialog.\",\"url\":\"https:\/\/gaudiumetspes-blog.pl\/index.php\/author\/ks-jacek\/\"}]}<\/script>\n<!-- \/ Yoast SEO plugin. -->","yoast_head_json":{"title":"S\u0142uchajcie ich, ale uczynk\u00f3w nie na\u015bladujcie! - Gaudium Et Spes","robots":{"index":"index","follow":"follow","max-snippet":"max-snippet:-1","max-image-preview":"max-image-preview:large","max-video-preview":"max-video-preview:-1"},"canonical":"https:\/\/gaudiumetspes-blog.pl\/index.php\/2011\/03\/22\/suchajcie-ich-ale-uczynkow-nie\/","og_locale":"pl_PL","og_type":"article","og_title":"S\u0142uchajcie ich, ale uczynk\u00f3w nie na\u015bladujcie! - Gaudium Et Spes","og_description":"Witam bardzo serdecznie. I zapraszam do refleksji nad kolejnymi wskazaniami Jezusa, dotycz\u0105cymi naszej osobistej, wielkopostnej pracy nad sob\u0105. &nbsp;&nbsp;&nbsp;&nbsp; Jednocze\u015bnie z ca\u0142ego serca prosz\u0119, aby\u015bcie zechcieli do swoich modlitw &#8211; o godzinie 20.00 i innych &#8211; do\u0142\u0105czy\u0107&nbsp;pro\u015bb\u0119 w intencji Marcina: o to, aby jak najszybciej zawr\u00f3ci\u0142 ze z\u0142ej drogi, na kt\u00f3r\u0105 ostatnio wkroczy\u0142.&nbsp;Prosz\u0119 Was o [&hellip;]","og_url":"https:\/\/gaudiumetspes-blog.pl\/index.php\/2011\/03\/22\/suchajcie-ich-ale-uczynkow-nie\/","og_site_name":"Gaudium Et Spes","article_published_time":"2011-03-22T08:44:00+00:00","article_modified_time":"2019-07-31T10:52:10+00:00","author":"Ks. Jacek","twitter_card":"summary_large_image","twitter_misc":{"Napisane przez":"Ks. Jacek","Szacowany czas czytania":"4 minuty"},"schema":{"@context":"https:\/\/schema.org","@graph":[{"@type":"WebPage","@id":"https:\/\/gaudiumetspes-blog.pl\/index.php\/2011\/03\/22\/suchajcie-ich-ale-uczynkow-nie\/","url":"https:\/\/gaudiumetspes-blog.pl\/index.php\/2011\/03\/22\/suchajcie-ich-ale-uczynkow-nie\/","name":"S\u0142uchajcie ich, ale uczynk\u00f3w nie na\u015bladujcie! - Gaudium Et Spes","isPartOf":{"@id":"https:\/\/gaudiumetspes-blog.pl\/#website"},"datePublished":"2011-03-22T08:44:00+00:00","dateModified":"2019-07-31T10:52:10+00:00","author":{"@id":"https:\/\/gaudiumetspes-blog.pl\/#\/schema\/person\/1661982992b752dea8dff0d4ed845a65"},"breadcrumb":{"@id":"https:\/\/gaudiumetspes-blog.pl\/index.php\/2011\/03\/22\/suchajcie-ich-ale-uczynkow-nie\/#breadcrumb"},"inLanguage":"pl-PL","potentialAction":[{"@type":"ReadAction","target":["https:\/\/gaudiumetspes-blog.pl\/index.php\/2011\/03\/22\/suchajcie-ich-ale-uczynkow-nie\/"]}]},{"@type":"BreadcrumbList","@id":"https:\/\/gaudiumetspes-blog.pl\/index.php\/2011\/03\/22\/suchajcie-ich-ale-uczynkow-nie\/#breadcrumb","itemListElement":[{"@type":"ListItem","position":1,"name":"Strona g\u0142\u00f3wna","item":"https:\/\/gaudiumetspes-blog.pl\/"},{"@type":"ListItem","position":2,"name":"S\u0142uchajcie ich, ale&nbsp;uczynk\u00f3w nie&nbsp;na\u015bladujcie!"}]},{"@type":"WebSite","@id":"https:\/\/gaudiumetspes-blog.pl\/#website","url":"https:\/\/gaudiumetspes-blog.pl\/","name":"Gaudium Et Spes","description":"Blog Ks. Jacka Ja\u015bkowskiego","potentialAction":[{"@type":"SearchAction","target":{"@type":"EntryPoint","urlTemplate":"https:\/\/gaudiumetspes-blog.pl\/?s={search_term_string}"},"query-input":{"@type":"PropertyValueSpecification","valueRequired":true,"valueName":"search_term_string"}}],"inLanguage":"pl-PL"},{"@type":"Person","@id":"https:\/\/gaudiumetspes-blog.pl\/#\/schema\/person\/1661982992b752dea8dff0d4ed845a65","name":"Ks. Jacek","image":{"@type":"ImageObject","inLanguage":"pl-PL","@id":"https:\/\/gaudiumetspes-blog.pl\/#\/schema\/person\/image\/","url":"https:\/\/gaudiumetspes-blog.pl\/wp-content\/uploads\/2019\/07\/avatar-JJ-150x150.jpg","contentUrl":"https:\/\/gaudiumetspes-blog.pl\/wp-content\/uploads\/2019\/07\/avatar-JJ-150x150.jpg","caption":"Ks. Jacek"},"description":"Witam serdecznie! K\u0142ania si\u0119 Ks. Jacek Ja\u015bkowski. Nie jestem ani kim\u015b wa\u017cnym, ani kim\u015b znanym. Jestem ksi\u0119dzem, kt\u00f3ry po prostu chce rozmawia\u0107. Codzienna kap\u0142a\u0144ska pos\u0142uga pokazuje mi, \u017ce temat\u00f3w do rozm\u00f3w z ksi\u0119dzem jest coraz wi\u0119cej i dzisiaj \u017caden ksi\u0105dz nie mo\u017ce od nich ucieka\u0107, ale - wprost przeciwnie - podejmowa\u0107 nowe wyzwania. To przekonanie sk\u0142oni\u0142o mnie do pr\u00f3by otwarcia tego\u017c bloga, chocia\u017c okazji do rozm\u00f3w na co dzie\u0144 - w konfesjonale i poza nim - na szcz\u0119\u015bcie nie brakuje. My\u015bl\u0119 jednak, \u017ce ten blog b\u0119dzie jeszcze jednym sposobem i przestrzeni\u0105 nawi\u0105zania kontaktu z lud\u017ami dobrej woli, otwartymi na dialog.","url":"https:\/\/gaudiumetspes-blog.pl\/index.php\/author\/ks-jacek\/"}]}},"jetpack_featured_media_url":"","jetpack_sharing_enabled":true,"_links":{"self":[{"href":"https:\/\/gaudiumetspes-blog.pl\/index.php\/wp-json\/wp\/v2\/posts\/9912","targetHints":{"allow":["GET"]}}],"collection":[{"href":"https:\/\/gaudiumetspes-blog.pl\/index.php\/wp-json\/wp\/v2\/posts"}],"about":[{"href":"https:\/\/gaudiumetspes-blog.pl\/index.php\/wp-json\/wp\/v2\/types\/post"}],"author":[{"embeddable":true,"href":"https:\/\/gaudiumetspes-blog.pl\/index.php\/wp-json\/wp\/v2\/users\/1"}],"replies":[{"embeddable":true,"href":"https:\/\/gaudiumetspes-blog.pl\/index.php\/wp-json\/wp\/v2\/comments?post=9912"}],"version-history":[{"count":1,"href":"https:\/\/gaudiumetspes-blog.pl\/index.php\/wp-json\/wp\/v2\/posts\/9912\/revisions"}],"predecessor-version":[{"id":10171,"href":"https:\/\/gaudiumetspes-blog.pl\/index.php\/wp-json\/wp\/v2\/posts\/9912\/revisions\/10171"}],"wp:attachment":[{"href":"https:\/\/gaudiumetspes-blog.pl\/index.php\/wp-json\/wp\/v2\/media?parent=9912"}],"wp:term":[{"taxonomy":"category","embeddable":true,"href":"https:\/\/gaudiumetspes-blog.pl\/index.php\/wp-json\/wp\/v2\/categories?post=9912"},{"taxonomy":"post_tag","embeddable":true,"href":"https:\/\/gaudiumetspes-blog.pl\/index.php\/wp-json\/wp\/v2\/tags?post=9912"}],"curies":[{"name":"wp","href":"https:\/\/api.w.org\/{rel}","templated":true}]}}