{"id":9913,"date":"2011-03-21T09:43:00","date_gmt":"2011-03-21T08:43:00","guid":{"rendered":"https:\/\/gaudiumetspes-blog.pl\/index.php\/2011\/03\/21\/czy-mamy-swiadomosc-grzechu\/"},"modified":"2019-07-31T12:52:10","modified_gmt":"2019-07-31T10:52:10","slug":"czy-mamy-swiadomosc-grzechu","status":"publish","type":"post","link":"https:\/\/gaudiumetspes-blog.pl\/index.php\/2011\/03\/21\/czy-mamy-swiadomosc-grzechu\/","title":{"rendered":"Czy mamy \u015bwiadomo\u015b\u0107 grzechu?&#8230;"},"content":{"rendered":"<p>Szcz\u0119\u015b\u0107 Bo\u017ce! Witam Was, Kochani, i dzi\u0119kuj\u0119 za liczne odwiedziny na blogu w ostatnich dniach, a tak\u017ce &#8211; za kilka wpis\u00f3w z ciekawymi komentarzami. Zapraszam do wypowiadania si\u0119 na r\u00f3\u017cne tematy moralne &#8211; nie tylko te, kt\u00f3re poruszane s\u0105 w rozwa\u017caniach. Zach\u0119cam te\u017c do w\u0142\u0105czenia si\u0119 do Wsp\u00f3lnoty modlitwy o godz. 20.00, oraz wszelkich innych form modlitwy za siebie nawzajem. A dzisiaj zastanawiamy si\u0119 nad \u015bwiadomo\u015bci\u0105 grzechu&#8230; lub jej brakiem&#8230;<br \/>\nWspieram Was modlitw\u0105 i przesy\u0142am kap\u0142a\u0144skie b\u0142ogos\u0142awie\u0144stwo:&nbsp;+&nbsp;w imi\u0119 Ojca i Syna, i Ducha \u015awi\u0119tego. Amen<br \/>\n&nbsp;&nbsp;&nbsp;&nbsp;&nbsp;&nbsp;&nbsp;&nbsp;&nbsp;&nbsp;&nbsp;&nbsp;&nbsp;&nbsp;&nbsp;&nbsp;&nbsp; Gaudium et spes!&nbsp; Ks. Jacek<\/p>\n<div class=\"MsoNormal\" style=\"color: #0f0f0f; font-family: 'Times New Roman'; font-size: 14px; margin-bottom: 0px; margin-left: 0px; margin-right: 0px; margin-top: 0.4em; text-align: justify;\"><b>Poniedzia\u0142ek 2 tygodnia Wielkiego Postu,<\/b><\/div>\n<div class=\"MsoNormal\" style=\"color: #0f0f0f; font-family: 'Times New Roman'; font-size: 14px; margin-bottom: 0px; margin-left: 0px; margin-right: 0px; margin-top: 0.4em; text-align: justify;\"><b>do czyta\u0144:&nbsp; Dn 9,4b\u201310;&nbsp; \u0141k 6,36\u201338<\/b><\/div>\n<div class=\"MsoNormal\" style=\"color: #0f0f0f; font-family: 'Times New Roman'; font-size: 14px; margin-bottom: 0px; margin-left: 0px; margin-right: 0px; margin-top: 0.4em; text-align: justify; text-indent: 35.4pt;\">Kiedy si\u0119 czyta kolejne zdania dzisiejszej Liturgii S\u0142owa, to \u2013 prawd\u0119 m\u00f3wi\u0105c \u2013&nbsp;<b>trudno tu cokolwiek dodawa\u0107 i komentowa\u0107!<\/b>&nbsp;Bo c\u00f3\u017c mo\u017cna doda\u0107 do pe\u0142nych \u017calu i prze\u015bwiadczenia o swojej s\u0142abo\u015bci s\u0142\u00f3w:&nbsp;<b><i>Zgrzeszyli\u015bmy, zb\u0142\u0105dzili\u015bmy, pope\u0142nili\u015bmy nieprawo\u015b\u0107 i zbuntowali\u015bmy si\u0119, odst\u0105pili\u015bmy od Twoich przykaza\u0144<\/i>?<\/b>\u2026 C\u00f3\u017c mo\u017cna do tego doda\u0107? Czy\u017c nie powinni\u015bmy si\u0119 raczej w milczeniu podpisa\u0107 pod tymi s\u0142owami i ukorzy\u0107 si\u0119 przed Bogiem?<\/div>\n<div class=\"MsoNormal\" style=\"color: #0f0f0f; font-family: 'Times New Roman'; font-size: 14px; margin-bottom: 0px; margin-left: 0px; margin-right: 0px; margin-top: 0.4em; text-align: justify; text-indent: 35.4pt;\">Albo \u2013 czy\u017c nie powinni\u015bmy razem z Prorokiem modli\u0107 si\u0119:&nbsp;<b><i>Tobie, Panie, nale\u017cy si\u0119 sprawiedliwo\u015b\u0107, nam za\u015b wstyd na twarzach,<\/i><\/b>&nbsp;[\u2026]&nbsp;<b><i>bo zgrzeszyli\u015bmy przeciw Tobie<\/i><\/b>. A jedynym, co w tej sytuacji ratuje cz\u0142owieka, to g\u0142\u0119bokie prze\u015bwiadczenie o wielkim i niezmierzonym mi\u0142osierdziu Pana. Ufno\u015b\u0107 t\u0119 Prorok wyra\u017ca w s\u0142owach:&nbsp;<b><i>Pan za\u015b, nasz B\u00f3g, jest mi\u0142osierny i okazuje \u0142askawo\u015b\u0107, mimo, \u017ce zbuntowali\u015bmy si\u0119 przeciw Niemu i nie s\u0142uchali\u015bmy g\u0142osu Pana, naszego Boga<\/i><\/b>\u2026<\/div>\n<div class=\"MsoNormal\" style=\"color: #0f0f0f; font-family: 'Times New Roman'; font-size: 14px; margin-bottom: 0px; margin-left: 0px; margin-right: 0px; margin-top: 0.4em; text-align: justify; text-indent: 35.4pt;\">Tak, B\u00f3g jest mi\u0142osierny i przebacza grzechy swego ludu. Ch\u0119tnie przebacza, tylko&nbsp;<b>czy zawsze spotyka si\u0119 z prawdziwym \u017calem za grzechy?<\/b>&nbsp;Czy te s\u0142owa, kt\u00f3re dzisiaj zapisa\u0142 Prorok, rzeczywi\u015bcie m\u00f3g\u0142by szczerze wypowiedzie\u0107 ka\u017cdy z nas?A mo\u017ce nawet nie tyle&nbsp;<b>m\u00f3g\u0142by<\/b>, co&nbsp;<b>chcia\u0142by<\/b>wypowiedzie\u0107?<\/div>\n<div class=\"MsoNormal\" style=\"color: #0f0f0f; font-family: 'Times New Roman'; font-size: 14px; margin-bottom: 0px; margin-left: 0px; margin-right: 0px; margin-top: 0.4em; text-align: justify; text-indent: 35.4pt;\">Okazuje si\u0119 bowiem, \u017ce \u017cyjemy w takich dziwnych czasach, w kt\u00f3rych w\u015br\u00f3d ludzi panuje&nbsp;<b>wielkie i mocne przekonanie o tym, \u017ce zjawisko grzechu albo w og\u00f3le nie istnieje, albo jest tak rzadkie, i\u017c aby mog\u0142o faktycznie doj\u015b\u0107 do grzechu, to musi by\u0107 spe\u0142niona ca\u0142a gama wielu przer\u00f3\u017cnych warunk\u00f3w i okoliczno\u015bci. Praktycznie wi\u0119c \u2013 wed\u0142ug tych teorii \u2013 do grzechu niemal nigdy nie dochodzi.<\/b><\/div>\n<div class=\"MsoNormal\" style=\"color: #0f0f0f; font-family: 'Times New Roman'; font-size: 14px; margin-bottom: 0px; margin-left: 0px; margin-right: 0px; margin-top: 0.4em; text-align: justify; text-indent: 35.4pt;\">Bardzo mocno zwracaj\u0105 na to uwag\u0119 i przestrzegaj\u0105 przed tym Papie\u017ce naszych czas\u00f3w, pocz\u0105wszy ju\u017c od Piusa XII \u2013 Papie\u017ca czasu wojny \u2013 poprzez Paw\u0142a VI, po Jana Paw\u0142a II i Benedykta XVI. Wszyscy oni&nbsp;<b>ostrzegaj\u0105 Ko\u015bci\u00f3\u0142 przed tym niezwykle gro\u017anym zjawiskiem,<\/b>&nbsp;jednoznacznie stwierdzaj\u0105c, \u017ce wielk\u0105 chorob\u0105 ludzi naszych czas\u00f3w,&nbsp;<b>wielkim grzechem ludzi naszych czas\u00f3w jest<\/b>\u2026&nbsp;<b>brak \u015bwiadomo\u015bci grzechu!<\/b>&nbsp;Jest to naprawd\u0119 gro\u017ane zjawisko, bo powoduje, \u017ce ludzie brn\u0105 coraz bardziej w z\u0142o, a t\u0142umacz\u0105 to na r\u00f3\u017cne sposoby, co z kolei sprawia, \u017ce&nbsp;<b>nie mo\u017ce mie\u0107 miejsca \u017cadna prawdziwa poprawa!<\/b><\/div>\n<div class=\"MsoNormal\" style=\"color: #0f0f0f; font-family: 'Times New Roman'; font-size: 14px; margin-bottom: 0px; margin-left: 0px; margin-right: 0px; margin-top: 0.4em; text-align: justify; text-indent: 35.4pt;\">Takie nastawienie sprawia, \u017ce zw\u0142aszcza&nbsp;<b>w Ko\u015bciele na Zachodzie indywidualna i integralna Spowied\u017a prze\u017cywa kryzys i albo w og\u00f3le nie ma \u017calu za grzechy, albo zbyt \u0142atwo stosuje si\u0119 rozgrzeszenie og\u00f3lne, bez indywidualnego wyznania grzech\u00f3w<\/b>\u2026 U nas, na szcz\u0119\u015bcie, konfesjona\u0142y s\u0105 oblegane i ksi\u0119\u017ca nieraz nawet godzinami spowiadaj\u0105. Wida\u0107 jednak czasami \u2013 w\u015br\u00f3d spowiadaj\u0105cych si\u0119 wiernych \u2013<b>tendencj\u0119 do \u0142atwego usprawiedliwiania si\u0119 z pope\u0142nionych grzech\u00f3w,<\/b>&nbsp;lub stwierdzania \u2013 po up\u0142ywie po\u0142owy roku od ostatniej Spowiedzi \u2013 \u017ce&nbsp;<b>w\u0142a\u015bciwie to nie ma si\u0119 \u017cadnego grzechu, albo tylko jakie\u015b niewielkie<\/b>\u2026<\/div>\n<div class=\"MsoNormal\" style=\"color: #0f0f0f; font-family: 'Times New Roman'; font-size: 14px; margin-bottom: 0px; margin-left: 0px; margin-right: 0px; margin-top: 0.4em; text-align: justify; text-indent: 35.4pt;\">Kochani, naprawd\u0119 nie chodzi tu o wyszukiwanie \u201ena si\u0142\u0119\u201d grzeszk\u00f3w tylko po to, aby zadowoli\u0107 spowiednika. Tu chodzi o&nbsp;<b>stani\u0119cie w prawdzie przed Bogiem&nbsp;<\/b>i jasne u\u015bwiadomienie sobie, jaki jestem,&nbsp;<b>co robi\u0119 dobrze<\/b>&nbsp;\u2013 to w pierwszym rz\u0119dzie mamy sobie u\u015bwiadamia\u0107 \u2013&nbsp;<b>a nast\u0119pnie: co robi\u0119 \u017ale.<\/b>&nbsp;Pomoc\u0105 b\u0119dzie&nbsp;<b>solidny rachunek sumienia,<\/b>przeprowadzony z zastosowaniem pyta\u0144, zamieszczonych w ka\u017cdej ksi\u0105\u017ceczce do nabo\u017ce\u0144stwa \u2013 pyta\u0144 opatrzonych w\u0142a\u015bnie tytu\u0142em: \u201eRachunek sumienia\u201d.<\/div>\n<div class=\"MsoNormal\" style=\"color: #0f0f0f; font-family: 'Times New Roman'; font-size: 14px; margin-bottom: 0px; margin-left: 0px; margin-right: 0px; margin-top: 0.4em; text-align: justify; text-indent: 35.4pt;\">Tylko jasne u\u015bwiadomienie sobie swoich grzech\u00f3w&nbsp;<b>i szczera ch\u0119\u0107 zerwania z nimi,<\/b>&nbsp;g\u0142\u0119bokie prze\u015bwiadczenie, \u017ce<b>jest mi \u017ale z grzechem, \u017ce go nie akceptuj\u0119 wewn\u0119trznie<\/b>&nbsp;i naprawd\u0119, naprawd\u0119 chc\u0119 z nim zerwa\u0107 \u2013 tylko taka postawa<b>pomo\u017ce nam powstrzyma\u0107 si\u0119 przed os\u0105dzaniem innych, pot\u0119pianiem, a nauczy nas odpuszczania innym i okazywania dobroci.<\/b>&nbsp;I tylko tak\u0105 postaw\u0119 B\u00f3g b\u0119dzie wynagradza\u0142&nbsp;<i>miar\u0105 dobr\u0105, nat\u0142oczon\u0105, utrz\u0119sion\u0105 i op\u0142ywaj\u0105c\u0105<\/i>.<\/div>\n<div class=\"MsoNormal\" style=\"color: #0f0f0f; font-family: 'Times New Roman'; font-size: 14px; margin-bottom: 0px; margin-left: 0px; margin-right: 0px; margin-top: 0.4em; text-align: justify; text-indent: 35.4pt;\">Bo szczere uznanie grzechu w sobie, przyznanie si\u0119 do niego, pragnienie zerwania z nim&nbsp;<b>bynajmniej nie umniejsza cz\u0142owieka, ale \u2013 dok\u0142adnie odwrotnie \u2013 czyni go wielkim w oczach Bo\u017cych i otwartym na relacje z drugim cz\u0142owiekiem.<\/b>&nbsp;Nie b\u00f3jmy si\u0119 zatem uczyni\u0107 modlitwy Proroka Daniela nasz\u0105 modlitw\u0105,&nbsp;<b>nie b\u00f3jmy si\u0119 prawdy o sobie,<\/b>&nbsp;nie b\u00f3jmy si\u0119 rozrachunku ze swoim sumieniem! Z tego wynikn\u0105 tylko dobre owoce!<\/div>\n<div class=\"MsoNormal\" style=\"color: #0f0f0f; font-family: 'Times New Roman'; font-size: 14px; margin-bottom: 0px; margin-left: 0px; margin-right: 0px; margin-top: 0.4em; text-align: justify;\">&nbsp;&nbsp;&nbsp;&nbsp;&nbsp;&nbsp;&nbsp;&nbsp;&nbsp;&nbsp;&nbsp;&nbsp;A w tym kontek\u015bcie zastan\u00f3wmy si\u0119:<\/div>\n<ul style=\"color: #0f0f0f; font-family: 'Times New Roman'; font-size: 14px; margin-top: 0cm;\" type=\"disc\">\n<li class=\"MsoNormal\" style=\"text-align: justify;\">Czy nie kamufluj\u0119 \u2013 przed samym sob\u0105 \u2013 prawdy o grzechu, jaki pope\u0142niam?<\/li>\n<li class=\"MsoNormal\" style=\"text-align: justify;\">Czy szczerze, naprawd\u0119 szczerze chc\u0119 zerwa\u0107 z ka\u017cdym grzechem?<\/li>\n<li class=\"MsoNormal\" style=\"text-align: justify;\">Czy moja praca nad pokonaniem grzechu jest m\u0105drze zaplanowana i prowadzona konsekwentnie?<\/li>\n<\/ul>\n<div class=\"MsoNormal\" style=\"color: #0f0f0f; font-family: 'Times New Roman'; font-size: 14px; margin-bottom: 0px; margin-left: 0px; margin-right: 0px; margin-top: 0.4em; text-align: justify; text-indent: 18pt;\"><b><i>Odmierz\u0105 wam bowiem tak\u0105 miar\u0105, jak\u0105 wy mierzycie<\/i><\/b><b>!<\/b><\/div>\n","protected":false},"excerpt":{"rendered":"<p>Szcz\u0119\u015b\u0107 Bo\u017ce! Witam Was, Kochani, i dzi\u0119kuj\u0119 za liczne odwiedziny na blogu w ostatnich dniach, a tak\u017ce &#8211; za kilka wpis\u00f3w z ciekawymi komentarzami. Zapraszam do wypowiadania si\u0119 na r\u00f3\u017cne tematy moralne &#8211; nie tylko te, kt\u00f3re poruszane s\u0105 w rozwa\u017caniach. Zach\u0119cam te\u017c do w\u0142\u0105czenia si\u0119 do Wsp\u00f3lnoty modlitwy o godz. 20.00, oraz wszelkich innych [&hellip;]<\/p>\n","protected":false},"author":1,"featured_media":0,"comment_status":"open","ping_status":"open","sticky":false,"template":"","format":"standard","meta":{"jetpack_post_was_ever_published":false,"_jetpack_newsletter_access":"","_jetpack_dont_email_post_to_subs":false,"_jetpack_newsletter_tier_id":0,"_jetpack_memberships_contains_paywalled_content":false,"_jetpack_memberships_contains_paid_content":false,"footnotes":""},"categories":[1],"tags":[],"class_list":["post-9913","post","type-post","status-publish","format-standard","hentry","category-bez-kategorii"],"yoast_head":"<!-- This site is optimized with the Yoast SEO plugin v25.1 - https:\/\/yoast.com\/wordpress\/plugins\/seo\/ -->\n<title>Czy mamy \u015bwiadomo\u015b\u0107 grzechu?... - Gaudium Et Spes<\/title>\n<meta name=\"robots\" content=\"index, follow, max-snippet:-1, max-image-preview:large, max-video-preview:-1\" \/>\n<link rel=\"canonical\" href=\"https:\/\/gaudiumetspes-blog.pl\/index.php\/2011\/03\/21\/czy-mamy-swiadomosc-grzechu\/\" \/>\n<meta property=\"og:locale\" content=\"pl_PL\" \/>\n<meta property=\"og:type\" content=\"article\" \/>\n<meta property=\"og:title\" content=\"Czy mamy \u015bwiadomo\u015b\u0107 grzechu?... - Gaudium Et Spes\" \/>\n<meta property=\"og:description\" content=\"Szcz\u0119\u015b\u0107 Bo\u017ce! Witam Was, Kochani, i dzi\u0119kuj\u0119 za liczne odwiedziny na blogu w ostatnich dniach, a tak\u017ce &#8211; za kilka wpis\u00f3w z ciekawymi komentarzami. Zapraszam do wypowiadania si\u0119 na r\u00f3\u017cne tematy moralne &#8211; nie tylko te, kt\u00f3re poruszane s\u0105 w rozwa\u017caniach. Zach\u0119cam te\u017c do w\u0142\u0105czenia si\u0119 do Wsp\u00f3lnoty modlitwy o godz. 20.00, oraz wszelkich innych [&hellip;]\" \/>\n<meta property=\"og:url\" content=\"https:\/\/gaudiumetspes-blog.pl\/index.php\/2011\/03\/21\/czy-mamy-swiadomosc-grzechu\/\" \/>\n<meta property=\"og:site_name\" content=\"Gaudium Et Spes\" \/>\n<meta property=\"article:published_time\" content=\"2011-03-21T08:43:00+00:00\" \/>\n<meta property=\"article:modified_time\" content=\"2019-07-31T10:52:10+00:00\" \/>\n<meta name=\"author\" content=\"Ks. Jacek\" \/>\n<meta name=\"twitter:card\" content=\"summary_large_image\" \/>\n<meta name=\"twitter:label1\" content=\"Napisane przez\" \/>\n\t<meta name=\"twitter:data1\" content=\"Ks. Jacek\" \/>\n\t<meta name=\"twitter:label2\" content=\"Szacowany czas czytania\" \/>\n\t<meta name=\"twitter:data2\" content=\"5 minut\" \/>\n<script type=\"application\/ld+json\" class=\"yoast-schema-graph\">{\"@context\":\"https:\/\/schema.org\",\"@graph\":[{\"@type\":\"WebPage\",\"@id\":\"https:\/\/gaudiumetspes-blog.pl\/index.php\/2011\/03\/21\/czy-mamy-swiadomosc-grzechu\/\",\"url\":\"https:\/\/gaudiumetspes-blog.pl\/index.php\/2011\/03\/21\/czy-mamy-swiadomosc-grzechu\/\",\"name\":\"Czy mamy \u015bwiadomo\u015b\u0107 grzechu?... - Gaudium Et Spes\",\"isPartOf\":{\"@id\":\"https:\/\/gaudiumetspes-blog.pl\/#website\"},\"datePublished\":\"2011-03-21T08:43:00+00:00\",\"dateModified\":\"2019-07-31T10:52:10+00:00\",\"author\":{\"@id\":\"https:\/\/gaudiumetspes-blog.pl\/#\/schema\/person\/1661982992b752dea8dff0d4ed845a65\"},\"breadcrumb\":{\"@id\":\"https:\/\/gaudiumetspes-blog.pl\/index.php\/2011\/03\/21\/czy-mamy-swiadomosc-grzechu\/#breadcrumb\"},\"inLanguage\":\"pl-PL\",\"potentialAction\":[{\"@type\":\"ReadAction\",\"target\":[\"https:\/\/gaudiumetspes-blog.pl\/index.php\/2011\/03\/21\/czy-mamy-swiadomosc-grzechu\/\"]}]},{\"@type\":\"BreadcrumbList\",\"@id\":\"https:\/\/gaudiumetspes-blog.pl\/index.php\/2011\/03\/21\/czy-mamy-swiadomosc-grzechu\/#breadcrumb\",\"itemListElement\":[{\"@type\":\"ListItem\",\"position\":1,\"name\":\"Strona g\u0142\u00f3wna\",\"item\":\"https:\/\/gaudiumetspes-blog.pl\/\"},{\"@type\":\"ListItem\",\"position\":2,\"name\":\"Czy&nbsp;mamy \u015bwiadomo\u015b\u0107 grzechu?&#8230;\"}]},{\"@type\":\"WebSite\",\"@id\":\"https:\/\/gaudiumetspes-blog.pl\/#website\",\"url\":\"https:\/\/gaudiumetspes-blog.pl\/\",\"name\":\"Gaudium Et Spes\",\"description\":\"Blog Ks. Jacka Ja\u015bkowskiego\",\"potentialAction\":[{\"@type\":\"SearchAction\",\"target\":{\"@type\":\"EntryPoint\",\"urlTemplate\":\"https:\/\/gaudiumetspes-blog.pl\/?s={search_term_string}\"},\"query-input\":{\"@type\":\"PropertyValueSpecification\",\"valueRequired\":true,\"valueName\":\"search_term_string\"}}],\"inLanguage\":\"pl-PL\"},{\"@type\":\"Person\",\"@id\":\"https:\/\/gaudiumetspes-blog.pl\/#\/schema\/person\/1661982992b752dea8dff0d4ed845a65\",\"name\":\"Ks. Jacek\",\"image\":{\"@type\":\"ImageObject\",\"inLanguage\":\"pl-PL\",\"@id\":\"https:\/\/gaudiumetspes-blog.pl\/#\/schema\/person\/image\/\",\"url\":\"https:\/\/gaudiumetspes-blog.pl\/wp-content\/uploads\/2019\/07\/avatar-JJ-150x150.jpg\",\"contentUrl\":\"https:\/\/gaudiumetspes-blog.pl\/wp-content\/uploads\/2019\/07\/avatar-JJ-150x150.jpg\",\"caption\":\"Ks. Jacek\"},\"description\":\"Witam serdecznie! K\u0142ania si\u0119 Ks. Jacek Ja\u015bkowski. Nie jestem ani kim\u015b wa\u017cnym, ani kim\u015b znanym. Jestem ksi\u0119dzem, kt\u00f3ry po prostu chce rozmawia\u0107. Codzienna kap\u0142a\u0144ska pos\u0142uga pokazuje mi, \u017ce temat\u00f3w do rozm\u00f3w z ksi\u0119dzem jest coraz wi\u0119cej i dzisiaj \u017caden ksi\u0105dz nie mo\u017ce od nich ucieka\u0107, ale - wprost przeciwnie - podejmowa\u0107 nowe wyzwania. To przekonanie sk\u0142oni\u0142o mnie do pr\u00f3by otwarcia tego\u017c bloga, chocia\u017c okazji do rozm\u00f3w na co dzie\u0144 - w konfesjonale i poza nim - na szcz\u0119\u015bcie nie brakuje. My\u015bl\u0119 jednak, \u017ce ten blog b\u0119dzie jeszcze jednym sposobem i przestrzeni\u0105 nawi\u0105zania kontaktu z lud\u017ami dobrej woli, otwartymi na dialog.\",\"url\":\"https:\/\/gaudiumetspes-blog.pl\/index.php\/author\/ks-jacek\/\"}]}<\/script>\n<!-- \/ Yoast SEO plugin. -->","yoast_head_json":{"title":"Czy mamy \u015bwiadomo\u015b\u0107 grzechu?... - Gaudium Et Spes","robots":{"index":"index","follow":"follow","max-snippet":"max-snippet:-1","max-image-preview":"max-image-preview:large","max-video-preview":"max-video-preview:-1"},"canonical":"https:\/\/gaudiumetspes-blog.pl\/index.php\/2011\/03\/21\/czy-mamy-swiadomosc-grzechu\/","og_locale":"pl_PL","og_type":"article","og_title":"Czy mamy \u015bwiadomo\u015b\u0107 grzechu?... - Gaudium Et Spes","og_description":"Szcz\u0119\u015b\u0107 Bo\u017ce! Witam Was, Kochani, i dzi\u0119kuj\u0119 za liczne odwiedziny na blogu w ostatnich dniach, a tak\u017ce &#8211; za kilka wpis\u00f3w z ciekawymi komentarzami. Zapraszam do wypowiadania si\u0119 na r\u00f3\u017cne tematy moralne &#8211; nie tylko te, kt\u00f3re poruszane s\u0105 w rozwa\u017caniach. Zach\u0119cam te\u017c do w\u0142\u0105czenia si\u0119 do Wsp\u00f3lnoty modlitwy o godz. 20.00, oraz wszelkich innych [&hellip;]","og_url":"https:\/\/gaudiumetspes-blog.pl\/index.php\/2011\/03\/21\/czy-mamy-swiadomosc-grzechu\/","og_site_name":"Gaudium Et Spes","article_published_time":"2011-03-21T08:43:00+00:00","article_modified_time":"2019-07-31T10:52:10+00:00","author":"Ks. Jacek","twitter_card":"summary_large_image","twitter_misc":{"Napisane przez":"Ks. Jacek","Szacowany czas czytania":"5 minut"},"schema":{"@context":"https:\/\/schema.org","@graph":[{"@type":"WebPage","@id":"https:\/\/gaudiumetspes-blog.pl\/index.php\/2011\/03\/21\/czy-mamy-swiadomosc-grzechu\/","url":"https:\/\/gaudiumetspes-blog.pl\/index.php\/2011\/03\/21\/czy-mamy-swiadomosc-grzechu\/","name":"Czy mamy \u015bwiadomo\u015b\u0107 grzechu?... - Gaudium Et Spes","isPartOf":{"@id":"https:\/\/gaudiumetspes-blog.pl\/#website"},"datePublished":"2011-03-21T08:43:00+00:00","dateModified":"2019-07-31T10:52:10+00:00","author":{"@id":"https:\/\/gaudiumetspes-blog.pl\/#\/schema\/person\/1661982992b752dea8dff0d4ed845a65"},"breadcrumb":{"@id":"https:\/\/gaudiumetspes-blog.pl\/index.php\/2011\/03\/21\/czy-mamy-swiadomosc-grzechu\/#breadcrumb"},"inLanguage":"pl-PL","potentialAction":[{"@type":"ReadAction","target":["https:\/\/gaudiumetspes-blog.pl\/index.php\/2011\/03\/21\/czy-mamy-swiadomosc-grzechu\/"]}]},{"@type":"BreadcrumbList","@id":"https:\/\/gaudiumetspes-blog.pl\/index.php\/2011\/03\/21\/czy-mamy-swiadomosc-grzechu\/#breadcrumb","itemListElement":[{"@type":"ListItem","position":1,"name":"Strona g\u0142\u00f3wna","item":"https:\/\/gaudiumetspes-blog.pl\/"},{"@type":"ListItem","position":2,"name":"Czy&nbsp;mamy \u015bwiadomo\u015b\u0107 grzechu?&#8230;"}]},{"@type":"WebSite","@id":"https:\/\/gaudiumetspes-blog.pl\/#website","url":"https:\/\/gaudiumetspes-blog.pl\/","name":"Gaudium Et Spes","description":"Blog Ks. Jacka Ja\u015bkowskiego","potentialAction":[{"@type":"SearchAction","target":{"@type":"EntryPoint","urlTemplate":"https:\/\/gaudiumetspes-blog.pl\/?s={search_term_string}"},"query-input":{"@type":"PropertyValueSpecification","valueRequired":true,"valueName":"search_term_string"}}],"inLanguage":"pl-PL"},{"@type":"Person","@id":"https:\/\/gaudiumetspes-blog.pl\/#\/schema\/person\/1661982992b752dea8dff0d4ed845a65","name":"Ks. Jacek","image":{"@type":"ImageObject","inLanguage":"pl-PL","@id":"https:\/\/gaudiumetspes-blog.pl\/#\/schema\/person\/image\/","url":"https:\/\/gaudiumetspes-blog.pl\/wp-content\/uploads\/2019\/07\/avatar-JJ-150x150.jpg","contentUrl":"https:\/\/gaudiumetspes-blog.pl\/wp-content\/uploads\/2019\/07\/avatar-JJ-150x150.jpg","caption":"Ks. Jacek"},"description":"Witam serdecznie! K\u0142ania si\u0119 Ks. Jacek Ja\u015bkowski. Nie jestem ani kim\u015b wa\u017cnym, ani kim\u015b znanym. Jestem ksi\u0119dzem, kt\u00f3ry po prostu chce rozmawia\u0107. Codzienna kap\u0142a\u0144ska pos\u0142uga pokazuje mi, \u017ce temat\u00f3w do rozm\u00f3w z ksi\u0119dzem jest coraz wi\u0119cej i dzisiaj \u017caden ksi\u0105dz nie mo\u017ce od nich ucieka\u0107, ale - wprost przeciwnie - podejmowa\u0107 nowe wyzwania. To przekonanie sk\u0142oni\u0142o mnie do pr\u00f3by otwarcia tego\u017c bloga, chocia\u017c okazji do rozm\u00f3w na co dzie\u0144 - w konfesjonale i poza nim - na szcz\u0119\u015bcie nie brakuje. My\u015bl\u0119 jednak, \u017ce ten blog b\u0119dzie jeszcze jednym sposobem i przestrzeni\u0105 nawi\u0105zania kontaktu z lud\u017ami dobrej woli, otwartymi na dialog.","url":"https:\/\/gaudiumetspes-blog.pl\/index.php\/author\/ks-jacek\/"}]}},"jetpack_featured_media_url":"","jetpack_sharing_enabled":true,"_links":{"self":[{"href":"https:\/\/gaudiumetspes-blog.pl\/index.php\/wp-json\/wp\/v2\/posts\/9913","targetHints":{"allow":["GET"]}}],"collection":[{"href":"https:\/\/gaudiumetspes-blog.pl\/index.php\/wp-json\/wp\/v2\/posts"}],"about":[{"href":"https:\/\/gaudiumetspes-blog.pl\/index.php\/wp-json\/wp\/v2\/types\/post"}],"author":[{"embeddable":true,"href":"https:\/\/gaudiumetspes-blog.pl\/index.php\/wp-json\/wp\/v2\/users\/1"}],"replies":[{"embeddable":true,"href":"https:\/\/gaudiumetspes-blog.pl\/index.php\/wp-json\/wp\/v2\/comments?post=9913"}],"version-history":[{"count":1,"href":"https:\/\/gaudiumetspes-blog.pl\/index.php\/wp-json\/wp\/v2\/posts\/9913\/revisions"}],"predecessor-version":[{"id":10170,"href":"https:\/\/gaudiumetspes-blog.pl\/index.php\/wp-json\/wp\/v2\/posts\/9913\/revisions\/10170"}],"wp:attachment":[{"href":"https:\/\/gaudiumetspes-blog.pl\/index.php\/wp-json\/wp\/v2\/media?parent=9913"}],"wp:term":[{"taxonomy":"category","embeddable":true,"href":"https:\/\/gaudiumetspes-blog.pl\/index.php\/wp-json\/wp\/v2\/categories?post=9913"},{"taxonomy":"post_tag","embeddable":true,"href":"https:\/\/gaudiumetspes-blog.pl\/index.php\/wp-json\/wp\/v2\/tags?post=9913"}],"curies":[{"name":"wp","href":"https:\/\/api.w.org\/{rel}","templated":true}]}}