{"id":9914,"date":"2011-03-20T09:43:00","date_gmt":"2011-03-20T08:43:00","guid":{"rendered":"https:\/\/gaudiumetspes-blog.pl\/index.php\/2011\/03\/20\/jak-to-piotr-chcia-stawiac-namioty\/"},"modified":"2019-07-31T12:52:10","modified_gmt":"2019-07-31T10:52:10","slug":"jak-to-piotr-chcia-stawiac-namioty","status":"publish","type":"post","link":"https:\/\/gaudiumetspes-blog.pl\/index.php\/2011\/03\/20\/jak-to-piotr-chcia-stawiac-namioty\/","title":{"rendered":"Jak to Piotr chcia\u0142 stawia\u0107 namioty&#8230;"},"content":{"rendered":"<p>Niech b\u0119dzie pochwalony Jezus Chrystus! Witam w Dniu Pa\u0144skim &#8211; w Drug\u0105 Niedziel\u0119 Wielkiego Postu. Ju\u017c drug\u0105&#8230; Jak szybko czas leci! Ile uda\u0142o si\u0119 nam osi\u0105gn\u0105\u0107 na odcinku realizacji postanowienia wielkopostnego?&nbsp;<br style=\"font-family: 'Times New Roman';\" \/>1.&nbsp;&nbsp;&nbsp; Kochani, tydzie\u0144 temu zwr\u00f3ci\u0142em si\u0119 do Was z propozycj\u0105 codziennego odmawiania Modlitwy Pa\u0144skiego &#8211; w duchowej \u0142\u0105czno\u015bci &#8211; o godzinie 20.00. Przez ten tydzie\u0144 pojawi\u0142o si\u0119 kilka deklaracji i kilka ciekawych g\u0142os\u00f3w na ten temat. Zach\u0119cam do lektury wpis\u00f3w. Mirka proponowa\u0142a nawet spotkanie wszystkich wsp\u00f3lnie modl\u0105cych si\u0119 w ten spos\u00f3b. Odpowiedzia\u0142em na t\u0119 propozycj\u0119 w swoim wpisie. Wszystkim bardzo dzi\u0119kuj\u0119 za odzew i ci\u0105gle zach\u0119cam: prosz\u0119 przeczyta\u0107 w s\u0142owie wst\u0119pnym sprzed tygodnia, o co chodzi &#8211; i zapraszam do Wsp\u00f3lnoty. Bardzo by mi zale\u017ca\u0142o te\u017c na informowaniu nas o tym, \u017ce kto\u015b si\u0119 do\u0142\u0105cza. Zach\u0119cam tak\u017ce do wszystkich innych form modlitwy &#8211; oby\u015bmy tylko chcieli nawzajem si\u0119 wspiera\u0107! Ja ze swej strony zapewniam o swoim modlitewnym towarzyszeniu Wam we wszystkich Waszych sprawach. Zapraszam ponadto do zg\u0142aszania intencji do modlitwy!<br style=\"font-family: 'Times New Roman';\" \/>2.&nbsp;&nbsp;&nbsp; A dzisiaj razem z Piotrem, Jakubem i Janem wspinamy si\u0119 na G\u00f3r\u0119 Tabor. Po co? Zobaczmy&#8230;<br style=\"font-family: 'Times New Roman';\" \/>&nbsp;&nbsp;&nbsp;&nbsp;&nbsp;&nbsp;&nbsp;&nbsp;&nbsp;&nbsp;&nbsp;&nbsp;&nbsp;&nbsp; Gaudium et spes!&nbsp; Ks. Jacek<\/p>\n<div class=\"MsoNormal\" style=\"color: #0f0f0f; font-family: 'Times New Roman'; font-size: 14px; margin-bottom: 0px; margin-left: 0px; margin-right: 0px; margin-top: 0.4em; text-align: justify;\"><b>2 Niedziela Wielkiego Postu, A,<\/b><\/div>\n<div class=\"MsoNormal\" style=\"color: #0f0f0f; font-family: 'Times New Roman'; font-size: 14px; margin-bottom: 0px; margin-left: 0px; margin-right: 0px; margin-top: 0.4em; text-align: justify;\"><b>do czyta\u0144:&nbsp;&nbsp;Rdz 12,1\u20134a;&nbsp;&nbsp;2 Tm 1,8b\u201310;&nbsp;&nbsp;Mt 17,1\u20139<\/b><\/div>\n<div class=\"MsoNormal\" style=\"color: #0f0f0f; font-family: 'Times New Roman'; font-size: 14px; margin-bottom: 0px; margin-left: 0px; margin-right: 0px; margin-top: 0.4em; text-align: justify; text-indent: 35.4pt;\">Oto dzisiaj, wraz z Piotrem, Jakubem i Janem, jeste\u015bmy \u015bwiadkami&nbsp;<b>wielkiej teofanii, a wi\u0119c objawienia si\u0119 Boga.<\/b>Cia\u0142o Jezusa, chocia\u017c jeszcze ziemskie i \u015bmiertelne, zacz\u0119\u0142o promieniowa\u0107&nbsp;<b>cz\u0142owiecze\u0144stwem uwielbionym,<\/b>&nbsp;a wi\u0119c takim, jakim si\u0119 mia\u0142o sta\u0107 dopiero po Zmartwychwstaniu. Kiedy za\u015b ob\u0142ok, kt\u00f3ry jest w Pi\u015bmie \u015awi\u0119tym znakiem Bo\u017cej obecno\u015bci, os\u0142oni\u0142 Jezusa, w\u00f3wczas uczniowie zl\u0119kli si\u0119, poniewa\u017c<b>u\u015bwiadomili sobie, \u017ce oto B\u00f3g zamanifestowa\u0142 swoj\u0105 obecno\u015b\u0107.<\/b><\/div>\n<div class=\"MsoNormal\" style=\"color: #0f0f0f; font-family: 'Times New Roman'; font-size: 14px; margin-bottom: 0px; margin-left: 0px; margin-right: 0px; margin-top: 0.4em; text-align: justify; text-indent: 35.4pt;\">Zgodnie z tradycj\u0105 judaistyczn\u0105, Moj\u017cesz i Eliasz mieli przyj\u015b\u0107 razem na ko\u0144cu czas\u00f3w. A poniewa\u017c uosabiali oni Prawo i Prorok\u00f3w, przeto ich udzia\u0142 w tym Wydarzeniu by\u0142<b>potwierdzeniem, \u017ce Jezus rzeczywi\u015bcie przyszed\u0142 wype\u0142ni\u0107 zapowiedzi Pisma,<\/b>&nbsp;w\u015br\u00f3d nich za\u015b tak\u017ce i te, kt\u00f3re dotyczy\u0142y \u015bmierci Jezusa i Jego wej\u015bcia do chwa\u0142y.<\/div>\n<div class=\"MsoNormal\" style=\"color: #0f0f0f; font-family: 'Times New Roman'; font-size: 14px; margin-bottom: 0px; margin-left: 0px; margin-right: 0px; margin-top: 0.4em; text-align: justify; text-indent: 35.4pt;\">I w\u0142a\u015bnie&nbsp;<b>Przemienienie mia\u0142o si\u0119 sta\u0107 przygotowaniem<\/b>&nbsp;do tego drugiego etapu misji Jezusa \u2013 Jego poni\u017cenia, cierpienia i \u015bmierci. Jezus chcia\u0142, aby uczniowie ujrzeli cho\u0107 na chwil\u0119 Jego chwa\u0142\u0119, by&nbsp;<b>kiedy przyjdzie godzina krzy\u017ca i zobacz\u0105 Go strasznie sponiewieranego i zdruzgotanego \u2013 nie zw\u0105tpili w Niego.<\/b>&nbsp;Aby w momencie Jego cierpienia przypomnieli sobie wszystko, co dzisiaj zobaczyli na Taborze.<\/div>\n<div class=\"MsoNormal\" style=\"color: #0f0f0f; font-family: 'Times New Roman'; font-size: 14px; margin-bottom: 0px; margin-left: 0px; margin-right: 0px; margin-top: 0.4em; text-align: justify; text-indent: 35.4pt;\">Jak jednak na ten znak Jezusa zareagowali uczniowie?<b>Piotr proponuje ustawienie trzech namiot\u00f3w.<\/b>&nbsp;Wynika\u0142o to przede wszystkim z wielkiego strachu, na kt\u00f3ry zwracaj\u0105 wyra\u017aniej uwag\u0119 inni Ewangeli\u015bci, opisuj\u0105cy fakt Przemienienia, gdy zaznaczaj\u0105, \u017ce Piotr ze strachu w og\u00f3le nie wiedzia\u0142, co m\u00f3wi. Jednocze\u015bnie jednak,<b>&nbsp;namiot by\u0142 w tradycji judaistycznej miejscem mieszkania cz\u0142owieka z Bogiem przez ca\u0142\u0105 wieczno\u015b\u0107,<\/b>&nbsp;natomiast podczas w\u0119dr\u00f3wki przez pustyni\u0119 namiot by\u0142 miejscem kultu Boga.<\/div>\n<div class=\"MsoNormal\" style=\"color: #0f0f0f; font-family: 'Times New Roman'; font-size: 14px; margin-bottom: 0px; margin-left: 0px; margin-right: 0px; margin-top: 0.4em; text-align: justify; text-indent: 35.4pt;\">Skoro zatem dzisiaj Piotr proponuje rozstawienie trzech namiot\u00f3w: dla Jezusa, Moj\u017cesza i Eliasza, to mo\u017ce r\u00f3wnie\u017c oznacza\u0107, \u017ce&nbsp;<b>by\u0142 przekonany, i\u017c ju\u017c nadszed\u0142 koniec czas\u00f3w<\/b>i on chcia\u0142 to niejako zainaugurowa\u0107, przygotowuj\u0105c miejsce wiecznego przebywania z Jezusem. A mo\u017ce chcia\u0142 w ten spos\u00f3b&nbsp;<b>utrwali\u0107 to Wydarzenie,&nbsp;<\/b>kt\u00f3rego by\u0142 \u015bwiadkiem?<\/div>\n<div class=\"MsoNormal\" style=\"color: #0f0f0f; font-family: 'Times New Roman'; font-size: 14px; margin-bottom: 0px; margin-left: 0px; margin-right: 0px; margin-top: 0.4em; text-align: justify; text-indent: 35.4pt;\">Naturalnie, namioty w tym momencie nie by\u0142y potrzebne i ich ustawianie nie by\u0142o najwa\u017cniejsze, bowiem centralnym i najwa\u017cniejszym momentem opisywanego Wydarzenia by\u0142&nbsp;<b>g\u0142os z nieba<\/b>&nbsp;\u2013 g\u0142os, poprzez kt\u00f3ry B\u00f3g Ojciec wyra\u017anie wskaza\u0142 na Jezusa jako na swego Syna, a jednocze\u015bnie Boga, a nie tylko i wy\u0142\u0105cznie przygodnego nauczyciela, kt\u00f3ry prowadza za sob\u0105 gromadk\u0119 uczni\u00f3w.&nbsp;<b>Jezus jest Mesjaszem, Zbawicielem, Bogiem i Synem Bo\u017cym, dlatego nale\u017cy Go s\u0142ucha\u0107 i wierzy\u0107 we wszystko, co m\u00f3wi, nawet, je\u017celi nie wszystko od razu jest zrozumia\u0142e, czy \u0142atwe do przyj\u0119cia.<\/b><\/div>\n<div class=\"MsoNormal\" style=\"color: #0f0f0f; font-family: 'Times New Roman'; font-size: 14px; margin-bottom: 0px; margin-left: 0px; margin-right: 0px; margin-top: 0.4em; text-align: justify; text-indent: 35.4pt;\">Dla nas, kt\u00f3rzy dzisiaj wpatrujemy si\u0119 w blask chwa\u0142y Jezusa, a kt\u00f3rzy raczej nie do\u015bwiadczamy a\u017c tak spektakularnych znak\u00f3w Bo\u017cej obecno\u015bci i Bo\u017cej chwa\u0142y, dzisiejsze Wydarzenie stanowi zach\u0119t\u0119, aby\u015bmy ci\u0105gle wyostrzali sw\u00f3j wzrok, wyczulali swoje serce&nbsp;<b>na zwyczajne znaki dzia\u0142ania Jezusa i Jego objawianie si\u0119: w drugim cz\u0142owieku,<\/b>&nbsp;zw\u0142aszcza cierpi\u0105cym i potrzebuj\u0105cym; w<b>codziennych sytuacjach \u017cyciowych,<\/b>&nbsp;zw\u0142aszcza tych najtrudniejszych;&nbsp;<b>w codziennej pracy i zabieganiu;<\/b>szczeg\u00f3lnie za\u015b \u2013&nbsp;<b>we Mszy \u015awi\u0119tej, w Komunii \u015awi\u0119tej, w Sakramentach, w Bo\u017cym S\u0142owie i w modlitwie<\/b>\u2026<\/div>\n<div class=\"MsoNormal\" style=\"color: #0f0f0f; font-family: 'Times New Roman'; font-size: 14px; margin-bottom: 0px; margin-left: 0px; margin-right: 0px; margin-top: 0.4em; text-align: justify; text-indent: 35.4pt;\">To wymaga odwa\u017cnej zmiany my\u015blenia, bo \u017ceby tak naprawd\u0119 dostrzec to Bo\u017ce objawianie si\u0119 w naszym \u017cyciu, trzeba&nbsp;<b>wyj\u015b\u0107 ze swojego ciasnego sposobu pojmowania rzeczywisto\u015bci i swoich schemat\u00f3w.<\/b>&nbsp;A to nie jest \u0142atwe, bo cz\u0142owiekowi dobrze jest w jego \u201e\u015bwiatku\u201d, w jego prywatnym \u201eciepe\u0142ku\u201d\u2026 Ma sobie&nbsp;<b>tak zwany \u201e\u015bwi\u0119ty spok\u00f3j\u201d, a tu kto\u015b mu m\u00f3wi, \u017ceby wyszed\u0142<\/b>&nbsp;\u2013 jak Abraham, bohater pierwszego czytania \u2013&nbsp;<i>ze swojej ziemi rodzinnej i domu swego ojca&nbsp;<\/i>\u2013 nie wiadomo, dok\u0105d\u2026&nbsp;<b>Albo \u017ceby wspina\u0142 si\u0119 na wysok\u0105 g\u00f3r\u0119&nbsp;<\/b>\u2013 jak Piotr, Jakub i Jan\u2026 Albo \u017ceby wzi\u0105\u0142 udzia\u0142&nbsp;<i>w trudach i przeciwno\u015bciach<\/i>, do czego \u015awi\u0119ty Pawe\u0142 wzywa swego ucznia, biskupa Tymoteusza, w drugim czytaniu Liturgii S\u0142owa\u2026<\/div>\n<div class=\"MsoNormal\" style=\"color: #0f0f0f; font-family: 'Times New Roman'; font-size: 14px; margin-bottom: 0px; margin-left: 0px; margin-right: 0px; margin-top: 0.4em; text-align: justify; text-indent: 35.4pt;\">Realizacja ka\u017cdego z tych wezwa\u0144 oznacza trud i wysi\u0142ek, oznacza jakie\u015b&nbsp;<b>zerwanie z tym, co dotychczas i wej\u015bcie w nowe, cz\u0119sto zupe\u0142nie nieznane<\/b>\u2026 A jednak okazuje si\u0119, \u017ce warto, bo kiedy na ten wysi\u0142ek si\u0119 zdob\u0119dziemy i jednak uczynimy krok naprz\u00f3d, krok do g\u00f3ry, krok w stron\u0119 Jezusa, to&nbsp;<b>szybko przekonamy si\u0119, \u017ce On tam na nas czeka. Czeka po to, aby si\u0119 raz jeszcze objawi\u0107, aby raz jeszcze sob\u0105 zachwyci\u0107!<\/b>&nbsp;Czy\u017c bowiem Piotr, Jakub i Jan do\u015bwiadczyliby tak wielkiego zachwytu \u2013 co prawda, pocz\u0105tkowo po\u0142\u0105czonego ze strachem \u2013&nbsp;<b>gdyby nie zaufali Jezusowi i nie wdrapali si\u0119 z Nim na t\u0119 g\u00f3r\u0119?<\/b><\/div>\n<div class=\"MsoNormal\" style=\"color: #0f0f0f; font-family: 'Times New Roman'; font-size: 14px; margin-bottom: 0px; margin-left: 0px; margin-right: 0px; margin-top: 0.4em; text-align: justify; text-indent: 35.4pt;\">A czy\u017c&nbsp;<b>Abraham do\u015bwiadczy\u0142by tak wielu znak\u00f3w Bo\u017cej opieki<\/b>&nbsp;i Bo\u017cego dzia\u0142ania w swoim \u017cyciu, gdyby tak zupe\u0142nie bezgranicznie, zupe\u0142nie \u2013 m\u00f3wi\u0105c kolokwialnie \u2013 \u201ew ciemno\u201d&nbsp;<b>nie zaufa\u0142 Bogu?<\/b>&nbsp;Czy wtedy dokona\u0142by tak wiele dobrego dla swego narodu \u2013 oczywi\u015bcie, w imi\u0119 Bo\u017ce i z Bo\u017c\u0105 pomoc\u0105!<\/div>\n<div class=\"MsoNormal\" style=\"color: #0f0f0f; font-family: 'Times New Roman'; font-size: 14px; margin-bottom: 0px; margin-left: 0px; margin-right: 0px; margin-top: 0.4em; text-align: justify; text-indent: 35.4pt;\">A czy&nbsp;<b>Tymoteusz rozgrza\u0142by serca powierzonych swojej pieczy wiernych<\/b>&nbsp;do tego, aby \u017cyli po Bo\u017cemu, gdyby nie pos\u0142ucha\u0142 Paw\u0142a i jednak nie wzi\u0105\u0142 udzia\u0142u&nbsp;<b><i>w trudach i przeciwno\u015bciach, znoszonych dla Ewangelii<\/i>?<\/b>&nbsp;Wydaje si\u0119, \u017ce odpowied\u017a nasuwa si\u0119 sama i nie mamy co do niej w\u0105tpliwo\u015bci.<\/div>\n<div class=\"MsoNormal\" style=\"color: #0f0f0f; font-family: 'Times New Roman'; font-size: 14px; margin-bottom: 0px; margin-left: 0px; margin-right: 0px; margin-top: 0.4em; text-align: justify; text-indent: 35.4pt;\">Dlatego warto podj\u0105\u0107 pewien wysi\u0142ek, warto podj\u0105\u0107 pewien trud, aby co\u015b w \u017cyciu duchowym osi\u0105gn\u0105\u0107.&nbsp;<b>To w\u0142a\u015bnie na tym polega sens wielkopostnej pracy nad sob\u0105!<\/b>&nbsp;To w\u0142a\u015bnie na tym polega sens wyrzecze\u0144 i postanowie\u0144, w tym czasie podejmowanych! Wszystkie one s\u0142u\u017c\u0105 temu jednemu:<b>aby\u015bmy wyrwali si\u0119 z tego kieratu, w jakim na co dzie\u0144 \u017cyjemy!<\/b>&nbsp;Aby\u015bmy wyrwali si\u0119 z tego schematu, wed\u0142ug kt\u00f3rego codziennie funkcjonujemy, albo \u2013 m\u00f3wi\u0105c brutalnie \u2013&nbsp;<b>tykamy jak zegarek; chodzimy \u2013 jak pospolita maszyna, robot, mechanizm \u2013 chodzi, dop\u00f3ki si\u0119 nie popsuje<\/b>\u2026<\/div>\n<div class=\"MsoNormal\" style=\"color: #0f0f0f; font-family: 'Times New Roman'; font-size: 14px; margin-bottom: 0px; margin-left: 0px; margin-right: 0px; margin-top: 0.4em; text-align: justify; text-indent: 35.4pt;\">Aby\u015bmy przestali ci\u0105gle p\u0119dzi\u0107 i p\u0119dzi\u0107 do przodu \u2013 zm\u0119czeni, zziajani, zapoceni, bo trzeba tu jeszcze co\u015b za\u0142atwi\u0107 i tam jeszcze co\u015b zrobi\u0107, i z tym si\u0119 jeszcze spotka\u0107, i z tamtym co\u015b \u201eobgada\u0107\u201d\u2026 Aby\u015bmy si\u0119 wyrwali wreszcie z tego ciasnego, zamkni\u0119tego, zakl\u0119tego kr\u0119gu,&nbsp;<b>a wyszli przed siebie, dostrzegaj\u0105c nowe, ciekawe, fascynuj\u0105ce perspektywy;<\/b>aby\u015bmy nie bali si\u0119 wyj\u015b\u0107 na sam szczyt g\u00f3ry!&nbsp;<b>To tam w\u0142a\u015bnie zobaczymy Jezusa!<\/b>&nbsp;To tam doznamy cudu Jego Przemienienia! To tam ol\u015bni nas blask Jego chwa\u0142y!<\/div>\n<div class=\"MsoNormal\" style=\"color: #0f0f0f; font-family: 'Times New Roman'; font-size: 14px; margin-bottom: 0px; margin-left: 0px; margin-right: 0px; margin-top: 0.4em; text-align: justify; text-indent: 35.4pt;\">Ale nie wolno ba\u0107 si\u0119 trud\u00f3w i przeciwno\u015bci, znoszonych dla Ewangelii!&nbsp;Nie wolno ba\u0107 si\u0119 wyj\u015b\u0107 w nieznane z tego swojego cieplutkiego i dobrze wymoszczonego gniazdka!<\/div>\n<div class=\"MsoNormal\" style=\"color: #0f0f0f; font-family: 'Times New Roman'; font-size: 14px; margin-bottom: 0px; margin-left: 0px; margin-right: 0px; margin-top: 0.4em; text-align: justify; text-indent: 35.4pt;\">Kochani!&nbsp;<b>M\u00f3wi\u0105c brutalnie i kolokwialnie \u2013 co\u015b za co\u015b! Jak si\u0119 chce co\u015b wi\u0119cej zyska\u0107, to z czego\u015b trzeba zrezygnowa\u0107!<\/b>&nbsp;Je\u017celi si\u0119 chce zrobi\u0107 chocia\u017c krok na drodze do doskona\u0142o\u015bci, je\u017celi si\u0119 chce zbli\u017cy\u0107 do Boga, je\u017celi si\u0119 chce<b>zmieni\u0107 co\u015b na lepsze w swoim \u017cyciu,&nbsp;<\/b>a przez to wnie\u015b\u0107 wi\u0119cej dobra w swoje relacje z innymi,&nbsp;<b>\u017ceby tym innym by\u0142o z nami nieco l\u017cej,<\/b>&nbsp;to trzeba wyj\u015b\u0107 ze swojego \u015bwiata przyzwyczaje\u0144 i utartych postaw \u2013&nbsp;<b>i jednak co\u015b po\u015bwi\u0119ci\u0107, aby co\u015b wi\u0119cej zyska\u0107!<\/b><\/div>\n<div class=\"MsoNormal\" style=\"color: #0f0f0f; font-family: 'Times New Roman'; font-size: 14px; margin-bottom: 0px; margin-left: 0px; margin-right: 0px; margin-top: 0.4em; text-align: justify; text-indent: 35.4pt;\"><b>Co\u015b po\u015bwi\u0119ci\u0107, z czego\u015b zrezygnowa\u0107:&nbsp;<\/b>mo\u017ce z kilku godzin komputera, mo\u017ce chocia\u017c z jednej godziny telewizora, a mo\u017ce z kupowania ca\u0142ej masy rzekomo najpotrzebniejszych rzeczy, bez kt\u00f3rych niby to nie mo\u017cna si\u0119 obej\u015b\u0107, a kt\u00f3re potem tylko zawalaj\u0105 szafy, nikomu do niczego niepotrzebne. A mo\u017ce tak&nbsp;<b>zrezygnowa\u0107 z podkre\u015blania na ka\u017cdym kroku swego zdania;<\/b>&nbsp;a mo\u017ce tak zrezygnowa\u0107 z tego, \u017ce moje zdanie zawsze musi by\u0107 na ko\u0144cu, zawsze na wierzchu i zawsze \u2013 najwa\u017cniejsze!<\/div>\n<div class=\"MsoNormal\" style=\"color: #0f0f0f; font-family: 'Times New Roman'; font-size: 14px; margin-bottom: 0px; margin-left: 0px; margin-right: 0px; margin-top: 0.4em; text-align: justify; text-indent: 35.4pt;\">A mo\u017ce tak naprawd\u0119 zrezygnowa\u0107 z udzia\u0142u w hucznych zabawach, dyskotekach, niekoniecznie potrzebnych i po\u017cytecznych spotkaniach&nbsp;<b>na rzecz rozmowy z dzie\u0107mi lub domownikami, czy wsp\u00f3lnego wyj\u015bcia na spacer?<\/b>&nbsp;A mo\u017ce zrezygnowa\u0107&nbsp;<b>ze wsp\u00f3\u0142\u017cycia przedma\u0142\u017ce\u0144skiego<\/b>&nbsp;i nawet je\u017celi do \u015blubu pozosta\u0142o tylko dwa miesi\u0105ce, to jednak zamieszka\u0107 oddzielnie i zawalczy\u0107 o t\u0119 \u201ewt\u00f3rn\u0105\u201d, nieco zaniedban\u0105, ale jednak czysto\u015b\u0107?&nbsp;<b>Za trudne? Na pewno?<\/b><\/div>\n<div class=\"MsoNormal\" style=\"color: #0f0f0f; font-family: 'Times New Roman'; font-size: 14px; margin-bottom: 0px; margin-left: 0px; margin-right: 0px; margin-top: 0.4em; text-align: justify; text-indent: 35.4pt;\">A mo\u017ce tak zrezygnowa\u0107 z ci\u0105g\u0142ego i systematycznego przegl\u0105dania stron pornograficznych, chocia\u017c to takie \u2013 dla wielu \u2013 przyjemne\u2026 A mo\u017ce tak wreszcie&nbsp;<b>zrzuci\u0107 z siebie ca\u0142y wielki balast osobistego niepozbierania, ba\u0142aganu, niepunktualno\u015bci, nies\u0142owno\u015bci?<\/b>\u2026<\/div>\n<div class=\"MsoNormal\" style=\"color: #0f0f0f; font-family: 'Times New Roman'; font-size: 14px; margin-bottom: 0px; margin-left: 0px; margin-right: 0px; margin-top: 0.4em; text-align: justify; text-indent: 35.4pt;\">Kochani, tych naszych \u201ezagr\u00f3dek\u201d, tych naszych \u201e\u015bwiatk\u00f3w\u201d, z kt\u00f3rych mogliby\u015bmy \u2013 i powinni\u015bmy \u2013&nbsp;<b>wyj\u015b\u0107, aby p\u00f3j\u015b\u0107 za Jezusem, jest naprawd\u0119 du\u017co. Trzeba si\u0119 tylko zdecydowa\u0107!<\/b>&nbsp;Trzeba si\u0119 odwa\u017cy\u0107! Dlatego Jezus, widz\u0105c nasze obawy i strach przed tym, co nowe i co wi\u0105\u017ce si\u0119 z wymaganiami, m\u00f3wi do ka\u017cdej i ka\u017cdego z nas tak, jak do swoich uczni\u00f3w na g\u00f3rze Tabor:&nbsp;<b><i>Wsta\u0144cie, nie l\u0119kajcie si\u0119<\/i>!<\/b><\/div>\n<div class=\"MsoNormal\" style=\"color: #0f0f0f; font-family: 'Times New Roman'; font-size: 14px; margin-bottom: 0px; margin-left: 0px; margin-right: 0px; margin-top: 0.4em; text-align: justify; text-indent: 35.4pt;\">Kochani, Jezus ci\u0105gle objawia nam swoj\u0105 chwa\u0142\u0119 i moc, potrzeba tylko, aby\u015bmy od nowa zacz\u0119li to dostrzega\u0107. Niech temu s\u0142u\u017cy okres Wielkiego Postu!&nbsp;<b>Niech owocem naszej wielkopostnej pracy nad sob\u0105 b\u0119dzie przygotowanie w sercu jednego, ale solidnego namiotu, w kt\u00f3rym Jezus b\u0119dzie m\u00f3g\u0142 zamieszka\u0107!<\/b><\/div>\n<div class=\"MsoNormal\" style=\"color: #0f0f0f; font-family: 'Times New Roman'; font-size: 14px; margin-bottom: 0px; margin-left: 0px; margin-right: 0px; margin-top: 0.4em; text-align: justify;\">&nbsp;&nbsp;&nbsp;&nbsp;&nbsp;&nbsp;&nbsp;&nbsp;&nbsp;&nbsp;&nbsp;&nbsp;W tym kontek\u015bcie zastan\u00f3wmy si\u0119:<\/div>\n<ul style=\"color: #0f0f0f; font-family: 'Times New Roman'; font-size: 14px; margin-top: 0cm;\" type=\"disc\">\n<li class=\"MsoNormal\" style=\"text-align: justify;\">Jak wygl\u0105da realizacja mojego konkretnego postanowienia wielkopostnego?<\/li>\n<li class=\"MsoNormal\" style=\"text-align: justify;\">Co w moim \u017cyciu jest tak\u0105 przestrzeni\u0105, tak\u0105 g\u00f3r\u0105 Tabor, na kt\u00f3rej widz\u0119 objawiaj\u0105cego si\u0119 Jezusa?<\/li>\n<li class=\"MsoNormal\" style=\"text-align: justify;\">W jaki spos\u00f3b w moim sercu przygotowuj\u0119 Jezusowi namiot spotkania?<\/li>\n<\/ul>\n<div class=\"MsoNormal\" style=\"color: #0f0f0f; font-family: 'Times New Roman'; font-size: 14px; margin-bottom: 0px; margin-left: 0px; margin-right: 0px; margin-top: 0.4em; text-align: justify; text-indent: 18pt;\"><b><i>To jest m\u00f3j Syn umi\u0142owany, w kt\u00f3rym mam upodobanie. Jego s\u0142uchajcie<\/i><\/b><b>!<\/b><\/div>\n","protected":false},"excerpt":{"rendered":"<p>Niech b\u0119dzie pochwalony Jezus Chrystus! Witam w Dniu Pa\u0144skim &#8211; w Drug\u0105 Niedziel\u0119 Wielkiego Postu. Ju\u017c drug\u0105&#8230; Jak szybko czas leci! Ile uda\u0142o si\u0119 nam osi\u0105gn\u0105\u0107 na odcinku realizacji postanowienia wielkopostnego?&nbsp;1.&nbsp;&nbsp;&nbsp; Kochani, tydzie\u0144 temu zwr\u00f3ci\u0142em si\u0119 do Was z propozycj\u0105 codziennego odmawiania Modlitwy Pa\u0144skiego &#8211; w duchowej \u0142\u0105czno\u015bci &#8211; o godzinie 20.00. Przez ten tydzie\u0144 [&hellip;]<\/p>\n","protected":false},"author":1,"featured_media":0,"comment_status":"open","ping_status":"open","sticky":false,"template":"","format":"standard","meta":{"jetpack_post_was_ever_published":false,"_jetpack_newsletter_access":"","_jetpack_dont_email_post_to_subs":false,"_jetpack_newsletter_tier_id":0,"_jetpack_memberships_contains_paywalled_content":false,"_jetpack_memberships_contains_paid_content":false,"footnotes":""},"categories":[1],"tags":[],"class_list":["post-9914","post","type-post","status-publish","format-standard","hentry","category-bez-kategorii"],"yoast_head":"<!-- This site is optimized with the Yoast SEO plugin v25.1 - https:\/\/yoast.com\/wordpress\/plugins\/seo\/ -->\n<title>Jak to Piotr chcia\u0142 stawia\u0107 namioty... - Gaudium Et Spes<\/title>\n<meta name=\"robots\" content=\"index, follow, max-snippet:-1, max-image-preview:large, max-video-preview:-1\" \/>\n<link rel=\"canonical\" href=\"https:\/\/gaudiumetspes-blog.pl\/index.php\/2011\/03\/20\/jak-to-piotr-chcia-stawiac-namioty\/\" \/>\n<meta property=\"og:locale\" content=\"pl_PL\" \/>\n<meta property=\"og:type\" content=\"article\" \/>\n<meta property=\"og:title\" content=\"Jak to Piotr chcia\u0142 stawia\u0107 namioty... - Gaudium Et Spes\" \/>\n<meta property=\"og:description\" content=\"Niech b\u0119dzie pochwalony Jezus Chrystus! Witam w Dniu Pa\u0144skim &#8211; w Drug\u0105 Niedziel\u0119 Wielkiego Postu. Ju\u017c drug\u0105&#8230; Jak szybko czas leci! Ile uda\u0142o si\u0119 nam osi\u0105gn\u0105\u0107 na odcinku realizacji postanowienia wielkopostnego?&nbsp;1.&nbsp;&nbsp;&nbsp; Kochani, tydzie\u0144 temu zwr\u00f3ci\u0142em si\u0119 do Was z propozycj\u0105 codziennego odmawiania Modlitwy Pa\u0144skiego &#8211; w duchowej \u0142\u0105czno\u015bci &#8211; o godzinie 20.00. Przez ten tydzie\u0144 [&hellip;]\" \/>\n<meta property=\"og:url\" content=\"https:\/\/gaudiumetspes-blog.pl\/index.php\/2011\/03\/20\/jak-to-piotr-chcia-stawiac-namioty\/\" \/>\n<meta property=\"og:site_name\" content=\"Gaudium Et Spes\" \/>\n<meta property=\"article:published_time\" content=\"2011-03-20T08:43:00+00:00\" \/>\n<meta property=\"article:modified_time\" content=\"2019-07-31T10:52:10+00:00\" \/>\n<meta name=\"author\" content=\"Ks. Jacek\" \/>\n<meta name=\"twitter:card\" content=\"summary_large_image\" \/>\n<meta name=\"twitter:label1\" content=\"Napisane przez\" \/>\n\t<meta name=\"twitter:data1\" content=\"Ks. Jacek\" \/>\n\t<meta name=\"twitter:label2\" content=\"Szacowany czas czytania\" \/>\n\t<meta name=\"twitter:data2\" content=\"10 minut\" \/>\n<script type=\"application\/ld+json\" class=\"yoast-schema-graph\">{\"@context\":\"https:\/\/schema.org\",\"@graph\":[{\"@type\":\"WebPage\",\"@id\":\"https:\/\/gaudiumetspes-blog.pl\/index.php\/2011\/03\/20\/jak-to-piotr-chcia-stawiac-namioty\/\",\"url\":\"https:\/\/gaudiumetspes-blog.pl\/index.php\/2011\/03\/20\/jak-to-piotr-chcia-stawiac-namioty\/\",\"name\":\"Jak to Piotr chcia\u0142 stawia\u0107 namioty... - Gaudium Et Spes\",\"isPartOf\":{\"@id\":\"https:\/\/gaudiumetspes-blog.pl\/#website\"},\"datePublished\":\"2011-03-20T08:43:00+00:00\",\"dateModified\":\"2019-07-31T10:52:10+00:00\",\"author\":{\"@id\":\"https:\/\/gaudiumetspes-blog.pl\/#\/schema\/person\/1661982992b752dea8dff0d4ed845a65\"},\"breadcrumb\":{\"@id\":\"https:\/\/gaudiumetspes-blog.pl\/index.php\/2011\/03\/20\/jak-to-piotr-chcia-stawiac-namioty\/#breadcrumb\"},\"inLanguage\":\"pl-PL\",\"potentialAction\":[{\"@type\":\"ReadAction\",\"target\":[\"https:\/\/gaudiumetspes-blog.pl\/index.php\/2011\/03\/20\/jak-to-piotr-chcia-stawiac-namioty\/\"]}]},{\"@type\":\"BreadcrumbList\",\"@id\":\"https:\/\/gaudiumetspes-blog.pl\/index.php\/2011\/03\/20\/jak-to-piotr-chcia-stawiac-namioty\/#breadcrumb\",\"itemListElement\":[{\"@type\":\"ListItem\",\"position\":1,\"name\":\"Strona g\u0142\u00f3wna\",\"item\":\"https:\/\/gaudiumetspes-blog.pl\/\"},{\"@type\":\"ListItem\",\"position\":2,\"name\":\"Jak to&nbsp;Piotr chcia\u0142 stawia\u0107 namioty&#8230;\"}]},{\"@type\":\"WebSite\",\"@id\":\"https:\/\/gaudiumetspes-blog.pl\/#website\",\"url\":\"https:\/\/gaudiumetspes-blog.pl\/\",\"name\":\"Gaudium Et Spes\",\"description\":\"Blog Ks. Jacka Ja\u015bkowskiego\",\"potentialAction\":[{\"@type\":\"SearchAction\",\"target\":{\"@type\":\"EntryPoint\",\"urlTemplate\":\"https:\/\/gaudiumetspes-blog.pl\/?s={search_term_string}\"},\"query-input\":{\"@type\":\"PropertyValueSpecification\",\"valueRequired\":true,\"valueName\":\"search_term_string\"}}],\"inLanguage\":\"pl-PL\"},{\"@type\":\"Person\",\"@id\":\"https:\/\/gaudiumetspes-blog.pl\/#\/schema\/person\/1661982992b752dea8dff0d4ed845a65\",\"name\":\"Ks. Jacek\",\"image\":{\"@type\":\"ImageObject\",\"inLanguage\":\"pl-PL\",\"@id\":\"https:\/\/gaudiumetspes-blog.pl\/#\/schema\/person\/image\/\",\"url\":\"https:\/\/gaudiumetspes-blog.pl\/wp-content\/uploads\/2019\/07\/avatar-JJ-150x150.jpg\",\"contentUrl\":\"https:\/\/gaudiumetspes-blog.pl\/wp-content\/uploads\/2019\/07\/avatar-JJ-150x150.jpg\",\"caption\":\"Ks. Jacek\"},\"description\":\"Witam serdecznie! K\u0142ania si\u0119 Ks. Jacek Ja\u015bkowski. Nie jestem ani kim\u015b wa\u017cnym, ani kim\u015b znanym. Jestem ksi\u0119dzem, kt\u00f3ry po prostu chce rozmawia\u0107. Codzienna kap\u0142a\u0144ska pos\u0142uga pokazuje mi, \u017ce temat\u00f3w do rozm\u00f3w z ksi\u0119dzem jest coraz wi\u0119cej i dzisiaj \u017caden ksi\u0105dz nie mo\u017ce od nich ucieka\u0107, ale - wprost przeciwnie - podejmowa\u0107 nowe wyzwania. To przekonanie sk\u0142oni\u0142o mnie do pr\u00f3by otwarcia tego\u017c bloga, chocia\u017c okazji do rozm\u00f3w na co dzie\u0144 - w konfesjonale i poza nim - na szcz\u0119\u015bcie nie brakuje. My\u015bl\u0119 jednak, \u017ce ten blog b\u0119dzie jeszcze jednym sposobem i przestrzeni\u0105 nawi\u0105zania kontaktu z lud\u017ami dobrej woli, otwartymi na dialog.\",\"url\":\"https:\/\/gaudiumetspes-blog.pl\/index.php\/author\/ks-jacek\/\"}]}<\/script>\n<!-- \/ Yoast SEO plugin. -->","yoast_head_json":{"title":"Jak to Piotr chcia\u0142 stawia\u0107 namioty... - Gaudium Et Spes","robots":{"index":"index","follow":"follow","max-snippet":"max-snippet:-1","max-image-preview":"max-image-preview:large","max-video-preview":"max-video-preview:-1"},"canonical":"https:\/\/gaudiumetspes-blog.pl\/index.php\/2011\/03\/20\/jak-to-piotr-chcia-stawiac-namioty\/","og_locale":"pl_PL","og_type":"article","og_title":"Jak to Piotr chcia\u0142 stawia\u0107 namioty... - Gaudium Et Spes","og_description":"Niech b\u0119dzie pochwalony Jezus Chrystus! Witam w Dniu Pa\u0144skim &#8211; w Drug\u0105 Niedziel\u0119 Wielkiego Postu. Ju\u017c drug\u0105&#8230; Jak szybko czas leci! Ile uda\u0142o si\u0119 nam osi\u0105gn\u0105\u0107 na odcinku realizacji postanowienia wielkopostnego?&nbsp;1.&nbsp;&nbsp;&nbsp; Kochani, tydzie\u0144 temu zwr\u00f3ci\u0142em si\u0119 do Was z propozycj\u0105 codziennego odmawiania Modlitwy Pa\u0144skiego &#8211; w duchowej \u0142\u0105czno\u015bci &#8211; o godzinie 20.00. Przez ten tydzie\u0144 [&hellip;]","og_url":"https:\/\/gaudiumetspes-blog.pl\/index.php\/2011\/03\/20\/jak-to-piotr-chcia-stawiac-namioty\/","og_site_name":"Gaudium Et Spes","article_published_time":"2011-03-20T08:43:00+00:00","article_modified_time":"2019-07-31T10:52:10+00:00","author":"Ks. Jacek","twitter_card":"summary_large_image","twitter_misc":{"Napisane przez":"Ks. Jacek","Szacowany czas czytania":"10 minut"},"schema":{"@context":"https:\/\/schema.org","@graph":[{"@type":"WebPage","@id":"https:\/\/gaudiumetspes-blog.pl\/index.php\/2011\/03\/20\/jak-to-piotr-chcia-stawiac-namioty\/","url":"https:\/\/gaudiumetspes-blog.pl\/index.php\/2011\/03\/20\/jak-to-piotr-chcia-stawiac-namioty\/","name":"Jak to Piotr chcia\u0142 stawia\u0107 namioty... - Gaudium Et Spes","isPartOf":{"@id":"https:\/\/gaudiumetspes-blog.pl\/#website"},"datePublished":"2011-03-20T08:43:00+00:00","dateModified":"2019-07-31T10:52:10+00:00","author":{"@id":"https:\/\/gaudiumetspes-blog.pl\/#\/schema\/person\/1661982992b752dea8dff0d4ed845a65"},"breadcrumb":{"@id":"https:\/\/gaudiumetspes-blog.pl\/index.php\/2011\/03\/20\/jak-to-piotr-chcia-stawiac-namioty\/#breadcrumb"},"inLanguage":"pl-PL","potentialAction":[{"@type":"ReadAction","target":["https:\/\/gaudiumetspes-blog.pl\/index.php\/2011\/03\/20\/jak-to-piotr-chcia-stawiac-namioty\/"]}]},{"@type":"BreadcrumbList","@id":"https:\/\/gaudiumetspes-blog.pl\/index.php\/2011\/03\/20\/jak-to-piotr-chcia-stawiac-namioty\/#breadcrumb","itemListElement":[{"@type":"ListItem","position":1,"name":"Strona g\u0142\u00f3wna","item":"https:\/\/gaudiumetspes-blog.pl\/"},{"@type":"ListItem","position":2,"name":"Jak to&nbsp;Piotr chcia\u0142 stawia\u0107 namioty&#8230;"}]},{"@type":"WebSite","@id":"https:\/\/gaudiumetspes-blog.pl\/#website","url":"https:\/\/gaudiumetspes-blog.pl\/","name":"Gaudium Et Spes","description":"Blog Ks. Jacka Ja\u015bkowskiego","potentialAction":[{"@type":"SearchAction","target":{"@type":"EntryPoint","urlTemplate":"https:\/\/gaudiumetspes-blog.pl\/?s={search_term_string}"},"query-input":{"@type":"PropertyValueSpecification","valueRequired":true,"valueName":"search_term_string"}}],"inLanguage":"pl-PL"},{"@type":"Person","@id":"https:\/\/gaudiumetspes-blog.pl\/#\/schema\/person\/1661982992b752dea8dff0d4ed845a65","name":"Ks. Jacek","image":{"@type":"ImageObject","inLanguage":"pl-PL","@id":"https:\/\/gaudiumetspes-blog.pl\/#\/schema\/person\/image\/","url":"https:\/\/gaudiumetspes-blog.pl\/wp-content\/uploads\/2019\/07\/avatar-JJ-150x150.jpg","contentUrl":"https:\/\/gaudiumetspes-blog.pl\/wp-content\/uploads\/2019\/07\/avatar-JJ-150x150.jpg","caption":"Ks. Jacek"},"description":"Witam serdecznie! K\u0142ania si\u0119 Ks. Jacek Ja\u015bkowski. Nie jestem ani kim\u015b wa\u017cnym, ani kim\u015b znanym. Jestem ksi\u0119dzem, kt\u00f3ry po prostu chce rozmawia\u0107. Codzienna kap\u0142a\u0144ska pos\u0142uga pokazuje mi, \u017ce temat\u00f3w do rozm\u00f3w z ksi\u0119dzem jest coraz wi\u0119cej i dzisiaj \u017caden ksi\u0105dz nie mo\u017ce od nich ucieka\u0107, ale - wprost przeciwnie - podejmowa\u0107 nowe wyzwania. To przekonanie sk\u0142oni\u0142o mnie do pr\u00f3by otwarcia tego\u017c bloga, chocia\u017c okazji do rozm\u00f3w na co dzie\u0144 - w konfesjonale i poza nim - na szcz\u0119\u015bcie nie brakuje. My\u015bl\u0119 jednak, \u017ce ten blog b\u0119dzie jeszcze jednym sposobem i przestrzeni\u0105 nawi\u0105zania kontaktu z lud\u017ami dobrej woli, otwartymi na dialog.","url":"https:\/\/gaudiumetspes-blog.pl\/index.php\/author\/ks-jacek\/"}]}},"jetpack_featured_media_url":"","jetpack_sharing_enabled":true,"_links":{"self":[{"href":"https:\/\/gaudiumetspes-blog.pl\/index.php\/wp-json\/wp\/v2\/posts\/9914","targetHints":{"allow":["GET"]}}],"collection":[{"href":"https:\/\/gaudiumetspes-blog.pl\/index.php\/wp-json\/wp\/v2\/posts"}],"about":[{"href":"https:\/\/gaudiumetspes-blog.pl\/index.php\/wp-json\/wp\/v2\/types\/post"}],"author":[{"embeddable":true,"href":"https:\/\/gaudiumetspes-blog.pl\/index.php\/wp-json\/wp\/v2\/users\/1"}],"replies":[{"embeddable":true,"href":"https:\/\/gaudiumetspes-blog.pl\/index.php\/wp-json\/wp\/v2\/comments?post=9914"}],"version-history":[{"count":1,"href":"https:\/\/gaudiumetspes-blog.pl\/index.php\/wp-json\/wp\/v2\/posts\/9914\/revisions"}],"predecessor-version":[{"id":10169,"href":"https:\/\/gaudiumetspes-blog.pl\/index.php\/wp-json\/wp\/v2\/posts\/9914\/revisions\/10169"}],"wp:attachment":[{"href":"https:\/\/gaudiumetspes-blog.pl\/index.php\/wp-json\/wp\/v2\/media?parent=9914"}],"wp:term":[{"taxonomy":"category","embeddable":true,"href":"https:\/\/gaudiumetspes-blog.pl\/index.php\/wp-json\/wp\/v2\/categories?post=9914"},{"taxonomy":"post_tag","embeddable":true,"href":"https:\/\/gaudiumetspes-blog.pl\/index.php\/wp-json\/wp\/v2\/tags?post=9914"}],"curies":[{"name":"wp","href":"https:\/\/api.w.org\/{rel}","templated":true}]}}