{"id":9916,"date":"2011-03-18T09:41:00","date_gmt":"2011-03-18T08:41:00","guid":{"rendered":"https:\/\/gaudiumetspes-blog.pl\/index.php\/2011\/03\/18\/jeszcze-raz-o-dawaniu-z-siebie-wiecej\/"},"modified":"2019-07-31T12:52:10","modified_gmt":"2019-07-31T10:52:10","slug":"jeszcze-raz-o-dawaniu-z-siebie-wiecej","status":"publish","type":"post","link":"https:\/\/gaudiumetspes-blog.pl\/index.php\/2011\/03\/18\/jeszcze-raz-o-dawaniu-z-siebie-wiecej\/","title":{"rendered":"Jeszcze raz o dawaniu z siebie wi\u0119cej!"},"content":{"rendered":"<p>Szcz\u0119\u015b\u0107 Bo\u017ce! Witam serdecznie, Kochani, i od razu poruszam kilka spraw:<br style=\"font-family: 'Times New Roman';\" \/>1.&nbsp;&nbsp; Dzi\u0119kuj\u0119 za wpisy na blogu. Prosz\u0119 o cierpliwo\u015b\u0107, na pewno na wszystkie odpisz\u0119, natomiast z powodu nat\u0142oku zaj\u0119\u0107 staram si\u0119 je na bie\u017c\u0105co odczytywa\u0107, natomiast odpisywanie zostawiam na jak\u0105\u015b spokojniejsz\u0105 chwil\u0119. Prosz\u0119 zatem, aby nikt nie czu\u0142 si\u0119 zlekcewa\u017cony, pomini\u0119ty &#8211; wr\u0119cz przeciwnie! Z przyjemno\u015bci\u0105 odnios\u0119 si\u0119 do wszystkich g\u0142os\u00f3w indywidualnie &#8211; zapewne dzisiaj.<br style=\"font-family: 'Times New Roman';\" \/>2.&nbsp;&nbsp; We wczorajszym wpisie Grzegorz przedstawi\u0142 nam kilka intencji do modlitwy. Zechciejcie, Kochani, przeczyta\u0107 ten wpis, a intencje w\u0142\u0105czcie do swoich modlitw!<br style=\"font-family: 'Times New Roman';\" \/>3.&nbsp;&nbsp; Bardzo ciesz\u0119 si\u0119, \u017ce powoli, ale jednak powi\u0119ksza si\u0119 nasza Wsp\u00f3lnota modlitewna, \u0142\u0105cz\u0105ca si\u0119 o 20.00 w odmawianiu&nbsp;Ojcze nasz&#8230; Zapraszam nast\u0119pnych ch\u0119tnych, prosz\u0105c jednocze\u015bnie raz jeszcze o sygna\u0142 &#8211; cho\u0107by kr\u00f3tki &#8211; na blogu o w\u0142\u0105czeniu si\u0119, aby\u015bmy wiedzieli, jak du\u017ca jest nasza Wsp\u00f3lnota. Ale je\u015bli kto\u015b tego nie zg\u0142osi, te\u017c mo\u017ce si\u0119 modli\u0107! Zg\u0142oszenie si\u0119 nie jest warunkiem koniecznym do modlitwy! I jeszcze raz zaznaczam, \u017ce nie oczekuj\u0119 od nikogo jakichkolwiek ostatecznych deklaracji, tylko zapraszam do modlitewnej Wsp\u00f3lnoty tych, kt\u00f3rzy&nbsp;w miar\u0119 swoich mo\u017cliwo\u015bci&nbsp;b\u0119d\u0105 odmawiali Modlitw\u0119 Pa\u0144sk\u0105.<br style=\"font-family: 'Times New Roman';\" \/>4.&nbsp;&nbsp; Zach\u0119cam te\u017c do modlitwy zanoszonej w r\u00f3\u017cnych formach i w r\u00f3\u017cnym czasie &#8211; za siebie nawzajem i we wszystkich naszych intencjach!<br style=\"font-family: 'Times New Roman';\" \/>5.&nbsp;&nbsp; Dzisiaj wybieram si\u0119 z m\u0142odzie\u017c\u0105, kt\u00f3r\u0105 ucz\u0119 religii, na film &#8222;Jan Pawe\u0142 II &#8211; Szuka\u0142em was&#8230;&#8221;. Szczerze m\u00f3wi\u0105c, ju\u017c drugi raz b\u0119d\u0119 ogl\u0105da\u0142 ten film. Bardzo go Wam polecam &#8211; obejrzyjcie, traktuj\u0105c go nie jako jeszcze jeden seans filmowy, ale jako jeszcze jedno spotkanie z Janem Paw\u0142em II, jako takie ma\u0142e rekolekcje i form\u0119 duchowego przygotowania do beatyfikacji Papie\u017ca Polaka. Forma, w jakiej Papie\u017c zosta\u0142 w tym filmie pokazany, mo\u017ce s\u0142u\u017cy\u0107 takiemu jego odbiorowi. Skorzystajmy z tej szansy! Naprawd\u0119 &#8211; bardzo Was zach\u0119cam! Ja pewnie jeszcze nie raz b\u0119d\u0119 go ogl\u0105da\u0142!<br style=\"font-family: 'Times New Roman';\" \/>6.&nbsp;&nbsp; A na dzisiaj zapraszam do refleksji &#8211; nie po raz pierwszy &#8211; nad tym, \u017ce jako przyjaciele Jezusa mamy dawa\u0107 z siebie wi\u0119cej, zawsze wi\u0119cej &#8211; i zawsze z mi\u0142o\u015bci\u0105!<br style=\"font-family: 'Times New Roman';\" \/>&nbsp;&nbsp;&nbsp;&nbsp;&nbsp;&nbsp;&nbsp;&nbsp;&nbsp;&nbsp;&nbsp;&nbsp;&nbsp;&nbsp;&nbsp;&nbsp;&nbsp; Gaudium et spes!&nbsp; Ks. Jacek&nbsp;<\/p>\n<div class=\"MsoNormal\" style=\"color: #0f0f0f; font-family: 'Times New Roman'; font-size: 14px; margin-bottom: 0px; margin-left: 0px; margin-right: 0px; margin-top: 0.4em; text-align: justify;\"><b>Pi\u0105tek 1 tygodnia Wielkiego Postu,<\/b><\/div>\n<div class=\"MsoNormal\" style=\"color: #0f0f0f; font-family: 'Times New Roman'; font-size: 14px; margin-bottom: 0px; margin-left: 0px; margin-right: 0px; margin-top: 0.4em; text-align: justify;\"><b>do czyta\u0144:&nbsp;&nbsp;Ez 18,21\u201328;&nbsp;&nbsp;Mt 5,20\u201326<\/b><\/div>\n<div class=\"MsoNormal\" style=\"color: #0f0f0f; font-family: 'Times New Roman'; font-size: 14px; margin-bottom: 0px; margin-left: 0px; margin-right: 0px; margin-top: 0.4em; text-align: justify; text-indent: 35.4pt;\">Kiedy s\u0142uchamy pierwszego czytania, z Ksi\u0119gi Proroka Ezechiela, to wszystko wydaje nam si\u0119 do\u015b\u0107 logiczne i jasne: grzesznik, kt\u00f3ry si\u0119 nawraca, zostanie&nbsp;<b>nagrodzony za to w\u0142a\u015bnie, \u017ce ostatecznie zwr\u00f3ci\u0142 si\u0119 ku sprawiedliwo\u015bci.<\/b>Sprawiedliwy, kt\u00f3ry&nbsp;<b>odst\u0105pi\u0142 od prawej drogi, jak\u0105 kroczy\u0142 i odda\u0142 si\u0119 niesprawiedliwo\u015bci, zostanie ukarany.<\/b>&nbsp;Takie to dla nas raczej oczywiste, chocia\u017c nie by\u0142o wcale takie oczywiste w czasie, kiedy s\u0142owa te pisa\u0142 Prorok Ezechiel, a by\u0142o to na prze\u0142omie VII i VI wieku przed Chrystusem.<\/div>\n<div class=\"MsoNormal\" style=\"color: #0f0f0f; font-family: 'Times New Roman'; font-size: 14px; margin-bottom: 0px; margin-left: 0px; margin-right: 0px; margin-top: 0.4em; text-align: justify; text-indent: 35.4pt;\">Wtedy to prawda o nagrodzie po \u015bmierci nie by\u0142a znana Izraelitom, pogl\u0105dy na ten temat kszta\u0142towa\u0142y si\u0119 i w\u0142a\u015bnie<b>Ezechiel wchodzi w ten nurt docieka\u0144 ze swoim rozwa\u017caniem,<\/b>&nbsp;dotycz\u0105cym nagrody i kary po \u015bmierci. I najpierw udowadnia, \u017ce&nbsp;<b>ka\u017cdy sam poniesie odpowiedzialno\u015b\u0107 za swoje czyny,<\/b>&nbsp;a nie tak, jak w\u00f3wczas uwa\u017cano, \u017ce je\u015bli cz\u0142owiek za \u017cycia nie poni\u00f3s\u0142 kary za swoje nieprawo\u015bci,&nbsp;<b>to odpokutuj\u0105 to jego dzieci, wnuki, prawnuki<\/b>\u2026<\/div>\n<div class=\"MsoNormal\" style=\"color: #0f0f0f; font-family: 'Times New Roman'; font-size: 14px; margin-bottom: 0px; margin-left: 0px; margin-right: 0px; margin-top: 0.4em; text-align: justify; text-indent: 35.4pt;\">Prorok wyra\u017anie \u2013 w imieniu Boga oczywi\u015bcie \u2013<b>zaprzecza takiemu rozumowaniu,<\/b>&nbsp;jednoznacznie podkre\u015blaj\u0105c zasad\u0119 odpowiedzialno\u015bci osobistej, a tak\u017ce zasad\u0119, kt\u00f3r\u0105 dzisiaj w pierwszym czytaniu us\u0142yszeli\u015bmy, \u017ce przedmiotem Bo\u017cej oceny i nagrody lub kary b\u0119dzie&nbsp;<b>to post\u0119powanie, ta linia \u017cycia cz\u0142owieka, z jak\u0105 stanie przed Bogiem w chwili S\u0105du.<\/b>&nbsp;<\/div>\n<div class=\"MsoNormal\" style=\"color: #0f0f0f; font-family: 'Times New Roman'; font-size: 14px; margin-bottom: 0px; margin-left: 0px; margin-right: 0px; margin-top: 0.4em; text-align: justify; text-indent: 35.4pt;\">Jest to&nbsp;<b>bardzo pocieszaj\u0105ce dla grzesznik\u00f3w,<\/b>&nbsp;kt\u00f3rzy nawet po wielu latach z\u0142ego \u017cycia nawracaj\u0105 si\u0119. Bo \u2013 jak m\u00f3wi Prorok \u2013 takiemu nawr\u00f3conemu grzesznikowi&nbsp;<i>nie b\u0119d\u0105&nbsp;<\/i>[&#8230;]<i>poczytane wszystkie grzechy, jakie pope\u0142ni\u0142, lecz b\u0119dzie \u017cy\u0142 dzi\u0119ki sprawiedliwo\u015bci, z jak\u0105 post\u0119powa\u0142<\/i>. Bardzo to pocieszaj\u0105ce. Jest to jednak&nbsp;<b>bardzo powa\u017cne ostrze\u017cenie dla ludzi, kt\u00f3rzy b\u0119d\u0105c sprawiedliwymi, zeszli z drogi dobrej i prawej, a weszli na drog\u0119 grzechu.&nbsp;<\/b>Prorok w mocnych s\u0142owach jednoznacznie stwierdza o sytuacji takiego cz\u0142owieka:<b><i>\u017baden z wykonanych czyn\u00f3w sprawiedliwych nie b\u0119dzie mu poczytany,<\/i><\/b><i>&nbsp;ale umrze z powodu nieprawo\u015bci, kt\u00f3rej si\u0119 dopuszcza\u0142 i grzechu, kt\u00f3ry pope\u0142ni\u0142.<\/i><\/div>\n<div class=\"MsoNormal\" style=\"color: #0f0f0f; font-family: 'Times New Roman'; font-size: 14px; margin-bottom: 0px; margin-left: 0px; margin-right: 0px; margin-top: 0.4em; text-align: justify; text-indent: 35.4pt;\">Kochani, jak\u017ce to mocne i jednoznaczne stwierdzenia, chocia\u017c \u2013 jak ju\u017c wspomnieli\u015bmy sobie \u2013 dla nas, kszta\u0142towanych od dziecka&nbsp;<b>w atmosferze nauki Jezusa, znaj\u0105cych g\u0142\u00f3wne prawdy naszej katolickiej wiary<\/b>&nbsp;nie jest to co\u015b dziwnego, ani nowego. Wiemy, \u017ce takimi zasadami B\u00f3g b\u0119dzie si\u0119 kierowa\u0142 na S\u0105dzie \u2013 w duchu wielkiej sprawiedliwo\u015bci, ale te\u017c i mi\u0142osierdzia dla grzesznik\u00f3w.<b>Jednak\u017ce czyny cz\u0142owieka, jego post\u0119powanie, b\u0119dzie mia\u0142o zasadnicze znaczenie.<\/b><\/div>\n<div class=\"MsoNormal\" style=\"color: #0f0f0f; font-family: 'Times New Roman'; font-size: 14px; margin-bottom: 0px; margin-left: 0px; margin-right: 0px; margin-top: 0.4em; text-align: justify; text-indent: 35.4pt;\">A tak dok\u0142adniej, to b\u0119dzie mia\u0142o znaczenie \u2013 o czym dzisiaj Jezus m\u00f3wi w Ewangelii \u2013&nbsp;<b>czy te swoje czyny b\u0119dziemy wype\u0142nia\u0107 z mi\u0142o\u015bci\u0105!<\/b>&nbsp;Zobaczmy, \u017ce Jezus odwo\u0142uj\u0105c si\u0119 do przepis\u00f3w Dekalogu, nie pozwala swoim uczniom pozosta\u0107&nbsp;<b>tylko na poziomie ich literalnego rozumienia.<\/b>&nbsp;Jezus od swoich uczni\u00f3w&nbsp;<b>domaga si\u0119 czego\u015b wi\u0119cej \u2013 chce, aby ka\u017cdy z nich by\u0142 bardziej doskona\u0142y, ani\u017celi najgorliwszy wyznawca Prawa Moj\u017ceszowego!<\/b><\/div>\n<div class=\"MsoNormal\" style=\"color: #0f0f0f; font-family: 'Times New Roman'; font-size: 14px; margin-bottom: 0px; margin-left: 0px; margin-right: 0px; margin-top: 0.4em; text-align: justify; text-indent: 35.4pt;\">Dlatego nie tylko interpretuje przepisy Prawa Bo\u017cego, ale z pozycji Prawodawcy, jakim przecie\u017c jest \u2013&nbsp;<b>poszerza rozumienie kolejnych przykaza\u0144 Dekalogu!<\/b>&nbsp;Dzisiaj s\u0142yszymy, \u017ce przykazanie&nbsp;<i>Nie zabijaj<\/i>! zosta\u0142o poszerzone&nbsp;<b>o zakaz gniewu i brak ch\u0119ci pojednania!<\/b>&nbsp;To bardzo znacz\u0105ce poszerzenie rozumienia Prawa Bo\u017cego!<\/div>\n<div class=\"MsoNormal\" style=\"color: #0f0f0f; font-family: 'Times New Roman'; font-size: 14px; margin-bottom: 0px; margin-left: 0px; margin-right: 0px; margin-top: 0.4em; text-align: justify; text-indent: 35.4pt;\">A dla nas, Kochani, kt\u00f3rzy s\u0142uchamy dzisiejszych czyta\u0144 mszalnych i zastanawiamy si\u0119 nad nimi, jest to mocne i jednoznaczne przypomnienie, ponowne u\u015bwiadomienie prawdy, \u017ce&nbsp;<b>ci\u0105gle mamy czuwa\u0107 nad swoim post\u0119powaniem, ci\u0105gle mamy je kontrolowa\u0107 i korygowa\u0107.<\/b>&nbsp;Nigdy nie wolno nam popa\u015b\u0107 w \u201esamozachwyt\u201d, w&nbsp;<b>bezkrytyczne zadowolenie z samych siebie i niczym nie zm\u0105cone przekonanie o w\u0142asnej doskona\u0142o\u015bci!<\/b>&nbsp;Pami\u0119tajmy, \u017ce w naszym \u017cyciu ci\u0105gle si\u0119 co\u015b dzieje, dokonuj\u0105 si\u0119 r\u00f3\u017cne procesy my\u015blowe, codziennie podejmujemy takie czy inne decyzje, dokonujemy takich czy innych wybor\u00f3w, z kt\u00f3rych jedne s\u0105 dobre, a inne \u2013 niestety\u2026<\/div>\n<div class=\"MsoNormal\" style=\"color: #0f0f0f; font-family: 'Times New Roman'; font-size: 14px; margin-bottom: 0px; margin-left: 0px; margin-right: 0px; margin-top: 0.4em; text-align: justify; text-indent: 35.4pt;\">Dlatego nigdy nie mo\u017cemy ulec takiemu przekonaniu, \u017ce<b>ju\u017c osi\u0105gn\u0119li\u015bmy wystarczaj\u0105co wysoki poziom moralnej doskona\u0142o\u015bci, a wi\u0119c nie musimy si\u0119 niczym martwi\u0107.<\/b>&nbsp;Je\u017celi kto\u015b naprawd\u0119 nabra\u0142by takiego wewn\u0119trznego przekonania, to \u2013 prawd\u0119 m\u00f3wi\u0105c \u2013 trudno sobie wyobrazi\u0107 wi\u0119kszy sukces szatana, jak to w\u0142a\u015bnie przekonanie takiego cz\u0142owieka.<\/div>\n<div class=\"MsoNormal\" style=\"color: #0f0f0f; font-family: 'Times New Roman'; font-size: 14px; margin-bottom: 0px; margin-left: 0px; margin-right: 0px; margin-top: 0.4em; text-align: justify; text-indent: 35.4pt;\">Zatem, czuwajmy i nie \u017ca\u0142ujmy osobistego wysi\u0142ku nad kszta\u0142towaniem swojej postawy, starajmy si\u0119&nbsp;<b>dawa\u0107 z siebie ci\u0105gle wi\u0119cej i wi\u0119cej, stara\u0107 si\u0119 bardziej, bardziej i jeszcze bardziej,<\/b>&nbsp;pami\u0119taj\u0105c star\u0105 i dobrze nam zapewne znan\u0105 zasad\u0119, \u017ce&nbsp;<b>miar\u0105 mi\u0142o\u015bci jest\u2026 mi\u0142o\u015b\u0107 bez miary!<\/b><\/div>\n<div class=\"MsoNormal\" style=\"color: #0f0f0f; font-family: 'Times New Roman'; font-size: 14px; margin-bottom: 0px; margin-left: 0px; margin-right: 0px; margin-top: 0.4em; text-align: justify; text-indent: 35.4pt;\">A w tym kontek\u015bcie zastan\u00f3wmy si\u0119:<\/div>\n<ul style=\"color: #0f0f0f; font-family: 'Times New Roman'; font-size: 14px; margin-top: 0cm;\" type=\"disc\">\n<li class=\"MsoNormal\" style=\"text-align: justify;\">Jak B\u00f3g oceni\u0142by moje post\u0119powanie, gdybym stan\u0105\u0142 na Jego S\u0105dzie w tym momencie?<\/li>\n<li class=\"MsoNormal\" style=\"text-align: justify;\">Jak cz\u0119sto i jak dok\u0142adnie robi\u0119 rachunek sumienia?<\/li>\n<li class=\"MsoNormal\" style=\"text-align: justify;\">Jak przebiega realizacja mojego wielkopostnego postanowienia?<\/li>\n<\/ul>\n<div class=\"MsoNormal\" style=\"color: #0f0f0f; font-family: 'Times New Roman'; font-size: 14px; margin-bottom: 0px; margin-left: 0px; margin-right: 0px; margin-top: 0.4em; text-align: justify; text-indent: 18pt;\"><b><i>Je\u015bli wasza sprawiedliwo\u015b\u0107 nie b\u0119dzie wi\u0119ksza, ni\u017c uczonych w Pi\u015bmie i faryzeuszy, nie wejdziecie do Kr\u00f3lestwa niebieskiego<\/i><\/b><b>!<\/b><\/div>\n<div><b><br \/>\n<\/b><\/div>\n","protected":false},"excerpt":{"rendered":"<p>Szcz\u0119\u015b\u0107 Bo\u017ce! Witam serdecznie, Kochani, i od razu poruszam kilka spraw:1.&nbsp;&nbsp; Dzi\u0119kuj\u0119 za wpisy na blogu. Prosz\u0119 o cierpliwo\u015b\u0107, na pewno na wszystkie odpisz\u0119, natomiast z powodu nat\u0142oku zaj\u0119\u0107 staram si\u0119 je na bie\u017c\u0105co odczytywa\u0107, natomiast odpisywanie zostawiam na jak\u0105\u015b spokojniejsz\u0105 chwil\u0119. Prosz\u0119 zatem, aby nikt nie czu\u0142 si\u0119 zlekcewa\u017cony, pomini\u0119ty &#8211; wr\u0119cz przeciwnie! Z [&hellip;]<\/p>\n","protected":false},"author":1,"featured_media":0,"comment_status":"open","ping_status":"open","sticky":false,"template":"","format":"standard","meta":{"jetpack_post_was_ever_published":false,"_jetpack_newsletter_access":"","_jetpack_dont_email_post_to_subs":false,"_jetpack_newsletter_tier_id":0,"_jetpack_memberships_contains_paywalled_content":false,"_jetpack_memberships_contains_paid_content":false,"footnotes":""},"categories":[1],"tags":[],"class_list":["post-9916","post","type-post","status-publish","format-standard","hentry","category-bez-kategorii"],"yoast_head":"<!-- This site is optimized with the Yoast SEO plugin v25.1 - https:\/\/yoast.com\/wordpress\/plugins\/seo\/ -->\n<title>Jeszcze raz o dawaniu z siebie wi\u0119cej! - Gaudium Et Spes<\/title>\n<meta name=\"robots\" content=\"index, follow, max-snippet:-1, max-image-preview:large, max-video-preview:-1\" \/>\n<link rel=\"canonical\" href=\"https:\/\/gaudiumetspes-blog.pl\/index.php\/2011\/03\/18\/jeszcze-raz-o-dawaniu-z-siebie-wiecej\/\" \/>\n<meta property=\"og:locale\" content=\"pl_PL\" \/>\n<meta property=\"og:type\" content=\"article\" \/>\n<meta property=\"og:title\" content=\"Jeszcze raz o dawaniu z siebie wi\u0119cej! - Gaudium Et Spes\" \/>\n<meta property=\"og:description\" content=\"Szcz\u0119\u015b\u0107 Bo\u017ce! Witam serdecznie, Kochani, i od razu poruszam kilka spraw:1.&nbsp;&nbsp; Dzi\u0119kuj\u0119 za wpisy na blogu. Prosz\u0119 o cierpliwo\u015b\u0107, na pewno na wszystkie odpisz\u0119, natomiast z powodu nat\u0142oku zaj\u0119\u0107 staram si\u0119 je na bie\u017c\u0105co odczytywa\u0107, natomiast odpisywanie zostawiam na jak\u0105\u015b spokojniejsz\u0105 chwil\u0119. Prosz\u0119 zatem, aby nikt nie czu\u0142 si\u0119 zlekcewa\u017cony, pomini\u0119ty &#8211; wr\u0119cz przeciwnie! Z [&hellip;]\" \/>\n<meta property=\"og:url\" content=\"https:\/\/gaudiumetspes-blog.pl\/index.php\/2011\/03\/18\/jeszcze-raz-o-dawaniu-z-siebie-wiecej\/\" \/>\n<meta property=\"og:site_name\" content=\"Gaudium Et Spes\" \/>\n<meta property=\"article:published_time\" content=\"2011-03-18T08:41:00+00:00\" \/>\n<meta property=\"article:modified_time\" content=\"2019-07-31T10:52:10+00:00\" \/>\n<meta name=\"author\" content=\"Ks. Jacek\" \/>\n<meta name=\"twitter:card\" content=\"summary_large_image\" \/>\n<meta name=\"twitter:label1\" content=\"Napisane przez\" \/>\n\t<meta name=\"twitter:data1\" content=\"Ks. Jacek\" \/>\n\t<meta name=\"twitter:label2\" content=\"Szacowany czas czytania\" \/>\n\t<meta name=\"twitter:data2\" content=\"7 minut\" \/>\n<script type=\"application\/ld+json\" class=\"yoast-schema-graph\">{\"@context\":\"https:\/\/schema.org\",\"@graph\":[{\"@type\":\"WebPage\",\"@id\":\"https:\/\/gaudiumetspes-blog.pl\/index.php\/2011\/03\/18\/jeszcze-raz-o-dawaniu-z-siebie-wiecej\/\",\"url\":\"https:\/\/gaudiumetspes-blog.pl\/index.php\/2011\/03\/18\/jeszcze-raz-o-dawaniu-z-siebie-wiecej\/\",\"name\":\"Jeszcze raz o dawaniu z siebie wi\u0119cej! - Gaudium Et Spes\",\"isPartOf\":{\"@id\":\"https:\/\/gaudiumetspes-blog.pl\/#website\"},\"datePublished\":\"2011-03-18T08:41:00+00:00\",\"dateModified\":\"2019-07-31T10:52:10+00:00\",\"author\":{\"@id\":\"https:\/\/gaudiumetspes-blog.pl\/#\/schema\/person\/1661982992b752dea8dff0d4ed845a65\"},\"breadcrumb\":{\"@id\":\"https:\/\/gaudiumetspes-blog.pl\/index.php\/2011\/03\/18\/jeszcze-raz-o-dawaniu-z-siebie-wiecej\/#breadcrumb\"},\"inLanguage\":\"pl-PL\",\"potentialAction\":[{\"@type\":\"ReadAction\",\"target\":[\"https:\/\/gaudiumetspes-blog.pl\/index.php\/2011\/03\/18\/jeszcze-raz-o-dawaniu-z-siebie-wiecej\/\"]}]},{\"@type\":\"BreadcrumbList\",\"@id\":\"https:\/\/gaudiumetspes-blog.pl\/index.php\/2011\/03\/18\/jeszcze-raz-o-dawaniu-z-siebie-wiecej\/#breadcrumb\",\"itemListElement\":[{\"@type\":\"ListItem\",\"position\":1,\"name\":\"Strona g\u0142\u00f3wna\",\"item\":\"https:\/\/gaudiumetspes-blog.pl\/\"},{\"@type\":\"ListItem\",\"position\":2,\"name\":\"Jeszcze raz o&nbsp;dawaniu z&nbsp;siebie wi\u0119cej!\"}]},{\"@type\":\"WebSite\",\"@id\":\"https:\/\/gaudiumetspes-blog.pl\/#website\",\"url\":\"https:\/\/gaudiumetspes-blog.pl\/\",\"name\":\"Gaudium Et Spes\",\"description\":\"Blog Ks. Jacka Ja\u015bkowskiego\",\"potentialAction\":[{\"@type\":\"SearchAction\",\"target\":{\"@type\":\"EntryPoint\",\"urlTemplate\":\"https:\/\/gaudiumetspes-blog.pl\/?s={search_term_string}\"},\"query-input\":{\"@type\":\"PropertyValueSpecification\",\"valueRequired\":true,\"valueName\":\"search_term_string\"}}],\"inLanguage\":\"pl-PL\"},{\"@type\":\"Person\",\"@id\":\"https:\/\/gaudiumetspes-blog.pl\/#\/schema\/person\/1661982992b752dea8dff0d4ed845a65\",\"name\":\"Ks. Jacek\",\"image\":{\"@type\":\"ImageObject\",\"inLanguage\":\"pl-PL\",\"@id\":\"https:\/\/gaudiumetspes-blog.pl\/#\/schema\/person\/image\/\",\"url\":\"https:\/\/gaudiumetspes-blog.pl\/wp-content\/uploads\/2019\/07\/avatar-JJ-150x150.jpg\",\"contentUrl\":\"https:\/\/gaudiumetspes-blog.pl\/wp-content\/uploads\/2019\/07\/avatar-JJ-150x150.jpg\",\"caption\":\"Ks. Jacek\"},\"description\":\"Witam serdecznie! K\u0142ania si\u0119 Ks. Jacek Ja\u015bkowski. Nie jestem ani kim\u015b wa\u017cnym, ani kim\u015b znanym. Jestem ksi\u0119dzem, kt\u00f3ry po prostu chce rozmawia\u0107. Codzienna kap\u0142a\u0144ska pos\u0142uga pokazuje mi, \u017ce temat\u00f3w do rozm\u00f3w z ksi\u0119dzem jest coraz wi\u0119cej i dzisiaj \u017caden ksi\u0105dz nie mo\u017ce od nich ucieka\u0107, ale - wprost przeciwnie - podejmowa\u0107 nowe wyzwania. To przekonanie sk\u0142oni\u0142o mnie do pr\u00f3by otwarcia tego\u017c bloga, chocia\u017c okazji do rozm\u00f3w na co dzie\u0144 - w konfesjonale i poza nim - na szcz\u0119\u015bcie nie brakuje. My\u015bl\u0119 jednak, \u017ce ten blog b\u0119dzie jeszcze jednym sposobem i przestrzeni\u0105 nawi\u0105zania kontaktu z lud\u017ami dobrej woli, otwartymi na dialog.\",\"url\":\"https:\/\/gaudiumetspes-blog.pl\/index.php\/author\/ks-jacek\/\"}]}<\/script>\n<!-- \/ Yoast SEO plugin. -->","yoast_head_json":{"title":"Jeszcze raz o dawaniu z siebie wi\u0119cej! - Gaudium Et Spes","robots":{"index":"index","follow":"follow","max-snippet":"max-snippet:-1","max-image-preview":"max-image-preview:large","max-video-preview":"max-video-preview:-1"},"canonical":"https:\/\/gaudiumetspes-blog.pl\/index.php\/2011\/03\/18\/jeszcze-raz-o-dawaniu-z-siebie-wiecej\/","og_locale":"pl_PL","og_type":"article","og_title":"Jeszcze raz o dawaniu z siebie wi\u0119cej! - Gaudium Et Spes","og_description":"Szcz\u0119\u015b\u0107 Bo\u017ce! Witam serdecznie, Kochani, i od razu poruszam kilka spraw:1.&nbsp;&nbsp; Dzi\u0119kuj\u0119 za wpisy na blogu. Prosz\u0119 o cierpliwo\u015b\u0107, na pewno na wszystkie odpisz\u0119, natomiast z powodu nat\u0142oku zaj\u0119\u0107 staram si\u0119 je na bie\u017c\u0105co odczytywa\u0107, natomiast odpisywanie zostawiam na jak\u0105\u015b spokojniejsz\u0105 chwil\u0119. Prosz\u0119 zatem, aby nikt nie czu\u0142 si\u0119 zlekcewa\u017cony, pomini\u0119ty &#8211; wr\u0119cz przeciwnie! Z [&hellip;]","og_url":"https:\/\/gaudiumetspes-blog.pl\/index.php\/2011\/03\/18\/jeszcze-raz-o-dawaniu-z-siebie-wiecej\/","og_site_name":"Gaudium Et Spes","article_published_time":"2011-03-18T08:41:00+00:00","article_modified_time":"2019-07-31T10:52:10+00:00","author":"Ks. Jacek","twitter_card":"summary_large_image","twitter_misc":{"Napisane przez":"Ks. Jacek","Szacowany czas czytania":"7 minut"},"schema":{"@context":"https:\/\/schema.org","@graph":[{"@type":"WebPage","@id":"https:\/\/gaudiumetspes-blog.pl\/index.php\/2011\/03\/18\/jeszcze-raz-o-dawaniu-z-siebie-wiecej\/","url":"https:\/\/gaudiumetspes-blog.pl\/index.php\/2011\/03\/18\/jeszcze-raz-o-dawaniu-z-siebie-wiecej\/","name":"Jeszcze raz o dawaniu z siebie wi\u0119cej! - Gaudium Et Spes","isPartOf":{"@id":"https:\/\/gaudiumetspes-blog.pl\/#website"},"datePublished":"2011-03-18T08:41:00+00:00","dateModified":"2019-07-31T10:52:10+00:00","author":{"@id":"https:\/\/gaudiumetspes-blog.pl\/#\/schema\/person\/1661982992b752dea8dff0d4ed845a65"},"breadcrumb":{"@id":"https:\/\/gaudiumetspes-blog.pl\/index.php\/2011\/03\/18\/jeszcze-raz-o-dawaniu-z-siebie-wiecej\/#breadcrumb"},"inLanguage":"pl-PL","potentialAction":[{"@type":"ReadAction","target":["https:\/\/gaudiumetspes-blog.pl\/index.php\/2011\/03\/18\/jeszcze-raz-o-dawaniu-z-siebie-wiecej\/"]}]},{"@type":"BreadcrumbList","@id":"https:\/\/gaudiumetspes-blog.pl\/index.php\/2011\/03\/18\/jeszcze-raz-o-dawaniu-z-siebie-wiecej\/#breadcrumb","itemListElement":[{"@type":"ListItem","position":1,"name":"Strona g\u0142\u00f3wna","item":"https:\/\/gaudiumetspes-blog.pl\/"},{"@type":"ListItem","position":2,"name":"Jeszcze raz o&nbsp;dawaniu z&nbsp;siebie wi\u0119cej!"}]},{"@type":"WebSite","@id":"https:\/\/gaudiumetspes-blog.pl\/#website","url":"https:\/\/gaudiumetspes-blog.pl\/","name":"Gaudium Et Spes","description":"Blog Ks. Jacka Ja\u015bkowskiego","potentialAction":[{"@type":"SearchAction","target":{"@type":"EntryPoint","urlTemplate":"https:\/\/gaudiumetspes-blog.pl\/?s={search_term_string}"},"query-input":{"@type":"PropertyValueSpecification","valueRequired":true,"valueName":"search_term_string"}}],"inLanguage":"pl-PL"},{"@type":"Person","@id":"https:\/\/gaudiumetspes-blog.pl\/#\/schema\/person\/1661982992b752dea8dff0d4ed845a65","name":"Ks. Jacek","image":{"@type":"ImageObject","inLanguage":"pl-PL","@id":"https:\/\/gaudiumetspes-blog.pl\/#\/schema\/person\/image\/","url":"https:\/\/gaudiumetspes-blog.pl\/wp-content\/uploads\/2019\/07\/avatar-JJ-150x150.jpg","contentUrl":"https:\/\/gaudiumetspes-blog.pl\/wp-content\/uploads\/2019\/07\/avatar-JJ-150x150.jpg","caption":"Ks. Jacek"},"description":"Witam serdecznie! K\u0142ania si\u0119 Ks. Jacek Ja\u015bkowski. Nie jestem ani kim\u015b wa\u017cnym, ani kim\u015b znanym. Jestem ksi\u0119dzem, kt\u00f3ry po prostu chce rozmawia\u0107. Codzienna kap\u0142a\u0144ska pos\u0142uga pokazuje mi, \u017ce temat\u00f3w do rozm\u00f3w z ksi\u0119dzem jest coraz wi\u0119cej i dzisiaj \u017caden ksi\u0105dz nie mo\u017ce od nich ucieka\u0107, ale - wprost przeciwnie - podejmowa\u0107 nowe wyzwania. To przekonanie sk\u0142oni\u0142o mnie do pr\u00f3by otwarcia tego\u017c bloga, chocia\u017c okazji do rozm\u00f3w na co dzie\u0144 - w konfesjonale i poza nim - na szcz\u0119\u015bcie nie brakuje. My\u015bl\u0119 jednak, \u017ce ten blog b\u0119dzie jeszcze jednym sposobem i przestrzeni\u0105 nawi\u0105zania kontaktu z lud\u017ami dobrej woli, otwartymi na dialog.","url":"https:\/\/gaudiumetspes-blog.pl\/index.php\/author\/ks-jacek\/"}]}},"jetpack_featured_media_url":"","jetpack_sharing_enabled":true,"_links":{"self":[{"href":"https:\/\/gaudiumetspes-blog.pl\/index.php\/wp-json\/wp\/v2\/posts\/9916","targetHints":{"allow":["GET"]}}],"collection":[{"href":"https:\/\/gaudiumetspes-blog.pl\/index.php\/wp-json\/wp\/v2\/posts"}],"about":[{"href":"https:\/\/gaudiumetspes-blog.pl\/index.php\/wp-json\/wp\/v2\/types\/post"}],"author":[{"embeddable":true,"href":"https:\/\/gaudiumetspes-blog.pl\/index.php\/wp-json\/wp\/v2\/users\/1"}],"replies":[{"embeddable":true,"href":"https:\/\/gaudiumetspes-blog.pl\/index.php\/wp-json\/wp\/v2\/comments?post=9916"}],"version-history":[{"count":1,"href":"https:\/\/gaudiumetspes-blog.pl\/index.php\/wp-json\/wp\/v2\/posts\/9916\/revisions"}],"predecessor-version":[{"id":10167,"href":"https:\/\/gaudiumetspes-blog.pl\/index.php\/wp-json\/wp\/v2\/posts\/9916\/revisions\/10167"}],"wp:attachment":[{"href":"https:\/\/gaudiumetspes-blog.pl\/index.php\/wp-json\/wp\/v2\/media?parent=9916"}],"wp:term":[{"taxonomy":"category","embeddable":true,"href":"https:\/\/gaudiumetspes-blog.pl\/index.php\/wp-json\/wp\/v2\/categories?post=9916"},{"taxonomy":"post_tag","embeddable":true,"href":"https:\/\/gaudiumetspes-blog.pl\/index.php\/wp-json\/wp\/v2\/tags?post=9916"}],"curies":[{"name":"wp","href":"https:\/\/api.w.org\/{rel}","templated":true}]}}