{"id":9918,"date":"2011-03-16T09:40:00","date_gmt":"2011-03-16T08:40:00","guid":{"rendered":"https:\/\/gaudiumetspes-blog.pl\/index.php\/2011\/03\/16\/o-tym-jak-to-jonasz-przed-bogiem-ucieka\/"},"modified":"2019-07-31T12:52:10","modified_gmt":"2019-07-31T10:52:10","slug":"o-tym-jak-to-jonasz-przed-bogiem-ucieka","status":"publish","type":"post","link":"https:\/\/gaudiumetspes-blog.pl\/index.php\/2011\/03\/16\/o-tym-jak-to-jonasz-przed-bogiem-ucieka\/","title":{"rendered":"O tym, jak to Jonasz przed Bogiem ucieka\u0142&#8230;"},"content":{"rendered":"<p>Niech b\u0119dzie pochwalony Jezus Chrystus!&nbsp;<br style=\"font-family: 'Times New Roman';\" \/>&nbsp;&nbsp; W ostatnich wpisach, jakie pojawi\u0142y si\u0119 na blogu, Mirka i Robert przedstawiaj\u0105 nam intencje wsp\u00f3lnej modlitwy. Prosz\u0119 Was wszystkich, Kochani, aby\u015bcie zapoznali si\u0119 z tymi wpisami i zechcieli &#8211; wraz ze mn\u0105 &#8211; pomodli\u0107 si\u0119 w opisanych sprawach.<br style=\"font-family: 'Times New Roman';\" \/>&nbsp;&nbsp; Z kolei osoba podpisana jako &#8222;Ja&#8221; z \u017cyczliwo\u015bci\u0105 odnosi si\u0119 do inicjatywy wsp\u00f3lnej modlitwy o 20.00, ale obawia si\u0119, \u017ce nie codziennie b\u0119dzie w stanie to czyni\u0107, a ja zapewne oczekuj\u0119 radykalnych postanowie\u0144 i ostatecznych deklaracji. Wyja\u015bniam, \u017ce absolutnie tak nie my\u015bl\u0119! Wiem, \u017ce tempo, w jakim \u017cyjemy, sprawia, \u017ce nie ze wszystkim nad\u0105\u017camy.&nbsp;Wa\u017cnym jest jednak, aby si\u0119 szczerze stara\u0107 i w miar\u0119 mo\u017cliwo\u015bci (!) realizowa\u0107 postanowienie!&nbsp;Ponadto, w miar\u0119 praktykowania tej codziennej modlitwy b\u0119dzie coraz \u0142atwiej o niej pami\u0119ta\u0107! Wiem to z w\u0142asnego do\u015bwiadczenia. Dlatego zach\u0119cam wszystkich raz jeszcze do w\u0142\u0105czenia si\u0119 we wsp\u00f3ln\u0105 modlitw\u0119 oraz prosz\u0119 o sygna\u0142 na blogu o podj\u0119tej decyzji.<br style=\"font-family: 'Times New Roman';\" \/>&nbsp;&nbsp;&nbsp; A na dzisiaj zapraszam do refleksji nad tym, jak to cz\u0142owiek nieraz przeszkadza Panu Bogu w ratowaniu siebie&nbsp;samego!<br style=\"font-family: 'Times New Roman';\" \/>&nbsp;&nbsp;&nbsp;&nbsp;&nbsp;&nbsp;&nbsp;&nbsp;&nbsp;&nbsp;&nbsp;&nbsp;&nbsp;&nbsp;&nbsp;&nbsp;&nbsp;&nbsp;&nbsp;&nbsp;&nbsp; Gaudium et spes!&nbsp; ks. Jacek<\/p>\n<div class=\"MsoNormal\" style=\"color: #0f0f0f; font-family: 'Times New Roman'; font-size: 14px; margin-bottom: 0px; margin-left: 0px; margin-right: 0px; margin-top: 0.4em; text-align: justify;\"><b>\u015aroda 1 tygodnia Wielkiego Postu,<\/b><\/div>\n<div class=\"MsoNormal\" style=\"color: #0f0f0f; font-family: 'Times New Roman'; font-size: 14px; margin-bottom: 0px; margin-left: 0px; margin-right: 0px; margin-top: 0.4em; text-align: justify;\"><b>do czyta\u0144:&nbsp;&nbsp;Jon 3,1\u201310;&nbsp;&nbsp;\u0141k 11,29\u201332<\/b><\/div>\n<div class=\"MsoNormal\" style=\"color: #0f0f0f; font-family: 'Times New Roman'; font-size: 14px; margin-bottom: 0px; margin-left: 0px; margin-right: 0px; margin-top: 0.4em; text-align: justify; text-indent: 35.4pt;\"><b><i>Pan przem\u00f3wi\u0142 do Jonasza po raz drugi<\/i><\/b>&nbsp;\u2013 s\u0142yszymy w dzisiejszym pierwszym czytaniu. Tak, bo&nbsp;<b>za pierwszym razem Jonasz nie bardzo chcia\u0142 pos\u0142ucha\u0107 Bo\u017cego wezwania.<\/b>Znamy dobrze jego histori\u0119, jak to wsiad\u0142 na statek i chc\u0105c uciec jak najdalej od miasta, kt\u00f3re mia\u0142 wzywa\u0107 do nawr\u00f3cenia,<b>ostatecznie znalaz\u0142 si\u0119 w czelu\u015bciach morza,<\/b>&nbsp;bo statek, na pok\u0142adzie kt\u00f3rego podr\u00f3\u017cowa\u0142, omal nie zaton\u0105\u0142 w czasie ogromnej burzy, zes\u0142anej przez Boga. Wyrzucenie Jonasza do morza spowodowa\u0142o uciszenie burzy, sam za\u015b Jonasz,&nbsp;<b>we wn\u0119trzu wielkiej ryby zosta\u0142 przeniesiony przez fale morza i wyrzucony na brzegi\u2026 Niniwy oczywi\u015bcie.<\/b><\/div>\n<div class=\"MsoNormal\" style=\"color: #0f0f0f; font-family: 'Times New Roman'; font-size: 14px; margin-bottom: 0px; margin-left: 0px; margin-right: 0px; margin-top: 0.4em; text-align: justify; text-indent: 35.4pt;\">I wtedy to w\u0142a\u015bnie nast\u0105pi\u0142o powt\u00f3rne wezwanie, o jakim dzisiaj s\u0142yszymy. A kiedy tylko Jonasz zacz\u0105\u0142 Bo\u017ce polecenie realizowa\u0107 i wzywa\u0107 Niniw\u0119 \u2013 wielkie, naprawd\u0119 wielkie,&nbsp;<b>i naprawd\u0119 grzeszne miasto \u2013 do nawr\u00f3cenia,<\/b>&nbsp;to szybko przekona\u0142 si\u0119, \u017ce niejako od razu to jego wo\u0142anie zacz\u0119\u0142o skutkowa\u0107. I wszyscy, od&nbsp;najwi\u0119kszego do najmniejszego&nbsp;\u2013 jak s\u0142yszymy \u2013&nbsp;<b>oblekli si\u0119 w wory i usiedli w popiele.<\/b>&nbsp;Tak\u017ce<b>sam kr\u00f3l post\u0105pi\u0142 w ten spos\u00f3b,<\/b>&nbsp;wydaj\u0105c jednocze\u015bnie polecenie, moc\u0105 kt\u00f3rego wszyscy jego poddani mieli natychmiast zaprzesta\u0107 swojej nieprawo\u015bci i podj\u0105\u0107 pokut\u0119. B\u00f3g&nbsp;<b>wejrza\u0142 na t\u0119 postaw\u0119 i zaniecha\u0142 kary, jak\u0105 zamierza\u0142 na nich zes\u0142a\u0107.<\/b><\/div>\n<div class=\"MsoNormal\" style=\"color: #0f0f0f; font-family: 'Times New Roman'; font-size: 14px; margin-bottom: 0px; margin-left: 0px; margin-right: 0px; margin-top: 0.4em; text-align: justify; text-indent: 35.4pt;\">Ale oto sta\u0142a si\u0119 rzecz dziwna, o kt\u00f3rej dzi\u015b co prawda nie s\u0142yszymy, jest ona jednak opisana w dalszej cz\u0119\u015bci Ksi\u0119gi Jonasza. Oto Jonasz&nbsp;<b>obruszy\u0142 si\u0119 na Boga za to, \u017ce okaza\u0142 mi\u0142osierdzie tak grzesznemu miastu!<\/b>&nbsp;B\u00f3g jednak przekona\u0142 go, \u017ce post\u0105pi\u0142 s\u0142usznie.<\/div>\n<div class=\"MsoNormal\" style=\"color: #0f0f0f; font-family: 'Times New Roman'; font-size: 14px; margin-bottom: 0px; margin-left: 0px; margin-right: 0px; margin-top: 0.4em; text-align: justify; text-indent: 35.4pt;\">Z ca\u0142\u0105 pewno\u015bci\u0105, sytuacja ta pokazuje, jak&nbsp;<b>bardzo w swoim dzia\u0142aniu B\u00f3g r\u00f3\u017cni si\u0119 od cz\u0142owieka, jak bardzo przewy\u017csza cz\u0142owieka swoim mi\u0142osierdziem, swoj\u0105 dobroci\u0105!<\/b>&nbsp;Oto cz\u0142owiek najpierw pope\u0142nia ca\u0142\u0105 mas\u0119 nieprawo\u015bci. B\u00f3g nie pot\u0119pia go ani nie karze, ale ostrzega.<b>Posy\u0142a do grzesznik\u00f3w \u2013 m\u00f3wi\u0105c kolokwialnie \u2013 \u201eswojego cz\u0142owieka\u201d, kt\u00f3ry jak mo\u017ce wykr\u0119ca si\u0119 od tego zadania.<\/b>Kiedy jednak ostatecznie idzie i spe\u0142nia polecenie Pana, a to sprawia, \u017ce&nbsp;<b>wprost na jego oczach prawdziwe cuda si\u0119 dokonuj\u0105,<\/b>&nbsp;to jeszcze ma pretensje do Boga,&nbsp;<b>dlaczego cudu dokona\u0142!<\/b><\/div>\n<div class=\"MsoNormal\" style=\"color: #0f0f0f; font-family: 'Times New Roman'; font-size: 14px; margin-bottom: 0px; margin-left: 0px; margin-right: 0px; margin-top: 0.4em; text-align: justify; text-indent: 35.4pt;\">Oczywi\u015bcie, to sami mieszka\u0144cy Niniwy podj\u0119li postanowienie o nawr\u00f3ceniu, ale nie mamy w\u0105tpliwo\u015bci, \u017ce&nbsp;<b>nikt inny, jak B\u00f3g sam by\u0142 si\u0142\u0105 sprawcz\u0105 tego wszystkiego,<\/b>bowiem to B\u00f3g najpierw wezwa\u0142 do nawr\u00f3cenia, a potem da\u0142 jeszcze natchnienie do podj\u0119cia w\u0142a\u015bciwych postanowie\u0144.<\/div>\n<div class=\"MsoNormal\" style=\"color: #0f0f0f; font-family: 'Times New Roman'; font-size: 14px; margin-bottom: 0px; margin-left: 0px; margin-right: 0px; margin-top: 0.4em; text-align: justify; text-indent: 35.4pt;\">Zobaczmy wi\u0119c, Kochani,&nbsp;<b>jak to si\u0119 musi B\u00f3g zmaga\u0107 z cz\u0142owiekiem!<\/b>&nbsp;Ile\u017c si\u0119 musi nastara\u0107, \u017ceby wyratowa\u0107 cz\u0142owieka z jego w\u0142asnego grzechu, skoro nawet ze strony innego cz\u0142owieka spotyka si\u0119 z oburzeniem i sprzeciwem.<b>Jak\u017ce wi\u0119c B\u00f3g jest naprawd\u0119 \u0142askawy i mi\u0142osierny! I jak\u017ce cierpliwy jest dla cz\u0142owieka!<\/b>&nbsp;Cieszy go ka\u017cdy gest nawr\u00f3cenia, ka\u017cdy gest \u017cyczliwo\u015bci i pos\u0142usze\u0144stwa, jaki cz\u0142owiek okazuje.<\/div>\n<div class=\"MsoNormal\" style=\"color: #0f0f0f; font-family: 'Times New Roman'; font-size: 14px; margin-bottom: 0px; margin-left: 0px; margin-right: 0px; margin-top: 0.4em; text-align: justify; text-indent: 35.4pt;\">Wiemy jednak, \u017ce zdarzaj\u0105 si\u0119 sytuacje,&nbsp;<b>w kt\u00f3rych sam B\u00f3g jest bezsilny wobec cz\u0142owieka.<\/b>&nbsp;W\u0142a\u015bnie o tym m\u00f3wi dzisiaj Jezus w Ewangelii. Por\u00f3wnuj\u0105c siebie do Jonasza, mocno podkre\u015bla, \u017ce na wo\u0142anie Jonasza Niniwa si\u0119 nawr\u00f3ci\u0142a,<b>za\u015b na wo\u0142anie Jego \u2013 Jezusa, Syna Bo\u017cego, kt\u00f3ry jest przecie\u017c kim\u015b wi\u0119cej, ni\u017c Jonasz \u2013 tak wiele serc pozostaje zamkni\u0119tych!<\/b><\/div>\n<div class=\"MsoNormal\" style=\"color: #0f0f0f; font-family: 'Times New Roman'; font-size: 14px; margin-bottom: 0px; margin-left: 0px; margin-right: 0px; margin-top: 0.4em; text-align: justify; text-indent: 35.4pt;\"><b>A na to ju\u017c nie ma rady! Na tak\u0105 postaw\u0119 nie ma ratunku!<\/b>&nbsp;Je\u017celi cz\u0142owiek nie otworzy serca, nie zechce wykona\u0107 kroku w stron\u0119 Boga, je\u017celi nie wyci\u0105gnie do Boga r\u0119ki, ale zatnie si\u0119 w swoim uporze, to&nbsp;<b>Bogu nie pozostanie nic innego, jak tylko z przykro\u015bci\u0105 zaakceptowa\u0107 wyb\u00f3r cz\u0142owieka.<\/b>&nbsp;Bo B\u00f3g chce ratowa\u0107 cz\u0142owieka i robi naprawd\u0119 wszystko, co tylko mo\u017ce, aby go uratowa\u0107. Dobrze by zatem by\u0142o, aby cz\u0142owiek przynajmniej nie przeszkadza\u0142 swemu Bogu \u2013&nbsp;<b>aby cz\u0142owiek nie przeszkadza\u0142 Bogu w ratowaniu\u2026&nbsp;siebie samego!<\/b><\/div>\n<div class=\"MsoNormal\" style=\"color: #0f0f0f; font-family: 'Times New Roman'; font-size: 14px; margin-bottom: 0px; margin-left: 0px; margin-right: 0px; margin-top: 0.4em; text-align: justify; text-indent: 35.4pt;\">W tym kontek\u015bcie pomy\u015blmy:<\/div>\n<ul style=\"color: #0f0f0f; font-family: 'Times New Roman'; font-size: 14px; margin-top: 0cm;\" type=\"disc\">\n<li class=\"MsoNormal\" style=\"text-align: justify;\">Czy nie lekcewa\u017c\u0119 wyra\u017anych znak\u00f3w, jakie B\u00f3g daje mi, abym si\u0119 nawr\u00f3ci\u0142?<\/li>\n<li class=\"MsoNormal\" style=\"text-align: justify;\">Czy nie zazdroszcz\u0119 nikomu Bo\u017cego b\u0142ogos\u0142awie\u0144stwa i Bo\u017cej opieki \u2013 czy nie chc\u0119 mie\u0107 Boga niejako tylko dla siebie?<\/li>\n<li class=\"MsoNormal\" style=\"text-align: justify;\">Czy nikomu \u017ale nie \u017cyczy\u0142em, nikogo ca\u0142kowicie nie przekre\u015bli\u0142em?<\/li>\n<\/ul>\n<div class=\"MsoNormal\" style=\"color: #0f0f0f; font-family: 'Times New Roman'; font-size: 14px; margin-bottom: 0px; margin-left: 0px; margin-right: 0px; margin-top: 0.4em; text-align: justify; text-indent: 18pt;\"><b><i>Ludzie z Niniwy powstan\u0105 na s\u0105dzie przeciw temu plemieniu i pot\u0119pi\u0105 je, poniewa\u017c oni dzi\u0119ki nawo\u0142ywaniu Jonasza si\u0119 nawr\u00f3cili, a oto tu jest co\u015b wi\u0119cej, ni\u017c Jonasz<\/i><\/b><b>!<\/b><\/div>\n","protected":false},"excerpt":{"rendered":"<p>Niech b\u0119dzie pochwalony Jezus Chrystus!&nbsp;&nbsp;&nbsp; W ostatnich wpisach, jakie pojawi\u0142y si\u0119 na blogu, Mirka i Robert przedstawiaj\u0105 nam intencje wsp\u00f3lnej modlitwy. Prosz\u0119 Was wszystkich, Kochani, aby\u015bcie zapoznali si\u0119 z tymi wpisami i zechcieli &#8211; wraz ze mn\u0105 &#8211; pomodli\u0107 si\u0119 w opisanych sprawach.&nbsp;&nbsp; Z kolei osoba podpisana jako &#8222;Ja&#8221; z \u017cyczliwo\u015bci\u0105 odnosi si\u0119 do inicjatywy [&hellip;]<\/p>\n","protected":false},"author":1,"featured_media":0,"comment_status":"open","ping_status":"open","sticky":false,"template":"","format":"standard","meta":{"jetpack_post_was_ever_published":false,"_jetpack_newsletter_access":"","_jetpack_dont_email_post_to_subs":false,"_jetpack_newsletter_tier_id":0,"_jetpack_memberships_contains_paywalled_content":false,"_jetpack_memberships_contains_paid_content":false,"footnotes":""},"categories":[1],"tags":[],"class_list":["post-9918","post","type-post","status-publish","format-standard","hentry","category-bez-kategorii"],"yoast_head":"<!-- This site is optimized with the Yoast SEO plugin v25.1 - https:\/\/yoast.com\/wordpress\/plugins\/seo\/ -->\n<title>O tym, jak to Jonasz przed Bogiem ucieka\u0142... - Gaudium Et Spes<\/title>\n<meta name=\"robots\" content=\"index, follow, max-snippet:-1, max-image-preview:large, max-video-preview:-1\" \/>\n<link rel=\"canonical\" href=\"https:\/\/gaudiumetspes-blog.pl\/index.php\/2011\/03\/16\/o-tym-jak-to-jonasz-przed-bogiem-ucieka\/\" \/>\n<meta property=\"og:locale\" content=\"pl_PL\" \/>\n<meta property=\"og:type\" content=\"article\" \/>\n<meta property=\"og:title\" content=\"O tym, jak to Jonasz przed Bogiem ucieka\u0142... - Gaudium Et Spes\" \/>\n<meta property=\"og:description\" content=\"Niech b\u0119dzie pochwalony Jezus Chrystus!&nbsp;&nbsp;&nbsp; W ostatnich wpisach, jakie pojawi\u0142y si\u0119 na blogu, Mirka i Robert przedstawiaj\u0105 nam intencje wsp\u00f3lnej modlitwy. Prosz\u0119 Was wszystkich, Kochani, aby\u015bcie zapoznali si\u0119 z tymi wpisami i zechcieli &#8211; wraz ze mn\u0105 &#8211; pomodli\u0107 si\u0119 w opisanych sprawach.&nbsp;&nbsp; Z kolei osoba podpisana jako &#8222;Ja&#8221; z \u017cyczliwo\u015bci\u0105 odnosi si\u0119 do inicjatywy [&hellip;]\" \/>\n<meta property=\"og:url\" content=\"https:\/\/gaudiumetspes-blog.pl\/index.php\/2011\/03\/16\/o-tym-jak-to-jonasz-przed-bogiem-ucieka\/\" \/>\n<meta property=\"og:site_name\" content=\"Gaudium Et Spes\" \/>\n<meta property=\"article:published_time\" content=\"2011-03-16T08:40:00+00:00\" \/>\n<meta property=\"article:modified_time\" content=\"2019-07-31T10:52:10+00:00\" \/>\n<meta name=\"author\" content=\"Ks. Jacek\" \/>\n<meta name=\"twitter:card\" content=\"summary_large_image\" \/>\n<meta name=\"twitter:label1\" content=\"Napisane przez\" \/>\n\t<meta name=\"twitter:data1\" content=\"Ks. Jacek\" \/>\n\t<meta name=\"twitter:label2\" content=\"Szacowany czas czytania\" \/>\n\t<meta name=\"twitter:data2\" content=\"5 minut\" \/>\n<script type=\"application\/ld+json\" class=\"yoast-schema-graph\">{\"@context\":\"https:\/\/schema.org\",\"@graph\":[{\"@type\":\"WebPage\",\"@id\":\"https:\/\/gaudiumetspes-blog.pl\/index.php\/2011\/03\/16\/o-tym-jak-to-jonasz-przed-bogiem-ucieka\/\",\"url\":\"https:\/\/gaudiumetspes-blog.pl\/index.php\/2011\/03\/16\/o-tym-jak-to-jonasz-przed-bogiem-ucieka\/\",\"name\":\"O tym, jak to Jonasz przed Bogiem ucieka\u0142... - Gaudium Et Spes\",\"isPartOf\":{\"@id\":\"https:\/\/gaudiumetspes-blog.pl\/#website\"},\"datePublished\":\"2011-03-16T08:40:00+00:00\",\"dateModified\":\"2019-07-31T10:52:10+00:00\",\"author\":{\"@id\":\"https:\/\/gaudiumetspes-blog.pl\/#\/schema\/person\/1661982992b752dea8dff0d4ed845a65\"},\"breadcrumb\":{\"@id\":\"https:\/\/gaudiumetspes-blog.pl\/index.php\/2011\/03\/16\/o-tym-jak-to-jonasz-przed-bogiem-ucieka\/#breadcrumb\"},\"inLanguage\":\"pl-PL\",\"potentialAction\":[{\"@type\":\"ReadAction\",\"target\":[\"https:\/\/gaudiumetspes-blog.pl\/index.php\/2011\/03\/16\/o-tym-jak-to-jonasz-przed-bogiem-ucieka\/\"]}]},{\"@type\":\"BreadcrumbList\",\"@id\":\"https:\/\/gaudiumetspes-blog.pl\/index.php\/2011\/03\/16\/o-tym-jak-to-jonasz-przed-bogiem-ucieka\/#breadcrumb\",\"itemListElement\":[{\"@type\":\"ListItem\",\"position\":1,\"name\":\"Strona g\u0142\u00f3wna\",\"item\":\"https:\/\/gaudiumetspes-blog.pl\/\"},{\"@type\":\"ListItem\",\"position\":2,\"name\":\"O&nbsp;tym, jak to&nbsp;Jonasz przed&nbsp;Bogiem ucieka\u0142&#8230;\"}]},{\"@type\":\"WebSite\",\"@id\":\"https:\/\/gaudiumetspes-blog.pl\/#website\",\"url\":\"https:\/\/gaudiumetspes-blog.pl\/\",\"name\":\"Gaudium Et Spes\",\"description\":\"Blog Ks. Jacka Ja\u015bkowskiego\",\"potentialAction\":[{\"@type\":\"SearchAction\",\"target\":{\"@type\":\"EntryPoint\",\"urlTemplate\":\"https:\/\/gaudiumetspes-blog.pl\/?s={search_term_string}\"},\"query-input\":{\"@type\":\"PropertyValueSpecification\",\"valueRequired\":true,\"valueName\":\"search_term_string\"}}],\"inLanguage\":\"pl-PL\"},{\"@type\":\"Person\",\"@id\":\"https:\/\/gaudiumetspes-blog.pl\/#\/schema\/person\/1661982992b752dea8dff0d4ed845a65\",\"name\":\"Ks. Jacek\",\"image\":{\"@type\":\"ImageObject\",\"inLanguage\":\"pl-PL\",\"@id\":\"https:\/\/gaudiumetspes-blog.pl\/#\/schema\/person\/image\/\",\"url\":\"https:\/\/gaudiumetspes-blog.pl\/wp-content\/uploads\/2019\/07\/avatar-JJ-150x150.jpg\",\"contentUrl\":\"https:\/\/gaudiumetspes-blog.pl\/wp-content\/uploads\/2019\/07\/avatar-JJ-150x150.jpg\",\"caption\":\"Ks. Jacek\"},\"description\":\"Witam serdecznie! K\u0142ania si\u0119 Ks. Jacek Ja\u015bkowski. Nie jestem ani kim\u015b wa\u017cnym, ani kim\u015b znanym. Jestem ksi\u0119dzem, kt\u00f3ry po prostu chce rozmawia\u0107. Codzienna kap\u0142a\u0144ska pos\u0142uga pokazuje mi, \u017ce temat\u00f3w do rozm\u00f3w z ksi\u0119dzem jest coraz wi\u0119cej i dzisiaj \u017caden ksi\u0105dz nie mo\u017ce od nich ucieka\u0107, ale - wprost przeciwnie - podejmowa\u0107 nowe wyzwania. To przekonanie sk\u0142oni\u0142o mnie do pr\u00f3by otwarcia tego\u017c bloga, chocia\u017c okazji do rozm\u00f3w na co dzie\u0144 - w konfesjonale i poza nim - na szcz\u0119\u015bcie nie brakuje. My\u015bl\u0119 jednak, \u017ce ten blog b\u0119dzie jeszcze jednym sposobem i przestrzeni\u0105 nawi\u0105zania kontaktu z lud\u017ami dobrej woli, otwartymi na dialog.\",\"url\":\"https:\/\/gaudiumetspes-blog.pl\/index.php\/author\/ks-jacek\/\"}]}<\/script>\n<!-- \/ Yoast SEO plugin. -->","yoast_head_json":{"title":"O tym, jak to Jonasz przed Bogiem ucieka\u0142... - Gaudium Et Spes","robots":{"index":"index","follow":"follow","max-snippet":"max-snippet:-1","max-image-preview":"max-image-preview:large","max-video-preview":"max-video-preview:-1"},"canonical":"https:\/\/gaudiumetspes-blog.pl\/index.php\/2011\/03\/16\/o-tym-jak-to-jonasz-przed-bogiem-ucieka\/","og_locale":"pl_PL","og_type":"article","og_title":"O tym, jak to Jonasz przed Bogiem ucieka\u0142... - Gaudium Et Spes","og_description":"Niech b\u0119dzie pochwalony Jezus Chrystus!&nbsp;&nbsp;&nbsp; W ostatnich wpisach, jakie pojawi\u0142y si\u0119 na blogu, Mirka i Robert przedstawiaj\u0105 nam intencje wsp\u00f3lnej modlitwy. Prosz\u0119 Was wszystkich, Kochani, aby\u015bcie zapoznali si\u0119 z tymi wpisami i zechcieli &#8211; wraz ze mn\u0105 &#8211; pomodli\u0107 si\u0119 w opisanych sprawach.&nbsp;&nbsp; Z kolei osoba podpisana jako &#8222;Ja&#8221; z \u017cyczliwo\u015bci\u0105 odnosi si\u0119 do inicjatywy [&hellip;]","og_url":"https:\/\/gaudiumetspes-blog.pl\/index.php\/2011\/03\/16\/o-tym-jak-to-jonasz-przed-bogiem-ucieka\/","og_site_name":"Gaudium Et Spes","article_published_time":"2011-03-16T08:40:00+00:00","article_modified_time":"2019-07-31T10:52:10+00:00","author":"Ks. Jacek","twitter_card":"summary_large_image","twitter_misc":{"Napisane przez":"Ks. Jacek","Szacowany czas czytania":"5 minut"},"schema":{"@context":"https:\/\/schema.org","@graph":[{"@type":"WebPage","@id":"https:\/\/gaudiumetspes-blog.pl\/index.php\/2011\/03\/16\/o-tym-jak-to-jonasz-przed-bogiem-ucieka\/","url":"https:\/\/gaudiumetspes-blog.pl\/index.php\/2011\/03\/16\/o-tym-jak-to-jonasz-przed-bogiem-ucieka\/","name":"O tym, jak to Jonasz przed Bogiem ucieka\u0142... - Gaudium Et Spes","isPartOf":{"@id":"https:\/\/gaudiumetspes-blog.pl\/#website"},"datePublished":"2011-03-16T08:40:00+00:00","dateModified":"2019-07-31T10:52:10+00:00","author":{"@id":"https:\/\/gaudiumetspes-blog.pl\/#\/schema\/person\/1661982992b752dea8dff0d4ed845a65"},"breadcrumb":{"@id":"https:\/\/gaudiumetspes-blog.pl\/index.php\/2011\/03\/16\/o-tym-jak-to-jonasz-przed-bogiem-ucieka\/#breadcrumb"},"inLanguage":"pl-PL","potentialAction":[{"@type":"ReadAction","target":["https:\/\/gaudiumetspes-blog.pl\/index.php\/2011\/03\/16\/o-tym-jak-to-jonasz-przed-bogiem-ucieka\/"]}]},{"@type":"BreadcrumbList","@id":"https:\/\/gaudiumetspes-blog.pl\/index.php\/2011\/03\/16\/o-tym-jak-to-jonasz-przed-bogiem-ucieka\/#breadcrumb","itemListElement":[{"@type":"ListItem","position":1,"name":"Strona g\u0142\u00f3wna","item":"https:\/\/gaudiumetspes-blog.pl\/"},{"@type":"ListItem","position":2,"name":"O&nbsp;tym, jak to&nbsp;Jonasz przed&nbsp;Bogiem ucieka\u0142&#8230;"}]},{"@type":"WebSite","@id":"https:\/\/gaudiumetspes-blog.pl\/#website","url":"https:\/\/gaudiumetspes-blog.pl\/","name":"Gaudium Et Spes","description":"Blog Ks. Jacka Ja\u015bkowskiego","potentialAction":[{"@type":"SearchAction","target":{"@type":"EntryPoint","urlTemplate":"https:\/\/gaudiumetspes-blog.pl\/?s={search_term_string}"},"query-input":{"@type":"PropertyValueSpecification","valueRequired":true,"valueName":"search_term_string"}}],"inLanguage":"pl-PL"},{"@type":"Person","@id":"https:\/\/gaudiumetspes-blog.pl\/#\/schema\/person\/1661982992b752dea8dff0d4ed845a65","name":"Ks. Jacek","image":{"@type":"ImageObject","inLanguage":"pl-PL","@id":"https:\/\/gaudiumetspes-blog.pl\/#\/schema\/person\/image\/","url":"https:\/\/gaudiumetspes-blog.pl\/wp-content\/uploads\/2019\/07\/avatar-JJ-150x150.jpg","contentUrl":"https:\/\/gaudiumetspes-blog.pl\/wp-content\/uploads\/2019\/07\/avatar-JJ-150x150.jpg","caption":"Ks. Jacek"},"description":"Witam serdecznie! K\u0142ania si\u0119 Ks. Jacek Ja\u015bkowski. Nie jestem ani kim\u015b wa\u017cnym, ani kim\u015b znanym. Jestem ksi\u0119dzem, kt\u00f3ry po prostu chce rozmawia\u0107. Codzienna kap\u0142a\u0144ska pos\u0142uga pokazuje mi, \u017ce temat\u00f3w do rozm\u00f3w z ksi\u0119dzem jest coraz wi\u0119cej i dzisiaj \u017caden ksi\u0105dz nie mo\u017ce od nich ucieka\u0107, ale - wprost przeciwnie - podejmowa\u0107 nowe wyzwania. To przekonanie sk\u0142oni\u0142o mnie do pr\u00f3by otwarcia tego\u017c bloga, chocia\u017c okazji do rozm\u00f3w na co dzie\u0144 - w konfesjonale i poza nim - na szcz\u0119\u015bcie nie brakuje. My\u015bl\u0119 jednak, \u017ce ten blog b\u0119dzie jeszcze jednym sposobem i przestrzeni\u0105 nawi\u0105zania kontaktu z lud\u017ami dobrej woli, otwartymi na dialog.","url":"https:\/\/gaudiumetspes-blog.pl\/index.php\/author\/ks-jacek\/"}]}},"jetpack_featured_media_url":"","jetpack_sharing_enabled":true,"_links":{"self":[{"href":"https:\/\/gaudiumetspes-blog.pl\/index.php\/wp-json\/wp\/v2\/posts\/9918","targetHints":{"allow":["GET"]}}],"collection":[{"href":"https:\/\/gaudiumetspes-blog.pl\/index.php\/wp-json\/wp\/v2\/posts"}],"about":[{"href":"https:\/\/gaudiumetspes-blog.pl\/index.php\/wp-json\/wp\/v2\/types\/post"}],"author":[{"embeddable":true,"href":"https:\/\/gaudiumetspes-blog.pl\/index.php\/wp-json\/wp\/v2\/users\/1"}],"replies":[{"embeddable":true,"href":"https:\/\/gaudiumetspes-blog.pl\/index.php\/wp-json\/wp\/v2\/comments?post=9918"}],"version-history":[{"count":1,"href":"https:\/\/gaudiumetspes-blog.pl\/index.php\/wp-json\/wp\/v2\/posts\/9918\/revisions"}],"predecessor-version":[{"id":10165,"href":"https:\/\/gaudiumetspes-blog.pl\/index.php\/wp-json\/wp\/v2\/posts\/9918\/revisions\/10165"}],"wp:attachment":[{"href":"https:\/\/gaudiumetspes-blog.pl\/index.php\/wp-json\/wp\/v2\/media?parent=9918"}],"wp:term":[{"taxonomy":"category","embeddable":true,"href":"https:\/\/gaudiumetspes-blog.pl\/index.php\/wp-json\/wp\/v2\/categories?post=9918"},{"taxonomy":"post_tag","embeddable":true,"href":"https:\/\/gaudiumetspes-blog.pl\/index.php\/wp-json\/wp\/v2\/tags?post=9918"}],"curies":[{"name":"wp","href":"https:\/\/api.w.org\/{rel}","templated":true}]}}