{"id":9919,"date":"2011-03-15T09:40:00","date_gmt":"2011-03-15T08:40:00","guid":{"rendered":"https:\/\/gaudiumetspes-blog.pl\/index.php\/2011\/03\/15\/ojcze-nasz\/"},"modified":"2019-07-31T12:52:10","modified_gmt":"2019-07-31T10:52:10","slug":"ojcze-nasz","status":"publish","type":"post","link":"https:\/\/gaudiumetspes-blog.pl\/index.php\/2011\/03\/15\/ojcze-nasz\/","title":{"rendered":"Ojcze nasz&#8230;"},"content":{"rendered":"<p>Witam bardzo serdecznie! Jezus dzisiaj uczy nas modlitwy, daj\u0105c jej konkretny przyk\u0142ad:&nbsp;Ojcze nasz&#8230; Bardzo dobrze znamy t\u0119 modlitw\u0119, ale mo\u017ce trzeba j\u0105 na nowo odkry\u0107 i z wi\u0119kszym skupieniem &#8211; i \u015bwiadomo\u015bci\u0105 &#8211; odmawia\u0107?&nbsp;<br style=\"font-family: 'Times New Roman';\" \/>A ja przy tej okazji ponawiam pro\u015bb\u0119 o wpisy z informacj\u0105, kto jeszcze chce si\u0119 w\u0142\u0105czy\u0107 w odmawianie tej modlitwy w naszej wsp\u00f3lnocie &#8222;blogowej&#8221;.<br style=\"font-family: 'Times New Roman';\" \/>&nbsp;&nbsp;&nbsp;&nbsp;&nbsp;&nbsp;&nbsp;&nbsp;&nbsp;&nbsp;&nbsp;&nbsp;&nbsp;&nbsp;&nbsp;&nbsp;&nbsp;&nbsp;&nbsp;&nbsp; Gaudium et spes!&nbsp; Ks. Jacek&nbsp;<\/p>\n<div class=\"MsoNormal\" style=\"color: #0f0f0f; font-family: 'Times New Roman'; font-size: 14px; margin-bottom: 0px; margin-left: 0px; margin-right: 0px; margin-top: 0.4em; text-align: justify;\"><b>1 tydzie\u0144 Wielkiego Postu,<\/b><\/div>\n<div class=\"MsoNormal\" style=\"color: #0f0f0f; font-family: 'Times New Roman'; font-size: 14px; margin-bottom: 0px; margin-left: 0px; margin-right: 0px; margin-top: 0.4em; text-align: justify;\"><b>do czyta\u0144:&nbsp;&nbsp;Iz 55,10\u201311;&nbsp;&nbsp;Mt 6,7\u201315<\/b><\/div>\n<div class=\"MsoNormal\" style=\"color: #0f0f0f; font-family: 'Times New Roman'; font-size: 14px; margin-bottom: 0px; margin-left: 0px; margin-right: 0px; margin-top: 0.4em; text-align: justify; text-indent: 35.4pt;\">Oto Jezus dzisiaj wskazuje swoim Uczniom,&nbsp;<b>jak maj\u0105 si\u0119 modli\u0107.&nbsp;<\/b>Najpierw stwierdza, \u017ce&nbsp;<b>nie chodzi o zewn\u0119trzn\u0105 \u201eokaza\u0142o\u015b\u0107\u201d modlitwy,<\/b>&nbsp;jej d\u0142ugo\u015b\u0107 dla samej d\u0142ugo\u015bci i form\u0119 dla formy, a nast\u0119pnie daje przyk\u0142ad pi\u0119knej modlitwy, kt\u00f3ra od tego czasu stanie si\u0119 najcz\u0119\u015bciej zanoszonym do Boga wo\u0142aniem:&nbsp;<b><i>Ojcze nasz, kt\u00f3ry\u015b jest w niebie<\/i><\/b>\u2026<\/div>\n<div class=\"MsoNormal\" style=\"color: #0f0f0f; font-family: 'Times New Roman'; font-size: 14px; margin-bottom: 0px; margin-left: 0px; margin-right: 0px; margin-top: 0.4em; text-align: justify; text-indent: 35.4pt;\">Kt\u00f3\u017c nie zna tej modlitwy? Kt\u00f3\u017c jej od dziecka nie odmawia? Kt\u00f3\u017c z nas&nbsp;<b>od tej w\u0142a\u015bnie modlitwy nie zaczyna\u0142 w og\u00f3le ca\u0142ej swojej \u017cyciowej \u201eprzygody\u201d z modlitw\u0105?<\/b><\/div>\n<div class=\"MsoNormal\" style=\"color: #0f0f0f; font-family: 'Times New Roman'; font-size: 14px; margin-bottom: 0px; margin-left: 0px; margin-right: 0px; margin-top: 0.4em; text-align: justify; text-indent: 35.4pt;\">Oto zwracamy si\u0119 w niej do Ojca,&nbsp;<b><i>kt\u00f3ry jest w niebie<\/i><\/b>&nbsp;\u2013 a wi\u0119c ogarnia ca\u0142y \u015bwiat i wszech\u015bwiat, a jednocze\u015bnie jest&nbsp;<b><i>nasz<\/i><\/b>, a wi\u0119c zawi\u0105zuje z nami bardzo blisk\u0105 relacj\u0119.&nbsp;<b><i>Nasz<\/i><\/b>&nbsp;\u2013 czyli<b>mi\u0119dzy nami, lud\u017ami, tak\u017ce tworzy si\u0119 wsp\u00f3lnota,&nbsp;<\/b>z kt\u00f3r\u0105 do Ojca przychodzimy.<\/div>\n<div class=\"MsoNormal\" style=\"color: #0f0f0f; font-family: 'Times New Roman'; font-size: 14px; margin-bottom: 0px; margin-left: 0px; margin-right: 0px; margin-top: 0.4em; text-align: justify; text-indent: 35.4pt;\">A potem pro\u015bby o to, aby&nbsp;<b>zapanowa\u0142o na \u015bwiecie Bo\u017ce Kr\u00f3lestwo,<\/b>&nbsp;aby&nbsp;<b>imi\u0119 Bo\u017ce by\u0142o u\u015bwi\u0119cone<\/b>&nbsp;w \u017cyciu ka\u017cdego cz\u0142owieka, aby&nbsp;<b>spe\u0142nia\u0142a si\u0119 wola Bo\u017ca<\/b>&nbsp;w ka\u017cdym czasie i w ka\u017cdym miejscu\u2026 W\u0142a\u015bciwie, to mo\u017cna by powiedzie\u0107, \u017ce te trzy pierwsze pro\u015bby s\u0105 ze sob\u0105 bardzo \u015bci\u015ble zwi\u0105zane, bo we wszystkich chodzi o to samo \u2013 chodzi o to,&nbsp;<b>aby ludzie poddali si\u0119 Bo\u017cemu kr\u00f3lowaniu, a mo\u017ce lepiej: ojcowskiej opiece Boga.<\/b><\/div>\n<div class=\"MsoNormal\" style=\"color: #0f0f0f; font-family: 'Times New Roman'; font-size: 14px; margin-bottom: 0px; margin-left: 0px; margin-right: 0px; margin-top: 0.4em; text-align: justify; text-indent: 35.4pt;\">Nast\u0119pne pro\u015bby dotycz\u0105 ju\u017c konkretnych potrzeb cz\u0142owieka,&nbsp;<b>a wi\u0119c pro\u015bba o chleb,<\/b>&nbsp;kt\u00f3ry tutaj mo\u017ce oznacza\u0107 zar\u00f3wno ten chleb doczesny, jak i Chleb Eucharystyczny;<b>pro\u015bba o przebaczenie grzech\u00f3w, o uwolnienie od pokus i wszelkiego z\u0142a<\/b>\u2026&nbsp;<\/div>\n<div class=\"MsoNormal\" style=\"color: #0f0f0f; font-family: 'Times New Roman'; font-size: 14px; margin-bottom: 0px; margin-left: 0px; margin-right: 0px; margin-top: 0.4em; text-align: justify; text-indent: 35.4pt;\">Zwr\u00f3\u0107my mo\u017ce szczeg\u00f3ln\u0105 uwag\u0119 na pro\u015bb\u0119 o odpuszczenie grzech\u00f3w. Wyra\u017camy j\u0105 s\u0142owami:&nbsp;<b><i>I odpu\u015b\u0107 nam nasze winy, jako i my odpuszczamy naszym winowajcom<\/i><\/b>. Warto zastanowi\u0107 si\u0119, czy naprawd\u0119 tego chcemy? Czy chcemy, aby B\u00f3g tak nam odpuszcza\u0142,&nbsp;<b>jako i my odpuszczamy?<\/b>\u2026 Oj, chyba wtedy byliby\u015bmy bardzo biedni! Na szcz\u0119\u015bcie, B\u00f3g jest&nbsp;<b>o wiele bardziej mi\u0142osierny,<\/b>&nbsp;co nie zmienia faktu, \u017ce my powinni\u015bmy si\u0119 bardziej stara\u0107 o odpuszczanie naszym winowajcom, bo tylko wtedy mo\u017cemy prosi\u0107 Ojca Niebieskiego o odpuszczenie nam naszych przewinie\u0144.<\/div>\n<div class=\"MsoNormal\" style=\"color: #0f0f0f; font-family: 'Times New Roman'; font-size: 14px; margin-bottom: 0px; margin-left: 0px; margin-right: 0px; margin-top: 0.4em; text-align: justify; text-indent: 35.4pt;\">Kochani, ca\u0142a ta modlitwa, jakiej dzi\u015b uczy Jezus, jest wyra\u017ceniem jakiej\u015b&nbsp;<b>bardzo serdecznej wi\u0119zi,<\/b>&nbsp;panuj\u0105cej mi\u0119dzy Bogiem, a Jego dzie\u0107mi\u2026 Wi\u0119zi ojcowskiej, wi\u0119zi rodzinnej\u2026<b>B\u00f3g naprawd\u0119 kocha swoje dzieci i chce im pomaga\u0107!<\/b>Zaspokaja ich potrzeby, przebacza im grzechy, otacza swoj\u0105 opiek\u0105\u2026&nbsp;<b>Kieruje do nich ci\u0105gle&nbsp;<\/b>\u2013 jak s\u0142yszeli\u015bmy w pierwszym czytaniu \u2013&nbsp;<b>swoje S\u0142owo,<\/b>&nbsp;kt\u00f3re je\u015bli jest przyj\u0119te szczerym sercem, to nawet je\u017celi jest&nbsp;<b>nie do ko\u0144ca zrozumia\u0142e, to przynosi wielorakie duchowe owoce:<\/b>&nbsp;owoce wewn\u0119trznej przemiany tego, kto z Nim obcuje\u2026<\/div>\n<div class=\"MsoNormal\" style=\"color: #0f0f0f; font-family: 'Times New Roman'; font-size: 14px; margin-bottom: 0px; margin-left: 0px; margin-right: 0px; margin-top: 0.4em; text-align: justify; text-indent: 35.4pt;\">Warto zatem uczyni\u0107 wszystko, co w naszej mocy, aby<b>podtrzyma\u0107 t\u0119 duchow\u0105 wi\u0119\u017a z Bogiem, aby by\u0107 z Nim w sta\u0142ym dialogu,<\/b>&nbsp;aby rozwija\u0107 to Jego kr\u00f3lowanie w swoim \u017cyciu i w swoim sercu, aby poddawa\u0107 si\u0119 Jego woli, aby pomna\u017ca\u0107 cze\u015b\u0107 i szacunek dla Jego imienia, aby&nbsp;<b>z wdzi\u0119czno\u015bci\u0105 karmi\u0107 si\u0119 Chlebem Eucharystycznym jak chlebem powszednim,&nbsp;<\/b>ale tak\u017ce z wdzi\u0119czno\u015bci\u0105 przyjmowa\u0107 ten\u017ce chleb powszedni\u2026&nbsp;<b>Aby karmi\u0107 si\u0119 Bo\u017cym S\u0142owem \u2013 jak chlebem<\/b>\u2026 Aby wreszcie walczy\u0107 z ka\u017cd\u0105 pokus\u0105 i wybacza\u0107 z\u0142o, prosz\u0105c jednocze\u015bnie Boga o wybaczenie z\u0142a przez nas pope\u0142nionego\u2026<\/div>\n<div class=\"MsoNormal\" style=\"color: #0f0f0f; font-family: 'Times New Roman'; font-size: 14px; margin-bottom: 0px; margin-left: 0px; margin-right: 0px; margin-top: 0.4em; text-align: justify; text-indent: 35.4pt;\">Przyk\u0142ad wielu \u015awi\u0119tych, a w tych dniach szczeg\u00f3lnie przez nas dostrzegany i na nowo odkrywany&nbsp;<b>przyk\u0142ad Jana Paw\u0142a II<\/b>&nbsp;pokazuje, jak wygl\u0105da \u017cycie cz\u0142owieka, kt\u00f3ry \u017cyje w sta\u0142ym, intymnym kontakcie z Bogiem, dla kt\u00f3rego B\u00f3g naprawd\u0119 jest Ojcem.&nbsp;<b>A przecie\u017c tak mo\u017ce by\u0107 w \u017cyciu ka\u017cdego z nas!<\/b><\/div>\n<div class=\"MsoNormal\" style=\"color: #0f0f0f; font-family: 'Times New Roman'; font-size: 14px; margin-bottom: 0px; margin-left: 0px; margin-right: 0px; margin-top: 0.4em; text-align: justify; text-indent: 35.4pt;\">W tym duchu zastan\u00f3wmy si\u0119:<\/div>\n<ul style=\"color: #0f0f0f; font-family: 'Times New Roman'; font-size: 14px; margin-top: 0cm;\" type=\"disc\">\n<li class=\"MsoNormal\" style=\"text-align: justify;\">Z jak\u0105 uwag\u0105 i \u015bwiadomo\u015bci\u0105 codziennie odmawiam Modlitw\u0119 Pa\u0144sk\u0105?<\/li>\n<li class=\"MsoNormal\" style=\"text-align: justify;\">Na ile w og\u00f3le staram si\u0119 o skupienie na modlitwie?<\/li>\n<li class=\"MsoNormal\" style=\"text-align: justify;\">Czy moja modlitwa to tylko s\u0142owa?<\/li>\n<\/ul>\n<div class=\"MsoNormal\" style=\"color: #0f0f0f; font-family: 'Times New Roman'; font-size: 14px; margin-bottom: 0px; margin-left: 0px; margin-right: 0px; margin-top: 0.4em; text-align: justify; text-indent: 18pt;\"><b><i>Przyjd\u017a Kr\u00f3lestwo Twoje, b\u0105d\u017a wola Twoja jako w niebie, tak i na ziemi<\/i><\/b>.<\/div>\n","protected":false},"excerpt":{"rendered":"<p>Witam bardzo serdecznie! Jezus dzisiaj uczy nas modlitwy, daj\u0105c jej konkretny przyk\u0142ad:&nbsp;Ojcze nasz&#8230; Bardzo dobrze znamy t\u0119 modlitw\u0119, ale mo\u017ce trzeba j\u0105 na nowo odkry\u0107 i z wi\u0119kszym skupieniem &#8211; i \u015bwiadomo\u015bci\u0105 &#8211; odmawia\u0107?&nbsp;A ja przy tej okazji ponawiam pro\u015bb\u0119 o wpisy z informacj\u0105, kto jeszcze chce si\u0119 w\u0142\u0105czy\u0107 w odmawianie tej modlitwy w naszej [&hellip;]<\/p>\n","protected":false},"author":1,"featured_media":0,"comment_status":"open","ping_status":"open","sticky":false,"template":"","format":"standard","meta":{"jetpack_post_was_ever_published":false,"_jetpack_newsletter_access":"","_jetpack_dont_email_post_to_subs":false,"_jetpack_newsletter_tier_id":0,"_jetpack_memberships_contains_paywalled_content":false,"_jetpack_memberships_contains_paid_content":false,"footnotes":""},"categories":[1],"tags":[],"class_list":["post-9919","post","type-post","status-publish","format-standard","hentry","category-bez-kategorii"],"yoast_head":"<!-- This site is optimized with the Yoast SEO plugin v25.1 - https:\/\/yoast.com\/wordpress\/plugins\/seo\/ -->\n<title>Ojcze nasz... - Gaudium Et Spes<\/title>\n<meta name=\"robots\" content=\"index, follow, max-snippet:-1, max-image-preview:large, max-video-preview:-1\" \/>\n<link rel=\"canonical\" href=\"https:\/\/gaudiumetspes-blog.pl\/index.php\/2011\/03\/15\/ojcze-nasz\/\" \/>\n<meta property=\"og:locale\" content=\"pl_PL\" \/>\n<meta property=\"og:type\" content=\"article\" \/>\n<meta property=\"og:title\" content=\"Ojcze nasz... - Gaudium Et Spes\" \/>\n<meta property=\"og:description\" content=\"Witam bardzo serdecznie! Jezus dzisiaj uczy nas modlitwy, daj\u0105c jej konkretny przyk\u0142ad:&nbsp;Ojcze nasz&#8230; Bardzo dobrze znamy t\u0119 modlitw\u0119, ale mo\u017ce trzeba j\u0105 na nowo odkry\u0107 i z wi\u0119kszym skupieniem &#8211; i \u015bwiadomo\u015bci\u0105 &#8211; odmawia\u0107?&nbsp;A ja przy tej okazji ponawiam pro\u015bb\u0119 o wpisy z informacj\u0105, kto jeszcze chce si\u0119 w\u0142\u0105czy\u0107 w odmawianie tej modlitwy w naszej [&hellip;]\" \/>\n<meta property=\"og:url\" content=\"https:\/\/gaudiumetspes-blog.pl\/index.php\/2011\/03\/15\/ojcze-nasz\/\" \/>\n<meta property=\"og:site_name\" content=\"Gaudium Et Spes\" \/>\n<meta property=\"article:published_time\" content=\"2011-03-15T08:40:00+00:00\" \/>\n<meta property=\"article:modified_time\" content=\"2019-07-31T10:52:10+00:00\" \/>\n<meta name=\"author\" content=\"Ks. Jacek\" \/>\n<meta name=\"twitter:card\" content=\"summary_large_image\" \/>\n<meta name=\"twitter:label1\" content=\"Napisane przez\" \/>\n\t<meta name=\"twitter:data1\" content=\"Ks. Jacek\" \/>\n\t<meta name=\"twitter:label2\" content=\"Szacowany czas czytania\" \/>\n\t<meta name=\"twitter:data2\" content=\"4 minuty\" \/>\n<script type=\"application\/ld+json\" class=\"yoast-schema-graph\">{\"@context\":\"https:\/\/schema.org\",\"@graph\":[{\"@type\":\"WebPage\",\"@id\":\"https:\/\/gaudiumetspes-blog.pl\/index.php\/2011\/03\/15\/ojcze-nasz\/\",\"url\":\"https:\/\/gaudiumetspes-blog.pl\/index.php\/2011\/03\/15\/ojcze-nasz\/\",\"name\":\"Ojcze nasz... - Gaudium Et Spes\",\"isPartOf\":{\"@id\":\"https:\/\/gaudiumetspes-blog.pl\/#website\"},\"datePublished\":\"2011-03-15T08:40:00+00:00\",\"dateModified\":\"2019-07-31T10:52:10+00:00\",\"author\":{\"@id\":\"https:\/\/gaudiumetspes-blog.pl\/#\/schema\/person\/1661982992b752dea8dff0d4ed845a65\"},\"breadcrumb\":{\"@id\":\"https:\/\/gaudiumetspes-blog.pl\/index.php\/2011\/03\/15\/ojcze-nasz\/#breadcrumb\"},\"inLanguage\":\"pl-PL\",\"potentialAction\":[{\"@type\":\"ReadAction\",\"target\":[\"https:\/\/gaudiumetspes-blog.pl\/index.php\/2011\/03\/15\/ojcze-nasz\/\"]}]},{\"@type\":\"BreadcrumbList\",\"@id\":\"https:\/\/gaudiumetspes-blog.pl\/index.php\/2011\/03\/15\/ojcze-nasz\/#breadcrumb\",\"itemListElement\":[{\"@type\":\"ListItem\",\"position\":1,\"name\":\"Strona g\u0142\u00f3wna\",\"item\":\"https:\/\/gaudiumetspes-blog.pl\/\"},{\"@type\":\"ListItem\",\"position\":2,\"name\":\"Ojcze nasz&#8230;\"}]},{\"@type\":\"WebSite\",\"@id\":\"https:\/\/gaudiumetspes-blog.pl\/#website\",\"url\":\"https:\/\/gaudiumetspes-blog.pl\/\",\"name\":\"Gaudium Et Spes\",\"description\":\"Blog Ks. Jacka Ja\u015bkowskiego\",\"potentialAction\":[{\"@type\":\"SearchAction\",\"target\":{\"@type\":\"EntryPoint\",\"urlTemplate\":\"https:\/\/gaudiumetspes-blog.pl\/?s={search_term_string}\"},\"query-input\":{\"@type\":\"PropertyValueSpecification\",\"valueRequired\":true,\"valueName\":\"search_term_string\"}}],\"inLanguage\":\"pl-PL\"},{\"@type\":\"Person\",\"@id\":\"https:\/\/gaudiumetspes-blog.pl\/#\/schema\/person\/1661982992b752dea8dff0d4ed845a65\",\"name\":\"Ks. Jacek\",\"image\":{\"@type\":\"ImageObject\",\"inLanguage\":\"pl-PL\",\"@id\":\"https:\/\/gaudiumetspes-blog.pl\/#\/schema\/person\/image\/\",\"url\":\"https:\/\/gaudiumetspes-blog.pl\/wp-content\/uploads\/2019\/07\/avatar-JJ-150x150.jpg\",\"contentUrl\":\"https:\/\/gaudiumetspes-blog.pl\/wp-content\/uploads\/2019\/07\/avatar-JJ-150x150.jpg\",\"caption\":\"Ks. Jacek\"},\"description\":\"Witam serdecznie! K\u0142ania si\u0119 Ks. Jacek Ja\u015bkowski. Nie jestem ani kim\u015b wa\u017cnym, ani kim\u015b znanym. Jestem ksi\u0119dzem, kt\u00f3ry po prostu chce rozmawia\u0107. Codzienna kap\u0142a\u0144ska pos\u0142uga pokazuje mi, \u017ce temat\u00f3w do rozm\u00f3w z ksi\u0119dzem jest coraz wi\u0119cej i dzisiaj \u017caden ksi\u0105dz nie mo\u017ce od nich ucieka\u0107, ale - wprost przeciwnie - podejmowa\u0107 nowe wyzwania. To przekonanie sk\u0142oni\u0142o mnie do pr\u00f3by otwarcia tego\u017c bloga, chocia\u017c okazji do rozm\u00f3w na co dzie\u0144 - w konfesjonale i poza nim - na szcz\u0119\u015bcie nie brakuje. My\u015bl\u0119 jednak, \u017ce ten blog b\u0119dzie jeszcze jednym sposobem i przestrzeni\u0105 nawi\u0105zania kontaktu z lud\u017ami dobrej woli, otwartymi na dialog.\",\"url\":\"https:\/\/gaudiumetspes-blog.pl\/index.php\/author\/ks-jacek\/\"}]}<\/script>\n<!-- \/ Yoast SEO plugin. -->","yoast_head_json":{"title":"Ojcze nasz... - Gaudium Et Spes","robots":{"index":"index","follow":"follow","max-snippet":"max-snippet:-1","max-image-preview":"max-image-preview:large","max-video-preview":"max-video-preview:-1"},"canonical":"https:\/\/gaudiumetspes-blog.pl\/index.php\/2011\/03\/15\/ojcze-nasz\/","og_locale":"pl_PL","og_type":"article","og_title":"Ojcze nasz... - Gaudium Et Spes","og_description":"Witam bardzo serdecznie! Jezus dzisiaj uczy nas modlitwy, daj\u0105c jej konkretny przyk\u0142ad:&nbsp;Ojcze nasz&#8230; Bardzo dobrze znamy t\u0119 modlitw\u0119, ale mo\u017ce trzeba j\u0105 na nowo odkry\u0107 i z wi\u0119kszym skupieniem &#8211; i \u015bwiadomo\u015bci\u0105 &#8211; odmawia\u0107?&nbsp;A ja przy tej okazji ponawiam pro\u015bb\u0119 o wpisy z informacj\u0105, kto jeszcze chce si\u0119 w\u0142\u0105czy\u0107 w odmawianie tej modlitwy w naszej [&hellip;]","og_url":"https:\/\/gaudiumetspes-blog.pl\/index.php\/2011\/03\/15\/ojcze-nasz\/","og_site_name":"Gaudium Et Spes","article_published_time":"2011-03-15T08:40:00+00:00","article_modified_time":"2019-07-31T10:52:10+00:00","author":"Ks. Jacek","twitter_card":"summary_large_image","twitter_misc":{"Napisane przez":"Ks. Jacek","Szacowany czas czytania":"4 minuty"},"schema":{"@context":"https:\/\/schema.org","@graph":[{"@type":"WebPage","@id":"https:\/\/gaudiumetspes-blog.pl\/index.php\/2011\/03\/15\/ojcze-nasz\/","url":"https:\/\/gaudiumetspes-blog.pl\/index.php\/2011\/03\/15\/ojcze-nasz\/","name":"Ojcze nasz... - Gaudium Et Spes","isPartOf":{"@id":"https:\/\/gaudiumetspes-blog.pl\/#website"},"datePublished":"2011-03-15T08:40:00+00:00","dateModified":"2019-07-31T10:52:10+00:00","author":{"@id":"https:\/\/gaudiumetspes-blog.pl\/#\/schema\/person\/1661982992b752dea8dff0d4ed845a65"},"breadcrumb":{"@id":"https:\/\/gaudiumetspes-blog.pl\/index.php\/2011\/03\/15\/ojcze-nasz\/#breadcrumb"},"inLanguage":"pl-PL","potentialAction":[{"@type":"ReadAction","target":["https:\/\/gaudiumetspes-blog.pl\/index.php\/2011\/03\/15\/ojcze-nasz\/"]}]},{"@type":"BreadcrumbList","@id":"https:\/\/gaudiumetspes-blog.pl\/index.php\/2011\/03\/15\/ojcze-nasz\/#breadcrumb","itemListElement":[{"@type":"ListItem","position":1,"name":"Strona g\u0142\u00f3wna","item":"https:\/\/gaudiumetspes-blog.pl\/"},{"@type":"ListItem","position":2,"name":"Ojcze nasz&#8230;"}]},{"@type":"WebSite","@id":"https:\/\/gaudiumetspes-blog.pl\/#website","url":"https:\/\/gaudiumetspes-blog.pl\/","name":"Gaudium Et Spes","description":"Blog Ks. Jacka Ja\u015bkowskiego","potentialAction":[{"@type":"SearchAction","target":{"@type":"EntryPoint","urlTemplate":"https:\/\/gaudiumetspes-blog.pl\/?s={search_term_string}"},"query-input":{"@type":"PropertyValueSpecification","valueRequired":true,"valueName":"search_term_string"}}],"inLanguage":"pl-PL"},{"@type":"Person","@id":"https:\/\/gaudiumetspes-blog.pl\/#\/schema\/person\/1661982992b752dea8dff0d4ed845a65","name":"Ks. Jacek","image":{"@type":"ImageObject","inLanguage":"pl-PL","@id":"https:\/\/gaudiumetspes-blog.pl\/#\/schema\/person\/image\/","url":"https:\/\/gaudiumetspes-blog.pl\/wp-content\/uploads\/2019\/07\/avatar-JJ-150x150.jpg","contentUrl":"https:\/\/gaudiumetspes-blog.pl\/wp-content\/uploads\/2019\/07\/avatar-JJ-150x150.jpg","caption":"Ks. Jacek"},"description":"Witam serdecznie! K\u0142ania si\u0119 Ks. Jacek Ja\u015bkowski. Nie jestem ani kim\u015b wa\u017cnym, ani kim\u015b znanym. Jestem ksi\u0119dzem, kt\u00f3ry po prostu chce rozmawia\u0107. Codzienna kap\u0142a\u0144ska pos\u0142uga pokazuje mi, \u017ce temat\u00f3w do rozm\u00f3w z ksi\u0119dzem jest coraz wi\u0119cej i dzisiaj \u017caden ksi\u0105dz nie mo\u017ce od nich ucieka\u0107, ale - wprost przeciwnie - podejmowa\u0107 nowe wyzwania. To przekonanie sk\u0142oni\u0142o mnie do pr\u00f3by otwarcia tego\u017c bloga, chocia\u017c okazji do rozm\u00f3w na co dzie\u0144 - w konfesjonale i poza nim - na szcz\u0119\u015bcie nie brakuje. My\u015bl\u0119 jednak, \u017ce ten blog b\u0119dzie jeszcze jednym sposobem i przestrzeni\u0105 nawi\u0105zania kontaktu z lud\u017ami dobrej woli, otwartymi na dialog.","url":"https:\/\/gaudiumetspes-blog.pl\/index.php\/author\/ks-jacek\/"}]}},"jetpack_featured_media_url":"","jetpack_sharing_enabled":true,"_links":{"self":[{"href":"https:\/\/gaudiumetspes-blog.pl\/index.php\/wp-json\/wp\/v2\/posts\/9919","targetHints":{"allow":["GET"]}}],"collection":[{"href":"https:\/\/gaudiumetspes-blog.pl\/index.php\/wp-json\/wp\/v2\/posts"}],"about":[{"href":"https:\/\/gaudiumetspes-blog.pl\/index.php\/wp-json\/wp\/v2\/types\/post"}],"author":[{"embeddable":true,"href":"https:\/\/gaudiumetspes-blog.pl\/index.php\/wp-json\/wp\/v2\/users\/1"}],"replies":[{"embeddable":true,"href":"https:\/\/gaudiumetspes-blog.pl\/index.php\/wp-json\/wp\/v2\/comments?post=9919"}],"version-history":[{"count":1,"href":"https:\/\/gaudiumetspes-blog.pl\/index.php\/wp-json\/wp\/v2\/posts\/9919\/revisions"}],"predecessor-version":[{"id":10164,"href":"https:\/\/gaudiumetspes-blog.pl\/index.php\/wp-json\/wp\/v2\/posts\/9919\/revisions\/10164"}],"wp:attachment":[{"href":"https:\/\/gaudiumetspes-blog.pl\/index.php\/wp-json\/wp\/v2\/media?parent=9919"}],"wp:term":[{"taxonomy":"category","embeddable":true,"href":"https:\/\/gaudiumetspes-blog.pl\/index.php\/wp-json\/wp\/v2\/categories?post=9919"},{"taxonomy":"post_tag","embeddable":true,"href":"https:\/\/gaudiumetspes-blog.pl\/index.php\/wp-json\/wp\/v2\/tags?post=9919"}],"curies":[{"name":"wp","href":"https:\/\/api.w.org\/{rel}","templated":true}]}}