{"id":9920,"date":"2011-03-14T09:40:00","date_gmt":"2011-03-14T08:40:00","guid":{"rendered":"https:\/\/gaudiumetspes-blog.pl\/index.php\/2011\/03\/14\/co-czynimy-innym-czynimy-jezusowi\/"},"modified":"2019-07-31T12:52:10","modified_gmt":"2019-07-31T10:52:10","slug":"co-czynimy-innym-czynimy-jezusowi","status":"publish","type":"post","link":"https:\/\/gaudiumetspes-blog.pl\/index.php\/2011\/03\/14\/co-czynimy-innym-czynimy-jezusowi\/","title":{"rendered":"Co czynimy innym &#8211; czynimy Jezusowi!"},"content":{"rendered":"<p>Bardzo serdecznie witam w poniedzia\u0142ek &#8211; na pocz\u0105tku nowego tygodnia pracy. Oby by\u0142 to dobry i owocny czas! Uczy\u0144my go takim! Niech nam w tym pomo\u017ce tak\u017ce modlitwa, do kt\u00f3rej zach\u0119cam!&nbsp;<br style=\"font-family: 'Times New Roman';\" \/>&nbsp;&nbsp;&nbsp;&nbsp; Wczoraj, we wpisie wst\u0119pnym, zaprosi\u0142em Was, Kochani, do&nbsp;wsp\u00f3lnej modlitwy poprzez odmawianie&nbsp;Ojcze nasz&#8230; o godz. 20.00.&nbsp;W razie w\u0105tpliwo\u015bci, o co chodzi, prosz\u0119 raz jeszcze odczyta\u0107 wczorajszy wpis wst\u0119pny. Bardzo si\u0119 ciesz\u0119, \u017ce trzy Osoby zechcia\u0142y si\u0119 w\u0142\u0105czy\u0107. Ciekaw\u0105 propozycj\u0119 zg\u0142osi\u0142 Dasiek &#8211; propozycj\u0119 ustawienia sygna\u0142u na kom\u00f3rce o tej godzinie. Dzi\u0119kuj\u0119 za ten pomys\u0142! My\u015bl\u0119, \u017ce b\u0119dzie to potrzebne, dop\u00f3ki zwyczaj tej codziennej modlitwy nie &#8222;wejdzie w krew&#8221;. Raz jeszcze zapraszam wszystkich do modlitewnej wsp\u00f3lnoty i do sygnalizowania intencji, w jakich mamy zwraca\u0107 si\u0119 do Boga. I raz jeszcze prosz\u0119:&nbsp;je\u017celi kto\u015b chce si\u0119 w\u0142\u0105czy\u0107, niech chocia\u017c kr\u00f3ciutkim wpisem poinformuje nas o tym,&nbsp;by\u015bmy mieli \u015bwiadomo\u015b\u0107, w jak du\u017cej wsp\u00f3lnocie jeste\u015bmy.<br style=\"font-family: 'Times New Roman';\" \/>&nbsp;&nbsp;&nbsp;&nbsp;&nbsp;&nbsp;&nbsp;&nbsp;&nbsp;&nbsp;&nbsp;&nbsp;&nbsp;&nbsp; Gaudium et spes!&nbsp; Ks. Jacek&nbsp;<\/p>\n<div class=\"MsoNormal\" style=\"color: #0f0f0f; font-family: 'Times New Roman'; font-size: 14px; margin-bottom: 0px; margin-left: 0px; margin-right: 0px; margin-top: 0.4em; text-align: justify;\"><b>Poniedzia\u0142ek 1 tygodnia Wielkiego Postu,<\/b><\/div>\n<div class=\"MsoNormal\" style=\"color: #0f0f0f; font-family: 'Times New Roman'; font-size: 14px; margin-bottom: 0px; margin-left: 0px; margin-right: 0px; margin-top: 0.4em; text-align: justify;\"><b>do czyta\u0144:&nbsp; Kp\u0142 19,1\u20132.11\u201318;&nbsp;&nbsp;Mt 25,31\u201346<\/b><\/div>\n<div class=\"MsoNormal\" style=\"color: #0f0f0f; font-family: 'Times New Roman'; font-size: 14px; margin-bottom: 0px; margin-left: 0px; margin-right: 0px; margin-top: 0.4em; text-align: justify; text-indent: 35.4pt;\">Pierwsze dzisiejsze czytanie, z Ksi\u0119gi Kap\u0142a\u0144skiej, zawiera wiele szczeg\u00f3\u0142owych przepis\u00f3w, kt\u00f3re&nbsp;<b>bardzo przypominaj\u0105 dobrze nam znane przykazania Dekalogu.<\/b>Us\u0142yszane przed chwil\u0105 pouczenie, jakie Pan skierowa\u0142 do Moj\u017cesza, a przez niego \u2013 do ca\u0142ego Ludu, jest wi\u0119c<b>powszechnym wezwaniem do \u015bwi\u0119to\u015bci.<\/b>&nbsp;Powszechnym \u2013 jakkolwiek w tradycji judaizmu pojawi\u0142o podw\u00f3jne rozumienie tej\u017ce \u015bwi\u0119to\u015bci, bo jedni twierdzili, \u017ce nale\u017cy jej&nbsp;<b>strzec i chroni\u0107 j\u0105 mn\u00f3stwem szczeg\u00f3\u0142owych przepis\u00f3w,<\/b>&nbsp;tworz\u0105c tak zwany \u201ep\u0142ot wok\u00f3\u0142 Tory\u201d \u2013 co jednak czyni\u0142o t\u0119 \u015bwi\u0119to\u015b\u0107 niedost\u0119pn\u0105 dla prostych ludzi \u2013 a inni znowu pojmowali j\u0105 jako&nbsp;<b>dar i zadanie stoj\u0105ce przed ka\u017cdym Izraelit\u0105, a tak\u017ce nawr\u00f3conym poganinem.<\/b>&nbsp;<\/div>\n<div class=\"MsoNormal\" style=\"color: #0f0f0f; font-family: 'Times New Roman'; font-size: 14px; margin-bottom: 0px; margin-left: 0px; margin-right: 0px; margin-top: 0.4em; text-align: justify; text-indent: 35.4pt;\">W ca\u0142ym tym zbiorze poucze\u0144 najwa\u017cniejszym jest to, kt\u00f3re us\u0142yszeli\u015bmy na ko\u0144cu:&nbsp;<b>polecenie mi\u0142o\u015bci bli\u017aniego.<\/b>&nbsp;I chocia\u017c Izraelici za bli\u017anich pocz\u0105tkowo uwa\u017cali wy\u0142\u0105cznie innych Izraelit\u00f3w, to jednak ju\u017c w Starym Testamencie pojawia si\u0119&nbsp;<b>odniesienie tego okre\u015blenia tak\u017ce do cudzoziemc\u00f3w.<\/b>Jezus rozszerzy za\u015b je na&nbsp;<b>wszystkich ludzi \u2013 tak\u017ce nieprzyjaci\u00f3\u0142!<\/b><\/div>\n<div class=\"MsoNormal\" style=\"color: #0f0f0f; font-family: 'Times New Roman'; font-size: 14px; margin-bottom: 0px; margin-left: 0px; margin-right: 0px; margin-top: 0.4em; text-align: justify; text-indent: 35.4pt;\">I w og\u00f3le \u2013 w nauczaniu Jezusa wszystkie polecenia Bo\u017ce, jakie dzisiaj s\u0142yszeli\u015bmy, zostaj\u0105&nbsp;<b>bardzo wzmocnione&nbsp;<\/b>i zyskuj\u0105 bardzo wyj\u0105tkowe znaczenie, bowiem Jezus&nbsp;<b>siebie samego uczyni adresatem ka\u017cdego ludzkiego dzia\u0142ania.<\/b>&nbsp;W scenie S\u0105dzie Ostatecznego, tak obrazowo ukazanej nam w dzisiejszej Ewangelii, zawarta zosta\u0142a zapowied\u017a, \u017ce wszyscy b\u0119dziemy s\u0105dzeni z uczynk\u00f3w mi\u0142o\u015bci \u2013 uczynk\u00f3w dokonanych lub nie dokonanych \u2013&nbsp;<b>wobec drugiego cz\u0142owieka, a tym samym: wobec Jezusa!<\/b><\/div>\n<div class=\"MsoNormal\" style=\"color: #0f0f0f; font-family: 'Times New Roman'; font-size: 14px; margin-bottom: 0px; margin-left: 0px; margin-right: 0px; margin-top: 0.4em; text-align: justify; text-indent: 35.4pt;\">Kochani, my tak dobrze znamy t\u0119 scen\u0119, wiele razy s\u0142yszeli\u015bmy ten ewangeliczny opis! My\u015bl\u0119, \u017ce wielu z nas by\u0142oby w stanie nawet z pami\u0119ci powt\u00f3rzy\u0107 wiele z zawartych tam sformu\u0142owa\u0144. Jednak postarajmy si\u0119&nbsp;<b>nie ulec takiemu przekonaniu, \u017ce my ju\u017c to wszystko dobrze wiemy,<\/b>&nbsp;tylko raz jeszcze, w\u0142a\u015bnie dzisiaj, u pocz\u0105tku Wielkiego Postu, zechciejmy g\u0142\u0119boko w sercu przej\u0105\u0107 si\u0119 tymi s\u0142owami:&nbsp;<b><i>by\u0142em g\u0142odny, a dali\u015bcie Mi je\u015b\u0107; by\u0142em spragniony, a<\/i><\/b>&nbsp;<b><i>dali\u015bcie Mi pi\u0107; by\u0142em przybyszem, a przyj\u0119li\u015bcie Mnie<\/i><\/b>\u2026 W\u0142a\u015bnie \u2013<i>dali\u015bcie&nbsp;<b>Mi<\/b><\/i>\u2026&nbsp;<i>przyj\u0119li\u015bcie&nbsp;<b>Mnie<\/b><\/i>\u2026<\/div>\n<div class=\"MsoNormal\" style=\"color: #0f0f0f; font-family: 'Times New Roman'; font-size: 14px; margin-bottom: 0px; margin-left: 0px; margin-right: 0px; margin-top: 0.4em; text-align: justify; text-indent: 35.4pt;\">Ca\u0142kiem zrozumia\u0142e wydaje si\u0119 w tym momencie pytanie sprawiedliwych:&nbsp;<b><i>Panie, kiedy widzieli\u015bmy Ci\u0119 g\u0142odnym i nakarmili\u015bmy Ciebie<\/i>?<\/b>&nbsp;Zrozumia\u0142e to pytanie, bo przecie\u017c oni tylko \u2013 tak zwyczajnie \u2013 czynili dobro swoim bli\u017anim. Okaza\u0142o si\u0119 jednak, \u017ce&nbsp;<b>czynili je tak\u017ce \u2013 a mo\u017ce: przede wszystkim \u2013 samemu Jezusowi.<\/b><\/div>\n<div class=\"MsoNormal\" style=\"color: #0f0f0f; font-family: 'Times New Roman'; font-size: 14px; margin-bottom: 0px; margin-left: 0px; margin-right: 0px; margin-top: 0.4em; text-align: justify; text-indent: 35.4pt;\">Takiego samego \u201eol\u015bnienia\u201d doznaj\u0105 niesprawiedliwi, kt\u00f3rzy w tym momencie przekonaj\u0105 si\u0119, \u017ce&nbsp;<b>wszystko z\u0142o, kt\u00f3re zafundowali innym, uczynili w rzeczywisto\u015bci samemu Jezusowi.<\/b><\/div>\n<div class=\"MsoNormal\" style=\"color: #0f0f0f; font-family: 'Times New Roman'; font-size: 14px; margin-bottom: 0px; margin-left: 0px; margin-right: 0px; margin-top: 0.4em; text-align: justify; text-indent: 35.4pt;\">Jak\u017ce zatem wa\u017cnym jest, Kochani, aby\u015bmy zawsze pami\u0119tali, \u017ce&nbsp;<b>Jezus \u017cyje w drugim cz\u0142owieku<\/b>&nbsp;i dlatego cokolwiek temu drugiemu czynimy, to czynimy Jezusowi. A jednocze\u015bnie \u2013&nbsp;<b>jak\u017ce siln\u0105 motywacj\u0119 daje nam ta prawda do czynienia dobra!<\/b>&nbsp;Szczeg\u00f3lnie wtedy, kiedy ju\u017c przychodzi zniech\u0119cenie i pojawia si\u0119 takie oto prze\u015bwiadczenie, \u017ce dalsze okazywanie mi\u0142o\u015bci komu\u015b, kto&nbsp;<b>nie potrafi jej doceni\u0107, odwdzi\u0119czy\u0107, a czasami nawet dostrzec<\/b>&nbsp;\u2013 nie ma sensu!<\/div>\n<div class=\"MsoNormal\" style=\"color: #0f0f0f; font-family: 'Times New Roman'; font-size: 14px; margin-bottom: 0px; margin-left: 0px; margin-right: 0px; margin-top: 0.4em; text-align: justify; text-indent: 35.4pt;\">Jezus dzisiaj m\u00f3wi, \u017ce czynienie dobra ma sens i zyskuje wielk\u0105 warto\u015b\u0107, je\u017celi&nbsp;<b>wszystko, co czynimy, czynimy z mi\u0142o\u015bci\u0105 i ze wzgl\u0119du na Niego samego!<\/b><\/div>\n<div class=\"MsoNormal\" style=\"color: #0f0f0f; font-family: 'Times New Roman'; font-size: 14px; margin-bottom: 0px; margin-left: 0px; margin-right: 0px; margin-top: 0.4em; text-align: justify; text-indent: 35.4pt;\">W tym kontek\u015bcie zastan\u00f3wmy si\u0119:<\/div>\n<ul style=\"color: #0f0f0f; font-family: 'Times New Roman'; font-size: 14px; margin-top: 0cm;\" type=\"disc\">\n<li class=\"MsoNormal\" style=\"text-align: justify;\">Czy w ka\u017cdym cz\u0142owieku widz\u0119 oblicze Jezusa \u2013 tak\u017ce w grzeszniku, w kt\u00f3rym jest to oblicze Jezusa cierpi\u0105cego?<\/li>\n<li class=\"MsoNormal\" style=\"text-align: justify;\">Czy nigdy nie oddzielam mi\u0142o\u015bci do Boga od mi\u0142o\u015bci do cz\u0142owieka?<\/li>\n<li class=\"MsoNormal\" style=\"text-align: justify;\">Czy nikogo nie uwa\u017cam za na tyle ma\u0142o wa\u017cnego, aby nim pogardza\u0107, nie odbiera\u0107 jego telefon\u00f3w, czy lekcewa\u017cy\u0107 jego pro\u015bby?<\/li>\n<\/ul>\n<div class=\"MsoNormal\" style=\"color: #0f0f0f; font-family: 'Times New Roman'; font-size: 14px; margin-bottom: 0px; margin-left: 0px; margin-right: 0px; margin-top: 0.4em; text-align: justify;\"><b><i>&nbsp;&nbsp;&nbsp; Wszystko, co uczynili\u015bcie jednemu z tych braci moich najmniejszych, Mnie\u015bcie uczynili<\/i><\/b><b>!<\/b><\/div>\n","protected":false},"excerpt":{"rendered":"<p>Bardzo serdecznie witam w poniedzia\u0142ek &#8211; na pocz\u0105tku nowego tygodnia pracy. Oby by\u0142 to dobry i owocny czas! Uczy\u0144my go takim! Niech nam w tym pomo\u017ce tak\u017ce modlitwa, do kt\u00f3rej zach\u0119cam!&nbsp;&nbsp;&nbsp;&nbsp;&nbsp; Wczoraj, we wpisie wst\u0119pnym, zaprosi\u0142em Was, Kochani, do&nbsp;wsp\u00f3lnej modlitwy poprzez odmawianie&nbsp;Ojcze nasz&#8230; o godz. 20.00.&nbsp;W razie w\u0105tpliwo\u015bci, o co chodzi, prosz\u0119 raz jeszcze odczyta\u0107 [&hellip;]<\/p>\n","protected":false},"author":1,"featured_media":0,"comment_status":"open","ping_status":"open","sticky":false,"template":"","format":"standard","meta":{"jetpack_post_was_ever_published":false,"_jetpack_newsletter_access":"","_jetpack_dont_email_post_to_subs":false,"_jetpack_newsletter_tier_id":0,"_jetpack_memberships_contains_paywalled_content":false,"_jetpack_memberships_contains_paid_content":false,"footnotes":""},"categories":[1],"tags":[],"class_list":["post-9920","post","type-post","status-publish","format-standard","hentry","category-bez-kategorii"],"yoast_head":"<!-- This site is optimized with the Yoast SEO plugin v25.1 - https:\/\/yoast.com\/wordpress\/plugins\/seo\/ -->\n<title>Co czynimy innym - czynimy Jezusowi! - Gaudium Et Spes<\/title>\n<meta name=\"robots\" content=\"index, follow, max-snippet:-1, max-image-preview:large, max-video-preview:-1\" \/>\n<link rel=\"canonical\" href=\"https:\/\/gaudiumetspes-blog.pl\/index.php\/2011\/03\/14\/co-czynimy-innym-czynimy-jezusowi\/\" \/>\n<meta property=\"og:locale\" content=\"pl_PL\" \/>\n<meta property=\"og:type\" content=\"article\" \/>\n<meta property=\"og:title\" content=\"Co czynimy innym - czynimy Jezusowi! - Gaudium Et Spes\" \/>\n<meta property=\"og:description\" content=\"Bardzo serdecznie witam w poniedzia\u0142ek &#8211; na pocz\u0105tku nowego tygodnia pracy. Oby by\u0142 to dobry i owocny czas! Uczy\u0144my go takim! Niech nam w tym pomo\u017ce tak\u017ce modlitwa, do kt\u00f3rej zach\u0119cam!&nbsp;&nbsp;&nbsp;&nbsp;&nbsp; Wczoraj, we wpisie wst\u0119pnym, zaprosi\u0142em Was, Kochani, do&nbsp;wsp\u00f3lnej modlitwy poprzez odmawianie&nbsp;Ojcze nasz&#8230; o godz. 20.00.&nbsp;W razie w\u0105tpliwo\u015bci, o co chodzi, prosz\u0119 raz jeszcze odczyta\u0107 [&hellip;]\" \/>\n<meta property=\"og:url\" content=\"https:\/\/gaudiumetspes-blog.pl\/index.php\/2011\/03\/14\/co-czynimy-innym-czynimy-jezusowi\/\" \/>\n<meta property=\"og:site_name\" content=\"Gaudium Et Spes\" \/>\n<meta property=\"article:published_time\" content=\"2011-03-14T08:40:00+00:00\" \/>\n<meta property=\"article:modified_time\" content=\"2019-07-31T10:52:10+00:00\" \/>\n<meta name=\"author\" content=\"Ks. Jacek\" \/>\n<meta name=\"twitter:card\" content=\"summary_large_image\" \/>\n<meta name=\"twitter:label1\" content=\"Napisane przez\" \/>\n\t<meta name=\"twitter:data1\" content=\"Ks. Jacek\" \/>\n\t<meta name=\"twitter:label2\" content=\"Szacowany czas czytania\" \/>\n\t<meta name=\"twitter:data2\" content=\"5 minut\" \/>\n<script type=\"application\/ld+json\" class=\"yoast-schema-graph\">{\"@context\":\"https:\/\/schema.org\",\"@graph\":[{\"@type\":\"WebPage\",\"@id\":\"https:\/\/gaudiumetspes-blog.pl\/index.php\/2011\/03\/14\/co-czynimy-innym-czynimy-jezusowi\/\",\"url\":\"https:\/\/gaudiumetspes-blog.pl\/index.php\/2011\/03\/14\/co-czynimy-innym-czynimy-jezusowi\/\",\"name\":\"Co czynimy innym - czynimy Jezusowi! - Gaudium Et Spes\",\"isPartOf\":{\"@id\":\"https:\/\/gaudiumetspes-blog.pl\/#website\"},\"datePublished\":\"2011-03-14T08:40:00+00:00\",\"dateModified\":\"2019-07-31T10:52:10+00:00\",\"author\":{\"@id\":\"https:\/\/gaudiumetspes-blog.pl\/#\/schema\/person\/1661982992b752dea8dff0d4ed845a65\"},\"breadcrumb\":{\"@id\":\"https:\/\/gaudiumetspes-blog.pl\/index.php\/2011\/03\/14\/co-czynimy-innym-czynimy-jezusowi\/#breadcrumb\"},\"inLanguage\":\"pl-PL\",\"potentialAction\":[{\"@type\":\"ReadAction\",\"target\":[\"https:\/\/gaudiumetspes-blog.pl\/index.php\/2011\/03\/14\/co-czynimy-innym-czynimy-jezusowi\/\"]}]},{\"@type\":\"BreadcrumbList\",\"@id\":\"https:\/\/gaudiumetspes-blog.pl\/index.php\/2011\/03\/14\/co-czynimy-innym-czynimy-jezusowi\/#breadcrumb\",\"itemListElement\":[{\"@type\":\"ListItem\",\"position\":1,\"name\":\"Strona g\u0142\u00f3wna\",\"item\":\"https:\/\/gaudiumetspes-blog.pl\/\"},{\"@type\":\"ListItem\",\"position\":2,\"name\":\"Co czynimy innym &#8211; czynimy Jezusowi!\"}]},{\"@type\":\"WebSite\",\"@id\":\"https:\/\/gaudiumetspes-blog.pl\/#website\",\"url\":\"https:\/\/gaudiumetspes-blog.pl\/\",\"name\":\"Gaudium Et Spes\",\"description\":\"Blog Ks. Jacka Ja\u015bkowskiego\",\"potentialAction\":[{\"@type\":\"SearchAction\",\"target\":{\"@type\":\"EntryPoint\",\"urlTemplate\":\"https:\/\/gaudiumetspes-blog.pl\/?s={search_term_string}\"},\"query-input\":{\"@type\":\"PropertyValueSpecification\",\"valueRequired\":true,\"valueName\":\"search_term_string\"}}],\"inLanguage\":\"pl-PL\"},{\"@type\":\"Person\",\"@id\":\"https:\/\/gaudiumetspes-blog.pl\/#\/schema\/person\/1661982992b752dea8dff0d4ed845a65\",\"name\":\"Ks. Jacek\",\"image\":{\"@type\":\"ImageObject\",\"inLanguage\":\"pl-PL\",\"@id\":\"https:\/\/gaudiumetspes-blog.pl\/#\/schema\/person\/image\/\",\"url\":\"https:\/\/gaudiumetspes-blog.pl\/wp-content\/uploads\/2019\/07\/avatar-JJ-150x150.jpg\",\"contentUrl\":\"https:\/\/gaudiumetspes-blog.pl\/wp-content\/uploads\/2019\/07\/avatar-JJ-150x150.jpg\",\"caption\":\"Ks. Jacek\"},\"description\":\"Witam serdecznie! K\u0142ania si\u0119 Ks. Jacek Ja\u015bkowski. Nie jestem ani kim\u015b wa\u017cnym, ani kim\u015b znanym. Jestem ksi\u0119dzem, kt\u00f3ry po prostu chce rozmawia\u0107. Codzienna kap\u0142a\u0144ska pos\u0142uga pokazuje mi, \u017ce temat\u00f3w do rozm\u00f3w z ksi\u0119dzem jest coraz wi\u0119cej i dzisiaj \u017caden ksi\u0105dz nie mo\u017ce od nich ucieka\u0107, ale - wprost przeciwnie - podejmowa\u0107 nowe wyzwania. To przekonanie sk\u0142oni\u0142o mnie do pr\u00f3by otwarcia tego\u017c bloga, chocia\u017c okazji do rozm\u00f3w na co dzie\u0144 - w konfesjonale i poza nim - na szcz\u0119\u015bcie nie brakuje. My\u015bl\u0119 jednak, \u017ce ten blog b\u0119dzie jeszcze jednym sposobem i przestrzeni\u0105 nawi\u0105zania kontaktu z lud\u017ami dobrej woli, otwartymi na dialog.\",\"url\":\"https:\/\/gaudiumetspes-blog.pl\/index.php\/author\/ks-jacek\/\"}]}<\/script>\n<!-- \/ Yoast SEO plugin. -->","yoast_head_json":{"title":"Co czynimy innym - czynimy Jezusowi! - Gaudium Et Spes","robots":{"index":"index","follow":"follow","max-snippet":"max-snippet:-1","max-image-preview":"max-image-preview:large","max-video-preview":"max-video-preview:-1"},"canonical":"https:\/\/gaudiumetspes-blog.pl\/index.php\/2011\/03\/14\/co-czynimy-innym-czynimy-jezusowi\/","og_locale":"pl_PL","og_type":"article","og_title":"Co czynimy innym - czynimy Jezusowi! - Gaudium Et Spes","og_description":"Bardzo serdecznie witam w poniedzia\u0142ek &#8211; na pocz\u0105tku nowego tygodnia pracy. Oby by\u0142 to dobry i owocny czas! Uczy\u0144my go takim! Niech nam w tym pomo\u017ce tak\u017ce modlitwa, do kt\u00f3rej zach\u0119cam!&nbsp;&nbsp;&nbsp;&nbsp;&nbsp; Wczoraj, we wpisie wst\u0119pnym, zaprosi\u0142em Was, Kochani, do&nbsp;wsp\u00f3lnej modlitwy poprzez odmawianie&nbsp;Ojcze nasz&#8230; o godz. 20.00.&nbsp;W razie w\u0105tpliwo\u015bci, o co chodzi, prosz\u0119 raz jeszcze odczyta\u0107 [&hellip;]","og_url":"https:\/\/gaudiumetspes-blog.pl\/index.php\/2011\/03\/14\/co-czynimy-innym-czynimy-jezusowi\/","og_site_name":"Gaudium Et Spes","article_published_time":"2011-03-14T08:40:00+00:00","article_modified_time":"2019-07-31T10:52:10+00:00","author":"Ks. Jacek","twitter_card":"summary_large_image","twitter_misc":{"Napisane przez":"Ks. Jacek","Szacowany czas czytania":"5 minut"},"schema":{"@context":"https:\/\/schema.org","@graph":[{"@type":"WebPage","@id":"https:\/\/gaudiumetspes-blog.pl\/index.php\/2011\/03\/14\/co-czynimy-innym-czynimy-jezusowi\/","url":"https:\/\/gaudiumetspes-blog.pl\/index.php\/2011\/03\/14\/co-czynimy-innym-czynimy-jezusowi\/","name":"Co czynimy innym - czynimy Jezusowi! - Gaudium Et Spes","isPartOf":{"@id":"https:\/\/gaudiumetspes-blog.pl\/#website"},"datePublished":"2011-03-14T08:40:00+00:00","dateModified":"2019-07-31T10:52:10+00:00","author":{"@id":"https:\/\/gaudiumetspes-blog.pl\/#\/schema\/person\/1661982992b752dea8dff0d4ed845a65"},"breadcrumb":{"@id":"https:\/\/gaudiumetspes-blog.pl\/index.php\/2011\/03\/14\/co-czynimy-innym-czynimy-jezusowi\/#breadcrumb"},"inLanguage":"pl-PL","potentialAction":[{"@type":"ReadAction","target":["https:\/\/gaudiumetspes-blog.pl\/index.php\/2011\/03\/14\/co-czynimy-innym-czynimy-jezusowi\/"]}]},{"@type":"BreadcrumbList","@id":"https:\/\/gaudiumetspes-blog.pl\/index.php\/2011\/03\/14\/co-czynimy-innym-czynimy-jezusowi\/#breadcrumb","itemListElement":[{"@type":"ListItem","position":1,"name":"Strona g\u0142\u00f3wna","item":"https:\/\/gaudiumetspes-blog.pl\/"},{"@type":"ListItem","position":2,"name":"Co czynimy innym &#8211; czynimy Jezusowi!"}]},{"@type":"WebSite","@id":"https:\/\/gaudiumetspes-blog.pl\/#website","url":"https:\/\/gaudiumetspes-blog.pl\/","name":"Gaudium Et Spes","description":"Blog Ks. Jacka Ja\u015bkowskiego","potentialAction":[{"@type":"SearchAction","target":{"@type":"EntryPoint","urlTemplate":"https:\/\/gaudiumetspes-blog.pl\/?s={search_term_string}"},"query-input":{"@type":"PropertyValueSpecification","valueRequired":true,"valueName":"search_term_string"}}],"inLanguage":"pl-PL"},{"@type":"Person","@id":"https:\/\/gaudiumetspes-blog.pl\/#\/schema\/person\/1661982992b752dea8dff0d4ed845a65","name":"Ks. Jacek","image":{"@type":"ImageObject","inLanguage":"pl-PL","@id":"https:\/\/gaudiumetspes-blog.pl\/#\/schema\/person\/image\/","url":"https:\/\/gaudiumetspes-blog.pl\/wp-content\/uploads\/2019\/07\/avatar-JJ-150x150.jpg","contentUrl":"https:\/\/gaudiumetspes-blog.pl\/wp-content\/uploads\/2019\/07\/avatar-JJ-150x150.jpg","caption":"Ks. Jacek"},"description":"Witam serdecznie! K\u0142ania si\u0119 Ks. Jacek Ja\u015bkowski. Nie jestem ani kim\u015b wa\u017cnym, ani kim\u015b znanym. Jestem ksi\u0119dzem, kt\u00f3ry po prostu chce rozmawia\u0107. Codzienna kap\u0142a\u0144ska pos\u0142uga pokazuje mi, \u017ce temat\u00f3w do rozm\u00f3w z ksi\u0119dzem jest coraz wi\u0119cej i dzisiaj \u017caden ksi\u0105dz nie mo\u017ce od nich ucieka\u0107, ale - wprost przeciwnie - podejmowa\u0107 nowe wyzwania. To przekonanie sk\u0142oni\u0142o mnie do pr\u00f3by otwarcia tego\u017c bloga, chocia\u017c okazji do rozm\u00f3w na co dzie\u0144 - w konfesjonale i poza nim - na szcz\u0119\u015bcie nie brakuje. My\u015bl\u0119 jednak, \u017ce ten blog b\u0119dzie jeszcze jednym sposobem i przestrzeni\u0105 nawi\u0105zania kontaktu z lud\u017ami dobrej woli, otwartymi na dialog.","url":"https:\/\/gaudiumetspes-blog.pl\/index.php\/author\/ks-jacek\/"}]}},"jetpack_featured_media_url":"","jetpack_sharing_enabled":true,"_links":{"self":[{"href":"https:\/\/gaudiumetspes-blog.pl\/index.php\/wp-json\/wp\/v2\/posts\/9920","targetHints":{"allow":["GET"]}}],"collection":[{"href":"https:\/\/gaudiumetspes-blog.pl\/index.php\/wp-json\/wp\/v2\/posts"}],"about":[{"href":"https:\/\/gaudiumetspes-blog.pl\/index.php\/wp-json\/wp\/v2\/types\/post"}],"author":[{"embeddable":true,"href":"https:\/\/gaudiumetspes-blog.pl\/index.php\/wp-json\/wp\/v2\/users\/1"}],"replies":[{"embeddable":true,"href":"https:\/\/gaudiumetspes-blog.pl\/index.php\/wp-json\/wp\/v2\/comments?post=9920"}],"version-history":[{"count":1,"href":"https:\/\/gaudiumetspes-blog.pl\/index.php\/wp-json\/wp\/v2\/posts\/9920\/revisions"}],"predecessor-version":[{"id":10163,"href":"https:\/\/gaudiumetspes-blog.pl\/index.php\/wp-json\/wp\/v2\/posts\/9920\/revisions\/10163"}],"wp:attachment":[{"href":"https:\/\/gaudiumetspes-blog.pl\/index.php\/wp-json\/wp\/v2\/media?parent=9920"}],"wp:term":[{"taxonomy":"category","embeddable":true,"href":"https:\/\/gaudiumetspes-blog.pl\/index.php\/wp-json\/wp\/v2\/categories?post=9920"},{"taxonomy":"post_tag","embeddable":true,"href":"https:\/\/gaudiumetspes-blog.pl\/index.php\/wp-json\/wp\/v2\/tags?post=9920"}],"curies":[{"name":"wp","href":"https:\/\/api.w.org\/{rel}","templated":true}]}}