{"id":9922,"date":"2011-03-12T10:39:00","date_gmt":"2011-03-12T09:39:00","guid":{"rendered":"https:\/\/gaudiumetspes-blog.pl\/index.php\/2011\/03\/12\/kto-moze-pojsc-za-jezuse\/"},"modified":"2019-07-31T12:52:09","modified_gmt":"2019-07-31T10:52:09","slug":"kto-moze-pojsc-za-jezuse","status":"publish","type":"post","link":"https:\/\/gaudiumetspes-blog.pl\/index.php\/2011\/03\/12\/kto-moze-pojsc-za-jezuse\/","title":{"rendered":"Kto mo\u017ce p\u00f3j\u015b\u0107 za Jezusem?&#8230;"},"content":{"rendered":"<p>Bardzo serdecznie witam w kolejnym dniu Wielkiego Postu. To dopiero czwarty dzie\u0144, ale przecie\u017c ju\u017c mo\u017cna by\u0142o wiele zrobi\u0107 na odcinku duchowej pracy nad sob\u0105. Czy ju\u017c si\u0119 co\u015b uda\u0142o? Pami\u0119tajmy, \u017ce ka\u017cdy dzie\u0144, ka\u017cda godzina, ka\u017cda minuta &#8211; jest tu na wag\u0119 z\u0142ota! Jezus nam pomaga &#8211; daje wewn\u0119trzne si\u0142y i natchnienia, a poprzez swoje S\u0142owo daje konkretne wskaz\u00f3wki, jak to robi\u0107. Tak\u017ce dzisiaj! Zapraszam zatem do refleksji!<br style=\"font-family: 'Times New Roman';\" \/>&nbsp;&nbsp;&nbsp;&nbsp;&nbsp;&nbsp;&nbsp;&nbsp;&nbsp;&nbsp;&nbsp;&nbsp;&nbsp;&nbsp;&nbsp;&nbsp; Gaudium et spes! Ks. Jacek&nbsp;<\/p>\n<div class=\"MsoNormal\" style=\"color: #0f0f0f; font-family: 'Times New Roman'; font-size: 14px; margin-bottom: 0px; margin-left: 0px; margin-right: 0px; margin-top: 0.4em; text-align: justify;\"><b>Sobota po Popielcu,<\/b><\/div>\n<div class=\"MsoNormal\" style=\"color: #0f0f0f; font-family: 'Times New Roman'; font-size: 14px; margin-bottom: 0px; margin-left: 0px; margin-right: 0px; margin-top: 0.4em; text-align: justify;\"><b>do czyta\u0144:&nbsp;&nbsp;Iz 58,9b\u201314;&nbsp;\u0141k 5,27\u201332<\/b><\/div>\n<div class=\"MsoNormal\" style=\"color: #0f0f0f; font-family: 'Times New Roman'; font-size: 14px; margin-bottom: 0px; margin-left: 0px; margin-right: 0px; margin-top: 0.4em; text-align: justify; text-indent: 35.4pt;\">Jak wielka harmonia, jakie&nbsp;<b>wielkie szcz\u0119\u015bcie i b\u0142ogos\u0142awie\u0144stwo stanie si\u0119 udzia\u0142em cz\u0142owieka, kt\u00f3ry zaufa Panu,<\/b>&nbsp;kt\u00f3ry b\u0119dzie post\u0119powa\u0142 wed\u0142ug Bo\u017cego Prawa. Bardzo jasno m\u00f3wi o tym dzisiaj Izajasz \u2013 w imieniu Boga \u2013 w swoim proroctwie, kt\u00f3rego fragmentu wys\u0142uchali\u015bmy w pierwszym czytaniu:&nbsp;<i>Je\u015bli u siebie usuniesz jarzmo,<b>przestaniesz grozi\u0107 palcem i m\u00f3wi\u0107 przewrotnie, je\u015bli podasz sw\u00f3j chleb zg\u0142odnia\u0142emu i nakarmisz dusz\u0119 przygn\u0119bion\u0105<\/b>,<\/i>[\u2026]&nbsp;<i>je\u015bli pow\u015bci\u0105gniesz twe nogi od przekraczania szabatu<\/i>, [\u2026]&nbsp;<i>je\u015bli nazwiesz szabat rozkosz\u0105, a dzie\u0144 \u015bwi\u0119ty Pana czcigodnym<\/i>&nbsp;\u2013 to co w\u00f3wczas?<\/div>\n<div class=\"MsoNormal\" style=\"color: #0f0f0f; font-family: 'Times New Roman'; font-size: 14px; margin-bottom: 0px; margin-left: 0px; margin-right: 0px; margin-top: 0.4em; text-align: justify; text-indent: 35.4pt;\"><b><i>W\u00f3wczas twe \u015bwiat\u0142o zab\u0142y\u015bnie w ciemno\u015bciach, a twoja ciemno\u015b\u0107 stanie si\u0119 po\u0142udniem. Pan ci\u0119 zawsze prowadzi\u0107 b\u0119dzie, nasyci dusz\u0119 twoj\u0105 na pustkowiach.<\/i><\/b><i>&nbsp;Twoi ludzie zabuduj\u0105 prastare zwaliska, wzniesiesz budowle z odwiecznych fundament\u00f3w<\/i>. Warto doda\u0107, \u017ce ten dzisiejszy fragment proroctwa Izajasza jest dalszym ci\u0105giem wczorajszych rozwa\u017ca\u0144&nbsp;<b>o w\u0142a\u015bciwie i niew\u0142a\u015bciwie rozumianym i realizowanym po\u015bcie.<\/b>&nbsp;I ju\u017c tam zosta\u0142a wyra\u017cona ta prawda, \u017ce post wtedy przyniesie prawdziwe owoce i wtedy w og\u00f3le ma sens,&nbsp;<b>je\u017celi zewn\u0119trzne praktyki wyra\u017caj\u0105 faktyczne nawr\u00f3cenie serca, faktyczne zwr\u00f3cenie si\u0119 do Boga ca\u0142ym szczerym sercem.<\/b><\/div>\n<div class=\"MsoNormal\" style=\"color: #0f0f0f; font-family: 'Times New Roman'; font-size: 14px; margin-bottom: 0px; margin-left: 0px; margin-right: 0px; margin-top: 0.4em; text-align: justify; text-indent: 35.4pt;\">Dzisiaj my\u015bl ta jest kontynuowana, s\u0142yszymy bowiem,<b>jak wiele dobra stanie si\u0119 udzia\u0142em cz\u0142owieka, kt\u00f3ry zwr\u00f3ci si\u0119 ku Bogu&nbsp;<\/b>i potraktuje Go bardzo powa\u017cnie, post\u0119puj\u0105c wed\u0142ug Jego Prawa. A jak to wygl\u0105da w konkretnej sytuacji cz\u0142owieka, to s\u0142yszymy w odczytanej przed chwil\u0105 Ewangelii.<\/div>\n<div class=\"MsoNormal\" style=\"color: #0f0f0f; font-family: 'Times New Roman'; font-size: 14px; margin-bottom: 0px; margin-left: 0px; margin-right: 0px; margin-top: 0.4em; text-align: justify; text-indent: 35.4pt;\">Oto&nbsp;<b>celnik Lewi,<\/b>&nbsp;kt\u00f3rego uto\u017csamiamy z p\u00f3\u017aniejszym Ewangelist\u0105 Mateuszem,&nbsp;<b>siedzi w komorze celnej.<\/b>&nbsp;Ta wiadomo\u015b\u0107 oznacza, \u017ce spe\u0142nia tam swoje zadanie, co ju\u017c samo w sobie nie mog\u0142o by\u0107 odbierane przychylnie \u2013 nawet gdyby wszystko robi\u0142 tam uczciwie \u2013 dlatego, \u017ce&nbsp;<b>spe\u0142nia\u0142 pos\u0142ug\u0119 na rzecz okupanta, na rzecz Rzymu.<\/b>&nbsp;Wiemy jednak, \u017ce \u201efach celniczy\u201d wr\u0119cz s\u0142yn\u0105\u0142 z nadu\u017cy\u0107 i nieuczciwo\u015bci.<\/div>\n<div class=\"MsoNormal\" style=\"color: #0f0f0f; font-family: 'Times New Roman'; font-size: 14px; margin-bottom: 0px; margin-left: 0px; margin-right: 0px; margin-top: 0.4em; text-align: justify; text-indent: 35.4pt;\">I to w\u0142a\u015bnie do takiego cz\u0142owieka podchodzi Jezus,&nbsp;<b>i jak gdyby nigdy nic, m\u00f3wi:&nbsp;<i>P\u00f3jd\u017a za Mn\u0105<\/i>!&nbsp;<\/b>A Lewi c\u00f3\u017c na to? S\u0142yszmy wyra\u017anie:&nbsp;<b><i>On zostawi\u0142 wszystko, wsta\u0142 i poszed\u0142 za Nim<\/i><\/b>. A dalej wypadki potoczy\u0142y si\u0119 ju\u017c szybko. Wyprawi\u0142 wielkie przyj\u0119cie u siebie w domu,&nbsp;<b>na kt\u00f3re przysz\u0142o wielu jego koleg\u00f3w \u201epo fachu\u201d \u2013 celnik\u00f3w<\/b>&nbsp;i sporo innego, szemranego towarzystwa.&nbsp;<b>I Jezus mi\u0119dzy nimi!<\/b><\/div>\n<div class=\"MsoNormal\" style=\"color: #0f0f0f; font-family: 'Times New Roman'; font-size: 14px; margin-bottom: 0px; margin-left: 0px; margin-right: 0px; margin-top: 0.4em; text-align: justify; text-indent: 35.4pt;\">Naturalnie, nie mog\u0142o to pozosta\u0107 bez odzewu ze strony przewrotnych faryzeuszy i uczonych w Pi\u015bmie, kt\u00f3rzy&nbsp;<b>widz\u0105c to, szemrali na Jezusa.&nbsp;<\/b>Bo jak On, kt\u00f3ry mieni\u0142 si\u0119 by\u0107 nauczycielem i g\u0142osicielem Prawdy, nie wiedzia\u0142, kim s\u0105 ci ludzie. Nie dostrzegli jednak biedni faryzeusze, tak bardzo przekonani o sobie i swojej osobistej \u015bwi\u0119to\u015bci, \u017ce&nbsp;<b>ci, kt\u00f3rymi pogardzali, mogli si\u0119 nawr\u00f3ci\u0107, mogli co\u015b zrozumie\u0107.<\/b><\/div>\n<div class=\"MsoNormal\" style=\"color: #0f0f0f; font-family: 'Times New Roman'; font-size: 14px; margin-bottom: 0px; margin-left: 0px; margin-right: 0px; margin-top: 0.4em; text-align: justify; text-indent: 35.4pt;\">I rzeczywi\u015bcie \u2013 oni nie tylko&nbsp;<b>\u201eby\u0107 mo\u017ce\u201d<\/b>&nbsp;si\u0119 nawr\u00f3cili. Oto celnik Lewi&nbsp;<b>demonstracyjnie<\/b>&nbsp;opu\u015bci\u0142 swoj\u0105 komor\u0119 celn\u0105, a nast\u0119pnie wyprawi\u0142&nbsp;<b>wielkie przyj\u0119cie.<\/b>&nbsp;To nie by\u0142o wi\u0119c za\u0142atwienie sprawy ot, tak \u2013 po cichu\u2026 To by\u0142o&nbsp;<b>bardzo<\/b>&nbsp;<b>jawne i publiczne opowiedzenie si\u0119 po stronie Jezusa!<\/b>&nbsp;Ale nawet to nie bardzo przemawia\u0142o do przekonania faryzeuszy\u2026 Nie zrozumieli tego, \u017ce&nbsp;<b>Jezus nie akceptuje z\u0142a, jakie czyni cz\u0142owiek, tylko szuka samego cz\u0142owieka, chce jego zbawienia!&nbsp;<\/b>Nie zrozumieli tego przewrotni faryzeusze\u2026<\/div>\n<div class=\"MsoNormal\" style=\"color: #0f0f0f; font-family: 'Times New Roman'; font-size: 14px; margin-bottom: 0px; margin-left: 0px; margin-right: 0px; margin-top: 0.4em; text-align: justify; text-indent: 35.4pt;\">C\u00f3\u017c, ich problem! Ich i wszystkich, kt\u00f3rzy nie dostrzegaj\u0105&nbsp;<b>zbawczej inicjatywy Bo\u017cej i Bo\u017cego dzia\u0142ania.<\/b>Oto bowiem&nbsp;<b>sam B\u00f3g wychodzi do cz\u0142owieka z propozycj\u0105 wsp\u00f3\u0142pracy,<\/b>&nbsp;z zaproszeniem do wsp\u00f3\u0142dzia\u0142ania \u2013&nbsp;<b>dla dobra samego cz\u0142owieka!<\/b>&nbsp;Najpierw wskazuje mu drog\u0119, poucza, upomina, ostrzega \u2013 jak tego dow\u00f3d mamy w proroctwie Izajasza, w pierwszym czytaniu. Czy\u017c bowiem&nbsp;<b>nie wystarczy\u0142oby, \u017ce raz zosta\u0142y okre\u015blone przepisy,&nbsp;<\/b>wed\u0142ug kt\u00f3rych ma by\u0107 sprawowany kult religijny i zachowywane praktyki postne? Okazuje si\u0119 jednak, \u017ce kiedy ludzie zlekcewa\u017cyli Bo\u017ce wskazania i zacz\u0119li post\u0119powa\u0107 po swojemu,&nbsp;<b>B\u00f3g ponownie zwraca si\u0119 do ludzi i naprowadza ich na w\u0142a\u015bciw\u0105 drog\u0119.<\/b>&nbsp;&nbsp;<\/div>\n<div class=\"MsoNormal\" style=\"color: #0f0f0f; font-family: 'Times New Roman'; font-size: 14px; margin-bottom: 0px; margin-left: 0px; margin-right: 0px; margin-top: 0.4em; text-align: justify; text-indent: 35.4pt;\">A nawet \u2013 jak tego przyk\u0142ad mamy w Ewangelii \u2013 podchodzi do konkretnego cz\u0142owieka i m\u00f3wi:&nbsp;<b><i>P\u00f3jd\u017a za Mn\u0105<\/i>!<\/b>Wr\u0119cz wyci\u0105ga go z jego komory celnej, z jego \u201e\u015bwiatka\u201d, w kt\u00f3rym mu si\u0119 tak wygodnie \u017cyje i prowadzi jakie\u015b ciemne interesy, jakie\u015b konszachty ze z\u0142em. Jezus podchodzi&nbsp;<b>i podaje r\u0119k\u0119, chce wyprowadzi\u0107 na \u015bwiat\u0142o, chce cz\u0142owieka wyci\u0105gn\u0105\u0107 z tego jego \u201ebagienka\u201d<\/b>\u2026 Ale tu jest zadanie dla samego cz\u0142owieka w ca\u0142ym tym dziele. Cz\u0142owiek ma tu do spe\u0142nienia niezast\u0105pion\u0105 rol\u0119!<\/div>\n<div class=\"MsoNormal\" style=\"color: #0f0f0f; font-family: 'Times New Roman'; font-size: 14px; margin-bottom: 0px; margin-left: 0px; margin-right: 0px; margin-top: 0.4em; text-align: justify; text-indent: 35.4pt;\">Musi bowiem&nbsp;<b>okaza\u0107 pos\u0142usze\u0144stwo Bo\u017cemu wezwaniu<\/b>&nbsp;\u2013 musi wyci\u0105gn\u0105\u0107 swoj\u0105 r\u0119k\u0119, musi podnie\u015b\u0107 si\u0119, d\u017awign\u0105\u0107 si\u0119 z tej swojej komory celnej, z tego swego \u2013 jako rzekli\u015bmy \u2013 \u201ebagienka\u201d,&nbsp;<b>musi to wszystko zostawi\u0107, nie ogl\u0105daj\u0105c si\u0119 ju\u017c za tym wszystkim z nostalgi\u0105 i poczuciem, \u017ce tak mu szkoda tego, co zostawia<\/b>\u2026 A potem musi&nbsp;<b>po prostu p\u00f3j\u015b\u0107 za Jezusem,<\/b>&nbsp;daj\u0105c wszystkim wok\u00f3\u0142 \u015bwiadectwo tego,po kt\u00f3rej jest stronie!<\/div>\n<div class=\"MsoNormal\" style=\"color: #0f0f0f; font-family: 'Times New Roman'; font-size: 14px; margin-bottom: 0px; margin-left: 0px; margin-right: 0px; margin-top: 0.4em; text-align: justify; text-indent: 35.4pt;\">I tego, \u017ce zostawiaj\u0105c ca\u0142e dotychczasowe \u017cycie i to wszystko, co dot\u0105d \u2013&nbsp;<b>zyskuje si\u0119 du\u017co wi\u0119cej:<\/b>&nbsp;<b>zyskuje si\u0119 nowe \u017cycie, zyskuje si\u0119 wewn\u0119trzn\u0105 harmoni\u0119, prawdziwe szcz\u0119\u015bcie, sens \u017cycia, a tak\u017ce \u2013 rado\u015b\u0107 i nadziej\u0119.<\/b><\/div>\n<div class=\"MsoNormal\" style=\"color: #0f0f0f; font-family: 'Times New Roman'; font-size: 14px; margin-bottom: 0px; margin-left: 0px; margin-right: 0px; margin-top: 0.4em; text-align: justify; text-indent: 35.4pt;\">W tym kontek\u015bcie zastan\u00f3wmy si\u0119:<\/div>\n<ul style=\"color: #0f0f0f; font-family: 'Times New Roman'; font-size: 14px; margin-top: 0cm;\" type=\"disc\">\n<li class=\"MsoNormal\" style=\"text-align: justify;\">Czy moje zerwanie z grzechem ma charakter zdecydowany, radykalny, czy tylko cz\u0119\u015bciowy, chwilowy?<\/li>\n<li class=\"MsoNormal\" style=\"text-align: justify;\">Czy okre\u015bli\u0142em precyzyjnie, co jest moj\u0105 g\u0142\u00f3wn\u0105 wad\u0105, b\u0119d\u0105c\u0105 \u017ar\u00f3d\u0142em innych grzech\u00f3w \u2013 i czy nad ni\u0105 pracuj\u0119?<\/li>\n<li class=\"MsoNormal\" style=\"text-align: justify;\">Czy pot\u0119piaj\u0105c z\u0142o u drugiego \u2013 nie pot\u0119piam samego cz\u0142owieka?<\/li>\n<\/ul>\n<div class=\"MsoNormal\" style=\"color: #0f0f0f; font-family: 'Times New Roman'; font-size: 14px; margin-bottom: 0px; margin-left: 0px; margin-right: 0px; margin-top: 0.4em; text-align: justify; text-indent: 18pt;\"><b><i>Nie potrzebuj\u0105 lekarza zdrowi, ale ci, kt\u00f3rzy si\u0119 \u017ale maj\u0105. Nie przyszed\u0142em wezwa\u0107 do nawr\u00f3cenia sprawiedliwych, ale grzesznik\u00f3w<\/i><\/b>.<\/div>\n","protected":false},"excerpt":{"rendered":"<p>Bardzo serdecznie witam w kolejnym dniu Wielkiego Postu. To dopiero czwarty dzie\u0144, ale przecie\u017c ju\u017c mo\u017cna by\u0142o wiele zrobi\u0107 na odcinku duchowej pracy nad sob\u0105. Czy ju\u017c si\u0119 co\u015b uda\u0142o? Pami\u0119tajmy, \u017ce ka\u017cdy dzie\u0144, ka\u017cda godzina, ka\u017cda minuta &#8211; jest tu na wag\u0119 z\u0142ota! Jezus nam pomaga &#8211; daje wewn\u0119trzne si\u0142y i natchnienia, a poprzez [&hellip;]<\/p>\n","protected":false},"author":1,"featured_media":0,"comment_status":"open","ping_status":"open","sticky":false,"template":"","format":"standard","meta":{"jetpack_post_was_ever_published":false,"_jetpack_newsletter_access":"","_jetpack_dont_email_post_to_subs":false,"_jetpack_newsletter_tier_id":0,"_jetpack_memberships_contains_paywalled_content":false,"_jetpack_memberships_contains_paid_content":false,"footnotes":""},"categories":[1],"tags":[],"class_list":["post-9922","post","type-post","status-publish","format-standard","hentry","category-bez-kategorii"],"yoast_head":"<!-- This site is optimized with the Yoast SEO plugin v25.1 - https:\/\/yoast.com\/wordpress\/plugins\/seo\/ -->\n<title>Kto mo\u017ce p\u00f3j\u015b\u0107 za Jezusem?... - Gaudium Et Spes<\/title>\n<meta name=\"robots\" content=\"index, follow, max-snippet:-1, max-image-preview:large, max-video-preview:-1\" \/>\n<link rel=\"canonical\" href=\"https:\/\/gaudiumetspes-blog.pl\/index.php\/2011\/03\/12\/kto-moze-pojsc-za-jezuse\/\" \/>\n<meta property=\"og:locale\" content=\"pl_PL\" \/>\n<meta property=\"og:type\" content=\"article\" \/>\n<meta property=\"og:title\" content=\"Kto mo\u017ce p\u00f3j\u015b\u0107 za Jezusem?... - Gaudium Et Spes\" \/>\n<meta property=\"og:description\" content=\"Bardzo serdecznie witam w kolejnym dniu Wielkiego Postu. To dopiero czwarty dzie\u0144, ale przecie\u017c ju\u017c mo\u017cna by\u0142o wiele zrobi\u0107 na odcinku duchowej pracy nad sob\u0105. Czy ju\u017c si\u0119 co\u015b uda\u0142o? Pami\u0119tajmy, \u017ce ka\u017cdy dzie\u0144, ka\u017cda godzina, ka\u017cda minuta &#8211; jest tu na wag\u0119 z\u0142ota! Jezus nam pomaga &#8211; daje wewn\u0119trzne si\u0142y i natchnienia, a poprzez [&hellip;]\" \/>\n<meta property=\"og:url\" content=\"https:\/\/gaudiumetspes-blog.pl\/index.php\/2011\/03\/12\/kto-moze-pojsc-za-jezuse\/\" \/>\n<meta property=\"og:site_name\" content=\"Gaudium Et Spes\" \/>\n<meta property=\"article:published_time\" content=\"2011-03-12T09:39:00+00:00\" \/>\n<meta property=\"article:modified_time\" content=\"2019-07-31T10:52:09+00:00\" \/>\n<meta name=\"author\" content=\"Ks. Jacek\" \/>\n<meta name=\"twitter:card\" content=\"summary_large_image\" \/>\n<meta name=\"twitter:label1\" content=\"Napisane przez\" \/>\n\t<meta name=\"twitter:data1\" content=\"Ks. Jacek\" \/>\n\t<meta name=\"twitter:label2\" content=\"Szacowany czas czytania\" \/>\n\t<meta name=\"twitter:data2\" content=\"6 minut\" \/>\n<script type=\"application\/ld+json\" class=\"yoast-schema-graph\">{\"@context\":\"https:\/\/schema.org\",\"@graph\":[{\"@type\":\"WebPage\",\"@id\":\"https:\/\/gaudiumetspes-blog.pl\/index.php\/2011\/03\/12\/kto-moze-pojsc-za-jezuse\/\",\"url\":\"https:\/\/gaudiumetspes-blog.pl\/index.php\/2011\/03\/12\/kto-moze-pojsc-za-jezuse\/\",\"name\":\"Kto mo\u017ce p\u00f3j\u015b\u0107 za Jezusem?... - Gaudium Et Spes\",\"isPartOf\":{\"@id\":\"https:\/\/gaudiumetspes-blog.pl\/#website\"},\"datePublished\":\"2011-03-12T09:39:00+00:00\",\"dateModified\":\"2019-07-31T10:52:09+00:00\",\"author\":{\"@id\":\"https:\/\/gaudiumetspes-blog.pl\/#\/schema\/person\/1661982992b752dea8dff0d4ed845a65\"},\"breadcrumb\":{\"@id\":\"https:\/\/gaudiumetspes-blog.pl\/index.php\/2011\/03\/12\/kto-moze-pojsc-za-jezuse\/#breadcrumb\"},\"inLanguage\":\"pl-PL\",\"potentialAction\":[{\"@type\":\"ReadAction\",\"target\":[\"https:\/\/gaudiumetspes-blog.pl\/index.php\/2011\/03\/12\/kto-moze-pojsc-za-jezuse\/\"]}]},{\"@type\":\"BreadcrumbList\",\"@id\":\"https:\/\/gaudiumetspes-blog.pl\/index.php\/2011\/03\/12\/kto-moze-pojsc-za-jezuse\/#breadcrumb\",\"itemListElement\":[{\"@type\":\"ListItem\",\"position\":1,\"name\":\"Strona g\u0142\u00f3wna\",\"item\":\"https:\/\/gaudiumetspes-blog.pl\/\"},{\"@type\":\"ListItem\",\"position\":2,\"name\":\"Kto mo\u017ce p\u00f3j\u015b\u0107 za&nbsp;Jezusem?&#8230;\"}]},{\"@type\":\"WebSite\",\"@id\":\"https:\/\/gaudiumetspes-blog.pl\/#website\",\"url\":\"https:\/\/gaudiumetspes-blog.pl\/\",\"name\":\"Gaudium Et Spes\",\"description\":\"Blog Ks. Jacka Ja\u015bkowskiego\",\"potentialAction\":[{\"@type\":\"SearchAction\",\"target\":{\"@type\":\"EntryPoint\",\"urlTemplate\":\"https:\/\/gaudiumetspes-blog.pl\/?s={search_term_string}\"},\"query-input\":{\"@type\":\"PropertyValueSpecification\",\"valueRequired\":true,\"valueName\":\"search_term_string\"}}],\"inLanguage\":\"pl-PL\"},{\"@type\":\"Person\",\"@id\":\"https:\/\/gaudiumetspes-blog.pl\/#\/schema\/person\/1661982992b752dea8dff0d4ed845a65\",\"name\":\"Ks. Jacek\",\"image\":{\"@type\":\"ImageObject\",\"inLanguage\":\"pl-PL\",\"@id\":\"https:\/\/gaudiumetspes-blog.pl\/#\/schema\/person\/image\/\",\"url\":\"https:\/\/gaudiumetspes-blog.pl\/wp-content\/uploads\/2019\/07\/avatar-JJ-150x150.jpg\",\"contentUrl\":\"https:\/\/gaudiumetspes-blog.pl\/wp-content\/uploads\/2019\/07\/avatar-JJ-150x150.jpg\",\"caption\":\"Ks. Jacek\"},\"description\":\"Witam serdecznie! K\u0142ania si\u0119 Ks. Jacek Ja\u015bkowski. Nie jestem ani kim\u015b wa\u017cnym, ani kim\u015b znanym. Jestem ksi\u0119dzem, kt\u00f3ry po prostu chce rozmawia\u0107. Codzienna kap\u0142a\u0144ska pos\u0142uga pokazuje mi, \u017ce temat\u00f3w do rozm\u00f3w z ksi\u0119dzem jest coraz wi\u0119cej i dzisiaj \u017caden ksi\u0105dz nie mo\u017ce od nich ucieka\u0107, ale - wprost przeciwnie - podejmowa\u0107 nowe wyzwania. To przekonanie sk\u0142oni\u0142o mnie do pr\u00f3by otwarcia tego\u017c bloga, chocia\u017c okazji do rozm\u00f3w na co dzie\u0144 - w konfesjonale i poza nim - na szcz\u0119\u015bcie nie brakuje. My\u015bl\u0119 jednak, \u017ce ten blog b\u0119dzie jeszcze jednym sposobem i przestrzeni\u0105 nawi\u0105zania kontaktu z lud\u017ami dobrej woli, otwartymi na dialog.\",\"url\":\"https:\/\/gaudiumetspes-blog.pl\/index.php\/author\/ks-jacek\/\"}]}<\/script>\n<!-- \/ Yoast SEO plugin. -->","yoast_head_json":{"title":"Kto mo\u017ce p\u00f3j\u015b\u0107 za Jezusem?... - Gaudium Et Spes","robots":{"index":"index","follow":"follow","max-snippet":"max-snippet:-1","max-image-preview":"max-image-preview:large","max-video-preview":"max-video-preview:-1"},"canonical":"https:\/\/gaudiumetspes-blog.pl\/index.php\/2011\/03\/12\/kto-moze-pojsc-za-jezuse\/","og_locale":"pl_PL","og_type":"article","og_title":"Kto mo\u017ce p\u00f3j\u015b\u0107 za Jezusem?... - Gaudium Et Spes","og_description":"Bardzo serdecznie witam w kolejnym dniu Wielkiego Postu. To dopiero czwarty dzie\u0144, ale przecie\u017c ju\u017c mo\u017cna by\u0142o wiele zrobi\u0107 na odcinku duchowej pracy nad sob\u0105. Czy ju\u017c si\u0119 co\u015b uda\u0142o? Pami\u0119tajmy, \u017ce ka\u017cdy dzie\u0144, ka\u017cda godzina, ka\u017cda minuta &#8211; jest tu na wag\u0119 z\u0142ota! Jezus nam pomaga &#8211; daje wewn\u0119trzne si\u0142y i natchnienia, a poprzez [&hellip;]","og_url":"https:\/\/gaudiumetspes-blog.pl\/index.php\/2011\/03\/12\/kto-moze-pojsc-za-jezuse\/","og_site_name":"Gaudium Et Spes","article_published_time":"2011-03-12T09:39:00+00:00","article_modified_time":"2019-07-31T10:52:09+00:00","author":"Ks. Jacek","twitter_card":"summary_large_image","twitter_misc":{"Napisane przez":"Ks. Jacek","Szacowany czas czytania":"6 minut"},"schema":{"@context":"https:\/\/schema.org","@graph":[{"@type":"WebPage","@id":"https:\/\/gaudiumetspes-blog.pl\/index.php\/2011\/03\/12\/kto-moze-pojsc-za-jezuse\/","url":"https:\/\/gaudiumetspes-blog.pl\/index.php\/2011\/03\/12\/kto-moze-pojsc-za-jezuse\/","name":"Kto mo\u017ce p\u00f3j\u015b\u0107 za Jezusem?... - Gaudium Et Spes","isPartOf":{"@id":"https:\/\/gaudiumetspes-blog.pl\/#website"},"datePublished":"2011-03-12T09:39:00+00:00","dateModified":"2019-07-31T10:52:09+00:00","author":{"@id":"https:\/\/gaudiumetspes-blog.pl\/#\/schema\/person\/1661982992b752dea8dff0d4ed845a65"},"breadcrumb":{"@id":"https:\/\/gaudiumetspes-blog.pl\/index.php\/2011\/03\/12\/kto-moze-pojsc-za-jezuse\/#breadcrumb"},"inLanguage":"pl-PL","potentialAction":[{"@type":"ReadAction","target":["https:\/\/gaudiumetspes-blog.pl\/index.php\/2011\/03\/12\/kto-moze-pojsc-za-jezuse\/"]}]},{"@type":"BreadcrumbList","@id":"https:\/\/gaudiumetspes-blog.pl\/index.php\/2011\/03\/12\/kto-moze-pojsc-za-jezuse\/#breadcrumb","itemListElement":[{"@type":"ListItem","position":1,"name":"Strona g\u0142\u00f3wna","item":"https:\/\/gaudiumetspes-blog.pl\/"},{"@type":"ListItem","position":2,"name":"Kto mo\u017ce p\u00f3j\u015b\u0107 za&nbsp;Jezusem?&#8230;"}]},{"@type":"WebSite","@id":"https:\/\/gaudiumetspes-blog.pl\/#website","url":"https:\/\/gaudiumetspes-blog.pl\/","name":"Gaudium Et Spes","description":"Blog Ks. Jacka Ja\u015bkowskiego","potentialAction":[{"@type":"SearchAction","target":{"@type":"EntryPoint","urlTemplate":"https:\/\/gaudiumetspes-blog.pl\/?s={search_term_string}"},"query-input":{"@type":"PropertyValueSpecification","valueRequired":true,"valueName":"search_term_string"}}],"inLanguage":"pl-PL"},{"@type":"Person","@id":"https:\/\/gaudiumetspes-blog.pl\/#\/schema\/person\/1661982992b752dea8dff0d4ed845a65","name":"Ks. Jacek","image":{"@type":"ImageObject","inLanguage":"pl-PL","@id":"https:\/\/gaudiumetspes-blog.pl\/#\/schema\/person\/image\/","url":"https:\/\/gaudiumetspes-blog.pl\/wp-content\/uploads\/2019\/07\/avatar-JJ-150x150.jpg","contentUrl":"https:\/\/gaudiumetspes-blog.pl\/wp-content\/uploads\/2019\/07\/avatar-JJ-150x150.jpg","caption":"Ks. Jacek"},"description":"Witam serdecznie! K\u0142ania si\u0119 Ks. Jacek Ja\u015bkowski. Nie jestem ani kim\u015b wa\u017cnym, ani kim\u015b znanym. Jestem ksi\u0119dzem, kt\u00f3ry po prostu chce rozmawia\u0107. Codzienna kap\u0142a\u0144ska pos\u0142uga pokazuje mi, \u017ce temat\u00f3w do rozm\u00f3w z ksi\u0119dzem jest coraz wi\u0119cej i dzisiaj \u017caden ksi\u0105dz nie mo\u017ce od nich ucieka\u0107, ale - wprost przeciwnie - podejmowa\u0107 nowe wyzwania. To przekonanie sk\u0142oni\u0142o mnie do pr\u00f3by otwarcia tego\u017c bloga, chocia\u017c okazji do rozm\u00f3w na co dzie\u0144 - w konfesjonale i poza nim - na szcz\u0119\u015bcie nie brakuje. My\u015bl\u0119 jednak, \u017ce ten blog b\u0119dzie jeszcze jednym sposobem i przestrzeni\u0105 nawi\u0105zania kontaktu z lud\u017ami dobrej woli, otwartymi na dialog.","url":"https:\/\/gaudiumetspes-blog.pl\/index.php\/author\/ks-jacek\/"}]}},"jetpack_featured_media_url":"","jetpack_sharing_enabled":true,"_links":{"self":[{"href":"https:\/\/gaudiumetspes-blog.pl\/index.php\/wp-json\/wp\/v2\/posts\/9922","targetHints":{"allow":["GET"]}}],"collection":[{"href":"https:\/\/gaudiumetspes-blog.pl\/index.php\/wp-json\/wp\/v2\/posts"}],"about":[{"href":"https:\/\/gaudiumetspes-blog.pl\/index.php\/wp-json\/wp\/v2\/types\/post"}],"author":[{"embeddable":true,"href":"https:\/\/gaudiumetspes-blog.pl\/index.php\/wp-json\/wp\/v2\/users\/1"}],"replies":[{"embeddable":true,"href":"https:\/\/gaudiumetspes-blog.pl\/index.php\/wp-json\/wp\/v2\/comments?post=9922"}],"version-history":[{"count":1,"href":"https:\/\/gaudiumetspes-blog.pl\/index.php\/wp-json\/wp\/v2\/posts\/9922\/revisions"}],"predecessor-version":[{"id":10161,"href":"https:\/\/gaudiumetspes-blog.pl\/index.php\/wp-json\/wp\/v2\/posts\/9922\/revisions\/10161"}],"wp:attachment":[{"href":"https:\/\/gaudiumetspes-blog.pl\/index.php\/wp-json\/wp\/v2\/media?parent=9922"}],"wp:term":[{"taxonomy":"category","embeddable":true,"href":"https:\/\/gaudiumetspes-blog.pl\/index.php\/wp-json\/wp\/v2\/categories?post=9922"},{"taxonomy":"post_tag","embeddable":true,"href":"https:\/\/gaudiumetspes-blog.pl\/index.php\/wp-json\/wp\/v2\/tags?post=9922"}],"curies":[{"name":"wp","href":"https:\/\/api.w.org\/{rel}","templated":true}]}}