{"id":9924,"date":"2011-03-10T10:38:00","date_gmt":"2011-03-10T09:38:00","guid":{"rendered":"https:\/\/gaudiumetspes-blog.pl\/index.php\/2011\/03\/10\/jaka-wybrac-droge-przez-zycie\/"},"modified":"2019-07-31T12:52:09","modified_gmt":"2019-07-31T10:52:09","slug":"jaka-wybrac-droge-przez-zycie","status":"publish","type":"post","link":"https:\/\/gaudiumetspes-blog.pl\/index.php\/2011\/03\/10\/jaka-wybrac-droge-przez-zycie\/","title":{"rendered":"Jak\u0105 wybra\u0107 drog\u0119 przez \u017cycie?"},"content":{"rendered":"<p>Bardzo serdecznie witam w drugim dniu Wielkiego Postu. Dzisiaj otrzymujemy propozycj\u0119 dw\u00f3ch dr\u00f3g przez \u017cycie, a w\u0142a\u015bciwie jednej &#8211; tej pewnej &#8211; na kt\u00f3r\u0105 zaprasza nas Jezus. Zach\u0119cam do refleksji, a jednocze\u015bnie do tego, aby ju\u017c od teraz, od dzisiaj, od pocz\u0105tku tegorocznego Wielkiego Postu zabra\u0107 si\u0119 do konkretnej pracy nad sob\u0105!<br style=\"font-family: 'Times New Roman';\" \/>&nbsp;&nbsp;&nbsp;&nbsp;&nbsp;&nbsp;&nbsp;&nbsp;&nbsp;&nbsp;&nbsp;&nbsp;&nbsp;&nbsp;&nbsp;&nbsp;&nbsp;&nbsp;&nbsp;&nbsp;&nbsp; Gaudium et spes!&nbsp; Ks. Jacek&nbsp;<\/p>\n<div class=\"MsoNormal\" style=\"color: #0f0f0f; font-family: 'Times New Roman'; font-size: 14px; margin-bottom: 0px; margin-left: 0px; margin-right: 0px; margin-top: 0.4em; text-align: justify;\"><b>Czwartek po Popielcu,<\/b><\/div>\n<div class=\"MsoNormal\" style=\"color: #0f0f0f; font-family: 'Times New Roman'; font-size: 14px; margin-bottom: 0px; margin-left: 0px; margin-right: 0px; margin-top: 0.4em; text-align: justify;\"><b>do czyta\u0144: Pwt 30,15\u201320;&nbsp;&nbsp;\u0141k 9,22\u201325<\/b><\/div>\n<div class=\"MsoNormal\" style=\"color: #0f0f0f; font-family: 'Times New Roman'; font-size: 14px; margin-bottom: 0px; margin-left: 0px; margin-right: 0px; margin-top: 0.4em; text-align: justify; text-indent: 35.4pt;\">S\u0142uchaj\u0105c uwa\u017cnie dzisiejszych czyta\u0144 mszalnych, mo\u017cna powiedzie\u0107, \u017ce&nbsp;<b>oba traktuj\u0105 o tym samym,<\/b>&nbsp;tylko mo\u017ce za pomoc\u0105 innych s\u0142\u00f3w, innych sformu\u0142owa\u0144.<\/div>\n<div class=\"MsoNormal\" style=\"color: #0f0f0f; font-family: 'Times New Roman'; font-size: 14px; margin-bottom: 0px; margin-left: 0px; margin-right: 0px; margin-top: 0.4em; text-align: justify; text-indent: 35.4pt;\">Oto w pierwszym czytaniu, z Ksi\u0119gi Powt\u00f3rzonego Prawa, s\u0142yszymy Moj\u017cesza, przedstawiaj\u0105cego ludowi \u2013 w imieniu Boga oczywi\u015bcie \u2013&nbsp;<b>dwie drogi, kt\u00f3rymi mo\u017ce on kroczy\u0107,<\/b>&nbsp;wskazuj\u0105c jednak od razu t\u0119 drog\u0119, kt\u00f3r\u0105&nbsp;<b>powinien kroczy\u0107.<\/b>&nbsp;S\u0142yszymy bowiem:&nbsp;<i>K\u0142ad\u0119 dzi\u015b przed tob\u0105&nbsp;<b>\u017cycie i szcz\u0119\u015bcie, \u015bmier\u0107 i nieszcz\u0119\u015bcie. Ja dzi\u015b nakazuj\u0119 ci kocha\u0107 tego Boga, Pana i chodzi\u0107 Jego drogami,<\/b>&nbsp;pe\u0142ni\u0105c Jego nakazy, polecenia i przykazania, aby\u015b \u017cy\u0142 i mno\u017cy\u0142 si\u0119, a tw\u00f3j B\u00f3g, Pan, b\u0119dzie ci b\u0142ogos\u0142awi\u0142<\/i>\u2026<\/div>\n<div class=\"MsoNormal\" style=\"color: #0f0f0f; font-family: 'Times New Roman'; font-size: 14px; margin-bottom: 0px; margin-left: 0px; margin-right: 0px; margin-top: 0.4em; text-align: justify; text-indent: 35.4pt;\">A zatem \u2013 s\u0105 dwie drogi,&nbsp;<b>nie ma \u017cadnej trzeciej!<\/b>&nbsp;Nie ma&nbsp;<b>niczego po\u015bredniego mi\u0119dzy \u017cyciem a \u015bmierci\u0105, szcz\u0119\u015bciem a nieszcz\u0119\u015bciem, b\u0142ogos\u0142awie\u0144stwem a przekle\u0144stwem! Nie ma trzeciej drogi!<\/b>&nbsp;Dlatego wyb\u00f3r dokonany przez cz\u0142owieka musi by\u0107 jednoznaczny \u2013&nbsp;<b>i musi by\u0107 radykalny!<\/b>&nbsp;Powinien jednak to by\u0107 wyb\u00f3r drogi \u017cycia, drogi b\u0142ogos\u0142awie\u0144stwa.<\/div>\n<div class=\"MsoNormal\" style=\"color: #0f0f0f; font-family: 'Times New Roman'; font-size: 14px; margin-bottom: 0px; margin-left: 0px; margin-right: 0px; margin-top: 0.4em; text-align: justify; text-indent: 35.4pt;\">B\u00f3g podpowiada cz\u0142owiekowi wyb\u00f3r w\u0142a\u015bciwy, oczywi\u015bcie&nbsp;<b>nie nakazuj\u0105c tego w \u017caden spos\u00f3b,<\/b>&nbsp;bo przecie\u017c B\u00f3g nie odbiera cz\u0142owiekowi wolno\u015bci.&nbsp;<b>Zale\u017cy Mu jednak na dobru i zbawieniu cz\u0142owieka,<\/b>&nbsp;dlatego tak wyra\u017anie podpowiada, co powinien on zrobi\u0107, jakiego wyboru powinien dokona\u0107.<\/div>\n<div class=\"MsoNormal\" style=\"color: #0f0f0f; font-family: 'Times New Roman'; font-size: 14px; margin-bottom: 0px; margin-left: 0px; margin-right: 0px; margin-top: 0.4em; text-align: justify; text-indent: 35.4pt;\">Jednocze\u015bnie jednak Jezus w dzisiejszej Ewangelii zaznacza, \u017ce droga ta \u2013 droga Bo\u017ca \u2013&nbsp;<b>nie jest drog\u0105 \u0142atw\u0105.<\/b>Kroczenie ni\u0105 bowiem oznacza&nbsp;<b>wzi\u0119cie na siebie codziennie swego krzy\u017ca, oznacza zapieranie si\u0119 siebie<\/b>\u2026 Ale oznacza te\u017c \u2013 pod\u0105\u017canie za Przewodnikiem pewnym: za Jezusem, a to ju\u017c jest bardzo&nbsp;<b>konkretna gwarancja bezpiecze\u0144stwa i przekonanie, \u017ce si\u0119 idzie dobr\u0105 drog\u0105.<\/b>&nbsp;Je\u017celi bowiem b\u0119dzie si\u0119 chcia\u0142o p\u00f3j\u015b\u0107 drog\u0105 inn\u0105 i nawet ca\u0142y \u015bwiat zyska\u0107 \u2013 jak s\u0142yszeli\u015bmy dzisiaj \u2013 a zatraci\u0107 siebie, ponie\u015b\u0107 szkod\u0119 na duszy,<b>to c\u00f3\u017c z takiego zysku?<\/b><\/div>\n<div class=\"MsoNormal\" style=\"color: #0f0f0f; font-family: 'Times New Roman'; font-size: 14px; margin-bottom: 0px; margin-left: 0px; margin-right: 0px; margin-top: 0.4em; text-align: justify; text-indent: 35.4pt;\">Tak wi\u0119c, Kochani, przes\u0142anie Bo\u017ce, zawarte w dzisiejszej Liturgii S\u0142owa jest jasne i jednoznaczne: B\u00f3g daje ka\u017cdemu z nas&nbsp;<b>mo\u017cliwo\u015b\u0107 wyboru drogi, kt\u00f3r\u0105 mo\u017cna p\u00f3j\u015b\u0107 przez \u017cycie.<\/b>&nbsp;I od razu podpowiada, aby wybra\u0107 Jego drog\u0119, kt\u00f3ra jakkolwiek nie jest \u0142atw\u0105 i b\u0119dzie kosztowa\u0142a troch\u0119 wyrzecze\u0144 i trudu,&nbsp;<b>to jednak na tej drodze \u2013 i tylko na niej \u2013 odnajdziemy prawdziwe szcz\u0119\u015bcie, rado\u015b\u0107, pok\u00f3j i sens \u017cycia.<\/b><\/div>\n<div class=\"MsoNormal\" style=\"color: #0f0f0f; font-family: 'Times New Roman'; font-size: 14px; margin-bottom: 0px; margin-left: 0px; margin-right: 0px; margin-top: 0.4em; text-align: justify; text-indent: 35.4pt;\">Mo\u017cemy oczywi\u015bcie wybra\u0107 drug\u0105 drog\u0119: drog\u0119 \u0142atw\u0105, bardziej popularn\u0105, medialnie bardziej modn\u0105, na kt\u00f3rej b\u0119dzie si\u0119 mo\u017cna dorobi\u0107 i pozycji, i mo\u017ce nawet wielkiego maj\u0105tku, i chwilowego zadowolenia,&nbsp;<b>ale na d\u0142u\u017csz\u0105 met\u0119 \u2013 po prostu si\u0119 zupe\u0142nie przegrywa i wszystko si\u0119 traci.<\/b>&nbsp;Bo je\u017celi traci si\u0119 zbawienie, \u017cycie wieczne,&nbsp;<b>to traci si\u0119 wszystko!<\/b>&nbsp;Wyb\u00f3r drogi \u017cyciowej nale\u017cy do nas. I podj\u0119cie p\u00f3\u017aniejszych&nbsp;<b>konsekwencji tego wyboru \u2013 tak\u017ce!<\/b><\/div>\n<div class=\"MsoNormal\" style=\"color: #0f0f0f; font-family: 'Times New Roman'; font-size: 14px; margin-bottom: 0px; margin-left: 0px; margin-right: 0px; margin-top: 0.4em; text-align: justify; text-indent: 35.4pt;\">Czas Wielkiego Postu, kt\u00f3ry zosta\u0142 nam ponownie podarowany i kt\u00f3ry od wczoraj prze\u017cywamy, jest czasem refleksji nad tym, jakiego wyboru dokonali\u015bmy na ca\u0142e \u017cycie&nbsp;<b>i czy poszczeg\u00f3lne, drobne, codzienne wybory \u2013 potwierdzaj\u0105 ten wyb\u00f3r zasadniczy.<\/b>&nbsp;Czy z tej jednej drogi \u2013 drogi zbawienia \u2013 nie zdarza nam si\u0119 jednak&nbsp;<b>zbyt cz\u0119sto odchodzi\u0107 na te poboczne drogi: kr\u0119te drogi grzechu.<\/b><\/div>\n<div class=\"MsoNormal\" style=\"color: #0f0f0f; font-family: 'Times New Roman'; font-size: 14px; margin-bottom: 0px; margin-left: 0px; margin-right: 0px; margin-top: 0.4em; text-align: justify; text-indent: 35.4pt;\">Niech wielkopostne wyciszenie i prze\u017cywanie wielkopostnych nabo\u017ce\u0144stw, po\u0142\u0105czone z realizacj\u0105 wielkopostnego postanowienia pomo\u017ce nam&nbsp;<b>powr\u00f3ci\u0107 na drog\u0119 Bo\u017c\u0105 i nie ba\u0107 si\u0119 wyzwa\u0144, wymaga\u0144, kt\u00f3re ona ze sob\u0105 niesie,<\/b>&nbsp;bo tylko w ten spos\u00f3b osi\u0105gniemy pe\u0142ni\u0119 szcz\u0119\u015bcia i poczucie sensu tego wszystkiego, co robimy i co ka\u017cdego dnia prze\u017cywamy.<\/div>\n<div class=\"MsoNormal\" style=\"color: #0f0f0f; font-family: 'Times New Roman'; font-size: 14px; margin-bottom: 0px; margin-left: 0px; margin-right: 0px; margin-top: 0.4em; text-align: justify; text-indent: 35.4pt;\">W tym kontek\u015bcie zastan\u00f3wmy si\u0119:<\/div>\n<ul style=\"color: #0f0f0f; font-family: 'Times New Roman'; font-size: 14px; margin-top: 0cm;\" type=\"disc\">\n<li class=\"MsoNormal\" style=\"text-align: justify;\">Jakie postanowienie podj\u0105\u0142em na czas Wielkiego Postu?<\/li>\n<li class=\"MsoNormal\" style=\"text-align: justify;\">Jak uda\u0142o mi si\u0119 zrealizowa\u0107 poprzednie postanowienie, chocia\u017cby uczynione przy Spowiedzi?<\/li>\n<li class=\"MsoNormal\" style=\"text-align: justify;\">Co w moim \u017cyciu tak konkretnie oznacza, \u017ce krocz\u0119 drog\u0105 Jezusa?<\/li>\n<\/ul>\n<div class=\"MsoNormal\" style=\"color: #0f0f0f; font-family: 'Times New Roman'; font-size: 14px; margin-bottom: 0px; margin-left: 0px; margin-right: 0px; margin-top: 0.4em; text-align: justify;\"><b><i>&nbsp;&nbsp;&nbsp;&nbsp;&nbsp; Je\u015bli kto chce i\u015b\u0107 za Mn\u0105, niech si\u0119 zaprze samego siebie, niech co dnia we\u017amie krzy\u017c sw\u00f3j i niech Mnie na\u015bladuje<\/i><\/b>.<\/div>\n","protected":false},"excerpt":{"rendered":"<p>Bardzo serdecznie witam w drugim dniu Wielkiego Postu. Dzisiaj otrzymujemy propozycj\u0119 dw\u00f3ch dr\u00f3g przez \u017cycie, a w\u0142a\u015bciwie jednej &#8211; tej pewnej &#8211; na kt\u00f3r\u0105 zaprasza nas Jezus. Zach\u0119cam do refleksji, a jednocze\u015bnie do tego, aby ju\u017c od teraz, od dzisiaj, od pocz\u0105tku tegorocznego Wielkiego Postu zabra\u0107 si\u0119 do konkretnej pracy nad sob\u0105!&nbsp;&nbsp;&nbsp;&nbsp;&nbsp;&nbsp;&nbsp;&nbsp;&nbsp;&nbsp;&nbsp;&nbsp;&nbsp;&nbsp;&nbsp;&nbsp;&nbsp;&nbsp;&nbsp;&nbsp;&nbsp; Gaudium et spes!&nbsp; [&hellip;]<\/p>\n","protected":false},"author":1,"featured_media":0,"comment_status":"open","ping_status":"open","sticky":false,"template":"","format":"standard","meta":{"jetpack_post_was_ever_published":false,"_jetpack_newsletter_access":"","_jetpack_dont_email_post_to_subs":false,"_jetpack_newsletter_tier_id":0,"_jetpack_memberships_contains_paywalled_content":false,"_jetpack_memberships_contains_paid_content":false,"footnotes":""},"categories":[1],"tags":[],"class_list":["post-9924","post","type-post","status-publish","format-standard","hentry","category-bez-kategorii"],"yoast_head":"<!-- This site is optimized with the Yoast SEO plugin v25.1 - https:\/\/yoast.com\/wordpress\/plugins\/seo\/ -->\n<title>Jak\u0105 wybra\u0107 drog\u0119 przez \u017cycie? - Gaudium Et Spes<\/title>\n<meta name=\"robots\" content=\"index, follow, max-snippet:-1, max-image-preview:large, max-video-preview:-1\" \/>\n<link rel=\"canonical\" href=\"https:\/\/gaudiumetspes-blog.pl\/index.php\/2011\/03\/10\/jaka-wybrac-droge-przez-zycie\/\" \/>\n<meta property=\"og:locale\" content=\"pl_PL\" \/>\n<meta property=\"og:type\" content=\"article\" \/>\n<meta property=\"og:title\" content=\"Jak\u0105 wybra\u0107 drog\u0119 przez \u017cycie? - Gaudium Et Spes\" \/>\n<meta property=\"og:description\" content=\"Bardzo serdecznie witam w drugim dniu Wielkiego Postu. Dzisiaj otrzymujemy propozycj\u0119 dw\u00f3ch dr\u00f3g przez \u017cycie, a w\u0142a\u015bciwie jednej &#8211; tej pewnej &#8211; na kt\u00f3r\u0105 zaprasza nas Jezus. Zach\u0119cam do refleksji, a jednocze\u015bnie do tego, aby ju\u017c od teraz, od dzisiaj, od pocz\u0105tku tegorocznego Wielkiego Postu zabra\u0107 si\u0119 do konkretnej pracy nad sob\u0105!&nbsp;&nbsp;&nbsp;&nbsp;&nbsp;&nbsp;&nbsp;&nbsp;&nbsp;&nbsp;&nbsp;&nbsp;&nbsp;&nbsp;&nbsp;&nbsp;&nbsp;&nbsp;&nbsp;&nbsp;&nbsp; Gaudium et spes!&nbsp; [&hellip;]\" \/>\n<meta property=\"og:url\" content=\"https:\/\/gaudiumetspes-blog.pl\/index.php\/2011\/03\/10\/jaka-wybrac-droge-przez-zycie\/\" \/>\n<meta property=\"og:site_name\" content=\"Gaudium Et Spes\" \/>\n<meta property=\"article:published_time\" content=\"2011-03-10T09:38:00+00:00\" \/>\n<meta property=\"article:modified_time\" content=\"2019-07-31T10:52:09+00:00\" \/>\n<meta name=\"author\" content=\"Ks. Jacek\" \/>\n<meta name=\"twitter:card\" content=\"summary_large_image\" \/>\n<meta name=\"twitter:label1\" content=\"Napisane przez\" \/>\n\t<meta name=\"twitter:data1\" content=\"Ks. Jacek\" \/>\n\t<meta name=\"twitter:label2\" content=\"Szacowany czas czytania\" \/>\n\t<meta name=\"twitter:data2\" content=\"4 minuty\" \/>\n<script type=\"application\/ld+json\" class=\"yoast-schema-graph\">{\"@context\":\"https:\/\/schema.org\",\"@graph\":[{\"@type\":\"WebPage\",\"@id\":\"https:\/\/gaudiumetspes-blog.pl\/index.php\/2011\/03\/10\/jaka-wybrac-droge-przez-zycie\/\",\"url\":\"https:\/\/gaudiumetspes-blog.pl\/index.php\/2011\/03\/10\/jaka-wybrac-droge-przez-zycie\/\",\"name\":\"Jak\u0105 wybra\u0107 drog\u0119 przez \u017cycie? - Gaudium Et Spes\",\"isPartOf\":{\"@id\":\"https:\/\/gaudiumetspes-blog.pl\/#website\"},\"datePublished\":\"2011-03-10T09:38:00+00:00\",\"dateModified\":\"2019-07-31T10:52:09+00:00\",\"author\":{\"@id\":\"https:\/\/gaudiumetspes-blog.pl\/#\/schema\/person\/1661982992b752dea8dff0d4ed845a65\"},\"breadcrumb\":{\"@id\":\"https:\/\/gaudiumetspes-blog.pl\/index.php\/2011\/03\/10\/jaka-wybrac-droge-przez-zycie\/#breadcrumb\"},\"inLanguage\":\"pl-PL\",\"potentialAction\":[{\"@type\":\"ReadAction\",\"target\":[\"https:\/\/gaudiumetspes-blog.pl\/index.php\/2011\/03\/10\/jaka-wybrac-droge-przez-zycie\/\"]}]},{\"@type\":\"BreadcrumbList\",\"@id\":\"https:\/\/gaudiumetspes-blog.pl\/index.php\/2011\/03\/10\/jaka-wybrac-droge-przez-zycie\/#breadcrumb\",\"itemListElement\":[{\"@type\":\"ListItem\",\"position\":1,\"name\":\"Strona g\u0142\u00f3wna\",\"item\":\"https:\/\/gaudiumetspes-blog.pl\/\"},{\"@type\":\"ListItem\",\"position\":2,\"name\":\"Jak\u0105 wybra\u0107 drog\u0119 przez&nbsp;\u017cycie?\"}]},{\"@type\":\"WebSite\",\"@id\":\"https:\/\/gaudiumetspes-blog.pl\/#website\",\"url\":\"https:\/\/gaudiumetspes-blog.pl\/\",\"name\":\"Gaudium Et Spes\",\"description\":\"Blog Ks. Jacka Ja\u015bkowskiego\",\"potentialAction\":[{\"@type\":\"SearchAction\",\"target\":{\"@type\":\"EntryPoint\",\"urlTemplate\":\"https:\/\/gaudiumetspes-blog.pl\/?s={search_term_string}\"},\"query-input\":{\"@type\":\"PropertyValueSpecification\",\"valueRequired\":true,\"valueName\":\"search_term_string\"}}],\"inLanguage\":\"pl-PL\"},{\"@type\":\"Person\",\"@id\":\"https:\/\/gaudiumetspes-blog.pl\/#\/schema\/person\/1661982992b752dea8dff0d4ed845a65\",\"name\":\"Ks. Jacek\",\"image\":{\"@type\":\"ImageObject\",\"inLanguage\":\"pl-PL\",\"@id\":\"https:\/\/gaudiumetspes-blog.pl\/#\/schema\/person\/image\/\",\"url\":\"https:\/\/gaudiumetspes-blog.pl\/wp-content\/uploads\/2019\/07\/avatar-JJ-150x150.jpg\",\"contentUrl\":\"https:\/\/gaudiumetspes-blog.pl\/wp-content\/uploads\/2019\/07\/avatar-JJ-150x150.jpg\",\"caption\":\"Ks. Jacek\"},\"description\":\"Witam serdecznie! K\u0142ania si\u0119 Ks. Jacek Ja\u015bkowski. Nie jestem ani kim\u015b wa\u017cnym, ani kim\u015b znanym. Jestem ksi\u0119dzem, kt\u00f3ry po prostu chce rozmawia\u0107. Codzienna kap\u0142a\u0144ska pos\u0142uga pokazuje mi, \u017ce temat\u00f3w do rozm\u00f3w z ksi\u0119dzem jest coraz wi\u0119cej i dzisiaj \u017caden ksi\u0105dz nie mo\u017ce od nich ucieka\u0107, ale - wprost przeciwnie - podejmowa\u0107 nowe wyzwania. To przekonanie sk\u0142oni\u0142o mnie do pr\u00f3by otwarcia tego\u017c bloga, chocia\u017c okazji do rozm\u00f3w na co dzie\u0144 - w konfesjonale i poza nim - na szcz\u0119\u015bcie nie brakuje. My\u015bl\u0119 jednak, \u017ce ten blog b\u0119dzie jeszcze jednym sposobem i przestrzeni\u0105 nawi\u0105zania kontaktu z lud\u017ami dobrej woli, otwartymi na dialog.\",\"url\":\"https:\/\/gaudiumetspes-blog.pl\/index.php\/author\/ks-jacek\/\"}]}<\/script>\n<!-- \/ Yoast SEO plugin. -->","yoast_head_json":{"title":"Jak\u0105 wybra\u0107 drog\u0119 przez \u017cycie? - Gaudium Et Spes","robots":{"index":"index","follow":"follow","max-snippet":"max-snippet:-1","max-image-preview":"max-image-preview:large","max-video-preview":"max-video-preview:-1"},"canonical":"https:\/\/gaudiumetspes-blog.pl\/index.php\/2011\/03\/10\/jaka-wybrac-droge-przez-zycie\/","og_locale":"pl_PL","og_type":"article","og_title":"Jak\u0105 wybra\u0107 drog\u0119 przez \u017cycie? - Gaudium Et Spes","og_description":"Bardzo serdecznie witam w drugim dniu Wielkiego Postu. Dzisiaj otrzymujemy propozycj\u0119 dw\u00f3ch dr\u00f3g przez \u017cycie, a w\u0142a\u015bciwie jednej &#8211; tej pewnej &#8211; na kt\u00f3r\u0105 zaprasza nas Jezus. Zach\u0119cam do refleksji, a jednocze\u015bnie do tego, aby ju\u017c od teraz, od dzisiaj, od pocz\u0105tku tegorocznego Wielkiego Postu zabra\u0107 si\u0119 do konkretnej pracy nad sob\u0105!&nbsp;&nbsp;&nbsp;&nbsp;&nbsp;&nbsp;&nbsp;&nbsp;&nbsp;&nbsp;&nbsp;&nbsp;&nbsp;&nbsp;&nbsp;&nbsp;&nbsp;&nbsp;&nbsp;&nbsp;&nbsp; Gaudium et spes!&nbsp; [&hellip;]","og_url":"https:\/\/gaudiumetspes-blog.pl\/index.php\/2011\/03\/10\/jaka-wybrac-droge-przez-zycie\/","og_site_name":"Gaudium Et Spes","article_published_time":"2011-03-10T09:38:00+00:00","article_modified_time":"2019-07-31T10:52:09+00:00","author":"Ks. Jacek","twitter_card":"summary_large_image","twitter_misc":{"Napisane przez":"Ks. Jacek","Szacowany czas czytania":"4 minuty"},"schema":{"@context":"https:\/\/schema.org","@graph":[{"@type":"WebPage","@id":"https:\/\/gaudiumetspes-blog.pl\/index.php\/2011\/03\/10\/jaka-wybrac-droge-przez-zycie\/","url":"https:\/\/gaudiumetspes-blog.pl\/index.php\/2011\/03\/10\/jaka-wybrac-droge-przez-zycie\/","name":"Jak\u0105 wybra\u0107 drog\u0119 przez \u017cycie? - Gaudium Et Spes","isPartOf":{"@id":"https:\/\/gaudiumetspes-blog.pl\/#website"},"datePublished":"2011-03-10T09:38:00+00:00","dateModified":"2019-07-31T10:52:09+00:00","author":{"@id":"https:\/\/gaudiumetspes-blog.pl\/#\/schema\/person\/1661982992b752dea8dff0d4ed845a65"},"breadcrumb":{"@id":"https:\/\/gaudiumetspes-blog.pl\/index.php\/2011\/03\/10\/jaka-wybrac-droge-przez-zycie\/#breadcrumb"},"inLanguage":"pl-PL","potentialAction":[{"@type":"ReadAction","target":["https:\/\/gaudiumetspes-blog.pl\/index.php\/2011\/03\/10\/jaka-wybrac-droge-przez-zycie\/"]}]},{"@type":"BreadcrumbList","@id":"https:\/\/gaudiumetspes-blog.pl\/index.php\/2011\/03\/10\/jaka-wybrac-droge-przez-zycie\/#breadcrumb","itemListElement":[{"@type":"ListItem","position":1,"name":"Strona g\u0142\u00f3wna","item":"https:\/\/gaudiumetspes-blog.pl\/"},{"@type":"ListItem","position":2,"name":"Jak\u0105 wybra\u0107 drog\u0119 przez&nbsp;\u017cycie?"}]},{"@type":"WebSite","@id":"https:\/\/gaudiumetspes-blog.pl\/#website","url":"https:\/\/gaudiumetspes-blog.pl\/","name":"Gaudium Et Spes","description":"Blog Ks. Jacka Ja\u015bkowskiego","potentialAction":[{"@type":"SearchAction","target":{"@type":"EntryPoint","urlTemplate":"https:\/\/gaudiumetspes-blog.pl\/?s={search_term_string}"},"query-input":{"@type":"PropertyValueSpecification","valueRequired":true,"valueName":"search_term_string"}}],"inLanguage":"pl-PL"},{"@type":"Person","@id":"https:\/\/gaudiumetspes-blog.pl\/#\/schema\/person\/1661982992b752dea8dff0d4ed845a65","name":"Ks. Jacek","image":{"@type":"ImageObject","inLanguage":"pl-PL","@id":"https:\/\/gaudiumetspes-blog.pl\/#\/schema\/person\/image\/","url":"https:\/\/gaudiumetspes-blog.pl\/wp-content\/uploads\/2019\/07\/avatar-JJ-150x150.jpg","contentUrl":"https:\/\/gaudiumetspes-blog.pl\/wp-content\/uploads\/2019\/07\/avatar-JJ-150x150.jpg","caption":"Ks. Jacek"},"description":"Witam serdecznie! K\u0142ania si\u0119 Ks. Jacek Ja\u015bkowski. Nie jestem ani kim\u015b wa\u017cnym, ani kim\u015b znanym. Jestem ksi\u0119dzem, kt\u00f3ry po prostu chce rozmawia\u0107. Codzienna kap\u0142a\u0144ska pos\u0142uga pokazuje mi, \u017ce temat\u00f3w do rozm\u00f3w z ksi\u0119dzem jest coraz wi\u0119cej i dzisiaj \u017caden ksi\u0105dz nie mo\u017ce od nich ucieka\u0107, ale - wprost przeciwnie - podejmowa\u0107 nowe wyzwania. To przekonanie sk\u0142oni\u0142o mnie do pr\u00f3by otwarcia tego\u017c bloga, chocia\u017c okazji do rozm\u00f3w na co dzie\u0144 - w konfesjonale i poza nim - na szcz\u0119\u015bcie nie brakuje. My\u015bl\u0119 jednak, \u017ce ten blog b\u0119dzie jeszcze jednym sposobem i przestrzeni\u0105 nawi\u0105zania kontaktu z lud\u017ami dobrej woli, otwartymi na dialog.","url":"https:\/\/gaudiumetspes-blog.pl\/index.php\/author\/ks-jacek\/"}]}},"jetpack_featured_media_url":"","jetpack_sharing_enabled":true,"_links":{"self":[{"href":"https:\/\/gaudiumetspes-blog.pl\/index.php\/wp-json\/wp\/v2\/posts\/9924","targetHints":{"allow":["GET"]}}],"collection":[{"href":"https:\/\/gaudiumetspes-blog.pl\/index.php\/wp-json\/wp\/v2\/posts"}],"about":[{"href":"https:\/\/gaudiumetspes-blog.pl\/index.php\/wp-json\/wp\/v2\/types\/post"}],"author":[{"embeddable":true,"href":"https:\/\/gaudiumetspes-blog.pl\/index.php\/wp-json\/wp\/v2\/users\/1"}],"replies":[{"embeddable":true,"href":"https:\/\/gaudiumetspes-blog.pl\/index.php\/wp-json\/wp\/v2\/comments?post=9924"}],"version-history":[{"count":1,"href":"https:\/\/gaudiumetspes-blog.pl\/index.php\/wp-json\/wp\/v2\/posts\/9924\/revisions"}],"predecessor-version":[{"id":10159,"href":"https:\/\/gaudiumetspes-blog.pl\/index.php\/wp-json\/wp\/v2\/posts\/9924\/revisions\/10159"}],"wp:attachment":[{"href":"https:\/\/gaudiumetspes-blog.pl\/index.php\/wp-json\/wp\/v2\/media?parent=9924"}],"wp:term":[{"taxonomy":"category","embeddable":true,"href":"https:\/\/gaudiumetspes-blog.pl\/index.php\/wp-json\/wp\/v2\/categories?post=9924"},{"taxonomy":"post_tag","embeddable":true,"href":"https:\/\/gaudiumetspes-blog.pl\/index.php\/wp-json\/wp\/v2\/tags?post=9924"}],"curies":[{"name":"wp","href":"https:\/\/api.w.org\/{rel}","templated":true}]}}