{"id":9926,"date":"2011-03-08T10:36:00","date_gmt":"2011-03-08T09:36:00","guid":{"rendered":"https:\/\/gaudiumetspes-blog.pl\/index.php\/2011\/03\/08\/oddajcie-bogu-co-boskie\/"},"modified":"2019-07-31T12:52:08","modified_gmt":"2019-07-31T10:52:08","slug":"oddajcie-bogu-co-boskie","status":"publish","type":"post","link":"https:\/\/gaudiumetspes-blog.pl\/index.php\/2011\/03\/08\/oddajcie-bogu-co-boskie\/","title":{"rendered":"Oddajcie Bogu, co Boskie&#8230;"},"content":{"rendered":"<p>Witam bardzo serdecznie. Wszystkim Paniom, w dniu ich \u015bwi\u0119ta, przesy\u0142am najserdeczniejsze \u017cyczenia, wraz z modlitw\u0105 o to, aby zawsze dobrze pojmowa\u0142y wielko\u015b\u0107 swojej kobieco\u015bci i swoj\u0105 niezast\u0105pion\u0105 rol\u0119 w Ko\u015bciele i \u015bwiecie, o czym naucza\u0142 Jan Pawe\u0142 II. Niech dobroci\u0105 i wra\u017cliwo\u015bci\u0105 swoich serc ocieplaj\u0105 domy rodzinne i miejsca pracy. Zapraszam wszystkich Pan\u00f3w do modlitwy w intencji naszych Pa\u0144. A na dzisiaj &#8211; zach\u0119cam do refleksji nad tym, co Boskie i co cesarskie w naszym \u017cyciu. Szcz\u0119\u015b\u0107 Bo\u017ce!&nbsp;<br style=\"font-family: 'Times New Roman';\" \/>&nbsp;&nbsp;&nbsp;&nbsp;&nbsp;&nbsp;&nbsp;&nbsp;&nbsp;&nbsp;&nbsp;&nbsp;&nbsp;&nbsp;&nbsp;&nbsp;&nbsp;&nbsp;&nbsp;&nbsp;&nbsp;&nbsp;&nbsp;&nbsp;&nbsp;&nbsp;&nbsp;&nbsp;&nbsp;&nbsp; Gaudium et spes!&nbsp; Ks. Jacek&nbsp;<\/p>\n<div class=\"MsoNormal\" style=\"color: #0f0f0f; font-family: 'Times New Roman'; font-size: 14px; margin-bottom: 0px; margin-left: 0px; margin-right: 0px; margin-top: 0.4em; text-align: justify;\"><b>Wtorek 9 tygodnia zwyk\u0142ego, rok I,<\/b><\/div>\n<div class=\"MsoNormal\" style=\"color: #0f0f0f; font-family: 'Times New Roman'; font-size: 14px; margin-bottom: 0px; margin-left: 0px; margin-right: 0px; margin-top: 0.4em; text-align: justify;\"><b>do czyta\u0144:&nbsp; Tb 2,10\u201323(Wlg);&nbsp; Mk12,13\u201317<\/b><\/div>\n<div class=\"MsoNormal\" style=\"color: #0f0f0f; font-family: 'Times New Roman'; font-size: 14px; margin-bottom: 0px; margin-left: 0px; margin-right: 0px; margin-top: 0.4em; text-align: justify; text-indent: 35.4pt;\">S\u0142uchaj\u0105c z uwag\u0105 dzisiejszych czyta\u0144 mszalnych, jeste\u015bmy \u015bwiadkami&nbsp;<b>pr\u00f3by, jakiej poddano zar\u00f3wno Jezusa, jak i Tobiasza.<\/b><\/div>\n<div class=\"MsoNormal\" style=\"color: #0f0f0f; font-family: 'Times New Roman'; font-size: 14px; margin-bottom: 0px; margin-left: 0px; margin-right: 0px; margin-top: 0.4em; text-align: justify; text-indent: 35.4pt;\">Tobiasz poddany zosta\u0142&nbsp;<b>pr\u00f3bie cierpliwo\u015bci.<\/b>&nbsp;Oto bowiem spotka\u0142o go zupe\u0142nie niespodziewane do\u015bwiadczenie utraty wzroku. A przecie\u017c wszyscy doskonale wiedzieli, \u017ce Tobiasz jest&nbsp;<b>sprawiedliwy i post\u0119puje \u015bci\u015ble wed\u0142ug wskaza\u0144 Bo\u017cych i tradycji swego Narodu.<\/b>&nbsp;I oto takie niepowodzenie. Jak jednak Tobiasz post\u0119powa\u0142 w tej sytuacji?<\/div>\n<div class=\"MsoNormal\" style=\"color: #0f0f0f; font-family: 'Times New Roman'; font-size: 14px; margin-bottom: 0px; margin-left: 0px; margin-right: 0px; margin-top: 0.4em; text-align: justify; text-indent: 35.4pt;\">S\u0142yszymy:&nbsp;<i>Poniewa\u017c od dzieci\u0144stwa ba\u0142 si\u0119 Boga i zachowywa\u0142 Jego przykazania,&nbsp;<b>nie szemra\u0142 przeciwko Bogu, \u017ce go dotkn\u0119\u0142o nieszcz\u0119\u015bcie \u015blepoty, lecz pozosta\u0142 nieporuszony w boja\u017ani Bo\u017cej, sk\u0142adaj\u0105c Bogu dzi\u0119ki przez wszystkie dni swego \u017cycia<\/b><\/i>. Okaza\u0142o si\u0119 jednak, \u017ce taka postawa spotka\u0142a si\u0119 ur\u0105ganiem i wy\u015bmiewaniem ze strony zar\u00f3wno prze\u0142o\u017conych rod\u00f3w, jak i samej \u017cony. Nie spowodowa\u0142o to jednak&nbsp;<b>najmniejszej nawet zmiany<\/b>nastawienia, czy post\u0119powania Tobiasza.<\/div>\n<div class=\"MsoNormal\" style=\"color: #0f0f0f; font-family: 'Times New Roman'; font-size: 14px; margin-bottom: 0px; margin-left: 0px; margin-right: 0px; margin-top: 0.4em; text-align: justify; text-indent: 35.4pt;\">Tak\u017ce Jezus \u2013 jak o tym m\u00f3wi Ewangelia \u2013 zosta\u0142 poddany pr\u00f3bie. Oto faryzeusze i zwolennicy Heroda, chc\u0105c postawi\u0107 Jezusa w trudnej sytuacji, pytaj\u0105 o konieczno\u015b\u0107 p\u0142acenia podatku Rzymowi \u2013 czyli okupantowi. Wiadomo by\u0142o, \u017ce&nbsp;<b>jakiejkolwiek by Jezus nie udzieli\u0142 odpowiedzi, to i tak zosta\u0142aby ona u\u017cyta przeciwko Niemu.<\/b>&nbsp;Dlatego udziela odpowiedzi, kt\u00f3rej celem jest&nbsp;<b>wskazanie na co\u015b o wiele bardziej wa\u017cnego,<\/b>&nbsp;ni\u017c podatek p\u0142acony Cezarowi.<\/div>\n<div class=\"MsoNormal\" style=\"color: #0f0f0f; font-family: 'Times New Roman'; font-size: 14px; margin-bottom: 0px; margin-left: 0px; margin-right: 0px; margin-top: 0.4em; text-align: justify; text-indent: 35.4pt;\">Ot\u00f3\u017c, Jezus wskazuje, \u017ce ka\u017cdy powinien&nbsp;<b>przede wszystkim Bogu oddawa\u0107 nale\u017cn\u0105 Mu cze\u015b\u0107,<\/b>&nbsp;a to nigdy nie stoi w sprzeczno\u015bci z \u017cadnym, w\u0142a\u015bciwie ustawionym porz\u0105dkiem doczesnym. Je\u017celi kto\u015b Bogu oddaje cze\u015b\u0107,&nbsp;<b>to zachowuje tak\u017ce w\u0142a\u015bciwe odniesienie do ludzi i ca\u0142ego otaczaj\u0105cego go \u015bwiata<\/b>&nbsp;\u2013 i b\u0119dzie potrafi\u0142 w ka\u017cdej sytuacji si\u0119 odnale\u017a\u0107, w ka\u017cdym doczesnym porz\u0105dku&nbsp;<b>b\u0119dzie umia\u0142 dostrzec swoje miejsce i zadania,&nbsp;<\/b>jakie ma tam do spe\u0142nienia.<\/div>\n<div class=\"MsoNormal\" style=\"color: #0f0f0f; font-family: 'Times New Roman'; font-size: 14px; margin-bottom: 0px; margin-left: 0px; margin-right: 0px; margin-top: 0.4em; text-align: justify; text-indent: 35.4pt;\">I tego w\u0142a\u015bnie uczy nas dzisiaj swoj\u0105 postaw\u0105 Jezus, oraz sprawiedliwy Tobiasz:&nbsp;<b>przede wszystkim \u2013 wierno\u015b\u0107 Bogu! Przede wszystkim \u2013 pos\u0142usze\u0144stwo Jego nakazom i Jego woli! Przede wszystkim \u2013 B\u00f3g na pierwszym miejscu w \u017cyciu!<\/b>&nbsp;A je\u017celi tak sprawy b\u0119d\u0105 ustawione, to wszystko inne tak\u017ce b\u0119dzie na swoim miejscu i we w\u0142a\u015bciwym porz\u0105dku!<\/div>\n<div class=\"MsoNormal\" style=\"color: #0f0f0f; font-family: 'Times New Roman'; font-size: 14px; margin-bottom: 0px; margin-left: 0px; margin-right: 0px; margin-top: 0.4em; text-align: justify; text-indent: 35.4pt;\">Fakt, \u017ce wielu ludzi nie potrafi m\u0105drze poustawia\u0107 swoich spraw rodzinnych, zawodowych czy jeszcze innych, dowodzi z regu\u0142y tego, \u017ce&nbsp;<b>w ich \u017cyciu B\u00f3g zosta\u0142 zepchni\u0119ty na margines i stanowi niekonieczny, \u015bwi\u0105teczny dodatek do rzeczywisto\u015bci.&nbsp;<\/b>Je\u017celi B\u00f3g jest natomiast na pierwszym miejscu \u2013 jak mawiaj\u0105 do\u015bwiadczeni kaznodzieje&nbsp;\u2013&nbsp;<b>to wszystko jest na swoim w\u0142a\u015bciwym miejscu.<\/b>&nbsp;<\/div>\n<div class=\"MsoNormal\" style=\"color: #0f0f0f; font-family: 'Times New Roman'; font-size: 14px; margin-bottom: 0px; margin-left: 0px; margin-right: 0px; margin-top: 0.4em; text-align: justify; text-indent: 35.4pt;\">W tym kontek\u015bcie zastan\u00f3wmy si\u0119:<\/div>\n<ul style=\"color: #0f0f0f; font-family: 'Times New Roman'; font-size: 14px; margin-top: 0cm;\" type=\"disc\">\n<li class=\"MsoNormal\" style=\"text-align: justify;\">Czy rozwi\u0105zywanie moich osobistych i rodzinnych problem\u00f3w zaczynam od zapytania Boga o rad\u0119, czy od wykorzystania wszystkich ludzkich sposob\u00f3w, a B\u00f3g jest na ko\u0144cu?<\/li>\n<li class=\"MsoNormal\" style=\"text-align: justify;\">Czy ka\u017cdego dnia sumiennie oddaj\u0119 Bogu to, co nale\u017cy do Boga?<\/li>\n<li class=\"MsoNormal\" style=\"text-align: justify;\">Czy nie oddzielam swego \u017cycia zawodowego, rodzinnego, studenckiego od swojej religijno\u015bci, a wi\u0119c \u2013 czy nie \u017cyj\u0119 niejako na dwa sposoby: w ko\u015bciele inaczej, a poza nim zupe\u0142nie inaczej?<\/li>\n<\/ul>\n<div class=\"MsoNormal\" style=\"color: #0f0f0f; font-family: 'Times New Roman'; font-size: 14px; margin-bottom: 0px; margin-left: 0px; margin-right: 0px; margin-top: 0.4em; text-align: justify; text-indent: 18pt;\"><b><i>Oddajcie wi\u0119c Cezarowi to, co nale\u017cy do Cezara, a Bogu to, co nale\u017cy do Boga<\/i><\/b><b>!<\/b><\/div>\n<div><b><br \/>\n<\/b><\/div>\n","protected":false},"excerpt":{"rendered":"<p>Witam bardzo serdecznie. Wszystkim Paniom, w dniu ich \u015bwi\u0119ta, przesy\u0142am najserdeczniejsze \u017cyczenia, wraz z modlitw\u0105 o to, aby zawsze dobrze pojmowa\u0142y wielko\u015b\u0107 swojej kobieco\u015bci i swoj\u0105 niezast\u0105pion\u0105 rol\u0119 w Ko\u015bciele i \u015bwiecie, o czym naucza\u0142 Jan Pawe\u0142 II. Niech dobroci\u0105 i wra\u017cliwo\u015bci\u0105 swoich serc ocieplaj\u0105 domy rodzinne i miejsca pracy. Zapraszam wszystkich Pan\u00f3w do modlitwy [&hellip;]<\/p>\n","protected":false},"author":1,"featured_media":0,"comment_status":"open","ping_status":"open","sticky":false,"template":"","format":"standard","meta":{"jetpack_post_was_ever_published":false,"_jetpack_newsletter_access":"","_jetpack_dont_email_post_to_subs":false,"_jetpack_newsletter_tier_id":0,"_jetpack_memberships_contains_paywalled_content":false,"_jetpack_memberships_contains_paid_content":false,"footnotes":""},"categories":[1],"tags":[],"class_list":["post-9926","post","type-post","status-publish","format-standard","hentry","category-bez-kategorii"],"yoast_head":"<!-- This site is optimized with the Yoast SEO plugin v25.1 - https:\/\/yoast.com\/wordpress\/plugins\/seo\/ -->\n<title>Oddajcie Bogu, co Boskie... - Gaudium Et Spes<\/title>\n<meta name=\"robots\" content=\"index, follow, max-snippet:-1, max-image-preview:large, max-video-preview:-1\" \/>\n<link rel=\"canonical\" href=\"https:\/\/gaudiumetspes-blog.pl\/index.php\/2011\/03\/08\/oddajcie-bogu-co-boskie\/\" \/>\n<meta property=\"og:locale\" content=\"pl_PL\" \/>\n<meta property=\"og:type\" content=\"article\" \/>\n<meta property=\"og:title\" content=\"Oddajcie Bogu, co Boskie... - Gaudium Et Spes\" \/>\n<meta property=\"og:description\" content=\"Witam bardzo serdecznie. Wszystkim Paniom, w dniu ich \u015bwi\u0119ta, przesy\u0142am najserdeczniejsze \u017cyczenia, wraz z modlitw\u0105 o to, aby zawsze dobrze pojmowa\u0142y wielko\u015b\u0107 swojej kobieco\u015bci i swoj\u0105 niezast\u0105pion\u0105 rol\u0119 w Ko\u015bciele i \u015bwiecie, o czym naucza\u0142 Jan Pawe\u0142 II. Niech dobroci\u0105 i wra\u017cliwo\u015bci\u0105 swoich serc ocieplaj\u0105 domy rodzinne i miejsca pracy. Zapraszam wszystkich Pan\u00f3w do modlitwy [&hellip;]\" \/>\n<meta property=\"og:url\" content=\"https:\/\/gaudiumetspes-blog.pl\/index.php\/2011\/03\/08\/oddajcie-bogu-co-boskie\/\" \/>\n<meta property=\"og:site_name\" content=\"Gaudium Et Spes\" \/>\n<meta property=\"article:published_time\" content=\"2011-03-08T09:36:00+00:00\" \/>\n<meta property=\"article:modified_time\" content=\"2019-07-31T10:52:08+00:00\" \/>\n<meta name=\"author\" content=\"Ks. Jacek\" \/>\n<meta name=\"twitter:card\" content=\"summary_large_image\" \/>\n<meta name=\"twitter:label1\" content=\"Napisane przez\" \/>\n\t<meta name=\"twitter:data1\" content=\"Ks. Jacek\" \/>\n\t<meta name=\"twitter:label2\" content=\"Szacowany czas czytania\" \/>\n\t<meta name=\"twitter:data2\" content=\"4 minuty\" \/>\n<script type=\"application\/ld+json\" class=\"yoast-schema-graph\">{\"@context\":\"https:\/\/schema.org\",\"@graph\":[{\"@type\":\"WebPage\",\"@id\":\"https:\/\/gaudiumetspes-blog.pl\/index.php\/2011\/03\/08\/oddajcie-bogu-co-boskie\/\",\"url\":\"https:\/\/gaudiumetspes-blog.pl\/index.php\/2011\/03\/08\/oddajcie-bogu-co-boskie\/\",\"name\":\"Oddajcie Bogu, co Boskie... - Gaudium Et Spes\",\"isPartOf\":{\"@id\":\"https:\/\/gaudiumetspes-blog.pl\/#website\"},\"datePublished\":\"2011-03-08T09:36:00+00:00\",\"dateModified\":\"2019-07-31T10:52:08+00:00\",\"author\":{\"@id\":\"https:\/\/gaudiumetspes-blog.pl\/#\/schema\/person\/1661982992b752dea8dff0d4ed845a65\"},\"breadcrumb\":{\"@id\":\"https:\/\/gaudiumetspes-blog.pl\/index.php\/2011\/03\/08\/oddajcie-bogu-co-boskie\/#breadcrumb\"},\"inLanguage\":\"pl-PL\",\"potentialAction\":[{\"@type\":\"ReadAction\",\"target\":[\"https:\/\/gaudiumetspes-blog.pl\/index.php\/2011\/03\/08\/oddajcie-bogu-co-boskie\/\"]}]},{\"@type\":\"BreadcrumbList\",\"@id\":\"https:\/\/gaudiumetspes-blog.pl\/index.php\/2011\/03\/08\/oddajcie-bogu-co-boskie\/#breadcrumb\",\"itemListElement\":[{\"@type\":\"ListItem\",\"position\":1,\"name\":\"Strona g\u0142\u00f3wna\",\"item\":\"https:\/\/gaudiumetspes-blog.pl\/\"},{\"@type\":\"ListItem\",\"position\":2,\"name\":\"Oddajcie Bogu, co Boskie&#8230;\"}]},{\"@type\":\"WebSite\",\"@id\":\"https:\/\/gaudiumetspes-blog.pl\/#website\",\"url\":\"https:\/\/gaudiumetspes-blog.pl\/\",\"name\":\"Gaudium Et Spes\",\"description\":\"Blog Ks. Jacka Ja\u015bkowskiego\",\"potentialAction\":[{\"@type\":\"SearchAction\",\"target\":{\"@type\":\"EntryPoint\",\"urlTemplate\":\"https:\/\/gaudiumetspes-blog.pl\/?s={search_term_string}\"},\"query-input\":{\"@type\":\"PropertyValueSpecification\",\"valueRequired\":true,\"valueName\":\"search_term_string\"}}],\"inLanguage\":\"pl-PL\"},{\"@type\":\"Person\",\"@id\":\"https:\/\/gaudiumetspes-blog.pl\/#\/schema\/person\/1661982992b752dea8dff0d4ed845a65\",\"name\":\"Ks. Jacek\",\"image\":{\"@type\":\"ImageObject\",\"inLanguage\":\"pl-PL\",\"@id\":\"https:\/\/gaudiumetspes-blog.pl\/#\/schema\/person\/image\/\",\"url\":\"https:\/\/gaudiumetspes-blog.pl\/wp-content\/uploads\/2019\/07\/avatar-JJ-150x150.jpg\",\"contentUrl\":\"https:\/\/gaudiumetspes-blog.pl\/wp-content\/uploads\/2019\/07\/avatar-JJ-150x150.jpg\",\"caption\":\"Ks. Jacek\"},\"description\":\"Witam serdecznie! K\u0142ania si\u0119 Ks. Jacek Ja\u015bkowski. Nie jestem ani kim\u015b wa\u017cnym, ani kim\u015b znanym. Jestem ksi\u0119dzem, kt\u00f3ry po prostu chce rozmawia\u0107. Codzienna kap\u0142a\u0144ska pos\u0142uga pokazuje mi, \u017ce temat\u00f3w do rozm\u00f3w z ksi\u0119dzem jest coraz wi\u0119cej i dzisiaj \u017caden ksi\u0105dz nie mo\u017ce od nich ucieka\u0107, ale - wprost przeciwnie - podejmowa\u0107 nowe wyzwania. To przekonanie sk\u0142oni\u0142o mnie do pr\u00f3by otwarcia tego\u017c bloga, chocia\u017c okazji do rozm\u00f3w na co dzie\u0144 - w konfesjonale i poza nim - na szcz\u0119\u015bcie nie brakuje. My\u015bl\u0119 jednak, \u017ce ten blog b\u0119dzie jeszcze jednym sposobem i przestrzeni\u0105 nawi\u0105zania kontaktu z lud\u017ami dobrej woli, otwartymi na dialog.\",\"url\":\"https:\/\/gaudiumetspes-blog.pl\/index.php\/author\/ks-jacek\/\"}]}<\/script>\n<!-- \/ Yoast SEO plugin. -->","yoast_head_json":{"title":"Oddajcie Bogu, co Boskie... - Gaudium Et Spes","robots":{"index":"index","follow":"follow","max-snippet":"max-snippet:-1","max-image-preview":"max-image-preview:large","max-video-preview":"max-video-preview:-1"},"canonical":"https:\/\/gaudiumetspes-blog.pl\/index.php\/2011\/03\/08\/oddajcie-bogu-co-boskie\/","og_locale":"pl_PL","og_type":"article","og_title":"Oddajcie Bogu, co Boskie... - Gaudium Et Spes","og_description":"Witam bardzo serdecznie. Wszystkim Paniom, w dniu ich \u015bwi\u0119ta, przesy\u0142am najserdeczniejsze \u017cyczenia, wraz z modlitw\u0105 o to, aby zawsze dobrze pojmowa\u0142y wielko\u015b\u0107 swojej kobieco\u015bci i swoj\u0105 niezast\u0105pion\u0105 rol\u0119 w Ko\u015bciele i \u015bwiecie, o czym naucza\u0142 Jan Pawe\u0142 II. Niech dobroci\u0105 i wra\u017cliwo\u015bci\u0105 swoich serc ocieplaj\u0105 domy rodzinne i miejsca pracy. Zapraszam wszystkich Pan\u00f3w do modlitwy [&hellip;]","og_url":"https:\/\/gaudiumetspes-blog.pl\/index.php\/2011\/03\/08\/oddajcie-bogu-co-boskie\/","og_site_name":"Gaudium Et Spes","article_published_time":"2011-03-08T09:36:00+00:00","article_modified_time":"2019-07-31T10:52:08+00:00","author":"Ks. Jacek","twitter_card":"summary_large_image","twitter_misc":{"Napisane przez":"Ks. Jacek","Szacowany czas czytania":"4 minuty"},"schema":{"@context":"https:\/\/schema.org","@graph":[{"@type":"WebPage","@id":"https:\/\/gaudiumetspes-blog.pl\/index.php\/2011\/03\/08\/oddajcie-bogu-co-boskie\/","url":"https:\/\/gaudiumetspes-blog.pl\/index.php\/2011\/03\/08\/oddajcie-bogu-co-boskie\/","name":"Oddajcie Bogu, co Boskie... - Gaudium Et Spes","isPartOf":{"@id":"https:\/\/gaudiumetspes-blog.pl\/#website"},"datePublished":"2011-03-08T09:36:00+00:00","dateModified":"2019-07-31T10:52:08+00:00","author":{"@id":"https:\/\/gaudiumetspes-blog.pl\/#\/schema\/person\/1661982992b752dea8dff0d4ed845a65"},"breadcrumb":{"@id":"https:\/\/gaudiumetspes-blog.pl\/index.php\/2011\/03\/08\/oddajcie-bogu-co-boskie\/#breadcrumb"},"inLanguage":"pl-PL","potentialAction":[{"@type":"ReadAction","target":["https:\/\/gaudiumetspes-blog.pl\/index.php\/2011\/03\/08\/oddajcie-bogu-co-boskie\/"]}]},{"@type":"BreadcrumbList","@id":"https:\/\/gaudiumetspes-blog.pl\/index.php\/2011\/03\/08\/oddajcie-bogu-co-boskie\/#breadcrumb","itemListElement":[{"@type":"ListItem","position":1,"name":"Strona g\u0142\u00f3wna","item":"https:\/\/gaudiumetspes-blog.pl\/"},{"@type":"ListItem","position":2,"name":"Oddajcie Bogu, co Boskie&#8230;"}]},{"@type":"WebSite","@id":"https:\/\/gaudiumetspes-blog.pl\/#website","url":"https:\/\/gaudiumetspes-blog.pl\/","name":"Gaudium Et Spes","description":"Blog Ks. Jacka Ja\u015bkowskiego","potentialAction":[{"@type":"SearchAction","target":{"@type":"EntryPoint","urlTemplate":"https:\/\/gaudiumetspes-blog.pl\/?s={search_term_string}"},"query-input":{"@type":"PropertyValueSpecification","valueRequired":true,"valueName":"search_term_string"}}],"inLanguage":"pl-PL"},{"@type":"Person","@id":"https:\/\/gaudiumetspes-blog.pl\/#\/schema\/person\/1661982992b752dea8dff0d4ed845a65","name":"Ks. Jacek","image":{"@type":"ImageObject","inLanguage":"pl-PL","@id":"https:\/\/gaudiumetspes-blog.pl\/#\/schema\/person\/image\/","url":"https:\/\/gaudiumetspes-blog.pl\/wp-content\/uploads\/2019\/07\/avatar-JJ-150x150.jpg","contentUrl":"https:\/\/gaudiumetspes-blog.pl\/wp-content\/uploads\/2019\/07\/avatar-JJ-150x150.jpg","caption":"Ks. Jacek"},"description":"Witam serdecznie! K\u0142ania si\u0119 Ks. Jacek Ja\u015bkowski. Nie jestem ani kim\u015b wa\u017cnym, ani kim\u015b znanym. Jestem ksi\u0119dzem, kt\u00f3ry po prostu chce rozmawia\u0107. Codzienna kap\u0142a\u0144ska pos\u0142uga pokazuje mi, \u017ce temat\u00f3w do rozm\u00f3w z ksi\u0119dzem jest coraz wi\u0119cej i dzisiaj \u017caden ksi\u0105dz nie mo\u017ce od nich ucieka\u0107, ale - wprost przeciwnie - podejmowa\u0107 nowe wyzwania. To przekonanie sk\u0142oni\u0142o mnie do pr\u00f3by otwarcia tego\u017c bloga, chocia\u017c okazji do rozm\u00f3w na co dzie\u0144 - w konfesjonale i poza nim - na szcz\u0119\u015bcie nie brakuje. My\u015bl\u0119 jednak, \u017ce ten blog b\u0119dzie jeszcze jednym sposobem i przestrzeni\u0105 nawi\u0105zania kontaktu z lud\u017ami dobrej woli, otwartymi na dialog.","url":"https:\/\/gaudiumetspes-blog.pl\/index.php\/author\/ks-jacek\/"}]}},"jetpack_featured_media_url":"","jetpack_sharing_enabled":true,"_links":{"self":[{"href":"https:\/\/gaudiumetspes-blog.pl\/index.php\/wp-json\/wp\/v2\/posts\/9926","targetHints":{"allow":["GET"]}}],"collection":[{"href":"https:\/\/gaudiumetspes-blog.pl\/index.php\/wp-json\/wp\/v2\/posts"}],"about":[{"href":"https:\/\/gaudiumetspes-blog.pl\/index.php\/wp-json\/wp\/v2\/types\/post"}],"author":[{"embeddable":true,"href":"https:\/\/gaudiumetspes-blog.pl\/index.php\/wp-json\/wp\/v2\/users\/1"}],"replies":[{"embeddable":true,"href":"https:\/\/gaudiumetspes-blog.pl\/index.php\/wp-json\/wp\/v2\/comments?post=9926"}],"version-history":[{"count":1,"href":"https:\/\/gaudiumetspes-blog.pl\/index.php\/wp-json\/wp\/v2\/posts\/9926\/revisions"}],"predecessor-version":[{"id":10157,"href":"https:\/\/gaudiumetspes-blog.pl\/index.php\/wp-json\/wp\/v2\/posts\/9926\/revisions\/10157"}],"wp:attachment":[{"href":"https:\/\/gaudiumetspes-blog.pl\/index.php\/wp-json\/wp\/v2\/media?parent=9926"}],"wp:term":[{"taxonomy":"category","embeddable":true,"href":"https:\/\/gaudiumetspes-blog.pl\/index.php\/wp-json\/wp\/v2\/categories?post=9926"},{"taxonomy":"post_tag","embeddable":true,"href":"https:\/\/gaudiumetspes-blog.pl\/index.php\/wp-json\/wp\/v2\/tags?post=9926"}],"curies":[{"name":"wp","href":"https:\/\/api.w.org\/{rel}","templated":true}]}}