{"id":9927,"date":"2011-03-08T03:02:00","date_gmt":"2011-03-08T02:02:00","guid":{"rendered":"https:\/\/gaudiumetspes-blog.pl\/index.php\/2011\/03\/08\/czemu-prawda-wciaz-tak-duzo-kosztuje\/"},"modified":"2019-07-31T12:52:08","modified_gmt":"2019-07-31T10:52:08","slug":"czemu-prawda-wciaz-tak-duzo-kosztuje","status":"publish","type":"post","link":"https:\/\/gaudiumetspes-blog.pl\/index.php\/2011\/03\/08\/czemu-prawda-wciaz-tak-duzo-kosztuje\/","title":{"rendered":"Czemu prawda wci\u0105\u017c tak du\u017co kosztuje?"},"content":{"rendered":"<p>Bardzo serdecznie witam i znowu zapraszam do refleksji nad \u017cyciem M\u0119czennic&#8230; Jak du\u017co tych wspomnie\u0144 mamy w kalendarzu liturgicznym! A st\u0105d rodzi si\u0119 pytanie, postawione w tytule. Warto si\u0119 nad tym zastanowi\u0107&#8230;<br style=\"font-family: 'Times New Roman';\" \/>&nbsp;&nbsp;&nbsp;&nbsp;&nbsp;&nbsp;&nbsp;&nbsp;&nbsp;&nbsp;&nbsp;&nbsp;&nbsp;&nbsp;&nbsp;&nbsp; Gaudium et spes!&nbsp; Ks. Jacek&nbsp;<br style=\"font-family: 'Times New Roman';\" \/><\/p>\n<div class=\"MsoNormal\" style=\"font-family: 'Times New Roman'; font-size: 14px; margin-bottom: 0px; margin-left: 0px; margin-right: 0px; margin-top: 0.4em; text-align: justify;\"><b>Wspomnienie \u015awi\u0119tych Perpetuy i Felicyty, M\u0119czennic,<\/b><\/div>\n<div class=\"MsoNormal\" style=\"font-family: 'Times New Roman'; font-size: 14px; margin-bottom: 0px; margin-left: 0px; margin-right: 0px; margin-top: 0.4em; text-align: justify;\"><b>do czyta\u0144:&nbsp; Tb 1,1a.2;2,1\u20139;&nbsp;&nbsp;Mk 12,1\u201312<\/b><\/div>\n<div class=\"MsoNormal\" style=\"font-family: 'Times New Roman'; font-size: 14px; margin-bottom: 0px; margin-left: 0px; margin-right: 0px; margin-top: 0.4em; text-align: justify; text-indent: 35.4pt;\">Patronki dnia dzisiejszego,&nbsp;<b>Perpetua i Felicyta, \u017cy\u0142y w II wieku.<\/b>Perpetua w tajemnicy przed ojcem poganinem przyj\u0119\u0142a wiar\u0119 chrze\u015bcija\u0144sk\u0105 i zacz\u0119\u0142a do niej przekonywa\u0107 swych bliskich \u2013 brata Saturusa i niewolnik\u00f3w, w\u015br\u00f3d kt\u00f3rych by\u0142a tak\u017ce Felicyta.<\/div>\n<div class=\"MsoNormal\" style=\"font-family: 'Times New Roman'; font-size: 14px; margin-bottom: 0px; margin-left: 0px; margin-right: 0px; margin-top: 0.4em; text-align: justify; text-indent: 35.4pt;\"><b>Zar\u00f3wno Perpetua, jak i Felicyta, by\u0142y m\u0142odymi m\u0119\u017catkami.<\/b>Oskar\u017cone o wyznawanie chrze\u015bcija\u0144stwa, zosta\u0142y pojmane i sprowadzone do Kartaginy.&nbsp;<b>\u015awi\u0119ta Perpetua mia\u0142a malutkiego synka,<\/b>&nbsp;w wieku niemowl\u0119cym, kt\u00f3rego przynoszono jej do karmienia. W tym samym czasie, b\u0119d\u0105ca w \u00f3smym miesi\u0105cu stanu b\u0142ogos\u0142awionego Felicyta, po ci\u0119\u017ckim porodzie, przy wt\u00f3rze grubia\u0144skich uwag wi\u0119ziennego stra\u017cnika,<b>powi\u0142a dziewczynk\u0119, kt\u00f3r\u0105 zaadoptowa\u0142 jeden z chrze\u015bcijan.&nbsp;<\/b>Zgodnie bowiem z prawem rzymskim, matka, maj\u0105ca w \u0142onie swoim dzieci\u0119, nie mog\u0142a by\u0107 stracona przed jego urodzeniem.<\/div>\n<div class=\"MsoNormal\" style=\"font-family: 'Times New Roman'; font-size: 14px; margin-bottom: 0px; margin-left: 0px; margin-right: 0px; margin-top: 0.4em; text-align: justify; text-indent: 35.4pt;\">Zachowa\u0142y si\u0119 autentyczne dokumenty, opisuj\u0105ce powy\u017csze wydarzenia:&nbsp;<b>pami\u0119tnik pisany w wi\u0119zieniu przez Perpetu\u0119 oraz relacja naocznego \u015bwiadka.<\/b>&nbsp;Mimo pr\u00f3\u015bb ojca, kt\u00f3ry odwiedza\u0142 Perpetu\u0119 w wi\u0119zieniu,&nbsp;<b>kobieta nie wyrzek\u0142a si\u0119 wiary.<\/b>&nbsp;Po kr\u00f3tkim procesie wszystkich wi\u0119\u017ani\u00f3w skazano na rozszarpanie przez zwierz\u0119ta.&nbsp;<b>Tu\u017c przed m\u0119cze\u0144stwem Perpetua i Felicyta otrzyma\u0142y chrzest,<\/b>&nbsp;bowiem w czasie aresztowania by\u0142y jeszcze katechumenkami.<\/div>\n<div class=\"MsoNormal\" style=\"font-family: 'Times New Roman'; font-size: 14px; margin-bottom: 0px; margin-left: 0px; margin-right: 0px; margin-top: 0.4em; text-align: justify; text-indent: 35.4pt;\">Na arenie wypuszczono na nie dzikie zwierz\u0119ta,&nbsp;<b>kt\u00f3re nie okaza\u0142y si\u0119 zbyt drapie\u017cne.<\/b>&nbsp;Jedynie dotkliwie porani\u0142y kobiety. Gladiatorzy dobili wi\u0119c je mieczami. Wcze\u015bniej jednak, wyczerpani walk\u0105 z bestiami m\u0119czennicy, wymienili mi\u0119dzy sob\u0105 poca\u0142unek pokoju.<\/div>\n<div class=\"MsoNormal\" style=\"font-family: 'Times New Roman'; font-size: 14px; margin-bottom: 0px; margin-left: 0px; margin-right: 0px; margin-top: 0.4em; text-align: justify; text-indent: 35.4pt;\">M\u0119cze\u0144stwo to sta\u0142o si\u0119 s\u0142awne w ca\u0142ym Ko\u015bciele.&nbsp;<b>Dokona\u0142o si\u0119 ono 7 marca 202 lub 203 roku.<\/b>&nbsp;We wspomnianej ju\u017c relacji naocznego \u015bwiadka, tak zosta\u0142o ono opisane:&nbsp; \u201eZa\u015bwita\u0142 zwyci\u0119ski dzie\u0144 m\u0119czennik\u00f3w i wyszli z wi\u0119zienia na aren\u0119 jakby do nieba, z pogodnym i promiennym obliczem, a je\u015bli dr\u017c\u0105cy \u2013 to z rado\u015bci, a nie z l\u0119ku.<\/div>\n<div class=\"MsoNormal\" style=\"font-family: 'Times New Roman'; font-size: 14px; margin-bottom: 0px; margin-left: 0px; margin-right: 0px; margin-top: 0.4em; text-align: justify; text-indent: 35.4pt;\"><b>Najpierw rzucona zosta\u0142a Perpetua<\/b>&nbsp;i upad\u0142a na wznak, potem wsta\u0142a, a kiedy zobaczy\u0142a le\u017c\u0105c\u0105 Felicyt\u0119, pobieg\u0142a, i podawszy jej r\u0119k\u0119, pomog\u0142a jej si\u0119 podnie\u015b\u0107.&nbsp;<b>I tak obydwie razem stan\u0119\u0142y.<\/b>&nbsp;Zawzi\u0119to\u015b\u0107 t\u0142umu zmala\u0142a i zaprowadzono j\u0105 z powrotem do bramy Sanawiwaryjskiej. Tam zaj\u0105\u0142 si\u0119 ni\u0105 pewien katechumen, imieniem Rustyk.&nbsp;<b>Ona za\u015b, jakby budz\u0105c si\u0119 ze snu \u2013 do tego stopnia pozostawa\u0142a w ekstatycznym uniesieniu&nbsp;<\/b>\u2013 i rozgl\u0105daj\u0105c si\u0119 doko\u0142a, rzek\u0142a ku zdumieniu wszystkich: \u00abKiedy\u017c wreszcie zostaniemy wydane na pastw\u0119 owej, tak zapowiadanej, dzikiej bestii?\u00bb A gdy jej powiedziano, \u017ce to si\u0119 ju\u017c sta\u0142o,&nbsp;<b>nie chcia\u0142a wierzy\u0107, dop\u00f3ki nie ujrza\u0142a \u015blad\u00f3w na swoich szatach i ciele.<\/b>&nbsp;Wtedy wezwawszy swojego brata oraz tamtego katechumena, przem\u00f3wi\u0142a do nich s\u0142owami:&nbsp;<b>\u00abWytrwajcie w wierze i mi\u0142ujcie si\u0119 wszyscy nawzajem, a nie za\u0142amujcie si\u0119 naszymi cierpieniami\u00bb.<\/b>&nbsp;[\u2026]<\/div>\n<div class=\"MsoNormal\" style=\"font-family: 'Times New Roman'; font-size: 14px; margin-bottom: 0px; margin-left: 0px; margin-right: 0px; margin-top: 0.4em; text-align: justify;\">&nbsp;&nbsp;&nbsp;&nbsp;&nbsp;&nbsp;&nbsp;&nbsp;&nbsp;&nbsp;&nbsp;&nbsp;Poniewa\u017c t\u0142um chcia\u0142 ich mie\u0107 na arenie, by m\u00f3c nasyci\u0107 oczy widokiem zadawanej \u015bmierci, oni sami [\u2026] przeszli tam, gdzie chcia\u0142a ich ujrze\u0107 widownia.&nbsp;<b>A przedtem u\u015bcisn\u0119li si\u0119 wzajemnie, by dope\u0142ni\u0107 m\u0119cze\u0144stwa uroczystym poca\u0142unkiem pokoju.&nbsp;<\/b>Pozostali w milczeniu i nie poruszaj\u0105c si\u0119 przyj\u0119li \u015bmiertelne razy. [\u2026]<\/div>\n<div class=\"MsoNormal\" style=\"font-family: 'Times New Roman'; font-size: 14px; margin-bottom: 0px; margin-left: 0px; margin-right: 0px; margin-top: 0.4em; text-align: justify; text-indent: 35.4pt;\"><b>O niez\u0142omni i b\u0142ogos\u0142awieni m\u0119czennicy! Prawdziwie wezwani i powo\u0142ani do chwa\u0142y Pana naszego, Jezusa Chrystusa.\u201d<\/b><\/div>\n<div class=\"MsoNormal\" style=\"font-family: 'Times New Roman'; font-size: 14px; margin-bottom: 0px; margin-left: 0px; margin-right: 0px; margin-top: 0.4em; text-align: justify; text-indent: 35.4pt;\">Tyle z opisu ich m\u0119cze\u0144stwa. A my, s\u0142uchaj\u0105c tej\u017ce relacji, a jednocze\u015bnie \u2013 g\u0142\u0119boko w sercu rozwa\u017caj\u0105c tre\u015b\u0107 dzisiejszych czyta\u0144 mszalnych, po raz kolejny przekonujemy si\u0119&nbsp;<b>o prawdziwo\u015bci s\u0142\u00f3w Jezusa,<\/b>&nbsp;i\u017c On sam i ci, kt\u00f3rzy przychodz\u0105 w Jego imi\u0119, albo \u017cyj\u0105 wed\u0142ug Jego wskaza\u0144, realizuj\u0105c w \u017cyciu Jego nauk\u0119 \u2013&nbsp;<b>przez ludzi sobie wsp\u00f3\u0142czesnych s\u0105 odrzucani.<\/b>&nbsp;Tak by\u0142o za czas\u00f3w Jezusa, tak by\u0142o za czas\u00f3w Perpetuy i Felicyty,&nbsp;<b>tak jest w naszych czasach.&nbsp;<\/b>I tak by\u0142o za czas\u00f3w Starego Testamentu, o czym przekonujemy si\u0119, s\u0142uchaj\u0105c pierwszego czytania, jak to&nbsp;<b>Tobiasz, chc\u0105c zachowywa\u0107 prawo Bo\u017ce<\/b>dotycz\u0105ce grzebania umar\u0142ych, nara\u017cony by\u0142 na szykany, a nawet \u2013 na \u015bmier\u0107.<\/div>\n<div class=\"MsoNormal\" style=\"font-family: 'Times New Roman'; font-size: 14px; margin-bottom: 0px; margin-left: 0px; margin-right: 0px; margin-top: 0.4em; text-align: justify; text-indent: 35.4pt;\">Kroczenie zatem drog\u0105 prawdy, drog\u0105 przykaza\u0144 Bo\u017cych, drog\u0105 wierno\u015bci Bo\u017cym zasadom by\u0142o, jest i chyba ci\u0105gle b\u0119dzie \u2013&nbsp;<b>znakiem sprzeciwu, wyrzutem dla wielu, chc\u0105cych \u0142atwego \u017cycia i dogadzania swoim zachciankom.<\/b>&nbsp;Na szcz\u0119\u015bcie jednak \u2013 nigdy nie brak\u0142o tych, kt\u00f3rzy t\u0105 prost\u0105 drog\u0105 kroczyli, daj\u0105c \u015bwiadectwo m\u0119stwa i mi\u0142o\u015bci do Boga i do drugiego cz\u0142owieka.<\/div>\n<div class=\"MsoNormal\" style=\"font-family: 'Times New Roman'; font-size: 14px; margin-bottom: 0px; margin-left: 0px; margin-right: 0px; margin-top: 0.4em; text-align: justify; text-indent: 35.4pt;\">Mo\u017cna si\u0119 co najwy\u017cej zastanawia\u0107,&nbsp;<b>czemu B\u00f3g i Jego zasady ci\u0105gle wywo\u0142uj\u0105 taki sprzeciw w tylu ludzkich sercach?<\/b>&nbsp;Czemu wierno\u015b\u0107 Bo\u017cym zasadom ci\u0105gle \u2013 tak\u017ce dzi\u015b \u2013 a\u017c tyle musi kosztowa\u0107? Przecie\u017c s\u0142uchaj\u0105c chocia\u017cby codziennych serwis\u00f3w Radia Watyka\u0144skiego ci\u0105gle dowiadujemy si\u0119&nbsp;<b>o kolejnych, nowych atakach na ksi\u0119\u017cy, na misjonarzy, na \u015bwieckich wyznawc\u00f3w Chrystusa.<\/b>&nbsp;Z teren\u00f3w misyjnych ci\u0105gle docieraj\u0105 wiadomo\u015bci&nbsp;<b>o krwawych atakach, o napadach na ko\u015bcio\u0142y i modl\u0105cych si\u0119 ludzi.<\/b>&nbsp;A nie tak dawno przecie\u017c zgin\u0105\u0142 m\u0142ody salezjanin, Ojciec Marek, kt\u00f3rego pogrzeb kilka dni temu odby\u0142 si\u0119 w Warszawie.<\/div>\n<div class=\"MsoNormal\" style=\"font-family: 'Times New Roman'; font-size: 14px; margin-bottom: 0px; margin-left: 0px; margin-right: 0px; margin-top: 0.4em; text-align: justify; text-indent: 35.4pt;\">W naszym kraju nie dochodzi co prawda do atak\u00f3w fizycznych, ale<b>niewybredne, bezczelne i bez \u017cadnych zahamowa\u0144 prezentowane tre\u015bci w wi\u0119kszo\u015bci medi\u00f3w, nawet publicznych<\/b>&nbsp;\u2013 tre\u015bci wyg\u0142aszane przez ludzi promuj\u0105cych&nbsp;<b>moraln\u0105 dewiacj\u0119 i anormalne zachowania pr\u00f3buj\u0105cy uczyni\u0107 normami<\/b>&nbsp;i kanonami post\u0119powania rzekomo nowoczesnego cz\u0142owieka \u2013 to wszystko mamy na porz\u0105dku dziennym tak\u017ce u nas.<\/div>\n<div class=\"MsoNormal\" style=\"font-family: 'Times New Roman'; font-size: 14px; margin-bottom: 0px; margin-left: 0px; margin-right: 0px; margin-top: 0.4em; text-align: justify; text-indent: 35.4pt;\">Wierno\u015b\u0107 Jezusowi kosztuje! Ale tylko taka postawa ma sens! Bo tylko taka postawa nada sens naszemu \u017cyciu!&nbsp;<b>Trwajmy zatem przy Jezusie! I nie dajmy sobie wm\u00f3wi\u0107 bzdurnych, rzekomo nowoczesnych teorii! Nie dajmy si\u0119 zwariowa\u0107!<\/b><\/div>\n<div class=\"MsoNormal\" style=\"font-family: 'Times New Roman'; font-size: 14px; margin-bottom: 0px; margin-left: 0px; margin-right: 0px; margin-top: 0.4em; text-align: justify; text-indent: 35.4pt;\">W tym kontek\u015bcie zastan\u00f3wmy si\u0119:<\/div>\n<ul style=\"font-family: 'Times New Roman'; font-size: 14px; margin-top: 0cm;\" type=\"disc\">\n<li class=\"MsoNormal\" style=\"text-align: justify;\">Czy kiedy w telewizji, lub w innych \u015brodkach przekazu s\u0142ysz\u0119 ci\u0105gle nowe ataki na warto\u015bci chrze\u015bcija\u0144skie \u2013 zachowuj\u0119 ich w\u0142a\u015bciw\u0105 ocen\u0119?<\/li>\n<li class=\"MsoNormal\" style=\"text-align: justify;\">Czy nie obawiam si\u0119 pe\u0142nym g\u0142osem przyznawa\u0107 si\u0119 do zasad Chrystusa, a w razie potrzeby \u2013 ich broni\u0107?<\/li>\n<li class=\"MsoNormal\" style=\"text-align: justify;\">Czy nie dopuszczam do serca takiego prze\u015bwiadczenia, \u017ce wyznaj\u0105c zasady Chrystusa, jestem gorszy, zacofany, nienowoczesny?<\/li>\n<\/ul>\n<div class=\"MsoNormal\" style=\"font-family: 'Times New Roman'; font-size: 14px; margin-bottom: 0px; margin-left: 0px; margin-right: 0px; margin-top: 0.4em; text-align: justify; text-indent: 18pt;\"><b><i>Kamie\u0144, kt\u00f3ry odrzucili buduj\u0105cy, ten sta\u0142 si\u0119 kamieniem w\u0119gielnym. Pan to sprawi\u0142 i jest cudem w oczach naszych<\/i><\/b><b>!<\/b><\/div>\n<div><b><br \/>\n<\/b><\/div>\n","protected":false},"excerpt":{"rendered":"<p>Bardzo serdecznie witam i znowu zapraszam do refleksji nad \u017cyciem M\u0119czennic&#8230; Jak du\u017co tych wspomnie\u0144 mamy w kalendarzu liturgicznym! A st\u0105d rodzi si\u0119 pytanie, postawione w tytule. Warto si\u0119 nad tym zastanowi\u0107&#8230;&nbsp;&nbsp;&nbsp;&nbsp;&nbsp;&nbsp;&nbsp;&nbsp;&nbsp;&nbsp;&nbsp;&nbsp;&nbsp;&nbsp;&nbsp;&nbsp; Gaudium et spes!&nbsp; Ks. Jacek&nbsp; Wspomnienie \u015awi\u0119tych Perpetuy i Felicyty, M\u0119czennic, do czyta\u0144:&nbsp; Tb 1,1a.2;2,1\u20139;&nbsp;&nbsp;Mk 12,1\u201312 Patronki dnia dzisiejszego,&nbsp;Perpetua i Felicyta, \u017cy\u0142y w [&hellip;]<\/p>\n","protected":false},"author":1,"featured_media":0,"comment_status":"open","ping_status":"open","sticky":false,"template":"","format":"standard","meta":{"jetpack_post_was_ever_published":false,"_jetpack_newsletter_access":"","_jetpack_dont_email_post_to_subs":false,"_jetpack_newsletter_tier_id":0,"_jetpack_memberships_contains_paywalled_content":false,"_jetpack_memberships_contains_paid_content":false,"footnotes":""},"categories":[1],"tags":[],"class_list":["post-9927","post","type-post","status-publish","format-standard","hentry","category-bez-kategorii"],"yoast_head":"<!-- This site is optimized with the Yoast SEO plugin v25.1 - https:\/\/yoast.com\/wordpress\/plugins\/seo\/ -->\n<title>Czemu prawda wci\u0105\u017c tak du\u017co kosztuje? - Gaudium Et Spes<\/title>\n<meta name=\"robots\" content=\"index, follow, max-snippet:-1, max-image-preview:large, max-video-preview:-1\" \/>\n<link rel=\"canonical\" href=\"https:\/\/gaudiumetspes-blog.pl\/index.php\/2011\/03\/08\/czemu-prawda-wciaz-tak-duzo-kosztuje\/\" \/>\n<meta property=\"og:locale\" content=\"pl_PL\" \/>\n<meta property=\"og:type\" content=\"article\" \/>\n<meta property=\"og:title\" content=\"Czemu prawda wci\u0105\u017c tak du\u017co kosztuje? - Gaudium Et Spes\" \/>\n<meta property=\"og:description\" content=\"Bardzo serdecznie witam i znowu zapraszam do refleksji nad \u017cyciem M\u0119czennic&#8230; Jak du\u017co tych wspomnie\u0144 mamy w kalendarzu liturgicznym! A st\u0105d rodzi si\u0119 pytanie, postawione w tytule. Warto si\u0119 nad tym zastanowi\u0107&#8230;&nbsp;&nbsp;&nbsp;&nbsp;&nbsp;&nbsp;&nbsp;&nbsp;&nbsp;&nbsp;&nbsp;&nbsp;&nbsp;&nbsp;&nbsp;&nbsp; Gaudium et spes!&nbsp; Ks. Jacek&nbsp; Wspomnienie \u015awi\u0119tych Perpetuy i Felicyty, M\u0119czennic, do czyta\u0144:&nbsp; Tb 1,1a.2;2,1\u20139;&nbsp;&nbsp;Mk 12,1\u201312 Patronki dnia dzisiejszego,&nbsp;Perpetua i Felicyta, \u017cy\u0142y w [&hellip;]\" \/>\n<meta property=\"og:url\" content=\"https:\/\/gaudiumetspes-blog.pl\/index.php\/2011\/03\/08\/czemu-prawda-wciaz-tak-duzo-kosztuje\/\" \/>\n<meta property=\"og:site_name\" content=\"Gaudium Et Spes\" \/>\n<meta property=\"article:published_time\" content=\"2011-03-08T02:02:00+00:00\" \/>\n<meta property=\"article:modified_time\" content=\"2019-07-31T10:52:08+00:00\" \/>\n<meta name=\"author\" content=\"Ks. Jacek\" \/>\n<meta name=\"twitter:card\" content=\"summary_large_image\" \/>\n<meta name=\"twitter:label1\" content=\"Napisane przez\" \/>\n\t<meta name=\"twitter:data1\" content=\"Ks. Jacek\" \/>\n\t<meta name=\"twitter:label2\" content=\"Szacowany czas czytania\" \/>\n\t<meta name=\"twitter:data2\" content=\"6 minut\" \/>\n<script type=\"application\/ld+json\" class=\"yoast-schema-graph\">{\"@context\":\"https:\/\/schema.org\",\"@graph\":[{\"@type\":\"WebPage\",\"@id\":\"https:\/\/gaudiumetspes-blog.pl\/index.php\/2011\/03\/08\/czemu-prawda-wciaz-tak-duzo-kosztuje\/\",\"url\":\"https:\/\/gaudiumetspes-blog.pl\/index.php\/2011\/03\/08\/czemu-prawda-wciaz-tak-duzo-kosztuje\/\",\"name\":\"Czemu prawda wci\u0105\u017c tak du\u017co kosztuje? - Gaudium Et Spes\",\"isPartOf\":{\"@id\":\"https:\/\/gaudiumetspes-blog.pl\/#website\"},\"datePublished\":\"2011-03-08T02:02:00+00:00\",\"dateModified\":\"2019-07-31T10:52:08+00:00\",\"author\":{\"@id\":\"https:\/\/gaudiumetspes-blog.pl\/#\/schema\/person\/1661982992b752dea8dff0d4ed845a65\"},\"breadcrumb\":{\"@id\":\"https:\/\/gaudiumetspes-blog.pl\/index.php\/2011\/03\/08\/czemu-prawda-wciaz-tak-duzo-kosztuje\/#breadcrumb\"},\"inLanguage\":\"pl-PL\",\"potentialAction\":[{\"@type\":\"ReadAction\",\"target\":[\"https:\/\/gaudiumetspes-blog.pl\/index.php\/2011\/03\/08\/czemu-prawda-wciaz-tak-duzo-kosztuje\/\"]}]},{\"@type\":\"BreadcrumbList\",\"@id\":\"https:\/\/gaudiumetspes-blog.pl\/index.php\/2011\/03\/08\/czemu-prawda-wciaz-tak-duzo-kosztuje\/#breadcrumb\",\"itemListElement\":[{\"@type\":\"ListItem\",\"position\":1,\"name\":\"Strona g\u0142\u00f3wna\",\"item\":\"https:\/\/gaudiumetspes-blog.pl\/\"},{\"@type\":\"ListItem\",\"position\":2,\"name\":\"Czemu prawda wci\u0105\u017c tak&nbsp;du\u017co kosztuje?\"}]},{\"@type\":\"WebSite\",\"@id\":\"https:\/\/gaudiumetspes-blog.pl\/#website\",\"url\":\"https:\/\/gaudiumetspes-blog.pl\/\",\"name\":\"Gaudium Et Spes\",\"description\":\"Blog Ks. Jacka Ja\u015bkowskiego\",\"potentialAction\":[{\"@type\":\"SearchAction\",\"target\":{\"@type\":\"EntryPoint\",\"urlTemplate\":\"https:\/\/gaudiumetspes-blog.pl\/?s={search_term_string}\"},\"query-input\":{\"@type\":\"PropertyValueSpecification\",\"valueRequired\":true,\"valueName\":\"search_term_string\"}}],\"inLanguage\":\"pl-PL\"},{\"@type\":\"Person\",\"@id\":\"https:\/\/gaudiumetspes-blog.pl\/#\/schema\/person\/1661982992b752dea8dff0d4ed845a65\",\"name\":\"Ks. Jacek\",\"image\":{\"@type\":\"ImageObject\",\"inLanguage\":\"pl-PL\",\"@id\":\"https:\/\/gaudiumetspes-blog.pl\/#\/schema\/person\/image\/\",\"url\":\"https:\/\/gaudiumetspes-blog.pl\/wp-content\/uploads\/2019\/07\/avatar-JJ-150x150.jpg\",\"contentUrl\":\"https:\/\/gaudiumetspes-blog.pl\/wp-content\/uploads\/2019\/07\/avatar-JJ-150x150.jpg\",\"caption\":\"Ks. Jacek\"},\"description\":\"Witam serdecznie! K\u0142ania si\u0119 Ks. Jacek Ja\u015bkowski. Nie jestem ani kim\u015b wa\u017cnym, ani kim\u015b znanym. Jestem ksi\u0119dzem, kt\u00f3ry po prostu chce rozmawia\u0107. Codzienna kap\u0142a\u0144ska pos\u0142uga pokazuje mi, \u017ce temat\u00f3w do rozm\u00f3w z ksi\u0119dzem jest coraz wi\u0119cej i dzisiaj \u017caden ksi\u0105dz nie mo\u017ce od nich ucieka\u0107, ale - wprost przeciwnie - podejmowa\u0107 nowe wyzwania. To przekonanie sk\u0142oni\u0142o mnie do pr\u00f3by otwarcia tego\u017c bloga, chocia\u017c okazji do rozm\u00f3w na co dzie\u0144 - w konfesjonale i poza nim - na szcz\u0119\u015bcie nie brakuje. My\u015bl\u0119 jednak, \u017ce ten blog b\u0119dzie jeszcze jednym sposobem i przestrzeni\u0105 nawi\u0105zania kontaktu z lud\u017ami dobrej woli, otwartymi na dialog.\",\"url\":\"https:\/\/gaudiumetspes-blog.pl\/index.php\/author\/ks-jacek\/\"}]}<\/script>\n<!-- \/ Yoast SEO plugin. -->","yoast_head_json":{"title":"Czemu prawda wci\u0105\u017c tak du\u017co kosztuje? - Gaudium Et Spes","robots":{"index":"index","follow":"follow","max-snippet":"max-snippet:-1","max-image-preview":"max-image-preview:large","max-video-preview":"max-video-preview:-1"},"canonical":"https:\/\/gaudiumetspes-blog.pl\/index.php\/2011\/03\/08\/czemu-prawda-wciaz-tak-duzo-kosztuje\/","og_locale":"pl_PL","og_type":"article","og_title":"Czemu prawda wci\u0105\u017c tak du\u017co kosztuje? - Gaudium Et Spes","og_description":"Bardzo serdecznie witam i znowu zapraszam do refleksji nad \u017cyciem M\u0119czennic&#8230; Jak du\u017co tych wspomnie\u0144 mamy w kalendarzu liturgicznym! A st\u0105d rodzi si\u0119 pytanie, postawione w tytule. Warto si\u0119 nad tym zastanowi\u0107&#8230;&nbsp;&nbsp;&nbsp;&nbsp;&nbsp;&nbsp;&nbsp;&nbsp;&nbsp;&nbsp;&nbsp;&nbsp;&nbsp;&nbsp;&nbsp;&nbsp; Gaudium et spes!&nbsp; Ks. Jacek&nbsp; Wspomnienie \u015awi\u0119tych Perpetuy i Felicyty, M\u0119czennic, do czyta\u0144:&nbsp; Tb 1,1a.2;2,1\u20139;&nbsp;&nbsp;Mk 12,1\u201312 Patronki dnia dzisiejszego,&nbsp;Perpetua i Felicyta, \u017cy\u0142y w [&hellip;]","og_url":"https:\/\/gaudiumetspes-blog.pl\/index.php\/2011\/03\/08\/czemu-prawda-wciaz-tak-duzo-kosztuje\/","og_site_name":"Gaudium Et Spes","article_published_time":"2011-03-08T02:02:00+00:00","article_modified_time":"2019-07-31T10:52:08+00:00","author":"Ks. Jacek","twitter_card":"summary_large_image","twitter_misc":{"Napisane przez":"Ks. Jacek","Szacowany czas czytania":"6 minut"},"schema":{"@context":"https:\/\/schema.org","@graph":[{"@type":"WebPage","@id":"https:\/\/gaudiumetspes-blog.pl\/index.php\/2011\/03\/08\/czemu-prawda-wciaz-tak-duzo-kosztuje\/","url":"https:\/\/gaudiumetspes-blog.pl\/index.php\/2011\/03\/08\/czemu-prawda-wciaz-tak-duzo-kosztuje\/","name":"Czemu prawda wci\u0105\u017c tak du\u017co kosztuje? - Gaudium Et Spes","isPartOf":{"@id":"https:\/\/gaudiumetspes-blog.pl\/#website"},"datePublished":"2011-03-08T02:02:00+00:00","dateModified":"2019-07-31T10:52:08+00:00","author":{"@id":"https:\/\/gaudiumetspes-blog.pl\/#\/schema\/person\/1661982992b752dea8dff0d4ed845a65"},"breadcrumb":{"@id":"https:\/\/gaudiumetspes-blog.pl\/index.php\/2011\/03\/08\/czemu-prawda-wciaz-tak-duzo-kosztuje\/#breadcrumb"},"inLanguage":"pl-PL","potentialAction":[{"@type":"ReadAction","target":["https:\/\/gaudiumetspes-blog.pl\/index.php\/2011\/03\/08\/czemu-prawda-wciaz-tak-duzo-kosztuje\/"]}]},{"@type":"BreadcrumbList","@id":"https:\/\/gaudiumetspes-blog.pl\/index.php\/2011\/03\/08\/czemu-prawda-wciaz-tak-duzo-kosztuje\/#breadcrumb","itemListElement":[{"@type":"ListItem","position":1,"name":"Strona g\u0142\u00f3wna","item":"https:\/\/gaudiumetspes-blog.pl\/"},{"@type":"ListItem","position":2,"name":"Czemu prawda wci\u0105\u017c tak&nbsp;du\u017co kosztuje?"}]},{"@type":"WebSite","@id":"https:\/\/gaudiumetspes-blog.pl\/#website","url":"https:\/\/gaudiumetspes-blog.pl\/","name":"Gaudium Et Spes","description":"Blog Ks. Jacka Ja\u015bkowskiego","potentialAction":[{"@type":"SearchAction","target":{"@type":"EntryPoint","urlTemplate":"https:\/\/gaudiumetspes-blog.pl\/?s={search_term_string}"},"query-input":{"@type":"PropertyValueSpecification","valueRequired":true,"valueName":"search_term_string"}}],"inLanguage":"pl-PL"},{"@type":"Person","@id":"https:\/\/gaudiumetspes-blog.pl\/#\/schema\/person\/1661982992b752dea8dff0d4ed845a65","name":"Ks. Jacek","image":{"@type":"ImageObject","inLanguage":"pl-PL","@id":"https:\/\/gaudiumetspes-blog.pl\/#\/schema\/person\/image\/","url":"https:\/\/gaudiumetspes-blog.pl\/wp-content\/uploads\/2019\/07\/avatar-JJ-150x150.jpg","contentUrl":"https:\/\/gaudiumetspes-blog.pl\/wp-content\/uploads\/2019\/07\/avatar-JJ-150x150.jpg","caption":"Ks. Jacek"},"description":"Witam serdecznie! K\u0142ania si\u0119 Ks. Jacek Ja\u015bkowski. Nie jestem ani kim\u015b wa\u017cnym, ani kim\u015b znanym. Jestem ksi\u0119dzem, kt\u00f3ry po prostu chce rozmawia\u0107. Codzienna kap\u0142a\u0144ska pos\u0142uga pokazuje mi, \u017ce temat\u00f3w do rozm\u00f3w z ksi\u0119dzem jest coraz wi\u0119cej i dzisiaj \u017caden ksi\u0105dz nie mo\u017ce od nich ucieka\u0107, ale - wprost przeciwnie - podejmowa\u0107 nowe wyzwania. To przekonanie sk\u0142oni\u0142o mnie do pr\u00f3by otwarcia tego\u017c bloga, chocia\u017c okazji do rozm\u00f3w na co dzie\u0144 - w konfesjonale i poza nim - na szcz\u0119\u015bcie nie brakuje. My\u015bl\u0119 jednak, \u017ce ten blog b\u0119dzie jeszcze jednym sposobem i przestrzeni\u0105 nawi\u0105zania kontaktu z lud\u017ami dobrej woli, otwartymi na dialog.","url":"https:\/\/gaudiumetspes-blog.pl\/index.php\/author\/ks-jacek\/"}]}},"jetpack_featured_media_url":"","jetpack_sharing_enabled":true,"_links":{"self":[{"href":"https:\/\/gaudiumetspes-blog.pl\/index.php\/wp-json\/wp\/v2\/posts\/9927","targetHints":{"allow":["GET"]}}],"collection":[{"href":"https:\/\/gaudiumetspes-blog.pl\/index.php\/wp-json\/wp\/v2\/posts"}],"about":[{"href":"https:\/\/gaudiumetspes-blog.pl\/index.php\/wp-json\/wp\/v2\/types\/post"}],"author":[{"embeddable":true,"href":"https:\/\/gaudiumetspes-blog.pl\/index.php\/wp-json\/wp\/v2\/users\/1"}],"replies":[{"embeddable":true,"href":"https:\/\/gaudiumetspes-blog.pl\/index.php\/wp-json\/wp\/v2\/comments?post=9927"}],"version-history":[{"count":1,"href":"https:\/\/gaudiumetspes-blog.pl\/index.php\/wp-json\/wp\/v2\/posts\/9927\/revisions"}],"predecessor-version":[{"id":10156,"href":"https:\/\/gaudiumetspes-blog.pl\/index.php\/wp-json\/wp\/v2\/posts\/9927\/revisions\/10156"}],"wp:attachment":[{"href":"https:\/\/gaudiumetspes-blog.pl\/index.php\/wp-json\/wp\/v2\/media?parent=9927"}],"wp:term":[{"taxonomy":"category","embeddable":true,"href":"https:\/\/gaudiumetspes-blog.pl\/index.php\/wp-json\/wp\/v2\/categories?post=9927"},{"taxonomy":"post_tag","embeddable":true,"href":"https:\/\/gaudiumetspes-blog.pl\/index.php\/wp-json\/wp\/v2\/tags?post=9927"}],"curies":[{"name":"wp","href":"https:\/\/api.w.org\/{rel}","templated":true}]}}