{"id":9933,"date":"2011-03-02T02:59:00","date_gmt":"2011-03-02T01:59:00","guid":{"rendered":"https:\/\/gaudiumetspes-blog.pl\/index.php\/2011\/03\/02\/co-otrzymamy-za-swoje-dary\/"},"modified":"2019-07-31T12:52:07","modified_gmt":"2019-07-31T10:52:07","slug":"co-otrzymamy-za-swoje-dary","status":"publish","type":"post","link":"https:\/\/gaudiumetspes-blog.pl\/index.php\/2011\/03\/02\/co-otrzymamy-za-swoje-dary\/","title":{"rendered":"Co otrzymamy za swoje dary?&#8230;"},"content":{"rendered":"<p>Serdecznie witam i pozdrawiam wszystkich moich Blogowych Go\u015bci, \u017cycz\u0119 dobrego dnia i Bo\u017cego b\u0142ogos\u0142awie\u0144stwa &#8211; oraz skupienia ducha, potrzebnego do refleksji nad kolejnym, wa\u017cnym problemem, poruszonym w dzisiejszych liturgicznych czytaniach!&nbsp;<br style=\"font-family: 'Times New Roman';\" \/>&nbsp;&nbsp;&nbsp;&nbsp;&nbsp;&nbsp;&nbsp;&nbsp;&nbsp;&nbsp;&nbsp;&nbsp;&nbsp; Gaudium et spes!&nbsp; Ks. Jacek&nbsp;<\/p>\n<div class=\"MsoNormal\" style=\"font-family: 'Times New Roman'; font-size: 14px; margin-bottom: 0px; margin-left: 0px; margin-right: 0px; margin-top: 0.4em; text-align: justify;\"><b>Wtorek 8 tygodnia zwyk\u0142ego, rok I,<\/b><\/div>\n<div class=\"MsoNormal\" style=\"font-family: 'Times New Roman'; font-size: 14px; margin-bottom: 0px; margin-left: 0px; margin-right: 0px; margin-top: 0.4em; text-align: justify;\"><b>do czyta\u0144:&nbsp;&nbsp;Syr 35,1\u201312;&nbsp;&nbsp;Mk 10,28\u201331<\/b><\/div>\n<div class=\"MsoNormal\" style=\"font-family: 'Times New Roman'; font-size: 14px; margin-bottom: 0px; margin-left: 0px; margin-right: 0px; margin-top: 0.4em; text-align: justify; text-indent: 35.4pt;\">A dzisiaj s\u0142yszymy i rozwa\u017camy&nbsp;<b>o ofiarach, sk\u0142adanych Bogu.&nbsp;<\/b>W Starym Testamencie ofiary te by\u0142y nakazane przez Prawo i precyzyjnie okre\u015blony by\u0142 spos\u00f3b ich sk\u0142adania. M\u0119drzec Syracydes, w odczytanym przed chwil\u0105 tek\u015bcie, przypomina szczeg\u00f3\u0142owo niekt\u00f3re z nich, jednak<b>najmocniejszy akcent k\u0142adzie on na intencje serca<\/b>&nbsp;\u2013 intencje, z jakimi poszczeg\u00f3lne ofiary s\u0105 sk\u0142adane.<\/div>\n<div class=\"MsoNormal\" style=\"font-family: 'Times New Roman'; font-size: 14px; margin-bottom: 0px; margin-left: 0px; margin-right: 0px; margin-top: 0.4em; text-align: justify; text-indent: 35.4pt;\">Wed\u0142ug Syracydesa, z\u0142o\u017cenie ofiary Bogu musi mie\u0107&nbsp;<b>bezpo\u015bredni zwi\u0105zek z w\u0142a\u015bciw\u0105 i szlachetn\u0105 postaw\u0105,&nbsp;<\/b>jak\u0105 cz\u0142owiek sob\u0105 prezentuje. S\u0142yszymy bowiem:&nbsp;<i>Kto \u015bwiadczy dobrodziejstwa, przynosi ofiary z najczystszej m\u0105ki, a kto daje ja\u0142mu\u017cn\u0119, sk\u0142ada ofiar\u0119 uwielbienia<\/i>. I dalej \u2013 bardzo wa\u017cne s\u0142owa:&nbsp;<b><i>Oddalenie si\u0119 od z\u0142a jest upodobaniem Pana, a unikanie niesprawiedliwo\u015bci jest Jego przeb\u0142aganiem.<\/i><\/b>&nbsp;Ot\u00f3\u017c w\u0142a\u015bnie! To jest najmilsza Bogu ofiara:&nbsp;<b>serce czyste i ci\u0105gle nawracaj\u0105ce si\u0119 do Boga!<\/b><\/div>\n<div class=\"MsoNormal\" style=\"font-family: 'Times New Roman'; font-size: 14px; margin-bottom: 0px; margin-left: 0px; margin-right: 0px; margin-top: 0.4em; text-align: justify; text-indent: 35.4pt;\">Dlatego Syracydes wzywa:&nbsp;<i>Przy ka\u017cdym darze twarz twoj\u0105 rozpog\u00f3d\u017a i z weselem po\u015bwi\u0119\u0107 dziesi\u0119cin\u0119<\/i>.&nbsp;<b><i>Dawaj Najwy\u017cszemu tak, jak On ci daje, hojny dar wed\u0142ug swej mo\u017cno\u015bci, poniewa\u017c Pan jest tym, kt\u00f3ry odp\u0142aca i siedemkro\u0107 razy wi\u0119cej odda tobie<\/i><\/b>. Tak w\u0142a\u015bnie post\u0119puje B\u00f3g:&nbsp;<b>wielekro\u0107 hojniej oddaje cz\u0142owiekowi to, co on sam z\u0142o\u017cy\u0142 w ofierze.&nbsp;<\/b>Trzeba jednak, aby ofiara cz\u0142owieka by\u0142a czysta, dobra, powodowana najszlachetniejsz\u0105 intencj\u0105. Ju\u017c nied\u0142ugo bowiem, w \u015arod\u0119 Popielcow\u0105, us\u0142yszymy<b>&nbsp;skarg\u0119 Boga na ofiary nieprawe, nieszczere,<\/b>ofiary b\u0119d\u0105ce \u201eprzykrywk\u0105\u201d dla z\u0142ego post\u0119powania.&nbsp;<b>Ofiar w ten spos\u00f3b sk\u0142adanych B\u00f3g nie chce,<\/b>&nbsp;nie o to Mu chodzi. Jemu chodzi o ofiary hojnie sk\u0142adane z serca, kt\u00f3re On potem stokrotnie wynagradza.<\/div>\n<div class=\"MsoNormal\" style=\"font-family: 'Times New Roman'; font-size: 14px; margin-bottom: 0px; margin-left: 0px; margin-right: 0px; margin-top: 0.4em; text-align: justify; text-indent: 35.4pt;\">Takie przecie\u017c&nbsp;<b>zapewnienie us\u0142ysza\u0142 dzisiaj w Ewangelii \u015awi\u0119ty Piotr,<\/b>&nbsp;kt\u00f3ry z niejak\u0105 nut\u0105 skargi, czy mo\u017ce pewnej w\u0105tpliwo\u015bci stwierdza, \u017ce on i jego przyjaciele&nbsp;<b>dla Jezusa wszystko opu\u015bcili i za Jezusem poszli.<\/b>&nbsp;Z tego stwierdzenia przebija nie wyra\u017cone tutaj wprost pytanie \u2013 wyra\u017cone jednak chocia\u017cby w paralelnym opisie tego wydarzenia w Ewangelii Mateuszowej \u2013&nbsp;<b>C\u00f3\u017c otrzymamy<\/b><b>&nbsp;w zamian?<\/b>&nbsp;I nawet je\u015bli dzisiaj nie pad\u0142o to pytanie wprost, to jednak Jezus zrozumia\u0142 intencj\u0119, z jak\u0105 Piotr wyrazi\u0142 swe stwierdzenie i w odpowiedzi zapewnia, \u017ce&nbsp;<b>to, co uczniowie otrzymaj\u0105 w zamian, znacznie przewy\u017cszy to, co sami ofiarowali.<\/b><\/div>\n<div class=\"MsoNormal\" style=\"font-family: 'Times New Roman'; font-size: 14px; margin-bottom: 0px; margin-left: 0px; margin-right: 0px; margin-top: 0.4em; text-align: justify; text-indent: 35.4pt;\">Kochani, wszystkie powy\u017csze wskazania musimy wzi\u0105\u0107 sobie g\u0142\u0119boko do serca i&nbsp;<b>odnowi\u0107 nasze spojrzenie na spos\u00f3b i intencje, z jakimi my sk\u0142adamy Bogu nasze dary.<\/b>&nbsp;Bo nam si\u0119 te\u017c nieraz wydaje, \u017ce B\u00f3g od nas oczekuje&nbsp;<b>a\u017c tak du\u017co!<\/b>&nbsp;<\/div>\n<div class=\"MsoNormal\" style=\"font-family: 'Times New Roman'; font-size: 14px; margin-bottom: 0px; margin-left: 0px; margin-right: 0px; margin-top: 0.4em; text-align: justify; text-indent: 35.4pt;\">Najcz\u0119\u015bciej wida\u0107 to po ofiarowaniu Bogu swego czasu \u2013 chocia\u017cby na spokojne prze\u017cycie Mszy \u015awi\u0119tej, na spokojn\u0105 modlitw\u0119\u2026 Jak\u017ce cz\u0119sto stwierdzamy przy konfesjonale, \u017ce nie byli\u015bmy na Mszy \u015awi\u0119tej, nie modlili\u015bmy si\u0119 przez ca\u0142y dzie\u0144,&nbsp;<b>bo nie mieli\u015bmy czasu!<\/b>&nbsp;Czyli w domy\u015ble stwierdzenie to oznacza tyle:&nbsp;<b>szkoda mi by\u0142o a\u017c tyle czasu na modlitw\u0119. Ja mam tyle akurat wa\u017cniejszych spraw!&nbsp;<\/b>A tymczasem Benedykt XVI, b\u0119d\u0105c w Polsce w 2006 roku, z ca\u0142\u0105 moc\u0105 podkre\u015bla\u0142, \u017ce<b>czas ofiarowany Bogu nigdy nie jest czasem zmarnowanym, straconym!&nbsp;<\/b>Bo B\u00f3g stokro\u0107 hojniej wynagradza cz\u0142owiekowi jego ofiar\u0119.&nbsp;<\/div>\n<div class=\"MsoNormal\" style=\"font-family: 'Times New Roman'; font-size: 14px; margin-bottom: 0px; margin-left: 0px; margin-right: 0px; margin-top: 0.4em; text-align: justify; text-indent: 35.4pt;\">Nie wolno jednak sk\u0142ada\u0107 tej\u017ce ofiary z nastawieniem, \u017ce co\u015b za to dostan\u0119. O to si\u0119 sam B\u00f3g zatroszczy. My natomiast&nbsp;<b>mamy sk\u0142ada\u0107 ofiary czyste i dobre, powodowane najszlachetniejszymi intencjami,<\/b>&nbsp;z kt\u00f3rych t\u0105 najpi\u0119kniejsz\u0105 i najbardziej warto\u015bciow\u0105 jest&nbsp;<b>szczera mi\u0142o\u015b\u0107 do Boga.<\/b><\/div>\n<div class=\"MsoNormal\" style=\"font-family: 'Times New Roman'; font-size: 14px; margin-bottom: 0px; margin-left: 0px; margin-right: 0px; margin-top: 0.4em; text-align: justify; text-indent: 35.4pt;\">W tym duchu zastan\u00f3wmy si\u0119:<\/div>\n<ul style=\"font-family: 'Times New Roman'; font-size: 14px; margin-top: 0cm;\" type=\"disc\">\n<li class=\"MsoNormal\" style=\"text-align: justify;\">Czy id\u0105c na Msz\u0119 \u015awi\u0119t\u0105, kl\u0119kaj\u0105c do modlitwy, spe\u0142niaj\u0105c inne pobo\u017cne praktyki \u2013 czyni\u0119 to z mi\u0142o\u015bci do Boga, czy dla nagrody z Jego strony?<\/li>\n<li class=\"MsoNormal\" style=\"text-align: justify;\">Czy nie mam w g\u0142\u0119bi serca pretensji do Boga, \u017ce tak du\u017co ode mnie wymaga, \u017ce wiara za du\u017co mnie kosztuje?<\/li>\n<li class=\"MsoNormal\" style=\"text-align: justify;\">Czy za swoje grzechy \u017ca\u0142uj\u0119 dlatego, \u017ce zrani\u0142em mi\u0142o\u015b\u0107 Bo\u017c\u0105, czy ze strachu przed kar\u0105?<\/li>\n<\/ul>\n<div class=\"MsoNormal\" style=\"font-family: 'Times New Roman'; font-size: 14px; margin-bottom: 0px; margin-left: 0px; margin-right: 0px; margin-top: 0.4em; text-align: justify; text-indent: 18pt;\"><b><i>Ofiara m\u0119\u017ca sprawiedliwego jest przyjemna, a pami\u0119\u0107 o niej nie p\u00f3jdzie w zapomnienie<\/i><\/b>.<\/div>\n<div>\n<\/div>\n","protected":false},"excerpt":{"rendered":"<p>Serdecznie witam i pozdrawiam wszystkich moich Blogowych Go\u015bci, \u017cycz\u0119 dobrego dnia i Bo\u017cego b\u0142ogos\u0142awie\u0144stwa &#8211; oraz skupienia ducha, potrzebnego do refleksji nad kolejnym, wa\u017cnym problemem, poruszonym w dzisiejszych liturgicznych czytaniach!&nbsp;&nbsp;&nbsp;&nbsp;&nbsp;&nbsp;&nbsp;&nbsp;&nbsp;&nbsp;&nbsp;&nbsp;&nbsp;&nbsp; Gaudium et spes!&nbsp; Ks. Jacek&nbsp; Wtorek 8 tygodnia zwyk\u0142ego, rok I, do czyta\u0144:&nbsp;&nbsp;Syr 35,1\u201312;&nbsp;&nbsp;Mk 10,28\u201331 A dzisiaj s\u0142yszymy i rozwa\u017camy&nbsp;o ofiarach, sk\u0142adanych Bogu.&nbsp;W Starym Testamencie [&hellip;]<\/p>\n","protected":false},"author":1,"featured_media":0,"comment_status":"open","ping_status":"open","sticky":false,"template":"","format":"standard","meta":{"jetpack_post_was_ever_published":false,"_jetpack_newsletter_access":"","_jetpack_dont_email_post_to_subs":false,"_jetpack_newsletter_tier_id":0,"_jetpack_memberships_contains_paywalled_content":false,"_jetpack_memberships_contains_paid_content":false,"footnotes":""},"categories":[1],"tags":[],"class_list":["post-9933","post","type-post","status-publish","format-standard","hentry","category-bez-kategorii"],"yoast_head":"<!-- This site is optimized with the Yoast SEO plugin v25.1 - https:\/\/yoast.com\/wordpress\/plugins\/seo\/ -->\n<title>Co otrzymamy za swoje dary?... - Gaudium Et Spes<\/title>\n<meta name=\"robots\" content=\"index, follow, max-snippet:-1, max-image-preview:large, max-video-preview:-1\" \/>\n<link rel=\"canonical\" href=\"https:\/\/gaudiumetspes-blog.pl\/index.php\/2011\/03\/02\/co-otrzymamy-za-swoje-dary\/\" \/>\n<meta property=\"og:locale\" content=\"pl_PL\" \/>\n<meta property=\"og:type\" content=\"article\" \/>\n<meta property=\"og:title\" content=\"Co otrzymamy za swoje dary?... - Gaudium Et Spes\" \/>\n<meta property=\"og:description\" content=\"Serdecznie witam i pozdrawiam wszystkich moich Blogowych Go\u015bci, \u017cycz\u0119 dobrego dnia i Bo\u017cego b\u0142ogos\u0142awie\u0144stwa &#8211; oraz skupienia ducha, potrzebnego do refleksji nad kolejnym, wa\u017cnym problemem, poruszonym w dzisiejszych liturgicznych czytaniach!&nbsp;&nbsp;&nbsp;&nbsp;&nbsp;&nbsp;&nbsp;&nbsp;&nbsp;&nbsp;&nbsp;&nbsp;&nbsp;&nbsp; Gaudium et spes!&nbsp; Ks. Jacek&nbsp; Wtorek 8 tygodnia zwyk\u0142ego, rok I, do czyta\u0144:&nbsp;&nbsp;Syr 35,1\u201312;&nbsp;&nbsp;Mk 10,28\u201331 A dzisiaj s\u0142yszymy i rozwa\u017camy&nbsp;o ofiarach, sk\u0142adanych Bogu.&nbsp;W Starym Testamencie [&hellip;]\" \/>\n<meta property=\"og:url\" content=\"https:\/\/gaudiumetspes-blog.pl\/index.php\/2011\/03\/02\/co-otrzymamy-za-swoje-dary\/\" \/>\n<meta property=\"og:site_name\" content=\"Gaudium Et Spes\" \/>\n<meta property=\"article:published_time\" content=\"2011-03-02T01:59:00+00:00\" \/>\n<meta property=\"article:modified_time\" content=\"2019-07-31T10:52:07+00:00\" \/>\n<meta name=\"author\" content=\"Ks. Jacek\" \/>\n<meta name=\"twitter:card\" content=\"summary_large_image\" \/>\n<meta name=\"twitter:label1\" content=\"Napisane przez\" \/>\n\t<meta name=\"twitter:data1\" content=\"Ks. Jacek\" \/>\n\t<meta name=\"twitter:label2\" content=\"Szacowany czas czytania\" \/>\n\t<meta name=\"twitter:data2\" content=\"4 minuty\" \/>\n<script type=\"application\/ld+json\" class=\"yoast-schema-graph\">{\"@context\":\"https:\/\/schema.org\",\"@graph\":[{\"@type\":\"WebPage\",\"@id\":\"https:\/\/gaudiumetspes-blog.pl\/index.php\/2011\/03\/02\/co-otrzymamy-za-swoje-dary\/\",\"url\":\"https:\/\/gaudiumetspes-blog.pl\/index.php\/2011\/03\/02\/co-otrzymamy-za-swoje-dary\/\",\"name\":\"Co otrzymamy za swoje dary?... - Gaudium Et Spes\",\"isPartOf\":{\"@id\":\"https:\/\/gaudiumetspes-blog.pl\/#website\"},\"datePublished\":\"2011-03-02T01:59:00+00:00\",\"dateModified\":\"2019-07-31T10:52:07+00:00\",\"author\":{\"@id\":\"https:\/\/gaudiumetspes-blog.pl\/#\/schema\/person\/1661982992b752dea8dff0d4ed845a65\"},\"breadcrumb\":{\"@id\":\"https:\/\/gaudiumetspes-blog.pl\/index.php\/2011\/03\/02\/co-otrzymamy-za-swoje-dary\/#breadcrumb\"},\"inLanguage\":\"pl-PL\",\"potentialAction\":[{\"@type\":\"ReadAction\",\"target\":[\"https:\/\/gaudiumetspes-blog.pl\/index.php\/2011\/03\/02\/co-otrzymamy-za-swoje-dary\/\"]}]},{\"@type\":\"BreadcrumbList\",\"@id\":\"https:\/\/gaudiumetspes-blog.pl\/index.php\/2011\/03\/02\/co-otrzymamy-za-swoje-dary\/#breadcrumb\",\"itemListElement\":[{\"@type\":\"ListItem\",\"position\":1,\"name\":\"Strona g\u0142\u00f3wna\",\"item\":\"https:\/\/gaudiumetspes-blog.pl\/\"},{\"@type\":\"ListItem\",\"position\":2,\"name\":\"Co otrzymamy za&nbsp;swoje dary?&#8230;\"}]},{\"@type\":\"WebSite\",\"@id\":\"https:\/\/gaudiumetspes-blog.pl\/#website\",\"url\":\"https:\/\/gaudiumetspes-blog.pl\/\",\"name\":\"Gaudium Et Spes\",\"description\":\"Blog Ks. Jacka Ja\u015bkowskiego\",\"potentialAction\":[{\"@type\":\"SearchAction\",\"target\":{\"@type\":\"EntryPoint\",\"urlTemplate\":\"https:\/\/gaudiumetspes-blog.pl\/?s={search_term_string}\"},\"query-input\":{\"@type\":\"PropertyValueSpecification\",\"valueRequired\":true,\"valueName\":\"search_term_string\"}}],\"inLanguage\":\"pl-PL\"},{\"@type\":\"Person\",\"@id\":\"https:\/\/gaudiumetspes-blog.pl\/#\/schema\/person\/1661982992b752dea8dff0d4ed845a65\",\"name\":\"Ks. Jacek\",\"image\":{\"@type\":\"ImageObject\",\"inLanguage\":\"pl-PL\",\"@id\":\"https:\/\/gaudiumetspes-blog.pl\/#\/schema\/person\/image\/\",\"url\":\"https:\/\/gaudiumetspes-blog.pl\/wp-content\/uploads\/2019\/07\/avatar-JJ-150x150.jpg\",\"contentUrl\":\"https:\/\/gaudiumetspes-blog.pl\/wp-content\/uploads\/2019\/07\/avatar-JJ-150x150.jpg\",\"caption\":\"Ks. Jacek\"},\"description\":\"Witam serdecznie! K\u0142ania si\u0119 Ks. Jacek Ja\u015bkowski. Nie jestem ani kim\u015b wa\u017cnym, ani kim\u015b znanym. Jestem ksi\u0119dzem, kt\u00f3ry po prostu chce rozmawia\u0107. Codzienna kap\u0142a\u0144ska pos\u0142uga pokazuje mi, \u017ce temat\u00f3w do rozm\u00f3w z ksi\u0119dzem jest coraz wi\u0119cej i dzisiaj \u017caden ksi\u0105dz nie mo\u017ce od nich ucieka\u0107, ale - wprost przeciwnie - podejmowa\u0107 nowe wyzwania. To przekonanie sk\u0142oni\u0142o mnie do pr\u00f3by otwarcia tego\u017c bloga, chocia\u017c okazji do rozm\u00f3w na co dzie\u0144 - w konfesjonale i poza nim - na szcz\u0119\u015bcie nie brakuje. My\u015bl\u0119 jednak, \u017ce ten blog b\u0119dzie jeszcze jednym sposobem i przestrzeni\u0105 nawi\u0105zania kontaktu z lud\u017ami dobrej woli, otwartymi na dialog.\",\"url\":\"https:\/\/gaudiumetspes-blog.pl\/index.php\/author\/ks-jacek\/\"}]}<\/script>\n<!-- \/ Yoast SEO plugin. -->","yoast_head_json":{"title":"Co otrzymamy za swoje dary?... - Gaudium Et Spes","robots":{"index":"index","follow":"follow","max-snippet":"max-snippet:-1","max-image-preview":"max-image-preview:large","max-video-preview":"max-video-preview:-1"},"canonical":"https:\/\/gaudiumetspes-blog.pl\/index.php\/2011\/03\/02\/co-otrzymamy-za-swoje-dary\/","og_locale":"pl_PL","og_type":"article","og_title":"Co otrzymamy za swoje dary?... - Gaudium Et Spes","og_description":"Serdecznie witam i pozdrawiam wszystkich moich Blogowych Go\u015bci, \u017cycz\u0119 dobrego dnia i Bo\u017cego b\u0142ogos\u0142awie\u0144stwa &#8211; oraz skupienia ducha, potrzebnego do refleksji nad kolejnym, wa\u017cnym problemem, poruszonym w dzisiejszych liturgicznych czytaniach!&nbsp;&nbsp;&nbsp;&nbsp;&nbsp;&nbsp;&nbsp;&nbsp;&nbsp;&nbsp;&nbsp;&nbsp;&nbsp;&nbsp; Gaudium et spes!&nbsp; Ks. Jacek&nbsp; Wtorek 8 tygodnia zwyk\u0142ego, rok I, do czyta\u0144:&nbsp;&nbsp;Syr 35,1\u201312;&nbsp;&nbsp;Mk 10,28\u201331 A dzisiaj s\u0142yszymy i rozwa\u017camy&nbsp;o ofiarach, sk\u0142adanych Bogu.&nbsp;W Starym Testamencie [&hellip;]","og_url":"https:\/\/gaudiumetspes-blog.pl\/index.php\/2011\/03\/02\/co-otrzymamy-za-swoje-dary\/","og_site_name":"Gaudium Et Spes","article_published_time":"2011-03-02T01:59:00+00:00","article_modified_time":"2019-07-31T10:52:07+00:00","author":"Ks. Jacek","twitter_card":"summary_large_image","twitter_misc":{"Napisane przez":"Ks. Jacek","Szacowany czas czytania":"4 minuty"},"schema":{"@context":"https:\/\/schema.org","@graph":[{"@type":"WebPage","@id":"https:\/\/gaudiumetspes-blog.pl\/index.php\/2011\/03\/02\/co-otrzymamy-za-swoje-dary\/","url":"https:\/\/gaudiumetspes-blog.pl\/index.php\/2011\/03\/02\/co-otrzymamy-za-swoje-dary\/","name":"Co otrzymamy za swoje dary?... - Gaudium Et Spes","isPartOf":{"@id":"https:\/\/gaudiumetspes-blog.pl\/#website"},"datePublished":"2011-03-02T01:59:00+00:00","dateModified":"2019-07-31T10:52:07+00:00","author":{"@id":"https:\/\/gaudiumetspes-blog.pl\/#\/schema\/person\/1661982992b752dea8dff0d4ed845a65"},"breadcrumb":{"@id":"https:\/\/gaudiumetspes-blog.pl\/index.php\/2011\/03\/02\/co-otrzymamy-za-swoje-dary\/#breadcrumb"},"inLanguage":"pl-PL","potentialAction":[{"@type":"ReadAction","target":["https:\/\/gaudiumetspes-blog.pl\/index.php\/2011\/03\/02\/co-otrzymamy-za-swoje-dary\/"]}]},{"@type":"BreadcrumbList","@id":"https:\/\/gaudiumetspes-blog.pl\/index.php\/2011\/03\/02\/co-otrzymamy-za-swoje-dary\/#breadcrumb","itemListElement":[{"@type":"ListItem","position":1,"name":"Strona g\u0142\u00f3wna","item":"https:\/\/gaudiumetspes-blog.pl\/"},{"@type":"ListItem","position":2,"name":"Co otrzymamy za&nbsp;swoje dary?&#8230;"}]},{"@type":"WebSite","@id":"https:\/\/gaudiumetspes-blog.pl\/#website","url":"https:\/\/gaudiumetspes-blog.pl\/","name":"Gaudium Et Spes","description":"Blog Ks. Jacka Ja\u015bkowskiego","potentialAction":[{"@type":"SearchAction","target":{"@type":"EntryPoint","urlTemplate":"https:\/\/gaudiumetspes-blog.pl\/?s={search_term_string}"},"query-input":{"@type":"PropertyValueSpecification","valueRequired":true,"valueName":"search_term_string"}}],"inLanguage":"pl-PL"},{"@type":"Person","@id":"https:\/\/gaudiumetspes-blog.pl\/#\/schema\/person\/1661982992b752dea8dff0d4ed845a65","name":"Ks. Jacek","image":{"@type":"ImageObject","inLanguage":"pl-PL","@id":"https:\/\/gaudiumetspes-blog.pl\/#\/schema\/person\/image\/","url":"https:\/\/gaudiumetspes-blog.pl\/wp-content\/uploads\/2019\/07\/avatar-JJ-150x150.jpg","contentUrl":"https:\/\/gaudiumetspes-blog.pl\/wp-content\/uploads\/2019\/07\/avatar-JJ-150x150.jpg","caption":"Ks. Jacek"},"description":"Witam serdecznie! K\u0142ania si\u0119 Ks. Jacek Ja\u015bkowski. Nie jestem ani kim\u015b wa\u017cnym, ani kim\u015b znanym. Jestem ksi\u0119dzem, kt\u00f3ry po prostu chce rozmawia\u0107. Codzienna kap\u0142a\u0144ska pos\u0142uga pokazuje mi, \u017ce temat\u00f3w do rozm\u00f3w z ksi\u0119dzem jest coraz wi\u0119cej i dzisiaj \u017caden ksi\u0105dz nie mo\u017ce od nich ucieka\u0107, ale - wprost przeciwnie - podejmowa\u0107 nowe wyzwania. To przekonanie sk\u0142oni\u0142o mnie do pr\u00f3by otwarcia tego\u017c bloga, chocia\u017c okazji do rozm\u00f3w na co dzie\u0144 - w konfesjonale i poza nim - na szcz\u0119\u015bcie nie brakuje. My\u015bl\u0119 jednak, \u017ce ten blog b\u0119dzie jeszcze jednym sposobem i przestrzeni\u0105 nawi\u0105zania kontaktu z lud\u017ami dobrej woli, otwartymi na dialog.","url":"https:\/\/gaudiumetspes-blog.pl\/index.php\/author\/ks-jacek\/"}]}},"jetpack_featured_media_url":"","jetpack_sharing_enabled":true,"_links":{"self":[{"href":"https:\/\/gaudiumetspes-blog.pl\/index.php\/wp-json\/wp\/v2\/posts\/9933","targetHints":{"allow":["GET"]}}],"collection":[{"href":"https:\/\/gaudiumetspes-blog.pl\/index.php\/wp-json\/wp\/v2\/posts"}],"about":[{"href":"https:\/\/gaudiumetspes-blog.pl\/index.php\/wp-json\/wp\/v2\/types\/post"}],"author":[{"embeddable":true,"href":"https:\/\/gaudiumetspes-blog.pl\/index.php\/wp-json\/wp\/v2\/users\/1"}],"replies":[{"embeddable":true,"href":"https:\/\/gaudiumetspes-blog.pl\/index.php\/wp-json\/wp\/v2\/comments?post=9933"}],"version-history":[{"count":1,"href":"https:\/\/gaudiumetspes-blog.pl\/index.php\/wp-json\/wp\/v2\/posts\/9933\/revisions"}],"predecessor-version":[{"id":10150,"href":"https:\/\/gaudiumetspes-blog.pl\/index.php\/wp-json\/wp\/v2\/posts\/9933\/revisions\/10150"}],"wp:attachment":[{"href":"https:\/\/gaudiumetspes-blog.pl\/index.php\/wp-json\/wp\/v2\/media?parent=9933"}],"wp:term":[{"taxonomy":"category","embeddable":true,"href":"https:\/\/gaudiumetspes-blog.pl\/index.php\/wp-json\/wp\/v2\/categories?post=9933"},{"taxonomy":"post_tag","embeddable":true,"href":"https:\/\/gaudiumetspes-blog.pl\/index.php\/wp-json\/wp\/v2\/tags?post=9933"}],"curies":[{"name":"wp","href":"https:\/\/api.w.org\/{rel}","templated":true}]}}