{"id":9954,"date":"2011-02-10T02:51:00","date_gmt":"2011-02-10T01:51:00","guid":{"rendered":"https:\/\/gaudiumetspes-blog.pl\/index.php\/2011\/02\/10\/jeszcze-o-stworzeniu-czowieka\/"},"modified":"2019-07-31T12:52:04","modified_gmt":"2019-07-31T10:52:04","slug":"jeszcze-o-stworzeniu-czowieka","status":"publish","type":"post","link":"https:\/\/gaudiumetspes-blog.pl\/index.php\/2011\/02\/10\/jeszcze-o-stworzeniu-czowieka\/","title":{"rendered":"Jeszcze o stworzeniu cz\u0142owieka&#8230;"},"content":{"rendered":"<p>Witam bardzo serdecznie i pozdrawiam! Wskutek jakiej\u015b blokady, kt\u00f3ra zaistnia\u0142a w ramce: &#8222;Zajrza\u0142o&#8221; od kilku dni utrzymuje si\u0119 ta sama liczba, wi\u0119c nie wiem, ile os\u00f3b zagl\u0105da ostatnio, ale&nbsp; wszystkich zapraszam do wypowiadania si\u0119 na tematy rozwa\u017canego S\u0142owa Bo\u017cego, jak i w kwestiach, kt\u00f3re poruszam we wpisie wst\u0119pnym przedwczorajszym. Serdecznie pozdrawiam i \u017cycz\u0119 Bo\u017cych natchnie\u0144 do \u017cycia wed\u0142ug norm, wskazanych przez Stw\u00f3rc\u0119.<br style=\"font-family: 'Times New Roman';\" \/>&nbsp;&nbsp;&nbsp;&nbsp;&nbsp;&nbsp;&nbsp;&nbsp;&nbsp;&nbsp;&nbsp;&nbsp;&nbsp;&nbsp;&nbsp;&nbsp;&nbsp; Gaudium et spes!&nbsp; Ks. Jacek<\/p>\n<div class=\"MsoNormal\" style=\"font-family: 'Times New Roman'; font-size: 14px; margin-bottom: 0px; margin-left: 0px; margin-right: 0px; margin-top: 0.4em; text-align: justify;\"><b>\u015aroda 5 tygodnia zwyk\u0142ego, rok I,<\/b><\/div>\n<div class=\"MsoNormal\" style=\"font-family: 'Times New Roman'; font-size: 14px; margin-bottom: 0px; margin-left: 0px; margin-right: 0px; margin-top: 0.4em; text-align: justify;\"><b>do czyta\u0144:&nbsp;&nbsp;Rdz 2,4b\u20139.15\u201317;&nbsp;&nbsp;Mk 7,14\u201323<\/b><\/div>\n<div class=\"MsoNormal\" style=\"font-family: 'Times New Roman'; font-size: 14px; margin-bottom: 0px; margin-left: 0px; margin-right: 0px; margin-top: 0.4em; text-align: justify; text-indent: 35.4pt;\">Drugi obraz stworzenia cz\u0142owieka, kt\u00f3ry dzisiaj s\u0142yszymy, podobnie jak pierwszy, musi by\u0107 przez nas rozumiany&nbsp;<b>nie w sensie dos\u0142ownym, ale g\u0142\u0119bszym, duchowym.&nbsp;<\/b>Oto s\u0142yszymy na pocz\u0105tku pierwszego czytania, \u017ce zanim powsta\u0142 cz\u0142owiek, ziemia by\u0142a pustkowiem, nie by\u0142o bowiem kogo\u015b, kto by j\u0105 uprawia\u0142. Cz\u0142owiek, skoro si\u0119 tylko pojawi\u0142, o\u017cywi\u0142 ziemi\u0119.<b>Zatem, to cz\u0142owiek nadaje sens istnieniu \u015bwiata \u2013 nie odwrotnie.<\/b><\/div>\n<div class=\"MsoNormal\" style=\"font-family: 'Times New Roman'; font-size: 14px; margin-bottom: 0px; margin-left: 0px; margin-right: 0px; margin-top: 0.4em; text-align: justify; text-indent: 35.4pt;\">Obraz Boga, lepi\u0105cego cz\u0142owieka, ukazuje pe\u0142n\u0105 zale\u017cno\u015b\u0107 tego ostatniego od swego Stw\u00f3rcy: cz\u0142owiek sam nie wzi\u0105\u0142 sobie \u017cycia,&nbsp;<b>ale otrzyma\u0142 je w darze od Boga.&nbsp;<\/b>B\u00f3g zatroszczy\u0142 si\u0119 o cz\u0142owieka, umieszczaj\u0105c go w ogrodzie, kt\u00f3ry jest symbolem pe\u0142nego szcz\u0119\u015bcia i dostatku. Drzewa, kt\u00f3re \u2013 jak s\u0142yszymy \u2013 na polecenie Boga wyros\u0142y, by\u0142y<i>mi\u0142e z wygl\u0105du i smaczny owoc rodz\u0105ce<\/i>. A zatem&nbsp;<b>cz\u0142owiekowi nie zabrak\u0142o ani po\u017cywienia, ani poczucia pi\u0119kna, kt\u00f3rym zosta\u0142 otoczony,<\/b>&nbsp;a to wszystko sta\u0142o si\u0119 \u017ar\u00f3d\u0142em jakiego\u015b wspania\u0142ego poczucia bezpiecze\u0144stwa.<\/div>\n<div class=\"MsoNormal\" style=\"font-family: 'Times New Roman'; font-size: 14px; margin-bottom: 0px; margin-left: 0px; margin-right: 0px; margin-top: 0.4em; text-align: justify; text-indent: 35.4pt;\"><b>Cz\u0142owiekowi na ziemi, stworzonej dla niego przez Boga, nie brakuje niczego.<\/b>&nbsp;Jest on z t\u0105 ziemi\u0105 zwi\u0105zany, bo z ziemi zosta\u0142 ulepiony. Sygnalizuje to nawet s\u0142ownictwo, jakim pos\u0142uguje si\u0119 Autor biblijny, okre\u015blaj\u0105c cz\u0142owieka s\u0142owem: \u201eadam\u201d, a ziemi\u0119 s\u0142owem: \u201eadama\u201d. Cz\u0142owiek jest wi\u0119c&nbsp;<b>z ziemi utworzony, co wskazuje na jego nietrwa\u0142o\u015b\u0107 i \u015bmiertelno\u015b\u0107.&nbsp;<\/b>Jednocze\u015bnie jednak, jako utworzony przez Boga,&nbsp;<b>j<\/b><b>est obdarzony wewn\u0119trznym i zewn\u0119trznym pi\u0119knem,<\/b>&nbsp;bo przecie\u017c B\u00f3g, powo\u0142uj\u0105c go do istnienia, zainwestowa\u0142 w niego ca\u0142\u0105 swoj\u0105 mi\u0142o\u015b\u0107 i stw\u00f3rcze dzia\u0142anie.&nbsp;<\/div>\n<div class=\"MsoNormal\" style=\"font-family: 'Times New Roman'; font-size: 14px; margin-bottom: 0px; margin-left: 0px; margin-right: 0px; margin-top: 0.4em; text-align: justify; text-indent: 35.4pt;\">B\u0119d\u0105c istot\u0105 ziemsk\u0105, zosta\u0142 cz\u0142owiek powo\u0142any do tego, aby to swoje \u015brodowisko \u017cycia przekszta\u0142ca\u0142.&nbsp;<b>Staje si\u0119 wi\u0119c w ten spos\u00f3b wsp\u00f3\u0142pracownikiem Boga. Rozumnym i \u015bwiadomym wsp\u00f3\u0142pracownikiem Boga.&nbsp;<\/b>Znakiem owej dojrza\u0142o\u015bci cz\u0142owieka, jego wybrania, jego wy\u017cszo\u015bci nad innymi stworzeniami, a mo\u017ce nawet nazywaj\u0105c wprost:&nbsp;<b>znakiem jego godno\u015bci \u2013 staje si\u0119 prawo moralne, jakie B\u00f3g ustanawia dla cz\u0142owieka i ka\u017ce mu go przestrzega\u0107.<\/b>&nbsp;Jest to oczywi\u015bcie zacz\u0105tek prawa, bo przecie\u017c p\u00f3\u017aniej zostanie ono spisane na kamiennych tablicach w formie Dekalogu, ale oto teraz B\u00f3g okre\u015bla, \u017ce cz\u0142owiekowi&nbsp;<b>nie wolno spo\u017cywa\u0107 owoc\u00f3w z&nbsp;<i>drzewa poznania dobra i z\u0142a<\/i>.<\/b>&nbsp;C\u00f3\u017c to oznacza?<\/div>\n<div class=\"MsoNormal\" style=\"font-family: 'Times New Roman'; font-size: 14px; margin-bottom: 0px; margin-left: 0px; margin-right: 0px; margin-top: 0.4em; text-align: justify; text-indent: 35.4pt;\">Drzewo to ros\u0142o w ogrodzie zanim jeszcze pojawi\u0142 si\u0119 cz\u0142owiek. A wi\u0119c&nbsp;<b>to B\u00f3g okre\u015bla, co jest dobre, a co z\u0142e.<\/b>&nbsp;Gdyby cz\u0142owiek chcia\u0142 o tym decydowa\u0107, to znaczy\u0142oby, \u017ce stawia siebie w miejscu Stw\u00f3rcy. Zakaz spo\u017cywania owoc\u00f3w z tego\u017c drzewa jest symbolicznym zasygnalizowaniem zasady, \u017ce&nbsp;<b>cz\u0142owiek nie mo\u017ce ustanawia\u0107 w\u0142asnych norm moralnych, nie mo\u017ce okre\u015bla\u0107, co jest dobre, a co z\u0142e;<\/b>&nbsp;<b>co jest prawd\u0105, a co ni\u0105 nie jest;<\/b>&nbsp;nie mo\u017ce ustanawia\u0107 jakichkolwiek praw sprzecznych z prawem naturalnym. Te fundamentalne sprawy B\u00f3g zarezerwowa\u0142 sobie, a jednocze\u015bnie&nbsp;<b>wpisa\u0142 w natur\u0119 cz\u0142owieka dobro i prawd\u0119, samemu okre\u015blaj\u0105c granice, za kt\u00f3rymi jest ju\u017c z\u0142o i k\u0142amstwo.&nbsp;<\/b><\/div>\n<div class=\"MsoNormal\" style=\"font-family: 'Times New Roman'; font-size: 14px; margin-bottom: 0px; margin-left: 0px; margin-right: 0px; margin-top: 0.4em; text-align: justify; text-indent: 35.4pt;\">Jednocze\u015bnie B\u00f3g wyra\u017anie zastrzega, \u017ce je\u017celi cz\u0142owiek sam b\u0119dzie chcia\u0142 si\u0119ga\u0107 po uprawnienia Boskie i sam zacznie sobie ustanawia\u0107 prawo moralne, na pewno przegra, na pewno ulegnie zag\u0142adzie. Fakt obdarzenia cz\u0142owieka prawem jest \u2013 \u017ceby to jeszcze raz podkre\u015bli\u0107 \u2013 wyra\u017anym wskazaniem na jego&nbsp;<b>wyj\u0105tkow\u0105 godno\u015b\u0107 i wy\u017cszo\u015b\u0107 nad wszystkimi pozosta\u0142ymi stworzeniami.<\/b><\/div>\n<div class=\"MsoNormal\" style=\"font-family: 'Times New Roman'; font-size: 14px; margin-bottom: 0px; margin-left: 0px; margin-right: 0px; margin-top: 0.4em; text-align: justify; text-indent: 35.4pt;\">W dzisiejszej Ewangelii Jezus z ca\u0142\u0105 moc\u0105 podkre\u015bla, \u017ce wszystko, co zosta\u0142o przez Boga stworzone i podarowane cz\u0142owiekowi, jest dobre i cz\u0142owiek ma z tego korzysta\u0107. To nie pokarm \u2013 taki czy inny \u2013 czyni cz\u0142owieka nieczystym. To&nbsp;<b>fakt \u0142amania Prawa Bo\u017cego, z\u0142o przez niego czynione \u2013 to go w\u0142a\u015bnie czyni nieczystym!<\/b>&nbsp;Jest zatem cz\u0142owiek wezwany przez Boga do tego, aby szanuj\u0105c Jego prawo i go przestrzegaj\u0105c, korzysta\u0142 ze wszystkich dobrodziejstw, jakie B\u00f3g mu podarowa\u0142, a w ten spos\u00f3b przemienia\u0142 oblicze ziemi i zas\u0142ugiwa\u0142 na wieczne zbawienie.<\/div>\n<div class=\"MsoNormal\" style=\"font-family: 'Times New Roman'; font-size: 14px; margin-bottom: 0px; margin-left: 0px; margin-right: 0px; margin-top: 0.4em; text-align: justify; text-indent: 35.4pt;\">Tak ukszta\u0142towana przez Boga i zaproponowana cz\u0142owiekowi harmonia daje&nbsp;<b>prawdziwe szcz\u0119\u015bcie i poczucie bezpiecze\u0144stwa, poczucie jakiego\u015b g\u0142\u0119bokiego sensu \u017cycia i istnienia<\/b>&nbsp;\u2013&nbsp;o ile cz\u0142owiek, w\u0142asn\u0105 swoi\u015bcie pojmowan\u0105 \u201einwencj\u0105 tw\u00f3rcz\u0105\u201d nie zacznie ustanawia\u0107 swoich porz\u0105dk\u00f3w i swojego moralnego prawa.<\/div>\n<div class=\"MsoNormal\" style=\"font-family: 'Times New Roman'; font-size: 14px; margin-bottom: 0px; margin-left: 0px; margin-right: 0px; margin-top: 0.4em; text-align: justify; text-indent: 35.4pt;\">W tym duchu pomy\u015blmy:<\/div>\n<ul style=\"font-family: 'Times New Roman'; font-size: 14px; margin-top: 0cm;\" type=\"disc\">\n<li class=\"MsoNormal\" style=\"text-align: justify;\">Czy moje osobiste \u017cyciowe zasady s\u0105 to\u017csame z prawem Bo\u017cym, czy w niekt\u00f3rych punktach odbiegaj\u0105 od niego?<\/li>\n<li class=\"MsoNormal\" style=\"text-align: justify;\">Czy rozr\u00f3\u017cniaj\u0105c dobro od z\u0142a, czyni\u0119 to wed\u0142ug Bo\u017cego wzorca, czy w\u0142asnego?<\/li>\n<li class=\"MsoNormal\" style=\"text-align: justify;\">Czy nie pr\u00f3buj\u0119 szuka\u0107 szcz\u0119\u015bcia poza Bogiem?<\/li>\n<\/ul>\n<div class=\"MsoNormal\" style=\"font-family: 'Times New Roman'; font-size: 14px; margin-bottom: 0px; margin-left: 0px; margin-right: 0px; margin-top: 0.4em; text-align: justify; text-indent: 18pt;\"><b><i>Wtedy to Pan B\u00f3g ulepi\u0142 cz\u0142owieka z prochu ziemi i tchn\u0105\u0142 w jego nozdrza tchnienie \u017cycia<\/i><\/b>.<\/div>\n<div>\n<\/div>\n","protected":false},"excerpt":{"rendered":"<p>Witam bardzo serdecznie i pozdrawiam! Wskutek jakiej\u015b blokady, kt\u00f3ra zaistnia\u0142a w ramce: &#8222;Zajrza\u0142o&#8221; od kilku dni utrzymuje si\u0119 ta sama liczba, wi\u0119c nie wiem, ile os\u00f3b zagl\u0105da ostatnio, ale&nbsp; wszystkich zapraszam do wypowiadania si\u0119 na tematy rozwa\u017canego S\u0142owa Bo\u017cego, jak i w kwestiach, kt\u00f3re poruszam we wpisie wst\u0119pnym przedwczorajszym. Serdecznie pozdrawiam i \u017cycz\u0119 Bo\u017cych natchnie\u0144 [&hellip;]<\/p>\n","protected":false},"author":1,"featured_media":0,"comment_status":"open","ping_status":"open","sticky":false,"template":"","format":"standard","meta":{"jetpack_post_was_ever_published":false,"_jetpack_newsletter_access":"","_jetpack_dont_email_post_to_subs":false,"_jetpack_newsletter_tier_id":0,"_jetpack_memberships_contains_paywalled_content":false,"_jetpack_memberships_contains_paid_content":false,"footnotes":""},"categories":[1],"tags":[],"class_list":["post-9954","post","type-post","status-publish","format-standard","hentry","category-bez-kategorii"],"yoast_head":"<!-- This site is optimized with the Yoast SEO plugin v25.1 - https:\/\/yoast.com\/wordpress\/plugins\/seo\/ -->\n<title>Jeszcze o stworzeniu cz\u0142owieka... - Gaudium Et Spes<\/title>\n<meta name=\"robots\" content=\"index, follow, max-snippet:-1, max-image-preview:large, max-video-preview:-1\" \/>\n<link rel=\"canonical\" href=\"https:\/\/gaudiumetspes-blog.pl\/index.php\/2011\/02\/10\/jeszcze-o-stworzeniu-czowieka\/\" \/>\n<meta property=\"og:locale\" content=\"pl_PL\" \/>\n<meta property=\"og:type\" content=\"article\" \/>\n<meta property=\"og:title\" content=\"Jeszcze o stworzeniu cz\u0142owieka... - Gaudium Et Spes\" \/>\n<meta property=\"og:description\" content=\"Witam bardzo serdecznie i pozdrawiam! Wskutek jakiej\u015b blokady, kt\u00f3ra zaistnia\u0142a w ramce: &#8222;Zajrza\u0142o&#8221; od kilku dni utrzymuje si\u0119 ta sama liczba, wi\u0119c nie wiem, ile os\u00f3b zagl\u0105da ostatnio, ale&nbsp; wszystkich zapraszam do wypowiadania si\u0119 na tematy rozwa\u017canego S\u0142owa Bo\u017cego, jak i w kwestiach, kt\u00f3re poruszam we wpisie wst\u0119pnym przedwczorajszym. Serdecznie pozdrawiam i \u017cycz\u0119 Bo\u017cych natchnie\u0144 [&hellip;]\" \/>\n<meta property=\"og:url\" content=\"https:\/\/gaudiumetspes-blog.pl\/index.php\/2011\/02\/10\/jeszcze-o-stworzeniu-czowieka\/\" \/>\n<meta property=\"og:site_name\" content=\"Gaudium Et Spes\" \/>\n<meta property=\"article:published_time\" content=\"2011-02-10T01:51:00+00:00\" \/>\n<meta property=\"article:modified_time\" content=\"2019-07-31T10:52:04+00:00\" \/>\n<meta name=\"author\" content=\"Ks. Jacek\" \/>\n<meta name=\"twitter:card\" content=\"summary_large_image\" \/>\n<meta name=\"twitter:label1\" content=\"Napisane przez\" \/>\n\t<meta name=\"twitter:data1\" content=\"Ks. Jacek\" \/>\n\t<meta name=\"twitter:label2\" content=\"Szacowany czas czytania\" \/>\n\t<meta name=\"twitter:data2\" content=\"5 minut\" \/>\n<script type=\"application\/ld+json\" class=\"yoast-schema-graph\">{\"@context\":\"https:\/\/schema.org\",\"@graph\":[{\"@type\":\"WebPage\",\"@id\":\"https:\/\/gaudiumetspes-blog.pl\/index.php\/2011\/02\/10\/jeszcze-o-stworzeniu-czowieka\/\",\"url\":\"https:\/\/gaudiumetspes-blog.pl\/index.php\/2011\/02\/10\/jeszcze-o-stworzeniu-czowieka\/\",\"name\":\"Jeszcze o stworzeniu cz\u0142owieka... - Gaudium Et Spes\",\"isPartOf\":{\"@id\":\"https:\/\/gaudiumetspes-blog.pl\/#website\"},\"datePublished\":\"2011-02-10T01:51:00+00:00\",\"dateModified\":\"2019-07-31T10:52:04+00:00\",\"author\":{\"@id\":\"https:\/\/gaudiumetspes-blog.pl\/#\/schema\/person\/1661982992b752dea8dff0d4ed845a65\"},\"breadcrumb\":{\"@id\":\"https:\/\/gaudiumetspes-blog.pl\/index.php\/2011\/02\/10\/jeszcze-o-stworzeniu-czowieka\/#breadcrumb\"},\"inLanguage\":\"pl-PL\",\"potentialAction\":[{\"@type\":\"ReadAction\",\"target\":[\"https:\/\/gaudiumetspes-blog.pl\/index.php\/2011\/02\/10\/jeszcze-o-stworzeniu-czowieka\/\"]}]},{\"@type\":\"BreadcrumbList\",\"@id\":\"https:\/\/gaudiumetspes-blog.pl\/index.php\/2011\/02\/10\/jeszcze-o-stworzeniu-czowieka\/#breadcrumb\",\"itemListElement\":[{\"@type\":\"ListItem\",\"position\":1,\"name\":\"Strona g\u0142\u00f3wna\",\"item\":\"https:\/\/gaudiumetspes-blog.pl\/\"},{\"@type\":\"ListItem\",\"position\":2,\"name\":\"Jeszcze o&nbsp;stworzeniu cz\u0142owieka&#8230;\"}]},{\"@type\":\"WebSite\",\"@id\":\"https:\/\/gaudiumetspes-blog.pl\/#website\",\"url\":\"https:\/\/gaudiumetspes-blog.pl\/\",\"name\":\"Gaudium Et Spes\",\"description\":\"Blog Ks. Jacka Ja\u015bkowskiego\",\"potentialAction\":[{\"@type\":\"SearchAction\",\"target\":{\"@type\":\"EntryPoint\",\"urlTemplate\":\"https:\/\/gaudiumetspes-blog.pl\/?s={search_term_string}\"},\"query-input\":{\"@type\":\"PropertyValueSpecification\",\"valueRequired\":true,\"valueName\":\"search_term_string\"}}],\"inLanguage\":\"pl-PL\"},{\"@type\":\"Person\",\"@id\":\"https:\/\/gaudiumetspes-blog.pl\/#\/schema\/person\/1661982992b752dea8dff0d4ed845a65\",\"name\":\"Ks. Jacek\",\"image\":{\"@type\":\"ImageObject\",\"inLanguage\":\"pl-PL\",\"@id\":\"https:\/\/gaudiumetspes-blog.pl\/#\/schema\/person\/image\/\",\"url\":\"https:\/\/gaudiumetspes-blog.pl\/wp-content\/uploads\/2019\/07\/avatar-JJ-150x150.jpg\",\"contentUrl\":\"https:\/\/gaudiumetspes-blog.pl\/wp-content\/uploads\/2019\/07\/avatar-JJ-150x150.jpg\",\"caption\":\"Ks. Jacek\"},\"description\":\"Witam serdecznie! K\u0142ania si\u0119 Ks. Jacek Ja\u015bkowski. Nie jestem ani kim\u015b wa\u017cnym, ani kim\u015b znanym. Jestem ksi\u0119dzem, kt\u00f3ry po prostu chce rozmawia\u0107. Codzienna kap\u0142a\u0144ska pos\u0142uga pokazuje mi, \u017ce temat\u00f3w do rozm\u00f3w z ksi\u0119dzem jest coraz wi\u0119cej i dzisiaj \u017caden ksi\u0105dz nie mo\u017ce od nich ucieka\u0107, ale - wprost przeciwnie - podejmowa\u0107 nowe wyzwania. To przekonanie sk\u0142oni\u0142o mnie do pr\u00f3by otwarcia tego\u017c bloga, chocia\u017c okazji do rozm\u00f3w na co dzie\u0144 - w konfesjonale i poza nim - na szcz\u0119\u015bcie nie brakuje. My\u015bl\u0119 jednak, \u017ce ten blog b\u0119dzie jeszcze jednym sposobem i przestrzeni\u0105 nawi\u0105zania kontaktu z lud\u017ami dobrej woli, otwartymi na dialog.\",\"url\":\"https:\/\/gaudiumetspes-blog.pl\/index.php\/author\/ks-jacek\/\"}]}<\/script>\n<!-- \/ Yoast SEO plugin. -->","yoast_head_json":{"title":"Jeszcze o stworzeniu cz\u0142owieka... - Gaudium Et Spes","robots":{"index":"index","follow":"follow","max-snippet":"max-snippet:-1","max-image-preview":"max-image-preview:large","max-video-preview":"max-video-preview:-1"},"canonical":"https:\/\/gaudiumetspes-blog.pl\/index.php\/2011\/02\/10\/jeszcze-o-stworzeniu-czowieka\/","og_locale":"pl_PL","og_type":"article","og_title":"Jeszcze o stworzeniu cz\u0142owieka... - Gaudium Et Spes","og_description":"Witam bardzo serdecznie i pozdrawiam! Wskutek jakiej\u015b blokady, kt\u00f3ra zaistnia\u0142a w ramce: &#8222;Zajrza\u0142o&#8221; od kilku dni utrzymuje si\u0119 ta sama liczba, wi\u0119c nie wiem, ile os\u00f3b zagl\u0105da ostatnio, ale&nbsp; wszystkich zapraszam do wypowiadania si\u0119 na tematy rozwa\u017canego S\u0142owa Bo\u017cego, jak i w kwestiach, kt\u00f3re poruszam we wpisie wst\u0119pnym przedwczorajszym. Serdecznie pozdrawiam i \u017cycz\u0119 Bo\u017cych natchnie\u0144 [&hellip;]","og_url":"https:\/\/gaudiumetspes-blog.pl\/index.php\/2011\/02\/10\/jeszcze-o-stworzeniu-czowieka\/","og_site_name":"Gaudium Et Spes","article_published_time":"2011-02-10T01:51:00+00:00","article_modified_time":"2019-07-31T10:52:04+00:00","author":"Ks. Jacek","twitter_card":"summary_large_image","twitter_misc":{"Napisane przez":"Ks. Jacek","Szacowany czas czytania":"5 minut"},"schema":{"@context":"https:\/\/schema.org","@graph":[{"@type":"WebPage","@id":"https:\/\/gaudiumetspes-blog.pl\/index.php\/2011\/02\/10\/jeszcze-o-stworzeniu-czowieka\/","url":"https:\/\/gaudiumetspes-blog.pl\/index.php\/2011\/02\/10\/jeszcze-o-stworzeniu-czowieka\/","name":"Jeszcze o stworzeniu cz\u0142owieka... - Gaudium Et Spes","isPartOf":{"@id":"https:\/\/gaudiumetspes-blog.pl\/#website"},"datePublished":"2011-02-10T01:51:00+00:00","dateModified":"2019-07-31T10:52:04+00:00","author":{"@id":"https:\/\/gaudiumetspes-blog.pl\/#\/schema\/person\/1661982992b752dea8dff0d4ed845a65"},"breadcrumb":{"@id":"https:\/\/gaudiumetspes-blog.pl\/index.php\/2011\/02\/10\/jeszcze-o-stworzeniu-czowieka\/#breadcrumb"},"inLanguage":"pl-PL","potentialAction":[{"@type":"ReadAction","target":["https:\/\/gaudiumetspes-blog.pl\/index.php\/2011\/02\/10\/jeszcze-o-stworzeniu-czowieka\/"]}]},{"@type":"BreadcrumbList","@id":"https:\/\/gaudiumetspes-blog.pl\/index.php\/2011\/02\/10\/jeszcze-o-stworzeniu-czowieka\/#breadcrumb","itemListElement":[{"@type":"ListItem","position":1,"name":"Strona g\u0142\u00f3wna","item":"https:\/\/gaudiumetspes-blog.pl\/"},{"@type":"ListItem","position":2,"name":"Jeszcze o&nbsp;stworzeniu cz\u0142owieka&#8230;"}]},{"@type":"WebSite","@id":"https:\/\/gaudiumetspes-blog.pl\/#website","url":"https:\/\/gaudiumetspes-blog.pl\/","name":"Gaudium Et Spes","description":"Blog Ks. Jacka Ja\u015bkowskiego","potentialAction":[{"@type":"SearchAction","target":{"@type":"EntryPoint","urlTemplate":"https:\/\/gaudiumetspes-blog.pl\/?s={search_term_string}"},"query-input":{"@type":"PropertyValueSpecification","valueRequired":true,"valueName":"search_term_string"}}],"inLanguage":"pl-PL"},{"@type":"Person","@id":"https:\/\/gaudiumetspes-blog.pl\/#\/schema\/person\/1661982992b752dea8dff0d4ed845a65","name":"Ks. Jacek","image":{"@type":"ImageObject","inLanguage":"pl-PL","@id":"https:\/\/gaudiumetspes-blog.pl\/#\/schema\/person\/image\/","url":"https:\/\/gaudiumetspes-blog.pl\/wp-content\/uploads\/2019\/07\/avatar-JJ-150x150.jpg","contentUrl":"https:\/\/gaudiumetspes-blog.pl\/wp-content\/uploads\/2019\/07\/avatar-JJ-150x150.jpg","caption":"Ks. Jacek"},"description":"Witam serdecznie! K\u0142ania si\u0119 Ks. Jacek Ja\u015bkowski. Nie jestem ani kim\u015b wa\u017cnym, ani kim\u015b znanym. Jestem ksi\u0119dzem, kt\u00f3ry po prostu chce rozmawia\u0107. Codzienna kap\u0142a\u0144ska pos\u0142uga pokazuje mi, \u017ce temat\u00f3w do rozm\u00f3w z ksi\u0119dzem jest coraz wi\u0119cej i dzisiaj \u017caden ksi\u0105dz nie mo\u017ce od nich ucieka\u0107, ale - wprost przeciwnie - podejmowa\u0107 nowe wyzwania. To przekonanie sk\u0142oni\u0142o mnie do pr\u00f3by otwarcia tego\u017c bloga, chocia\u017c okazji do rozm\u00f3w na co dzie\u0144 - w konfesjonale i poza nim - na szcz\u0119\u015bcie nie brakuje. My\u015bl\u0119 jednak, \u017ce ten blog b\u0119dzie jeszcze jednym sposobem i przestrzeni\u0105 nawi\u0105zania kontaktu z lud\u017ami dobrej woli, otwartymi na dialog.","url":"https:\/\/gaudiumetspes-blog.pl\/index.php\/author\/ks-jacek\/"}]}},"jetpack_featured_media_url":"","jetpack_sharing_enabled":true,"_links":{"self":[{"href":"https:\/\/gaudiumetspes-blog.pl\/index.php\/wp-json\/wp\/v2\/posts\/9954","targetHints":{"allow":["GET"]}}],"collection":[{"href":"https:\/\/gaudiumetspes-blog.pl\/index.php\/wp-json\/wp\/v2\/posts"}],"about":[{"href":"https:\/\/gaudiumetspes-blog.pl\/index.php\/wp-json\/wp\/v2\/types\/post"}],"author":[{"embeddable":true,"href":"https:\/\/gaudiumetspes-blog.pl\/index.php\/wp-json\/wp\/v2\/users\/1"}],"replies":[{"embeddable":true,"href":"https:\/\/gaudiumetspes-blog.pl\/index.php\/wp-json\/wp\/v2\/comments?post=9954"}],"version-history":[{"count":1,"href":"https:\/\/gaudiumetspes-blog.pl\/index.php\/wp-json\/wp\/v2\/posts\/9954\/revisions"}],"predecessor-version":[{"id":10129,"href":"https:\/\/gaudiumetspes-blog.pl\/index.php\/wp-json\/wp\/v2\/posts\/9954\/revisions\/10129"}],"wp:attachment":[{"href":"https:\/\/gaudiumetspes-blog.pl\/index.php\/wp-json\/wp\/v2\/media?parent=9954"}],"wp:term":[{"taxonomy":"category","embeddable":true,"href":"https:\/\/gaudiumetspes-blog.pl\/index.php\/wp-json\/wp\/v2\/categories?post=9954"},{"taxonomy":"post_tag","embeddable":true,"href":"https:\/\/gaudiumetspes-blog.pl\/index.php\/wp-json\/wp\/v2\/tags?post=9954"}],"curies":[{"name":"wp","href":"https:\/\/api.w.org\/{rel}","templated":true}]}}