{"id":9955,"date":"2011-02-09T02:51:00","date_gmt":"2011-02-09T01:51:00","guid":{"rendered":"https:\/\/gaudiumetspes-blog.pl\/index.php\/2011\/02\/09\/uczynmy-czowieka-na-nasz-obraz\/"},"modified":"2019-07-31T12:52:04","modified_gmt":"2019-07-31T10:52:04","slug":"uczynmy-czowieka-na-nasz-obraz","status":"publish","type":"post","link":"https:\/\/gaudiumetspes-blog.pl\/index.php\/2011\/02\/09\/uczynmy-czowieka-na-nasz-obraz\/","title":{"rendered":"Uczy\u0144my cz\u0142owieka na Nasz obraz!"},"content":{"rendered":"<p>Witam bardzo serdecznie i zapraszam do dalszej refleksji nad dzie\u0142em stworzenia. Raz jeszcze stawiam pytania, kt\u00f3re zamie\u015bci\u0142em wczoraj, we wpisie wst\u0119pnym i prosz\u0119 o Wasze wypowiedzi. Bardzo dzi\u0119kuj\u0119 Piotrowi za wczorajszy wpis, w najbli\u017cszym czasie odpisz\u0119 mu &#8211; jak m\u00f3wi Pismo &#8211; &#8222;dobitnie i z dodaniem obja\u015bnie\u0144&#8221;. Wszystkim \u017cycz\u0119 Bo\u017cego b\u0142ogos\u0142awie\u0144stwa!<br style=\"font-family: 'Times New Roman';\" \/>&nbsp;&nbsp;&nbsp;&nbsp;&nbsp;&nbsp;&nbsp;&nbsp;&nbsp;&nbsp;&nbsp;&nbsp;&nbsp;&nbsp;&nbsp; Gaudium et spes!&nbsp; Ks. Jacek&nbsp;<\/p>\n<div class=\"MsoNormal\" style=\"font-family: 'Times New Roman'; font-size: 14px; margin-bottom: 0px; margin-left: 0px; margin-right: 0px; margin-top: 0.4em; text-align: justify;\"><b>Wtorek 5 tygodnia zwyk\u0142ego, rok I,<\/b><\/div>\n<div class=\"MsoNormal\" style=\"font-family: 'Times New Roman'; font-size: 14px; margin-bottom: 0px; margin-left: 0px; margin-right: 0px; margin-top: 0.4em; text-align: justify;\"><b>do czyta\u0144:&nbsp;&nbsp;Rdz 1,20\u2013 2,4a;&nbsp;&nbsp;Mk 7,1\u201313<\/b><\/div>\n<div class=\"MsoNormal\" style=\"font-family: 'Times New Roman'; font-size: 14px; margin-bottom: 0px; margin-left: 0px; margin-right: 0px; margin-top: 0.4em; text-align: justify; text-indent: 35.4pt;\">A oto dzisiaj towarzyszymy Bogu w dalszym ci\u0105gu dzie\u0142a stwarzania.&nbsp;<b>B\u00f3g powo\u0142uje do istnienia istoty \u017cywe:<\/b>&nbsp;zwierz\u0119ta, wszelkie morskie potwory i wszelkie ptactwo,&nbsp;<b>a wreszcie \u2013 cz\u0142owieka.&nbsp;<\/b>Stwarzaj\u0105c go, m\u00f3wi B\u00f3g:&nbsp;<b><i>Uczy\u0144my cz\u0142owieka<\/i><\/b>.<\/div>\n<div class=\"MsoNormal\" style=\"font-family: 'Times New Roman'; font-size: 14px; margin-bottom: 0px; margin-left: 0px; margin-right: 0px; margin-top: 0.4em; text-align: justify; text-indent: 35.4pt;\">W u\u017cyciu liczby mnogiej bibli\u015bci widz\u0105&nbsp;<b>podkre\u015blenie rangi czynno\u015bci,<\/b>&nbsp;kt\u00f3ra akurat si\u0119 dokonuje, oraz&nbsp;<b>g\u0142\u0119boki namys\u0142,<\/b>&nbsp;z jakim B\u00f3g to czyni. Mo\u017cna te\u017c powiedzie\u0107, \u017ce stwarzaj\u0105c cz\u0142owieka,&nbsp;<b>B\u00f3g anga\u017cuje ca\u0142y sw\u00f3j majestat i ca\u0142y sw\u00f3j autorytet.&nbsp;<\/b>W tym momencie bowiem powo\u0142uje do \u017cycia kogo\u015b, kto ma by\u0107&nbsp;<b>wiernym odwzorowaniem Jego obrazu,<\/b>&nbsp;kto ma by\u0107 koron\u0105 wszystkich stworze\u0144. Szczeg\u00f3ln\u0105 rang\u0119 tego akurat aktu stw\u00f3rczego podkre\u015bla potr\u00f3jne u\u017cycie s\u0142owa \u201estworzy\u0142\u201d w odniesieniu do cz\u0142owieka. S\u0142yszymy bowiem s\u0142owa:&nbsp;<b><i>Stworzy\u0142<\/i><\/b><i>&nbsp;wi\u0119c B\u00f3g cz\u0142owieka na sw\u00f3j obraz, na obraz Bo\u017cy go&nbsp;<b>stworzy\u0142: stworzy\u0142<\/b>&nbsp;m\u0119\u017cczyzn\u0119 i niewiast\u0119<\/i>.<\/div>\n<div class=\"MsoNormal\" style=\"font-family: 'Times New Roman'; font-size: 14px; margin-bottom: 0px; margin-left: 0px; margin-right: 0px; margin-top: 0.4em; text-align: justify; text-indent: 35.4pt;\">Powo\u0142any do \u017cycia przez Boga cz\u0142owiek&nbsp;<b>zostaje obdarzony wolno\u015bci\u0105,&nbsp;<\/b>aby w wolny, niczym nie wymuszony spos\u00f3b, oddawa\u0142 Bogu cze\u015b\u0107 i chwali\u0142 Go swoim \u017cyciem.&nbsp;<b>Aby w wolny spos\u00f3b odpowiada\u0142 mi\u0142o\u015bci\u0105 na Bo\u017c\u0105 mi\u0142o\u015b\u0107.<\/b>&nbsp;Jest on wi\u0119c w pe\u0142ni zale\u017cny od Boga, ale&nbsp;<b>nie zniewolony przez Niego.<\/b><\/div>\n<div class=\"MsoNormal\" style=\"font-family: 'Times New Roman'; font-size: 14px; margin-bottom: 0px; margin-left: 0px; margin-right: 0px; margin-top: 0.4em; text-align: justify; text-indent: 35.4pt;\">Jest natomiast zaproszony do wsp\u00f3\u0142pracy z Bogiem w dziele kierowania \u015bwiatem. B\u00f3g wyra\u017anie m\u00f3wi o cz\u0142owieku:&nbsp;<i>Niech&nbsp;<b>panuje&nbsp;<\/b>nad rybami morskimi, nad ptactwem powietrznym, nad byd\u0142em, nad ca\u0142\u0105 ziemi\u0105 i nad wszelkim gadem i p\u0142azem.<\/i>&nbsp;[\u2026]&nbsp;<i>B\u0105d\u017acie p\u0142odni i rozmna\u017cajcie si\u0119, aby\u015bcie zaludnili ziemi\u0119&nbsp;<b>i uczynili j\u0105 sobie poddan\u0105, aby\u015bcie panowali<\/b>&nbsp;nad rybami morskimi, nad ptactwem powietrznym i nad ka\u017cdym gadem i p\u0142azem.<\/i><\/div>\n<div class=\"MsoNormal\" style=\"font-family: 'Times New Roman'; font-size: 14px; margin-bottom: 0px; margin-left: 0px; margin-right: 0px; margin-top: 0.4em; text-align: justify; text-indent: 35.4pt;\">Tak wi\u0119c cz\u0142owiek&nbsp;<b>przewy\u017csza wszelkie inne istoty \u017cywe, ma nad nimi panowa\u0107,<\/b>&nbsp;w obr\u0119bie za\u015b samego rodzaju ludzkiego jest r\u00f3wno\u015b\u0107: w obrazie stworzenia m\u0119\u017cczyzny i kobiety&nbsp;<b>mamy dostrzec w\u0142a\u015bnie ow\u0105 r\u00f3wno\u015b\u0107,<\/b>&nbsp;jak\u0105 B\u00f3g wprowadza pomi\u0119dzy lud\u017ami \u2013 r\u00f3wno\u015b\u0107 co do pochodzenia, godno\u015bci, umi\u0142owania przez Boga, co nie przeczy r\u00f3\u017cno\u015bci funkcji, jakie poszczeg\u00f3lni ludzie b\u0119d\u0105 spe\u0142nia\u0107 w przysz\u0142o\u015bci. Natomiast z pewno\u015bci\u0105 z opisu tego mo\u017cemy wydedukowa\u0107 stwierdzenie&nbsp;<b>o fundamentalnej r\u00f3wno\u015bci pomi\u0119dzy lud\u017ami, gdy idzie o p\u0142e\u0107, czy kolor sk\u00f3ry.<\/b>&nbsp;Pan B\u00f3g stworzy\u0142 cz\u0142owieka jako cz\u0142owieka, nie m\u00f3wi\u0105c, \u017ce ta p\u0142e\u0107, czy ten kolor sk\u00f3ry, czy ta budowa cia\u0142a b\u0119dzie lepsza, a ta gorsza; ta wa\u017cniejsza, a ta mniej wa\u017cna.<\/div>\n<div class=\"MsoNormal\" style=\"font-family: 'Times New Roman'; font-size: 14px; margin-bottom: 0px; margin-left: 0px; margin-right: 0px; margin-top: 0.4em; text-align: justify; text-indent: 35.4pt;\">Cz\u0142owiek, stworzony na obraz Bo\u017cy, a wi\u0119c&nbsp;<b>obdarzony wyj\u0105tkow\u0105 godno\u015bci\u0105<\/b>&nbsp;\u2013 godno\u015bci\u0105, kt\u00f3ra oznacza co\u015b wi\u0119cej, ni\u017c poczucie honoru lub osobiste poczucie swojej wa\u017cno\u015bci \u2013 taki cz\u0142owiek&nbsp;<b>musi dostrzega\u0107 tak\u0105 sam\u0105 godno\u015b\u0107 w drugim cz\u0142owieku.<\/b>&nbsp;I to w\u0142a\u015bnie tak ukszta\u0142towany i stworzony cz\u0142owiek ma panowa\u0107 nad innymi stworzeniami. Przeto nie do pomy\u015blenia jest cz\u0119sto obserwowana \u2013 szczeg\u00f3lnie dzisiaj \u2013 dziwaczna sytuacja, w kt\u00f3rej&nbsp;<b>los zwierz\u0105t i troska o \u017cycie zwierz\u0105t stanowi wi\u0119ksze \u201ezmartwienie\u201d, ni\u017c troska o \u017cycie cz\u0142owieka, szczeg\u00f3lnie nienarodzonego!<\/b>&nbsp;Takie odwr\u00f3cenie hierarchii wa\u017cno\u015bci jest dzi\u015b bardzo cz\u0119ste, aczkolwiek jest ono naprawd\u0119 nie do zaakceptowania.<\/div>\n<div class=\"MsoNormal\" style=\"font-family: 'Times New Roman'; font-size: 14px; margin-bottom: 0px; margin-left: 0px; margin-right: 0px; margin-top: 0.4em; text-align: justify; text-indent: 35.4pt;\">To cz\u0142owiek jest&nbsp;<b>koron\u0105 stworzenia,<\/b>&nbsp;to on niesko\u0144czenie przewy\u017csza wszelkie inne byty \u2013 w\u0142a\u015bnie ze wzgl\u0119du na swoje podobie\u0144stwo do Boga, dar wolno\u015bci i przywilej panowania nad \u015bwiatem.<\/div>\n<div class=\"MsoNormal\" style=\"font-family: 'Times New Roman'; font-size: 14px; margin-bottom: 0px; margin-left: 0px; margin-right: 0px; margin-top: 0.4em; text-align: justify; text-indent: 35.4pt;\">Warto tu jeszcze nadmieni\u0107, \u017ce fakt powo\u0142ania do \u017cycia jednej pary ludzkiej, o czym s\u0142yszymy dzisiaj,&nbsp;<b>nie oznacza bynajmniej, \u017ce tylko od tej jednej pary w rzeczywisto\u015bci pochodz\u0105 ludzie.<\/b>&nbsp;Ca\u0142y czas pami\u0119ta\u0107 musimy o wymiarze symbolicznym Bo\u017cego S\u0142owa oraz o tym, \u017ce nie szukamy tam naukowej analizy procesu powstania \u015bwiata,&nbsp;<b>tylko prawdy g\u0142\u0119bszej \u2013 prawdy o Bogu i cz\u0142owieku, o relacji cz\u0142owieka do Boga.<\/b>&nbsp;I o tym, \u017ce cz\u0142owiek jest najdoskonalszym Bo\u017cym stworzeniem.<\/div>\n<div class=\"MsoNormal\" style=\"font-family: 'Times New Roman'; font-size: 14px; margin-bottom: 0px; margin-left: 0px; margin-right: 0px; margin-top: 0.4em; text-align: justify; text-indent: 35.4pt;\">To w\u0142a\u015bnie po jego zaistnieniu B\u00f3g zobaczy\u0142, \u017ce wszystko, co stworzy\u0142,&nbsp;<b><i>by\u0142o bardzo dobre<\/i><\/b>. Wcze\u015bniej czytali\u015bmy, \u017ce&nbsp;<b><i>by\u0142o dobre<\/i><\/b>. Ale cz\u0142owiek dope\u0142ni\u0142 ca\u0142ego dzie\u0142a, stanowi\u0105c o jego kompletno\u015bci i doskona\u0142o\u015bci, co jeszcze zosta\u0142o podkre\u015blone i w ten spos\u00f3b, \u017ce zaraz po jego zaistnieniu&nbsp;<b>B\u00f3g odpocz\u0105\u0142 od swej pracy, zachwycaj\u0105c si\u0119 i ciesz\u0105c si\u0119 dokonanym przez siebie dzie\u0142em.&nbsp;<\/b>Do takiego samego zachwytu i rado\u015bci nas wzywa w tym w\u0142a\u015bnie dniu, dzisiaj nazywanym przez nas Dniem Pa\u0144skim. To w&nbsp;tym dniu szczeg\u00f3lnie intensywnie mamy si\u0119 do Boga zwraca\u0107,&nbsp;<b>dzi\u0119kuj\u0105c Mu za dar wyj\u0105tkowego wybrania,&nbsp;<\/b>jakie sta\u0142o si\u0119 naszym udzia\u0142em.<\/div>\n<div class=\"MsoNormal\" style=\"font-family: 'Times New Roman'; font-size: 14px; margin-bottom: 0px; margin-left: 0px; margin-right: 0px; margin-top: 0.4em; text-align: justify; text-indent: 35.4pt;\">Owo szczeg\u00f3lne wybranie, szczeg\u00f3ln\u0105 godno\u015b\u0107 ka\u017cdego cz\u0142owieka<b>dzisiaj tak\u017ce podkre\u015bla Jezus w sporze z faryzeuszami,<\/b>&nbsp;kt\u00f3rzy \u201eotoczywszy\u201d Prawo Bo\u017ce ca\u0142ym g\u0105szczem dodatkowych drobiazgowych przepis\u00f3w, za nic mieli dobro cz\u0142owieka, po\u015bwi\u0119caj\u0105c je na rzecz zachowywania wymy\u015blonych przez siebie tradycji. Jezus ostro pi\u0119tnuje tak\u0105 postaw\u0119,&nbsp;<b>wskazuj\u0105c raz jeszcze na dobro cz\u0142owieka i jego wyj\u0105tkow\u0105 godno\u015b\u0107.<\/b><\/div>\n<div class=\"MsoNormal\" style=\"font-family: 'Times New Roman'; font-size: 14px; margin-bottom: 0px; margin-left: 0px; margin-right: 0px; margin-top: 0.4em; text-align: justify; text-indent: 35.4pt;\">I my tak\u017ce, Kochani, jeste\u015bmy wezwani do tego, aby\u015bmy zawsze byli&nbsp;<b>w pe\u0142ni \u015bwiadomi wyj\u0105tkowego wybrania przez Boga, wyj\u0105tkowej godno\u015bci,<\/b>&nbsp;jak\u0105 sami zostali\u015bmy obdarzeni, ale te\u017c kt\u00f3ra jest udzia\u0142em wszystkich ludzi<b>. I aby\u015bmy t\u0119 godno\u015b\u0107 \u2013 w sobie i w innych \u2013 zawsze doceniali.<\/b><\/div>\n<div class=\"MsoNormal\" style=\"font-family: 'Times New Roman'; font-size: 14px; margin-bottom: 0px; margin-left: 0px; margin-right: 0px; margin-top: 0.4em; text-align: justify; text-indent: 35.4pt;\">W tym kontek\u015bcie zastan\u00f3wmy si\u0119:<\/div>\n<ul style=\"font-family: 'Times New Roman'; font-size: 14px; margin-top: 0cm;\" type=\"disc\">\n<li class=\"MsoNormal\" style=\"text-align: justify;\">Czy nie umniejszam swojej godno\u015bci grzesznym, nieodpowiedzialnym post\u0119powaniem?<\/li>\n<li class=\"MsoNormal\" style=\"text-align: justify;\">Czy nie pogardzam drugim cz\u0142owiekiem?<\/li>\n<li class=\"MsoNormal\" style=\"text-align: justify;\">Czy dobra zwierz\u0105t nie stawiam ponad dobrem (\u017cyciem) cz\u0142owieka?<\/li>\n<\/ul>\n<div class=\"MsoNormal\" style=\"font-family: 'Times New Roman'; font-size: 14px; margin-bottom: 0px; margin-left: 0px; margin-right: 0px; margin-top: 0.4em; text-align: justify; text-indent: 18pt;\"><b><i>Uczy\u0144my cz\u0142owieka na Nasz obraz, podobnego Nam<\/i><\/b><b>!<\/b><\/div>\n<div><b><br \/>\n<\/b><\/div>\n","protected":false},"excerpt":{"rendered":"<p>Witam bardzo serdecznie i zapraszam do dalszej refleksji nad dzie\u0142em stworzenia. Raz jeszcze stawiam pytania, kt\u00f3re zamie\u015bci\u0142em wczoraj, we wpisie wst\u0119pnym i prosz\u0119 o Wasze wypowiedzi. Bardzo dzi\u0119kuj\u0119 Piotrowi za wczorajszy wpis, w najbli\u017cszym czasie odpisz\u0119 mu &#8211; jak m\u00f3wi Pismo &#8211; &#8222;dobitnie i z dodaniem obja\u015bnie\u0144&#8221;. Wszystkim \u017cycz\u0119 Bo\u017cego b\u0142ogos\u0142awie\u0144stwa!&nbsp;&nbsp;&nbsp;&nbsp;&nbsp;&nbsp;&nbsp;&nbsp;&nbsp;&nbsp;&nbsp;&nbsp;&nbsp;&nbsp;&nbsp; Gaudium et spes!&nbsp; Ks. [&hellip;]<\/p>\n","protected":false},"author":1,"featured_media":0,"comment_status":"open","ping_status":"open","sticky":false,"template":"","format":"standard","meta":{"jetpack_post_was_ever_published":false,"_jetpack_newsletter_access":"","_jetpack_dont_email_post_to_subs":false,"_jetpack_newsletter_tier_id":0,"_jetpack_memberships_contains_paywalled_content":false,"_jetpack_memberships_contains_paid_content":false,"footnotes":""},"categories":[1],"tags":[],"class_list":["post-9955","post","type-post","status-publish","format-standard","hentry","category-bez-kategorii"],"yoast_head":"<!-- This site is optimized with the Yoast SEO plugin v25.1 - https:\/\/yoast.com\/wordpress\/plugins\/seo\/ -->\n<title>Uczy\u0144my cz\u0142owieka na Nasz obraz! - Gaudium Et Spes<\/title>\n<meta name=\"robots\" content=\"index, follow, max-snippet:-1, max-image-preview:large, max-video-preview:-1\" \/>\n<link rel=\"canonical\" href=\"https:\/\/gaudiumetspes-blog.pl\/index.php\/2011\/02\/09\/uczynmy-czowieka-na-nasz-obraz\/\" \/>\n<meta property=\"og:locale\" content=\"pl_PL\" \/>\n<meta property=\"og:type\" content=\"article\" \/>\n<meta property=\"og:title\" content=\"Uczy\u0144my cz\u0142owieka na Nasz obraz! - Gaudium Et Spes\" \/>\n<meta property=\"og:description\" content=\"Witam bardzo serdecznie i zapraszam do dalszej refleksji nad dzie\u0142em stworzenia. Raz jeszcze stawiam pytania, kt\u00f3re zamie\u015bci\u0142em wczoraj, we wpisie wst\u0119pnym i prosz\u0119 o Wasze wypowiedzi. Bardzo dzi\u0119kuj\u0119 Piotrowi za wczorajszy wpis, w najbli\u017cszym czasie odpisz\u0119 mu &#8211; jak m\u00f3wi Pismo &#8211; &#8222;dobitnie i z dodaniem obja\u015bnie\u0144&#8221;. Wszystkim \u017cycz\u0119 Bo\u017cego b\u0142ogos\u0142awie\u0144stwa!&nbsp;&nbsp;&nbsp;&nbsp;&nbsp;&nbsp;&nbsp;&nbsp;&nbsp;&nbsp;&nbsp;&nbsp;&nbsp;&nbsp;&nbsp; Gaudium et spes!&nbsp; Ks. [&hellip;]\" \/>\n<meta property=\"og:url\" content=\"https:\/\/gaudiumetspes-blog.pl\/index.php\/2011\/02\/09\/uczynmy-czowieka-na-nasz-obraz\/\" \/>\n<meta property=\"og:site_name\" content=\"Gaudium Et Spes\" \/>\n<meta property=\"article:published_time\" content=\"2011-02-09T01:51:00+00:00\" \/>\n<meta property=\"article:modified_time\" content=\"2019-07-31T10:52:04+00:00\" \/>\n<meta name=\"author\" content=\"Ks. Jacek\" \/>\n<meta name=\"twitter:card\" content=\"summary_large_image\" \/>\n<meta name=\"twitter:label1\" content=\"Napisane przez\" \/>\n\t<meta name=\"twitter:data1\" content=\"Ks. Jacek\" \/>\n\t<meta name=\"twitter:label2\" content=\"Szacowany czas czytania\" \/>\n\t<meta name=\"twitter:data2\" content=\"6 minut\" \/>\n<script type=\"application\/ld+json\" class=\"yoast-schema-graph\">{\"@context\":\"https:\/\/schema.org\",\"@graph\":[{\"@type\":\"WebPage\",\"@id\":\"https:\/\/gaudiumetspes-blog.pl\/index.php\/2011\/02\/09\/uczynmy-czowieka-na-nasz-obraz\/\",\"url\":\"https:\/\/gaudiumetspes-blog.pl\/index.php\/2011\/02\/09\/uczynmy-czowieka-na-nasz-obraz\/\",\"name\":\"Uczy\u0144my cz\u0142owieka na Nasz obraz! - Gaudium Et Spes\",\"isPartOf\":{\"@id\":\"https:\/\/gaudiumetspes-blog.pl\/#website\"},\"datePublished\":\"2011-02-09T01:51:00+00:00\",\"dateModified\":\"2019-07-31T10:52:04+00:00\",\"author\":{\"@id\":\"https:\/\/gaudiumetspes-blog.pl\/#\/schema\/person\/1661982992b752dea8dff0d4ed845a65\"},\"breadcrumb\":{\"@id\":\"https:\/\/gaudiumetspes-blog.pl\/index.php\/2011\/02\/09\/uczynmy-czowieka-na-nasz-obraz\/#breadcrumb\"},\"inLanguage\":\"pl-PL\",\"potentialAction\":[{\"@type\":\"ReadAction\",\"target\":[\"https:\/\/gaudiumetspes-blog.pl\/index.php\/2011\/02\/09\/uczynmy-czowieka-na-nasz-obraz\/\"]}]},{\"@type\":\"BreadcrumbList\",\"@id\":\"https:\/\/gaudiumetspes-blog.pl\/index.php\/2011\/02\/09\/uczynmy-czowieka-na-nasz-obraz\/#breadcrumb\",\"itemListElement\":[{\"@type\":\"ListItem\",\"position\":1,\"name\":\"Strona g\u0142\u00f3wna\",\"item\":\"https:\/\/gaudiumetspes-blog.pl\/\"},{\"@type\":\"ListItem\",\"position\":2,\"name\":\"Uczy\u0144my cz\u0142owieka na&nbsp;Nasz obraz!\"}]},{\"@type\":\"WebSite\",\"@id\":\"https:\/\/gaudiumetspes-blog.pl\/#website\",\"url\":\"https:\/\/gaudiumetspes-blog.pl\/\",\"name\":\"Gaudium Et Spes\",\"description\":\"Blog Ks. Jacka Ja\u015bkowskiego\",\"potentialAction\":[{\"@type\":\"SearchAction\",\"target\":{\"@type\":\"EntryPoint\",\"urlTemplate\":\"https:\/\/gaudiumetspes-blog.pl\/?s={search_term_string}\"},\"query-input\":{\"@type\":\"PropertyValueSpecification\",\"valueRequired\":true,\"valueName\":\"search_term_string\"}}],\"inLanguage\":\"pl-PL\"},{\"@type\":\"Person\",\"@id\":\"https:\/\/gaudiumetspes-blog.pl\/#\/schema\/person\/1661982992b752dea8dff0d4ed845a65\",\"name\":\"Ks. Jacek\",\"image\":{\"@type\":\"ImageObject\",\"inLanguage\":\"pl-PL\",\"@id\":\"https:\/\/gaudiumetspes-blog.pl\/#\/schema\/person\/image\/\",\"url\":\"https:\/\/gaudiumetspes-blog.pl\/wp-content\/uploads\/2019\/07\/avatar-JJ-150x150.jpg\",\"contentUrl\":\"https:\/\/gaudiumetspes-blog.pl\/wp-content\/uploads\/2019\/07\/avatar-JJ-150x150.jpg\",\"caption\":\"Ks. Jacek\"},\"description\":\"Witam serdecznie! K\u0142ania si\u0119 Ks. Jacek Ja\u015bkowski. Nie jestem ani kim\u015b wa\u017cnym, ani kim\u015b znanym. Jestem ksi\u0119dzem, kt\u00f3ry po prostu chce rozmawia\u0107. Codzienna kap\u0142a\u0144ska pos\u0142uga pokazuje mi, \u017ce temat\u00f3w do rozm\u00f3w z ksi\u0119dzem jest coraz wi\u0119cej i dzisiaj \u017caden ksi\u0105dz nie mo\u017ce od nich ucieka\u0107, ale - wprost przeciwnie - podejmowa\u0107 nowe wyzwania. To przekonanie sk\u0142oni\u0142o mnie do pr\u00f3by otwarcia tego\u017c bloga, chocia\u017c okazji do rozm\u00f3w na co dzie\u0144 - w konfesjonale i poza nim - na szcz\u0119\u015bcie nie brakuje. My\u015bl\u0119 jednak, \u017ce ten blog b\u0119dzie jeszcze jednym sposobem i przestrzeni\u0105 nawi\u0105zania kontaktu z lud\u017ami dobrej woli, otwartymi na dialog.\",\"url\":\"https:\/\/gaudiumetspes-blog.pl\/index.php\/author\/ks-jacek\/\"}]}<\/script>\n<!-- \/ Yoast SEO plugin. -->","yoast_head_json":{"title":"Uczy\u0144my cz\u0142owieka na Nasz obraz! - Gaudium Et Spes","robots":{"index":"index","follow":"follow","max-snippet":"max-snippet:-1","max-image-preview":"max-image-preview:large","max-video-preview":"max-video-preview:-1"},"canonical":"https:\/\/gaudiumetspes-blog.pl\/index.php\/2011\/02\/09\/uczynmy-czowieka-na-nasz-obraz\/","og_locale":"pl_PL","og_type":"article","og_title":"Uczy\u0144my cz\u0142owieka na Nasz obraz! - Gaudium Et Spes","og_description":"Witam bardzo serdecznie i zapraszam do dalszej refleksji nad dzie\u0142em stworzenia. Raz jeszcze stawiam pytania, kt\u00f3re zamie\u015bci\u0142em wczoraj, we wpisie wst\u0119pnym i prosz\u0119 o Wasze wypowiedzi. Bardzo dzi\u0119kuj\u0119 Piotrowi za wczorajszy wpis, w najbli\u017cszym czasie odpisz\u0119 mu &#8211; jak m\u00f3wi Pismo &#8211; &#8222;dobitnie i z dodaniem obja\u015bnie\u0144&#8221;. Wszystkim \u017cycz\u0119 Bo\u017cego b\u0142ogos\u0142awie\u0144stwa!&nbsp;&nbsp;&nbsp;&nbsp;&nbsp;&nbsp;&nbsp;&nbsp;&nbsp;&nbsp;&nbsp;&nbsp;&nbsp;&nbsp;&nbsp; Gaudium et spes!&nbsp; Ks. [&hellip;]","og_url":"https:\/\/gaudiumetspes-blog.pl\/index.php\/2011\/02\/09\/uczynmy-czowieka-na-nasz-obraz\/","og_site_name":"Gaudium Et Spes","article_published_time":"2011-02-09T01:51:00+00:00","article_modified_time":"2019-07-31T10:52:04+00:00","author":"Ks. Jacek","twitter_card":"summary_large_image","twitter_misc":{"Napisane przez":"Ks. Jacek","Szacowany czas czytania":"6 minut"},"schema":{"@context":"https:\/\/schema.org","@graph":[{"@type":"WebPage","@id":"https:\/\/gaudiumetspes-blog.pl\/index.php\/2011\/02\/09\/uczynmy-czowieka-na-nasz-obraz\/","url":"https:\/\/gaudiumetspes-blog.pl\/index.php\/2011\/02\/09\/uczynmy-czowieka-na-nasz-obraz\/","name":"Uczy\u0144my cz\u0142owieka na Nasz obraz! - Gaudium Et Spes","isPartOf":{"@id":"https:\/\/gaudiumetspes-blog.pl\/#website"},"datePublished":"2011-02-09T01:51:00+00:00","dateModified":"2019-07-31T10:52:04+00:00","author":{"@id":"https:\/\/gaudiumetspes-blog.pl\/#\/schema\/person\/1661982992b752dea8dff0d4ed845a65"},"breadcrumb":{"@id":"https:\/\/gaudiumetspes-blog.pl\/index.php\/2011\/02\/09\/uczynmy-czowieka-na-nasz-obraz\/#breadcrumb"},"inLanguage":"pl-PL","potentialAction":[{"@type":"ReadAction","target":["https:\/\/gaudiumetspes-blog.pl\/index.php\/2011\/02\/09\/uczynmy-czowieka-na-nasz-obraz\/"]}]},{"@type":"BreadcrumbList","@id":"https:\/\/gaudiumetspes-blog.pl\/index.php\/2011\/02\/09\/uczynmy-czowieka-na-nasz-obraz\/#breadcrumb","itemListElement":[{"@type":"ListItem","position":1,"name":"Strona g\u0142\u00f3wna","item":"https:\/\/gaudiumetspes-blog.pl\/"},{"@type":"ListItem","position":2,"name":"Uczy\u0144my cz\u0142owieka na&nbsp;Nasz obraz!"}]},{"@type":"WebSite","@id":"https:\/\/gaudiumetspes-blog.pl\/#website","url":"https:\/\/gaudiumetspes-blog.pl\/","name":"Gaudium Et Spes","description":"Blog Ks. Jacka Ja\u015bkowskiego","potentialAction":[{"@type":"SearchAction","target":{"@type":"EntryPoint","urlTemplate":"https:\/\/gaudiumetspes-blog.pl\/?s={search_term_string}"},"query-input":{"@type":"PropertyValueSpecification","valueRequired":true,"valueName":"search_term_string"}}],"inLanguage":"pl-PL"},{"@type":"Person","@id":"https:\/\/gaudiumetspes-blog.pl\/#\/schema\/person\/1661982992b752dea8dff0d4ed845a65","name":"Ks. Jacek","image":{"@type":"ImageObject","inLanguage":"pl-PL","@id":"https:\/\/gaudiumetspes-blog.pl\/#\/schema\/person\/image\/","url":"https:\/\/gaudiumetspes-blog.pl\/wp-content\/uploads\/2019\/07\/avatar-JJ-150x150.jpg","contentUrl":"https:\/\/gaudiumetspes-blog.pl\/wp-content\/uploads\/2019\/07\/avatar-JJ-150x150.jpg","caption":"Ks. Jacek"},"description":"Witam serdecznie! K\u0142ania si\u0119 Ks. Jacek Ja\u015bkowski. Nie jestem ani kim\u015b wa\u017cnym, ani kim\u015b znanym. Jestem ksi\u0119dzem, kt\u00f3ry po prostu chce rozmawia\u0107. Codzienna kap\u0142a\u0144ska pos\u0142uga pokazuje mi, \u017ce temat\u00f3w do rozm\u00f3w z ksi\u0119dzem jest coraz wi\u0119cej i dzisiaj \u017caden ksi\u0105dz nie mo\u017ce od nich ucieka\u0107, ale - wprost przeciwnie - podejmowa\u0107 nowe wyzwania. To przekonanie sk\u0142oni\u0142o mnie do pr\u00f3by otwarcia tego\u017c bloga, chocia\u017c okazji do rozm\u00f3w na co dzie\u0144 - w konfesjonale i poza nim - na szcz\u0119\u015bcie nie brakuje. My\u015bl\u0119 jednak, \u017ce ten blog b\u0119dzie jeszcze jednym sposobem i przestrzeni\u0105 nawi\u0105zania kontaktu z lud\u017ami dobrej woli, otwartymi na dialog.","url":"https:\/\/gaudiumetspes-blog.pl\/index.php\/author\/ks-jacek\/"}]}},"jetpack_featured_media_url":"","jetpack_sharing_enabled":true,"_links":{"self":[{"href":"https:\/\/gaudiumetspes-blog.pl\/index.php\/wp-json\/wp\/v2\/posts\/9955","targetHints":{"allow":["GET"]}}],"collection":[{"href":"https:\/\/gaudiumetspes-blog.pl\/index.php\/wp-json\/wp\/v2\/posts"}],"about":[{"href":"https:\/\/gaudiumetspes-blog.pl\/index.php\/wp-json\/wp\/v2\/types\/post"}],"author":[{"embeddable":true,"href":"https:\/\/gaudiumetspes-blog.pl\/index.php\/wp-json\/wp\/v2\/users\/1"}],"replies":[{"embeddable":true,"href":"https:\/\/gaudiumetspes-blog.pl\/index.php\/wp-json\/wp\/v2\/comments?post=9955"}],"version-history":[{"count":1,"href":"https:\/\/gaudiumetspes-blog.pl\/index.php\/wp-json\/wp\/v2\/posts\/9955\/revisions"}],"predecessor-version":[{"id":10128,"href":"https:\/\/gaudiumetspes-blog.pl\/index.php\/wp-json\/wp\/v2\/posts\/9955\/revisions\/10128"}],"wp:attachment":[{"href":"https:\/\/gaudiumetspes-blog.pl\/index.php\/wp-json\/wp\/v2\/media?parent=9955"}],"wp:term":[{"taxonomy":"category","embeddable":true,"href":"https:\/\/gaudiumetspes-blog.pl\/index.php\/wp-json\/wp\/v2\/categories?post=9955"},{"taxonomy":"post_tag","embeddable":true,"href":"https:\/\/gaudiumetspes-blog.pl\/index.php\/wp-json\/wp\/v2\/tags?post=9955"}],"curies":[{"name":"wp","href":"https:\/\/api.w.org\/{rel}","templated":true}]}}