{"id":9956,"date":"2011-02-08T02:50:00","date_gmt":"2011-02-08T01:50:00","guid":{"rendered":"https:\/\/gaudiumetspes-blog.pl\/index.php\/2011\/02\/08\/na-poczatku-bog-stworzy\/"},"modified":"2019-07-31T12:52:04","modified_gmt":"2019-07-31T10:52:04","slug":"na-poczatku-bog-stworzy","status":"publish","type":"post","link":"https:\/\/gaudiumetspes-blog.pl\/index.php\/2011\/02\/08\/na-poczatku-bog-stworzy\/","title":{"rendered":"Na pocz\u0105tku B\u00f3g stworzy\u0142&#8230;"},"content":{"rendered":"<p>Dzisiaj w Liturgii S\u0142owa dotykamy rzeczywisto\u015bci stw\u00f3rczej: B\u00f3g z niczego tworzy pi\u0119kny \u015bwiat i sk\u0142ada go w darze cz\u0142owiekowi. Jak cz\u0142owiek odpowiada na ten dar? Zapraszam do refleksji.<br style=\"font-family: 'Times New Roman';\" \/>&nbsp;&nbsp;&nbsp;&nbsp; A wczoraj zacz\u0105\u0142em przegl\u0105danie swojego bloga od pocz\u0105tku i z du\u017cym zdumieniem znalaz\u0142em kilka wpis\u00f3w, o istnieniu kt\u00f3rych nie wiedzia\u0142em. Jeden znajdowa\u0142 si\u0119 pod dat\u0105 13 listopada, a wi\u0119c pierwsz\u0105 &#8222;blogow\u0105&#8221; dat\u0105, potem w jeszcze kilka, pod r\u00f3\u017cnymi datami, tak\u017ce nawet w listopadzie. Zacz\u0105\u0142em na nie odpisywa\u0107, ale chc\u0119 Was prosi\u0107, aby\u015bcie je\u017celi dokonujecie wpis\u00f3w &#8211; powiedzmy &#8211; pod dat\u0105 sprzed tygodnia lub wi\u0119cej, to poinformujcie jako\u015b o tym pod&nbsp; dat\u0105 aktualn\u0105.&nbsp;Albo pod ni\u0105 przenie\u015bcie ca\u0142y wpis. B\u0119dzie to istotna wiadomo\u015b\u0107 i dla mnie, i dla wszystkich, kt\u00f3rzy chcieliby si\u0119 z Waszym wpisem zapozna\u0107 &#8211; i odpisa\u0107.<br style=\"font-family: 'Times New Roman';\" \/>&nbsp;&nbsp;&nbsp;&nbsp; Poza tym, prosz\u0119 o wpisy z informacj\u0105,&nbsp;jak widzicie dalej funkcjonowania tego bloga, w jakiej formie mo\u017cna by go prowadzi\u0107, co zmieni\u0107?&nbsp;A pytam o to ze wzgl\u0119du na to, \u017ce ma\u0142o jest wpis\u00f3w i komentarzy, a w ostatnich dniach obserwuj\u0119 nieco malej\u0105ce zainteresowanie blogiem. Jaka forma naszych spotka\u0144 najbardziej Wam odpowiada?<br style=\"font-family: 'Times New Roman';\" \/>&nbsp;&nbsp;&nbsp;&nbsp;&nbsp;&nbsp;&nbsp;&nbsp;&nbsp;&nbsp;&nbsp;&nbsp;&nbsp;&nbsp;&nbsp;&nbsp;&nbsp;&nbsp;&nbsp;&nbsp;&nbsp;&nbsp;&nbsp;&nbsp;&nbsp;&nbsp;&nbsp;&nbsp;&nbsp;&nbsp;&nbsp;&nbsp;&nbsp;&nbsp;&nbsp;&nbsp;&nbsp;&nbsp;&nbsp;&nbsp;&nbsp;&nbsp;&nbsp;&nbsp;&nbsp;&nbsp; Gaudium et spes!&nbsp; Ks. Jacek<\/p>\n<div class=\"MsoNormal\" style=\"font-family: 'Times New Roman'; font-size: 14px; margin-bottom: 0px; margin-left: 0px; margin-right: 0px; margin-top: 0.4em;\"><b>Poniedzia\u0142ek 5 tygodnia zwyk\u0142ego, rok I,<\/b><\/div>\n<div class=\"MsoNormal\" style=\"font-family: 'Times New Roman'; font-size: 14px; margin-bottom: 0px; margin-left: 0px; margin-right: 0px; margin-top: 0.4em;\"><b>do czyta\u0144: Rdz 1,1\u201319;&nbsp;&nbsp;Mk 6,53\u201356<\/b><\/div>\n<div class=\"MsoNormal\" style=\"font-family: 'Times New Roman'; font-size: 14px; margin-bottom: 0px; margin-left: 0px; margin-right: 0px; margin-top: 0.4em; text-align: justify; text-indent: 35.4pt;\">Oto Liturgia S\u0142owa pi\u0105tego tygodnia zwyk\u0142ego, kt\u00f3ry prze\u017cywamy, prowadzi nas&nbsp;<b>do pocz\u0105tk\u00f3w istnienia \u015bwiata i wszystkiego, co na nim.<\/b>S\u0142yszymy bowiem dzisiaj przepi\u0119kny \u2013 dobrze nam zreszt\u0105 znany \u2013 opis<b>stworzenia nieba i ziemi,<\/b>&nbsp;morza i l\u0105du, dnia i nocy, a wreszcie tak\u017ce ro\u015blin na ziemi. Opis to barwny i bardzo pi\u0119kny, chocia\u017c z pewno\u015bci\u0105 nikt z nas nie ma \u017cadnej w\u0105tpliwo\u015bci, i\u017c nie stanowi on&nbsp;<b>\u017cadnej podstawy do naukowego badania pocz\u0105tk\u00f3w \u015bwiata i \u017cycia na \u015bwiecie.<\/b><\/div>\n<div class=\"MsoNormal\" style=\"font-family: 'Times New Roman'; font-size: 14px; margin-bottom: 0px; margin-left: 0px; margin-right: 0px; margin-top: 0.4em; text-align: justify; text-indent: 35.4pt;\">Jest to opis poetycki, w pewnych elementach wzorowany na mitologiach, istniej\u0105cych w czasie, kiedy swe dzie\u0142o tworzyli Autorzy Ksi\u0119gi Rodzaju. Nie b\u0119dziemy zatem&nbsp;<b>dos\u0142ownie i literalnie dowodzili z dzisiejszego opisu, jak powstawa\u0142 \u015bwiat<\/b>&nbsp;i jak tworzy\u0142y si\u0119 kolejne elementy jego \u201ewystroju\u201d, bo tym zajmuj\u0105 si\u0119 poszczeg\u00f3lne nauki przyrodnicze. My natomiast chcemy w tym opisie zobaczy\u0107&nbsp;<b>pe\u0142n\u0105 mi\u0142o\u015bci inicjatyw\u0119 Boga, kt\u00f3ry stworzy\u0142, a wi\u0119c uczyni\u0142 z niczego<\/b>&nbsp;przestrze\u0144 \u017cycia dla cz\u0142owieka i wszystko, co stworzy\u0142 \u2013 jemu odda\u0142 we w\u0142adanie.<\/div>\n<div class=\"MsoNormal\" style=\"font-family: 'Times New Roman'; font-size: 14px; margin-bottom: 0px; margin-left: 0px; margin-right: 0px; margin-top: 0.4em; text-align: justify; text-indent: 35.4pt;\">Na ko\u0144cu za\u015b stworzy\u0142 samego cz\u0142owieka jako&nbsp;<b>jedyn\u0105 istot\u0119, kt\u00f3r\u0105 powo\u0142a\u0142 do istnienia nie ze wzgl\u0119du na cokolwiek lub kogokolwiek, na jakikolwiek inny byt, a w\u0142a\u015bnie ze wzgl\u0119du na niego samego.<\/b>Cz\u0142owieka stworzy\u0142 B\u00f3g ze wzgl\u0119du na niego samego,a wszystko, co czyni\u0142 wcze\u015bniej \u2013&nbsp;<b>czyni\u0142 dla cz\u0142owieka.<\/b><\/div>\n<div class=\"MsoNormal\" style=\"font-family: 'Times New Roman'; font-size: 14px; margin-bottom: 0px; margin-left: 0px; margin-right: 0px; margin-top: 0.4em; text-align: justify; text-indent: 35.4pt;\">Analizuj\u0105c kolejno\u015b\u0107 stwarzania, widzimy tu pewien porz\u0105dek, pewn\u0105 sekwencj\u0119, polegaj\u0105c\u0105 na&nbsp;<b>stopniowym czynieniu byt\u00f3w coraz bardziej doskona\u0142ych, o wy\u017cszym stopniu skomplikowania.<\/b>&nbsp;Poza tym, bibli\u015bci prowadz\u0105c szczeg\u00f3\u0142ow\u0105 analiz\u0119 tego opisu zauwa\u017caj\u0105, \u017ce&nbsp;<b>liczba siedmiu dni, w kt\u00f3rych dokonane zosta\u0142o ca\u0142e dzie\u0142o, oznacza jego kompletno\u015b\u0107 i doskona\u0142o\u015b\u0107:&nbsp;<\/b>jest to jeszcze jeden spos\u00f3b, w jaki Autor biblijny podkre\u015bli\u0107 chce t\u0119 prawd\u0119, \u017ce&nbsp;<b>wszystko, co B\u00f3g stworzy\u0142 by\u0142o dobre,<\/b>&nbsp;kompletne, doskona\u0142e, ca\u0142kowite, logiczne, uporz\u0105dkowane. Si\u00f3demka to w\u0142a\u015bnie w symbolice biblijnej oznacza.<\/div>\n<div class=\"MsoNormal\" style=\"font-family: 'Times New Roman'; font-size: 14px; margin-bottom: 0px; margin-left: 0px; margin-right: 0px; margin-top: 0.4em; text-align: justify; text-indent: 35.4pt;\">Ponadto, widzi si\u0119 te\u017c pewien logiczny uk\u0142ad w zredagowaniu ca\u0142ego opisu \u2013 pewn\u0105&nbsp;<b>symetri\u0119 pomi\u0119dzy pierwszymi trzema i kolejnymi trzema dniami<\/b>&nbsp;\u2013 symetri\u0119 polegaj\u0105c\u0105 na tym, \u017ce pierwszy dzie\u0144 stwarzania ma odniesienie do czwartego, drugi do pi\u0105tego, a trzeci \u2013 do sz\u00f3stego. Po prostu: w pierwszych dniach B\u00f3g&nbsp;<b>tworzy przestrzenie, a w kolejnych \u2013 zagospodarowuje je.&nbsp;<\/b>Dzie\u0144 si\u00f3dmy stanowi ukoronowanie dzie\u0142a stworzenia.<\/div>\n<div class=\"MsoNormal\" style=\"font-family: 'Times New Roman'; font-size: 14px; margin-bottom: 0px; margin-left: 0px; margin-right: 0px; margin-top: 0.4em; text-align: justify; text-indent: 35.4pt;\">Kochani, czytaj\u0105c uwa\u017cnie ten opis, widzimy Boga stwarzaj\u0105cego, Boga \u201etrudz\u0105cego\u201d si\u0119 nad tym, aby przygotowa\u0107&nbsp;<b>uporz\u0105dkowan\u0105 i pi\u0119kn\u0105 przestrze\u0144, kt\u00f3r\u0105 b\u0119dzie m\u00f3g\u0142 podarowa\u0107<\/b>&nbsp;umi\u0142owanemu przez siebie od samego pocz\u0105tku cz\u0142owiekowi. B\u00f3g tworzy wszech\u015bwiat pe\u0142en harmonii i \u0142adu, bardzo m\u0105drze \u201epoustawiany\u201d, doskona\u0142y, logicznie funkcjonuj\u0105cy.<\/div>\n<div class=\"MsoNormal\" style=\"font-family: 'Times New Roman'; font-size: 14px; margin-bottom: 0px; margin-left: 0px; margin-right: 0px; margin-top: 0.4em; text-align: justify; text-indent: 35.4pt;\">I od tamtego pierwszego dnia B\u00f3g ten \u015bwiat, przez siebie stworzony i poruszony do \u017cycia \u2013&nbsp;<b>podtrzymuje w istnieniu!<\/b>&nbsp;W ka\u017cdej chwili, w ka\u017cdej sekundzie B\u00f3g podtrzymuje ten \u015bwiat w istnieniu. Gdyby chocia\u017c na chwil\u0119 przesta\u0142 to czyni\u0107,&nbsp;<b>\u015bwiat uleg\u0142by natychmiastowemu zniszczeniu!&nbsp;<\/b>Szkoda, \u017ce tak wielu ludzi o tym nie pami\u0119ta!<\/div>\n<div class=\"MsoNormal\" style=\"font-family: 'Times New Roman'; font-size: 14px; margin-bottom: 0px; margin-left: 0px; margin-right: 0px; margin-top: 0.4em; text-align: justify; text-indent: 35.4pt;\">Od samego bowiem pocz\u0105tku w t\u0119 harmoni\u0119, w ten porz\u0105dek wkrada si\u0119 z\u0142o, wkrada si\u0119 grzech, kt\u00f3ry pr\u00f3buje niszczy\u0107 to, co B\u00f3g tak wspaniale uporz\u0105dkowa\u0142 i u\u0142o\u017cy\u0142. I od samego pocz\u0105tku B\u00f3g, wszelkimi sposobami, pr\u00f3buje \u201edociera\u0107\u201d do opornego cz\u0142owieka&nbsp;<b>i zburzony przez niego porz\u0105dek odbudowywa\u0107.<\/b>&nbsp;W najwy\u017cszym stopniu to pragnienie Boga znalaz\u0142o odzwierciedlenie \u2013 i realizacj\u0119 \u2013&nbsp;<b>w dzia\u0142aniu Jezusa Chrystusa,<\/b>&nbsp;kt\u00f3rego dzisiaj w Ewangelii spotykamy jako uzdrowiciela tak licznych chorych.<\/div>\n<div class=\"MsoNormal\" style=\"font-family: 'Times New Roman'; font-size: 14px; margin-bottom: 0px; margin-left: 0px; margin-right: 0px; margin-top: 0.4em; text-align: justify; text-indent: 35.4pt;\">Wr\u0119cz do rangi symbolu urasta obraz, kt\u00f3ry widzimy \u2013 obraz Jezusa przechodz\u0105cego przez kolejne wioski i osady, a na otwartej przestrzeni le\u017c\u0105 ca\u0142e gromady chorych,&nbsp;<b>Jezus za\u015b, przechodz\u0105c, uzdrawia wszystkich,<\/b>&nbsp;kt\u00f3rzy chocia\u017cby tylko p\u0142aszcza Jego si\u0119 dotkn\u0119li. Ilu tych chorych biedak\u00f3w uzdrowi\u0142 \u2013 nie wiemy. Na pewno bardzo wielu. Postrzegamy jednak to jego dzia\u0142anie&nbsp;<b>jako przywracanie porz\u0105dku rzeczy, harmonii i \u0142adu, jaki panowa\u0142 od pocz\u0105tku, a jaki zosta\u0142 zburzony przez grzech, przez z\u0142o.<\/b><\/div>\n<div class=\"MsoNormal\" style=\"font-family: 'Times New Roman'; font-size: 14px; margin-bottom: 0px; margin-left: 0px; margin-right: 0px; margin-top: 0.4em; text-align: justify; text-indent: 35.4pt;\">Jezus porz\u0105dek ten odbudowuje \u2013 oczywi\u015bcie, w wymiarze lokalnym, w obszarze, w kt\u00f3rym dzia\u0142a\u0142. W ten spos\u00f3b jednak zapowiada<b>totalne odnowienie wszystkiego i przywr\u00f3cenie pe\u0142nej harmonii mi\u0119dzy Bogiem i cz\u0142owiekiem<\/b>&nbsp;\u2013 i ca\u0142ym stworzeniem \u2013 kt\u00f3re to ponowne uporz\u0105dkowanie wszystkiego dokona si\u0119 przez Jego \u015bmier\u0107 i zmartwychwstanie.<\/div>\n<div class=\"MsoNormal\" style=\"font-family: 'Times New Roman'; font-size: 14px; margin-bottom: 0px; margin-left: 0px; margin-right: 0px; margin-top: 0.4em; text-align: justify; text-indent: 35.4pt;\">Zatem B\u00f3g ci\u0105gle troszczy si\u0119 o zachowanie, podtrzymanie i odnawianie porz\u0105dku, ustanowionego ju\u017c na pocz\u0105tku i podarowanego cz\u0142owiekowi.&nbsp;<b>Bogu na tym zale\u017cy! Oby jeszcze zale\u017ca\u0142o cz\u0142owiekowi<\/b>\u2026<\/div>\n<div class=\"MsoNormal\" style=\"font-family: 'Times New Roman'; font-size: 14px; margin-bottom: 0px; margin-left: 0px; margin-right: 0px; margin-top: 0.4em; text-align: justify;\">&nbsp;&nbsp;&nbsp;&nbsp;&nbsp;&nbsp;&nbsp;&nbsp;&nbsp;&nbsp;&nbsp;&nbsp;W tym kontek\u015bcie pomy\u015blmy:<\/div>\n<ul style=\"font-family: 'Times New Roman'; font-size: 14px; margin-top: 0cm;\" type=\"disc\">\n<li class=\"MsoNormal\" style=\"text-align: justify;\">Czy dzi\u0119kuj\u0119 Bogu za kolejne dni \u017cycia, kt\u00f3re mi daje, za \u015bwiat\u0142o dnia i pi\u0119kno stworzonego \u015bwiata?<\/li>\n<li class=\"MsoNormal\" style=\"text-align: justify;\">Czy przez lekkomy\u015blne zachowania nie niszcz\u0119 harmonii w \u015bwiecie przyrody \u2013 przez \u015bmiecenie, niszczenie \u015brodowiska?<\/li>\n<li class=\"MsoNormal\" style=\"text-align: justify;\">Czy mam \u015bwiadomo\u015b\u0107, \u017ce ka\u017cdy grzech uderza w moje relacje z Bogiem i zak\u0142\u00f3ca moje odniesienie do ca\u0142ego \u015bwiata?<\/li>\n<\/ul>\n<div class=\"MsoNormal\" style=\"font-family: 'Times New Roman'; font-size: 14px; margin-bottom: 0px; margin-left: 0px; margin-right: 0px; margin-top: 0.4em; text-align: justify; text-indent: 18pt;\"><b><i>A wszyscy, kt\u00f3rzy si\u0119 Go dotkn\u0119li, odzyskiwali zdrowie<\/i><\/b>.<\/div>\n<div>\n<\/div>\n","protected":false},"excerpt":{"rendered":"<p>Dzisiaj w Liturgii S\u0142owa dotykamy rzeczywisto\u015bci stw\u00f3rczej: B\u00f3g z niczego tworzy pi\u0119kny \u015bwiat i sk\u0142ada go w darze cz\u0142owiekowi. Jak cz\u0142owiek odpowiada na ten dar? Zapraszam do refleksji.&nbsp;&nbsp;&nbsp;&nbsp; A wczoraj zacz\u0105\u0142em przegl\u0105danie swojego bloga od pocz\u0105tku i z du\u017cym zdumieniem znalaz\u0142em kilka wpis\u00f3w, o istnieniu kt\u00f3rych nie wiedzia\u0142em. Jeden znajdowa\u0142 si\u0119 pod dat\u0105 13 listopada, [&hellip;]<\/p>\n","protected":false},"author":1,"featured_media":0,"comment_status":"open","ping_status":"open","sticky":false,"template":"","format":"standard","meta":{"jetpack_post_was_ever_published":false,"_jetpack_newsletter_access":"","_jetpack_dont_email_post_to_subs":false,"_jetpack_newsletter_tier_id":0,"_jetpack_memberships_contains_paywalled_content":false,"_jetpack_memberships_contains_paid_content":false,"footnotes":""},"categories":[1],"tags":[],"class_list":["post-9956","post","type-post","status-publish","format-standard","hentry","category-bez-kategorii"],"yoast_head":"<!-- This site is optimized with the Yoast SEO plugin v25.1 - https:\/\/yoast.com\/wordpress\/plugins\/seo\/ -->\n<title>Na pocz\u0105tku B\u00f3g stworzy\u0142... - Gaudium Et Spes<\/title>\n<meta name=\"robots\" content=\"index, follow, max-snippet:-1, max-image-preview:large, max-video-preview:-1\" \/>\n<link rel=\"canonical\" href=\"https:\/\/gaudiumetspes-blog.pl\/index.php\/2011\/02\/08\/na-poczatku-bog-stworzy\/\" \/>\n<meta property=\"og:locale\" content=\"pl_PL\" \/>\n<meta property=\"og:type\" content=\"article\" \/>\n<meta property=\"og:title\" content=\"Na pocz\u0105tku B\u00f3g stworzy\u0142... - Gaudium Et Spes\" \/>\n<meta property=\"og:description\" content=\"Dzisiaj w Liturgii S\u0142owa dotykamy rzeczywisto\u015bci stw\u00f3rczej: B\u00f3g z niczego tworzy pi\u0119kny \u015bwiat i sk\u0142ada go w darze cz\u0142owiekowi. Jak cz\u0142owiek odpowiada na ten dar? Zapraszam do refleksji.&nbsp;&nbsp;&nbsp;&nbsp; A wczoraj zacz\u0105\u0142em przegl\u0105danie swojego bloga od pocz\u0105tku i z du\u017cym zdumieniem znalaz\u0142em kilka wpis\u00f3w, o istnieniu kt\u00f3rych nie wiedzia\u0142em. Jeden znajdowa\u0142 si\u0119 pod dat\u0105 13 listopada, [&hellip;]\" \/>\n<meta property=\"og:url\" content=\"https:\/\/gaudiumetspes-blog.pl\/index.php\/2011\/02\/08\/na-poczatku-bog-stworzy\/\" \/>\n<meta property=\"og:site_name\" content=\"Gaudium Et Spes\" \/>\n<meta property=\"article:published_time\" content=\"2011-02-08T01:50:00+00:00\" \/>\n<meta property=\"article:modified_time\" content=\"2019-07-31T10:52:04+00:00\" \/>\n<meta name=\"author\" content=\"Ks. Jacek\" \/>\n<meta name=\"twitter:card\" content=\"summary_large_image\" \/>\n<meta name=\"twitter:label1\" content=\"Napisane przez\" \/>\n\t<meta name=\"twitter:data1\" content=\"Ks. Jacek\" \/>\n\t<meta name=\"twitter:label2\" content=\"Szacowany czas czytania\" \/>\n\t<meta name=\"twitter:data2\" content=\"6 minut\" \/>\n<script type=\"application\/ld+json\" class=\"yoast-schema-graph\">{\"@context\":\"https:\/\/schema.org\",\"@graph\":[{\"@type\":\"WebPage\",\"@id\":\"https:\/\/gaudiumetspes-blog.pl\/index.php\/2011\/02\/08\/na-poczatku-bog-stworzy\/\",\"url\":\"https:\/\/gaudiumetspes-blog.pl\/index.php\/2011\/02\/08\/na-poczatku-bog-stworzy\/\",\"name\":\"Na pocz\u0105tku B\u00f3g stworzy\u0142... - Gaudium Et Spes\",\"isPartOf\":{\"@id\":\"https:\/\/gaudiumetspes-blog.pl\/#website\"},\"datePublished\":\"2011-02-08T01:50:00+00:00\",\"dateModified\":\"2019-07-31T10:52:04+00:00\",\"author\":{\"@id\":\"https:\/\/gaudiumetspes-blog.pl\/#\/schema\/person\/1661982992b752dea8dff0d4ed845a65\"},\"breadcrumb\":{\"@id\":\"https:\/\/gaudiumetspes-blog.pl\/index.php\/2011\/02\/08\/na-poczatku-bog-stworzy\/#breadcrumb\"},\"inLanguage\":\"pl-PL\",\"potentialAction\":[{\"@type\":\"ReadAction\",\"target\":[\"https:\/\/gaudiumetspes-blog.pl\/index.php\/2011\/02\/08\/na-poczatku-bog-stworzy\/\"]}]},{\"@type\":\"BreadcrumbList\",\"@id\":\"https:\/\/gaudiumetspes-blog.pl\/index.php\/2011\/02\/08\/na-poczatku-bog-stworzy\/#breadcrumb\",\"itemListElement\":[{\"@type\":\"ListItem\",\"position\":1,\"name\":\"Strona g\u0142\u00f3wna\",\"item\":\"https:\/\/gaudiumetspes-blog.pl\/\"},{\"@type\":\"ListItem\",\"position\":2,\"name\":\"Na&nbsp;pocz\u0105tku B\u00f3g stworzy\u0142&#8230;\"}]},{\"@type\":\"WebSite\",\"@id\":\"https:\/\/gaudiumetspes-blog.pl\/#website\",\"url\":\"https:\/\/gaudiumetspes-blog.pl\/\",\"name\":\"Gaudium Et Spes\",\"description\":\"Blog Ks. Jacka Ja\u015bkowskiego\",\"potentialAction\":[{\"@type\":\"SearchAction\",\"target\":{\"@type\":\"EntryPoint\",\"urlTemplate\":\"https:\/\/gaudiumetspes-blog.pl\/?s={search_term_string}\"},\"query-input\":{\"@type\":\"PropertyValueSpecification\",\"valueRequired\":true,\"valueName\":\"search_term_string\"}}],\"inLanguage\":\"pl-PL\"},{\"@type\":\"Person\",\"@id\":\"https:\/\/gaudiumetspes-blog.pl\/#\/schema\/person\/1661982992b752dea8dff0d4ed845a65\",\"name\":\"Ks. Jacek\",\"image\":{\"@type\":\"ImageObject\",\"inLanguage\":\"pl-PL\",\"@id\":\"https:\/\/gaudiumetspes-blog.pl\/#\/schema\/person\/image\/\",\"url\":\"https:\/\/gaudiumetspes-blog.pl\/wp-content\/uploads\/2019\/07\/avatar-JJ-150x150.jpg\",\"contentUrl\":\"https:\/\/gaudiumetspes-blog.pl\/wp-content\/uploads\/2019\/07\/avatar-JJ-150x150.jpg\",\"caption\":\"Ks. Jacek\"},\"description\":\"Witam serdecznie! K\u0142ania si\u0119 Ks. Jacek Ja\u015bkowski. Nie jestem ani kim\u015b wa\u017cnym, ani kim\u015b znanym. Jestem ksi\u0119dzem, kt\u00f3ry po prostu chce rozmawia\u0107. Codzienna kap\u0142a\u0144ska pos\u0142uga pokazuje mi, \u017ce temat\u00f3w do rozm\u00f3w z ksi\u0119dzem jest coraz wi\u0119cej i dzisiaj \u017caden ksi\u0105dz nie mo\u017ce od nich ucieka\u0107, ale - wprost przeciwnie - podejmowa\u0107 nowe wyzwania. To przekonanie sk\u0142oni\u0142o mnie do pr\u00f3by otwarcia tego\u017c bloga, chocia\u017c okazji do rozm\u00f3w na co dzie\u0144 - w konfesjonale i poza nim - na szcz\u0119\u015bcie nie brakuje. My\u015bl\u0119 jednak, \u017ce ten blog b\u0119dzie jeszcze jednym sposobem i przestrzeni\u0105 nawi\u0105zania kontaktu z lud\u017ami dobrej woli, otwartymi na dialog.\",\"url\":\"https:\/\/gaudiumetspes-blog.pl\/index.php\/author\/ks-jacek\/\"}]}<\/script>\n<!-- \/ Yoast SEO plugin. -->","yoast_head_json":{"title":"Na pocz\u0105tku B\u00f3g stworzy\u0142... - Gaudium Et Spes","robots":{"index":"index","follow":"follow","max-snippet":"max-snippet:-1","max-image-preview":"max-image-preview:large","max-video-preview":"max-video-preview:-1"},"canonical":"https:\/\/gaudiumetspes-blog.pl\/index.php\/2011\/02\/08\/na-poczatku-bog-stworzy\/","og_locale":"pl_PL","og_type":"article","og_title":"Na pocz\u0105tku B\u00f3g stworzy\u0142... - Gaudium Et Spes","og_description":"Dzisiaj w Liturgii S\u0142owa dotykamy rzeczywisto\u015bci stw\u00f3rczej: B\u00f3g z niczego tworzy pi\u0119kny \u015bwiat i sk\u0142ada go w darze cz\u0142owiekowi. Jak cz\u0142owiek odpowiada na ten dar? Zapraszam do refleksji.&nbsp;&nbsp;&nbsp;&nbsp; A wczoraj zacz\u0105\u0142em przegl\u0105danie swojego bloga od pocz\u0105tku i z du\u017cym zdumieniem znalaz\u0142em kilka wpis\u00f3w, o istnieniu kt\u00f3rych nie wiedzia\u0142em. Jeden znajdowa\u0142 si\u0119 pod dat\u0105 13 listopada, [&hellip;]","og_url":"https:\/\/gaudiumetspes-blog.pl\/index.php\/2011\/02\/08\/na-poczatku-bog-stworzy\/","og_site_name":"Gaudium Et Spes","article_published_time":"2011-02-08T01:50:00+00:00","article_modified_time":"2019-07-31T10:52:04+00:00","author":"Ks. Jacek","twitter_card":"summary_large_image","twitter_misc":{"Napisane przez":"Ks. Jacek","Szacowany czas czytania":"6 minut"},"schema":{"@context":"https:\/\/schema.org","@graph":[{"@type":"WebPage","@id":"https:\/\/gaudiumetspes-blog.pl\/index.php\/2011\/02\/08\/na-poczatku-bog-stworzy\/","url":"https:\/\/gaudiumetspes-blog.pl\/index.php\/2011\/02\/08\/na-poczatku-bog-stworzy\/","name":"Na pocz\u0105tku B\u00f3g stworzy\u0142... - Gaudium Et Spes","isPartOf":{"@id":"https:\/\/gaudiumetspes-blog.pl\/#website"},"datePublished":"2011-02-08T01:50:00+00:00","dateModified":"2019-07-31T10:52:04+00:00","author":{"@id":"https:\/\/gaudiumetspes-blog.pl\/#\/schema\/person\/1661982992b752dea8dff0d4ed845a65"},"breadcrumb":{"@id":"https:\/\/gaudiumetspes-blog.pl\/index.php\/2011\/02\/08\/na-poczatku-bog-stworzy\/#breadcrumb"},"inLanguage":"pl-PL","potentialAction":[{"@type":"ReadAction","target":["https:\/\/gaudiumetspes-blog.pl\/index.php\/2011\/02\/08\/na-poczatku-bog-stworzy\/"]}]},{"@type":"BreadcrumbList","@id":"https:\/\/gaudiumetspes-blog.pl\/index.php\/2011\/02\/08\/na-poczatku-bog-stworzy\/#breadcrumb","itemListElement":[{"@type":"ListItem","position":1,"name":"Strona g\u0142\u00f3wna","item":"https:\/\/gaudiumetspes-blog.pl\/"},{"@type":"ListItem","position":2,"name":"Na&nbsp;pocz\u0105tku B\u00f3g stworzy\u0142&#8230;"}]},{"@type":"WebSite","@id":"https:\/\/gaudiumetspes-blog.pl\/#website","url":"https:\/\/gaudiumetspes-blog.pl\/","name":"Gaudium Et Spes","description":"Blog Ks. Jacka Ja\u015bkowskiego","potentialAction":[{"@type":"SearchAction","target":{"@type":"EntryPoint","urlTemplate":"https:\/\/gaudiumetspes-blog.pl\/?s={search_term_string}"},"query-input":{"@type":"PropertyValueSpecification","valueRequired":true,"valueName":"search_term_string"}}],"inLanguage":"pl-PL"},{"@type":"Person","@id":"https:\/\/gaudiumetspes-blog.pl\/#\/schema\/person\/1661982992b752dea8dff0d4ed845a65","name":"Ks. Jacek","image":{"@type":"ImageObject","inLanguage":"pl-PL","@id":"https:\/\/gaudiumetspes-blog.pl\/#\/schema\/person\/image\/","url":"https:\/\/gaudiumetspes-blog.pl\/wp-content\/uploads\/2019\/07\/avatar-JJ-150x150.jpg","contentUrl":"https:\/\/gaudiumetspes-blog.pl\/wp-content\/uploads\/2019\/07\/avatar-JJ-150x150.jpg","caption":"Ks. Jacek"},"description":"Witam serdecznie! K\u0142ania si\u0119 Ks. Jacek Ja\u015bkowski. Nie jestem ani kim\u015b wa\u017cnym, ani kim\u015b znanym. Jestem ksi\u0119dzem, kt\u00f3ry po prostu chce rozmawia\u0107. Codzienna kap\u0142a\u0144ska pos\u0142uga pokazuje mi, \u017ce temat\u00f3w do rozm\u00f3w z ksi\u0119dzem jest coraz wi\u0119cej i dzisiaj \u017caden ksi\u0105dz nie mo\u017ce od nich ucieka\u0107, ale - wprost przeciwnie - podejmowa\u0107 nowe wyzwania. To przekonanie sk\u0142oni\u0142o mnie do pr\u00f3by otwarcia tego\u017c bloga, chocia\u017c okazji do rozm\u00f3w na co dzie\u0144 - w konfesjonale i poza nim - na szcz\u0119\u015bcie nie brakuje. My\u015bl\u0119 jednak, \u017ce ten blog b\u0119dzie jeszcze jednym sposobem i przestrzeni\u0105 nawi\u0105zania kontaktu z lud\u017ami dobrej woli, otwartymi na dialog.","url":"https:\/\/gaudiumetspes-blog.pl\/index.php\/author\/ks-jacek\/"}]}},"jetpack_featured_media_url":"","jetpack_sharing_enabled":true,"_links":{"self":[{"href":"https:\/\/gaudiumetspes-blog.pl\/index.php\/wp-json\/wp\/v2\/posts\/9956","targetHints":{"allow":["GET"]}}],"collection":[{"href":"https:\/\/gaudiumetspes-blog.pl\/index.php\/wp-json\/wp\/v2\/posts"}],"about":[{"href":"https:\/\/gaudiumetspes-blog.pl\/index.php\/wp-json\/wp\/v2\/types\/post"}],"author":[{"embeddable":true,"href":"https:\/\/gaudiumetspes-blog.pl\/index.php\/wp-json\/wp\/v2\/users\/1"}],"replies":[{"embeddable":true,"href":"https:\/\/gaudiumetspes-blog.pl\/index.php\/wp-json\/wp\/v2\/comments?post=9956"}],"version-history":[{"count":1,"href":"https:\/\/gaudiumetspes-blog.pl\/index.php\/wp-json\/wp\/v2\/posts\/9956\/revisions"}],"predecessor-version":[{"id":10127,"href":"https:\/\/gaudiumetspes-blog.pl\/index.php\/wp-json\/wp\/v2\/posts\/9956\/revisions\/10127"}],"wp:attachment":[{"href":"https:\/\/gaudiumetspes-blog.pl\/index.php\/wp-json\/wp\/v2\/media?parent=9956"}],"wp:term":[{"taxonomy":"category","embeddable":true,"href":"https:\/\/gaudiumetspes-blog.pl\/index.php\/wp-json\/wp\/v2\/categories?post=9956"},{"taxonomy":"post_tag","embeddable":true,"href":"https:\/\/gaudiumetspes-blog.pl\/index.php\/wp-json\/wp\/v2\/tags?post=9956"}],"curies":[{"name":"wp","href":"https:\/\/api.w.org\/{rel}","templated":true}]}}