{"id":9975,"date":"2011-01-20T02:44:00","date_gmt":"2011-01-20T01:44:00","guid":{"rendered":"https:\/\/gaudiumetspes-blog.pl\/index.php\/2011\/01\/20\/o-madrze-pracowity-biskupie\/"},"modified":"2019-07-31T12:52:01","modified_gmt":"2019-07-31T10:52:01","slug":"o-madrze-pracowity-biskupie","status":"publish","type":"post","link":"https:\/\/gaudiumetspes-blog.pl\/index.php\/2011\/01\/20\/o-madrze-pracowity-biskupie\/","title":{"rendered":"O m\u0105drze pracowity Biskupie&#8230;"},"content":{"rendered":"<p>Szcz\u0119\u015b\u0107 Bo\u017ce! Zapraszam dzi\u015b do refleksji nad postaw\u0105 \u015awi\u0119tego, kt\u00f3ry mo\u017ce by\u0107 fantastycznym przyk\u0142adem dla nas, tak bardzo zapracowanych i zap\u0119dzonych ludzi. On nam pokazuje, \u017ce mo\u017cna du\u017co robi\u0107 &#8211; i g\u0142owy nie straci\u0107&#8230; I serca te\u017c&#8230; Zapraszam do refleksji &#8211; i do pisania opinii. Polecam Was Bogu w modlitwie!<br style=\"font-family: 'Times New Roman';\" \/>Przesy\u0142am dzi\u015b najserdeczniejsze&nbsp;\u017bYCZENIA IMIENINOWE MOIM DWOM PRZYJACIO\u0141OM: KS. MARIUSZOWI SZYSZKO I O. MARIUSZOWI RUDZKIEMU SDB,&nbsp;aby Najwy\u017cszy Kap\u0142an prowadzi\u0142 ich zawsze swoimi drogami! Ogarniam te\u017c sw\u0105 \u017cyczliwo\u015bci\u0105 i pami\u0119ci\u0105 wszystkich Mariuszy i Henryk\u00f3w!<br style=\"font-family: 'Times New Roman';\" \/>&nbsp;&nbsp;&nbsp;&nbsp;&nbsp;&nbsp;&nbsp;&nbsp;&nbsp;&nbsp;&nbsp;&nbsp;&nbsp;&nbsp;&nbsp;&nbsp;&nbsp;&nbsp;&nbsp;&nbsp;&nbsp;&nbsp;&nbsp;&nbsp;&nbsp; Gaudium et spes! Ks. Jacek<\/p>\n<div class=\"MsoNormal\" style=\"font-family: 'Times New Roman'; font-size: 14px; margin-bottom: 0px; margin-left: 0px; margin-right: 0px; margin-top: 0.4em; text-align: justify;\"><b>Wspomnienie \u015aw. Biskupa J\u00f3zefa Sebastiana Pelczara,<\/b><\/div>\n<div class=\"MsoNormal\" style=\"font-family: 'Times New Roman'; font-size: 14px; margin-bottom: 0px; margin-left: 0px; margin-right: 0px; margin-top: 0.4em; text-align: justify;\"><b>do czyta\u0144 z t. VI Lekcjonarza:&nbsp; Iz 61,1\u20133a;&nbsp;&nbsp;J 15,9\u201317<\/b><\/div>\n<div class=\"MsoNormal\" style=\"font-family: 'Times New Roman'; font-size: 14px; margin-bottom: 0px; margin-left: 0px; margin-right: 0px; margin-top: 0.4em; text-align: justify; text-indent: 35.4pt;\">Patron dnia dzisiejszego, J\u00f3zef Sebastian, urodzi\u0142 si\u0119 17 stycznia 1842 roku w Korczynie ko\u0142o Krosna.&nbsp;<b>Jeszcze przed urodzeniem zosta\u0142 ofiarowany Naj\u015bwi\u0119tszej Maryi Pannie przez swoj\u0105 pobo\u017cn\u0105 matk\u0119.<\/b>Ochrzczony dwa dni po urodzeniu, wzrasta\u0142 w g\u0142\u0119boko religijnej atmosferze. Od sz\u00f3stego roku \u017cycia by\u0142 ministrantem w parafialnym ko\u015bciele. Po uko\u0144czeniu szko\u0142y w Korczynie, kontynuowa\u0142 nauk\u0119 w Rzeszowie. Zda\u0142 egzamin dojrza\u0142o\u015bci w 1860 roku i wst\u0105pi\u0142 do Seminarium Duchownego w Przemy\u015blu.&nbsp;<b>17 lipca 1864 roku, przyj\u0105\u0142 \u015bwi\u0119cenia kap\u0142a\u0144skie.<\/b><\/div>\n<div class=\"MsoNormal\" style=\"font-family: 'Times New Roman'; font-size: 14px; margin-bottom: 0px; margin-left: 0px; margin-right: 0px; margin-top: 0.4em; text-align: justify; text-indent: 35.4pt;\">Podj\u0105\u0142 prac\u0119 jako wikariusz w Samborze, jednak nied\u0142ugo potem zosta\u0142 skierowany na studia w Kolegium Polskim w Rzymie, na kt\u00f3rych uzyska\u0142&nbsp;<b>doktoraty z teologii i prawa kanonicznego.<\/b>&nbsp;Oddawa\u0142 si\u0119 w tym czasie g\u0142\u0119bokiemu \u017cyciu wewn\u0119trznemu i zg\u0142\u0119bia\u0142 dzie\u0142a ascetyk\u00f3w. Owocem tego sta\u0142a si\u0119 jego praca zatytu\u0142owana&nbsp;<b><i>\u017bycie duchowe czyli doskona\u0142o\u015b\u0107 chrze\u015bcija\u0144ska.<\/i><\/b>&nbsp;Przez dziesi\u0105tki lat&nbsp; s\u0142u\u017cy\u0142a ona zar\u00f3wno kap\u0142anom, jak i osobom \u015bwieckim.<\/div>\n<div class=\"MsoNormal\" style=\"font-family: 'Times New Roman'; font-size: 14px; margin-bottom: 0px; margin-left: 0px; margin-right: 0px; margin-top: 0.4em; text-align: justify; text-indent: 35.4pt;\">Po powrocie do kraju, w pa\u017adzierniku 1869 roku, zosta\u0142 wyk\u0142adowc\u0105 teologii pastoralnej i prawa ko\u015bcielnego w seminarium przemyskim,&nbsp;<b>a w latach 1877 \u2013 1899 by\u0142 profesorem i rektorem Uniwersytetu Jagiello\u0144skiego.&nbsp;<\/b>Obok zaj\u0119\u0107 uniwersyteckich by\u0142 r\u00f3wnie\u017c znakomitym kaznodziej\u0105, zajmowa\u0142 si\u0119 te\u017c dzia\u0142alno\u015bci\u0105 ko\u015bcielno \u2013 spo\u0142eczn\u0105.&nbsp;<b>Odznacza\u0142 si\u0119 gorliwo\u015bci\u0105 i szczeg\u00f3lnym nabo\u017ce\u0144stwem do Naj\u015bwi\u0119tszego Sakramentu, do Serca Bo\u017cego i Naj\u015bwi\u0119tszej Maryi Panny,&nbsp;<\/b>czemu dawa\u0142 wyraz w swej bogatej pracy pisarskiej i kaznodziejskiej. W trosce o najbardziej potrzebuj\u0105cych oraz o rozszerzenie Kr\u00f3lestwa Serca Bo\u017cego w \u015bwiecie, za\u0142o\u017cy\u0142 w Krakowie w 1894 roku Zgromadzenie S\u0142u\u017cebnic Naj\u015bwi\u0119tszego Serca Jezusowego, czyli Sercanek.<\/div>\n<div class=\"MsoNormal\" style=\"font-family: 'Times New Roman'; font-size: 14px; margin-bottom: 0px; margin-left: 0px; margin-right: 0px; margin-top: 0.4em; text-align: justify; text-indent: 35.4pt;\">W 1899 roku, zosta\u0142 biskupem pomocniczym, a 17 grudnia 1900 roku biskupem diecezjalnym diecezji przemyskiej.&nbsp;<b>Jako gorliwy pasterz dba\u0142 o \u015bwi\u0119to\u015b\u0107 diecezji.<\/b>&nbsp;Swoj\u0105 pos\u0142ug\u0119 opiera\u0142 w wielkiej mierze na modlitwie, z kt\u00f3rej czerpa\u0142 natchnienie i moc do pracy apostolskiej.<b>Ubodzy i chorzy byli zawsze przedmiotem jego szczeg\u00f3lnej troski.<\/b>Jego rz\u0105dy by\u0142y czasem wielkiej troski o podniesienie poziomu wiedzy duchowie\u0144stwa i wiernych. W tym celu&nbsp;<b>cz\u0119sto gromadzi\u0142 ksi\u0119\u017cy na zebrania i konferencje oraz pisa\u0142 wiele list\u00f3w pasterskich.<\/b>&nbsp;Popiera\u0142 bractwa i sodalicj\u0119 maria\u0144sk\u0105. Przeprowadzi\u0142 tak\u017ce reform\u0119 nauczania religii w szko\u0142ach podstawowych. Z jego inicjatywy powsta\u0142 w diecezji Zwi\u0105zek Katolicko \u2013 Spo\u0142eczny. Zwi\u0119kszy\u0142 o pi\u0119\u0107dziesi\u0105t siedem liczb\u0119 plac\u00f3wek duszpasterskich.<\/div>\n<div class=\"MsoNormal\" style=\"font-family: 'Times New Roman'; font-size: 14px; margin-bottom: 0px; margin-left: 0px; margin-right: 0px; margin-top: 0.4em; text-align: justify; text-indent: 35.4pt;\"><b>Cz\u0119sto przeprowadza\u0142 wizytacje kanoniczne w parafiach.<\/b>&nbsp;W 1901 roku powo\u0142a\u0142 do \u017cycia redakcj\u0119 miesi\u0119cznika&nbsp;<i>Kronika Diecezji Przemyskiej.<\/i>&nbsp;W 1902 roku urz\u0105dzi\u0142 bibliotek\u0119 i muzeum diecezjalne, za\u0142o\u017cy\u0142 Ma\u0142e Seminarium i odnowi\u0142 katedr\u0119 przemysk\u0105.&nbsp;<b>Jako jedyny biskup w tamtych czasach, pomimo zabor\u00f3w, odwa\u017cy\u0142 si\u0119 w 1902 roku zwo\u0142a\u0107 Synod diecezjalny<\/b>&nbsp;po stu siedemdziesi\u0119ciu dziewi\u0119ciu latach przerwy, aby oprze\u0107 dzia\u0142alno\u015b\u0107 duszpastersk\u0105 na mocnym fundamencie prawa ko\u015bcielnego. W\u015br\u00f3d tych wszechstronnych zaj\u0119\u0107 przez ca\u0142y czas prowadzi\u0142 tak\u017ce dzia\u0142alno\u015b\u0107 pisarsk\u0105.<\/div>\n<div class=\"MsoNormal\" style=\"font-family: 'Times New Roman'; font-size: 14px; margin-bottom: 0px; margin-left: 0px; margin-right: 0px; margin-top: 0.4em; text-align: justify; text-indent: 35.4pt;\">Posiada\u0142 rzadk\u0105 umiej\u0119tno\u015b\u0107&nbsp;<b>doskona\u0142ego wykorzystywania czasu.&nbsp;<\/b>Ka\u017cd\u0105 chwil\u0119 umia\u0142 po\u015bwi\u0119ci\u0107 dla chwa\u0142y Bo\u017cej i zbawienia dusz.<b>By\u0142 ogromnie pracowity, systematyczny i roztropny w podejmowaniu wa\u017cnych przedsi\u0119wzi\u0119\u0107, mia\u0142 doskona\u0142\u0105 pami\u0119\u0107.<\/b>&nbsp;Oszcz\u0119dny dla siebie, hojnie wspiera\u0142 wszelkie dobre i potrzebne inicjatywy.<\/div>\n<div class=\"MsoNormal\" style=\"font-family: 'Times New Roman'; font-size: 14px; margin-bottom: 0px; margin-left: 0px; margin-right: 0px; margin-top: 0.4em; text-align: justify; text-indent: 35.4pt;\">Zmar\u0142 w Przemy\u015blu 28 marca 1924 roku w opinii \u015bwi\u0119to\u015bci. Beatyfikowany zosta\u0142 w Rzeszowie 2 czerwca 1991 roku, przez Jana Paw\u0142a II. A ju\u017c 18 maja 2003 roku, Jan Pawe\u0142 II kanonizowa\u0142 B\u0142ogos\u0142awionego Biskupa J\u00f3zefa Sebastiana Pelczara. W homilii powiedzia\u0142 wtedy:&nbsp;<b>\u201eDewiz\u0105 \u017cycia Biskupa Pelczara by\u0142o zawo\u0142anie: \u201eWszystko dla Naj\u015bwi\u0119tszego Serca Jezusowego przez Niepokalane R\u0119ce Naj\u015bwi\u0119tszej Maryi Panny\u201d.<\/b>&nbsp;To ono kszta\u0142towa\u0142o jego duchow\u0105 sylwetk\u0119, kt\u00f3rej charakterystycznym rysem jest zawierzenie siebie, ca\u0142ego \u017cycia i pos\u0142ugi,&nbsp;<b>Chrystusowi przez Maryj\u0119.<\/b>&nbsp;Swoje oddanie Chrystusowi pojmowa\u0142 nade wszystko jako odpowied\u017a na Jego mi\u0142o\u015b\u0107, jak\u0105 zawar\u0142 i objawi\u0142 w sakramencie Eucharystii.\u201d<b><\/b><\/div>\n<div class=\"MsoNormal\" style=\"font-family: 'Times New Roman'; font-size: 14px; margin-bottom: 0px; margin-left: 0px; margin-right: 0px; margin-top: 0.4em; text-align: justify;\"><b>&nbsp;&nbsp;&nbsp;&nbsp;&nbsp;&nbsp;&nbsp;&nbsp;&nbsp;&nbsp;&nbsp;&nbsp;<\/b>Tyle Jan Pawe\u0142 II. A sam \u015awi\u0119ty Biskup J\u00f3zef Sebastian, w swoim dziele \u201e\u017bycie duchowne, czyli doskona\u0142o\u015b\u0107 chrze\u015bcija\u0144ska\u201d, tak pisa\u0142: \u201eJaka to chwa\u0142a, jakie szcz\u0119\u015bcie dla nas, i\u017c Pan B\u00f3g pozwala mi\u0142owa\u0107 siebie, i\u017c nas przypuszcza do s\u0142odkiej poufa\u0142o\u015bci z sob\u0105 i przyjaci\u00f3\u0142mi nawet swoimi nazywa. [\u2026] Je\u015bli chcesz pozna\u0107 ogrom tej mi\u0142o\u015bci,&nbsp;<b>rozwa\u017caj dzie\u0142a Bo\u017ce, spe\u0142nione dla cz\u0142owieka, a mianowicie trzy wieczne pomniki mi\u0142o\u015bci: \u017c\u0142\u00f3bek, krzy\u017c i o\u0142tarz.<\/b>&nbsp;Szczeg\u00f3lnie sta\u0144 pod krzy\u017cem i przypatrz si\u0119 mi\u0142o\u015bci Ukrzy\u017cowanego, przypatrz si\u0119 Ukrzy\u017cowanemu.&nbsp;<b>Sta\u0144 przed Przenaj\u015bwi\u0119tszym Sakramentem i rozwa\u017c to niezmierne wyniszczenie si\u0119 Boga utajonego,<\/b>&nbsp;t\u0119 ogromn\u0105 ofiar\u0119 z siebie, to ca\u0142kowite oddanie si\u0119 cz\u0142owiekowi z mi\u0142o\u015bci bez granic. Wniknij potem do Serca Jezusowego i przypatrz si\u0119 Jego mi\u0142o\u015bci.<\/div>\n<div class=\"MsoNormal\" style=\"font-family: 'Times New Roman'; font-size: 14px; margin-bottom: 0px; margin-left: 0px; margin-right: 0px; margin-top: 0.4em; text-align: justify; text-indent: 35.4pt;\">Zaprawd\u0119, \u017caden rozum nie zdo\u0142a poj\u0105\u0107, jak wielki p\u0142omie\u0144 trawi to Serce Najmi\u0142o\u015bciwsze. Gdyby Mu by\u0142o polecone&nbsp;<b>nie raz, ale tysi\u0105c razy za nas umrze\u0107,<\/b>&nbsp;albo za jednego cz\u0142owieka to samo wycierpie\u0107, co wycierpia\u0142 za wszystkich, mi\u0142o\u015b\u0107 Jego by\u0142aby t\u0119 \u015bmier\u0107 tysi\u0105ckrotn\u0105 ch\u0119tnie przyj\u0119\u0142a&nbsp;<b>i tyle cierpia\u0142a dla jednego, ile dla wszystkich.&nbsp;<\/b>Gdyby by\u0142o potrzebne, aby Pan zamiast trzech godzin a\u017c do s\u0105dnego dnia na krzy\u017cu wisia\u0142, mi\u0142o\u015b\u0107 Jego niewyczerpana i to by\u0142aby spe\u0142ni\u0142a. A wi\u0119c Jezus wi\u0119cej nas mi\u0142owa\u0142, ani\u017celi dla nas wycierpia\u0142.\u201d Tyle nasz Patron.<\/div>\n<div class=\"MsoNormal\" style=\"font-family: 'Times New Roman'; font-size: 14px; margin-bottom: 0px; margin-left: 0px; margin-right: 0px; margin-top: 0.4em; text-align: justify; text-indent: 35.4pt;\">&nbsp;A my,kiedy tak uwag\u0105 przygl\u0105damy si\u0119 bardzo pracowitemu \u017cyciu \u015awi\u0119tego Biskupa, to zauwa\u017camy, \u017ce ta jego&nbsp;<b>\u015bwietlana postawa jest dok\u0142adn\u0105 realizacj\u0105 wizji,<\/b>&nbsp;zawartej w pierwszym czytaniu Liturgii S\u0142owa, przeznaczonej przez Ko\u015bci\u00f3\u0142 na dzie\u0144 jego wspomnienia \u2013 z Proroctwa Izajasza. Oto bowiem rzeczywi\u015bcie nama\u015bci\u0142 go Duch Pana i pos\u0142a\u0142,&nbsp;<b><i>by g\u0142osi\u0107 dobr\u0105 nowin\u0119 ubogim, by opatrywa\u0107 razy serc z\u0142amanych, by zapowiada\u0107 wyzwolenie je\u0144com i wi\u0119\u017aniom swobod\u0119<\/i><\/b>&nbsp;\u2013 a nie zapominajmy chocia\u017cby i tego, \u017ce dzia\u0142a\u0142 on w okresie zabor\u00f3w;&nbsp;<i>aby obwieszcza\u0107 rok \u0142aski u Pana i dzie\u0144 pomsty naszego Boga, aby pociesza\u0107 wszystkich zasmuconych<\/i>\u2026 To przecie\u017c na tym dok\u0142adnie polega\u0142a pos\u0142uga Biskupa J\u00f3zefa Sebastiana.<\/div>\n<div class=\"MsoNormal\" style=\"font-family: 'Times New Roman'; font-size: 14px; margin-bottom: 0px; margin-left: 0px; margin-right: 0px; margin-top: 0.4em; text-align: justify; text-indent: 35.4pt;\">Pos\u0142uga, kt\u00f3r\u0105 \u2013 jak s\u0142yszeli\u015bmy \u2013 spe\u0142nia\u0142 z wielkim zaanga\u017cowaniem, z roztropno\u015bci\u0105,&nbsp;<b>a nade wszystko \u2013 z mi\u0142o\u015bci\u0105!<\/b>Mi\u0142o\u015bci\u0105, kt\u00f3r\u0105 \u017cy\u0142 i kt\u00f3rej piewc\u0105 sta\u0142 si\u0119 w swoim nauczaniu, realizuj\u0105c w ten spos\u00f3b nakaz Jezusa, zawarty w dzisiejszej Ewangelii:&nbsp;<b><i>Trwajcie w mi\u0142o\u015bci mojej. Je\u015bli b\u0119dziecie zachowywa\u0107 moje przykazania, b\u0119dziecie trwa\u0107 w mi\u0142o\u015bci mojej, tak jak Ja zachowa\u0142em przykazania Ojca mego i trwam w Jego mi\u0142o\u015bci<\/i>!<\/b><\/div>\n<div class=\"MsoNormal\" style=\"font-family: 'Times New Roman'; font-size: 14px; margin-bottom: 0px; margin-left: 0px; margin-right: 0px; margin-top: 0.4em; text-align: justify; text-indent: 35.4pt;\">Kochani, nam \u2013 tak bardzo zapracowanym i zap\u0119dzonym ludziom, \u017cyj\u0105cym w tych zwariowanych czasach \u2013 zawsze powinien przy\u015bwieca\u0107 przyk\u0142ad dzisiejszego Patrona.&nbsp;<b>Powinni\u015bmy go na\u015bladowa\u0107 w roztropno\u015bci i rozwadze, z jak\u0105 dzia\u0142a\u0142,<\/b>&nbsp;aby\u015bmy i my \u2013 podejmuj\u0105c si\u0119 realizacji tak wielu zada\u0144 \u2013&nbsp;<b>post\u0119powali m\u0105drze, zawsze dokonuj\u0105c w\u0142a\u015bciwych wybor\u00f3w i widz\u0105c jaki\u015b konkretny cel tego swego zapracowania.<\/b><\/div>\n<div class=\"MsoNormal\" style=\"font-family: 'Times New Roman'; font-size: 14px; margin-bottom: 0px; margin-left: 0px; margin-right: 0px; margin-top: 0.4em; text-align: justify; text-indent: 35.4pt;\">A z drugiej strony \u2013 aby\u015bmy&nbsp;<b>nie dali si\u0119 \u201ezap\u0119dzi\u0107\u201d, aby\u015bmy tchu nie stracili, aby\u015bmy nie stali si\u0119 \u201epracoholikami\u201d<\/b>\u2026 A ustrze\u017cemy si\u0119 tego niebezpiecze\u0144stwa, je\u017celi wszelkie nasze, nawet bardzo liczne dzia\u0142ania&nbsp;<b>motywowa\u0107 b\u0119dziemy mi\u0142o\u015bci\u0105 do Boga i do drugiego cz\u0142owieka,&nbsp;<\/b>dla kt\u00f3rego si\u0119 po\u015bwi\u0119camy i tak ci\u0119\u017cko pracujemy.<\/div>\n<div class=\"MsoNormal\" style=\"font-family: 'Times New Roman'; font-size: 14px; margin-bottom: 0px; margin-left: 0px; margin-right: 0px; margin-top: 0.4em; text-align: justify; text-indent: 35.4pt;\">\u015awi\u0119ty Biskup J\u00f3zef Sebastian swoim nauczaniem i postaw\u0105 \u017cycia przekonuje nas, \u017ce&nbsp;<b>z tej perspektywy wszystko wygl\u0105da inaczej i wszystko nabiera innego, nowego sensu.<\/b><\/div>\n<div class=\"MsoNormal\" style=\"font-family: 'Times New Roman'; font-size: 14px; margin-bottom: 0px; margin-left: 0px; margin-right: 0px; margin-top: 0.4em; text-align: justify; text-indent: 35.4pt;\">W tym kontek\u015bcie zechciejmy pomy\u015ble\u0107:<\/div>\n<ul style=\"font-family: 'Times New Roman'; font-size: 14px; margin-top: 0cm;\" type=\"disc\">\n<li class=\"MsoNormal\" style=\"text-align: justify;\">Czy podejmuj\u0105c codzienne zadania, jasno u\u015bwiadamiam sobie, po co i dla kogo to robi\u0119?<\/li>\n<li class=\"MsoNormal\" style=\"text-align: justify;\">Czy z powodu zap\u0119dzenia i przepracowania nie podejmuj\u0119 decyzji lub dzia\u0142a\u0144 nierozwa\u017cnych?<\/li>\n<li class=\"MsoNormal\" style=\"text-align: justify;\">Ile w moim przepe\u0142nionym po brzegi programie dnia jest czasu i miejsca dla Boga?<\/li>\n<\/ul>\n<div class=\"MsoNormal\" style=\"font-family: 'Times New Roman'; font-size: 14px; margin-bottom: 0px; margin-left: 0px; margin-right: 0px; margin-top: 0.4em; text-align: justify; text-indent: 18pt;\"><b><i>To jest moje przykazanie, aby\u015bcie si\u0119 wzajemnie mi\u0142owali, tak jak Ja was umi\u0142owa\u0142em<\/i><\/b><b>!<\/b><\/div>\n<div><b><br \/>\n<\/b><\/div>\n","protected":false},"excerpt":{"rendered":"<p>Szcz\u0119\u015b\u0107 Bo\u017ce! Zapraszam dzi\u015b do refleksji nad postaw\u0105 \u015awi\u0119tego, kt\u00f3ry mo\u017ce by\u0107 fantastycznym przyk\u0142adem dla nas, tak bardzo zapracowanych i zap\u0119dzonych ludzi. On nam pokazuje, \u017ce mo\u017cna du\u017co robi\u0107 &#8211; i g\u0142owy nie straci\u0107&#8230; I serca te\u017c&#8230; Zapraszam do refleksji &#8211; i do pisania opinii. Polecam Was Bogu w modlitwie!Przesy\u0142am dzi\u015b najserdeczniejsze&nbsp;\u017bYCZENIA IMIENINOWE MOIM DWOM [&hellip;]<\/p>\n","protected":false},"author":1,"featured_media":0,"comment_status":"open","ping_status":"open","sticky":false,"template":"","format":"standard","meta":{"jetpack_post_was_ever_published":false,"_jetpack_newsletter_access":"","_jetpack_dont_email_post_to_subs":false,"_jetpack_newsletter_tier_id":0,"_jetpack_memberships_contains_paywalled_content":false,"_jetpack_memberships_contains_paid_content":false,"footnotes":""},"categories":[1],"tags":[],"class_list":["post-9975","post","type-post","status-publish","format-standard","hentry","category-bez-kategorii"],"yoast_head":"<!-- This site is optimized with the Yoast SEO plugin v25.1 - https:\/\/yoast.com\/wordpress\/plugins\/seo\/ -->\n<title>O m\u0105drze pracowity Biskupie... - Gaudium Et Spes<\/title>\n<meta name=\"robots\" content=\"index, follow, max-snippet:-1, max-image-preview:large, max-video-preview:-1\" \/>\n<link rel=\"canonical\" href=\"https:\/\/gaudiumetspes-blog.pl\/index.php\/2011\/01\/20\/o-madrze-pracowity-biskupie\/\" \/>\n<meta property=\"og:locale\" content=\"pl_PL\" \/>\n<meta property=\"og:type\" content=\"article\" \/>\n<meta property=\"og:title\" content=\"O m\u0105drze pracowity Biskupie... - Gaudium Et Spes\" \/>\n<meta property=\"og:description\" content=\"Szcz\u0119\u015b\u0107 Bo\u017ce! Zapraszam dzi\u015b do refleksji nad postaw\u0105 \u015awi\u0119tego, kt\u00f3ry mo\u017ce by\u0107 fantastycznym przyk\u0142adem dla nas, tak bardzo zapracowanych i zap\u0119dzonych ludzi. On nam pokazuje, \u017ce mo\u017cna du\u017co robi\u0107 &#8211; i g\u0142owy nie straci\u0107&#8230; I serca te\u017c&#8230; Zapraszam do refleksji &#8211; i do pisania opinii. Polecam Was Bogu w modlitwie!Przesy\u0142am dzi\u015b najserdeczniejsze&nbsp;\u017bYCZENIA IMIENINOWE MOIM DWOM [&hellip;]\" \/>\n<meta property=\"og:url\" content=\"https:\/\/gaudiumetspes-blog.pl\/index.php\/2011\/01\/20\/o-madrze-pracowity-biskupie\/\" \/>\n<meta property=\"og:site_name\" content=\"Gaudium Et Spes\" \/>\n<meta property=\"article:published_time\" content=\"2011-01-20T01:44:00+00:00\" \/>\n<meta property=\"article:modified_time\" content=\"2019-07-31T10:52:01+00:00\" \/>\n<meta name=\"author\" content=\"Ks. Jacek\" \/>\n<meta name=\"twitter:card\" content=\"summary_large_image\" \/>\n<meta name=\"twitter:label1\" content=\"Napisane przez\" \/>\n\t<meta name=\"twitter:data1\" content=\"Ks. Jacek\" \/>\n\t<meta name=\"twitter:label2\" content=\"Szacowany czas czytania\" \/>\n\t<meta name=\"twitter:data2\" content=\"8 minut\" \/>\n<script type=\"application\/ld+json\" class=\"yoast-schema-graph\">{\"@context\":\"https:\/\/schema.org\",\"@graph\":[{\"@type\":\"WebPage\",\"@id\":\"https:\/\/gaudiumetspes-blog.pl\/index.php\/2011\/01\/20\/o-madrze-pracowity-biskupie\/\",\"url\":\"https:\/\/gaudiumetspes-blog.pl\/index.php\/2011\/01\/20\/o-madrze-pracowity-biskupie\/\",\"name\":\"O m\u0105drze pracowity Biskupie... - Gaudium Et Spes\",\"isPartOf\":{\"@id\":\"https:\/\/gaudiumetspes-blog.pl\/#website\"},\"datePublished\":\"2011-01-20T01:44:00+00:00\",\"dateModified\":\"2019-07-31T10:52:01+00:00\",\"author\":{\"@id\":\"https:\/\/gaudiumetspes-blog.pl\/#\/schema\/person\/1661982992b752dea8dff0d4ed845a65\"},\"breadcrumb\":{\"@id\":\"https:\/\/gaudiumetspes-blog.pl\/index.php\/2011\/01\/20\/o-madrze-pracowity-biskupie\/#breadcrumb\"},\"inLanguage\":\"pl-PL\",\"potentialAction\":[{\"@type\":\"ReadAction\",\"target\":[\"https:\/\/gaudiumetspes-blog.pl\/index.php\/2011\/01\/20\/o-madrze-pracowity-biskupie\/\"]}]},{\"@type\":\"BreadcrumbList\",\"@id\":\"https:\/\/gaudiumetspes-blog.pl\/index.php\/2011\/01\/20\/o-madrze-pracowity-biskupie\/#breadcrumb\",\"itemListElement\":[{\"@type\":\"ListItem\",\"position\":1,\"name\":\"Strona g\u0142\u00f3wna\",\"item\":\"https:\/\/gaudiumetspes-blog.pl\/\"},{\"@type\":\"ListItem\",\"position\":2,\"name\":\"O&nbsp;m\u0105drze pracowity Biskupie&#8230;\"}]},{\"@type\":\"WebSite\",\"@id\":\"https:\/\/gaudiumetspes-blog.pl\/#website\",\"url\":\"https:\/\/gaudiumetspes-blog.pl\/\",\"name\":\"Gaudium Et Spes\",\"description\":\"Blog Ks. Jacka Ja\u015bkowskiego\",\"potentialAction\":[{\"@type\":\"SearchAction\",\"target\":{\"@type\":\"EntryPoint\",\"urlTemplate\":\"https:\/\/gaudiumetspes-blog.pl\/?s={search_term_string}\"},\"query-input\":{\"@type\":\"PropertyValueSpecification\",\"valueRequired\":true,\"valueName\":\"search_term_string\"}}],\"inLanguage\":\"pl-PL\"},{\"@type\":\"Person\",\"@id\":\"https:\/\/gaudiumetspes-blog.pl\/#\/schema\/person\/1661982992b752dea8dff0d4ed845a65\",\"name\":\"Ks. Jacek\",\"image\":{\"@type\":\"ImageObject\",\"inLanguage\":\"pl-PL\",\"@id\":\"https:\/\/gaudiumetspes-blog.pl\/#\/schema\/person\/image\/\",\"url\":\"https:\/\/gaudiumetspes-blog.pl\/wp-content\/uploads\/2019\/07\/avatar-JJ-150x150.jpg\",\"contentUrl\":\"https:\/\/gaudiumetspes-blog.pl\/wp-content\/uploads\/2019\/07\/avatar-JJ-150x150.jpg\",\"caption\":\"Ks. Jacek\"},\"description\":\"Witam serdecznie! K\u0142ania si\u0119 Ks. Jacek Ja\u015bkowski. Nie jestem ani kim\u015b wa\u017cnym, ani kim\u015b znanym. Jestem ksi\u0119dzem, kt\u00f3ry po prostu chce rozmawia\u0107. Codzienna kap\u0142a\u0144ska pos\u0142uga pokazuje mi, \u017ce temat\u00f3w do rozm\u00f3w z ksi\u0119dzem jest coraz wi\u0119cej i dzisiaj \u017caden ksi\u0105dz nie mo\u017ce od nich ucieka\u0107, ale - wprost przeciwnie - podejmowa\u0107 nowe wyzwania. To przekonanie sk\u0142oni\u0142o mnie do pr\u00f3by otwarcia tego\u017c bloga, chocia\u017c okazji do rozm\u00f3w na co dzie\u0144 - w konfesjonale i poza nim - na szcz\u0119\u015bcie nie brakuje. My\u015bl\u0119 jednak, \u017ce ten blog b\u0119dzie jeszcze jednym sposobem i przestrzeni\u0105 nawi\u0105zania kontaktu z lud\u017ami dobrej woli, otwartymi na dialog.\",\"url\":\"https:\/\/gaudiumetspes-blog.pl\/index.php\/author\/ks-jacek\/\"}]}<\/script>\n<!-- \/ Yoast SEO plugin. -->","yoast_head_json":{"title":"O m\u0105drze pracowity Biskupie... - Gaudium Et Spes","robots":{"index":"index","follow":"follow","max-snippet":"max-snippet:-1","max-image-preview":"max-image-preview:large","max-video-preview":"max-video-preview:-1"},"canonical":"https:\/\/gaudiumetspes-blog.pl\/index.php\/2011\/01\/20\/o-madrze-pracowity-biskupie\/","og_locale":"pl_PL","og_type":"article","og_title":"O m\u0105drze pracowity Biskupie... - Gaudium Et Spes","og_description":"Szcz\u0119\u015b\u0107 Bo\u017ce! Zapraszam dzi\u015b do refleksji nad postaw\u0105 \u015awi\u0119tego, kt\u00f3ry mo\u017ce by\u0107 fantastycznym przyk\u0142adem dla nas, tak bardzo zapracowanych i zap\u0119dzonych ludzi. On nam pokazuje, \u017ce mo\u017cna du\u017co robi\u0107 &#8211; i g\u0142owy nie straci\u0107&#8230; I serca te\u017c&#8230; Zapraszam do refleksji &#8211; i do pisania opinii. Polecam Was Bogu w modlitwie!Przesy\u0142am dzi\u015b najserdeczniejsze&nbsp;\u017bYCZENIA IMIENINOWE MOIM DWOM [&hellip;]","og_url":"https:\/\/gaudiumetspes-blog.pl\/index.php\/2011\/01\/20\/o-madrze-pracowity-biskupie\/","og_site_name":"Gaudium Et Spes","article_published_time":"2011-01-20T01:44:00+00:00","article_modified_time":"2019-07-31T10:52:01+00:00","author":"Ks. Jacek","twitter_card":"summary_large_image","twitter_misc":{"Napisane przez":"Ks. Jacek","Szacowany czas czytania":"8 minut"},"schema":{"@context":"https:\/\/schema.org","@graph":[{"@type":"WebPage","@id":"https:\/\/gaudiumetspes-blog.pl\/index.php\/2011\/01\/20\/o-madrze-pracowity-biskupie\/","url":"https:\/\/gaudiumetspes-blog.pl\/index.php\/2011\/01\/20\/o-madrze-pracowity-biskupie\/","name":"O m\u0105drze pracowity Biskupie... - Gaudium Et Spes","isPartOf":{"@id":"https:\/\/gaudiumetspes-blog.pl\/#website"},"datePublished":"2011-01-20T01:44:00+00:00","dateModified":"2019-07-31T10:52:01+00:00","author":{"@id":"https:\/\/gaudiumetspes-blog.pl\/#\/schema\/person\/1661982992b752dea8dff0d4ed845a65"},"breadcrumb":{"@id":"https:\/\/gaudiumetspes-blog.pl\/index.php\/2011\/01\/20\/o-madrze-pracowity-biskupie\/#breadcrumb"},"inLanguage":"pl-PL","potentialAction":[{"@type":"ReadAction","target":["https:\/\/gaudiumetspes-blog.pl\/index.php\/2011\/01\/20\/o-madrze-pracowity-biskupie\/"]}]},{"@type":"BreadcrumbList","@id":"https:\/\/gaudiumetspes-blog.pl\/index.php\/2011\/01\/20\/o-madrze-pracowity-biskupie\/#breadcrumb","itemListElement":[{"@type":"ListItem","position":1,"name":"Strona g\u0142\u00f3wna","item":"https:\/\/gaudiumetspes-blog.pl\/"},{"@type":"ListItem","position":2,"name":"O&nbsp;m\u0105drze pracowity Biskupie&#8230;"}]},{"@type":"WebSite","@id":"https:\/\/gaudiumetspes-blog.pl\/#website","url":"https:\/\/gaudiumetspes-blog.pl\/","name":"Gaudium Et Spes","description":"Blog Ks. Jacka Ja\u015bkowskiego","potentialAction":[{"@type":"SearchAction","target":{"@type":"EntryPoint","urlTemplate":"https:\/\/gaudiumetspes-blog.pl\/?s={search_term_string}"},"query-input":{"@type":"PropertyValueSpecification","valueRequired":true,"valueName":"search_term_string"}}],"inLanguage":"pl-PL"},{"@type":"Person","@id":"https:\/\/gaudiumetspes-blog.pl\/#\/schema\/person\/1661982992b752dea8dff0d4ed845a65","name":"Ks. Jacek","image":{"@type":"ImageObject","inLanguage":"pl-PL","@id":"https:\/\/gaudiumetspes-blog.pl\/#\/schema\/person\/image\/","url":"https:\/\/gaudiumetspes-blog.pl\/wp-content\/uploads\/2019\/07\/avatar-JJ-150x150.jpg","contentUrl":"https:\/\/gaudiumetspes-blog.pl\/wp-content\/uploads\/2019\/07\/avatar-JJ-150x150.jpg","caption":"Ks. Jacek"},"description":"Witam serdecznie! K\u0142ania si\u0119 Ks. Jacek Ja\u015bkowski. Nie jestem ani kim\u015b wa\u017cnym, ani kim\u015b znanym. Jestem ksi\u0119dzem, kt\u00f3ry po prostu chce rozmawia\u0107. Codzienna kap\u0142a\u0144ska pos\u0142uga pokazuje mi, \u017ce temat\u00f3w do rozm\u00f3w z ksi\u0119dzem jest coraz wi\u0119cej i dzisiaj \u017caden ksi\u0105dz nie mo\u017ce od nich ucieka\u0107, ale - wprost przeciwnie - podejmowa\u0107 nowe wyzwania. To przekonanie sk\u0142oni\u0142o mnie do pr\u00f3by otwarcia tego\u017c bloga, chocia\u017c okazji do rozm\u00f3w na co dzie\u0144 - w konfesjonale i poza nim - na szcz\u0119\u015bcie nie brakuje. My\u015bl\u0119 jednak, \u017ce ten blog b\u0119dzie jeszcze jednym sposobem i przestrzeni\u0105 nawi\u0105zania kontaktu z lud\u017ami dobrej woli, otwartymi na dialog.","url":"https:\/\/gaudiumetspes-blog.pl\/index.php\/author\/ks-jacek\/"}]}},"jetpack_featured_media_url":"","jetpack_sharing_enabled":true,"_links":{"self":[{"href":"https:\/\/gaudiumetspes-blog.pl\/index.php\/wp-json\/wp\/v2\/posts\/9975","targetHints":{"allow":["GET"]}}],"collection":[{"href":"https:\/\/gaudiumetspes-blog.pl\/index.php\/wp-json\/wp\/v2\/posts"}],"about":[{"href":"https:\/\/gaudiumetspes-blog.pl\/index.php\/wp-json\/wp\/v2\/types\/post"}],"author":[{"embeddable":true,"href":"https:\/\/gaudiumetspes-blog.pl\/index.php\/wp-json\/wp\/v2\/users\/1"}],"replies":[{"embeddable":true,"href":"https:\/\/gaudiumetspes-blog.pl\/index.php\/wp-json\/wp\/v2\/comments?post=9975"}],"version-history":[{"count":1,"href":"https:\/\/gaudiumetspes-blog.pl\/index.php\/wp-json\/wp\/v2\/posts\/9975\/revisions"}],"predecessor-version":[{"id":10108,"href":"https:\/\/gaudiumetspes-blog.pl\/index.php\/wp-json\/wp\/v2\/posts\/9975\/revisions\/10108"}],"wp:attachment":[{"href":"https:\/\/gaudiumetspes-blog.pl\/index.php\/wp-json\/wp\/v2\/media?parent=9975"}],"wp:term":[{"taxonomy":"category","embeddable":true,"href":"https:\/\/gaudiumetspes-blog.pl\/index.php\/wp-json\/wp\/v2\/categories?post=9975"},{"taxonomy":"post_tag","embeddable":true,"href":"https:\/\/gaudiumetspes-blog.pl\/index.php\/wp-json\/wp\/v2\/tags?post=9975"}],"curies":[{"name":"wp","href":"https:\/\/api.w.org\/{rel}","templated":true}]}}