{"id":9976,"date":"2011-01-19T02:43:00","date_gmt":"2011-01-19T01:43:00","guid":{"rendered":"https:\/\/gaudiumetspes-blog.pl\/index.php\/2011\/01\/19\/syn-czowieczy-jest-panem-szabatu\/"},"modified":"2019-07-31T12:52:01","modified_gmt":"2019-07-31T10:52:01","slug":"syn-czowieczy-jest-panem-szabatu","status":"publish","type":"post","link":"https:\/\/gaudiumetspes-blog.pl\/index.php\/2011\/01\/19\/syn-czowieczy-jest-panem-szabatu\/","title":{"rendered":"Syn Cz\u0142owieczy jest panem szabatu!"},"content":{"rendered":"<p>Witam i zapraszam dzi\u015b do refleksji nad tematem, kt\u00f3ry wydaje si\u0119 wa\u017cny szczeg\u00f3lnie w kontek\u015bcie zbli\u017caj\u0105cej si\u0119 beatyfikacji Jana Paw\u0142a II.<br style=\"font-family: 'Times New Roman';\" \/>&nbsp;&nbsp;&nbsp;&nbsp;&nbsp;&nbsp;&nbsp;&nbsp;&nbsp;&nbsp;&nbsp;&nbsp;&nbsp;&nbsp;&nbsp;&nbsp;&nbsp;&nbsp;&nbsp;&nbsp; Gaudium et spes!&nbsp; Ks. Jacek<\/p>\n<div class=\"MsoNormal\" style=\"font-family: 'Times New Roman'; font-size: 14px; margin-bottom: 0px; margin-left: 0px; margin-right: 0px; margin-top: 0.4em; text-align: justify;\"><b>Wtorek 2 tygodnia zwyk\u0142ego, rok I,<\/b><\/div>\n<div class=\"MsoNormal\" style=\"font-family: 'Times New Roman'; font-size: 14px; margin-bottom: 0px; margin-left: 0px; margin-right: 0px; margin-top: 0.4em; text-align: justify;\"><b>do czyta\u0144:&nbsp;&nbsp;Hbr 6,10\u201320;&nbsp;&nbsp;Mk 2,23\u201328<\/b><\/div>\n<div class=\"MsoNormal\" style=\"font-family: 'Times New Roman'; font-size: 14px; margin-bottom: 0px; margin-left: 0px; margin-right: 0px; margin-top: 0.4em; text-align: justify; text-indent: 35.4pt;\"><b>Czemu oni robi\u0105 w szabat to, czego nie wolno?<\/b>&nbsp;\u2013 zapytali Jezusa faryzeusze, widz\u0105c, jak Jego uczniowie, id\u0105c w\u0142a\u015bnie w szabat w\u015br\u00f3d zb\u00f3\u017c, wy\u0142uskiwali ziarna i jedli.&nbsp;<b>Oto bowiem w szabat nie wolno by\u0142o kosi\u0107 zbo\u017ca, m\u0142\u00f3ci\u0107 go i oczyszcza\u0107 z plew.<\/b>&nbsp;Zdaniem przewrotnych faryzeuszy, uczniowie w tym momencie wszystkie te trzy prace wykonywali.<\/div>\n<div class=\"MsoNormal\" style=\"font-family: 'Times New Roman'; font-size: 14px; margin-bottom: 0px; margin-left: 0px; margin-right: 0px; margin-top: 0.4em; text-align: justify; text-indent: 35.4pt;\">Naturalnie, ju\u017c na pierwszy rzut oka wida\u0107 w ich zachowaniu nie tylko nawet charakterystyczn\u0105 dla nich drobiazgowo\u015b\u0107 w trzymaniu si\u0119 litery prawa,&nbsp;<b>ale wr\u0119cz przewrotno\u015b\u0107 i podst\u0119p!<\/b>&nbsp;<b>Ju\u017c nie m\u00f3wi\u0105c o grubej przesadzie!&nbsp;<\/b>Bo przecie\u017c wyra\u017anie wida\u0107, \u017ce w tym momencie wcale nie chodzi\u0142o im o uszanowanie szabatu, jako instytucji ustanowionej przez Boga, czy uszanowanie samego Boga. Im wyra\u017anie chodzi\u0142o o to,<b>aby zrobi\u0107 na z\u0142o\u015b\u0107 Jezusowi,<\/b>&nbsp;aby wykaza\u0107, \u017ce Jego uczniowie nie szanuj\u0105 szabatu, a tym samym \u2013&nbsp;<b>\u017ce i Jezus post\u0119puje niew\u0142a\u015bciwie, pozwalaj\u0105c im na to.<\/b>&nbsp;Zatem, pod pozorem pobo\u017cno\u015bci i wierno\u015bci w przestrzeganiu Bo\u017cego Prawa, przewrotni faryzeusze po raz kolejny chcieli<b>przy\u0142apa\u0107 Jezusa na jakim\u015b s\u0142owie lub czynie,&nbsp;<\/b>aby potem mie\u0107 o co Go oskar\u017cy\u0107.<\/div>\n<div class=\"MsoNormal\" style=\"font-family: 'Times New Roman'; font-size: 14px; margin-bottom: 0px; margin-left: 0px; margin-right: 0px; margin-top: 0.4em; text-align: justify; text-indent: 35.4pt;\">Odpowied\u017a Jezusa naprowadza ich \u2013 o ile dali si\u0119 naprowadzi\u0107 \u2013 i nas wszystkich na w\u0142a\u015bciwe tory my\u015blenia.&nbsp;<b><i>To szabat zosta\u0142 ustanowiony dla cz\u0142owieka, a nie cz\u0142owiek dla szabatu<\/i><\/b>. Bardzo jasne i \u2013 wydaje si\u0119 \u2013 oczywiste stwierdzenie! To szabat dla cz\u0142owieka\u2026 Bogu, kt\u00f3ry ustanowi\u0142 szabat, podobnie jak&nbsp;<b>ustanowi\u0142 ca\u0142e swoje \u015bwi\u0119te Prawo&nbsp;<\/b>i wpisa\u0142 je w natur\u0119 cz\u0142owieka, lub te\u017c \u2013 gdy idzie o prawo rytualne, kultowe \u2013 nakaza\u0142 cz\u0142owiekowi jego przestrzeganie, uczyni\u0142 to po to,&nbsp;<b>aby pom\u00f3c cz\u0142owiekowi na drodze do doskona\u0142o\u015bci, do \u015bwi\u0119to\u015bci.<\/b><\/div>\n<div class=\"MsoNormal\" style=\"font-family: 'Times New Roman'; font-size: 14px; margin-bottom: 0px; margin-left: 0px; margin-right: 0px; margin-top: 0.4em; text-align: justify; text-indent: 35.4pt;\">Przecie\u017c B\u00f3g m\u00f3g\u0142 w og\u00f3le nie dawa\u0107 \u017cadnego prawa i powiedzie\u0107: \u201eRad\u017acie sobie! Jak wam si\u0119 uda, to b\u0119dziecie zbawieni, a jak nie \u2013 to trudno!\u201d&nbsp;<b>B\u00f3g jednak w takiej sytuacji nie zostawi\u0142 cz\u0142owieka, ale da\u0142 mu Prawo,<\/b>&nbsp;aby mu pomog\u0142o na drodze do zbawienia. I w\u015br\u00f3d przepis\u00f3w tego\u017c Prawa znalaz\u0142 si\u0119 r\u00f3wnie\u017c przepis dotycz\u0105cy&nbsp;<b>\u015bwi\u0119towania szabatu<\/b>jako dnia odpoczynku Boga po dziele stwarzania \u015bwiata i jednocze\u015bnie dnia, kiedy&nbsp;<b>cz\u0142owiek ma si\u0119 zatrzyma\u0107 w biegu,<\/b>&nbsp;w tych swoich rozlicznych zaj\u0119ciach, kt\u00f3re podejmuje \u2013&nbsp;<b>i o Bogu pomy\u015ble\u0107, do Niego si\u0119 zwr\u00f3ci\u0107, podzi\u0119kowa\u0107 Mu, przeprosi\u0107, uwielbi\u0107<\/b>\u2026 U\u015bwiadomi\u0107 sobie od nowa, \u017ce wszystko, co robi \u2013 robi&nbsp;<b>dla Boga i ze wzgl\u0119du na Boga.<\/b><\/div>\n<div class=\"MsoNormal\" style=\"font-family: 'Times New Roman'; font-size: 14px; margin-bottom: 0px; margin-left: 0px; margin-right: 0px; margin-top: 0.4em; text-align: justify; text-indent: 35.4pt;\">Jednak je\u017celi w dzie\u0144 szabatu zdarzy si\u0119 sytuacja jakiegokolwiek zagro\u017cenia dla cz\u0142owieka czy nawet znajdzie si\u0119 on w sytuacji obiektywnie trudnej \u2013 winien tej sytuacji zaradzi\u0107! Bo wcale&nbsp;<b>nie jest intencj\u0105 Boga po\u015bwi\u0119ci\u0107 cz\u0142owieka i jego dobro dla jakiegokolwiek przepisu!&nbsp;<\/b>To w\u0142a\u015bnie \u00f3w przepis ma s\u0142u\u017cy\u0107 cz\u0142owiekowi, jego dobru, jego rozwojowi duchowemu, nie ma natomiast cz\u0142owieka niszczy\u0107, umniejsza\u0107, poni\u017ca\u0107, gn\u0119bi\u0107\u2026<\/div>\n<div class=\"MsoNormal\" style=\"font-family: 'Times New Roman'; font-size: 14px; margin-bottom: 0px; margin-left: 0px; margin-right: 0px; margin-top: 0.4em; text-align: justify; text-indent: 35.4pt;\">Co ciekawe, przewrotni faryzeusze&nbsp;<b>dobrze to wszystko rozumieli,<\/b>bo sami wypracowali doskona\u0142e metody wszelakiego obchodzenia przepis\u00f3w Prawa i perfekcyjnego udawania, \u017ce je przestrzegaj\u0105. Natomiast ludzi \u2013 prostych i gubi\u0105cych si\u0119 w stworzonych przez nich samych zawi\u0142o\u015bciach interpretacyjnych \u2013&nbsp;<b>trzymali w niepewno\u015bci, w poczuciu strachu i winy,<\/b>&nbsp;co te\u017c pozwala\u0142o im wywiera\u0107 wp\u0142yw na ludzi i szanta\u017cowa\u0107 ich w ten spos\u00f3b.<\/div>\n<div class=\"MsoNormal\" style=\"font-family: 'Times New Roman'; font-size: 14px; margin-bottom: 0px; margin-left: 0px; margin-right: 0px; margin-top: 0.4em; text-align: justify; text-indent: 35.4pt;\">Jezus \u2013 to oczywiste \u2013 nie da\u0142 si\u0119 zaskoczy\u0107 ich intrygami i swoim uczniom, jak i nam wszystkim, pokaza\u0142 w\u0142a\u015bciwy kierunek my\u015blenia i dzia\u0142ania.&nbsp;<b><i>To szabat zosta\u0142 ustanowiony dla cz\u0142owieka, a nie cz\u0142owiek dla szabatu<\/i><\/b>.&nbsp;<b><i>Zatem, Syn Cz\u0142owieczy jest Panem szabatu<\/i><\/b>. To ostatnie zdanie jasno u\u015bwiadamia nam, \u017ce Jezus wskazuje na siebie jako na&nbsp;<b>Tego, kt\u00f3ry ma prawdziw\u0105 w\u0142adz\u0119 nad przepisami Prawa Bo\u017cego,<\/b>&nbsp;kt\u00f3ry mo\u017ce je autentycznie interpretowa\u0107, a nawet zmienia\u0107!&nbsp;<b>A zatem \u2013 jest Bogiem!<\/b>&nbsp;I dlatego&nbsp;<b>tylko Jego interpretacja przepis\u00f3w Prawa jest jedyna, autentyczna i w\u0142a\u015bciwa.<\/b>&nbsp;Jego interpretacja \u2013 maj\u0105ca na celu ina uwadze prawdziwe dobro cz\u0142owieka, jego wszechstronny rozw\u00f3j, jego wieczne zbawienie.<\/div>\n<div class=\"MsoNormal\" style=\"font-family: 'Times New Roman'; font-size: 14px; margin-bottom: 0px; margin-left: 0px; margin-right: 0px; margin-top: 0.4em; text-align: justify; text-indent: 35.4pt;\">I tylko On, Jezus, daje&nbsp;<b>niewzruszon\u0105 nadziej\u0119 tego\u017c zbawienia,<\/b>b\u0119d\u0105c \u2013 jak obrazowo m\u00f3wi dzi\u015b Autor Listu do Hebrajczyk\u00f3w w pierwszym czytaniu \u2013 ow\u0105&nbsp;<b>kotwic\u0105, zarzucon\u0105 za zas\u0142on\u0119.<\/b>&nbsp;A wspomniana zas\u0142ona symbolizuje miejsce naj\u015bwi\u0119tsze w \u015bwi\u0105tyni jerozolimskiej \u2013 miejsce, gdzie najwy\u017cszy kap\u0142an wchodzi\u0142 tylko raz do roku, aby uzyska\u0107 dla ludzi pojednanie. Kotwica, zarzucona za zas\u0142on\u0119 \u2013 to nadzieja mocno oparta na Bogu.&nbsp;<b>Tej kotwicy trzeba nam si\u0119 uchwyci\u0107 i mocno trzyma\u0107!<\/b>&nbsp;Co to znaczy?<\/div>\n<div class=\"MsoNormal\" style=\"font-family: 'Times New Roman'; font-size: 14px; margin-bottom: 0px; margin-left: 0px; margin-right: 0px; margin-top: 0.4em; text-align: justify; text-indent: 35.4pt;\">A mo\u017ce to w\u0142a\u015bnie, i\u017c dzisiaj, kiedy jeste\u015bmy \u015bwiadkami tylu przer\u00f3\u017cnych&nbsp;<b>rozbie\u017cno\u015bci w postrzeganiu i ocenianiu sytuacji spo\u0142ecznej, politycznej, historycznej<\/b>&nbsp;\u2013 i to rozbie\u017cno\u015bci, kt\u00f3re prezentuj\u0105 w swych prywatnych wypowiedziach nawet osoby duchowne, w tym tak\u017ce biskupi \u2013 trzeba, aby\u015bmy w interpretowaniu Prawa Bo\u017cego i jego odnoszeniu do konkretnych \u017cyciowych sytuacji&nbsp;<b>si\u0119gali do \u017ar\u00f3de\u0142, a wi\u0119c do Pisma \u015awi\u0119tego i jego autentycznej interpretacji, zawartej w nauczaniu Ojca \u015awi\u0119tego i oficjalnym nauczaniu Ko\u015bcio\u0142a.<\/b><\/div>\n<div class=\"MsoNormal\" style=\"font-family: 'Times New Roman'; font-size: 14px; margin-bottom: 0px; margin-left: 0px; margin-right: 0px; margin-top: 0.4em; text-align: justify; text-indent: 35.4pt;\">To tu w\u0142a\u015bnie, Kochani, jest miejsce na lektur\u0119 papieskich encyklik, dokument\u00f3w soborowych czy synodalnych, to tu jest miejsce&nbsp;<b>na poznawanie tak bogatego nauczania Ojca \u015awi\u0119tego Benedykta XVI, przebogatego nauczania Jana Paw\u0142a II&nbsp;<\/b>\u2013 szczeg\u00f3lnie w kontek\u015bcie Jego beatyfikacji \u2013 czy innych Papie\u017cy! To poprzez oficjalne nauczanie Papie\u017cy oraz nauczanie Pasterzy, b\u0119d\u0105cych w jedno\u015bci z Papie\u017cem \u2013&nbsp;<b>sam Chrystus naucza, sam Chrystus interpretuje Prawo Bo\u017ce i wskazuje praktyczne sposoby jego realizacji<\/b>&nbsp;w konkretnych realiach \u017cycia! I sam Chrystus staje si\u0119&nbsp;<b>mocn\u0105 i niezawodn\u0105 nadziej\u0105,<\/b>&nbsp;\u017ce w tym dzisiejszym zwariowanym \u015bwiecie nie pob\u0142\u0105dzimy, ale i\u015b\u0107 b\u0119dziemy prost\u0105 drog\u0105 do zbawienia.<\/div>\n<div class=\"MsoNormal\" style=\"font-family: 'Times New Roman'; font-size: 14px; margin-bottom: 0px; margin-left: 0px; margin-right: 0px; margin-top: 0.4em; text-align: justify; text-indent: 35.4pt;\">W tym kontek\u015bcie pomy\u015blmy:<\/div>\n<ul style=\"font-family: 'Times New Roman'; font-size: 14px; margin-top: 0cm;\" type=\"disc\">\n<li class=\"MsoNormal\" style=\"text-align: justify;\">Co ostatnio konkretnie czyta\u0142em z nauczania Benedykta XVI?<\/li>\n<li class=\"MsoNormal\" style=\"text-align: justify;\">Co ostatnio konkretnie czyta\u0142em z nauczania Jana Paw\u0142a II?<\/li>\n<li class=\"MsoNormal\" style=\"text-align: justify;\">Czy rozwi\u0105zania zawi\u0142ych kwestii moralnych szukam w Katechizmie Ko\u015bcio\u0142a Katolickiego i w papieskich encyklikach, czy w artyku\u0142ach prasowych?<\/li>\n<\/ul>\n<div class=\"MsoNormal\" style=\"font-family: 'Times New Roman'; font-size: 14px; margin-bottom: 0px; margin-left: 0px; margin-right: 0px; margin-top: 0.4em; text-align: justify; text-indent: 18pt;\"><b><i>Syn Cz\u0142owieczy jest panem szabatu<\/i><\/b><b>!<\/b><\/div>\n<div><b><br \/>\n<\/b><\/div>\n","protected":false},"excerpt":{"rendered":"<p>Witam i zapraszam dzi\u015b do refleksji nad tematem, kt\u00f3ry wydaje si\u0119 wa\u017cny szczeg\u00f3lnie w kontek\u015bcie zbli\u017caj\u0105cej si\u0119 beatyfikacji Jana Paw\u0142a II.&nbsp;&nbsp;&nbsp;&nbsp;&nbsp;&nbsp;&nbsp;&nbsp;&nbsp;&nbsp;&nbsp;&nbsp;&nbsp;&nbsp;&nbsp;&nbsp;&nbsp;&nbsp;&nbsp;&nbsp; Gaudium et spes!&nbsp; Ks. Jacek Wtorek 2 tygodnia zwyk\u0142ego, rok I, do czyta\u0144:&nbsp;&nbsp;Hbr 6,10\u201320;&nbsp;&nbsp;Mk 2,23\u201328 Czemu oni robi\u0105 w szabat to, czego nie wolno?&nbsp;\u2013 zapytali Jezusa faryzeusze, widz\u0105c, jak Jego uczniowie, id\u0105c w\u0142a\u015bnie w [&hellip;]<\/p>\n","protected":false},"author":1,"featured_media":0,"comment_status":"open","ping_status":"open","sticky":false,"template":"","format":"standard","meta":{"jetpack_post_was_ever_published":false,"_jetpack_newsletter_access":"","_jetpack_dont_email_post_to_subs":false,"_jetpack_newsletter_tier_id":0,"_jetpack_memberships_contains_paywalled_content":false,"_jetpack_memberships_contains_paid_content":false,"footnotes":""},"categories":[1],"tags":[],"class_list":["post-9976","post","type-post","status-publish","format-standard","hentry","category-bez-kategorii"],"yoast_head":"<!-- This site is optimized with the Yoast SEO plugin v25.1 - https:\/\/yoast.com\/wordpress\/plugins\/seo\/ -->\n<title>Syn Cz\u0142owieczy jest panem szabatu! - Gaudium Et Spes<\/title>\n<meta name=\"robots\" content=\"index, follow, max-snippet:-1, max-image-preview:large, max-video-preview:-1\" \/>\n<link rel=\"canonical\" href=\"https:\/\/gaudiumetspes-blog.pl\/index.php\/2011\/01\/19\/syn-czowieczy-jest-panem-szabatu\/\" \/>\n<meta property=\"og:locale\" content=\"pl_PL\" \/>\n<meta property=\"og:type\" content=\"article\" \/>\n<meta property=\"og:title\" content=\"Syn Cz\u0142owieczy jest panem szabatu! - Gaudium Et Spes\" \/>\n<meta property=\"og:description\" content=\"Witam i zapraszam dzi\u015b do refleksji nad tematem, kt\u00f3ry wydaje si\u0119 wa\u017cny szczeg\u00f3lnie w kontek\u015bcie zbli\u017caj\u0105cej si\u0119 beatyfikacji Jana Paw\u0142a II.&nbsp;&nbsp;&nbsp;&nbsp;&nbsp;&nbsp;&nbsp;&nbsp;&nbsp;&nbsp;&nbsp;&nbsp;&nbsp;&nbsp;&nbsp;&nbsp;&nbsp;&nbsp;&nbsp;&nbsp; Gaudium et spes!&nbsp; Ks. Jacek Wtorek 2 tygodnia zwyk\u0142ego, rok I, do czyta\u0144:&nbsp;&nbsp;Hbr 6,10\u201320;&nbsp;&nbsp;Mk 2,23\u201328 Czemu oni robi\u0105 w szabat to, czego nie wolno?&nbsp;\u2013 zapytali Jezusa faryzeusze, widz\u0105c, jak Jego uczniowie, id\u0105c w\u0142a\u015bnie w [&hellip;]\" \/>\n<meta property=\"og:url\" content=\"https:\/\/gaudiumetspes-blog.pl\/index.php\/2011\/01\/19\/syn-czowieczy-jest-panem-szabatu\/\" \/>\n<meta property=\"og:site_name\" content=\"Gaudium Et Spes\" \/>\n<meta property=\"article:published_time\" content=\"2011-01-19T01:43:00+00:00\" \/>\n<meta property=\"article:modified_time\" content=\"2019-07-31T10:52:01+00:00\" \/>\n<meta name=\"author\" content=\"Ks. Jacek\" \/>\n<meta name=\"twitter:card\" content=\"summary_large_image\" \/>\n<meta name=\"twitter:label1\" content=\"Napisane przez\" \/>\n\t<meta name=\"twitter:data1\" content=\"Ks. Jacek\" \/>\n\t<meta name=\"twitter:label2\" content=\"Szacowany czas czytania\" \/>\n\t<meta name=\"twitter:data2\" content=\"6 minut\" \/>\n<script type=\"application\/ld+json\" class=\"yoast-schema-graph\">{\"@context\":\"https:\/\/schema.org\",\"@graph\":[{\"@type\":\"WebPage\",\"@id\":\"https:\/\/gaudiumetspes-blog.pl\/index.php\/2011\/01\/19\/syn-czowieczy-jest-panem-szabatu\/\",\"url\":\"https:\/\/gaudiumetspes-blog.pl\/index.php\/2011\/01\/19\/syn-czowieczy-jest-panem-szabatu\/\",\"name\":\"Syn Cz\u0142owieczy jest panem szabatu! - Gaudium Et Spes\",\"isPartOf\":{\"@id\":\"https:\/\/gaudiumetspes-blog.pl\/#website\"},\"datePublished\":\"2011-01-19T01:43:00+00:00\",\"dateModified\":\"2019-07-31T10:52:01+00:00\",\"author\":{\"@id\":\"https:\/\/gaudiumetspes-blog.pl\/#\/schema\/person\/1661982992b752dea8dff0d4ed845a65\"},\"breadcrumb\":{\"@id\":\"https:\/\/gaudiumetspes-blog.pl\/index.php\/2011\/01\/19\/syn-czowieczy-jest-panem-szabatu\/#breadcrumb\"},\"inLanguage\":\"pl-PL\",\"potentialAction\":[{\"@type\":\"ReadAction\",\"target\":[\"https:\/\/gaudiumetspes-blog.pl\/index.php\/2011\/01\/19\/syn-czowieczy-jest-panem-szabatu\/\"]}]},{\"@type\":\"BreadcrumbList\",\"@id\":\"https:\/\/gaudiumetspes-blog.pl\/index.php\/2011\/01\/19\/syn-czowieczy-jest-panem-szabatu\/#breadcrumb\",\"itemListElement\":[{\"@type\":\"ListItem\",\"position\":1,\"name\":\"Strona g\u0142\u00f3wna\",\"item\":\"https:\/\/gaudiumetspes-blog.pl\/\"},{\"@type\":\"ListItem\",\"position\":2,\"name\":\"Syn Cz\u0142owieczy jest panem szabatu!\"}]},{\"@type\":\"WebSite\",\"@id\":\"https:\/\/gaudiumetspes-blog.pl\/#website\",\"url\":\"https:\/\/gaudiumetspes-blog.pl\/\",\"name\":\"Gaudium Et Spes\",\"description\":\"Blog Ks. Jacka Ja\u015bkowskiego\",\"potentialAction\":[{\"@type\":\"SearchAction\",\"target\":{\"@type\":\"EntryPoint\",\"urlTemplate\":\"https:\/\/gaudiumetspes-blog.pl\/?s={search_term_string}\"},\"query-input\":{\"@type\":\"PropertyValueSpecification\",\"valueRequired\":true,\"valueName\":\"search_term_string\"}}],\"inLanguage\":\"pl-PL\"},{\"@type\":\"Person\",\"@id\":\"https:\/\/gaudiumetspes-blog.pl\/#\/schema\/person\/1661982992b752dea8dff0d4ed845a65\",\"name\":\"Ks. Jacek\",\"image\":{\"@type\":\"ImageObject\",\"inLanguage\":\"pl-PL\",\"@id\":\"https:\/\/gaudiumetspes-blog.pl\/#\/schema\/person\/image\/\",\"url\":\"https:\/\/gaudiumetspes-blog.pl\/wp-content\/uploads\/2019\/07\/avatar-JJ-150x150.jpg\",\"contentUrl\":\"https:\/\/gaudiumetspes-blog.pl\/wp-content\/uploads\/2019\/07\/avatar-JJ-150x150.jpg\",\"caption\":\"Ks. Jacek\"},\"description\":\"Witam serdecznie! K\u0142ania si\u0119 Ks. Jacek Ja\u015bkowski. Nie jestem ani kim\u015b wa\u017cnym, ani kim\u015b znanym. Jestem ksi\u0119dzem, kt\u00f3ry po prostu chce rozmawia\u0107. Codzienna kap\u0142a\u0144ska pos\u0142uga pokazuje mi, \u017ce temat\u00f3w do rozm\u00f3w z ksi\u0119dzem jest coraz wi\u0119cej i dzisiaj \u017caden ksi\u0105dz nie mo\u017ce od nich ucieka\u0107, ale - wprost przeciwnie - podejmowa\u0107 nowe wyzwania. To przekonanie sk\u0142oni\u0142o mnie do pr\u00f3by otwarcia tego\u017c bloga, chocia\u017c okazji do rozm\u00f3w na co dzie\u0144 - w konfesjonale i poza nim - na szcz\u0119\u015bcie nie brakuje. My\u015bl\u0119 jednak, \u017ce ten blog b\u0119dzie jeszcze jednym sposobem i przestrzeni\u0105 nawi\u0105zania kontaktu z lud\u017ami dobrej woli, otwartymi na dialog.\",\"url\":\"https:\/\/gaudiumetspes-blog.pl\/index.php\/author\/ks-jacek\/\"}]}<\/script>\n<!-- \/ Yoast SEO plugin. -->","yoast_head_json":{"title":"Syn Cz\u0142owieczy jest panem szabatu! - Gaudium Et Spes","robots":{"index":"index","follow":"follow","max-snippet":"max-snippet:-1","max-image-preview":"max-image-preview:large","max-video-preview":"max-video-preview:-1"},"canonical":"https:\/\/gaudiumetspes-blog.pl\/index.php\/2011\/01\/19\/syn-czowieczy-jest-panem-szabatu\/","og_locale":"pl_PL","og_type":"article","og_title":"Syn Cz\u0142owieczy jest panem szabatu! - Gaudium Et Spes","og_description":"Witam i zapraszam dzi\u015b do refleksji nad tematem, kt\u00f3ry wydaje si\u0119 wa\u017cny szczeg\u00f3lnie w kontek\u015bcie zbli\u017caj\u0105cej si\u0119 beatyfikacji Jana Paw\u0142a II.&nbsp;&nbsp;&nbsp;&nbsp;&nbsp;&nbsp;&nbsp;&nbsp;&nbsp;&nbsp;&nbsp;&nbsp;&nbsp;&nbsp;&nbsp;&nbsp;&nbsp;&nbsp;&nbsp;&nbsp; Gaudium et spes!&nbsp; Ks. Jacek Wtorek 2 tygodnia zwyk\u0142ego, rok I, do czyta\u0144:&nbsp;&nbsp;Hbr 6,10\u201320;&nbsp;&nbsp;Mk 2,23\u201328 Czemu oni robi\u0105 w szabat to, czego nie wolno?&nbsp;\u2013 zapytali Jezusa faryzeusze, widz\u0105c, jak Jego uczniowie, id\u0105c w\u0142a\u015bnie w [&hellip;]","og_url":"https:\/\/gaudiumetspes-blog.pl\/index.php\/2011\/01\/19\/syn-czowieczy-jest-panem-szabatu\/","og_site_name":"Gaudium Et Spes","article_published_time":"2011-01-19T01:43:00+00:00","article_modified_time":"2019-07-31T10:52:01+00:00","author":"Ks. Jacek","twitter_card":"summary_large_image","twitter_misc":{"Napisane przez":"Ks. Jacek","Szacowany czas czytania":"6 minut"},"schema":{"@context":"https:\/\/schema.org","@graph":[{"@type":"WebPage","@id":"https:\/\/gaudiumetspes-blog.pl\/index.php\/2011\/01\/19\/syn-czowieczy-jest-panem-szabatu\/","url":"https:\/\/gaudiumetspes-blog.pl\/index.php\/2011\/01\/19\/syn-czowieczy-jest-panem-szabatu\/","name":"Syn Cz\u0142owieczy jest panem szabatu! - Gaudium Et Spes","isPartOf":{"@id":"https:\/\/gaudiumetspes-blog.pl\/#website"},"datePublished":"2011-01-19T01:43:00+00:00","dateModified":"2019-07-31T10:52:01+00:00","author":{"@id":"https:\/\/gaudiumetspes-blog.pl\/#\/schema\/person\/1661982992b752dea8dff0d4ed845a65"},"breadcrumb":{"@id":"https:\/\/gaudiumetspes-blog.pl\/index.php\/2011\/01\/19\/syn-czowieczy-jest-panem-szabatu\/#breadcrumb"},"inLanguage":"pl-PL","potentialAction":[{"@type":"ReadAction","target":["https:\/\/gaudiumetspes-blog.pl\/index.php\/2011\/01\/19\/syn-czowieczy-jest-panem-szabatu\/"]}]},{"@type":"BreadcrumbList","@id":"https:\/\/gaudiumetspes-blog.pl\/index.php\/2011\/01\/19\/syn-czowieczy-jest-panem-szabatu\/#breadcrumb","itemListElement":[{"@type":"ListItem","position":1,"name":"Strona g\u0142\u00f3wna","item":"https:\/\/gaudiumetspes-blog.pl\/"},{"@type":"ListItem","position":2,"name":"Syn Cz\u0142owieczy jest panem szabatu!"}]},{"@type":"WebSite","@id":"https:\/\/gaudiumetspes-blog.pl\/#website","url":"https:\/\/gaudiumetspes-blog.pl\/","name":"Gaudium Et Spes","description":"Blog Ks. Jacka Ja\u015bkowskiego","potentialAction":[{"@type":"SearchAction","target":{"@type":"EntryPoint","urlTemplate":"https:\/\/gaudiumetspes-blog.pl\/?s={search_term_string}"},"query-input":{"@type":"PropertyValueSpecification","valueRequired":true,"valueName":"search_term_string"}}],"inLanguage":"pl-PL"},{"@type":"Person","@id":"https:\/\/gaudiumetspes-blog.pl\/#\/schema\/person\/1661982992b752dea8dff0d4ed845a65","name":"Ks. Jacek","image":{"@type":"ImageObject","inLanguage":"pl-PL","@id":"https:\/\/gaudiumetspes-blog.pl\/#\/schema\/person\/image\/","url":"https:\/\/gaudiumetspes-blog.pl\/wp-content\/uploads\/2019\/07\/avatar-JJ-150x150.jpg","contentUrl":"https:\/\/gaudiumetspes-blog.pl\/wp-content\/uploads\/2019\/07\/avatar-JJ-150x150.jpg","caption":"Ks. Jacek"},"description":"Witam serdecznie! K\u0142ania si\u0119 Ks. Jacek Ja\u015bkowski. Nie jestem ani kim\u015b wa\u017cnym, ani kim\u015b znanym. Jestem ksi\u0119dzem, kt\u00f3ry po prostu chce rozmawia\u0107. Codzienna kap\u0142a\u0144ska pos\u0142uga pokazuje mi, \u017ce temat\u00f3w do rozm\u00f3w z ksi\u0119dzem jest coraz wi\u0119cej i dzisiaj \u017caden ksi\u0105dz nie mo\u017ce od nich ucieka\u0107, ale - wprost przeciwnie - podejmowa\u0107 nowe wyzwania. To przekonanie sk\u0142oni\u0142o mnie do pr\u00f3by otwarcia tego\u017c bloga, chocia\u017c okazji do rozm\u00f3w na co dzie\u0144 - w konfesjonale i poza nim - na szcz\u0119\u015bcie nie brakuje. My\u015bl\u0119 jednak, \u017ce ten blog b\u0119dzie jeszcze jednym sposobem i przestrzeni\u0105 nawi\u0105zania kontaktu z lud\u017ami dobrej woli, otwartymi na dialog.","url":"https:\/\/gaudiumetspes-blog.pl\/index.php\/author\/ks-jacek\/"}]}},"jetpack_featured_media_url":"","jetpack_sharing_enabled":true,"_links":{"self":[{"href":"https:\/\/gaudiumetspes-blog.pl\/index.php\/wp-json\/wp\/v2\/posts\/9976","targetHints":{"allow":["GET"]}}],"collection":[{"href":"https:\/\/gaudiumetspes-blog.pl\/index.php\/wp-json\/wp\/v2\/posts"}],"about":[{"href":"https:\/\/gaudiumetspes-blog.pl\/index.php\/wp-json\/wp\/v2\/types\/post"}],"author":[{"embeddable":true,"href":"https:\/\/gaudiumetspes-blog.pl\/index.php\/wp-json\/wp\/v2\/users\/1"}],"replies":[{"embeddable":true,"href":"https:\/\/gaudiumetspes-blog.pl\/index.php\/wp-json\/wp\/v2\/comments?post=9976"}],"version-history":[{"count":1,"href":"https:\/\/gaudiumetspes-blog.pl\/index.php\/wp-json\/wp\/v2\/posts\/9976\/revisions"}],"predecessor-version":[{"id":10107,"href":"https:\/\/gaudiumetspes-blog.pl\/index.php\/wp-json\/wp\/v2\/posts\/9976\/revisions\/10107"}],"wp:attachment":[{"href":"https:\/\/gaudiumetspes-blog.pl\/index.php\/wp-json\/wp\/v2\/media?parent=9976"}],"wp:term":[{"taxonomy":"category","embeddable":true,"href":"https:\/\/gaudiumetspes-blog.pl\/index.php\/wp-json\/wp\/v2\/categories?post=9976"},{"taxonomy":"post_tag","embeddable":true,"href":"https:\/\/gaudiumetspes-blog.pl\/index.php\/wp-json\/wp\/v2\/tags?post=9976"}],"curies":[{"name":"wp","href":"https:\/\/api.w.org\/{rel}","templated":true}]}}